{"id":256151,"date":"2022-01-25T17:52:31","date_gmt":"2022-01-25T16:52:31","guid":{"rendered":"https:\/\/www.radiopiu.net\/wordpress\/?p=256151"},"modified":"2022-01-26T05:05:40","modified_gmt":"2022-01-26T04:05:40","slug":"giovanni-chissale-il-tuo-ricordo-la-nostra-forza","status":"publish","type":"post","link":"https:\/\/www.radiopiu.net\/wordpress\/giovanni-chissale-il-tuo-ricordo-la-nostra-forza\/","title":{"rendered":"GIOVANNI CHISSALE&#8217; &#8220;IL TUO RICORDO, LA NOSTRA FORZA&#8221;"},"content":{"rendered":"<blockquote><p><strong>di GIANNI SANTOMASO<\/strong><\/p>\n<audio class=\"wp-audio-shortcode\" id=\"audio-256151-1\" preload=\"none\" style=\"width: 100%;\" controls=\"controls\"><source type=\"audio\/mpeg\" src=\"https:\/\/www.radiopiu.net\/wordpress\/wp-content\/uploads\/2022\/01\/gianni-chissale.mp3?_=1\" \/><a href=\"https:\/\/www.radiopiu.net\/wordpress\/wp-content\/uploads\/2022\/01\/gianni-chissale.mp3\">https:\/\/www.radiopiu.net\/wordpress\/wp-content\/uploads\/2022\/01\/gianni-chissale.mp3<\/a><\/audio>\n<p>&nbsp;<\/p>\n<p>&nbsp;<\/p><\/blockquote>\n<p><strong>AGORDO<\/strong> La redazione di Radio Pi\u00f9 si unisce al dolore della famiglia Chissal\u00e8 per la perdita dell&#8217;amato Giovanni (79 anni) , marito di Giovanna, pap\u00e0 del sindaco Roberto Chissal\u00e8, di Rosita, Sonia e Fulvio.\u00a0 I funerali si svolgeranno domani alle 14 nella chiesa Arcidiaconale di Agordo.<\/p>\n<p><img loading=\"lazy\" decoding=\"async\" class=\"\" src=\"https:\/\/www.radiopiu.net\/wordpress\/wp-content\/uploads\/2022\/01\/26c5d295-5e74-48da-9bab-a4a74662f183.jpg\" width=\"191\" height=\"164\" \/><\/p>\n<p>&nbsp;<\/p>\n<p>&nbsp;<\/p>\n<p>****<\/p>\n","protected":false},"excerpt":{"rendered":"<p>di GIANNI SANTOMASO &nbsp; &nbsp; AGORDO La redazione di Radio Pi\u00f9 si unisce al dolore della famiglia Chissal\u00e8 per la perdita dell&#8217;amato Giovanni (79 anni) , marito di Giovanna, pap\u00e0 del sindaco Roberto Chissal\u00e8, di Rosita, Sonia e Fulvio.\u00a0 I funerali si svolgeranno domani alle 14 nella chiesa Arcidiaconale di Agordo. &nbsp; &nbsp; ****<\/p>\n","protected":false},"author":4,"featured_media":256153,"comment_status":"closed","ping_status":"closed","sticky":false,"template":"","format":"standard","meta":{"_monsterinsights_skip_tracking":false,"_monsterinsights_sitenote_active":false,"_monsterinsights_sitenote_note":"","_monsterinsights_sitenote_category":0,"footnotes":""},"categories":[51,49],"tags":[],"class_list":["post-256151","post","type-post","status-publish","format-standard","has-post-thumbnail","hentry","category-evidenza-top","category-news-18","category-51","category-49","description-off"],"img_url":"https:\/\/www.radiopiu.net\/wordpress\/wp-content\/uploads\/2022\/01\/26c5d295-5e74-48da-9bab-a4a74662f183.jpg","_links":{"self":[{"href":"https:\/\/www.radiopiu.net\/wordpress\/wp-json\/wp\/v2\/posts\/256151","targetHints":{"allow":["GET"]}}],"collection":[{"href":"https:\/\/www.radiopiu.net\/wordpress\/wp-json\/wp\/v2\/posts"}],"about":[{"href":"https:\/\/www.radiopiu.net\/wordpress\/wp-json\/wp\/v2\/types\/post"}],"author":[{"embeddable":true,"href":"https:\/\/www.radiopiu.net\/wordpress\/wp-json\/wp\/v2\/users\/4"}],"replies":[{"embeddable":true,"href":"https:\/\/www.radiopiu.net\/wordpress\/wp-json\/wp\/v2\/comments?post=256151"}],"version-history":[{"count":0,"href":"https:\/\/www.radiopiu.net\/wordpress\/wp-json\/wp\/v2\/posts\/256151\/revisions"}],"wp:featuredmedia":[{"embeddable":true,"href":"https:\/\/www.radiopiu.net\/wordpress\/wp-json\/wp\/v2\/media\/256153"}],"wp:attachment":[{"href":"https:\/\/www.radiopiu.net\/wordpress\/wp-json\/wp\/v2\/media?parent=256151"}],"wp:term":[{"taxonomy":"category","embeddable":true,"href":"https:\/\/www.radiopiu.net\/wordpress\/wp-json\/wp\/v2\/categories?post=256151"},{"taxonomy":"post_tag","embeddable":true,"href":"https:\/\/www.radiopiu.net\/wordpress\/wp-json\/wp\/v2\/tags?post=256151"}],"curies":[{"name":"wp","href":"https:\/\/api.w.org\/{rel}","templated":true}]}}