{"id":256268,"date":"2022-01-26T14:56:25","date_gmt":"2022-01-26T13:56:25","guid":{"rendered":"https:\/\/www.radiopiu.net\/wordpress\/?p=256268"},"modified":"2022-01-26T14:56:25","modified_gmt":"2022-01-26T13:56:25","slug":"tempesta-vaia-chiusa-gestione-commissariale-subentra-la-regione-veneto","status":"publish","type":"post","link":"https:\/\/www.radiopiu.net\/wordpress\/tempesta-vaia-chiusa-gestione-commissariale-subentra-la-regione-veneto\/","title":{"rendered":"TEMPESTA VAIA. CHIUSA GESTIONE COMMISSARIALE, SUBENTRA LA\u00a0 REGIONE VENETO\u00a0"},"content":{"rendered":"<p><strong><img loading=\"lazy\" decoding=\"async\" class=\"alignleft\" src=\"https:\/\/www.radiopiu.net\/wordpress\/wp-content\/uploads\/2018\/11\/serrai-sottoguda-ph.moreno.geremetta.jpg\" width=\"244\" height=\"366\" \/>VENEZIA<\/strong> <em>\u201cSiamo soddisfatti e orgogliosi che la Protezione Civile Nazionale abbia riconosciuto il modello veneto adottato per affrontare i danni prodotti nel nostro territorio dalla tempesta Vaia. Continueremo il lavoro avviato tre anni fa, portato avanti lo scorso anno dal Commissario arch. Ugo Soragni, per completare nei tempi previsti le opere che garantiranno di rendere la nostra montagna ferita da Vaia ancora pi\u00f9 bella. La gestione ordinaria in capo alla Regione del Veneto sar\u00e0 imperniata su efficacia, efficienza e trasparenza nelle attivit\u00e0 grazie al lavoro di squadra realizzato dai dirigenti, tecnici e soggetti attuatori &#8211; che hanno collaborato a costruire un modello di efficienza unico\u201d. <\/em>Con queste parole il Presidente della Regione Luca Zaia annuncia i contenuti dell\u2019ordinanza del Capo di Dipartimento della Protezione Civile nella quale la Regione del Veneto, nella persona del Direttore della Direzione della Protezione Civile, \u00e8 stata individuata come amministrazione competente per la gestione ordinaria per la prosecuzione degli interventi per il superamento della crisi data dagli eccezionali eventi metereologici dell\u2019autunno 2018, meglio noti come effetti della tempesta Vaia. <em>\u201cSiamo soddisfatti inoltre che la Protezione Civile Nazionale abbia riconosciuto alla Regione Veneto di poter contare ancora sulla competenza dell\u2019arch. Ugo Soragni \u2013 sottolinea Zaia -. A lui va il mio ringraziamento per l\u2019attivit\u00e0 svolta da Commissario e la mia gratitudine per la disponibilit\u00e0 data a proseguire nel coordinamento, prestando la propria opera gratuitamente e con spirito di abnegazione. La sua presenza, insieme a quella di tutti i dirigenti, tecnici e ai soggetti attuatori che ringrazio ancora, garantir\u00e0 alla gestione ordinaria in capo alla Regione del Veneto maggiore efficacia, efficienza e trasparenza nella realizzazione di opere per poco meno di un miliardo di euro\u201d. <\/em>Alla data di conclusione della fase emergenziale, l\u20198 novembre 2021, l\u2019importo complessivo degli interventi di ricostruzione, ripristino e di aumento della risposta del territorio ad eventuali future calamit\u00e0 (resilienza), programmati e finanziati nell\u2019arco del triennio 2019-2021, assomma a 919.396.752 euro, dei quali 294.103.746 euro gi\u00e0 liquidati a seguito dell\u2019ultimazione dei lavori o dell\u2019emissione dei relativi stati di avanzamento, e 622.293.272 euro ancora da liquidare, a fronte tuttavia di obbligazioni contrattuali gi\u00e0 perfezionate. I residui ammontano a 1.019.994 di euro di economie, derivanti in prevalenza da ribassi d\u2019asta o da riduzioni dell\u2019entit\u00e0 dei lavori.<\/p>\n<p><strong><em>RELAZIONE A CONCLUSIONE DELLA GESTIONE COMMISSARIALE RELATIVA AL MALTEMPO 2018\u00a0 \u00a0 &#8211;\u00a0 7 PAGINE<\/em><\/strong><\/p>\n<a href=\"https:\/\/www.radiopiu.net\/wordpress\/wp-content\/uploads\/2022\/01\/193-2022-relazione-commissariale-Vaia2018-2021.pdf\" class=\"pdfemb-viewer\" style=\"\" data-width=\"max\" data-height=\"max\" data-toolbar=\"top\" data-toolbar-fixed=\"on\">193-2022 relazione commissariale Vaia2018-2021<\/a>\n","protected":false},"excerpt":{"rendered":"<p>VENEZIA \u201cSiamo soddisfatti e orgogliosi che la Protezione Civile Nazionale abbia riconosciuto il modello veneto adottato per affrontare i danni prodotti nel nostro territorio dalla tempesta Vaia. Continueremo il lavoro avviato tre anni fa, portato avanti lo scorso anno dal Commissario arch. Ugo Soragni, per completare nei tempi previsti le opere che garantiranno di rendere&hellip;<\/p>\n","protected":false},"author":4,"featured_media":80759,"comment_status":"closed","ping_status":"closed","sticky":false,"template":"","format":"standard","meta":{"_monsterinsights_skip_tracking":false,"_monsterinsights_sitenote_active":false,"_monsterinsights_sitenote_note":"","_monsterinsights_sitenote_category":0,"footnotes":""},"categories":[51,49],"tags":[],"class_list":["post-256268","post","type-post","status-publish","format-standard","has-post-thumbnail","hentry","category-evidenza-top","category-news-18","category-51","category-49","description-off"],"img_url":"https:\/\/www.radiopiu.net\/wordpress\/wp-content\/uploads\/2019\/03\/de-bernardin-sottoguda.jpeg","_links":{"self":[{"href":"https:\/\/www.radiopiu.net\/wordpress\/wp-json\/wp\/v2\/posts\/256268","targetHints":{"allow":["GET"]}}],"collection":[{"href":"https:\/\/www.radiopiu.net\/wordpress\/wp-json\/wp\/v2\/posts"}],"about":[{"href":"https:\/\/www.radiopiu.net\/wordpress\/wp-json\/wp\/v2\/types\/post"}],"author":[{"embeddable":true,"href":"https:\/\/www.radiopiu.net\/wordpress\/wp-json\/wp\/v2\/users\/4"}],"replies":[{"embeddable":true,"href":"https:\/\/www.radiopiu.net\/wordpress\/wp-json\/wp\/v2\/comments?post=256268"}],"version-history":[{"count":0,"href":"https:\/\/www.radiopiu.net\/wordpress\/wp-json\/wp\/v2\/posts\/256268\/revisions"}],"wp:featuredmedia":[{"embeddable":true,"href":"https:\/\/www.radiopiu.net\/wordpress\/wp-json\/wp\/v2\/media\/80759"}],"wp:attachment":[{"href":"https:\/\/www.radiopiu.net\/wordpress\/wp-json\/wp\/v2\/media?parent=256268"}],"wp:term":[{"taxonomy":"category","embeddable":true,"href":"https:\/\/www.radiopiu.net\/wordpress\/wp-json\/wp\/v2\/categories?post=256268"},{"taxonomy":"post_tag","embeddable":true,"href":"https:\/\/www.radiopiu.net\/wordpress\/wp-json\/wp\/v2\/tags?post=256268"}],"curies":[{"name":"wp","href":"https:\/\/api.w.org\/{rel}","templated":true}]}}