{"id":256373,"date":"2022-01-28T05:41:16","date_gmt":"2022-01-28T04:41:16","guid":{"rendered":"https:\/\/www.radiopiu.net\/wordpress\/?p=256373"},"modified":"2022-01-28T09:22:35","modified_gmt":"2022-01-28T08:22:35","slug":"giornale-radiopiu-28-gennaio-2022-direttore-mirko-mezzacasa","status":"publish","type":"post","link":"https:\/\/www.radiopiu.net\/wordpress\/giornale-radiopiu-28-gennaio-2022-direttore-mirko-mezzacasa\/","title":{"rendered":"GIORNALE RADIOPIU 28 GENNAIO 2022 DIRETTORE MIRKO MEZZACASA"},"content":{"rendered":"<h3 class=\"kvgmc6g5 cxmmr5t8 oygrvhab hcukyx3x c1et5uql\"><span style=\"color: #0000ff;\"><strong>\u00a0INFORMAZIONE il canale su TELEGRAM informazione di prima mano e in tempo reale. iscriviti ed aiutaci a farlo conoscere\u00a0\u00a0<\/strong><\/span><\/h3>\n<p>&nbsp;<\/p>\n<hr \/>\n<p>&nbsp;<\/p>\n<blockquote>\n<h3>ACQUA DI NUOVO POTABILE A TAIBON IN LOCALITA&#8217; COL DE CARRERA<\/h3>\n<\/blockquote>\n<p><strong><a href=\"https:\/\/www.radiopiu.net\/wordpress\/acqua-di-nuovo-potabile-a-gosaldo\/bicchiere-acqua\/\" rel=\"attachment wp-att-197762\"><img loading=\"lazy\" decoding=\"async\" class=\" wp-image-197762 alignleft\" src=\"https:\/\/www.radiopiu.net\/wordpress\/wp-content\/uploads\/2021\/03\/BICCHIERE-ACQUA-300x200.jpg\" alt=\"\" width=\"176\" height=\"117\" srcset=\"https:\/\/www.radiopiu.net\/wordpress\/wp-content\/uploads\/2021\/03\/BICCHIERE-ACQUA-300x200.jpg 300w, https:\/\/www.radiopiu.net\/wordpress\/wp-content\/uploads\/2021\/03\/BICCHIERE-ACQUA-1024x683.jpg 1024w, https:\/\/www.radiopiu.net\/wordpress\/wp-content\/uploads\/2021\/03\/BICCHIERE-ACQUA-768x512.jpg 768w, https:\/\/www.radiopiu.net\/wordpress\/wp-content\/uploads\/2021\/03\/BICCHIERE-ACQUA-1536x1024.jpg 1536w, https:\/\/www.radiopiu.net\/wordpress\/wp-content\/uploads\/2021\/03\/BICCHIERE-ACQUA.jpg 1920w\" sizes=\"auto, (max-width: 176px) 100vw, 176px\" \/><\/a> <\/strong><\/p>\n<p><strong>\u00a0<\/strong><\/p>\n<p><strong>TAIBON<\/strong> Gestione Servizi Pubblici informa che a TAIBON AGORDINO in localit\u00e0 COL DE CARRERA l&#8217;acqua erogata dall&#8217;acquedotto \u00e8 di nuovo potabile e pu\u00f2 essere usata, quindi, per scopi alimentari.<\/p>\n<p>&nbsp;<\/p>\n<p>&nbsp;<\/p>\n<p>&nbsp;<\/p>\n<hr \/>\n<p>&nbsp;<\/p>\n<blockquote>\n<h3><span style=\"color: #ff0000;\">LA CROCE VERDE VAL BIOIS COMUNICA I DISSERVIZI PER IL MESE DI GENNAIO 2022<\/span><\/h3>\n<\/blockquote>\n<p><strong><a href=\"https:\/\/www.radiopiu.net\/wordpress\/lassessore-gianpaolo-bottacin-ribatte-alle-accuse-del-presidente-della-croce-verde-val-biois-stefano-murer\/croce-verde-val-biois-2\/\" rel=\"attachment wp-att-153811\"><img loading=\"lazy\" decoding=\"async\" class=\" wp-image-153811 alignleft\" src=\"https:\/\/www.radiopiu.net\/wordpress\/wp-content\/uploads\/2020\/08\/CROCE-VERDE-VAL-BIOIS-300x225.jpg\" alt=\"\" width=\"224\" height=\"168\" srcset=\"https:\/\/www.radiopiu.net\/wordpress\/wp-content\/uploads\/2020\/08\/CROCE-VERDE-VAL-BIOIS-300x225.jpg 300w, https:\/\/www.radiopiu.net\/wordpress\/wp-content\/uploads\/2020\/08\/CROCE-VERDE-VAL-BIOIS-1024x768.jpg 1024w, https:\/\/www.radiopiu.net\/wordpress\/wp-content\/uploads\/2020\/08\/CROCE-VERDE-VAL-BIOIS-768x576.jpg 768w, https:\/\/www.radiopiu.net\/wordpress\/wp-content\/uploads\/2020\/08\/CROCE-VERDE-VAL-BIOIS-1536x1153.jpg 1536w, https:\/\/www.radiopiu.net\/wordpress\/wp-content\/uploads\/2020\/08\/CROCE-VERDE-VAL-BIOIS.jpg 1599w\" sizes=\"auto, (max-width: 224px) 100vw, 224px\" \/><\/a> <\/strong><\/p>\n<p><strong>\u00a0 <\/strong><\/p>\n<p><strong>FALCADE<\/strong> Anche nel mese di gennaio la Croce Verde Val Biois non assicura l&#8217;assistenza in alcune giornate. A comunicarlo il presidente Stefano Murer. Queste le date dei disservizi: OGGI\u00a0 dalle 6 alle 20; domani il servizio sar\u00e0 regolare, diversamente da quanto precedentemente comunicato. La Croce Verde Val Biois infatti ha recupero un equipaggio per coprire il servizio h24 coordinato dal Suem 118.<\/p>\n<p>&nbsp;<\/p>\n<p>&nbsp;<\/p>\n<p>&nbsp;<\/p>\n<hr \/>\n<p>&nbsp;<\/p>\n<p><strong>PUNTI TAMPONI STRAORDINARI SABATO E DOMENICA A PALUDI<\/strong> Come nei precedenti week end, l\u2019Ulss Dolomiti attiva <strong><a href=\"https:\/\/www.radiopiu.net\/wordpress\/open-day-vaccinazioni-pediatriche-domenica-a-sedico\/vaccino-bambini\/\" rel=\"attachment wp-att-252796\"><img loading=\"lazy\" decoding=\"async\" class=\" wp-image-252796 alignleft\" src=\"https:\/\/www.radiopiu.net\/wordpress\/wp-content\/uploads\/2022\/01\/VACCINO-BAMBINI-300x215.png\" sizes=\"auto, (max-width: 141px) 100vw, 141px\" srcset=\"https:\/\/www.radiopiu.net\/wordpress\/wp-content\/uploads\/2022\/01\/VACCINO-BAMBINI-300x215.png 300w, https:\/\/www.radiopiu.net\/wordpress\/wp-content\/uploads\/2022\/01\/VACCINO-BAMBINI-1024x734.png 1024w, https:\/\/www.radiopiu.net\/wordpress\/wp-content\/uploads\/2022\/01\/VACCINO-BAMBINI-768x550.png 768w, https:\/\/www.radiopiu.net\/wordpress\/wp-content\/uploads\/2022\/01\/VACCINO-BAMBINI.png 1280w\" alt=\"\" width=\"141\" height=\"101\" \/><\/a><\/strong>per domani e domenica dalle 14.30 alle 18.30 un punto tamponi a Paludi per persone con sintomatologia covid, per le quali non sia possibile rinviare il tampone nei giorni successivi.<\/p>\n<p><strong>LUNEDI AD ALLEGHE VACCINAZIONI PER TUTTI SENZA PRENOTAZIONE<\/strong>\u00a0Sono in programma alcune sedute di vaccinazioni anticovid ad accesso libero in Agordino destinate a tutte le categorie vaccinabili. Ad Alleghe luned\u00ec 31 gennaio presso la Sala Franceschini dello Stadio del ghiaccio dalle 10 alle 15 con accesso libero a tutti senza prenotazione, altre due giornate sono previste il 28 febbraio e il 28 marzo.\u00a0 Per aderire alla vaccinazione basta presentarsi con tessera sanitaria e scheda anamnestica compilata<\/p>\n<p>&nbsp;<\/p>\n<p>&nbsp;<\/p>\n<hr \/>\n<p>&nbsp;<\/p>\n<blockquote>\n<h3 class=\"entry-title\">ALBERTO PERDE LA VITA IN BICICLETTA ANDANDO AL LAVORO<\/h3>\n<p><strong>di MORENO GIOLI\u00a0<\/strong><\/p><\/blockquote>\n<audio class=\"wp-audio-shortcode\" id=\"audio-256373-1\" preload=\"none\" style=\"width: 100%;\" controls=\"controls\"><source type=\"audio\/mpeg\" src=\"https:\/\/www.radiopiu.net\/wordpress\/wp-content\/uploads\/2022\/01\/moreno-gioli-1.mp3?_=1\" \/><a href=\"https:\/\/www.radiopiu.net\/wordpress\/wp-content\/uploads\/2022\/01\/moreno-gioli-1.mp3\">https:\/\/www.radiopiu.net\/wordpress\/wp-content\/uploads\/2022\/01\/moreno-gioli-1.mp3<\/a><\/audio>\n<blockquote><p>&nbsp;<\/p><\/blockquote>\n<p><strong><img loading=\"lazy\" decoding=\"async\" class=\"alignleft\" src=\"https:\/\/www.radiopiu.net\/wordpress\/wp-content\/uploads\/2022\/01\/caef20c9-1b07-48ed-9e96-8d59117670b9.jpg\" width=\"262\" height=\"157\" \/><a href=\"https:\/\/www.radiopiu.net\/wordpress\/incidente-landris\/2bc3cacd-cdd1-4c66-840f-268c8344248f-3\/\" rel=\"attachment wp-att-256567\"><img loading=\"lazy\" decoding=\"async\" class=\" wp-image-256567 alignright\" src=\"https:\/\/www.radiopiu.net\/wordpress\/wp-content\/uploads\/2022\/01\/2bc3cacd-cdd1-4c66-840f-268c8344248f-2-300x300.jpg\" alt=\"\" width=\"197\" height=\"197\" srcset=\"https:\/\/www.radiopiu.net\/wordpress\/wp-content\/uploads\/2022\/01\/2bc3cacd-cdd1-4c66-840f-268c8344248f-2-300x300.jpg 300w, https:\/\/www.radiopiu.net\/wordpress\/wp-content\/uploads\/2022\/01\/2bc3cacd-cdd1-4c66-840f-268c8344248f-2-1022x1024.jpg 1022w, https:\/\/www.radiopiu.net\/wordpress\/wp-content\/uploads\/2022\/01\/2bc3cacd-cdd1-4c66-840f-268c8344248f-2-150x150.jpg 150w, https:\/\/www.radiopiu.net\/wordpress\/wp-content\/uploads\/2022\/01\/2bc3cacd-cdd1-4c66-840f-268c8344248f-2-768x769.jpg 768w, https:\/\/www.radiopiu.net\/wordpress\/wp-content\/uploads\/2022\/01\/2bc3cacd-cdd1-4c66-840f-268c8344248f-2.jpg 1131w\" sizes=\"auto, (max-width: 197px) 100vw, 197px\" \/><\/a>SEDICO<\/strong> Un&#8217;altra terribile tragedia funesta la provincia da\u00a0 Sedico all&#8217;Agordino,\u00a0 \u00a0ieri nel primo pomeriggio, alle 13.50 un uomo, Alberto De Villa Gobbo \u00e8 stato investito in via Landris lungo la regionale 203 agordina alle porte di Sedico. Per l&#8217;uomo di 51 anni compiuti lo scorso maggio,\u00a0 operaio della Luxottica &#8211; che si stava recando al lavoro\u00a0 in \u00a0mountain bike- non c&#8217;\u00e8 stato nulla da fare. I sanitari hanno potuto solamente constatarne il decesso. Sul posto per i rilievi i Carabinieri per ricostruire la dinamica. Da una prima ricostruzione \u00a0l\u2019uomo stava procedendo in direzione Sedico \u00e8 \u2019 stato travolto da un&#8217;auto,\u00a0 una Bmw condotta da un 49enne di Sedico, che procedeva in senso contrario e stava svoltando a sinistra. imboccando via Seghe di Villa, proveniente dal centro. Alberto dipendente della Luxottica di Sedico 2 da almeno vent&#8217;anno dopo un passato a Cencenighe, con in tasca un diploma in agraria (Della Lucia di Feltre),\u00a0 pochi mesi fa aveva perso il pap\u00e0 Dario, lascia la compagna Francesca De Toni, la mamma Marisa, i fratelli Francesce ed Enrico e\u00a0 Aurora, la figlia quattordicenne.<\/p>\n<div class=\"rj1gh0hx buofh1pr ni8dbmo4 stjgntxs hv4rvrfc\">\n<div class=\"bvz0fpym c1et5uql q9uorilb sf5mxxl7\">\n<div class=\"k4urcfbm sf5mxxl7 l9j0dhe7 pq6dq46d\">\n<div class=\"k4urcfbm hpfvmrgz g5gj957u buofh1pr mg4g778l\">\n<div class=\"b3i9ofy5 e72ty7fz qlfml3jp inkptoze qmr60zad rq0escxv oo9gr5id q9uorilb kvgmc6g5 cxmmr5t8 oygrvhab hcukyx3x d2edcug0 jm1wdb64 l9j0dhe7 l3itjdph qv66sw1b\">\n<blockquote>\n<div><\/div>\n<div><\/div>\n<\/blockquote>\n<div>\n<div class=\"tw6a2znq sj5x9vvc d1544ag0 cxgpxx05\">\n<blockquote><p><span class=\"\"><span class=\"nc684nl6\"><a class=\"oajrlxb2 g5ia77u1 qu0x051f esr5mh6w e9989ue4 r7d6kgcz rq0escxv nhd2j8a9 nc684nl6 p7hjln8o kvgmc6g5 cxmmr5t8 oygrvhab hcukyx3x jb3vyjys rz4wbd8a qt6c0cv9 a8nywdso i1ao9s8h esuyzwwr f1sip0of lzcic4wl gmql0nx0 gpro0wi8\" tabindex=\"0\" role=\"link\" href=\"https:\/\/www.facebook.com\/groups\/61488111720\/user\/1166282231\/?__cft__[0]=AZV_z1khQn2r0NclMXaV9XacuRleeyYxHxCuL50-IFWq_uCtZBrpULxTDUPv43MhvAAg1667k6a5ovBF_1JUvxxrHVqWFHyu9bIltuv0A8s4zdu2j6NSLf7PdeomxAsbo31JpqeyeWksjbDzyITz3gj-ZQhReref64YmcomSMITxE3gIJBiGbGqLp7oAEDW9td8&amp;__tn__=R]-R\"><span class=\"pq6dq46d\"><span class=\"d2edcug0 hpfvmrgz qv66sw1b c1et5uql lr9zc1uh a8c37x1j fe6kdd0r mau55g9w c8b282yb keod5gw0 nxhoafnm aigsh9s9 d9wwppkn mdeji52x e9vueds3 j5wam9gi lrazzd5p oo9gr5id\" dir=\"auto\"><em>Ivano Da Tos<\/em><\/span><\/span><\/a><em> \u00a0<\/em><\/span><\/span><em>quanti ricordi .nelle gare con l&#8217;Alto Agordino \u00a0<\/em><span class=\"\"><span class=\"nc684nl6\"><a class=\"oajrlxb2 g5ia77u1 qu0x051f esr5mh6w e9989ue4 r7d6kgcz rq0escxv nhd2j8a9 nc684nl6 p7hjln8o kvgmc6g5 cxmmr5t8 oygrvhab hcukyx3x jb3vyjys rz4wbd8a qt6c0cv9 a8nywdso i1ao9s8h esuyzwwr f1sip0of lzcic4wl gmql0nx0 gpro0wi8\" tabindex=\"0\" role=\"link\" href=\"https:\/\/www.facebook.com\/groups\/61488111720\/user\/100029378139580\/?__cft__[0]=AZV_z1khQn2r0NclMXaV9XacuRleeyYxHxCuL50-IFWq_uCtZBrpULxTDUPv43MhvAAg1667k6a5ovBF_1JUvxxrHVqWFHyu9bIltuv0A8s4zdu2j6NSLf7PdeomxAsbo31JpqeyeWksjbDzyITz3gj-ZQhReref64YmcomSMITxE3gIJBiGbGqLp7oAEDW9td8&amp;__tn__=R]-R\"><span class=\"pq6dq46d\"><span class=\"d2edcug0 hpfvmrgz qv66sw1b c1et5uql lr9zc1uh a8c37x1j fe6kdd0r mau55g9w c8b282yb keod5gw0 nxhoafnm aigsh9s9 d9wwppkn mdeji52x e9vueds3 j5wam9gi lrazzd5p oo9gr5id\" dir=\"auto\">Luciano Pramaor<\/span><\/span><\/a> <\/span><\/span>sono stato il suo primo allenatore era un bravissimo ragazzo in coppia abbiamo fatto la Transcivetta <span class=\"\"><span class=\"nc684nl6\"><a class=\"oajrlxb2 g5ia77u1 qu0x051f esr5mh6w e9989ue4 r7d6kgcz rq0escxv nhd2j8a9 nc684nl6 p7hjln8o kvgmc6g5 cxmmr5t8 oygrvhab hcukyx3x jb3vyjys rz4wbd8a qt6c0cv9 a8nywdso i1ao9s8h esuyzwwr f1sip0of lzcic4wl gmql0nx0 gpro0wi8\" tabindex=\"0\" role=\"link\" href=\"https:\/\/www.facebook.com\/groups\/61488111720\/user\/100001383069185\/?__cft__[0]=AZV_z1khQn2r0NclMXaV9XacuRleeyYxHxCuL50-IFWq_uCtZBrpULxTDUPv43MhvAAg1667k6a5ovBF_1JUvxxrHVqWFHyu9bIltuv0A8s4zdu2j6NSLf7PdeomxAsbo31JpqeyeWksjbDzyITz3gj-ZQhReref64YmcomSMITxE3gIJBiGbGqLp7oAEDW9td8&amp;__tn__=R]-R\"><span class=\"pq6dq46d\"><span class=\"d2edcug0 hpfvmrgz qv66sw1b c1et5uql lr9zc1uh a8c37x1j fe6kdd0r mau55g9w c8b282yb keod5gw0 nxhoafnm aigsh9s9 d9wwppkn mdeji52x e9vueds3 j5wam9gi lrazzd5p oo9gr5id\" dir=\"auto\">Dina Bernardi<\/span><\/span><\/a>\u00a0 Per<\/span><\/span> tre mesi ho lavorato a Cencenighe con te buono e grande ragazzo.<span class=\"\"><span class=\"nc684nl6\"><a class=\"oajrlxb2 g5ia77u1 qu0x051f esr5mh6w e9989ue4 r7d6kgcz rq0escxv nhd2j8a9 nc684nl6 p7hjln8o kvgmc6g5 cxmmr5t8 oygrvhab hcukyx3x jb3vyjys rz4wbd8a qt6c0cv9 a8nywdso i1ao9s8h esuyzwwr f1sip0of lzcic4wl gmql0nx0 gpro0wi8\" tabindex=\"0\" role=\"link\" href=\"https:\/\/www.facebook.com\/groups\/61488111720\/user\/100015868744831\/?__cft__[0]=AZV_z1khQn2r0NclMXaV9XacuRleeyYxHxCuL50-IFWq_uCtZBrpULxTDUPv43MhvAAg1667k6a5ovBF_1JUvxxrHVqWFHyu9bIltuv0A8s4zdu2j6NSLf7PdeomxAsbo31JpqeyeWksjbDzyITz3gj-ZQhReref64YmcomSMITxE3gIJBiGbGqLp7oAEDW9td8&amp;__tn__=R]-R\"><span class=\"pq6dq46d\"><span class=\"d2edcug0 hpfvmrgz qv66sw1b c1et5uql lr9zc1uh a8c37x1j fe6kdd0r mau55g9w c8b282yb keod5gw0 nxhoafnm aigsh9s9 d9wwppkn mdeji52x e9vueds3 j5wam9gi lrazzd5p oo9gr5id\" dir=\"auto\">Renato Costa<\/span><\/span><\/a> \u00a0<\/span><\/span>ti ho conosciuto anche io quando si facevano le gare di corsa con l&#8217;atletica Agordina, e quando venivi a fare fondo a Falcade.<\/p><\/blockquote>\n<\/div>\n<div><\/div>\n<\/div>\n<div><\/div>\n<div><\/div>\n<\/div>\n<\/div>\n<\/div>\n<\/div>\n<\/div>\n<p><strong>ALLEGHE\u00a0<\/strong> Alberto De Villa Gobbo era originario di Caprile di Alleghe dove ha sempre vissuto\u00a0 e fatto sport, amante delle maratone e delle competizioni del territorio, dalla maratona di Carpi alla TransCivetta. Uno sviscerato amore per lo sport senza prerogativa alcuna. La notizia ha destato profonda impressione in tutto l&#8217;ambiente, soprattutto nel gruppo Col de Foia, ne \u00e8 stato uno dei fondatori. ha sempre collaborato con gli amici dell&#8217;Atletica Agordina. &#8220;Un ragazzo semplice, alla mano, di parola, una bella persona. Con noi ha sempre dimostrato attaccamento e passione per lo sport&#8221;, lo ricorda cos\u00ec Fernando Soccol, presidente dell&#8217;Atletica Agordina. Giuseppe Crupi gi\u00e0 amministratore ad Alleghe, ma soprattutto sportivo risponde con il magone &#8220;E&#8217; una perdita pesante, per la sua famiglia prima di tutto, poi per l&#8217;ambiente dello sport. Persona esemplare Alberto, quante ne abbiamo corso di competizioni assieme. Faccio fatica a crederlo ma abbraccio forte chi resta con un pensiero di grande dolore ma anche immenso ricordo di Alberto&#8221;. Anche con l&#8217;Atletica dell&#8217;Alto Agordino Alberto ha collaborato con passione, lo ricorda l&#8217;amico Amedeo Franceschini &#8220;Con Alberto ho condiviso un lungo periodo lavorativo alla Luxottica di Cencenighe, poi si \u00e8 trasferito a Sedico avendo acquistato casa in quella zona. Ho sempre avuto un grande legame con lui, con la sua compagna, anche Francesca lavorava in Luxottica a Cencenighe. Persone splendide. Alberto un pezzo di pane con il quale ho trascorso tante domeniche nello sport, mi mancher\u00e0 e abbraccio Francesca e la piccola&#8221;. Adriano Levis, gi\u00e0 direttore dello stabilimento Luxottica di Cencenighe &#8220;<em>Ho avuto il piacere di conoscere Alberto. Ragazzo semplice amante dello sport e gran lavoratore, sempre disponibile sempre positivo. Da quando si \u00e8 trasferito a Sedico l\u2019ho incontrato un paio di volte , dopo i saluti con affetto ricordavamo i tempi trascorsi allo Stabilimento di Cencenighe, alla fine ci lasciavamo con la frase &#8220;un saluto a tutti i mie ex compagni di reparto \u201c In questo triste momento un abbraccio a Francesca e alla figlia&#8221;.<\/em><\/p>\n<blockquote><p>&nbsp;<\/p><\/blockquote>\n<hr \/>\n<p>&nbsp;<\/p>\n<blockquote>\n<h3>FERITE LIEVI NELL&#8217;INCIDENTE DI BRIBANO<\/h3>\n<\/blockquote>\n<blockquote><p><em>\u00a0suv\u00a0 contro le fioriere in cemento\u00a0<\/em><\/p><\/blockquote>\n<p><strong>SEDICO<\/strong> Una mancata precedenza? Non \u00e8 escluso possa essere la causa del sinistro delle 17.30 a Bribano, feriti lievi, notevoli danni ai mezzi e gravi ripercussioni sulla viabilit\u00e0 con traffico rallentato o bloccato per oltre un&#8217;ora. Sul posto i vigili del fuoco per la messa in sicurezza dei mezzi e i Carabinieri per i rilievi di legge.<\/p>\n\n\t\t\t<style type='text\/css'>\n\t\t\t\t#gallery-1 {\n\t\t\t\t\tmargin: auto;\n\t\t\t\t}\n\t\t\t\t#gallery-1 .gallery-item {\n\t\t\t\t\tfloat: left;\n\t\t\t\t\tmargin-top: 10px;\n\t\t\t\t\ttext-align: center;\n\t\t\t\t\twidth: 33%;\n\t\t\t\t}\n\t\t\t\t#gallery-1 img {\n\t\t\t\t\tborder: 2px solid #cfcfcf;\n\t\t\t\t}\n\t\t\t\t#gallery-1 .gallery-caption {\n\t\t\t\t\tmargin-left: 0;\n\t\t\t\t}\n\t\t\t\t\/* see gallery_shortcode() in wp-includes\/media.php *\/\n\t\t\t<\/style>\n\t\t<div id='gallery-1' class='dt-gallery-container gallery galleryid-256373 gallery-columns-3 gallery-size-thumbnail'><dl class='gallery-item'>\n\t\t\t\t<dt class='gallery-icon landscape'>\n\t\t\t\t\t<a class=\"rollover rollover-zoom dt-pswp-item\" title=\"c9a441d8-dd98-476c-9236-9bc81476ebf6\" data-dt-img-description=\"\" data-large_image_width=\"961\" data-large_image_height=\"687\"href='https:\/\/www.radiopiu.net\/wordpress\/wp-content\/uploads\/2022\/01\/c9a441d8-dd98-476c-9236-9bc81476ebf6.jpg'><img loading=\"lazy\" decoding=\"async\" width=\"150\" height=\"150\" src=\"https:\/\/www.radiopiu.net\/wordpress\/wp-content\/uploads\/2022\/01\/c9a441d8-dd98-476c-9236-9bc81476ebf6-150x150.jpg\" class=\"attachment-thumbnail size-thumbnail\" alt=\"\" \/><\/a>\n\t\t\t\t<\/dt><\/dl><dl class='gallery-item'>\n\t\t\t\t<dt class='gallery-icon landscape'>\n\t\t\t\t\t<a class=\"rollover rollover-zoom dt-pswp-item\" title=\"d21952d4-a7da-4a1d-bfad-b2c9d3e70e7b\" data-dt-img-description=\"\" data-large_image_width=\"961\" data-large_image_height=\"672\"href='https:\/\/www.radiopiu.net\/wordpress\/wp-content\/uploads\/2022\/01\/d21952d4-a7da-4a1d-bfad-b2c9d3e70e7b.jpg'><img loading=\"lazy\" decoding=\"async\" width=\"150\" height=\"150\" src=\"https:\/\/www.radiopiu.net\/wordpress\/wp-content\/uploads\/2022\/01\/d21952d4-a7da-4a1d-bfad-b2c9d3e70e7b-150x150.jpg\" class=\"attachment-thumbnail size-thumbnail\" alt=\"\" \/><\/a>\n\t\t\t\t<\/dt><\/dl><dl class='gallery-item'>\n\t\t\t\t<dt class='gallery-icon portrait'>\n\t\t\t\t\t<a class=\"rollover rollover-zoom dt-pswp-item\" title=\"77677f00-ecb0-424c-b829-5e5b7a49751d\" data-dt-img-description=\"\" data-large_image_width=\"961\" data-large_image_height=\"1280\"href='https:\/\/www.radiopiu.net\/wordpress\/wp-content\/uploads\/2022\/01\/77677f00-ecb0-424c-b829-5e5b7a49751d.jpg'><img loading=\"lazy\" decoding=\"async\" width=\"150\" height=\"150\" src=\"https:\/\/www.radiopiu.net\/wordpress\/wp-content\/uploads\/2022\/01\/77677f00-ecb0-424c-b829-5e5b7a49751d-150x150.jpg\" class=\"attachment-thumbnail size-thumbnail\" alt=\"\" \/><\/a>\n\t\t\t\t<\/dt><\/dl><br style=\"clear: both\" \/>\n\t\t\t<\/div>\n\n<p>&nbsp;<\/p>\n<p>&nbsp;<\/p>\n<hr \/>\n<p>&nbsp;<\/p>\n<blockquote>\n<h3><a href=\"https:\/\/www.radiopiu.net\/wordpress\/giornale-radiopiu-28-gennaio-2022-direttore-mirko-mezzacasa\/97ce60a8-092e-465b-90ef-a0e3e9077cd1\/\" rel=\"attachment wp-att-256601\"><img loading=\"lazy\" decoding=\"async\" class=\"wp-image-256601 alignleft\" src=\"https:\/\/www.radiopiu.net\/wordpress\/wp-content\/uploads\/2022\/01\/97ce60a8-092e-465b-90ef-a0e3e9077cd1-300x224.jpg\" alt=\"\" width=\"163\" height=\"122\" srcset=\"https:\/\/www.radiopiu.net\/wordpress\/wp-content\/uploads\/2022\/01\/97ce60a8-092e-465b-90ef-a0e3e9077cd1-300x224.jpg 300w, https:\/\/www.radiopiu.net\/wordpress\/wp-content\/uploads\/2022\/01\/97ce60a8-092e-465b-90ef-a0e3e9077cd1-1024x766.jpg 1024w, https:\/\/www.radiopiu.net\/wordpress\/wp-content\/uploads\/2022\/01\/97ce60a8-092e-465b-90ef-a0e3e9077cd1-768x574.jpg 768w, https:\/\/www.radiopiu.net\/wordpress\/wp-content\/uploads\/2022\/01\/97ce60a8-092e-465b-90ef-a0e3e9077cd1-1536x1149.jpg 1536w, https:\/\/www.radiopiu.net\/wordpress\/wp-content\/uploads\/2022\/01\/97ce60a8-092e-465b-90ef-a0e3e9077cd1.jpg 2000w\" sizes=\"auto, (max-width: 163px) 100vw, 163px\" \/><\/a>LA GIORNATA TERRIBILE, IN POCHI CHILOMETRI TRE INCIDENTI IN UN POMERIGGIO<\/h3>\n<\/blockquote>\n<p><strong>SEDICO<\/strong> Ieri sera alle 19.30 all&#8217;incrocio per Meano di Santa Giustina due auto, una Citroen c4 e una Nissan si sono scontrate violentemente finendo a lato della strada. Nessun ferito. Sul posto Polizia e Vigili del fuoco<\/p>\n<p>&nbsp;<\/p>\n<p>&nbsp;<\/p>\n<hr \/>\n<p>&nbsp;<\/p>\n<blockquote>\n<h3>IL LUTTO<\/h3>\n<p><strong>E&#8217; MANCATO PAOLO TITTON, 50 ANNI UOMO DEL VOLONTARIATO<\/strong><\/p><\/blockquote>\n<p><strong>FELTRE<\/strong> \u00a0Paolo Titton, 50 anni di Farra di Feltre, ma originario di Pez di Cesiomaggiore, pap\u00e0 e imprenditore socio della ditta Farp di Feltre, che si occupa di minuteria per occhiali \u00e8 deceduto all&#8217;ospedale di Belluno, una leucemia, lo ha aggredito. L&#8217;associazionismo feltrino perde un attivo collaboratore: oltre che allo sci club Villabruna Paolo faceva parte dei donatori di sangue della sezione di Cart. I funerali si svolgeranno domani alle 10,30 nella chiesa di Pez, \u00a0dove abita ancora la mamma Rosanna. Lascia la moglie Emanuela i figli Daniele e Nicola. Eventuli offerte saranno devolute all&#8217;associazione italiana contro le leucemie.<\/p>\n<p>&nbsp;<\/p>\n<hr \/>\n<p>&nbsp;<\/p>\n<blockquote>\n<h3>UFFICIO POSTALE DI AGORDO. &#8220;STIAMO LAVORANDO, MICA ABBIAMO TEMPO DI RISPONDERE AL TELEFONO&#8221;<\/h3>\n<\/blockquote>\n<div class=\"j83agx80 k4urcfbm\" role=\"none\">\n<div class=\"ll8tlv6m j83agx80 cbu4d94t d2edcug0 l9j0dhe7\">\n<div class=\"j83agx80 k4urcfbm\" role=\"none\">\n<div class=\"cxgpxx05 d1544ag0 sj5x9vvc tw6a2znq l9j0dhe7 ni8dbmo4 stjgntxs e72ty7fz qlfml3jp inkptoze qmr60zad jm1wdb64 qv66sw1b ljqsnud1 odn2s2vf tkr6xdv7\" role=\"none\">\n<div class=\"rq0escxv l9j0dhe7 du4w35lb __fb-light-mode\" role=\"none\">\n<blockquote>\n<div dir=\"auto\" role=\"none\"><em><strong><img loading=\"lazy\" decoding=\"async\" class=\"alignleft\" src=\"https:\/\/www.radiopiu.net\/wordpress\/wp-content\/uploads\/2022\/01\/th-23.jpg\" width=\"238\" height=\"134\" \/>REDAZIONE<\/strong> Critiche all&#8217;ufficio postale di Agordo dove il telefono \u00e8 ormai diventato un soprammobile, forse spegnendo la suoneria potrebbe dare anche meno fastidio, visto che per giorni nessuno alza la cornetta. La critica \u00e8 arrivata puntuale in radio con la speranza che da Belluno, ufficio centrale, qualcuno alzi il telefono a chiedere chiarimenti, ma forse farebbe prima a prendere la macchina e salire ad Agordo come sono costretti a fare gli agordini nonostante abbiamo il numero di telefono ben custodito in memoria. Riceviamo e volentieri pubblichiamo<\/em><\/div>\n<\/blockquote>\n<div dir=\"auto\" role=\"none\"><\/div>\n<div class=\"oo9gr5id ii04i59q jq4qci2q g9io39s2\" dir=\"auto\" role=\"none\"><em><strong>AGORDO<\/strong> Da alcuni giorni all&#8217;ufficio postale di Agordo nessuno risponde al telefono. Mia mamma di 80 anni oggi chiama circa 30 volte per prendere un appuntamento per fare delle carte, non rispondono mai e quindi si reca all&#8217;ufficio perch\u00e9 gli diano appuntamento. Richiamo per dei chiarimenti e\u00a0 di nuovo nessuno risponde, mi reco all&#8217;ufficio postale\u00a0 dove trovo almeno\u00a0 una decina di persone in attesa. Chiedo ad un&#8217;impiegata\u00a0 come mai chiamando da tutta la mattina nessuno mai risponda, si gira e mi dice irritatissima che loro stanno lavorando per quello non rispondono.\u00a0 Ma \u00e8 possibile che in un ufficio di Agordo per un appuntamento uno sia obbligato comunque a recarsi l\u00ec perch\u00e9 nemmeno al telefono rispondono?<\/em><\/div>\n<\/div>\n<\/div>\n<div class=\"ns4p8fja j83agx80 cbu4d94t a6sixzi8 bkfpd7mw d2edcug0 buofh1pr nred35xi\" role=\"none\">\n<div class=\"buofh1pr rj1gh0hx\" role=\"none\"><\/div>\n<\/div>\n<\/div>\n<\/div>\n<div class=\"ns4p8fja j83agx80 cbu4d94t a6sixzi8 bkfpd7mw d2edcug0 buofh1pr nred35xi\" role=\"none\">\n<div class=\"buofh1pr rj1gh0hx\" role=\"none\"><strong>lettera firmata\u00a0<\/strong><\/div>\n<div role=\"none\"><\/div>\n<\/div>\n<\/div>\n<div class=\"ns4p8fja j83agx80 cbu4d94t a6sixzi8 bkfpd7mw d2edcug0 kb5gq1qc nred35xi\" role=\"none\"><\/div>\n<hr \/>\n<p>&nbsp;<\/p>\n<blockquote>\n<h3>ACCOSTAMENTI ABOMINEVOLI, INACCETTABILE IL PARAGONE STELLE GIALLE-GREEN PASS<\/h3>\n<\/blockquote>\n<p><strong>BELLUNO<\/strong> Dura la reazione del Sindaco all&#8217;iniziativa No Green Pass che ieri mattina ha visto circolare volantini che paragonavano la Shoah e le stelle gialle, utilizzate dai regimi per identificare i cittadini ebrei, al Green Pass e alle attuali norme <img decoding=\"async\" class=\"alignleft\" src=\"https:\/\/www.radiopiu.net\/wordpress\/wp-content\/uploads\/2020\/06\/jeZLuVOo.jpeg\" \/>per la gestione dell&#8217;emergenza sanitaria. Una stella gialla a sei punte e un QR code che richiama il green pass con la frase <em>\u201cPerch\u00e9 non sia accaduto invano. Non dobbiamo essere ipocriti. Oggi le discriminazioni sono pi\u00f9 attuali che mai\u201d. <\/em>Riporta poi \u00a0le date: 27 gennaio 1945 \u2013 27 gennaio 2022.<\/p>\n<p>Volantini affissi anche a Feltre e segnalazioni in altre parti della provincia<\/p>\n<blockquote>\n<h3><em>LA DICHIARAZIONE DEL SINDACO DI BELLUNO, JACOPO MASSARO<\/em><\/h3>\n<\/blockquote>\n<p><em><strong>\u00abQuello che \u00e8 accaduto ieri, Giorno della Memoria, a Belluno \u00e8 intollerabile e inaccettabile: una citt\u00e0 che ha conseguito la Medaglia d&#8217;oro per la lotta di Liberazione dell&#8217;Italia dall&#8217;occupazione nazista e dal regime fascista non pu\u00f2 non indignarsi di fronte a quei volantini, distribuiti e affissi in citt\u00e0, che disprezzano e infangano il ricordo di chi per l&#8217;odio nazista e fascista \u00e8 morto nei campi di concentramento e di tutti coloro che hanno sofferto per una vera, crudele e insensata persecuzione. <\/strong><strong>Ho incaricato subito la Polizia Locale di rimuovere i volantini esposti e di sequestrarli per identificare gli autori e procedere con le eventuali contestazioni penali; ovviamente, abbiamo anche interessato le forze dell&#8217;ordine. Ognuno \u00e8 libero di esprimere le proprie opinioni, ma non \u00e8 tollerabile che si disprezzi e si strumentalizzi per propaganda una delle pi\u00f9 grandi tragedie dell&#8217;umanit\u00e0: questo episodio sottolinea ancora di pi\u00f9 la necessit\u00e0 di studiare la storia e di celebrare il Giorno della Memoria per ricordarne il profondo significato.\u00bb.<\/strong><\/em><\/p>\n<blockquote>\n<h3>\u00a0ZAIA, \u201cSCELTA TRISTE. IN OGNI DISSENSO OCCORRE CIVILTA\u2019\u201d<\/h3>\n<\/blockquote>\n<p><strong>VENEZIA\u00a0<\/strong> <em>\u201cStrumentalizzare la memoria di un martirio epocale che si perpetr\u00f2 nei lager per protestare contro un vaccino, peraltro non obbligatorio, \u00e8 una scelta molto triste.\u00a0 La libert\u00e0 di espressione e di pensiero \u00e8 intoccabile, perch\u00e8 siamo per fortuna in democrazia \u2013 aggiunge Zaia \u2013 ma ogni dissenso va espresso con civilt\u00e0, cosa che in questo episodio \u00e8 assolutamente mancata\u201d.<\/em><\/p>\n<p>&nbsp;<\/p>\n<blockquote>\n<h3>BOTTACIN &#8220;RABBIA E TRISTEZZA&#8221;<\/h3>\n<\/blockquote>\n<p><strong>VENEZIA<\/strong> <em>\u201cCondanno l\u2019iniziativa senza se e senza ma \u2013 ha detto l\u2019Assessore \u2013 questi volantini riportano parole fuori luogo e totalmente prive di rispetto verso coloro che hanno vissuto veramente l\u2019olocausto: parlo di persone innocenti come bambini e anziani. Affermazioni volgari e inqualificabili, a mio modo di vedere, verso cui provo rabbia mista a una grande tristezza\u201d.<\/em><\/p>\n<p>&nbsp;<\/p>\n<p>&nbsp;<\/p>\n<hr \/>\n<p>&nbsp;<\/p>\n<blockquote>\n<h3>ASSESSORE DONAZZAN SCRIVE A SCUOLE DEL VENETO NEL GIORNO DELLA MEMORIA<\/h3>\n<\/blockquote>\n<p><strong>VENEZIA <\/strong>\u201c<em>Abbiamo il dovere, come Comunit\u00e0 educante, di proporre riflessioni e approfondimenti capaci di rendere vivo e prossimo, ai nostri studenti, il dramma degli ebrei nel tempo e nella storia. Non \u00e8 infatti un dramma a noi estraneo, perch\u00e9 parte della nostra storia, cos\u00ec come la comunit\u00e0 ebraica non \u00e8 altro da noi, perch\u00e9 parte della nostra identit\u00e0 nazionale, culturale e sociale<\/em>\u201d. Cos\u00ec l\u2019Assessore all\u2019istruzione Elena Donazzan si \u00e8 rivolta agli studenti delle scuole di ogni ordine e grado del Veneto, in una lettera inviata in occasione del Giorno della Memoria. \u201c<em>Riprendere il senso della storia \u2013 ha sottolineato Donazzan, dopo avere invitato gli studenti a leggere \u201cIl giardino dei Finzi Contini\u201d -, vivere il nostro contemporaneo con una riflessione sulle comuni radici valoriali che legano indissolubilmente il popolo ebreo con il popolo italiano, riconoscere la nostra millenaria storia comune per assumere una responsabilit\u00e0 e consapevolezza civile<\/em>\u201d. Secondo Donazzan \u00e8 necessario combattere ogni fondamentalismo per evitare una nuova Shoah.<\/p>\n<p>&nbsp;<\/p>\n<p>&nbsp;<\/p>\n<hr \/>\n<p>&nbsp;<\/p>\n<blockquote>\n<h3>E&#8217; GIORGIA ZUNINO IL NUOVO DIRETTORE DELL&#8217;ASCA<\/h3>\n<\/blockquote>\n<blockquote><p><em>Alla prova selettiva hanno partecipato tre candidati<\/em><\/p><\/blockquote>\n<p><strong>di Gianni Santomaso<\/strong><\/p>\n<audio class=\"wp-audio-shortcode\" id=\"audio-256373-2\" preload=\"none\" style=\"width: 100%;\" controls=\"controls\"><source type=\"audio\/mpeg\" src=\"https:\/\/www.radiopiu.net\/wordpress\/wp-content\/uploads\/2022\/01\/GIANNI-ASCA.mp3?_=2\" \/><a href=\"https:\/\/www.radiopiu.net\/wordpress\/wp-content\/uploads\/2022\/01\/GIANNI-ASCA.mp3\">https:\/\/www.radiopiu.net\/wordpress\/wp-content\/uploads\/2022\/01\/GIANNI-ASCA.mp3<\/a><\/audio>\n<p>&nbsp;<\/p>\n<p><strong>AGORDO<\/strong> L\u2019 Amministratore Unico di ASCA Mariachiara Santin ha nominato Direttore Generale dell\u2019Azienda Consortile la dottoressa Giorgia Zunino che assume anche la direzione di Agordo Servizi (Asilo Nido e Farmacia Comunale) con la quale lo scorso anno Asca ha stipulato un\u2019apposita convenzione.\u00a0 <em>&#8220;Sono certa &#8211; dice Maria Chiara Santin &#8211;\u00a0 che la dottoressa sapr\u00e0 governare al meglio la complessit\u00e0 del presente e cogliere le opportunit\u00e0 che le grandi trasformazioni in atto offrono per <strong><a href=\"https:\/\/www.radiopiu.net\/wordpress\/e-giorgia-zunino-il-nuovo-direttore-dellasca\/a85217a6-8f7d-4f66-bfb2-f9ecb029722d\/\" rel=\"attachment wp-att-256444\"><img loading=\"lazy\" decoding=\"async\" class=\"size-medium wp-image-256444 alignleft\" src=\"https:\/\/www.radiopiu.net\/wordpress\/wp-content\/uploads\/2022\/01\/a85217a6-8f7d-4f66-bfb2-f9ecb029722d-300x202.jpg\" alt=\"\" width=\"300\" height=\"202\" srcset=\"https:\/\/www.radiopiu.net\/wordpress\/wp-content\/uploads\/2022\/01\/a85217a6-8f7d-4f66-bfb2-f9ecb029722d-300x202.jpg 300w, https:\/\/www.radiopiu.net\/wordpress\/wp-content\/uploads\/2022\/01\/a85217a6-8f7d-4f66-bfb2-f9ecb029722d-768x518.jpg 768w, https:\/\/www.radiopiu.net\/wordpress\/wp-content\/uploads\/2022\/01\/a85217a6-8f7d-4f66-bfb2-f9ecb029722d.jpg 1024w\" sizes=\"auto, (max-width: 300px) 100vw, 300px\" \/><\/a><\/strong>ridisegnare il futuro, colgo\u00a0 l\u2019occasione per ringraziare la dottoressa Angela Niero, i collaboratori di Asca che si sono impegnati nell\u2019anno appena concluso e i Sindaci per la loro vicinanza all\u2019Azienda&#8221;.<\/em><\/p>\n<p>&nbsp;<\/p>\n<blockquote><p><em><span dir=\"ltr\" role=\"presentation\">Giorgia Zunino, nata a Genova nel 1968, ha un\u2019esperienza dirigenziale <\/span><span dir=\"ltr\" role=\"presentation\">ventennale in ambito Pubblico e Sanitario. <\/span><span dir=\"ltr\" role=\"presentation\">Gi\u00e0 Dirigente Responsabile dell\u2019Ufficio Progettazione dell\u2019Ospedale San <\/span><span dir=\"ltr\" role=\"presentation\">Martino di Genova. Precedentemente<\/span><span dir=\"ltr\" role=\"presentation\"> presso la ASL Roma1 <\/span><span dir=\"ltr\" role=\"presentation\">Strategic Project Manager. <\/span><span dir=\"ltr\" role=\"presentation\">Nel 2021 ha diretto l\u2019Unit\u00e0 di Sviluppo Strategico della Provincia di Verona. <\/span><span dir=\"ltr\" role=\"presentation\">E\u2019 esperta NATO in Human Factors e Futuro della Medicina, unica italiana.\u00a0 <\/span><span dir=\"ltr\" role=\"presentation\">Assume oggi con orgoglio il ruolo di Direttore Generale dell\u2019Azienda <\/span><span dir=\"ltr\" role=\"presentation\">Speciale Agordina ASCA per poter contribuire materialmente allo sviluppo <\/span><span dir=\"ltr\" role=\"presentation\">di un nuovo modello di accoglienza e assistenza territoriale lungo tutto il <\/span><span dir=\"ltr\" role=\"presentation\">percorso della vita delle persone.\u00a0<\/span><\/em><\/p>\n<p>&nbsp;<\/p>\n<p>&nbsp;<\/p><\/blockquote>\n<hr \/>\n<p>&nbsp;<\/p>\n<blockquote>\n<h3><strong>LAVORO. IDEAL STANDARD. AVVIATA LA DISAMINA DELLE PROPOSTE INDUSTRIALI<\/strong><\/h3>\n<\/blockquote>\n<p><strong><a href=\"https:\/\/www.radiopiu.net\/wordpress\/ideal-standard-lo-stabilimento-di-trichiana-primo-a-chiudere-ultimo-a-ripartire\/stabilimento-dellideal-standard-orcenico-di-zoppola-pn-04-12-2013\/\" rel=\"attachment wp-att-138079\"><img loading=\"lazy\" decoding=\"async\" class=\" wp-image-138079 alignleft\" src=\"https:\/\/www.radiopiu.net\/wordpress\/wp-content\/uploads\/2020\/05\/ideal-standard-orcenigo-300x211.jpg\" alt=\"\" width=\"205\" height=\"144\" srcset=\"https:\/\/www.radiopiu.net\/wordpress\/wp-content\/uploads\/2020\/05\/ideal-standard-orcenigo-300x211.jpg 300w, https:\/\/www.radiopiu.net\/wordpress\/wp-content\/uploads\/2020\/05\/ideal-standard-orcenigo-1024x721.jpg 1024w, https:\/\/www.radiopiu.net\/wordpress\/wp-content\/uploads\/2020\/05\/ideal-standard-orcenigo-768x541.jpg 768w, https:\/\/www.radiopiu.net\/wordpress\/wp-content\/uploads\/2020\/05\/ideal-standard-orcenigo-1536x1082.jpg 1536w, https:\/\/www.radiopiu.net\/wordpress\/wp-content\/uploads\/2020\/05\/ideal-standard-orcenigo-2048x1442.jpg 2048w\" sizes=\"auto, (max-width: 205px) 100vw, 205px\" \/><\/a>VENEZIA\u00a0<\/strong> \u00a0E&#8217; stata avviata la disamina delle proposte industriali per l\u2019acquisizione e valorizzazione del sito produttivo bellunese. In via preliminare le Parti hanno valutato positivamente il fatto che, in cos\u00ec poco tempo e date le condizioni di contesto, siano pervenuti tre piani industriali di qualit\u00e0 da altrettanti soggetti seri e credibili. I piani sono estremamente disomogenei fra loro, in quanto costruiti su impostazioni molto diverse che scontano comprensibilmente la differente tipologia dei soggetti investitori. Ciascuna delle proposte presenta punti di forza e numerosi punti da chiarire, sia di natura industriale che legale. Per questi motivi e data l\u2019importanza e la delicatezza della scelta, il tavolo ha valutato la necessit\u00e0 di portare avanti in parallelo, nelle prossime due settimane, le tre interlocuzioni per chiarire i punti ancora aperti dei piani, approfondendo alcuni aspetti legali che saranno cornice necessaria di un possibile accordo tra le parti. L\u2019obiettivo \u00e8 quello di arrivare entro la met\u00e0 di febbraio a poter presentare una valutazione comparata completa delle proposte industriali da sottoporre al tavolo di monitoraggio che decider\u00e0 come proseguire per arrivare alla soluzione. \u201cL\u2019incontro &#8211; dice l&#8217;assessore Veneto Elena Donazzan\u00a0 ha confermato la bont\u00e0 del percorso che abbiamo condiviso con le Parti per ricercare nuove e solide prospettive industriali per il sito di Borgo Valbelluna. Dobbiamo mantenere alta l\u2019attenzione e l\u2019impegno al fine di concretizzare l\u2019obiettivo prefissato nei tempi pi\u00f9 utili possibili. Ringrazio l\u2019Azienda, i Sindacati e l\u2019Advisor Sernet per il lavoro fin qui svolto. Il prossimo incontro in sede regionale \u00e8 fissato per il 15 febbraio.\u201d commenta l\u2019Assessore.<\/p>\n<blockquote><p>&nbsp;<\/p>\n<p>&nbsp;<\/p><\/blockquote>\n<hr \/>\n<p>&nbsp;<\/p>\n<p>&nbsp;<\/p>\n<blockquote>\n<h3>DE MENECH AI SINDACI<em> &#8221; SIATE PROTAGONISTI DELLE SCELTE NEL POTENZIAMENTO DEGLI OSPEDALI ED ESTENSIONE DEI SERVIZI&#8221;<\/em><\/h3>\n<\/blockquote>\n<p><strong><a href=\"https:\/\/www.radiopiu.net\/wordpress\/de-menech-messaggio-per-il-25esimo-del-parco-nazionale-delle-dolomiti-bellunesi\/roger-4\/\" rel=\"attachment wp-att-53882\"><img loading=\"lazy\" decoding=\"async\" class=\"wp-image-53882 alignright\" src=\"https:\/\/www.radiopiu.net\/wordpress\/wp-content\/uploads\/2018\/07\/ROGER.jpg\" alt=\"\" width=\"91\" height=\"123\" \/><\/a>\u00a0ROMA<\/strong>\u00a0 &#8220;Continuo a ricevere informazioni e proteste sui disservizi del sistema sanitario bellunese. Il Pnrr sia lo strumento per potenziare gli ospedali di Feltre e Belluno. I sindaci e gli amministratori bellunesi vengano chiamati a definire le priorit\u00e0 sul sistema sanitario del futuro&#8221;. Lo afferma il deputato bellunese Roger De Menech, le risorse europee destinate in Italia alla salute ammontano a 15,63 miliardi. Di questi 8,042 saranno gestiti direttamente dalle Regioni e al Veneto verranno assegnati 583 milioni, 526 mila, 547 euro tutti destinati a interventi extra la gestione ordinaria della sanit\u00e0. &#8220;Che i sindaci e il territorio in tutte le sue articolazioni sia\u00a0 protagonista delle scelte che si faranno&#8221;.<\/p>\n<div style=\"width: 848px;\" class=\"wp-video\"><video class=\"wp-video-shortcode\" id=\"video-256373-1\" width=\"848\" height=\"480\" preload=\"metadata\" controls=\"controls\"><source type=\"video\/mp4\" src=\"https:\/\/www.radiopiu.net\/wordpress\/wp-content\/uploads\/2022\/01\/WhatsApp-Video-2022-01-27-at-14.47.10.mp4?_=1\" \/><a href=\"https:\/\/www.radiopiu.net\/wordpress\/wp-content\/uploads\/2022\/01\/WhatsApp-Video-2022-01-27-at-14.47.10.mp4\">https:\/\/www.radiopiu.net\/wordpress\/wp-content\/uploads\/2022\/01\/WhatsApp-Video-2022-01-27-at-14.47.10.mp4<\/a><\/video><\/div>\n<p>&nbsp;<\/p>\n<p>&nbsp;<\/p>\n<hr \/>\n<p>&nbsp;<\/p>\n<blockquote>\n<h3>IN VALLE IMPERINA SONO PRONTI A PARTIRE TRE CANTIERI<\/h3>\n<\/blockquote>\n<p><strong><a href=\"https:\/\/www.radiopiu.net\/wordpress\/dalla-certosa-di-vedana-a-valle-imperina-di-gianni-santomaso\/dav-190\/\" rel=\"attachment wp-att-170177\"><img loading=\"lazy\" decoding=\"async\" class=\"size-medium wp-image-170177 alignleft\" src=\"https:\/\/www.radiopiu.net\/wordpress\/wp-content\/uploads\/2020\/11\/36_Valle-Imperina-300x169.jpg\" alt=\"\" width=\"300\" height=\"169\" srcset=\"https:\/\/www.radiopiu.net\/wordpress\/wp-content\/uploads\/2020\/11\/36_Valle-Imperina-300x169.jpg 300w, https:\/\/www.radiopiu.net\/wordpress\/wp-content\/uploads\/2020\/11\/36_Valle-Imperina-1024x578.jpg 1024w, https:\/\/www.radiopiu.net\/wordpress\/wp-content\/uploads\/2020\/11\/36_Valle-Imperina-768x434.jpg 768w, https:\/\/www.radiopiu.net\/wordpress\/wp-content\/uploads\/2020\/11\/36_Valle-Imperina.jpg 1280w\" sizes=\"auto, (max-width: 300px) 100vw, 300px\" \/><\/a>RIVAMONTE<\/strong><\/p>\n<p>di Gianni Santomaso<\/p>\n<audio class=\"wp-audio-shortcode\" id=\"audio-256373-3\" preload=\"none\" style=\"width: 100%;\" controls=\"controls\"><source type=\"audio\/mpeg\" src=\"https:\/\/www.radiopiu.net\/wordpress\/wp-content\/uploads\/2022\/01\/GIANNI-CANTIERI-VALLE-IMPERINA.mp3?_=3\" \/><a href=\"https:\/\/www.radiopiu.net\/wordpress\/wp-content\/uploads\/2022\/01\/GIANNI-CANTIERI-VALLE-IMPERINA.mp3\">https:\/\/www.radiopiu.net\/wordpress\/wp-content\/uploads\/2022\/01\/GIANNI-CANTIERI-VALLE-IMPERINA.mp3<\/a><\/audio>\n<p>&nbsp;<\/p>\n<hr \/>\n<p>&nbsp;<\/p>\n<blockquote>\n<h3><a href=\"https:\/\/www.radiopiu.net\/wordpress\/covidagordinoa\/36a91983-70d7-4da7-8dfc-0e8da2e47cdd\/\" rel=\"attachment wp-att-256579\"><img loading=\"lazy\" decoding=\"async\" class=\"wp-image-256579 alignleft\" src=\"https:\/\/www.radiopiu.net\/wordpress\/wp-content\/uploads\/2022\/01\/36a91983-70d7-4da7-8dfc-0e8da2e47cdd.jpg\" alt=\"\" width=\"318\" height=\"185\" srcset=\"https:\/\/www.radiopiu.net\/wordpress\/wp-content\/uploads\/2022\/01\/36a91983-70d7-4da7-8dfc-0e8da2e47cdd.jpg 608w, https:\/\/www.radiopiu.net\/wordpress\/wp-content\/uploads\/2022\/01\/36a91983-70d7-4da7-8dfc-0e8da2e47cdd-300x175.jpg 300w\" sizes=\"auto, (max-width: 318px) 100vw, 318px\" \/><\/a>POSITIVI IN AGORDINO: TAIBON 51 POSITIVI, ROCCA PIETORE 57 LA VALLE 11 IN PIU&#8217; DI IERI<\/h3>\n<\/blockquote>\n<p>&nbsp;<\/p>\n<blockquote><p>elaborazione grafica Tiziano De Col<\/p><\/blockquote>\n<p><span style=\"color: #ff0000;\"><strong>COVID NELL&#8217;AGORDINO, POSITIVI AL 27 GENNAIO<\/strong><\/span>: <strong>Agordo<\/strong> 172 (+3) <strong>Taibon<\/strong>\u00a0 51 (+11), <strong>Colle Santa Lucia<\/strong>\u00a0 20 (+4) , <strong>Rocca Pietore<\/strong> 57 (-2)\u00a0 <strong>Canale d&#8217;Agordo<\/strong>\u00a0 23 (+5) <strong>Livinallongo <\/strong>44 (+11) \u00a0<strong>Selva di Cadore<\/strong> 26 (0) <strong>Alleghe<\/strong> 50 (-3)\u00a0 <strong>\u00a0Voltago<\/strong> 20 (+6), <strong>Falcade<\/strong> 45 (-4) ,<strong> Vallada<\/strong> 7 (-3), <strong>La Valle<\/strong>\u00a0 43 (+11),\u00a0<strong>San Tomaso<\/strong> 9 <strong>Gosaldo<\/strong> 19 (+1) \u00a0<strong>Cencenighe<\/strong> 29 (+6)\u00a0 <span style=\"color: #ff0000;\"><strong>AGGIORNAMENTO LUNEDI <\/strong><\/span>\u00a0<strong>Rivamonte<\/strong> 21,<\/p>\n<p><a href=\"https:\/\/www.radiopiu.net\/wordpress\/covidagordinoa\/5a060c48-bf6a-4d37-b683-6c8b0e890f48\/\" rel=\"attachment wp-att-256580\"><img loading=\"lazy\" decoding=\"async\" class=\"wp-image-256580 size-full aligncenter\" src=\"https:\/\/www.radiopiu.net\/wordpress\/wp-content\/uploads\/2022\/01\/5a060c48-bf6a-4d37-b683-6c8b0e890f48.jpg\" alt=\"\" width=\"600\" height=\"353\" srcset=\"https:\/\/www.radiopiu.net\/wordpress\/wp-content\/uploads\/2022\/01\/5a060c48-bf6a-4d37-b683-6c8b0e890f48.jpg 600w, https:\/\/www.radiopiu.net\/wordpress\/wp-content\/uploads\/2022\/01\/5a060c48-bf6a-4d37-b683-6c8b0e890f48-300x177.jpg 300w\" sizes=\"auto, (max-width: 600px) 100vw, 600px\" \/><\/a><\/p>\n<p>&nbsp;<\/p>\n<p>&nbsp;<\/p>\n<hr \/>\n<p>&nbsp;<\/p>\n<p>&nbsp;<\/p>\n<blockquote>\n<h3>ANCORA UN DECESSO COVID IN PROVINCIA DI BELLUNO. 8443 LE PERSONE ATTUALMENTE POSITIVE IN PROVINCIA, 59 PAZIENTI RICOVERATI<\/h3>\n<\/blockquote>\n<p><strong><a href=\"https:\/\/www.radiopiu.net\/wordpress\/giornale-radiopiu-10-marzo-2020-direttore-mirko-mezzacasa\/covid-ulss\/\" rel=\"attachment wp-att-121260\"><img loading=\"lazy\" decoding=\"async\" class=\" wp-image-121260 alignleft\" src=\"https:\/\/www.radiopiu.net\/wordpress\/wp-content\/uploads\/2020\/03\/covid-ulss-300x225.jpg\" alt=\"\" width=\"252\" height=\"189\" srcset=\"https:\/\/www.radiopiu.net\/wordpress\/wp-content\/uploads\/2020\/03\/covid-ulss-300x225.jpg 300w, https:\/\/www.radiopiu.net\/wordpress\/wp-content\/uploads\/2020\/03\/covid-ulss-768x576.jpg 768w, https:\/\/www.radiopiu.net\/wordpress\/wp-content\/uploads\/2020\/03\/covid-ulss.jpg 800w\" sizes=\"auto, (max-width: 252px) 100vw, 252px\" \/><\/a>BELLUNO<\/strong> Aggiornamento dell&#8217;Ulss 1 Dolomiti sulla situazione epidemiologica in provincia di Belluno. Le persone attualmente positive sono 8443. Negli ospedali bellunesi sono ricoverate 7 persone in terapia intensiva, 42 in area non critica di cui 7 non covid e 10 pazienti in ocpedale di comunit\u00e0. Nelle ultime 24 ore \u00e8 deceduto un paziente covid positivo di anni 95 ricoverato in Malattie infettive a Belluno. Nel prossimo fine settimana \u00e8 stato organizzato un <strong>accesso libero<\/strong> per le prime dosi pediatriche anti-Covid (5-11 anni), con presenza di Pediatra per l&#8217;anamnesi prevaccinale:\u00a0<u>PALASKATING DI SEDICO<\/u>:\u00a0sabato 29 gennaio: dalle 11 alle 18, domenica 30 gennaio: dalle 16 alle 19. <u>CENTRO PRELIEVI OSPEDALE DI FELTRE <\/u>domenica 30 gennaio: dalle 15 alle 18.30<\/p>\n<p>&nbsp;<\/p>\n<p>&nbsp;<\/p>\n<hr \/>\n<p>&nbsp;<\/p>\n<blockquote class=\"wp-embedded-content\" data-secret=\"xoKZYRMqUW\"><p><a href=\"https:\/\/www.radiopiu.net\/wordpress\/aggiornamentonaz2022gen27\/\">CORONAVIRUS: AGGIORNAMENTO NAZIONALE 27 GENNAIO 2022<\/a><\/p><\/blockquote>\n<p><iframe loading=\"lazy\" class=\"wp-embedded-content\" sandbox=\"allow-scripts\" security=\"restricted\" style=\"position: absolute; clip: rect(1px, 1px, 1px, 1px);\" title=\"&#8220;CORONAVIRUS: AGGIORNAMENTO NAZIONALE 27 GENNAIO 2022&#8221; &#8212; Radio Pi\u00f9\" src=\"https:\/\/www.radiopiu.net\/wordpress\/aggiornamentonaz2022gen27\/embed\/#?secret=xoKZYRMqUW\" data-secret=\"xoKZYRMqUW\" width=\"600\" height=\"338\" frameborder=\"0\" marginwidth=\"0\" marginheight=\"0\" scrolling=\"no\"><\/iframe><\/p>\n<p>&nbsp;<\/p>\n<blockquote class=\"wp-embedded-content\" data-secret=\"vy3hOidIy7\"><p><a href=\"https:\/\/www.radiopiu.net\/wordpress\/agg25assa\/\">IN PROVINCIA IN 24 ORE DIMEZZANO I NUOVI CASI, IN REGIONE RICOVERI IN CALO, 22 I DECESSI<\/a><\/p><\/blockquote>\n<p><iframe loading=\"lazy\" class=\"wp-embedded-content\" sandbox=\"allow-scripts\" security=\"restricted\" style=\"position: absolute; clip: rect(1px, 1px, 1px, 1px);\" title=\"&#8220;IN PROVINCIA IN 24 ORE DIMEZZANO I NUOVI CASI, IN REGIONE RICOVERI IN CALO, 22 I DECESSI&#8221; &#8212; Radio Pi\u00f9\" src=\"https:\/\/www.radiopiu.net\/wordpress\/agg25assa\/embed\/#?secret=vy3hOidIy7\" data-secret=\"vy3hOidIy7\" width=\"600\" height=\"338\" frameborder=\"0\" marginwidth=\"0\" marginheight=\"0\" scrolling=\"no\"><\/iframe><\/p>\n<h2>I GRAFICI DI TIZIANO DE COL<\/h2>\n<p>&nbsp;<\/p>\n<p>&nbsp;<\/p>\n<hr \/>\n<p>&nbsp;<\/p>\n<blockquote>\n<h3>GREEN PASS DI GUARIGIONE: INDICAZIONI UTILI<\/h3>\n<\/blockquote>\n<p><strong><a href=\"https:\/\/www.radiopiu.net\/wordpress\/giornale-radiopiu-24-luglio-2021-direttore-mirko-mezzacasa\/sh_green_pass_covid-600x400\/\" rel=\"attachment wp-att-223591\"><img loading=\"lazy\" decoding=\"async\" class=\"size-medium wp-image-223591 alignleft\" src=\"https:\/\/www.radiopiu.net\/wordpress\/wp-content\/uploads\/2021\/07\/SH_green_pass_covid-600x400-1-300x200.jpg\" alt=\"\" width=\"300\" height=\"200\" srcset=\"https:\/\/www.radiopiu.net\/wordpress\/wp-content\/uploads\/2021\/07\/SH_green_pass_covid-600x400-1-300x200.jpg 300w, https:\/\/www.radiopiu.net\/wordpress\/wp-content\/uploads\/2021\/07\/SH_green_pass_covid-600x400-1.jpg 600w\" sizes=\"auto, (max-width: 300px) 100vw, 300px\" \/><\/a>BELLUNO<\/strong> Dopo l\u2019esecuzione del tampone di uscita dall&#8217;isolamento con esito negativo, per ottenere il green pass di guarigione, prestare attenzione ai seguenti passaggi: Attendere 24-48 ore: \u00e8 il tempo necessario affinch\u00e8 la procedura informatica faccia generare dal Ministero della Salute il green pass; In caso di mancata ricezione entro 48 ore dell\u2019authcode per scaricare il green pass di guarigione, collegarsi Al seguente link : <a class=\"gmail-oajrlxb2 gmail-g5ia77u1 gmail-qu0x051f esr5mh6w e9989ue4 gmail-r7d6kgcz gmail-rq0escxv gmail-nhd2j8a9 gmail-nc684nl6 gmail-p7hjln8o gmail-kvgmc6g5 gmail-cxmmr5t8 gmail-oygrvhab gmail-hcukyx3x gmail-jb3vyjys gmail-rz4wbd8a gmail-qt6c0cv9 gmail-a8nywdso gmail-i1ao9s8h esuyzwwr gmail-f1sip0of gmail-lzcic4wl gmail-gpro0wi8 gmail-py34i1dx\" tabindex=\"0\" title=\"https:\/\/www.dgc.gov.it\/spa\/public\/reqauth?fbclid=IwAR2t-McTpaoFD4aK0gNnmY67Y41X6cs_Vj70Zq08HfQhvai8Cu4qh1NQjp0\" role=\"link\" href=\"https:\/\/www.dgc.gov.it\/spa\/public\/reqauth?fbclid=IwAR2t-McTpaoFD4aK0gNnmY67Y41X6cs_Vj70Zq08HfQhvai8Cu4qh1NQjp0\" target=\"_blank\" rel=\"nofollow noopener\">https:\/\/www.dgc.gov.it\/spa\/public\/reqauth <\/a>nel campo &#8220;data evento&#8221; inserire la data del primo tampone positivo; in alternativa, rivolgersi ad una farmacia del territorio muniti di tessera sanitaria e chiedere lo scarico del green pass, scarico che il farmacista pu\u00f2 eseguire anche senza codice. Si ricorda che il certificato di green pass, dopo il rilascio, \u00e8 disponibile nell\u2019applicazione gratuita IO.<\/p>\n<p>&nbsp;<\/p>\n<p>&nbsp;<\/p>\n<hr \/>\n<p>&nbsp;<\/p>\n<blockquote>\n<h3>ASSESSORE MARCATO INCONTRA TAVOLO CATEGORIE ECONOMICHE SU RINCARI<\/h3>\n<\/blockquote>\n<p><strong><a href=\"https:\/\/www.radiopiu.net\/wordpress\/giornale-radiopiu-26-marzo-2021-direttore-mirko-mezzacasa\/538-2021-marcato-in-xi-commissione-stato-regioni\/\" rel=\"attachment wp-att-199255\"><img loading=\"lazy\" decoding=\"async\" class=\" wp-image-199255 alignleft\" src=\"https:\/\/www.radiopiu.net\/wordpress\/wp-content\/uploads\/2021\/03\/538-2021-Marcato-in-XI-Commissione-Stato-Regioni-300x263.jpeg\" alt=\"\" width=\"217\" height=\"190\" srcset=\"https:\/\/www.radiopiu.net\/wordpress\/wp-content\/uploads\/2021\/03\/538-2021-Marcato-in-XI-Commissione-Stato-Regioni-300x263.jpeg 300w, https:\/\/www.radiopiu.net\/wordpress\/wp-content\/uploads\/2021\/03\/538-2021-Marcato-in-XI-Commissione-Stato-Regioni-768x674.jpeg 768w, https:\/\/www.radiopiu.net\/wordpress\/wp-content\/uploads\/2021\/03\/538-2021-Marcato-in-XI-Commissione-Stato-Regioni.jpeg 875w\" sizes=\"auto, (max-width: 217px) 100vw, 217px\" \/><\/a>VENEZIA <\/strong>\u00a0\u201c<em>Ho raccolto la forte preoccupazione per nostro sistema economico \u2013 spiega Marcato al termine <\/em>\u00a0L\u2019assessore Marcato ha proposto di far sintesi delle richieste per procedere in sede istituzionale. \u201c<em>Chieder\u00f2 con urgenza la convocazione della commissione per attivit\u00e0 produttive e sviluppo economico in sede di Conferenza Stato Regioni. L\u2019obiettivo \u00e8 condividere un documento unico da inviare al Governo. Il Veneto, assieme a Emilia Romagna e Lombardia, \u00e8 la locomotiva d\u2019Italia e se queste regioni perdono il trend positivo di rimbalzo economico il Paese intero rischia di collassare<\/em>\u201d.<\/p>\n<p>&nbsp;<\/p>\n<p>&nbsp;<\/p>\n<p>&nbsp;<\/p>\n<p>&nbsp;<\/p>\n<hr \/>\n<p>&nbsp;<\/p>\n<h3>SVILUPPO DEI TERRITORI, L&#8217;ORA DEL PATTO<\/h3>\n<blockquote><p><em>Alpago, Chies d\u2019Alpago, Ponte nelle Alpi, Tambre e Soverzene: i Comuni danno vita a un patto di collaborazione per lo sviluppo dei territori, il turismo, la mobilit\u00e0 sostenibile, l\u2019inclusione e le infrastrutture. Primo passo? I 5 milioni di euro del bando \u201cRigenerazione urbana\u201d del Pnrr. \u00a0L\u2019area abbraccia 18mila abitanti e alcune perle ambientali della provincia e della regione: Lago di Santa Croce, Cansiglio, Coi de Pera, Monti Dolada e Frusseda, Oltrerai ed eco-museo del Piave.\u00a0<\/em><\/p><\/blockquote>\n<p>&nbsp;<\/p>\n<p><strong><a href=\"https:\/\/www.radiopiu.net\/wordpress\/quando-i-sogni-si-avverano-allo-zero-termico-ce-lucia\/incontro_nel_municipio_di_ponte-1\/\" rel=\"attachment wp-att-256424\"><img loading=\"lazy\" decoding=\"async\" class=\"size-medium wp-image-256424 alignleft\" src=\"https:\/\/www.radiopiu.net\/wordpress\/wp-content\/uploads\/2022\/01\/Incontro_nel_municipio_di_Ponte-1-300x161.jpg\" alt=\"\" width=\"300\" height=\"161\" srcset=\"https:\/\/www.radiopiu.net\/wordpress\/wp-content\/uploads\/2022\/01\/Incontro_nel_municipio_di_Ponte-1-300x161.jpg 300w, https:\/\/www.radiopiu.net\/wordpress\/wp-content\/uploads\/2022\/01\/Incontro_nel_municipio_di_Ponte-1-1024x548.jpg 1024w, https:\/\/www.radiopiu.net\/wordpress\/wp-content\/uploads\/2022\/01\/Incontro_nel_municipio_di_Ponte-1-768x411.jpg 768w, https:\/\/www.radiopiu.net\/wordpress\/wp-content\/uploads\/2022\/01\/Incontro_nel_municipio_di_Ponte-1-1536x822.jpg 1536w, https:\/\/www.radiopiu.net\/wordpress\/wp-content\/uploads\/2022\/01\/Incontro_nel_municipio_di_Ponte-1.jpg 1638w\" sizes=\"auto, (max-width: 300px) 100vw, 300px\" \/><\/a>PONTE NELLE ALPI<\/strong>\u00a0 I cinque Comuni di Alpago, Chies d\u2019Alpago, Ponte nelle Alpi, Tambre e Soverzene, con le rispettive amministrazioni e i tecnici, si sono riuniti nella sala consiliare del municipio di Ponte, sottoscrivendo un percorso d\u2019insieme. L\u2019asse \u00e8 legato in particolare alla rete di piste ciclabili e alla promozione dei territori: i primi interventi sono gi\u00e0 tangibili con il cantiere della ciclabile Soverzene-Soccher, che porta al Lago di Santa Croce (l\u2019opera da 1 milione di euro verr\u00e0 conclusa nell\u2019aprile 2022), e i lavori di sistemazione e manutenzione straordinaria della stazione dell\u2019Alpago.\u00a0 L\u2019impegno programmatico prevede interessanti anelli e circuiti per i biker anche verso la provincia di Treviso e l\u2019area del Piancavallo in Friuli Venezia Giulia, ottimizzando il servizio della stazione di Ponte nelle Alpi che, grazie alla nuova elettrificazione, sar\u00e0 punto di scalo per i treni speciali di trasporto delle biciclette.\u00a0 Altro obiettivo del tavolo di lavoro \u00e8 la sistemazione della sentieristica che collega i cinque comuni tra i monti Frusseda, Dolada, il Nevegal e il Cansiglio, con il <img loading=\"lazy\" decoding=\"async\" class=\"alignright\" src=\"https:\/\/www.radiopiu.net\/wordpress\/wp-content\/uploads\/2022\/01\/Patto_tra_5_Comuni-1.jpg\" width=\"232\" height=\"218\" \/>supporto delle istituzioni e delle associazioni, le quali, da tempo, si occupano di promozione e cura del territorio, sostenendo e valorizzando aziende e categorie che investono sulla produzione locale e autoctona.<\/p>\n<blockquote><p><em>\u00a0\u00abUn\u2019opportunit\u00e0 importante per le nostre comunit\u00e0 che sono un patrimonio di bellezze e tradizioni per l\u2019intera provincia di Belluno e la regione Veneto. E rappresentano la porta delle Dolomiti &#8211; hanno commentato i sindaci Burigo, Dal Borgo, Facchin, Peterle e Vendramini -. Il lavoro di squadra permette di produrre progetti di qualit\u00e0 e molto significativi\u00bb.\u00a0 <\/em>Tra i primi obiettivi, il bando Pnrr di 5 milioni di euro per la rigenerazione urbana che prevede il miglioramento dell\u2019offerta turistica, del decoro urbano dei paesi, delle infrastrutture:<em> \u00ab\u00c8 una scommessa fondamentale &#8211; hanno concluso gli amministratori presenti all\u2019incontro &#8211; ci crediamo fortemente. Lavorando in modo corale, si possono raggiungere risultati concreti ed eccellenti. Siamo aperti a tutte le collaborazioni, anche con altri Comuni, perch\u00e9 riteniamo che queste iniziative rappresentino un valore aggiunto per l\u2019intero Bellunese\u00bb.<\/em><\/p><\/blockquote>\n<p>&nbsp;<\/p>\n<p>&nbsp;<\/p>\n<hr \/>\n<blockquote>\n<h3>L&#8217;UNIONE MONTANA CHIAMATA AD APPROVARE LA CONVENZIONE PER IL MUSEO DI CESIOMAGGIORE<\/h3>\n<\/blockquote>\n<p><strong>AGORDO<\/strong> Lunedi alle 20 consiglio dell&#8217;Unione Montana in sala Don Tamis, all&#8217;ordine del giorno il regolamento dei controlli interni, l&#8217;approvazione del Dup (Documento Unico di Programmazione 2022-24) approvazione bilancio di previsioe 22-24 e approvazione dello schema di convenzione per la gestione del museo etnografico della provincia di Belluno e del Parco Nazionale delle Dolomiti Bellunesi nel sito di Seravella di Cesiomaggiore, triennio 2022-24.<\/p>\n<p>&nbsp;<\/p>\n<hr \/>\n<p>&nbsp;<\/p>\n<blockquote>\n<h3>SOPRALLUOGO AL NEGRELLI, L&#8217;INCONTRO DEL PRESIDENTE DELLA PROVINCIA CON IL PRESIDE<\/h3>\n<\/blockquote>\n<p><strong>BELLUNO<\/strong> Il presidente della Provincia di Belluno Roberto Padrin all\u2019istituto Negrelli di Feltre, dove nel fine settimana si \u00e8 verificato un episodio di effrazione.<em> \u00abLa scuola &#8211; dice Padrin &#8211; non pu\u00f2 fermarsi di fronte a un episodio che danneggia tutti. Registro con soddisfazione l\u2019atmosfera serena che ho respirato all\u2019interno dell\u2019istituto. Di questo ringrazio il preside e i suoi collaboratori, perch\u00e9 se la Provincia ce la mette tutta per avere strutture scolastiche accoglienti, \u00e8 merito del personale scolastico farle funzionare in maniera efficiente e costruttiva. Proprio per questo stiamo studiando una riqualificazione ampia del Negrelli, che potrebbe essere una delle scuole che beneficiano dei fondi Pnrr\u00bb.<\/em><\/p>\n<p><strong>IL PRESIDENTE DELLA PROVINCIA DI BELLUNO ROBERTO PADRIN<\/strong><\/p>\n<audio class=\"wp-audio-shortcode\" id=\"audio-256373-4\" preload=\"none\" style=\"width: 100%;\" controls=\"controls\"><source type=\"audio\/mpeg\" src=\"https:\/\/www.radiopiu.net\/wordpress\/wp-content\/uploads\/2022\/01\/PADRIN-NEGRELLI.mp3?_=4\" \/><a href=\"https:\/\/www.radiopiu.net\/wordpress\/wp-content\/uploads\/2022\/01\/PADRIN-NEGRELLI.mp3\">https:\/\/www.radiopiu.net\/wordpress\/wp-content\/uploads\/2022\/01\/PADRIN-NEGRELLI.mp3<\/a><\/audio>\n<p>&nbsp;<\/p>\n\n\t\t\t<style type='text\/css'>\n\t\t\t\t#gallery-2 {\n\t\t\t\t\tmargin: auto;\n\t\t\t\t}\n\t\t\t\t#gallery-2 .gallery-item {\n\t\t\t\t\tfloat: left;\n\t\t\t\t\tmargin-top: 10px;\n\t\t\t\t\ttext-align: center;\n\t\t\t\t\twidth: 33%;\n\t\t\t\t}\n\t\t\t\t#gallery-2 img {\n\t\t\t\t\tborder: 2px solid #cfcfcf;\n\t\t\t\t}\n\t\t\t\t#gallery-2 .gallery-caption {\n\t\t\t\t\tmargin-left: 0;\n\t\t\t\t}\n\t\t\t\t\/* see gallery_shortcode() in wp-includes\/media.php *\/\n\t\t\t<\/style>\n\t\t<div id='gallery-2' class='dt-gallery-container gallery galleryid-256373 gallery-columns-3 gallery-size-thumbnail'><dl class='gallery-item'>\n\t\t\t\t<dt class='gallery-icon landscape'>\n\t\t\t\t\t<a class=\"rollover rollover-zoom dt-pswp-item\" title=\"IMG_2976\" data-dt-img-description=\"\" data-large_image_width=\"2016\" data-large_image_height=\"1512\"href='https:\/\/www.radiopiu.net\/wordpress\/wp-content\/uploads\/2022\/01\/IMG_2976.jpg'><img loading=\"lazy\" decoding=\"async\" width=\"150\" height=\"150\" src=\"https:\/\/www.radiopiu.net\/wordpress\/wp-content\/uploads\/2022\/01\/IMG_2976-150x150.jpg\" class=\"attachment-thumbnail size-thumbnail\" alt=\"\" \/><\/a>\n\t\t\t\t<\/dt><\/dl><dl class='gallery-item'>\n\t\t\t\t<dt class='gallery-icon landscape'>\n\t\t\t\t\t<a class=\"rollover rollover-zoom dt-pswp-item\" title=\"IMG_2978\" data-dt-img-description=\"\" data-large_image_width=\"2016\" data-large_image_height=\"1512\"href='https:\/\/www.radiopiu.net\/wordpress\/wp-content\/uploads\/2022\/01\/IMG_2978.jpg'><img loading=\"lazy\" decoding=\"async\" width=\"150\" height=\"150\" src=\"https:\/\/www.radiopiu.net\/wordpress\/wp-content\/uploads\/2022\/01\/IMG_2978-150x150.jpg\" class=\"attachment-thumbnail size-thumbnail\" alt=\"\" \/><\/a>\n\t\t\t\t<\/dt><\/dl><dl class='gallery-item'>\n\t\t\t\t<dt class='gallery-icon landscape'>\n\t\t\t\t\t<a class=\"rollover rollover-zoom dt-pswp-item\" title=\"IMG_2982\" data-dt-img-description=\"\" data-large_image_width=\"2016\" data-large_image_height=\"1512\"href='https:\/\/www.radiopiu.net\/wordpress\/wp-content\/uploads\/2022\/01\/IMG_2982.jpg'><img loading=\"lazy\" decoding=\"async\" width=\"150\" height=\"150\" src=\"https:\/\/www.radiopiu.net\/wordpress\/wp-content\/uploads\/2022\/01\/IMG_2982-150x150.jpg\" class=\"attachment-thumbnail size-thumbnail\" alt=\"\" \/><\/a>\n\t\t\t\t<\/dt><\/dl><br style=\"clear: both\" \/>\n\t\t\t<\/div>\n\n<p>&nbsp;<\/p>\n<p>&nbsp;<\/p>\n<hr \/>\n<p>&nbsp;<\/p>\n<blockquote>\n<h3>VANDALISMI E RISSE. GIDONI (LEGA): &#8220;OCCORRE UNA TASK FORCE TRA FORZE DELL&#8217;ORDINE, SCUOLA E SERVIZI SOCIALI&#8221;<\/h3>\n<\/blockquote>\n<p><strong><a href=\"https:\/\/www.radiopiu.net\/wordpress\/giornale-radiopiu-05-ottobre-2019-direttore-mirko-mezzacasa\/1435664134094_gidoni_franco-2\/\" rel=\"attachment wp-att-101299\"><img loading=\"lazy\" decoding=\"async\" class=\"wp-image-101299 alignleft\" src=\"https:\/\/www.radiopiu.net\/wordpress\/wp-content\/uploads\/2019\/10\/1435664134094_Gidoni_Franco-218x300.jpg\" alt=\"\" width=\"95\" height=\"131\" srcset=\"https:\/\/www.radiopiu.net\/wordpress\/wp-content\/uploads\/2019\/10\/1435664134094_Gidoni_Franco-218x300.jpg 218w, https:\/\/www.radiopiu.net\/wordpress\/wp-content\/uploads\/2019\/10\/1435664134094_Gidoni_Franco.jpg 254w\" sizes=\"auto, (max-width: 95px) 100vw, 95px\" \/><\/a>BELLUNO<\/strong> Scuole vandalizzate, risse, disprezzo del bene pubblico e incivilt\u00e0. A Belluno come a Feltre e non solo.Gli ultimi episodi hanno reso evidente come ormai non si tratti pi\u00f9 di casi isolati, di gruppi circoscritti di giovani, ma come il disagio sia diffuso e sfoci in violenza e bullismo con una frequenza crescente che preoccupa. Maggiori controlli delle forze dell&#8217;ordine, segnalazione alle stesse da parte delle scuole e interazione con i servizi sociali sono, secondo Gidoni, l&#8217;unico modo per prevenire con un lavoro di squadra il problema.<\/p>\n<p><strong>FRANCO GIDONI, COMMISSARIO PROVINCIALE DELLA LEGA<\/strong><\/p>\n<audio class=\"wp-audio-shortcode\" id=\"audio-256373-5\" preload=\"none\" style=\"width: 100%;\" controls=\"controls\"><source type=\"audio\/mpeg\" src=\"https:\/\/www.radiopiu.net\/wordpress\/wp-content\/uploads\/2022\/01\/Gidoni-su-disagio-giovani.mp3?_=5\" \/><a href=\"https:\/\/www.radiopiu.net\/wordpress\/wp-content\/uploads\/2022\/01\/Gidoni-su-disagio-giovani.mp3\">https:\/\/www.radiopiu.net\/wordpress\/wp-content\/uploads\/2022\/01\/Gidoni-su-disagio-giovani.mp3<\/a><\/audio>\n<p>&nbsp;<\/p>\n<hr \/>\n<p>&nbsp;<\/p>\n<blockquote>\n<h3>CONTRIBUTI ALLE ASSOCIAZIONI, ASSEGNATI 43 MILA EURO A SOSTEGNO DELL&#8217;ATTIVIT\u00c0 DEL 2021<\/h3>\n<\/blockquote>\n<p><strong>FELTRE <\/strong>Con una delibera di giunta approvata nell&#8217;ultima seduta, l&#8217;Amministrazione ha dato il via libera alla graduatoria per l&#8217;assegnazione dei contributi alle associazioni operanti nel territorio comunale relativi all&#8217;attivit\u00e0 del 2021. La Commissione tecnica ha proceduto nei giorni scorsi alla valutazione delle domande ammesse ai benefici economici previsti dal regolamento vigente, sulla base della rendicontazione presentata dalle associazioni. I\u00a0contributi ad associazioni culturali, sociali, assistenziali che operano nel territorio feltrino ammontano a 20 mila euro mentre alle associazioni sportive sono state invece assegnati, come previsto dall&#8217;avviso pubblico, contributi per un totale di 23 mila euro.<\/p>\n<p><strong>IL PRESIDENTE DEL CONSIGLIO COMUNALE MANUEL SACCHET<\/strong><\/p>\n<audio class=\"wp-audio-shortcode\" id=\"audio-256373-6\" preload=\"none\" style=\"width: 100%;\" controls=\"controls\"><source type=\"audio\/mpeg\" src=\"https:\/\/www.radiopiu.net\/wordpress\/wp-content\/uploads\/2022\/01\/Audio-Sacchet-su-associazioni.mp3?_=6\" \/><a href=\"https:\/\/www.radiopiu.net\/wordpress\/wp-content\/uploads\/2022\/01\/Audio-Sacchet-su-associazioni.mp3\">https:\/\/www.radiopiu.net\/wordpress\/wp-content\/uploads\/2022\/01\/Audio-Sacchet-su-associazioni.mp3<\/a><\/audio>\n<p>&nbsp;<\/p>\n<hr \/>\n<p>&nbsp;<\/p>\n<blockquote>\n<h3>IL PRESIDENTE DELLA PROVINCIA VISITA LA SEDE DEL LIBRO PARLATO<\/h3>\n<\/blockquote>\n<p><strong><a href=\"https:\/\/www.radiopiu.net\/wordpress\/giornale-radiopiu-28-gennaio-2022-direttore-mirko-mezzacasa\/libro-parlato-1-1\/\" rel=\"attachment wp-att-256467\"><img loading=\"lazy\" decoding=\"async\" class=\"size-medium wp-image-256467 alignleft\" src=\"https:\/\/www.radiopiu.net\/wordpress\/wp-content\/uploads\/2022\/01\/Libro-Parlato-1-1-300x225.jpg\" alt=\"\" width=\"300\" height=\"225\" srcset=\"https:\/\/www.radiopiu.net\/wordpress\/wp-content\/uploads\/2022\/01\/Libro-Parlato-1-1-300x225.jpg 300w, https:\/\/www.radiopiu.net\/wordpress\/wp-content\/uploads\/2022\/01\/Libro-Parlato-1-1-1024x768.jpg 1024w, https:\/\/www.radiopiu.net\/wordpress\/wp-content\/uploads\/2022\/01\/Libro-Parlato-1-1-768x576.jpg 768w, https:\/\/www.radiopiu.net\/wordpress\/wp-content\/uploads\/2022\/01\/Libro-Parlato-1-1-1536x1152.jpg 1536w, https:\/\/www.radiopiu.net\/wordpress\/wp-content\/uploads\/2022\/01\/Libro-Parlato-1-1-2048x1536.jpg 2048w\" sizes=\"auto, (max-width: 300px) 100vw, 300px\" \/><\/a>FELTRE<\/strong>\u00a0 <em>\u00abIl Centro internazionale del Libro Parlato \u00e8 un\u2019eccellenza assoluta del Bellunese. Sui temi dell\u2019inclusione dobbiamo costruire la provincia del futuro. E le Paralimpiadi ci daranno una grande spinta\u00bb.<\/em> Cos\u00ec il presidente della Provincia di Belluno Roberto Padrin che ha visitato il Cilp di Feltre, che grazie a oltre 400 volontari \u201cdonatori di voce\u201d di tutta Italia raccoglie pi\u00f9 di 15mila volumi di libri e riviste \u201cparlate\u201d.\u00a0 A illustrare le attivit\u00e0 del Centro, con una visita alle sale di registrazione, agli uffici e alla saletta didattica \u201cFlavio Devetag\u201d messa a disposizione della cittadinanza, \u00e8 stata la presidente Luisa Alchini, con il suo staff (in particolare la vice direttrice Emanuela De Bacco, e la donatrice di voce Loredana Borghetto).<\/p>\n<blockquote><p><em>\u00abHo visto un lavoro enorme e un grande impegno. Il Cilp intende realizzare un\u2019iniziativa inclusiva di avvicinamento ai Giochi. Da parte nostra il massimo appoggio e collaborazione piena, per studiare insieme l\u2019idea. La provincia di Belluno deve diventare la pi\u00f9 accessibile e inclusiva d\u2019Italia. E pu\u00f2 farlo perch\u00e9 ha ottimi partner attivi in questi campi, come il Centro del Libro Parlato\u00bb.\u00a0<\/em><\/p><\/blockquote>\n<p><strong>PADRIN ALLA RADIO\u00a0<\/strong><\/p>\n<audio class=\"wp-audio-shortcode\" id=\"audio-256373-7\" preload=\"none\" style=\"width: 100%;\" controls=\"controls\"><source type=\"audio\/mpeg\" src=\"https:\/\/www.radiopiu.net\/wordpress\/wp-content\/uploads\/2022\/01\/padrin.mp3?_=7\" \/><a href=\"https:\/\/www.radiopiu.net\/wordpress\/wp-content\/uploads\/2022\/01\/padrin.mp3\">https:\/\/www.radiopiu.net\/wordpress\/wp-content\/uploads\/2022\/01\/padrin.mp3<\/a><\/audio>\n<p>&nbsp;<\/p>\n<hr \/>\n<p>&nbsp;<\/p>\n<blockquote>\n<h3>INCONTRO ONLINE IN OCCASIONE DELLA GIORNATA DELLA MEMORIA<\/h3>\n<\/blockquote>\n<p><strong>BELLUNO <\/strong>In occasione del Giorno della Memoria, l\u2019Isbrec, in collaborazione con Comune di Belluno, Provincia di Belluno, Anpi di Belluno e Ass. Naz. Reduci dalla Prigionia, organizza l\u2019incontro &#8220;Lavorare per il Reich. La deportazione nel quadro dell\u2019economia di guerra tedesca&#8221;. L\u2019incontro si terr\u00e0 online oggi alle ore 17.30 e vedr\u00e0 la partecipazione di Roberto Padrin (Presidente della Provincia di Belluno), Francesco Rasera Berna (Presidente del Consiglio comunale di Belluno) che porteranno i saluti istituzionali delle Amministrazioni, Brunello Mantelli (Universit\u00e0 della Calabria) con un intervento dal titolo &#8220;Deportati in KL, internati militari, lavoratori civili\/coatti. Le ragioni di una mostra on-line&#8221; e Adriana Lotto (Isbrec) che affronter\u00e0 il tema de &#8220;La deportazione dal Bellunese&#8221;. Moderatore Enrico Bacchetti.<\/p>\n<p>&nbsp;<\/p>\n<p>&nbsp;<\/p>\n<hr \/>\n<p>&nbsp;<\/p>\n<blockquote>\n<h3>GLI ALPINI DI BELLUNO CELEBRANO LA GIORNATA DELLA MEMORIA<\/h3>\n<\/blockquote>\n<p><strong><a href=\"https:\/\/www.radiopiu.net\/wordpress\/giornale-radiopiu-02-ottobre-2018-direttore-mirko-mezzacasa\/ana-alpini\/\" rel=\"attachment wp-att-62421\"><img loading=\"lazy\" decoding=\"async\" class=\"size-full wp-image-62421 alignleft\" src=\"https:\/\/www.radiopiu.net\/wordpress\/wp-content\/uploads\/2018\/10\/ana-alpini.png\" alt=\"\" width=\"225\" height=\"225\" srcset=\"https:\/\/www.radiopiu.net\/wordpress\/wp-content\/uploads\/2018\/10\/ana-alpini.png 225w, https:\/\/www.radiopiu.net\/wordpress\/wp-content\/uploads\/2018\/10\/ana-alpini-150x150.png 150w\" sizes=\"auto, (max-width: 225px) 100vw, 225px\" \/><\/a>BELLUNO<\/strong> Dopo l\u2019incontro sul futuro associativo con il presidente nazionale Sebastiano Favero la Sezione A.N.A. di Belluno apre ufficialmente le manifestazioni in calendario per l\u2019anno in corso con la celebrazione in sede locale della \u201cGiornata della memoria e del sacrificio alpino\u201d, istituita dal Parlamento italiano e fissata annualmente per il 26 gennaio. L\u2019appuntamento e\u0300 in programma per domani alle 10:30 nel Tempio Ossario di S. Maria Immacolata di Mussoi che accoglie i resti dei caduti della prima guerra mondiale. Alla cerimonia sono invitati, oltre alle delegazioni dei 44 Gruppi della Sezione, le rappresentanze delle associazioni combattentistiche e d\u2019arma. Il rito religioso sara\u0300 concelebrato dal parroco don Esterino Biesuz, che presto\u0300 servizio militare nel 7\u00b0 Reggimento Alpini, e da mons. Sandro Capraro, assistente spirituale della Sezione. \u00ab<em>E\u2019 un\u2019iniziativa alla prima edizione &#8211; sostiene il presidente Lino De Pra &#8211; con la quale vogliamo ricordare, nella \u201cGiornata\u201d a loro dedicata, non solo i caduti e i dispersi della battaglia di Nikolajewka del gennaio 1943 in terra russa, ma anche ogni penna nera \u201candata avanti\u201d in guerra e in pace a cui dobbiamo la nostra riconoscenza<\/em>\u00bb.<\/p>\n<p>&nbsp;<\/p>\n<p>&nbsp;<\/p>\n<hr \/>\n<p>&nbsp;<\/p>\n<blockquote>\n<h3>DALL&#8217;UNGHERIA A VERONA PASSANDO PER SOTTOGUDA, LE CITTA&#8217; DALLA NOTTE IN ROSA<\/h3>\n<\/blockquote>\n<p><strong><a href=\"https:\/\/www.radiopiu.net\/wordpress\/dallungheria-a-verona-passando-per-sottoguda-le-citta-dalla-notte-in-rosa\/8ced85b2-678d-4396-9cd1-698d1d0c86cc\/\" rel=\"attachment wp-att-256517\"><img loading=\"lazy\" decoding=\"async\" class=\"size-medium wp-image-256517 alignleft\" src=\"https:\/\/www.radiopiu.net\/wordpress\/wp-content\/uploads\/2022\/01\/8ced85b2-678d-4396-9cd1-698d1d0c86cc-200x300.jpg\" alt=\"\" width=\"200\" height=\"300\" srcset=\"https:\/\/www.radiopiu.net\/wordpress\/wp-content\/uploads\/2022\/01\/8ced85b2-678d-4396-9cd1-698d1d0c86cc-200x300.jpg 200w, https:\/\/www.radiopiu.net\/wordpress\/wp-content\/uploads\/2022\/01\/8ced85b2-678d-4396-9cd1-698d1d0c86cc-682x1024.jpg 682w, https:\/\/www.radiopiu.net\/wordpress\/wp-content\/uploads\/2022\/01\/8ced85b2-678d-4396-9cd1-698d1d0c86cc-768x1153.jpg 768w, https:\/\/www.radiopiu.net\/wordpress\/wp-content\/uploads\/2022\/01\/8ced85b2-678d-4396-9cd1-698d1d0c86cc-1023x1536.jpg 1023w, https:\/\/www.radiopiu.net\/wordpress\/wp-content\/uploads\/2022\/01\/8ced85b2-678d-4396-9cd1-698d1d0c86cc.jpg 1066w\" sizes=\"auto, (max-width: 200px) 100vw, 200px\" \/><\/a><\/strong><\/p>\n<p>&nbsp;<\/p>\n<p>&nbsp;<\/p>\n<p><strong>ROCCA PIETORE<\/strong> A cento giorni dalla partenza del Giro d&#8217;Italia da Budapest, tutte le citt\u00e0 del Giro d&#8217;Italia hanno illuminato di rosa le loro bellezze.\u00a0 Ventuno sono le citt\u00e0 che ospiteranno una delle 21 tappe, ma 105 sono le localit\u00e0 accarezzate dal Giro che illumineranno i monumenti caratteristici. Non poteva certo mancare Rocca Pietore con il suo Borgo di Sottoguda ai piedi dell&#8217;arrivo in Marmolada. Quindi sar\u00e0 illuminata la Chiesa di Santa Maria Maddalena (foto) cos\u00ec come il Teatro Comunale a Belluno.<\/p>\n<p>&nbsp;<\/p>\n<p>&nbsp;<\/p>\n<p>&nbsp;<\/p>\n<p>&nbsp;<\/p>\n<p>&nbsp;<\/p>\n<hr \/>\n<p>&nbsp;<\/p>\n<p>&nbsp;<\/p>\n<blockquote class=\"wp-embedded-content\" data-secret=\"R6Q0CwKPHV\"><p><a href=\"https:\/\/www.radiopiu.net\/wordpress\/pagina-di-storia-il-crollo-del-cor-memorabile-1-di-aprile-alla-radio\/\">PAGINA DI STORIA, IL CROLLO DEL COR&#8230; MEMORABILE 1 DI APRILE ALLA RADIO.<\/a><\/p><\/blockquote>\n<p><iframe loading=\"lazy\" class=\"wp-embedded-content\" sandbox=\"allow-scripts\" security=\"restricted\" style=\"position: absolute; clip: rect(1px, 1px, 1px, 1px);\" title=\"&#8220;PAGINA DI STORIA, IL CROLLO DEL COR&#8230; MEMORABILE 1 DI APRILE ALLA RADIO.&#8221; &#8212; Radio Pi\u00f9\" src=\"https:\/\/www.radiopiu.net\/wordpress\/pagina-di-storia-il-crollo-del-cor-memorabile-1-di-aprile-alla-radio\/embed\/#?secret=R6Q0CwKPHV\" data-secret=\"R6Q0CwKPHV\" width=\"600\" height=\"338\" frameborder=\"0\" marginwidth=\"0\" marginheight=\"0\" scrolling=\"no\"><\/iframe><\/p>\n<p>&nbsp;<\/p>\n<hr \/>\n<p>&nbsp;<\/p>\n<blockquote>\n<h3>SELVA DI CADORE: L\u2019IMPORTANZA DELLA CASA<\/h3>\n<\/blockquote>\n<p><strong>di RENATO BONA\u00a0<\/strong><\/p>\n<p>\u201cChi non possedeva una casa faceva di tutto per costruirsela. Un po\u2019 alla volta, da solo o con l\u2019aiuto dei familiari e assai spesso anche dei vicini e amici, preparava prima d tutto i sassi. Ci sono ancora, lungo il torrente Loschiesuoi, sopra Toffol, dei mucchi di sassi preparati per la costruzione di case. Poi si preparava la calce: nelle \u2018caucere\u2019 o \u2018kalk\u00e8re\u2019 venivano sistemasti in strati sovrapposti i sassi appositamente scelti e la legna e si procedeva alla \u2018cottura\u2019 ottenendo la calce viva, che veniva riposta in apposite buche, dove veniva conservata anche per molto tempo e da dove si prelevava il quantitativo necessario per i lavori di costruzione della casa o per i lavori di riparazione e di manutenzione: imbiancatura, ripristino delle malte, ecc.\u201d. Lorenzo Dell\u2019Andrea (nella prima foto), sacerdote, docente, giornalista e scrittore , un personale amico che gode di generale, grande, meritato apprezzamento per l\u2019impegno profuso in tutti i campi nei quali si \u00e8 trovato ad operare, \u00e8 l\u2019autore del libro \u201cSelva di Cadore come era\u201d (in ladino: \u201cSelva da nosak\u00e0n\u201d, edito nel novembre 1993 &#8211; dopo la mostra fotografica dell\u2019agosto 1985 &#8211; con la bellunese tipografia Piave dall\u2019Union de i ladi\u00f1 de Selva, nel capitolo intitolato \u201cCase, stalle e fienili\u201d richiama, con quanto riportato in apertura, un fenomeno non esclusivo di Selva di Cadore. E ricorda che \u201cQuando incominci\u00f2 l\u2019emigrazione molti nostri compaesani, con i soldi guadagnati in Italia e all\u2019estero, per prima cosa hanno provveduto a costruirsi una casa nuova o a riattare e ammodernare le vecchie abitazioni\u201d e \u201cquando qualcuno restava senza casa, a motivo del fuoco o di qualche alluvione, la comunit\u00e0 con l\u2019aiuto delle Regole e del Comune, subito provvedeva ai bisogni urgenti: venivano indetti \u2018piodek\u2019 ed era assegnato un opportuno fabbisogno di legname per il rifabbrico. La pi\u00f9 grande disgrazia infatti era rimanere senza casa\u201d. Dopo questa premessa, eccoci a proporre un\u2019altra serie di belle immagini (foto e raccolta L. Dell\u2019Andrea), partendo da: \u201cUs de ciesa\u201d nella casa de i Padre a Toffol con 4 elementi tipici: in alto il batad\u00f3r in ferro che nella parte alta \u00e8 attaccato alla parete ed \u00e8 dotato di una cerniera e nella parte bassa ha uno spuntone in ferro che continua nella parte interna: il visitatore tira lo spuntone e batte (di qui batad\u00f3r) sulla piastra di ferro (mai) annunciando quindi il suo arrivo; pi\u00f9 sotto il saut\u00e9l, in legno, che azionava all\u2019interno un meccanismo che serviva a fermare la porta; poi la serratura, di cui si vede la grande toppa per le chiavi fatte a mano, infine in basso: la maniglia, in ferro battuto. Stessa casa: per garantire la sicurezza, oltre alla serratura (che si poteva azionare solo dall\u2019esterno, fabbricata localmente, di cui si verde a destra la piastra di protezione in ferro) si usava una grossa stanga di legno (pal) che sbarrava completamente la porta, prima di aprirla il \u2018pal\u2019 era fatto rientrare per tutta la sua lunghezza in un apposito buco nel muro laterale. Tocca quindi al portone del pianterreno della vecchia ciesa de i Deve\u00f1 a Toffol, demolito nella ristrutturazione del 1970. Non c\u2019era la soglia, sostituita dal selciato (sales\u00e0), che continuava, come in molti corridoi del pianterreni anche all\u2019interno; l\u2019apertura era ad arco a tutto sesto e gli stipiti laterali erano costituiti da grosse pietre. Il battente era in tavoloni di legno massiccio, in alto aveva il batad\u00f3r ed una finestrella in legno, apribile, mentre nella parte bassa c\u2019era una us\u00e9ta. Ed ora una finestra: quella della sagrestia di Santa Fosca. Per la quale Dell\u2019Andrea scriveva: \u201cLe finestre delle costruzioni pi\u00f9 antiche erano tutte piccole (forse per una migliore protezione dal freddo); gli stipiti in pietra con inserita una inferriata con un incastro assai elaborato e a maglie molto strette\u201d. Altra finestra proposta, con inferriata, di quelle esistenti fino al 1970 al pianterreno della vecchia ciesa de i Deve\u00f1 sempre a Toffol. \u201cE\u2019probabile che per le inferriate fosse utilizzato il ferro proveniente dalle miniere locali del Fursil (e forse di Gruoipa. in territorio di Selva) e fuso nei forni locali\u201d. Altra vecchia finestra con gli stipiti in legno al posto della tradizionale pietra; l\u2019inferriata presenta maglie pi\u00f9 larghe rispetto ad altre similari. Passiamo ora alla rotonda della ciesa da fu\u00f3k de la Cia de l Gusto, a Fiorentina, villaggio abitato fino all\u2019alluvione del 1966. L\u2019immagine successiva presenta la parte sporgente della ciesa da fu\u00f3k poteva essere rotonda, poligonale o anche quadrata, come questa della ciesa de ki de Kol\u00f2 a Toffol, dal tetto della quale Sergio Nicolai sta spalando la neve dopo l\u2019eccezionale nevicata di fine gennaio 1976. Segue la foto abbinata a questa dicitura: \u201cUn ingegnoso \u2018frigorifero\u2019 detto caun\u00e9t da l lat sulla ciesa dei Teta a Danuol. All\u2019esterno delle case, generalmente sul versante a nord, non esposto al sole e pi\u00f9 battuti dal vento e quindi pi\u00f9 freddo, era costruito una specie di armadio, con varie mensole, su cui dall\u2019interno venivano collocati generi alimentari da conservare al fresco (latte, burro ecc.); spesso vi si conservava anche il pane; la parte esterna dell\u2019\u201carmadio\u201d era costituita da una serie di listelli di legno, distanziati tra di loro in modo d permettere una forte e costante aerazione e refrigerazione. Un altro caun\u00e9t d l lat pi\u00f9 grande lo si vedeva all\u2019Agnol. Di nuovo a Toffol per l\u2019immagine del soffitto (o zel\u00f3r) del corridoio centrale al pianterreno della ci\u00e9sa de i Padre, in travatura a vista: una soluzione non solo funzionale ma anche di notevole valore estetico. Avviandoci alla conclusione di questa puntata proponiamo la foto di \u201cUn poggiolo a Franceschin con le palade del pedu\u00f3l lavorate con un motivo molto fine e di grande effetto estetico\u201d. Quella sulla ci\u00e9sa da la Negozia a Toffol, relativamente recente (infatti si \u00e8 aggiuta alla ci\u00e9sa de ki de Kol\u00f2 con cui utilizzava in comune i servizi igienici, accessibili dal corridoio centrale; tra gli elementi caratteristici: il poggiolo su due lati con la scala d\u2019accesso esterna e i due fori rotondi per l\u2019aerazione e la luce del sottotetto; sul poggiolo i gerani: un uso antico, oggi continuato e incrementato (raccolta Museo di Selva di Cadore). Da ultimo l\u2019immagine della casa Lorenzini de i Brosa a Pescul; la costruzione ha un aspetto massiccio che era ancor pi\u00f9 rilevante prima dell\u2019ingrandimento recente di alcune finestre; il portone ha gli stipiti in pietra nera e la specchiatura ha il centro in butad\u00f3r; la finestra del corridoio superiore al posto dei vetri ha una tavola munita di piccoli fori; in alto i due tipici fori rotondi delle case ladine; sopra la porta principale un affresco (affreschi e decorazioni \u2013 ricorda Dell\u2019Andrea &#8211; sono spesso presenti nelle vecchie case, sia all\u2019esterno che all\u2019interno) raffigurante la Madonna insieme ai due protettori della vallata: San Lorenzo, a sinistra, e Santa Fosca a destra; raccolta Museo di Selva di Cadore).<\/p>\n\n\t\t\t<style type='text\/css'>\n\t\t\t\t#gallery-3 {\n\t\t\t\t\tmargin: auto;\n\t\t\t\t}\n\t\t\t\t#gallery-3 .gallery-item {\n\t\t\t\t\tfloat: left;\n\t\t\t\t\tmargin-top: 10px;\n\t\t\t\t\ttext-align: center;\n\t\t\t\t\twidth: 16%;\n\t\t\t\t}\n\t\t\t\t#gallery-3 img {\n\t\t\t\t\tborder: 2px solid #cfcfcf;\n\t\t\t\t}\n\t\t\t\t#gallery-3 .gallery-caption {\n\t\t\t\t\tmargin-left: 0;\n\t\t\t\t}\n\t\t\t\t\/* see gallery_shortcode() in wp-includes\/media.php *\/\n\t\t\t<\/style>\n\t\t<div id='gallery-3' class='dt-gallery-container gallery galleryid-256373 gallery-columns-6 gallery-size-thumbnail'><dl class='gallery-item'>\n\t\t\t\t<dt class='gallery-icon portrait'>\n\t\t\t\t\t<a class=\"rollover rollover-zoom dt-pswp-item\" title=\"272143470_1290785121414769_6992303561885655677_n\" data-dt-img-description=\"\" data-large_image_width=\"113\" data-large_image_height=\"153\"href='https:\/\/www.radiopiu.net\/wordpress\/wp-content\/uploads\/2022\/01\/272143470_1290785121414769_6992303561885655677_n.jpg'><img loading=\"lazy\" decoding=\"async\" width=\"113\" height=\"150\" src=\"https:\/\/www.radiopiu.net\/wordpress\/wp-content\/uploads\/2022\/01\/272143470_1290785121414769_6992303561885655677_n-113x150.jpg\" class=\"attachment-thumbnail size-thumbnail\" alt=\"\" \/><\/a>\n\t\t\t\t<\/dt><\/dl><dl class='gallery-item'>\n\t\t\t\t<dt class='gallery-icon portrait'>\n\t\t\t\t\t<a class=\"rollover rollover-zoom dt-pswp-item\" title=\"272445155_278291504402442_2451558723365389106_n\" data-dt-img-description=\"\" data-large_image_width=\"155\" data-large_image_height=\"225\"href='https:\/\/www.radiopiu.net\/wordpress\/wp-content\/uploads\/2022\/01\/272445155_278291504402442_2451558723365389106_n.jpg'><img loading=\"lazy\" decoding=\"async\" width=\"150\" height=\"150\" src=\"https:\/\/www.radiopiu.net\/wordpress\/wp-content\/uploads\/2022\/01\/272445155_278291504402442_2451558723365389106_n-150x150.jpg\" class=\"attachment-thumbnail size-thumbnail\" alt=\"\" \/><\/a>\n\t\t\t\t<\/dt><\/dl><dl class='gallery-item'>\n\t\t\t\t<dt class='gallery-icon portrait'>\n\t\t\t\t\t<a class=\"rollover rollover-zoom dt-pswp-item\" title=\"271790843_350083680041765_3578878563922099024_n\" data-dt-img-description=\"\" data-large_image_width=\"155\" data-large_image_height=\"206\"href='https:\/\/www.radiopiu.net\/wordpress\/wp-content\/uploads\/2022\/01\/271790843_350083680041765_3578878563922099024_n.jpg'><img loading=\"lazy\" decoding=\"async\" width=\"150\" height=\"150\" src=\"https:\/\/www.radiopiu.net\/wordpress\/wp-content\/uploads\/2022\/01\/271790843_350083680041765_3578878563922099024_n-150x150.jpg\" class=\"attachment-thumbnail size-thumbnail\" alt=\"\" \/><\/a>\n\t\t\t\t<\/dt><\/dl><dl class='gallery-item'>\n\t\t\t\t<dt class='gallery-icon portrait'>\n\t\t\t\t\t<a class=\"rollover rollover-zoom dt-pswp-item\" title=\"272154398_1581388055563551_3007686749101692866_n\" data-dt-img-description=\"\" data-large_image_width=\"150\" data-large_image_height=\"247\"href='https:\/\/www.radiopiu.net\/wordpress\/wp-content\/uploads\/2022\/01\/272154398_1581388055563551_3007686749101692866_n.jpg'><img loading=\"lazy\" decoding=\"async\" width=\"150\" height=\"150\" src=\"https:\/\/www.radiopiu.net\/wordpress\/wp-content\/uploads\/2022\/01\/272154398_1581388055563551_3007686749101692866_n-150x150.jpg\" class=\"attachment-thumbnail size-thumbnail\" alt=\"\" \/><\/a>\n\t\t\t\t<\/dt><\/dl><dl class='gallery-item'>\n\t\t\t\t<dt class='gallery-icon portrait'>\n\t\t\t\t\t<a class=\"rollover rollover-zoom dt-pswp-item\" title=\"271909220_714185259564918_8967144408152256286_n\" data-dt-img-description=\"\" data-large_image_width=\"160\" data-large_image_height=\"224\"href='https:\/\/www.radiopiu.net\/wordpress\/wp-content\/uploads\/2022\/01\/271909220_714185259564918_8967144408152256286_n.jpg'><img loading=\"lazy\" decoding=\"async\" width=\"150\" height=\"150\" src=\"https:\/\/www.radiopiu.net\/wordpress\/wp-content\/uploads\/2022\/01\/271909220_714185259564918_8967144408152256286_n-150x150.jpg\" class=\"attachment-thumbnail size-thumbnail\" alt=\"\" \/><\/a>\n\t\t\t\t<\/dt><\/dl><dl class='gallery-item'>\n\t\t\t\t<dt class='gallery-icon landscape'>\n\t\t\t\t\t<a class=\"rollover rollover-zoom dt-pswp-item\" title=\"271746603_684347942719281_5651173186768955291_n\" data-dt-img-description=\"\" data-large_image_width=\"256\" data-large_image_height=\"206\"href='https:\/\/www.radiopiu.net\/wordpress\/wp-content\/uploads\/2022\/01\/271746603_684347942719281_5651173186768955291_n.jpg'><img loading=\"lazy\" decoding=\"async\" width=\"150\" height=\"150\" src=\"https:\/\/www.radiopiu.net\/wordpress\/wp-content\/uploads\/2022\/01\/271746603_684347942719281_5651173186768955291_n-150x150.jpg\" class=\"attachment-thumbnail size-thumbnail\" alt=\"\" \/><\/a>\n\t\t\t\t<\/dt><\/dl><br style=\"clear: both\" \/><dl class='gallery-item'>\n\t\t\t\t<dt class='gallery-icon portrait'>\n\t\t\t\t\t<a class=\"rollover rollover-zoom dt-pswp-item\" title=\"271756566_312028864307741_1763060039698512552_n\" data-dt-img-description=\"\" data-large_image_width=\"154\" data-large_image_height=\"225\"href='https:\/\/www.radiopiu.net\/wordpress\/wp-content\/uploads\/2022\/01\/271756566_312028864307741_1763060039698512552_n.jpg'><img loading=\"lazy\" decoding=\"async\" width=\"150\" height=\"150\" src=\"https:\/\/www.radiopiu.net\/wordpress\/wp-content\/uploads\/2022\/01\/271756566_312028864307741_1763060039698512552_n-150x150.jpg\" class=\"attachment-thumbnail size-thumbnail\" alt=\"\" \/><\/a>\n\t\t\t\t<\/dt><\/dl><dl class='gallery-item'>\n\t\t\t\t<dt class='gallery-icon portrait'>\n\t\t\t\t\t<a class=\"rollover rollover-zoom dt-pswp-item\" title=\"271616695_1033967437151948_2051494346543181951_n\" data-dt-img-description=\"\" data-large_image_width=\"153\" data-large_image_height=\"247\"href='https:\/\/www.radiopiu.net\/wordpress\/wp-content\/uploads\/2022\/01\/271616695_1033967437151948_2051494346543181951_n.jpg'><img loading=\"lazy\" decoding=\"async\" width=\"150\" height=\"150\" src=\"https:\/\/www.radiopiu.net\/wordpress\/wp-content\/uploads\/2022\/01\/271616695_1033967437151948_2051494346543181951_n-150x150.jpg\" class=\"attachment-thumbnail size-thumbnail\" alt=\"\" \/><\/a>\n\t\t\t\t<\/dt><\/dl><dl class='gallery-item'>\n\t\t\t\t<dt class='gallery-icon portrait'>\n\t\t\t\t\t<a class=\"rollover rollover-zoom dt-pswp-item\" title=\"272674277_357249325900710_8643485925846387298_n\" data-dt-img-description=\"\" data-large_image_width=\"158\" data-large_image_height=\"225\"href='https:\/\/www.radiopiu.net\/wordpress\/wp-content\/uploads\/2022\/01\/272674277_357249325900710_8643485925846387298_n.jpg'><img loading=\"lazy\" decoding=\"async\" width=\"150\" height=\"150\" src=\"https:\/\/www.radiopiu.net\/wordpress\/wp-content\/uploads\/2022\/01\/272674277_357249325900710_8643485925846387298_n-150x150.jpg\" class=\"attachment-thumbnail size-thumbnail\" alt=\"\" \/><\/a>\n\t\t\t\t<\/dt><\/dl><dl class='gallery-item'>\n\t\t\t\t<dt class='gallery-icon landscape'>\n\t\t\t\t\t<a class=\"rollover rollover-zoom dt-pswp-item\" title=\"272172466_5156319937721217_8737202231078096849_n\" data-dt-img-description=\"\" data-large_image_width=\"261\" data-large_image_height=\"206\"href='https:\/\/www.radiopiu.net\/wordpress\/wp-content\/uploads\/2022\/01\/272172466_5156319937721217_8737202231078096849_n.jpg'><img loading=\"lazy\" decoding=\"async\" width=\"150\" height=\"150\" src=\"https:\/\/www.radiopiu.net\/wordpress\/wp-content\/uploads\/2022\/01\/272172466_5156319937721217_8737202231078096849_n-150x150.jpg\" class=\"attachment-thumbnail size-thumbnail\" alt=\"\" \/><\/a>\n\t\t\t\t<\/dt><\/dl><dl class='gallery-item'>\n\t\t\t\t<dt class='gallery-icon landscape'>\n\t\t\t\t\t<a class=\"rollover rollover-zoom dt-pswp-item\" title=\"272644981_637063340681904_8539822275355882291_n\" data-dt-img-description=\"\" data-large_image_width=\"320\" data-large_image_height=\"199\"href='https:\/\/www.radiopiu.net\/wordpress\/wp-content\/uploads\/2022\/01\/272644981_637063340681904_8539822275355882291_n.jpg'><img loading=\"lazy\" decoding=\"async\" width=\"150\" height=\"150\" src=\"https:\/\/www.radiopiu.net\/wordpress\/wp-content\/uploads\/2022\/01\/272644981_637063340681904_8539822275355882291_n-150x150.jpg\" class=\"attachment-thumbnail size-thumbnail\" alt=\"\" \/><\/a>\n\t\t\t\t<\/dt><\/dl><dl class='gallery-item'>\n\t\t\t\t<dt class='gallery-icon landscape'>\n\t\t\t\t\t<a class=\"rollover rollover-zoom dt-pswp-item\" title=\"271864985_640869073886878_4083155682951680631_n\" data-dt-img-description=\"\" data-large_image_width=\"281\" data-large_image_height=\"206\"href='https:\/\/www.radiopiu.net\/wordpress\/wp-content\/uploads\/2022\/01\/271864985_640869073886878_4083155682951680631_n.jpg'><img loading=\"lazy\" decoding=\"async\" width=\"150\" height=\"150\" src=\"https:\/\/www.radiopiu.net\/wordpress\/wp-content\/uploads\/2022\/01\/271864985_640869073886878_4083155682951680631_n-150x150.jpg\" class=\"attachment-thumbnail size-thumbnail\" alt=\"\" \/><\/a>\n\t\t\t\t<\/dt><\/dl><br style=\"clear: both\" \/><dl class='gallery-item'>\n\t\t\t\t<dt class='gallery-icon landscape'>\n\t\t\t\t\t<a class=\"rollover rollover-zoom dt-pswp-item\" title=\"271921722_610361650042374_7413417714451521946_n\" data-dt-img-description=\"\" data-large_image_width=\"280\" data-large_image_height=\"201\"href='https:\/\/www.radiopiu.net\/wordpress\/wp-content\/uploads\/2022\/01\/271921722_610361650042374_7413417714451521946_n.jpg'><img loading=\"lazy\" decoding=\"async\" width=\"150\" height=\"150\" src=\"https:\/\/www.radiopiu.net\/wordpress\/wp-content\/uploads\/2022\/01\/271921722_610361650042374_7413417714451521946_n-150x150.jpg\" class=\"attachment-thumbnail size-thumbnail\" alt=\"\" \/><\/a>\n\t\t\t\t<\/dt><\/dl><dl class='gallery-item'>\n\t\t\t\t<dt class='gallery-icon portrait'>\n\t\t\t\t\t<a class=\"rollover rollover-zoom dt-pswp-item\" title=\"272443484_332178915460197_4906858563581450287_n\" data-dt-img-description=\"\" data-large_image_width=\"153\" data-large_image_height=\"225\"href='https:\/\/www.radiopiu.net\/wordpress\/wp-content\/uploads\/2022\/01\/272443484_332178915460197_4906858563581450287_n.jpg'><img loading=\"lazy\" decoding=\"async\" width=\"150\" height=\"150\" src=\"https:\/\/www.radiopiu.net\/wordpress\/wp-content\/uploads\/2022\/01\/272443484_332178915460197_4906858563581450287_n-150x150.jpg\" class=\"attachment-thumbnail size-thumbnail\" alt=\"\" \/><\/a>\n\t\t\t\t<\/dt><\/dl>\n\t\t\t\t<br style='clear: both' \/>\n\t\t\t<\/div>\n\n<p>&nbsp;<\/p>\n<hr \/>\n<p>&nbsp;<\/p>\n<blockquote>\n<h3>ADOLE\u2013SCIENZA: INCONTRI ONLINE PER GENITORI<\/h3>\n<\/blockquote>\n<p><strong>BELLUNO <\/strong>Da domani Il Dipartimento Dipendenze dell\u2019Ulss Dolomiti ha organizzato una serie di incontri per genitori e adulti di riferimento di ragazzi adolescenti. Gli incontri si terranno online dalle 20.30 alle 22.00. Il primo incontro si terr\u00e0 oggi sul tema: <strong><em>\u201c<\/em><\/strong><em>Tra il banco e il divano: gli adolescenti bellunesi e la pandemia<\/em><strong><em>\u201d\u00a0 <\/em><\/strong><em>al link https:\/\/meet.google.com\/nyh-sowg-wrr<\/em><\/p>\n<p>&nbsp;<\/p>\n<hr \/>\n<p>&nbsp;<\/p>\n<blockquote>\n<h3><br role=\"presentation\" \/><span dir=\"ltr\" role=\"presentation\">CONCORSO, PER TITOLI ED ESAMI, PER L\u2019AMMISSIONE DI 66 ALLIEVI UFFICIALI<\/span><\/h3>\n<\/blockquote>\n<p><strong>BELLUNO<\/strong> <span dir=\"ltr\" role=\"presentation\">E&#8217; stato pubblicato il <\/span><span dir=\"ltr\" role=\"presentation\">concorso, per titoli ed esami, per l\u2019ammissione di 15 tenenti in servizio permanente effettivo<\/span><span dir=\"ltr\" role=\"presentation\">. <\/span><span dir=\"ltr\" role=\"presentation\">Possono partecipare al concorso i cittadini<\/span><span dir=\"ltr\" role=\"presentation\"> in possesso del diploma di istruzione secondaria di secondo grado, coloro che<\/span><span dir=\"ltr\" role=\"presentation\"> lo conseguano nell\u2019anno scolastico 2022\/2023; abbiano compiuto il 17\u00b0 anno e <\/span><span dir=\"ltr\" role=\"presentation\">non abbiano superato il 22\u00b0. <\/span><span dir=\"ltr\" role=\"presentation\">La domanda di partecipazione al concorso va presentata\u00a0 entro le ore 12 del 17 febbraio (<\/span><span dir=\"ltr\" role=\"presentation\">https:\/\/concorsi.gdf.gov.it.)<\/span><\/p>\n<p>&nbsp;<\/p>\n<p>&nbsp;<\/p>\n<hr \/>\n<p>&nbsp;<\/p>\n<blockquote>\n<h3>DUE EVENTI A LIMANA PER LA GIORNATA DELLA MEMORIA E DEL RICORDO<\/h3>\n<\/blockquote>\n<p><strong>LIMANA <\/strong><span class=\"s1\">Il Comune di Limana, Assessorato alla Cultura e Biblioteca Comunale, in collaborazione con l&#8217;Associazione Culturale Teatro Laboratorio di Brescia, in occasione delle due imminenti ricorrenze, ovvero la Giornata della Memoria e la Giornata del Ricordo, \u00e8 lieto di presentare: <\/span><span class=\"s1\">domani alle 20.30 &#8220;Il magnifico impostore. Giorgio Perlasca&#8221;. Monologo con immagini e musiche <\/span><span class=\"s1\">MERCOLEDI&#8217; 9 FEBBRAIO alle 20.30 &#8220;Sorelle. Una storia per ricordare la tragedia delle Foibe&#8221;, rappresentazione teatrale. <\/span><span class=\"s1\">Entrambe le serate si terranno presso la sala Luigi Nocivelli, ingresso dietro la Biblioteca Comunale di Limana, Via Ruggero Fiabane n. 3.<\/span><\/p>\n<p>&nbsp;<\/p>\n<p>&nbsp;<\/p>\n<hr \/>\n<p>&nbsp;<\/p>\n<blockquote>\n<h3><a href=\"https:\/\/www.radiopiu.net\/wordpress\/giornale-radiopiu-07-aprile\/cai-agordo-2\/\" rel=\"attachment wp-att-127841\"><img loading=\"lazy\" decoding=\"async\" class=\"wp-image-127841 alignleft\" src=\"https:\/\/www.radiopiu.net\/wordpress\/wp-content\/uploads\/2020\/04\/cai-agordo.jpg\" alt=\"\" width=\"145\" height=\"83\" \/><\/a>IN COMELICO CON IL CAI DI AGORDO<\/h3>\n<p><em>Tempo: 5-6 ore Dislivello in salita: m. 650 Difficolt\u00e0: EAI &#8211; F<\/em><\/p><\/blockquote>\n<p><strong>AGORDO<\/strong> Dopo un buon avvio di stagione sui sentieri di casa, la Commissione Escursionismo sposta lo sguardo e le racchette da neve in Comelico, alla scoperta di un&#8217;insolita vetta sulla quale si erge un imponente totem raffigurante esseri e spiriti leggendari, tipici del posto. Il Monte Zovo \u00e8 una cima panoramica e facile da raggiungere. Iscrizioni al 380 6983040 dalle 16 alle 21 di oggi. La normativa prevede l&#8217;obbligo del kit di autosoccorso (ARTVA, pala e sonda)\u00a0per tutti i partecipanti alle attivit\u00e0 invernali.<\/p>\n<p>&nbsp;<\/p>\n<hr \/>\n<p>&nbsp;<\/p>\n<p>&nbsp;<\/p>\n<blockquote><p><strong>PATTINAGGIO PUBBLICO AL PALAGHIACCIO DI ALLEGHE:<\/strong> oggii dalle 21 alle 23; domani dalle 16.30 alle 18.30 e dalle 21 alle 23<\/p><\/blockquote>\n<p>&nbsp;<\/p>\n<p>&nbsp;<\/p>\n<hr \/>\n<p>&nbsp;<\/p>\n<h2><span style=\"color: #ff0000;\">IERI ALLA RADIO\u00a0\u00a0<\/span><\/h2>\n<h3>INVERNO 2022: LO ZERO TERMICO E\u2019\u2026.A RADIO PIU\u2019.<\/h3>\n<blockquote><p><em><a href=\"https:\/\/www.radiopiu.net\/wordpress\/annullata-la-fiaccolata-delle-scuole-sci-snowboard-di-arabba\/arabba-by-night-photo-credit-arabba_fodom_turismo\/\" rel=\"attachment wp-att-250994\"><img loading=\"lazy\" decoding=\"async\" class=\"wp-image-250994 alignleft\" src=\"https:\/\/www.radiopiu.net\/wordpress\/wp-content\/uploads\/2021\/12\/arabba-by-night-photo-credit-Arabba_Fodom_Turismo.gif\" alt=\"\" width=\"179\" height=\"119\" \/><\/a>ZERO TERMICO E\u2019 UN VIAGGIO ALLA SCOPERTA DEL NOSTRO TERRITORIO, DALLA VOCE DEI PROTAGONISTI. TURISMO, SPORT, EVENTI, CULTURA, INTRATTENIMENTO. DAL LUNEDI\u2019 AL VENERDI ALLE 15.10 ALLE 20.30. ZERO TERMICO. UN APPUNTAMENTO IN COLLABORAZIONE CON: SPORT 203. LA NATURALE PORTA D\u2019INGRESSO\u2026.VERSO LO ZERO TERMICO. LOCALITA\u2019 LE CAMPE STRADA AGORDO BELLUNO. ABBIGLIAMENTO E ATTREZZATURA\u2026.DEDICATI A CHI AMA LA MONTAGNA.<\/em><\/p><\/blockquote>\n<p><strong>di Claudio Fontanive PUNTATA 14, OSPITE\u00a0 MARCO GRIGOLETTO PRESIDENTE ANEF VENETO &#8211; IGNAZIO DONNARUMMA RIFUGIO BURZ<\/strong><\/p>\n<audio class=\"wp-audio-shortcode\" id=\"audio-256373-8\" preload=\"none\" style=\"width: 100%;\" controls=\"controls\"><source type=\"audio\/mpeg\" src=\"https:\/\/www.radiopiu.net\/wordpress\/wp-content\/uploads\/2022\/01\/grigoletto-donnarumma-27-gennaio.mp3?_=8\" \/><a href=\"https:\/\/www.radiopiu.net\/wordpress\/wp-content\/uploads\/2022\/01\/grigoletto-donnarumma-27-gennaio.mp3\">https:\/\/www.radiopiu.net\/wordpress\/wp-content\/uploads\/2022\/01\/grigoletto-donnarumma-27-gennaio.mp3<\/a><\/audio>\n<p>&nbsp;<\/p>\n<p>&nbsp;<\/p>\n<hr \/>\n<p>&nbsp;<\/p>\n<h2><span style=\"color: #ff0000;\">IERI ALLA RADIO\u00a0\u00a0<\/span><\/h2>\n<blockquote>\n<h3><a style=\"font-size: 14px; font-weight: normal;\" href=\"https:\/\/www.radiopiu.net\/wordpress\/giornale-radiopiu-06-febbraio-2019-direttore-mirko-mezzacasa\/logo_spi-cgil-800x445\/\" rel=\"attachment wp-att-75538\"><img loading=\"lazy\" decoding=\"async\" class=\"wp-image-75538 alignleft\" src=\"https:\/\/www.radiopiu.net\/wordpress\/wp-content\/uploads\/2019\/02\/Logo_Spi-CGIL-800x445-300x167.jpg\" alt=\"\" width=\"210\" height=\"117\" srcset=\"https:\/\/www.radiopiu.net\/wordpress\/wp-content\/uploads\/2019\/02\/Logo_Spi-CGIL-800x445-300x167.jpg 300w, https:\/\/www.radiopiu.net\/wordpress\/wp-content\/uploads\/2019\/02\/Logo_Spi-CGIL-800x445-768x427.jpg 768w, https:\/\/www.radiopiu.net\/wordpress\/wp-content\/uploads\/2019\/02\/Logo_Spi-CGIL-800x445.jpg 800w\" sizes=\"auto, (max-width: 210px) 100vw, 210px\" \/><\/a><\/h3>\n<h2><\/h2>\n<p>OSPITE Maria Rita\u00a0 Gentilin, SEGRETARIA PROVINCIALE<\/p>\n<p>di Claudio Fontanive<\/p>\n<audio class=\"wp-audio-shortcode\" id=\"audio-256373-9\" preload=\"none\" style=\"width: 100%;\" controls=\"controls\"><source type=\"audio\/mpeg\" src=\"https:\/\/www.radiopiu.net\/wordpress\/wp-content\/uploads\/2022\/01\/spi-cgil-27-gennaio.mp3?_=9\" \/><a href=\"https:\/\/www.radiopiu.net\/wordpress\/wp-content\/uploads\/2022\/01\/spi-cgil-27-gennaio.mp3\">https:\/\/www.radiopiu.net\/wordpress\/wp-content\/uploads\/2022\/01\/spi-cgil-27-gennaio.mp3<\/a><\/audio>\n<p>&nbsp;<\/p><\/blockquote>\n<p>&nbsp;<\/p>\n<p>&nbsp;<\/p>\n<p>&nbsp;<\/p>\n<hr \/>\n<p>&nbsp;<\/p>\n<div>\n<div class=\"b654a4as d2edcug0\">\n<div class=\"rq0escxv hkbzh7o3 jwdofwj8 n8tt0mok r8blr3vg hyh9befq\">\n<p><a class=\"dt-pswp-item\" href=\"https:\/\/www.radiopiu.net\/wordpress\/wp-content\/uploads\/2020\/10\/pp.jpg\" data-dt-img-description=\"\" data-large_image_width=\"640\" data-large_image_height=\"640\"><img loading=\"lazy\" decoding=\"async\" class=\"wp-image-163678 alignleft\" src=\"https:\/\/www.radiopiu.net\/wordpress\/wp-content\/uploads\/2020\/10\/pp-300x300.jpg\" alt=\"\" width=\"106\" height=\"106\" srcset=\"https:\/\/www.radiopiu.net\/wordpress\/wp-content\/uploads\/2020\/10\/pp-300x300.jpg 300w, https:\/\/www.radiopiu.net\/wordpress\/wp-content\/uploads\/2020\/10\/pp-150x150.jpg 150w, https:\/\/www.radiopiu.net\/wordpress\/wp-content\/uploads\/2020\/10\/pp-125x125.jpg 125w, https:\/\/www.radiopiu.net\/wordpress\/wp-content\/uploads\/2020\/10\/pp-200x200.jpg 200w, https:\/\/www.radiopiu.net\/wordpress\/wp-content\/uploads\/2020\/10\/pp-80x80.jpg 80w, https:\/\/www.radiopiu.net\/wordpress\/wp-content\/uploads\/2020\/10\/pp-480x480.jpg 480w, https:\/\/www.radiopiu.net\/wordpress\/wp-content\/uploads\/2020\/10\/pp.jpg 640w\" sizes=\"auto, (max-width: 106px) 100vw, 106px\" \/><\/a><\/p>\n<\/div>\n<\/div>\n<\/div>\n<div>\n<div class=\"page-title-head hgroup\">\n<div class=\"page-title-head hgroup\">\n<div class=\"b654a4as d2edcug0\">\n<div class=\"j83agx80 btwxx1t3 lhclo0ds hop8lmos nkwizq5d scwd0bx6 roh60bw9\">\n<div class=\"rq0escxv hkbzh7o3 jwdofwj8 n8tt0mok r8blr3vg hyh9befq\">\n<div class=\"do00u71z l9j0dhe7 k4urcfbm\">\n<h2><span style=\"color: #000080;\">\u00a0<\/span><span style=\"color: #000080;\">DON CESARE, IL PENSIERO DEL GIORNO. ALLA RADIO ALLE 7 DEL MATTINO E ALLE 19.30 DELLA SERA.<\/span><\/h2>\n<\/div>\n<div class=\"do00u71z l9j0dhe7 k4urcfbm\">\n<audio class=\"wp-audio-shortcode\" id=\"audio-256373-10\" preload=\"none\" style=\"width: 100%;\" controls=\"controls\"><source type=\"audio\/mpeg\" src=\"https:\/\/www.radiopiu.net\/wordpress\/wp-content\/uploads\/2022\/01\/cesare-15.mp3?_=10\" \/><a href=\"https:\/\/www.radiopiu.net\/wordpress\/wp-content\/uploads\/2022\/01\/cesare-15.mp3\">https:\/\/www.radiopiu.net\/wordpress\/wp-content\/uploads\/2022\/01\/cesare-15.mp3<\/a><\/audio>\n<p>&nbsp;<\/p>\n<p>&nbsp;<\/p>\n<p>&nbsp;<\/p>\n<div>\n<div class=\"page-title-head hgroup\">\n<div class=\"page-title-head hgroup\">\n<div class=\"b654a4as d2edcug0\">\n<div class=\"j83agx80 btwxx1t3 lhclo0ds hop8lmos nkwizq5d scwd0bx6 roh60bw9\">\n<div class=\"rq0escxv hkbzh7o3 jwdofwj8 n8tt0mok r8blr3vg hyh9befq\">\n<div class=\"do00u71z l9j0dhe7 k4urcfbm\">\n<hr \/>\n<p>&nbsp;<\/p>\n<div>\n<div class=\"page-title-head hgroup\">\n<div class=\"page-title-head hgroup\">\n<div class=\"b654a4as d2edcug0\">\n<div class=\"j83agx80 btwxx1t3 lhclo0ds hop8lmos nkwizq5d scwd0bx6 roh60bw9\">\n<div class=\"rq0escxv hkbzh7o3 jwdofwj8 n8tt0mok r8blr3vg hyh9befq\">\n<div class=\"do00u71z l9j0dhe7 k4urcfbm\">\n<div class=\"ecm0bbzt e5nlhep0 a8c37x1j\">\n<div class=\"kvgmc6g5 cxmmr5t8 oygrvhab hcukyx3x c1et5uql\">\n<div class=\"gmail-kvgmc6g5 gmail-cxmmr5t8 gmail-oygrvhab gmail-hcukyx3x gmail-c1et5uql gmail-ii04i59q\">\n<div class=\"page-title-head hgroup\">\n<div class=\"page-title-head hgroup\">\n<div class=\"b654a4as d2edcug0\">\n<div class=\"j83agx80 btwxx1t3 lhclo0ds hop8lmos nkwizq5d scwd0bx6 roh60bw9\">\n<div class=\"rq0escxv hkbzh7o3 jwdofwj8 n8tt0mok r8blr3vg hyh9befq\">\n<div class=\"do00u71z l9j0dhe7 k4urcfbm\">\n<h3 class=\"kvgmc6g5 cxmmr5t8 oygrvhab hcukyx3x c1et5uql\"><span style=\"color: #0000ff;\"><strong>INFORMAZIONE il canale su TELEGRAM informazione di prima mano e in tempo reale. iscriviti ed aiutaci a farlo conoscere\u00a0\u00a0<\/strong><\/span><\/h3>\n<p>&nbsp;<\/p>\n<p>&nbsp;<\/p>\n<hr \/>\n<p>&nbsp;<\/p>\n<div class=\"do00u71z l9j0dhe7 k4urcfbm\">\n<div>\n<div class=\"page-title-head hgroup\">\n<div class=\"page-title-head hgroup\">\n<div class=\"b654a4as d2edcug0\">\n<div class=\"j83agx80 btwxx1t3 lhclo0ds hop8lmos nkwizq5d scwd0bx6 roh60bw9\">\n<div class=\"rq0escxv hkbzh7o3 jwdofwj8 n8tt0mok r8blr3vg hyh9befq\">\n<div class=\"do00u71z l9j0dhe7 k4urcfbm\">\n<div>\n<div class=\"page-title-head hgroup\">\n<div class=\"page-title-head hgroup\">\n<div class=\"b654a4as d2edcug0\">\n<div class=\"j83agx80 btwxx1t3 lhclo0ds hop8lmos nkwizq5d scwd0bx6 roh60bw9\">\n<div class=\"rq0escxv hkbzh7o3 jwdofwj8 n8tt0mok r8blr3vg hyh9befq\">\n<div class=\"do00u71z l9j0dhe7 k4urcfbm\">\n<div class=\"ecm0bbzt e5nlhep0 a8c37x1j\">\n<div class=\"kvgmc6g5 cxmmr5t8 oygrvhab hcukyx3x c1et5uql\">\n<div class=\"gmail-kvgmc6g5 gmail-cxmmr5t8 gmail-oygrvhab gmail-hcukyx3x gmail-c1et5uql gmail-ii04i59q\">\n<div class=\"page-title-head hgroup\">\n<div class=\"page-title-head hgroup\">\n<div class=\"b654a4as d2edcug0\">\n<div class=\"j83agx80 btwxx1t3 lhclo0ds hop8lmos nkwizq5d scwd0bx6 roh60bw9\">\n<div class=\"rq0escxv hkbzh7o3 jwdofwj8 n8tt0mok r8blr3vg hyh9befq\">\n<div class=\"do00u71z l9j0dhe7 k4urcfbm\">\n<div>\n<div class=\"page-title-head hgroup\">\n<div class=\"page-title-head hgroup\">\n<div class=\"b654a4as d2edcug0\">\n<div class=\"j83agx80 btwxx1t3 lhclo0ds hop8lmos nkwizq5d scwd0bx6 roh60bw9\">\n<div class=\"rq0escxv hkbzh7o3 jwdofwj8 n8tt0mok r8blr3vg hyh9befq\">\n<div class=\"do00u71z l9j0dhe7 k4urcfbm\">\n<div>\n<div class=\"page-title-head hgroup\">\n<div class=\"page-title-head hgroup\">\n<div class=\"b654a4as d2edcug0\">\n<div class=\"j83agx80 btwxx1t3 lhclo0ds hop8lmos nkwizq5d scwd0bx6 roh60bw9\">\n<div class=\"rq0escxv hkbzh7o3 jwdofwj8 n8tt0mok r8blr3vg hyh9befq\">\n<div class=\"do00u71z l9j0dhe7 k4urcfbm\">\n<div class=\"ecm0bbzt e5nlhep0 a8c37x1j\">\n<div class=\"kvgmc6g5 cxmmr5t8 oygrvhab hcukyx3x c1et5uql\">\n<div class=\"gmail-kvgmc6g5 gmail-cxmmr5t8 gmail-oygrvhab gmail-hcukyx3x gmail-c1et5uql gmail-ii04i59q\">\n<div class=\"page-title-head hgroup\">\n<div class=\"page-title-head hgroup\">\n<div class=\"b654a4as d2edcug0\">\n<div class=\"j83agx80 btwxx1t3 lhclo0ds hop8lmos nkwizq5d scwd0bx6 roh60bw9\">\n<div class=\"rq0escxv hkbzh7o3 jwdofwj8 n8tt0mok r8blr3vg hyh9befq\">\n<div class=\"do00u71z l9j0dhe7 k4urcfbm\">\n<blockquote>\n<h3><span style=\"color: #ff0000;\">IN VIVO VERSO, SETTIMA STAGIONE CON BRUNELLA MORO, DAL LUNEDI AL VENERDI ALLE 7.10, 10.10 E 18.50\u00a0\u00a0<\/span><\/h3>\n<h3>CITTA&#8217; di ANGELO BARILARI<\/h3>\n<\/blockquote>\n<p><strong>AUDIO<\/strong><\/p>\n<audio class=\"wp-audio-shortcode\" id=\"audio-256373-11\" preload=\"none\" style=\"width: 100%;\" controls=\"controls\"><source type=\"audio\/mpeg\" src=\"https:\/\/www.radiopiu.net\/wordpress\/wp-content\/uploads\/2022\/01\/04-ANGELO-BARILARI-CITTA.mp3?_=11\" \/><a href=\"https:\/\/www.radiopiu.net\/wordpress\/wp-content\/uploads\/2022\/01\/04-ANGELO-BARILARI-CITTA.mp3\">https:\/\/www.radiopiu.net\/wordpress\/wp-content\/uploads\/2022\/01\/04-ANGELO-BARILARI-CITTA.mp3<\/a><\/audio>\n<p>&nbsp;<\/p>\n<p>&nbsp;<\/p>\n<p><strong><img loading=\"lazy\" decoding=\"async\" class=\"alignleft\" src=\"https:\/\/www.radiopiu.net\/wordpress\/wp-content\/uploads\/2022\/01\/4-ANGELO-BARILARI.jpg\" width=\"159\" height=\"161\" \/>CITTA&#8217;<\/strong><\/p>\n<p>Tutto si muove<br \/>\nin un perfetto<br \/>\nmovimento sincronizzato<br \/>\nUn orologio a pendolo<br \/>\nsegna i suoi battiti.<br \/>\nUn uomo in ginocchio<br \/>\ntende la mano della<br \/>\nsperanza, ma nulla<br \/>\n\u00e8 invano, una bimba<br \/>\na braccia aperte<br \/>\nscruta l&#8217;orizzonte<br \/>\nmentre dal luna park<br \/>\nun vecchio clown<br \/>\nattende l&#8217;inizio<br \/>\ndi un nuovo spettacolo.<br \/>\nTutto si mescola<br \/>\nuomini colori, e popoli,<br \/>\nnella speranza<br \/>\ndi un mondo migliore.<\/p>\n<p>&nbsp;<\/p>\n<p><strong>LA RACCOLTA COMPLETA\u00a0 \u00a0<\/strong><\/p>\n<blockquote class=\"wp-embedded-content\" data-secret=\"Iyuwi6Pebz\"><p><a href=\"https:\/\/www.radiopiu.net\/wordpress\/in-vivo-verso\/\">In Vivo Verso<\/a><\/p><\/blockquote>\n<p><iframe loading=\"lazy\" class=\"wp-embedded-content\" sandbox=\"allow-scripts\" security=\"restricted\" style=\"position: absolute; clip: rect(1px, 1px, 1px, 1px);\" title=\"&#8220;In Vivo Verso&#8221; &#8212; Radio Pi\u00f9\" src=\"https:\/\/www.radiopiu.net\/wordpress\/in-vivo-verso\/embed\/#?secret=Iyuwi6Pebz\" data-secret=\"Iyuwi6Pebz\" width=\"600\" height=\"338\" frameborder=\"0\" marginwidth=\"0\" marginheight=\"0\" scrolling=\"no\"><\/iframe><\/p>\n<p>&nbsp;<\/p>\n<hr \/>\n<p>&nbsp;<\/p>\n<h2><span style=\"color: #808000;\">GOCCE DI FILOSOFIA<\/span><\/h2>\n<p><strong>PUNTATA 124 DEL 27 GENNAIO 2022, CHIARA CAU<\/strong><\/p>\n<audio class=\"wp-audio-shortcode\" id=\"audio-256373-12\" preload=\"none\" style=\"width: 100%;\" controls=\"controls\"><source type=\"audio\/mpeg\" src=\"https:\/\/www.radiopiu.net\/wordpress\/wp-content\/uploads\/2022\/01\/FI4-3.mp3?_=12\" \/><a href=\"https:\/\/www.radiopiu.net\/wordpress\/wp-content\/uploads\/2022\/01\/FI4-3.mp3\">https:\/\/www.radiopiu.net\/wordpress\/wp-content\/uploads\/2022\/01\/FI4-3.mp3<\/a><\/audio>\n<p>&nbsp;<\/p>\n<p><strong>raccolta completa<\/strong><\/p>\n<blockquote class=\"wp-embedded-content\" data-secret=\"OhO3RyroZK\"><p><a href=\"https:\/\/www.radiopiu.net\/wordpress\/gocce-filosofia\/\">Gocce di filosofia, PRIMA E SECONDA STAGIONE 2022<\/a><\/p><\/blockquote>\n<p><iframe loading=\"lazy\" class=\"wp-embedded-content\" sandbox=\"allow-scripts\" security=\"restricted\" style=\"position: absolute; clip: rect(1px, 1px, 1px, 1px);\" title=\"&#8220;Gocce di filosofia, PRIMA E SECONDA STAGIONE 2022&#8221; &#8212; Radio Pi\u00f9\" src=\"https:\/\/www.radiopiu.net\/wordpress\/gocce-filosofia\/embed\/#?secret=OhO3RyroZK\" data-secret=\"OhO3RyroZK\" width=\"600\" height=\"338\" frameborder=\"0\" marginwidth=\"0\" marginheight=\"0\" scrolling=\"no\"><\/iframe><\/p>\n<p>&nbsp;<\/p>\n<hr \/>\n<p>&nbsp;<\/p>\n<p><span style=\"color: #0000ff;\">MUSICA PIU&#8217;\u00a0<\/span><\/p>\n<p><a href=\"https:\/\/www.radiopiu.net\/wordpress\/giornale-radiopiu-20-settembre-2021-direttore-mirko-mezzacasa\/pp-79\/\" rel=\"attachment wp-att-232921\"><img loading=\"lazy\" decoding=\"async\" class=\"wp-image-232921 alignleft\" src=\"https:\/\/www.radiopiu.net\/wordpress\/wp-content\/uploads\/2021\/09\/pp-1-300x300.jpg\" alt=\"\" width=\"135\" height=\"135\" srcset=\"https:\/\/www.radiopiu.net\/wordpress\/wp-content\/uploads\/2021\/09\/pp-1-300x300.jpg 300w, https:\/\/www.radiopiu.net\/wordpress\/wp-content\/uploads\/2021\/09\/pp-1-150x150.jpg 150w, https:\/\/www.radiopiu.net\/wordpress\/wp-content\/uploads\/2021\/09\/pp-1.jpg 640w\" sizes=\"auto, (max-width: 135px) 100vw, 135px\" \/><\/a><\/p>\n<div class=\"mkdf-post-text\">\n<div class=\"mkdf-post-text-inner\">\n<div class=\"mkdf-post-text-main\">\n<div class=\"mkdf-post-text\">\n<div class=\"mkdf-post-text-inner\">\n<div class=\"mkdf-post-text-main\">\n<div class=\"mkdf-post-text\">\n<div class=\"mkdf-post-text-inner\">\n<div class=\"mkdf-post-text-main\">\n<div class=\"page-title-head hgroup\">\n<div class=\"page-title-head hgroup\">\n<div class=\"mkdf-post-text\">\n<div class=\"mkdf-post-text-inner\">\n<div class=\"mkdf-post-text-main\">\n<div class=\"mkdf-post-text\">\n<div class=\"mkdf-post-text-inner\">\n<div class=\"mkdf-post-text-main\">\n<div class=\"page-title-head hgroup\">\n<div class=\"page-title-head hgroup\">\n<div class=\"page-title-head hgroup\">\n<div class=\"page-title-head hgroup\">\n<div class=\"b654a4as d2edcug0\">\n<div class=\"page-title-head hgroup\">\n<div class=\"page-title-head hgroup\">\n<div class=\"page-title-head hgroup\">\n<div class=\"page-title-head hgroup\">\n<div class=\"b654a4as d2edcug0\">\n<div class=\"page-title-head hgroup\">\n<div class=\"page-title-head hgroup\">\n<div class=\"page-title-head hgroup\">\n<div class=\"page-title-head hgroup\">\n<div class=\"b654a4as d2edcug0\">\n<div class=\"mkdf-post-text\">\n<div class=\"mkdf-post-text-inner\">\n<div class=\"mkdf-post-text-main\">\n<div class=\"mkdf-post-text\">\n<div class=\"mkdf-post-text-inner\">\n<div class=\"mkdf-post-text-main\">\n<div class=\"mkdf-post-text\">\n<div class=\"mkdf-post-text-inner\">\n<div class=\"mkdf-post-text-main\">\n<div class=\"page-title-head hgroup\">\n<div class=\"page-title-head hgroup\">\n<div class=\"mkdf-post-text\">\n<div class=\"mkdf-post-text-inner\">\n<div class=\"mkdf-post-text-main\">\n<div class=\"mkdf-post-text\">\n<div class=\"mkdf-post-text-inner\">\n<div class=\"mkdf-post-text-main\">\n<div class=\"page-title-head hgroup\">\n<div class=\"page-title-head hgroup\">\n<div class=\"page-title-head hgroup\">\n<div class=\"page-title-head hgroup\">\n<div class=\"b654a4as d2edcug0\">\n<div class=\"page-title-head hgroup\">\n<div class=\"page-title-head hgroup\">\n<div class=\"page-title-head hgroup\">\n<div class=\"page-title-head hgroup\">\n<div class=\"b654a4as d2edcug0\">\n<div class=\"page-title-head hgroup\">\n<div class=\"page-title-head hgroup\">\n<div class=\"page-title-head hgroup\">\n<div class=\"page-title-head hgroup\">\n<div class=\"b654a4as d2edcug0\">\n<div><\/div>\n<div><\/div>\n<div>\n<p><strong>MUSICA ALLA RADIO, IL PROGRAMMA DI LORIS SCUSSEL &#8220;COLLAGE OPERAZIONE NOSTALGIA&#8221; DAL LUNEDI AL VENERDI ALLE 16.00\u00a0 E ALLE 23\u00a0<\/strong><\/p>\n<\/div>\n<p><strong>\u00a0\u00a0<\/strong><\/p>\n<p><strong>PUNTATA 529 DEL 27 GENNAIO 2022<\/strong><\/p>\n<audio class=\"wp-audio-shortcode\" id=\"audio-256373-13\" preload=\"none\" style=\"width: 100%;\" controls=\"controls\"><source type=\"audio\/mpeg\" src=\"https:\/\/www.radiopiu.net\/wordpress\/wp-content\/uploads\/2022\/01\/Collage-529.mp3?_=13\" \/><a href=\"https:\/\/www.radiopiu.net\/wordpress\/wp-content\/uploads\/2022\/01\/Collage-529.mp3\">https:\/\/www.radiopiu.net\/wordpress\/wp-content\/uploads\/2022\/01\/Collage-529.mp3<\/a><\/audio>\n<p>&nbsp;<\/p>\n<\/div>\n<\/div>\n<\/div>\n<\/div>\n<\/div>\n<\/div>\n<\/div>\n<\/div>\n<\/div>\n<\/div>\n<\/div>\n<\/div>\n<\/div>\n<\/div>\n<\/div>\n<\/div>\n<\/div>\n<\/div>\n<\/div>\n<\/div>\n<\/div>\n<\/div>\n<\/div>\n<\/div>\n<\/div>\n<\/div>\n<\/div>\n<\/div>\n<\/div>\n<\/div>\n<\/div>\n<\/div>\n<\/div>\n<\/div>\n<\/div>\n<\/div>\n<\/div>\n<\/div>\n<\/div>\n<\/div>\n<\/div>\n<\/div>\n<\/div>\n<\/div>\n<\/div>\n<\/div>\n<\/div>\n<\/div>\n<\/div>\n<\/div>\n<\/div>\n<\/div>\n<\/div>\n<\/div>\n<\/div>\n<\/div>\n<\/div>\n<\/div>\n<\/div>\n<\/div>\n<\/div>\n<\/div>\n<\/div>\n<\/div>\n<hr \/>\n<p>&nbsp;<\/p>\n<p>&nbsp;<\/p>\n<blockquote class=\"wp-embedded-content\" data-secret=\"I1IWEh2MNq\"><p><a href=\"https:\/\/www.radiopiu.net\/wordpress\/freemix-la-liberta-musicale-mixata-da-dj-athos-e-raccontata-da-dj-jack\/\">FREEMIX, LA LIBERTA&#8217; MUSICALE MIXATA DA DJ ATHOS E RACCONTATA DA DJ JACK<\/a><\/p><\/blockquote>\n<p><iframe loading=\"lazy\" class=\"wp-embedded-content\" sandbox=\"allow-scripts\" security=\"restricted\" style=\"position: absolute; clip: rect(1px, 1px, 1px, 1px);\" title=\"&#8220;FREEMIX, LA LIBERTA&#8217; MUSICALE MIXATA DA DJ ATHOS E RACCONTATA DA DJ JACK&#8221; &#8212; Radio Pi\u00f9\" src=\"https:\/\/www.radiopiu.net\/wordpress\/freemix-la-liberta-musicale-mixata-da-dj-athos-e-raccontata-da-dj-jack\/embed\/#?secret=I1IWEh2MNq\" data-secret=\"I1IWEh2MNq\" width=\"600\" height=\"338\" frameborder=\"0\" marginwidth=\"0\" marginheight=\"0\" scrolling=\"no\"><\/iframe><\/p>\n<p>&nbsp;<\/p>\n<blockquote class=\"wp-embedded-content\" data-secret=\"Koiylis6nB\"><p><a href=\"https:\/\/www.radiopiu.net\/wordpress\/da-ieri-alla-radio-in-palinsesto-loris-e-maurizio-con-la-grande-musica\/\">IL BLUES ALLA RADIO &#8230; COME NON L&#8217;AVETE MAI SENTITO PRIMA<\/a><\/p><\/blockquote>\n<p><iframe loading=\"lazy\" class=\"wp-embedded-content\" sandbox=\"allow-scripts\" security=\"restricted\" style=\"position: absolute; clip: rect(1px, 1px, 1px, 1px);\" title=\"&#8220;IL BLUES ALLA RADIO &#8230; COME NON L&#8217;AVETE MAI SENTITO PRIMA&#8221; &#8212; Radio Pi\u00f9\" src=\"https:\/\/www.radiopiu.net\/wordpress\/da-ieri-alla-radio-in-palinsesto-loris-e-maurizio-con-la-grande-musica\/embed\/#?secret=Koiylis6nB\" data-secret=\"Koiylis6nB\" width=\"600\" height=\"338\" frameborder=\"0\" marginwidth=\"0\" marginheight=\"0\" scrolling=\"no\"><\/iframe><\/p>\n<p>&nbsp;<\/p>\n<hr \/>\n<p>&nbsp;<\/p>\n<blockquote>\n<h3><span style=\"color: #0000ff;\">INFORMAZIONE il canale su TELEGRAM informazione di prima mano e in tempo reale. iscriviti ed aiutaci a farlo conoscere\u00a0\u00a0<\/span><\/h3>\n<\/blockquote>\n<div>\n<div class=\"page-title-head hgroup\">\n<div class=\"page-title-head hgroup\">\n<div class=\"page-title-head hgroup\">\n<div class=\"page-title-head hgroup\">\n<div class=\"b654a4as d2edcug0\">\n<div class=\"page-title-head hgroup\">\n<div class=\"page-title-head hgroup\">\n<div class=\"page-title-head hgroup\">\n<div class=\"page-title-head hgroup\">\n<div class=\"b654a4as d2edcug0\">\n<div class=\"page-title-head hgroup\">\n<div class=\"page-title-head hgroup\">\n<div class=\"page-title-head hgroup\">\n<div class=\"page-title-head hgroup\">\n<div class=\"page-title-head hgroup\">\n<div class=\"page-title-head hgroup\">\n<div class=\"page-title-head hgroup\">\n<div class=\"page-title-head hgroup\">\n<div class=\"page-title-head hgroup\">\n<div class=\"b654a4as d2edcug0\">\n<div class=\"page-title-head hgroup\">\n<div class=\"page-title-head hgroup\">\n<div class=\"page-title-head hgroup\">\n<div class=\"page-title-head hgroup\">\n<div class=\"b654a4as d2edcug0\">\n<div>\n<p>&nbsp;<\/p>\n<\/div>\n<div>\n<div class=\"page-title-head hgroup\">\n<div class=\"page-title-head hgroup\">\n<div class=\"page-title-head hgroup\">\n<div class=\"page-title-head hgroup\">\n<div class=\"page-title-head hgroup\">\n<div class=\"b654a4as d2edcug0\">\n<div>\n<hr \/>\n<\/div>\n<\/div>\n<div>\n<div>\n<p>&nbsp;<\/p>\n<\/div>\n<div>\n<div>\n<p>&nbsp;<\/p>\n<\/div>\n<div>\n<div>\n<p><strong>DUE MINUTI UN LIBRO, TUTTI I GIORNI ALLA RADIO ALLE 9.40 E ALLE 17.50\u00a0<\/strong><\/p>\n<div>\n<div>\n<p><strong>LA RACCOLTA COMPLETA\u00a0\u00a0<\/strong><\/p>\n<\/div>\n<div>\n<blockquote class=\"wp-embedded-content\" data-secret=\"0UY7ssy97y\"><p><a href=\"https:\/\/www.radiopiu.net\/wordpress\/due-minuti-un-libro\/\">Due minuti un libro<\/a><\/p><\/blockquote>\n<p><iframe loading=\"lazy\" class=\"wp-embedded-content\" sandbox=\"allow-scripts\" security=\"restricted\" style=\"position: absolute; clip: rect(1px, 1px, 1px, 1px);\" title=\"&#8220;Due minuti un libro&#8221; &#8212; Radio Pi\u00f9\" src=\"https:\/\/www.radiopiu.net\/wordpress\/due-minuti-un-libro\/embed\/#?secret=0UY7ssy97y\" data-secret=\"0UY7ssy97y\" width=\"600\" height=\"338\" frameborder=\"0\" marginwidth=\"0\" marginheight=\"0\" scrolling=\"no\"><\/iframe><\/p>\n<\/div>\n<\/div>\n<\/div>\n<div class=\"mkdf-post-text\">\n<div class=\"mkdf-post-text-inner\">\n<div class=\"mkdf-post-text-main\">\n<div class=\"mkdf-post-text\">\n<div class=\"mkdf-post-text-inner\">\n<div class=\"mkdf-post-text-main\">\n<div class=\"mkdf-post-text\">\n<div class=\"mkdf-post-text-inner\">\n<div class=\"mkdf-post-text-main\">\n<div class=\"page-title-head hgroup\">\n<div class=\"page-title-head hgroup\">\n<div class=\"mkdf-post-text\">\n<div class=\"mkdf-post-text-inner\">\n<div class=\"mkdf-post-text-main\">\n<div class=\"mkdf-post-text\">\n<div class=\"mkdf-post-text-inner\">\n<div class=\"mkdf-post-text-main\">\n<div class=\"page-title-head hgroup\">\n<div class=\"page-title-head hgroup\">\n<div class=\"page-title-head hgroup\">\n<div class=\"page-title-head hgroup\">\n<div class=\"b654a4as d2edcug0\">\n<div class=\"page-title-head hgroup\">\n<div class=\"page-title-head hgroup\">\n<div class=\"page-title-head hgroup\">\n<div class=\"page-title-head hgroup\">\n<div class=\"b654a4as d2edcug0\">\n<div class=\"page-title-head hgroup\">\n<div class=\"page-title-head hgroup\">\n<div class=\"page-title-head hgroup\">\n<div class=\"page-title-head hgroup\">\n<div class=\"b654a4as d2edcug0\">\n<div>\n<p>&nbsp;<\/p>\n<\/div>\n<div>\n<hr \/>\n<p>&nbsp;<\/p>\n<\/div>\n<h2><span style=\"color: #808000;\">L&#8217;ALMANACCO LADINO\u00a0\u00a0<\/span><\/h2>\n<p><strong>LA RACCOLTA<\/strong><\/p>\n<blockquote class=\"wp-embedded-content\" data-secret=\"Pv6ztqjX3L\"><p><a href=\"https:\/\/www.radiopiu.net\/wordpress\/almanacco-ladino\/\">Almanacco Ladino<\/a><\/p><\/blockquote>\n<p><iframe loading=\"lazy\" class=\"wp-embedded-content\" sandbox=\"allow-scripts\" security=\"restricted\" style=\"position: absolute; clip: rect(1px, 1px, 1px, 1px);\" title=\"&#8220;Almanacco Ladino&#8221; &#8212; Radio Pi\u00f9\" src=\"https:\/\/www.radiopiu.net\/wordpress\/almanacco-ladino\/embed\/#?secret=Pv6ztqjX3L\" data-secret=\"Pv6ztqjX3L\" width=\"600\" height=\"338\" frameborder=\"0\" marginwidth=\"0\" marginheight=\"0\" scrolling=\"no\"><\/iframe><\/p>\n<p>&nbsp;<\/p>\n<hr \/>\n<p>&nbsp;<\/p>\n<h2><span style=\"color: #33cccc;\">LA RASSEGNA STAMPA DA L&#8217;AMICO DEL POPOLO<\/span><\/h2>\n<p><strong>LA RACCOLTA COMPLETA<\/strong><\/p>\n<blockquote class=\"wp-embedded-content\" data-secret=\"MtpJIsfFYP\"><p><a href=\"https:\/\/www.radiopiu.net\/wordpress\/rassegna-stampa-di-gianni-santomaso\/\">Rassegna stampa da l&#8217;amico del popolo &#8211; di Gianni Santomaso<\/a><\/p><\/blockquote>\n<p><iframe loading=\"lazy\" class=\"wp-embedded-content\" sandbox=\"allow-scripts\" security=\"restricted\" style=\"position: absolute; clip: rect(1px, 1px, 1px, 1px);\" title=\"&#8220;Rassegna stampa da l&#8217;amico del popolo &#8211; di Gianni Santomaso&#8221; &#8212; Radio Pi\u00f9\" src=\"https:\/\/www.radiopiu.net\/wordpress\/rassegna-stampa-di-gianni-santomaso\/embed\/#?secret=MtpJIsfFYP\" data-secret=\"MtpJIsfFYP\" width=\"600\" height=\"338\" frameborder=\"0\" marginwidth=\"0\" marginheight=\"0\" scrolling=\"no\"><\/iframe><\/p>\n<p>&nbsp;<\/p>\n<hr \/>\n<p>&nbsp;<\/p>\n<h2><span style=\"color: #800080;\">I RACCONTI DI PAOLO SOPPELSA\u00a0<\/span><\/h2>\n<p><strong>LA RACCOLTA COMPLETA<\/strong><\/p>\n<blockquote class=\"wp-embedded-content\" data-secret=\"zWrtIajTqD\"><p><a href=\"https:\/\/www.radiopiu.net\/wordpress\/i-racconti-di-paolo-soppelsa\/\">I racconti di Paolo Soppelsa<\/a><\/p><\/blockquote>\n<p><iframe loading=\"lazy\" class=\"wp-embedded-content\" sandbox=\"allow-scripts\" security=\"restricted\" style=\"position: absolute; clip: rect(1px, 1px, 1px, 1px);\" title=\"&#8220;I racconti di Paolo Soppelsa&#8221; &#8212; Radio Pi\u00f9\" src=\"https:\/\/www.radiopiu.net\/wordpress\/i-racconti-di-paolo-soppelsa\/embed\/#?secret=zWrtIajTqD\" data-secret=\"zWrtIajTqD\" width=\"600\" height=\"338\" frameborder=\"0\" marginwidth=\"0\" marginheight=\"0\" scrolling=\"no\"><\/iframe><\/p>\n<p>&nbsp;<\/p>\n<hr \/>\n<\/div>\n<div class=\"b654a4as d2edcug0\">\n<p>&nbsp;<\/p>\n<p><a href=\"https:\/\/www.radiopiu.net\/wordpress\/giornale-radiopiu-26-settembre-2018-direttore-mirko-mezzacasa\/viabilita-2\/\" rel=\"attachment wp-att-61954\"><img loading=\"lazy\" decoding=\"async\" class=\"aligncenter wp-image-61954 size-full\" src=\"https:\/\/www.radiopiu.net\/wordpress\/wp-content\/uploads\/2018\/09\/viabilita.jpeg\" sizes=\"auto, (max-width: 800px) 100vw, 800px\" srcset=\"https:\/\/www.radiopiu.net\/wordpress\/wp-content\/uploads\/2018\/09\/viabilita.jpeg 800w, https:\/\/www.radiopiu.net\/wordpress\/wp-content\/uploads\/2018\/09\/viabilita-300x38.jpeg 300w, https:\/\/www.radiopiu.net\/wordpress\/wp-content\/uploads\/2018\/09\/viabilita-768x96.jpeg 768w\" alt=\"\" width=\"800\" height=\"100\" \/><\/a><\/p>\n<div class=\"ecm0bbzt e5nlhep0 a8c37x1j\">\n<div class=\"kvgmc6g5 cxmmr5t8 oygrvhab hcukyx3x c1et5uql\">\n<div class=\"gmail-kvgmc6g5 gmail-cxmmr5t8 gmail-oygrvhab gmail-hcukyx3x gmail-c1et5uql gmail-ii04i59q\">\n<div class=\"page-title-head hgroup\">\n<div class=\"page-title-head hgroup\">\n<div class=\"b654a4as d2edcug0\">\n<div class=\"j83agx80 btwxx1t3 lhclo0ds hop8lmos nkwizq5d scwd0bx6 roh60bw9\">\n<div class=\"rq0escxv hkbzh7o3 jwdofwj8 n8tt0mok r8blr3vg hyh9befq\">\n<div class=\"do00u71z l9j0dhe7 k4urcfbm\">\n<div class=\"page-title-head hgroup\">\n<div class=\"page-title-head hgroup\">\n<div class=\"page-title-head hgroup\">\n<div class=\"page-title-head hgroup\">\n<div class=\"b654a4as d2edcug0\">\n<div class=\"page-title-head hgroup\">\n<div class=\"page-title-head hgroup\">\n<div class=\"page-title-head hgroup\">\n<div class=\"page-title-head hgroup\">\n<div class=\"b654a4as d2edcug0\">\n<div class=\"page-title-head hgroup\">\n<div class=\"page-title-head hgroup\">\n<div class=\"page-title-head hgroup\">\n<div class=\"page-title-head hgroup\">\n<div class=\"page-title-head hgroup\">\n<div class=\"page-title-head hgroup\">\n<div class=\"page-title-head hgroup\">\n<div class=\"page-title-head hgroup\">\n<div class=\"page-title-head hgroup\">\n<div class=\"b654a4as d2edcug0\">\n<div class=\"page-title-head hgroup\">\n<div class=\"page-title-head hgroup\">\n<div class=\"page-title-head hgroup\">\n<div class=\"page-title-head hgroup\">\n<div class=\"b654a4as d2edcug0\">\n<div class=\"page-title-head hgroup\">\n<div class=\"page-title-head hgroup\">\n<div class=\"page-title-head hgroup\">\n<div class=\"page-title-head hgroup\">\n<div class=\"page-title-head hgroup\">\n<div class=\"mkdf-post-text\">\n<div class=\"mkdf-post-text-inner\">\n<div class=\"mkdf-post-text-main\">\n<div class=\"mkdf-post-text\">\n<div class=\"mkdf-post-text-inner\">\n<div class=\"mkdf-post-text-main\">\n<div class=\"mkdf-post-text\">\n<div class=\"mkdf-post-text-inner\">\n<div class=\"mkdf-post-text-main\">\n<div class=\"page-title-head hgroup\">\n<div class=\"page-title-head hgroup\">\n<div class=\"mkdf-post-text\">\n<div class=\"mkdf-post-text-inner\">\n<div class=\"mkdf-post-text-main\">\n<div class=\"mkdf-post-text\">\n<div class=\"mkdf-post-text-inner\">\n<div class=\"mkdf-post-text-main\">\n<div class=\"page-title-head hgroup\">\n<div class=\"page-title-head hgroup\">\n<div class=\"page-title-head hgroup\">\n<div class=\"page-title-head hgroup\">\n<div class=\"b654a4as d2edcug0\">\n<div class=\"page-title-head hgroup\">\n<div class=\"page-title-head hgroup\">\n<div class=\"page-title-head hgroup\">\n<div class=\"page-title-head hgroup\">\n<div class=\"b654a4as d2edcug0\">\n<div class=\"page-title-head hgroup\">\n<div class=\"page-title-head hgroup\">\n<div class=\"page-title-head hgroup\">\n<div class=\"page-title-head hgroup\">\n<div class=\"b654a4as d2edcug0\">\n<div class=\"chat-input\">\n<div class=\"chat-input-container\">\n<div class=\"rows-wrapper chat-input-wrapper\">\n<div class=\"reply-wrapper\">\n<div class=\"btn-menu\">\n<div class=\"btn-menu-item tgico-replace rp\">\n<div class=\"c-ripple\">\n<div class=\"bubbles scrolled-down\">\n<div class=\"scrollable scrollable-y\">\n<div class=\"bubbles-inner has-rights is-chat is-channel\">\n<div class=\"bubbles-date-group\">\n<div class=\"bubble hide-name is-out can-have-tail is-group-first is-group-last is-read\" data-mid=\"5377294335\" data-peer-id=\"-1478820725\" data-timestamp=\"1638437407\">\n<div class=\"bubble-content-wrapper\">\n<div class=\"bubble-content\">\n<p class=\"message\" dir=\"auto\"><strong>\u00a0\u00a0<\/strong><\/p>\n<blockquote>\n<h3>SENSO UNICO ALTERNATO E INTERDIZIONE TOTALE AL TRAFFICO DELLA STRADA PER NOACH<\/h3>\n<\/blockquote>\n<p><strong><a href=\"https:\/\/www.radiopiu.net\/wordpress\/giornale-radiopiu-16-giugno-2021-direttore-mirko-mezzacasa\/lavori-7\/\" rel=\"attachment wp-att-216176\"><img loading=\"lazy\" decoding=\"async\" class=\" wp-image-216176 alignleft\" src=\"https:\/\/www.radiopiu.net\/wordpress\/wp-content\/uploads\/2021\/06\/LAVORI.jpg\" alt=\"\" width=\"120\" height=\"105\" \/><\/a> <\/strong><strong>LA VALLE<\/strong> Dal 24 al 28 gennaio e dal 31 gennaio al 4 febbraio, dalle 8 alle 17, la strada di Noach sar\u00e0 transitabile a senso unico alternato regolato da semaforo per consentire dei lavori. A comunicarlo il comune di La Valle Agordina che con un&#8217;ordinanza impone anche l&#8217;interdizione totale al traffico nei giorni 29 e 30 gennaio e 5 e 6 febbraio. In questi due fine settimana la chiusura avverr\u00e0 alle 8 di sabato fino alle 17 di domenica. Il tratto di strada interessato parte da via Noach tra l&#8217;entrata della piazzola attrezzata per la produzione di biomasse e l&#8217;innesto della strada comunale con la regionale 203 Agordina.<\/p>\n<p dir=\"auto\">\n<\/div>\n<\/div>\n<\/div>\n<\/div>\n<\/div>\n<\/div>\n<\/div>\n<\/div>\n<\/div>\n<\/div>\n<\/div>\n<\/div>\n<\/div>\n<\/div>\n<\/div>\n<\/div>\n<\/div>\n<\/div>\n<\/div>\n<\/div>\n<\/div>\n<\/div>\n<\/div>\n<\/div>\n<\/div>\n<\/div>\n<\/div>\n<\/div>\n<\/div>\n<\/div>\n<\/div>\n<\/div>\n<\/div>\n<\/div>\n<\/div>\n<\/div>\n<\/div>\n<\/div>\n<\/div>\n<\/div>\n<\/div>\n<\/div>\n<\/div>\n<\/div>\n<\/div>\n<\/div>\n<\/div>\n<\/div>\n<\/div>\n<\/div>\n<\/div>\n<\/div>\n<\/div>\n<\/div>\n<\/div>\n<\/div>\n<\/div>\n<\/div>\n<\/div>\n<\/div>\n<\/div>\n<\/div>\n<\/div>\n<\/div>\n<\/div>\n<\/div>\n<\/div>\n<\/div>\n<\/div>\n<\/div>\n<\/div>\n<\/div>\n<\/div>\n<\/div>\n<\/div>\n<\/div>\n<\/div>\n<\/div>\n<\/div>\n<\/div>\n<\/div>\n<\/div>\n<\/div>\n<\/div>\n<\/div>\n<\/div>\n<\/div>\n<\/div>\n<\/div>\n<\/div>\n<\/div>\n<\/div>\n<\/div>\n<\/div>\n<\/div>\n<\/div>\n<\/div>\n<\/div>\n<\/div>\n<\/div>\n<\/div>\n<\/div>\n<\/div>\n<\/div>\n<\/div>\n<\/div>\n<\/div>\n<\/div>\n<\/div>\n<\/div>\n<\/div>\n<\/div>\n<\/div>\n<\/div>\n<\/div>\n<\/div>\n<\/div>\n<\/div>\n<\/div>\n<\/div>\n<\/div>\n<\/div>\n<\/div>\n<\/div>\n<\/div>\n<\/div>\n<\/div>\n<\/div>\n<\/div>\n<\/div>\n<\/div>\n<\/div>\n<\/div>\n<\/div>\n<\/div>\n<\/div>\n<\/div>\n<\/div>\n<\/div>\n<\/div>\n<\/div>\n<\/div>\n<\/div>\n<\/div>\n<\/div>\n<\/div>\n<\/div>\n<\/div>\n<\/div>\n<\/div>\n<\/div>\n<\/div>\n<\/div>\n<\/div>\n<\/div>\n<\/div>\n<\/div>\n<\/div>\n<\/div>\n<\/div>\n<\/div>\n<\/div>\n<\/div>\n<\/div>\n<\/div>\n<\/div>\n<\/div>\n<\/div>\n<div>\n<div class=\"page-title-head hgroup\">\n<div class=\"page-title-head hgroup\">\n<div class=\"b654a4as d2edcug0\">\n<div class=\"j83agx80 btwxx1t3 lhclo0ds hop8lmos nkwizq5d scwd0bx6 roh60bw9\">\n<div class=\"rq0escxv hkbzh7o3 jwdofwj8 n8tt0mok r8blr3vg hyh9befq\">\n<div class=\"do00u71z l9j0dhe7 k4urcfbm\">\n<div class=\"ecm0bbzt e5nlhep0 a8c37x1j\">\n<div class=\"kvgmc6g5 cxmmr5t8 oygrvhab hcukyx3x c1et5uql\">\n<div class=\"gmail-kvgmc6g5 gmail-cxmmr5t8 gmail-oygrvhab gmail-hcukyx3x gmail-c1et5uql gmail-ii04i59q\">\n<div class=\"page-title-head hgroup\">\n<div class=\"page-title-head hgroup\">\n<div class=\"b654a4as d2edcug0\">\n<div class=\"j83agx80 btwxx1t3 lhclo0ds hop8lmos nkwizq5d scwd0bx6 roh60bw9\">\n<div class=\"rq0escxv hkbzh7o3 jwdofwj8 n8tt0mok r8blr3vg hyh9befq\">\n<div class=\"do00u71z l9j0dhe7 k4urcfbm\">\n<div class=\"page-title-head hgroup\">\n<div class=\"page-title-head hgroup\">\n<div class=\"page-title-head hgroup\">\n<div class=\"page-title-head hgroup\">\n<div class=\"b654a4as d2edcug0\">\n<div class=\"page-title-head hgroup\">\n<div class=\"page-title-head hgroup\">\n<div class=\"page-title-head hgroup\">\n<div class=\"page-title-head hgroup\">\n<div class=\"b654a4as d2edcug0\">\n<div class=\"page-title-head hgroup\">\n<div class=\"page-title-head hgroup\">\n<div class=\"page-title-head hgroup\">\n<div class=\"page-title-head hgroup\">\n<div class=\"page-title-head hgroup\">\n<div class=\"page-title-head hgroup\">\n<div class=\"page-title-head hgroup\">\n<div class=\"page-title-head hgroup\">\n<div class=\"page-title-head hgroup\">\n<div class=\"b654a4as d2edcug0\">\n<div class=\"page-title-head hgroup\">\n<div class=\"page-title-head hgroup\">\n<div class=\"page-title-head hgroup\">\n<div class=\"page-title-head hgroup\">\n<div class=\"b654a4as d2edcug0\">\n<div class=\"page-title-head hgroup\">\n<div class=\"page-title-head hgroup\">\n<div class=\"page-title-head hgroup\">\n<div class=\"page-title-head hgroup\">\n<div class=\"page-title-head hgroup\">\n<div class=\"mkdf-post-text\">\n<div class=\"mkdf-post-text-inner\">\n<div class=\"mkdf-post-text-main\">\n<div class=\"mkdf-post-text\">\n<div class=\"mkdf-post-text-inner\">\n<div class=\"mkdf-post-text-main\">\n<div class=\"mkdf-post-text\">\n<div class=\"mkdf-post-text-inner\">\n<div class=\"mkdf-post-text-main\">\n<div class=\"page-title-head hgroup\">\n<div class=\"page-title-head hgroup\">\n<div class=\"mkdf-post-text\">\n<div class=\"mkdf-post-text-inner\">\n<div class=\"mkdf-post-text-main\">\n<div class=\"mkdf-post-text\">\n<div class=\"mkdf-post-text-inner\">\n<div class=\"mkdf-post-text-main\">\n<div class=\"page-title-head hgroup\">\n<div class=\"page-title-head hgroup\">\n<div class=\"page-title-head hgroup\">\n<div class=\"page-title-head hgroup\">\n<div class=\"b654a4as d2edcug0\">\n<div class=\"page-title-head hgroup\">\n<div class=\"page-title-head hgroup\">\n<div class=\"page-title-head hgroup\">\n<div class=\"page-title-head hgroup\">\n<div class=\"b654a4as d2edcug0\">\n<div class=\"page-title-head hgroup\">\n<div class=\"page-title-head hgroup\">\n<div class=\"page-title-head hgroup\">\n<div class=\"page-title-head hgroup\">\n<div class=\"b654a4as d2edcug0\">\n<div class=\"ecm0bbzt e5nlhep0 a8c37x1j\">\n<div class=\"kvgmc6g5 cxmmr5t8 oygrvhab hcukyx3x c1et5uql\">\n<div class=\"gmail-kvgmc6g5 gmail-cxmmr5t8 gmail-oygrvhab gmail-hcukyx3x gmail-c1et5uql gmail-ii04i59q\">\n<div class=\"page-title-head hgroup\">\n<div class=\"page-title-head hgroup\">\n<div class=\"b654a4as d2edcug0\">\n<div class=\"j83agx80 btwxx1t3 lhclo0ds hop8lmos nkwizq5d scwd0bx6 roh60bw9\">\n<div class=\"rq0escxv hkbzh7o3 jwdofwj8 n8tt0mok r8blr3vg hyh9befq\">\n<div class=\"do00u71z l9j0dhe7 k4urcfbm\">\n<div class=\"page-title-head hgroup\">\n<div class=\"page-title-head hgroup\">\n<div class=\"page-title-head hgroup\">\n<div class=\"page-title-head hgroup\">\n<div class=\"b654a4as d2edcug0\">\n<div class=\"page-title-head hgroup\">\n<div class=\"page-title-head hgroup\">\n<div class=\"page-title-head hgroup\">\n<div class=\"page-title-head hgroup\">\n<div class=\"b654a4as d2edcug0\">\n<div class=\"page-title-head hgroup\">\n<div class=\"page-title-head hgroup\">\n<div class=\"page-title-head hgroup\">\n<div class=\"page-title-head hgroup\">\n<div class=\"page-title-head hgroup\">\n<div class=\"page-title-head hgroup\">\n<div class=\"page-title-head hgroup\">\n<div class=\"page-title-head hgroup\">\n<div class=\"page-title-head hgroup\">\n<div class=\"b654a4as d2edcug0\">\n<div class=\"page-title-head hgroup\">\n<div class=\"page-title-head hgroup\">\n<div class=\"page-title-head hgroup\">\n<div class=\"page-title-head hgroup\">\n<div class=\"b654a4as d2edcug0\">\n<div class=\"page-title-head hgroup\">\n<div class=\"page-title-head hgroup\">\n<div class=\"page-title-head hgroup\">\n<div class=\"page-title-head hgroup\">\n<div class=\"page-title-head hgroup\">\n<div class=\"mkdf-post-text\">\n<div class=\"mkdf-post-text-inner\">\n<div class=\"mkdf-post-text-main\">\n<div class=\"mkdf-post-text\">\n<div class=\"mkdf-post-text-inner\">\n<div class=\"mkdf-post-text-main\">\n<div class=\"mkdf-post-text\">\n<div class=\"mkdf-post-text-inner\">\n<div class=\"mkdf-post-text-main\">\n<div class=\"page-title-head hgroup\">\n<div class=\"page-title-head hgroup\">\n<div class=\"mkdf-post-text\">\n<div class=\"mkdf-post-text-inner\">\n<div class=\"mkdf-post-text-main\">\n<div class=\"mkdf-post-text\">\n<div class=\"mkdf-post-text-inner\">\n<div class=\"mkdf-post-text-main\">\n<div class=\"page-title-head hgroup\">\n<div class=\"page-title-head hgroup\">\n<div class=\"page-title-head hgroup\">\n<div class=\"page-title-head hgroup\">\n<div class=\"b654a4as d2edcug0\">\n<div class=\"page-title-head hgroup\">\n<div class=\"page-title-head hgroup\">\n<div class=\"page-title-head hgroup\">\n<div class=\"page-title-head hgroup\">\n<div class=\"b654a4as d2edcug0\">\n<div class=\"page-title-head hgroup\">\n<div class=\"page-title-head hgroup\">\n<div class=\"page-title-head hgroup\">\n<div class=\"page-title-head hgroup\">\n<div class=\"b654a4as d2edcug0\">\n<blockquote class=\"wp-embedded-content\" data-secret=\"UZEIVUZvS4\"><p><a href=\"https:\/\/www.radiopiu.net\/wordpress\/viabilita\/\">viabilita<\/a><\/p><\/blockquote>\n<p><iframe loading=\"lazy\" class=\"wp-embedded-content\" sandbox=\"allow-scripts\" security=\"restricted\" style=\"position: absolute; clip: rect(1px, 1px, 1px, 1px);\" title=\"&#8220;viabilita&#8221; &#8212; Radio Pi\u00f9\" src=\"https:\/\/www.radiopiu.net\/wordpress\/viabilita\/embed\/#?secret=UZEIVUZvS4\" data-secret=\"UZEIVUZvS4\" width=\"600\" height=\"338\" frameborder=\"0\" marginwidth=\"0\" marginheight=\"0\" scrolling=\"no\"><\/iframe><\/p>\n<p>&nbsp;<\/p>\n<hr \/>\n<p>&nbsp;<\/p>\n<\/div>\n<div class=\"b654a4as d2edcug0\">\n<div class=\"ecm0bbzt e5nlhep0 a8c37x1j\">\n<div class=\"kvgmc6g5 cxmmr5t8 oygrvhab hcukyx3x c1et5uql\">\n<div class=\"gmail-kvgmc6g5 gmail-cxmmr5t8 gmail-oygrvhab gmail-hcukyx3x gmail-c1et5uql gmail-ii04i59q\">\n<div>\n<div class=\"page-title-head hgroup\">\n<div class=\"page-title-head hgroup\">\n<div class=\"b654a4as d2edcug0\">\n<div class=\"j83agx80 btwxx1t3 lhclo0ds hop8lmos nkwizq5d scwd0bx6 roh60bw9\">\n<div class=\"rq0escxv hkbzh7o3 jwdofwj8 n8tt0mok r8blr3vg hyh9befq\">\n<div class=\"do00u71z l9j0dhe7 k4urcfbm\">\n<div>\n<div class=\"page-title-head hgroup\">\n<div class=\"page-title-head hgroup\">\n<div class=\"page-title-head hgroup\">\n<div class=\"page-title-head hgroup\">\n<div class=\"b654a4as d2edcug0\">\n<div class=\"page-title-head hgroup\">\n<div class=\"page-title-head hgroup\">\n<div class=\"page-title-head hgroup\">\n<div class=\"page-title-head hgroup\">\n<div class=\"b654a4as d2edcug0\">\n<div class=\"page-title-head hgroup\">\n<div class=\"page-title-head hgroup\">\n<div class=\"page-title-head hgroup\">\n<div class=\"page-title-head hgroup\">\n<div class=\"page-title-head hgroup\">\n<div class=\"mkdf-post-text\">\n<div class=\"mkdf-post-text-inner\">\n<div class=\"mkdf-post-text-main\">\n<div class=\"mkdf-post-text\">\n<div class=\"mkdf-post-text-inner\">\n<div class=\"mkdf-post-text-main\">\n<div class=\"mkdf-post-text\">\n<div class=\"mkdf-post-text-inner\">\n<div class=\"mkdf-post-text-main\">\n<div class=\"page-title-head hgroup\">\n<div class=\"page-title-head hgroup\">\n<div class=\"mkdf-post-text\">\n<div class=\"mkdf-post-text-inner\">\n<div class=\"mkdf-post-text-main\">\n<div class=\"mkdf-post-text\">\n<div class=\"mkdf-post-text-inner\">\n<div class=\"mkdf-post-text-main\">\n<div>\n<div class=\"page-title-head hgroup\">\n<div class=\"page-title-head hgroup\">\n<div>\n<div class=\"page-title-head hgroup\">\n<div class=\"page-title-head hgroup\">\n<div class=\"b654a4as d2edcug0\">\n<div>\n<div class=\"page-title-head hgroup\" style=\"text-align: left;\">\n<div class=\"page-title-head hgroup\">\n<div dir=\"auto\">\n<p><a class=\"dt-pswp-item pspw-wrap-ready\" href=\"https:\/\/i0.wp.com\/www.radiopiu.net\/wordpress\/wp-content\/uploads\/2018\/09\/WhatsApp-Image-2018-09-20-at-16.04.06.jpeg?ssl=1\" data-dt-img-description=\"\" data-large_image_width=\"800\" data-large_image_height=\"100\"><img loading=\"lazy\" decoding=\"async\" class=\"aligncenter wp-image-61378 size-full jetpack-lazy-image jetpack-lazy-image--handled\" src=\"https:\/\/i0.wp.com\/www.radiopiu.net\/wordpress\/wp-content\/uploads\/2018\/09\/WhatsApp-Image-2018-09-20-at-16.04.06.jpeg?resize=800%2C100&amp;ssl=1\" sizes=\"auto, (max-width: 800px) 100vw, 800px\" srcset=\"https:\/\/i0.wp.com\/www.radiopiu.net\/wordpress\/wp-content\/uploads\/2018\/09\/WhatsApp-Image-2018-09-20-at-16.04.06.jpeg?w=800&amp;ssl=1 800w, https:\/\/i0.wp.com\/www.radiopiu.net\/wordpress\/wp-content\/uploads\/2018\/09\/WhatsApp-Image-2018-09-20-at-16.04.06.jpeg?resize=300%2C38&amp;ssl=1 300w, https:\/\/i0.wp.com\/www.radiopiu.net\/wordpress\/wp-content\/uploads\/2018\/09\/WhatsApp-Image-2018-09-20-at-16.04.06.jpeg?resize=768%2C96&amp;ssl=1 768w\" alt=\"\" width=\"800\" height=\"100\" data-lazy-loaded=\"1\" \/><\/a><\/p>\n<\/div>\n<\/div>\n<\/div>\n<\/div>\n<\/div>\n<\/div>\n<\/div>\n<\/div>\n<\/div>\n<\/div>\n<\/div>\n<\/div>\n<\/div>\n<\/div>\n<\/div>\n<\/div>\n<\/div>\n<\/div>\n<\/div>\n<\/div>\n<\/div>\n<\/div>\n<\/div>\n<\/div>\n<\/div>\n<\/div>\n<\/div>\n<\/div>\n<\/div>\n<\/div>\n<\/div>\n<\/div>\n<\/div>\n<\/div>\n<\/div>\n<\/div>\n<\/div>\n<\/div>\n<\/div>\n<\/div>\n<\/div>\n<\/div>\n<\/div>\n<\/div>\n<p>&nbsp;<\/p>\n<\/div>\n<\/div>\n<\/div>\n<\/div>\n<\/div>\n<\/div>\n<\/div>\n<\/div>\n<\/div>\n<\/div>\n<\/div>\n<\/div>\n<\/div>\n<\/div>\n<\/div>\n<\/div>\n<\/div>\n<\/div>\n<\/div>\n<\/div>\n<\/div>\n<\/div>\n<\/div>\n<\/div>\n<\/div>\n<\/div>\n<\/div>\n<\/div>\n<\/div>\n<\/div>\n<\/div>\n<\/div>\n<\/div>\n<\/div>\n<\/div>\n<\/div>\n<\/div>\n<\/div>\n<\/div>\n<\/div>\n<\/div>\n<\/div>\n<\/div>\n<\/div>\n<\/div>\n<\/div>\n<\/div>\n<\/div>\n<\/div>\n<\/div>\n<\/div>\n<\/div>\n<\/div>\n<\/div>\n<\/div>\n<\/div>\n<\/div>\n<\/div>\n<\/div>\n<\/div>\n<\/div>\n<\/div>\n<\/div>\n<\/div>\n<\/div>\n<\/div>\n<\/div>\n<\/div>\n<\/div>\n<\/div>\n<\/div>\n<\/div>\n<\/div>\n<\/div>\n<\/div>\n<\/div>\n<\/div>\n<\/div>\n<\/div>\n<\/div>\n<\/div>\n<\/div>\n<\/div>\n<\/div>\n<\/div>\n<\/div>\n<\/div>\n<\/div>\n<\/div>\n<\/div>\n<\/div>\n<\/div>\n<\/div>\n<\/div>\n<\/div>\n<\/div>\n<\/div>\n<\/div>\n<\/div>\n<\/div>\n<\/div>\n<\/div>\n<\/div>\n<\/div>\n<\/div>\n<\/div>\n<\/div>\n<\/div>\n<\/div>\n<\/div>\n<\/div>\n<\/div>\n<\/div>\n<\/div>\n<\/div>\n<\/div>\n<\/div>\n<\/div>\n<\/div>\n<\/div>\n<\/div>\n<\/div>\n<\/div>\n<\/div>\n<\/div>\n<\/div>\n<\/div>\n<\/div>\n<\/div>\n<\/div>\n<\/div>\n<\/div>\n<\/div>\n<\/div>\n<\/div>\n<\/div>\n<\/div>\n<\/div>\n<\/div>\n<\/div>\n<\/div>\n<\/div>\n<\/div>\n<\/div>\n<\/div>\n<\/div>\n<\/div>\n<\/div>\n<\/div>\n<\/div>\n<\/div>\n<\/div>\n<\/div>\n<\/div>\n<\/div>\n<\/div>\n<\/div>\n<\/div>\n<\/div>\n<\/div>\n<\/div>\n<\/div>\n<\/div>\n<\/div>\n<\/div>\n<\/div>\n<p><center><b>Venerdi 28<\/b><\/center><b>Tempo atteso: <\/b>Generalmente poco o parzialmente nuvoloso specie sulle Prealpi, a tratti anche molto nuvoloso per possibili addensamenti consistenti sui settori dolomitici, soprattutto su quelli al confine con il Trentino Alto Adige, dove non sono da escludere locali burrasche di neve lungo i pendii in prossimit\u00e0 delle cime.<br \/>\n<b>Precipitazioni: <\/b>Generalmente assenti, salvo una probabilit\u00e0 molto bassa (0-10%) di locali burrasche di neve in alta montagna sulle Dolomiti settentrionali, senza accumuli.<br \/>\n<b>Temperature: <\/b>Clima via via pi\u00f9 freddo nel corso della giornata e pi\u00f9 tipicamente invernale, con temperature in calo anche sensibile specie in quota ed attenuazione dell&#8217;inversione termica; in alcune valli il calo termico potr\u00e0 essere pi\u00f9 modesto a causa del Foehn; in alta montagna le minime saranno misurate a fine giornata, mentre le massime paradossalmente al mattino nelle prime ore. Su Prealpi a 1500 m min -4\u00b0C, max 4\u00b0C, a 2000 m min -7\u00b0C, max 1\u00b0C; su Dolomiti a 2000 m min -9\u00b0C, max -2\u00b0C, a 3000 m min -15\u00b0C, max -8\u00b0C.<br \/>\n<b>Venti: <\/b>In quota forti settentrionali, da nord, nord-ovest, soprattutto sulle vette dolomitiche con possibili raffiche di Foehn in qualche fondovalle e sulle zone pedemontane occidentali, a 25-45 km\/h a 2000 m, 70-80 km\/h a 3000 m, con raffiche di 90-110 Km\/h.<\/p>\n<hr \/>\n<p><center><b>Sabato 29<\/b><\/center><b>Tempo atteso: <\/b>Tempo parzialmente nuvoloso a tratti nuvoloso specie al mattino per nubi medio-alte, con ampie schiarite dal tardo pomeriggio\/sera.<br \/>\n<b>Precipitazioni: <\/b>Generalmente assenti, salvo una probabilit\u00e0 molto bassa (0-10%) di qualche sporadico fiocco di neve al mattino, eventualmente fino a fondovalle, senza accumuli.<br \/>\n<b>Temperature: <\/b>Minime in lieve o contenuto aumento a tutte le quote, massime generalmente stazionarie nelle valli, in lieve aumento in alta montagna. Clima tipicamente invernale. Su Prealpi a 1500 m min -3\u00b0C, max 4\u00b0C, a 2000 m min -5\u00b0C, max 2\u00b0C; su Dolomiti a 2000 m min -7\u00b0C, max -1\u00b0C, a 3000 m min -11\u00b0C, max -3\u00b0C.<br \/>\n<b>Venti: <\/b>Nelle valli deboli o moderati variabili con locali raffiche di Foehn in qualche valle, in quota moderati fino a forti da nord, nord-ovest, a 15-25 km\/h a 2000 m, 70-75 km\/h a 3000 m, con raffiche di 90-110 Km\/h.<\/p>\n<hr \/>\n<p><center><b>Domenica 30<\/b><\/center>Giornata soleggiata e molto ventosa in alta montagna dove i venti sono previsti ancora forti soprattutto sulle vette delle Dolomiti, con possibili episodi di Foehn in qualche fondovalle. Temperature in aumento nelle valli, generalmente stazionarie in alta montagna dove per\u00f2 la percezione del freddo sar\u00e0 esaltato dal forte vento per effetto wind-chill.<\/p>\n<hr \/>\n<p><center><b>Lunedi 31<\/b><\/center>Giornata all&#8217;insegna della nuvolosit\u00e0 con tempo parzialmente soleggiato per passaggi di nubi medio-alte e senza precipitazioni. Temperature in generale diminuzione. Venti al mattino moderati occidentali, tendenti a divenire settentrionali e a rinforzare fino a tornare forti nella seconda parte della giornata. Previsore: M.Padoan<\/p>\n<\/div>\n<\/div>\n<\/div>\n<\/div>\n<\/div>\n<\/div>\n<\/div>\n<\/div>\n<\/div>\n<\/div>\n<\/div>\n<\/div>\n<\/div>\n<\/div>\n<\/div>\n<\/div>\n<\/div>\n<\/div>\n<\/div>\n<\/div>\n<\/div>\n<\/div>\n<\/div>\n<p>&nbsp;<\/p>\n<hr \/>\n<p>&nbsp;<\/p>\n<p><a href=\"https:\/\/www.radiopiu.net\/wordpress\/giornale-radiopiu-15-settembre-2018-direttore-mirko-mezzacasa\/sport-7\/\" rel=\"attachment wp-att-60761\"><img loading=\"lazy\" decoding=\"async\" class=\"wp-image-60761 size-full aligncenter\" src=\"https:\/\/www.radiopiu.net\/wordpress\/wp-content\/uploads\/2018\/09\/sport.jpg\" alt=\"\" width=\"800\" height=\"100\" srcset=\"https:\/\/www.radiopiu.net\/wordpress\/wp-content\/uploads\/2018\/09\/sport.jpg 800w, https:\/\/www.radiopiu.net\/wordpress\/wp-content\/uploads\/2018\/09\/sport-300x38.jpg 300w, https:\/\/www.radiopiu.net\/wordpress\/wp-content\/uploads\/2018\/09\/sport-768x96.jpg 768w\" sizes=\"auto, (max-width: 800px) 100vw, 800px\" \/><\/a><\/p>\n<\/div>\n<p><strong>\u00a0<\/strong><\/p>\n<p><span style=\"color: #0000ff;\"><strong>HOCKEY SU GHIACCIO<\/strong><\/span><\/p>\n<blockquote>\n<h3>L\u2019ALLEGHE VINCE E CONVINCE CONTRO LA CAPOLISTA FIEMME<\/h3>\n<\/blockquote>\n<p><strong><a href=\"https:\/\/www.radiopiu.net\/wordpress\/una-vittoria-sudata-per-le-civette-contro-il-varese-e-sabato-lalleghe-a-caldaro\/alleghe-hockey-4\/\" rel=\"attachment wp-att-248099\"><img loading=\"lazy\" decoding=\"async\" class=\"size-medium wp-image-248099 alignleft\" src=\"https:\/\/www.radiopiu.net\/wordpress\/wp-content\/uploads\/2021\/12\/ALLEGHE-HOCKEY-4-300x180.jpg\" alt=\"\" width=\"300\" height=\"180\" srcset=\"https:\/\/www.radiopiu.net\/wordpress\/wp-content\/uploads\/2021\/12\/ALLEGHE-HOCKEY-4-300x180.jpg 300w, https:\/\/www.radiopiu.net\/wordpress\/wp-content\/uploads\/2021\/12\/ALLEGHE-HOCKEY-4-768x460.jpg 768w, https:\/\/www.radiopiu.net\/wordpress\/wp-content\/uploads\/2021\/12\/ALLEGHE-HOCKEY-4.jpg 949w\" sizes=\"auto, (max-width: 300px) 100vw, 300px\" \/><\/a>ALLEGHE \u2013 VALDIFIEMME 6-1<\/strong><\/p>\n<p>PARZIALI: 5-1, 0-0, 1-0<\/p>\n<p>GOL: pt. 3\u201952\u201d F. Soppelsa, 7\u201927\u201d e 19\u201940\u201d Berger, 10\u201905\u201d N. Soppelsa, 11\u201925\u201d De Toni, 17\u201952\u201d Vinatzer. tt. 8\u201920\u201d De Silvestro<\/p>\n<p>&nbsp;<\/p>\n<p>L\u2019Alleghe incamera tre punti contro la capolista del Master Round IHL. Le civette chiudono la partita dopo soli 20 minuti di gara con una prima frazione perfetta. I ragazzi di coach Fontana fanno la voce grossa contro un Fiemme che si \u00e8 dimostrato pericoloso solo nel secondo tempo. Ora un giorno di riposo per ritornare sul ghiaccio ad Egna per affrontare l\u2019Unterland Cavaliers fresco vincitore della Coppa Italia. Pronti via e subito gol per le civette che approfittano di un tiro dalla lunga distanza per passare in vantaggio. Ci pensa Francesco Soppelsa a battere il golie trentino. Ottimo inizio degli agordini che ingranano la marcia giusta per mettere in difficolt\u00e0 la capolista. Al primo powerplay a favore l\u2019Alleghe raddoppia. Soppelsa trova un assist d\u2019oro per Berger che non esita a tirare e infila il disco alle spalle di Foppa. \u00c8 un assedio dei padroni di casa che al giro di boa della prima frazione trovano il terzo gol della serata con Nicola Soppelsa. Fiemme in difficolt\u00e0 e agordini che non mollano calando il poker con De Toni. Notte fonda per la squadra ospite con il coach Kostner che chiama il time out per mettere in fila le idee. A 2\u2019 dal termine del primo tempo i fiemmesi accorciano le distanze grazie alla deviazione sotto porta di Vinatzer. Gli uomini di Fontana rispondono e riportano a 4 i gol di differenza con Berger. Nel secondo drittel i fiemmesi cambiano il portiere con il titolare Peiti tra i pali. In doppia inferiorit\u00e0 numerica, Scola deve fare gli straordinari per evitare il gol avversario. I trentini sembrano essere pi\u00f9 pericolosi e provano qualsiasi tentativo per bucare la difesa agordina che non lascia spazi agli avversari. L\u2019Alleghe prova a colpire in contropiede ma le conclusioni non sono delle migliori. Finale concitato con allo scadere il Fiemme che trova il gol sulla sirena ma viene annullato dagli arbitri visto che il disco aveva attraversato la linea di porta a tempo scaduto. Ultima frazione con gli agordini in attacco con Peiti che non si fa sorprendere. A chiudere definitivamente la sfida ci pensa De Silvestro che coglie l\u2019assist di Kiviranta per insaccare la sesta rete alleghese con un polsino che si infila sotto la traversa.<\/p>\n<p><strong>L&#8217;INTERVISTA DI MATTEO MANFROI A MANUEL DA TOS, DIRIGENTE DELL&#8217;ALLEGHE HOCKEY<\/strong><\/p>\n<audio class=\"wp-audio-shortcode\" id=\"audio-256373-14\" preload=\"none\" style=\"width: 100%;\" controls=\"controls\"><source type=\"audio\/mpeg\" src=\"https:\/\/www.radiopiu.net\/wordpress\/wp-content\/uploads\/2022\/01\/MATTEO-DA-TOS.mp3?_=14\" \/><a href=\"https:\/\/www.radiopiu.net\/wordpress\/wp-content\/uploads\/2022\/01\/MATTEO-DA-TOS.mp3\">https:\/\/www.radiopiu.net\/wordpress\/wp-content\/uploads\/2022\/01\/MATTEO-DA-TOS.mp3<\/a><\/audio>\n<p>&nbsp;<\/p>\n<hr \/>\n<p>&nbsp;<\/p>\n<p><span style=\"color: #0000ff;\"><strong>SNOWBOARD<\/strong><\/span><\/p>\n<blockquote>\n<h3>DA FALCADE IN CORO &#8221; VAI LUCIA SOTTO AL CIELO DI PECHINO&#8221;<\/h3>\n<\/blockquote>\n<p><strong>FALCADE<\/strong> Il conto alla rovescia \u00e8 inizato, poche ore fa abbiamo sentito il suo entusiasmo alla radio, oggi l&#8217;entusiasmo \u00e8 quello degli amici, dal sindaco alla presidente di Promo Falcade, dai maestri di sci a chi il fondo ad alti livelli lo ha praticato con successo. Vai Lucia!<\/p>\n<p>&nbsp;<\/p>\n<p><strong>IL SINDACO DI FALCADE, MICHELE COSTA\u00a0<\/strong><\/p>\n<audio class=\"wp-audio-shortcode\" id=\"audio-256373-15\" preload=\"none\" style=\"width: 100%;\" controls=\"controls\"><source type=\"audio\/mpeg\" src=\"https:\/\/www.radiopiu.net\/wordpress\/wp-content\/uploads\/2022\/01\/michele.mp3?_=15\" \/><a href=\"https:\/\/www.radiopiu.net\/wordpress\/wp-content\/uploads\/2022\/01\/michele.mp3\">https:\/\/www.radiopiu.net\/wordpress\/wp-content\/uploads\/2022\/01\/michele.mp3<\/a><\/audio>\n<p>&nbsp;<\/p>\n<p><strong>LA PRESIDENTE DI PROMO FALCADE, ANTONELLA SCHENA<\/strong><\/p>\n<audio class=\"wp-audio-shortcode\" id=\"audio-256373-16\" preload=\"none\" style=\"width: 100%;\" controls=\"controls\"><source type=\"audio\/mpeg\" src=\"https:\/\/www.radiopiu.net\/wordpress\/wp-content\/uploads\/2022\/01\/antonella.mp3?_=16\" \/><a href=\"https:\/\/www.radiopiu.net\/wordpress\/wp-content\/uploads\/2022\/01\/antonella.mp3\">https:\/\/www.radiopiu.net\/wordpress\/wp-content\/uploads\/2022\/01\/antonella.mp3<\/a><\/audio>\n<p><strong><a href=\"https:\/\/www.radiopiu.net\/wordpress\/giornale-radiopiu-28-gennaio-2022-direttore-mirko-mezzacasa\/74f257ca-bea9-4215-a8a9-b787c02ac8b5\/\" rel=\"attachment wp-att-256453\"><img loading=\"lazy\" decoding=\"async\" class=\"size-medium wp-image-256453 aligncenter\" src=\"https:\/\/www.radiopiu.net\/wordpress\/wp-content\/uploads\/2022\/01\/74f257ca-bea9-4215-a8a9-b787c02ac8b5-240x300.jpg\" alt=\"\" width=\"240\" height=\"300\" srcset=\"https:\/\/www.radiopiu.net\/wordpress\/wp-content\/uploads\/2022\/01\/74f257ca-bea9-4215-a8a9-b787c02ac8b5-240x300.jpg 240w, https:\/\/www.radiopiu.net\/wordpress\/wp-content\/uploads\/2022\/01\/74f257ca-bea9-4215-a8a9-b787c02ac8b5-819x1024.jpg 819w, https:\/\/www.radiopiu.net\/wordpress\/wp-content\/uploads\/2022\/01\/74f257ca-bea9-4215-a8a9-b787c02ac8b5-768x960.jpg 768w, https:\/\/www.radiopiu.net\/wordpress\/wp-content\/uploads\/2022\/01\/74f257ca-bea9-4215-a8a9-b787c02ac8b5.jpg 1080w\" sizes=\"auto, (max-width: 240px) 100vw, 240px\" \/><\/a> <\/strong><\/p>\n<p><strong>\u00a0<\/strong><\/p>\n<p><strong>IL MAESTRO DI SCI FULVIO VALT\u00a0<\/strong><\/p>\n<audio class=\"wp-audio-shortcode\" id=\"audio-256373-17\" preload=\"none\" style=\"width: 100%;\" controls=\"controls\"><source type=\"audio\/mpeg\" src=\"https:\/\/www.radiopiu.net\/wordpress\/wp-content\/uploads\/2022\/01\/fulvio-valt.mp3?_=17\" \/><a href=\"https:\/\/www.radiopiu.net\/wordpress\/wp-content\/uploads\/2022\/01\/fulvio-valt.mp3\">https:\/\/www.radiopiu.net\/wordpress\/wp-content\/uploads\/2022\/01\/fulvio-valt.mp3<\/a><\/audio>\n<p>&nbsp;<\/p>\n<p>&nbsp;<\/p>\n<p><strong>IL FONDISTA AZZURRO OGGI ALLENATORE DELLA NAZIONALE, FULVIO SCOLA<\/strong><\/p>\n<audio class=\"wp-audio-shortcode\" id=\"audio-256373-18\" preload=\"none\" style=\"width: 100%;\" controls=\"controls\"><source type=\"audio\/mpeg\" src=\"https:\/\/www.radiopiu.net\/wordpress\/wp-content\/uploads\/2022\/01\/fulvio-scola.mp3?_=18\" \/><a href=\"https:\/\/www.radiopiu.net\/wordpress\/wp-content\/uploads\/2022\/01\/fulvio-scola.mp3\">https:\/\/www.radiopiu.net\/wordpress\/wp-content\/uploads\/2022\/01\/fulvio-scola.mp3<\/a><\/audio>\n<p>&nbsp;<\/p>\n<p><a href=\"https:\/\/www.radiopiu.net\/wordpress\/giornale-radiopiu-28-gennaio-2022-direttore-mirko-mezzacasa\/0db1c8e0-c429-4267-9bf3-7738c00dbb68\/\" rel=\"attachment wp-att-256451\"><img loading=\"lazy\" decoding=\"async\" class=\"size-medium wp-image-256451 aligncenter\" src=\"https:\/\/www.radiopiu.net\/wordpress\/wp-content\/uploads\/2022\/01\/0db1c8e0-c429-4267-9bf3-7738c00dbb68-208x300.jpg\" alt=\"\" width=\"208\" height=\"300\" srcset=\"https:\/\/www.radiopiu.net\/wordpress\/wp-content\/uploads\/2022\/01\/0db1c8e0-c429-4267-9bf3-7738c00dbb68-208x300.jpg 208w, https:\/\/www.radiopiu.net\/wordpress\/wp-content\/uploads\/2022\/01\/0db1c8e0-c429-4267-9bf3-7738c00dbb68.jpg 499w\" sizes=\"auto, (max-width: 208px) 100vw, 208px\" \/><\/a><\/p>\n<p>&nbsp;<\/p>\n<p><strong>IL RESPONSABILE MARKETING AREA SAN PELLEGRINO RENZO MINELLA\u00a0<\/strong><\/p>\n<audio class=\"wp-audio-shortcode\" id=\"audio-256373-19\" preload=\"none\" style=\"width: 100%;\" controls=\"controls\"><source type=\"audio\/mpeg\" src=\"https:\/\/www.radiopiu.net\/wordpress\/wp-content\/uploads\/2022\/01\/renzo.mp3?_=19\" \/><a href=\"https:\/\/www.radiopiu.net\/wordpress\/wp-content\/uploads\/2022\/01\/renzo.mp3\">https:\/\/www.radiopiu.net\/wordpress\/wp-content\/uploads\/2022\/01\/renzo.mp3<\/a><\/audio>\n<p>&nbsp;<\/p>\n<p><span style=\"color: #ff0000;\"><strong>ARCHIVIO RADIOPIU&#8217;, LUCIA ALLA RADIO intervista del 25 gennaio2022<\/strong><\/span><\/p>\n<audio class=\"wp-audio-shortcode\" id=\"audio-256373-20\" preload=\"none\" style=\"width: 100%;\" controls=\"controls\"><source type=\"audio\/mpeg\" src=\"https:\/\/www.radiopiu.net\/wordpress\/wp-content\/uploads\/2022\/01\/lucia-dal-masso-26-gennaio.mp3?_=20\" \/><a href=\"https:\/\/www.radiopiu.net\/wordpress\/wp-content\/uploads\/2022\/01\/lucia-dal-masso-26-gennaio.mp3\">https:\/\/www.radiopiu.net\/wordpress\/wp-content\/uploads\/2022\/01\/lucia-dal-masso-26-gennaio.mp3<\/a><\/audio>\n<p>&nbsp;<\/p>\n<p><a href=\"https:\/\/www.radiopiu.net\/wordpress\/luciadalmasso\/schermata-2022-01-07-alle-10-51-06\/\" rel=\"attachment wp-att-252747\"><img loading=\"lazy\" decoding=\"async\" class=\"size-medium wp-image-252747 aligncenter\" src=\"https:\/\/www.radiopiu.net\/wordpress\/wp-content\/uploads\/2022\/01\/Schermata-2022-01-07-alle-10.51.06-300x265.png\" alt=\"\" width=\"300\" height=\"265\" srcset=\"https:\/\/www.radiopiu.net\/wordpress\/wp-content\/uploads\/2022\/01\/Schermata-2022-01-07-alle-10.51.06-300x265.png 300w, https:\/\/www.radiopiu.net\/wordpress\/wp-content\/uploads\/2022\/01\/Schermata-2022-01-07-alle-10.51.06-1024x904.png 1024w, https:\/\/www.radiopiu.net\/wordpress\/wp-content\/uploads\/2022\/01\/Schermata-2022-01-07-alle-10.51.06-768x678.png 768w, https:\/\/www.radiopiu.net\/wordpress\/wp-content\/uploads\/2022\/01\/Schermata-2022-01-07-alle-10.51.06.png 1430w\" sizes=\"auto, (max-width: 300px) 100vw, 300px\" \/><\/a><\/p>\n<p>&nbsp;<\/p>\n<hr \/>\n<p><span style=\"color: #0000ff;\"><strong>\u00a0 <\/strong><\/span><\/p>\n<p><span style=\"color: #0000ff;\"><strong>PALLAVOLO<\/strong><\/span><\/p>\n<div>\n<blockquote>\n<h2><b>Maccabruni: \u00abRipartiamo dall\u2019atteggiamento propositivo e \u201csfacciato\u201d del terzo set\u00bb<\/b><\/h2>\n<p><em> \u00abDomenica, a Fano, ci aspetta una gara da vincere. E la vinceremo\u00bb.<\/em><\/p><\/blockquote>\n<p><a href=\"https:\/\/www.radiopiu.net\/wordpress\/giornale-radiopiu-28-gennaio-2022-direttore-mirko-mezzacasa\/ph-andrea-iommarini-3\/\" rel=\"attachment wp-att-256431\"><img loading=\"lazy\" decoding=\"async\" class=\"size-medium wp-image-256431 alignleft\" src=\"https:\/\/www.radiopiu.net\/wordpress\/wp-content\/uploads\/2022\/01\/Maccabruni_in_palleggio-300x150.jpg\" alt=\"\" width=\"300\" height=\"150\" srcset=\"https:\/\/www.radiopiu.net\/wordpress\/wp-content\/uploads\/2022\/01\/Maccabruni_in_palleggio-300x150.jpg 300w, https:\/\/www.radiopiu.net\/wordpress\/wp-content\/uploads\/2022\/01\/Maccabruni_in_palleggio-768x384.jpg 768w, https:\/\/www.radiopiu.net\/wordpress\/wp-content\/uploads\/2022\/01\/Maccabruni_in_palleggio.jpg 800w\" sizes=\"auto, (max-width: 300px) 100vw, 300px\" \/><\/a><strong>BELLUNO<\/strong>\u00a0 Pronostici rispettati: la testa di serie numero 1, l\u2019Abba Pineto, supera la numero 8. Ovvero, la Da Rold Logistics.<span class=\"gmail-Apple-converted-space\"> \u00a0<\/span>Ma i rinoceronti tornano dalla trasferta abruzzese di Coppa Italia con un pieno di fiducia avendo sfiorato la conquista del terzo round (due palle set annullate) e sono riusciti a sfoderare una reazione davvero da applausi, dopo un avvio claudicante. Anche a causa delle tante defezioni: oltre a Mozzato, Gionchetti, Della Vecchia e Milani, Graziani non \u00e8 mai entrato e De Santis \u00e8 stato spedito sul parquet solo a partita in corso.<span class=\"gmail-Apple-converted-space\"> \u00a0<\/span>Chi, invece, non ha saltato neppure uno scambio \u00e8 Filippo Maccabruni: <em>\u00abI primi due set sono stati una storia a parte &#8211; afferma il palleggiatore &#8211; nel senso che i nostri avversari hanno spinto parecchio, mentre noi abbiamo avuto bisogno di un po\u2019 pi\u00f9 di tempo per entrare in gara. Ma il terzo parziale \u00e8 stato ricco di cose buone: abbiamo avuto un atteggiamento propositivo e \u201csfacciato\u201d\u00bb. Ed \u00e8 proprio da questo atteggiamento che bisogner\u00e0 ripartire. Oltre che dai recuperi dei due infortunati di lungo corso: Giovanni Candeago e Gonzalo Martinez. Entrambi, in Abruzzo, hanno ripreso confidenza con il ritmo partita: \u00abSono stati molto bravi &#8211; li loda il regista -. \u201cCandy\u201d, per caratteristiche fisiche, ha faticato un pochino di pi\u00f9. Ma \u00e8 normale. E anche Gonzalo \u00e8 entrato al meglio\u00bb.<span class=\"gmail-Apple-converted-space\"> \u00a0<\/span><\/em><\/p>\n<p>&nbsp;<\/p>\n<p>&nbsp;<\/p>\n<p>****<\/p>\n<\/div>\n<\/div>\n<\/div>\n<\/div>\n<\/div>\n<\/div>\n<\/div>\n<\/div>\n<\/div>\n<\/div>\n<\/div>\n<\/div>\n<\/div>\n<\/div>\n<\/div>\n<\/div>\n<\/div>\n<\/div>\n<\/div>\n<\/div>\n<\/div>\n<\/div>\n<\/div>\n<\/div>\n<\/div>\n<\/div>\n<\/div>\n<\/div>\n<\/div>\n<\/div>\n<\/div>\n","protected":false},"excerpt":{"rendered":"<p>\u00a0INFORMAZIONE il canale su TELEGRAM informazione di prima mano e in tempo reale. iscriviti ed aiutaci a farlo conoscere\u00a0\u00a0 &nbsp; &nbsp; ACQUA DI NUOVO POTABILE A TAIBON IN LOCALITA&#8217; COL DE CARRERA \u00a0 TAIBON Gestione Servizi Pubblici informa che a TAIBON AGORDINO in localit\u00e0 COL DE CARRERA l&#8217;acqua erogata dall&#8217;acquedotto \u00e8 di nuovo potabile e&hellip;<\/p>\n","protected":false},"author":4,"featured_media":256601,"comment_status":"closed","ping_status":"closed","sticky":false,"template":"","format":"standard","meta":{"_monsterinsights_skip_tracking":false,"_monsterinsights_sitenote_active":false,"_monsterinsights_sitenote_note":"","_monsterinsights_sitenote_category":0,"footnotes":""},"categories":[104,86,49],"tags":[],"class_list":["post-256373","post","type-post","status-publish","format-standard","has-post-thumbnail","hentry","category-evidenza_3","category-gr","category-news-18","category-104","category-86","category-49","description-off"],"img_url":"https:\/\/www.radiopiu.net\/wordpress\/wp-content\/uploads\/2022\/01\/97ce60a8-092e-465b-90ef-a0e3e9077cd1.jpg","_links":{"self":[{"href":"https:\/\/www.radiopiu.net\/wordpress\/wp-json\/wp\/v2\/posts\/256373","targetHints":{"allow":["GET"]}}],"collection":[{"href":"https:\/\/www.radiopiu.net\/wordpress\/wp-json\/wp\/v2\/posts"}],"about":[{"href":"https:\/\/www.radiopiu.net\/wordpress\/wp-json\/wp\/v2\/types\/post"}],"author":[{"embeddable":true,"href":"https:\/\/www.radiopiu.net\/wordpress\/wp-json\/wp\/v2\/users\/4"}],"replies":[{"embeddable":true,"href":"https:\/\/www.radiopiu.net\/wordpress\/wp-json\/wp\/v2\/comments?post=256373"}],"version-history":[{"count":0,"href":"https:\/\/www.radiopiu.net\/wordpress\/wp-json\/wp\/v2\/posts\/256373\/revisions"}],"wp:featuredmedia":[{"embeddable":true,"href":"https:\/\/www.radiopiu.net\/wordpress\/wp-json\/wp\/v2\/media\/256601"}],"wp:attachment":[{"href":"https:\/\/www.radiopiu.net\/wordpress\/wp-json\/wp\/v2\/media?parent=256373"}],"wp:term":[{"taxonomy":"category","embeddable":true,"href":"https:\/\/www.radiopiu.net\/wordpress\/wp-json\/wp\/v2\/categories?post=256373"},{"taxonomy":"post_tag","embeddable":true,"href":"https:\/\/www.radiopiu.net\/wordpress\/wp-json\/wp\/v2\/tags?post=256373"}],"curies":[{"name":"wp","href":"https:\/\/api.w.org\/{rel}","templated":true}]}}