{"id":256763,"date":"2022-01-31T05:52:24","date_gmt":"2022-01-31T04:52:24","guid":{"rendered":"https:\/\/www.radiopiu.net\/wordpress\/?p=256763"},"modified":"2022-01-31T09:31:37","modified_gmt":"2022-01-31T08:31:37","slug":"giornale-radiopiu-31-gennaio-2022-direttore-mirko-mezzacasa","status":"publish","type":"post","link":"https:\/\/www.radiopiu.net\/wordpress\/giornale-radiopiu-31-gennaio-2022-direttore-mirko-mezzacasa\/","title":{"rendered":"GIORNALE RADIOPIU 31 GENNAIO 2022 DIRETTORE MIRKO MEZZACASA"},"content":{"rendered":"<h3 class=\"kvgmc6g5 cxmmr5t8 oygrvhab hcukyx3x c1et5uql\"><span style=\"color: #0000ff;\"><strong><a href=\"https:\/\/www.radiopiu.net\/wordpress\/giornale-radiopiu-31-gennaio-2022-direttore-mirko-mezzacasa\/13c9d984-fd63-47dc-a19b-2ba73e34dda6\/\" rel=\"attachment wp-att-257014\"><img loading=\"lazy\" decoding=\"async\" class=\"alignleft wp-image-257014 \" src=\"https:\/\/www.radiopiu.net\/wordpress\/wp-content\/uploads\/2022\/01\/13c9d984-fd63-47dc-a19b-2ba73e34dda6.jpg\" alt=\"\" width=\"180\" height=\"389\" srcset=\"https:\/\/www.radiopiu.net\/wordpress\/wp-content\/uploads\/2022\/01\/13c9d984-fd63-47dc-a19b-2ba73e34dda6.jpg 473w, https:\/\/www.radiopiu.net\/wordpress\/wp-content\/uploads\/2022\/01\/13c9d984-fd63-47dc-a19b-2ba73e34dda6-139x300.jpg 139w\" sizes=\"auto, (max-width: 180px) 100vw, 180px\" \/>I<\/a><\/strong><\/span><span style=\"color: #0000ff;\"><strong>NFORMAZIONE il canale su TELEGRAM informazione di prima mano e in tempo reale. iscriviti ed aiutaci a farlo conoscere\u00a0\u00a0<\/strong><\/span><\/h3>\n<p><em>Con i complimenti all&#8217;amico Fiorendo Dalla C\u00e0, tra l&#8217;altro anche primo giornalista di Radio Pi\u00f9,\u00a0 nel 1983 curo&#8217; per questa testata le prime trasmissioni dedicate all&#8217;hockey su ghiaccio e la prima serie di programmi sportivi SPORT PIU&#8217;. Contributi importanti per la crescita della radio agordina. A Fiorendo va riconosciuto tra l&#8217;altro il merito di aver fatto &#8220;vivere&#8221; Agordo ai tempi del suo assessorato allo sport (sindaco Vito Valcozzena) con grandi eventi sportivi (ciclismo, corsa) e musicali (Karaoke Fiorellino).<\/em><\/p>\n<p>&nbsp;<\/p>\n<p>&nbsp;<\/p>\n<p>&nbsp;<\/p>\n<p>&nbsp;<\/p>\n<p>&nbsp;<\/p>\n<p>&nbsp;<\/p>\n<p>&nbsp;<\/p>\n<hr \/>\n<p>&nbsp;<\/p>\n<blockquote>\n<h3>ANCORA DISSERVIZI PER LA CROCE VERDE VAL BIOIS<\/h3>\n<\/blockquote>\n<p><strong><a href=\"https:\/\/www.radiopiu.net\/wordpress\/lassessore-gianpaolo-bottacin-ribatte-alle-accuse-del-presidente-della-croce-verde-val-biois-stefano-murer\/croce-verde-val-biois-2\/\" rel=\"attachment wp-att-153811\"><img loading=\"lazy\" decoding=\"async\" class=\" wp-image-153811 alignleft\" src=\"https:\/\/www.radiopiu.net\/wordpress\/wp-content\/uploads\/2020\/08\/CROCE-VERDE-VAL-BIOIS-300x225.jpg\" sizes=\"auto, (max-width: 224px) 100vw, 224px\" srcset=\"https:\/\/www.radiopiu.net\/wordpress\/wp-content\/uploads\/2020\/08\/CROCE-VERDE-VAL-BIOIS-300x225.jpg 300w, https:\/\/www.radiopiu.net\/wordpress\/wp-content\/uploads\/2020\/08\/CROCE-VERDE-VAL-BIOIS-1024x768.jpg 1024w, https:\/\/www.radiopiu.net\/wordpress\/wp-content\/uploads\/2020\/08\/CROCE-VERDE-VAL-BIOIS-768x576.jpg 768w, https:\/\/www.radiopiu.net\/wordpress\/wp-content\/uploads\/2020\/08\/CROCE-VERDE-VAL-BIOIS-1536x1153.jpg 1536w, https:\/\/www.radiopiu.net\/wordpress\/wp-content\/uploads\/2020\/08\/CROCE-VERDE-VAL-BIOIS.jpg 1599w\" alt=\"\" width=\"224\" height=\"168\" \/><\/a><\/strong><\/p>\n<p><strong>\u00a0<\/strong><\/p>\n<p><strong>\u00a0<\/strong><\/p>\n<p><strong>FALCADE<\/strong> La Croce Verde Val Biois comunica che OGGI dalle 6 alle 20 il servizio non sar\u00e0 disponibile a causa di una problematica inerente quarantena Covid.<\/p>\n<p>&nbsp;<\/p>\n<p>&nbsp;<\/p>\n<p>&nbsp;<\/p>\n<p>&nbsp;<\/p>\n<hr \/>\n<p>&nbsp;<\/p>\n<blockquote>\n<h3>ACQUA DI NUOVO POTABILE A TAIBON IN LOCALITA&#8217; COL DE CARRERA<\/h3>\n<\/blockquote>\n<p><strong><a href=\"https:\/\/www.radiopiu.net\/wordpress\/acqua-di-nuovo-potabile-a-gosaldo\/bicchiere-acqua\/\" rel=\"attachment wp-att-197762\"><img loading=\"lazy\" decoding=\"async\" class=\" wp-image-197762 alignleft\" src=\"https:\/\/www.radiopiu.net\/wordpress\/wp-content\/uploads\/2021\/03\/BICCHIERE-ACQUA-300x200.jpg\" alt=\"\" width=\"176\" height=\"117\" srcset=\"https:\/\/www.radiopiu.net\/wordpress\/wp-content\/uploads\/2021\/03\/BICCHIERE-ACQUA-300x200.jpg 300w, https:\/\/www.radiopiu.net\/wordpress\/wp-content\/uploads\/2021\/03\/BICCHIERE-ACQUA-1024x683.jpg 1024w, https:\/\/www.radiopiu.net\/wordpress\/wp-content\/uploads\/2021\/03\/BICCHIERE-ACQUA-768x512.jpg 768w, https:\/\/www.radiopiu.net\/wordpress\/wp-content\/uploads\/2021\/03\/BICCHIERE-ACQUA-1536x1024.jpg 1536w, https:\/\/www.radiopiu.net\/wordpress\/wp-content\/uploads\/2021\/03\/BICCHIERE-ACQUA.jpg 1920w\" sizes=\"auto, (max-width: 176px) 100vw, 176px\" \/><\/a> <\/strong><\/p>\n<p><strong>\u00a0<\/strong><\/p>\n<p><strong>TAIBON<\/strong> Gestione Servizi Pubblici informa che a TAIBON AGORDINO in localit\u00e0 COL DE CARRERA l&#8217;acqua erogata dall&#8217;acquedotto \u00e8 di nuovo potabile e pu\u00f2 essere usata, quindi, per scopi alimentari.<\/p>\n<p>&nbsp;<\/p>\n<p>&nbsp;<\/p>\n<p>&nbsp;<\/p>\n<hr \/>\n<p>&nbsp;<\/p>\n<p><strong><a href=\"https:\/\/www.radiopiu.net\/wordpress\/open-day-vaccinazioni-pediatriche-domenica-a-sedico\/vaccino-bambini\/\" rel=\"attachment wp-att-252796\"><img loading=\"lazy\" decoding=\"async\" class=\" wp-image-252796 alignleft\" src=\"https:\/\/www.radiopiu.net\/wordpress\/wp-content\/uploads\/2022\/01\/VACCINO-BAMBINI-300x215.png\" sizes=\"auto, (max-width: 141px) 100vw, 141px\" srcset=\"https:\/\/www.radiopiu.net\/wordpress\/wp-content\/uploads\/2022\/01\/VACCINO-BAMBINI-300x215.png 300w, https:\/\/www.radiopiu.net\/wordpress\/wp-content\/uploads\/2022\/01\/VACCINO-BAMBINI-1024x734.png 1024w, https:\/\/www.radiopiu.net\/wordpress\/wp-content\/uploads\/2022\/01\/VACCINO-BAMBINI-768x550.png 768w, https:\/\/www.radiopiu.net\/wordpress\/wp-content\/uploads\/2022\/01\/VACCINO-BAMBINI.png 1280w\" alt=\"\" width=\"141\" height=\"101\" \/><\/a><\/strong><strong>OGGI AD ALLEGHE VACCINAZIONI PER TUTTI SENZA PRENOTAZIONE<\/strong> Ad Alleghe oggi presso la Sala Franceschini dello Stadio del ghiaccio dalle 10 alle 15 con accesso libero a tutti senza prenotazione, altre due giornate sono previste il 28 febbraio e il 28 marzo.\u00a0 Per aderire alla vaccinazione basta presentarsi con tessera sanitaria e scheda anamnestica compilata<\/p>\n<p>&nbsp;<\/p>\n<p>&nbsp;<\/p>\n<hr \/>\n<p>&nbsp;<\/p>\n<blockquote>\n<h3>ADDIO JESSICA, LUTTO DALLA VAL DI ZOLDO ALLA GERMANIA<\/h3>\n<\/blockquote>\n<p>&nbsp;<\/p>\n<p><strong><img loading=\"lazy\" decoding=\"async\" class=\"alignleft\" src=\"https:\/\/www.radiopiu.net\/wordpress\/wp-content\/uploads\/2022\/01\/123378139_3618976548125036_8754070730766003224_n-300x300.jpg\" width=\"154\" height=\"154\" \/>VAL DI ZOLDO<\/strong> Jessica Toldo aveva\u00a0 31 anni, una vita come gelatiera in Germania, emigrante dalla val zoldana.\u00a0 Un male incurabile l&#8217;ha strappata agli affetti pi\u00f9 cari.\u00a0 Era ricoverata all&#8217;ospedale Nordklinikum di Norimberga, in Baviera. Era originaria di Astragal e aveva imparato il mestiere dai genitori. Indimentidabile quel sorriso sfoderaato da dietro il bancone dell&#8217;Eisboutique Bedolli, nel quartiere di Eibach. La salma \u00e8 arrivata\u00a0 in Val di Zoldo per i funerali.Oltre a mamma e pap\u00e0, Jessica Toldo lascia il fratello Luca. La famiglia ringrazia\u00a0 la dottoressa Miljana Vladimirov.<\/p>\n<p>&nbsp;<\/p>\n<p>&nbsp;<\/p>\n<p>&nbsp;<\/p>\n<p>&nbsp;<\/p>\n<p>&nbsp;<\/p>\n<hr \/>\n<blockquote>\n<h3><a href=\"https:\/\/www.radiopiu.net\/wordpress\/giornale-radiopiu-31-gennaio-2022-direttore-mirko-mezzacasa\/alberto-de-villa-gobbo\/\" rel=\"attachment wp-att-256987\"><img loading=\"lazy\" decoding=\"async\" class=\" wp-image-256987 alignleft\" src=\"https:\/\/www.radiopiu.net\/wordpress\/wp-content\/uploads\/2022\/01\/ALBERTO-DE-VILLA-GOBBO-201x300.png\" alt=\"\" width=\"117\" height=\"175\" srcset=\"https:\/\/www.radiopiu.net\/wordpress\/wp-content\/uploads\/2022\/01\/ALBERTO-DE-VILLA-GOBBO-201x300.png 201w, https:\/\/www.radiopiu.net\/wordpress\/wp-content\/uploads\/2022\/01\/ALBERTO-DE-VILLA-GOBBO.png 450w\" sizes=\"auto, (max-width: 117px) 100vw, 117px\" \/><\/a>DOMANI I FUNERALI DI ALBERTO DE VILLA GOBBO<\/h3>\n<\/blockquote>\n<p><strong>\u00a0<\/strong><\/p>\n<p><strong>SEDICO<\/strong> Saranno celebrati domani alle 14:30 presso la chiesa arcipretale di Sedico i funerali di Alberto De Villa Gobbo, l&#8217;uomo che gioved\u00ec scorso \u00e8 stato investito mentre stava andando al lavoro in sella alla sua bicicletta.<\/p>\n<p>A darne l&#8217;annuncio la moglie Francesca, la figlia Aurora, Selena con Ilyas, la mamma Marisa e i fratelli Enrico e Francesco con Susanna.<\/p>\n<p>&nbsp;<\/p>\n<blockquote>\n<h3>UNA RACCOLTA FONDI PER AIUTARE LA FAMIGLIA DI ALBERTO<\/h3>\n<\/blockquote>\n<p><strong><a href=\"https:\/\/www.radiopiu.net\/wordpress\/giornale-radiopiu-29-gennaio-2022-direttore-mirko-mezzacasa\/ba01d52c-692b-4030-a74c-182bfccaa1de\/\" rel=\"attachment wp-att-256776\"><img loading=\"lazy\" decoding=\"async\" class=\"size-medium wp-image-256776 alignleft\" src=\"https:\/\/www.radiopiu.net\/wordpress\/wp-content\/uploads\/2022\/01\/ba01d52c-692b-4030-a74c-182bfccaa1de-300x135.jpg\" alt=\"\" width=\"300\" height=\"135\" srcset=\"https:\/\/www.radiopiu.net\/wordpress\/wp-content\/uploads\/2022\/01\/ba01d52c-692b-4030-a74c-182bfccaa1de-300x135.jpg 300w, https:\/\/www.radiopiu.net\/wordpress\/wp-content\/uploads\/2022\/01\/ba01d52c-692b-4030-a74c-182bfccaa1de-1024x461.jpg 1024w, https:\/\/www.radiopiu.net\/wordpress\/wp-content\/uploads\/2022\/01\/ba01d52c-692b-4030-a74c-182bfccaa1de-768x345.jpg 768w, https:\/\/www.radiopiu.net\/wordpress\/wp-content\/uploads\/2022\/01\/ba01d52c-692b-4030-a74c-182bfccaa1de-1536x691.jpg 1536w, https:\/\/www.radiopiu.net\/wordpress\/wp-content\/uploads\/2022\/01\/ba01d52c-692b-4030-a74c-182bfccaa1de.jpg 2048w\" sizes=\"auto, (max-width: 300px) 100vw, 300px\" \/><\/a>SEDICO<\/strong> Tante lacrime per Alberto De Villa Gobbo, commozione per chi resta,\u00a0 la compagna Francesca, la figlia, la mamma, i fratelli. I colleghi di Alberto e Francesca in Luxottica hanno dato il via ad una raccolta di fondi per dare una mano\u00a0 alla famiglia.<\/p>\n<p>&nbsp;<\/p>\n<p>Alberto De Villa Gobbo, alleghese di Caprile, diplomato all&#8217;Agrario di Feltre, padre di una figlia, era un dipendente di lunga data di Luxottica, prima a Cencenighe e quindi a Sedico, dove aveva preso casa da qualche anno a Roe Alte.\u00a0 Era legato alle radici agordine, lo dimostra anche l&#8217;attaccamento\u00a0 all&#8217;Atletica Agordin \u00abFaremo senz&#8217;altro, appena possibile, una iniziativa per ricordarlo, magari allo stadio Dorigo\u00bb,\u00a0 anticipa Fernando Soccol.\u00a0 (foto di gruppo, una delle tante gare con Alberto e gli amici agordini, Alberto il terzo in piedi da destra)<\/p>\n<p>&nbsp;<\/p>\n<p>&nbsp;<\/p>\n<hr \/>\n<p>&nbsp;<\/p>\n<blockquote>\n<h3 class=\"entry-title\">VOLA DALL\u2019IMPALCATURA MENTRE LAVORA SULL\u2019INSEGNA<\/h3>\n<\/blockquote>\n<p><strong>PONTE NELLE ALPI<\/strong> Infortunio sul lavoro sabato in Viale Cadore, la vittima un 57enne della provincia di Venezia caduto accidentalmente da un\u2019impalcatura. Un volo di circa 3 metri mentre era intento nell\u2019opera di manutenzione dell\u2019insegna della \u201cCentroGomme\u201d. L\u2019uomo V.S. soccorso dai sadnitari \u00e8 stato portato in ospedale per un politrauma, non \u00e8 in pericolo di vita. Sul posto per i rilievi di Carabinieri e il personale Spisal.<\/p>\n<p>&nbsp;<\/p>\n<p>&nbsp;<\/p>\n<hr \/>\n<p>&nbsp;<\/p>\n<blockquote>\n<h3>MALORE NEL BOSCO, INTERVIENE IL SOCCORSO ALPINO<\/h3>\n<\/blockquote>\n<p><strong><a href=\"https:\/\/www.radiopiu.net\/wordpress\/torna-la-festa-del-volontariato-cadorino-sabato-1-settembre\/soccorsoalpino\/\" rel=\"attachment wp-att-59164\"><img loading=\"lazy\" decoding=\"async\" class=\" wp-image-59164 alignleft\" src=\"https:\/\/www.radiopiu.net\/wordpress\/wp-content\/uploads\/2018\/08\/soccorsoalpino-300x300.jpg\" alt=\"\" width=\"111\" height=\"111\" srcset=\"https:\/\/www.radiopiu.net\/wordpress\/wp-content\/uploads\/2018\/08\/soccorsoalpino-300x300.jpg 300w, https:\/\/www.radiopiu.net\/wordpress\/wp-content\/uploads\/2018\/08\/soccorsoalpino-150x150.jpg 150w, https:\/\/www.radiopiu.net\/wordpress\/wp-content\/uploads\/2018\/08\/soccorsoalpino-768x768.jpg 768w, https:\/\/www.radiopiu.net\/wordpress\/wp-content\/uploads\/2018\/08\/soccorsoalpino-1024x1024.jpg 1024w, https:\/\/www.radiopiu.net\/wordpress\/wp-content\/uploads\/2018\/08\/soccorsoalpino.jpg 1200w\" sizes=\"auto, (max-width: 111px) 100vw, 111px\" \/><\/a> <\/strong><\/p>\n<p><strong>ARSIE&#8217;<\/strong> Ieri attorno alle 10 \u00e8 scattato l&#8217;allarme per un uomo colto da malore, mentre in compagnia si trovava nel bosco in prossimit\u00e0 di una baita sul Col de Zanchi. Risaliti alle coordinate, sul posto \u00e8 stato inviato l&#8217;elicottero del Suem di Pieve di Cadore che ha sbarcato nelle vicinanze equipe medica e tecnico di elisoccorso. Prestate le prime cure, B.R., 76 anni, di Arsi\u00e8 (BL), \u00e8 stato caricato a bordo con un verricello di 20 metri e trasportato all&#8217;ospedale di Belluno per le verifiche del caso.<\/p>\n<p>&nbsp;<\/p>\n<p>&nbsp;<\/p>\n<hr \/>\n<p>&nbsp;<\/p>\n<blockquote>\n<h3>SCIVOLA SUL GHIACCIO E SI FA MALE ALLA CAVIGLIA<\/h3>\n<\/blockquote>\n<p><strong><a href=\"https:\/\/www.radiopiu.net\/wordpress\/il-soccorso-alpino-ritorna-al-vazzoler\/th-172\/\" rel=\"attachment wp-att-225856\"><img loading=\"lazy\" decoding=\"async\" class=\" wp-image-225856 alignleft\" src=\"https:\/\/www.radiopiu.net\/wordpress\/wp-content\/uploads\/2021\/08\/th.jpg\" alt=\"\" width=\"154\" height=\"116\" \/><\/a>ZOPPE DI CADORE <\/strong>Ieri alle 12.30 circa il Soccorso alpino della Val di Zoldo \u00e8 stato allertato per un infortunio sotto l&#8217;abitato di Zopp\u00e8 di Cadore. Mentre stava camminando lungo una strada sterrata a tratti ghiacciata, una 64enne di Treviso aveva infatti messo male un piede, riportando un probabile trauma alla caviglia che le impediva di proseguire. Dopo che un primo soccorritore era arrivato da lei per sincerarsi delle sue condizioni, una squadra ha raggiunto la donna, le ha immobilizzato il piede e la ha caricata in barella, per trasportarla 500 metri fino alla strada, da dove i compagni l&#8217;hanno accompagnata autonomamente al pronto soccorso.<\/p>\n<p>&nbsp;<\/p>\n<p>&nbsp;<\/p>\n<hr \/>\n<p>&nbsp;<\/p>\n<blockquote>\n<h3>UN UOMO RESTA INTRAPPOLATO SOTTO UNA PIANTA. INTERVENTO DEI VIGILI DEL FUOCO<\/h3>\n<\/blockquote>\n<p><strong>SOSPIROLO<\/strong> Poco dopo le 11:30 di sabato, i Vigili del Fuoco sono intervenuti in localit\u00e0 Maras nel comune di Sospirolo per soccorrere un uomo rimasto intrappolato con un arto sotto una pianta, durante i lavori di taglio della stessa. I pompieri arrivati con pi\u00f9 mezzi, si sono portati in prossimit\u00e0 del bosco per un sentiero molto stretto a bordo di due fuoristrada, raggiungendo l\u2019infortunato. Utilizzando dei cuscini pneumatici hanno sollevato il tronco, riuscendo a sfilare l\u2019uomo, sempre rimasto cosciente, che \u00e8 stato affidato alle cure del personale sanitario, intervenuti anche con l\u2019elisoccorso. L\u2019uomo \u00e8 stato stabilizzato e trasportato in eliambulanza all\u2019ospedale San Martino di Belluno. Le operazioni di soccorso dei vigili del fuoco sono terminate dopo circa due ore.<\/p>\n\n\t\t\t<style type='text\/css'>\n\t\t\t\t#gallery-1 {\n\t\t\t\t\tmargin: auto;\n\t\t\t\t}\n\t\t\t\t#gallery-1 .gallery-item {\n\t\t\t\t\tfloat: left;\n\t\t\t\t\tmargin-top: 10px;\n\t\t\t\t\ttext-align: center;\n\t\t\t\t\twidth: 33%;\n\t\t\t\t}\n\t\t\t\t#gallery-1 img {\n\t\t\t\t\tborder: 2px solid #cfcfcf;\n\t\t\t\t}\n\t\t\t\t#gallery-1 .gallery-caption {\n\t\t\t\t\tmargin-left: 0;\n\t\t\t\t}\n\t\t\t\t\/* see gallery_shortcode() in wp-includes\/media.php *\/\n\t\t\t<\/style>\n\t\t<div id='gallery-1' class='dt-gallery-container gallery galleryid-256763 gallery-columns-3 gallery-size-thumbnail'><dl class='gallery-item'>\n\t\t\t\t<dt class='gallery-icon landscape'>\n\t\t\t\t\t<a class=\"rollover rollover-zoom dt-pswp-item\" title=\"8bbe0eb2-6217-47a0-ae1b-ecc03354080d\" data-dt-img-description=\"\" data-large_image_width=\"1280\" data-large_image_height=\"720\"href='https:\/\/www.radiopiu.net\/wordpress\/wp-content\/uploads\/2022\/01\/8bbe0eb2-6217-47a0-ae1b-ecc03354080d.jpg'><img loading=\"lazy\" decoding=\"async\" width=\"150\" height=\"150\" src=\"https:\/\/www.radiopiu.net\/wordpress\/wp-content\/uploads\/2022\/01\/8bbe0eb2-6217-47a0-ae1b-ecc03354080d-150x150.jpg\" class=\"attachment-thumbnail size-thumbnail\" alt=\"\" \/><\/a>\n\t\t\t\t<\/dt><\/dl><dl class='gallery-item'>\n\t\t\t\t<dt class='gallery-icon landscape'>\n\t\t\t\t\t<a class=\"rollover rollover-zoom dt-pswp-item\" title=\"4eefd633-1dce-41b1-bb83-ca81fa0cf19f\" data-dt-img-description=\"\" data-large_image_width=\"1280\" data-large_image_height=\"958\"href='https:\/\/www.radiopiu.net\/wordpress\/wp-content\/uploads\/2022\/01\/4eefd633-1dce-41b1-bb83-ca81fa0cf19f.jpg'><img loading=\"lazy\" decoding=\"async\" width=\"150\" height=\"150\" src=\"https:\/\/www.radiopiu.net\/wordpress\/wp-content\/uploads\/2022\/01\/4eefd633-1dce-41b1-bb83-ca81fa0cf19f-150x150.jpg\" class=\"attachment-thumbnail size-thumbnail\" alt=\"\" \/><\/a>\n\t\t\t\t<\/dt><\/dl><dl class='gallery-item'>\n\t\t\t\t<dt class='gallery-icon landscape'>\n\t\t\t\t\t<a class=\"rollover rollover-zoom dt-pswp-item\" title=\"d3f57399-23df-46d9-bd25-0062e1c609bc\" data-dt-img-description=\"\" data-large_image_width=\"1280\" data-large_image_height=\"796\"href='https:\/\/www.radiopiu.net\/wordpress\/wp-content\/uploads\/2022\/01\/d3f57399-23df-46d9-bd25-0062e1c609bc.jpg'><img loading=\"lazy\" decoding=\"async\" width=\"150\" height=\"150\" src=\"https:\/\/www.radiopiu.net\/wordpress\/wp-content\/uploads\/2022\/01\/d3f57399-23df-46d9-bd25-0062e1c609bc-150x150.jpg\" class=\"attachment-thumbnail size-thumbnail\" alt=\"\" \/><\/a>\n\t\t\t\t<\/dt><\/dl><br style=\"clear: both\" \/><dl class='gallery-item'>\n\t\t\t\t<dt class='gallery-icon portrait'>\n\t\t\t\t\t<a class=\"rollover rollover-zoom dt-pswp-item\" title=\"f5b49640-3e4c-4d0b-958b-fe3fd9cf0bb9\" data-dt-img-description=\"\" data-large_image_width=\"958\" data-large_image_height=\"1280\"href='https:\/\/www.radiopiu.net\/wordpress\/wp-content\/uploads\/2022\/01\/f5b49640-3e4c-4d0b-958b-fe3fd9cf0bb9.jpg'><img loading=\"lazy\" decoding=\"async\" width=\"150\" height=\"150\" src=\"https:\/\/www.radiopiu.net\/wordpress\/wp-content\/uploads\/2022\/01\/f5b49640-3e4c-4d0b-958b-fe3fd9cf0bb9-150x150.jpg\" class=\"attachment-thumbnail size-thumbnail\" alt=\"\" \/><\/a>\n\t\t\t\t<\/dt><\/dl><dl class='gallery-item'>\n\t\t\t\t<dt class='gallery-icon landscape'>\n\t\t\t\t\t<a class=\"rollover rollover-zoom dt-pswp-item\" title=\"2eb7efaa-ae72-4d91-adfc-6efd4d16e10c\" data-dt-img-description=\"\" data-large_image_width=\"1280\" data-large_image_height=\"960\"href='https:\/\/www.radiopiu.net\/wordpress\/wp-content\/uploads\/2022\/01\/2eb7efaa-ae72-4d91-adfc-6efd4d16e10c.jpg'><img loading=\"lazy\" decoding=\"async\" width=\"150\" height=\"150\" src=\"https:\/\/www.radiopiu.net\/wordpress\/wp-content\/uploads\/2022\/01\/2eb7efaa-ae72-4d91-adfc-6efd4d16e10c-150x150.jpg\" class=\"attachment-thumbnail size-thumbnail\" alt=\"\" \/><\/a>\n\t\t\t\t<\/dt><\/dl><dl class='gallery-item'>\n\t\t\t\t<dt class='gallery-icon landscape'>\n\t\t\t\t\t<a class=\"rollover rollover-zoom dt-pswp-item\" title=\"7cbc4237-b51c-45cf-aa54-cb0aac5c819c\" data-dt-img-description=\"\" data-large_image_width=\"1280\" data-large_image_height=\"960\"href='https:\/\/www.radiopiu.net\/wordpress\/wp-content\/uploads\/2022\/01\/7cbc4237-b51c-45cf-aa54-cb0aac5c819c.jpg'><img loading=\"lazy\" decoding=\"async\" width=\"150\" height=\"150\" src=\"https:\/\/www.radiopiu.net\/wordpress\/wp-content\/uploads\/2022\/01\/7cbc4237-b51c-45cf-aa54-cb0aac5c819c-150x150.jpg\" class=\"attachment-thumbnail size-thumbnail\" alt=\"\" \/><\/a>\n\t\t\t\t<\/dt><\/dl><br style=\"clear: both\" \/>\n\t\t\t<\/div>\n\n<p>&nbsp;<\/p>\n<hr \/>\n<p>&nbsp;<\/p>\n<blockquote>\n<h3>OGGI SUL CORRIERE DELLE ALPI, REATI ANCORA IMPUNITI MENTRE UNA DONNA ESCE DALL&#8217;OSPEDALE DOPO UN MESE E ANCORA NESSUNA NOTIZIA SULLA RAPINA CHE HA PORTATO ALLA MORTE DI UNA ANZIANO.<\/h3>\n<\/blockquote>\n<p>&nbsp;<\/p>\n<p><strong>di Gigi Sosso<\/strong><\/p>\n<p><strong>BELLUNO<\/strong> Bastonata sotto casa a Castoi la donna ha lasciato l&#8217;ospedale.\u00a0 Sta meglio la quarantenne colpita alle spalle mentre rincasava nella notte Indagini per tentato omicidio, si stringe il cerchio sul presunto aggressore.<\/p>\n<blockquote><p><em>la donna \u00e8 lucida e tutto fa pensare che potr\u00e0 tornare a fare tutto quello che faceva prima. \u00c8 trascorso poco pi\u00f9 un mese da quella maledetta sera, in cui verso le 23 era scesa dalla macchina e si stava dirigendo verso la porta di casa, quando qualcuno l&#8217;ha colpita a tradimento con l&#8217;intenzione di farle molto male, non si sa bene perch\u00e9<\/em><\/p><\/blockquote>\n<p><strong>LORENZAGO<\/strong> Anziano morto dopo la rapina \u00abPare impossibile trovare i banditi\u00bb.<\/p>\n<blockquote><p><em>Solo gente della zona pu\u00f2 aver colpito nella dimora in via Riva di un anziano, che percepiva la pensione e, qualche giorno prima, era passato all&#8217;ufficio postale a ritirare un anticipo. I malviventi potrebbero anche averlo visto e deciso cos\u00ec di rapinarlo. Non potevano immaginare che il colpo avrebbe fruttato una miseria, ancora meno di causare indirettamente il decesso della vittima. L&#8217;indagine \u00e8 per morte come conseguenza di altro reato, ma il fascicolo aperto in procura della Repubblica sembra destinato alla chiusura\u00bb\u00a0<\/em><\/p>\n<p>&nbsp;<\/p>\n<p>&nbsp;<\/p><\/blockquote>\n<hr \/>\n<p>&nbsp;<\/p>\n<blockquote>\n<h3><span style=\"color: #ff0000;\"><strong>DA UNA SETTIMANA ALL&#8217;ALTRA,\u00a0 TRA GLI ARTICOLI PIU&#8217; VISUALIZZATI&#8230;.<\/strong><\/span><br \/>\n<span style=\"color: #008000;\">DAL NOTIZIARIO DEL 22 GENNAIO\u00a0<\/span><\/h3>\n<p>SOTTOGUDA, UN PROGETTO PER LA RIGENERAZIONE DEL BORGO<\/p><\/blockquote>\n<blockquote><p><strong><a href=\"https:\/\/www.radiopiu.net\/wordpress\/sottoguda-un-progetto-per-la-rigenerazione-del-borgo\/5d9555a6-804b-43b0-b1ca-ca5268743719\/\" rel=\"attachment wp-att-255547\"><img loading=\"lazy\" decoding=\"async\" class=\"size-medium wp-image-255547 alignleft\" src=\"https:\/\/www.radiopiu.net\/wordpress\/wp-content\/uploads\/2022\/01\/5d9555a6-804b-43b0-b1ca-ca5268743719-300x225.jpg\" alt=\"\" width=\"300\" height=\"225\" srcset=\"https:\/\/www.radiopiu.net\/wordpress\/wp-content\/uploads\/2022\/01\/5d9555a6-804b-43b0-b1ca-ca5268743719-300x225.jpg 300w, https:\/\/www.radiopiu.net\/wordpress\/wp-content\/uploads\/2022\/01\/5d9555a6-804b-43b0-b1ca-ca5268743719-1024x768.jpg 1024w, https:\/\/www.radiopiu.net\/wordpress\/wp-content\/uploads\/2022\/01\/5d9555a6-804b-43b0-b1ca-ca5268743719-768x576.jpg 768w, https:\/\/www.radiopiu.net\/wordpress\/wp-content\/uploads\/2022\/01\/5d9555a6-804b-43b0-b1ca-ca5268743719-1536x1152.jpg 1536w, https:\/\/www.radiopiu.net\/wordpress\/wp-content\/uploads\/2022\/01\/5d9555a6-804b-43b0-b1ca-ca5268743719.jpg 1600w\" sizes=\"auto, (max-width: 300px) 100vw, 300px\" \/><\/a>Lo spopolamento \u00e8 pesante, 20% in meno in due decenni, nel 1981 gli abitanti erano 1772 nel 2021 quarant&#8217;anni dopo 1156 (-35% pari a 616 unit\u00e0)<\/strong><\/p><\/blockquote>\n<p><strong>ROCCA PIETORE<\/strong> Il Borgo di Sottoguda ha tutte le caratteristiche per accedere al bando dei borghi PNRR, un finanziamento importante e un&#8217;occasione da non perdere.<\/p>\n<p><strong>\u00a0<\/strong><\/p>\n<p><em><strong>LA PRESENTAZIONE DEL BORGO DI SOTTOGUDA DAL SITO DEI BORGHI PIU&#8217; BELLI D&#8217;ITALIA <a href=\"https:\/\/borghipiubelliditalia.it\/borgo\/sottoguda\/#:~:text=Sottoguda%20%C3%A8%20un%20antico%20villaggio,bestiame%20e%20degli%20attrezzi%20agricoli\">CLICCA QUI<\/a><\/strong><\/em><\/p>\n<p><strong>\u00a0 <\/strong><strong>\u00a0<\/strong><\/p>\n<p><strong>ANDREA DE BERNARDIN, SINDACO DI ROCCA PIETORE<\/strong><\/p>\n<audio class=\"wp-audio-shortcode\" id=\"audio-256763-1\" preload=\"none\" style=\"width: 100%;\" controls=\"controls\"><source type=\"audio\/mpeg\" src=\"https:\/\/www.radiopiu.net\/wordpress\/wp-content\/uploads\/2022\/01\/ANDREA-SOTTOGUDA.mp3?_=1\" \/><a href=\"https:\/\/www.radiopiu.net\/wordpress\/wp-content\/uploads\/2022\/01\/ANDREA-SOTTOGUDA.mp3\">https:\/\/www.radiopiu.net\/wordpress\/wp-content\/uploads\/2022\/01\/ANDREA-SOTTOGUDA.mp3<\/a><\/audio>\n<p>&nbsp;<\/p>\n<p><strong>IL VIDEO<\/strong><\/p>\n<div style=\"width: 848px;\" class=\"wp-video\"><video class=\"wp-video-shortcode\" id=\"video-256763-1\" width=\"848\" height=\"480\" preload=\"metadata\" controls=\"controls\"><source type=\"video\/mp4\" src=\"https:\/\/www.radiopiu.net\/wordpress\/wp-content\/uploads\/2022\/01\/WhatsApp-Video-2022-01-22-at-08.34.02.mp4?_=1\" \/><a href=\"https:\/\/www.radiopiu.net\/wordpress\/wp-content\/uploads\/2022\/01\/WhatsApp-Video-2022-01-22-at-08.34.02.mp4\">https:\/\/www.radiopiu.net\/wordpress\/wp-content\/uploads\/2022\/01\/WhatsApp-Video-2022-01-22-at-08.34.02.mp4<\/a><\/video><\/div>\n<p>&nbsp;<\/p>\n<p><strong>LA FOTOGALLERY<\/strong><\/p>\n\n\t\t\t<style type='text\/css'>\n\t\t\t\t#gallery-2 {\n\t\t\t\t\tmargin: auto;\n\t\t\t\t}\n\t\t\t\t#gallery-2 .gallery-item {\n\t\t\t\t\tfloat: left;\n\t\t\t\t\tmargin-top: 10px;\n\t\t\t\t\ttext-align: center;\n\t\t\t\t\twidth: 33%;\n\t\t\t\t}\n\t\t\t\t#gallery-2 img {\n\t\t\t\t\tborder: 2px solid #cfcfcf;\n\t\t\t\t}\n\t\t\t\t#gallery-2 .gallery-caption {\n\t\t\t\t\tmargin-left: 0;\n\t\t\t\t}\n\t\t\t\t\/* see gallery_shortcode() in wp-includes\/media.php *\/\n\t\t\t<\/style>\n\t\t<div id='gallery-2' class='dt-gallery-container gallery galleryid-256763 gallery-columns-3 gallery-size-thumbnail'><dl class='gallery-item'>\n\t\t\t\t<dt class='gallery-icon landscape'>\n\t\t\t\t\t<a class=\"rollover rollover-zoom dt-pswp-item\" title=\"0dce8a12-72fd-48af-b1d7-053d5efe7d0f\" data-dt-img-description=\"\" data-large_image_width=\"1600\" data-large_image_height=\"1200\"href='https:\/\/www.radiopiu.net\/wordpress\/wp-content\/uploads\/2022\/01\/0dce8a12-72fd-48af-b1d7-053d5efe7d0f.jpg'><img loading=\"lazy\" decoding=\"async\" width=\"150\" height=\"150\" src=\"https:\/\/www.radiopiu.net\/wordpress\/wp-content\/uploads\/2022\/01\/0dce8a12-72fd-48af-b1d7-053d5efe7d0f-150x150.jpg\" class=\"attachment-thumbnail size-thumbnail\" alt=\"\" \/><\/a>\n\t\t\t\t<\/dt><\/dl><dl class='gallery-item'>\n\t\t\t\t<dt class='gallery-icon landscape'>\n\t\t\t\t\t<a class=\"rollover rollover-zoom dt-pswp-item\" title=\"7261e05b-9bcd-447a-834b-306f23806351\" data-dt-img-description=\"\" data-large_image_width=\"1600\" data-large_image_height=\"1200\"href='https:\/\/www.radiopiu.net\/wordpress\/wp-content\/uploads\/2022\/01\/7261e05b-9bcd-447a-834b-306f23806351.jpg'><img loading=\"lazy\" decoding=\"async\" width=\"150\" height=\"150\" src=\"https:\/\/www.radiopiu.net\/wordpress\/wp-content\/uploads\/2022\/01\/7261e05b-9bcd-447a-834b-306f23806351-150x150.jpg\" class=\"attachment-thumbnail size-thumbnail\" alt=\"\" \/><\/a>\n\t\t\t\t<\/dt><\/dl><dl class='gallery-item'>\n\t\t\t\t<dt class='gallery-icon portrait'>\n\t\t\t\t\t<a class=\"rollover rollover-zoom dt-pswp-item\" title=\"92f14c01-6cab-4326-8ba9-a38ca340a15d\" data-dt-img-description=\"\" data-large_image_width=\"720\" data-large_image_height=\"1600\"href='https:\/\/www.radiopiu.net\/wordpress\/wp-content\/uploads\/2022\/01\/92f14c01-6cab-4326-8ba9-a38ca340a15d.jpg'><img loading=\"lazy\" decoding=\"async\" width=\"150\" height=\"150\" src=\"https:\/\/www.radiopiu.net\/wordpress\/wp-content\/uploads\/2022\/01\/92f14c01-6cab-4326-8ba9-a38ca340a15d-150x150.jpg\" class=\"attachment-thumbnail size-thumbnail\" alt=\"\" \/><\/a>\n\t\t\t\t<\/dt><\/dl><br style=\"clear: both\" \/><dl class='gallery-item'>\n\t\t\t\t<dt class='gallery-icon portrait'>\n\t\t\t\t\t<a class=\"rollover rollover-zoom dt-pswp-item\" title=\"cde43a2b-4257-43bd-8d4f-5108ed0db5be\" data-dt-img-description=\"\" data-large_image_width=\"1200\" data-large_image_height=\"1600\"href='https:\/\/www.radiopiu.net\/wordpress\/wp-content\/uploads\/2022\/01\/cde43a2b-4257-43bd-8d4f-5108ed0db5be.jpg'><img loading=\"lazy\" decoding=\"async\" width=\"150\" height=\"150\" src=\"https:\/\/www.radiopiu.net\/wordpress\/wp-content\/uploads\/2022\/01\/cde43a2b-4257-43bd-8d4f-5108ed0db5be-150x150.jpg\" class=\"attachment-thumbnail size-thumbnail\" alt=\"\" \/><\/a>\n\t\t\t\t<\/dt><\/dl><dl class='gallery-item'>\n\t\t\t\t<dt class='gallery-icon portrait'>\n\t\t\t\t\t<a class=\"rollover rollover-zoom dt-pswp-item\" title=\"fe2028e0-799c-44d9-b6a8-10602292603c\" data-dt-img-description=\"\" data-large_image_width=\"1200\" data-large_image_height=\"1600\"href='https:\/\/www.radiopiu.net\/wordpress\/wp-content\/uploads\/2022\/01\/fe2028e0-799c-44d9-b6a8-10602292603c.jpg'><img loading=\"lazy\" decoding=\"async\" width=\"150\" height=\"150\" src=\"https:\/\/www.radiopiu.net\/wordpress\/wp-content\/uploads\/2022\/01\/fe2028e0-799c-44d9-b6a8-10602292603c-150x150.jpg\" class=\"attachment-thumbnail size-thumbnail\" alt=\"\" \/><\/a>\n\t\t\t\t<\/dt><\/dl><dl class='gallery-item'>\n\t\t\t\t<dt class='gallery-icon portrait'>\n\t\t\t\t\t<a class=\"rollover rollover-zoom dt-pswp-item\" title=\"3de74f99-e06f-4a3e-8104-27d1e2204674\" data-dt-img-description=\"\" data-large_image_width=\"1200\" data-large_image_height=\"1600\"href='https:\/\/www.radiopiu.net\/wordpress\/wp-content\/uploads\/2022\/01\/3de74f99-e06f-4a3e-8104-27d1e2204674.jpg'><img loading=\"lazy\" decoding=\"async\" width=\"150\" height=\"150\" src=\"https:\/\/www.radiopiu.net\/wordpress\/wp-content\/uploads\/2022\/01\/3de74f99-e06f-4a3e-8104-27d1e2204674-150x150.jpg\" class=\"attachment-thumbnail size-thumbnail\" alt=\"\" \/><\/a>\n\t\t\t\t<\/dt><\/dl><br style=\"clear: both\" \/>\n\t\t\t<\/div>\n\n<p>&nbsp;<\/p>\n<p>&nbsp;<\/p>\n<blockquote><p>&nbsp;<\/p>\n<p>&nbsp;<\/p><\/blockquote>\n<hr \/>\n<p>&nbsp;<\/p>\n<blockquote class=\"wp-embedded-content\" data-secret=\"xyeAhfjsJa\"><p><a href=\"https:\/\/www.radiopiu.net\/wordpress\/aggiornamentonaz2022gen30\/\">CORONAVIRUS: AGGIORNAMENTO NAZIONALE 30 GENNAIO 2022<\/a><\/p><\/blockquote>\n<p><iframe loading=\"lazy\" class=\"wp-embedded-content\" sandbox=\"allow-scripts\" security=\"restricted\" style=\"position: absolute; clip: rect(1px, 1px, 1px, 1px);\" title=\"&#8220;CORONAVIRUS: AGGIORNAMENTO NAZIONALE 30 GENNAIO 2022&#8221; &#8212; Radio Pi\u00f9\" src=\"https:\/\/www.radiopiu.net\/wordpress\/aggiornamentonaz2022gen30\/embed\/#?secret=xyeAhfjsJa\" data-secret=\"xyeAhfjsJa\" width=\"600\" height=\"338\" frameborder=\"0\" marginwidth=\"0\" marginheight=\"0\" scrolling=\"no\"><\/iframe><\/p>\n<p>&nbsp;<\/p>\n<blockquote class=\"wp-embedded-content\" data-secret=\"ueQI6ajmuI\"><p><a href=\"https:\/\/www.radiopiu.net\/wordpress\/calano-i-ricoveri-in-area-non-critica-ma-aumentano-le-terapie-intensive-oltre-11-mila-nuovi-positivi-in-24-ore-13-decessi\/\">CALANO I RICOVERI IN AREA NON CRITICA MA AUMENTANO LE TERAPIE INTENSIVE. OLTRE 11 MILA NUOVI POSITIVI IN 24 ORE, 13 DECESSI<\/a><\/p><\/blockquote>\n<p><iframe loading=\"lazy\" class=\"wp-embedded-content\" sandbox=\"allow-scripts\" security=\"restricted\" style=\"position: absolute; clip: rect(1px, 1px, 1px, 1px);\" title=\"&#8220;CALANO I RICOVERI IN AREA NON CRITICA MA AUMENTANO LE TERAPIE INTENSIVE. OLTRE 11 MILA NUOVI POSITIVI IN 24 ORE, 13 DECESSI&#8221; &#8212; Radio Pi\u00f9\" src=\"https:\/\/www.radiopiu.net\/wordpress\/calano-i-ricoveri-in-area-non-critica-ma-aumentano-le-terapie-intensive-oltre-11-mila-nuovi-positivi-in-24-ore-13-decessi\/embed\/#?secret=ueQI6ajmuI\" data-secret=\"ueQI6ajmuI\" width=\"600\" height=\"338\" frameborder=\"0\" marginwidth=\"0\" marginheight=\"0\" scrolling=\"no\"><\/iframe><\/p>\n<p>&nbsp;<\/p>\n<h2>I GRAFICI DI TIZIANO DE COL<\/h2>\n<p>&nbsp;<\/p>\n<p>*****<\/p>\n\n\t\t\t<style type='text\/css'>\n\t\t\t\t#gallery-3 {\n\t\t\t\t\tmargin: auto;\n\t\t\t\t}\n\t\t\t\t#gallery-3 .gallery-item {\n\t\t\t\t\tfloat: left;\n\t\t\t\t\tmargin-top: 10px;\n\t\t\t\t\ttext-align: center;\n\t\t\t\t\twidth: 33%;\n\t\t\t\t}\n\t\t\t\t#gallery-3 img {\n\t\t\t\t\tborder: 2px solid #cfcfcf;\n\t\t\t\t}\n\t\t\t\t#gallery-3 .gallery-caption {\n\t\t\t\t\tmargin-left: 0;\n\t\t\t\t}\n\t\t\t\t\/* see gallery_shortcode() in wp-includes\/media.php *\/\n\t\t\t<\/style>\n\t\t<div id='gallery-3' class='dt-gallery-container gallery galleryid-256763 gallery-columns-3 gallery-size-thumbnail'><dl class='gallery-item'>\n\t\t\t\t<dt class='gallery-icon landscape'>\n\t\t\t\t\t<a class=\"rollover rollover-zoom dt-pswp-item\" title=\"7f9d6393-678b-47db-a22c-a4ce189b6c4b\" data-dt-img-description=\"\" data-large_image_width=\"588\" data-large_image_height=\"363\"href='https:\/\/www.radiopiu.net\/wordpress\/wp-content\/uploads\/2022\/01\/7f9d6393-678b-47db-a22c-a4ce189b6c4b.jpg'><img loading=\"lazy\" decoding=\"async\" width=\"150\" height=\"150\" src=\"https:\/\/www.radiopiu.net\/wordpress\/wp-content\/uploads\/2022\/01\/7f9d6393-678b-47db-a22c-a4ce189b6c4b-150x150.jpg\" class=\"attachment-thumbnail size-thumbnail\" alt=\"\" \/><\/a>\n\t\t\t\t<\/dt><\/dl><dl class='gallery-item'>\n\t\t\t\t<dt class='gallery-icon landscape'>\n\t\t\t\t\t<a class=\"rollover rollover-zoom dt-pswp-item\" title=\"59caf67c-7359-4694-af94-71634798f30d\" data-dt-img-description=\"\" data-large_image_width=\"604\" data-large_image_height=\"363\"href='https:\/\/www.radiopiu.net\/wordpress\/wp-content\/uploads\/2022\/01\/59caf67c-7359-4694-af94-71634798f30d.jpg'><img loading=\"lazy\" decoding=\"async\" width=\"150\" height=\"150\" src=\"https:\/\/www.radiopiu.net\/wordpress\/wp-content\/uploads\/2022\/01\/59caf67c-7359-4694-af94-71634798f30d-150x150.jpg\" class=\"attachment-thumbnail size-thumbnail\" alt=\"\" \/><\/a>\n\t\t\t\t<\/dt><\/dl><dl class='gallery-item'>\n\t\t\t\t<dt class='gallery-icon landscape'>\n\t\t\t\t\t<a class=\"rollover rollover-zoom dt-pswp-item\" title=\"e7d54707-76c3-4cf5-a6e0-38a6906e54cc\" data-dt-img-description=\"\" data-large_image_width=\"602\" data-large_image_height=\"360\"href='https:\/\/www.radiopiu.net\/wordpress\/wp-content\/uploads\/2022\/01\/e7d54707-76c3-4cf5-a6e0-38a6906e54cc.jpg'><img loading=\"lazy\" decoding=\"async\" width=\"150\" height=\"150\" src=\"https:\/\/www.radiopiu.net\/wordpress\/wp-content\/uploads\/2022\/01\/e7d54707-76c3-4cf5-a6e0-38a6906e54cc-150x150.jpg\" class=\"attachment-thumbnail size-thumbnail\" alt=\"\" \/><\/a>\n\t\t\t\t<\/dt><\/dl><br style=\"clear: both\" \/><dl class='gallery-item'>\n\t\t\t\t<dt class='gallery-icon landscape'>\n\t\t\t\t\t<a class=\"rollover rollover-zoom dt-pswp-item\" title=\"69ddf770-524b-4e5c-87a2-71c764dffaad\" data-dt-img-description=\"\" data-large_image_width=\"600\" data-large_image_height=\"360\"href='https:\/\/www.radiopiu.net\/wordpress\/wp-content\/uploads\/2022\/01\/69ddf770-524b-4e5c-87a2-71c764dffaad.jpg'><img loading=\"lazy\" decoding=\"async\" width=\"150\" height=\"150\" src=\"https:\/\/www.radiopiu.net\/wordpress\/wp-content\/uploads\/2022\/01\/69ddf770-524b-4e5c-87a2-71c764dffaad-150x150.jpg\" class=\"attachment-thumbnail size-thumbnail\" alt=\"\" \/><\/a>\n\t\t\t\t<\/dt><\/dl><dl class='gallery-item'>\n\t\t\t\t<dt class='gallery-icon landscape'>\n\t\t\t\t\t<a class=\"rollover rollover-zoom dt-pswp-item\" title=\"91dc1440-e425-4a5b-80fb-444044236f29\" data-dt-img-description=\"\" data-large_image_width=\"610\" data-large_image_height=\"355\"href='https:\/\/www.radiopiu.net\/wordpress\/wp-content\/uploads\/2022\/01\/91dc1440-e425-4a5b-80fb-444044236f29.jpg'><img loading=\"lazy\" decoding=\"async\" width=\"150\" height=\"150\" src=\"https:\/\/www.radiopiu.net\/wordpress\/wp-content\/uploads\/2022\/01\/91dc1440-e425-4a5b-80fb-444044236f29-150x150.jpg\" class=\"attachment-thumbnail size-thumbnail\" alt=\"\" \/><\/a>\n\t\t\t\t<\/dt><\/dl><dl class='gallery-item'>\n\t\t\t\t<dt class='gallery-icon landscape'>\n\t\t\t\t\t<a class=\"rollover rollover-zoom dt-pswp-item\" title=\"4c4b2d2f-e178-4bff-afc0-5d8f57ae8944\" data-dt-img-description=\"\" data-large_image_width=\"608\" data-large_image_height=\"356\"href='https:\/\/www.radiopiu.net\/wordpress\/wp-content\/uploads\/2022\/01\/4c4b2d2f-e178-4bff-afc0-5d8f57ae8944.jpg'><img loading=\"lazy\" decoding=\"async\" width=\"150\" height=\"150\" src=\"https:\/\/www.radiopiu.net\/wordpress\/wp-content\/uploads\/2022\/01\/4c4b2d2f-e178-4bff-afc0-5d8f57ae8944-150x150.jpg\" class=\"attachment-thumbnail size-thumbnail\" alt=\"\" \/><\/a>\n\t\t\t\t<\/dt><\/dl><br style=\"clear: both\" \/>\n\t\t\t<\/div>\n\n<p>&nbsp;<\/p>\n<p>&nbsp;<\/p>\n<hr \/>\n<p>&nbsp;<\/p>\n<blockquote>\n<h3>LUNGO LE PISTE DI FALCADE IN SERENITA&#8217; E SICUREZZA CON PREPARATI ACCOMPAGNATORI<\/h3>\n<h3><em><strong>La settimana bianca dei non vedenti in Valle del Biois<\/strong><\/em><\/h3>\n<\/blockquote>\n<p><strong>FALCADE<\/strong> &#8220;Destra, sinistra&#8230;. dritto, piano, frena&#8221;, immaginiamo sia cos\u00ec la voce guida, &#8220;la voce degli angeli&#8221; racconta Pina giunta a Falcade da Napoli. Quella voce che permette allo sciatore non vedente e alla sua guida di entrare in simbiosi e sciare nel comprensorio di Falcade in sicurezza, in seterni\u00e0. Le parole di Pina sono la giusta cornice a un&#8217;opera importante di 15 Carabinieri del Comando Provinciale di Belluno compresi i Forestali, unitamente ad altri uomini e donne delle Forze di Polizia ed agli Alpini di Belluno che hanno seguito i non vedenti per una settimana intera, uno per uno, attimo per attimo, sciata dopo sciata. Ben 41 persone dell&#8217;Associazione Disabili Visivi di Roma si sono cimentati tanto nella discesa (19 sciatori) che nello sci nordico (10) sulla piana di Falcade dove altri 12 non vedenti hanno trascorso la settimana tra salutari paseggiate. Un gruppo coeso trascinato da Federico, 11 anni di Falconara Marittina (Ancona). Soddisfazione per la riuscita dell&#8217;evento da parte di Laura Nardone, la presidente dell&#8217;Associazione grata con tutti gli iscritti al grande impegno degli &#8220;angeli della neve&#8221;.<\/p>\n<p><strong>LE FOTO<\/strong><\/p>\n\n\t\t\t<style type='text\/css'>\n\t\t\t\t#gallery-4 {\n\t\t\t\t\tmargin: auto;\n\t\t\t\t}\n\t\t\t\t#gallery-4 .gallery-item {\n\t\t\t\t\tfloat: left;\n\t\t\t\t\tmargin-top: 10px;\n\t\t\t\t\ttext-align: center;\n\t\t\t\t\twidth: 33%;\n\t\t\t\t}\n\t\t\t\t#gallery-4 img {\n\t\t\t\t\tborder: 2px solid #cfcfcf;\n\t\t\t\t}\n\t\t\t\t#gallery-4 .gallery-caption {\n\t\t\t\t\tmargin-left: 0;\n\t\t\t\t}\n\t\t\t\t\/* see gallery_shortcode() in wp-includes\/media.php *\/\n\t\t\t<\/style>\n\t\t<div id='gallery-4' class='dt-gallery-container gallery galleryid-256763 gallery-columns-3 gallery-size-medium'><dl class='gallery-item'>\n\t\t\t\t<dt class='gallery-icon landscape'>\n\t\t\t\t\t<a class=\"rollover rollover-zoom dt-pswp-item\" title=\"a311d409-2797-4334-b3ba-7d838f6896ad\" data-dt-img-description=\"\" data-large_image_width=\"1280\" data-large_image_height=\"848\"href='https:\/\/www.radiopiu.net\/wordpress\/wp-content\/uploads\/2022\/01\/a311d409-2797-4334-b3ba-7d838f6896ad.jpg'><img loading=\"lazy\" decoding=\"async\" width=\"300\" height=\"199\" src=\"https:\/\/www.radiopiu.net\/wordpress\/wp-content\/uploads\/2022\/01\/a311d409-2797-4334-b3ba-7d838f6896ad-300x199.jpg\" class=\"attachment-medium size-medium\" alt=\"\" srcset=\"https:\/\/www.radiopiu.net\/wordpress\/wp-content\/uploads\/2022\/01\/a311d409-2797-4334-b3ba-7d838f6896ad-300x199.jpg 300w, https:\/\/www.radiopiu.net\/wordpress\/wp-content\/uploads\/2022\/01\/a311d409-2797-4334-b3ba-7d838f6896ad-1024x678.jpg 1024w, https:\/\/www.radiopiu.net\/wordpress\/wp-content\/uploads\/2022\/01\/a311d409-2797-4334-b3ba-7d838f6896ad-768x509.jpg 768w, https:\/\/www.radiopiu.net\/wordpress\/wp-content\/uploads\/2022\/01\/a311d409-2797-4334-b3ba-7d838f6896ad.jpg 1280w\" sizes=\"auto, (max-width: 300px) 100vw, 300px\" \/><\/a>\n\t\t\t\t<\/dt><\/dl><dl class='gallery-item'>\n\t\t\t\t<dt class='gallery-icon landscape'>\n\t\t\t\t\t<a class=\"rollover rollover-zoom dt-pswp-item\" title=\"ffec43f3-5f73-4448-80a4-e4abeb998e33\" data-dt-img-description=\"\" data-large_image_width=\"1280\" data-large_image_height=\"848\"href='https:\/\/www.radiopiu.net\/wordpress\/wp-content\/uploads\/2022\/01\/ffec43f3-5f73-4448-80a4-e4abeb998e33.jpg'><img loading=\"lazy\" decoding=\"async\" width=\"300\" height=\"199\" src=\"https:\/\/www.radiopiu.net\/wordpress\/wp-content\/uploads\/2022\/01\/ffec43f3-5f73-4448-80a4-e4abeb998e33-300x199.jpg\" class=\"attachment-medium size-medium\" alt=\"\" srcset=\"https:\/\/www.radiopiu.net\/wordpress\/wp-content\/uploads\/2022\/01\/ffec43f3-5f73-4448-80a4-e4abeb998e33-300x199.jpg 300w, https:\/\/www.radiopiu.net\/wordpress\/wp-content\/uploads\/2022\/01\/ffec43f3-5f73-4448-80a4-e4abeb998e33-1024x678.jpg 1024w, https:\/\/www.radiopiu.net\/wordpress\/wp-content\/uploads\/2022\/01\/ffec43f3-5f73-4448-80a4-e4abeb998e33-768x509.jpg 768w, https:\/\/www.radiopiu.net\/wordpress\/wp-content\/uploads\/2022\/01\/ffec43f3-5f73-4448-80a4-e4abeb998e33.jpg 1280w\" sizes=\"auto, (max-width: 300px) 100vw, 300px\" \/><\/a>\n\t\t\t\t<\/dt><\/dl><dl class='gallery-item'>\n\t\t\t\t<dt class='gallery-icon landscape'>\n\t\t\t\t\t<a class=\"rollover rollover-zoom dt-pswp-item\" title=\"7873871b-0cf0-4df8-ab2a-e62b541e9966\" data-dt-img-description=\"\" data-large_image_width=\"1280\" data-large_image_height=\"848\"href='https:\/\/www.radiopiu.net\/wordpress\/wp-content\/uploads\/2022\/01\/7873871b-0cf0-4df8-ab2a-e62b541e9966.jpg'><img loading=\"lazy\" decoding=\"async\" width=\"300\" height=\"199\" src=\"https:\/\/www.radiopiu.net\/wordpress\/wp-content\/uploads\/2022\/01\/7873871b-0cf0-4df8-ab2a-e62b541e9966-300x199.jpg\" class=\"attachment-medium size-medium\" alt=\"\" srcset=\"https:\/\/www.radiopiu.net\/wordpress\/wp-content\/uploads\/2022\/01\/7873871b-0cf0-4df8-ab2a-e62b541e9966-300x199.jpg 300w, https:\/\/www.radiopiu.net\/wordpress\/wp-content\/uploads\/2022\/01\/7873871b-0cf0-4df8-ab2a-e62b541e9966-1024x678.jpg 1024w, https:\/\/www.radiopiu.net\/wordpress\/wp-content\/uploads\/2022\/01\/7873871b-0cf0-4df8-ab2a-e62b541e9966-768x509.jpg 768w, https:\/\/www.radiopiu.net\/wordpress\/wp-content\/uploads\/2022\/01\/7873871b-0cf0-4df8-ab2a-e62b541e9966.jpg 1280w\" sizes=\"auto, (max-width: 300px) 100vw, 300px\" \/><\/a>\n\t\t\t\t<\/dt><\/dl><br style=\"clear: both\" \/>\n\t\t\t<\/div>\n\n<p>&nbsp;<\/p>\n<p><strong>IL VIDEO<\/strong><\/p>\n<div style=\"width: 1200px;\" class=\"wp-video\"><video class=\"wp-video-shortcode\" id=\"video-256763-2\" width=\"1200\" height=\"664\" preload=\"metadata\" controls=\"controls\"><source type=\"video\/mp4\" src=\"https:\/\/www.radiopiu.net\/wordpress\/wp-content\/uploads\/2022\/01\/CARABINIERI-CIECHI.mp4?_=2\" \/><a href=\"https:\/\/www.radiopiu.net\/wordpress\/wp-content\/uploads\/2022\/01\/CARABINIERI-CIECHI.mp4\">https:\/\/www.radiopiu.net\/wordpress\/wp-content\/uploads\/2022\/01\/CARABINIERI-CIECHI.mp4<\/a><\/video><\/div>\n<p>&nbsp;<\/p>\n<p>&nbsp;<\/p>\n<p>&nbsp;<\/p>\n<hr \/>\n<p>&nbsp;<\/p>\n<blockquote>\n<h3>BERTON: \u201cAL PRESIDENTE MATTARELLA VA IL GRAZIE DEL MONDO DELL\u2019IMPRESA. ORA IL GOVERNO TORNI AL LAVORO ANCHE SUI TEMI DELLA MONTAGNA\u201d<\/h3>\n<\/blockquote>\n<p><strong><a href=\"https:\/\/www.radiopiu.net\/wordpress\/giornale-radiopiu-14-gennaio-2020-direttore-mirko-mezzacasa\/lorraine_berton-2\/\" rel=\"attachment wp-att-112912\"><img loading=\"lazy\" decoding=\"async\" class=\"wp-image-112912 alignleft\" src=\"https:\/\/www.radiopiu.net\/wordpress\/wp-content\/uploads\/2020\/01\/Lorraine_Berton-300x300.jpg\" alt=\"\" width=\"182\" height=\"182\" srcset=\"https:\/\/www.radiopiu.net\/wordpress\/wp-content\/uploads\/2020\/01\/Lorraine_Berton-300x300.jpg 300w, https:\/\/www.radiopiu.net\/wordpress\/wp-content\/uploads\/2020\/01\/Lorraine_Berton-150x150.jpg 150w, https:\/\/www.radiopiu.net\/wordpress\/wp-content\/uploads\/2020\/01\/Lorraine_Berton.jpg 767w\" sizes=\"auto, (max-width: 182px) 100vw, 182px\" \/><\/a>BELLUNO <\/strong>\u201cAl Presidente Mattarella va il grazie del mondo dell\u2019impresa. Il suo senso di responsabilit\u00e0 ha salvato ancora una volta questo Paese da una classe politica che si conferma drammaticamente inadatta. Mi auguro che ora l\u2019attivit\u00e0 del Governo Draghi, le cui sorti erano legate a doppio filo con l\u2019elezione del Capo dello Stato, possa riprendere a pieno regime. Resta tanto lavoro da fare anche e soprattutto per la nostra montagna\u201d. Cos\u00ec Lorraine Berton, presidente di Confindustria Belluno Dolomiti, commenta la rielezione di Sergio Mattarella a presidente della Repubblica. \u201cIl Presidente Mattarella ha dimostrato grande equilibrio, diventando un punto di riferimento per tutti noi, specialmente in questi ultimi anni contrassegnati dalla pandemia. La sua presenza ci rassicura anche come imprenditori e rassicura i mercati nei quali operiamo. Per una economia vocata all\u2019export come la nostra non \u00e8 un dettaglio\u201d, rimarca Berton.<\/p>\n<p>&nbsp;<\/p>\n<p>&nbsp;<\/p>\n<hr \/>\n<p>&nbsp;<\/p>\n<blockquote>\n<h3>SCARZANELLA (CONFARTIGIANATO): &#8220;RIELEZIONE DI MATTARELLA IMPORTANTE PER LA STABILITA&#8217; DEL PAESE&#8221;<\/h3>\n<\/blockquote>\n<p><strong><a href=\"https:\/\/www.radiopiu.net\/wordpress\/la-presidente-di-confartigianato-claudia-scarzanella-parla-delle-sfide-territoriali-per-lanno-che-verra\/claudia-scarzanella-confartigianato\/\" rel=\"attachment wp-att-182277\"><img loading=\"lazy\" decoding=\"async\" class=\"size-medium wp-image-182277 alignleft\" src=\"https:\/\/www.radiopiu.net\/wordpress\/wp-content\/uploads\/2020\/12\/CLAUDIA-SCARZANELLA-CONFARTIGIANATO-300x236.png\" alt=\"\" width=\"300\" height=\"236\" srcset=\"https:\/\/www.radiopiu.net\/wordpress\/wp-content\/uploads\/2020\/12\/CLAUDIA-SCARZANELLA-CONFARTIGIANATO-300x236.png 300w, https:\/\/www.radiopiu.net\/wordpress\/wp-content\/uploads\/2020\/12\/CLAUDIA-SCARZANELLA-CONFARTIGIANATO-1024x804.png 1024w, https:\/\/www.radiopiu.net\/wordpress\/wp-content\/uploads\/2020\/12\/CLAUDIA-SCARZANELLA-CONFARTIGIANATO-768x603.png 768w, https:\/\/www.radiopiu.net\/wordpress\/wp-content\/uploads\/2020\/12\/CLAUDIA-SCARZANELLA-CONFARTIGIANATO.png 1042w\" sizes=\"auto, (max-width: 300px) 100vw, 300px\" \/><\/a>BELLUNO <\/strong><span class=\"s2\">\u00ab<em>La scelta di Mattarella \u00e8 un passo importante per la stabilit\u00e0 del Paese in un momento in cui la priorit\u00e0 non pu\u00f2 essere la trattativa tra partiti. Ora Parlamento e governo tornino a lavorare sui temi che interessano la vita quotidiana di imprese e famiglie<\/em>\u00bb. Cos\u00ec la presidente di Confartigianato Belluno Claudia Scarzanella, in merito all\u2019elezione del Capo dello Stato. <\/span><span class=\"s2\">\u00ab<em>In questo momento storico, con i problemi che deve affrontare l\u2019Italia, l\u2019unica scelta possibile era quella della continuit\u00e0. Ci auguriamo che le forze politiche, che hanno trovato ampia convergenza sul nome di Mattarella consapevoli che non si pu\u00f2 paralizzare il Paese in una crisi istituzionale che farebbe male a tutti, si concentrino sui temi prioritari per le imprese, vale a dire l\u2019escalation dei prezzi energetici. Da parte nostra, l\u2019augurio \u00e8 che la stessa convergenza possa esprimersi anche sulla legge quadro sulla montagna, che i nostri territori attendono da tempo, come occasione per valorizzare le terre alte e le comunit\u00e0 che le abitano, ma anche come mezzo per permettere alla montagna di avere uno sviluppo sociale ed economico<\/em>\u00bb.<\/span><\/p>\n<p>&nbsp;<\/p>\n<p>&nbsp;<\/p>\n<hr \/>\n<p>&nbsp;<\/p>\n<blockquote>\n<h3>ATTENTI ALLE PORTE, DISPONIBILI LE VETROFANIE<\/h3>\n<\/blockquote>\n<p><a href=\"https:\/\/www.radiopiu.net\/wordpress\/giornale-radiopiu-31-gennaio-2022-direttore-mirko-mezzacasa\/logo_attenti_alle_porte-1\/\" rel=\"attachment wp-att-256833\"><img loading=\"lazy\" decoding=\"async\" class=\" wp-image-256833 alignleft\" src=\"https:\/\/www.radiopiu.net\/wordpress\/wp-content\/uploads\/2022\/01\/logo_attenti_alle_porte-1-300x282.png\" alt=\"\" width=\"228\" height=\"214\" srcset=\"https:\/\/www.radiopiu.net\/wordpress\/wp-content\/uploads\/2022\/01\/logo_attenti_alle_porte-1-300x282.png 300w, https:\/\/www.radiopiu.net\/wordpress\/wp-content\/uploads\/2022\/01\/logo_attenti_alle_porte-1-1024x963.png 1024w, https:\/\/www.radiopiu.net\/wordpress\/wp-content\/uploads\/2022\/01\/logo_attenti_alle_porte-1-768x722.png 768w, https:\/\/www.radiopiu.net\/wordpress\/wp-content\/uploads\/2022\/01\/logo_attenti_alle_porte-1-1536x1444.png 1536w, https:\/\/www.radiopiu.net\/wordpress\/wp-content\/uploads\/2022\/01\/logo_attenti_alle_porte-1-2048x1925.png 2048w\" sizes=\"auto, (max-width: 228px) 100vw, 228px\" \/><\/a><strong>BELLUNO <\/strong>Si sta avviando a conclusione il progetto \u201cAttenti alle porte\u201d, inserito nel \u201cProtocollo Aria\u201d che con il supporto di Unioncamere Veneto coinvolge i sette comuni capoluogo del Veneto e nato in seguito all&#8217;Accordo del Bacino Padano sottoscritto dalla Regione Veneto per la riduzione dell&#8217;inquinamento. Le vetrofanie da esporre in vetrina diventano quindi disponibili per tutti gli esercizi commerciali interessati. L&#8217;adesione al progetto non comporta nessun costo: le attivit\u00e0 che intendono partecipare alla campagna di sensibilizzazione dovranno semplicemente richiedere le vetrofanie e, una volta ricevute, esporle all&#8217;ingresso e tenere chiuse le porte di accesso ai locali quando \u00e8 in funzione l\u2019impianto di climatizzazione &#8211; estiva o invernale -, cos\u00ec da contenere gli sprechi energetici e testimoniare una scelta responsabile nella gestione delle risorse. Da parte sua, anche il Comune di Belluno parteciper\u00e0 al progetto, esponendo le vetrofanie agli ingressi dei propri edifici come la biblioteca, il museo, gli uffici pubblici e le scuole.<\/p>\n<p>&nbsp;<\/p>\n<p>&nbsp;<\/p>\n<hr \/>\n<p>&nbsp;<\/p>\n<blockquote>\n<h3>IL GIORNO DELLA MEMORIA CON GLI ALPINI DI BELLUNO<\/h3>\n<\/blockquote>\n<div class=\"page\" title=\"Page 1\">\n<div class=\"section\">\n<div class=\"layoutArea\">\n<div class=\"column\">\n<p><strong><a href=\"https:\/\/www.radiopiu.net\/wordpress\/giornale-radiopiu-31-gennaio-2022-direttore-mirko-mezzacasa\/messa-ricordo-alpini-morti-in-russia-gennaio-1943\/\" rel=\"attachment wp-att-256879\"><img loading=\"lazy\" decoding=\"async\" class=\"size-medium wp-image-256879 alignleft\" src=\"https:\/\/www.radiopiu.net\/wordpress\/wp-content\/uploads\/2022\/01\/messa-ricordo-alpini-morti-in-russia-gennaio-1943-225x300.jpg\" alt=\"\" width=\"225\" height=\"300\" srcset=\"https:\/\/www.radiopiu.net\/wordpress\/wp-content\/uploads\/2022\/01\/messa-ricordo-alpini-morti-in-russia-gennaio-1943-225x300.jpg 225w, https:\/\/www.radiopiu.net\/wordpress\/wp-content\/uploads\/2022\/01\/messa-ricordo-alpini-morti-in-russia-gennaio-1943.jpg 768w\" sizes=\"auto, (max-width: 225px) 100vw, 225px\" \/><\/a>BELLUNO<\/strong> La suggestione del ricordo storico e dei canti ad esso collegati hanno fatto da filo conduttore della celebrazione al Tempio Ossario di Mussoi per la \u201cGiornata della memoria e del sacrificio alpino\u201d organizzata dalla Sezione di Belluno dell\u2019Associazione Nazionale Alpini. Alla cerimonia hanno preso parte delegazioni dei 44 Gruppi della Sezione, del 7\u00b0 Reggimento Alpini e di alcune associazioni combattentistiche d\u2019arma. Nell\u2019introduzione il segretario sezionale A.N.A. Giuliano Pastori ha ricordato il 79\u00b0 anniversario della battaglia di Nikolajewka (26 gennaio 1943) ed il sacrificio di decine di migliaia di nostri soldati in terra russa, tra i quali quasi un migliaio provenienti dal territorio provinciale bellunese. Il rito religioso e\u0300 stato concelebrato da mons. Sandro Capraro, assistente spirituale della Sezione, e dal parroco padre Esterino Biesuz, gia\u0300 alpino della Tridentina e del 7\u00b0, che ha sottolineato come il sacrificio di tanti giovani soldati di allora debba essere \u201cletto\u201d come un richiamo perentorio alla vita: \u00abBasta guerre, a voi dopo di noi il compito di costruire solo strumenti e situazioni di pace\u00bb. La cerimonia ha avuto anche una colonna sonora affidata alle emozioni provocate dai canti \u201cNikolayewka\u201d e \u201cL\u2019ultima notte degli alpini\u201d di Carlo Geminiani e Bepi De Marzi e \u201cIo resto qui\u201d di Giuliano Penco e Giorgio Susana. La tromba di Ivan Roldo, poi, ha suggellato con il \u201cSilenzio\u201d momenti di autentico coinvolgimento emotivo tra i presenti. L\u2019incontro e\u0300 terminato con la recita della \u201cPreghiera del Caduto\u201d ed i ringraziamenti finali del presidente delle penne nere bellunesi Lino De Pra che ha dato appuntamento ai presenti per analogo evento di fine gennaio del prossimo anno.<\/p>\n<p>&nbsp;<\/p>\n<p>&nbsp;<\/p>\n<hr \/>\n<p>&nbsp;<\/p>\n<\/div>\n<\/div>\n<\/div>\n<\/div>\n<blockquote>\n<h3>VISITA ALL&#8217;URBAN HUB DI BELLUNO DEL VESCOVO RENATO MARANGONI<\/h3>\n<\/blockquote>\n<p><strong>BELLUNO<\/strong> Giorno di visite all&#8217;Urban Hub di Belluno, il centro inaugurato poche ore fa a Belluno. Ospite d&#8217;eccezione il vescovo di Belluno e Feltre Renato Marangoni. Uno spazio dedicato ai pi\u00f9 giovani, un progetto innovativo quello dell&#8217;Urban hub, dove i ragazzi possono socializzare e allo stesso modo imparare. Ad allietare i ragazzi anche &#8220;Dino&#8221;, il dinosauro che da un p\u00f2 di tempo tiene compagnia ai bambini del bellunese.<\/p>\n<div style=\"width: 848px;\" class=\"wp-video\"><video class=\"wp-video-shortcode\" id=\"video-256763-3\" width=\"848\" height=\"480\" preload=\"metadata\" controls=\"controls\"><source type=\"video\/mp4\" src=\"https:\/\/www.radiopiu.net\/wordpress\/wp-content\/uploads\/2022\/01\/WhatsApp-Video-2022-01-29-at-16.09.49-1.mp4?_=3\" \/><a href=\"https:\/\/www.radiopiu.net\/wordpress\/wp-content\/uploads\/2022\/01\/WhatsApp-Video-2022-01-29-at-16.09.49-1.mp4\">https:\/\/www.radiopiu.net\/wordpress\/wp-content\/uploads\/2022\/01\/WhatsApp-Video-2022-01-29-at-16.09.49-1.mp4<\/a><\/video><\/div>\n<p>&nbsp;<\/p>\n<hr \/>\n<p>&nbsp;<\/p>\n<h2><span style=\"color: #ff0000;\"><a href=\"https:\/\/www.radiopiu.net\/wordpress\/?attachment_id=256982\" rel=\"attachment wp-att-256982\"><img loading=\"lazy\" decoding=\"async\" class=\"size-medium wp-image-256982 alignleft\" src=\"https:\/\/www.radiopiu.net\/wordpress\/wp-content\/uploads\/2022\/01\/0-3-300x292.png\" alt=\"\" width=\"300\" height=\"292\" srcset=\"https:\/\/www.radiopiu.net\/wordpress\/wp-content\/uploads\/2022\/01\/0-3-300x292.png 300w, https:\/\/www.radiopiu.net\/wordpress\/wp-content\/uploads\/2022\/01\/0-3-1024x996.png 1024w, https:\/\/www.radiopiu.net\/wordpress\/wp-content\/uploads\/2022\/01\/0-3-768x747.png 768w, https:\/\/www.radiopiu.net\/wordpress\/wp-content\/uploads\/2022\/01\/0-3-1536x1493.png 1536w, https:\/\/www.radiopiu.net\/wordpress\/wp-content\/uploads\/2022\/01\/0-3.png 1981w\" sizes=\"auto, (max-width: 300px) 100vw, 300px\" \/><\/a> <\/span><\/h2>\n<h2><span style=\"color: #ff0000;\">\u00a0<\/span><\/h2>\n<h2><span style=\"color: #ff0000;\">\u00a0<\/span><\/h2>\n<h2><span style=\"color: #ff0000;\">OGGI SUL CORRIERE DELLE ALPI\u00a0<\/span><\/h2>\n<h3>UNO SVEDESE E UNA ROMAGNOLA MIGRANO IN AGORDINO PER IL CAMBIAMENTO CLIMATICO<\/h3>\n<p>di Gianni Santomaso<\/p>\n<p>con la vignetta di ERICA ANDRICH<\/p>\n<p>&nbsp;<\/p>\n<p>&nbsp;<\/p>\n<p>&nbsp;<\/p>\n<p>&nbsp;<\/p>\n<hr \/>\n<p>&nbsp;<\/p>\n<blockquote>\n<h3>L\u2019UNIONE MONTANA CHIAMATA AD APPROVARE LA CONVENZIONE PER IL MUSEO DI CESIOMAGGIORE<\/h3>\n<\/blockquote>\n<p><strong>AGORDO<\/strong> Stasera alle 20 consiglio dell\u2019Unione Montana in sala Don Tamis, all\u2019ordine del giorno il regolamento dei controlli interni, l\u2019approvazione del Dup (Documento Unico di Programmazione 2022-24) approvazione bilancio di previsioe 22-24 e approvazione dello schema di convenzione per la gestione del museo etnografico della provincia di Belluno e del Parco Nazionale delle Dolomiti Bellunesi nel sito di Seravella di Cesiomaggiore, triennio 2022-24.<\/p>\n<p>&nbsp;<\/p>\n<p>&nbsp;<\/p>\n<hr \/>\n<p>&nbsp;<\/p>\n<blockquote>\n<h3>RI-COSTRUIRE, MOLTO PIU&#8217; DI UN SALONE VIRTUALE<\/h3>\n<\/blockquote>\n<p><strong><a href=\"https:\/\/www.radiopiu.net\/wordpress\/ri-costruire-molto-piu-di-un-salone-virtuale\/20190223_103230\/\" rel=\"attachment wp-att-256826\"><img loading=\"lazy\" decoding=\"async\" class=\"size-medium wp-image-256826 alignleft\" src=\"https:\/\/www.radiopiu.net\/wordpress\/wp-content\/uploads\/2022\/01\/20190223_103230-300x138.jpg\" alt=\"\" width=\"300\" height=\"138\" srcset=\"https:\/\/www.radiopiu.net\/wordpress\/wp-content\/uploads\/2022\/01\/20190223_103230-300x138.jpg 300w, https:\/\/www.radiopiu.net\/wordpress\/wp-content\/uploads\/2022\/01\/20190223_103230-1024x472.jpg 1024w, https:\/\/www.radiopiu.net\/wordpress\/wp-content\/uploads\/2022\/01\/20190223_103230-768x354.jpg 768w, https:\/\/www.radiopiu.net\/wordpress\/wp-content\/uploads\/2022\/01\/20190223_103230-1536x708.jpg 1536w, https:\/\/www.radiopiu.net\/wordpress\/wp-content\/uploads\/2022\/01\/20190223_103230-2048x945.jpg 2048w\" sizes=\"auto, (max-width: 300px) 100vw, 300px\" \/><\/a>LONGARONE<\/strong> <span style=\"font-size: medium;\">In attesa dell\u2019esibizione fieristica che si terr\u00e0 ad aprile, da venerd\u00ec 8 a domenica 10, Longarone Fiere Dolomiti ospita un evento che si inserisce nel contesto europeo delle EU Industry Weeks, ovvero le Settimane dell\u2019Industria che la Commissione Europea dedica al dialogo col sistema industriale. L&#8217;edizione del 2022 stimoler\u00e0 le discussioni tra gli ecosistemi produttivi sui loro percorsi verdi e digitali, per rafforzare la resilienza delle aziende e delle PMI dell&#8217;UE. Si terranno discussioni su come la giovane generazione pu\u00f2 plasmare il futuro dell&#8217;industria dell&#8217;UE, in linea con la proposta della Commissione di fare del 2022 l&#8217;anno europeo della giovent\u00f9. Si terranno incontri e scambio di best practices tra le aziende del settore edilizio e non solo, coadiuvate dall\u2019intervento dei professionisti che interverranno sul tema dei bonus edilizi e della sicurezza. <\/span><\/p>\n<p align=\"JUSTIFY\"><span style=\"font-size: medium;\">Ri-Costruire Virtual, a partire dal 25 febbraio sul portale <a href=\"https:\/\/virtual.fieracostruire.com\">https:\/\/virtual.fieracostruire.com<\/a>, diventa dunque uno strumento attraverso cui le imprese possono informarsi circa le politiche industriali a livello locale, regionale, nazionale ed europeo con l\u2019obiettivo di progredire nella transizione verde e digitale creando posti di lavoro, crescita ed innovazione in Europa. <\/span><span style=\"font-size: medium;\">A presentare ed anticipare tutto questo \u00e8 previsto un convegno e un tavolo tecnico, sempre online, per gioved\u00ec 24 febbraio\u00a0<\/span><\/p>\n<blockquote>\n<p align=\"JUSTIFY\"><em>\u201c<span style=\"font-size: medium;\">Non solo \u2013 sottolinea il Presidente di Longarone Fiere Dolomiti, Gian Angelo Bellati &#8211; \u00e8 necessario migliorare la competitivit\u00e0 globale delle attivit\u00e0 industriali e produttive, creando posti di lavoro nel rispetto dei territori pi\u00f9 delicati, come quelli di montagna. Il rilancio del sistema costruttivo montano, con particolare attenzione alla transizione ecologica e all\u2019inclusione delle giovani generazioni, \u00e8 la vera sfida che i nostri territori dovranno affrontare nei prossimi anni\u201d.\u00a0\u00a0<\/span><\/em><\/p>\n<p align=\"JUSTIFY\">\n<\/blockquote>\n<hr \/>\n<blockquote>\n<h3><\/h3>\n<p>&nbsp;<\/p>\n<p>&nbsp;<\/p>\n<hr \/>\n<p>&nbsp;<\/p>\n<p>&nbsp;<\/p>\n<p>&nbsp;<\/p>\n<p>&nbsp;<\/p><\/blockquote>\n<hr \/>\n<h3>CARO GASOLIO: NELL\u2019ULTIMO ANNO PER OGNI TIR UN COSTO AGGIUNTIVO DI 8.600 EURO<\/h3>\n<p>Gli spaventosi aumenti di questi ultimi mesi non hanno interessato solo la luce e il gas, ma anche il gasolio per autotrazione. Se un anno fa il prezzo del diesel alla pompa era di 1,35 al litro, oggi \u00e8 pari a 1,65 euro (+ 22,3 per cento). Anche in Veneto, pertanto, il costo del pieno per un mezzo pesante con pi\u00f9 di 11 tonnellate \u00e8 salito di 150 euro. Alla luce del fatto che un Tir percorre mediamente 100 mila km all\u2019anno con un consumo che si aggira sui 3,5 litri al chilometro, rispetto a 12 mesi fa, un autotrasportatore ha subito un incremento di costo di quasi 8.600 euro per ogni mezzo di cui \u00e8 proprietario (vedi Tab. 1 e Tab. 2). I calcoli sono stati realizzati dall\u2019Ufficio studi della CGIA.<\/p>\n<p><strong>Grazie agli aumenti l\u2019erario ha incassato 1 miliardo in pi\u00f9<\/strong><br \/>\nA seguito della ripresa degli spostamenti e dell\u2019impennata del prezzo alla pompa della benzina, del diesel e del Gpl per autotrazione, l\u2019Ufficio studi della CGIA ha stimato che nel 2021 l\u2019erario ha incassato un maggior gettito di circa 1 miliardo di euro. Perch\u00e9 mai il fisco ha beneficiato di questo extra gettito ? A fronte dell\u2019aumento dei prezzi del greggio registrato a partire dall\u2019inizio del 2021, per lo Stato, che applica sulla base imponibile dei carburanti l\u2019Iva al 22 per cento, il gettito \u00e8 aumentato. Se poi teniamo conto che questa base imponibile contiene anche le accise, questo \u00e8 un tipico esempio di doppia tassazione, ovvero di \u201cuna tassa sulle tasse\u201d. Per questo motivo gli artigiani mestrini chiedono al Governo di restituire agli italiani, in particolar modo agli autotrasportatori e a chi utilizza quotidianamente un autoveicolo per ragioni professionali (taxisti, autonoleggiatori, agenti di commercio, etc.), questo \u201ctesoretto\u201d da 1 miliardo di euro, aumentando, ad esempio, il credito di imposta sui carburanti che ai trasportatori viene riconosciuto trimestralmente. Si segnala, infine, che il peso delle accise sul prezzo alla pompa dei carburanti \u00e8 impressionante: sulla benzina verde incide per il 41 per cento, per il 37,5 per cento sul gasolio per autotrazione e per il 18 per cento sul Gpl.<\/p>\n<p><strong>Ecco gli aumenti per gli autotrasportatori veneti<\/strong><br \/>\nRicordando che nel nostro Paese il 70 per cento circa delle merci viaggia su gomma e che l\u201989 per cento del traffico merci su strada \u00e8 ad appannaggio del trasporto nazionale, nell\u2019ultimo anno sulle principali tratte autostradali che realizzano gli autotrasportatori veneti, un Tir di portata superiore alle 11 tonnellate per percorrere la Venezia-Milano ha subito un incremento di costo, rispetto a un anno fa, di 46 euro. Sale a 61 euro il rincaro sulla Vicenza-Genova, a 69 euro la Venezia-Torino, a 72 euro la Treviso-Torino, a 84 euro la Padova-Roma e a 120 euro la Verona-Napoli (vedi Tab. 3).<\/p>\n<p><strong>A Padova il pi\u00f9 alto numero di aziende di autotrasporto<\/strong><br \/>\nIn merito agli ultimi dati resi disponibili dal Centro Elaborazione Dati-Ministero delle Infrastrutture e della mobilit\u00e0 sostenibili, in Veneto sono presenti 9.171 imprese di autotrasporto, pari al 9,3 per cento del dato nazionale. Solo la Lombardia (14.131), l\u2019Emilia Romagna (10.532) e la Campania (9.436) presentano un numero superiore al nostro (vedi Tab. 4). A livello provinciale la realt\u00e0 pi\u00f9 \u201cpopolata\u201d \u00e8 Padova che presenta 2.000 aziende. Seguono Verona (1.833), Treviso (1.612), Vicenza (1.559), Venezia (1.367), Rovigo (556) e Belluno (244) (vedi Tab. 5). Va altres\u00ec segnalato che il CED-Ministero delle Infrastrutture segnala che i dati appena descritti includono anche le attivit\u00e0 sospese che sul territorio nazionale ammontano a 1.685 attivit\u00e0. Infine, va sottolineato che i dati veneti riportano anche le attivit\u00e0 iscritte all\u2019Albo sebbene non abbiano veicoli. Sono imprese su cui da tempo il Comitato Centrale ha avviato procedure di accertamento. Pur essendo previsto dalla normativa vigente l\u2019esercizio della professione anche con veicoli non di propriet\u00e0, da una prima analisi \u00e8 emerso che si tratta in molti casi di imprese che non hanno pi\u00f9 i requisiti per essere iscritte all\u2019Albo<br \/>\ndell\u2019autotrasporto.<\/p>\n\n\t\t\t<style type='text\/css'>\n\t\t\t\t#gallery-5 {\n\t\t\t\t\tmargin: auto;\n\t\t\t\t}\n\t\t\t\t#gallery-5 .gallery-item {\n\t\t\t\t\tfloat: left;\n\t\t\t\t\tmargin-top: 10px;\n\t\t\t\t\ttext-align: center;\n\t\t\t\t\twidth: 20%;\n\t\t\t\t}\n\t\t\t\t#gallery-5 img {\n\t\t\t\t\tborder: 2px solid #cfcfcf;\n\t\t\t\t}\n\t\t\t\t#gallery-5 .gallery-caption {\n\t\t\t\t\tmargin-left: 0;\n\t\t\t\t}\n\t\t\t\t\/* see gallery_shortcode() in wp-includes\/media.php *\/\n\t\t\t<\/style>\n\t\t<div id='gallery-5' class='dt-gallery-container gallery galleryid-256763 gallery-columns-5 gallery-size-thumbnail'><dl class='gallery-item'>\n\t\t\t\t<dt class='gallery-icon landscape'>\n\t\t\t\t\t<a class=\"rollover rollover-zoom dt-pswp-item\" title=\"Schermata 2022-01-29 alle 09.31.51\" data-dt-img-description=\"\" data-large_image_width=\"848\" data-large_image_height=\"700\"href='https:\/\/www.radiopiu.net\/wordpress\/wp-content\/uploads\/2022\/01\/Schermata-2022-01-29-alle-09.31.51.png'><img loading=\"lazy\" decoding=\"async\" width=\"150\" height=\"150\" src=\"https:\/\/www.radiopiu.net\/wordpress\/wp-content\/uploads\/2022\/01\/Schermata-2022-01-29-alle-09.31.51-150x150.png\" class=\"attachment-thumbnail size-thumbnail\" alt=\"\" \/><\/a>\n\t\t\t\t<\/dt><\/dl><dl class='gallery-item'>\n\t\t\t\t<dt class='gallery-icon portrait'>\n\t\t\t\t\t<a class=\"rollover rollover-zoom dt-pswp-item\" title=\"Schermata 2022-01-29 alle 09.31.33\" data-dt-img-description=\"\" data-large_image_width=\"550\" data-large_image_height=\"1372\"href='https:\/\/www.radiopiu.net\/wordpress\/wp-content\/uploads\/2022\/01\/Schermata-2022-01-29-alle-09.31.33.png'><img loading=\"lazy\" decoding=\"async\" width=\"150\" height=\"150\" src=\"https:\/\/www.radiopiu.net\/wordpress\/wp-content\/uploads\/2022\/01\/Schermata-2022-01-29-alle-09.31.33-150x150.png\" class=\"attachment-thumbnail size-thumbnail\" alt=\"\" \/><\/a>\n\t\t\t\t<\/dt><\/dl><dl class='gallery-item'>\n\t\t\t\t<dt class='gallery-icon landscape'>\n\t\t\t\t\t<a class=\"rollover rollover-zoom dt-pswp-item\" title=\"Schermata 2022-01-29 alle 09.30.56\" data-dt-img-description=\"\" data-large_image_width=\"980\" data-large_image_height=\"696\"href='https:\/\/www.radiopiu.net\/wordpress\/wp-content\/uploads\/2022\/01\/Schermata-2022-01-29-alle-09.30.56.png'><img loading=\"lazy\" decoding=\"async\" width=\"150\" height=\"150\" src=\"https:\/\/www.radiopiu.net\/wordpress\/wp-content\/uploads\/2022\/01\/Schermata-2022-01-29-alle-09.30.56-150x150.png\" class=\"attachment-thumbnail size-thumbnail\" alt=\"\" \/><\/a>\n\t\t\t\t<\/dt><\/dl><dl class='gallery-item'>\n\t\t\t\t<dt class='gallery-icon landscape'>\n\t\t\t\t\t<a class=\"rollover rollover-zoom dt-pswp-item\" title=\"Schermata 2022-01-29 alle 09.30.45\" data-dt-img-description=\"\" data-large_image_width=\"782\" data-large_image_height=\"634\"href='https:\/\/www.radiopiu.net\/wordpress\/wp-content\/uploads\/2022\/01\/Schermata-2022-01-29-alle-09.30.45.png'><img loading=\"lazy\" decoding=\"async\" width=\"150\" height=\"150\" src=\"https:\/\/www.radiopiu.net\/wordpress\/wp-content\/uploads\/2022\/01\/Schermata-2022-01-29-alle-09.30.45-150x150.png\" class=\"attachment-thumbnail size-thumbnail\" alt=\"\" \/><\/a>\n\t\t\t\t<\/dt><\/dl><dl class='gallery-item'>\n\t\t\t\t<dt class='gallery-icon landscape'>\n\t\t\t\t\t<a class=\"rollover rollover-zoom dt-pswp-item\" title=\"Schermata 2022-01-29 alle 09.30.28\" data-dt-img-description=\"\" data-large_image_width=\"708\" data-large_image_height=\"572\"href='https:\/\/www.radiopiu.net\/wordpress\/wp-content\/uploads\/2022\/01\/Schermata-2022-01-29-alle-09.30.28.png'><img loading=\"lazy\" decoding=\"async\" width=\"150\" height=\"150\" src=\"https:\/\/www.radiopiu.net\/wordpress\/wp-content\/uploads\/2022\/01\/Schermata-2022-01-29-alle-09.30.28-150x150.png\" class=\"attachment-thumbnail size-thumbnail\" alt=\"\" \/><\/a>\n\t\t\t\t<\/dt><\/dl><br style=\"clear: both\" \/>\n\t\t\t<\/div>\n\n<p>&nbsp;<\/p>\n<hr \/>\n<p>&nbsp;<\/p>\n<blockquote>\n<h3>AI CARNEVALI (DOPO I GRUPPI FOLKLORISTICI) LA PARTE DEL LEONE IN \u201cMONTAGNA DI COLORI\u201d<\/h3>\n<\/blockquote>\n<p><strong>di\u00a0 RENATO BONA\u00a0<\/strong><\/p>\n<p>Come accennato nel servizio di qualche giorno fa, sotto il titolo: \u201cUna montagna di colori\u201d, libretto realizzato e diffuso con il concorso della Regione Veneto, il Comitato provinciale bellunese dell\u2019Unpli (Unione nazionale Pro loco d\u2019Italia) con varie preziose collaborazioni, ha proposto l\u2019elenco e la sintetica storia dei tredici Gruppi folkloristici attivi in provincia di Belluno e quello dei quattordici Carnevali nonch\u00e9 del Palio di Vigo di Cadore. Se \u00e8 vero che fra i danni, certamente minori, per carit\u00e0\u2026 provocati dalla pandemia, c\u2019\u00e8 anche il differimento del carnevale pi\u00f9 famoso al mondo, quello brasiliano di Rio de Janeiro, \u00e8 altrettanto vero che anche nel pi\u00f9 modesto ambito bellunese c\u2019\u00e8 stato un opportuno ridimensionamento dell\u2019\u201cofferta\u201d. Un peccato davvero, che tuttavia nulla toglie alla validit\u00e0 delle iniziative programmate, che fanno e faranno onore agli organizzatori ed ai moltissimi entusiasti protagonisti, e che potranno essere persino occasioni di festa grande per tutti quando si sar\u00e0 finalmente usciti dall\u2019attuale pesantissima situazione sanitaria. Dopo questa premessa, eccoci a presentare la parte di pubblicazione (\u201cCon la raccolta di immagini e informazioni storiche pi\u00f9 importanti e dare vita ad un piccolo cofanetto da viaggio da consegnare ai turisti che visitano la provincia di Belluno che si vogliono avvicinare alla stessa per scoprire usi e costumi che altrimenti andrebbero persi\u2026\u201d) come da progetto grafico di Mivy.it Belluno e stampa tipografia della Dbs di Seren del Grappa) relativa ai Carnevali. Lo facciamo partendo da \u201cLa zinghenesta\u201d (Pro loco di Canale d\u2019Agordo): si tratta di un ballo del marted\u00ec grasso a Forno di Canale oggi Canale d\u2019Agordo; l\u2019origine risale alla met\u00e0 del secolo scorso e oggi si festeggia nell\u2019ultima domenica di carnevale con la partecipazione di quasi tutto il paese, con la protagonista, la zinghenesta appunto che \u00e8 vestita sfarzosamente, deve saper ballare ed essere bellissima oltre che proveniente dal paese. Carnevale di Rivamonte Agordino (Pro loco): con il gruppo folk \u201cI Ladin del P\u00f3i che bala\u201d e alcuni esercenti locali, la Pro Loco ha proposto nel febbraio 2020 una mascherata lungo le vie del paese caratterizzata dalla partecipazione degli \u201cOlt da Riva\u201d, cio\u00e8 le maschere lignee coi volti di rivamontesi. \u201cLo Smotazin\u201d Lozzo di Cadore (Pro loco Marmarole): l\u2019usanza, forse unica al mondo, \u00e8 quella dello Smotazin appunto di annerire con un panno (che conosce il fondo di tutte le pentole) chiunque si trovi nella pubblica via, nei pubblici esercizi e persino in casa sua\u2026 atteggiandosi a pagliaccio. Restiamo in Cadore per: \u201cPievelandia\u201d Pieve di Cadore (Pro loco): appuntamento divenuto imperdibile perch\u00e9 si \u201ccolora\u201d la Piazza del paese con sfilate di carri, maschere della tradizione cadorina, Matazin e Mataz\u00e8re, funamboli, mangiafuoco, equilibristi, artisti di strada, laboratori creativi, trucca bimbi e altri personaggi fantastici. Il Carnevale di Fornesighe \u2013 Forno di Zoldo (Pro loco): uno degli eventi pi\u00f9 belli della tradizione popolare ed \u00e8 noto come la festa de \u201cLa Gnaga) tipica maschera zoldana, appuntamento che si ripete dalla fine dell\u2019800 e deve la sua origine allo zoldano Valentino Toldo. Carnevale di Comelico Superiore): si svolge ogni anno, come evento principale, a Dosoledo con le maschere tradizionali: il \u201cLak\u00e9\u201d ed il \u201cMatazin\u201d ma non solo. Carnevale di Sedico (Pro loco): le radici storiche risalgono ai primi del \u2018900; \u00e8 una festa popolare che vede impegnate numerose persone del paese. Carnevale di Castion \u2013 Belluno (Pro loco Pievecastionese): una tradizione che dura da 60 anni, che lega al passato ma proietta nel futuro con passione, orgoglio ed entusiasmo immutati; festa grande dei bambini, dei colori, degli scherzi, simbolo del legame forte fra gli abitanti e il territorio. Carnevale di Sospirolo (Pro loco Monti del Sole): si tiene da circa 40 anni, partecipato ed arricchito da sempre nuove iniziative: la pi\u00f9 importante ed originale \u00e8 la \u201cPasseggiata in maschera\u201d a piedi o in bicicletta che ad anni alterni copre la parte bassa e quella alta del paese. Carnevale di Alano (Pro loco Alano e Fener): nel 2020 ha raggiunto la 46. edizione: si svolge lungo le frazioni ed il capoluogo cambiando ogni anno il luogo di partenza, con una carovana di carri che raggiunge le piazze delle frazioni dove sosta per la presentazione e per offrire un banchetto gratuito ai partecipanti. Avviandoci a conclusione tocca al Carnevale di Pedavena (Pro loco): l\u2019ultima domenica di carnevale ecco la \u201cfesta pi\u00f9 pazza dell\u2019anno\u201d nella Piazza I: Novembre; momento di condivisione e divertimento per tutte le famiglie molto atteso da adulti e piccini in particolare per la sfilata dei carri frazionali, espressione di creativit\u00e0 e goliardia, satira e ironia. Carnevale Querese (Pro loco Quero): iniziativa in particolare per i bambini con la sfilata dei carri che parte da Vas va a Segusino per poi arrivare in serata dove c\u2019\u00e8 la sfilata per le vie queresi e la cerimonia della premiazione. Carnevale di Trichiana (Pro loco): si snoda tra spettacoli circensi, cascata di palloncini, premiazione delle mascherine, la \u201cfamiglia in maschera\u201d e l\u2019ambito concorso \u201cil crostolo d\u2019oro\u201d; dallo scorso 2021 \u00e8 stato creato il concorso fotografico del carnevale. Carnevale Sangregoriese (Pro loco San Gregorio nelle Alpi): la tradizione risale agli inizi degli anni \u201960 quando ancora non c\u2019era la Pro loco; \u00e8 considerato uno dei pi\u00f9 importanti della provincia di Belluno, con una scenografia ogni anno diversa; per i bambini si svolge nella palestra comunale con passerella e premiazioni oltre all\u2019intrattenimento musicale. Buon ultimo, ma solo in ordine di tempo, il Palio di San Martino (Pro loco Vigo di Cadore) \u201cquale omaggio verso l\u2019antica Chiesa Matrice e verso Ainardo che commission\u00f2 e fece edificare la chiesa di Sant\u2019Orsola nel 1345, Il Palio \u00e8 un drappo artisticamente decorato che raffigura San Martino vescovo ed i Santi Patroni dei rispettivi villaggi.<\/p>\n\n\t\t\t<style type='text\/css'>\n\t\t\t\t#gallery-6 {\n\t\t\t\t\tmargin: auto;\n\t\t\t\t}\n\t\t\t\t#gallery-6 .gallery-item {\n\t\t\t\t\tfloat: left;\n\t\t\t\t\tmargin-top: 10px;\n\t\t\t\t\ttext-align: center;\n\t\t\t\t\twidth: 20%;\n\t\t\t\t}\n\t\t\t\t#gallery-6 img {\n\t\t\t\t\tborder: 2px solid #cfcfcf;\n\t\t\t\t}\n\t\t\t\t#gallery-6 .gallery-caption {\n\t\t\t\t\tmargin-left: 0;\n\t\t\t\t}\n\t\t\t\t\/* see gallery_shortcode() in wp-includes\/media.php *\/\n\t\t\t<\/style>\n\t\t<div id='gallery-6' class='dt-gallery-container gallery galleryid-256763 gallery-columns-5 gallery-size-thumbnail'><dl class='gallery-item'>\n\t\t\t\t<dt class='gallery-icon landscape'>\n\t\t\t\t\t<a class=\"rollover rollover-zoom dt-pswp-item\" title=\"271649251_285629636999589_8140363408903795732_n\" data-dt-img-description=\"\" data-large_image_width=\"370\" data-large_image_height=\"201\"href='https:\/\/www.radiopiu.net\/wordpress\/wp-content\/uploads\/2022\/01\/271649251_285629636999589_8140363408903795732_n.jpg'><img loading=\"lazy\" decoding=\"async\" width=\"150\" height=\"150\" src=\"https:\/\/www.radiopiu.net\/wordpress\/wp-content\/uploads\/2022\/01\/271649251_285629636999589_8140363408903795732_n-150x150.jpg\" class=\"attachment-thumbnail size-thumbnail\" alt=\"\" \/><\/a>\n\t\t\t\t<\/dt><\/dl><dl class='gallery-item'>\n\t\t\t\t<dt class='gallery-icon landscape'>\n\t\t\t\t\t<a class=\"rollover rollover-zoom dt-pswp-item\" title=\"271820159_448780173566054_3959298414086187414_n\" data-dt-img-description=\"\" data-large_image_width=\"384\" data-large_image_height=\"206\"href='https:\/\/www.radiopiu.net\/wordpress\/wp-content\/uploads\/2022\/01\/271820159_448780173566054_3959298414086187414_n.jpg'><img loading=\"lazy\" decoding=\"async\" width=\"150\" height=\"150\" src=\"https:\/\/www.radiopiu.net\/wordpress\/wp-content\/uploads\/2022\/01\/271820159_448780173566054_3959298414086187414_n-150x150.jpg\" class=\"attachment-thumbnail size-thumbnail\" alt=\"\" \/><\/a>\n\t\t\t\t<\/dt><\/dl><dl class='gallery-item'>\n\t\t\t\t<dt class='gallery-icon landscape'>\n\t\t\t\t\t<a class=\"rollover rollover-zoom dt-pswp-item\" title=\"248306894_1275608142906912_2553284658116224567_n\" data-dt-img-description=\"\" data-large_image_width=\"366\" data-large_image_height=\"206\"href='https:\/\/www.radiopiu.net\/wordpress\/wp-content\/uploads\/2022\/01\/248306894_1275608142906912_2553284658116224567_n.jpg'><img loading=\"lazy\" decoding=\"async\" width=\"150\" height=\"150\" src=\"https:\/\/www.radiopiu.net\/wordpress\/wp-content\/uploads\/2022\/01\/248306894_1275608142906912_2553284658116224567_n-150x150.jpg\" class=\"attachment-thumbnail size-thumbnail\" alt=\"\" \/><\/a>\n\t\t\t\t<\/dt><\/dl><dl class='gallery-item'>\n\t\t\t\t<dt class='gallery-icon landscape'>\n\t\t\t\t\t<a class=\"rollover rollover-zoom dt-pswp-item\" title=\"271720617_259035289636804_7913257510693657191_n\" data-dt-img-description=\"\" data-large_image_width=\"390\" data-large_image_height=\"206\"href='https:\/\/www.radiopiu.net\/wordpress\/wp-content\/uploads\/2022\/01\/271720617_259035289636804_7913257510693657191_n.jpg'><img loading=\"lazy\" decoding=\"async\" width=\"150\" height=\"150\" src=\"https:\/\/www.radiopiu.net\/wordpress\/wp-content\/uploads\/2022\/01\/271720617_259035289636804_7913257510693657191_n-150x150.jpg\" class=\"attachment-thumbnail size-thumbnail\" alt=\"\" \/><\/a>\n\t\t\t\t<\/dt><\/dl><dl class='gallery-item'>\n\t\t\t\t<dt class='gallery-icon landscape'>\n\t\t\t\t\t<a class=\"rollover rollover-zoom dt-pswp-item\" title=\"258722878_334375811863753_2807198435495032401_n\" data-dt-img-description=\"\" data-large_image_width=\"384\" data-large_image_height=\"206\"href='https:\/\/www.radiopiu.net\/wordpress\/wp-content\/uploads\/2022\/01\/258722878_334375811863753_2807198435495032401_n.jpg'><img loading=\"lazy\" decoding=\"async\" width=\"150\" height=\"150\" src=\"https:\/\/www.radiopiu.net\/wordpress\/wp-content\/uploads\/2022\/01\/258722878_334375811863753_2807198435495032401_n-150x150.jpg\" class=\"attachment-thumbnail size-thumbnail\" alt=\"\" \/><\/a>\n\t\t\t\t<\/dt><\/dl><br style=\"clear: both\" \/><dl class='gallery-item'>\n\t\t\t\t<dt class='gallery-icon landscape'>\n\t\t\t\t\t<a class=\"rollover rollover-zoom dt-pswp-item\" title=\"272153234_1127821151382238_3904048143164118341_n\" data-dt-img-description=\"\" data-large_image_width=\"314\" data-large_image_height=\"206\"href='https:\/\/www.radiopiu.net\/wordpress\/wp-content\/uploads\/2022\/01\/272153234_1127821151382238_3904048143164118341_n.jpg'><img loading=\"lazy\" decoding=\"async\" width=\"150\" height=\"150\" src=\"https:\/\/www.radiopiu.net\/wordpress\/wp-content\/uploads\/2022\/01\/272153234_1127821151382238_3904048143164118341_n-150x150.jpg\" class=\"attachment-thumbnail size-thumbnail\" alt=\"\" \/><\/a>\n\t\t\t\t<\/dt><\/dl><dl class='gallery-item'>\n\t\t\t\t<dt class='gallery-icon landscape'>\n\t\t\t\t\t<a class=\"rollover rollover-zoom dt-pswp-item\" title=\"272705461_516964496331677_410535395723300195_n\" data-dt-img-description=\"\" data-large_image_width=\"388\" data-large_image_height=\"206\"href='https:\/\/www.radiopiu.net\/wordpress\/wp-content\/uploads\/2022\/01\/272705461_516964496331677_410535395723300195_n.jpg'><img loading=\"lazy\" decoding=\"async\" width=\"150\" height=\"150\" src=\"https:\/\/www.radiopiu.net\/wordpress\/wp-content\/uploads\/2022\/01\/272705461_516964496331677_410535395723300195_n-150x150.jpg\" class=\"attachment-thumbnail size-thumbnail\" alt=\"\" \/><\/a>\n\t\t\t\t<\/dt><\/dl><dl class='gallery-item'>\n\t\t\t\t<dt class='gallery-icon portrait'>\n\t\t\t\t\t<a class=\"rollover rollover-zoom dt-pswp-item\" title=\"271723760_960497237925390_3991473376319758888_n\" data-dt-img-description=\"\" data-large_image_width=\"193\" data-large_image_height=\"206\"href='https:\/\/www.radiopiu.net\/wordpress\/wp-content\/uploads\/2022\/01\/271723760_960497237925390_3991473376319758888_n.jpg'><img loading=\"lazy\" decoding=\"async\" width=\"150\" height=\"150\" src=\"https:\/\/www.radiopiu.net\/wordpress\/wp-content\/uploads\/2022\/01\/271723760_960497237925390_3991473376319758888_n-150x150.jpg\" class=\"attachment-thumbnail size-thumbnail\" alt=\"\" \/><\/a>\n\t\t\t\t<\/dt><\/dl><dl class='gallery-item'>\n\t\t\t\t<dt class='gallery-icon landscape'>\n\t\t\t\t\t<a class=\"rollover rollover-zoom dt-pswp-item\" title=\"272232346_513341056739823_5776896882230079108_n\" data-dt-img-description=\"\" data-large_image_width=\"296\" data-large_image_height=\"202\"href='https:\/\/www.radiopiu.net\/wordpress\/wp-content\/uploads\/2022\/01\/272232346_513341056739823_5776896882230079108_n.jpg'><img loading=\"lazy\" decoding=\"async\" width=\"150\" height=\"150\" src=\"https:\/\/www.radiopiu.net\/wordpress\/wp-content\/uploads\/2022\/01\/272232346_513341056739823_5776896882230079108_n-150x150.jpg\" class=\"attachment-thumbnail size-thumbnail\" alt=\"\" \/><\/a>\n\t\t\t\t<\/dt><\/dl><dl class='gallery-item'>\n\t\t\t\t<dt class='gallery-icon landscape'>\n\t\t\t\t\t<a class=\"rollover rollover-zoom dt-pswp-item\" title=\"272243217_1006767863247153_1627657899470661065_n\" data-dt-img-description=\"\" data-large_image_width=\"344\" data-large_image_height=\"206\"href='https:\/\/www.radiopiu.net\/wordpress\/wp-content\/uploads\/2022\/01\/272243217_1006767863247153_1627657899470661065_n.jpg'><img loading=\"lazy\" decoding=\"async\" width=\"150\" height=\"150\" src=\"https:\/\/www.radiopiu.net\/wordpress\/wp-content\/uploads\/2022\/01\/272243217_1006767863247153_1627657899470661065_n-150x150.jpg\" class=\"attachment-thumbnail size-thumbnail\" alt=\"\" \/><\/a>\n\t\t\t\t<\/dt><\/dl><br style=\"clear: both\" \/><dl class='gallery-item'>\n\t\t\t\t<dt class='gallery-icon landscape'>\n\t\t\t\t\t<a class=\"rollover rollover-zoom dt-pswp-item\" title=\"272192433_238420748358331_1154141889315957415_n\" data-dt-img-description=\"\" data-large_image_width=\"320\" data-large_image_height=\"199\"href='https:\/\/www.radiopiu.net\/wordpress\/wp-content\/uploads\/2022\/01\/272192433_238420748358331_1154141889315957415_n.jpg'><img loading=\"lazy\" decoding=\"async\" width=\"150\" height=\"150\" src=\"https:\/\/www.radiopiu.net\/wordpress\/wp-content\/uploads\/2022\/01\/272192433_238420748358331_1154141889315957415_n-150x150.jpg\" class=\"attachment-thumbnail size-thumbnail\" alt=\"\" \/><\/a>\n\t\t\t\t<\/dt><\/dl><dl class='gallery-item'>\n\t\t\t\t<dt class='gallery-icon landscape'>\n\t\t\t\t\t<a class=\"rollover rollover-zoom dt-pswp-item\" title=\"272273787_484833169698285_2738790797857486538_n\" data-dt-img-description=\"\" data-large_image_width=\"385\" data-large_image_height=\"206\"href='https:\/\/www.radiopiu.net\/wordpress\/wp-content\/uploads\/2022\/01\/272273787_484833169698285_2738790797857486538_n.jpg'><img loading=\"lazy\" decoding=\"async\" width=\"150\" height=\"150\" src=\"https:\/\/www.radiopiu.net\/wordpress\/wp-content\/uploads\/2022\/01\/272273787_484833169698285_2738790797857486538_n-150x150.jpg\" class=\"attachment-thumbnail size-thumbnail\" alt=\"\" \/><\/a>\n\t\t\t\t<\/dt><\/dl><dl class='gallery-item'>\n\t\t\t\t<dt class='gallery-icon landscape'>\n\t\t\t\t\t<a class=\"rollover rollover-zoom dt-pswp-item\" title=\"271736154_3097815790494694_9080541822313393279_n\" data-dt-img-description=\"\" data-large_image_width=\"385\" data-large_image_height=\"206\"href='https:\/\/www.radiopiu.net\/wordpress\/wp-content\/uploads\/2022\/01\/271736154_3097815790494694_9080541822313393279_n.jpg'><img loading=\"lazy\" decoding=\"async\" width=\"150\" height=\"150\" src=\"https:\/\/www.radiopiu.net\/wordpress\/wp-content\/uploads\/2022\/01\/271736154_3097815790494694_9080541822313393279_n-150x150.jpg\" class=\"attachment-thumbnail size-thumbnail\" alt=\"\" \/><\/a>\n\t\t\t\t<\/dt><\/dl><dl class='gallery-item'>\n\t\t\t\t<dt class='gallery-icon landscape'>\n\t\t\t\t\t<a class=\"rollover rollover-zoom dt-pswp-item\" title=\"272395163_1333023447146304_4307223961225896192_n\" data-dt-img-description=\"\" data-large_image_width=\"403\" data-large_image_height=\"206\"href='https:\/\/www.radiopiu.net\/wordpress\/wp-content\/uploads\/2022\/01\/272395163_1333023447146304_4307223961225896192_n.jpg'><img loading=\"lazy\" decoding=\"async\" width=\"150\" height=\"150\" src=\"https:\/\/www.radiopiu.net\/wordpress\/wp-content\/uploads\/2022\/01\/272395163_1333023447146304_4307223961225896192_n-150x150.jpg\" class=\"attachment-thumbnail size-thumbnail\" alt=\"\" \/><\/a>\n\t\t\t\t<\/dt><\/dl><dl class='gallery-item'>\n\t\t\t\t<dt class='gallery-icon landscape'>\n\t\t\t\t\t<a class=\"rollover rollover-zoom dt-pswp-item\" title=\"272109567_285473620235487_3282461786387424028_n\" data-dt-img-description=\"\" data-large_image_width=\"348\" data-large_image_height=\"206\"href='https:\/\/www.radiopiu.net\/wordpress\/wp-content\/uploads\/2022\/01\/272109567_285473620235487_3282461786387424028_n.jpg'><img loading=\"lazy\" decoding=\"async\" width=\"150\" height=\"150\" src=\"https:\/\/www.radiopiu.net\/wordpress\/wp-content\/uploads\/2022\/01\/272109567_285473620235487_3282461786387424028_n-150x150.jpg\" class=\"attachment-thumbnail size-thumbnail\" alt=\"\" \/><\/a>\n\t\t\t\t<\/dt><\/dl><br style=\"clear: both\" \/>\n\t\t\t<\/div>\n\n<p>&nbsp;<\/p>\n<hr \/>\n<p>&nbsp;<\/p>\n<blockquote>\n<h3>CAI INFORM, LA RELAZIONE DI ANNA MAGRO DOPO L&#8217;USCITA DELLA RIPRESA A FORCELLA AURINE<\/h3>\n<\/blockquote>\n<p><strong>AGORDO<\/strong> Per inaugurare il nuovo anno, uscita pomeridiana con partenza a Frassen\u00e8 e arrivo a Forcella Aurine per gustare un buonissimo piatto di pasta al RistoBar Ghegi, non prima per\u00f2 di aver attraversato buona parte del versante nord-ovest del bosco del P\u00f3i. Dato il poco innevamento del periodo, le racchette da neve sono rimaste a casa e la camminata a piedi \u00e8 risultata pi\u00f9 comoda. La bellissima giornata soleggiata e un tramonto rosso fuoco, hanno gratificato i componenti del bel gruppo che hanno molto apprezzato il panorama ad ampio spazio generatosi dall&#8217;ottobre del 2018. Poco prima dell&#8217;arrivo a Forcella Aurine, nell&#8217;immenso cielo stellato, abbiamo avuto la fortuna di assistere al passaggio della Stazione Spaziale Internazionale, luminosa e ben visibile per vari minuti. Dopo aver cenato e chiacchierato in allegria, il ritorno per un sentiero diretto ci ha ricondotto in breve alle auto e poi a casa. Se \u00e8 vero che chi ben comincia \u00e8 a met\u00e0 dell&#8217;opera, il 2022 della Sezione \u00e8 partito proprio alla grande! Grazie\u00a0 per la collaborazione e l&#8217;accoglienza riservataci ad Aurine ski Progetto Desma<\/p>\n\n\t\t\t<style type='text\/css'>\n\t\t\t\t#gallery-7 {\n\t\t\t\t\tmargin: auto;\n\t\t\t\t}\n\t\t\t\t#gallery-7 .gallery-item {\n\t\t\t\t\tfloat: left;\n\t\t\t\t\tmargin-top: 10px;\n\t\t\t\t\ttext-align: center;\n\t\t\t\t\twidth: 20%;\n\t\t\t\t}\n\t\t\t\t#gallery-7 img {\n\t\t\t\t\tborder: 2px solid #cfcfcf;\n\t\t\t\t}\n\t\t\t\t#gallery-7 .gallery-caption {\n\t\t\t\t\tmargin-left: 0;\n\t\t\t\t}\n\t\t\t\t\/* see gallery_shortcode() in wp-includes\/media.php *\/\n\t\t\t<\/style>\n\t\t<div id='gallery-7' class='dt-gallery-container gallery galleryid-256763 gallery-columns-5 gallery-size-thumbnail'><dl class='gallery-item'>\n\t\t\t\t<dt class='gallery-icon landscape'>\n\t\t\t\t\t<a class=\"rollover rollover-zoom dt-pswp-item\" title=\"eaf44ee0-927d-70d7-7398-5537f6f49514\" data-dt-img-description=\"\" data-large_image_width=\"1024\" data-large_image_height=\"768\"href='https:\/\/www.radiopiu.net\/wordpress\/wp-content\/uploads\/2022\/01\/eaf44ee0-927d-70d7-7398-5537f6f49514-1.jpg'><img loading=\"lazy\" decoding=\"async\" width=\"150\" height=\"150\" src=\"https:\/\/www.radiopiu.net\/wordpress\/wp-content\/uploads\/2022\/01\/eaf44ee0-927d-70d7-7398-5537f6f49514-1-150x150.jpg\" class=\"attachment-thumbnail size-thumbnail\" alt=\"\" \/><\/a>\n\t\t\t\t<\/dt><\/dl><dl class='gallery-item'>\n\t\t\t\t<dt class='gallery-icon landscape'>\n\t\t\t\t\t<a class=\"rollover rollover-zoom dt-pswp-item\" title=\"5b3bb129-0450-084d-83ef-73fcba469920\" data-dt-img-description=\"\" data-large_image_width=\"1024\" data-large_image_height=\"768\"href='https:\/\/www.radiopiu.net\/wordpress\/wp-content\/uploads\/2022\/01\/5b3bb129-0450-084d-83ef-73fcba469920.jpg'><img loading=\"lazy\" decoding=\"async\" width=\"150\" height=\"150\" src=\"https:\/\/www.radiopiu.net\/wordpress\/wp-content\/uploads\/2022\/01\/5b3bb129-0450-084d-83ef-73fcba469920-150x150.jpg\" class=\"attachment-thumbnail size-thumbnail\" alt=\"\" \/><\/a>\n\t\t\t\t<\/dt><\/dl><dl class='gallery-item'>\n\t\t\t\t<dt class='gallery-icon landscape'>\n\t\t\t\t\t<a class=\"rollover rollover-zoom dt-pswp-item\" title=\"f3117053-66ad-a25b-a3df-a76e797a0720\" data-dt-img-description=\"\" data-large_image_width=\"1024\" data-large_image_height=\"768\"href='https:\/\/www.radiopiu.net\/wordpress\/wp-content\/uploads\/2022\/01\/f3117053-66ad-a25b-a3df-a76e797a0720.jpg'><img loading=\"lazy\" decoding=\"async\" width=\"150\" height=\"150\" src=\"https:\/\/www.radiopiu.net\/wordpress\/wp-content\/uploads\/2022\/01\/f3117053-66ad-a25b-a3df-a76e797a0720-150x150.jpg\" class=\"attachment-thumbnail size-thumbnail\" alt=\"\" \/><\/a>\n\t\t\t\t<\/dt><\/dl><dl class='gallery-item'>\n\t\t\t\t<dt class='gallery-icon landscape'>\n\t\t\t\t\t<a class=\"rollover rollover-zoom dt-pswp-item\" title=\"95fd13bc-080d-8d84-bdf3-e9583638a570\" data-dt-img-description=\"\" data-large_image_width=\"1024\" data-large_image_height=\"768\"href='https:\/\/www.radiopiu.net\/wordpress\/wp-content\/uploads\/2022\/01\/95fd13bc-080d-8d84-bdf3-e9583638a570.jpg'><img loading=\"lazy\" decoding=\"async\" width=\"150\" height=\"150\" src=\"https:\/\/www.radiopiu.net\/wordpress\/wp-content\/uploads\/2022\/01\/95fd13bc-080d-8d84-bdf3-e9583638a570-150x150.jpg\" class=\"attachment-thumbnail size-thumbnail\" alt=\"\" \/><\/a>\n\t\t\t\t<\/dt><\/dl><dl class='gallery-item'>\n\t\t\t\t<dt class='gallery-icon landscape'>\n\t\t\t\t\t<a class=\"rollover rollover-zoom dt-pswp-item\" title=\"e6857670-4ed3-8484-6c5d-2f4922ad3218\" data-dt-img-description=\"\" data-large_image_width=\"1024\" data-large_image_height=\"768\"href='https:\/\/www.radiopiu.net\/wordpress\/wp-content\/uploads\/2022\/01\/e6857670-4ed3-8484-6c5d-2f4922ad3218.jpg'><img loading=\"lazy\" decoding=\"async\" width=\"150\" height=\"150\" src=\"https:\/\/www.radiopiu.net\/wordpress\/wp-content\/uploads\/2022\/01\/e6857670-4ed3-8484-6c5d-2f4922ad3218-150x150.jpg\" class=\"attachment-thumbnail size-thumbnail\" alt=\"\" \/><\/a>\n\t\t\t\t<\/dt><\/dl><br style=\"clear: both\" \/>\n\t\t\t<\/div>\n\n<p>&nbsp;<\/p>\n<p>&nbsp;<\/p>\n<hr \/>\n<p>&nbsp;<\/p>\n<blockquote>\n<h3>ADOLE\u2013SCIENZA: INCONTRI ONLINE PER GENITORI<\/h3>\n<\/blockquote>\n<p><strong>BELLUNO <\/strong>Il Dipartimento Dipendenze dell\u2019Ulss Dolomiti ha organizzato una serie di incontri per genitori e adulti di riferimento di ragazzi adolescenti. Gli incontri si terranno online dalle 20.30 alle 22.00.<\/p>\n<p>&nbsp;<\/p>\n<hr \/>\n<p>&nbsp;<\/p>\n<blockquote>\n<h3><br role=\"presentation\" \/><span dir=\"ltr\" role=\"presentation\">CONCORSO, PER TITOLI ED ESAMI, PER L\u2019AMMISSIONE DI 66 ALLIEVI UFFICIALI<\/span><\/h3>\n<\/blockquote>\n<p><strong>BELLUNO<\/strong> <span dir=\"ltr\" role=\"presentation\">E&#8217; stato pubblicato il <\/span><span dir=\"ltr\" role=\"presentation\">concorso, per titoli ed esami, per l\u2019ammissione di 15 tenenti in servizio permanente effettivo<\/span><span dir=\"ltr\" role=\"presentation\">. <\/span><span dir=\"ltr\" role=\"presentation\">Possono partecipare al concorso i cittadini<\/span><span dir=\"ltr\" role=\"presentation\"> in possesso del diploma di istruzione secondaria di secondo grado, coloro che<\/span><span dir=\"ltr\" role=\"presentation\"> lo conseguano nell\u2019anno scolastico 2022\/2023; abbiano compiuto il 17\u00b0 anno e <\/span><span dir=\"ltr\" role=\"presentation\">non abbiano superato il 22\u00b0. <\/span><span dir=\"ltr\" role=\"presentation\">La domanda di partecipazione al concorso va presentata\u00a0 entro le ore 12 del 17 febbraio (<\/span><span dir=\"ltr\" role=\"presentation\">https:\/\/concorsi.gdf.gov.it.)<\/span><\/p>\n<p>&nbsp;<\/p>\n<p>&nbsp;<\/p>\n<hr \/>\n<p>&nbsp;<\/p>\n<blockquote>\n<h3>A LIMANA PER LA GIORNATA DEL RICORDO<\/h3>\n<\/blockquote>\n<p><strong>LIMANA <\/strong><span class=\"s1\">Il Comune di Limana, Assessorato alla Cultura e Biblioteca Comunale, in collaborazione con l&#8217;Associazione Culturale Teatro Laboratorio di Brescia, in occasione della Giornata del Ricordo, \u00e8 lieto di presentare: <\/span><span class=\"s1\">MERCOLEDI&#8217; 9 FEBBRAIO alle 20.30 &#8220;Sorelle. Una storia per ricordare la tragedia delle Foibe&#8221;, rappresentazione teatrale<\/span><span class=\"s1\">\u00a0presso la sala Luigi Nocivelli, ingresso dietro la Biblioteca Comunale di Limana, Via Ruggero Fiabane n. 3.<\/span><\/p>\n<p>&nbsp;<\/p>\n<p>&nbsp;<\/p>\n<hr \/>\n<p>&nbsp;<\/p>\n<blockquote>\n<h3><a href=\"https:\/\/www.radiopiu.net\/wordpress\/giornale-radiopiu-29-gennaio-2022-direttore-mirko-mezzacasa\/roberto_mares\/\" rel=\"attachment wp-att-256684\"><img loading=\"lazy\" decoding=\"async\" class=\"wp-image-256684 alignleft\" src=\"https:\/\/www.radiopiu.net\/wordpress\/wp-content\/uploads\/2022\/01\/Roberto_Mares-291x300.jpg\" alt=\"\" width=\"117\" height=\"121\" srcset=\"https:\/\/www.radiopiu.net\/wordpress\/wp-content\/uploads\/2022\/01\/Roberto_Mares-291x300.jpg 291w, https:\/\/www.radiopiu.net\/wordpress\/wp-content\/uploads\/2022\/01\/Roberto_Mares-993x1024.jpg 993w, https:\/\/www.radiopiu.net\/wordpress\/wp-content\/uploads\/2022\/01\/Roberto_Mares-768x792.jpg 768w, https:\/\/www.radiopiu.net\/wordpress\/wp-content\/uploads\/2022\/01\/Roberto_Mares-1490x1536.jpg 1490w, https:\/\/www.radiopiu.net\/wordpress\/wp-content\/uploads\/2022\/01\/Roberto_Mares.jpg 1934w\" sizes=\"auto, (max-width: 117px) 100vw, 117px\" \/><\/a>ROBERTO MARES ESPONE IN MUNICIPIO<\/h3>\n<\/blockquote>\n<p>La mostra fotografica \u201cReflections\u201d \u00e8 visitabile fino al\u00a0 12 marzo, negli spazi di \u201cArte Bene Comune\u201d, all\u2019interno del municipio di Ponte nelle Alpi. \u00a0L\u2019esposizione raccoglie le opere di Roberto Mares, grafico e fotografo conosciuto ben oltre i confini provinciali, le riflessioni di Roberto Mares sono delle vedute: panorami urbani o naturali dove ad essere preminente \u00e8 il rigore formale e l&#8217;armonia compositiva.<\/p>\n<p><a href=\"https:\/\/www.radiopiu.net\/wordpress\/giornale-radiopiu-29-gennaio-2022-direttore-mirko-mezzacasa\/mostra_mares-1\/\" rel=\"attachment wp-att-256685\"><img loading=\"lazy\" decoding=\"async\" class=\"size-medium wp-image-256685 aligncenter\" src=\"https:\/\/www.radiopiu.net\/wordpress\/wp-content\/uploads\/2022\/01\/Mostra_Mares-1-300x152.jpg\" alt=\"\" width=\"300\" height=\"152\" srcset=\"https:\/\/www.radiopiu.net\/wordpress\/wp-content\/uploads\/2022\/01\/Mostra_Mares-1-300x152.jpg 300w, https:\/\/www.radiopiu.net\/wordpress\/wp-content\/uploads\/2022\/01\/Mostra_Mares-1-1024x520.jpg 1024w, https:\/\/www.radiopiu.net\/wordpress\/wp-content\/uploads\/2022\/01\/Mostra_Mares-1-768x390.jpg 768w, https:\/\/www.radiopiu.net\/wordpress\/wp-content\/uploads\/2022\/01\/Mostra_Mares-1.jpg 1420w\" sizes=\"auto, (max-width: 300px) 100vw, 300px\" \/><\/a><\/p>\n<p>&nbsp;<\/p>\n<hr \/>\n<p>&nbsp;<\/p>\n<h2><span style=\"color: #ff0000;\">IERI ALLA RADIO\u00a0<\/span><\/h2>\n<h2><strong><a href=\"https:\/\/www.radiopiu.net\/wordpress\/laugurio-di-monsignor-giorgio-lise-agli-agordini\/don-giorgio-lise\/\" rel=\"attachment wp-att-177420\"><img loading=\"lazy\" decoding=\"async\" class=\"size-medium wp-image-177420 alignleft\" src=\"https:\/\/www.radiopiu.net\/wordpress\/wp-content\/uploads\/2020\/12\/DON-GIORGIO-LISE-300x169.jpg\" alt=\"\" width=\"300\" height=\"169\" srcset=\"https:\/\/www.radiopiu.net\/wordpress\/wp-content\/uploads\/2020\/12\/DON-GIORGIO-LISE-300x169.jpg 300w, https:\/\/www.radiopiu.net\/wordpress\/wp-content\/uploads\/2020\/12\/DON-GIORGIO-LISE-1024x577.jpg 1024w, https:\/\/www.radiopiu.net\/wordpress\/wp-content\/uploads\/2020\/12\/DON-GIORGIO-LISE-768x432.jpg 768w, https:\/\/www.radiopiu.net\/wordpress\/wp-content\/uploads\/2020\/12\/DON-GIORGIO-LISE-1536x865.jpg 1536w, https:\/\/www.radiopiu.net\/wordpress\/wp-content\/uploads\/2020\/12\/DON-GIORGIO-LISE.jpg 1600w\" sizes=\"auto, (max-width: 300px) 100vw, 300px\" \/><\/a><\/strong><span style=\"color: #808000;\">DUE MINUTI PER TE<\/span><\/h2>\n<p><strong>APPUNTAMENTO DEL FINE SETTIMANA CON DON GIORGIO LISE<\/strong><\/p>\n<audio class=\"wp-audio-shortcode\" id=\"audio-256763-2\" preload=\"none\" style=\"width: 100%;\" controls=\"controls\"><source type=\"audio\/mpeg\" src=\"https:\/\/www.radiopiu.net\/wordpress\/wp-content\/uploads\/2022\/01\/DON-GIORGIO-4.mp3?_=2\" \/><a href=\"https:\/\/www.radiopiu.net\/wordpress\/wp-content\/uploads\/2022\/01\/DON-GIORGIO-4.mp3\">https:\/\/www.radiopiu.net\/wordpress\/wp-content\/uploads\/2022\/01\/DON-GIORGIO-4.mp3<\/a><\/audio>\n<p>&nbsp;<\/p>\n<hr \/>\n<p>&nbsp;<\/p>\n<div>\n<div class=\"b654a4as d2edcug0\">\n<div class=\"rq0escxv hkbzh7o3 jwdofwj8 n8tt0mok r8blr3vg hyh9befq\">\n<p><a class=\"dt-pswp-item\" href=\"https:\/\/www.radiopiu.net\/wordpress\/wp-content\/uploads\/2020\/10\/pp.jpg\" data-dt-img-description=\"\" data-large_image_width=\"640\" data-large_image_height=\"640\"><img loading=\"lazy\" decoding=\"async\" class=\"wp-image-163678 alignleft\" src=\"https:\/\/www.radiopiu.net\/wordpress\/wp-content\/uploads\/2020\/10\/pp-300x300.jpg\" alt=\"\" width=\"106\" height=\"106\" srcset=\"https:\/\/www.radiopiu.net\/wordpress\/wp-content\/uploads\/2020\/10\/pp-300x300.jpg 300w, https:\/\/www.radiopiu.net\/wordpress\/wp-content\/uploads\/2020\/10\/pp-150x150.jpg 150w, https:\/\/www.radiopiu.net\/wordpress\/wp-content\/uploads\/2020\/10\/pp-125x125.jpg 125w, https:\/\/www.radiopiu.net\/wordpress\/wp-content\/uploads\/2020\/10\/pp-200x200.jpg 200w, https:\/\/www.radiopiu.net\/wordpress\/wp-content\/uploads\/2020\/10\/pp-80x80.jpg 80w, https:\/\/www.radiopiu.net\/wordpress\/wp-content\/uploads\/2020\/10\/pp-480x480.jpg 480w, https:\/\/www.radiopiu.net\/wordpress\/wp-content\/uploads\/2020\/10\/pp.jpg 640w\" sizes=\"auto, (max-width: 106px) 100vw, 106px\" \/><\/a><\/p>\n<\/div>\n<\/div>\n<\/div>\n<div>\n<div class=\"page-title-head hgroup\">\n<div class=\"page-title-head hgroup\">\n<div class=\"b654a4as d2edcug0\">\n<div class=\"j83agx80 btwxx1t3 lhclo0ds hop8lmos nkwizq5d scwd0bx6 roh60bw9\">\n<div class=\"rq0escxv hkbzh7o3 jwdofwj8 n8tt0mok r8blr3vg hyh9befq\">\n<div class=\"do00u71z l9j0dhe7 k4urcfbm\">\n<h2><span style=\"color: #000080;\">\u00a0<\/span><span style=\"color: #000080;\">DON CESARE, IL PENSIERO DEL GIORNO. ALLA RADIO ALLE 7 DEL MATTINO E ALLE 19.30 DELLA SERA.<\/span><\/h2>\n<audio class=\"wp-audio-shortcode\" id=\"audio-256763-3\" preload=\"none\" style=\"width: 100%;\" controls=\"controls\"><source type=\"audio\/mpeg\" src=\"https:\/\/www.radiopiu.net\/wordpress\/wp-content\/uploads\/2022\/01\/cesare-17.mp3?_=3\" \/><a href=\"https:\/\/www.radiopiu.net\/wordpress\/wp-content\/uploads\/2022\/01\/cesare-17.mp3\">https:\/\/www.radiopiu.net\/wordpress\/wp-content\/uploads\/2022\/01\/cesare-17.mp3<\/a><\/audio>\n<\/div>\n<div class=\"do00u71z l9j0dhe7 k4urcfbm\">\n<p>&nbsp;<\/p>\n<div>\n<div class=\"page-title-head hgroup\">\n<div class=\"page-title-head hgroup\">\n<div class=\"b654a4as d2edcug0\">\n<div class=\"j83agx80 btwxx1t3 lhclo0ds hop8lmos nkwizq5d scwd0bx6 roh60bw9\">\n<div class=\"rq0escxv hkbzh7o3 jwdofwj8 n8tt0mok r8blr3vg hyh9befq\">\n<div class=\"do00u71z l9j0dhe7 k4urcfbm\">\n<hr \/>\n<p>&nbsp;<\/p>\n<div>\n<div class=\"page-title-head hgroup\">\n<div class=\"page-title-head hgroup\">\n<div class=\"b654a4as d2edcug0\">\n<div class=\"j83agx80 btwxx1t3 lhclo0ds hop8lmos nkwizq5d scwd0bx6 roh60bw9\">\n<div class=\"rq0escxv hkbzh7o3 jwdofwj8 n8tt0mok r8blr3vg hyh9befq\">\n<div class=\"do00u71z l9j0dhe7 k4urcfbm\">\n<div class=\"ecm0bbzt e5nlhep0 a8c37x1j\">\n<div class=\"kvgmc6g5 cxmmr5t8 oygrvhab hcukyx3x c1et5uql\">\n<div class=\"gmail-kvgmc6g5 gmail-cxmmr5t8 gmail-oygrvhab gmail-hcukyx3x gmail-c1et5uql gmail-ii04i59q\">\n<div class=\"page-title-head hgroup\">\n<div class=\"page-title-head hgroup\">\n<div class=\"b654a4as d2edcug0\">\n<div class=\"j83agx80 btwxx1t3 lhclo0ds hop8lmos nkwizq5d scwd0bx6 roh60bw9\">\n<div class=\"rq0escxv hkbzh7o3 jwdofwj8 n8tt0mok r8blr3vg hyh9befq\">\n<div class=\"do00u71z l9j0dhe7 k4urcfbm\">\n<h3 class=\"kvgmc6g5 cxmmr5t8 oygrvhab hcukyx3x c1et5uql\"><span style=\"color: #0000ff;\"><strong>INFORMAZIONE il canale su TELEGRAM informazione di prima mano e in tempo reale. iscriviti ed aiutaci a farlo conoscere\u00a0\u00a0<\/strong><\/span><\/h3>\n<p>&nbsp;<\/p>\n<p>&nbsp;<\/p>\n<hr \/>\n<p>&nbsp;<\/p>\n<div class=\"do00u71z l9j0dhe7 k4urcfbm\">\n<div>\n<div class=\"page-title-head hgroup\">\n<div class=\"page-title-head hgroup\">\n<div class=\"b654a4as d2edcug0\">\n<div class=\"j83agx80 btwxx1t3 lhclo0ds hop8lmos nkwizq5d scwd0bx6 roh60bw9\">\n<div class=\"rq0escxv hkbzh7o3 jwdofwj8 n8tt0mok r8blr3vg hyh9befq\">\n<div class=\"do00u71z l9j0dhe7 k4urcfbm\">\n<div>\n<div class=\"page-title-head hgroup\">\n<div class=\"page-title-head hgroup\">\n<div class=\"b654a4as d2edcug0\">\n<div class=\"j83agx80 btwxx1t3 lhclo0ds hop8lmos nkwizq5d scwd0bx6 roh60bw9\">\n<div class=\"rq0escxv hkbzh7o3 jwdofwj8 n8tt0mok r8blr3vg hyh9befq\">\n<div class=\"do00u71z l9j0dhe7 k4urcfbm\">\n<div class=\"ecm0bbzt e5nlhep0 a8c37x1j\">\n<div class=\"kvgmc6g5 cxmmr5t8 oygrvhab hcukyx3x c1et5uql\">\n<div class=\"gmail-kvgmc6g5 gmail-cxmmr5t8 gmail-oygrvhab gmail-hcukyx3x gmail-c1et5uql gmail-ii04i59q\">\n<div class=\"page-title-head hgroup\">\n<div class=\"page-title-head hgroup\">\n<div class=\"b654a4as d2edcug0\">\n<div class=\"j83agx80 btwxx1t3 lhclo0ds hop8lmos nkwizq5d scwd0bx6 roh60bw9\">\n<div class=\"rq0escxv hkbzh7o3 jwdofwj8 n8tt0mok r8blr3vg hyh9befq\">\n<div class=\"do00u71z l9j0dhe7 k4urcfbm\">\n<div>\n<div class=\"page-title-head hgroup\">\n<div class=\"page-title-head hgroup\">\n<div class=\"b654a4as d2edcug0\">\n<div class=\"j83agx80 btwxx1t3 lhclo0ds hop8lmos nkwizq5d scwd0bx6 roh60bw9\">\n<div class=\"rq0escxv hkbzh7o3 jwdofwj8 n8tt0mok r8blr3vg hyh9befq\">\n<div class=\"do00u71z l9j0dhe7 k4urcfbm\">\n<div>\n<div class=\"page-title-head hgroup\">\n<div class=\"page-title-head hgroup\">\n<div class=\"b654a4as d2edcug0\">\n<div class=\"j83agx80 btwxx1t3 lhclo0ds hop8lmos nkwizq5d scwd0bx6 roh60bw9\">\n<div class=\"rq0escxv hkbzh7o3 jwdofwj8 n8tt0mok r8blr3vg hyh9befq\">\n<div class=\"do00u71z l9j0dhe7 k4urcfbm\">\n<div class=\"ecm0bbzt e5nlhep0 a8c37x1j\">\n<div class=\"kvgmc6g5 cxmmr5t8 oygrvhab hcukyx3x c1et5uql\">\n<div class=\"gmail-kvgmc6g5 gmail-cxmmr5t8 gmail-oygrvhab gmail-hcukyx3x gmail-c1et5uql gmail-ii04i59q\">\n<div class=\"page-title-head hgroup\">\n<div class=\"page-title-head hgroup\">\n<div class=\"b654a4as d2edcug0\">\n<div class=\"j83agx80 btwxx1t3 lhclo0ds hop8lmos nkwizq5d scwd0bx6 roh60bw9\">\n<div class=\"rq0escxv hkbzh7o3 jwdofwj8 n8tt0mok r8blr3vg hyh9befq\">\n<div class=\"do00u71z l9j0dhe7 k4urcfbm\">\n<blockquote>\n<h3><span style=\"color: #ff0000;\">IN VIVO VERSO, SETTIMA STAGIONE CON BRUNELLA MORO, DAL LUNEDI AL VENERDI ALLE 7.10, 10.10 E 18.50\u00a0\u00a0<\/span><\/h3>\n<\/blockquote>\n<p><strong>LA RACCOLTA COMPLETA\u00a0 \u00a0<\/strong><\/p>\n<blockquote class=\"wp-embedded-content\" data-secret=\"rGrh9PO7nO\"><p><a href=\"https:\/\/www.radiopiu.net\/wordpress\/in-vivo-verso\/\">In Vivo Verso<\/a><\/p><\/blockquote>\n<p><iframe loading=\"lazy\" class=\"wp-embedded-content\" sandbox=\"allow-scripts\" security=\"restricted\" style=\"position: absolute; clip: rect(1px, 1px, 1px, 1px);\" title=\"&#8220;In Vivo Verso&#8221; &#8212; Radio Pi\u00f9\" src=\"https:\/\/www.radiopiu.net\/wordpress\/in-vivo-verso\/embed\/#?secret=rGrh9PO7nO\" data-secret=\"rGrh9PO7nO\" width=\"600\" height=\"338\" frameborder=\"0\" marginwidth=\"0\" marginheight=\"0\" scrolling=\"no\"><\/iframe><\/p>\n<p>&nbsp;<\/p>\n<hr \/>\n<p>&nbsp;<\/p>\n<h2><span style=\"color: #808000;\">GOCCE DI FILOSOFIA<\/span><\/h2>\n<p><strong>raccolta completa<\/strong><\/p>\n<blockquote class=\"wp-embedded-content\" data-secret=\"c6XdgCi3cA\"><p><a href=\"https:\/\/www.radiopiu.net\/wordpress\/gocce-filosofia\/\">Gocce di filosofia, PRIMA E SECONDA STAGIONE 2022<\/a><\/p><\/blockquote>\n<p><iframe loading=\"lazy\" class=\"wp-embedded-content\" sandbox=\"allow-scripts\" security=\"restricted\" style=\"position: absolute; clip: rect(1px, 1px, 1px, 1px);\" title=\"&#8220;Gocce di filosofia, PRIMA E SECONDA STAGIONE 2022&#8221; &#8212; Radio Pi\u00f9\" src=\"https:\/\/www.radiopiu.net\/wordpress\/gocce-filosofia\/embed\/#?secret=c6XdgCi3cA\" data-secret=\"c6XdgCi3cA\" width=\"600\" height=\"338\" frameborder=\"0\" marginwidth=\"0\" marginheight=\"0\" scrolling=\"no\"><\/iframe><\/p>\n<p>&nbsp;<\/p>\n<hr \/>\n<p>&nbsp;<\/p>\n<p><span style=\"color: #0000ff;\">MUSICA PIU&#8217;\u00a0<\/span><\/p>\n<p><a href=\"https:\/\/www.radiopiu.net\/wordpress\/giornale-radiopiu-20-settembre-2021-direttore-mirko-mezzacasa\/pp-79\/\" rel=\"attachment wp-att-232921\"><img loading=\"lazy\" decoding=\"async\" class=\"wp-image-232921 alignleft\" src=\"https:\/\/www.radiopiu.net\/wordpress\/wp-content\/uploads\/2021\/09\/pp-1-300x300.jpg\" alt=\"\" width=\"135\" height=\"135\" srcset=\"https:\/\/www.radiopiu.net\/wordpress\/wp-content\/uploads\/2021\/09\/pp-1-300x300.jpg 300w, https:\/\/www.radiopiu.net\/wordpress\/wp-content\/uploads\/2021\/09\/pp-1-150x150.jpg 150w, https:\/\/www.radiopiu.net\/wordpress\/wp-content\/uploads\/2021\/09\/pp-1.jpg 640w\" sizes=\"auto, (max-width: 135px) 100vw, 135px\" \/><\/a><\/p>\n<div class=\"mkdf-post-text\">\n<div class=\"mkdf-post-text-inner\">\n<div class=\"mkdf-post-text-main\">\n<div class=\"mkdf-post-text\">\n<div class=\"mkdf-post-text-inner\">\n<div class=\"mkdf-post-text-main\">\n<div class=\"mkdf-post-text\">\n<div class=\"mkdf-post-text-inner\">\n<div class=\"mkdf-post-text-main\">\n<div class=\"page-title-head hgroup\">\n<div class=\"page-title-head hgroup\">\n<div class=\"mkdf-post-text\">\n<div class=\"mkdf-post-text-inner\">\n<div class=\"mkdf-post-text-main\">\n<div class=\"mkdf-post-text\">\n<div class=\"mkdf-post-text-inner\">\n<div class=\"mkdf-post-text-main\">\n<div class=\"page-title-head hgroup\">\n<div class=\"page-title-head hgroup\">\n<div class=\"page-title-head hgroup\">\n<div class=\"page-title-head hgroup\">\n<div class=\"b654a4as d2edcug0\">\n<div class=\"page-title-head hgroup\">\n<div class=\"page-title-head hgroup\">\n<div class=\"page-title-head hgroup\">\n<div class=\"page-title-head hgroup\">\n<div class=\"b654a4as d2edcug0\">\n<div class=\"page-title-head hgroup\">\n<div class=\"page-title-head hgroup\">\n<div class=\"page-title-head hgroup\">\n<div class=\"page-title-head hgroup\">\n<div class=\"b654a4as d2edcug0\">\n<div class=\"mkdf-post-text\">\n<div class=\"mkdf-post-text-inner\">\n<div class=\"mkdf-post-text-main\">\n<div class=\"mkdf-post-text\">\n<div class=\"mkdf-post-text-inner\">\n<div class=\"mkdf-post-text-main\">\n<div class=\"mkdf-post-text\">\n<div class=\"mkdf-post-text-inner\">\n<div class=\"mkdf-post-text-main\">\n<div class=\"page-title-head hgroup\">\n<div class=\"page-title-head hgroup\">\n<div class=\"mkdf-post-text\">\n<div class=\"mkdf-post-text-inner\">\n<div class=\"mkdf-post-text-main\">\n<div class=\"mkdf-post-text\">\n<div class=\"mkdf-post-text-inner\">\n<div class=\"mkdf-post-text-main\">\n<div class=\"page-title-head hgroup\">\n<div class=\"page-title-head hgroup\">\n<div class=\"page-title-head hgroup\">\n<div class=\"page-title-head hgroup\">\n<div class=\"b654a4as d2edcug0\">\n<div class=\"page-title-head hgroup\">\n<div class=\"page-title-head hgroup\">\n<div class=\"page-title-head hgroup\">\n<div class=\"page-title-head hgroup\">\n<div class=\"b654a4as d2edcug0\">\n<div class=\"page-title-head hgroup\">\n<div class=\"page-title-head hgroup\">\n<div class=\"page-title-head hgroup\">\n<div class=\"page-title-head hgroup\">\n<div class=\"b654a4as d2edcug0\">\n<div><\/div>\n<div><\/div>\n<div>\n<p><strong>MUSICA ALLA RADIO, IL PROGRAMMA DI LORIS SCUSSEL &#8220;COLLAGE OPERAZIONE NOSTALGIA&#8221; DAL LUNEDI AL VENERDI ALLE 16.00\u00a0 E ALLE 23\u00a0<\/strong><\/p>\n<\/div>\n<p><strong>\u00a0\u00a0<\/strong><\/p>\n<p>&nbsp;<\/p>\n<p><strong><a href=\"https:\/\/www.radiopiu.net\/wordpress\/collage-operazione-nostalgia-i-grandi-artisti-stranieri-a-sanremo\/l-armstrong\/\" rel=\"attachment wp-att-256891\"><img loading=\"lazy\" decoding=\"async\" class=\" wp-image-256891 alignleft\" src=\"https:\/\/www.radiopiu.net\/wordpress\/wp-content\/uploads\/2022\/01\/L.-Armstrong.jpg\" alt=\"\" width=\"106\" height=\"105\" srcset=\"https:\/\/www.radiopiu.net\/wordpress\/wp-content\/uploads\/2022\/01\/L.-Armstrong.jpg 226w, https:\/\/www.radiopiu.net\/wordpress\/wp-content\/uploads\/2022\/01\/L.-Armstrong-150x150.jpg 150w\" sizes=\"auto, (max-width: 106px) 100vw, 106px\" \/><\/a> <\/strong><\/p>\n<p><strong>di Loris Scussel<\/strong><\/p>\n<p>Una settimana variegata quella di \u201cCollage operazione nostalgia\u201d che inizier\u00e0 con una selezione di successi internazionali, marted\u00ec ritroveremo alcuni grandi artisti stranieri che hanno partecipato al festival di Sanremo negli anni 60\/70, poi spazio a canzoni della tv italiana in bianco e nero, selezioni da \u201cAmerican graffiti\u201d ed in chiusura una trasmissione dedicata ai cantautori di casa nostra. Il programma andr\u00e0 in onda dal luned\u00ec al venerd\u00ec alle 16,00 e alle 23,00.<\/p>\n<p>&nbsp;<\/p>\n<p>&nbsp;<\/p>\n<\/div>\n<\/div>\n<\/div>\n<\/div>\n<\/div>\n<\/div>\n<\/div>\n<\/div>\n<\/div>\n<\/div>\n<\/div>\n<\/div>\n<\/div>\n<\/div>\n<\/div>\n<\/div>\n<\/div>\n<\/div>\n<\/div>\n<\/div>\n<\/div>\n<\/div>\n<\/div>\n<\/div>\n<\/div>\n<\/div>\n<\/div>\n<\/div>\n<\/div>\n<\/div>\n<\/div>\n<\/div>\n<\/div>\n<\/div>\n<\/div>\n<\/div>\n<\/div>\n<\/div>\n<\/div>\n<\/div>\n<\/div>\n<\/div>\n<\/div>\n<\/div>\n<\/div>\n<\/div>\n<\/div>\n<\/div>\n<\/div>\n<\/div>\n<\/div>\n<\/div>\n<\/div>\n<\/div>\n<\/div>\n<\/div>\n<\/div>\n<\/div>\n<\/div>\n<\/div>\n<\/div>\n<\/div>\n<\/div>\n<\/div>\n<hr \/>\n<p>&nbsp;<\/p>\n<p>&nbsp;<\/p>\n<blockquote class=\"wp-embedded-content\" data-secret=\"ELfz8tEy15\"><p><a href=\"https:\/\/www.radiopiu.net\/wordpress\/freemix-la-liberta-musicale-mixata-da-dj-athos-e-raccontata-da-dj-jack\/\">FREEMIX, LA LIBERTA&#8217; MUSICALE MIXATA DA DJ ATHOS E RACCONTATA DA DJ JACK<\/a><\/p><\/blockquote>\n<p><iframe loading=\"lazy\" class=\"wp-embedded-content\" sandbox=\"allow-scripts\" security=\"restricted\" style=\"position: absolute; clip: rect(1px, 1px, 1px, 1px);\" title=\"&#8220;FREEMIX, LA LIBERTA&#8217; MUSICALE MIXATA DA DJ ATHOS E RACCONTATA DA DJ JACK&#8221; &#8212; Radio Pi\u00f9\" src=\"https:\/\/www.radiopiu.net\/wordpress\/freemix-la-liberta-musicale-mixata-da-dj-athos-e-raccontata-da-dj-jack\/embed\/#?secret=ELfz8tEy15\" data-secret=\"ELfz8tEy15\" width=\"600\" height=\"338\" frameborder=\"0\" marginwidth=\"0\" marginheight=\"0\" scrolling=\"no\"><\/iframe><\/p>\n<p>&nbsp;<\/p>\n<blockquote class=\"wp-embedded-content\" data-secret=\"Yxbo0MlLbZ\"><p><a href=\"https:\/\/www.radiopiu.net\/wordpress\/da-ieri-alla-radio-in-palinsesto-loris-e-maurizio-con-la-grande-musica\/\">IL BLUES ALLA RADIO &#8230; COME NON L&#8217;AVETE MAI SENTITO PRIMA<\/a><\/p><\/blockquote>\n<p><iframe loading=\"lazy\" class=\"wp-embedded-content\" sandbox=\"allow-scripts\" security=\"restricted\" style=\"position: absolute; clip: rect(1px, 1px, 1px, 1px);\" title=\"&#8220;IL BLUES ALLA RADIO &#8230; COME NON L&#8217;AVETE MAI SENTITO PRIMA&#8221; &#8212; Radio Pi\u00f9\" src=\"https:\/\/www.radiopiu.net\/wordpress\/da-ieri-alla-radio-in-palinsesto-loris-e-maurizio-con-la-grande-musica\/embed\/#?secret=Yxbo0MlLbZ\" data-secret=\"Yxbo0MlLbZ\" width=\"600\" height=\"338\" frameborder=\"0\" marginwidth=\"0\" marginheight=\"0\" scrolling=\"no\"><\/iframe><\/p>\n<p>&nbsp;<\/p>\n<hr \/>\n<p>&nbsp;<\/p>\n<blockquote>\n<h3><span style=\"color: #0000ff;\">INFORMAZIONE il canale su TELEGRAM informazione di prima mano e in tempo reale. iscriviti ed aiutaci a farlo conoscere\u00a0\u00a0<\/span><\/h3>\n<\/blockquote>\n<div>\n<div class=\"page-title-head hgroup\">\n<div class=\"page-title-head hgroup\">\n<div class=\"page-title-head hgroup\">\n<div class=\"page-title-head hgroup\">\n<div class=\"b654a4as d2edcug0\">\n<div class=\"page-title-head hgroup\">\n<div class=\"page-title-head hgroup\">\n<div class=\"page-title-head hgroup\">\n<div class=\"page-title-head hgroup\">\n<div class=\"b654a4as d2edcug0\">\n<div class=\"page-title-head hgroup\">\n<div class=\"page-title-head hgroup\">\n<div class=\"page-title-head hgroup\">\n<div class=\"page-title-head hgroup\">\n<div class=\"page-title-head hgroup\">\n<div class=\"page-title-head hgroup\">\n<div class=\"page-title-head hgroup\">\n<div class=\"page-title-head hgroup\">\n<div class=\"page-title-head hgroup\">\n<div class=\"b654a4as d2edcug0\">\n<div class=\"page-title-head hgroup\">\n<div class=\"page-title-head hgroup\">\n<div class=\"page-title-head hgroup\">\n<div class=\"page-title-head hgroup\">\n<div class=\"b654a4as d2edcug0\">\n<div>\n<p>&nbsp;<\/p>\n<\/div>\n<div>\n<div class=\"page-title-head hgroup\">\n<div class=\"page-title-head hgroup\">\n<div class=\"page-title-head hgroup\">\n<div class=\"page-title-head hgroup\">\n<div class=\"page-title-head hgroup\">\n<div class=\"b654a4as d2edcug0\">\n<div>\n<hr \/>\n<\/div>\n<\/div>\n<div>\n<div>\n<p>&nbsp;<\/p>\n<\/div>\n<div>\n<div>\n<p>&nbsp;<\/p>\n<\/div>\n<div>\n<div>\n<p><strong>DUE MINUTI UN LIBRO, TUTTI I GIORNI ALLA RADIO ALLE 9.40 E ALLE 17.50\u00a0<\/strong><\/p>\n<div>\n<div>\n<p><strong>LA RACCOLTA COMPLETA\u00a0\u00a0<\/strong><\/p>\n<\/div>\n<div>\n<blockquote class=\"wp-embedded-content\" data-secret=\"rBGpZLaKf6\"><p><a href=\"https:\/\/www.radiopiu.net\/wordpress\/due-minuti-un-libro\/\">Due minuti un libro<\/a><\/p><\/blockquote>\n<p><iframe loading=\"lazy\" class=\"wp-embedded-content\" sandbox=\"allow-scripts\" security=\"restricted\" style=\"position: absolute; clip: rect(1px, 1px, 1px, 1px);\" title=\"&#8220;Due minuti un libro&#8221; &#8212; Radio Pi\u00f9\" src=\"https:\/\/www.radiopiu.net\/wordpress\/due-minuti-un-libro\/embed\/#?secret=rBGpZLaKf6\" data-secret=\"rBGpZLaKf6\" width=\"600\" height=\"338\" frameborder=\"0\" marginwidth=\"0\" marginheight=\"0\" scrolling=\"no\"><\/iframe><\/p>\n<\/div>\n<\/div>\n<\/div>\n<div class=\"mkdf-post-text\">\n<div class=\"mkdf-post-text-inner\">\n<div class=\"mkdf-post-text-main\">\n<div class=\"mkdf-post-text\">\n<div class=\"mkdf-post-text-inner\">\n<div class=\"mkdf-post-text-main\">\n<div class=\"mkdf-post-text\">\n<div class=\"mkdf-post-text-inner\">\n<div class=\"mkdf-post-text-main\">\n<div class=\"page-title-head hgroup\">\n<div class=\"page-title-head hgroup\">\n<div class=\"mkdf-post-text\">\n<div class=\"mkdf-post-text-inner\">\n<div class=\"mkdf-post-text-main\">\n<div class=\"mkdf-post-text\">\n<div class=\"mkdf-post-text-inner\">\n<div class=\"mkdf-post-text-main\">\n<div class=\"page-title-head hgroup\">\n<div class=\"page-title-head hgroup\">\n<div class=\"page-title-head hgroup\">\n<div class=\"page-title-head hgroup\">\n<div class=\"b654a4as d2edcug0\">\n<div class=\"page-title-head hgroup\">\n<div class=\"page-title-head hgroup\">\n<div class=\"page-title-head hgroup\">\n<div class=\"page-title-head hgroup\">\n<div class=\"b654a4as d2edcug0\">\n<div class=\"page-title-head hgroup\">\n<div class=\"page-title-head hgroup\">\n<div class=\"page-title-head hgroup\">\n<div class=\"page-title-head hgroup\">\n<div class=\"b654a4as d2edcug0\">\n<div>\n<p>&nbsp;<\/p>\n<\/div>\n<div>\n<hr \/>\n<p>&nbsp;<\/p>\n<\/div>\n<h2><span style=\"color: #808000;\">L&#8217;ALMANACCO LADINO\u00a0\u00a0<\/span><\/h2>\n<p><strong>LA RACCOLTA<\/strong><\/p>\n<blockquote class=\"wp-embedded-content\" data-secret=\"RvRm2Rnd1P\"><p><a href=\"https:\/\/www.radiopiu.net\/wordpress\/almanacco-ladino\/\">Almanacco Ladino<\/a><\/p><\/blockquote>\n<p><iframe loading=\"lazy\" class=\"wp-embedded-content\" sandbox=\"allow-scripts\" security=\"restricted\" style=\"position: absolute; clip: rect(1px, 1px, 1px, 1px);\" title=\"&#8220;Almanacco Ladino&#8221; &#8212; Radio Pi\u00f9\" src=\"https:\/\/www.radiopiu.net\/wordpress\/almanacco-ladino\/embed\/#?secret=RvRm2Rnd1P\" data-secret=\"RvRm2Rnd1P\" width=\"600\" height=\"338\" frameborder=\"0\" marginwidth=\"0\" marginheight=\"0\" scrolling=\"no\"><\/iframe><\/p>\n<p>&nbsp;<\/p>\n<hr \/>\n<p>&nbsp;<\/p>\n<h2><span style=\"color: #33cccc;\">LA RASSEGNA STAMPA DA L&#8217;AMICO DEL POPOLO<\/span><\/h2>\n<p><strong><a href=\"https:\/\/www.radiopiu.net\/wordpress\/giornale-radiopiu-29-marzo-2018-direttore-mirko-mezzacasa\/gosaldo-3\/\" rel=\"attachment wp-att-45573\"><img loading=\"lazy\" decoding=\"async\" class=\"size-full wp-image-45573 alignleft\" src=\"https:\/\/www.radiopiu.net\/wordpress\/wp-content\/uploads\/2018\/03\/GOSALDO.jpg\" alt=\"\" width=\"267\" height=\"200\" \/><\/a>PUNTATA DEL 29 GENNAIO 2022<\/strong><\/p>\n<p><strong>di Gianni Santomaso<\/strong><\/p>\n<p>Ospite: Florinda Cialdella, Vicesindaco del comune di Gosaldo<\/p>\n<audio class=\"wp-audio-shortcode\" id=\"audio-256763-4\" preload=\"none\" style=\"width: 100%;\" controls=\"controls\"><source type=\"audio\/mpeg\" src=\"https:\/\/www.radiopiu.net\/wordpress\/wp-content\/uploads\/2022\/01\/RASSEGNA-GIANNI-5.mp3?_=4\" \/><a href=\"https:\/\/www.radiopiu.net\/wordpress\/wp-content\/uploads\/2022\/01\/RASSEGNA-GIANNI-5.mp3\">https:\/\/www.radiopiu.net\/wordpress\/wp-content\/uploads\/2022\/01\/RASSEGNA-GIANNI-5.mp3<\/a><\/audio>\n<p>&nbsp;<\/p>\n<p><strong>LA RACCOLTA COMPLETA<\/strong><\/p>\n<blockquote class=\"wp-embedded-content\" data-secret=\"EFUppCdoGp\"><p><a href=\"https:\/\/www.radiopiu.net\/wordpress\/rassegna-stampa-di-gianni-santomaso\/\">Rassegna stampa da l&#8217;amico del popolo &#8211; di Gianni Santomaso<\/a><\/p><\/blockquote>\n<p><iframe loading=\"lazy\" class=\"wp-embedded-content\" sandbox=\"allow-scripts\" security=\"restricted\" style=\"position: absolute; clip: rect(1px, 1px, 1px, 1px);\" title=\"&#8220;Rassegna stampa da l&#8217;amico del popolo &#8211; di Gianni Santomaso&#8221; &#8212; Radio Pi\u00f9\" src=\"https:\/\/www.radiopiu.net\/wordpress\/rassegna-stampa-di-gianni-santomaso\/embed\/#?secret=EFUppCdoGp\" data-secret=\"EFUppCdoGp\" width=\"600\" height=\"338\" frameborder=\"0\" marginwidth=\"0\" marginheight=\"0\" scrolling=\"no\"><\/iframe><\/p>\n<p>&nbsp;<\/p>\n<hr \/>\n<p>&nbsp;<\/p>\n<h2><span style=\"color: #800080;\">I RACCONTI DI PAOLO SOPPELSA\u00a0<\/span><\/h2>\n<p><strong>LA RACCOLTA COMPLETA<\/strong><\/p>\n<blockquote class=\"wp-embedded-content\" data-secret=\"15mIOMzWIk\"><p><a href=\"https:\/\/www.radiopiu.net\/wordpress\/i-racconti-di-paolo-soppelsa\/\">I racconti di Paolo Soppelsa<\/a><\/p><\/blockquote>\n<p><iframe loading=\"lazy\" class=\"wp-embedded-content\" sandbox=\"allow-scripts\" security=\"restricted\" style=\"position: absolute; clip: rect(1px, 1px, 1px, 1px);\" title=\"&#8220;I racconti di Paolo Soppelsa&#8221; &#8212; Radio Pi\u00f9\" src=\"https:\/\/www.radiopiu.net\/wordpress\/i-racconti-di-paolo-soppelsa\/embed\/#?secret=15mIOMzWIk\" data-secret=\"15mIOMzWIk\" width=\"600\" height=\"338\" frameborder=\"0\" marginwidth=\"0\" marginheight=\"0\" scrolling=\"no\"><\/iframe><\/p>\n<p>&nbsp;<\/p>\n<hr \/>\n<\/div>\n<div class=\"b654a4as d2edcug0\">\n<p>&nbsp;<\/p>\n<p><a href=\"https:\/\/www.radiopiu.net\/wordpress\/giornale-radiopiu-26-settembre-2018-direttore-mirko-mezzacasa\/viabilita-2\/\" rel=\"attachment wp-att-61954\"><img loading=\"lazy\" decoding=\"async\" class=\"aligncenter wp-image-61954 size-full\" src=\"https:\/\/www.radiopiu.net\/wordpress\/wp-content\/uploads\/2018\/09\/viabilita.jpeg\" sizes=\"auto, (max-width: 800px) 100vw, 800px\" srcset=\"https:\/\/www.radiopiu.net\/wordpress\/wp-content\/uploads\/2018\/09\/viabilita.jpeg 800w, https:\/\/www.radiopiu.net\/wordpress\/wp-content\/uploads\/2018\/09\/viabilita-300x38.jpeg 300w, https:\/\/www.radiopiu.net\/wordpress\/wp-content\/uploads\/2018\/09\/viabilita-768x96.jpeg 768w\" alt=\"\" width=\"800\" height=\"100\" \/><\/a><\/p>\n<div class=\"ecm0bbzt e5nlhep0 a8c37x1j\">\n<div class=\"kvgmc6g5 cxmmr5t8 oygrvhab hcukyx3x c1et5uql\">\n<div class=\"gmail-kvgmc6g5 gmail-cxmmr5t8 gmail-oygrvhab gmail-hcukyx3x gmail-c1et5uql gmail-ii04i59q\">\n<div class=\"page-title-head hgroup\">\n<div class=\"page-title-head hgroup\">\n<div class=\"b654a4as d2edcug0\">\n<div class=\"j83agx80 btwxx1t3 lhclo0ds hop8lmos nkwizq5d scwd0bx6 roh60bw9\">\n<div class=\"rq0escxv hkbzh7o3 jwdofwj8 n8tt0mok r8blr3vg hyh9befq\">\n<div class=\"do00u71z l9j0dhe7 k4urcfbm\">\n<div class=\"page-title-head hgroup\">\n<div class=\"page-title-head hgroup\">\n<div class=\"page-title-head hgroup\">\n<div class=\"page-title-head hgroup\">\n<div class=\"b654a4as d2edcug0\">\n<div class=\"page-title-head hgroup\">\n<div class=\"page-title-head hgroup\">\n<div class=\"page-title-head hgroup\">\n<div class=\"page-title-head hgroup\">\n<div class=\"b654a4as d2edcug0\">\n<div class=\"page-title-head hgroup\">\n<div class=\"page-title-head hgroup\">\n<div class=\"page-title-head hgroup\">\n<div class=\"page-title-head hgroup\">\n<div class=\"page-title-head hgroup\">\n<div class=\"page-title-head hgroup\">\n<div class=\"page-title-head hgroup\">\n<div class=\"page-title-head hgroup\">\n<div class=\"page-title-head hgroup\">\n<div class=\"b654a4as d2edcug0\">\n<div class=\"page-title-head hgroup\">\n<div class=\"page-title-head hgroup\">\n<div class=\"page-title-head hgroup\">\n<div class=\"page-title-head hgroup\">\n<div class=\"b654a4as d2edcug0\">\n<div class=\"page-title-head hgroup\">\n<div class=\"page-title-head hgroup\">\n<div class=\"page-title-head hgroup\">\n<div class=\"page-title-head hgroup\">\n<div class=\"page-title-head hgroup\">\n<div class=\"mkdf-post-text\">\n<div class=\"mkdf-post-text-inner\">\n<div class=\"mkdf-post-text-main\">\n<div class=\"mkdf-post-text\">\n<div class=\"mkdf-post-text-inner\">\n<div class=\"mkdf-post-text-main\">\n<div class=\"mkdf-post-text\">\n<div class=\"mkdf-post-text-inner\">\n<div class=\"mkdf-post-text-main\">\n<div class=\"page-title-head hgroup\">\n<div class=\"page-title-head hgroup\">\n<div class=\"mkdf-post-text\">\n<div class=\"mkdf-post-text-inner\">\n<div class=\"mkdf-post-text-main\">\n<div class=\"mkdf-post-text\">\n<div class=\"mkdf-post-text-inner\">\n<div class=\"mkdf-post-text-main\">\n<div class=\"page-title-head hgroup\">\n<div class=\"page-title-head hgroup\">\n<div class=\"page-title-head hgroup\">\n<div class=\"page-title-head hgroup\">\n<div class=\"b654a4as d2edcug0\">\n<div class=\"page-title-head hgroup\">\n<div class=\"page-title-head hgroup\">\n<div class=\"page-title-head hgroup\">\n<div class=\"page-title-head hgroup\">\n<div class=\"b654a4as d2edcug0\">\n<div class=\"page-title-head hgroup\">\n<div class=\"page-title-head hgroup\">\n<div class=\"page-title-head hgroup\">\n<div class=\"page-title-head hgroup\">\n<div class=\"b654a4as d2edcug0\">\n<div class=\"chat-input\">\n<div class=\"chat-input-container\">\n<div class=\"rows-wrapper chat-input-wrapper\">\n<div class=\"reply-wrapper\">\n<div class=\"btn-menu\">\n<div class=\"btn-menu-item tgico-replace rp\">\n<div class=\"c-ripple\">\n<div class=\"bubbles scrolled-down\">\n<div class=\"scrollable scrollable-y\">\n<div class=\"bubbles-inner has-rights is-chat is-channel\">\n<div class=\"bubbles-date-group\">\n<div class=\"bubble hide-name is-out can-have-tail is-group-first is-group-last is-read\" data-mid=\"5377294335\" data-peer-id=\"-1478820725\" data-timestamp=\"1638437407\">\n<div class=\"bubble-content-wrapper\">\n<div class=\"bubble-content\">\n<p class=\"message\" dir=\"auto\"><strong>\u00a0\u00a0<\/strong><\/p>\n<blockquote>\n<h3>SENSO UNICO ALTERNATO E INTERDIZIONE TOTALE AL TRAFFICO DELLA STRADA PER NOACH<\/h3>\n<\/blockquote>\n<p><strong><a href=\"https:\/\/www.radiopiu.net\/wordpress\/giornale-radiopiu-16-giugno-2021-direttore-mirko-mezzacasa\/lavori-7\/\" rel=\"attachment wp-att-216176\"><img loading=\"lazy\" decoding=\"async\" class=\" wp-image-216176 alignleft\" src=\"https:\/\/www.radiopiu.net\/wordpress\/wp-content\/uploads\/2021\/06\/LAVORI.jpg\" alt=\"\" width=\"120\" height=\"105\" \/><\/a> <\/strong><strong>LA VALLE<\/strong> Dal 31 gennaio al 4 febbraio, dalle 8 alle 17, la strada di Noach sar\u00e0 transitabile a senso unico alternato regolato da semaforo per consentire dei lavori. A comunicarlo il comune di La Valle Agordina che con un&#8217;ordinanza impone anche l&#8217;interdizione totale al traffico nei giorni 5 e 6 febbraio. In questo fine settimana la chiusura avverr\u00e0 alle 8 di sabato fino alle 17 di domenica. Il tratto di strada interessato parte da via Noach tra l&#8217;entrata della piazzola attrezzata per la produzione di biomasse e l&#8217;innesto della strada comunale con la regionale 203 Agordina.<\/p>\n<p dir=\"auto\">\n<\/div>\n<\/div>\n<\/div>\n<\/div>\n<\/div>\n<\/div>\n<\/div>\n<\/div>\n<\/div>\n<\/div>\n<\/div>\n<\/div>\n<\/div>\n<\/div>\n<\/div>\n<\/div>\n<\/div>\n<\/div>\n<\/div>\n<\/div>\n<\/div>\n<\/div>\n<\/div>\n<\/div>\n<\/div>\n<\/div>\n<\/div>\n<\/div>\n<\/div>\n<\/div>\n<\/div>\n<\/div>\n<\/div>\n<\/div>\n<\/div>\n<\/div>\n<\/div>\n<\/div>\n<\/div>\n<\/div>\n<\/div>\n<\/div>\n<\/div>\n<\/div>\n<\/div>\n<\/div>\n<\/div>\n<\/div>\n<\/div>\n<\/div>\n<\/div>\n<\/div>\n<\/div>\n<\/div>\n<\/div>\n<\/div>\n<\/div>\n<\/div>\n<\/div>\n<\/div>\n<\/div>\n<\/div>\n<\/div>\n<\/div>\n<\/div>\n<\/div>\n<\/div>\n<\/div>\n<\/div>\n<\/div>\n<\/div>\n<\/div>\n<\/div>\n<\/div>\n<\/div>\n<\/div>\n<\/div>\n<\/div>\n<\/div>\n<\/div>\n<\/div>\n<\/div>\n<\/div>\n<\/div>\n<\/div>\n<\/div>\n<\/div>\n<\/div>\n<\/div>\n<\/div>\n<\/div>\n<\/div>\n<\/div>\n<\/div>\n<\/div>\n<\/div>\n<\/div>\n<\/div>\n<\/div>\n<\/div>\n<\/div>\n<\/div>\n<\/div>\n<\/div>\n<\/div>\n<\/div>\n<\/div>\n<\/div>\n<\/div>\n<\/div>\n<\/div>\n<\/div>\n<\/div>\n<\/div>\n<\/div>\n<\/div>\n<\/div>\n<\/div>\n<\/div>\n<\/div>\n<\/div>\n<\/div>\n<\/div>\n<\/div>\n<\/div>\n<\/div>\n<\/div>\n<\/div>\n<\/div>\n<\/div>\n<\/div>\n<\/div>\n<\/div>\n<\/div>\n<\/div>\n<\/div>\n<\/div>\n<\/div>\n<\/div>\n<\/div>\n<\/div>\n<\/div>\n<\/div>\n<\/div>\n<\/div>\n<\/div>\n<\/div>\n<\/div>\n<\/div>\n<\/div>\n<\/div>\n<\/div>\n<\/div>\n<\/div>\n<\/div>\n<\/div>\n<\/div>\n<\/div>\n<\/div>\n<\/div>\n<\/div>\n<\/div>\n<\/div>\n<\/div>\n<\/div>\n<\/div>\n<\/div>\n<\/div>\n<div>\n<div class=\"page-title-head hgroup\">\n<div class=\"page-title-head hgroup\">\n<div class=\"b654a4as d2edcug0\">\n<div class=\"j83agx80 btwxx1t3 lhclo0ds hop8lmos nkwizq5d scwd0bx6 roh60bw9\">\n<div class=\"rq0escxv hkbzh7o3 jwdofwj8 n8tt0mok r8blr3vg hyh9befq\">\n<div class=\"do00u71z l9j0dhe7 k4urcfbm\">\n<div class=\"ecm0bbzt e5nlhep0 a8c37x1j\">\n<div class=\"kvgmc6g5 cxmmr5t8 oygrvhab hcukyx3x c1et5uql\">\n<div class=\"gmail-kvgmc6g5 gmail-cxmmr5t8 gmail-oygrvhab gmail-hcukyx3x gmail-c1et5uql gmail-ii04i59q\">\n<div class=\"page-title-head hgroup\">\n<div class=\"page-title-head hgroup\">\n<div class=\"b654a4as d2edcug0\">\n<div class=\"j83agx80 btwxx1t3 lhclo0ds hop8lmos nkwizq5d scwd0bx6 roh60bw9\">\n<div class=\"rq0escxv hkbzh7o3 jwdofwj8 n8tt0mok r8blr3vg hyh9befq\">\n<div class=\"do00u71z l9j0dhe7 k4urcfbm\">\n<div class=\"page-title-head hgroup\">\n<div class=\"page-title-head hgroup\">\n<div class=\"page-title-head hgroup\">\n<div class=\"page-title-head hgroup\">\n<div class=\"b654a4as d2edcug0\">\n<div class=\"page-title-head hgroup\">\n<div class=\"page-title-head hgroup\">\n<div class=\"page-title-head hgroup\">\n<div class=\"page-title-head hgroup\">\n<div class=\"b654a4as d2edcug0\">\n<div class=\"page-title-head hgroup\">\n<div class=\"page-title-head hgroup\">\n<div class=\"page-title-head hgroup\">\n<div class=\"page-title-head hgroup\">\n<div class=\"page-title-head hgroup\">\n<div class=\"page-title-head hgroup\">\n<div class=\"page-title-head hgroup\">\n<div class=\"page-title-head hgroup\">\n<div class=\"page-title-head hgroup\">\n<div class=\"b654a4as d2edcug0\">\n<div class=\"page-title-head hgroup\">\n<div class=\"page-title-head hgroup\">\n<div class=\"page-title-head hgroup\">\n<div class=\"page-title-head hgroup\">\n<div class=\"b654a4as d2edcug0\">\n<div class=\"page-title-head hgroup\">\n<div class=\"page-title-head hgroup\">\n<div class=\"page-title-head hgroup\">\n<div class=\"page-title-head hgroup\">\n<div class=\"page-title-head hgroup\">\n<div class=\"mkdf-post-text\">\n<div class=\"mkdf-post-text-inner\">\n<div class=\"mkdf-post-text-main\">\n<div class=\"mkdf-post-text\">\n<div class=\"mkdf-post-text-inner\">\n<div class=\"mkdf-post-text-main\">\n<div class=\"mkdf-post-text\">\n<div class=\"mkdf-post-text-inner\">\n<div class=\"mkdf-post-text-main\">\n<div class=\"page-title-head hgroup\">\n<div class=\"page-title-head hgroup\">\n<div class=\"mkdf-post-text\">\n<div class=\"mkdf-post-text-inner\">\n<div class=\"mkdf-post-text-main\">\n<div class=\"mkdf-post-text\">\n<div class=\"mkdf-post-text-inner\">\n<div class=\"mkdf-post-text-main\">\n<div class=\"page-title-head hgroup\">\n<div class=\"page-title-head hgroup\">\n<div class=\"page-title-head hgroup\">\n<div class=\"page-title-head hgroup\">\n<div class=\"b654a4as d2edcug0\">\n<div class=\"page-title-head hgroup\">\n<div class=\"page-title-head hgroup\">\n<div class=\"page-title-head hgroup\">\n<div class=\"page-title-head hgroup\">\n<div class=\"b654a4as d2edcug0\">\n<div class=\"page-title-head hgroup\">\n<div class=\"page-title-head hgroup\">\n<div class=\"page-title-head hgroup\">\n<div class=\"page-title-head hgroup\">\n<div class=\"b654a4as d2edcug0\">\n<div class=\"ecm0bbzt e5nlhep0 a8c37x1j\">\n<div class=\"kvgmc6g5 cxmmr5t8 oygrvhab hcukyx3x c1et5uql\">\n<div class=\"gmail-kvgmc6g5 gmail-cxmmr5t8 gmail-oygrvhab gmail-hcukyx3x gmail-c1et5uql gmail-ii04i59q\">\n<div class=\"page-title-head hgroup\">\n<div class=\"page-title-head hgroup\">\n<div class=\"b654a4as d2edcug0\">\n<div class=\"j83agx80 btwxx1t3 lhclo0ds hop8lmos nkwizq5d scwd0bx6 roh60bw9\">\n<div class=\"rq0escxv hkbzh7o3 jwdofwj8 n8tt0mok r8blr3vg hyh9befq\">\n<div class=\"do00u71z l9j0dhe7 k4urcfbm\">\n<div class=\"page-title-head hgroup\">\n<div class=\"page-title-head hgroup\">\n<div class=\"page-title-head hgroup\">\n<div class=\"page-title-head hgroup\">\n<div class=\"b654a4as d2edcug0\">\n<div class=\"page-title-head hgroup\">\n<div class=\"page-title-head hgroup\">\n<div class=\"page-title-head hgroup\">\n<div class=\"page-title-head hgroup\">\n<div class=\"b654a4as d2edcug0\">\n<div class=\"page-title-head hgroup\">\n<div class=\"page-title-head hgroup\">\n<div class=\"page-title-head hgroup\">\n<div class=\"page-title-head hgroup\">\n<div class=\"page-title-head hgroup\">\n<div class=\"page-title-head hgroup\">\n<div class=\"page-title-head hgroup\">\n<div class=\"page-title-head hgroup\">\n<div class=\"page-title-head hgroup\">\n<div class=\"b654a4as d2edcug0\">\n<div class=\"page-title-head hgroup\">\n<div class=\"page-title-head hgroup\">\n<div class=\"page-title-head hgroup\">\n<div class=\"page-title-head hgroup\">\n<div class=\"b654a4as d2edcug0\">\n<div class=\"page-title-head hgroup\">\n<div class=\"page-title-head hgroup\">\n<div class=\"page-title-head hgroup\">\n<div class=\"page-title-head hgroup\">\n<div class=\"page-title-head hgroup\">\n<div class=\"mkdf-post-text\">\n<div class=\"mkdf-post-text-inner\">\n<div class=\"mkdf-post-text-main\">\n<div class=\"mkdf-post-text\">\n<div class=\"mkdf-post-text-inner\">\n<div class=\"mkdf-post-text-main\">\n<div class=\"mkdf-post-text\">\n<div class=\"mkdf-post-text-inner\">\n<div class=\"mkdf-post-text-main\">\n<div class=\"page-title-head hgroup\">\n<div class=\"page-title-head hgroup\">\n<div class=\"mkdf-post-text\">\n<div class=\"mkdf-post-text-inner\">\n<div class=\"mkdf-post-text-main\">\n<div class=\"mkdf-post-text\">\n<div class=\"mkdf-post-text-inner\">\n<div class=\"mkdf-post-text-main\">\n<div class=\"page-title-head hgroup\">\n<div class=\"page-title-head hgroup\">\n<div class=\"page-title-head hgroup\">\n<div class=\"page-title-head hgroup\">\n<div class=\"b654a4as d2edcug0\">\n<div class=\"page-title-head hgroup\">\n<div class=\"page-title-head hgroup\">\n<div class=\"page-title-head hgroup\">\n<div class=\"page-title-head hgroup\">\n<div class=\"b654a4as d2edcug0\">\n<div class=\"page-title-head hgroup\">\n<div class=\"page-title-head hgroup\">\n<div class=\"page-title-head hgroup\">\n<div class=\"page-title-head hgroup\">\n<div class=\"b654a4as d2edcug0\">\n<blockquote class=\"wp-embedded-content\" data-secret=\"WXCovu8h3e\"><p><a href=\"https:\/\/www.radiopiu.net\/wordpress\/viabilita\/\">viabilita<\/a><\/p><\/blockquote>\n<p><iframe loading=\"lazy\" class=\"wp-embedded-content\" sandbox=\"allow-scripts\" security=\"restricted\" style=\"position: absolute; clip: rect(1px, 1px, 1px, 1px);\" title=\"&#8220;viabilita&#8221; &#8212; Radio Pi\u00f9\" src=\"https:\/\/www.radiopiu.net\/wordpress\/viabilita\/embed\/#?secret=WXCovu8h3e\" data-secret=\"WXCovu8h3e\" width=\"600\" height=\"338\" frameborder=\"0\" marginwidth=\"0\" marginheight=\"0\" scrolling=\"no\"><\/iframe><\/p>\n<p>&nbsp;<\/p>\n<hr \/>\n<p>&nbsp;<\/p>\n<\/div>\n<div class=\"b654a4as d2edcug0\">\n<div class=\"ecm0bbzt e5nlhep0 a8c37x1j\">\n<div class=\"kvgmc6g5 cxmmr5t8 oygrvhab hcukyx3x c1et5uql\">\n<div class=\"gmail-kvgmc6g5 gmail-cxmmr5t8 gmail-oygrvhab gmail-hcukyx3x gmail-c1et5uql gmail-ii04i59q\">\n<div>\n<div class=\"page-title-head hgroup\">\n<div class=\"page-title-head hgroup\">\n<div class=\"b654a4as d2edcug0\">\n<div class=\"j83agx80 btwxx1t3 lhclo0ds hop8lmos nkwizq5d scwd0bx6 roh60bw9\">\n<div class=\"rq0escxv hkbzh7o3 jwdofwj8 n8tt0mok r8blr3vg hyh9befq\">\n<div class=\"do00u71z l9j0dhe7 k4urcfbm\">\n<div>\n<div class=\"page-title-head hgroup\">\n<div class=\"page-title-head hgroup\">\n<div class=\"page-title-head hgroup\">\n<div class=\"page-title-head hgroup\">\n<div class=\"b654a4as d2edcug0\">\n<div class=\"page-title-head hgroup\">\n<div class=\"page-title-head hgroup\">\n<div class=\"page-title-head hgroup\">\n<div class=\"page-title-head hgroup\">\n<div class=\"b654a4as d2edcug0\">\n<div class=\"page-title-head hgroup\">\n<div class=\"page-title-head hgroup\">\n<div class=\"page-title-head hgroup\">\n<div class=\"page-title-head hgroup\">\n<div class=\"page-title-head hgroup\">\n<div class=\"mkdf-post-text\">\n<div class=\"mkdf-post-text-inner\">\n<div class=\"mkdf-post-text-main\">\n<div class=\"mkdf-post-text\">\n<div class=\"mkdf-post-text-inner\">\n<div class=\"mkdf-post-text-main\">\n<div class=\"mkdf-post-text\">\n<div class=\"mkdf-post-text-inner\">\n<div class=\"mkdf-post-text-main\">\n<div class=\"page-title-head hgroup\">\n<div class=\"page-title-head hgroup\">\n<div class=\"mkdf-post-text\">\n<div class=\"mkdf-post-text-inner\">\n<div class=\"mkdf-post-text-main\">\n<div class=\"mkdf-post-text\">\n<div class=\"mkdf-post-text-inner\">\n<div class=\"mkdf-post-text-main\">\n<div>\n<div class=\"page-title-head hgroup\">\n<div class=\"page-title-head hgroup\">\n<div>\n<div class=\"page-title-head hgroup\">\n<div class=\"page-title-head hgroup\">\n<div class=\"b654a4as d2edcug0\">\n<div>\n<div class=\"page-title-head hgroup\" style=\"text-align: left;\">\n<div class=\"page-title-head hgroup\">\n<div dir=\"auto\">\n<p><a class=\"dt-pswp-item pspw-wrap-ready\" href=\"https:\/\/i0.wp.com\/www.radiopiu.net\/wordpress\/wp-content\/uploads\/2018\/09\/WhatsApp-Image-2018-09-20-at-16.04.06.jpeg?ssl=1\" data-dt-img-description=\"\" data-large_image_width=\"800\" data-large_image_height=\"100\"><img loading=\"lazy\" decoding=\"async\" class=\"aligncenter wp-image-61378 size-full jetpack-lazy-image jetpack-lazy-image--handled\" src=\"https:\/\/i0.wp.com\/www.radiopiu.net\/wordpress\/wp-content\/uploads\/2018\/09\/WhatsApp-Image-2018-09-20-at-16.04.06.jpeg?resize=800%2C100&amp;ssl=1\" sizes=\"auto, (max-width: 800px) 100vw, 800px\" srcset=\"https:\/\/i0.wp.com\/www.radiopiu.net\/wordpress\/wp-content\/uploads\/2018\/09\/WhatsApp-Image-2018-09-20-at-16.04.06.jpeg?w=800&amp;ssl=1 800w, https:\/\/i0.wp.com\/www.radiopiu.net\/wordpress\/wp-content\/uploads\/2018\/09\/WhatsApp-Image-2018-09-20-at-16.04.06.jpeg?resize=300%2C38&amp;ssl=1 300w, https:\/\/i0.wp.com\/www.radiopiu.net\/wordpress\/wp-content\/uploads\/2018\/09\/WhatsApp-Image-2018-09-20-at-16.04.06.jpeg?resize=768%2C96&amp;ssl=1 768w\" alt=\"\" width=\"800\" height=\"100\" data-lazy-loaded=\"1\" \/><\/a><\/p>\n<\/div>\n<\/div>\n<\/div>\n<\/div>\n<\/div>\n<\/div>\n<\/div>\n<\/div>\n<\/div>\n<\/div>\n<\/div>\n<\/div>\n<\/div>\n<\/div>\n<\/div>\n<\/div>\n<\/div>\n<\/div>\n<\/div>\n<\/div>\n<\/div>\n<\/div>\n<\/div>\n<\/div>\n<\/div>\n<\/div>\n<\/div>\n<\/div>\n<\/div>\n<\/div>\n<\/div>\n<\/div>\n<\/div>\n<\/div>\n<\/div>\n<\/div>\n<\/div>\n<\/div>\n<\/div>\n<\/div>\n<\/div>\n<\/div>\n<\/div>\n<\/div>\n<p>&nbsp;<\/p>\n<\/div>\n<\/div>\n<\/div>\n<\/div>\n<\/div>\n<\/div>\n<\/div>\n<\/div>\n<\/div>\n<\/div>\n<\/div>\n<\/div>\n<\/div>\n<\/div>\n<\/div>\n<\/div>\n<\/div>\n<\/div>\n<\/div>\n<\/div>\n<\/div>\n<\/div>\n<\/div>\n<\/div>\n<\/div>\n<\/div>\n<\/div>\n<\/div>\n<\/div>\n<\/div>\n<\/div>\n<\/div>\n<\/div>\n<\/div>\n<\/div>\n<\/div>\n<\/div>\n<\/div>\n<\/div>\n<\/div>\n<\/div>\n<\/div>\n<\/div>\n<\/div>\n<\/div>\n<\/div>\n<\/div>\n<\/div>\n<\/div>\n<\/div>\n<\/div>\n<\/div>\n<\/div>\n<\/div>\n<\/div>\n<\/div>\n<\/div>\n<\/div>\n<\/div>\n<\/div>\n<\/div>\n<\/div>\n<\/div>\n<\/div>\n<\/div>\n<\/div>\n<\/div>\n<\/div>\n<\/div>\n<\/div>\n<\/div>\n<\/div>\n<\/div>\n<\/div>\n<\/div>\n<\/div>\n<\/div>\n<\/div>\n<\/div>\n<\/div>\n<\/div>\n<\/div>\n<\/div>\n<\/div>\n<\/div>\n<\/div>\n<\/div>\n<\/div>\n<\/div>\n<\/div>\n<\/div>\n<\/div>\n<\/div>\n<\/div>\n<\/div>\n<\/div>\n<\/div>\n<\/div>\n<\/div>\n<\/div>\n<\/div>\n<\/div>\n<\/div>\n<\/div>\n<\/div>\n<\/div>\n<\/div>\n<\/div>\n<\/div>\n<\/div>\n<\/div>\n<\/div>\n<\/div>\n<\/div>\n<\/div>\n<\/div>\n<\/div>\n<\/div>\n<\/div>\n<\/div>\n<\/div>\n<\/div>\n<\/div>\n<\/div>\n<\/div>\n<\/div>\n<\/div>\n<\/div>\n<\/div>\n<\/div>\n<\/div>\n<\/div>\n<\/div>\n<\/div>\n<\/div>\n<\/div>\n<\/div>\n<\/div>\n<\/div>\n<\/div>\n<\/div>\n<\/div>\n<\/div>\n<\/div>\n<\/div>\n<\/div>\n<\/div>\n<\/div>\n<\/div>\n<\/div>\n<\/div>\n<\/div>\n<\/div>\n<\/div>\n<\/div>\n<\/div>\n<\/div>\n<\/div>\n<\/div>\n<\/div>\n<\/div>\n<\/div>\n<\/div>\n<\/div>\n<\/div>\n<\/div>\n<\/div>\n<\/div>\n<\/div>\n<\/div>\n<\/div>\n<\/div>\n<\/div>\n<\/div>\n<\/div>\n<\/div>\n<\/div>\n<\/div>\n<\/div>\n<\/div>\n<\/div>\n<\/div>\n<\/div>\n<\/div>\n<\/div>\n<\/div>\n<\/div>\n<\/div>\n<\/div>\n<p><center><b>Lunedi 31<\/b><\/center><b>Tempo atteso: <\/b>Nella notte e al mattino passaggio di estesa nuvolosit\u00e0 medio-alta seguita dalle ore centrali da ampie schiarite; nel pomeriggio pi\u00f9 soleggiato su Prealpi ma con qualche temporaneo annuvolamento possibile; su Dolomiti, specie settentrionali, nuvolosit\u00e0 irregolare, con un p\u00f2 di neve portata dal vento da Nord, specie in serata.<br \/>\n<b>Precipitazioni: <\/b>Assenti ovunque al mattino, nel pomeriggio ed in serata qualche fiocco o debole nevicata portata dal forte vento da Nord possibile su Dolomiti settentrionali (10-30%) specie sui settori al confine con il Trentino Alto Adige. Eventuali accumuli saranno irrisori (0-3 cm); altrove generalmente assenti seppur non del tutto escluso qualche breve e isolato fenomeno nel pomeriggio (0-10 %) in corrispondenza degli annuvolamenti.<br \/>\n<b>Temperature: <\/b>In calo anche marcato dal pomeriggio in quota sulle Dolomiti con minime raggiunte in serata, a fondovalle stazionarie o in calo nelle zone interessate da effetto fhoen domenica. Su Prealpi a 1500 m: min -2 max 4, a 2000 m: min -6 max 1 Su Dolomiti a 2000 m: min -9 max 1, a 3000 m: min -15 max -5<br \/>\n<b>Venti: <\/b>nelle valli deboli variabili fino a met\u00e0 pomeriggio in seguito in rinforzo con possibili raffiche di fhoen in serata. In quota fino a met\u00e0 pomeriggio moderati o tesi occidentali, tendenti a divenire settentrionali e a rinforzare fino a forti in serata, specie sulle cime dolomitiche a 15-40 km\/h a 2000 m, 35-80 km\/h a 3000 m.<\/p>\n<hr \/>\n<p><center><b>Martedi 1<\/b><\/center><b>Tempo atteso: <\/b>Nuvolosit\u00e0 irregolare maggiormente presente fino al mattino con nubi in prevalenza di tipo medio-alto e addensamenti specie su Dolomiti settentrionali dove tra notte e mattino e poi in serata saranno possibili deboli nevicate portate dal vento da Nord che rinforzer\u00e0 fino a forte o molto forte.<br \/>\n<b>Precipitazioni: <\/b>tra notte e mattino e poi in serata su Dolomiti settentrionali possibili deboli nevicate portate dal forte vento da Nord. (20-40 %)<br \/>\n<b>Temperature: <\/b>In generale ulteriore lieve calo con significativo effetto wind chill in quota (temperature avvertite fino a -22\/-25 \u00b0C a 2000\/2300 metri e fino a -30\u00b0C a 3000 m); Su Prealpi a 1500 m: min -3 max -2, a 2000 m: min -7 max -4 Su Dolomiti a 2000 m: min -10 max -7, a 3000 m: min -17 max -10<br \/>\n<b>Venti: <\/b>in quota forti o molto forti settentrionali con possibili episodi di fhoen nelle valli, a 25-60 km\/h a 2000 m, 60-100 km\/h a 3000 m.<\/p>\n<hr \/>\n<p><center><b>Mercoledi 2<\/b><\/center>Insistono condizioni di cielo irregolarmente nuvoloso specie al mattino e sulle Dolomiti settentrionali dove non sono escluse deboli nevicate portate dal vento da Nord e maggiori schiarite su Prealpi specie nel pomeriggio dove le precipitazioni saranno assenti. Temperature stazionarie o in in lieve aumento in quota, in aumento a fondovalle. Venti forti settentrionali in quota e possibili condizioni di fhoen in alcune valli.<\/p>\n<hr \/>\n<p><center><b>Giovedi 3<\/b><\/center>Estesa nuvolosit\u00e0 medio-alta in giornata con addensamenti su Dolomiti settentrionali. Precipitazioni assenti. Temperature in marcato aumento in quota. Venti in quota forti settentrionali fino al primo mattino poi in attenuazione in giornata. Previsore: DDL<\/p>\n<p>&nbsp;<\/p>\n<hr \/>\n<p>&nbsp;<\/p>\n<p><a href=\"https:\/\/www.radiopiu.net\/wordpress\/giornale-radiopiu-15-settembre-2018-direttore-mirko-mezzacasa\/sport-7\/\" rel=\"attachment wp-att-60761\"><img loading=\"lazy\" decoding=\"async\" class=\"wp-image-60761 size-full aligncenter\" src=\"https:\/\/www.radiopiu.net\/wordpress\/wp-content\/uploads\/2018\/09\/sport.jpg\" alt=\"\" width=\"800\" height=\"100\" srcset=\"https:\/\/www.radiopiu.net\/wordpress\/wp-content\/uploads\/2018\/09\/sport.jpg 800w, https:\/\/www.radiopiu.net\/wordpress\/wp-content\/uploads\/2018\/09\/sport-300x38.jpg 300w, https:\/\/www.radiopiu.net\/wordpress\/wp-content\/uploads\/2018\/09\/sport-768x96.jpg 768w\" sizes=\"auto, (max-width: 800px) 100vw, 800px\" \/><\/a><\/p>\n<\/div>\n<p><strong>\u00a0 \u00a0<\/strong><\/p>\n<p><span style=\"color: #0000ff;\"><strong>HOCKEY SU GHIACCIO<\/strong><\/span><\/p>\n<blockquote>\n<h3>L\u2019ALLEGHE CADE AD EGNA, L\u2019UNTERLAND CAVALIERS ESCE VINCITORE DOPO UNA PARTITA CARATTERIZZATA DALLE PENALITA\u2019<\/h3>\n<\/blockquote>\n<p><strong><a href=\"https:\/\/www.radiopiu.net\/wordpress\/alleghe-hockey-due-sconfitte-consecutive-e-ora-arriva-il-dobbiaco\/alleghe-panchina\/\" rel=\"attachment wp-att-233998\"><img loading=\"lazy\" decoding=\"async\" class=\"size-medium wp-image-233998 alignleft\" src=\"https:\/\/www.radiopiu.net\/wordpress\/wp-content\/uploads\/2021\/09\/ALLEGHE-PANCHINA-300x200.jpg\" alt=\"\" width=\"300\" height=\"200\" srcset=\"https:\/\/www.radiopiu.net\/wordpress\/wp-content\/uploads\/2021\/09\/ALLEGHE-PANCHINA-300x200.jpg 300w, https:\/\/www.radiopiu.net\/wordpress\/wp-content\/uploads\/2021\/09\/ALLEGHE-PANCHINA-768x511.jpg 768w, https:\/\/www.radiopiu.net\/wordpress\/wp-content\/uploads\/2021\/09\/ALLEGHE-PANCHINA.jpg 1000w\" sizes=\"auto, (max-width: 300px) 100vw, 300px\" \/><\/a>UNTERLAND CAVALIERS \u2013 ALLEGHE 6-1<\/strong><\/p>\n<p>PARZIALI: 2-1, 2-0, 2-0<\/p>\n<p>GOL: pt. 1\u201949\u201d Kaufmann, 5\u201956\u201d Riva, 19\u201917\u201d Graf. st. 2\u201950\u201d Kokoska, 11\u201920\u201d Pisetta. tt. 1\u201949\u201d Zerbetto, 3\u201933\u201d Pisetta<\/p>\n<p>&nbsp;<\/p>\n<p>L\u2019Unterland Cavaliers incamera 3 punti contro l\u2019Alleghe dopo una partita in cui le polemiche nei confronti della classe arbitrale non sono mancate. Si gioca a hockey per solo 15\u2019 poi gli arbitri cominciano a punire ogni cosa con Nicola Soppelsa e De Nardin che vengono addirittura puniti con la penalit\u00e0 partita dopo un parapiglia per una carica pericolosa dell\u2019altoatesino. Alla Whurt Arena di Egna una partita da dimenticare per i ragazzi di Fontana che probabilmente dovranno fare i conti con le assenze per le decisioni arbitrali. Ora una settimana per rimettere in ordine le idee per poi andare a Caldaro per affrontare i Lucci. Piede sull\u2019acceleratore per i padroni di casa che dopo neanche 2\u2019 passano in vantaggio con Kaufmann che da tre metri batte Scola. Provano a reagire le civette ma le azioni non danno il frutto sperato. Spingono gli uomini di Fontana che pareggiano i conti con un siluro dalla blu di Riva. Partita piacevole con le due formazioni che non se le mandano a dire. Al primo powerplay a favore, gli agordini prendono di mira la porta altoatesina. Tante conclusioni ma la rete del raddoppio non arriva. Lo stesso succede ai Cavaliers che subito dopo non sfruttano una superiorit\u00e0 numerica. Non mancano le emozioni con i due portieri costretti agli straordinari per evitare il gol. Nel finale di tempo gli altoatesini trovano il gol dopo soli 8\u201d del terzo powerplay consecutivo. Tiro dalla blu di Brighenti e la deviazione vincente di Graf. Protagonisti in campo gli arbitri che continuano a fischiare penalit\u00e0 per le civette. Nel secondo tempo non si calmano gli animi. Questa volta a pagarne le spese sono i padroni di casa che vengono puniti giustamente per due interventi pericolosi. Saltano i nervi e Nicola Soppelsa per gli alleghesi ed Erwin De Nardin degli altoatesini vengono puniti con la penalit\u00e0 partita. In panca puniti anche Ganz e l\u2019Unterland sigla la terza marcatura con Kokosca. I Cavaliers calano il poker, questa volta \u00e8 Pisetta che batte Scola. Nel terzo drittel gli altoatesini incrementano il vantaggio con Zerbetto che trova il quinto gol. Gli alleghesi sembrano arrendersi e Pisetta sigla la doppietta personale. La partita prosegue con le squadre che stancamente aspettano la sirena.<\/p>\n<p>&nbsp;<\/p>\n<blockquote>\n<h3>ANCORA UNA VITTORIA PER IL FELTREGHIACCIO CHE AL DRIO LE RIVE LA SPUNTA CON IL CHIAVENNA<\/h3>\n<\/blockquote>\n<p><strong><a href=\"https:\/\/www.radiopiu.net\/wordpress\/giornale-radiopiu-31-gennaio-2022-direttore-mirko-mezzacasa\/feltreghiaccio-2\/\" rel=\"attachment wp-att-256909\"><img loading=\"lazy\" decoding=\"async\" class=\"wp-image-256909 alignright\" src=\"https:\/\/www.radiopiu.net\/wordpress\/wp-content\/uploads\/2022\/01\/FELTREGHIACCIO-300x219.jpg\" alt=\"\" width=\"321\" height=\"234\" srcset=\"https:\/\/www.radiopiu.net\/wordpress\/wp-content\/uploads\/2022\/01\/FELTREGHIACCIO-300x219.jpg 300w, https:\/\/www.radiopiu.net\/wordpress\/wp-content\/uploads\/2022\/01\/FELTREGHIACCIO-1024x746.jpg 1024w, https:\/\/www.radiopiu.net\/wordpress\/wp-content\/uploads\/2022\/01\/FELTREGHIACCIO-768x560.jpg 768w, https:\/\/www.radiopiu.net\/wordpress\/wp-content\/uploads\/2022\/01\/FELTREGHIACCIO.jpg 1080w\" sizes=\"auto, (max-width: 321px) 100vw, 321px\" \/><\/a>FELTREGHIACCIO &#8211; CHIAVENNA 4-2<\/strong><\/p>\n<p>PARZIALI: 1-0, 0-2, 3-0<\/p>\n<p>GOL FELTREGHIACCIO: 2 M. Dall&#8217;Agnol, L. Dall&#8217;Agnol, Gris<\/p>\n<p>Nonostante un roster decimato dalle assenze, il Feltreghiaccio incamera altri 3 punti nella sfida di casa contro il Chiavenna. Vantaggio immediato dei padroni di casa con Matteo Dall&#8217;Agnol che mette sui binari giusti la sfida. Nel secondo tempo i lombardi pareggiano i conti e a fine frazione si portano in vantaggio. La reazione dei feltrini nel terzo drittel quando fratelli dall&#8217;Agnol trovano una rete a testa. A chiudere definitivamente la sfida ci pensa Gris. Sabato il Feltreghiaccio di nuovo in campo per la trasferta contro il Val Venosta, poi un turno di riposo e subito dopo al via i playoff. <em>(foto: Daniel Praloran)<\/em><\/p>\n<p>&nbsp;<\/p>\n<blockquote>\n<h3>L&#8217;ALLEGHE\/CORTINA UNDER 17 FA LA VOCE GROSSA CONTRO IL MILANO<\/h3>\n<\/blockquote>\n<p><strong>MILANO BEARS &#8211; ALLEGHE\/CORTINA 1-8<\/strong><\/p>\n<p>GOL ALLEGHE\/CORTINA: De Luca, Bassot, 2 Sudiro, Fontanive, De Pol, M. Costantini, T. Costantini<\/p>\n<p>Tutto facile per l&#8217;under 17 dell&#8217;Alleghe\/Cortina che in terra lombarda incamera 3 punti con facilit\u00e0. Contro il Milano Bears una sfida a senso unico con la squadra mista bellunese che cala il poker nella prima frazione. Altre tre marcature arrivano nel drittel centrale e a chiudere la sfida ci pensa Tommaso Costantini nel terzo tempo. Per i milanesi il gol della bandiera. Sabato prossimo al De Toni di Alleghe arriva il Caldaro.<\/p>\n<p>&nbsp;<\/p>\n<blockquote>\n<h3>L&#8217;ALLEGHE UNDER 15 PERDE IL DERBY DI COPPA ITALIA CON LO ZOLDO<\/h3>\n<\/blockquote>\n<p><strong>ZOLDO &#8211; ALLEGHE 8-5<\/strong><\/p>\n<p>Termina con la vittoria dello Zoldo il derby di Coppa Italia Under 15. L&#8217;Alleghe non ce la fa a recuperare le reti subite e torna a casa senza punti dallo scontro tutto bellunese. Terza sconfitta in quattro partite giocate per le giovani civette che la prossima settimana comeinceranno il girone di ritorno ospitando il Vipiteno tra le mura amiche.<\/p>\n<p>&nbsp;<\/p>\n<hr \/>\n<p>&nbsp;<\/p>\n<p><strong><span style=\"color: #0000ff;\">BIATHLON<\/span><\/strong><\/p>\n<blockquote>\n<h3>ALEX ROSSI CAMPIONE ITALIANO DI BIATHLON NELLA SPRINT. TERZO POSTO NELL&#8217;INSEGUIMENTO, BENE ANCHE VANESSA CAGNATI<\/h3>\n<\/blockquote>\n<p>&nbsp;<\/p>\n<p><strong>BIONAZ (AOSTA) <\/strong>Buone notizie dalla Valle d&#8217;Aosta dove in questi giorni sono in programma i campionati italiani di biathlon. Si \u00e8 corsa sabato la prima giornata di gare con la prova individuale. Sul gradino pi\u00f9 alto del podio sale un agordino. Si tratta di Alex Rossi, atleta dello Sci Club Val Bios che, dopo le belle prove delle scorse settimane, nella giornata sabato si \u00e8 rivelato un cecchino con la carabina ad aria compressa ma non solo, anche sugli sci stretti ha saputo dare il suo meglio. Complimenti ad Alex Rossi che diventa dunque campione italiano di Biathlon nella categoria Ragazzi\/Allievi. Altra giornata da incorniciare per Alex Rossi che nei campionati Italiani di Biathlon in Valle d&#8217;Aosta anche quella di ieri. Dopo la vittoria nella sprint di sabato, l&#8217;atleta dello Sci Club Val Biois ha chiuso in terza posizione la prova dell&#8217;inseguimento. A costargli caro qualche errore di troppo dal poligono ma alla fine ha coronato al meglio il fine settimana sportivo. Soddisfazioni anche in ambito femminile con la ragazza dello Sci Club Val Biois Vanessa Cagnati che ha chiuso la sua prova al quinto posto. Anche per lei gli errori con la carabina ad aria compressa sono costati molto ma risulta essere la prima atleta veneta della competizione.<\/p>\n\n\t\t\t<style type='text\/css'>\n\t\t\t\t#gallery-8 {\n\t\t\t\t\tmargin: auto;\n\t\t\t\t}\n\t\t\t\t#gallery-8 .gallery-item {\n\t\t\t\t\tfloat: left;\n\t\t\t\t\tmargin-top: 10px;\n\t\t\t\t\ttext-align: center;\n\t\t\t\t\twidth: 50%;\n\t\t\t\t}\n\t\t\t\t#gallery-8 img {\n\t\t\t\t\tborder: 2px solid #cfcfcf;\n\t\t\t\t}\n\t\t\t\t#gallery-8 .gallery-caption {\n\t\t\t\t\tmargin-left: 0;\n\t\t\t\t}\n\t\t\t\t\/* see gallery_shortcode() in wp-includes\/media.php *\/\n\t\t\t<\/style>\n\t\t<div id='gallery-8' class='dt-gallery-container gallery galleryid-256763 gallery-columns-2 gallery-size-thumbnail'><dl class='gallery-item'>\n\t\t\t\t<dt class='gallery-icon portrait'>\n\t\t\t\t\t<a class=\"rollover rollover-zoom dt-pswp-item\" title=\"bb998dcb-df06-49ec-83a6-bc368849c4a3\" data-dt-img-description=\"\" data-large_image_width=\"1536\" data-large_image_height=\"2048\"href='https:\/\/www.radiopiu.net\/wordpress\/wp-content\/uploads\/2022\/01\/bb998dcb-df06-49ec-83a6-bc368849c4a3.jpg'><img loading=\"lazy\" decoding=\"async\" width=\"150\" height=\"150\" src=\"https:\/\/www.radiopiu.net\/wordpress\/wp-content\/uploads\/2022\/01\/bb998dcb-df06-49ec-83a6-bc368849c4a3-150x150.jpg\" class=\"attachment-thumbnail size-thumbnail\" alt=\"\" \/><\/a>\n\t\t\t\t<\/dt><\/dl><dl class='gallery-item'>\n\t\t\t\t<dt class='gallery-icon landscape'>\n\t\t\t\t\t<a class=\"rollover rollover-zoom dt-pswp-item\" title=\"Schermata 2022-01-30 alle 17.57.16\" data-dt-img-description=\"\" data-large_image_width=\"1384\" data-large_image_height=\"906\"href='https:\/\/www.radiopiu.net\/wordpress\/wp-content\/uploads\/2022\/01\/Schermata-2022-01-30-alle-17.57.16.png'><img loading=\"lazy\" decoding=\"async\" width=\"150\" height=\"150\" src=\"https:\/\/www.radiopiu.net\/wordpress\/wp-content\/uploads\/2022\/01\/Schermata-2022-01-30-alle-17.57.16-150x150.png\" class=\"attachment-thumbnail size-thumbnail\" alt=\"\" \/><\/a>\n\t\t\t\t<\/dt><\/dl><br style=\"clear: both\" \/>\n\t\t\t<\/div>\n\n<p>&nbsp;<\/p>\n<p>&nbsp;<\/p>\n<hr \/>\n<p>&nbsp;<\/p>\n<p><span style=\"color: #0000ff;\"><strong>SCI DI FONDO<\/strong><\/span><\/p>\n<blockquote>\n<h3>UNA GIORNATA DA DIMENTICARE PER LORENZO BUSIN ALLA MARCIALONGA<\/h3>\n<\/blockquote>\n<p><a href=\"https:\/\/www.radiopiu.net\/wordpress\/una-giornata-da-dimenticare-per-lorenzo-busin-alla-marcialonga\/newspower-ittrentowww-newspower-it\/\" rel=\"attachment wp-att-256968\"><img loading=\"lazy\" decoding=\"async\" class=\"alignleft wp-image-256968 size-medium\" src=\"https:\/\/www.radiopiu.net\/wordpress\/wp-content\/uploads\/2022\/01\/Partenza_Fem-300x207.jpg\" alt=\"\" width=\"300\" height=\"207\" srcset=\"https:\/\/www.radiopiu.net\/wordpress\/wp-content\/uploads\/2022\/01\/Partenza_Fem-300x207.jpg 300w, https:\/\/www.radiopiu.net\/wordpress\/wp-content\/uploads\/2022\/01\/Partenza_Fem-1024x706.jpg 1024w, https:\/\/www.radiopiu.net\/wordpress\/wp-content\/uploads\/2022\/01\/Partenza_Fem-768x530.jpg 768w, https:\/\/www.radiopiu.net\/wordpress\/wp-content\/uploads\/2022\/01\/Partenza_Fem-1536x1059.jpg 1536w, https:\/\/www.radiopiu.net\/wordpress\/wp-content\/uploads\/2022\/01\/Partenza_Fem-2048x1412.jpg 2048w\" sizes=\"auto, (max-width: 300px) 100vw, 300px\" \/><\/a><\/p>\n<p><strong>CAVALESE (TN) <\/strong>Poche soddisfazioni per Lorenzo Busin alla Marcialonga 2022. L&#8217;atleta della Valle del Biois non \u00e8 riuscito a fare un buon risultato nella 70 km che da Moena porta a Cavalese. Ad incidere nella prestazione di Busin la scelta sbagliata degli sci che ha costretto l&#8217;agordino a fare non poca fatica sulla neve trentina. 3h12&#8217;53&#8221; il tempo finale di Lorenzo che ha chiuso la gara al 51\u00b0 posto, terzo tra gli italiani in gara. Tra i \u2018binari\u2019 delle Valli di Fassa e di Fiemme ha vinto il russo Ermil Vokuev, scappato via da solo fin dalle prime battute, una fuga durata 70 interminabili chilometri un fatto mai successo in 49 edizioni della Marcialonga. In ambito femminile la svedese Dahl ha conquistato la prima grande classica della sua carriera. In rappresentanza dell&#8217;Agordino anche il nostro Claudio Fontanive che ha chiuso la Marcialonga con il tempo di 5h12&#8217;01&#8221;.<\/p>\n<p>&nbsp;<\/p>\n<hr \/>\n<p>&nbsp;<\/p>\n<p><span style=\"color: #3366ff;\"><strong>PALLAVOLO\u00a0\u00a0<\/strong><\/span><\/p>\n<blockquote>\n<h3>IL BELLUNO ANNULLA TRE MATCH BALL E LA SPUNTA AL QUINTO SET<\/h3>\n<\/blockquote>\n<p><a href=\"https:\/\/www.radiopiu.net\/wordpress\/giornale-radiopiu-31-gennaio-2022-direttore-mirko-mezzacasa\/esultanza_di_gruppo\/\" rel=\"attachment wp-att-257024\"><img loading=\"lazy\" decoding=\"async\" class=\"size-medium wp-image-257024 alignleft\" src=\"https:\/\/www.radiopiu.net\/wordpress\/wp-content\/uploads\/2022\/01\/Esultanza_di_gruppo-300x157.jpg\" alt=\"\" width=\"300\" height=\"157\" srcset=\"https:\/\/www.radiopiu.net\/wordpress\/wp-content\/uploads\/2022\/01\/Esultanza_di_gruppo-300x157.jpg 300w, https:\/\/www.radiopiu.net\/wordpress\/wp-content\/uploads\/2022\/01\/Esultanza_di_gruppo.jpg 631w\" sizes=\"auto, (max-width: 300px) 100vw, 300px\" \/><\/a>VIGILAR FANO-DA ROLD LOGISTICS BELLUNO 2-3 PARZIALI: 25-19, 25-17, 23-25, 25-27, 14-16.\u00a0 DA ROLD LOGISTICS BELLUNO: Maccabruni 3, De Santis 21, Graziani 17, Ostuzzi 14, Piazzetta 11, Mozzato 7; Gionchetti (L), Milani, Candeago, Martinez (L). N.e. Paganin, Guolla, Pierobon. Allenatore: D. Poletto.<\/p>\n<p>Sul ciglio del burrone c\u2019\u00e8 chi cade. Chi si lascia prendere dal panico e non muove un muscolo. E poi c\u2019\u00e8 chi balla. Come la Da Rold Logistics Belluno. S\u00ec, perch\u00e9 il precipizio della sconfitta era davvero a un soffio. Ma \u00e8 evidente che questi ragazzi hanno dentro qualcosa di speciale. E sono impermeabili a ogni tipo di <a href=\"https:\/\/www.radiopiu.net\/wordpress\/giornale-radiopiu-31-gennaio-2022-direttore-mirko-mezzacasa\/drl_a_fano\/\" rel=\"attachment wp-att-257023\"><img loading=\"lazy\" decoding=\"async\" class=\"size-medium wp-image-257023 alignright\" src=\"https:\/\/www.radiopiu.net\/wordpress\/wp-content\/uploads\/2022\/01\/Drl_a_Fano-300x200.jpg\" alt=\"\" width=\"300\" height=\"200\" srcset=\"https:\/\/www.radiopiu.net\/wordpress\/wp-content\/uploads\/2022\/01\/Drl_a_Fano-300x200.jpg 300w, https:\/\/www.radiopiu.net\/wordpress\/wp-content\/uploads\/2022\/01\/Drl_a_Fano-1024x682.jpg 1024w, https:\/\/www.radiopiu.net\/wordpress\/wp-content\/uploads\/2022\/01\/Drl_a_Fano-768x512.jpg 768w, https:\/\/www.radiopiu.net\/wordpress\/wp-content\/uploads\/2022\/01\/Drl_a_Fano.jpg 1316w\" sizes=\"auto, (max-width: 300px) 100vw, 300px\" \/><\/a>avversit\u00e0. \u00c8 bene rimarcarlo: era il quarto impegno nello spazio di undici giorni, con due trasferte da 1.200 chilometri e una da 800. Chiedere brillantezza e lucidit\u00e0 sarebbe stato eccessivo, forse addirittura ingeneroso. Soprattutto con organico non strutturato per reggere due impegni settimanali e, in generale, un simile tour de force. E invece? Invece i ragazzi di Diego Poletto annullano tre match ball alla Vigilar Fano: due nel quarto parziale, quando l\u2019arbitro aveva ormai decretato la fine (ma il video-check ha evidenziato un tocco a rete dei marchigiani). L&#8217;altro nel tie-break. E cos\u00ec, i bellunesi incamerano 2 punti insperati e compiono un ulteriore passo verso il traguardo salvezza.<\/p>\n<blockquote><p><em>&#8211; \u00abLa gioia \u00e8 tanta &#8211; sorride il tecnico, Diego Poletto &#8211; abbiamo vinto una partita incredibile contro una compagine che non \u00e8 nemmeno lontana parente di quella affrontata all\u2019andata. Stabrawa ha giocato su livelli molto alti e Gozzo passava regolarmente sopra al nostro muro. La svolta? Hanno inciso alcuni episodi e noi siamo riusciti a trovare la quadra. S\u00ec, siamo stati pure un po\u2019 fortunati, ma dal punto di vista caratteriale questo \u00e8 uno scalino importantissimo\u00bb.\u00a0<\/em><\/p><\/blockquote>\n<p>&nbsp;<\/p>\n<\/div>\n<\/div>\n<\/div>\n<\/div>\n<\/div>\n<\/div>\n<\/div>\n<\/div>\n<\/div>\n<\/div>\n<\/div>\n<\/div>\n<\/div>\n<\/div>\n<\/div>\n<\/div>\n<\/div>\n<\/div>\n<\/div>\n<\/div>\n<\/div>\n<\/div>\n<\/div>\n<\/div>\n<\/div>\n<\/div>\n<\/div>\n<\/div>\n<\/div>\n<\/div>\n","protected":false},"excerpt":{"rendered":"<p>INFORMAZIONE il canale su TELEGRAM informazione di prima mano e in tempo reale. iscriviti ed aiutaci a farlo conoscere\u00a0\u00a0 Con i complimenti all&#8217;amico Fiorendo Dalla C\u00e0, tra l&#8217;altro anche primo giornalista di Radio Pi\u00f9,\u00a0 nel 1983 curo&#8217; per questa testata le prime trasmissioni dedicate all&#8217;hockey su ghiaccio e la prima serie di programmi sportivi SPORT&hellip;<\/p>\n","protected":false},"author":4,"featured_media":256968,"comment_status":"closed","ping_status":"closed","sticky":false,"template":"","format":"standard","meta":{"_monsterinsights_skip_tracking":false,"_monsterinsights_sitenote_active":false,"_monsterinsights_sitenote_note":"","_monsterinsights_sitenote_category":0,"footnotes":""},"categories":[104,86,49],"tags":[],"class_list":["post-256763","post","type-post","status-publish","format-standard","has-post-thumbnail","hentry","category-evidenza_3","category-gr","category-news-18","category-104","category-86","category-49","description-off"],"img_url":"https:\/\/www.radiopiu.net\/wordpress\/wp-content\/uploads\/2022\/01\/Partenza_Fem-scaled.jpg","_links":{"self":[{"href":"https:\/\/www.radiopiu.net\/wordpress\/wp-json\/wp\/v2\/posts\/256763","targetHints":{"allow":["GET"]}}],"collection":[{"href":"https:\/\/www.radiopiu.net\/wordpress\/wp-json\/wp\/v2\/posts"}],"about":[{"href":"https:\/\/www.radiopiu.net\/wordpress\/wp-json\/wp\/v2\/types\/post"}],"author":[{"embeddable":true,"href":"https:\/\/www.radiopiu.net\/wordpress\/wp-json\/wp\/v2\/users\/4"}],"replies":[{"embeddable":true,"href":"https:\/\/www.radiopiu.net\/wordpress\/wp-json\/wp\/v2\/comments?post=256763"}],"version-history":[{"count":0,"href":"https:\/\/www.radiopiu.net\/wordpress\/wp-json\/wp\/v2\/posts\/256763\/revisions"}],"wp:featuredmedia":[{"embeddable":true,"href":"https:\/\/www.radiopiu.net\/wordpress\/wp-json\/wp\/v2\/media\/256968"}],"wp:attachment":[{"href":"https:\/\/www.radiopiu.net\/wordpress\/wp-json\/wp\/v2\/media?parent=256763"}],"wp:term":[{"taxonomy":"category","embeddable":true,"href":"https:\/\/www.radiopiu.net\/wordpress\/wp-json\/wp\/v2\/categories?post=256763"},{"taxonomy":"post_tag","embeddable":true,"href":"https:\/\/www.radiopiu.net\/wordpress\/wp-json\/wp\/v2\/tags?post=256763"}],"curies":[{"name":"wp","href":"https:\/\/api.w.org\/{rel}","templated":true}]}}