{"id":256825,"date":"2022-01-29T10:23:21","date_gmt":"2022-01-29T09:23:21","guid":{"rendered":"https:\/\/www.radiopiu.net\/wordpress\/?p=256825"},"modified":"2022-01-29T10:23:22","modified_gmt":"2022-01-29T09:23:22","slug":"ri-costruire-molto-piu-di-un-salone-virtuale","status":"publish","type":"post","link":"https:\/\/www.radiopiu.net\/wordpress\/ri-costruire-molto-piu-di-un-salone-virtuale\/","title":{"rendered":"RI-COSTRUIRE, MOLTO PIU&#8217; DI UN SALONE VIRTUALE"},"content":{"rendered":"<p><strong><a href=\"https:\/\/www.radiopiu.net\/wordpress\/ri-costruire-molto-piu-di-un-salone-virtuale\/20190223_103230\/\" rel=\"attachment wp-att-256826\"><img loading=\"lazy\" decoding=\"async\" class=\"size-medium wp-image-256826 alignleft\" src=\"https:\/\/www.radiopiu.net\/wordpress\/wp-content\/uploads\/2022\/01\/20190223_103230-300x138.jpg\" alt=\"\" width=\"300\" height=\"138\" srcset=\"https:\/\/www.radiopiu.net\/wordpress\/wp-content\/uploads\/2022\/01\/20190223_103230-300x138.jpg 300w, https:\/\/www.radiopiu.net\/wordpress\/wp-content\/uploads\/2022\/01\/20190223_103230-1024x472.jpg 1024w, https:\/\/www.radiopiu.net\/wordpress\/wp-content\/uploads\/2022\/01\/20190223_103230-768x354.jpg 768w, https:\/\/www.radiopiu.net\/wordpress\/wp-content\/uploads\/2022\/01\/20190223_103230-1536x708.jpg 1536w, https:\/\/www.radiopiu.net\/wordpress\/wp-content\/uploads\/2022\/01\/20190223_103230-2048x945.jpg 2048w\" sizes=\"auto, (max-width: 300px) 100vw, 300px\" \/><\/a>LONGARONE<\/strong> <span style=\"font-size: medium;\">In attesa dell\u2019esibizione fieristica che si terr\u00e0 ad aprile, da venerd\u00ec 8 a domenica 10, Longarone Fiere Dolomiti ospita un evento che si inserisce nel contesto europeo delle EU Industry Weeks, ovvero le Settimane dell\u2019Industria che la Commissione Europea dedica al dialogo col sistema industriale. L&#8217;edizione del 2022 stimoler\u00e0 le discussioni tra gli ecosistemi produttivi sui loro percorsi verdi e digitali, per rafforzare la resilienza delle aziende e delle PMI dell&#8217;UE. Si terranno discussioni su come la giovane generazione pu\u00f2 plasmare il futuro dell&#8217;industria dell&#8217;UE, in linea con la proposta della Commissione di fare del 2022 l&#8217;anno europeo della giovent\u00f9. Si terranno incontri e scambio di best practices tra le aziende del settore edilizio e non solo, coadiuvate dall\u2019intervento dei professionisti che interverranno sul tema dei bonus edilizi e della sicurezza. <\/span><\/p>\n<p align=\"JUSTIFY\"><span style=\"font-size: medium;\">Ri-Costruire Virtual, a partire dal 25 febbraio sul portale <a href=\"https:\/\/virtual.fieracostruire.com\">https:\/\/virtual.fieracostruire.com<\/a>, diventa dunque uno strumento attraverso cui le imprese possono informarsi circa le politiche industriali a livello locale, regionale, nazionale ed europeo con l\u2019obiettivo di progredire nella transizione verde e digitale creando posti di lavoro, crescita ed innovazione in Europa. <\/span><span style=\"font-size: medium;\">A presentare ed anticipare tutto questo \u00e8 previsto un convegno e un tavolo tecnico, sempre online, per gioved\u00ec 24 febbraio\u00a0<\/span><\/p>\n<p align=\"JUSTIFY\">\n<blockquote>\n<p align=\"JUSTIFY\"><em>\u201c<span style=\"font-size: medium;\">Non solo \u2013 sottolinea il Presidente di Longarone Fiere Dolomiti, Gian Angelo Bellati &#8211; \u00e8 necessario migliorare la competitivit\u00e0 globale delle attivit\u00e0 industriali e produttive, creando posti di lavoro nel rispetto dei territori pi\u00f9 delicati, come quelli di montagna. Il rilancio del sistema costruttivo montano, con particolare attenzione alla transizione ecologica e all\u2019inclusione delle giovani generazioni, \u00e8 la vera sfida che i nostri territori dovranno affrontare nei prossimi anni\u201d.\u00a0<\/span><\/em><\/p>\n<\/blockquote>\n<p align=\"JUSTIFY\">\n<p align=\"JUSTIFY\">***<\/p>\n","protected":false},"excerpt":{"rendered":"<p>LONGARONE In attesa dell\u2019esibizione fieristica che si terr\u00e0 ad aprile, da venerd\u00ec 8 a domenica 10, Longarone Fiere Dolomiti ospita un evento che si inserisce nel contesto europeo delle EU Industry Weeks, ovvero le Settimane dell\u2019Industria che la Commissione Europea dedica al dialogo col sistema industriale. L&#8217;edizione del 2022 stimoler\u00e0 le discussioni tra gli ecosistemi&hellip;<\/p>\n","protected":false},"author":4,"featured_media":256826,"comment_status":"closed","ping_status":"closed","sticky":false,"template":"","format":"standard","meta":{"_monsterinsights_skip_tracking":false,"_monsterinsights_sitenote_active":false,"_monsterinsights_sitenote_note":"","_monsterinsights_sitenote_category":0,"footnotes":""},"categories":[49],"tags":[],"class_list":["post-256825","post","type-post","status-publish","format-standard","has-post-thumbnail","hentry","category-news-18","category-49","description-off"],"img_url":"https:\/\/www.radiopiu.net\/wordpress\/wp-content\/uploads\/2022\/01\/20190223_103230-scaled.jpg","_links":{"self":[{"href":"https:\/\/www.radiopiu.net\/wordpress\/wp-json\/wp\/v2\/posts\/256825","targetHints":{"allow":["GET"]}}],"collection":[{"href":"https:\/\/www.radiopiu.net\/wordpress\/wp-json\/wp\/v2\/posts"}],"about":[{"href":"https:\/\/www.radiopiu.net\/wordpress\/wp-json\/wp\/v2\/types\/post"}],"author":[{"embeddable":true,"href":"https:\/\/www.radiopiu.net\/wordpress\/wp-json\/wp\/v2\/users\/4"}],"replies":[{"embeddable":true,"href":"https:\/\/www.radiopiu.net\/wordpress\/wp-json\/wp\/v2\/comments?post=256825"}],"version-history":[{"count":0,"href":"https:\/\/www.radiopiu.net\/wordpress\/wp-json\/wp\/v2\/posts\/256825\/revisions"}],"wp:featuredmedia":[{"embeddable":true,"href":"https:\/\/www.radiopiu.net\/wordpress\/wp-json\/wp\/v2\/media\/256826"}],"wp:attachment":[{"href":"https:\/\/www.radiopiu.net\/wordpress\/wp-json\/wp\/v2\/media?parent=256825"}],"wp:term":[{"taxonomy":"category","embeddable":true,"href":"https:\/\/www.radiopiu.net\/wordpress\/wp-json\/wp\/v2\/categories?post=256825"},{"taxonomy":"post_tag","embeddable":true,"href":"https:\/\/www.radiopiu.net\/wordpress\/wp-json\/wp\/v2\/tags?post=256825"}],"curies":[{"name":"wp","href":"https:\/\/api.w.org\/{rel}","templated":true}]}}