{"id":256916,"date":"2022-01-31T05:43:14","date_gmt":"2022-01-31T04:43:14","guid":{"rendered":"https:\/\/www.radiopiu.net\/wordpress\/?p=256916"},"modified":"2022-01-31T05:46:58","modified_gmt":"2022-01-31T04:46:58","slug":"malore-nel-bosco-interviene-il-soccorso-alpino","status":"publish","type":"post","link":"https:\/\/www.radiopiu.net\/wordpress\/malore-nel-bosco-interviene-il-soccorso-alpino\/","title":{"rendered":"MALORE NEL BOSCO, INTERVIENE IL SOCCORSO ALPINO"},"content":{"rendered":"<p><strong><a href=\"https:\/\/www.radiopiu.net\/wordpress\/torna-la-festa-del-volontariato-cadorino-sabato-1-settembre\/soccorsoalpino\/\" rel=\"attachment wp-att-59164\"><img loading=\"lazy\" decoding=\"async\" class=\" wp-image-59164 alignleft\" src=\"https:\/\/www.radiopiu.net\/wordpress\/wp-content\/uploads\/2018\/08\/soccorsoalpino-300x300.jpg\" alt=\"\" width=\"111\" height=\"111\" srcset=\"https:\/\/www.radiopiu.net\/wordpress\/wp-content\/uploads\/2018\/08\/soccorsoalpino-300x300.jpg 300w, https:\/\/www.radiopiu.net\/wordpress\/wp-content\/uploads\/2018\/08\/soccorsoalpino-150x150.jpg 150w, https:\/\/www.radiopiu.net\/wordpress\/wp-content\/uploads\/2018\/08\/soccorsoalpino-768x768.jpg 768w, https:\/\/www.radiopiu.net\/wordpress\/wp-content\/uploads\/2018\/08\/soccorsoalpino-1024x1024.jpg 1024w, https:\/\/www.radiopiu.net\/wordpress\/wp-content\/uploads\/2018\/08\/soccorsoalpino.jpg 1200w\" sizes=\"auto, (max-width: 111px) 100vw, 111px\" \/><\/a> <\/strong><\/p>\n<p><strong>ARSIE&#8217;<\/strong> Attorno alle 10 \u00e8 scattato l&#8217;allarme per un uomo colto da malore, mentre in compagnia si trovava nel bosco in prossimit\u00e0 di una baita sul Col de Zanchi. Risaliti alle coordinate, sul posto \u00e8 stato inviato l&#8217;elicottero del Suem di Pieve di Cadore che ha sbarcato nelle vicinanze equipe medica e tecnico di elisoccorso. Prestate le prime cure, B.R., 76 anni, di Arsi\u00e8 (BL), \u00e8 stato caricato a bordo con un verricello di 20 metri e trasportato all&#8217;ospedale di Belluno per le verifiche del caso.<\/p>\n<p>&nbsp;<\/p>\n<p>&nbsp;<\/p>\n<p>&nbsp;<\/p>\n<p>*****<\/p>\n","protected":false},"excerpt":{"rendered":"<p>ARSIE&#8217; Attorno alle 10 \u00e8 scattato l&#8217;allarme per un uomo colto da malore, mentre in compagnia si trovava nel bosco in prossimit\u00e0 di una baita sul Col de Zanchi. Risaliti alle coordinate, sul posto \u00e8 stato inviato l&#8217;elicottero del Suem di Pieve di Cadore che ha sbarcato nelle vicinanze equipe medica e tecnico di elisoccorso.&hellip;<\/p>\n","protected":false},"author":4,"featured_media":59164,"comment_status":"closed","ping_status":"closed","sticky":false,"template":"","format":"standard","meta":{"_monsterinsights_skip_tracking":false,"_monsterinsights_sitenote_active":false,"_monsterinsights_sitenote_note":"","_monsterinsights_sitenote_category":0,"footnotes":""},"categories":[51,49],"tags":[],"class_list":["post-256916","post","type-post","status-publish","format-standard","has-post-thumbnail","hentry","category-evidenza-top","category-news-18","category-51","category-49","description-off"],"img_url":"https:\/\/www.radiopiu.net\/wordpress\/wp-content\/uploads\/2018\/08\/soccorsoalpino.jpg","_links":{"self":[{"href":"https:\/\/www.radiopiu.net\/wordpress\/wp-json\/wp\/v2\/posts\/256916","targetHints":{"allow":["GET"]}}],"collection":[{"href":"https:\/\/www.radiopiu.net\/wordpress\/wp-json\/wp\/v2\/posts"}],"about":[{"href":"https:\/\/www.radiopiu.net\/wordpress\/wp-json\/wp\/v2\/types\/post"}],"author":[{"embeddable":true,"href":"https:\/\/www.radiopiu.net\/wordpress\/wp-json\/wp\/v2\/users\/4"}],"replies":[{"embeddable":true,"href":"https:\/\/www.radiopiu.net\/wordpress\/wp-json\/wp\/v2\/comments?post=256916"}],"version-history":[{"count":0,"href":"https:\/\/www.radiopiu.net\/wordpress\/wp-json\/wp\/v2\/posts\/256916\/revisions"}],"wp:featuredmedia":[{"embeddable":true,"href":"https:\/\/www.radiopiu.net\/wordpress\/wp-json\/wp\/v2\/media\/59164"}],"wp:attachment":[{"href":"https:\/\/www.radiopiu.net\/wordpress\/wp-json\/wp\/v2\/media?parent=256916"}],"wp:term":[{"taxonomy":"category","embeddable":true,"href":"https:\/\/www.radiopiu.net\/wordpress\/wp-json\/wp\/v2\/categories?post=256916"},{"taxonomy":"post_tag","embeddable":true,"href":"https:\/\/www.radiopiu.net\/wordpress\/wp-json\/wp\/v2\/tags?post=256916"}],"curies":[{"name":"wp","href":"https:\/\/api.w.org\/{rel}","templated":true}]}}