{"id":257009,"date":"2022-02-01T06:02:29","date_gmt":"2022-02-01T05:02:29","guid":{"rendered":"https:\/\/www.radiopiu.net\/wordpress\/?p=257009"},"modified":"2022-02-01T13:58:55","modified_gmt":"2022-02-01T12:58:55","slug":"giornale-radiopiu-01-febbraio-2022-direttore-mirko-mezzacasa","status":"publish","type":"post","link":"https:\/\/www.radiopiu.net\/wordpress\/giornale-radiopiu-01-febbraio-2022-direttore-mirko-mezzacasa\/","title":{"rendered":"GIORNALE RADIOPIU 01 FEBBRAIO 2022 DIRETTORE MIRKO MEZZACASA"},"content":{"rendered":"<h3 class=\"kvgmc6g5 cxmmr5t8 oygrvhab hcukyx3x c1et5uql\"><span style=\"color: #0000ff;\"><strong>\u00a0INFORMAZIONE il canale su TELEGRAM informazione di prima mano e in tempo reale. iscriviti ed aiutaci a farlo conoscere\u00a0\u00a0<\/strong><\/span><\/h3>\n<blockquote><p><em><strong>ZERO IN GEOGRAFIA&#8230; 10 + IN MARKETING A SPESE DEGLI ALTRI.\u00a0<\/strong> <\/em><\/p>\n<p>I &#8220;CUGINI&#8221; TRENTINI E ALTO ATESINI\u00a0 CONTINUANO INESORABILI NELLE LORO CAMPAGNE PROMOZIONALI CON IMMAGINI, COLORI, AMBIENTI TUTT&#8217;ALTRO CHE SUD TIROLESI, MA TANT&#8217;E&#8217; NESSUNO PROTESTA, TUTTO E&#8217; LECITO MENTRE SI COSTRUISCONO SCATOLONI PIENI DI PROGETTI IN ATTESA DI RISULTATI, I PRECEDENTI HANNO DATO\u00a0 RISCONTRI IMPROBABILI. Gianpaolo: &#8220;Ho visto l&#8217; articolo<em> \u201czero in geografia\u201d \u2026 anche il sito &#8220;si viaggia&#8221; utilizza una foto del Passo Pordoi per pubblicizzare l&#8217;Alto Adige\u2026.\u00a0<\/em><\/p>\n<p><a href=\"https:\/\/www.radiopiu.net\/wordpress\/giornale-radiopiu-01-febbraio-2022-direttore-mirko-mezzacasa\/be0cbbff-a7d2-492c-9ee9-9754a7c4ea19\/\" rel=\"attachment wp-att-257227\"><img loading=\"lazy\" decoding=\"async\" class=\"alignnone size-medium wp-image-257227\" src=\"https:\/\/www.radiopiu.net\/wordpress\/wp-content\/uploads\/2022\/02\/be0cbbff-a7d2-492c-9ee9-9754a7c4ea19-169x300.jpg\" alt=\"\" width=\"169\" height=\"300\" srcset=\"https:\/\/www.radiopiu.net\/wordpress\/wp-content\/uploads\/2022\/02\/be0cbbff-a7d2-492c-9ee9-9754a7c4ea19-169x300.jpg 169w, https:\/\/www.radiopiu.net\/wordpress\/wp-content\/uploads\/2022\/02\/be0cbbff-a7d2-492c-9ee9-9754a7c4ea19-577x1024.jpg 577w, https:\/\/www.radiopiu.net\/wordpress\/wp-content\/uploads\/2022\/02\/be0cbbff-a7d2-492c-9ee9-9754a7c4ea19.jpg 640w\" sizes=\"auto, (max-width: 169px) 100vw, 169px\" \/><\/a><a href=\"https:\/\/www.radiopiu.net\/wordpress\/giornale-radiopiu-01-febbraio-2022-direttore-mirko-mezzacasa\/c2e124c7-b1de-4a19-8b56-a0d8e6188a49\/\" rel=\"attachment wp-att-257265\"><img loading=\"lazy\" decoding=\"async\" class=\"alignnone size-medium wp-image-257265\" src=\"https:\/\/www.radiopiu.net\/wordpress\/wp-content\/uploads\/2022\/02\/c2e124c7-b1de-4a19-8b56-a0d8e6188a49-220x300.jpg\" alt=\"\" width=\"220\" height=\"300\" srcset=\"https:\/\/www.radiopiu.net\/wordpress\/wp-content\/uploads\/2022\/02\/c2e124c7-b1de-4a19-8b56-a0d8e6188a49-220x300.jpg 220w, https:\/\/www.radiopiu.net\/wordpress\/wp-content\/uploads\/2022\/02\/c2e124c7-b1de-4a19-8b56-a0d8e6188a49.jpg 623w\" sizes=\"auto, (max-width: 220px) 100vw, 220px\" \/><\/a><\/p><\/blockquote>\n<p>&nbsp;<\/p>\n<p>&nbsp;<\/p>\n<p>&nbsp;<\/p>\n<hr \/>\n<p>&nbsp;<\/p>\n<blockquote>\n<h3>NOVANTUNENNE CADE AI BEC DE ROCES, RICOVERATO A BELLUNO PER IL TRAUMA CRANICO<\/h3>\n<\/blockquote>\n<p><strong><a href=\"https:\/\/www.radiopiu.net\/wordpress\/novantunenne-cade-ai-bec-de-roces-ricoverato-a-belluno-per-il-trauma-cranico\/029b9660-f6f6-4528-9f00-e2fae9ba92ca\/\" rel=\"attachment wp-att-257145\"><img loading=\"lazy\" decoding=\"async\" class=\"wp-image-257145 alignleft\" src=\"https:\/\/www.radiopiu.net\/wordpress\/wp-content\/uploads\/2022\/01\/029b9660-f6f6-4528-9f00-e2fae9ba92ca-225x300.jpg\" alt=\"\" width=\"107\" height=\"143\" srcset=\"https:\/\/www.radiopiu.net\/wordpress\/wp-content\/uploads\/2022\/01\/029b9660-f6f6-4528-9f00-e2fae9ba92ca-225x300.jpg 225w, https:\/\/www.radiopiu.net\/wordpress\/wp-content\/uploads\/2022\/01\/029b9660-f6f6-4528-9f00-e2fae9ba92ca.jpg 768w\" sizes=\"auto, (max-width: 107px) 100vw, 107px\" \/><\/a>LIVINALLONGO DEL COL DI LANA<\/strong> Un altro intervento sulle piste di sci dell&#8217;Agordino con il personale Suem e gli uomini dell&#8217;Arma dei Carabinieri chiamati in soccorso ad un cittadino olandese di 91 anni impegnato in una lunga sciata sulle piste del Bec De Roces (comprensorio di Arabba). L&#8217;uomo ha perso il controllo degli sci rovinando sulla neve, battendo la testa e procurandosi tra l&#8217;altro una ferita al naso.<\/p>\n<p>Il turista H.S. \u00e8 sempre rimasto cosciente, all&#8217;arrivo dei soccorsi coadiuvati dai Carabinieri di Arabba \u00e8 stato immobilizzato e in elicottero trasportato a Belluno per un trauma cranico e traumi minori.<\/p>\n\n\t\t\t<style type='text\/css'>\n\t\t\t\t#gallery-1 {\n\t\t\t\t\tmargin: auto;\n\t\t\t\t}\n\t\t\t\t#gallery-1 .gallery-item {\n\t\t\t\t\tfloat: left;\n\t\t\t\t\tmargin-top: 10px;\n\t\t\t\t\ttext-align: center;\n\t\t\t\t\twidth: 25%;\n\t\t\t\t}\n\t\t\t\t#gallery-1 img {\n\t\t\t\t\tborder: 2px solid #cfcfcf;\n\t\t\t\t}\n\t\t\t\t#gallery-1 .gallery-caption {\n\t\t\t\t\tmargin-left: 0;\n\t\t\t\t}\n\t\t\t\t\/* see gallery_shortcode() in wp-includes\/media.php *\/\n\t\t\t<\/style>\n\t\t<div id='gallery-1' class='dt-gallery-container gallery galleryid-257009 gallery-columns-4 gallery-size-thumbnail'><dl class='gallery-item'>\n\t\t\t\t<dt class='gallery-icon portrait'>\n\t\t\t\t\t<a class=\"rollover rollover-zoom dt-pswp-item\" title=\"64229d37-7e58-4890-8625-424e81725f93\" data-dt-img-description=\"\" data-large_image_width=\"768\" data-large_image_height=\"1024\"href='https:\/\/www.radiopiu.net\/wordpress\/wp-content\/uploads\/2022\/01\/64229d37-7e58-4890-8625-424e81725f93.jpg'><img loading=\"lazy\" decoding=\"async\" width=\"150\" height=\"150\" src=\"https:\/\/www.radiopiu.net\/wordpress\/wp-content\/uploads\/2022\/01\/64229d37-7e58-4890-8625-424e81725f93-150x150.jpg\" class=\"attachment-thumbnail size-thumbnail\" alt=\"\" \/><\/a>\n\t\t\t\t<\/dt><\/dl><dl class='gallery-item'>\n\t\t\t\t<dt class='gallery-icon portrait'>\n\t\t\t\t\t<a class=\"rollover rollover-zoom dt-pswp-item\" title=\"510414d1-9db0-4c76-92db-c2c9b8e07cbd\" data-dt-img-description=\"\" data-large_image_width=\"768\" data-large_image_height=\"1024\"href='https:\/\/www.radiopiu.net\/wordpress\/wp-content\/uploads\/2022\/01\/510414d1-9db0-4c76-92db-c2c9b8e07cbd.jpg'><img loading=\"lazy\" decoding=\"async\" width=\"150\" height=\"150\" src=\"https:\/\/www.radiopiu.net\/wordpress\/wp-content\/uploads\/2022\/01\/510414d1-9db0-4c76-92db-c2c9b8e07cbd-150x150.jpg\" class=\"attachment-thumbnail size-thumbnail\" alt=\"\" \/><\/a>\n\t\t\t\t<\/dt><\/dl><dl class='gallery-item'>\n\t\t\t\t<dt class='gallery-icon portrait'>\n\t\t\t\t\t<a class=\"rollover rollover-zoom dt-pswp-item\" title=\"adcfc1f5-71b1-45e1-ab30-5104f2e0f2a1\" data-dt-img-description=\"\" data-large_image_width=\"1536\" data-large_image_height=\"2048\"href='https:\/\/www.radiopiu.net\/wordpress\/wp-content\/uploads\/2022\/01\/adcfc1f5-71b1-45e1-ab30-5104f2e0f2a1.jpg'><img loading=\"lazy\" decoding=\"async\" width=\"150\" height=\"150\" src=\"https:\/\/www.radiopiu.net\/wordpress\/wp-content\/uploads\/2022\/01\/adcfc1f5-71b1-45e1-ab30-5104f2e0f2a1-150x150.jpg\" class=\"attachment-thumbnail size-thumbnail\" alt=\"\" \/><\/a>\n\t\t\t\t<\/dt><\/dl><dl class='gallery-item'>\n\t\t\t\t<dt class='gallery-icon portrait'>\n\t\t\t\t\t<a class=\"rollover rollover-zoom dt-pswp-item\" title=\"029b9660-f6f6-4528-9f00-e2fae9ba92ca\" data-dt-img-description=\"\" data-large_image_width=\"768\" data-large_image_height=\"1024\"href='https:\/\/www.radiopiu.net\/wordpress\/wp-content\/uploads\/2022\/01\/029b9660-f6f6-4528-9f00-e2fae9ba92ca.jpg'><img loading=\"lazy\" decoding=\"async\" width=\"150\" height=\"150\" src=\"https:\/\/www.radiopiu.net\/wordpress\/wp-content\/uploads\/2022\/01\/029b9660-f6f6-4528-9f00-e2fae9ba92ca-150x150.jpg\" class=\"attachment-thumbnail size-thumbnail\" alt=\"\" \/><\/a>\n\t\t\t\t<\/dt><\/dl><br style=\"clear: both\" \/>\n\t\t\t<\/div>\n\n<p>&nbsp;<\/p>\n<p>&nbsp;<\/p>\n<hr \/>\n<p><a href=\"https:\/\/www.radiopiu.net\/wordpress\/giornale-radiopiu-01-febbraio-2022-direttore-mirko-mezzacasa\/de-villa-alberto-online\/\" rel=\"attachment wp-att-257167\"><img loading=\"lazy\" decoding=\"async\" class=\"wp-image-257167 alignleft\" src=\"https:\/\/www.radiopiu.net\/wordpress\/wp-content\/uploads\/2022\/01\/de-villa-alberto-online-243x300.jpg\" alt=\"\" width=\"160\" height=\"198\" srcset=\"https:\/\/www.radiopiu.net\/wordpress\/wp-content\/uploads\/2022\/01\/de-villa-alberto-online-243x300.jpg 243w, https:\/\/www.radiopiu.net\/wordpress\/wp-content\/uploads\/2022\/01\/de-villa-alberto-online.jpg 486w\" sizes=\"auto, (max-width: 160px) 100vw, 160px\" \/><\/a><\/p>\n<p><strong>SEDICO<\/strong> \u00a0Saranno celebrati oggi alle 14:30 presso la chiesa arcipretale\u00a0 i funerali di Alberto De Villa Gobbo. Una comunit\u00e0 continuer\u00e0 a stringersi attono alla \u00a0moglie Francesca, alla figlia Aurora, a Selena con Ilyas, alla mamma Marisa e ai fratelli Enrico e Francesco con Susanna.<\/p>\n<p>&nbsp;<\/p>\n<p>&nbsp;<\/p>\n<p>&nbsp;<\/p>\n<p>&nbsp;<\/p>\n<p>&nbsp;<\/p>\n<hr \/>\n<p>&nbsp;<\/p>\n<p>&nbsp;<\/p>\n<blockquote>\n<h2>DOMANI I FUNERALI DEL PROFESSOR &#8220;BERTO&#8221;<\/h2>\n<\/blockquote>\n<p><a href=\"https:\/\/www.radiopiu.net\/wordpress\/domani-i-funerali-del-professor-berto\/cibien-umberto-online\/\" rel=\"attachment wp-att-257238\"><img loading=\"lazy\" decoding=\"async\" class=\" wp-image-257238 alignleft\" src=\"https:\/\/www.radiopiu.net\/wordpress\/wp-content\/uploads\/2022\/02\/cibien-umberto-online-243x300.jpg\" alt=\"\" width=\"168\" height=\"207\" srcset=\"https:\/\/www.radiopiu.net\/wordpress\/wp-content\/uploads\/2022\/02\/cibien-umberto-online-243x300.jpg 243w, https:\/\/www.radiopiu.net\/wordpress\/wp-content\/uploads\/2022\/02\/cibien-umberto-online.jpg 486w\" sizes=\"auto, (max-width: 168px) 100vw, 168px\" \/><\/a><strong>BELLUNO<\/strong> Si terranno domani alle 11 a Cavarzano i funerali di\u00a0 Umberto Cibien,\u00a0 \u00a0morto all&#8217;ospedale di Feltre a 61 anni. Un passato da insegnante di matematica, nella scuole superiori della citt\u00e0. Lavorava da anni nel campo dell&#8217;informatica, come sviluppatore software in vari linguaggi di programmazione e, nel tempo libero, faceva parte del circolo &#8220;L&#8217;infinito teatro del cosmo&#8221;:<em> \u00abConoscendo un poco il suo carattere non credo proprio che accetterebbe di buon grado una moltitudine di frasi fatte e di circostanza. Lui era uno spirito libero, che cercava di librarsi al di fuori delle convenzioni e di potersi immergere nello stupefacente mondo della matematica pura. La matematica era qualcosa di pi\u00f9 che un linguaggio, ma un modo di vivere e di pensare. Noi abbiamo avuto la fortuna di seguire le sue lezioni. Lo ringraziamo e speriamo che nel girovagare alla ricerca di un luogo ideale per esprimere la tua appassionata visione della matematica, tu possa finalmente aver trovato uno spazio perfetto. Una camera nell&#8217;Albergo di Cantor non ti mancher\u00e0 mai&#8230; Che l&#8217;infinito sia con te, caro Umberto\u00bb<\/em>. Cibien lascia la compagna Lucia e le sorelle Francesca e Patrizia .In memoria di Umberto ai fiori saranno gradite offerte alla Croce Blu.<\/p>\n<p>&nbsp;<\/p>\n<hr \/>\n<p>&nbsp;<\/p>\n<blockquote>\n<h3>CRISTIAN ORTI TROVATO MORTO NELLA SUA ABITAZIONE<\/h3>\n<\/blockquote>\n<p><strong>SEREN DEL GRAPPA<\/strong> E&#8217; stato ritrovato privo di vita ieri mattina nella sua casa di Rasai. Cristian Orti aveva 47 anni e lavorava da tanto tempo in uno dei magazzini della Clivet a Villapaiera come mulettista. E a piangerlo \u00e8 anche la Protezione civile, era uno dei volontari attivi. Alla Clivet, i colleghi lo ricordano come una persona sempre incline al sorriso con la passione per le macchine d&#8217;epoca.\u00a0 Loris Scopel, ex sindaco di Seren del Grappa, affida il suo commosso pensiero ai social.<em> \u00abChristian Orti di Rasai hai posato lo zaino a terra, troppo in fretta e a soli 47 anni. La tua vita terrena \u00e8 stata costellata da tante vicissitudini e ti ha riservato tante difficolt\u00e0. Forse ti dovevamo essere pi\u00f9 vicini, ma desideravi essere autonomo. Eri un buono, sempre sorridente e positivo. Sei stato, da sempre, una colonna della Protezione civile locale e sezionale. Giorno e notte, quando ti avvisavano eri sempre pronto sia nel territorio comunale, che feltrino e in tante calamit\u00e0 nazionali. Eri orgoglioso di essere un volontario attivo. Sei stato anche premiato per la partecipazione al disastro conseguente al terremoto dell&#8217;Emilia di qualche anno fa. Ti piaceva essere in prima linea e pronto a dare una mano a chi aveva bisogno\u00bb<\/em>.<\/p>\n<p>&nbsp;<\/p>\n<hr \/>\n<p>&nbsp;<\/p>\n<blockquote>\n<h3>IL RITORNO DEI LADRI, PRESA DI MIRA L&#8217;ABITAZIONE A SAN GREGORIO<\/h3>\n<\/blockquote>\n<p><strong>SAN GREGORIO NELLE ALPI<\/strong> Venerdi\u00a0 in viale Pedavena un&#8217;altra casa \u00e8 stata\u00a0 rivoltata come un calzino\u00a0 dai ladri che si sono impossessati di alcuni oggetti d&#8217;oro per 150 euro. Precedentemente un primo furto, in entrambi i casi i malviventi hanno fatto leva sull&#8217;assenza dei proprietari. Sul posto sono intervenuti i carabinieri di Feltre per eseguire i rilievi.<\/p>\n<p>&nbsp;<\/p>\n<hr \/>\n<p>&nbsp;<\/p>\n<blockquote>\n<h3>OGGI SUL CORRIERE DELLE ALPI, LA GIUDIZIARIA.<\/h3>\n<\/blockquote>\n<p><a href=\"https:\/\/www.radiopiu.net\/wordpress\/la-diocesi-e-presente-quale-parte-offesa-in-un-procedimento-penale\/tribunale-belluno\/\" rel=\"attachment wp-att-232453\"><img loading=\"lazy\" decoding=\"async\" class=\" wp-image-232453 alignleft\" src=\"https:\/\/www.radiopiu.net\/wordpress\/wp-content\/uploads\/2021\/09\/tribunale-belluno-300x200.jpg\" alt=\"\" width=\"266\" height=\"177\" srcset=\"https:\/\/www.radiopiu.net\/wordpress\/wp-content\/uploads\/2021\/09\/tribunale-belluno-300x200.jpg 300w, https:\/\/www.radiopiu.net\/wordpress\/wp-content\/uploads\/2021\/09\/tribunale-belluno-768x511.jpg 768w, https:\/\/www.radiopiu.net\/wordpress\/wp-content\/uploads\/2021\/09\/tribunale-belluno.jpg 778w\" sizes=\"auto, (max-width: 266px) 100vw, 266px\" \/><\/a>di GIGI SOSSO<\/p>\n<p><strong>VOLTAGO<\/strong> Il Nas dei Carabinieri a Voltago, Farmacista nei guai per rimborsi doppi. La dottoressa \u00e8 indagata per aver spedito due volte le stesse ricette cartacee truffando la Regione e commettendo un falso.\u00a0 La vicenda\u00a0 \u00e8 complicata, ma ci sono dettagli tecnici difficili da rendere comprensibili. La farmacista agordina \u00e8 difesa di fiducia dall&#8217;avvocato padovano Crivellaro, la cui linea sembra puntare al momento sul discorso dei promemoria, oltre che sulle ricette<\/p>\n<p><strong>FALCADE<\/strong> Fienile ristrutturato da due villeggiante, l&#8217;impresa batte cassa.\u00a0 \u00a0Due turisti convinti di aver fatto un buon affare, dovranno pagare 53 mila euro oltre a spese e interessi a un&#8217;impresa del posto, che si occupa di lavori edili e anche rimozione neve. Il decreto ingiuntivo \u00e8 diventato esecutivo, dopo il passaggio in Cassazione e non basta, perch\u00e9 la suprema corte non solo ha rigettato il ricorso dei villeggianti, ma li ha anche condannati al pagamento delle spese del giudizio di legittimit\u00e0, che liquida in complessivi 7.500 euro, oltre alle spese di legge<\/p>\n<p><strong>PIEVE DI CADORE<\/strong> Truffa sull&#8217;autoricambio la vittima perde i soldi ma ritira la sua querela. Buttati via 116 euro. Ma pazienza. Costituirsi parte civile sarebbe costato senz&#8217;altro di pi\u00f9 e allora meglio ritirare la querela. Non ha dimostrato grande fiducia nella giustizia la donna cadorina truffata in internet da Alessio Francesco Cicero. Un italiano nato in Germania, che non sembra godere di molta stima in rete.<\/p>\n<p>&nbsp;<\/p>\n<hr \/>\n<p>&nbsp;<\/p>\n<blockquote>\n<h3><strong>\u00a0VENTO FORTE SU ZONA MONTANA E PEDEMONTANA DEL VENETO<\/strong><\/h3>\n<\/blockquote>\n<p><strong><img loading=\"lazy\" decoding=\"async\" class=\"alignleft\" src=\"https:\/\/www.radiopiu.net\/wordpress\/wp-content\/uploads\/2021\/01\/VENTO-MONTAGNA.jpg\" width=\"170\" height=\"113\" \/>VENEZIA\u00a0 \u00a0<\/strong>Fino a \u00a0gioved\u00ec\u00a0 venti settentrionali forti\/molto forti sui rilievi, con raffiche anche molto significative specie in alta quota. Sono inoltre previste, a tratti, forti raffiche di Foehn anche nelle valli, e probabili fasi pi\u00f9 intense nella notte\/mattino di marted\u00ec 1 e nella giornata di mercoled\u00ec 2 febbraio. Infine, probabili rinforzi di Foehn anche sulle zone pedemontane, specie occidentali.Alla luce dei fenomeni meteorologici previsti, si dichiara la fase operativa di attenzione per vento forte, sulla zona montana e pedemontana, dalle ore 18 del 31 gennaio alle ore 6 del 3 febbraio.<\/p>\n<p>&nbsp;<\/p>\n<p>&nbsp;<\/p>\n<hr \/>\n<p>&nbsp;<\/p>\n<blockquote>\n<h3>GALLERIA DEL COMELICO: CHIUSA DI NOTTE A SENSO UNICO DI GIORNO. ED E&#8217; MURO CONTRO MURO TRA ANAS E SINDACI DEL TERRITORIO<\/h3>\n<\/blockquote>\n<p><strong>BELLUNO<\/strong><\/p>\n<p><strong>MORENO GIOLI<\/strong><\/p>\n<audio class=\"wp-audio-shortcode\" id=\"audio-257009-1\" preload=\"none\" style=\"width: 100%;\" controls=\"controls\"><source type=\"audio\/mpeg\" src=\"https:\/\/www.radiopiu.net\/wordpress\/wp-content\/uploads\/2022\/02\/MORENO.mp3?_=1\" \/><a href=\"https:\/\/www.radiopiu.net\/wordpress\/wp-content\/uploads\/2022\/02\/MORENO.mp3\">https:\/\/www.radiopiu.net\/wordpress\/wp-content\/uploads\/2022\/02\/MORENO.mp3<\/a><\/audio>\n<p>&nbsp;<\/p>\n<p><img loading=\"lazy\" decoding=\"async\" class=\"alignleft\" src=\"https:\/\/www.radiopiu.net\/wordpress\/wp-content\/uploads\/2021\/02\/galleria-comelico.jpg\" width=\"173\" height=\"206\" \/><strong>VENEZIA<\/strong>\u00a0 Galleria chiusa di notte, il traffico durante le ore diurne regolato da impianto semaforico. Un&#8217;ipotesi che determina il minore disagio possibile per l\u2019utenza anche se comporta un aumento dei tempi di ultimazione dei lavori che si prevedono in 745 giorni. Rimarr\u00e0 sempre consentito il transito ai mezzi di emergenza. Anas ha illustrato il progetto, definendone l\u2019articolazione tecnica e la conseguente impossibilit\u00e0 di dividere l\u2019intervento in fasi separate, che avrebbero durata pluriennale ponendo in ulteriore difficolt\u00e0 il territorio. Anas ha esposto anche nel dettaglio le caratteristiche di cantierizzazione, che consentono di realizzare gli interventi pi\u00f9 impattanti in orario notturno e di eseguire le restanti lavorazioni \u2013 in sicurezza sia per le maestranze che per il traffico veicolare \u2013 mediante l\u2019istituzione del senso unico alternato in orario diurno. Sono state illustrate le analisi di traffico (sia leggero che pesante) oggi transitante nella galleria al fine di stabilire le fasce di apertura con relativa direzione pi\u00f9 idonee per il territorio, tenendo conto anche delle corse del trasporto pubblico locale. Le attivit\u00e0 del tavolo tecnico sono state aggiornate al 17 febbraio per valutare\u00a0 la soluzione di minor disagio per il trasporto pubblico locale, mentre gli Amministratori\u00a0 hanno chiesto la realizzazione di viabilit\u00e0 alternative prima dell\u2019esecuzione dei lavori. Per Anas;\u00a0 le tempistiche pluriennali degli interventi richiesti dalle Amministrazioni intervenute non sono compatibili con le necessit\u00e0 attuali della Galleria Comelico.<\/p>\n<p>&nbsp;<\/p>\n<p>&nbsp;<\/p>\n<hr \/>\n<blockquote>\n<h3>IL COMUNE GUARDA ALLE GIOVANI COPPIE, DE VAL &#8220;ANCHE SE E&#8217; COME VINCERE ALLA LOTTERIA PARTECIPERAMO AL BANDO PER CELAT&#8221;<\/h3>\n<\/blockquote>\n<p><strong><img loading=\"lazy\" decoding=\"async\" class=\"alignleft\" src=\"https:\/\/www.radiopiu.net\/wordpress\/wp-content\/uploads\/2021\/11\/81aa72cc-d66b-44fa-afd5-7103ae531a24.jpg\" width=\"213\" height=\"157\" \/>SAN TOMASO<\/strong><\/p>\n<p><strong>DI GIANNI SAN TOMASO\u00a0<\/strong><\/p>\n<p>&nbsp;<\/p>\n<audio class=\"wp-audio-shortcode\" id=\"audio-257009-2\" preload=\"none\" style=\"width: 100%;\" controls=\"controls\"><source type=\"audio\/mpeg\" src=\"https:\/\/www.radiopiu.net\/wordpress\/wp-content\/uploads\/2022\/01\/gianni-san-tomaso.mp3?_=2\" \/><a href=\"https:\/\/www.radiopiu.net\/wordpress\/wp-content\/uploads\/2022\/01\/gianni-san-tomaso.mp3\">https:\/\/www.radiopiu.net\/wordpress\/wp-content\/uploads\/2022\/01\/gianni-san-tomaso.mp3<\/a><\/audio>\n<p>&nbsp;<\/p>\n<hr \/>\n<p>&nbsp;<\/p>\n<blockquote>\n<h3>IERI SERA: CONSIGLIO UNIONE MONTANA AGORDINA, APPROVATO IL BILANCIO E IL DUP. PISTA CICLABILE: A BREVE SARA&#8217; POSIZIONATO IL PONTE SUL CORDEVOLE IN VIA FOCH A TAIBON, UNISCE LE SPONDE DEI COMUNI DI TAIBON E AGORDO (BRIES).\u00a0 LA DIRETTA DI RADIO PIU<\/h3>\n<\/blockquote>\n<p>&nbsp;<\/p>\n<p>https:\/\/www.facebook.com\/radiopiu\/videos\/463088232204638<\/p>\n<p>&nbsp;<\/p>\n<p>&nbsp;<\/p>\n<hr \/>\n<p>&nbsp;<\/p>\n<blockquote>\n<h2>SANT&#8217;ANDREA DI GOSALDO, IDEE DI POSSIBILE REALIZZAZIONE<\/h2>\n<\/blockquote>\n<p><strong><a href=\"https:\/\/www.radiopiu.net\/wordpress\/giornale-radiopiu-20-gennaio-2022-direttore-mirko-mezzacasa\/11111132_10204358419895782_8757024532027447445_n\/\" rel=\"attachment wp-att-255122\"><img loading=\"lazy\" decoding=\"async\" class=\"wp-image-255122 alignright\" src=\"https:\/\/www.radiopiu.net\/wordpress\/wp-content\/uploads\/2022\/01\/11111132_10204358419895782_8757024532027447445_n-300x300.jpg\" alt=\"\" width=\"110\" height=\"110\" srcset=\"https:\/\/www.radiopiu.net\/wordpress\/wp-content\/uploads\/2022\/01\/11111132_10204358419895782_8757024532027447445_n-300x300.jpg 300w, https:\/\/www.radiopiu.net\/wordpress\/wp-content\/uploads\/2022\/01\/11111132_10204358419895782_8757024532027447445_n-150x150.jpg 150w, https:\/\/www.radiopiu.net\/wordpress\/wp-content\/uploads\/2022\/01\/11111132_10204358419895782_8757024532027447445_n.jpg 496w\" sizes=\"auto, (max-width: 110px) 100vw, 110px\" \/><\/a><img loading=\"lazy\" decoding=\"async\" class=\"alignleft\" src=\"https:\/\/www.radiopiu.net\/wordpress\/wp-content\/uploads\/2022\/01\/280px-DBGosaldoPala3.jpg\" width=\"179\" height=\"116\" \/>GOSALDO<\/strong><\/p>\n<p><strong>DI GIANNI SANTOMASO<\/strong><\/p>\n<audio class=\"wp-audio-shortcode\" id=\"audio-257009-3\" preload=\"none\" style=\"width: 100%;\" controls=\"controls\"><source type=\"audio\/mpeg\" src=\"https:\/\/www.radiopiu.net\/wordpress\/wp-content\/uploads\/2022\/01\/GIANNI-GOSALDO.mp3?_=3\" \/><a href=\"https:\/\/www.radiopiu.net\/wordpress\/wp-content\/uploads\/2022\/01\/GIANNI-GOSALDO.mp3\">https:\/\/www.radiopiu.net\/wordpress\/wp-content\/uploads\/2022\/01\/GIANNI-GOSALDO.mp3<\/a><\/audio>\n<p>&nbsp;<\/p>\n\n\t\t\t<style type='text\/css'>\n\t\t\t\t#gallery-2 {\n\t\t\t\t\tmargin: auto;\n\t\t\t\t}\n\t\t\t\t#gallery-2 .gallery-item {\n\t\t\t\t\tfloat: left;\n\t\t\t\t\tmargin-top: 10px;\n\t\t\t\t\ttext-align: center;\n\t\t\t\t\twidth: 50%;\n\t\t\t\t}\n\t\t\t\t#gallery-2 img {\n\t\t\t\t\tborder: 2px solid #cfcfcf;\n\t\t\t\t}\n\t\t\t\t#gallery-2 .gallery-caption {\n\t\t\t\t\tmargin-left: 0;\n\t\t\t\t}\n\t\t\t\t\/* see gallery_shortcode() in wp-includes\/media.php *\/\n\t\t\t<\/style>\n\t\t<div id='gallery-2' class='dt-gallery-container gallery galleryid-257009 gallery-columns-2 gallery-size-medium'><dl class='gallery-item'>\n\t\t\t\t<dt class='gallery-icon landscape'>\n\t\t\t\t\t<a class=\"rollover\" href='https:\/\/www.radiopiu.net\/wordpress\/santandrea-di-gosaldo-idee-di-possibile-realizzazione\/9f91d107-df69-48ef-a8d4-64d2c8296e04-2\/'><img loading=\"lazy\" decoding=\"async\" width=\"300\" height=\"225\" src=\"https:\/\/www.radiopiu.net\/wordpress\/wp-content\/uploads\/2022\/01\/9f91d107-df69-48ef-a8d4-64d2c8296e04-1-300x225.jpg\" class=\"attachment-medium size-medium\" alt=\"\" aria-describedby=\"gallery-2-255075\" srcset=\"https:\/\/www.radiopiu.net\/wordpress\/wp-content\/uploads\/2022\/01\/9f91d107-df69-48ef-a8d4-64d2c8296e04-1-300x225.jpg 300w, https:\/\/www.radiopiu.net\/wordpress\/wp-content\/uploads\/2022\/01\/9f91d107-df69-48ef-a8d4-64d2c8296e04-1-1024x768.jpg 1024w, https:\/\/www.radiopiu.net\/wordpress\/wp-content\/uploads\/2022\/01\/9f91d107-df69-48ef-a8d4-64d2c8296e04-1-768x576.jpg 768w, https:\/\/www.radiopiu.net\/wordpress\/wp-content\/uploads\/2022\/01\/9f91d107-df69-48ef-a8d4-64d2c8296e04-1-1536x1152.jpg 1536w, https:\/\/www.radiopiu.net\/wordpress\/wp-content\/uploads\/2022\/01\/9f91d107-df69-48ef-a8d4-64d2c8296e04-1.jpg 1600w\" sizes=\"auto, (max-width: 300px) 100vw, 300px\" \/><\/a>\n\t\t\t\t<\/dt>\n\t\t\t\t\t<dd class='wp-caption-text gallery-caption' id='gallery-2-255075'>\n\t\t\t\t\tL&#8217;ex Caselo\n\t\t\t\t\t<\/dd><\/dl><dl class='gallery-item'>\n\t\t\t\t<dt class='gallery-icon landscape'>\n\t\t\t\t\t<a class=\"rollover\" href='https:\/\/www.radiopiu.net\/wordpress\/santandrea-di-gosaldo-idee-di-possibile-realizzazione\/7c6789d6-58d8-440f-a607-1e752292a89e-2\/'><img loading=\"lazy\" decoding=\"async\" width=\"300\" height=\"225\" src=\"https:\/\/www.radiopiu.net\/wordpress\/wp-content\/uploads\/2022\/01\/7c6789d6-58d8-440f-a607-1e752292a89e-1-300x225.jpg\" class=\"attachment-medium size-medium\" alt=\"\" aria-describedby=\"gallery-2-255076\" srcset=\"https:\/\/www.radiopiu.net\/wordpress\/wp-content\/uploads\/2022\/01\/7c6789d6-58d8-440f-a607-1e752292a89e-1-300x225.jpg 300w, https:\/\/www.radiopiu.net\/wordpress\/wp-content\/uploads\/2022\/01\/7c6789d6-58d8-440f-a607-1e752292a89e-1-1024x768.jpg 1024w, https:\/\/www.radiopiu.net\/wordpress\/wp-content\/uploads\/2022\/01\/7c6789d6-58d8-440f-a607-1e752292a89e-1-768x576.jpg 768w, https:\/\/www.radiopiu.net\/wordpress\/wp-content\/uploads\/2022\/01\/7c6789d6-58d8-440f-a607-1e752292a89e-1-1536x1152.jpg 1536w, https:\/\/www.radiopiu.net\/wordpress\/wp-content\/uploads\/2022\/01\/7c6789d6-58d8-440f-a607-1e752292a89e-1.jpg 1600w\" sizes=\"auto, (max-width: 300px) 100vw, 300px\" \/><\/a>\n\t\t\t\t<\/dt>\n\t\t\t\t\t<dd class='wp-caption-text gallery-caption' id='gallery-2-255076'>\n\t\t\t\t\tL&#8217;ex canonica\n\t\t\t\t\t<\/dd><\/dl><br style=\"clear: both\" \/>\n\t\t\t<\/div>\n\n<p>&nbsp;<\/p>\n<p>&nbsp;<\/p>\n<hr \/>\n<p>&nbsp;<\/p>\n<blockquote>\n<h3>MARZIANI A MEL? NO E&#8217; LA STAZIONE MOBILE DI ARPAV IN SINISTRA PIAVE<\/h3>\n<\/blockquote>\n<p><em>Sostanze inquinanti? Non avrete scampo<\/em><\/p>\n<p><strong><img loading=\"lazy\" decoding=\"async\" class=\"alignleft\" src=\"https:\/\/www.radiopiu.net\/wordpress\/wp-content\/uploads\/2022\/02\/aria-2-1.jpg\" width=\"218\" height=\"123\" \/>BELLUNO<\/strong><\/p>\n<p><strong>DAMIANO TORMEN\u00a0<\/strong><\/p>\n<audio class=\"wp-audio-shortcode\" id=\"audio-257009-4\" preload=\"none\" style=\"width: 100%;\" controls=\"controls\"><source type=\"audio\/mpeg\" src=\"https:\/\/www.radiopiu.net\/wordpress\/wp-content\/uploads\/2022\/02\/DAMIAMNO.mp3?_=4\" \/><a href=\"https:\/\/www.radiopiu.net\/wordpress\/wp-content\/uploads\/2022\/02\/DAMIAMNO.mp3\">https:\/\/www.radiopiu.net\/wordpress\/wp-content\/uploads\/2022\/02\/DAMIAMNO.mp3<\/a><\/audio>\n<p>Foto tratta da Google Immagini<\/p>\n<p>&nbsp;<\/p>\n<p>&nbsp;<\/p>\n<hr \/>\n<p>&nbsp;<\/p>\n<blockquote>\n<h3>CARABINIERI IN CERCA DELLA NUOVA SEDE<\/h3>\n<\/blockquote>\n<p><strong><a href=\"https:\/\/www.radiopiu.net\/wordpress\/due-attivita-sanzionate-in-comelico\/ff410afc-8b0c-46c0-a4de-45a8768c3343\/\" rel=\"attachment wp-att-174603\"><img loading=\"lazy\" decoding=\"async\" class=\"wp-image-174603 alignleft\" src=\"https:\/\/www.radiopiu.net\/wordpress\/wp-content\/uploads\/2020\/11\/ff410afc-8b0c-46c0-a4de-45a8768c3343-300x192.jpg\" alt=\"\" width=\"170\" height=\"109\" srcset=\"https:\/\/www.radiopiu.net\/wordpress\/wp-content\/uploads\/2020\/11\/ff410afc-8b0c-46c0-a4de-45a8768c3343-300x192.jpg 300w, https:\/\/www.radiopiu.net\/wordpress\/wp-content\/uploads\/2020\/11\/ff410afc-8b0c-46c0-a4de-45a8768c3343-768x492.jpg 768w, https:\/\/www.radiopiu.net\/wordpress\/wp-content\/uploads\/2020\/11\/ff410afc-8b0c-46c0-a4de-45a8768c3343.jpg 1024w\" sizes=\"auto, (max-width: 170px) 100vw, 170px\" \/><\/a>ALLEGHE<\/strong> L&#8217;Arma dei carabinieri \u00e8 alla ricerca in Alleghe, Colle Santa Lucia, Rocca Pietore, Selva di Cadore\u00a0 di una sede per la caserma dei carabinieri di Caprile. La storica stazione a Caprile dovrebbe essere confermata per i prossimi anni. Tanto che il Municipio, proprietario dell&#8217;immobile di via San Marco \u00e8 intenzionato ad avviarne la ristrutturazione. Ed ecco l&#8217;avviso dell&#8217;Arma che invita a presentare entro oggi\u00a0 eventuali segnalazioni di immobili. I carabinieri cercano precisamente \u00ab32 vani pi\u00f9 un&#8217;autorimessa da adibire a stazione carabinieri di Caprile per il periodo 2022-2028. le segnalazioni in forma scritta andranno inviate alla stazione di via San marco o al comando provinciale dei carabinieri di Viale Europa.<\/p>\n<p>&nbsp;<\/p>\n<p>&nbsp;<\/p>\n<hr \/>\n<p>&nbsp;<\/p>\n<blockquote>\n<h3>COVID NELL&#8217;AGORDINO: AGORDO -39 POSITIVI, LIVINALLONGO -18 E ROCCA PIETORE -27<\/h3>\n<\/blockquote>\n<blockquote>\n<h2 style=\"text-align: center;\"><strong style=\"color: #ff0000; font-size: 14px;\">CASI DI COVID NELL\u2019AGORDINO IN CONTINUO AGGIORNAMENTO\u00a0<\/strong><\/h2>\n<\/blockquote>\n<p><a href=\"https:\/\/www.radiopiu.net\/wordpress\/galleria-del-comelico-chiusa-di-notte-a-senso-unico-di-giorno\/8c464690-b7fb-4203-9f8c-37f15a40ccda\/\" rel=\"attachment wp-att-257231\"><img loading=\"lazy\" decoding=\"async\" class=\" wp-image-257231 alignleft\" src=\"https:\/\/www.radiopiu.net\/wordpress\/wp-content\/uploads\/2022\/01\/8c464690-b7fb-4203-9f8c-37f15a40ccda-300x180.jpg\" alt=\"\" width=\"237\" height=\"142\" srcset=\"https:\/\/www.radiopiu.net\/wordpress\/wp-content\/uploads\/2022\/01\/8c464690-b7fb-4203-9f8c-37f15a40ccda-300x180.jpg 300w, https:\/\/www.radiopiu.net\/wordpress\/wp-content\/uploads\/2022\/01\/8c464690-b7fb-4203-9f8c-37f15a40ccda.jpg 602w\" sizes=\"auto, (max-width: 237px) 100vw, 237px\" \/><\/a>Situazione decisamente migliore con riferimento ai positivi in tutti i Comuni dell&#8217;Agordino, sembrerebbe che il picco sia stato superato e sia iniziata la fase discendente. In tre giorni 38 positivi in meno ad Agordo e 18 a Livinallongo dall&#8217;altra parte della vallata.<\/p>\n<p><span style=\"color: #ff0000;\"><strong>COVID NELL&#8217;AGORDINO, POSITIVI AL 27 GENNAIO tra parentesi il dato di venerdi<\/strong><\/span>: <strong>Agordo<\/strong> <strong>134 (-38)<\/strong> <strong>Taibon<\/strong>\u00a0 <strong>40 (-11)<\/strong>, <strong>Colle Santa Lucia<\/strong>\u00a0 <strong>11 (-9)<\/strong> , <strong>Rocca Pietore<\/strong> <strong>27 (-26)\u00a0<\/strong> <strong>Canale d&#8217;Agordo<\/strong>\u00a0 <strong>15 (-8)<\/strong> <strong>Livinallongo 26 (-18)<\/strong> <strong>Selva di Cadore<\/strong> <strong>16 (-10)<\/strong> <strong>Alleghe<\/strong> <strong>23 (-27)\u00a0<\/strong> <strong>\u00a0Voltago<\/strong> <strong>22 (+2)<\/strong>, <strong>Falcade<\/strong> <strong>39 (-6) , Vallada<\/strong> <strong>2 (-5)<\/strong>, <strong>La Valle<\/strong>\u00a0<strong> 33 (-10),<\/strong> <strong>San Tomaso<\/strong> <strong>9 (-4)<\/strong> <strong>Gosaldo<\/strong> <strong>19 (+1)<\/strong> \u00a0<strong>Cencenighe<\/strong> <strong>29 (0)\u00a0<\/strong> <strong>Rivamonte<\/strong> <strong>11 (-10)\u00a0<\/strong><\/p>\n<p>&nbsp;<\/p>\n<p>&nbsp;<\/p>\n<hr \/>\n<p>&nbsp;<\/p>\n<blockquote>\n<h3>LA MAPPA DEL CONTAGIO, 1 SOLO CASO A SAN NICOLO&#8217;, 781 A BELLUNO<\/h3>\n<p><em>Nell\u2019ultima: calo dei nuovi casi: 3.778 (-592 rispetto alla scorsa settimana), con un conseguente tasso di incidenza settimanale di 1.893 casi su 100 mila abitanti, in riduzione rispetto alla settimana precedente, ma ancora lievemente superiore all&#8217;incidenza nazionale (1.647 su 100 mila abitanti).<\/em><\/p><\/blockquote>\n<p style=\"text-align: left;\"><strong><a href=\"https:\/\/www.radiopiu.net\/wordpress\/giornale-radiopiu-01-febbraio-2022-direttore-mirko-mezzacasa\/b18e550a-b051-490f-8b06-c48731516bc2\/\" rel=\"attachment wp-att-257180\"><img loading=\"lazy\" decoding=\"async\" class=\"size-medium wp-image-257180 alignleft\" src=\"https:\/\/www.radiopiu.net\/wordpress\/wp-content\/uploads\/2022\/01\/b18e550a-b051-490f-8b06-c48731516bc2-300x204.jpg\" alt=\"\" width=\"300\" height=\"204\" srcset=\"https:\/\/www.radiopiu.net\/wordpress\/wp-content\/uploads\/2022\/01\/b18e550a-b051-490f-8b06-c48731516bc2-300x204.jpg 300w, https:\/\/www.radiopiu.net\/wordpress\/wp-content\/uploads\/2022\/01\/b18e550a-b051-490f-8b06-c48731516bc2-768x522.jpg 768w, https:\/\/www.radiopiu.net\/wordpress\/wp-content\/uploads\/2022\/01\/b18e550a-b051-490f-8b06-c48731516bc2.jpg 907w\" sizes=\"auto, (max-width: 300px) 100vw, 300px\" \/><\/a>\u00a0<\/strong><strong>BELLUNO<\/strong> Ecco la nuova mappa del contagio, mette in evidenza come i nuovi casi di contagio siano diffusi in tutta la provincia, meno nuovi infetti nella parte alta della vallata, dal Comelico al Cadore e fino all&#8217;Agordino, situazione diversa nel feltrino, Valbelluna e Longaronese (oltre 2000 casi ogni 100 mila abitanti). Le situazioni migliori a Voltago e San Nicolo&#8217; Comelico (126-250 casi ogni 100mila abitanti). Negli ultimi sette giorni nessun Comune con zero casi, 1 a San Nicolo&#8217; Comelico e 2 a Voltago. Ben 781 a Belluno, 285 Borgo Valbelluna, 223 Sedico,\u00a0 173 Ponte Alpi, 133 Alpago. I nuovi casi si collocano prevalentemente nelle fasce centrali 25-64 anni e nella fascia 0-14 anni, in continuit\u00e0 con le settimane precedenti.\u00a0 Confermato il trend delle settimane precedenti in merito alle percentuali di contagi tra vaccinati e non vaccinati, con ulteriore evidenza del potere protettivo della vaccinazione non solo sulla casistica grave, ma anche sul rischio di infezione. Nella settimana 24-30 gennaio: \u2981 Il rapporto tra nuovi positivi vaccinati sulla popolazione vaccinata con terza dose \u00e8 di 5,7 casi su 1.000 abitanti \u2981 Il rapporto tra nuovi positivi non vaccinati su popolazione non vaccinata \u00e8 di 24,4 casi su 1000 abitanti. Attualmente sono ricoverati a Belluno 42 pazienti in area non critica, 5 in terapia intensiva, 10 negli ospedali di comunit\u00e0. Nella settimana stati somministrati 13 trattamenti con monoclonali che portano il totale a\u00a0 304 \u00e8 stato anche prescritto l&#8217;ottavo trattamento con\u00a0 Molnupiravir. In sette giorni eseguiti 18.719 tamponi oltre ai 12.948 eseguiti dalle Farmacie, 569\u00a0 dai Pediatri di Libera scelta e 295 dai Medici di Medicina Generale. In media, ogni giorno vengono eseguiti pi\u00f9 di 2.330 tamponi ogni 100 mila abitanti.<\/p>\n\n\t\t\t<style type='text\/css'>\n\t\t\t\t#gallery-3 {\n\t\t\t\t\tmargin: auto;\n\t\t\t\t}\n\t\t\t\t#gallery-3 .gallery-item {\n\t\t\t\t\tfloat: left;\n\t\t\t\t\tmargin-top: 10px;\n\t\t\t\t\ttext-align: center;\n\t\t\t\t\twidth: 50%;\n\t\t\t\t}\n\t\t\t\t#gallery-3 img {\n\t\t\t\t\tborder: 2px solid #cfcfcf;\n\t\t\t\t}\n\t\t\t\t#gallery-3 .gallery-caption {\n\t\t\t\t\tmargin-left: 0;\n\t\t\t\t}\n\t\t\t\t\/* see gallery_shortcode() in wp-includes\/media.php *\/\n\t\t\t<\/style>\n\t\t<div id='gallery-3' class='dt-gallery-container gallery galleryid-257009 gallery-columns-2 gallery-size-medium'><dl class='gallery-item'>\n\t\t\t\t<dt class='gallery-icon landscape'>\n\t\t\t\t\t<a class=\"rollover rollover-zoom dt-pswp-item\" title=\"0d096c92-82bc-449c-97c2-4710fc352408\" data-dt-img-description=\"\" data-large_image_width=\"1125\" data-large_image_height=\"933\"href='https:\/\/www.radiopiu.net\/wordpress\/wp-content\/uploads\/2022\/01\/0d096c92-82bc-449c-97c2-4710fc352408.jpg'><img loading=\"lazy\" decoding=\"async\" width=\"300\" height=\"249\" src=\"https:\/\/www.radiopiu.net\/wordpress\/wp-content\/uploads\/2022\/01\/0d096c92-82bc-449c-97c2-4710fc352408-300x249.jpg\" class=\"attachment-medium size-medium\" alt=\"\" srcset=\"https:\/\/www.radiopiu.net\/wordpress\/wp-content\/uploads\/2022\/01\/0d096c92-82bc-449c-97c2-4710fc352408-300x249.jpg 300w, https:\/\/www.radiopiu.net\/wordpress\/wp-content\/uploads\/2022\/01\/0d096c92-82bc-449c-97c2-4710fc352408-1024x849.jpg 1024w, https:\/\/www.radiopiu.net\/wordpress\/wp-content\/uploads\/2022\/01\/0d096c92-82bc-449c-97c2-4710fc352408-768x637.jpg 768w, https:\/\/www.radiopiu.net\/wordpress\/wp-content\/uploads\/2022\/01\/0d096c92-82bc-449c-97c2-4710fc352408.jpg 1125w\" sizes=\"auto, (max-width: 300px) 100vw, 300px\" \/><\/a>\n\t\t\t\t<\/dt><\/dl><dl class='gallery-item'>\n\t\t\t\t<dt class='gallery-icon landscape'>\n\t\t\t\t\t<a class=\"rollover rollover-zoom dt-pswp-item\" title=\"5d6b4c33-e09e-4b11-9ad2-56545796c6ab\" data-dt-img-description=\"\" data-large_image_width=\"1125\" data-large_image_height=\"938\"href='https:\/\/www.radiopiu.net\/wordpress\/wp-content\/uploads\/2022\/01\/5d6b4c33-e09e-4b11-9ad2-56545796c6ab.jpg'><img loading=\"lazy\" decoding=\"async\" width=\"300\" height=\"250\" src=\"https:\/\/www.radiopiu.net\/wordpress\/wp-content\/uploads\/2022\/01\/5d6b4c33-e09e-4b11-9ad2-56545796c6ab-300x250.jpg\" class=\"attachment-medium size-medium\" alt=\"\" srcset=\"https:\/\/www.radiopiu.net\/wordpress\/wp-content\/uploads\/2022\/01\/5d6b4c33-e09e-4b11-9ad2-56545796c6ab-300x250.jpg 300w, https:\/\/www.radiopiu.net\/wordpress\/wp-content\/uploads\/2022\/01\/5d6b4c33-e09e-4b11-9ad2-56545796c6ab-1024x854.jpg 1024w, https:\/\/www.radiopiu.net\/wordpress\/wp-content\/uploads\/2022\/01\/5d6b4c33-e09e-4b11-9ad2-56545796c6ab-768x640.jpg 768w, https:\/\/www.radiopiu.net\/wordpress\/wp-content\/uploads\/2022\/01\/5d6b4c33-e09e-4b11-9ad2-56545796c6ab.jpg 1125w\" sizes=\"auto, (max-width: 300px) 100vw, 300px\" \/><\/a>\n\t\t\t\t<\/dt><\/dl><br style=\"clear: both\" \/>\n\t\t\t<\/div>\n\n<blockquote><p><em>Andamento epidemico covid dai primi di marzo 2020 ad oggi (nuovi positivi\/giorno e media settimanale nuovi positivi)<\/em><\/p><\/blockquote>\n<p><a href=\"https:\/\/www.radiopiu.net\/wordpress\/giornale-radiopiu-01-febbraio-2022-direttore-mirko-mezzacasa\/1780d30a-a6ba-4e6a-942e-c5c2160a93ae\/\" rel=\"attachment wp-att-257182\"><img loading=\"lazy\" decoding=\"async\" class=\"alignnone wp-image-257182 size-full\" src=\"https:\/\/www.radiopiu.net\/wordpress\/wp-content\/uploads\/2022\/01\/1780d30a-a6ba-4e6a-942e-c5c2160a93ae.jpg\" alt=\"\" width=\"1829\" height=\"904\" srcset=\"https:\/\/www.radiopiu.net\/wordpress\/wp-content\/uploads\/2022\/01\/1780d30a-a6ba-4e6a-942e-c5c2160a93ae.jpg 1829w, https:\/\/www.radiopiu.net\/wordpress\/wp-content\/uploads\/2022\/01\/1780d30a-a6ba-4e6a-942e-c5c2160a93ae-300x148.jpg 300w, https:\/\/www.radiopiu.net\/wordpress\/wp-content\/uploads\/2022\/01\/1780d30a-a6ba-4e6a-942e-c5c2160a93ae-1024x506.jpg 1024w, https:\/\/www.radiopiu.net\/wordpress\/wp-content\/uploads\/2022\/01\/1780d30a-a6ba-4e6a-942e-c5c2160a93ae-768x380.jpg 768w, https:\/\/www.radiopiu.net\/wordpress\/wp-content\/uploads\/2022\/01\/1780d30a-a6ba-4e6a-942e-c5c2160a93ae-1536x759.jpg 1536w\" sizes=\"auto, (max-width: 1829px) 100vw, 1829px\" \/><\/a><\/p>\n<p>&nbsp;<\/p>\n<p>&nbsp;<\/p>\n<p>&nbsp;<\/p>\n<p>&nbsp;<\/p>\n<hr \/>\n<p>&nbsp;<\/p>\n<p>&nbsp;<\/p>\n<blockquote class=\"wp-embedded-content\" data-secret=\"Ga6w2wmmfb\"><p><a href=\"https:\/\/www.radiopiu.net\/wordpress\/aggiornamentonaz2022gen31\/\">CORONAVIRUS: AGGIORNAMENTO NAZIONALE 31 GENNAIO 2022<\/a><\/p><\/blockquote>\n<p><iframe loading=\"lazy\" class=\"wp-embedded-content\" sandbox=\"allow-scripts\" security=\"restricted\" style=\"position: absolute; clip: rect(1px, 1px, 1px, 1px);\" title=\"&#8220;CORONAVIRUS: AGGIORNAMENTO NAZIONALE 31 GENNAIO 2022&#8221; &#8212; Radio Pi\u00f9\" src=\"https:\/\/www.radiopiu.net\/wordpress\/aggiornamentonaz2022gen31\/embed\/#?secret=Ga6w2wmmfb\" data-secret=\"Ga6w2wmmfb\" width=\"600\" height=\"338\" frameborder=\"0\" marginwidth=\"0\" marginheight=\"0\" scrolling=\"no\"><\/iframe><\/p>\n<p>&nbsp;<\/p>\n<blockquote class=\"wp-embedded-content\" data-secret=\"n1uM3Dll2a\"><p><a href=\"https:\/\/www.radiopiu.net\/wordpress\/nelle-ultime-24-ore-4877-nuovi-positivi-in-veneto-aumentano-i-ricoveri-in-area-non-critica-23-decessi\/\">NELLE ULTIME 24 ORE 4877 NUOVI POSITIVI IN VENETO. AUMENTANO I RICOVERI IN AREA NON CRITICA, 23 DECESSI<\/a><\/p><\/blockquote>\n<p><iframe loading=\"lazy\" class=\"wp-embedded-content\" sandbox=\"allow-scripts\" security=\"restricted\" style=\"position: absolute; clip: rect(1px, 1px, 1px, 1px);\" title=\"&#8220;NELLE ULTIME 24 ORE 4877 NUOVI POSITIVI IN VENETO. AUMENTANO I RICOVERI IN AREA NON CRITICA, 23 DECESSI&#8221; &#8212; Radio Pi\u00f9\" src=\"https:\/\/www.radiopiu.net\/wordpress\/nelle-ultime-24-ore-4877-nuovi-positivi-in-veneto-aumentano-i-ricoveri-in-area-non-critica-23-decessi\/embed\/#?secret=n1uM3Dll2a\" data-secret=\"n1uM3Dll2a\" width=\"600\" height=\"338\" frameborder=\"0\" marginwidth=\"0\" marginheight=\"0\" scrolling=\"no\"><\/iframe><\/p>\n<p>&nbsp;<\/p>\n<h2>I GRAFICI DI TIZIANO DE COL<\/h2>\n\n\t\t\t<style type='text\/css'>\n\t\t\t\t#gallery-4 {\n\t\t\t\t\tmargin: auto;\n\t\t\t\t}\n\t\t\t\t#gallery-4 .gallery-item {\n\t\t\t\t\tfloat: left;\n\t\t\t\t\tmargin-top: 10px;\n\t\t\t\t\ttext-align: center;\n\t\t\t\t\twidth: 33%;\n\t\t\t\t}\n\t\t\t\t#gallery-4 img {\n\t\t\t\t\tborder: 2px solid #cfcfcf;\n\t\t\t\t}\n\t\t\t\t#gallery-4 .gallery-caption {\n\t\t\t\t\tmargin-left: 0;\n\t\t\t\t}\n\t\t\t\t\/* see gallery_shortcode() in wp-includes\/media.php *\/\n\t\t\t<\/style>\n\t\t<div id='gallery-4' class='dt-gallery-container gallery galleryid-257009 gallery-columns-3 gallery-size-thumbnail'><dl class='gallery-item'>\n\t\t\t\t<dt class='gallery-icon landscape'>\n\t\t\t\t\t<a class=\"rollover rollover-zoom dt-pswp-item\" title=\"7f9d6393-678b-47db-a22c-a4ce189b6c4b\" data-dt-img-description=\"\" data-large_image_width=\"588\" data-large_image_height=\"363\"href='https:\/\/www.radiopiu.net\/wordpress\/wp-content\/uploads\/2022\/01\/7f9d6393-678b-47db-a22c-a4ce189b6c4b.jpg'><img loading=\"lazy\" decoding=\"async\" width=\"150\" height=\"150\" src=\"https:\/\/www.radiopiu.net\/wordpress\/wp-content\/uploads\/2022\/01\/7f9d6393-678b-47db-a22c-a4ce189b6c4b-150x150.jpg\" class=\"attachment-thumbnail size-thumbnail\" alt=\"\" \/><\/a>\n\t\t\t\t<\/dt><\/dl><dl class='gallery-item'>\n\t\t\t\t<dt class='gallery-icon landscape'>\n\t\t\t\t\t<a class=\"rollover rollover-zoom dt-pswp-item\" title=\"59caf67c-7359-4694-af94-71634798f30d\" data-dt-img-description=\"\" data-large_image_width=\"604\" data-large_image_height=\"363\"href='https:\/\/www.radiopiu.net\/wordpress\/wp-content\/uploads\/2022\/01\/59caf67c-7359-4694-af94-71634798f30d.jpg'><img loading=\"lazy\" decoding=\"async\" width=\"150\" height=\"150\" src=\"https:\/\/www.radiopiu.net\/wordpress\/wp-content\/uploads\/2022\/01\/59caf67c-7359-4694-af94-71634798f30d-150x150.jpg\" class=\"attachment-thumbnail size-thumbnail\" alt=\"\" \/><\/a>\n\t\t\t\t<\/dt><\/dl><dl class='gallery-item'>\n\t\t\t\t<dt class='gallery-icon landscape'>\n\t\t\t\t\t<a class=\"rollover rollover-zoom dt-pswp-item\" title=\"e7d54707-76c3-4cf5-a6e0-38a6906e54cc\" data-dt-img-description=\"\" data-large_image_width=\"602\" data-large_image_height=\"360\"href='https:\/\/www.radiopiu.net\/wordpress\/wp-content\/uploads\/2022\/01\/e7d54707-76c3-4cf5-a6e0-38a6906e54cc.jpg'><img loading=\"lazy\" decoding=\"async\" width=\"150\" height=\"150\" src=\"https:\/\/www.radiopiu.net\/wordpress\/wp-content\/uploads\/2022\/01\/e7d54707-76c3-4cf5-a6e0-38a6906e54cc-150x150.jpg\" class=\"attachment-thumbnail size-thumbnail\" alt=\"\" \/><\/a>\n\t\t\t\t<\/dt><\/dl><br style=\"clear: both\" \/><dl class='gallery-item'>\n\t\t\t\t<dt class='gallery-icon landscape'>\n\t\t\t\t\t<a class=\"rollover rollover-zoom dt-pswp-item\" title=\"4c4b2d2f-e178-4bff-afc0-5d8f57ae8944\" data-dt-img-description=\"\" data-large_image_width=\"608\" data-large_image_height=\"356\"href='https:\/\/www.radiopiu.net\/wordpress\/wp-content\/uploads\/2022\/01\/4c4b2d2f-e178-4bff-afc0-5d8f57ae8944.jpg'><img loading=\"lazy\" decoding=\"async\" width=\"150\" height=\"150\" src=\"https:\/\/www.radiopiu.net\/wordpress\/wp-content\/uploads\/2022\/01\/4c4b2d2f-e178-4bff-afc0-5d8f57ae8944-150x150.jpg\" class=\"attachment-thumbnail size-thumbnail\" alt=\"\" \/><\/a>\n\t\t\t\t<\/dt><\/dl><dl class='gallery-item'>\n\t\t\t\t<dt class='gallery-icon landscape'>\n\t\t\t\t\t<a class=\"rollover rollover-zoom dt-pswp-item\" title=\"91dc1440-e425-4a5b-80fb-444044236f29\" data-dt-img-description=\"\" data-large_image_width=\"610\" data-large_image_height=\"355\"href='https:\/\/www.radiopiu.net\/wordpress\/wp-content\/uploads\/2022\/01\/91dc1440-e425-4a5b-80fb-444044236f29.jpg'><img loading=\"lazy\" decoding=\"async\" width=\"150\" height=\"150\" src=\"https:\/\/www.radiopiu.net\/wordpress\/wp-content\/uploads\/2022\/01\/91dc1440-e425-4a5b-80fb-444044236f29-150x150.jpg\" class=\"attachment-thumbnail size-thumbnail\" alt=\"\" \/><\/a>\n\t\t\t\t<\/dt><\/dl><dl class='gallery-item'>\n\t\t\t\t<dt class='gallery-icon landscape'>\n\t\t\t\t\t<a class=\"rollover rollover-zoom dt-pswp-item\" title=\"69ddf770-524b-4e5c-87a2-71c764dffaad\" data-dt-img-description=\"\" data-large_image_width=\"600\" data-large_image_height=\"360\"href='https:\/\/www.radiopiu.net\/wordpress\/wp-content\/uploads\/2022\/01\/69ddf770-524b-4e5c-87a2-71c764dffaad.jpg'><img loading=\"lazy\" decoding=\"async\" width=\"150\" height=\"150\" src=\"https:\/\/www.radiopiu.net\/wordpress\/wp-content\/uploads\/2022\/01\/69ddf770-524b-4e5c-87a2-71c764dffaad-150x150.jpg\" class=\"attachment-thumbnail size-thumbnail\" alt=\"\" \/><\/a>\n\t\t\t\t<\/dt><\/dl><br style=\"clear: both\" \/>\n\t\t\t<\/div>\n\n<p>&nbsp;<\/p>\n<p>&nbsp;<\/p>\n<hr \/>\n<p>&nbsp;<\/p>\n<blockquote>\n<h3>PISCINE: UN COMPARTO CHE SEMBRA NON INTERESSARE A NESSUNO, DOMENICA 6 FEBBRAIO 2022 SI CHIUDE<\/h3>\n<\/blockquote>\n<p><strong><a href=\"https:\/\/www.radiopiu.net\/wordpress\/piscine-un-comparto-che-sembra-non-interessare-a-nessuno-domenica-6-febbraio-2022-si-chiude\/schermata-2022-01-31-alle-11-58-26\/\" rel=\"attachment wp-att-257123\"><img loading=\"lazy\" decoding=\"async\" class=\" wp-image-257123 alignleft\" src=\"https:\/\/www.radiopiu.net\/wordpress\/wp-content\/uploads\/2022\/01\/Schermata-2022-01-31-alle-11.58.26-300x232.png\" alt=\"\" width=\"230\" height=\"178\" srcset=\"https:\/\/www.radiopiu.net\/wordpress\/wp-content\/uploads\/2022\/01\/Schermata-2022-01-31-alle-11.58.26-300x232.png 300w, https:\/\/www.radiopiu.net\/wordpress\/wp-content\/uploads\/2022\/01\/Schermata-2022-01-31-alle-11.58.26-1024x792.png 1024w, https:\/\/www.radiopiu.net\/wordpress\/wp-content\/uploads\/2022\/01\/Schermata-2022-01-31-alle-11.58.26-768x594.png 768w, https:\/\/www.radiopiu.net\/wordpress\/wp-content\/uploads\/2022\/01\/Schermata-2022-01-31-alle-11.58.26.png 1130w\" sizes=\"auto, (max-width: 230px) 100vw, 230px\" \/><\/a>AGORDO <\/strong>Domenica 6 febbraio 2022 anche gli enti gestori delle piscine comunali di Longarone, Pedavena, Pieve di Cadore, Santa Giustina, oltre che quella comprensoriale di Agordo e quella privata di Pelos di Cadore in coordinamento con gli enti locali proprietari e la maggioranza degli impianti della regione del Veneto e nazionali aderiranno alla manifestazione nazionale \u201cDomenica 6 febbraio piscina chiusa\u201d sospendendo le attivit\u00e0 nei propri impianti. L&#8217;iniziativa ha lo scopo di alzare un forte grido di allarme a tutte le istituzioni, in particolare\u00a0 al Governo Nazionale e alle Regioni sulla situazione drammatica in cui si trova l&#8217;intero comparto. Le risposte concrete presentate sono rimaste inascoltate a livello nazionale e regionale. A livello provinciale le amministrazioni locali proprietarie degli impianti della provincia di Belluno sono intervenute per quanto possibile a sostegno degli enti gestori delle piscine di loro propriet\u00e0, dimostrando comprensione del problema, ma i loro aiuti non sono sufficienti per risolvere il problema. La manifestazione ha lo scopo di sensibilizzare anche l&#8217;opinione pubblica sulla criticit\u00e0 della situazione. Gli enti gestori ringraziano sin d&#8217;ora i propri frequentatori per l&#8217;attenzione e si scusano per l&#8217;eventuale disagio<\/p>\n<blockquote>\n<h2>LA SPORTIVAMENTE BELLUNO APPOGGIA L&#8217;AZIONE DI SENSIBILIZZAZIONE<\/h2>\n<\/blockquote>\n<p><strong>BELLUNO<\/strong> \u201cCaro bollette\u201d: la Sportivamente Belluno appoggia l\u2019azione di sensibilizzazione Dalle conseguenze della pandemia, con lunghi periodi di chiusura, ai mancati ristori, passando per il \u201ccaro bollette\u201d: il comparto delle piscine \u00e8 in ginocchio. E a lanciare l\u2019allarme, a livello nazionale,\u00e8 il Coordinamento Associazioni Gestori Impianti Natatori. Un allarme che sfocia in un atto dimostrativo di grande impatto: il coordinamento, infatti, propone di chiudere le piscine per domenica 6 febbraio. \u00abI vari decreti ristori hanno garantito somme che non arrivano nemmeno al 5% dei ricavi annuali &#8211; spiegano dal Coordinamento &#8211; quando mediamente si sono registrate riduzioni di fatturato di oltre il 50, 60%. Somme che non bastano nemmeno a pagare un mese di utenze di luce, acqua e gas. E adesso, come se non bastasse, \u00e8 arrivato il cosiddetto \u201ccaro bollette\u201d con aumenti superiori al 50%. Dal canto suo, la Sportivamente Belluno appoggia senza riserve il pensiero delle Associazioni Gestori Impianti Natatori, ma aderir\u00e0 all\u2019azione di sensibilizzazione, evitando di chiudere la piscina. La Sportivamente Belluno, essendo la societ\u00e0 pubblica del Comune di Belluno, gestisce diversi impianti nel capoluogo e per equit\u00e0, dovrebbe chiudere pure lo Stadio polisportivo, il Palasport A. De Mas e la Spes Arena. Un simile provvedimento non \u00e8 attuabile in questo momento, anche nel rispetto degli utenti che verrebbero privati ancora una volta di una serie di servizi importanti, servizi a cui hanno gi\u00e0 dovuto rinunciare nel periodo delle restrizioni. La Sportivamente Belluno \u00e8 in linea con tutte le richieste del Coordinamento: \u00abServono ristori, l\u2019estensione dell\u2019Ecobonus 110% agli impianti natatori e rispetto ai costi dell\u2019energia, \u00e8 indispensabile che il MISE annoveri le piscine negli aiuti previsti per gli impianti energivori\u00bb<\/p>\n<p>&nbsp;<\/p>\n<p>&nbsp;<\/p>\n<hr \/>\n<p>&nbsp;<\/p>\n<blockquote>\n<h3>PUBBLICATO II BANDO CITT\u00c0 VENETA DELLA CULTURA 2022<\/h3>\n<\/blockquote>\n<p><strong><a href=\"https:\/\/www.radiopiu.net\/wordpress\/giornale-radiopiu-29-settembre-2021-direttore-mirko-mezzacasa\/regione-veneto-2\/\" rel=\"attachment wp-att-234211\"><img loading=\"lazy\" decoding=\"async\" class=\" wp-image-234211 alignleft\" src=\"https:\/\/www.radiopiu.net\/wordpress\/wp-content\/uploads\/2021\/09\/regione-veneto-300x227.png\" alt=\"\" width=\"189\" height=\"143\" srcset=\"https:\/\/www.radiopiu.net\/wordpress\/wp-content\/uploads\/2021\/09\/regione-veneto-300x227.png 300w, https:\/\/www.radiopiu.net\/wordpress\/wp-content\/uploads\/2021\/09\/regione-veneto.png 455w\" sizes=\"auto, (max-width: 189px) 100vw, 189px\" \/><\/a>VENEZIA <\/strong>\u00c8 stato pubblicato il bando per l\u2019assegnazione del titolo di Citt\u00e0 veneta della cultura 2022 &#8211; istituito con la legge regionale del 30 giugno 2021 n.20 \u2013 un riconoscimento dedicato a un comune del Veneto in ambito culturale, con il fine di sostenere e promuovere la valorizzazione e la fruizione del patrimonio culturale materiale e immateriale, la crescita del turismo e degli investimenti nel territorio, la conservazione dell\u2019identit\u00e0, la creativit\u00e0, l\u2019innovazione, la crescita economica e sociale del territorio. Le risorse stanziate dalla Regione del Veneto per finanziare i progetti del Comune scelto sono pari a 100 mila euro. Bando e modulistica sono disponibili nella sezione Bandi Avvisi e Concorsi del sito istituzionale . <a href=\"https:\/\/bandi.regione.veneto.it\/Public\/Dettaglio?idAtto=7153&amp;fromPage=Ricerca&amp;high\">https:\/\/bandi.regione.veneto.it\/Public\/Dettaglio?idAtto=7153&amp;fromPage=Ricerca&amp;high<\/a>=<\/p>\n<p>&nbsp;<\/p>\n<p>&nbsp;<\/p>\n<hr \/>\n<p>&nbsp;<\/p>\n<div class=\"page\" title=\"Page 1\">\n<div class=\"layoutArea\">\n<div class=\"column\">\n<blockquote>\n<h3>LE SEZIONI BELLUNESI DEL CAI LANCIANO UN APPELLO UNITARIO<\/h3>\n<\/blockquote>\n<p><strong><a href=\"https:\/\/www.radiopiu.net\/wordpress\/adunanza-cai-a-la-marol\/cai-3\/\" rel=\"attachment wp-att-174710\"><img loading=\"lazy\" decoding=\"async\" class=\" wp-image-174710 alignleft\" src=\"https:\/\/www.radiopiu.net\/wordpress\/wp-content\/uploads\/2020\/11\/cai.jpeg\" alt=\"\" width=\"176\" height=\"176\" srcset=\"https:\/\/www.radiopiu.net\/wordpress\/wp-content\/uploads\/2020\/11\/cai.jpeg 225w, https:\/\/www.radiopiu.net\/wordpress\/wp-content\/uploads\/2020\/11\/cai-150x150.jpeg 150w\" sizes=\"auto, (max-width: 176px) 100vw, 176px\" \/><\/a>BELLUNO<\/strong> Con l&#8217;avvio della campagna tesseramento 2022 \u201cCon il CAI non sei mai solo\u201d le sezioni bellunesi del Club Alpino Italiano si uniscono per lanciare l&#8217;appello volto a reclutare nuovi soci. L&#8217;affiliazione all&#8217;associazione serve anche a sostenere le numerose attivita\u0300 messe in campo dal CAI, soprattutto nell\u2019ambito della sistemazione sentieri. I giorni seguenti alla tempesta Vaia rimarranno per sempre nella memoria dei bellunesi. Le sezioni provinciali del CAI in quell\u2019occasione si sono da subito attivate per l\u2019aiuto nella gestione dell\u2019emergenza, ma soprattutto nei mesi e negli anni successivi, con l\u2019intento di sistemare la fitta rete di sentieri compromessa nel 2018. La sezione di Agordo e\u0300 una delle piu\u0300 antiche d&#8217;Italia e per continuare la sua attivita\u0300 ha bisogno del supporto di nuovi soci. &#8220;<em>Sarebbe prima di tutto un supporto economico importante per poter mantenere puliti i nostri sentieri e per portare avanti la gestione dei rifugi e tutte le nostre attivita\u0300 nella zona<\/em>&#8220;, spiega il presidente Dario Dall&#8217;Osbel, &#8220;<em>mi appello soprattutto agli appassionati di montagna. Quando si percorre un sentiero pulito e segnalato bisogna riflettere sul lavoro che e\u0300 stato fatto li\u0300, molto probabilmente da un volontario del CAI.&#8221; <\/em>Oltre al sostegno alle sezioni e alla possibilita\u0300 di diventare parte attiva dell&#8217;associazione si aggiunge l&#8217;opportunita\u0300 di sottoscrivere un&#8217;assicurazione che copre il Soccorso Alpino in Europa, gli infortuni e la responsabilita\u0300 civile verso terzi. &#8220;<em>E&#8217; un&#8217;assicurazione a 360 gradi che e\u0300 molto utile per chi ama e frequenta la montagna&#8221;, commenta Dall&#8217;Osbel, &#8220;con un costo ridotto si ha un servizio assicurativo di tutto rispetto. L&#8217;offerta e\u0300 veramente di livello e a cio\u0300 si aggiungono altre agevolazioni.<\/em>&#8221; Il socio CAI puo\u0300 infatti contare sull&#8217;iscrizione gratuita a GeoResQ, il servizio di geolocalizzazione e di inoltro degli allarmi e delle richieste di soccorso attraverso un&#8217;app del cellulare; sulla possibilita\u0300 di partecipare a corsi ed attivita\u0300 delle sezioni; su condizioni agevolate nella fruizione delle strutture ricettive del CAI; sulla fruizione delle strutture ricettive italiane ed estere con le quali e\u0300 stabilito trattamento di reciprocita\u0300 con il CAI. I tesserati avranno diritto di ricevere le pubblicazioni sociali (rivista mensile Montagne 360\u00b0 e rivista semestrale Le Dolomiti Bellunesi) oltre che ad avere sconti su prodotti e pubblicazioni del CAI. Per ulteriori informazioni su costi ed iscrizioni e\u0300 necessario recarsi alla sede territoriale di appartenenza oppure contattare i referenti delle varie sezioni, anche consultando online i vari siti web.<\/p>\n<p>&nbsp;<\/p>\n<hr \/>\n<p>&nbsp;<\/p>\n<blockquote>\n<h3>DMO,\u00a0 VERSO LA TRASFORMAZIONE DA CONSORZIO A FONDAZIONE<\/h3>\n<\/blockquote>\n<p><strong><a href=\"https:\/\/www.radiopiu.net\/wordpress\/giornale-radiopiu-01-febbraio-2022-direttore-mirko-mezzacasa\/assemblea-1-31-01-2022\/\" rel=\"attachment wp-att-257187\"><img loading=\"lazy\" decoding=\"async\" class=\" wp-image-257187 alignleft\" src=\"https:\/\/www.radiopiu.net\/wordpress\/wp-content\/uploads\/2022\/01\/ASSEMBLEA-1-31.01.2022-300x206.jpg\" alt=\"\" width=\"281\" height=\"193\" srcset=\"https:\/\/www.radiopiu.net\/wordpress\/wp-content\/uploads\/2022\/01\/ASSEMBLEA-1-31.01.2022-300x206.jpg 300w, https:\/\/www.radiopiu.net\/wordpress\/wp-content\/uploads\/2022\/01\/ASSEMBLEA-1-31.01.2022-768x528.jpg 768w, https:\/\/www.radiopiu.net\/wordpress\/wp-content\/uploads\/2022\/01\/ASSEMBLEA-1-31.01.2022.jpg 1024w\" sizes=\"auto, (max-width: 281px) 100vw, 281px\" \/><\/a>BELLUNO<\/strong>\u00a0 L&#8217;assemblea della Dmo\u00a0 ha approvato il bilancio preventivo e il piano operativo per l\u2019anno 2022 che comprende tutta una serie di attivit\u00e0 da sviluppare in sinergia con la Regione Veneto, la Provincia e il territorio lavorando sulla digitalizzazione del prodotto turistico, l\u2019attivit\u00e0 di comunicazione e promozione, le fiere e i mercati, il proseguimento del progetto Vivere le Dolomiti e il coinvolgimento della DMO Dolomiti nel piano strategico della Regione Veneto di capitalizzazione dell\u2019Olimpiade <a href=\"https:\/\/www.radiopiu.net\/wordpress\/giornale-radiopiu-01-febbraio-2022-direttore-mirko-mezzacasa\/assemblea-3-31-01-2022\/\" rel=\"attachment wp-att-257186\"><img loading=\"lazy\" decoding=\"async\" class=\"size-medium wp-image-257186 alignright\" src=\"https:\/\/www.radiopiu.net\/wordpress\/wp-content\/uploads\/2022\/01\/ASSEMBLEA-3-31.01.2022-300x169.jpg\" alt=\"\" width=\"300\" height=\"169\" srcset=\"https:\/\/www.radiopiu.net\/wordpress\/wp-content\/uploads\/2022\/01\/ASSEMBLEA-3-31.01.2022-300x169.jpg 300w, https:\/\/www.radiopiu.net\/wordpress\/wp-content\/uploads\/2022\/01\/ASSEMBLEA-3-31.01.2022-1024x576.jpg 1024w, https:\/\/www.radiopiu.net\/wordpress\/wp-content\/uploads\/2022\/01\/ASSEMBLEA-3-31.01.2022-768x432.jpg 768w, https:\/\/www.radiopiu.net\/wordpress\/wp-content\/uploads\/2022\/01\/ASSEMBLEA-3-31.01.2022-1536x864.jpg 1536w, https:\/\/www.radiopiu.net\/wordpress\/wp-content\/uploads\/2022\/01\/ASSEMBLEA-3-31.01.2022.jpg 2016w\" sizes=\"auto, (max-width: 300px) 100vw, 300px\" \/><\/a>di Milano Cortina 2026. Punto importante dell\u2019incontro \u00e8 stata l\u2019approvazione dell\u2019Assemblea all\u2019unanimit\u00e0 di avviare l\u2019iter di trasformazione della DMO da Consorzio a Fondazione ai fini dell\u2019accesso ai fondi pubblici. Entro il 15 marzo i soci delibereranno e ad aprile l\u2019Assemblea dovrebbe decretare il passaggio definitivo.<\/p>\n<blockquote><p><em>\u201cStiamo lavorando in sinergia con la DMO per promuovere il nostro territorio- commenta il presidente della Provincia di Belluno, Roberto Padrin &#8211;\u00a0 e stiamo proseguendo nel gioco di squadra anche per quanto riguarda il progetto \u2018Vivere le Dolomiti\u2019. In questo momento \u00e8 importante il percorso di trasformazione della DMO in Fondazione&#8221;.\u00a0\u00a0<\/em><\/p><\/blockquote>\n<p>&nbsp;<\/p>\n<p>&nbsp;<\/p>\n<hr \/>\n<p>&nbsp;<\/p>\n<blockquote>\n<h3>IN DISTRIBUZIONE IL BOLLETTINO PARROCCHIALE DI TAIBON<\/h3>\n<\/blockquote>\n<p><strong><a href=\"https:\/\/www.radiopiu.net\/wordpress\/257129-2\/0cdc0d9f-cdc7-4fbb-a137-eacb3dbfadd9\/\" rel=\"attachment wp-att-257130\"><img loading=\"lazy\" decoding=\"async\" class=\"size-medium wp-image-257130 alignright\" src=\"https:\/\/www.radiopiu.net\/wordpress\/wp-content\/uploads\/2022\/01\/0cdc0d9f-cdc7-4fbb-a137-eacb3dbfadd9-224x300.jpg\" alt=\"\" width=\"224\" height=\"300\" srcset=\"https:\/\/www.radiopiu.net\/wordpress\/wp-content\/uploads\/2022\/01\/0cdc0d9f-cdc7-4fbb-a137-eacb3dbfadd9-224x300.jpg 224w, https:\/\/www.radiopiu.net\/wordpress\/wp-content\/uploads\/2022\/01\/0cdc0d9f-cdc7-4fbb-a137-eacb3dbfadd9-765x1024.jpg 765w, https:\/\/www.radiopiu.net\/wordpress\/wp-content\/uploads\/2022\/01\/0cdc0d9f-cdc7-4fbb-a137-eacb3dbfadd9-768x1027.jpg 768w, https:\/\/www.radiopiu.net\/wordpress\/wp-content\/uploads\/2022\/01\/0cdc0d9f-cdc7-4fbb-a137-eacb3dbfadd9-1148x1536.jpg 1148w, https:\/\/www.radiopiu.net\/wordpress\/wp-content\/uploads\/2022\/01\/0cdc0d9f-cdc7-4fbb-a137-eacb3dbfadd9.jpg 1196w\" sizes=\"auto, (max-width: 224px) 100vw, 224px\" \/><\/a>TAIBON<\/strong> E&#8217; in distribuzione &#8220;Comunit\u00e0&#8221;, il Bollettino della Parrocchia Santi Cornelio e Cipriano. Don Cesare ricorda Don Francesco mancato lo scorso agosto, il vescovo Renato Marangoni quel 13 ottobre quando le campane annunciarono &#8220;Papa Luciani Beato&#8221;.\u00a0 Don Davide Fiocco ricorda Luciani agli onori degli altari &#8220;Magnificat Super Miro&#8221;.<\/p>\n<p>Molte le collaborazioni per redigere un numero importante del bollettino con tante pagine per la vita della comunit\u00e0 dove non manca il saluto alla dottoressa Frida Spoto in pensione dallo scorso giugno.\u00a0 Tra le chicche la foto storica degli anni 70 con il Patriarca Albino Luciani, Erminia Masoch Miola, Carlo Bortolini, Luigi Santomaso ed Emanuele Paganin al tempo sindaco del paese.\u00a0 Alessandro Savio e Giorgio Fontanive raccontano i 100 anni dalla prima ascensione alla parete nord dell&#8217;Agner e l&#8217;evento estivo in Valle di San Lucano.<\/p>\n<p>Spazio meritato per il volontariato di Taibon che ha ripulito la Calch\u00e8ra de le t\u00f2rte, in previsione della &#8220;cota&#8221; di primavera, un evento dal momento che almeno da settant&#8217;anni l&#8217;operazione non \u00e8 pi\u00f9 praticata. Il sito si trova in prossimit\u00e0 del capitello delle tre dita, prima della chiesa di San Lucano. Di Dino Bridda la pagina di storia dedicata a monsignor Juan Jos\u00e8 Gerardi Conedera assassinato nel 1998 \u00e8 in corso la causa di beatificazione. Citiamo infine il bel ricordo di Luigi De Biasio &#8220;Gigion&#8221; e la sua intensa vita,\u00a0 scomparso a novembre<\/p>\n\n\t\t\t<style type='text\/css'>\n\t\t\t\t#gallery-5 {\n\t\t\t\t\tmargin: auto;\n\t\t\t\t}\n\t\t\t\t#gallery-5 .gallery-item {\n\t\t\t\t\tfloat: left;\n\t\t\t\t\tmargin-top: 10px;\n\t\t\t\t\ttext-align: center;\n\t\t\t\t\twidth: 33%;\n\t\t\t\t}\n\t\t\t\t#gallery-5 img {\n\t\t\t\t\tborder: 2px solid #cfcfcf;\n\t\t\t\t}\n\t\t\t\t#gallery-5 .gallery-caption {\n\t\t\t\t\tmargin-left: 0;\n\t\t\t\t}\n\t\t\t\t\/* see gallery_shortcode() in wp-includes\/media.php *\/\n\t\t\t<\/style>\n\t\t<div id='gallery-5' class='dt-gallery-container gallery galleryid-257009 gallery-columns-3 gallery-size-thumbnail'><dl class='gallery-item'>\n\t\t\t\t<dt class='gallery-icon landscape'>\n\t\t\t\t\t<a class=\"rollover rollover-zoom dt-pswp-item\" title=\"00f219c3-21bf-41a9-90aa-72f4e3a5974a\" data-dt-img-description=\"\" data-large_image_width=\"1600\" data-large_image_height=\"1196\"href='https:\/\/www.radiopiu.net\/wordpress\/wp-content\/uploads\/2022\/01\/00f219c3-21bf-41a9-90aa-72f4e3a5974a.jpg'><img loading=\"lazy\" decoding=\"async\" width=\"150\" height=\"150\" src=\"https:\/\/www.radiopiu.net\/wordpress\/wp-content\/uploads\/2022\/01\/00f219c3-21bf-41a9-90aa-72f4e3a5974a-150x150.jpg\" class=\"attachment-thumbnail size-thumbnail\" alt=\"\" \/><\/a>\n\t\t\t\t<\/dt><\/dl><dl class='gallery-item'>\n\t\t\t\t<dt class='gallery-icon landscape'>\n\t\t\t\t\t<a class=\"rollover rollover-zoom dt-pswp-item\" title=\"262ab2c6-8950-4bf0-8325-f522ac462f6e\" data-dt-img-description=\"\" data-large_image_width=\"1600\" data-large_image_height=\"1196\"href='https:\/\/www.radiopiu.net\/wordpress\/wp-content\/uploads\/2022\/01\/262ab2c6-8950-4bf0-8325-f522ac462f6e.jpg'><img loading=\"lazy\" decoding=\"async\" width=\"150\" height=\"150\" src=\"https:\/\/www.radiopiu.net\/wordpress\/wp-content\/uploads\/2022\/01\/262ab2c6-8950-4bf0-8325-f522ac462f6e-150x150.jpg\" class=\"attachment-thumbnail size-thumbnail\" alt=\"\" \/><\/a>\n\t\t\t\t<\/dt><\/dl><dl class='gallery-item'>\n\t\t\t\t<dt class='gallery-icon landscape'>\n\t\t\t\t\t<a class=\"rollover rollover-zoom dt-pswp-item\" title=\"6e03bf8d-0469-4ae4-a26d-33da19f41a59\" data-dt-img-description=\"\" data-large_image_width=\"1600\" data-large_image_height=\"1196\"href='https:\/\/www.radiopiu.net\/wordpress\/wp-content\/uploads\/2022\/01\/6e03bf8d-0469-4ae4-a26d-33da19f41a59.jpg'><img loading=\"lazy\" decoding=\"async\" width=\"150\" height=\"150\" src=\"https:\/\/www.radiopiu.net\/wordpress\/wp-content\/uploads\/2022\/01\/6e03bf8d-0469-4ae4-a26d-33da19f41a59-150x150.jpg\" class=\"attachment-thumbnail size-thumbnail\" alt=\"\" \/><\/a>\n\t\t\t\t<\/dt><\/dl><br style=\"clear: both\" \/><dl class='gallery-item'>\n\t\t\t\t<dt class='gallery-icon portrait'>\n\t\t\t\t\t<a class=\"rollover rollover-zoom dt-pswp-item\" title=\"112c9ca5-ebd9-46a4-a023-a5b7343243e7\" data-dt-img-description=\"\" data-large_image_width=\"1196\" data-large_image_height=\"1600\"href='https:\/\/www.radiopiu.net\/wordpress\/wp-content\/uploads\/2022\/01\/112c9ca5-ebd9-46a4-a023-a5b7343243e7-e1643627748753.jpg'><img loading=\"lazy\" decoding=\"async\" width=\"150\" height=\"150\" src=\"https:\/\/www.radiopiu.net\/wordpress\/wp-content\/uploads\/2022\/01\/112c9ca5-ebd9-46a4-a023-a5b7343243e7-e1643627748753-150x150.jpg\" class=\"attachment-thumbnail size-thumbnail\" alt=\"\" \/><\/a>\n\t\t\t\t<\/dt><\/dl><dl class='gallery-item'>\n\t\t\t\t<dt class='gallery-icon landscape'>\n\t\t\t\t\t<a class=\"rollover rollover-zoom dt-pswp-item\" title=\"43f96aa2-4347-4259-9cde-e9eb26abc63a\" data-dt-img-description=\"\" data-large_image_width=\"1600\" data-large_image_height=\"1196\"href='https:\/\/www.radiopiu.net\/wordpress\/wp-content\/uploads\/2022\/01\/43f96aa2-4347-4259-9cde-e9eb26abc63a.jpg'><img loading=\"lazy\" decoding=\"async\" width=\"150\" height=\"150\" src=\"https:\/\/www.radiopiu.net\/wordpress\/wp-content\/uploads\/2022\/01\/43f96aa2-4347-4259-9cde-e9eb26abc63a-150x150.jpg\" class=\"attachment-thumbnail size-thumbnail\" alt=\"\" \/><\/a>\n\t\t\t\t<\/dt><\/dl><dl class='gallery-item'>\n\t\t\t\t<dt class='gallery-icon portrait'>\n\t\t\t\t\t<a class=\"rollover rollover-zoom dt-pswp-item\" title=\"0cdc0d9f-cdc7-4fbb-a137-eacb3dbfadd9\" data-dt-img-description=\"\" data-large_image_width=\"1196\" data-large_image_height=\"1600\"href='https:\/\/www.radiopiu.net\/wordpress\/wp-content\/uploads\/2022\/01\/0cdc0d9f-cdc7-4fbb-a137-eacb3dbfadd9.jpg'><img loading=\"lazy\" decoding=\"async\" width=\"150\" height=\"150\" src=\"https:\/\/www.radiopiu.net\/wordpress\/wp-content\/uploads\/2022\/01\/0cdc0d9f-cdc7-4fbb-a137-eacb3dbfadd9-150x150.jpg\" class=\"attachment-thumbnail size-thumbnail\" alt=\"\" \/><\/a>\n\t\t\t\t<\/dt><\/dl><br style=\"clear: both\" \/>\n\t\t\t<\/div>\n\n<p>&nbsp;<\/p>\n<hr \/>\n<p>&nbsp;<\/p>\n<blockquote>\n<h3>LA GIORNATA DELLA MEMORIA, DOPPIO APPUNTAMENTO A LIMANA<\/h3>\n<\/blockquote>\n<p>&nbsp;<\/p>\n<p><strong><a href=\"https:\/\/www.radiopiu.net\/wordpress\/la-giornata-della-memoria-doppio-appuntamento-a-limana\/2564df2f-2312-49f7-b054-c11950eb6615\/\" rel=\"attachment wp-att-257140\"><img loading=\"lazy\" decoding=\"async\" class=\"wp-image-257140 alignleft\" src=\"https:\/\/www.radiopiu.net\/wordpress\/wp-content\/uploads\/2022\/01\/2564df2f-2312-49f7-b054-c11950eb6615-224x300.jpg\" alt=\"\" width=\"155\" height=\"208\" srcset=\"https:\/\/www.radiopiu.net\/wordpress\/wp-content\/uploads\/2022\/01\/2564df2f-2312-49f7-b054-c11950eb6615-224x300.jpg 224w, https:\/\/www.radiopiu.net\/wordpress\/wp-content\/uploads\/2022\/01\/2564df2f-2312-49f7-b054-c11950eb6615-765x1024.jpg 765w, https:\/\/www.radiopiu.net\/wordpress\/wp-content\/uploads\/2022\/01\/2564df2f-2312-49f7-b054-c11950eb6615-768x1027.jpg 768w, https:\/\/www.radiopiu.net\/wordpress\/wp-content\/uploads\/2022\/01\/2564df2f-2312-49f7-b054-c11950eb6615-1148x1536.jpg 1148w, https:\/\/www.radiopiu.net\/wordpress\/wp-content\/uploads\/2022\/01\/2564df2f-2312-49f7-b054-c11950eb6615.jpg 1196w\" sizes=\"auto, (max-width: 155px) 100vw, 155px\" \/><\/a>LIMANA<\/strong> Che cosa avrebbe fatto lei al mio posto? Da questa domanda, che Giorgio Perlasca* rivolge al suo interlocutore, scatena molte altre domande diventate pilastro della rappresentazione di e con Alessandra Domenighini (foto) per la regia di Sergio Mascherpa con le scene di Giacomo Andrico, le immagini di Roberto Capo e il disegno luci di Elena Guitti, tutti del Teatro Laboragorio di Brescia.\u00a0 Forti emozioni a Limana in occasione della giornata della memoria e un pubblico attento ed emozionato nel corso del racconti dell&#8217;attrice.<\/p>\n<blockquote><p><em> La storia di Giorgio Perlasca dimostra come per ogni individuo \u00e8 sempre possibile fare delle scelte alternative anche nelle situazioni peggiori, in cui l\u2019assassinio \u00e8 legge di stato e il genocidio parte di un progetto politico\u00a0<\/em><\/p><\/blockquote>\n<p><a href=\"https:\/\/www.radiopiu.net\/wordpress\/la-giornata-della-memoria-doppio-appuntamento-a-limana\/220px-perlasca_e_cossiga_30_giugno_1990\/\" rel=\"attachment wp-att-257139\"><img loading=\"lazy\" decoding=\"async\" class=\"size-full wp-image-257139 alignleft\" src=\"https:\/\/www.radiopiu.net\/wordpress\/wp-content\/uploads\/2022\/01\/220px-Perlasca_e_Cossiga_30_giugno_1990.webp\" alt=\"\" width=\"220\" height=\"169\" \/><\/a>*<b>Giorgio Perlasca<\/b>\u00a0(<a title=\"Como\" href=\"https:\/\/it.wikipedia.org\/wiki\/Como\">Como<\/a>,\u00a0<a title=\"31 gennaio\" href=\"https:\/\/it.wikipedia.org\/wiki\/31_gennaio\">31 gennaio<\/a>\u00a0<a title=\"1910\" href=\"https:\/\/it.wikipedia.org\/wiki\/1910\">1910<\/a>\u00a0\u2013\u00a0<a title=\"Padova\" href=\"https:\/\/it.wikipedia.org\/wiki\/Padova\">Padova<\/a>,\u00a0<a title=\"15 agosto\" href=\"https:\/\/it.wikipedia.org\/wiki\/15_agosto\">15 agosto<\/a>\u00a0<a title=\"1992\" href=\"https:\/\/it.wikipedia.org\/wiki\/1992\">1992<\/a>) \u00e8 stato un\u00a0<a title=\"Commercio\" href=\"https:\/\/it.wikipedia.org\/wiki\/Commercio\">commerciante<\/a>\u00a0<a title=\"Italia\" href=\"https:\/\/it.wikipedia.org\/wiki\/Italia\">italiano<\/a>\u00a0che nell&#8217;inverno del\u00a0<a title=\"1944\" href=\"https:\/\/it.wikipedia.org\/wiki\/1944\">1944<\/a>, nel corso della\u00a0<a title=\"\" href=\"https:\/\/it.wikipedia.org\/wiki\/Seconda_guerra_mondiale\">seconda guerra mondiale<\/a>, fingendosi\u00a0<a title=\"Console generale\" href=\"https:\/\/it.wikipedia.org\/wiki\/Console_generale\">console generale<\/a>\u00a0<a title=\"Spagna\" href=\"https:\/\/it.wikipedia.org\/wiki\/Spagna\">spagnolo<\/a>, salv\u00f2 la vita di oltre cinquemila\u00a0<a class=\"mw-redirect\" title=\"Popolo ebraico\" href=\"https:\/\/it.wikipedia.org\/wiki\/Popolo_ebraico\">ebrei<\/a>\u00a0<a title=\"Ungheria\" href=\"https:\/\/it.wikipedia.org\/wiki\/Ungheria\">ungheresi<\/a>, strappandoli alla deportazione\u00a0<a class=\"mw-redirect\" title=\"Nazismo\" href=\"https:\/\/it.wikipedia.org\/wiki\/Nazismo\">nazista<\/a>\u00a0e alla\u00a0<a class=\"mw-redirect\" title=\"Shoah\" href=\"https:\/\/it.wikipedia.org\/wiki\/Shoah\">Shoah<\/a>. Grazie a un documento che portava con s\u00e9, che attestava la partecipazione alla guerra civile spagnola e che gli garantiva assistenza diplomatica, ottenne dall&#8217;ambasciata una cittadinanza fittizia e un passaporto spagnoli, intitolati all&#8217;inesistente \u00abJorge Perlasca\u00bb. Nel\u00a0<a title=\"1987\" href=\"https:\/\/it.wikipedia.org\/wiki\/1987\">1987<\/a>\u00a0alcune donne ebree ungheresi residenti in\u00a0<a title=\"Israele\" href=\"https:\/\/it.wikipedia.org\/wiki\/Israele\">Israele<\/a> rintracciarono finalmente Perlasca (reputato da molti un <a href=\"https:\/\/www.radiopiu.net\/wordpress\/la-giornata-della-memoria-doppio-appuntamento-a-limana\/c3ee73dc-4ec1-438c-98bb-e1e3068054a4\/\" rel=\"attachment wp-att-257141\"><img loading=\"lazy\" decoding=\"async\" class=\"wp-image-257141 alignright\" src=\"https:\/\/www.radiopiu.net\/wordpress\/wp-content\/uploads\/2022\/01\/c3ee73dc-4ec1-438c-98bb-e1e3068054a4-224x300.jpg\" alt=\"\" width=\"167\" height=\"224\" srcset=\"https:\/\/www.radiopiu.net\/wordpress\/wp-content\/uploads\/2022\/01\/c3ee73dc-4ec1-438c-98bb-e1e3068054a4-224x300.jpg 224w, https:\/\/www.radiopiu.net\/wordpress\/wp-content\/uploads\/2022\/01\/c3ee73dc-4ec1-438c-98bb-e1e3068054a4-765x1024.jpg 765w, https:\/\/www.radiopiu.net\/wordpress\/wp-content\/uploads\/2022\/01\/c3ee73dc-4ec1-438c-98bb-e1e3068054a4-768x1027.jpg 768w, https:\/\/www.radiopiu.net\/wordpress\/wp-content\/uploads\/2022\/01\/c3ee73dc-4ec1-438c-98bb-e1e3068054a4-1148x1536.jpg 1148w, https:\/\/www.radiopiu.net\/wordpress\/wp-content\/uploads\/2022\/01\/c3ee73dc-4ec1-438c-98bb-e1e3068054a4.jpg 1196w\" sizes=\"auto, (max-width: 167px) 100vw, 167px\" \/><\/a>cittadino spagnolo di nome Jorge, vista l&#8217;identit\u00e0 che aveva assunto) e divulgarono la sua storia di coraggio e solidariet\u00e0. Ancora in vita, Perlasca ricevette per la sua opera numerose medaglie e riconoscimenti. Il 23 settembre\u00a0<a title=\"1989\" href=\"https:\/\/it.wikipedia.org\/wiki\/1989\">1989<\/a>\u00a0fu insignito da\u00a0<a title=\"Israele\" href=\"https:\/\/it.wikipedia.org\/wiki\/Israele\">Israele<\/a>\u00a0del riconoscimento di\u00a0<a title=\"Giusti tra le nazioni\" href=\"https:\/\/it.wikipedia.org\/wiki\/Giusti_tra_le_nazioni\">Giusto tra le Nazioni<\/a>. (testo e foto wikipedia,\u00a0 foto Perlasca con il presidente della Repubblica\u00a0<a title=\"Francesco Cossiga\" href=\"https:\/\/it.wikipedia.org\/wiki\/Francesco_Cossiga\">Francesco Cossiga<\/a> il 30 giugno 1990)<\/p>\n<blockquote><p><em><span class=\"s1\">Il Comune, Assessorato alla Cultura e Biblioteca Comunale, in collaborazione con l\u2019Associazione Culturale Teatro Laboratorio di Brescia, in occasione della Giornata del Ricordo, propone un secondo appuntamento, mercoledi 9 febbraio alle 20.30 con <\/span><span class=\"s1\">\u00a0\u201cSorelle. Una storia per ricordare la tragedia delle Foibe\u201d, rappresentazione teatrale<\/span><span class=\"s1\"> presso la sala Luigi Nocivelli.<\/span><\/em><\/p><\/blockquote>\n<p>&nbsp;<\/p>\n<hr \/>\n<p>&nbsp;<\/p>\n<blockquote>\n<h3>FRANA PARADISI, ENTRO L&#8217;ANNO LA MESSA IN SICUREZZA<\/h3>\n<\/blockquote>\n<p><strong><a href=\"https:\/\/www.radiopiu.net\/wordpress\/giornale-radiopiu-01-febbraio-2022-direttore-mirko-mezzacasa\/paradisi-febbraio-2021-1\/\" rel=\"attachment wp-att-257155\"><img loading=\"lazy\" decoding=\"async\" class=\" wp-image-257155 alignleft\" src=\"https:\/\/www.radiopiu.net\/wordpress\/wp-content\/uploads\/2022\/01\/Paradisi-febbraio-2021-1-300x134.jpg\" alt=\"\" width=\"206\" height=\"92\" srcset=\"https:\/\/www.radiopiu.net\/wordpress\/wp-content\/uploads\/2022\/01\/Paradisi-febbraio-2021-1-300x134.jpg 300w, https:\/\/www.radiopiu.net\/wordpress\/wp-content\/uploads\/2022\/01\/Paradisi-febbraio-2021-1-1024x456.jpg 1024w, https:\/\/www.radiopiu.net\/wordpress\/wp-content\/uploads\/2022\/01\/Paradisi-febbraio-2021-1-768x342.jpg 768w, https:\/\/www.radiopiu.net\/wordpress\/wp-content\/uploads\/2022\/01\/Paradisi-febbraio-2021-1-1536x684.jpg 1536w, https:\/\/www.radiopiu.net\/wordpress\/wp-content\/uploads\/2022\/01\/Paradisi-febbraio-2021-1-2048x911.jpg 2048w\" sizes=\"auto, (max-width: 206px) 100vw, 206px\" \/><\/a>BELLUNO<\/strong> Entro il 2022 partiranno i lavori di sistemazione della frana di Paradisi (al confine tra i Comuni di Ponte nelle Alpi e Alpago). La Provincia di Belluno infatti ha approvato e finanziato l\u2019intervento da 1,7milioni di euro. Il dissesto risale a quasi otto anni fa. Nell\u2019aprile del 2014 una prima frana di vaste dimensioni si stacc\u00f2 dal versante destro della valle di San Piero, sopra l\u2019abitato di Arsi\u00e8, interrompendo la strada che porta alla frazione di Paradisi e Borgata Cassani, il dissesto si aggrav\u00f2 a seguito della tempesta <a href=\"https:\/\/www.radiopiu.net\/wordpress\/giornale-radiopiu-01-febbraio-2022-direttore-mirko-mezzacasa\/paradisi-particolare-ponte-1\/\" rel=\"attachment wp-att-257156\"><img loading=\"lazy\" decoding=\"async\" class=\"wp-image-257156 alignright\" src=\"https:\/\/www.radiopiu.net\/wordpress\/wp-content\/uploads\/2022\/01\/Paradisi-particolare-ponte-1-300x225.jpeg\" alt=\"\" width=\"193\" height=\"145\" srcset=\"https:\/\/www.radiopiu.net\/wordpress\/wp-content\/uploads\/2022\/01\/Paradisi-particolare-ponte-1-300x225.jpeg 300w, https:\/\/www.radiopiu.net\/wordpress\/wp-content\/uploads\/2022\/01\/Paradisi-particolare-ponte-1-1024x768.jpeg 1024w, https:\/\/www.radiopiu.net\/wordpress\/wp-content\/uploads\/2022\/01\/Paradisi-particolare-ponte-1-768x576.jpeg 768w, https:\/\/www.radiopiu.net\/wordpress\/wp-content\/uploads\/2022\/01\/Paradisi-particolare-ponte-1-1536x1152.jpeg 1536w, https:\/\/www.radiopiu.net\/wordpress\/wp-content\/uploads\/2022\/01\/Paradisi-particolare-ponte-1-2048x1536.jpeg 2048w\" sizes=\"auto, (max-width: 193px) 100vw, 193px\" \/><\/a>Vaia. Oggi la frana di Paradisi ha un fronte di circa 215 metri e una profondit\u00e0 di 8-10 metri, per un volume di terreno in movimento di circa 150-160mila metri cubi. \u00a0Il primo stralcio dei lavori\u00a0 \u00e8 gi\u00e0 stato contrattualizzato e i cantieri partiranno non appena ci saranno le condizioni per intervenire. Sono previsti lavori di alleggerimento della frana, con riprofilatura del versante e ripristino della rete idraulica del pendio, in modo da evitare le spinte dell\u2019acqua. Nel progetto rientrano anche alcune opere strutturali per la stabilizzazione dei terreni.<a href=\"https:\/\/www.radiopiu.net\/wordpress\/giornale-radiopiu-01-febbraio-2022-direttore-mirko-mezzacasa\/default-7\/\" rel=\"attachment wp-att-257157\"><img loading=\"lazy\" decoding=\"async\" class=\"size-medium wp-image-257157 alignleft\" src=\"https:\/\/www.radiopiu.net\/wordpress\/wp-content\/uploads\/2022\/01\/Paradisi-visuale-dinsieme-1-300x225.jpg\" alt=\"\" width=\"300\" height=\"225\" srcset=\"https:\/\/www.radiopiu.net\/wordpress\/wp-content\/uploads\/2022\/01\/Paradisi-visuale-dinsieme-1-300x225.jpg 300w, https:\/\/www.radiopiu.net\/wordpress\/wp-content\/uploads\/2022\/01\/Paradisi-visuale-dinsieme-1-1024x768.jpg 1024w, https:\/\/www.radiopiu.net\/wordpress\/wp-content\/uploads\/2022\/01\/Paradisi-visuale-dinsieme-1-768x576.jpg 768w, https:\/\/www.radiopiu.net\/wordpress\/wp-content\/uploads\/2022\/01\/Paradisi-visuale-dinsieme-1.jpg 1134w\" sizes=\"auto, (max-width: 300px) 100vw, 300px\" \/><\/a><\/p>\n<p><em>\u00abRingrazio la Provincia e il dottor Pierantonio Zanchetta per aver assunto l\u2019impegno a intervenire su un problema complesso\u00bb afferma il sindaco di Ponte nelle Alpi, Paolo Vendramini, che recentemente \u00e8 stato in sopralluogo con i tecnici provinciali e con il sindaco di Alpago, Alberto Peterle. \u00abGarantire sicurezza in una zona splendida dal punto di vista paesaggistico, ma difficile da vivere, \u00e8 sicuramente uno dei modi per far vivere le frazioni alte del nostro territorio\u00bb.\u00a0\u00a0<\/em><\/p>\n<p>&nbsp;<\/p>\n<p>&nbsp;<\/p>\n<p>&nbsp;<\/p>\n<p>&nbsp;<\/p>\n<hr \/>\n<blockquote><p>&nbsp;<\/p>\n<h3>OPEN TALK, MORBEGNO DIALOGA CON BELLUNO<\/h3>\n<\/blockquote>\n<p><strong>BELLUNO<\/strong>\u00a0 Oggi si tiene la quinta tappa di Montagna 4.0 FuturaAlps\u00a0 che sta percorrendo in sei tappe l\u2019intero territorio della Provincia in collegamento e dialogo interattivo con altre realt\u00e0 dell\u2019arco alpino dal Friuli al Piemonte. I temi dell&#8217;edizione: sostenibilit\u00e0, Inclusione, digitalizzazione che hanno forte impatto anche a livello locale. Il tema della tappa \u00e8 legato allo sviluppo di nuove opportunit\u00e0 imprenditoriali grazie anche alle nuove tecnologie e alla digitalizzazione come strumento chiave da coniugarsi con sostenibilit\u00e0 e inclusione.<\/p>\n<p>&nbsp;<\/p>\n<p>&nbsp;<\/p>\n<hr \/>\n<\/div>\n<\/div>\n<\/div>\n<blockquote>\n<h3><\/h3>\n<h3>UNO SVEDESE E UNA ROMAGNOLA MIGRANO IN AGORDINO PER IL CAMBIAMENTO CLIMATICO<\/h3>\n<\/blockquote>\n<p><strong>GOSALDO l&#8217;iniziativa del Corriere delle Alpi del lunedi, la vignetta di Erica Andrich. &#8220;vivere l&#8217;Agordino&#8221;<\/strong><\/p>\n<p>di Gianni Santomaso<\/p>\n<audio class=\"wp-audio-shortcode\" id=\"audio-257009-5\" preload=\"none\" style=\"width: 100%;\" controls=\"controls\"><source type=\"audio\/mpeg\" src=\"https:\/\/www.radiopiu.net\/wordpress\/wp-content\/uploads\/2022\/01\/GIANNI-KALLE-E-MIRIAM-SPECIALE.mp3?_=5\" \/><a href=\"https:\/\/www.radiopiu.net\/wordpress\/wp-content\/uploads\/2022\/01\/GIANNI-KALLE-E-MIRIAM-SPECIALE.mp3\">https:\/\/www.radiopiu.net\/wordpress\/wp-content\/uploads\/2022\/01\/GIANNI-KALLE-E-MIRIAM-SPECIALE.mp3<\/a><\/audio>\n<p>&nbsp;<\/p>\n\n\t\t\t<style type='text\/css'>\n\t\t\t\t#gallery-6 {\n\t\t\t\t\tmargin: auto;\n\t\t\t\t}\n\t\t\t\t#gallery-6 .gallery-item {\n\t\t\t\t\tfloat: left;\n\t\t\t\t\tmargin-top: 10px;\n\t\t\t\t\ttext-align: center;\n\t\t\t\t\twidth: 50%;\n\t\t\t\t}\n\t\t\t\t#gallery-6 img {\n\t\t\t\t\tborder: 2px solid #cfcfcf;\n\t\t\t\t}\n\t\t\t\t#gallery-6 .gallery-caption {\n\t\t\t\t\tmargin-left: 0;\n\t\t\t\t}\n\t\t\t\t\/* see gallery_shortcode() in wp-includes\/media.php *\/\n\t\t\t<\/style>\n\t\t<div id='gallery-6' class='dt-gallery-container gallery galleryid-257009 gallery-columns-2 gallery-size-thumbnail'><dl class='gallery-item'>\n\t\t\t\t<dt class='gallery-icon landscape'>\n\t\t\t\t\t<a class=\"rollover rollover-zoom dt-pswp-item\" title=\"0\" data-dt-img-description=\"\" data-large_image_width=\"1981\" data-large_image_height=\"1926\"href='https:\/\/www.radiopiu.net\/wordpress\/wp-content\/uploads\/2022\/01\/0-3.png'><img loading=\"lazy\" decoding=\"async\" width=\"150\" height=\"150\" src=\"https:\/\/www.radiopiu.net\/wordpress\/wp-content\/uploads\/2022\/01\/0-3-150x150.png\" class=\"attachment-thumbnail size-thumbnail\" alt=\"\" \/><\/a>\n\t\t\t\t<\/dt><\/dl><dl class='gallery-item'>\n\t\t\t\t<dt class='gallery-icon landscape'>\n\t\t\t\t\t<a class=\"rollover rollover-zoom dt-pswp-item\" title=\"f0947076-feca-4d57-a560-4ce402581b46\" data-dt-img-description=\"\" data-large_image_width=\"1024\" data-large_image_height=\"769\"href='https:\/\/www.radiopiu.net\/wordpress\/wp-content\/uploads\/2022\/01\/f0947076-feca-4d57-a560-4ce402581b46.jpg'><img loading=\"lazy\" decoding=\"async\" width=\"150\" height=\"150\" src=\"https:\/\/www.radiopiu.net\/wordpress\/wp-content\/uploads\/2022\/01\/f0947076-feca-4d57-a560-4ce402581b46-150x150.jpg\" class=\"attachment-thumbnail size-thumbnail\" alt=\"\" \/><\/a>\n\t\t\t\t<\/dt><\/dl><br style=\"clear: both\" \/>\n\t\t\t<\/div>\n\n<p>&nbsp;<\/p>\n<p>&nbsp;<\/p>\n<hr \/>\n<p>&nbsp;<\/p>\n<blockquote>\n<h3>ADOLE\u2013SCIENZA: INCONTRI ONLINE PER GENITORI<\/h3>\n<\/blockquote>\n<p><strong>BELLUNO <\/strong>Il Dipartimento Dipendenze dell\u2019Ulss Dolomiti ha organizzato una serie di incontri per genitori e adulti di riferimento di ragazzi adolescenti. Gli incontri si terranno online dalle 20.30 alle 22.00.<\/p>\n<p>&nbsp;<\/p>\n<hr \/>\n<p>&nbsp;<\/p>\n<blockquote>\n<h3><br role=\"presentation\" \/><span dir=\"ltr\" role=\"presentation\">CONCORSO, PER TITOLI ED ESAMI, PER L\u2019AMMISSIONE DI 66 ALLIEVI UFFICIALI<\/span><\/h3>\n<\/blockquote>\n<p><strong>BELLUNO<\/strong> <span dir=\"ltr\" role=\"presentation\">E&#8217; stato pubblicato il <\/span><span dir=\"ltr\" role=\"presentation\">concorso, per titoli ed esami, per l\u2019ammissione di 15 tenenti in servizio permanente effettivo<\/span><span dir=\"ltr\" role=\"presentation\">. <\/span><span dir=\"ltr\" role=\"presentation\">Possono partecipare al concorso i cittadini<\/span><span dir=\"ltr\" role=\"presentation\"> in possesso del diploma di istruzione secondaria di secondo grado, coloro che<\/span><span dir=\"ltr\" role=\"presentation\"> lo conseguano nell\u2019anno scolastico 2022\/2023; abbiano compiuto il 17\u00b0 anno e <\/span><span dir=\"ltr\" role=\"presentation\">non abbiano superato il 22\u00b0. <\/span><span dir=\"ltr\" role=\"presentation\">La domanda di partecipazione al concorso va presentata\u00a0 entro le ore 12 del 17 febbraio (<\/span><span dir=\"ltr\" role=\"presentation\">https:\/\/concorsi.gdf.gov.it.)<\/span><\/p>\n<p>&nbsp;<\/p>\n<p>&nbsp;<\/p>\n<hr \/>\n<p>&nbsp;<\/p>\n<blockquote>\n<h3>CONOSCERE LE FARFALLE CON IL PARCO NAZIONALE DOLOMITI BELLUNESI<\/h3>\n<\/blockquote>\n<p><strong><a href=\"https:\/\/www.radiopiu.net\/wordpress\/giornale-radiopiu-01-febbraio-2022-direttore-mirko-mezzacasa\/farfalla\/\" rel=\"attachment wp-att-257091\"><img loading=\"lazy\" decoding=\"async\" class=\" wp-image-257091 alignleft\" src=\"https:\/\/www.radiopiu.net\/wordpress\/wp-content\/uploads\/2022\/01\/FARFALLA-300x211.jpg\" alt=\"\" width=\"252\" height=\"177\" srcset=\"https:\/\/www.radiopiu.net\/wordpress\/wp-content\/uploads\/2022\/01\/FARFALLA-300x211.jpg 300w, https:\/\/www.radiopiu.net\/wordpress\/wp-content\/uploads\/2022\/01\/FARFALLA-1024x722.jpg 1024w, https:\/\/www.radiopiu.net\/wordpress\/wp-content\/uploads\/2022\/01\/FARFALLA-768x541.jpg 768w, https:\/\/www.radiopiu.net\/wordpress\/wp-content\/uploads\/2022\/01\/FARFALLA-1536x1082.jpg 1536w, https:\/\/www.radiopiu.net\/wordpress\/wp-content\/uploads\/2022\/01\/FARFALLA.jpg 1920w\" sizes=\"auto, (max-width: 252px) 100vw, 252px\" \/><\/a>FELTRE<\/strong> Il Dipartimento di Biologia dell\u2019Universit\u00e0 di Padova e il Parco Nazionale Dolomiti Bellunesi propongono una seconda edizione del corso: Farfalle delle Alpi Orientali. Conoscere e identificare le specie collinari e montane del Nord Est Italia. La richiesta di partecipazione va compilata on-line entro il 20 febbraio.<\/p>\n<p>&nbsp;<\/p>\n<p>&nbsp;<\/p>\n<p>&nbsp;<\/p>\n<p>&nbsp;<\/p>\n<p>&nbsp;<\/p>\n<hr \/>\n<p>&nbsp;<\/p>\n<blockquote>\n<h3>A LIMANA PER LA GIORNATA DEL RICORDO<\/h3>\n<\/blockquote>\n<p><strong>LIMANA <\/strong><span class=\"s1\">Il Comune di Limana, Assessorato alla Cultura e Biblioteca Comunale, in collaborazione con l&#8217;Associazione Culturale Teatro Laboratorio di Brescia, in occasione della Giornata del Ricordo, \u00e8 lieto di presentare: <\/span><span class=\"s1\">MERCOLEDI&#8217; 9 FEBBRAIO alle 20.30 &#8220;Sorelle. Una storia per ricordare la tragedia delle Foibe&#8221;, rappresentazione teatrale<\/span><span class=\"s1\">\u00a0presso la sala Luigi Nocivelli, ingresso dietro la Biblioteca Comunale di Limana, Via Ruggero Fiabane n. 3.<\/span><\/p>\n<p>&nbsp;<\/p>\n<p>&nbsp;<\/p>\n<hr \/>\n<p>&nbsp;<\/p>\n<p><span style=\"color: #ff0000;\"><strong>CGIA MESTRE<\/strong><\/span><\/p>\n<blockquote class=\"wp-embedded-content\" data-secret=\"qoj3EYKK6y\"><p><a href=\"https:\/\/www.radiopiu.net\/wordpress\/caro-gasolio-nellultimo-anno-per-ogni-tir-un-costo-aggiuntivo-di-8-600-euro\/\">CARO GASOLIO: NELL\u2019ULTIMO ANNO PER OGNI TIR UN COSTO AGGIUNTIVO DI 8.600 EURO<\/a><\/p><\/blockquote>\n<p><iframe loading=\"lazy\" class=\"wp-embedded-content\" sandbox=\"allow-scripts\" security=\"restricted\" style=\"position: absolute; clip: rect(1px, 1px, 1px, 1px);\" title=\"&#8220;CARO GASOLIO: NELL\u2019ULTIMO ANNO PER OGNI TIR UN COSTO AGGIUNTIVO DI 8.600 EURO&#8221; &#8212; Radio Pi\u00f9\" src=\"https:\/\/www.radiopiu.net\/wordpress\/caro-gasolio-nellultimo-anno-per-ogni-tir-un-costo-aggiuntivo-di-8-600-euro\/embed\/#?secret=qoj3EYKK6y\" data-secret=\"qoj3EYKK6y\" width=\"600\" height=\"338\" frameborder=\"0\" marginwidth=\"0\" marginheight=\"0\" scrolling=\"no\"><\/iframe><\/p>\n<p>&nbsp;<\/p>\n<hr \/>\n<p>&nbsp;<\/p>\n<blockquote>\n<h3>\u201cUNA GIORNATA A BELLUNO\u201d GUIDA BREVE ED ESSENZIALE CHE SI RIVOLGE ALL\u2019OSPITE<\/h3>\n<\/blockquote>\n<p>di\u00a0 RENATO BONA<\/p>\n<p>\u201cUna giornata a Belluno\u201d \u00e8 il titolo di un libro (purtroppo oggi di fatto introvabile\u2026) di quasi 130 pagine che si rivolge all\u2019ospite edito nel dicembre 1993 dall\u2019Istituto bellunese di ricerche sociali e culturali con Bertoncello arti grafiche di Cittadella; testi redatti dal Gruppo operatori culturali: Andrea Basile, Sandra Bardin, Mariagrazia Bortot, Federico Bressan, Sergio Sacco; foto a colori di Giorgio Ghe; foto in bianco e nero di Gigetto De BortolI; cartina topografica eseguita dallo studio tecnico dell\u2019architetto Roberto Reolon; traduzioni curate dalla scuola di lingue \u201cMarco Polo\u201d; in copertina: Belluno visto da sud-est. I redattori puntualizzano che si tratta di una guida breve ed essenziale che non intende porsi in concorrenza con altre pubblicazioni pi\u00f9 complete e pi\u00f9 titolate (e citano in proposito l\u2019importante \u201cBelluno: storia architettura arte\u201d di Gigetto De Bortoli. Andrea Moro e Flavio Vizzutti \u201cvera miniera di notizie da cui sono state tratte le annotazioni che sostanziano la presente opera\u201d). Convinti, come giustamente sono, \u201cche una guida rapida ed abbondantemente illustrata possa essere pi\u00f9 indicata per quanti avessero poco tempo per rimanere in Citt\u00e0\u201d. Presentano dunque ci\u00f2 che hanno ritenuto essenziale per un primo approccio a Belluno, proponendo gli scorci pi\u00f9 caratteristici e pi\u00f9 cari. Concludono la presentazione auspicando che \u201cUna giornata a Belluno\u201d interessi pure i bellunesi. \u201cdesiderosi di un prontuario rapido per conoscere meglio la loro citt\u00e0\u201d. Si parte dunque con: \u201cAspetti salienti di Belluno\u201d richiamando la leggenda secondo la quale San Martino (patrono della Citt\u00e0 e della Diocesi \u2013 ndr.) \u201cera di passaggio per le nostre zone e per sfuggire alla persecuzione del Diavolo si rifugi\u00f2 sui monti che proteggono Belluno da Nord; vi leg\u00f2 il suo giumento a un anello che si trova ancora l\u00ec in qualche parte, chiss\u00e0 dove. Un anello d\u2019oro, da cui il nome dell\u2019intera montagna: S\u2019ciara anello) che \u00e8 il primo avamposto delle Dolomiti per chi giunge dal Sud\u201d. Quindi una succinta descrizione dell\u2019ambiente geografico della Val Belluna, verde e splendida, una delle pi\u00f9 ampie dell\u2019arco alpino, bellissima dal punto di vista paesaggistico. Larga al massimo 11 chilometri e lunga pi\u00f9 di 40. Particolarmente ridente e soleggiata, con a nord il Cadore e Zoldo, a ovest l\u2019Agordino, a sud il Feltrino \u201ctutte zone che compongono la provincia di Belluno e che sono assai note sia per le loro bellezze naturali, sia per la loro storia passata e recente, e l\u2019industriosit\u00e0 delle loro genti\u201d. Seguono \u201cCenni storici\u201d per ricordare che \u201c\u2026 I Romani accolsero Belluno come \u2018municipium\u2019 dopo la fondazione della vicina Aquileia nel 175 avanti Cristo e la nostra citt\u00e0 fu un centro ben vivo; lo attestano parecchi reperti visibili al Museo civico; tra di essi celebre il sarcofago di Flavio Ostilio. Noto \u00e8 pure il suo collegamento con la vicina Claudia Augusta Altinate costruita da Drusio nel 15 a.C.\u201d. Ma \u201cAlla caduta di Roma Belluno visse le tristi vicende delle invasioni barbariche. In particolare i longobardi la fecero oggetto di una riorganizzazione territoriale e urbanistica, conferendole il ruolo di sede di \u2018sculdascia\u2019. Dell\u2019epoca longobarda rimane in citt\u00e0 un portale, in una stretta viuzza del centro\u201d. Un salto in avanti per rammentare che: \u201cAlla caduta di Venezia, Belluno pass\u00f2 all\u2019impero austriaco\u201d e nel 1805entr\u00f2 a far parte del napoleonico Regno d\u2019Italia divenendo capoluogo del Dipartimento della Piave\u201d i cui confini corrispondevano all\u2019incirca all\u2019attuale territorio provinciale\u201d.Poi, ed \u00e8 storia meno lontana, le due guerre mondiali. Seguono: \u201cPersonaggi famosi\u201d ricordando Pierio Valeriano (Belluno 1447-Padova 1558), scrittore ed educatore; Tito Livio Burattini (Agordo 1617-Cracovia 1680), grande matematico e fisico, architetto, politico; Sebastiano Ricci (Belluno 1659-Venezia 1734) uno dei massimi pittori europei tra 6 e \u2018700 ; Girolamo Segato (Vedana 1792-Firenze 1836) noto per la pietrificazione dei tessuti corporei umani e animali; mons. Albino Luciani Papa Giovanni Paolo I (Canale d\u2019Agordo 1912-Roma 1978) il \u201cpapa bellunese del sorriso\u201dmancato dopo soli 33 giorni di pontificato, secondo pontefice bellunese della storia dopo Gregorio XVI. C\u2019\u00e8 poi l\u2019elencazione dei \u201cLuoghi di cultura!\u201d, un richiamo a \u201cLa cucina bellunese\u201d quindi ai \u201cLuoghi di svago e di divertimento\u201d e all\u2019 \u201cartigianato artistico bellunese\u201d. Il libro si chiude dando il giusto spazio a qualcosa come \u201cTrenta monumenti di Belluno\u201d (sui quali avremo modo di soffermarci prossimamente).<\/p>\n\n\t\t\t<style type='text\/css'>\n\t\t\t\t#gallery-7 {\n\t\t\t\t\tmargin: auto;\n\t\t\t\t}\n\t\t\t\t#gallery-7 .gallery-item {\n\t\t\t\t\tfloat: left;\n\t\t\t\t\tmargin-top: 10px;\n\t\t\t\t\ttext-align: center;\n\t\t\t\t\twidth: 25%;\n\t\t\t\t}\n\t\t\t\t#gallery-7 img {\n\t\t\t\t\tborder: 2px solid #cfcfcf;\n\t\t\t\t}\n\t\t\t\t#gallery-7 .gallery-caption {\n\t\t\t\t\tmargin-left: 0;\n\t\t\t\t}\n\t\t\t\t\/* see gallery_shortcode() in wp-includes\/media.php *\/\n\t\t\t<\/style>\n\t\t<div id='gallery-7' class='dt-gallery-container gallery galleryid-257009 gallery-columns-4 gallery-size-thumbnail'><dl class='gallery-item'>\n\t\t\t\t<dt class='gallery-icon landscape'>\n\t\t\t\t\t<a class=\"rollover rollover-zoom dt-pswp-item\" title=\"272272605_992414144998885_8842777860851039676_n\" data-dt-img-description=\"\" data-large_image_width=\"282\" data-large_image_height=\"206\"href='https:\/\/www.radiopiu.net\/wordpress\/wp-content\/uploads\/2022\/01\/272272605_992414144998885_8842777860851039676_n.jpg'><img loading=\"lazy\" decoding=\"async\" width=\"150\" height=\"150\" src=\"https:\/\/www.radiopiu.net\/wordpress\/wp-content\/uploads\/2022\/01\/272272605_992414144998885_8842777860851039676_n-150x150.jpg\" class=\"attachment-thumbnail size-thumbnail\" alt=\"\" \/><\/a>\n\t\t\t\t<\/dt><\/dl><dl class='gallery-item'>\n\t\t\t\t<dt class='gallery-icon landscape'>\n\t\t\t\t\t<a class=\"rollover rollover-zoom dt-pswp-item\" title=\"272235437_449081073576598_4282576807336435057_n\" data-dt-img-description=\"\" data-large_image_width=\"339\" data-large_image_height=\"206\"href='https:\/\/www.radiopiu.net\/wordpress\/wp-content\/uploads\/2022\/01\/272235437_449081073576598_4282576807336435057_n.jpg'><img loading=\"lazy\" decoding=\"async\" width=\"150\" height=\"150\" src=\"https:\/\/www.radiopiu.net\/wordpress\/wp-content\/uploads\/2022\/01\/272235437_449081073576598_4282576807336435057_n-150x150.jpg\" class=\"attachment-thumbnail size-thumbnail\" alt=\"\" \/><\/a>\n\t\t\t\t<\/dt><\/dl><dl class='gallery-item'>\n\t\t\t\t<dt class='gallery-icon portrait'>\n\t\t\t\t\t<a class=\"rollover rollover-zoom dt-pswp-item\" title=\"271716269_484281736540907_8618800221607584550_n\" data-dt-img-description=\"\" data-large_image_width=\"154\" data-large_image_height=\"240\"href='https:\/\/www.radiopiu.net\/wordpress\/wp-content\/uploads\/2022\/01\/271716269_484281736540907_8618800221607584550_n.jpg'><img loading=\"lazy\" decoding=\"async\" width=\"150\" height=\"150\" src=\"https:\/\/www.radiopiu.net\/wordpress\/wp-content\/uploads\/2022\/01\/271716269_484281736540907_8618800221607584550_n-150x150.jpg\" class=\"attachment-thumbnail size-thumbnail\" alt=\"\" \/><\/a>\n\t\t\t\t<\/dt><\/dl><dl class='gallery-item'>\n\t\t\t\t<dt class='gallery-icon portrait'>\n\t\t\t\t\t<a class=\"rollover rollover-zoom dt-pswp-item\" title=\"272410470_5196172610395679_6896994565897230480_n\" data-dt-img-description=\"\" data-large_image_width=\"152\" data-large_image_height=\"225\"href='https:\/\/www.radiopiu.net\/wordpress\/wp-content\/uploads\/2022\/01\/272410470_5196172610395679_6896994565897230480_n.jpg'><img loading=\"lazy\" decoding=\"async\" width=\"150\" height=\"150\" src=\"https:\/\/www.radiopiu.net\/wordpress\/wp-content\/uploads\/2022\/01\/272410470_5196172610395679_6896994565897230480_n-150x150.jpg\" class=\"attachment-thumbnail size-thumbnail\" alt=\"\" \/><\/a>\n\t\t\t\t<\/dt><\/dl><br style=\"clear: both\" \/><dl class='gallery-item'>\n\t\t\t\t<dt class='gallery-icon portrait'>\n\t\t\t\t\t<a class=\"rollover rollover-zoom dt-pswp-item\" title=\"272283392_535762190830926_566195213988640316_n\" data-dt-img-description=\"\" data-large_image_width=\"155\" data-large_image_height=\"225\"href='https:\/\/www.radiopiu.net\/wordpress\/wp-content\/uploads\/2022\/01\/272283392_535762190830926_566195213988640316_n.jpg'><img loading=\"lazy\" decoding=\"async\" width=\"150\" height=\"150\" src=\"https:\/\/www.radiopiu.net\/wordpress\/wp-content\/uploads\/2022\/01\/272283392_535762190830926_566195213988640316_n-150x150.jpg\" class=\"attachment-thumbnail size-thumbnail\" alt=\"\" \/><\/a>\n\t\t\t\t<\/dt><\/dl><dl class='gallery-item'>\n\t\t\t\t<dt class='gallery-icon landscape'>\n\t\t\t\t\t<a class=\"rollover rollover-zoom dt-pswp-item\" title=\"272245064_660411488736467_8886259863528256319_n\" data-dt-img-description=\"\" data-large_image_width=\"296\" data-large_image_height=\"202\"href='https:\/\/www.radiopiu.net\/wordpress\/wp-content\/uploads\/2022\/01\/272245064_660411488736467_8886259863528256319_n.jpg'><img loading=\"lazy\" decoding=\"async\" width=\"150\" height=\"150\" src=\"https:\/\/www.radiopiu.net\/wordpress\/wp-content\/uploads\/2022\/01\/272245064_660411488736467_8886259863528256319_n-150x150.jpg\" class=\"attachment-thumbnail size-thumbnail\" alt=\"\" \/><\/a>\n\t\t\t\t<\/dt><\/dl><dl class='gallery-item'>\n\t\t\t\t<dt class='gallery-icon portrait'>\n\t\t\t\t\t<a class=\"rollover rollover-zoom dt-pswp-item\" title=\"272849374_399936931906803_7548796944066907447_n\" data-dt-img-description=\"\" data-large_image_width=\"152\" data-large_image_height=\"225\"href='https:\/\/www.radiopiu.net\/wordpress\/wp-content\/uploads\/2022\/01\/272849374_399936931906803_7548796944066907447_n.jpg'><img loading=\"lazy\" decoding=\"async\" width=\"150\" height=\"150\" src=\"https:\/\/www.radiopiu.net\/wordpress\/wp-content\/uploads\/2022\/01\/272849374_399936931906803_7548796944066907447_n-150x150.jpg\" class=\"attachment-thumbnail size-thumbnail\" alt=\"\" \/><\/a>\n\t\t\t\t<\/dt><\/dl><dl class='gallery-item'>\n\t\t\t\t<dt class='gallery-icon landscape'>\n\t\t\t\t\t<a class=\"rollover rollover-zoom dt-pswp-item\" title=\"272194843_254609473524579_7071005656000517150_n\" data-dt-img-description=\"\" data-large_image_width=\"308\" data-large_image_height=\"206\"href='https:\/\/www.radiopiu.net\/wordpress\/wp-content\/uploads\/2022\/01\/272194843_254609473524579_7071005656000517150_n.jpg'><img loading=\"lazy\" decoding=\"async\" width=\"150\" height=\"150\" src=\"https:\/\/www.radiopiu.net\/wordpress\/wp-content\/uploads\/2022\/01\/272194843_254609473524579_7071005656000517150_n-150x150.jpg\" class=\"attachment-thumbnail size-thumbnail\" alt=\"\" \/><\/a>\n\t\t\t\t<\/dt><\/dl><br style=\"clear: both\" \/>\n\t\t\t<\/div>\n\n<p>NELLE FOTO (riproduzioni dal libro \u201cUna giornata a Belluno\u201d): copertina della pubblicazione; retrocopertina; l\u2019antico sigillo della Citt\u00e0 di impronta medievale che raffigura un elemento architettonico caratteristico di quei tempi: il Castello bellunese che come i molti altri serviva per difendere la gente dalle scorrerie provenienti in particolare dal Nord; il sarcofago di Flavio Ostilio quando era ancora accanto alla chiesa di Santo Stefano; immagine di inizio secolo con un gruppo di zattieri su una grande zattera, scena allora abituale mentre oggi viene ogni tanto riproposta come celebrazione del passato; il \u201cpom nosel\u00e0\u201d ossia la mela ornata di noci e rametti di tasso, un omaggio tradizionale bellunese, simbolo di buon augurio e di prosperit\u00e0; il magnifico Gruppo dolomitico della Schiara con la Gusela del Vescov\u00e0; uno dei tanti splendidi panorami bellunesi.<\/p>\n<p>&nbsp;<\/p>\n<p>&nbsp;<\/p>\n<p>&nbsp;<\/p>\n<hr \/>\n<p>&nbsp;<\/p>\n<h2><span style=\"color: #ff0000;\">IERI ALLA RADIO\u00a0<\/span><\/h2>\n<h3><span style=\"color: #008000;\">LO ZERO TERMICO CON GIULIANO FEDERA DELLA BANDA DA FODOM<\/span><\/h3>\n<h3>INVERNO 2022: LO ZERO TERMICO E\u2019\u2026.A RADIO PIU\u2019.<\/h3>\n<blockquote><p><em><a href=\"https:\/\/www.radiopiu.net\/wordpress\/giornale-radiopiu-06-giugno-2018-direttore-mirko-mezzacasa\/148079-2\/\" rel=\"attachment wp-att-50179\"><img loading=\"lazy\" decoding=\"async\" class=\" wp-image-50179 alignleft\" src=\"https:\/\/www.radiopiu.net\/wordpress\/wp-content\/uploads\/2018\/06\/148079-300x200.jpg\" alt=\"\" width=\"168\" height=\"112\" srcset=\"https:\/\/www.radiopiu.net\/wordpress\/wp-content\/uploads\/2018\/06\/148079-300x200.jpg 300w, https:\/\/www.radiopiu.net\/wordpress\/wp-content\/uploads\/2018\/06\/148079.jpg 720w\" sizes=\"auto, (max-width: 168px) 100vw, 168px\" \/><\/a>ZERO TERMICO E\u2019 UN VIAGGIO ALLA SCOPERTA DEL NOSTRO TERRITORIO, DALLA VOCE DEI PROTAGONISTI. TURISMO, SPORT, EVENTI, CULTURA, INTRATTENIMENTO. DAL LUNEDI\u2019 AL VENERDI ALLE 15.10 ALLE 20.30. ZERO TERMICO. UN APPUNTAMENTO IN COLLABORAZIONE CON: SPORT 203. LA NATURALE PORTA D\u2019INGRESSO\u2026.VERSO LO ZERO TERMICO. LOCALITA\u2019 LE CAMPE STRADA AGORDO BELLUNO. ABBIGLIAMENTO E ATTREZZATURA\u2026.DEDICATI A CHI AMA LA MONTAGNA.<\/em><\/p><\/blockquote>\n<p><strong>di Claudio Fontanive PUNTATA 16, OSPITE GIULIANO FEDERA<\/strong><\/p>\n<audio class=\"wp-audio-shortcode\" id=\"audio-257009-6\" preload=\"none\" style=\"width: 100%;\" controls=\"controls\"><source type=\"audio\/mpeg\" src=\"https:\/\/www.radiopiu.net\/wordpress\/wp-content\/uploads\/2022\/01\/giuliano-federa-banda-fodom-31-gennaio.mp3?_=6\" \/><a href=\"https:\/\/www.radiopiu.net\/wordpress\/wp-content\/uploads\/2022\/01\/giuliano-federa-banda-fodom-31-gennaio.mp3\">https:\/\/www.radiopiu.net\/wordpress\/wp-content\/uploads\/2022\/01\/giuliano-federa-banda-fodom-31-gennaio.mp3<\/a><\/audio>\n<p>&nbsp;<\/p>\n<hr \/>\n<p>&nbsp;<\/p>\n<h2><span style=\"color: #ff6600;\">007 IN CONDOTTA<\/span><\/h2>\n<p><strong>PUNTATA DEL 31 GENNAIO 2022<\/strong><\/p>\n<audio class=\"wp-audio-shortcode\" id=\"audio-257009-7\" preload=\"none\" style=\"width: 100%;\" controls=\"controls\"><source type=\"audio\/mpeg\" src=\"https:\/\/www.radiopiu.net\/wordpress\/wp-content\/uploads\/2022\/01\/007-31-gennaio.mp3?_=7\" \/><a href=\"https:\/\/www.radiopiu.net\/wordpress\/wp-content\/uploads\/2022\/01\/007-31-gennaio.mp3\">https:\/\/www.radiopiu.net\/wordpress\/wp-content\/uploads\/2022\/01\/007-31-gennaio.mp3<\/a><\/audio>\n<p><strong>LA RACCOLTA\u00a0<\/strong><\/p>\n<blockquote class=\"wp-embedded-content\" data-secret=\"2a8ON2BjNx\"><p><a href=\"https:\/\/www.radiopiu.net\/wordpress\/007incondotta-9\/\">007 in condotta<\/a><\/p><\/blockquote>\n<p><iframe loading=\"lazy\" class=\"wp-embedded-content\" sandbox=\"allow-scripts\" security=\"restricted\" style=\"position: absolute; clip: rect(1px, 1px, 1px, 1px);\" title=\"&#8220;007 in condotta&#8221; &#8212; Radio Pi\u00f9\" src=\"https:\/\/www.radiopiu.net\/wordpress\/007incondotta-9\/embed\/#?secret=2a8ON2BjNx\" data-secret=\"2a8ON2BjNx\" width=\"600\" height=\"338\" frameborder=\"0\" marginwidth=\"0\" marginheight=\"0\" scrolling=\"no\"><\/iframe><\/p>\n<p>&nbsp;<\/p>\n<hr \/>\n<p>&nbsp;<\/p>\n<h2><span style=\"color: #00ccff;\">SALUTE &amp; SOCIETA&#8217;<\/span><\/h2>\n<p><strong><a href=\"https:\/\/www.radiopiu.net\/wordpress\/giornale-radiopiu-01-febbraio-2022-direttore-mirko-mezzacasa\/4b7cb3c2-3a1d-f097-e0c7-7c147df41fc5-2\/\" rel=\"attachment wp-att-257069\"><img loading=\"lazy\" decoding=\"async\" class=\"size-medium wp-image-257069 alignleft\" src=\"https:\/\/www.radiopiu.net\/wordpress\/wp-content\/uploads\/2022\/01\/4b7cb3c2-3a1d-f097-e0c7-7c147df41fc5-1-300x167.jpg\" alt=\"\" width=\"300\" height=\"167\" srcset=\"https:\/\/www.radiopiu.net\/wordpress\/wp-content\/uploads\/2022\/01\/4b7cb3c2-3a1d-f097-e0c7-7c147df41fc5-1-300x167.jpg 300w, https:\/\/www.radiopiu.net\/wordpress\/wp-content\/uploads\/2022\/01\/4b7cb3c2-3a1d-f097-e0c7-7c147df41fc5-1-768x427.jpg 768w, https:\/\/www.radiopiu.net\/wordpress\/wp-content\/uploads\/2022\/01\/4b7cb3c2-3a1d-f097-e0c7-7c147df41fc5-1.jpg 800w\" sizes=\"auto, (max-width: 300px) 100vw, 300px\" \/><\/a>PUNTATA DEL 31 GENNAIO 2022<\/strong><\/p>\n<p><strong>Aspergillosi invasiva:<\/strong> In questi anni di Covid abbiamo avuto un aumento delle infezioni da aspergillosi, per quali motivi? Il servizio di Danilo Magliano in occasione del congresso SIMIT2021<\/p>\n<p><strong>Ecobiologia ed ecosistema della pelle:<\/strong> L\u2019ecobiologia \u00e8 un approccio scientifico che fonda le proprie radici nella biologia per preservare l&#8217;ecosistema della pelle e rafforzarne i meccanismi naturali d\u2019azione<\/p>\n<audio class=\"wp-audio-shortcode\" id=\"audio-257009-8\" preload=\"none\" style=\"width: 100%;\" controls=\"controls\"><source type=\"audio\/mpeg\" src=\"https:\/\/www.radiopiu.net\/wordpress\/wp-content\/uploads\/2022\/01\/SALUTE-4.mp3?_=8\" \/><a href=\"https:\/\/www.radiopiu.net\/wordpress\/wp-content\/uploads\/2022\/01\/SALUTE-4.mp3\">https:\/\/www.radiopiu.net\/wordpress\/wp-content\/uploads\/2022\/01\/SALUTE-4.mp3<\/a><\/audio>\n<p>&nbsp;<\/p>\n<hr \/>\n<p>&nbsp;<\/p>\n<div>\n<div class=\"b654a4as d2edcug0\">\n<div class=\"rq0escxv hkbzh7o3 jwdofwj8 n8tt0mok r8blr3vg hyh9befq\">\n<p><a class=\"dt-pswp-item\" href=\"https:\/\/www.radiopiu.net\/wordpress\/wp-content\/uploads\/2020\/10\/pp.jpg\" data-dt-img-description=\"\" data-large_image_width=\"640\" data-large_image_height=\"640\"><img loading=\"lazy\" decoding=\"async\" class=\"wp-image-163678 alignleft\" src=\"https:\/\/www.radiopiu.net\/wordpress\/wp-content\/uploads\/2020\/10\/pp-300x300.jpg\" alt=\"\" width=\"106\" height=\"106\" srcset=\"https:\/\/www.radiopiu.net\/wordpress\/wp-content\/uploads\/2020\/10\/pp-300x300.jpg 300w, https:\/\/www.radiopiu.net\/wordpress\/wp-content\/uploads\/2020\/10\/pp-150x150.jpg 150w, https:\/\/www.radiopiu.net\/wordpress\/wp-content\/uploads\/2020\/10\/pp-125x125.jpg 125w, https:\/\/www.radiopiu.net\/wordpress\/wp-content\/uploads\/2020\/10\/pp-200x200.jpg 200w, https:\/\/www.radiopiu.net\/wordpress\/wp-content\/uploads\/2020\/10\/pp-80x80.jpg 80w, https:\/\/www.radiopiu.net\/wordpress\/wp-content\/uploads\/2020\/10\/pp-480x480.jpg 480w, https:\/\/www.radiopiu.net\/wordpress\/wp-content\/uploads\/2020\/10\/pp.jpg 640w\" sizes=\"auto, (max-width: 106px) 100vw, 106px\" \/><\/a><\/p>\n<\/div>\n<\/div>\n<\/div>\n<div>\n<div class=\"page-title-head hgroup\">\n<div class=\"page-title-head hgroup\">\n<div class=\"b654a4as d2edcug0\">\n<div class=\"j83agx80 btwxx1t3 lhclo0ds hop8lmos nkwizq5d scwd0bx6 roh60bw9\">\n<div class=\"rq0escxv hkbzh7o3 jwdofwj8 n8tt0mok r8blr3vg hyh9befq\">\n<div class=\"do00u71z l9j0dhe7 k4urcfbm\">\n<h2><span style=\"color: #000080;\">\u00a0<\/span><span style=\"color: #000080;\">DON CESARE, IL PENSIERO DEL GIORNO. ALLA RADIO ALLE 7 DEL MATTINO E ALLE 19.30 DELLA SERA.<\/span><\/h2>\n<audio class=\"wp-audio-shortcode\" id=\"audio-257009-9\" preload=\"none\" style=\"width: 100%;\" controls=\"controls\"><source type=\"audio\/mpeg\" src=\"https:\/\/www.radiopiu.net\/wordpress\/wp-content\/uploads\/2022\/02\/CESARE.mp3?_=9\" \/><a href=\"https:\/\/www.radiopiu.net\/wordpress\/wp-content\/uploads\/2022\/02\/CESARE.mp3\">https:\/\/www.radiopiu.net\/wordpress\/wp-content\/uploads\/2022\/02\/CESARE.mp3<\/a><\/audio>\n<h2><span style=\"color: #000080;\">\u00a0<\/span><\/h2>\n<\/div>\n<div class=\"do00u71z l9j0dhe7 k4urcfbm\">\n<p>&nbsp;<\/p>\n<div>\n<div class=\"page-title-head hgroup\">\n<div class=\"page-title-head hgroup\">\n<div class=\"b654a4as d2edcug0\">\n<div class=\"j83agx80 btwxx1t3 lhclo0ds hop8lmos nkwizq5d scwd0bx6 roh60bw9\">\n<div class=\"rq0escxv hkbzh7o3 jwdofwj8 n8tt0mok r8blr3vg hyh9befq\">\n<div class=\"do00u71z l9j0dhe7 k4urcfbm\">\n<hr \/>\n<p>&nbsp;<\/p>\n<div>\n<div class=\"page-title-head hgroup\">\n<div class=\"page-title-head hgroup\">\n<div class=\"b654a4as d2edcug0\">\n<div class=\"j83agx80 btwxx1t3 lhclo0ds hop8lmos nkwizq5d scwd0bx6 roh60bw9\">\n<div class=\"rq0escxv hkbzh7o3 jwdofwj8 n8tt0mok r8blr3vg hyh9befq\">\n<div class=\"do00u71z l9j0dhe7 k4urcfbm\">\n<div class=\"ecm0bbzt e5nlhep0 a8c37x1j\">\n<div class=\"kvgmc6g5 cxmmr5t8 oygrvhab hcukyx3x c1et5uql\">\n<div class=\"gmail-kvgmc6g5 gmail-cxmmr5t8 gmail-oygrvhab gmail-hcukyx3x gmail-c1et5uql gmail-ii04i59q\">\n<div class=\"page-title-head hgroup\">\n<div class=\"page-title-head hgroup\">\n<div class=\"b654a4as d2edcug0\">\n<div class=\"j83agx80 btwxx1t3 lhclo0ds hop8lmos nkwizq5d scwd0bx6 roh60bw9\">\n<div class=\"rq0escxv hkbzh7o3 jwdofwj8 n8tt0mok r8blr3vg hyh9befq\">\n<div class=\"do00u71z l9j0dhe7 k4urcfbm\">\n<h3 class=\"kvgmc6g5 cxmmr5t8 oygrvhab hcukyx3x c1et5uql\"><span style=\"color: #0000ff;\"><strong>INFORMAZIONE il canale su TELEGRAM informazione di prima mano e in tempo reale. iscriviti ed aiutaci a farlo conoscere\u00a0\u00a0<\/strong><\/span><\/h3>\n<p>&nbsp;<\/p>\n<p>&nbsp;<\/p>\n<hr \/>\n<p>&nbsp;<\/p>\n<div class=\"do00u71z l9j0dhe7 k4urcfbm\">\n<div>\n<div class=\"page-title-head hgroup\">\n<div class=\"page-title-head hgroup\">\n<div class=\"b654a4as d2edcug0\">\n<div class=\"j83agx80 btwxx1t3 lhclo0ds hop8lmos nkwizq5d scwd0bx6 roh60bw9\">\n<div class=\"rq0escxv hkbzh7o3 jwdofwj8 n8tt0mok r8blr3vg hyh9befq\">\n<div class=\"do00u71z l9j0dhe7 k4urcfbm\">\n<div class=\"page-title-head hgroup\">\n<div class=\"page-title-head hgroup\">\n<div class=\"b654a4as d2edcug0\">\n<div class=\"j83agx80 btwxx1t3 lhclo0ds hop8lmos nkwizq5d scwd0bx6 roh60bw9\">\n<div class=\"rq0escxv hkbzh7o3 jwdofwj8 n8tt0mok r8blr3vg hyh9befq\">\n<div class=\"do00u71z l9j0dhe7 k4urcfbm\">\n<div class=\"ecm0bbzt e5nlhep0 a8c37x1j\">\n<div class=\"kvgmc6g5 cxmmr5t8 oygrvhab hcukyx3x c1et5uql\">\n<div class=\"gmail-kvgmc6g5 gmail-cxmmr5t8 gmail-oygrvhab gmail-hcukyx3x gmail-c1et5uql gmail-ii04i59q\">\n<div class=\"page-title-head hgroup\">\n<div class=\"page-title-head hgroup\">\n<div class=\"b654a4as d2edcug0\">\n<div class=\"j83agx80 btwxx1t3 lhclo0ds hop8lmos nkwizq5d scwd0bx6 roh60bw9\">\n<div class=\"rq0escxv hkbzh7o3 jwdofwj8 n8tt0mok r8blr3vg hyh9befq\">\n<div class=\"do00u71z l9j0dhe7 k4urcfbm\">\n<div class=\"page-title-head hgroup\">\n<div class=\"page-title-head hgroup\">\n<div class=\"b654a4as d2edcug0\">\n<div class=\"j83agx80 btwxx1t3 lhclo0ds hop8lmos nkwizq5d scwd0bx6 roh60bw9\">\n<div class=\"rq0escxv hkbzh7o3 jwdofwj8 n8tt0mok r8blr3vg hyh9befq\">\n<div class=\"do00u71z l9j0dhe7 k4urcfbm\">\n<div>\n<div class=\"page-title-head hgroup\">\n<div class=\"page-title-head hgroup\">\n<div class=\"b654a4as d2edcug0\">\n<div class=\"j83agx80 btwxx1t3 lhclo0ds hop8lmos nkwizq5d scwd0bx6 roh60bw9\">\n<div class=\"rq0escxv hkbzh7o3 jwdofwj8 n8tt0mok r8blr3vg hyh9befq\">\n<div class=\"do00u71z l9j0dhe7 k4urcfbm\">\n<div class=\"ecm0bbzt e5nlhep0 a8c37x1j\">\n<div class=\"kvgmc6g5 cxmmr5t8 oygrvhab hcukyx3x c1et5uql\">\n<div class=\"gmail-kvgmc6g5 gmail-cxmmr5t8 gmail-oygrvhab gmail-hcukyx3x gmail-c1et5uql gmail-ii04i59q\">\n<div class=\"page-title-head hgroup\">\n<div class=\"page-title-head hgroup\">\n<div class=\"b654a4as d2edcug0\">\n<div class=\"j83agx80 btwxx1t3 lhclo0ds hop8lmos nkwizq5d scwd0bx6 roh60bw9\">\n<div class=\"rq0escxv hkbzh7o3 jwdofwj8 n8tt0mok r8blr3vg hyh9befq\">\n<div class=\"do00u71z l9j0dhe7 k4urcfbm\">\n<blockquote>\n<h3><span style=\"color: #ff0000;\">IN VIVO VERSO, SETTIMA STAGIONE CON BRUNELLA MORO, DAL LUNEDI AL VENERDI ALLE 7.10, 10.10 E 18.50\u00a0\u00a0<\/span><\/h3>\n<\/blockquote>\n<p><strong>AUDIO<\/strong><\/p>\n<audio class=\"wp-audio-shortcode\" id=\"audio-257009-10\" preload=\"none\" style=\"width: 100%;\" controls=\"controls\"><source type=\"audio\/mpeg\" src=\"https:\/\/www.radiopiu.net\/wordpress\/wp-content\/uploads\/2022\/01\/1SARA-BORTOLUZPENSIERI.mp3?_=10\" \/><a href=\"https:\/\/www.radiopiu.net\/wordpress\/wp-content\/uploads\/2022\/01\/1SARA-BORTOLUZPENSIERI.mp3\">https:\/\/www.radiopiu.net\/wordpress\/wp-content\/uploads\/2022\/01\/1SARA-BORTOLUZPENSIERI.mp3<\/a><\/audio>\n<p>&nbsp;<\/p>\n<p>&nbsp;<\/p>\n<p><img loading=\"lazy\" decoding=\"async\" class=\"alignleft\" src=\"https:\/\/www.radiopiu.net\/wordpress\/wp-content\/uploads\/2022\/01\/1-SARA-BORTOLUZ-300x300.jpg\" width=\"159\" height=\"159\" \/><br \/>\n<strong>PENSIERI<\/strong><\/p>\n<p>Varca spazi immensi e fugge<br \/>\noltre le soffuse nubi<br \/>\nil pensier mio, inquieto spirito<br \/>\nNaufraga oltre i confini d\u2019azzurro dipinti<br \/>\nNella dolcezza di una sera d\u2019estate\u2026<br \/>\nVola il mio sguardo e si posa<br \/>\nsul multicolore ventaglio di una donna<br \/>\ncon i lunghi capelli d\u2019ebano<br \/>\ndal sole incorniciati,<br \/>\nE in quei suoi malinconici occhi<br \/>\ndi blu cobalto persi in chiss\u00e0<br \/>\nquale nostalgia rivedo la vita mia.<br \/>\nL\u2019aureo sguardo di un gatto color delle tenebre<br \/>\nsfida indomito la vacua lontananza<br \/>\nl\u00ec dove all&#8217;orizzonte si intrecciano e<br \/>\nsfumano i ricordi miei\u2026<br \/>\nl\u00ec verso il remoto infinito,<br \/>\nvitrea cupola celeste senza confini n\u00e9 pareti\u2026<br \/>\nIl mio cuore galleggia tra iridescenti ghirlande di luce<br \/>\nSospeso nello sconfinato respiro di<br \/>\nuna notte che lenta avanza,<br \/>\nNell\u2019immemore tempo che ignaro veleggia verso le stelle<\/p>\n<p><strong>\u00a0<\/strong><\/p>\n<p><strong>\u00a0<\/strong><\/p>\n<p><strong>LA RACCOLTA COMPLETA\u00a0 \u00a0<\/strong><\/p>\n<blockquote class=\"wp-embedded-content\" data-secret=\"dcVY45xzwO\"><p><a href=\"https:\/\/www.radiopiu.net\/wordpress\/in-vivo-verso\/\">In Vivo Verso<\/a><\/p><\/blockquote>\n<p><iframe loading=\"lazy\" class=\"wp-embedded-content\" sandbox=\"allow-scripts\" security=\"restricted\" style=\"position: absolute; clip: rect(1px, 1px, 1px, 1px);\" title=\"&#8220;In Vivo Verso&#8221; &#8212; Radio Pi\u00f9\" src=\"https:\/\/www.radiopiu.net\/wordpress\/in-vivo-verso\/embed\/#?secret=dcVY45xzwO\" data-secret=\"dcVY45xzwO\" width=\"600\" height=\"338\" frameborder=\"0\" marginwidth=\"0\" marginheight=\"0\" scrolling=\"no\"><\/iframe><\/p>\n<p>&nbsp;<\/p>\n<hr \/>\n<p>&nbsp;<\/p>\n<h2><span style=\"color: #808000;\">GOCCE DI FILOSOFIA<\/span><\/h2>\n<p><strong>PUNTATA 126 DEL 31 GENNAIO 2022<\/strong><\/p>\n<audio class=\"wp-audio-shortcode\" id=\"audio-257009-11\" preload=\"none\" style=\"width: 100%;\" controls=\"controls\"><source type=\"audio\/mpeg\" src=\"https:\/\/www.radiopiu.net\/wordpress\/wp-content\/uploads\/2022\/01\/FI1-4.mp3?_=11\" \/><a href=\"https:\/\/www.radiopiu.net\/wordpress\/wp-content\/uploads\/2022\/01\/FI1-4.mp3\">https:\/\/www.radiopiu.net\/wordpress\/wp-content\/uploads\/2022\/01\/FI1-4.mp3<\/a><\/audio>\n<p>&nbsp;<\/p>\n<p><strong>raccolta completa<\/strong><\/p>\n<blockquote class=\"wp-embedded-content\" data-secret=\"2HtphaHOx7\"><p><a href=\"https:\/\/www.radiopiu.net\/wordpress\/gocce-filosofia\/\">Gocce di filosofia, PRIMA E SECONDA STAGIONE 2022<\/a><\/p><\/blockquote>\n<p><iframe loading=\"lazy\" class=\"wp-embedded-content\" sandbox=\"allow-scripts\" security=\"restricted\" style=\"position: absolute; clip: rect(1px, 1px, 1px, 1px);\" title=\"&#8220;Gocce di filosofia, PRIMA E SECONDA STAGIONE 2022&#8221; &#8212; Radio Pi\u00f9\" src=\"https:\/\/www.radiopiu.net\/wordpress\/gocce-filosofia\/embed\/#?secret=2HtphaHOx7\" data-secret=\"2HtphaHOx7\" width=\"600\" height=\"338\" frameborder=\"0\" marginwidth=\"0\" marginheight=\"0\" scrolling=\"no\"><\/iframe><\/p>\n<p>&nbsp;<\/p>\n<hr \/>\n<p>&nbsp;<\/p>\n<p><span style=\"color: #0000ff;\">MUSICA PIU&#8217;\u00a0<\/span><\/p>\n<p><a href=\"https:\/\/www.radiopiu.net\/wordpress\/giornale-radiopiu-20-settembre-2021-direttore-mirko-mezzacasa\/pp-79\/\" rel=\"attachment wp-att-232921\"><img loading=\"lazy\" decoding=\"async\" class=\"wp-image-232921 alignleft\" src=\"https:\/\/www.radiopiu.net\/wordpress\/wp-content\/uploads\/2021\/09\/pp-1-300x300.jpg\" alt=\"\" width=\"135\" height=\"135\" srcset=\"https:\/\/www.radiopiu.net\/wordpress\/wp-content\/uploads\/2021\/09\/pp-1-300x300.jpg 300w, https:\/\/www.radiopiu.net\/wordpress\/wp-content\/uploads\/2021\/09\/pp-1-150x150.jpg 150w, https:\/\/www.radiopiu.net\/wordpress\/wp-content\/uploads\/2021\/09\/pp-1.jpg 640w\" sizes=\"auto, (max-width: 135px) 100vw, 135px\" \/><\/a><\/p>\n<div class=\"mkdf-post-text\">\n<div class=\"mkdf-post-text-inner\">\n<div class=\"mkdf-post-text-main\">\n<div class=\"mkdf-post-text\">\n<div class=\"mkdf-post-text-inner\">\n<div class=\"mkdf-post-text-main\">\n<div class=\"mkdf-post-text\">\n<div class=\"mkdf-post-text-inner\">\n<div class=\"mkdf-post-text-main\">\n<div class=\"page-title-head hgroup\">\n<div class=\"page-title-head hgroup\">\n<div class=\"mkdf-post-text\">\n<div class=\"mkdf-post-text-inner\">\n<div class=\"mkdf-post-text-main\">\n<div class=\"mkdf-post-text\">\n<div class=\"mkdf-post-text-inner\">\n<div class=\"mkdf-post-text-main\">\n<div class=\"page-title-head hgroup\">\n<div class=\"page-title-head hgroup\">\n<div class=\"page-title-head hgroup\">\n<div class=\"page-title-head hgroup\">\n<div class=\"b654a4as d2edcug0\">\n<div class=\"page-title-head hgroup\">\n<div class=\"page-title-head hgroup\">\n<div class=\"page-title-head hgroup\">\n<div class=\"page-title-head hgroup\">\n<div class=\"b654a4as d2edcug0\">\n<div class=\"page-title-head hgroup\">\n<div class=\"page-title-head hgroup\">\n<div class=\"page-title-head hgroup\">\n<div class=\"page-title-head hgroup\">\n<div class=\"b654a4as d2edcug0\">\n<div class=\"mkdf-post-text\">\n<div class=\"mkdf-post-text-inner\">\n<div class=\"mkdf-post-text-main\">\n<div class=\"mkdf-post-text\">\n<div class=\"mkdf-post-text-inner\">\n<div class=\"mkdf-post-text-main\">\n<div class=\"mkdf-post-text\">\n<div class=\"mkdf-post-text-inner\">\n<div class=\"mkdf-post-text-main\">\n<div class=\"page-title-head hgroup\">\n<div class=\"page-title-head hgroup\">\n<div class=\"mkdf-post-text\">\n<div class=\"mkdf-post-text-inner\">\n<div class=\"mkdf-post-text-main\">\n<div class=\"mkdf-post-text\">\n<div class=\"mkdf-post-text-inner\">\n<div class=\"mkdf-post-text-main\">\n<div class=\"page-title-head hgroup\">\n<div class=\"page-title-head hgroup\">\n<div class=\"page-title-head hgroup\">\n<div class=\"page-title-head hgroup\">\n<div class=\"b654a4as d2edcug0\">\n<div class=\"page-title-head hgroup\">\n<div class=\"page-title-head hgroup\">\n<div class=\"page-title-head hgroup\">\n<div class=\"page-title-head hgroup\">\n<div class=\"b654a4as d2edcug0\">\n<div class=\"page-title-head hgroup\">\n<div class=\"page-title-head hgroup\">\n<div class=\"page-title-head hgroup\">\n<div class=\"page-title-head hgroup\">\n<div class=\"b654a4as d2edcug0\">\n<div><\/div>\n<div><\/div>\n<div>\n<p><strong>MUSICA ALLA RADIO, IL PROGRAMMA DI LORIS SCUSSEL &#8220;COLLAGE OPERAZIONE NOSTALGIA&#8221; DAL LUNEDI AL VENERDI ALLE 16.00\u00a0 E ALLE 23\u00a0<\/strong><\/p>\n<\/div>\n<p><strong>\u00a0\u00a0<\/strong><\/p>\n<p><strong>PUNTATA 531 DEL 31 GENNAIO 2022<\/strong><\/p>\n<audio class=\"wp-audio-shortcode\" id=\"audio-257009-12\" preload=\"none\" style=\"width: 100%;\" controls=\"controls\"><source type=\"audio\/mpeg\" src=\"https:\/\/www.radiopiu.net\/wordpress\/wp-content\/uploads\/2022\/01\/Collage-531.mp3?_=12\" \/><a href=\"https:\/\/www.radiopiu.net\/wordpress\/wp-content\/uploads\/2022\/01\/Collage-531.mp3\">https:\/\/www.radiopiu.net\/wordpress\/wp-content\/uploads\/2022\/01\/Collage-531.mp3<\/a><\/audio>\n<p>&nbsp;<\/p>\n<p><strong><a href=\"https:\/\/www.radiopiu.net\/wordpress\/collage-operazione-nostalgia-i-grandi-artisti-stranieri-a-sanremo\/l-armstrong\/\" rel=\"attachment wp-att-256891\"><img loading=\"lazy\" decoding=\"async\" class=\" wp-image-256891 alignleft\" src=\"https:\/\/www.radiopiu.net\/wordpress\/wp-content\/uploads\/2022\/01\/L.-Armstrong.jpg\" alt=\"\" width=\"106\" height=\"105\" srcset=\"https:\/\/www.radiopiu.net\/wordpress\/wp-content\/uploads\/2022\/01\/L.-Armstrong.jpg 226w, https:\/\/www.radiopiu.net\/wordpress\/wp-content\/uploads\/2022\/01\/L.-Armstrong-150x150.jpg 150w\" sizes=\"auto, (max-width: 106px) 100vw, 106px\" \/><\/a> <\/strong><\/p>\n<p><strong>di Loris Scussel<\/strong><\/p>\n<p>Una settimana variegata quella di \u201cCollage operazione nostalgia\u201d che inizier\u00e0 con una selezione di successi internazionali, marted\u00ec ritroveremo alcuni grandi artisti stranieri che hanno partecipato al festival di Sanremo negli anni 60\/70, poi spazio a canzoni della tv italiana in bianco e nero, selezioni da \u201cAmerican graffiti\u201d ed in chiusura una trasmissione dedicata ai cantautori di casa nostra. Il programma andr\u00e0 in onda dal luned\u00ec al venerd\u00ec alle 16,00 e alle 23,00.<\/p>\n<p>&nbsp;<\/p>\n<p>&nbsp;<\/p>\n<\/div>\n<\/div>\n<\/div>\n<\/div>\n<\/div>\n<\/div>\n<\/div>\n<\/div>\n<\/div>\n<\/div>\n<\/div>\n<\/div>\n<\/div>\n<\/div>\n<\/div>\n<\/div>\n<\/div>\n<\/div>\n<\/div>\n<\/div>\n<\/div>\n<\/div>\n<\/div>\n<\/div>\n<\/div>\n<\/div>\n<\/div>\n<\/div>\n<\/div>\n<\/div>\n<\/div>\n<\/div>\n<\/div>\n<\/div>\n<\/div>\n<\/div>\n<\/div>\n<\/div>\n<\/div>\n<\/div>\n<\/div>\n<\/div>\n<\/div>\n<\/div>\n<\/div>\n<\/div>\n<\/div>\n<\/div>\n<\/div>\n<\/div>\n<\/div>\n<\/div>\n<\/div>\n<\/div>\n<\/div>\n<\/div>\n<\/div>\n<\/div>\n<\/div>\n<\/div>\n<\/div>\n<\/div>\n<\/div>\n<\/div>\n<hr \/>\n<p>&nbsp;<\/p>\n<p>&nbsp;<\/p>\n<blockquote class=\"wp-embedded-content\" data-secret=\"WR0LoAQcro\"><p><a href=\"https:\/\/www.radiopiu.net\/wordpress\/freemix-la-liberta-musicale-mixata-da-dj-athos-e-raccontata-da-dj-jack\/\">FREEMIX, LA LIBERTA&#8217; MUSICALE MIXATA DA DJ ATHOS E RACCONTATA DA DJ JACK<\/a><\/p><\/blockquote>\n<p><iframe loading=\"lazy\" class=\"wp-embedded-content\" sandbox=\"allow-scripts\" security=\"restricted\" style=\"position: absolute; clip: rect(1px, 1px, 1px, 1px);\" title=\"&#8220;FREEMIX, LA LIBERTA&#8217; MUSICALE MIXATA DA DJ ATHOS E RACCONTATA DA DJ JACK&#8221; &#8212; Radio Pi\u00f9\" src=\"https:\/\/www.radiopiu.net\/wordpress\/freemix-la-liberta-musicale-mixata-da-dj-athos-e-raccontata-da-dj-jack\/embed\/#?secret=WR0LoAQcro\" data-secret=\"WR0LoAQcro\" width=\"600\" height=\"338\" frameborder=\"0\" marginwidth=\"0\" marginheight=\"0\" scrolling=\"no\"><\/iframe><\/p>\n<p>&nbsp;<\/p>\n<blockquote class=\"wp-embedded-content\" data-secret=\"bUQJ4Qp4fM\"><p><a href=\"https:\/\/www.radiopiu.net\/wordpress\/da-ieri-alla-radio-in-palinsesto-loris-e-maurizio-con-la-grande-musica\/\">IL BLUES ALLA RADIO &#8230; COME NON L&#8217;AVETE MAI SENTITO PRIMA<\/a><\/p><\/blockquote>\n<p><iframe loading=\"lazy\" class=\"wp-embedded-content\" sandbox=\"allow-scripts\" security=\"restricted\" style=\"position: absolute; clip: rect(1px, 1px, 1px, 1px);\" title=\"&#8220;IL BLUES ALLA RADIO &#8230; COME NON L&#8217;AVETE MAI SENTITO PRIMA&#8221; &#8212; Radio Pi\u00f9\" src=\"https:\/\/www.radiopiu.net\/wordpress\/da-ieri-alla-radio-in-palinsesto-loris-e-maurizio-con-la-grande-musica\/embed\/#?secret=bUQJ4Qp4fM\" data-secret=\"bUQJ4Qp4fM\" width=\"600\" height=\"338\" frameborder=\"0\" marginwidth=\"0\" marginheight=\"0\" scrolling=\"no\"><\/iframe><\/p>\n<p>&nbsp;<\/p>\n<hr \/>\n<p>&nbsp;<\/p>\n<blockquote>\n<h3><span style=\"color: #0000ff;\">INFORMAZIONE il canale su TELEGRAM informazione di prima mano e in tempo reale. iscriviti ed aiutaci a farlo conoscere\u00a0\u00a0<\/span><\/h3>\n<\/blockquote>\n<div>\n<div class=\"page-title-head hgroup\">\n<div class=\"page-title-head hgroup\">\n<div class=\"page-title-head hgroup\">\n<div class=\"page-title-head hgroup\">\n<div class=\"b654a4as d2edcug0\">\n<div class=\"page-title-head hgroup\">\n<div class=\"page-title-head hgroup\">\n<div class=\"page-title-head hgroup\">\n<div class=\"page-title-head hgroup\">\n<div class=\"b654a4as d2edcug0\">\n<div class=\"page-title-head hgroup\">\n<div class=\"page-title-head hgroup\">\n<div class=\"page-title-head hgroup\">\n<div class=\"page-title-head hgroup\">\n<div class=\"page-title-head hgroup\">\n<div class=\"page-title-head hgroup\">\n<div class=\"page-title-head hgroup\">\n<div class=\"page-title-head hgroup\">\n<div class=\"page-title-head hgroup\">\n<div class=\"b654a4as d2edcug0\">\n<div class=\"page-title-head hgroup\">\n<div class=\"page-title-head hgroup\">\n<div class=\"page-title-head hgroup\">\n<div class=\"page-title-head hgroup\">\n<div class=\"b654a4as d2edcug0\">\n<div>\n<p>&nbsp;<\/p>\n<\/div>\n<div>\n<div class=\"page-title-head hgroup\">\n<div class=\"page-title-head hgroup\">\n<div class=\"page-title-head hgroup\">\n<div class=\"page-title-head hgroup\">\n<div class=\"page-title-head hgroup\">\n<div class=\"b654a4as d2edcug0\">\n<div>\n<hr \/>\n<\/div>\n<\/div>\n<div>\n<div>\n<p>&nbsp;<\/p>\n<\/div>\n<div>\n<div>\n<p>&nbsp;<\/p>\n<\/div>\n<div>\n<div>\n<p><strong>DUE MINUTI UN LIBRO, TUTTI I GIORNI ALLA RADIO ALLE 9.40 E ALLE 17.50\u00a0<\/strong><\/p>\n<div>\n<div>\n<p><strong>LA RACCOLTA COMPLETA\u00a0\u00a0<\/strong><\/p>\n<\/div>\n<div>\n<blockquote class=\"wp-embedded-content\" data-secret=\"UhPJWrAcsm\"><p><a href=\"https:\/\/www.radiopiu.net\/wordpress\/due-minuti-un-libro\/\">Due minuti un libro<\/a><\/p><\/blockquote>\n<p><iframe loading=\"lazy\" class=\"wp-embedded-content\" sandbox=\"allow-scripts\" security=\"restricted\" style=\"position: absolute; clip: rect(1px, 1px, 1px, 1px);\" title=\"&#8220;Due minuti un libro&#8221; &#8212; Radio Pi\u00f9\" src=\"https:\/\/www.radiopiu.net\/wordpress\/due-minuti-un-libro\/embed\/#?secret=UhPJWrAcsm\" data-secret=\"UhPJWrAcsm\" width=\"600\" height=\"338\" frameborder=\"0\" marginwidth=\"0\" marginheight=\"0\" scrolling=\"no\"><\/iframe><\/p>\n<\/div>\n<\/div>\n<\/div>\n<div class=\"mkdf-post-text\">\n<div class=\"mkdf-post-text-inner\">\n<div class=\"mkdf-post-text-main\">\n<div class=\"mkdf-post-text\">\n<div class=\"mkdf-post-text-inner\">\n<div class=\"mkdf-post-text-main\">\n<div class=\"mkdf-post-text\">\n<div class=\"mkdf-post-text-inner\">\n<div class=\"mkdf-post-text-main\">\n<div class=\"page-title-head hgroup\">\n<div class=\"page-title-head hgroup\">\n<div class=\"mkdf-post-text\">\n<div class=\"mkdf-post-text-inner\">\n<div class=\"mkdf-post-text-main\">\n<div class=\"mkdf-post-text\">\n<div class=\"mkdf-post-text-inner\">\n<div class=\"mkdf-post-text-main\">\n<div class=\"page-title-head hgroup\">\n<div class=\"page-title-head hgroup\">\n<div class=\"page-title-head hgroup\">\n<div class=\"page-title-head hgroup\">\n<div class=\"b654a4as d2edcug0\">\n<div class=\"page-title-head hgroup\">\n<div class=\"page-title-head hgroup\">\n<div class=\"page-title-head hgroup\">\n<div class=\"page-title-head hgroup\">\n<div class=\"b654a4as d2edcug0\">\n<div class=\"page-title-head hgroup\">\n<div class=\"page-title-head hgroup\">\n<div class=\"page-title-head hgroup\">\n<div class=\"page-title-head hgroup\">\n<div class=\"b654a4as d2edcug0\">\n<div>\n<p>&nbsp;<\/p>\n<\/div>\n<div>\n<hr \/>\n<p>&nbsp;<\/p>\n<\/div>\n<h2><span style=\"color: #808000;\">L&#8217;ALMANACCO LADINO\u00a0\u00a0<\/span><\/h2>\n<p><strong>PUNTATA DEL 31 GENNAIO 2022<\/strong><\/p>\n<audio class=\"wp-audio-shortcode\" id=\"audio-257009-13\" preload=\"none\" style=\"width: 100%;\" controls=\"controls\"><source type=\"audio\/mpeg\" src=\"https:\/\/www.radiopiu.net\/wordpress\/wp-content\/uploads\/2022\/01\/76\u00b0Almanacco-Ladino_Col-1.mp3?_=13\" \/><a href=\"https:\/\/www.radiopiu.net\/wordpress\/wp-content\/uploads\/2022\/01\/76\u00b0Almanacco-Ladino_Col-1.mp3\">https:\/\/www.radiopiu.net\/wordpress\/wp-content\/uploads\/2022\/01\/76\u00b0Almanacco-Ladino_Col-1.mp3<\/a><\/audio>\n<p>&nbsp;<\/p>\n<p><strong>LA RACCOLTA<\/strong><\/p>\n<blockquote class=\"wp-embedded-content\" data-secret=\"m5DiKkdXB2\"><p><a href=\"https:\/\/www.radiopiu.net\/wordpress\/almanacco-ladino\/\">Almanacco Ladino<\/a><\/p><\/blockquote>\n<p><iframe loading=\"lazy\" class=\"wp-embedded-content\" sandbox=\"allow-scripts\" security=\"restricted\" style=\"position: absolute; clip: rect(1px, 1px, 1px, 1px);\" title=\"&#8220;Almanacco Ladino&#8221; &#8212; Radio Pi\u00f9\" src=\"https:\/\/www.radiopiu.net\/wordpress\/almanacco-ladino\/embed\/#?secret=m5DiKkdXB2\" data-secret=\"m5DiKkdXB2\" width=\"600\" height=\"338\" frameborder=\"0\" marginwidth=\"0\" marginheight=\"0\" scrolling=\"no\"><\/iframe><\/p>\n<p>&nbsp;<\/p>\n<hr \/>\n<p>&nbsp;<\/p>\n<h2><span style=\"color: #33cccc;\">LA RASSEGNA STAMPA DA L&#8217;AMICO DEL POPOLO<\/span><\/h2>\n<p><strong><a href=\"https:\/\/www.radiopiu.net\/wordpress\/giornale-radiopiu-29-marzo-2018-direttore-mirko-mezzacasa\/gosaldo-3\/\" rel=\"attachment wp-att-45573\"><img loading=\"lazy\" decoding=\"async\" class=\"size-full wp-image-45573 alignleft\" src=\"https:\/\/www.radiopiu.net\/wordpress\/wp-content\/uploads\/2018\/03\/GOSALDO.jpg\" alt=\"\" width=\"267\" height=\"200\" \/><\/a>PUNTATA DEL 29 GENNAIO 2022<\/strong><\/p>\n<p><strong>di Gianni Santomaso<\/strong><\/p>\n<p>Ospite: Florinda Cialdella, Vicesindaco del comune di Gosaldo<\/p>\n<audio class=\"wp-audio-shortcode\" id=\"audio-257009-14\" preload=\"none\" style=\"width: 100%;\" controls=\"controls\"><source type=\"audio\/mpeg\" src=\"https:\/\/www.radiopiu.net\/wordpress\/wp-content\/uploads\/2022\/01\/RASSEGNA-GIANNI-5.mp3?_=14\" \/><a href=\"https:\/\/www.radiopiu.net\/wordpress\/wp-content\/uploads\/2022\/01\/RASSEGNA-GIANNI-5.mp3\">https:\/\/www.radiopiu.net\/wordpress\/wp-content\/uploads\/2022\/01\/RASSEGNA-GIANNI-5.mp3<\/a><\/audio>\n<p>&nbsp;<\/p>\n<p><strong>LA RACCOLTA COMPLETA<\/strong><\/p>\n<blockquote class=\"wp-embedded-content\" data-secret=\"BR0kxoEddt\"><p><a href=\"https:\/\/www.radiopiu.net\/wordpress\/rassegna-stampa-di-gianni-santomaso\/\">Rassegna stampa da l&#8217;amico del popolo &#8211; di Gianni Santomaso<\/a><\/p><\/blockquote>\n<p><iframe loading=\"lazy\" class=\"wp-embedded-content\" sandbox=\"allow-scripts\" security=\"restricted\" style=\"position: absolute; clip: rect(1px, 1px, 1px, 1px);\" title=\"&#8220;Rassegna stampa da l&#8217;amico del popolo &#8211; di Gianni Santomaso&#8221; &#8212; Radio Pi\u00f9\" src=\"https:\/\/www.radiopiu.net\/wordpress\/rassegna-stampa-di-gianni-santomaso\/embed\/#?secret=BR0kxoEddt\" data-secret=\"BR0kxoEddt\" width=\"600\" height=\"338\" frameborder=\"0\" marginwidth=\"0\" marginheight=\"0\" scrolling=\"no\"><\/iframe><\/p>\n<p>&nbsp;<\/p>\n<hr \/>\n<p>&nbsp;<\/p>\n<h2><span style=\"color: #800080;\">I RACCONTI DI PAOLO SOPPELSA\u00a0<\/span><\/h2>\n<p><strong>LE RIVE DEL PIAVE<\/strong><\/p>\n<p><em><strong>AUDIO<\/strong><\/em><\/p>\n<audio class=\"wp-audio-shortcode\" id=\"audio-257009-15\" preload=\"none\" style=\"width: 100%;\" controls=\"controls\"><source type=\"audio\/mpeg\" src=\"https:\/\/www.radiopiu.net\/wordpress\/wp-content\/uploads\/2022\/01\/PAOLO-SOPPELSA-LE-RIVE-DEL-PIAVE.mp3?_=15\" \/><a href=\"https:\/\/www.radiopiu.net\/wordpress\/wp-content\/uploads\/2022\/01\/PAOLO-SOPPELSA-LE-RIVE-DEL-PIAVE.mp3\">https:\/\/www.radiopiu.net\/wordpress\/wp-content\/uploads\/2022\/01\/PAOLO-SOPPELSA-LE-RIVE-DEL-PIAVE.mp3<\/a><\/audio>\n<p>&nbsp;<\/p>\n<p><a href=\"https:\/\/www.radiopiu.net\/wordpress\/i-racconti-di-paolo-soppelsa-puntata-111\/2099333c-d89b-4509-8c37-25b07701861f\/\" rel=\"attachment wp-att-256914\"><img loading=\"lazy\" decoding=\"async\" class=\"size-medium wp-image-256914 alignleft\" src=\"https:\/\/www.radiopiu.net\/wordpress\/wp-content\/uploads\/2022\/01\/2099333c-d89b-4509-8c37-25b07701861f-300x225.jpg\" alt=\"\" width=\"300\" height=\"225\" srcset=\"https:\/\/www.radiopiu.net\/wordpress\/wp-content\/uploads\/2022\/01\/2099333c-d89b-4509-8c37-25b07701861f-300x225.jpg 300w, https:\/\/www.radiopiu.net\/wordpress\/wp-content\/uploads\/2022\/01\/2099333c-d89b-4509-8c37-25b07701861f-1024x768.jpg 1024w, https:\/\/www.radiopiu.net\/wordpress\/wp-content\/uploads\/2022\/01\/2099333c-d89b-4509-8c37-25b07701861f-768x576.jpg 768w, https:\/\/www.radiopiu.net\/wordpress\/wp-content\/uploads\/2022\/01\/2099333c-d89b-4509-8c37-25b07701861f.jpg 1080w\" sizes=\"auto, (max-width: 300px) 100vw, 300px\" \/><\/a>Era tempo di zona arancione, ma in Valbelluna, in quei giorni d&#8217;inizio anno, i colori dominanti erano il bianco e il grigio. Una domenica di luce piatta, nuvole chiare e citt\u00e0 stanca. Atmosfera di puro inverno e di surreali feste di Natale oramai sfiorite. Appena dopo pranzo fu il fiume a chiamare; da tanto tempo non calcavo quei sassi lisciati dalla corrente e non percorrevo quelle piste sterrate che d&#8217;estate sono percorse da persone in cerca di refrigerio. La Panda procedeva con cautela sullo sterrato che in quei giorni era coperto di neve. Niente classici scossoni, un andare liscio con qualche crepitio provocato dallo spaccarsi dei crostoni di ghiaccio sotto le ruote. Nei pressi del campo di calcio, lo spegnersi del motore e l&#8217;accendersi di un profondo silenzio. Le rive del Piave, quel giorno, erano avvolte in un tacere severo. Lo si respirava gennaio. Un mondo spento, una giornata uggiosa, gelida; forse la pi\u00f9 fredda di quell&#8217; inverno vero. La neve dura, ghiacciata; gli alberi muti, spogli e addormentati. In lontananza l&#8217;orologio del campanile bianco come la neve batteva le due. Poi, soltanto il mormorare distante dell&#8217;acqua del Fiume Sacro. L&#8217;unico elemento vivo nel gelido greto sassoso ricoperto d&#8217;inverno. Camminavo su quelle pietre che erano ricordi di passeggiate estive, di coperte stese sulla sabbia fine delle pozze asciutte, di pomeriggi trascorsi sotto ad un sole rovente che, in quelle ore, era miraggio lontano nel tempo. Tutto taceva, soltanto il gelo era cosa viva. Seguii una traccia disegnata da qualche recente brentana; quando il Piave mostra i muscoli da queste parti muore un mondo e ogni volta ne nasce uno nuovo; quante volte \u00e8 accaduto e quante volte ancora accadr\u00e0. Vi furono tempi in cui si poteva arrivare dove l&#8217;acqua del Cicogna si unisce con quella del grande fiume. Quel giorno, invece, non era possibile: la traccia si interrompeva molto prima. Cos\u00ec aveva deciso il fiume in tempi recenti. Aveva nascosto un mondo e ne aveva fatto riaffiorare un altro che non conoscevo. Ho camminato con curiosit\u00e0 seguendo questa nuova traccia mentre la luce degli ancora corti pomeriggi andava scemando. Neve bianca e alberi neri, pozzanghere gelate e silenzio. Poi, improvvisamente, la strada era diventata groviglio di tronchi congelati e pietre smosse dalla forza di quell&#8217;acqua che in quel pomeriggio, invece, stava cantando una musica scommessa e gentile. Una breve sosta e poi il ritornare sui miei passi che nemmeno erano rimasti impressi sulla neve marmorea. Luce che calava, freddo che mordeva e l&#8217;orologio che batteva le tre. Il Serva e la Schiara, come impassibili sfingi di roccia, vegliavano la piccola citt\u00e0. Mormorare d&#8217;acqua ed una gelida domenica di gennaio che si avviava verso uno stanco tramonto di pieno inverno.<\/p>\n<p><strong>LA RACCOLTA COMPLETA<\/strong><\/p>\n<blockquote class=\"wp-embedded-content\" data-secret=\"CG29eoSbEZ\"><p><a href=\"https:\/\/www.radiopiu.net\/wordpress\/i-racconti-di-paolo-soppelsa\/\">I racconti di Paolo Soppelsa<\/a><\/p><\/blockquote>\n<p><iframe loading=\"lazy\" class=\"wp-embedded-content\" sandbox=\"allow-scripts\" security=\"restricted\" style=\"position: absolute; clip: rect(1px, 1px, 1px, 1px);\" title=\"&#8220;I racconti di Paolo Soppelsa&#8221; &#8212; Radio Pi\u00f9\" src=\"https:\/\/www.radiopiu.net\/wordpress\/i-racconti-di-paolo-soppelsa\/embed\/#?secret=CG29eoSbEZ\" data-secret=\"CG29eoSbEZ\" width=\"600\" height=\"338\" frameborder=\"0\" marginwidth=\"0\" marginheight=\"0\" scrolling=\"no\"><\/iframe><\/p>\n<p>&nbsp;<\/p>\n<hr \/>\n<\/div>\n<div class=\"b654a4as d2edcug0\">\n<p>&nbsp;<\/p>\n<p><a href=\"https:\/\/www.radiopiu.net\/wordpress\/giornale-radiopiu-26-settembre-2018-direttore-mirko-mezzacasa\/viabilita-2\/\" rel=\"attachment wp-att-61954\"><img loading=\"lazy\" decoding=\"async\" class=\"aligncenter wp-image-61954 size-full\" src=\"https:\/\/www.radiopiu.net\/wordpress\/wp-content\/uploads\/2018\/09\/viabilita.jpeg\" sizes=\"auto, (max-width: 800px) 100vw, 800px\" srcset=\"https:\/\/www.radiopiu.net\/wordpress\/wp-content\/uploads\/2018\/09\/viabilita.jpeg 800w, https:\/\/www.radiopiu.net\/wordpress\/wp-content\/uploads\/2018\/09\/viabilita-300x38.jpeg 300w, https:\/\/www.radiopiu.net\/wordpress\/wp-content\/uploads\/2018\/09\/viabilita-768x96.jpeg 768w\" alt=\"\" width=\"800\" height=\"100\" \/><\/a><\/p>\n<div class=\"ecm0bbzt e5nlhep0 a8c37x1j\">\n<div class=\"kvgmc6g5 cxmmr5t8 oygrvhab hcukyx3x c1et5uql\">\n<div class=\"gmail-kvgmc6g5 gmail-cxmmr5t8 gmail-oygrvhab gmail-hcukyx3x gmail-c1et5uql gmail-ii04i59q\">\n<div class=\"page-title-head hgroup\">\n<div class=\"page-title-head hgroup\">\n<div class=\"b654a4as d2edcug0\">\n<div class=\"j83agx80 btwxx1t3 lhclo0ds hop8lmos nkwizq5d scwd0bx6 roh60bw9\">\n<div class=\"rq0escxv hkbzh7o3 jwdofwj8 n8tt0mok r8blr3vg hyh9befq\">\n<div class=\"do00u71z l9j0dhe7 k4urcfbm\">\n<div class=\"page-title-head hgroup\">\n<div class=\"page-title-head hgroup\">\n<div class=\"page-title-head hgroup\">\n<div class=\"page-title-head hgroup\">\n<div class=\"b654a4as d2edcug0\">\n<div class=\"page-title-head hgroup\">\n<div class=\"page-title-head hgroup\">\n<div class=\"page-title-head hgroup\">\n<div class=\"page-title-head hgroup\">\n<div class=\"b654a4as d2edcug0\">\n<div class=\"page-title-head hgroup\">\n<div class=\"page-title-head hgroup\">\n<div class=\"page-title-head hgroup\">\n<div class=\"page-title-head hgroup\">\n<div class=\"page-title-head hgroup\">\n<div class=\"page-title-head hgroup\">\n<div class=\"page-title-head hgroup\">\n<div class=\"page-title-head hgroup\">\n<div class=\"page-title-head hgroup\">\n<div class=\"b654a4as d2edcug0\">\n<div class=\"page-title-head hgroup\">\n<div class=\"page-title-head hgroup\">\n<div class=\"page-title-head hgroup\">\n<div class=\"page-title-head hgroup\">\n<div class=\"b654a4as d2edcug0\">\n<div class=\"page-title-head hgroup\">\n<div class=\"page-title-head hgroup\">\n<div class=\"page-title-head hgroup\">\n<div class=\"page-title-head hgroup\">\n<div class=\"page-title-head hgroup\">\n<div class=\"mkdf-post-text\">\n<div class=\"mkdf-post-text-inner\">\n<div class=\"mkdf-post-text-main\">\n<div class=\"mkdf-post-text\">\n<div class=\"mkdf-post-text-inner\">\n<div class=\"mkdf-post-text-main\">\n<div class=\"mkdf-post-text\">\n<div class=\"mkdf-post-text-inner\">\n<div class=\"mkdf-post-text-main\">\n<div class=\"page-title-head hgroup\">\n<div class=\"page-title-head hgroup\">\n<div class=\"mkdf-post-text\">\n<div class=\"mkdf-post-text-inner\">\n<div class=\"mkdf-post-text-main\">\n<div class=\"mkdf-post-text\">\n<div class=\"mkdf-post-text-inner\">\n<div class=\"mkdf-post-text-main\">\n<div class=\"page-title-head hgroup\">\n<div class=\"page-title-head hgroup\">\n<div class=\"page-title-head hgroup\">\n<div class=\"page-title-head hgroup\">\n<div class=\"b654a4as d2edcug0\">\n<div class=\"page-title-head hgroup\">\n<div class=\"page-title-head hgroup\">\n<div class=\"page-title-head hgroup\">\n<div class=\"page-title-head hgroup\">\n<div class=\"b654a4as d2edcug0\">\n<div class=\"page-title-head hgroup\">\n<div class=\"page-title-head hgroup\">\n<div class=\"page-title-head hgroup\">\n<div class=\"page-title-head hgroup\">\n<div class=\"b654a4as d2edcug0\">\n<div class=\"chat-input\">\n<div class=\"chat-input-container\">\n<div class=\"rows-wrapper chat-input-wrapper\">\n<div class=\"reply-wrapper\">\n<div class=\"btn-menu\">\n<div class=\"btn-menu-item tgico-replace rp\">\n<div class=\"c-ripple\">\n<div class=\"bubbles scrolled-down\">\n<div class=\"scrollable scrollable-y\">\n<div class=\"bubbles-inner has-rights is-chat is-channel\">\n<div class=\"bubbles-date-group\">\n<div class=\"bubble hide-name is-out can-have-tail is-group-first is-group-last is-read\" data-mid=\"5377294335\" data-peer-id=\"-1478820725\" data-timestamp=\"1638437407\">\n<div class=\"bubble-content-wrapper\">\n<div class=\"bubble-content\">\n<p class=\"message\" dir=\"auto\"><strong>\u00a0\u00a0<\/strong><\/p>\n<blockquote>\n<h3>SENSO UNICO ALTERNATO E INTERDIZIONE TOTALE AL TRAFFICO DELLA STRADA PER NOACH<\/h3>\n<\/blockquote>\n<p><strong><a href=\"https:\/\/www.radiopiu.net\/wordpress\/giornale-radiopiu-16-giugno-2021-direttore-mirko-mezzacasa\/lavori-7\/\" rel=\"attachment wp-att-216176\"><img loading=\"lazy\" decoding=\"async\" class=\" wp-image-216176 alignleft\" src=\"https:\/\/www.radiopiu.net\/wordpress\/wp-content\/uploads\/2021\/06\/LAVORI.jpg\" alt=\"\" width=\"120\" height=\"105\" \/><\/a> <\/strong><strong>LA VALLE<\/strong> Dal 31 gennaio al 4 febbraio, dalle 8 alle 17, la strada di Noach sar\u00e0 transitabile a senso unico alternato regolato da semaforo per consentire dei lavori. A comunicarlo il comune di La Valle Agordina che con un&#8217;ordinanza impone anche l&#8217;interdizione totale al traffico nei giorni 5 e 6 febbraio. In questo fine settimana la chiusura avverr\u00e0 alle 8 di sabato fino alle 17 di domenica. Il tratto di strada interessato parte da via Noach tra l&#8217;entrata della piazzola attrezzata per la produzione di biomasse e l&#8217;innesto della strada comunale con la regionale 203 Agordina.<\/p>\n<p dir=\"auto\">\n<\/div>\n<\/div>\n<\/div>\n<\/div>\n<\/div>\n<\/div>\n<\/div>\n<\/div>\n<\/div>\n<\/div>\n<\/div>\n<\/div>\n<\/div>\n<\/div>\n<\/div>\n<\/div>\n<\/div>\n<\/div>\n<\/div>\n<\/div>\n<\/div>\n<\/div>\n<\/div>\n<\/div>\n<\/div>\n<\/div>\n<\/div>\n<\/div>\n<\/div>\n<\/div>\n<\/div>\n<\/div>\n<\/div>\n<\/div>\n<\/div>\n<\/div>\n<\/div>\n<\/div>\n<\/div>\n<\/div>\n<\/div>\n<\/div>\n<\/div>\n<\/div>\n<\/div>\n<\/div>\n<\/div>\n<\/div>\n<\/div>\n<\/div>\n<\/div>\n<\/div>\n<\/div>\n<\/div>\n<\/div>\n<\/div>\n<\/div>\n<\/div>\n<\/div>\n<\/div>\n<\/div>\n<\/div>\n<\/div>\n<\/div>\n<\/div>\n<\/div>\n<\/div>\n<\/div>\n<\/div>\n<\/div>\n<\/div>\n<\/div>\n<\/div>\n<\/div>\n<\/div>\n<\/div>\n<\/div>\n<\/div>\n<\/div>\n<\/div>\n<\/div>\n<\/div>\n<\/div>\n<\/div>\n<\/div>\n<\/div>\n<\/div>\n<\/div>\n<\/div>\n<\/div>\n<\/div>\n<\/div>\n<\/div>\n<\/div>\n<\/div>\n<\/div>\n<\/div>\n<\/div>\n<\/div>\n<\/div>\n<\/div>\n<\/div>\n<\/div>\n<\/div>\n<\/div>\n<\/div>\n<\/div>\n<\/div>\n<\/div>\n<\/div>\n<\/div>\n<\/div>\n<\/div>\n<\/div>\n<\/div>\n<\/div>\n<\/div>\n<\/div>\n<\/div>\n<\/div>\n<\/div>\n<\/div>\n<\/div>\n<\/div>\n<\/div>\n<\/div>\n<\/div>\n<\/div>\n<\/div>\n<\/div>\n<\/div>\n<\/div>\n<\/div>\n<\/div>\n<\/div>\n<\/div>\n<\/div>\n<\/div>\n<\/div>\n<\/div>\n<\/div>\n<\/div>\n<\/div>\n<\/div>\n<\/div>\n<\/div>\n<\/div>\n<\/div>\n<\/div>\n<\/div>\n<\/div>\n<\/div>\n<\/div>\n<\/div>\n<\/div>\n<\/div>\n<\/div>\n<\/div>\n<\/div>\n<\/div>\n<\/div>\n<\/div>\n<\/div>\n<\/div>\n<\/div>\n<\/div>\n<\/div>\n<\/div>\n<div>\n<div class=\"page-title-head hgroup\">\n<div class=\"page-title-head hgroup\">\n<div class=\"b654a4as d2edcug0\">\n<div class=\"j83agx80 btwxx1t3 lhclo0ds hop8lmos nkwizq5d scwd0bx6 roh60bw9\">\n<div class=\"rq0escxv hkbzh7o3 jwdofwj8 n8tt0mok r8blr3vg hyh9befq\">\n<div class=\"do00u71z l9j0dhe7 k4urcfbm\">\n<div class=\"ecm0bbzt e5nlhep0 a8c37x1j\">\n<div class=\"kvgmc6g5 cxmmr5t8 oygrvhab hcukyx3x c1et5uql\">\n<div class=\"gmail-kvgmc6g5 gmail-cxmmr5t8 gmail-oygrvhab gmail-hcukyx3x gmail-c1et5uql gmail-ii04i59q\">\n<div class=\"page-title-head hgroup\">\n<div class=\"page-title-head hgroup\">\n<div class=\"b654a4as d2edcug0\">\n<div class=\"j83agx80 btwxx1t3 lhclo0ds hop8lmos nkwizq5d scwd0bx6 roh60bw9\">\n<div class=\"rq0escxv hkbzh7o3 jwdofwj8 n8tt0mok r8blr3vg hyh9befq\">\n<div class=\"do00u71z l9j0dhe7 k4urcfbm\">\n<div class=\"page-title-head hgroup\">\n<div class=\"page-title-head hgroup\">\n<div class=\"page-title-head hgroup\">\n<div class=\"page-title-head hgroup\">\n<div class=\"b654a4as d2edcug0\">\n<div class=\"page-title-head hgroup\">\n<div class=\"page-title-head hgroup\">\n<div class=\"page-title-head hgroup\">\n<div class=\"page-title-head hgroup\">\n<div class=\"b654a4as d2edcug0\">\n<div class=\"page-title-head hgroup\">\n<div class=\"page-title-head hgroup\">\n<div class=\"page-title-head hgroup\">\n<div class=\"page-title-head hgroup\">\n<div class=\"page-title-head hgroup\">\n<div class=\"page-title-head hgroup\">\n<div class=\"page-title-head hgroup\">\n<div class=\"page-title-head hgroup\">\n<div class=\"page-title-head hgroup\">\n<div class=\"b654a4as d2edcug0\">\n<div class=\"page-title-head hgroup\">\n<div class=\"page-title-head hgroup\">\n<div class=\"page-title-head hgroup\">\n<div class=\"page-title-head hgroup\">\n<div class=\"b654a4as d2edcug0\">\n<div class=\"page-title-head hgroup\">\n<div class=\"page-title-head hgroup\">\n<div class=\"page-title-head hgroup\">\n<div class=\"page-title-head hgroup\">\n<div class=\"page-title-head hgroup\">\n<div class=\"mkdf-post-text\">\n<div class=\"mkdf-post-text-inner\">\n<div class=\"mkdf-post-text-main\">\n<div class=\"mkdf-post-text\">\n<div class=\"mkdf-post-text-inner\">\n<div class=\"mkdf-post-text-main\">\n<div class=\"mkdf-post-text\">\n<div class=\"mkdf-post-text-inner\">\n<div class=\"mkdf-post-text-main\">\n<div class=\"page-title-head hgroup\">\n<div class=\"page-title-head hgroup\">\n<div class=\"mkdf-post-text\">\n<div class=\"mkdf-post-text-inner\">\n<div class=\"mkdf-post-text-main\">\n<div class=\"mkdf-post-text\">\n<div class=\"mkdf-post-text-inner\">\n<div class=\"mkdf-post-text-main\">\n<div class=\"page-title-head hgroup\">\n<div class=\"page-title-head hgroup\">\n<div class=\"page-title-head hgroup\">\n<div class=\"page-title-head hgroup\">\n<div class=\"b654a4as d2edcug0\">\n<div class=\"page-title-head hgroup\">\n<div class=\"page-title-head hgroup\">\n<div class=\"page-title-head hgroup\">\n<div class=\"page-title-head hgroup\">\n<div class=\"b654a4as d2edcug0\">\n<div class=\"page-title-head hgroup\">\n<div class=\"page-title-head hgroup\">\n<div class=\"page-title-head hgroup\">\n<div class=\"page-title-head hgroup\">\n<div class=\"b654a4as d2edcug0\">\n<div class=\"ecm0bbzt e5nlhep0 a8c37x1j\">\n<div class=\"kvgmc6g5 cxmmr5t8 oygrvhab hcukyx3x c1et5uql\">\n<div class=\"gmail-kvgmc6g5 gmail-cxmmr5t8 gmail-oygrvhab gmail-hcukyx3x gmail-c1et5uql gmail-ii04i59q\">\n<div class=\"page-title-head hgroup\">\n<div class=\"page-title-head hgroup\">\n<div class=\"b654a4as d2edcug0\">\n<div class=\"j83agx80 btwxx1t3 lhclo0ds hop8lmos nkwizq5d scwd0bx6 roh60bw9\">\n<div class=\"rq0escxv hkbzh7o3 jwdofwj8 n8tt0mok r8blr3vg hyh9befq\">\n<div class=\"do00u71z l9j0dhe7 k4urcfbm\">\n<div class=\"page-title-head hgroup\">\n<div class=\"page-title-head hgroup\">\n<div class=\"page-title-head hgroup\">\n<div class=\"page-title-head hgroup\">\n<div class=\"b654a4as d2edcug0\">\n<div class=\"page-title-head hgroup\">\n<div class=\"page-title-head hgroup\">\n<div class=\"page-title-head hgroup\">\n<div class=\"page-title-head hgroup\">\n<div class=\"b654a4as d2edcug0\">\n<div class=\"page-title-head hgroup\">\n<div class=\"page-title-head hgroup\">\n<div class=\"page-title-head hgroup\">\n<div class=\"page-title-head hgroup\">\n<div class=\"page-title-head hgroup\">\n<div class=\"page-title-head hgroup\">\n<div class=\"page-title-head hgroup\">\n<div class=\"page-title-head hgroup\">\n<div class=\"page-title-head hgroup\">\n<div class=\"b654a4as d2edcug0\">\n<div class=\"page-title-head hgroup\">\n<div class=\"page-title-head hgroup\">\n<div class=\"page-title-head hgroup\">\n<div class=\"page-title-head hgroup\">\n<div class=\"b654a4as d2edcug0\">\n<div class=\"page-title-head hgroup\">\n<div class=\"page-title-head hgroup\">\n<div class=\"page-title-head hgroup\">\n<div class=\"page-title-head hgroup\">\n<div class=\"page-title-head hgroup\">\n<div class=\"mkdf-post-text\">\n<div class=\"mkdf-post-text-inner\">\n<div class=\"mkdf-post-text-main\">\n<div class=\"mkdf-post-text\">\n<div class=\"mkdf-post-text-inner\">\n<div class=\"mkdf-post-text-main\">\n<div class=\"mkdf-post-text\">\n<div class=\"mkdf-post-text-inner\">\n<div class=\"mkdf-post-text-main\">\n<div class=\"page-title-head hgroup\">\n<div class=\"page-title-head hgroup\">\n<div class=\"mkdf-post-text\">\n<div class=\"mkdf-post-text-inner\">\n<div class=\"mkdf-post-text-main\">\n<div class=\"mkdf-post-text\">\n<div class=\"mkdf-post-text-inner\">\n<div class=\"mkdf-post-text-main\">\n<div class=\"page-title-head hgroup\">\n<div class=\"page-title-head hgroup\">\n<div class=\"page-title-head hgroup\">\n<div class=\"page-title-head hgroup\">\n<div class=\"b654a4as d2edcug0\">\n<div class=\"page-title-head hgroup\">\n<div class=\"page-title-head hgroup\">\n<div class=\"page-title-head hgroup\">\n<div class=\"page-title-head hgroup\">\n<div class=\"b654a4as d2edcug0\">\n<div class=\"page-title-head hgroup\">\n<div class=\"page-title-head hgroup\">\n<div class=\"page-title-head hgroup\">\n<div class=\"page-title-head hgroup\">\n<div class=\"b654a4as d2edcug0\">\n<blockquote class=\"wp-embedded-content\" data-secret=\"rBLtV7ReWq\"><p><a href=\"https:\/\/www.radiopiu.net\/wordpress\/viabilita\/\">viabilita<\/a><\/p><\/blockquote>\n<p><iframe loading=\"lazy\" class=\"wp-embedded-content\" sandbox=\"allow-scripts\" security=\"restricted\" style=\"position: absolute; clip: rect(1px, 1px, 1px, 1px);\" title=\"&#8220;viabilita&#8221; &#8212; Radio Pi\u00f9\" src=\"https:\/\/www.radiopiu.net\/wordpress\/viabilita\/embed\/#?secret=rBLtV7ReWq\" data-secret=\"rBLtV7ReWq\" width=\"600\" height=\"338\" frameborder=\"0\" marginwidth=\"0\" marginheight=\"0\" scrolling=\"no\"><\/iframe><\/p>\n<p>&nbsp;<\/p>\n<hr \/>\n<p>&nbsp;<\/p>\n<\/div>\n<div class=\"b654a4as d2edcug0\">\n<div class=\"ecm0bbzt e5nlhep0 a8c37x1j\">\n<div class=\"kvgmc6g5 cxmmr5t8 oygrvhab hcukyx3x c1et5uql\">\n<div class=\"gmail-kvgmc6g5 gmail-cxmmr5t8 gmail-oygrvhab gmail-hcukyx3x gmail-c1et5uql gmail-ii04i59q\">\n<div>\n<div class=\"page-title-head hgroup\">\n<div class=\"page-title-head hgroup\">\n<div class=\"b654a4as d2edcug0\">\n<div class=\"j83agx80 btwxx1t3 lhclo0ds hop8lmos nkwizq5d scwd0bx6 roh60bw9\">\n<div class=\"rq0escxv hkbzh7o3 jwdofwj8 n8tt0mok r8blr3vg hyh9befq\">\n<div class=\"do00u71z l9j0dhe7 k4urcfbm\">\n<div>\n<div class=\"page-title-head hgroup\">\n<div class=\"page-title-head hgroup\">\n<div class=\"page-title-head hgroup\">\n<div class=\"page-title-head hgroup\">\n<div class=\"b654a4as d2edcug0\">\n<div class=\"page-title-head hgroup\">\n<div class=\"page-title-head hgroup\">\n<div class=\"page-title-head hgroup\">\n<div class=\"page-title-head hgroup\">\n<div class=\"b654a4as d2edcug0\">\n<div class=\"page-title-head hgroup\">\n<div class=\"page-title-head hgroup\">\n<div class=\"page-title-head hgroup\">\n<div class=\"page-title-head hgroup\">\n<div class=\"page-title-head hgroup\">\n<div class=\"mkdf-post-text\">\n<div class=\"mkdf-post-text-inner\">\n<div class=\"mkdf-post-text-main\">\n<div class=\"mkdf-post-text\">\n<div class=\"mkdf-post-text-inner\">\n<div class=\"mkdf-post-text-main\">\n<div class=\"mkdf-post-text\">\n<div class=\"mkdf-post-text-inner\">\n<div class=\"mkdf-post-text-main\">\n<div class=\"page-title-head hgroup\">\n<div class=\"page-title-head hgroup\">\n<div class=\"mkdf-post-text\">\n<div class=\"mkdf-post-text-inner\">\n<div class=\"mkdf-post-text-main\">\n<div class=\"mkdf-post-text\">\n<div class=\"mkdf-post-text-inner\">\n<div class=\"mkdf-post-text-main\">\n<div>\n<div class=\"page-title-head hgroup\">\n<div class=\"page-title-head hgroup\">\n<div>\n<div class=\"page-title-head hgroup\">\n<div class=\"page-title-head hgroup\">\n<div class=\"b654a4as d2edcug0\">\n<div>\n<div class=\"page-title-head hgroup\" style=\"text-align: left;\">\n<div class=\"page-title-head hgroup\">\n<div dir=\"auto\">\n<p><a class=\"dt-pswp-item pspw-wrap-ready\" href=\"https:\/\/i0.wp.com\/www.radiopiu.net\/wordpress\/wp-content\/uploads\/2018\/09\/WhatsApp-Image-2018-09-20-at-16.04.06.jpeg?ssl=1\" data-dt-img-description=\"\" data-large_image_width=\"800\" data-large_image_height=\"100\"><img loading=\"lazy\" decoding=\"async\" class=\"aligncenter wp-image-61378 size-full jetpack-lazy-image jetpack-lazy-image--handled\" src=\"https:\/\/i0.wp.com\/www.radiopiu.net\/wordpress\/wp-content\/uploads\/2018\/09\/WhatsApp-Image-2018-09-20-at-16.04.06.jpeg?resize=800%2C100&amp;ssl=1\" sizes=\"auto, (max-width: 800px) 100vw, 800px\" srcset=\"https:\/\/i0.wp.com\/www.radiopiu.net\/wordpress\/wp-content\/uploads\/2018\/09\/WhatsApp-Image-2018-09-20-at-16.04.06.jpeg?w=800&amp;ssl=1 800w, https:\/\/i0.wp.com\/www.radiopiu.net\/wordpress\/wp-content\/uploads\/2018\/09\/WhatsApp-Image-2018-09-20-at-16.04.06.jpeg?resize=300%2C38&amp;ssl=1 300w, https:\/\/i0.wp.com\/www.radiopiu.net\/wordpress\/wp-content\/uploads\/2018\/09\/WhatsApp-Image-2018-09-20-at-16.04.06.jpeg?resize=768%2C96&amp;ssl=1 768w\" alt=\"\" width=\"800\" height=\"100\" data-lazy-loaded=\"1\" \/><\/a><\/p>\n<\/div>\n<\/div>\n<\/div>\n<\/div>\n<\/div>\n<\/div>\n<\/div>\n<\/div>\n<\/div>\n<\/div>\n<\/div>\n<\/div>\n<\/div>\n<\/div>\n<\/div>\n<\/div>\n<\/div>\n<\/div>\n<\/div>\n<\/div>\n<\/div>\n<\/div>\n<\/div>\n<\/div>\n<\/div>\n<\/div>\n<\/div>\n<\/div>\n<\/div>\n<\/div>\n<\/div>\n<\/div>\n<\/div>\n<\/div>\n<\/div>\n<\/div>\n<\/div>\n<\/div>\n<\/div>\n<\/div>\n<\/div>\n<\/div>\n<\/div>\n<\/div>\n<p>&nbsp;<\/p>\n<\/div>\n<\/div>\n<\/div>\n<\/div>\n<\/div>\n<\/div>\n<\/div>\n<\/div>\n<\/div>\n<\/div>\n<\/div>\n<\/div>\n<\/div>\n<\/div>\n<\/div>\n<\/div>\n<\/div>\n<\/div>\n<\/div>\n<\/div>\n<\/div>\n<\/div>\n<\/div>\n<\/div>\n<\/div>\n<\/div>\n<\/div>\n<\/div>\n<\/div>\n<\/div>\n<\/div>\n<\/div>\n<\/div>\n<\/div>\n<\/div>\n<\/div>\n<\/div>\n<\/div>\n<\/div>\n<\/div>\n<\/div>\n<\/div>\n<\/div>\n<\/div>\n<\/div>\n<\/div>\n<\/div>\n<\/div>\n<\/div>\n<\/div>\n<\/div>\n<\/div>\n<\/div>\n<\/div>\n<\/div>\n<\/div>\n<\/div>\n<\/div>\n<\/div>\n<\/div>\n<\/div>\n<\/div>\n<\/div>\n<\/div>\n<\/div>\n<\/div>\n<\/div>\n<\/div>\n<\/div>\n<\/div>\n<\/div>\n<\/div>\n<\/div>\n<\/div>\n<\/div>\n<\/div>\n<\/div>\n<\/div>\n<\/div>\n<\/div>\n<\/div>\n<\/div>\n<\/div>\n<\/div>\n<\/div>\n<\/div>\n<\/div>\n<\/div>\n<\/div>\n<\/div>\n<\/div>\n<\/div>\n<\/div>\n<\/div>\n<\/div>\n<\/div>\n<\/div>\n<\/div>\n<\/div>\n<\/div>\n<\/div>\n<\/div>\n<\/div>\n<\/div>\n<\/div>\n<\/div>\n<\/div>\n<\/div>\n<\/div>\n<\/div>\n<\/div>\n<\/div>\n<\/div>\n<\/div>\n<\/div>\n<\/div>\n<\/div>\n<\/div>\n<\/div>\n<\/div>\n<\/div>\n<\/div>\n<\/div>\n<\/div>\n<\/div>\n<\/div>\n<\/div>\n<\/div>\n<\/div>\n<\/div>\n<\/div>\n<\/div>\n<\/div>\n<\/div>\n<\/div>\n<\/div>\n<\/div>\n<\/div>\n<\/div>\n<\/div>\n<\/div>\n<\/div>\n<\/div>\n<\/div>\n<\/div>\n<\/div>\n<\/div>\n<\/div>\n<\/div>\n<\/div>\n<\/div>\n<\/div>\n<\/div>\n<\/div>\n<\/div>\n<\/div>\n<\/div>\n<\/div>\n<\/div>\n<\/div>\n<\/div>\n<\/div>\n<\/div>\n<\/div>\n<\/div>\n<\/div>\n<\/div>\n<\/div>\n<\/div>\n<\/div>\n<\/div>\n<\/div>\n<\/div>\n<\/div>\n<\/div>\n<\/div>\n<\/div>\n<\/div>\n<\/div>\n<\/div>\n<\/div>\n<\/div>\n<\/div>\n<\/div>\n<\/div>\n<\/div>\n<\/div>\n<p><center><b>Martedi 1<\/b><\/center><b>Tempo atteso: <\/b>Su Dolomiti settentrionali nuvolosit\u00e0 irregolare maggiormente presente fino al mattino e nuovamente tra tardo pomeriggio ed in serata con possibili deboli nevicate portate dal forte vento da Nord. Su Dolomiti meridionali e soprattutto Prealpi maggiormente soleggiato con possibile formazione di qualche nube medio-alta a tratti specie al mattino. Contesto termico freddo e assai ventoso con venti da Nord anche tempestosi in quota e forti raffiche anche nelle valli con effetto fhoen.<br \/>\n<b>Precipitazioni: <\/b>tra notte e primo mattino e poi in serata su Dolomiti settentrionali possibili deboli nevicate portate dal forte vento da Nord (40-60 %)<br \/>\n<b>Temperature: <\/b>In generale calo con significativo effetto wind chill in quota (temperature avvertite fino a -22\/-25 \u00b0C a 2000\/2300 metri e fino a -30\u00b0C a 3000 m); Su Prealpi &#8211; a 1500 m: min -2 max 1, a 2000 m: min -6 max -3 Dolomiti &#8211; a 2000 m: min -9 max -6, a 3000 m: min -15 max -8<br \/>\n<b>Venti: <\/b>in quota molto forti settentrionali con possibili episodi di fhoen nelle valli con forti raffiche, a 25-60 km\/h a 2000 m, 70-110 km\/h a 3000 m con possibili raffiche superiori a 120-150 km\/h<\/p>\n<hr \/>\n<p><center><b>Mercoledi 2<\/b><\/center><b>Tempo atteso: <\/b>Cielo irregolarmente nuvoloso specie al mattino e sulle Dolomiti settentrionali dove non sono escluse deboli nevicate portate dal vento da Nord e maggiori schiarite su Prealpi specie nel pomeriggio dove le precipitazioni saranno assenti.<br \/>\n<b>Precipitazioni: <\/b>Fino al mattino su Dolomiti settentrionali possibile neve burrascosa portata dal vento da Nord (30-50%)<br \/>\n<b>Temperature: <\/b>In generale aumento. Su Prealpi a 1500 m: min 2 max 4, a 2000 m: min -1 max 1 Dolomiti a 2000 m: min -5 max -3, a 3000 m: min -11 max -9<br \/>\n<b>Venti: <\/b>In quota molto forti settentrionali e possibili condizioni di fhoen in alcune valli con qualche forte raffica a 25-50 km\/h a 2000 m, a 80-110 km\/h 3000 m<\/p>\n<hr \/>\n<p><center><b>Giovedi 3<\/b><\/center>Estesa nuvolosit\u00e0 medio-alta in arrivo dal mattino con addensamenti su Dolomiti settentrionali. Precipitazioni assenti. Temperature in marcato aumento in quota. Venti in quota forti settentrionali fino al primo mattino poi in attenuazione in giornata a moderati\/tesi in alta quota.<\/p>\n<hr \/>\n<p><center><b>Venerdi 4<\/b><\/center>Tempo stabile ma con possibile nuvolosit\u00e0 irregolare medio-alta a tratti estesa. Precipitazioni assenti. Temperature stazionarie o in lieve aumento. Previsore: DDL<\/p>\n<p>&nbsp;<\/p>\n<hr \/>\n<p>&nbsp;<\/p>\n<p><a href=\"https:\/\/www.radiopiu.net\/wordpress\/giornale-radiopiu-15-settembre-2018-direttore-mirko-mezzacasa\/sport-7\/\" rel=\"attachment wp-att-60761\"><img loading=\"lazy\" decoding=\"async\" class=\"wp-image-60761 size-full aligncenter\" src=\"https:\/\/www.radiopiu.net\/wordpress\/wp-content\/uploads\/2018\/09\/sport.jpg\" alt=\"\" width=\"800\" height=\"100\" srcset=\"https:\/\/www.radiopiu.net\/wordpress\/wp-content\/uploads\/2018\/09\/sport.jpg 800w, https:\/\/www.radiopiu.net\/wordpress\/wp-content\/uploads\/2018\/09\/sport-300x38.jpg 300w, https:\/\/www.radiopiu.net\/wordpress\/wp-content\/uploads\/2018\/09\/sport-768x96.jpg 768w\" sizes=\"auto, (max-width: 800px) 100vw, 800px\" \/><\/a><\/p>\n<\/div>\n<p><strong>\u00a0 \u00a0 \u00a0<\/strong><\/p>\n<p>&nbsp;<\/p>\n<p><span style=\"color: #0000ff;\"><strong>RICORDI HOCKEY SU GHIACCIO<\/strong><\/span><\/p>\n<blockquote class=\"wp-embedded-content\" data-secret=\"aPzxQWIXKF\"><p><a href=\"https:\/\/www.radiopiu.net\/wordpress\/2014-lagordino-di-hockey-su-ghiaccio-al-de-toni\/\">2014&#8230; L&#8217;AGORDINO DI HOCKEY SU GHIACCIO AL &#8220;DE TONI&#8221;<\/a><\/p><\/blockquote>\n<p><iframe loading=\"lazy\" class=\"wp-embedded-content\" sandbox=\"allow-scripts\" security=\"restricted\" style=\"position: absolute; clip: rect(1px, 1px, 1px, 1px);\" title=\"&#8220;2014&#8230; L&#8217;AGORDINO DI HOCKEY SU GHIACCIO AL &#8220;DE TONI&#8221;&#8221; &#8212; Radio Pi\u00f9\" src=\"https:\/\/www.radiopiu.net\/wordpress\/2014-lagordino-di-hockey-su-ghiaccio-al-de-toni\/embed\/#?secret=aPzxQWIXKF\" data-secret=\"aPzxQWIXKF\" width=\"600\" height=\"338\" frameborder=\"0\" marginwidth=\"0\" marginheight=\"0\" scrolling=\"no\"><\/iframe><\/p>\n<\/div>\n<\/div>\n<\/div>\n<\/div>\n<\/div>\n<\/div>\n<\/div>\n<\/div>\n<\/div>\n<\/div>\n<\/div>\n<\/div>\n<\/div>\n<\/div>\n<\/div>\n<\/div>\n<\/div>\n<\/div>\n<\/div>\n<\/div>\n<\/div>\n<\/div>\n<\/div>\n<\/div>\n<\/div>\n<\/div>\n<\/div>\n<\/div>\n<\/div>\n<\/div>\n","protected":false},"excerpt":{"rendered":"<p>\u00a0INFORMAZIONE il canale su TELEGRAM informazione di prima mano e in tempo reale. iscriviti ed aiutaci a farlo conoscere\u00a0\u00a0 ZERO IN GEOGRAFIA&#8230; 10 + IN MARKETING A SPESE DEGLI ALTRI.\u00a0 I &#8220;CUGINI&#8221; TRENTINI E ALTO ATESINI\u00a0 CONTINUANO INESORABILI NELLE LORO CAMPAGNE PROMOZIONALI CON IMMAGINI, COLORI, AMBIENTI TUTT&#8217;ALTRO CHE SUD TIROLESI, MA TANT&#8217;E&#8217; NESSUNO PROTESTA, TUTTO&hellip;<\/p>\n","protected":false},"author":4,"featured_media":257145,"comment_status":"closed","ping_status":"closed","sticky":false,"template":"","format":"standard","meta":{"_monsterinsights_skip_tracking":false,"_monsterinsights_sitenote_active":false,"_monsterinsights_sitenote_note":"","_monsterinsights_sitenote_category":0,"footnotes":""},"categories":[104,86,49],"tags":[],"class_list":["post-257009","post","type-post","status-publish","format-standard","has-post-thumbnail","hentry","category-evidenza_3","category-gr","category-news-18","category-104","category-86","category-49","description-off"],"img_url":"https:\/\/www.radiopiu.net\/wordpress\/wp-content\/uploads\/2022\/01\/029b9660-f6f6-4528-9f00-e2fae9ba92ca.jpg","_links":{"self":[{"href":"https:\/\/www.radiopiu.net\/wordpress\/wp-json\/wp\/v2\/posts\/257009","targetHints":{"allow":["GET"]}}],"collection":[{"href":"https:\/\/www.radiopiu.net\/wordpress\/wp-json\/wp\/v2\/posts"}],"about":[{"href":"https:\/\/www.radiopiu.net\/wordpress\/wp-json\/wp\/v2\/types\/post"}],"author":[{"embeddable":true,"href":"https:\/\/www.radiopiu.net\/wordpress\/wp-json\/wp\/v2\/users\/4"}],"replies":[{"embeddable":true,"href":"https:\/\/www.radiopiu.net\/wordpress\/wp-json\/wp\/v2\/comments?post=257009"}],"version-history":[{"count":0,"href":"https:\/\/www.radiopiu.net\/wordpress\/wp-json\/wp\/v2\/posts\/257009\/revisions"}],"wp:featuredmedia":[{"embeddable":true,"href":"https:\/\/www.radiopiu.net\/wordpress\/wp-json\/wp\/v2\/media\/257145"}],"wp:attachment":[{"href":"https:\/\/www.radiopiu.net\/wordpress\/wp-json\/wp\/v2\/media?parent=257009"}],"wp:term":[{"taxonomy":"category","embeddable":true,"href":"https:\/\/www.radiopiu.net\/wordpress\/wp-json\/wp\/v2\/categories?post=257009"},{"taxonomy":"post_tag","embeddable":true,"href":"https:\/\/www.radiopiu.net\/wordpress\/wp-json\/wp\/v2\/tags?post=257009"}],"curies":[{"name":"wp","href":"https:\/\/api.w.org\/{rel}","templated":true}]}}