{"id":257120,"date":"2022-01-31T11:59:15","date_gmt":"2022-01-31T10:59:15","guid":{"rendered":"https:\/\/www.radiopiu.net\/wordpress\/?p=257120"},"modified":"2022-01-31T19:18:51","modified_gmt":"2022-01-31T18:18:51","slug":"piscine-un-comparto-che-sembra-non-interessare-a-nessuno-domenica-6-febbraio-2022-si-chiude","status":"publish","type":"post","link":"https:\/\/www.radiopiu.net\/wordpress\/piscine-un-comparto-che-sembra-non-interessare-a-nessuno-domenica-6-febbraio-2022-si-chiude\/","title":{"rendered":"PISCINE: UN COMPARTO CHE SEMBRA NON INTERESSARE A NESSUNO, DOMENICA 6 FEBBRAIO 2022 SI CHIUDE"},"content":{"rendered":"<p><strong><a href=\"https:\/\/www.radiopiu.net\/wordpress\/piscine-un-comparto-che-sembra-non-interessare-a-nessuno-domenica-6-febbraio-2022-si-chiude\/schermata-2022-01-31-alle-11-58-26\/\" rel=\"attachment wp-att-257123\"><img loading=\"lazy\" decoding=\"async\" class=\"size-medium wp-image-257123 alignleft\" src=\"https:\/\/www.radiopiu.net\/wordpress\/wp-content\/uploads\/2022\/01\/Schermata-2022-01-31-alle-11.58.26-300x232.png\" alt=\"\" width=\"300\" height=\"232\" srcset=\"https:\/\/www.radiopiu.net\/wordpress\/wp-content\/uploads\/2022\/01\/Schermata-2022-01-31-alle-11.58.26-300x232.png 300w, https:\/\/www.radiopiu.net\/wordpress\/wp-content\/uploads\/2022\/01\/Schermata-2022-01-31-alle-11.58.26-1024x792.png 1024w, https:\/\/www.radiopiu.net\/wordpress\/wp-content\/uploads\/2022\/01\/Schermata-2022-01-31-alle-11.58.26-768x594.png 768w, https:\/\/www.radiopiu.net\/wordpress\/wp-content\/uploads\/2022\/01\/Schermata-2022-01-31-alle-11.58.26.png 1130w\" sizes=\"auto, (max-width: 300px) 100vw, 300px\" \/><\/a>AGORDO <\/strong>Domenica 6 febbraio 2022 anche gli enti gestori delle piscine comunali di Longarone, Pedavena, Pieve di Cadore, Santa Giustina, oltre che quella comprensoriale di Agordo e quella privata di Pelos di Cadore in coordinamento con gli enti locali proprietari e la maggioranza degli impianti della regione del Veneto e nazionali aderiranno alla manifestazione nazionale \u201cDomenica 6 febbraio piscina chiusa\u201d sospendendo le attivit\u00e0 nei propri impianti. L&#8217;iniziativa ha lo scopo di alzare un forte grido di allarme a tutte le istituzioni, in particolare\u00a0 al Governo Nazionale e alle Regioni sulla situazione drammatica in cui si trova l&#8217;intero comparto. Le risposte concrete presentate sono rimaste inascoltate a livello nazionale e regionale. A livello provinciale le amministrazioni locali proprietarie degli impianti della provincia di Belluno sono intervenute per quanto possibile a sostegno degli enti gestori delle piscine di loro propriet\u00e0, dimostrando comprensione del problema, ma i loro aiuti non sono sufficienti per risolvere il problema. La manifestazione ha lo scopo di sensibilizzare anche l&#8217;opinione pubblica sulla criticit\u00e0 della situazione. Gli enti gestori ringraziano sin d&#8217;ora i propri frequentatori per l&#8217;attenzione e si scusano per l&#8217;eventuale disagio<\/p>\n<p>&nbsp;<\/p>\n<blockquote>\n<h2>LA SPORTIVAMENTE BELLUNO APPOGGIA L&#8217;AZIONE DI SENSIBILIZZAZIONE<\/h2>\n<\/blockquote>\n<p><strong>BELLUNO<\/strong> \u201cCaro bollette\u201d: la Sportivamente Belluno appoggia l\u2019azione di sensibilizzazione Dalle conseguenze della pandemia, con lunghi periodi di chiusura, ai mancati ristori, passando per il \u201ccaro bollette\u201d: il comparto delle piscine \u00e8 in ginocchio. E a lanciare l\u2019allarme, a livello nazionale,\u00e8 il Coordinamento Associazioni Gestori Impianti Natatori. Un allarme che sfocia in un atto dimostrativo di grande impatto: il coordinamento, infatti, propone di chiudere le piscine per domenica 6 febbraio. \u00abI vari decreti ristori hanno garantito somme che non arrivano nemmeno al 5% dei ricavi annuali &#8211; spiegano dal Coordinamento &#8211; quando mediamente si sono registrate riduzioni di fatturato di oltre il 50, 60%. Somme che non bastano nemmeno a pagare un mese di utenze di luce, acqua e gas. E adesso, come se non bastasse, \u00e8 arrivato il cosiddetto \u201ccaro bollette\u201d con aumenti superiori al 50%. Dal canto suo, la Sportivamente Belluno appoggia senza riserve il pensiero delle Associazioni Gestori Impianti Natatori, ma aderir\u00e0 all\u2019azione di sensibilizzazione, evitando di chiudere la piscina. La Sportivamente Belluno, essendo la societ\u00e0 pubblica del Comune di Belluno, gestisce diversi impianti nel capoluogo e per equit\u00e0, dovrebbe chiudere pure lo Stadio polisportivo, il Palasport A. De Mas e la Spes Arena. Un simile provvedimento non \u00e8 attuabile in questo momento, anche nel rispetto degli utenti che verrebbero privati ancora una volta di una serie di servizi importanti, servizi a cui hanno gi\u00e0 dovuto rinunciare nel periodo delle restrizioni. La Sportivamente Belluno \u00e8 in linea con tutte le richieste del Coordinamento: \u00abServono ristori, l\u2019estensione dell\u2019Ecobonus 110% agli impianti natatori e rispetto ai costi dell\u2019energia, \u00e8 indispensabile che il MISE annoveri le piscine negli aiuti previsti per gli impianti energivori\u00bb<\/p>\n<p>&nbsp;<\/p>\n<p>&nbsp;<\/p>\n<p>*****<\/p>\n","protected":false},"excerpt":{"rendered":"<p>AGORDO Domenica 6 febbraio 2022 anche gli enti gestori delle piscine comunali di Longarone, Pedavena, Pieve di Cadore, Santa Giustina, oltre che quella comprensoriale di Agordo e quella privata di Pelos di Cadore in coordinamento con gli enti locali proprietari e la maggioranza degli impianti della regione del Veneto e nazionali aderiranno alla manifestazione nazionale&hellip;<\/p>\n","protected":false},"author":4,"featured_media":257123,"comment_status":"closed","ping_status":"closed","sticky":false,"template":"","format":"standard","meta":{"_monsterinsights_skip_tracking":false,"_monsterinsights_sitenote_active":false,"_monsterinsights_sitenote_note":"","_monsterinsights_sitenote_category":0,"footnotes":""},"categories":[49],"tags":[],"class_list":["post-257120","post","type-post","status-publish","format-standard","has-post-thumbnail","hentry","category-news-18","category-49","description-off"],"img_url":"https:\/\/www.radiopiu.net\/wordpress\/wp-content\/uploads\/2022\/01\/Schermata-2022-01-31-alle-11.58.26.png","_links":{"self":[{"href":"https:\/\/www.radiopiu.net\/wordpress\/wp-json\/wp\/v2\/posts\/257120","targetHints":{"allow":["GET"]}}],"collection":[{"href":"https:\/\/www.radiopiu.net\/wordpress\/wp-json\/wp\/v2\/posts"}],"about":[{"href":"https:\/\/www.radiopiu.net\/wordpress\/wp-json\/wp\/v2\/types\/post"}],"author":[{"embeddable":true,"href":"https:\/\/www.radiopiu.net\/wordpress\/wp-json\/wp\/v2\/users\/4"}],"replies":[{"embeddable":true,"href":"https:\/\/www.radiopiu.net\/wordpress\/wp-json\/wp\/v2\/comments?post=257120"}],"version-history":[{"count":0,"href":"https:\/\/www.radiopiu.net\/wordpress\/wp-json\/wp\/v2\/posts\/257120\/revisions"}],"wp:featuredmedia":[{"embeddable":true,"href":"https:\/\/www.radiopiu.net\/wordpress\/wp-json\/wp\/v2\/media\/257123"}],"wp:attachment":[{"href":"https:\/\/www.radiopiu.net\/wordpress\/wp-json\/wp\/v2\/media?parent=257120"}],"wp:term":[{"taxonomy":"category","embeddable":true,"href":"https:\/\/www.radiopiu.net\/wordpress\/wp-json\/wp\/v2\/categories?post=257120"},{"taxonomy":"post_tag","embeddable":true,"href":"https:\/\/www.radiopiu.net\/wordpress\/wp-json\/wp\/v2\/tags?post=257120"}],"curies":[{"name":"wp","href":"https:\/\/api.w.org\/{rel}","templated":true}]}}