{"id":257129,"date":"2022-01-31T23:59:40","date_gmt":"2022-01-31T22:59:40","guid":{"rendered":"https:\/\/www.radiopiu.net\/wordpress\/?p=257129"},"modified":"2022-01-31T15:33:36","modified_gmt":"2022-01-31T14:33:36","slug":"257129-2","status":"publish","type":"post","link":"https:\/\/www.radiopiu.net\/wordpress\/257129-2\/","title":{"rendered":"IN DISTRIBUZIONE IL BOLLETTINO PARROCCHIALE DI TAIBON"},"content":{"rendered":"<p><strong><a href=\"https:\/\/www.radiopiu.net\/wordpress\/257129-2\/0cdc0d9f-cdc7-4fbb-a137-eacb3dbfadd9\/\" rel=\"attachment wp-att-257130\"><img loading=\"lazy\" decoding=\"async\" class=\"size-medium wp-image-257130 alignright\" src=\"https:\/\/www.radiopiu.net\/wordpress\/wp-content\/uploads\/2022\/01\/0cdc0d9f-cdc7-4fbb-a137-eacb3dbfadd9-224x300.jpg\" alt=\"\" width=\"224\" height=\"300\" srcset=\"https:\/\/www.radiopiu.net\/wordpress\/wp-content\/uploads\/2022\/01\/0cdc0d9f-cdc7-4fbb-a137-eacb3dbfadd9-224x300.jpg 224w, https:\/\/www.radiopiu.net\/wordpress\/wp-content\/uploads\/2022\/01\/0cdc0d9f-cdc7-4fbb-a137-eacb3dbfadd9-765x1024.jpg 765w, https:\/\/www.radiopiu.net\/wordpress\/wp-content\/uploads\/2022\/01\/0cdc0d9f-cdc7-4fbb-a137-eacb3dbfadd9-768x1027.jpg 768w, https:\/\/www.radiopiu.net\/wordpress\/wp-content\/uploads\/2022\/01\/0cdc0d9f-cdc7-4fbb-a137-eacb3dbfadd9-1148x1536.jpg 1148w, https:\/\/www.radiopiu.net\/wordpress\/wp-content\/uploads\/2022\/01\/0cdc0d9f-cdc7-4fbb-a137-eacb3dbfadd9.jpg 1196w\" sizes=\"auto, (max-width: 224px) 100vw, 224px\" \/><\/a>TAIBON<\/strong> E&#8217; in distribuzione &#8220;Comunit\u00e0&#8221;, il Bollettino della Parrocchia Santi Cornelio e Cipriano. Don Cesare ricorda Don Francesco mancato lo scorso agosto, il vescovo Renato Marangoni quel 13 ottobre quando le campane annunciarono &#8220;Papa Luciani Beato&#8221;.\u00a0 Don Davide Fiocco ricorda Luciani agli onori degli altari &#8220;Magnificat Super Miro&#8221;.<\/p>\n<p>Molte le collaborazioni per redigere un numero importante del bollettino con tante pagine per la vita della comunit\u00e0 dove non manca il saluto alla dottoressa Frida Spoto in pensione dallo scorso giugno.\u00a0 Tra le chicche la foto storica degli anni 70 con il Patriarca Albino Luciani, Erminia Masoch Miola, Carlo Bortolini, Luigi Santomaso ed Emanuele Paganin al tempo sindaco del paese.\u00a0 Alessandro Savio e Giorgio Fontanive raccontano i 100 anni dalla prima ascensione alla parete nord dell&#8217;Agner e l&#8217;evento estivo in Valle di San Lucano.<\/p>\n<p>Spazio meritato per il volontariato di Taibon che ha ripulito la Calch\u00e8ra de le t\u00f2rte, in previsione della &#8220;cota&#8221; di primavera, un evento dal momento che almeno da settant&#8217;anni l&#8217;operazione non \u00e8 pi\u00f9 praticata. Il sito si trova in prossimit\u00e0 del capitello delle tre dita, prima della chiesa di San Lucano. Di Dino Bridda la pagina di storia dedicata a monsignor Juan Jos\u00e8 Gerardi Conedera assassinato nel 1998 \u00e8 in corso la causa di beatificazione. Citiamo infine il bel ricordo di Luigi De Biasio &#8220;Gigion&#8221; e la sua intensa vita,\u00a0 scomparso a novembre<\/p>\n\n\t\t\t<style type='text\/css'>\n\t\t\t\t#gallery-1 {\n\t\t\t\t\tmargin: auto;\n\t\t\t\t}\n\t\t\t\t#gallery-1 .gallery-item {\n\t\t\t\t\tfloat: left;\n\t\t\t\t\tmargin-top: 10px;\n\t\t\t\t\ttext-align: center;\n\t\t\t\t\twidth: 33%;\n\t\t\t\t}\n\t\t\t\t#gallery-1 img {\n\t\t\t\t\tborder: 2px solid #cfcfcf;\n\t\t\t\t}\n\t\t\t\t#gallery-1 .gallery-caption {\n\t\t\t\t\tmargin-left: 0;\n\t\t\t\t}\n\t\t\t\t\/* see gallery_shortcode() in wp-includes\/media.php *\/\n\t\t\t<\/style>\n\t\t<div id='gallery-1' class='dt-gallery-container gallery galleryid-257129 gallery-columns-3 gallery-size-thumbnail'><dl class='gallery-item'>\n\t\t\t\t<dt class='gallery-icon landscape'>\n\t\t\t\t\t<a class=\"rollover rollover-zoom dt-pswp-item\" title=\"00f219c3-21bf-41a9-90aa-72f4e3a5974a\" data-dt-img-description=\"\" data-large_image_width=\"1600\" data-large_image_height=\"1196\"href='https:\/\/www.radiopiu.net\/wordpress\/wp-content\/uploads\/2022\/01\/00f219c3-21bf-41a9-90aa-72f4e3a5974a.jpg'><img loading=\"lazy\" decoding=\"async\" width=\"150\" height=\"150\" src=\"https:\/\/www.radiopiu.net\/wordpress\/wp-content\/uploads\/2022\/01\/00f219c3-21bf-41a9-90aa-72f4e3a5974a-150x150.jpg\" class=\"attachment-thumbnail size-thumbnail\" alt=\"\" \/><\/a>\n\t\t\t\t<\/dt><\/dl><dl class='gallery-item'>\n\t\t\t\t<dt class='gallery-icon landscape'>\n\t\t\t\t\t<a class=\"rollover rollover-zoom dt-pswp-item\" title=\"262ab2c6-8950-4bf0-8325-f522ac462f6e\" data-dt-img-description=\"\" data-large_image_width=\"1600\" data-large_image_height=\"1196\"href='https:\/\/www.radiopiu.net\/wordpress\/wp-content\/uploads\/2022\/01\/262ab2c6-8950-4bf0-8325-f522ac462f6e.jpg'><img loading=\"lazy\" decoding=\"async\" width=\"150\" height=\"150\" src=\"https:\/\/www.radiopiu.net\/wordpress\/wp-content\/uploads\/2022\/01\/262ab2c6-8950-4bf0-8325-f522ac462f6e-150x150.jpg\" class=\"attachment-thumbnail size-thumbnail\" alt=\"\" \/><\/a>\n\t\t\t\t<\/dt><\/dl><dl class='gallery-item'>\n\t\t\t\t<dt class='gallery-icon landscape'>\n\t\t\t\t\t<a class=\"rollover rollover-zoom dt-pswp-item\" title=\"6e03bf8d-0469-4ae4-a26d-33da19f41a59\" data-dt-img-description=\"\" data-large_image_width=\"1600\" data-large_image_height=\"1196\"href='https:\/\/www.radiopiu.net\/wordpress\/wp-content\/uploads\/2022\/01\/6e03bf8d-0469-4ae4-a26d-33da19f41a59.jpg'><img loading=\"lazy\" decoding=\"async\" width=\"150\" height=\"150\" src=\"https:\/\/www.radiopiu.net\/wordpress\/wp-content\/uploads\/2022\/01\/6e03bf8d-0469-4ae4-a26d-33da19f41a59-150x150.jpg\" class=\"attachment-thumbnail size-thumbnail\" alt=\"\" \/><\/a>\n\t\t\t\t<\/dt><\/dl><br style=\"clear: both\" \/><dl class='gallery-item'>\n\t\t\t\t<dt class='gallery-icon portrait'>\n\t\t\t\t\t<a class=\"rollover rollover-zoom dt-pswp-item\" title=\"112c9ca5-ebd9-46a4-a023-a5b7343243e7\" data-dt-img-description=\"\" data-large_image_width=\"1196\" data-large_image_height=\"1600\"href='https:\/\/www.radiopiu.net\/wordpress\/wp-content\/uploads\/2022\/01\/112c9ca5-ebd9-46a4-a023-a5b7343243e7-e1643627748753.jpg'><img loading=\"lazy\" decoding=\"async\" width=\"150\" height=\"150\" src=\"https:\/\/www.radiopiu.net\/wordpress\/wp-content\/uploads\/2022\/01\/112c9ca5-ebd9-46a4-a023-a5b7343243e7-e1643627748753-150x150.jpg\" class=\"attachment-thumbnail size-thumbnail\" alt=\"\" \/><\/a>\n\t\t\t\t<\/dt><\/dl><dl class='gallery-item'>\n\t\t\t\t<dt class='gallery-icon landscape'>\n\t\t\t\t\t<a class=\"rollover rollover-zoom dt-pswp-item\" title=\"43f96aa2-4347-4259-9cde-e9eb26abc63a\" data-dt-img-description=\"\" data-large_image_width=\"1600\" data-large_image_height=\"1196\"href='https:\/\/www.radiopiu.net\/wordpress\/wp-content\/uploads\/2022\/01\/43f96aa2-4347-4259-9cde-e9eb26abc63a.jpg'><img loading=\"lazy\" decoding=\"async\" width=\"150\" height=\"150\" src=\"https:\/\/www.radiopiu.net\/wordpress\/wp-content\/uploads\/2022\/01\/43f96aa2-4347-4259-9cde-e9eb26abc63a-150x150.jpg\" class=\"attachment-thumbnail size-thumbnail\" alt=\"\" \/><\/a>\n\t\t\t\t<\/dt><\/dl><dl class='gallery-item'>\n\t\t\t\t<dt class='gallery-icon portrait'>\n\t\t\t\t\t<a class=\"rollover rollover-zoom dt-pswp-item\" title=\"0cdc0d9f-cdc7-4fbb-a137-eacb3dbfadd9\" data-dt-img-description=\"\" data-large_image_width=\"1196\" data-large_image_height=\"1600\"href='https:\/\/www.radiopiu.net\/wordpress\/wp-content\/uploads\/2022\/01\/0cdc0d9f-cdc7-4fbb-a137-eacb3dbfadd9.jpg'><img loading=\"lazy\" decoding=\"async\" width=\"150\" height=\"150\" src=\"https:\/\/www.radiopiu.net\/wordpress\/wp-content\/uploads\/2022\/01\/0cdc0d9f-cdc7-4fbb-a137-eacb3dbfadd9-150x150.jpg\" class=\"attachment-thumbnail size-thumbnail\" alt=\"\" \/><\/a>\n\t\t\t\t<\/dt><\/dl><br style=\"clear: both\" \/>\n\t\t\t<\/div>\n\n<p>&nbsp;<\/p>\n<p>***<\/p>\n","protected":false},"excerpt":{"rendered":"<p>TAIBON E&#8217; in distribuzione &#8220;Comunit\u00e0&#8221;, il Bollettino della Parrocchia Santi Cornelio e Cipriano. Don Cesare ricorda Don Francesco mancato lo scorso agosto, il vescovo Renato Marangoni quel 13 ottobre quando le campane annunciarono &#8220;Papa Luciani Beato&#8221;.\u00a0 Don Davide Fiocco ricorda Luciani agli onori degli altari &#8220;Magnificat Super Miro&#8221;. Molte le collaborazioni per redigere un numero&hellip;<\/p>\n","protected":false},"author":4,"featured_media":257134,"comment_status":"closed","ping_status":"closed","sticky":false,"template":"","format":"standard","meta":{"_monsterinsights_skip_tracking":false,"_monsterinsights_sitenote_active":false,"_monsterinsights_sitenote_note":"","_monsterinsights_sitenote_category":0,"footnotes":""},"categories":[51,49],"tags":[],"class_list":["post-257129","post","type-post","status-publish","format-standard","has-post-thumbnail","hentry","category-evidenza-top","category-news-18","category-51","category-49","description-off"],"img_url":"https:\/\/www.radiopiu.net\/wordpress\/wp-content\/uploads\/2022\/01\/112c9ca5-ebd9-46a4-a023-a5b7343243e7-e1643627748753.jpg","_links":{"self":[{"href":"https:\/\/www.radiopiu.net\/wordpress\/wp-json\/wp\/v2\/posts\/257129","targetHints":{"allow":["GET"]}}],"collection":[{"href":"https:\/\/www.radiopiu.net\/wordpress\/wp-json\/wp\/v2\/posts"}],"about":[{"href":"https:\/\/www.radiopiu.net\/wordpress\/wp-json\/wp\/v2\/types\/post"}],"author":[{"embeddable":true,"href":"https:\/\/www.radiopiu.net\/wordpress\/wp-json\/wp\/v2\/users\/4"}],"replies":[{"embeddable":true,"href":"https:\/\/www.radiopiu.net\/wordpress\/wp-json\/wp\/v2\/comments?post=257129"}],"version-history":[{"count":0,"href":"https:\/\/www.radiopiu.net\/wordpress\/wp-json\/wp\/v2\/posts\/257129\/revisions"}],"wp:featuredmedia":[{"embeddable":true,"href":"https:\/\/www.radiopiu.net\/wordpress\/wp-json\/wp\/v2\/media\/257134"}],"wp:attachment":[{"href":"https:\/\/www.radiopiu.net\/wordpress\/wp-json\/wp\/v2\/media?parent=257129"}],"wp:term":[{"taxonomy":"category","embeddable":true,"href":"https:\/\/www.radiopiu.net\/wordpress\/wp-json\/wp\/v2\/categories?post=257129"},{"taxonomy":"post_tag","embeddable":true,"href":"https:\/\/www.radiopiu.net\/wordpress\/wp-json\/wp\/v2\/tags?post=257129"}],"curies":[{"name":"wp","href":"https:\/\/api.w.org\/{rel}","templated":true}]}}