{"id":257215,"date":"2022-02-02T05:36:17","date_gmt":"2022-02-02T04:36:17","guid":{"rendered":"https:\/\/www.radiopiu.net\/wordpress\/?p=257215"},"modified":"2022-02-02T06:39:48","modified_gmt":"2022-02-02T05:39:48","slug":"giornale-radiopiu-02-febbraio-2022-direttore-mirko-mezzacasa","status":"publish","type":"post","link":"https:\/\/www.radiopiu.net\/wordpress\/giornale-radiopiu-02-febbraio-2022-direttore-mirko-mezzacasa\/","title":{"rendered":"GIORNALE RADIOPIU 02 FEBBRAIO 2022 DIRETTORE MIRKO MEZZACASA"},"content":{"rendered":"<h3 class=\"kvgmc6g5 cxmmr5t8 oygrvhab hcukyx3x c1et5uql\"><span style=\"color: #0000ff;\"><strong><a href=\"https:\/\/www.radiopiu.net\/wordpress\/giornale-radiopiu-01-febbraio-2022-direttore-mirko-mezzacasa\/de-villa-alberto-online\/\" rel=\"attachment wp-att-257167\"><img loading=\"lazy\" decoding=\"async\" class=\"size-medium wp-image-257167 alignleft\" src=\"https:\/\/www.radiopiu.net\/wordpress\/wp-content\/uploads\/2022\/01\/de-villa-alberto-online-243x300.jpg\" alt=\"\" width=\"243\" height=\"300\" srcset=\"https:\/\/www.radiopiu.net\/wordpress\/wp-content\/uploads\/2022\/01\/de-villa-alberto-online-243x300.jpg 243w, https:\/\/www.radiopiu.net\/wordpress\/wp-content\/uploads\/2022\/01\/de-villa-alberto-online.jpg 486w\" sizes=\"auto, (max-width: 243px) 100vw, 243px\" \/><\/a><\/strong><\/span><strong>L&#8217;ULTIMO AFFETTUOSO SALUTO AD ALBERTO DE VILLA GOBBO\u00a0<\/strong><\/h3>\n<p><em>\u00a0Il 51 enne operaio di Luxottica \u00e8 morto gioved\u00ec 27 gennaio falciato da un&#8217;automobile mentre in bicicletta si accingeva a raggiungere la fabbrica per iniziare il turno pomeridiano<\/em><\/p>\n<blockquote><p><em><strong>Amedeo Franceschini <\/strong>\u00abHai sempre amato la corsa Alberto,\u00a0 che rappresenta la gioia di vivere e tu la vivevi con quel sorriso di felicit\u00e0 che non ti abbandonava mai. La corsa della tua vita si \u00e8 interrotta inaspettatamente. Ora la pacca sulla spalla che davi a me quando mi precedevi al traguardo la darai a tua figlia Aurora, a Francesca, a Selena, a tutti coloro che hanno avuto la fortuna di conoscerti. Sono convinto che dal cielo continuerai a sussurrarci: Coraggio, anche oggi ce l&#8217;abbiamo fatta\u00bb<\/em><\/p><\/blockquote>\n<p><strong>Don Mirko Pozzobon, parafrasando\u00a0 &#8220;Se non ami&#8221; di Nek<\/strong>. <em>&#8220;Puoi decidere le strade che farai, puoi scalare le montagne oltre i limiti che hai, potrai essere qualcuno se ti va, ma se non ami non hai un vero motivo per vivere\u00bb\u00a0<\/em><\/p>\n<p>&nbsp;<\/p>\n<p>&nbsp;<\/p>\n<hr \/>\n<p>&nbsp;<\/p>\n<blockquote>\n<h3>ESCURSIONISTA MUORE COLTO DA MALORE<\/h3>\n<\/blockquote>\n<p><img loading=\"lazy\" decoding=\"async\" class=\"alignleft\" src=\"https:\/\/www.radiopiu.net\/wordpress\/wp-content\/uploads\/2021\/10\/salt_20211022_181534_590.jpg\" width=\"302\" height=\"226\" \/><strong>SANTA GIUSTINA<\/strong>\u00a0 Ieri pomeriggio \u200bAttorno il Soccorso alpino di Feltre \u00e8 stato allertato per un escursionista che aveva accusato un malore, mentre con una coppia di amici stava scendendo dalla Chiesetta di San Mauro verso localit\u00e0 Campel, in Val Scura. Luciano De <a href=\"https:\/\/www.radiopiu.net\/wordpress\/giornale-radiopiu-02-febbraio-2022-direttore-mirko-mezzacasa\/63926261-3c87-48c5-969d-afedc0c2547b\/\" rel=\"attachment wp-att-257444\"><img loading=\"lazy\" decoding=\"async\" class=\"wp-image-257444 alignright\" src=\"https:\/\/www.radiopiu.net\/wordpress\/wp-content\/uploads\/2022\/02\/63926261-3c87-48c5-969d-afedc0c2547b-169x300.jpg\" alt=\"\" width=\"95\" height=\"169\" srcset=\"https:\/\/www.radiopiu.net\/wordpress\/wp-content\/uploads\/2022\/02\/63926261-3c87-48c5-969d-afedc0c2547b-169x300.jpg 169w, https:\/\/www.radiopiu.net\/wordpress\/wp-content\/uploads\/2022\/02\/63926261-3c87-48c5-969d-afedc0c2547b-576x1024.jpg 576w, https:\/\/www.radiopiu.net\/wordpress\/wp-content\/uploads\/2022\/02\/63926261-3c87-48c5-969d-afedc0c2547b-768x1365.jpg 768w, https:\/\/www.radiopiu.net\/wordpress\/wp-content\/uploads\/2022\/02\/63926261-3c87-48c5-969d-afedc0c2547b-864x1536.jpg 864w, https:\/\/www.radiopiu.net\/wordpress\/wp-content\/uploads\/2022\/02\/63926261-3c87-48c5-969d-afedc0c2547b.jpg 1080w\" sizes=\"auto, (max-width: 95px) 100vw, 95px\" \/><\/a>Pieri, 74 anni, di Mogliano Veneto (TV), dopo le prime avvisaglie era peggiorato perdendo coscienza, al punto che gli amici, contattato il 118 per dare l&#8217;allarme, avevano iniziato a praticargli il massaggio cardiaco. Individuato il posto, l&#8217;elicottero del Suem di Pieve di Cadore ha sbarcato con un verricello equipe medica e tecnico di elisoccorso, che sono subentrati ai presenti, ma, dopo aver tentato le manovre di rianimazione, non hanno potuto che constatare il decesso dell&#8217;uomo. Imbarellata, la salma \u00e8 stata spostata assieme ai soccorritori &#8211; sopraggiunti dopo una ventina di minuti a piedi &#8211; in un posto agevole per il recupero, per poi essere trasportata nella frazione di San Vettor Veses, dove sono arrivati Carabinieri e carro funebre. La coppia, scossa per quanto accaduto, \u00e8 stata accompagnata a valle dai sette soccorritori.<\/p>\n<p>FOTO ARCHIVIO<\/p>\n<p>&nbsp;<\/p>\n<hr \/>\n<p>&nbsp;<\/p>\n<blockquote>\n<h3>COCAINA AL BANCONE DEL BAR, TRA I CLIENTI UN POLIZIOTTO<\/h3>\n<\/blockquote>\n<p><span style=\"color: #ff0000;\"><strong><img loading=\"lazy\" decoding=\"async\" class=\"alignleft\" src=\"https:\/\/www.radiopiu.net\/wordpress\/wp-content\/uploads\/2022\/02\/fd47ba33-0069-4f87-84ba-65e9e2a2ab68.jpg\" width=\"283\" height=\"159\" \/>OGGI SUL CORRIERE DELLE ALPI<\/strong><\/span><\/p>\n<p><span style=\"color: #ff0000;\"><strong>DI GIGI SOSSO<\/strong><\/span><\/p>\n<blockquote>\n<h3>Dal Borgo arrestato nel suo locale mentre stava bruciando la droga<\/h3>\n<\/blockquote>\n<p><strong>BELLUNO<\/strong> Lo Sport, in questo caso, era lo spaccio di cocaina. Un&#8217;attivit\u00e0 a livello imprenditoriale che aveva sede nel bar di Sois, con tanto di stipendi per i collaboratori. Anzi, i complici. Le dosi avevano un prezzo variabile, tra i 50 e i 100 euro . Tra i clienti c&#8217;era anche un poliziotto, che nemmeno pagava la roba, oltre a tanti individui gi\u00e0 conosciuti nel mondo dell&#8217;assunzione di sostanze stupefacenti. Tra loro c&#8217;\u00e8 anche chi in un anno aveva speso qualcosa come 12mila euro. Primi patteggiamenti e richieste di abbreviato o di lavori di pubblica utilit\u00e0, dopo l&#8217;inchiesta condotta dalla Squadra mobile di Belluno. Si torna in aula il 25 marzo.<\/p>\n<p><em>l titolare del bar Sport, Roberto Dal Borgo, si \u00e8 collegato con il tribunale di Belluno direttamente dal carcere torinese delle Vallette, chiedendo proprio l&#8217;abbreviato e contando sullo sconto di pena previsto,\u00a0 deve rispondere di spaccio di grosse quantit\u00e0 di sostanze stupefacenti, violazione di domicilio, lesioni personali aggravate e calunnia. Il cittadino dominicano Juan Manuel Jimenez e quello albanese Gentian Celislami erano stati a loro volta arrestati e sono considerati i due principali corrieri: il primo ha chiesto lo stesso rito di Dal Borgo, mentre il secondo &#8211; trovato con la cocaina nelle mutande in via Agordo &#8211; sta concordando il patteggiamento<\/em><\/p>\n<p>&nbsp;<\/p>\n<hr \/>\n<h3><em>\u00a0<\/em><\/h3>\n<h3><em>-Candelora nevegarola, de l&#8217;inverno semo fora.\u00a0 \u00a0Candelora solarola, ne l&#8217;inverno semo ancora. Se nevica alla candelora (corrisponde al 2 febbraio) l&#8217;inverno finisce, ma se c&#8217;\u00e8 il sole l&#8217;inverno dura pi\u00f9 a lungo.<\/em><\/h3>\n<blockquote>\n<h3 class=\"kvgmc6g5 cxmmr5t8 oygrvhab hcukyx3x c1et5uql\"><span style=\"color: #000000;\"><strong><a href=\"https:\/\/www.radiopiu.net\/wordpress\/giornale-radiopiu-02-febbraio-2022-direttore-mirko-mezzacasa\/f4cef3ce-7adf-4807-b41e-90e45fbc0d32\/\" rel=\"attachment wp-att-257453\"><img loading=\"lazy\" decoding=\"async\" class=\"wp-image-257453 alignleft\" src=\"https:\/\/www.radiopiu.net\/wordpress\/wp-content\/uploads\/2022\/02\/f4cef3ce-7adf-4807-b41e-90e45fbc0d32-300x225.jpg\" alt=\"\" width=\"228\" height=\"171\" srcset=\"https:\/\/www.radiopiu.net\/wordpress\/wp-content\/uploads\/2022\/02\/f4cef3ce-7adf-4807-b41e-90e45fbc0d32-300x225.jpg 300w, https:\/\/www.radiopiu.net\/wordpress\/wp-content\/uploads\/2022\/02\/f4cef3ce-7adf-4807-b41e-90e45fbc0d32-768x575.jpg 768w, https:\/\/www.radiopiu.net\/wordpress\/wp-content\/uploads\/2022\/02\/f4cef3ce-7adf-4807-b41e-90e45fbc0d32.jpg 800w\" sizes=\"auto, (max-width: 228px) 100vw, 228px\" \/><\/a>02 INFORMAZIONE il canale su TELEGRAM informazione di prima mano e in tempo reale. iscriviti ed aiutaci a farlo conoscere\u00a0\u00a0<\/strong><\/span><\/h3>\n<\/blockquote>\n<p>&nbsp;<\/p>\n<p><span style=\"color: #0000ff;\"><strong>VIABILITA&#8217; PROVINCIA DI BELLUNO, TELEGRAM aggiornamento 5.55 del mattino foto Gian Luca Gaiardi<\/strong><\/span><\/p>\n<p><strong>Passo Pordoi SR48 . Nevica con occasionali mucchi di neve ventata in strada. Fino ad Arabba nessun problema.<\/strong><\/p>\n<p>&nbsp;<\/p>\n<p>&nbsp;<\/p>\n<hr \/>\n<p>&nbsp;<\/p>\n<blockquote>\n<h3>LU-VE GROUP, PRESENTATA L&#8217;OFFERTA D&#8217;ACQUISTO, PRODUZIONE DA CONVERTIRE<\/h3>\n<\/blockquote>\n<p><a href=\"https:\/\/www.radiopiu.net\/wordpress\/u-ve-group-presentata-lofferta-dacquisto-produzione-da-convertire\/download-1170\/\" rel=\"attachment wp-att-257317\"><img loading=\"lazy\" decoding=\"async\" class=\" wp-image-257317 alignleft\" src=\"https:\/\/www.radiopiu.net\/wordpress\/wp-content\/uploads\/2022\/02\/download.png\" alt=\"\" width=\"237\" height=\"158\" \/><\/a><strong>BORGO VALBELLUNA<\/strong> LU-VE Group ha informato di aver presentato una proposta vincolante per l\u2019acquisto di un ramo d\u2019azienda di Acc, La proposta prevede la completa riconversione industriale delle attivit\u00e0, al fine di ampliare la produzione di scambiatori di calore statici per banchi frigoriferi, condizionamento d\u2019aria, chiller e pompe di calore, gi\u00e0 realizzati da LU-VE Group nella fabbrica di Limana (Belluno), sede della societ\u00e0 controllata SEST S.p.A, oltre che in altri stabilimenti del Gruppo. La proposta vincolante prevede l\u2019assorbimento di una parte degli attuali lavoratori di WACC e investimenti complessivi nel sito per circa\u00a0 6 milioni di euro nell&#8217;arco di tre anni. La societ\u00e0 punta ad ampliare la propria base produttiva, rendendo l\u2019attivit\u00e0 dello stabilimento di Mel conforme e coerente con il core business del Gruppo, installandovi linee di produzione di scambiatori di calore.<\/p>\n<p>&nbsp;<\/p>\n<blockquote><p><strong>LORRAIN BERTON, PRESIDENTE CONFINDUSTRIA BELLUNO &#8220;<\/strong><em>il Gruppo LU-VE attraverso Sest &#8211; con i suoi amministratori delegati Michele Faggioli e Matteo Liberali &#8211; sta dimostrando amore per il territorio, coraggio imprenditoriale e lungimiranza. Lo sta facendo con i fatti e non con le parole. A Sest e alla sua dirigenza vanno il plauso e il pieno sostegno di Confindustria Belluno Dolomiti. Un contributo altrettanto fattivo, a questo punto, vorremo vedere anche da parte delle Istituzioni \u2013 locali e nazionali &#8211; perch\u00e9 il manifatturiero bellunese non venga lasciato solo e possa contare su infrastrutture materiali e immateriali all\u2019altezza delle sfide che lo attendono&#8221;\u00a0<\/em><\/p><\/blockquote>\n<p><strong>IL MINISTRO PER I RAPPORTI CON IL PARLAMENTO\u00a0 FEDERICO D&#8217;INCA<\/strong> &#8216;<em>\u201cLa proposta vincolante di Lu-Ve Group nei confronti di Acc \u00e8 un importante segnale sia per l\u2019azienda di Mel sia per il territorio bellunese. Una dimostrazione di attenzione e della valenza dello stabilimento che, come abbiamo sempre sottolineato in questi anni, ha saputo dimostrare seriet\u00e0 per l\u2019alta professionalit\u00e0 dei dipendenti e per il ruolo strategico che ha rivestito.<\/em> \u00a0<em>Da parte del Governo c\u2019\u00e8 stata la massima attenzione sulle sorti di questo stabilimento e, assieme alla viceministra Alessandra Todde, al Commissario Castro e al sindaco di Borgo Valbelluna Cesa, che ringrazio per il lavoro svolto, abbiamo seguito le diverse fasi che hanno portato al risultato odierno: il cammino nei confronti dello stabilimento \u00e8 stato lungo e difficile&#8221;.\u00a0<\/em><\/p>\n<blockquote><p><strong>L&#8217;ASSESSORE ELENA DONAZZAN<\/strong> \u201cACC ha avuto la forza di resistere, nonostante i danni della multinazionale cinese Wanbao, la timidezza della politica nella difesa del comparto dell\u2019elettrodomestico, di cui ACC \u00e8 ultimo produttore, oramai chiuso dei compressori, parte nobile dell\u2019elettrodomestico che \u00e8 stato il cuore dell\u2019industria italiana per decenni, dettando le regole di mercato nel mondo. Solo la forza dei lavoratori, dei sindacati, di un territorio che ha accompagnato, anche attraverso il Comitato di sorveglianza socio-istituzionale, i passaggi delicatissimi fino ad oggi con la proposta vincolante d\u2019acquisto di LU-VE. Tutto \u00e8 stato sempre sulle spalle del Commissario Castro, a cui va il nostro grazie\u201d.<\/p><\/blockquote>\n<p>&nbsp;<\/p>\n<p>&nbsp;<\/p>\n<hr \/>\n<p>&nbsp;<\/p>\n<blockquote>\n<h3>ACC: SINDACATI PREOCCUPATI PER I LAVORATORI &#8220;CHIEDIAMO UN INCONTRO CHIARIFICATORE&#8221;<\/h3>\n<\/blockquote>\n<p><strong>BORGO VALBELLUNA <\/strong>\u00a0l&#8217;intervento di Barbara Tibaldi, segretaria nazionale Fiom e responsabile elettrodomestico, Stefano Bona, segretario della Fiom di Belluno e Silvia Spera, area politiche industriali per la Cgil nazionale.<\/p>\n<blockquote><p><em><img loading=\"lazy\" decoding=\"async\" class=\"alignleft\" src=\"https:\/\/www.radiopiu.net\/wordpress\/wp-content\/uploads\/2021\/03\/th-15.jpg\" width=\"173\" height=\"116\" \/>Abbiamo appreso dalle agenzie stampa della proposta vincolante da parte della Lu-ve per l\u2019acquisto del sito ex Acc di Mel. Una notizia importante sicuramente, ma che ci lascia una forte preoccupazione su quello che ne conseguir\u00e0 sotto l\u2019aspetto occupazionale. Al ministro Giorgetti desideriamo sommessamente ricordare che a oggi le conseguenze della decisione di abbandonare quell\u2019unico tentativo di politica industriale da parte del Governo, che era il progetto Italcomp, sono i 400 licenziati della ex Embraco, a cui si aggiunge ora il rischio di esuberi <\/em><em>in Wanbao e in ultimo, ma di non trascurabile importanza, che con oggi si sancisce la rinuncia del nostro Paese a produrre compressori, con la cancellazione quindi di competenze industriali e professionali acquisite negli anni. Non riteniamo ci siano le condizioni per essere cos\u00ec entusiasti. <\/em><em>Per questi motivi abbiamo inviato oggi stesso una richiesta di incontro urgente al Ministero dello Sviluppo economico, proprio perch\u00e9 siamo un\u2019Organizzazione sindacale che fa la propria parte nell\u2019interesse delle persone che lavorano e non ci lasciamo andare in facili entusiasmi nei confronti di un mercato che porta avanti i propri interessi e che pu\u00f2 e sa farlo senza bisogno dell\u2019aiuto del Governo.\u201d<\/em><\/p><\/blockquote>\n<p>&nbsp;<\/p>\n<p>&nbsp;<\/p>\n<hr \/>\n<blockquote>\n<h3><\/h3>\n<h3>ESSILORLUXOTTICA AVVIERA&#8217; UN PROGRAMMA DI ACQUISTO DI AZIONI PROPRIE<\/h3>\n<\/blockquote>\n<p><strong><a href=\"https:\/\/www.radiopiu.net\/wordpress\/essilorluxottica-le-novita-dallassemblea-degli-azionisti-il-nuovo-consiglio-di-amministrazione-e-i-dividenti-delle-azioni\/essilorluxottica-2\/\" rel=\"attachment wp-att-193540\"><img loading=\"lazy\" decoding=\"async\" class=\" wp-image-193540 alignleft\" src=\"https:\/\/www.radiopiu.net\/wordpress\/wp-content\/uploads\/2021\/02\/ESSILORLUXOTTICA-300x170.png\" alt=\"\" width=\"247\" height=\"140\" srcset=\"https:\/\/www.radiopiu.net\/wordpress\/wp-content\/uploads\/2021\/02\/ESSILORLUXOTTICA-300x170.png 300w, https:\/\/www.radiopiu.net\/wordpress\/wp-content\/uploads\/2021\/02\/ESSILORLUXOTTICA-1024x579.png 1024w, https:\/\/www.radiopiu.net\/wordpress\/wp-content\/uploads\/2021\/02\/ESSILORLUXOTTICA-768x434.png 768w, https:\/\/www.radiopiu.net\/wordpress\/wp-content\/uploads\/2021\/02\/ESSILORLUXOTTICA.png 1320w\" sizes=\"auto, (max-width: 247px) 100vw, 247px\" \/><\/a>MILANO<\/strong> <span data-tlb-type=\"STOCK\" data-tlb-value=\"23.1ESL\">EssilorLuxottica<\/span>\u00a0ha annunciato il\u00a0lancio di un programma di acquisto di azioni proprie. La multinazionale italo-francese dell&#8217;occhialeria ha dato mandato a un intermediario specializzato per l&#8217;acquisto di un\u00a0massimo di 1.500.000 azioni, da effettuare, a seconda delle condizioni di mercato, nel periodo che va dal 1\u00b0 febbraio 2022 fino alla data ultima del 31 marzo 2022. L&#8217;operazione, viene sottolineato, &#8220;riflette la fiducia della societ\u00e0 nella sua capacit\u00e0 di creare valore e nelle sue prospettive di lungo periodo&#8221;. Le azioni acquisite sono destinate ad essere assegnate o trasferite ai dipendenti e ai dirigenti\u00a0di EssilorLuxottica e di societ\u00e0 controllate, in particolare nel contesto di piani di compartecipazione agli utili, bonus e premi di performance basati su azioni, piani di stock option e di azionariato diffuso dei dipendenti, spiega una nota.<\/p>\n<p>&nbsp;<\/p>\n<hr \/>\n<p>&nbsp;<\/p>\n<blockquote>\n<h3>OLIMPIADI MILANO CORTINA 2026. DAL MIMS 81 MLN DI EURO PER INFRASTRUTTURE E MOBILIT\u00c0.<\/h3>\n<\/blockquote>\n<p><strong><img loading=\"lazy\" decoding=\"async\" class=\"alignleft\" src=\"https:\/\/www.radiopiu.net\/wordpress\/wp-content\/uploads\/2018\/10\/OLIMPIADI-TERRAZZO.jpg\" width=\"303\" height=\"202\" \/>ROMA<\/strong> Approvata\u00a0 l\u2019intesa tra Veneto, Lombardia, Province Autonome di Bolzano e Trento, in merito alla destinazione delle risorse messe a disposizione dal Ministero delle Infrastrutture e della Mobilit\u00e0 sostenibili e assegnate tra gli investimenti per infrastrutture e mobilit\u00e0 sostenibili previsti dalla Legge di Bilancio 2022-2024, principalmente orientati alla realizzazione di opere necessarie per grandi eventi internazionali ospitati in Italia, tra i quali, appunto, le Olimpiadi Milano Cortina 2026. La somma complessiva stanziata ammonta a 324 milioni di euro. Di questi il criterio di ripartizione ha assegnato al Veneto 81 milioni di euro. Il provvedimento approvato dalla Giunta, oltre a esprimere l\u2019intesa circa la ripartizione della somma, individua anche le opere da finanziare: adeguamento della viabilit\u00e0 comunale Lungo sx Boite (cui saranno destinati 16 mln di euro), a supporto della variante in galleria gi\u00e0 programmata; adeguamento della viabilit\u00e0 di adduzione al villaggio olimpico a Fiames-lago Ghedina Gilardon (cui saranno destinati 4 mln di euro) \u2013 intervento con una valenza sia legata all\u2019organizzazione delle Olimpiadi, sia alla fruizione turistica; variante SS12 da Buttapietra a Verona (cui saranno destinati 61 mln di euro) \u2013 al fine di migliorare l\u2019accessibilit\u00e0 alla citt\u00e0 di Verona in occasione della chiusura dei Giochi Olimpici e di apertura delle Paralimpiadi.<\/p>\n<p>&nbsp;<\/p>\n<blockquote><p><strong>Il Ministro per i Rapporti con il Parlamento, Federico D&#8217;Inc\u00e0<\/strong>: <em>\u201cGli 81 milioni assegnati al Veneto per le infrastrutture in vista delle Olimpiadi Milano-Cortina del 2026 sono una cifra importante che rientra nei 324 milioni previsti dall\u2019ultima legge di Bilancio: risorse aggiuntive, ricercate con molta attenzione e su cui mi sono fortemente interessato per garantire infrastrutture utili alle nostre comunit\u00e0. Non sono, per\u00f2, d\u2019accordo con la ripartizione che \u00e8 stata annunciata oggi: la cifra maggiore, pari a 61 milioni di euro vuole essere destinata alla variante SS12 da Buttapietra a Verona: ho difficolt\u00e0 a comprendere questo intervento e mi chiedo quale sia la necessit\u00e0 ai fini della manifestazione sportiva. \u00c8 una domanda che rivolger\u00f2 all\u2019assessore De Berti che conosce bene quell\u2019area. Senza dubbio la comunit\u00e0 di Buttapietra va aiutata per il miglioramento della viabilit\u00e0 e lavorer\u00f2 in prima persona , ma credo che queste importanti risorse debbano essere impiegate per le aree montane del bellunese, come la messa in sicurezza della Sp 251 della Val di Zoldo a costante rischio chiusura per le frane, e negli altri tratti stradali necessari al raggiungimento delle aree coinvolte o per la viabilit\u00e0 del Comelico\u201d.\u00a0\u00a0<\/em><\/p><\/blockquote>\n<p>&nbsp;<\/p>\n<p>&nbsp;<\/p>\n<hr \/>\n<p>&nbsp;<\/p>\n<blockquote>\n<h3>CICLABILE PER &#8216;AGORDINO: PRESTO IL PONTE SUL CORDEVOLE TRA TAIBON E AGORDO<\/h3>\n<p><span style=\"color: #ff0000;\"><strong>DAL Corriere delle Alpi, Gianni Santomaso <\/strong><\/span><\/p><\/blockquote>\n<audio class=\"wp-audio-shortcode\" id=\"audio-257215-1\" preload=\"none\" style=\"width: 100%;\" controls=\"controls\"><source type=\"audio\/mpeg\" src=\"https:\/\/www.radiopiu.net\/wordpress\/wp-content\/uploads\/2022\/02\/gianni-consiglio-unione.mp3?_=1\" \/><a href=\"https:\/\/www.radiopiu.net\/wordpress\/wp-content\/uploads\/2022\/02\/gianni-consiglio-unione.mp3\">https:\/\/www.radiopiu.net\/wordpress\/wp-content\/uploads\/2022\/02\/gianni-consiglio-unione.mp3<\/a><\/audio>\n<blockquote><p>&nbsp;<\/p>\n<p>&nbsp;<\/p><\/blockquote>\n<p><strong><img loading=\"lazy\" decoding=\"async\" class=\"alignleft\" src=\"https:\/\/www.radiopiu.net\/wordpress\/wp-content\/uploads\/2018\/03\/CICLABILE.jpg\" width=\"204\" height=\"114\" \/>AGORDO<\/strong> Ci siamo e dovrebbe finire in modo migliore rispetto ad un anno fa quando scrivevamo pi\u00f9 o meno le stesse cose. Purtroppo la pandemia, gli aumenti delle materie prime, varie ed eventuali hanno portato ad ulteriori ritardi. IerI sera in consiglio dell&#8217;Unione Montana l&#8217;importante novit\u00e0: a breve sar\u00e0 posizionato l&#8217;atteso ponte sul Cordevole tra Taibon via Foch e Agordo Bries.<\/p>\n<p><strong>IL PRESIDENTE DELL&#8217;UNIONE MONTANA AGORDINA MICHELE COSTA<\/strong><\/p>\n<audio class=\"wp-audio-shortcode\" id=\"audio-257215-2\" preload=\"none\" style=\"width: 100%;\" controls=\"controls\"><source type=\"audio\/mpeg\" src=\"https:\/\/www.radiopiu.net\/wordpress\/wp-content\/uploads\/2021\/04\/costsa.mp3?_=2\" \/><a href=\"https:\/\/www.radiopiu.net\/wordpress\/wp-content\/uploads\/2021\/04\/costsa.mp3\">https:\/\/www.radiopiu.net\/wordpress\/wp-content\/uploads\/2021\/04\/costsa.mp3<\/a><\/audio>\n<p>&nbsp;<\/p>\n<p><strong>LE DOMANDE E I DUBBI DEL SINDACO DI AGORDO ROBERTO CHISSALE&#8217;<\/strong><\/p>\n<audio class=\"wp-audio-shortcode\" id=\"audio-257215-3\" preload=\"none\" style=\"width: 100%;\" controls=\"controls\"><source type=\"audio\/mpeg\" src=\"https:\/\/www.radiopiu.net\/wordpress\/wp-content\/uploads\/2021\/04\/chissale.mp3?_=3\" \/><a href=\"https:\/\/www.radiopiu.net\/wordpress\/wp-content\/uploads\/2021\/04\/chissale.mp3\">https:\/\/www.radiopiu.net\/wordpress\/wp-content\/uploads\/2021\/04\/chissale.mp3<\/a><\/audio>\n<p>&nbsp;<\/p>\n<hr \/>\n<p>&nbsp;<\/p>\n<p>&nbsp;<\/p>\n<blockquote>\n<h3>IL CONSIGLIO DELL&#8217;UNIONE MONTANA AGORDINA RICORDA IL PROFESSOR ELIO DAURU&#8217;<\/h3>\n<\/blockquote>\n<p><strong><a href=\"https:\/\/www.radiopiu.net\/wordpress\/e-morto-il-professor-elio-dauru-il-presidente-della-provincia-e-della-comunita-montana-agordina\/elio_dauru\/\" rel=\"attachment wp-att-248331\"><img loading=\"lazy\" decoding=\"async\" class=\" wp-image-248331 alignleft\" src=\"https:\/\/www.radiopiu.net\/wordpress\/wp-content\/uploads\/2021\/12\/elio_dauru-300x298.jpg\" alt=\"\" width=\"175\" height=\"174\" srcset=\"https:\/\/www.radiopiu.net\/wordpress\/wp-content\/uploads\/2021\/12\/elio_dauru-300x298.jpg 300w, https:\/\/www.radiopiu.net\/wordpress\/wp-content\/uploads\/2021\/12\/elio_dauru-150x150.jpg 150w, https:\/\/www.radiopiu.net\/wordpress\/wp-content\/uploads\/2021\/12\/elio_dauru.jpg 526w\" sizes=\"auto, (max-width: 175px) 100vw, 175px\" \/><\/a>AGORDO<\/strong> Un minuto di raccoglimento in quella sala Don Tamis che Elio Daur\u00f9, allora Presidente della Comunit\u00e0 Montana Agordina ha fortemente sostenuto, cos\u00ec come il primo progetto per la piscina di lungoRova. Non fosse stato per Daur\u00f9 probabilmente gli allora amministratori avrebbero continuato a duellare, il sindaco Benito Orzes la voleva a Cencenighe centro dell&#8217;Agordino, mentre Armando Da Roit sindaco di Agordo insisteva per l&#8217;importanza di Agordo capoluogo. Decise Daur\u00f9 senza se e senza ma, visti i risultati la scelta fu lungimirante.\u00a0 E&#8217; uno dei tanti aneddoti che riporta alla mente la frequentazione della sala Don Tamis, soprattutto in una serata di gennaio, durante il consiglio dell&#8217;Unione Montana ascoltando il ricordo del presidente Michele Costa.<\/p>\n<audio class=\"wp-audio-shortcode\" id=\"audio-257215-4\" preload=\"none\" style=\"width: 100%;\" controls=\"controls\"><source type=\"audio\/mpeg\" src=\"https:\/\/www.radiopiu.net\/wordpress\/wp-content\/uploads\/2022\/02\/ricordo-elio.mp3?_=4\" \/><a href=\"https:\/\/www.radiopiu.net\/wordpress\/wp-content\/uploads\/2022\/02\/ricordo-elio.mp3\">https:\/\/www.radiopiu.net\/wordpress\/wp-content\/uploads\/2022\/02\/ricordo-elio.mp3<\/a><\/audio>\n<p>&nbsp;<\/p>\n<p>&nbsp;<\/p>\n<p>&nbsp;<\/p>\n<p>&nbsp;<\/p>\n<hr \/>\n<p>&nbsp;<\/p>\n<blockquote>\n<h3>ECOMONELLO IDENTIFICATO, SCATTA LA SANZIONE AMMINISTRATIVA<\/h3>\n<\/blockquote>\n<p><strong><a href=\"https:\/\/www.radiopiu.net\/wordpress\/giornale-radiopiu-02-febbraio-2022-direttore-mirko-mezzacasa\/rifiuti_abbandonati\/\" rel=\"attachment wp-att-257319\"><img loading=\"lazy\" decoding=\"async\" class=\"size-medium wp-image-257319 alignleft\" src=\"https:\/\/www.radiopiu.net\/wordpress\/wp-content\/uploads\/2022\/02\/Rifiuti_abbandonati-300x164.jpg\" alt=\"\" width=\"300\" height=\"164\" srcset=\"https:\/\/www.radiopiu.net\/wordpress\/wp-content\/uploads\/2022\/02\/Rifiuti_abbandonati-300x164.jpg 300w, https:\/\/www.radiopiu.net\/wordpress\/wp-content\/uploads\/2022\/02\/Rifiuti_abbandonati-1024x561.jpg 1024w, https:\/\/www.radiopiu.net\/wordpress\/wp-content\/uploads\/2022\/02\/Rifiuti_abbandonati-768x421.jpg 768w, https:\/\/www.radiopiu.net\/wordpress\/wp-content\/uploads\/2022\/02\/Rifiuti_abbandonati.jpg 1171w\" sizes=\"auto, (max-width: 300px) 100vw, 300px\" \/><\/a>PONTE NELLE ALPI<\/strong>\u00a0 I Carabinieri Forestali del Veneto e della stazione di Belluno hanno individuato dei rifiuti gettati nella scarpata sud della strada provinciale 11, che collega gli abitati di Pian di Vedoia a Soverzene: i rifiuti, non pericolosi, si trovavano all\u2019interno di sacchi di plastica.L\u2019esame di quanto rinvenuto all\u2019interno delle borse e i successivi accertamenti hanno consentito di identificare il trasgressore, al quale \u00e8 stata elevata sanzione amministrativa per violazione degli articoli di legge. Va rimarcato che i rifiuti abbandonati, oltre a influire negativamente sull\u2019ambiente, costituiscono pregiudizio per l\u2019igiene pubblica.<\/p>\n<p>La polizia municipale di Ponte nelle Alpi e le istituzioni preposte sono impegnate a monitorare il territorio nell\u2019ottica di preservare il decoro urbano.<span class=\"gmail-Apple-converted-space\"> \u00a0<\/span>In questo senso, sono state elevate multe a proprietari degli amici a quattro zampe per l\u2019abbandono delle deiezioni canine su aree pubbliche e c\u2019\u00e8 un monitoraggio continuo nelle zone delle uscite autostradali, nelle arterie principali e negli spazi di sosta, come il park a Criol (\u201cOlta delle mole\u201d tra Cadola e Rione Santa Caterina).<span class=\"gmail-Apple-converted-space\">\u00a0 \u00a0<\/span><\/p>\n<p>&nbsp;<\/p>\n<hr \/>\n<p>&nbsp;<\/p>\n<blockquote>\n<h3>GIORNATA NAZIONALE DELLE VITTIME CIVILI, DELEGAZIONE IN MUNICIPIO<\/h3>\n<\/blockquote>\n<p><strong><a href=\"https:\/\/www.radiopiu.net\/wordpress\/giornata-nazionale-delle-vittime-civili-delegazione-in-municipio\/giornata-nazionale-delle-vittime-civili-delle-guerre-2\/\" rel=\"attachment wp-att-257364\"><img loading=\"lazy\" decoding=\"async\" class=\" wp-image-257364 alignleft\" src=\"https:\/\/www.radiopiu.net\/wordpress\/wp-content\/uploads\/2022\/02\/Giornata-Nazionale-delle-vittime-civili-delle-guerre-2-300x200.jpg\" alt=\"\" width=\"216\" height=\"144\" srcset=\"https:\/\/www.radiopiu.net\/wordpress\/wp-content\/uploads\/2022\/02\/Giornata-Nazionale-delle-vittime-civili-delle-guerre-2-300x200.jpg 300w, https:\/\/www.radiopiu.net\/wordpress\/wp-content\/uploads\/2022\/02\/Giornata-Nazionale-delle-vittime-civili-delle-guerre-2-1024x683.jpg 1024w, https:\/\/www.radiopiu.net\/wordpress\/wp-content\/uploads\/2022\/02\/Giornata-Nazionale-delle-vittime-civili-delle-guerre-2-768x512.jpg 768w, https:\/\/www.radiopiu.net\/wordpress\/wp-content\/uploads\/2022\/02\/Giornata-Nazionale-delle-vittime-civili-delle-guerre-2-1536x1024.jpg 1536w, https:\/\/www.radiopiu.net\/wordpress\/wp-content\/uploads\/2022\/02\/Giornata-Nazionale-delle-vittime-civili-delle-guerre-2-2048x1365.jpg 2048w\" sizes=\"auto, (max-width: 216px) 100vw, 216px\" \/><\/a>BELLUNO<\/strong> \u00c8 stata ricevuta nella Sala Giunta di Palazzo Rosso una delegazione della sezione dell\u2019Associazione Nazionale vittime civili di guerra, guidata a livello nazionale dal bellunese Michele Vigne, in occasione della Giornata Nazionale delle vittime civili delle guerre e dei conflitti nel mondo. L\u2019obiettivo della giornata \u00e8 quello di \u201cconservare la memoria delle vittime civili di tutte le guerre e di tutti i conflitti, nonch\u00e9 di promuovere la cultura della pace e del ripudio della guerra\u201d, e quest\u2019anno \u00e8 dedicata al tema dell\u2019uso delle armi esplosive nelle aree abitate durante i conflitti, campagna internazionale nota in Italia come \u201cStop alle bombe sui civili\u201d. Il Comune di Belluno \u00e8 uno degli oltre 200 Comuni italiani che hanno scelto di partecipare a questa campagna di sensibilizzazione che vede l&#8217;ANVCG collaborare con ANCI nazionale. Ad accogliere la delegazione in municipio \u00e8 stato l&#8217;assessore Alberto Simiele, ai microfoni di Radio Pi\u00f9:<\/p>\n<audio class=\"wp-audio-shortcode\" id=\"audio-257215-5\" preload=\"none\" style=\"width: 100%;\" controls=\"controls\"><source type=\"audio\/mpeg\" src=\"https:\/\/www.radiopiu.net\/wordpress\/wp-content\/uploads\/2022\/02\/Simiele-Giornata-Nazionale-delle-vittime-civili-delle-guerre-e-dei-conflitti-nel-mondo.mp3?_=5\" \/><a href=\"https:\/\/www.radiopiu.net\/wordpress\/wp-content\/uploads\/2022\/02\/Simiele-Giornata-Nazionale-delle-vittime-civili-delle-guerre-e-dei-conflitti-nel-mondo.mp3\">https:\/\/www.radiopiu.net\/wordpress\/wp-content\/uploads\/2022\/02\/Simiele-Giornata-Nazionale-delle-vittime-civili-delle-guerre-e-dei-conflitti-nel-mondo.mp3<\/a><\/audio>\n<p>&nbsp;<\/p>\n<p>&nbsp;<\/p>\n<hr \/>\n<p>&nbsp;<\/p>\n<blockquote>\n<h3><\/h3>\n<h3>LA GIORNATA DELLA MEMORIA AL COMPRENSIVO DI CENCENIGHE, NEL RISPETTO DELLA VERITA&#8217; STORICA<\/h3>\n<\/blockquote>\n<p><strong>CENCENIGHE<\/strong><\/p>\n<p><strong>DI GIANNI SANTOMASO<\/strong><\/p>\n<p>&nbsp;<\/p>\n<audio class=\"wp-audio-shortcode\" id=\"audio-257215-6\" preload=\"none\" style=\"width: 100%;\" controls=\"controls\"><source type=\"audio\/mpeg\" src=\"https:\/\/www.radiopiu.net\/wordpress\/wp-content\/uploads\/2022\/02\/gianni-asilo.mp3?_=6\" \/><a href=\"https:\/\/www.radiopiu.net\/wordpress\/wp-content\/uploads\/2022\/02\/gianni-asilo.mp3\">https:\/\/www.radiopiu.net\/wordpress\/wp-content\/uploads\/2022\/02\/gianni-asilo.mp3<\/a><\/audio>\n<p>&nbsp;<\/p>\n\n\t\t\t<style type='text\/css'>\n\t\t\t\t#gallery-1 {\n\t\t\t\t\tmargin: auto;\n\t\t\t\t}\n\t\t\t\t#gallery-1 .gallery-item {\n\t\t\t\t\tfloat: left;\n\t\t\t\t\tmargin-top: 10px;\n\t\t\t\t\ttext-align: center;\n\t\t\t\t\twidth: 50%;\n\t\t\t\t}\n\t\t\t\t#gallery-1 img {\n\t\t\t\t\tborder: 2px solid #cfcfcf;\n\t\t\t\t}\n\t\t\t\t#gallery-1 .gallery-caption {\n\t\t\t\t\tmargin-left: 0;\n\t\t\t\t}\n\t\t\t\t\/* see gallery_shortcode() in wp-includes\/media.php *\/\n\t\t\t<\/style>\n\t\t<div id='gallery-1' class='dt-gallery-container gallery galleryid-257215 gallery-columns-2 gallery-size-medium'><dl class='gallery-item'>\n\t\t\t\t<dt class='gallery-icon landscape'>\n\t\t\t\t\t<a class=\"rollover rollover-zoom dt-pswp-item\" title=\"202201250954501000\" data-dt-img-description=\"\" data-large_image_width=\"2560\" data-large_image_height=\"1817\"href='https:\/\/www.radiopiu.net\/wordpress\/wp-content\/uploads\/2022\/02\/202201250954501000-scaled.jpg'><img loading=\"lazy\" decoding=\"async\" width=\"300\" height=\"213\" src=\"https:\/\/www.radiopiu.net\/wordpress\/wp-content\/uploads\/2022\/02\/202201250954501000-300x213.jpg\" class=\"attachment-medium size-medium\" alt=\"\" srcset=\"https:\/\/www.radiopiu.net\/wordpress\/wp-content\/uploads\/2022\/02\/202201250954501000-300x213.jpg 300w, https:\/\/www.radiopiu.net\/wordpress\/wp-content\/uploads\/2022\/02\/202201250954501000-1024x727.jpg 1024w, https:\/\/www.radiopiu.net\/wordpress\/wp-content\/uploads\/2022\/02\/202201250954501000-768x545.jpg 768w, https:\/\/www.radiopiu.net\/wordpress\/wp-content\/uploads\/2022\/02\/202201250954501000-1536x1090.jpg 1536w, https:\/\/www.radiopiu.net\/wordpress\/wp-content\/uploads\/2022\/02\/202201250954501000-2048x1453.jpg 2048w\" sizes=\"auto, (max-width: 300px) 100vw, 300px\" \/><\/a>\n\t\t\t\t<\/dt><\/dl><dl class='gallery-item'>\n\t\t\t\t<dt class='gallery-icon landscape'>\n\t\t\t\t\t<a class=\"rollover rollover-zoom dt-pswp-item\" title=\"202201250953311000\" data-dt-img-description=\"\" data-large_image_width=\"2560\" data-large_image_height=\"1879\"href='https:\/\/www.radiopiu.net\/wordpress\/wp-content\/uploads\/2022\/02\/202201250953311000-scaled.jpg'><img loading=\"lazy\" decoding=\"async\" width=\"300\" height=\"220\" src=\"https:\/\/www.radiopiu.net\/wordpress\/wp-content\/uploads\/2022\/02\/202201250953311000-300x220.jpg\" class=\"attachment-medium size-medium\" alt=\"\" srcset=\"https:\/\/www.radiopiu.net\/wordpress\/wp-content\/uploads\/2022\/02\/202201250953311000-300x220.jpg 300w, https:\/\/www.radiopiu.net\/wordpress\/wp-content\/uploads\/2022\/02\/202201250953311000-1024x752.jpg 1024w, https:\/\/www.radiopiu.net\/wordpress\/wp-content\/uploads\/2022\/02\/202201250953311000-768x564.jpg 768w, https:\/\/www.radiopiu.net\/wordpress\/wp-content\/uploads\/2022\/02\/202201250953311000-1536x1127.jpg 1536w, https:\/\/www.radiopiu.net\/wordpress\/wp-content\/uploads\/2022\/02\/202201250953311000-2048x1503.jpg 2048w\" sizes=\"auto, (max-width: 300px) 100vw, 300px\" \/><\/a>\n\t\t\t\t<\/dt><\/dl><br style=\"clear: both\" \/><dl class='gallery-item'>\n\t\t\t\t<dt class='gallery-icon landscape'>\n\t\t\t\t\t<a class=\"rollover rollover-zoom dt-pswp-item\" title=\"202201250951281000\" data-dt-img-description=\"\" data-large_image_width=\"2560\" data-large_image_height=\"1881\"href='https:\/\/www.radiopiu.net\/wordpress\/wp-content\/uploads\/2022\/02\/202201250951281000-scaled.jpg'><img loading=\"lazy\" decoding=\"async\" width=\"300\" height=\"220\" src=\"https:\/\/www.radiopiu.net\/wordpress\/wp-content\/uploads\/2022\/02\/202201250951281000-300x220.jpg\" class=\"attachment-medium size-medium\" alt=\"\" srcset=\"https:\/\/www.radiopiu.net\/wordpress\/wp-content\/uploads\/2022\/02\/202201250951281000-300x220.jpg 300w, https:\/\/www.radiopiu.net\/wordpress\/wp-content\/uploads\/2022\/02\/202201250951281000-1024x752.jpg 1024w, https:\/\/www.radiopiu.net\/wordpress\/wp-content\/uploads\/2022\/02\/202201250951281000-768x564.jpg 768w, https:\/\/www.radiopiu.net\/wordpress\/wp-content\/uploads\/2022\/02\/202201250951281000-1536x1128.jpg 1536w, https:\/\/www.radiopiu.net\/wordpress\/wp-content\/uploads\/2022\/02\/202201250951281000-2048x1505.jpg 2048w\" sizes=\"auto, (max-width: 300px) 100vw, 300px\" \/><\/a>\n\t\t\t\t<\/dt><\/dl><dl class='gallery-item'>\n\t\t\t\t<dt class='gallery-icon landscape'>\n\t\t\t\t\t<a class=\"rollover rollover-zoom dt-pswp-item\" title=\"202201250952291000\" data-dt-img-description=\"\" data-large_image_width=\"2560\" data-large_image_height=\"1913\"href='https:\/\/www.radiopiu.net\/wordpress\/wp-content\/uploads\/2022\/02\/202201250952291000-scaled.jpg'><img loading=\"lazy\" decoding=\"async\" width=\"300\" height=\"224\" src=\"https:\/\/www.radiopiu.net\/wordpress\/wp-content\/uploads\/2022\/02\/202201250952291000-300x224.jpg\" class=\"attachment-medium size-medium\" alt=\"\" srcset=\"https:\/\/www.radiopiu.net\/wordpress\/wp-content\/uploads\/2022\/02\/202201250952291000-300x224.jpg 300w, https:\/\/www.radiopiu.net\/wordpress\/wp-content\/uploads\/2022\/02\/202201250952291000-1024x765.jpg 1024w, https:\/\/www.radiopiu.net\/wordpress\/wp-content\/uploads\/2022\/02\/202201250952291000-768x574.jpg 768w, https:\/\/www.radiopiu.net\/wordpress\/wp-content\/uploads\/2022\/02\/202201250952291000-1536x1148.jpg 1536w, https:\/\/www.radiopiu.net\/wordpress\/wp-content\/uploads\/2022\/02\/202201250952291000-2048x1531.jpg 2048w\" sizes=\"auto, (max-width: 300px) 100vw, 300px\" \/><\/a>\n\t\t\t\t<\/dt><\/dl><br style=\"clear: both\" \/>\n\t\t\t<\/div>\n\n<p>&nbsp;<\/p>\n<hr \/>\n<p>&nbsp;<\/p>\n<blockquote>\n<h3 class=\"kvgmc6g5 cxmmr5t8 oygrvhab hcukyx3x c1et5uql\"><span style=\"color: #0000ff;\"><strong>02 INFORMAZIONE il canale su TELEGRAM informazione di prima mano e in tempo reale. iscriviti ed aiutaci a farlo conoscere\u00a0\u00a0<\/strong><\/span><\/h3>\n<\/blockquote>\n<p>&nbsp;<\/p>\n<hr \/>\n<p>&nbsp;<\/p>\n<p>&nbsp;<\/p>\n<blockquote>\n<h3><a href=\"https:\/\/www.radiopiu.net\/wordpress\/monoclonali-pronti-per-la-somministrazione-in-ulss-1-dolomiti\/ulss-1-2\/\" rel=\"attachment wp-att-198838\"><img loading=\"lazy\" decoding=\"async\" class=\"size-medium wp-image-198838 alignleft\" src=\"https:\/\/www.radiopiu.net\/wordpress\/wp-content\/uploads\/2021\/03\/ULSS-1-300x158.jpg\" alt=\"\" width=\"300\" height=\"158\" srcset=\"https:\/\/www.radiopiu.net\/wordpress\/wp-content\/uploads\/2021\/03\/ULSS-1-300x158.jpg 300w, https:\/\/www.radiopiu.net\/wordpress\/wp-content\/uploads\/2021\/03\/ULSS-1-768x404.jpg 768w, https:\/\/www.radiopiu.net\/wordpress\/wp-content\/uploads\/2021\/03\/ULSS-1.jpg 776w\" sizes=\"auto, (max-width: 300px) 100vw, 300px\" \/><\/a>PERSONALE, NUOVE ASSUNZIONI<\/h3>\n<\/blockquote>\n<p><strong>BELLUNO<\/strong> L\u2019ulss Dolomiti\u00a0 cercava 12 tecnici di laboratorio biomedico, tutti i professionisti che hanno risposto al bando\u00a0 sono risultati idonei. <em>&#8220;Confido che tutti e 12 i professionisti individuati accettino l\u2019incarico, per rinforzare le fila dei laboratori: un lavoro prezioso, spesso nascosto dietro i numerosi campioni processati ogni giorno\u00bb<\/em> commenta il Direttore Generale Maria Grazia Carraro. Sono stati inoltre assunti a tempo indeterminato 5 fisioterapisti e sono stati assegnati alcuni incarichi libero professionali a pediatri, medici ginecologici, nefrologi e di emergenza urgenza. Sono state nominate, inoltre, le commissioni esaminatrici per i conferimenti degli incarichi di direzione delle UOC Farmacia territoriale, Psichiatria Feltre, Ortopedia Feltre, Servizio Dipendenze. Infine, \u00e8 stato bandito un avviso a tempo determinato per l\u2019assunzione di medici oncologi.<\/p>\n<p>&nbsp;<\/p>\n<p>&nbsp;<\/p>\n<p>&nbsp;<\/p>\n<hr \/>\n<p>&nbsp;<\/p>\n<blockquote class=\"wp-embedded-content\" data-secret=\"eK4JAvmfBK\"><p><a href=\"https:\/\/www.radiopiu.net\/wordpress\/aggiornamentonaz202202feb\/\">CORONAVIRUS: AGGIORNAMENTO NAZIONALE 01 FEBBRAIO 2022<\/a><\/p><\/blockquote>\n<p><iframe loading=\"lazy\" class=\"wp-embedded-content\" sandbox=\"allow-scripts\" security=\"restricted\" style=\"position: absolute; clip: rect(1px, 1px, 1px, 1px);\" title=\"&#8220;CORONAVIRUS: AGGIORNAMENTO NAZIONALE 01 FEBBRAIO 2022&#8221; &#8212; Radio Pi\u00f9\" src=\"https:\/\/www.radiopiu.net\/wordpress\/aggiornamentonaz202202feb\/embed\/#?secret=eK4JAvmfBK\" data-secret=\"eK4JAvmfBK\" width=\"600\" height=\"338\" frameborder=\"0\" marginwidth=\"0\" marginheight=\"0\" scrolling=\"no\"><\/iframe><\/p>\n<p>&nbsp;<\/p>\n<blockquote class=\"wp-embedded-content\" data-secret=\"8IY3ngi00n\"><p><a href=\"https:\/\/www.radiopiu.net\/wordpress\/oltre-16-mila-nuovi-positivi-in-veneteo-nelle-ultime-24-ore-ricoveri-in-aumento-calo-delle-terapie-intensive-41-decessi\/\">OLTRE 16 MILA NUOVI POSITIVI IN VENETEO NELLE ULTIME 24 ORE. RICOVERI IN AUMENTO, CALO DELLE TERAPIE INTENSIVE, 41 DECESSI<\/a><\/p><\/blockquote>\n<p><iframe loading=\"lazy\" class=\"wp-embedded-content\" sandbox=\"allow-scripts\" security=\"restricted\" style=\"position: absolute; clip: rect(1px, 1px, 1px, 1px);\" title=\"&#8220;OLTRE 16 MILA NUOVI POSITIVI IN VENETEO NELLE ULTIME 24 ORE. RICOVERI IN AUMENTO, CALO DELLE TERAPIE INTENSIVE, 41 DECESSI&#8221; &#8212; Radio Pi\u00f9\" src=\"https:\/\/www.radiopiu.net\/wordpress\/oltre-16-mila-nuovi-positivi-in-veneteo-nelle-ultime-24-ore-ricoveri-in-aumento-calo-delle-terapie-intensive-41-decessi\/embed\/#?secret=8IY3ngi00n\" data-secret=\"8IY3ngi00n\" width=\"600\" height=\"338\" frameborder=\"0\" marginwidth=\"0\" marginheight=\"0\" scrolling=\"no\"><\/iframe><\/p>\n<p>&nbsp;<\/p>\n<h2>I GRAFICI DI TIZIANO DE COL<\/h2>\n<p>&nbsp;<\/p>\n\n\t\t\t<style type='text\/css'>\n\t\t\t\t#gallery-2 {\n\t\t\t\t\tmargin: auto;\n\t\t\t\t}\n\t\t\t\t#gallery-2 .gallery-item {\n\t\t\t\t\tfloat: left;\n\t\t\t\t\tmargin-top: 10px;\n\t\t\t\t\ttext-align: center;\n\t\t\t\t\twidth: 33%;\n\t\t\t\t}\n\t\t\t\t#gallery-2 img {\n\t\t\t\t\tborder: 2px solid #cfcfcf;\n\t\t\t\t}\n\t\t\t\t#gallery-2 .gallery-caption {\n\t\t\t\t\tmargin-left: 0;\n\t\t\t\t}\n\t\t\t\t\/* see gallery_shortcode() in wp-includes\/media.php *\/\n\t\t\t<\/style>\n\t\t<div id='gallery-2' class='dt-gallery-container gallery galleryid-257215 gallery-columns-3 gallery-size-thumbnail'><dl class='gallery-item'>\n\t\t\t\t<dt class='gallery-icon landscape'>\n\t\t\t\t\t<a class=\"rollover rollover-zoom dt-pswp-item\" title=\"a305e6f1-e901-484d-a11d-a38f9f38b0f5\" data-dt-img-description=\"\" data-large_image_width=\"481\" data-large_image_height=\"289\"href='https:\/\/www.radiopiu.net\/wordpress\/wp-content\/uploads\/2022\/02\/a305e6f1-e901-484d-a11d-a38f9f38b0f5.jpg'><img loading=\"lazy\" decoding=\"async\" width=\"150\" height=\"150\" src=\"https:\/\/www.radiopiu.net\/wordpress\/wp-content\/uploads\/2022\/02\/a305e6f1-e901-484d-a11d-a38f9f38b0f5-150x150.jpg\" class=\"attachment-thumbnail size-thumbnail\" alt=\"\" \/><\/a>\n\t\t\t\t<\/dt><\/dl><dl class='gallery-item'>\n\t\t\t\t<dt class='gallery-icon landscape'>\n\t\t\t\t\t<a class=\"rollover rollover-zoom dt-pswp-item\" title=\"b4c64921-fd9f-44b3-8c39-f0bf52d6c4c0\" data-dt-img-description=\"\" data-large_image_width=\"590\" data-large_image_height=\"359\"href='https:\/\/www.radiopiu.net\/wordpress\/wp-content\/uploads\/2022\/02\/b4c64921-fd9f-44b3-8c39-f0bf52d6c4c0.jpg'><img loading=\"lazy\" decoding=\"async\" width=\"150\" height=\"150\" src=\"https:\/\/www.radiopiu.net\/wordpress\/wp-content\/uploads\/2022\/02\/b4c64921-fd9f-44b3-8c39-f0bf52d6c4c0-150x150.jpg\" class=\"attachment-thumbnail size-thumbnail\" alt=\"\" \/><\/a>\n\t\t\t\t<\/dt><\/dl><dl class='gallery-item'>\n\t\t\t\t<dt class='gallery-icon landscape'>\n\t\t\t\t\t<a class=\"rollover rollover-zoom dt-pswp-item\" title=\"14f1cb05-fee0-4af3-b740-d847f30d20cf\" data-dt-img-description=\"\" data-large_image_width=\"600\" data-large_image_height=\"358\"href='https:\/\/www.radiopiu.net\/wordpress\/wp-content\/uploads\/2022\/02\/14f1cb05-fee0-4af3-b740-d847f30d20cf.jpg'><img loading=\"lazy\" decoding=\"async\" width=\"150\" height=\"150\" src=\"https:\/\/www.radiopiu.net\/wordpress\/wp-content\/uploads\/2022\/02\/14f1cb05-fee0-4af3-b740-d847f30d20cf-150x150.jpg\" class=\"attachment-thumbnail size-thumbnail\" alt=\"\" \/><\/a>\n\t\t\t\t<\/dt><\/dl><br style=\"clear: both\" \/><dl class='gallery-item'>\n\t\t\t\t<dt class='gallery-icon landscape'>\n\t\t\t\t\t<a class=\"rollover rollover-zoom dt-pswp-item\" title=\"f67dfe9b-bc82-4d6e-bb57-7f882e5ccf98\" data-dt-img-description=\"\" data-large_image_width=\"610\" data-large_image_height=\"361\"href='https:\/\/www.radiopiu.net\/wordpress\/wp-content\/uploads\/2022\/02\/f67dfe9b-bc82-4d6e-bb57-7f882e5ccf98.jpg'><img loading=\"lazy\" decoding=\"async\" width=\"150\" height=\"150\" src=\"https:\/\/www.radiopiu.net\/wordpress\/wp-content\/uploads\/2022\/02\/f67dfe9b-bc82-4d6e-bb57-7f882e5ccf98-150x150.jpg\" class=\"attachment-thumbnail size-thumbnail\" alt=\"\" \/><\/a>\n\t\t\t\t<\/dt><\/dl><dl class='gallery-item'>\n\t\t\t\t<dt class='gallery-icon landscape'>\n\t\t\t\t\t<a class=\"rollover rollover-zoom dt-pswp-item\" title=\"2d1beaff-adcd-4df6-9308-3e00e8097ab5\" data-dt-img-description=\"\" data-large_image_width=\"610\" data-large_image_height=\"354\"href='https:\/\/www.radiopiu.net\/wordpress\/wp-content\/uploads\/2022\/02\/2d1beaff-adcd-4df6-9308-3e00e8097ab5.jpg'><img loading=\"lazy\" decoding=\"async\" width=\"150\" height=\"150\" src=\"https:\/\/www.radiopiu.net\/wordpress\/wp-content\/uploads\/2022\/02\/2d1beaff-adcd-4df6-9308-3e00e8097ab5-150x150.jpg\" class=\"attachment-thumbnail size-thumbnail\" alt=\"\" \/><\/a>\n\t\t\t\t<\/dt><\/dl><dl class='gallery-item'>\n\t\t\t\t<dt class='gallery-icon landscape'>\n\t\t\t\t\t<a class=\"rollover rollover-zoom dt-pswp-item\" title=\"46ed4767-249f-4b44-8ea2-731e4dbb293f\" data-dt-img-description=\"\" data-large_image_width=\"614\" data-large_image_height=\"353\"href='https:\/\/www.radiopiu.net\/wordpress\/wp-content\/uploads\/2022\/02\/46ed4767-249f-4b44-8ea2-731e4dbb293f.jpg'><img loading=\"lazy\" decoding=\"async\" width=\"150\" height=\"150\" src=\"https:\/\/www.radiopiu.net\/wordpress\/wp-content\/uploads\/2022\/02\/46ed4767-249f-4b44-8ea2-731e4dbb293f-150x150.jpg\" class=\"attachment-thumbnail size-thumbnail\" alt=\"\" \/><\/a>\n\t\t\t\t<\/dt><\/dl><br style=\"clear: both\" \/>\n\t\t\t<\/div>\n\n<p>&nbsp;<\/p>\n<p>&nbsp;<\/p>\n<p>&nbsp;<\/p>\n<p>&nbsp;<\/p>\n<hr \/>\n<p>&nbsp;<\/p>\n<blockquote>\n<h3 class=\"p1\"><span class=\"s1\">SUPERBONUS, I \u201cCREDITI CEDIBILI UNA SOLA VOLTA\u201d<span class=\"Apple-converted-space\"> PUBBLICATI IN GAZZETTA UFFICIALE <\/span>\u00abORA CI SAR\u00c0 IL BLOCCO SUI BONUS EDILIZI. MERCATO A RISCHIO PARALISI\u00bb<\/span><\/h3>\n<\/blockquote>\n<p class=\"p3\"><span class=\"s1\"><strong><a href=\"https:\/\/www.radiopiu.net\/wordpress\/garanzie-statali-benefici-solo-a-banche-e-imprese-che-avevano-ottenuto-i-prestiti-prima-del-covid\/handshake-and-bribe\/\" rel=\"attachment wp-att-228818\"><img loading=\"lazy\" decoding=\"async\" class=\"size-medium wp-image-228818 alignleft\" src=\"https:\/\/www.radiopiu.net\/wordpress\/wp-content\/uploads\/2021\/08\/soldi-banche-300x212.jpg\" alt=\"\" width=\"300\" height=\"212\" srcset=\"https:\/\/www.radiopiu.net\/wordpress\/wp-content\/uploads\/2021\/08\/soldi-banche-300x212.jpg 300w, https:\/\/www.radiopiu.net\/wordpress\/wp-content\/uploads\/2021\/08\/soldi-banche-768x543.jpg 768w, https:\/\/www.radiopiu.net\/wordpress\/wp-content\/uploads\/2021\/08\/soldi-banche.jpg 800w\" sizes=\"auto, (max-width: 300px) 100vw, 300px\" \/><\/a>BELLUNO <\/strong>Cambiano le regole sul Superbonus e sul pacchetto \u201cbonus edilizi\u201d. \u00ab<em>Molte imprese artigiane rischiano il fallimento\u00bb denuncia il direttore di Confartigianato Belluno Michele Basso. \u00abNon si possono cambiare le regole in corsa. Il danno che ne deriver\u00e0 \u00e8 enorme. Il governo si fermi un attimo<\/em>\u00bb. <\/span><span class=\"s1\">La questione ruota attorno alla cessione del credito, cos\u00ec come modificata dal Decreto Sostegni ter. Il testo approvato dal Consiglio dei Ministri prevedeva che il credito di imposta corrispondente a Superbonus, bonus ristrutturazioni, ecobonus, sismabonus e bonus facciate fosse ceduto una sola volta. La pubblicazione in Gazzetta Ufficiale conferma la decisione.<\/span><span class=\"s1\">\u00a0<em>\u00abAssisteremo a uno stop dei lavori, in particolare per le ditte che effettuavano lo sconto in fattura e poi lo cedevano ai fornitori, in quanto questi ultimi non potranno pi\u00f9 cederlo ad altri &#8211; sottolinea il direttore Basso -. Senza contare che i crediti presenti sul portale delle aziende sono quelli relativi alle cessioni trasmesse nel mese dicembre 2021, perch\u00e9 le cessioni effettuate nel mese di gennaio vengono rese disponibili dal 10 del mese successivo&#8221;.<\/em>\u00a0<\/span><span class=\"s1\">Confartigianato Belluno, in accordo con l\u2019associazione a livello nazionale, organizzer\u00e0 alcune iniziative pubbliche, il presidente nazionale Marco Granelli ha scritto al premier Draghi.<\/span><\/p>\n<p>&nbsp;<\/p>\n<p>&nbsp;<\/p>\n<hr \/>\n<p>&nbsp;<\/p>\n<h3 class=\"kvgmc6g5 cxmmr5t8 oygrvhab hcukyx3x c1et5uql\"><span style=\"color: #0000ff;\"><strong>02 INFORMAZIONE il canale su TELEGRAM informazione di prima mano e in tempo reale. iscriviti ed aiutaci a farlo conoscere\u00a0\u00a0<\/strong><\/span><\/h3>\n<p>&nbsp;<\/p>\n<hr \/>\n<p>&nbsp;<\/p>\n<p>&nbsp;<\/p>\n<blockquote>\n<h3>CARO BOLLETTE. CONFCOMMERCIO BELLUNO SCRIVE AL MINISTRO D&#8217;INCA E I PARLAMENTARI<\/h3>\n<\/blockquote>\n<p><strong><a href=\"https:\/\/www.radiopiu.net\/wordpress\/giornale-radiopiu-31-luglio-2021-direttore-mirko-mezzacasa\/th-171\/\" rel=\"attachment wp-att-225158\"><img loading=\"lazy\" decoding=\"async\" class=\"size-full wp-image-225158 alignleft\" src=\"https:\/\/www.radiopiu.net\/wordpress\/wp-content\/uploads\/2021\/07\/th-21.jpg\" alt=\"\" width=\"286\" height=\"161\" \/><\/a>BELLUNO Il Presidente di<\/strong> Confcommercio Belluno Paolo Doglioni ha rivolto un accorato appello al Ministro D\u2019Inca\u0300 ed ai Parlamentari bellunesi sul tema sempre piu\u0300 preoccupante del \u201ccaro bollette\u201d. \u00abM<em>i trovo purtroppo costretto\u00bb scrive Doglioni \u00aba dovervi rappresentare l\u2019enorme preoccupazione, in alcuni casi la disperazione, di decine di associati che in questi giorni stanno ricevendo le bollette riferite ai costi di energia elettrica e di combustibile riscontrando incrementi tariffari insostenibili. I<\/em><em> costi stanno raggiungendo livelli insopportabili per le micro e piccole imprese del comparto turistico commerciale e stanno sensibilmente riducendo la marginalita\u0300 proprio in un momento di ripartenza economica che tutti speriamo possa andare a consolidarsi con l\u2019auspicato scemare dell\u2019emergenza sanitaria&#8221;. <\/em><\/p>\n<p>&nbsp;<\/p>\n<p>&nbsp;<\/p>\n<p>&nbsp;<\/p>\n<p>&nbsp;<\/p>\n<hr \/>\n<p>&nbsp;<\/p>\n<blockquote>\n<h3><\/h3>\n<h3>DALL&#8217;ULSS1 IL SETTIMANALE AGGIORNAMENTO VACCINALE<\/h3>\n<\/blockquote>\n<p><strong><a href=\"https:\/\/www.radiopiu.net\/wordpress\/giornale-radiopiu-18-dicembre-2021-direttore-mirko-mezzacasa\/vaccini_pala_mares_1\/\" rel=\"attachment wp-att-249002\"><img loading=\"lazy\" decoding=\"async\" class=\"size-medium wp-image-249002 alignleft\" src=\"https:\/\/www.radiopiu.net\/wordpress\/wp-content\/uploads\/2021\/12\/Vaccini_Pala_Mares_1-300x225.jpg\" alt=\"\" width=\"300\" height=\"225\" srcset=\"https:\/\/www.radiopiu.net\/wordpress\/wp-content\/uploads\/2021\/12\/Vaccini_Pala_Mares_1-300x225.jpg 300w, https:\/\/www.radiopiu.net\/wordpress\/wp-content\/uploads\/2021\/12\/Vaccini_Pala_Mares_1-1024x768.jpg 1024w, https:\/\/www.radiopiu.net\/wordpress\/wp-content\/uploads\/2021\/12\/Vaccini_Pala_Mares_1-768x576.jpg 768w, https:\/\/www.radiopiu.net\/wordpress\/wp-content\/uploads\/2021\/12\/Vaccini_Pala_Mares_1-1536x1152.jpg 1536w, https:\/\/www.radiopiu.net\/wordpress\/wp-content\/uploads\/2021\/12\/Vaccini_Pala_Mares_1.jpg 1600w\" sizes=\"auto, (max-width: 300px) 100vw, 300px\" \/><\/a>BELLUNO<\/strong> \u2981 Totale dosi somministrate: 428.430 ( +8.870 nella settimana) \u2981 84,6% \u2013 163.478 persone vaccinate con primo ciclo over 5<br \/>\n\u2981 82,4% &#8211; 159.223 persone con ciclo completo over 5 \u2981 29.965 (15,8%)persone ancora da vaccinare over 5 anni Di queste 9.381 sono risultate positive negli ultimi 90 giorni <strong>Risultano vaccinati con almeno una dose: <\/strong>\u2981 Il 28,7% dei 5-11 enni (3.129) \u2981 l\u201980,9% % dei 12- 19 enni (11.489)<br \/>\n\u2981 l\u2019 85,8 % dei 20-29enni (16.261) \u2981 l\u2019 81,7 % dei 30-39enni (16.215) \u2981 l\u2019 80,4% dei 40-49enni (22.099) \u2981 l\u201988 % dei 50-59enni (29.219)<br \/>\n\u2981 l\u201990,3% dei 60-69enni (25.217) \u2981 il 94,3% dei 70-79enni (22.416) \u2981 circa il 100% degli over 80 (17.433) <strong>Le persone ancora da vaccinare sono cos\u00ec suddivise: <\/strong>\u2981 5-11 anni: 7.759 (71,3%) \u2981 12-19 anni: 2.726 (19,2%) \u2981 20-29 anni: 2.712 (14,3%) \u2981 30-39 anni: 3.686 (18,6%) \u2981 40-49 anni: 5.422 (19,7%) \u2981 50-59 anni: 4.021 (12,1%) \u2981 60-69 anni: 2.720 (9,7%) \u2981 70 79 anni: 1.367 (5,8%)\u00a0 <strong>Dal 1 gennaio al 31 gennaio 2022: <\/strong>\u2981 sono state somministrate 4.840 prime dosi (+544 nella settimana 24-31 gennaio) di cui 1.626 a persone con pi\u00f9 di 50 anni (+288 nella settimana 24-31 gennaio) Gli over 50 non ancora vaccinati ad oggi sono 8.108. Di questi, circa 2.300 sono risultati positivi negli ultimi 90 giorni. <strong>TERZE DOSI\/dosi booster <\/strong>\u2981 120.112 terze dosi gi\u00e0 somministrate \u2981 83,1% della popolazione totale eleggibile gi\u00e0 vaccinato con dose booster \u2981 88,4% degli over 80 eleggibili gi\u00e0 vaccinati con dose booster \u2981 92% dei 70-79enni eleggibili gi\u00e0 vaccinati con dose booster \u2981 90,6 % dei 60-69enni eleggibili gi\u00e0 vaccinati con dose booster \u2981 87,6 % dei 50-59enni eleggibili gi\u00e0 vaccinati con dose booster \u2981 83,4 % dei 40-49enni eleggibili gi\u00e0 vaccinati con dose booster \u2981 70,9 % dei 30-39enni eleggibili gi\u00e0 vaccinati con dose booster \u2981 66,3 % dei 20-29enni eleggibili gi\u00e0 vaccinati con dose booster \u2981 59,1 % dei 12-19 enni eleggibili gi\u00e0 vaccinati con dose booster Tra la popolazione eleggibile per la terza dose ci sono 8.400 ragazzi tra i 12 e i 19 anni, di questi ne sono stati gi\u00e0 vaccinati 5.000. Si ricorda che dal 1\u00b0 Febbraio il green pass vaccinale ha validit\u00e0 6 mesi.<\/p>\n<p>&nbsp;<\/p>\n<hr \/>\n<blockquote>\n<h3><\/h3>\n<h3>APPROVATO\u00a0 IL PIANO PERFORMANCE 2022<\/h3>\n<\/blockquote>\n<p><strong>BELUNO<\/strong> Per il 2022 la programmazione \u00e8 stata calibrata alla situazione emergenziale. Gli obiettivi dati sono, infatti, la gestione della pandemia da Covid-19 e attivit\u00e0 connesse. Gli obiettivi strategici saranno declinati in obiettivi operativi annuali e in obiettivi di budget delle strutture organizzative, tramite il processo di budget.<\/p>\n<p>&nbsp;<\/p>\n<blockquote>\n<h3>L&#8217;ULSS1 CERCA AUTISTI PER L&#8217;AMBULANZA<\/h3>\n<\/blockquote>\n<p><strong>BELLUNO<\/strong> L\u2019Ulss Dolomiti ha bandito un avviso per l\u2019assegnazione di tre incarichi a tempo determinato per autisti di ambulanza. Oltre ai consueti pre requisiti per la partecipazione ai concorsi pubblici, \u00e8 richiesta, secondo la normativa vigente, la patente di guida B e cinque anni di esperienza professionale acquisita nel profilo professionale di autista di ambulanza presso amministrazioni pubbliche o imprese private. L\u2019avviso sar\u00e0 a breve pubblicato sul Bollettino Regionale e sul sito www.aulss1.veneto.it<\/p>\n<p>&nbsp;<\/p>\n<blockquote>\n<h3>BORSA DI STUDIO PER LA PROMOZIONE DI ATTIVITA&#8217; FARMACEUTICHE<\/h3>\n<\/blockquote>\n<p><strong>BELLUNO<\/strong> L\u2019Ulss Dolomiti conferisce una borsa di studio per una attivit\u00e0 di studio e ricerca nell\u2019ambito della sperimentazione clinica per il progetto \u201cPromozione ricerca indipendente\u201d in ambito farmaceutico, ha il valore di 27.500 euro.\u00a0 E&#8217; finalizzata ad attivit\u00e0 di studio e di ricerca clinica. Il bando sar\u00e0 a breve pubblicato sul sito www.aulss1.veneto.it<\/p>\n<p>&nbsp;<\/p>\n<p>&nbsp;<\/p>\n<hr \/>\n<p>&nbsp;<\/p>\n<blockquote>\n<h3>ADOLE\u2013SCIENZA: INCONTRI ONLINE PER GENITORI<\/h3>\n<\/blockquote>\n<p><strong>BELLUNO <\/strong>Il Dipartimento Dipendenze dell\u2019Ulss Dolomiti ha organizzato una serie di incontri per genitori e adulti di riferimento di ragazzi adolescenti. Gli incontri si terranno online dalle 20.30 alle 22.00.<\/p>\n<p>&nbsp;<\/p>\n<hr \/>\n<p>&nbsp;<\/p>\n<blockquote>\n<h3><br role=\"presentation\" \/><span dir=\"ltr\" role=\"presentation\">CONCORSO, PER TITOLI ED ESAMI, PER L\u2019AMMISSIONE DI 66 ALLIEVI UFFICIALI<\/span><\/h3>\n<\/blockquote>\n<p><strong>BELLUNO<\/strong> <span dir=\"ltr\" role=\"presentation\">E&#8217; stato pubblicato il <\/span><span dir=\"ltr\" role=\"presentation\">concorso, per titoli ed esami, per l\u2019ammissione di 15 tenenti in servizio permanente effettivo<\/span><span dir=\"ltr\" role=\"presentation\">. <\/span><span dir=\"ltr\" role=\"presentation\">Possono partecipare al concorso i cittadini<\/span><span dir=\"ltr\" role=\"presentation\"> in possesso del diploma di istruzione secondaria di secondo grado, coloro che<\/span><span dir=\"ltr\" role=\"presentation\"> lo conseguano nell\u2019anno scolastico 2022\/2023; abbiano compiuto il 17\u00b0 anno e <\/span><span dir=\"ltr\" role=\"presentation\">non abbiano superato il 22\u00b0. <\/span><span dir=\"ltr\" role=\"presentation\">La domanda di partecipazione al concorso va presentata\u00a0 entro le ore 12 del 17 febbraio (<\/span><span dir=\"ltr\" role=\"presentation\">https:\/\/concorsi.gdf.gov.it.)<\/span><\/p>\n<p>&nbsp;<\/p>\n<p>&nbsp;<\/p>\n<hr \/>\n<p>&nbsp;<\/p>\n<blockquote>\n<h3>CONOSCERE LE FARFALLE CON IL PARCO NAZIONALE DOLOMITI BELLUNESI<\/h3>\n<\/blockquote>\n<p><strong><a href=\"https:\/\/www.radiopiu.net\/wordpress\/giornale-radiopiu-01-febbraio-2022-direttore-mirko-mezzacasa\/farfalla\/\" rel=\"attachment wp-att-257091\"><img loading=\"lazy\" decoding=\"async\" class=\" wp-image-257091 alignleft\" src=\"https:\/\/www.radiopiu.net\/wordpress\/wp-content\/uploads\/2022\/01\/FARFALLA-300x211.jpg\" alt=\"\" width=\"135\" height=\"95\" srcset=\"https:\/\/www.radiopiu.net\/wordpress\/wp-content\/uploads\/2022\/01\/FARFALLA-300x211.jpg 300w, https:\/\/www.radiopiu.net\/wordpress\/wp-content\/uploads\/2022\/01\/FARFALLA-1024x722.jpg 1024w, https:\/\/www.radiopiu.net\/wordpress\/wp-content\/uploads\/2022\/01\/FARFALLA-768x541.jpg 768w, https:\/\/www.radiopiu.net\/wordpress\/wp-content\/uploads\/2022\/01\/FARFALLA-1536x1082.jpg 1536w, https:\/\/www.radiopiu.net\/wordpress\/wp-content\/uploads\/2022\/01\/FARFALLA.jpg 1920w\" sizes=\"auto, (max-width: 135px) 100vw, 135px\" \/><\/a>FELTRE<\/strong> Il Dipartimento di Biologia dell\u2019Universit\u00e0 di Padova e il Parco Nazionale Dolomiti Bellunesi propongono una seconda edizione del corso: Farfalle delle Alpi Orientali. Conoscere e identificare le specie collinari e montane del Nord Est Italia. La richiesta di partecipazione va compilata on-line entro il 20 febbraio.<\/p>\n<p>&nbsp;<\/p>\n<p>&nbsp;<\/p>\n<p>&nbsp;<\/p>\n<hr \/>\n<p>&nbsp;<\/p>\n<blockquote>\n<h3>A LIMANA PER LA GIORNATA DEL RICORDO<\/h3>\n<\/blockquote>\n<p><strong>LIMANA <\/strong><span class=\"s1\">Il Comune di Limana, Assessorato alla Cultura e Biblioteca Comunale, in collaborazione con l&#8217;Associazione Culturale Teatro Laboratorio di Brescia, in occasione della Giornata del Ricordo, \u00e8 lieto di presentare: <\/span><span class=\"s1\">MERCOLEDI&#8217; 9 FEBBRAIO alle 20.30 &#8220;Sorelle. Una storia per ricordare la tragedia delle Foibe&#8221;, rappresentazione teatrale<\/span><span class=\"s1\">\u00a0presso la sala Luigi Nocivelli, ingresso dietro la Biblioteca Comunale di Limana, Via Ruggero Fiabane n. 3.<\/span><\/p>\n<p>&nbsp;<\/p>\n<p>&nbsp;<\/p>\n<hr \/>\n<p>&nbsp;<\/p>\n<p><strong><span style=\"color: #0000ff;\">PROROGATA LA DATA PER FARE RICHIESTA\u00a0\u00a0<\/span><\/strong><\/p>\n<blockquote>\n<h3><strong>BELLUNO Il Centro Italiano di Solidariet\u00e0 di Belluno \u00e8 ACCREDITATO PER IL SERVIZIO CIVILE UNIVERSALE e seleziona n. 10 volontari da impiegare nel progetto \u201cABBRACCIO-percorso di contrasto alle dipendenze\u201d scadenza presentazione domande: 10 febbraio 2022 alle ore 14.00 Disponibili 10 posti in 5 sedi in provincia di Belluno Come \u00e8 organizzato il Servizio: &#8211; ore settimanali 25 &#8211; durata un anno &#8211; rimborso mensile \u20ac 444,30<\/strong><\/h3>\n<\/blockquote>\n<p>Domanda on Line (DOL) raggiungibile tramite PC, tablet e smartphone all\u2019indirizzo https:\/\/domandaonline.serviziocivile.it dove, attraverso un semplice sistema di ricerca con filtri, \u00e8 possibile scegliere il progetto (nome progetto) per il quale avanzare la candidatura. Accesso tramite SPID.<\/p>\n<p>&nbsp;<\/p>\n<hr \/>\n<p>&nbsp;<\/p>\n<blockquote>\n<h3>LA FOTO DI CLAUDIO PRA DEL FALCETTO DI VENERE SULLA RIVISTA COELUM ASTRONOMIA<\/h3>\n<\/blockquote>\n<p><strong><a href=\"https:\/\/www.radiopiu.net\/wordpress\/la-foto-di-claudio-pra-del-falcetto-di-venere-sulla-rivista-coelum-astronomia\/a92457b1-2934-4389-a161-d63804c30808\/\" rel=\"attachment wp-att-257288\"><img loading=\"lazy\" decoding=\"async\" class=\" wp-image-257288 alignleft\" src=\"https:\/\/www.radiopiu.net\/wordpress\/wp-content\/uploads\/2022\/02\/a92457b1-2934-4389-a161-d63804c30808-300x260.jpg\" alt=\"\" width=\"144\" height=\"125\" srcset=\"https:\/\/www.radiopiu.net\/wordpress\/wp-content\/uploads\/2022\/02\/a92457b1-2934-4389-a161-d63804c30808-300x260.jpg 300w, https:\/\/www.radiopiu.net\/wordpress\/wp-content\/uploads\/2022\/02\/a92457b1-2934-4389-a161-d63804c30808-768x665.jpg 768w, https:\/\/www.radiopiu.net\/wordpress\/wp-content\/uploads\/2022\/02\/a92457b1-2934-4389-a161-d63804c30808.jpg 989w\" sizes=\"auto, (max-width: 144px) 100vw, 144px\" \/><\/a> <\/strong><\/p>\n<p><strong>\u00a0<\/strong><\/p>\n<p><strong>REDAZIONE <\/strong>La foto di Venere a forma di falcetto, in &#8220;volo&#8221; sulle montagne Agordine (gi\u00e0 proposta sulle news di Radio Pi\u00f9), \u00e8 stata pubblicata sul sito della rivista Coelum Astronomia, insieme ad un articolo dell&#8217;autore Claudio Pra che illustra le modalit\u00e0 del particolare scatto. Per leggere l&#8217;articolo <a href=\"https:\/\/www.coelum.com\/news\/tra-sogno-e-realta-falcetto-di-venere\">CLICCA QUI<\/a><\/p>\n<p>&nbsp;<\/p>\n<p>&nbsp;<\/p>\n<p>&nbsp;<\/p>\n<hr \/>\n<p>&nbsp;<\/p>\n<p>&nbsp;<\/p>\n<blockquote class=\"wp-embedded-content\" data-secret=\"lrF0vJyGXK\"><p><a href=\"https:\/\/www.radiopiu.net\/wordpress\/passeggiata-a-rif-di-agordo-2-0-1-6-san-giuseppe-1-maggio\/\">PASSEGGIATA A RIF DI AGORDO &#8211; 2 0 1 6 &#8211; san giuseppe 1 maggio<\/a><\/p><\/blockquote>\n<p><iframe loading=\"lazy\" class=\"wp-embedded-content\" sandbox=\"allow-scripts\" security=\"restricted\" style=\"position: absolute; clip: rect(1px, 1px, 1px, 1px);\" title=\"&#8220;PASSEGGIATA A RIF DI AGORDO &#8211; 2 0 1 6 &#8211; san giuseppe 1 maggio&#8221; &#8212; Radio Pi\u00f9\" src=\"https:\/\/www.radiopiu.net\/wordpress\/passeggiata-a-rif-di-agordo-2-0-1-6-san-giuseppe-1-maggio\/embed\/#?secret=lrF0vJyGXK\" data-secret=\"lrF0vJyGXK\" width=\"600\" height=\"338\" frameborder=\"0\" marginwidth=\"0\" marginheight=\"0\" scrolling=\"no\"><\/iframe><\/p>\n<h3 class=\"kvgmc6g5 cxmmr5t8 oygrvhab hcukyx3x c1et5uql\"><span style=\"color: #0000ff;\"><strong>\u00a0<\/strong><\/span><\/h3>\n<hr \/>\n<h3 class=\"kvgmc6g5 cxmmr5t8 oygrvhab hcukyx3x c1et5uql\"><span style=\"color: #0000ff;\"><strong>\u00a0<\/strong><\/span><\/h3>\n<h3 class=\"kvgmc6g5 cxmmr5t8 oygrvhab hcukyx3x c1et5uql\"><span style=\"color: #0000ff;\"><strong>02 INFORMAZIONE il canale su TELEGRAM informazione di prima mano e in tempo reale. iscriviti ed aiutaci a farlo conoscere\u00a0 \u00a0<\/strong><\/span><\/h3>\n<p>&nbsp;<\/p>\n<p>&nbsp;<\/p>\n<hr \/>\n<p>&nbsp;<\/p>\n<h2><span style=\"color: #ff0000;\">IERI ALLA RADIO\u00a0<\/span><\/h2>\n<h3><span style=\"color: #800080;\">LO ZERO TERMICO CON L&#8217;ASSOCIAZIONE SAN MARTINO<\/span><\/h3>\n<h3>INVERNO 2022: LO ZERO TERMICO E\u2019\u2026.A RADIO PIU\u2019.<\/h3>\n<blockquote><p><em><a href=\"https:\/\/www.radiopiu.net\/wordpress\/la-rassegna-stampa-da-lamico-del-popolo-14-novembre-2020\/volontari-san-martino\/\" rel=\"attachment wp-att-172615\"><img loading=\"lazy\" decoding=\"async\" class=\"size-medium wp-image-172615 alignleft\" src=\"https:\/\/www.radiopiu.net\/wordpress\/wp-content\/uploads\/2020\/11\/volontari-san-martino-300x77.jpg\" alt=\"\" width=\"300\" height=\"77\" srcset=\"https:\/\/www.radiopiu.net\/wordpress\/wp-content\/uploads\/2020\/11\/volontari-san-martino-300x77.jpg 300w, https:\/\/www.radiopiu.net\/wordpress\/wp-content\/uploads\/2020\/11\/volontari-san-martino.jpg 388w\" sizes=\"auto, (max-width: 300px) 100vw, 300px\" \/><\/a>ZERO TERMICO E\u2019 UN VIAGGIO ALLA SCOPERTA DEL NOSTRO TERRITORIO, DALLA VOCE DEI PROTAGONISTI. TURISMO, SPORT, EVENTI, CULTURA, INTRATTENIMENTO. DAL LUNEDI\u2019 AL VENERDI ALLE 15.10 ALLE 20.30. ZERO TERMICO. UN APPUNTAMENTO IN COLLABORAZIONE CON: SPORT 203. LA NATURALE PORTA D\u2019INGRESSO\u2026.VERSO LO ZERO TERMICO. LOCALITA\u2019 LE CAMPE STRADA AGORDO BELLUNO. ABBIGLIAMENTO E ATTREZZATURA\u2026.DEDICATI A CHI AMA LA MONTAGNA.<\/em><\/p><\/blockquote>\n<p><strong>di Claudio Fontanive PUNTATA 17, Carlo Scussel, Daniela Farenzena e Anna Marcon dell&#8217;Associazione San Martino<\/strong><\/p>\n<audio class=\"wp-audio-shortcode\" id=\"audio-257215-7\" preload=\"none\" style=\"width: 100%;\" controls=\"controls\"><source type=\"audio\/mpeg\" src=\"https:\/\/www.radiopiu.net\/wordpress\/wp-content\/uploads\/2022\/02\/associazione-sanmartino-01-febbraio.mp3?_=7\" \/><a href=\"https:\/\/www.radiopiu.net\/wordpress\/wp-content\/uploads\/2022\/02\/associazione-sanmartino-01-febbraio.mp3\">https:\/\/www.radiopiu.net\/wordpress\/wp-content\/uploads\/2022\/02\/associazione-sanmartino-01-febbraio.mp3<\/a><\/audio>\n<p>&nbsp;<\/p>\n<p>&nbsp;<\/p>\n<p>&nbsp;<\/p>\n<p>&nbsp;<\/p>\n<hr \/>\n<p>&nbsp;<\/p>\n<p><strong>TUTTI I LUNEDI ALLE 10,30 E 1900, LA DOMENICA ALLE 8 007 IN CONDOTTA, LA SCUOLA CON LA PROF. MARIA ROSA SALMAZO E CLAUDIO FONTANIVE, IN PODCAST TUTTE LE PUNTATE DELLE ULTIME STAGIONI.<\/strong><\/p>\n<blockquote class=\"wp-embedded-content\" data-secret=\"RatE8Nyxjd\"><p><a href=\"https:\/\/www.radiopiu.net\/wordpress\/007incondotta-9\/\">007 in condotta<\/a><\/p><\/blockquote>\n<p><iframe loading=\"lazy\" class=\"wp-embedded-content\" sandbox=\"allow-scripts\" security=\"restricted\" style=\"position: absolute; clip: rect(1px, 1px, 1px, 1px);\" title=\"&#8220;007 in condotta&#8221; &#8212; Radio Pi\u00f9\" src=\"https:\/\/www.radiopiu.net\/wordpress\/007incondotta-9\/embed\/#?secret=RatE8Nyxjd\" data-secret=\"RatE8Nyxjd\" width=\"600\" height=\"338\" frameborder=\"0\" marginwidth=\"0\" marginheight=\"0\" scrolling=\"no\"><\/iframe><\/p>\n<p>&nbsp;<\/p>\n<p>&nbsp;<\/p>\n<p>&nbsp;<\/p>\n<hr \/>\n<p>&nbsp;<\/p>\n<h2><strong><a href=\"https:\/\/www.radiopiu.net\/wordpress\/il-dottor-paolo-luger-dal-poliambulatorio-agordino\/poliambulatorio\/\" rel=\"attachment wp-att-141183\"><img loading=\"lazy\" decoding=\"async\" class=\"size-medium wp-image-141183 alignleft\" src=\"https:\/\/www.radiopiu.net\/wordpress\/wp-content\/uploads\/2020\/05\/poliambulatorio-300x209.png\" alt=\"\" width=\"300\" height=\"209\" srcset=\"https:\/\/www.radiopiu.net\/wordpress\/wp-content\/uploads\/2020\/05\/poliambulatorio-300x209.png 300w, https:\/\/www.radiopiu.net\/wordpress\/wp-content\/uploads\/2020\/05\/poliambulatorio-1024x713.png 1024w, https:\/\/www.radiopiu.net\/wordpress\/wp-content\/uploads\/2020\/05\/poliambulatorio-768x535.png 768w, https:\/\/www.radiopiu.net\/wordpress\/wp-content\/uploads\/2020\/05\/poliambulatorio-1536x1069.png 1536w, https:\/\/www.radiopiu.net\/wordpress\/wp-content\/uploads\/2020\/05\/poliambulatorio.png 1830w\" sizes=\"auto, (max-width: 300px) 100vw, 300px\" \/><\/a><span style=\"color: #3366ff;\">DAL POLIAMBULATORIO DI AGORDO IL DOTTOR ALBERTO POZZI<\/span><\/strong><\/h2>\n<p><strong>di Claudio Fontanive<\/strong><\/p>\n<p>OSPITE: Il Dottor Alberto Pozzi, Endocrinologo<\/p>\n<audio class=\"wp-audio-shortcode\" id=\"audio-257215-8\" preload=\"none\" style=\"width: 100%;\" controls=\"controls\"><source type=\"audio\/mpeg\" src=\"https:\/\/www.radiopiu.net\/wordpress\/wp-content\/uploads\/2022\/02\/dottor-alberto-pozzi-01-febbraio.mp3?_=8\" \/><a href=\"https:\/\/www.radiopiu.net\/wordpress\/wp-content\/uploads\/2022\/02\/dottor-alberto-pozzi-01-febbraio.mp3\">https:\/\/www.radiopiu.net\/wordpress\/wp-content\/uploads\/2022\/02\/dottor-alberto-pozzi-01-febbraio.mp3<\/a><\/audio>\n<p>&nbsp;<\/p>\n<p>&nbsp;<\/p>\n<hr \/>\n<p>&nbsp;<\/p>\n<div>\n<div class=\"b654a4as d2edcug0\">\n<div class=\"rq0escxv hkbzh7o3 jwdofwj8 n8tt0mok r8blr3vg hyh9befq\">\n<p><a class=\"dt-pswp-item\" href=\"https:\/\/www.radiopiu.net\/wordpress\/wp-content\/uploads\/2020\/10\/pp.jpg\" data-dt-img-description=\"\" data-large_image_width=\"640\" data-large_image_height=\"640\"><img loading=\"lazy\" decoding=\"async\" class=\"wp-image-163678 alignleft\" src=\"https:\/\/www.radiopiu.net\/wordpress\/wp-content\/uploads\/2020\/10\/pp-300x300.jpg\" alt=\"\" width=\"106\" height=\"106\" srcset=\"https:\/\/www.radiopiu.net\/wordpress\/wp-content\/uploads\/2020\/10\/pp-300x300.jpg 300w, https:\/\/www.radiopiu.net\/wordpress\/wp-content\/uploads\/2020\/10\/pp-150x150.jpg 150w, https:\/\/www.radiopiu.net\/wordpress\/wp-content\/uploads\/2020\/10\/pp-125x125.jpg 125w, https:\/\/www.radiopiu.net\/wordpress\/wp-content\/uploads\/2020\/10\/pp-200x200.jpg 200w, https:\/\/www.radiopiu.net\/wordpress\/wp-content\/uploads\/2020\/10\/pp-80x80.jpg 80w, https:\/\/www.radiopiu.net\/wordpress\/wp-content\/uploads\/2020\/10\/pp-480x480.jpg 480w, https:\/\/www.radiopiu.net\/wordpress\/wp-content\/uploads\/2020\/10\/pp.jpg 640w\" sizes=\"auto, (max-width: 106px) 100vw, 106px\" \/><\/a><\/p>\n<\/div>\n<\/div>\n<\/div>\n<div>\n<div class=\"page-title-head hgroup\">\n<div class=\"page-title-head hgroup\">\n<div class=\"b654a4as d2edcug0\">\n<div class=\"j83agx80 btwxx1t3 lhclo0ds hop8lmos nkwizq5d scwd0bx6 roh60bw9\">\n<div class=\"rq0escxv hkbzh7o3 jwdofwj8 n8tt0mok r8blr3vg hyh9befq\">\n<div class=\"do00u71z l9j0dhe7 k4urcfbm\">\n<h2><span style=\"color: #000080;\">\u00a0<\/span><span style=\"color: #000080;\">DON CESARE, IL PENSIERO DEL GIORNO. ALLA RADIO ALLE 7 DEL MATTINO E ALLE 19.30 DELLA SERA.<\/span><\/h2>\n<h2><span style=\"color: #000080;\">\u00a0<\/span><\/h2>\n<\/div>\n<div class=\"do00u71z l9j0dhe7 k4urcfbm\">\n<audio class=\"wp-audio-shortcode\" id=\"audio-257215-9\" preload=\"none\" style=\"width: 100%;\" controls=\"controls\"><source type=\"audio\/mpeg\" src=\"https:\/\/www.radiopiu.net\/wordpress\/wp-content\/uploads\/2022\/02\/cesare.mp3?_=9\" \/><a href=\"https:\/\/www.radiopiu.net\/wordpress\/wp-content\/uploads\/2022\/02\/cesare.mp3\">https:\/\/www.radiopiu.net\/wordpress\/wp-content\/uploads\/2022\/02\/cesare.mp3<\/a><\/audio>\n<p>&nbsp;<\/p>\n<p>&nbsp;<\/p>\n<hr \/>\n<p>&nbsp;<\/p>\n<blockquote>\n<h3>FELTRE (E ARSON): CASTELLI, LA CINTA MURARIA LE TORRI, E LE PORTE IMPERIALE, ORIA, PUSTERLA<\/h3>\n<\/blockquote>\n<p><strong>di RENATO BONA<\/strong><\/p>\n<p>Feltre \u00e8 la penultima tappa del nostro \u201cviaggio\u201d, propiziato dall\u2019iniziativa del sito \u201cmondimedievali.net\u201d di catalogare castelli, fortezze, rocche, torri, borghi, edifici fortificati e \u201cpalazzi del potere\u201d, iniziativa culturale e didattica curata dal prof. Raffaele Licinio, ordinario di storia medievale nella facolt\u00e0 di lettere dell\u2019Universit\u00e0 di Bari (editore e webmaster Gianluca Lovreglio). Partiamo dalla frazione Arson alla volta del Castello di Lusa, antica dimora feudale appartenente ad un sistema difensivo dei Vescovi di Feltre e Belluno. L&#8217;edificio &#8211; si legge nel sito: <span role=\"gridcell\"><a class=\"oajrlxb2 g5ia77u1 qu0x051f esr5mh6w e9989ue4 r7d6kgcz rq0escxv nhd2j8a9 nc684nl6 p7hjln8o kvgmc6g5 cxmmr5t8 oygrvhab hcukyx3x jb3vyjys rz4wbd8a qt6c0cv9 a8nywdso i1ao9s8h f1sip0of lzcic4wl gmql0nx0 gpro0wi8 oo483o9r\" tabindex=\"-1\" role=\"link\" href=\"http:\/\/www.castellodilusa.it\/lastoria.htm?fbclid=IwAR2-TlG5WxVKhiYuYn5QaZCCLKO_QWg1MHB7kVaayGb7LJDzWuYmv2fzdVg\" target=\"_blank\" rel=\"nofollow noopener\">http:\/\/www.castellodilusa.it\/lastoria.htm <\/a><\/span>&#8211; sorge sul posto di un precedente castelliere del tardo periodo del bronzo. Molti avvenimenti costellarono la vita di questo presidio fortificato, infeudato anticamente alla famiglia Lusa: assedi, avvicendamenti di propriet\u00e0 ed eventi sismici particolarmente distruttivi\u201d. Al 1116 risale un diploma imperiale di Federico Barbarossa, che sancisce la restituzione del Castello di Lusa al principe Vescovo Ottone di Belluno. Con la dedizione bellunese alla Serenissima, tra il 1404 e il 1420, il territorio sub\u00ec una sostanziale modifica degli assetti economici e politici e con un editto Venezia decretava la demolizione di tutti i castelli appartenenti all\u2019area che le si era assoggettata. Poterono \u201csalvarsi\u201d le sole fortificazioni di valore strategico e militare. Verso la fine del XV secolo i nobili Villalta subentrarono ai Lusa nel possesso del Castello. A loro si devono, attorno al 1538, sostanziali modifiche architettoniche dell\u2019edificio medioevale. L\u2019altro restauro (1970- 1995) \u201cha inteso rendere dignit\u00e0 al complesso residenziale cercando di evidenziare le molteplici valenze in esso contenute\u201d. Ed eccoci in citt\u00e0 per il Castello di Alboino, torre del Campanon, con il sito: <span role=\"gridcell\"><a class=\"oajrlxb2 g5ia77u1 qu0x051f esr5mh6w e9989ue4 r7d6kgcz rq0escxv nhd2j8a9 nc684nl6 p7hjln8o kvgmc6g5 cxmmr5t8 oygrvhab hcukyx3x jb3vyjys rz4wbd8a qt6c0cv9 a8nywdso i1ao9s8h f1sip0of lzcic4wl gmql0nx0 gpro0wi8 oo483o9r\" tabindex=\"-1\" role=\"link\" href=\"http:\/\/carioca40.altervista.org.a\/?fbclid=IwAR3r1V_j99TdtjVv3IYl45b6Ec9115MzCuvFggYVSTtalDlGJOHtIOb3AO8\" target=\"_blank\" rel=\"nofollow noopener\">http:\/\/carioca40.altervista.org.a <\/a><\/span>ricordare che secondo la leggenda \u201cFeltre romana fu fortificata da Teodorico, distrutta dai Longobardi, ma poi ricostruita da Alboino\u2026 il Castello fu edificato nel 570, ma le prime testimonianze storiche risalgono solo al X-XI secolo. Nel corso dei secoli c&#8217;\u00e8 stato un continuo lavoro per aumentare l&#8217;efficacia delle opere di difesa. Il Castello vero e proprio e la Torre del Campanon si trovano in un&#8217;area rettangolare, che era cinta da mura, con quattro torri angolari: quella pi\u00f9 a nord, in corrispondenza della Torre dell&#8217;Orologio, era detta Torre delle Polveri e di essa vi \u00e8 ancora un basamento. Il Campanon veniva utilizzato per annunciare, con il suono delle sue campane, l\u2019inizio delle esecuzioni capitali e per comunicare, attraverso segnali di fuoco, con il Santuario dei Santi Vittore e Corona e con il Col Marcellon; qui inoltre si rifugiavano gli abitanti in caso di attacco. L&#8217;attuale campana della Torre \u00e8 stata fabbricata a Bormio e installata nel 1664 nella attuale sede. E&#8217; stata simbolo militare e annunciatrice delle adunanze pubbliche della cittadinanza; fino al 1970 era suonata per annunciare il consiglio comunale, usanza questa tornata in uso in questi ultimi anni. Tocca ora alla Cinta muraria, Percorso della Sentinella, Torre delle Rondinelle. Dal sito: <span role=\"gridcell\"><a class=\"oajrlxb2 g5ia77u1 qu0x051f esr5mh6w e9989ue4 r7d6kgcz rq0escxv nhd2j8a9 nc684nl6 p7hjln8o kvgmc6g5 cxmmr5t8 oygrvhab hcukyx3x jb3vyjys rz4wbd8a qt6c0cv9 a8nywdso i1ao9s8h f1sip0of lzcic4wl gmql0nx0 gpro0wi8 oo483o9r\" tabindex=\"-1\" role=\"link\" href=\"https:\/\/l.facebook.com\/l.php?u=http%3A%2F%2Fwww.fenicefeltre.it%2F%3Ffbclid%3DIwAR2caSgwr7i2oov6rjUig5iuIsNLNMFyXpppwkQ84LEjqUWMVo3uxbn87gw&amp;h=AT1wHPfZ-6nNH7V3krPQryMz9AoxqRwZcbMecoTxS_mu6BgNr8YzCOCZ19PDe9Icv9CwGBohat9m79WFQI3fXGZruUJz-z3JrHT5vtmzd-Na-IFrxpk_hhdOHqLMpF8bDbnZWA\" target=\"_blank\" rel=\"nofollow noopener\">http:\/\/www.fenicefeltre.it <\/a><\/span>. si apprende che \u201cLa Cinta muraria protegge il Colle delle Capre fin dal 1480, anno in cui l\u2019ingegnere Dionisio da Viterbo la fa edificare per resistere alle armi da fuoco. La precedente struttura difensiva risale al 1200; ne testimonia l\u2019esistenza la Torre delle Rondinelle\u2026 Quello che oggi viene chiamato &#8220;percorso della sentinella&#8221; \u00e8 un relitto di spazio pubblico, posto sulla sommit\u00e0 delle mura rinascimentali. Il tratto terminale del percorso che si completava in porta Pusterla e nelle scalette vecchie \u00e8 stato interrotto, agli inizi del &#8216;900, da frazionamenti dei terreni pubblici e cessioni di propriet\u00e0 a privati.. Siamo cos\u00ec giunti a Porta Imperiale che, per dirla col sito: <span role=\"gridcell\"><a class=\"oajrlxb2 g5ia77u1 qu0x051f esr5mh6w e9989ue4 r7d6kgcz rq0escxv nhd2j8a9 nc684nl6 p7hjln8o kvgmc6g5 cxmmr5t8 oygrvhab hcukyx3x jb3vyjys rz4wbd8a qt6c0cv9 a8nywdso i1ao9s8h f1sip0of lzcic4wl gmql0nx0 gpro0wi8 oo483o9r\" tabindex=\"-1\" role=\"link\" href=\"http:\/\/musei.comune.feltre.bl.it\/?fbclid=IwAR3oz1TSp1sTyw7P21ZFO6hkycF6YrIwMNrvMQOtzZHrbNVVswjo_RtD2JU\" target=\"_blank\" rel=\"nofollow noopener\">http:\/\/musei.comune.feltre.bl.it<\/a>\u00a0<\/span>. \u00e8: \u201cAccesso principale alla citt\u00e0, anticamente chiamata porta Cormeda, assunse il nome odierno perch\u00e9 si dice che di l\u00ec transitarono gli imperatori Federico II e Carlo IV in visita al vescovo conte. Dal 1876 si chiama anche porta Castaldi per ricordare Panfilo Castaldi, uno dei primi stampatori italiani, vanto di Feltre. Edificata nel 1489, secondo il disegno di Dionigi da Viterbo, deve il suo aspetto attuale al restauro del 1545, quando fu rivestita di un\u2019elegante decorazione scultorea e pittorica di stile classicheggiante, che la priv\u00f2 di qualsiasi contenuto di difesa. Fino al tardo Ottocento era affiancata dal merlato torrione semicircolare delle mura rinascimentali, che, abbattuto nel 1873, fu poi sostituito dalle Scalette Nuove. Qui si innesta il panoramico Percorso della Sentinella\u201d. Ed ora Porta Oria, della quale il sito: <span role=\"gridcell\"><a class=\"oajrlxb2 g5ia77u1 qu0x051f esr5mh6w e9989ue4 r7d6kgcz rq0escxv nhd2j8a9 nc684nl6 p7hjln8o kvgmc6g5 cxmmr5t8 oygrvhab hcukyx3x jb3vyjys rz4wbd8a qt6c0cv9 a8nywdso i1ao9s8h f1sip0of lzcic4wl gmql0nx0 gpro0wi8 oo483o9r\" tabindex=\"-1\" role=\"link\" href=\"http:\/\/palazzi.comune.feltre.bl.it\/?fbclid=IwAR3r1V_j99TdtjVv3IYl45b6Ec9115MzCuvFggYVSTtalDlGJOHtIOb3AO8\" target=\"_blank\" rel=\"nofollow noopener\">http:\/\/palazzi.comune.feltre.bl.it <\/a><\/span>. scrive che: \u201cChi sale in Cittadella da est per dirigersi poi lungo via Luzzo, verso piazza Maggiore, passa attraverso la poderosa struttura difensiva di porta Oria, anticamente detta porta Aurea, perch\u00e9 era rivolta a prendere i raggi del sole nascente, era l\u2019accesso alla citt\u00e0 preferito dalle autorit\u00e0 veneziane durante i loro spostamenti da Venezia a Feltre e viceversa. L\u2019imponente costruzione, che nemmeno Massimiliano d\u2019Asburgo nel suo assedio di Feltre del 1510 riusc\u00ec a danneggiare, presenta ancora oggi tre archi acuti, le scanalature in pietra della saracinesca, le feritoie, i massicci portoni in legno originali e i merli tipicamente medioevali. Il sistema difensivo della porta era completato dalla torre della Rosa e dal ponte levatoio che cavalcava il fossato antistante. L\u2019aspetto attuale risale al 1502, quando fu modificato il fronte esterno. Ed ecco Porta Pusterla di cui il sito: <span role=\"gridcell\"><a class=\"oajrlxb2 g5ia77u1 qu0x051f esr5mh6w e9989ue4 r7d6kgcz rq0escxv nhd2j8a9 nc684nl6 p7hjln8o kvgmc6g5 cxmmr5t8 oygrvhab hcukyx3x jb3vyjys rz4wbd8a qt6c0cv9 a8nywdso i1ao9s8h f1sip0of lzcic4wl gmql0nx0 gpro0wi8 oo483o9r\" tabindex=\"-1\" role=\"link\" href=\"http:\/\/musei.comune.feltre.bl.it\/?fbclid=IwAR0vxogt_RaZScytEoLs2O1iuyoVDGr-o9xOhw5Oytaqtv6LPmio5678BNM\" target=\"_blank\" rel=\"nofollow noopener\">http:\/\/musei.comune.feltre.bl.it <\/a><\/span>puntualizza che \u00e8 \u201cSituata a sud della citt\u00e0, ne costituisce l\u2019antico accesso pedonale. Ultimata nel 1494, era munita a destra di un secondo bastione merlato semicircolare, demolito alla fine del Settecento. La facciata risulta divisa in due parti dalla fascia del toro: quella inferiore \u00e8 ingentilita dall\u2019affresco, sopra l\u2019arco d\u2019ingresso, raffigurante \u201cLa giustizia\u201d; quella superiore presenta una fascia orizzontale con lapidi, stemmi e raffigurazioni appena leggibili. La porta tardo quattrocentesca riprende il nome di quella precedente, ubicata nella cinta muraria pi\u00f9 antica, infatti il termine \u201cposterla\u201d indica la porticina segreta che permetteva una rapida sortita dalla cittadella. Antica porta-torre, munita di feritoie nella parte interna e di caditoi sul fronte esterno, rappresentava probabilmente parte di un passaggio fortificato, che collegava il castello vescovile, situato nell\u2019area del Duomo, con la citt\u00e0 alta. Di questo percorso oggi sopravvive il suggestivo camminamento coperto delle Scalette Vecchie: quattro rampe di scalini che salgono al centro storico\u201d. Concludiamo con la Torre dell\u2019Orologio di cui il sito: <span role=\"gridcell\"><a class=\"oajrlxb2 g5ia77u1 qu0x051f esr5mh6w e9989ue4 r7d6kgcz rq0escxv nhd2j8a9 nc684nl6 p7hjln8o kvgmc6g5 cxmmr5t8 oygrvhab hcukyx3x jb3vyjys rz4wbd8a qt6c0cv9 a8nywdso i1ao9s8h f1sip0of lzcic4wl gmql0nx0 gpro0wi8 oo483o9r\" tabindex=\"-1\" role=\"link\" href=\"http:\/\/carioca40.altervista.org\/?fbclid=IwAR1CUlW5mj0zPS6K6MPd7mUfoT3oj-mphWPKZKzP63QKQtyhiTON08Kt5Ng\" target=\"_blank\" rel=\"nofollow noopener\">http:\/\/carioca40.altervista.org <\/a><\/span>ricorda che la Torre \u201crisale forse al &#8216;300, come sembra risultare da un&#8217;iscrizione nello scudo in pietra esterno. Probabilmente aveva la funzione di porta-rivellino del Castello, con ponte levatoio esterno ed un passaggio coperto interno sopra la strada di accesso al mastio. In seguito allo spostamento della strada pi\u00f9 a sud la Torre dell&#8217;Orologio perse la sua funzione di porta. Nel lato della Torre verso ovest sono ancora visibili tracce murarie dell&#8217;arco d&#8217;ingresso, che sub\u00ec delle trasformazioni in epoca veneziana. A ovest sorge una loggetta e l&#8217;alloggio dei Rettori, affrescati esternamente e sopraelevati nel &#8216;500. NELLE FOTO: due immagini ciascuno per: il Castello di Lusa ad Arson; Feltre: il Castello di Alboino Torre del Campanon; la Cinta muraria; Porta Imperiale, Porta Oria; Porta Pusterla; Torre dell\u2019Orologio.<\/p>\n\n\t\t\t<style type='text\/css'>\n\t\t\t\t#gallery-3 {\n\t\t\t\t\tmargin: auto;\n\t\t\t\t}\n\t\t\t\t#gallery-3 .gallery-item {\n\t\t\t\t\tfloat: left;\n\t\t\t\t\tmargin-top: 10px;\n\t\t\t\t\ttext-align: center;\n\t\t\t\t\twidth: 14%;\n\t\t\t\t}\n\t\t\t\t#gallery-3 img {\n\t\t\t\t\tborder: 2px solid #cfcfcf;\n\t\t\t\t}\n\t\t\t\t#gallery-3 .gallery-caption {\n\t\t\t\t\tmargin-left: 0;\n\t\t\t\t}\n\t\t\t\t\/* see gallery_shortcode() in wp-includes\/media.php *\/\n\t\t\t<\/style>\n\t\t<div id='gallery-3' class='dt-gallery-container gallery galleryid-257215 gallery-columns-7 gallery-size-thumbnail'><dl class='gallery-item'>\n\t\t\t\t<dt class='gallery-icon portrait'>\n\t\t\t\t\t<a class=\"rollover rollover-zoom dt-pswp-item\" title=\"257873684_889585088399458_8236310042334417163_n\" data-dt-img-description=\"\" data-large_image_width=\"152\" data-large_image_height=\"206\"href='https:\/\/www.radiopiu.net\/wordpress\/wp-content\/uploads\/2022\/02\/257873684_889585088399458_8236310042334417163_n.jpg'><img loading=\"lazy\" decoding=\"async\" width=\"150\" height=\"150\" src=\"https:\/\/www.radiopiu.net\/wordpress\/wp-content\/uploads\/2022\/02\/257873684_889585088399458_8236310042334417163_n-150x150.jpg\" class=\"attachment-thumbnail size-thumbnail\" alt=\"\" \/><\/a>\n\t\t\t\t<\/dt><\/dl><dl class='gallery-item'>\n\t\t\t\t<dt class='gallery-icon landscape'>\n\t\t\t\t\t<a class=\"rollover rollover-zoom dt-pswp-item\" title=\"272682166_3050102398637501_1367448562480553439_n\" data-dt-img-description=\"\" data-large_image_width=\"251\" data-large_image_height=\"206\"href='https:\/\/www.radiopiu.net\/wordpress\/wp-content\/uploads\/2022\/02\/272682166_3050102398637501_1367448562480553439_n.jpg'><img loading=\"lazy\" decoding=\"async\" width=\"150\" height=\"150\" src=\"https:\/\/www.radiopiu.net\/wordpress\/wp-content\/uploads\/2022\/02\/272682166_3050102398637501_1367448562480553439_n-150x150.jpg\" class=\"attachment-thumbnail size-thumbnail\" alt=\"\" \/><\/a>\n\t\t\t\t<\/dt><\/dl><dl class='gallery-item'>\n\t\t\t\t<dt class='gallery-icon landscape'>\n\t\t\t\t\t<a class=\"rollover rollover-zoom dt-pswp-item\" title=\"271685913_1093593824764670_8350182543732765283_n\" data-dt-img-description=\"\" data-large_image_width=\"308\" data-large_image_height=\"206\"href='https:\/\/www.radiopiu.net\/wordpress\/wp-content\/uploads\/2022\/02\/271685913_1093593824764670_8350182543732765283_n.jpg'><img loading=\"lazy\" decoding=\"async\" width=\"150\" height=\"150\" src=\"https:\/\/www.radiopiu.net\/wordpress\/wp-content\/uploads\/2022\/02\/271685913_1093593824764670_8350182543732765283_n-150x150.jpg\" class=\"attachment-thumbnail size-thumbnail\" alt=\"\" \/><\/a>\n\t\t\t\t<\/dt><\/dl><dl class='gallery-item'>\n\t\t\t\t<dt class='gallery-icon portrait'>\n\t\t\t\t\t<a class=\"rollover rollover-zoom dt-pswp-item\" title=\"258718600_677856286588759_3202316050946789702_n\" data-dt-img-description=\"\" data-large_image_width=\"152\" data-large_image_height=\"260\"href='https:\/\/www.radiopiu.net\/wordpress\/wp-content\/uploads\/2022\/02\/258718600_677856286588759_3202316050946789702_n.jpg'><img loading=\"lazy\" decoding=\"async\" width=\"150\" height=\"150\" src=\"https:\/\/www.radiopiu.net\/wordpress\/wp-content\/uploads\/2022\/02\/258718600_677856286588759_3202316050946789702_n-150x150.jpg\" class=\"attachment-thumbnail size-thumbnail\" alt=\"\" \/><\/a>\n\t\t\t\t<\/dt><\/dl><dl class='gallery-item'>\n\t\t\t\t<dt class='gallery-icon portrait'>\n\t\t\t\t\t<a class=\"rollover rollover-zoom dt-pswp-item\" title=\"248043820_767966924162649_5857429356387190686_n\" data-dt-img-description=\"\" data-large_image_width=\"150\" data-large_image_height=\"225\"href='https:\/\/www.radiopiu.net\/wordpress\/wp-content\/uploads\/2022\/02\/248043820_767966924162649_5857429356387190686_n.jpg'><img loading=\"lazy\" decoding=\"async\" width=\"150\" height=\"150\" src=\"https:\/\/www.radiopiu.net\/wordpress\/wp-content\/uploads\/2022\/02\/248043820_767966924162649_5857429356387190686_n-150x150.jpg\" class=\"attachment-thumbnail size-thumbnail\" alt=\"\" \/><\/a>\n\t\t\t\t<\/dt><\/dl><dl class='gallery-item'>\n\t\t\t\t<dt class='gallery-icon portrait'>\n\t\t\t\t\t<a class=\"rollover rollover-zoom dt-pswp-item\" title=\"271691312_884488572234164_6774602414944820242_n\" data-dt-img-description=\"\" data-large_image_width=\"157\" data-large_image_height=\"225\"href='https:\/\/www.radiopiu.net\/wordpress\/wp-content\/uploads\/2022\/02\/271691312_884488572234164_6774602414944820242_n.jpg'><img loading=\"lazy\" decoding=\"async\" width=\"150\" height=\"150\" src=\"https:\/\/www.radiopiu.net\/wordpress\/wp-content\/uploads\/2022\/02\/271691312_884488572234164_6774602414944820242_n-150x150.jpg\" class=\"attachment-thumbnail size-thumbnail\" alt=\"\" \/><\/a>\n\t\t\t\t<\/dt><\/dl><dl class='gallery-item'>\n\t\t\t\t<dt class='gallery-icon landscape'>\n\t\t\t\t\t<a class=\"rollover rollover-zoom dt-pswp-item\" title=\"272439061_234394485565244_6337202801924940204_n\" data-dt-img-description=\"\" data-large_image_width=\"343\" data-large_image_height=\"206\"href='https:\/\/www.radiopiu.net\/wordpress\/wp-content\/uploads\/2022\/02\/272439061_234394485565244_6337202801924940204_n.jpg'><img loading=\"lazy\" decoding=\"async\" width=\"150\" height=\"150\" src=\"https:\/\/www.radiopiu.net\/wordpress\/wp-content\/uploads\/2022\/02\/272439061_234394485565244_6337202801924940204_n-150x150.jpg\" class=\"attachment-thumbnail size-thumbnail\" alt=\"\" \/><\/a>\n\t\t\t\t<\/dt><\/dl><br style=\"clear: both\" \/><dl class='gallery-item'>\n\t\t\t\t<dt class='gallery-icon landscape'>\n\t\t\t\t\t<a class=\"rollover rollover-zoom dt-pswp-item\" title=\"248002286_656727158846665_3437758512455036401_n\" data-dt-img-description=\"\" data-large_image_width=\"344\" data-large_image_height=\"206\"href='https:\/\/www.radiopiu.net\/wordpress\/wp-content\/uploads\/2022\/02\/248002286_656727158846665_3437758512455036401_n.jpg'><img loading=\"lazy\" decoding=\"async\" width=\"150\" height=\"150\" src=\"https:\/\/www.radiopiu.net\/wordpress\/wp-content\/uploads\/2022\/02\/248002286_656727158846665_3437758512455036401_n-150x150.jpg\" class=\"attachment-thumbnail size-thumbnail\" alt=\"\" \/><\/a>\n\t\t\t\t<\/dt><\/dl><dl class='gallery-item'>\n\t\t\t\t<dt class='gallery-icon portrait'>\n\t\t\t\t\t<a class=\"rollover rollover-zoom dt-pswp-item\" title=\"258718222_489130816112902_6036380643671833975_n\" data-dt-img-description=\"\" data-large_image_width=\"152\" data-large_image_height=\"206\"href='https:\/\/www.radiopiu.net\/wordpress\/wp-content\/uploads\/2022\/02\/258718222_489130816112902_6036380643671833975_n.jpg'><img loading=\"lazy\" decoding=\"async\" width=\"150\" height=\"150\" src=\"https:\/\/www.radiopiu.net\/wordpress\/wp-content\/uploads\/2022\/02\/258718222_489130816112902_6036380643671833975_n-150x150.jpg\" class=\"attachment-thumbnail size-thumbnail\" alt=\"\" \/><\/a>\n\t\t\t\t<\/dt><\/dl><dl class='gallery-item'>\n\t\t\t\t<dt class='gallery-icon portrait'>\n\t\t\t\t\t<a class=\"rollover rollover-zoom dt-pswp-item\" title=\"272825657_409532604303756_5033480881443058609_n\" data-dt-img-description=\"\" data-large_image_width=\"158\" data-large_image_height=\"240\"href='https:\/\/www.radiopiu.net\/wordpress\/wp-content\/uploads\/2022\/02\/272825657_409532604303756_5033480881443058609_n.jpg'><img loading=\"lazy\" decoding=\"async\" width=\"150\" height=\"150\" src=\"https:\/\/www.radiopiu.net\/wordpress\/wp-content\/uploads\/2022\/02\/272825657_409532604303756_5033480881443058609_n-150x150.jpg\" class=\"attachment-thumbnail size-thumbnail\" alt=\"\" \/><\/a>\n\t\t\t\t<\/dt><\/dl><dl class='gallery-item'>\n\t\t\t\t<dt class='gallery-icon landscape'>\n\t\t\t\t\t<a class=\"rollover rollover-zoom dt-pswp-item\" title=\"272856923_1613795392304894_4955042184532022570_n\" data-dt-img-description=\"\" data-large_image_width=\"250\" data-large_image_height=\"206\"href='https:\/\/www.radiopiu.net\/wordpress\/wp-content\/uploads\/2022\/02\/272856923_1613795392304894_4955042184532022570_n.jpg'><img loading=\"lazy\" decoding=\"async\" width=\"150\" height=\"150\" src=\"https:\/\/www.radiopiu.net\/wordpress\/wp-content\/uploads\/2022\/02\/272856923_1613795392304894_4955042184532022570_n-150x150.jpg\" class=\"attachment-thumbnail size-thumbnail\" alt=\"\" \/><\/a>\n\t\t\t\t<\/dt><\/dl><dl class='gallery-item'>\n\t\t\t\t<dt class='gallery-icon landscape'>\n\t\t\t\t\t<a class=\"rollover rollover-zoom dt-pswp-item\" title=\"272244201_460941135565593_6815059811998072397_n\" data-dt-img-description=\"\" data-large_image_width=\"310\" data-large_image_height=\"206\"href='https:\/\/www.radiopiu.net\/wordpress\/wp-content\/uploads\/2022\/02\/272244201_460941135565593_6815059811998072397_n.jpg'><img loading=\"lazy\" decoding=\"async\" width=\"150\" height=\"150\" src=\"https:\/\/www.radiopiu.net\/wordpress\/wp-content\/uploads\/2022\/02\/272244201_460941135565593_6815059811998072397_n-150x150.jpg\" class=\"attachment-thumbnail size-thumbnail\" alt=\"\" \/><\/a>\n\t\t\t\t<\/dt><\/dl><dl class='gallery-item'>\n\t\t\t\t<dt class='gallery-icon landscape'>\n\t\t\t\t\t<a class=\"rollover rollover-zoom dt-pswp-item\" title=\"272066182_4729462683838305_55001359646473118_n\" data-dt-img-description=\"\" data-large_image_width=\"275\" data-large_image_height=\"206\"href='https:\/\/www.radiopiu.net\/wordpress\/wp-content\/uploads\/2022\/02\/272066182_4729462683838305_55001359646473118_n.jpg'><img loading=\"lazy\" decoding=\"async\" width=\"150\" height=\"150\" src=\"https:\/\/www.radiopiu.net\/wordpress\/wp-content\/uploads\/2022\/02\/272066182_4729462683838305_55001359646473118_n-150x150.jpg\" class=\"attachment-thumbnail size-thumbnail\" alt=\"\" \/><\/a>\n\t\t\t\t<\/dt><\/dl><dl class='gallery-item'>\n\t\t\t\t<dt class='gallery-icon portrait'>\n\t\t\t\t\t<a class=\"rollover rollover-zoom dt-pswp-item\" title=\"272704364_1525728417797470_2208737033235837127_n\" data-dt-img-description=\"\" data-large_image_width=\"154\" data-large_image_height=\"206\"href='https:\/\/www.radiopiu.net\/wordpress\/wp-content\/uploads\/2022\/02\/272704364_1525728417797470_2208737033235837127_n.jpg'><img loading=\"lazy\" decoding=\"async\" width=\"150\" height=\"150\" src=\"https:\/\/www.radiopiu.net\/wordpress\/wp-content\/uploads\/2022\/02\/272704364_1525728417797470_2208737033235837127_n-150x150.jpg\" class=\"attachment-thumbnail size-thumbnail\" alt=\"\" \/><\/a>\n\t\t\t\t<\/dt><\/dl><br style=\"clear: both\" \/>\n\t\t\t<\/div>\n\n<p>&nbsp;<\/p>\n<p>&nbsp;<\/p>\n<div>\n<div class=\"page-title-head hgroup\">\n<div class=\"page-title-head hgroup\">\n<div class=\"b654a4as d2edcug0\">\n<div class=\"j83agx80 btwxx1t3 lhclo0ds hop8lmos nkwizq5d scwd0bx6 roh60bw9\">\n<div class=\"rq0escxv hkbzh7o3 jwdofwj8 n8tt0mok r8blr3vg hyh9befq\">\n<div class=\"do00u71z l9j0dhe7 k4urcfbm\">\n<hr \/>\n<p>&nbsp;<\/p>\n<div>\n<div class=\"page-title-head hgroup\">\n<div class=\"page-title-head hgroup\">\n<div class=\"b654a4as d2edcug0\">\n<div class=\"j83agx80 btwxx1t3 lhclo0ds hop8lmos nkwizq5d scwd0bx6 roh60bw9\">\n<div class=\"rq0escxv hkbzh7o3 jwdofwj8 n8tt0mok r8blr3vg hyh9befq\">\n<div class=\"do00u71z l9j0dhe7 k4urcfbm\">\n<div class=\"ecm0bbzt e5nlhep0 a8c37x1j\">\n<div class=\"kvgmc6g5 cxmmr5t8 oygrvhab hcukyx3x c1et5uql\">\n<div class=\"gmail-kvgmc6g5 gmail-cxmmr5t8 gmail-oygrvhab gmail-hcukyx3x gmail-c1et5uql gmail-ii04i59q\">\n<div class=\"page-title-head hgroup\">\n<div class=\"page-title-head hgroup\">\n<div class=\"b654a4as d2edcug0\">\n<div class=\"j83agx80 btwxx1t3 lhclo0ds hop8lmos nkwizq5d scwd0bx6 roh60bw9\">\n<div class=\"rq0escxv hkbzh7o3 jwdofwj8 n8tt0mok r8blr3vg hyh9befq\">\n<div class=\"do00u71z l9j0dhe7 k4urcfbm\">\n<h3 class=\"kvgmc6g5 cxmmr5t8 oygrvhab hcukyx3x c1et5uql\"><span style=\"color: #0000ff;\"><strong>INFORMAZIONE il canale su TELEGRAM informazione di prima mano e in tempo reale. iscriviti ed aiutaci a farlo conoscere\u00a0\u00a0<\/strong><\/span><\/h3>\n<p>&nbsp;<\/p>\n<p>&nbsp;<\/p>\n<hr \/>\n<p>&nbsp;<\/p>\n<div class=\"do00u71z l9j0dhe7 k4urcfbm\">\n<div>\n<div class=\"page-title-head hgroup\">\n<div class=\"page-title-head hgroup\">\n<div class=\"b654a4as d2edcug0\">\n<div class=\"j83agx80 btwxx1t3 lhclo0ds hop8lmos nkwizq5d scwd0bx6 roh60bw9\">\n<div class=\"rq0escxv hkbzh7o3 jwdofwj8 n8tt0mok r8blr3vg hyh9befq\">\n<div class=\"do00u71z l9j0dhe7 k4urcfbm\">\n<div class=\"page-title-head hgroup\">\n<div class=\"page-title-head hgroup\">\n<div class=\"b654a4as d2edcug0\">\n<div class=\"j83agx80 btwxx1t3 lhclo0ds hop8lmos nkwizq5d scwd0bx6 roh60bw9\">\n<div class=\"rq0escxv hkbzh7o3 jwdofwj8 n8tt0mok r8blr3vg hyh9befq\">\n<div class=\"do00u71z l9j0dhe7 k4urcfbm\">\n<div class=\"ecm0bbzt e5nlhep0 a8c37x1j\">\n<div class=\"kvgmc6g5 cxmmr5t8 oygrvhab hcukyx3x c1et5uql\">\n<div class=\"gmail-kvgmc6g5 gmail-cxmmr5t8 gmail-oygrvhab gmail-hcukyx3x gmail-c1et5uql gmail-ii04i59q\">\n<div class=\"page-title-head hgroup\">\n<div class=\"page-title-head hgroup\">\n<div class=\"b654a4as d2edcug0\">\n<div class=\"j83agx80 btwxx1t3 lhclo0ds hop8lmos nkwizq5d scwd0bx6 roh60bw9\">\n<div class=\"rq0escxv hkbzh7o3 jwdofwj8 n8tt0mok r8blr3vg hyh9befq\">\n<div class=\"do00u71z l9j0dhe7 k4urcfbm\">\n<div class=\"page-title-head hgroup\">\n<div class=\"page-title-head hgroup\">\n<div class=\"b654a4as d2edcug0\">\n<div class=\"j83agx80 btwxx1t3 lhclo0ds hop8lmos nkwizq5d scwd0bx6 roh60bw9\">\n<div class=\"rq0escxv hkbzh7o3 jwdofwj8 n8tt0mok r8blr3vg hyh9befq\">\n<div class=\"do00u71z l9j0dhe7 k4urcfbm\">\n<div>\n<div class=\"page-title-head hgroup\">\n<div class=\"page-title-head hgroup\">\n<div class=\"b654a4as d2edcug0\">\n<div class=\"j83agx80 btwxx1t3 lhclo0ds hop8lmos nkwizq5d scwd0bx6 roh60bw9\">\n<div class=\"rq0escxv hkbzh7o3 jwdofwj8 n8tt0mok r8blr3vg hyh9befq\">\n<div class=\"do00u71z l9j0dhe7 k4urcfbm\">\n<div class=\"ecm0bbzt e5nlhep0 a8c37x1j\">\n<div class=\"kvgmc6g5 cxmmr5t8 oygrvhab hcukyx3x c1et5uql\">\n<div class=\"gmail-kvgmc6g5 gmail-cxmmr5t8 gmail-oygrvhab gmail-hcukyx3x gmail-c1et5uql gmail-ii04i59q\">\n<div class=\"page-title-head hgroup\">\n<div class=\"page-title-head hgroup\">\n<div class=\"b654a4as d2edcug0\">\n<div class=\"j83agx80 btwxx1t3 lhclo0ds hop8lmos nkwizq5d scwd0bx6 roh60bw9\">\n<div class=\"rq0escxv hkbzh7o3 jwdofwj8 n8tt0mok r8blr3vg hyh9befq\">\n<div class=\"do00u71z l9j0dhe7 k4urcfbm\">\n<blockquote>\n<h3><span style=\"color: #ff0000;\">IN VIVO VERSO, SETTIMA STAGIONE CON BRUNELLA MORO, DAL LUNEDI AL VENERDI ALLE 7.10, 10.10 E 18.50\u00a0\u00a0<\/span><\/h3>\n<\/blockquote>\n<p>&nbsp;<\/p>\n<blockquote>\n<h3><strong> LUCE DEL PAESAGGIO di FRANCESCO PIEMONTE<\/strong><\/h3>\n<\/blockquote>\n<p><strong>AUDIO<\/strong><\/p>\n<audio class=\"wp-audio-shortcode\" id=\"audio-257215-10\" preload=\"none\" style=\"width: 100%;\" controls=\"controls\"><source type=\"audio\/mpeg\" src=\"https:\/\/www.radiopiu.net\/wordpress\/wp-content\/uploads\/2022\/01\/2-FRANCESCO-PIEMONTE-LUCE-DEL-PAESAGGIO.mp3?_=10\" \/><a href=\"https:\/\/www.radiopiu.net\/wordpress\/wp-content\/uploads\/2022\/01\/2-FRANCESCO-PIEMONTE-LUCE-DEL-PAESAGGIO.mp3\">https:\/\/www.radiopiu.net\/wordpress\/wp-content\/uploads\/2022\/01\/2-FRANCESCO-PIEMONTE-LUCE-DEL-PAESAGGIO.mp3<\/a><\/audio>\n<p>&nbsp;<\/p>\n<p><img loading=\"lazy\" decoding=\"async\" class=\"alignleft\" src=\"https:\/\/www.radiopiu.net\/wordpress\/wp-content\/uploads\/2022\/02\/2-fRANCESCO-PIEMONTE.jpg\" width=\"181\" height=\"181\" \/><strong>LUCE DEL PAESAGGIO<\/strong><\/p>\n<p>Vieni a lenirmi ancora luce del paesaggio<br \/>\ninvocazione sempre portata dentro<br \/>\nfatti pi\u00f9 vicino, pi\u00f9 tangibile, corpo verde<br \/>\nconfine sognato, orizzonte amato,<br \/>\nappartenenza di anni sempre nuova<br \/>\npresenza per noi, segnale confidente<br \/>\nResta \u2013 definito, indefinito<\/p>\n<p><strong>LA RACCOLTA COMPLETA\u00a0 \u00a0<\/strong><\/p>\n<blockquote class=\"wp-embedded-content\" data-secret=\"LeHCcz6kya\"><p><a href=\"https:\/\/www.radiopiu.net\/wordpress\/in-vivo-verso\/\">In Vivo Verso<\/a><\/p><\/blockquote>\n<p><iframe loading=\"lazy\" class=\"wp-embedded-content\" sandbox=\"allow-scripts\" security=\"restricted\" style=\"position: absolute; clip: rect(1px, 1px, 1px, 1px);\" title=\"&#8220;In Vivo Verso&#8221; &#8212; Radio Pi\u00f9\" src=\"https:\/\/www.radiopiu.net\/wordpress\/in-vivo-verso\/embed\/#?secret=LeHCcz6kya\" data-secret=\"LeHCcz6kya\" width=\"600\" height=\"338\" frameborder=\"0\" marginwidth=\"0\" marginheight=\"0\" scrolling=\"no\"><\/iframe><\/p>\n<p>&nbsp;<\/p>\n<hr \/>\n<p>&nbsp;<\/p>\n<h2><span style=\"color: #808000;\">GOCCE DI FILOSOFIA<\/span><\/h2>\n<p><strong>PUNTATA 127 DEL 01 FEBBRAIO 2022<\/strong><\/p>\n<audio class=\"wp-audio-shortcode\" id=\"audio-257215-11\" preload=\"none\" style=\"width: 100%;\" controls=\"controls\"><source type=\"audio\/mpeg\" src=\"https:\/\/www.radiopiu.net\/wordpress\/wp-content\/uploads\/2022\/01\/FI2-4.mp3?_=11\" \/><a href=\"https:\/\/www.radiopiu.net\/wordpress\/wp-content\/uploads\/2022\/01\/FI2-4.mp3\">https:\/\/www.radiopiu.net\/wordpress\/wp-content\/uploads\/2022\/01\/FI2-4.mp3<\/a><\/audio>\n<p>&nbsp;<\/p>\n<p><strong>raccolta completa<\/strong><\/p>\n<blockquote class=\"wp-embedded-content\" data-secret=\"GvGLH6Yowd\"><p><a href=\"https:\/\/www.radiopiu.net\/wordpress\/gocce-filosofia\/\">Gocce di filosofia, PRIMA E SECONDA STAGIONE 2022<\/a><\/p><\/blockquote>\n<p><iframe loading=\"lazy\" class=\"wp-embedded-content\" sandbox=\"allow-scripts\" security=\"restricted\" style=\"position: absolute; clip: rect(1px, 1px, 1px, 1px);\" title=\"&#8220;Gocce di filosofia, PRIMA E SECONDA STAGIONE 2022&#8221; &#8212; Radio Pi\u00f9\" src=\"https:\/\/www.radiopiu.net\/wordpress\/gocce-filosofia\/embed\/#?secret=GvGLH6Yowd\" data-secret=\"GvGLH6Yowd\" width=\"600\" height=\"338\" frameborder=\"0\" marginwidth=\"0\" marginheight=\"0\" scrolling=\"no\"><\/iframe><\/p>\n<p>&nbsp;<\/p>\n<hr \/>\n<p>&nbsp;<\/p>\n<p><span style=\"color: #0000ff;\">MUSICA PIU&#8217;\u00a0<\/span><\/p>\n<p><a href=\"https:\/\/www.radiopiu.net\/wordpress\/giornale-radiopiu-20-settembre-2021-direttore-mirko-mezzacasa\/pp-79\/\" rel=\"attachment wp-att-232921\"><img loading=\"lazy\" decoding=\"async\" class=\"wp-image-232921 alignleft\" src=\"https:\/\/www.radiopiu.net\/wordpress\/wp-content\/uploads\/2021\/09\/pp-1-300x300.jpg\" alt=\"\" width=\"135\" height=\"135\" srcset=\"https:\/\/www.radiopiu.net\/wordpress\/wp-content\/uploads\/2021\/09\/pp-1-300x300.jpg 300w, https:\/\/www.radiopiu.net\/wordpress\/wp-content\/uploads\/2021\/09\/pp-1-150x150.jpg 150w, https:\/\/www.radiopiu.net\/wordpress\/wp-content\/uploads\/2021\/09\/pp-1.jpg 640w\" sizes=\"auto, (max-width: 135px) 100vw, 135px\" \/><\/a><\/p>\n<div class=\"mkdf-post-text\">\n<div class=\"mkdf-post-text-inner\">\n<div class=\"mkdf-post-text-main\">\n<div class=\"mkdf-post-text\">\n<div class=\"mkdf-post-text-inner\">\n<div class=\"mkdf-post-text-main\">\n<div class=\"mkdf-post-text\">\n<div class=\"mkdf-post-text-inner\">\n<div class=\"mkdf-post-text-main\">\n<div class=\"page-title-head hgroup\">\n<div class=\"page-title-head hgroup\">\n<div class=\"mkdf-post-text\">\n<div class=\"mkdf-post-text-inner\">\n<div class=\"mkdf-post-text-main\">\n<div class=\"mkdf-post-text\">\n<div class=\"mkdf-post-text-inner\">\n<div class=\"mkdf-post-text-main\">\n<div class=\"page-title-head hgroup\">\n<div class=\"page-title-head hgroup\">\n<div class=\"page-title-head hgroup\">\n<div class=\"page-title-head hgroup\">\n<div class=\"b654a4as d2edcug0\">\n<div class=\"page-title-head hgroup\">\n<div class=\"page-title-head hgroup\">\n<div class=\"page-title-head hgroup\">\n<div class=\"page-title-head hgroup\">\n<div class=\"b654a4as d2edcug0\">\n<div class=\"page-title-head hgroup\">\n<div class=\"page-title-head hgroup\">\n<div class=\"page-title-head hgroup\">\n<div class=\"page-title-head hgroup\">\n<div class=\"b654a4as d2edcug0\">\n<div class=\"mkdf-post-text\">\n<div class=\"mkdf-post-text-inner\">\n<div class=\"mkdf-post-text-main\">\n<div class=\"mkdf-post-text\">\n<div class=\"mkdf-post-text-inner\">\n<div class=\"mkdf-post-text-main\">\n<div class=\"mkdf-post-text\">\n<div class=\"mkdf-post-text-inner\">\n<div class=\"mkdf-post-text-main\">\n<div class=\"page-title-head hgroup\">\n<div class=\"page-title-head hgroup\">\n<div class=\"mkdf-post-text\">\n<div class=\"mkdf-post-text-inner\">\n<div class=\"mkdf-post-text-main\">\n<div class=\"mkdf-post-text\">\n<div class=\"mkdf-post-text-inner\">\n<div class=\"mkdf-post-text-main\">\n<div class=\"page-title-head hgroup\">\n<div class=\"page-title-head hgroup\">\n<div class=\"page-title-head hgroup\">\n<div class=\"page-title-head hgroup\">\n<div class=\"b654a4as d2edcug0\">\n<div class=\"page-title-head hgroup\">\n<div class=\"page-title-head hgroup\">\n<div class=\"page-title-head hgroup\">\n<div class=\"page-title-head hgroup\">\n<div class=\"b654a4as d2edcug0\">\n<div class=\"page-title-head hgroup\">\n<div class=\"page-title-head hgroup\">\n<div class=\"page-title-head hgroup\">\n<div class=\"page-title-head hgroup\">\n<div class=\"b654a4as d2edcug0\">\n<div><\/div>\n<div><\/div>\n<div>\n<p><strong>MUSICA ALLA RADIO, IL PROGRAMMA DI LORIS SCUSSEL &#8220;COLLAGE OPERAZIONE NOSTALGIA&#8221; DAL LUNEDI AL VENERDI ALLE 16.00\u00a0 E ALLE 23\u00a0<\/strong><\/p>\n<\/div>\n<p><strong>\u00a0\u00a0<\/strong><\/p>\n<p><strong>PUNTATA 532 DEL 01 FEBBRAIO 2022<\/strong><\/p>\n<audio class=\"wp-audio-shortcode\" id=\"audio-257215-12\" preload=\"none\" style=\"width: 100%;\" controls=\"controls\"><source type=\"audio\/mpeg\" src=\"https:\/\/www.radiopiu.net\/wordpress\/wp-content\/uploads\/2022\/01\/Collage-532.mp3?_=12\" \/><a href=\"https:\/\/www.radiopiu.net\/wordpress\/wp-content\/uploads\/2022\/01\/Collage-532.mp3\">https:\/\/www.radiopiu.net\/wordpress\/wp-content\/uploads\/2022\/01\/Collage-532.mp3<\/a><\/audio>\n<p>&nbsp;<\/p>\n<p><strong><a href=\"https:\/\/www.radiopiu.net\/wordpress\/collage-operazione-nostalgia-i-grandi-artisti-stranieri-a-sanremo\/l-armstrong\/\" rel=\"attachment wp-att-256891\"><img loading=\"lazy\" decoding=\"async\" class=\" wp-image-256891 alignleft\" src=\"https:\/\/www.radiopiu.net\/wordpress\/wp-content\/uploads\/2022\/01\/L.-Armstrong.jpg\" alt=\"\" width=\"106\" height=\"105\" srcset=\"https:\/\/www.radiopiu.net\/wordpress\/wp-content\/uploads\/2022\/01\/L.-Armstrong.jpg 226w, https:\/\/www.radiopiu.net\/wordpress\/wp-content\/uploads\/2022\/01\/L.-Armstrong-150x150.jpg 150w\" sizes=\"auto, (max-width: 106px) 100vw, 106px\" \/><\/a> <\/strong><\/p>\n<p><strong>di Loris Scussel<\/strong><\/p>\n<p>Una settimana variegata quella di \u201cCollage operazione nostalgia\u201d che inizier\u00e0 con una selezione di successi internazionali, marted\u00ec ritroveremo alcuni grandi artisti stranieri che hanno partecipato al festival di Sanremo negli anni 60\/70, poi spazio a canzoni della tv italiana in bianco e nero, selezioni da \u201cAmerican graffiti\u201d ed in chiusura una trasmissione dedicata ai cantautori di casa nostra. Il programma andr\u00e0 in onda dal luned\u00ec al venerd\u00ec alle 16,00 e alle 23,00.<\/p>\n<p>&nbsp;<\/p>\n<p>&nbsp;<\/p>\n<\/div>\n<\/div>\n<\/div>\n<\/div>\n<\/div>\n<\/div>\n<\/div>\n<\/div>\n<\/div>\n<\/div>\n<\/div>\n<\/div>\n<\/div>\n<\/div>\n<\/div>\n<\/div>\n<\/div>\n<\/div>\n<\/div>\n<\/div>\n<\/div>\n<\/div>\n<\/div>\n<\/div>\n<\/div>\n<\/div>\n<\/div>\n<\/div>\n<\/div>\n<\/div>\n<\/div>\n<\/div>\n<\/div>\n<\/div>\n<\/div>\n<\/div>\n<\/div>\n<\/div>\n<\/div>\n<\/div>\n<\/div>\n<\/div>\n<\/div>\n<\/div>\n<\/div>\n<\/div>\n<\/div>\n<\/div>\n<\/div>\n<\/div>\n<\/div>\n<\/div>\n<\/div>\n<\/div>\n<\/div>\n<\/div>\n<\/div>\n<\/div>\n<\/div>\n<\/div>\n<\/div>\n<\/div>\n<\/div>\n<\/div>\n<hr \/>\n<p>&nbsp;<\/p>\n<p>&nbsp;<\/p>\n<blockquote class=\"wp-embedded-content\" data-secret=\"ZXvnxh4GK0\"><p><a href=\"https:\/\/www.radiopiu.net\/wordpress\/freemix-la-liberta-musicale-mixata-da-dj-athos-e-raccontata-da-dj-jack\/\">FREEMIX, LA LIBERTA&#8217; MUSICALE MIXATA DA DJ ATHOS E RACCONTATA DA DJ JACK<\/a><\/p><\/blockquote>\n<p><iframe loading=\"lazy\" class=\"wp-embedded-content\" sandbox=\"allow-scripts\" security=\"restricted\" style=\"position: absolute; clip: rect(1px, 1px, 1px, 1px);\" title=\"&#8220;FREEMIX, LA LIBERTA&#8217; MUSICALE MIXATA DA DJ ATHOS E RACCONTATA DA DJ JACK&#8221; &#8212; Radio Pi\u00f9\" src=\"https:\/\/www.radiopiu.net\/wordpress\/freemix-la-liberta-musicale-mixata-da-dj-athos-e-raccontata-da-dj-jack\/embed\/#?secret=ZXvnxh4GK0\" data-secret=\"ZXvnxh4GK0\" width=\"600\" height=\"338\" frameborder=\"0\" marginwidth=\"0\" marginheight=\"0\" scrolling=\"no\"><\/iframe><\/p>\n<p>&nbsp;<\/p>\n<blockquote class=\"wp-embedded-content\" data-secret=\"7WBf8cMcGN\"><p><a href=\"https:\/\/www.radiopiu.net\/wordpress\/da-ieri-alla-radio-in-palinsesto-loris-e-maurizio-con-la-grande-musica\/\">IL BLUES ALLA RADIO &#8230; COME NON L&#8217;AVETE MAI SENTITO PRIMA<\/a><\/p><\/blockquote>\n<p><iframe loading=\"lazy\" class=\"wp-embedded-content\" sandbox=\"allow-scripts\" security=\"restricted\" style=\"position: absolute; clip: rect(1px, 1px, 1px, 1px);\" title=\"&#8220;IL BLUES ALLA RADIO &#8230; COME NON L&#8217;AVETE MAI SENTITO PRIMA&#8221; &#8212; Radio Pi\u00f9\" src=\"https:\/\/www.radiopiu.net\/wordpress\/da-ieri-alla-radio-in-palinsesto-loris-e-maurizio-con-la-grande-musica\/embed\/#?secret=7WBf8cMcGN\" data-secret=\"7WBf8cMcGN\" width=\"600\" height=\"338\" frameborder=\"0\" marginwidth=\"0\" marginheight=\"0\" scrolling=\"no\"><\/iframe><\/p>\n<p>&nbsp;<\/p>\n<hr \/>\n<p>&nbsp;<\/p>\n<blockquote>\n<h3><span style=\"color: #0000ff;\">INFORMAZIONE il canale su TELEGRAM informazione di prima mano e in tempo reale. iscriviti ed aiutaci a farlo conoscere\u00a0\u00a0<\/span><\/h3>\n<\/blockquote>\n<div>\n<div class=\"page-title-head hgroup\">\n<div class=\"page-title-head hgroup\">\n<div class=\"page-title-head hgroup\">\n<div class=\"page-title-head hgroup\">\n<div class=\"b654a4as d2edcug0\">\n<div class=\"page-title-head hgroup\">\n<div class=\"page-title-head hgroup\">\n<div class=\"page-title-head hgroup\">\n<div class=\"page-title-head hgroup\">\n<div class=\"b654a4as d2edcug0\">\n<div class=\"page-title-head hgroup\">\n<div class=\"page-title-head hgroup\">\n<div class=\"page-title-head hgroup\">\n<div class=\"page-title-head hgroup\">\n<div class=\"page-title-head hgroup\">\n<div class=\"page-title-head hgroup\">\n<div class=\"page-title-head hgroup\">\n<div class=\"page-title-head hgroup\">\n<div class=\"page-title-head hgroup\">\n<div class=\"b654a4as d2edcug0\">\n<div class=\"page-title-head hgroup\">\n<div class=\"page-title-head hgroup\">\n<div class=\"page-title-head hgroup\">\n<div class=\"page-title-head hgroup\">\n<div class=\"b654a4as d2edcug0\">\n<div>\n<p>&nbsp;<\/p>\n<\/div>\n<div>\n<div class=\"page-title-head hgroup\">\n<div class=\"page-title-head hgroup\">\n<div class=\"page-title-head hgroup\">\n<div class=\"page-title-head hgroup\">\n<div class=\"page-title-head hgroup\">\n<div class=\"b654a4as d2edcug0\">\n<div>\n<hr \/>\n<\/div>\n<\/div>\n<div>\n<div>\n<p>&nbsp;<\/p>\n<\/div>\n<div>\n<div>\n<p>&nbsp;<\/p>\n<\/div>\n<div>\n<div>\n<p><strong>DUE MINUTI UN LIBRO, TUTTI I GIORNI ALLA RADIO ALLE 9.40 E ALLE 17.50\u00a0<\/strong><\/p>\n<div>\n<div>\n<p><strong>LA RACCOLTA COMPLETA\u00a0\u00a0<\/strong><\/p>\n<\/div>\n<div>\n<blockquote class=\"wp-embedded-content\" data-secret=\"zmhYzH4iBp\"><p><a href=\"https:\/\/www.radiopiu.net\/wordpress\/due-minuti-un-libro\/\">Due minuti un libro<\/a><\/p><\/blockquote>\n<p><iframe loading=\"lazy\" class=\"wp-embedded-content\" sandbox=\"allow-scripts\" security=\"restricted\" style=\"position: absolute; clip: rect(1px, 1px, 1px, 1px);\" title=\"&#8220;Due minuti un libro&#8221; &#8212; Radio Pi\u00f9\" src=\"https:\/\/www.radiopiu.net\/wordpress\/due-minuti-un-libro\/embed\/#?secret=zmhYzH4iBp\" data-secret=\"zmhYzH4iBp\" width=\"600\" height=\"338\" frameborder=\"0\" marginwidth=\"0\" marginheight=\"0\" scrolling=\"no\"><\/iframe><\/p>\n<\/div>\n<\/div>\n<\/div>\n<div class=\"mkdf-post-text\">\n<div class=\"mkdf-post-text-inner\">\n<div class=\"mkdf-post-text-main\">\n<div class=\"mkdf-post-text\">\n<div class=\"mkdf-post-text-inner\">\n<div class=\"mkdf-post-text-main\">\n<div class=\"mkdf-post-text\">\n<div class=\"mkdf-post-text-inner\">\n<div class=\"mkdf-post-text-main\">\n<div class=\"page-title-head hgroup\">\n<div class=\"page-title-head hgroup\">\n<div class=\"mkdf-post-text\">\n<div class=\"mkdf-post-text-inner\">\n<div class=\"mkdf-post-text-main\">\n<div class=\"mkdf-post-text\">\n<div class=\"mkdf-post-text-inner\">\n<div class=\"mkdf-post-text-main\">\n<div class=\"page-title-head hgroup\">\n<div class=\"page-title-head hgroup\">\n<div class=\"page-title-head hgroup\">\n<div class=\"page-title-head hgroup\">\n<div class=\"b654a4as d2edcug0\">\n<div class=\"page-title-head hgroup\">\n<div class=\"page-title-head hgroup\">\n<div class=\"page-title-head hgroup\">\n<div class=\"page-title-head hgroup\">\n<div class=\"b654a4as d2edcug0\">\n<div class=\"page-title-head hgroup\">\n<div class=\"page-title-head hgroup\">\n<div class=\"page-title-head hgroup\">\n<div class=\"page-title-head hgroup\">\n<div class=\"b654a4as d2edcug0\">\n<div>\n<p>&nbsp;<\/p>\n<\/div>\n<div>\n<hr \/>\n<p>&nbsp;<\/p>\n<\/div>\n<h2><span style=\"color: #808000;\">L&#8217;ALMANACCO LADINO\u00a0\u00a0<\/span><\/h2>\n<p><strong>PUNTATA DEL 31 GENNAIO 2022<\/strong><\/p>\n<audio class=\"wp-audio-shortcode\" id=\"audio-257215-13\" preload=\"none\" style=\"width: 100%;\" controls=\"controls\"><source type=\"audio\/mpeg\" src=\"https:\/\/www.radiopiu.net\/wordpress\/wp-content\/uploads\/2022\/01\/76\u00b0Almanacco-Ladino_Col-1.mp3?_=13\" \/><a href=\"https:\/\/www.radiopiu.net\/wordpress\/wp-content\/uploads\/2022\/01\/76\u00b0Almanacco-Ladino_Col-1.mp3\">https:\/\/www.radiopiu.net\/wordpress\/wp-content\/uploads\/2022\/01\/76\u00b0Almanacco-Ladino_Col-1.mp3<\/a><\/audio>\n<p>&nbsp;<\/p>\n<p><strong>LA RACCOLTA<\/strong><\/p>\n<blockquote class=\"wp-embedded-content\" data-secret=\"OQPgUIKDVK\"><p><a href=\"https:\/\/www.radiopiu.net\/wordpress\/almanacco-ladino\/\">Almanacco Ladino<\/a><\/p><\/blockquote>\n<p><iframe loading=\"lazy\" class=\"wp-embedded-content\" sandbox=\"allow-scripts\" security=\"restricted\" style=\"position: absolute; clip: rect(1px, 1px, 1px, 1px);\" title=\"&#8220;Almanacco Ladino&#8221; &#8212; Radio Pi\u00f9\" src=\"https:\/\/www.radiopiu.net\/wordpress\/almanacco-ladino\/embed\/#?secret=OQPgUIKDVK\" data-secret=\"OQPgUIKDVK\" width=\"600\" height=\"338\" frameborder=\"0\" marginwidth=\"0\" marginheight=\"0\" scrolling=\"no\"><\/iframe><\/p>\n<p>&nbsp;<\/p>\n<hr \/>\n<p>&nbsp;<\/p>\n<h2><span style=\"color: #33cccc;\">LA RASSEGNA STAMPA DA L&#8217;AMICO DEL POPOLO<\/span><\/h2>\n<p><strong><a href=\"https:\/\/www.radiopiu.net\/wordpress\/giornale-radiopiu-29-marzo-2018-direttore-mirko-mezzacasa\/gosaldo-3\/\" rel=\"attachment wp-att-45573\"><img loading=\"lazy\" decoding=\"async\" class=\"size-full wp-image-45573 alignleft\" src=\"https:\/\/www.radiopiu.net\/wordpress\/wp-content\/uploads\/2018\/03\/GOSALDO.jpg\" alt=\"\" width=\"267\" height=\"200\" \/><\/a>PUNTATA DEL 29 GENNAIO 2022<\/strong><\/p>\n<p><strong>di Gianni Santomaso<\/strong><\/p>\n<p>Ospite: Florinda Cialdella, Vicesindaco del comune di Gosaldo<\/p>\n<audio class=\"wp-audio-shortcode\" id=\"audio-257215-14\" preload=\"none\" style=\"width: 100%;\" controls=\"controls\"><source type=\"audio\/mpeg\" src=\"https:\/\/www.radiopiu.net\/wordpress\/wp-content\/uploads\/2022\/01\/RASSEGNA-GIANNI-5.mp3?_=14\" \/><a href=\"https:\/\/www.radiopiu.net\/wordpress\/wp-content\/uploads\/2022\/01\/RASSEGNA-GIANNI-5.mp3\">https:\/\/www.radiopiu.net\/wordpress\/wp-content\/uploads\/2022\/01\/RASSEGNA-GIANNI-5.mp3<\/a><\/audio>\n<p>&nbsp;<\/p>\n<p><strong>LA RACCOLTA COMPLETA<\/strong><\/p>\n<blockquote class=\"wp-embedded-content\" data-secret=\"wrryDzIbfy\"><p><a href=\"https:\/\/www.radiopiu.net\/wordpress\/rassegna-stampa-di-gianni-santomaso\/\">Rassegna stampa da l&#8217;amico del popolo &#8211; di Gianni Santomaso<\/a><\/p><\/blockquote>\n<p><iframe loading=\"lazy\" class=\"wp-embedded-content\" sandbox=\"allow-scripts\" security=\"restricted\" style=\"position: absolute; clip: rect(1px, 1px, 1px, 1px);\" title=\"&#8220;Rassegna stampa da l&#8217;amico del popolo &#8211; di Gianni Santomaso&#8221; &#8212; Radio Pi\u00f9\" src=\"https:\/\/www.radiopiu.net\/wordpress\/rassegna-stampa-di-gianni-santomaso\/embed\/#?secret=wrryDzIbfy\" data-secret=\"wrryDzIbfy\" width=\"600\" height=\"338\" frameborder=\"0\" marginwidth=\"0\" marginheight=\"0\" scrolling=\"no\"><\/iframe><\/p>\n<p>&nbsp;<\/p>\n<hr \/>\n<p>&nbsp;<\/p>\n<h2><span style=\"color: #800080;\">I RACCONTI DI PAOLO SOPPELSA\u00a0<\/span><\/h2>\n<p><strong>LA RACCOLTA COMPLETA<\/strong><\/p>\n<blockquote class=\"wp-embedded-content\" data-secret=\"hzX0IiU5NH\"><p><a href=\"https:\/\/www.radiopiu.net\/wordpress\/i-racconti-di-paolo-soppelsa\/\">I racconti di Paolo Soppelsa<\/a><\/p><\/blockquote>\n<p><iframe loading=\"lazy\" class=\"wp-embedded-content\" sandbox=\"allow-scripts\" security=\"restricted\" style=\"position: absolute; clip: rect(1px, 1px, 1px, 1px);\" title=\"&#8220;I racconti di Paolo Soppelsa&#8221; &#8212; Radio Pi\u00f9\" src=\"https:\/\/www.radiopiu.net\/wordpress\/i-racconti-di-paolo-soppelsa\/embed\/#?secret=hzX0IiU5NH\" data-secret=\"hzX0IiU5NH\" width=\"600\" height=\"338\" frameborder=\"0\" marginwidth=\"0\" marginheight=\"0\" scrolling=\"no\"><\/iframe><\/p>\n<p>&nbsp;<\/p>\n<hr \/>\n<\/div>\n<div class=\"b654a4as d2edcug0\">\n<p>&nbsp;<\/p>\n<p><a href=\"https:\/\/www.radiopiu.net\/wordpress\/giornale-radiopiu-26-settembre-2018-direttore-mirko-mezzacasa\/viabilita-2\/\" rel=\"attachment wp-att-61954\"><img loading=\"lazy\" decoding=\"async\" class=\"aligncenter wp-image-61954 size-full\" src=\"https:\/\/www.radiopiu.net\/wordpress\/wp-content\/uploads\/2018\/09\/viabilita.jpeg\" sizes=\"auto, (max-width: 800px) 100vw, 800px\" srcset=\"https:\/\/www.radiopiu.net\/wordpress\/wp-content\/uploads\/2018\/09\/viabilita.jpeg 800w, https:\/\/www.radiopiu.net\/wordpress\/wp-content\/uploads\/2018\/09\/viabilita-300x38.jpeg 300w, https:\/\/www.radiopiu.net\/wordpress\/wp-content\/uploads\/2018\/09\/viabilita-768x96.jpeg 768w\" alt=\"\" width=\"800\" height=\"100\" \/><\/a><\/p>\n<div class=\"ecm0bbzt e5nlhep0 a8c37x1j\">\n<div class=\"kvgmc6g5 cxmmr5t8 oygrvhab hcukyx3x c1et5uql\">\n<div class=\"gmail-kvgmc6g5 gmail-cxmmr5t8 gmail-oygrvhab gmail-hcukyx3x gmail-c1et5uql gmail-ii04i59q\">\n<div class=\"page-title-head hgroup\">\n<div class=\"page-title-head hgroup\">\n<div class=\"b654a4as d2edcug0\">\n<div class=\"j83agx80 btwxx1t3 lhclo0ds hop8lmos nkwizq5d scwd0bx6 roh60bw9\">\n<div class=\"rq0escxv hkbzh7o3 jwdofwj8 n8tt0mok r8blr3vg hyh9befq\">\n<div class=\"do00u71z l9j0dhe7 k4urcfbm\">\n<div class=\"page-title-head hgroup\">\n<div class=\"page-title-head hgroup\">\n<div class=\"page-title-head hgroup\">\n<div class=\"page-title-head hgroup\">\n<div class=\"b654a4as d2edcug0\">\n<div class=\"page-title-head hgroup\">\n<div class=\"page-title-head hgroup\">\n<div class=\"page-title-head hgroup\">\n<div class=\"page-title-head hgroup\">\n<div class=\"b654a4as d2edcug0\">\n<div class=\"page-title-head hgroup\">\n<div class=\"page-title-head hgroup\">\n<div class=\"page-title-head hgroup\">\n<div class=\"page-title-head hgroup\">\n<div class=\"page-title-head hgroup\">\n<div class=\"page-title-head hgroup\">\n<div class=\"page-title-head hgroup\">\n<div class=\"page-title-head hgroup\">\n<div class=\"page-title-head hgroup\">\n<div class=\"b654a4as d2edcug0\">\n<div class=\"page-title-head hgroup\">\n<div class=\"page-title-head hgroup\">\n<div class=\"page-title-head hgroup\">\n<div class=\"page-title-head hgroup\">\n<div class=\"b654a4as d2edcug0\">\n<div class=\"page-title-head hgroup\">\n<div class=\"page-title-head hgroup\">\n<div class=\"page-title-head hgroup\">\n<div class=\"page-title-head hgroup\">\n<div class=\"page-title-head hgroup\">\n<div class=\"mkdf-post-text\">\n<div class=\"mkdf-post-text-inner\">\n<div class=\"mkdf-post-text-main\">\n<div class=\"mkdf-post-text\">\n<div class=\"mkdf-post-text-inner\">\n<div class=\"mkdf-post-text-main\">\n<div class=\"mkdf-post-text\">\n<div class=\"mkdf-post-text-inner\">\n<div class=\"mkdf-post-text-main\">\n<div class=\"page-title-head hgroup\">\n<div class=\"page-title-head hgroup\">\n<div class=\"mkdf-post-text\">\n<div class=\"mkdf-post-text-inner\">\n<div class=\"mkdf-post-text-main\">\n<div class=\"mkdf-post-text\">\n<div class=\"mkdf-post-text-inner\">\n<div class=\"mkdf-post-text-main\">\n<div class=\"page-title-head hgroup\">\n<div class=\"page-title-head hgroup\">\n<div class=\"page-title-head hgroup\">\n<div class=\"page-title-head hgroup\">\n<div class=\"b654a4as d2edcug0\">\n<div class=\"page-title-head hgroup\">\n<div class=\"page-title-head hgroup\">\n<div class=\"page-title-head hgroup\">\n<div class=\"page-title-head hgroup\">\n<div class=\"b654a4as d2edcug0\">\n<div class=\"page-title-head hgroup\">\n<div class=\"page-title-head hgroup\">\n<div class=\"page-title-head hgroup\">\n<div class=\"page-title-head hgroup\">\n<div class=\"b654a4as d2edcug0\">\n<div class=\"chat-input\">\n<div class=\"chat-input-container\">\n<div class=\"rows-wrapper chat-input-wrapper\">\n<div class=\"reply-wrapper\">\n<div class=\"btn-menu\">\n<div class=\"btn-menu-item tgico-replace rp\">\n<div class=\"c-ripple\">\n<div class=\"bubbles scrolled-down\">\n<div class=\"scrollable scrollable-y\">\n<div class=\"bubbles-inner has-rights is-chat is-channel\">\n<div class=\"bubbles-date-group\">\n<div class=\"bubble hide-name is-out can-have-tail is-group-first is-group-last is-read\" data-mid=\"5377294335\" data-peer-id=\"-1478820725\" data-timestamp=\"1638437407\">\n<div class=\"bubble-content-wrapper\">\n<div class=\"bubble-content\">\n<p class=\"message\" dir=\"auto\"><strong>\u00a0\u00a0<\/strong><\/p>\n<blockquote>\n<h3>SENSO UNICO ALTERNATO E INTERDIZIONE TOTALE AL TRAFFICO DELLA STRADA PER NOACH<\/h3>\n<\/blockquote>\n<p><strong><a href=\"https:\/\/www.radiopiu.net\/wordpress\/giornale-radiopiu-16-giugno-2021-direttore-mirko-mezzacasa\/lavori-7\/\" rel=\"attachment wp-att-216176\"><img loading=\"lazy\" decoding=\"async\" class=\" wp-image-216176 alignleft\" src=\"https:\/\/www.radiopiu.net\/wordpress\/wp-content\/uploads\/2021\/06\/LAVORI.jpg\" alt=\"\" width=\"120\" height=\"105\" \/><\/a> <\/strong><strong>LA VALLE<\/strong> Dal 31 gennaio al 4 febbraio, dalle 8 alle 17, la strada di Noach sar\u00e0 transitabile a senso unico alternato regolato da semaforo per consentire dei lavori. A comunicarlo il comune di La Valle Agordina che con un&#8217;ordinanza impone anche l&#8217;interdizione totale al traffico nei giorni 5 e 6 febbraio. In questo fine settimana la chiusura avverr\u00e0 alle 8 di sabato fino alle 17 di domenica. Il tratto di strada interessato parte da via Noach tra l&#8217;entrata della piazzola attrezzata per la produzione di biomasse e l&#8217;innesto della strada comunale con la regionale 203 Agordina.<\/p>\n<p dir=\"auto\">\n<\/div>\n<\/div>\n<\/div>\n<\/div>\n<\/div>\n<\/div>\n<\/div>\n<\/div>\n<\/div>\n<\/div>\n<\/div>\n<\/div>\n<\/div>\n<\/div>\n<\/div>\n<\/div>\n<\/div>\n<\/div>\n<\/div>\n<\/div>\n<\/div>\n<\/div>\n<\/div>\n<\/div>\n<\/div>\n<\/div>\n<\/div>\n<\/div>\n<\/div>\n<\/div>\n<\/div>\n<\/div>\n<\/div>\n<\/div>\n<\/div>\n<\/div>\n<\/div>\n<\/div>\n<\/div>\n<\/div>\n<\/div>\n<\/div>\n<\/div>\n<\/div>\n<\/div>\n<\/div>\n<\/div>\n<\/div>\n<\/div>\n<\/div>\n<\/div>\n<\/div>\n<\/div>\n<\/div>\n<\/div>\n<\/div>\n<\/div>\n<\/div>\n<\/div>\n<\/div>\n<\/div>\n<\/div>\n<\/div>\n<\/div>\n<\/div>\n<\/div>\n<\/div>\n<\/div>\n<\/div>\n<\/div>\n<\/div>\n<\/div>\n<\/div>\n<\/div>\n<\/div>\n<\/div>\n<\/div>\n<\/div>\n<\/div>\n<\/div>\n<\/div>\n<\/div>\n<\/div>\n<\/div>\n<\/div>\n<\/div>\n<\/div>\n<\/div>\n<\/div>\n<\/div>\n<\/div>\n<\/div>\n<\/div>\n<\/div>\n<\/div>\n<\/div>\n<\/div>\n<\/div>\n<\/div>\n<\/div>\n<\/div>\n<\/div>\n<\/div>\n<\/div>\n<\/div>\n<\/div>\n<\/div>\n<\/div>\n<\/div>\n<\/div>\n<\/div>\n<\/div>\n<\/div>\n<\/div>\n<\/div>\n<\/div>\n<\/div>\n<\/div>\n<\/div>\n<\/div>\n<\/div>\n<\/div>\n<\/div>\n<\/div>\n<\/div>\n<\/div>\n<\/div>\n<\/div>\n<\/div>\n<\/div>\n<\/div>\n<\/div>\n<\/div>\n<\/div>\n<\/div>\n<\/div>\n<\/div>\n<\/div>\n<\/div>\n<\/div>\n<\/div>\n<\/div>\n<\/div>\n<\/div>\n<\/div>\n<\/div>\n<\/div>\n<\/div>\n<\/div>\n<\/div>\n<\/div>\n<\/div>\n<\/div>\n<\/div>\n<\/div>\n<\/div>\n<\/div>\n<\/div>\n<\/div>\n<\/div>\n<\/div>\n<\/div>\n<\/div>\n<\/div>\n<\/div>\n<\/div>\n<\/div>\n<\/div>\n<div>\n<div class=\"page-title-head hgroup\">\n<div class=\"page-title-head hgroup\">\n<div class=\"b654a4as d2edcug0\">\n<div class=\"j83agx80 btwxx1t3 lhclo0ds hop8lmos nkwizq5d scwd0bx6 roh60bw9\">\n<div class=\"rq0escxv hkbzh7o3 jwdofwj8 n8tt0mok r8blr3vg hyh9befq\">\n<div class=\"do00u71z l9j0dhe7 k4urcfbm\">\n<div class=\"ecm0bbzt e5nlhep0 a8c37x1j\">\n<div class=\"kvgmc6g5 cxmmr5t8 oygrvhab hcukyx3x c1et5uql\">\n<div class=\"gmail-kvgmc6g5 gmail-cxmmr5t8 gmail-oygrvhab gmail-hcukyx3x gmail-c1et5uql gmail-ii04i59q\">\n<div class=\"page-title-head hgroup\">\n<div class=\"page-title-head hgroup\">\n<div class=\"b654a4as d2edcug0\">\n<div class=\"j83agx80 btwxx1t3 lhclo0ds hop8lmos nkwizq5d scwd0bx6 roh60bw9\">\n<div class=\"rq0escxv hkbzh7o3 jwdofwj8 n8tt0mok r8blr3vg hyh9befq\">\n<div class=\"do00u71z l9j0dhe7 k4urcfbm\">\n<div class=\"page-title-head hgroup\">\n<div class=\"page-title-head hgroup\">\n<div class=\"page-title-head hgroup\">\n<div class=\"page-title-head hgroup\">\n<div class=\"b654a4as d2edcug0\">\n<div class=\"page-title-head hgroup\">\n<div class=\"page-title-head hgroup\">\n<div class=\"page-title-head hgroup\">\n<div class=\"page-title-head hgroup\">\n<div class=\"b654a4as d2edcug0\">\n<div class=\"page-title-head hgroup\">\n<div class=\"page-title-head hgroup\">\n<div class=\"page-title-head hgroup\">\n<div class=\"page-title-head hgroup\">\n<div class=\"page-title-head hgroup\">\n<div class=\"page-title-head hgroup\">\n<div class=\"page-title-head hgroup\">\n<div class=\"page-title-head hgroup\">\n<div class=\"page-title-head hgroup\">\n<div class=\"b654a4as d2edcug0\">\n<div class=\"page-title-head hgroup\">\n<div class=\"page-title-head hgroup\">\n<div class=\"page-title-head hgroup\">\n<div class=\"page-title-head hgroup\">\n<div class=\"b654a4as d2edcug0\">\n<div class=\"page-title-head hgroup\">\n<div class=\"page-title-head hgroup\">\n<div class=\"page-title-head hgroup\">\n<div class=\"page-title-head hgroup\">\n<div class=\"page-title-head hgroup\">\n<div class=\"mkdf-post-text\">\n<div class=\"mkdf-post-text-inner\">\n<div class=\"mkdf-post-text-main\">\n<div class=\"mkdf-post-text\">\n<div class=\"mkdf-post-text-inner\">\n<div class=\"mkdf-post-text-main\">\n<div class=\"mkdf-post-text\">\n<div class=\"mkdf-post-text-inner\">\n<div class=\"mkdf-post-text-main\">\n<div class=\"page-title-head hgroup\">\n<div class=\"page-title-head hgroup\">\n<div class=\"mkdf-post-text\">\n<div class=\"mkdf-post-text-inner\">\n<div class=\"mkdf-post-text-main\">\n<div class=\"mkdf-post-text\">\n<div class=\"mkdf-post-text-inner\">\n<div class=\"mkdf-post-text-main\">\n<div class=\"page-title-head hgroup\">\n<div class=\"page-title-head hgroup\">\n<div class=\"page-title-head hgroup\">\n<div class=\"page-title-head hgroup\">\n<div class=\"b654a4as d2edcug0\">\n<div class=\"page-title-head hgroup\">\n<div class=\"page-title-head hgroup\">\n<div class=\"page-title-head hgroup\">\n<div class=\"page-title-head hgroup\">\n<div class=\"b654a4as d2edcug0\">\n<div class=\"page-title-head hgroup\">\n<div class=\"page-title-head hgroup\">\n<div class=\"page-title-head hgroup\">\n<div class=\"page-title-head hgroup\">\n<div class=\"b654a4as d2edcug0\">\n<div class=\"ecm0bbzt e5nlhep0 a8c37x1j\">\n<div class=\"kvgmc6g5 cxmmr5t8 oygrvhab hcukyx3x c1et5uql\">\n<div class=\"gmail-kvgmc6g5 gmail-cxmmr5t8 gmail-oygrvhab gmail-hcukyx3x gmail-c1et5uql gmail-ii04i59q\">\n<div class=\"page-title-head hgroup\">\n<div class=\"page-title-head hgroup\">\n<div class=\"b654a4as d2edcug0\">\n<div class=\"j83agx80 btwxx1t3 lhclo0ds hop8lmos nkwizq5d scwd0bx6 roh60bw9\">\n<div class=\"rq0escxv hkbzh7o3 jwdofwj8 n8tt0mok r8blr3vg hyh9befq\">\n<div class=\"do00u71z l9j0dhe7 k4urcfbm\">\n<div class=\"page-title-head hgroup\">\n<div class=\"page-title-head hgroup\">\n<div class=\"page-title-head hgroup\">\n<div class=\"page-title-head hgroup\">\n<div class=\"b654a4as d2edcug0\">\n<div class=\"page-title-head hgroup\">\n<div class=\"page-title-head hgroup\">\n<div class=\"page-title-head hgroup\">\n<div class=\"page-title-head hgroup\">\n<div class=\"b654a4as d2edcug0\">\n<div class=\"page-title-head hgroup\">\n<div class=\"page-title-head hgroup\">\n<div class=\"page-title-head hgroup\">\n<div class=\"page-title-head hgroup\">\n<div class=\"page-title-head hgroup\">\n<div class=\"page-title-head hgroup\">\n<div class=\"page-title-head hgroup\">\n<div class=\"page-title-head hgroup\">\n<div class=\"page-title-head hgroup\">\n<div class=\"b654a4as d2edcug0\">\n<div class=\"page-title-head hgroup\">\n<div class=\"page-title-head hgroup\">\n<div class=\"page-title-head hgroup\">\n<div class=\"page-title-head hgroup\">\n<div class=\"b654a4as d2edcug0\">\n<div class=\"page-title-head hgroup\">\n<div class=\"page-title-head hgroup\">\n<div class=\"page-title-head hgroup\">\n<div class=\"page-title-head hgroup\">\n<div class=\"page-title-head hgroup\">\n<div class=\"mkdf-post-text\">\n<div class=\"mkdf-post-text-inner\">\n<div class=\"mkdf-post-text-main\">\n<div class=\"mkdf-post-text\">\n<div class=\"mkdf-post-text-inner\">\n<div class=\"mkdf-post-text-main\">\n<div class=\"mkdf-post-text\">\n<div class=\"mkdf-post-text-inner\">\n<div class=\"mkdf-post-text-main\">\n<div class=\"page-title-head hgroup\">\n<div class=\"page-title-head hgroup\">\n<div class=\"mkdf-post-text\">\n<div class=\"mkdf-post-text-inner\">\n<div class=\"mkdf-post-text-main\">\n<div class=\"mkdf-post-text\">\n<div class=\"mkdf-post-text-inner\">\n<div class=\"mkdf-post-text-main\">\n<div class=\"page-title-head hgroup\">\n<div class=\"page-title-head hgroup\">\n<div class=\"page-title-head hgroup\">\n<div class=\"page-title-head hgroup\">\n<div class=\"b654a4as d2edcug0\">\n<div class=\"page-title-head hgroup\">\n<div class=\"page-title-head hgroup\">\n<div class=\"page-title-head hgroup\">\n<div class=\"page-title-head hgroup\">\n<div class=\"b654a4as d2edcug0\">\n<div class=\"page-title-head hgroup\">\n<div class=\"page-title-head hgroup\">\n<div class=\"page-title-head hgroup\">\n<div class=\"page-title-head hgroup\">\n<div class=\"b654a4as d2edcug0\">\n<blockquote class=\"wp-embedded-content\" data-secret=\"n5XW4wcgUd\"><p><a href=\"https:\/\/www.radiopiu.net\/wordpress\/viabilita\/\">viabilita<\/a><\/p><\/blockquote>\n<p><iframe loading=\"lazy\" class=\"wp-embedded-content\" sandbox=\"allow-scripts\" security=\"restricted\" style=\"position: absolute; clip: rect(1px, 1px, 1px, 1px);\" title=\"&#8220;viabilita&#8221; &#8212; Radio Pi\u00f9\" src=\"https:\/\/www.radiopiu.net\/wordpress\/viabilita\/embed\/#?secret=n5XW4wcgUd\" data-secret=\"n5XW4wcgUd\" width=\"600\" height=\"338\" frameborder=\"0\" marginwidth=\"0\" marginheight=\"0\" scrolling=\"no\"><\/iframe><\/p>\n<p>&nbsp;<\/p>\n<hr \/>\n<p>&nbsp;<\/p>\n<\/div>\n<div class=\"b654a4as d2edcug0\">\n<div class=\"ecm0bbzt e5nlhep0 a8c37x1j\">\n<div class=\"kvgmc6g5 cxmmr5t8 oygrvhab hcukyx3x c1et5uql\">\n<div class=\"gmail-kvgmc6g5 gmail-cxmmr5t8 gmail-oygrvhab gmail-hcukyx3x gmail-c1et5uql gmail-ii04i59q\">\n<div>\n<div class=\"page-title-head hgroup\">\n<div class=\"page-title-head hgroup\">\n<div class=\"b654a4as d2edcug0\">\n<div class=\"j83agx80 btwxx1t3 lhclo0ds hop8lmos nkwizq5d scwd0bx6 roh60bw9\">\n<div class=\"rq0escxv hkbzh7o3 jwdofwj8 n8tt0mok r8blr3vg hyh9befq\">\n<div class=\"do00u71z l9j0dhe7 k4urcfbm\">\n<div>\n<div class=\"page-title-head hgroup\">\n<div class=\"page-title-head hgroup\">\n<div class=\"page-title-head hgroup\">\n<div class=\"page-title-head hgroup\">\n<div class=\"b654a4as d2edcug0\">\n<div class=\"page-title-head hgroup\">\n<div class=\"page-title-head hgroup\">\n<div class=\"page-title-head hgroup\">\n<div class=\"page-title-head hgroup\">\n<div class=\"b654a4as d2edcug0\">\n<div class=\"page-title-head hgroup\">\n<div class=\"page-title-head hgroup\">\n<div class=\"page-title-head hgroup\">\n<div class=\"page-title-head hgroup\">\n<div class=\"page-title-head hgroup\">\n<div class=\"mkdf-post-text\">\n<div class=\"mkdf-post-text-inner\">\n<div class=\"mkdf-post-text-main\">\n<div class=\"mkdf-post-text\">\n<div class=\"mkdf-post-text-inner\">\n<div class=\"mkdf-post-text-main\">\n<div class=\"mkdf-post-text\">\n<div class=\"mkdf-post-text-inner\">\n<div class=\"mkdf-post-text-main\">\n<div class=\"page-title-head hgroup\">\n<div class=\"page-title-head hgroup\">\n<div class=\"mkdf-post-text\">\n<div class=\"mkdf-post-text-inner\">\n<div class=\"mkdf-post-text-main\">\n<div class=\"mkdf-post-text\">\n<div class=\"mkdf-post-text-inner\">\n<div class=\"mkdf-post-text-main\">\n<div>\n<div class=\"page-title-head hgroup\">\n<div class=\"page-title-head hgroup\">\n<div>\n<div class=\"page-title-head hgroup\">\n<div class=\"page-title-head hgroup\">\n<div class=\"b654a4as d2edcug0\">\n<div>\n<div class=\"page-title-head hgroup\" style=\"text-align: left;\">\n<div class=\"page-title-head hgroup\">\n<div dir=\"auto\">\n<p><a class=\"dt-pswp-item pspw-wrap-ready\" href=\"https:\/\/i0.wp.com\/www.radiopiu.net\/wordpress\/wp-content\/uploads\/2018\/09\/WhatsApp-Image-2018-09-20-at-16.04.06.jpeg?ssl=1\" data-dt-img-description=\"\" data-large_image_width=\"800\" data-large_image_height=\"100\"><img loading=\"lazy\" decoding=\"async\" class=\"aligncenter wp-image-61378 size-full jetpack-lazy-image jetpack-lazy-image--handled\" src=\"https:\/\/i0.wp.com\/www.radiopiu.net\/wordpress\/wp-content\/uploads\/2018\/09\/WhatsApp-Image-2018-09-20-at-16.04.06.jpeg?resize=800%2C100&amp;ssl=1\" sizes=\"auto, (max-width: 800px) 100vw, 800px\" srcset=\"https:\/\/i0.wp.com\/www.radiopiu.net\/wordpress\/wp-content\/uploads\/2018\/09\/WhatsApp-Image-2018-09-20-at-16.04.06.jpeg?w=800&amp;ssl=1 800w, https:\/\/i0.wp.com\/www.radiopiu.net\/wordpress\/wp-content\/uploads\/2018\/09\/WhatsApp-Image-2018-09-20-at-16.04.06.jpeg?resize=300%2C38&amp;ssl=1 300w, https:\/\/i0.wp.com\/www.radiopiu.net\/wordpress\/wp-content\/uploads\/2018\/09\/WhatsApp-Image-2018-09-20-at-16.04.06.jpeg?resize=768%2C96&amp;ssl=1 768w\" alt=\"\" width=\"800\" height=\"100\" data-lazy-loaded=\"1\" \/><\/a><\/p>\n<\/div>\n<\/div>\n<\/div>\n<\/div>\n<\/div>\n<\/div>\n<\/div>\n<\/div>\n<\/div>\n<\/div>\n<\/div>\n<\/div>\n<\/div>\n<\/div>\n<\/div>\n<\/div>\n<\/div>\n<\/div>\n<\/div>\n<\/div>\n<\/div>\n<\/div>\n<\/div>\n<\/div>\n<\/div>\n<\/div>\n<\/div>\n<\/div>\n<\/div>\n<\/div>\n<\/div>\n<\/div>\n<\/div>\n<\/div>\n<\/div>\n<\/div>\n<\/div>\n<\/div>\n<\/div>\n<\/div>\n<\/div>\n<\/div>\n<\/div>\n<\/div>\n<p>&nbsp;<\/p>\n<\/div>\n<\/div>\n<\/div>\n<\/div>\n<\/div>\n<\/div>\n<\/div>\n<\/div>\n<\/div>\n<\/div>\n<\/div>\n<\/div>\n<\/div>\n<\/div>\n<\/div>\n<\/div>\n<\/div>\n<\/div>\n<\/div>\n<\/div>\n<\/div>\n<\/div>\n<\/div>\n<\/div>\n<\/div>\n<\/div>\n<\/div>\n<\/div>\n<\/div>\n<\/div>\n<\/div>\n<\/div>\n<\/div>\n<\/div>\n<\/div>\n<\/div>\n<\/div>\n<\/div>\n<\/div>\n<\/div>\n<\/div>\n<\/div>\n<\/div>\n<\/div>\n<\/div>\n<\/div>\n<\/div>\n<\/div>\n<\/div>\n<\/div>\n<\/div>\n<\/div>\n<\/div>\n<\/div>\n<\/div>\n<\/div>\n<\/div>\n<\/div>\n<\/div>\n<\/div>\n<\/div>\n<\/div>\n<\/div>\n<\/div>\n<\/div>\n<\/div>\n<\/div>\n<\/div>\n<\/div>\n<\/div>\n<\/div>\n<\/div>\n<\/div>\n<\/div>\n<\/div>\n<\/div>\n<\/div>\n<\/div>\n<\/div>\n<\/div>\n<\/div>\n<\/div>\n<\/div>\n<\/div>\n<\/div>\n<\/div>\n<\/div>\n<\/div>\n<\/div>\n<\/div>\n<\/div>\n<\/div>\n<\/div>\n<\/div>\n<\/div>\n<\/div>\n<\/div>\n<\/div>\n<\/div>\n<\/div>\n<\/div>\n<\/div>\n<\/div>\n<\/div>\n<\/div>\n<\/div>\n<\/div>\n<\/div>\n<\/div>\n<\/div>\n<\/div>\n<\/div>\n<\/div>\n<\/div>\n<\/div>\n<\/div>\n<\/div>\n<\/div>\n<\/div>\n<\/div>\n<\/div>\n<\/div>\n<\/div>\n<\/div>\n<\/div>\n<\/div>\n<\/div>\n<\/div>\n<\/div>\n<\/div>\n<\/div>\n<\/div>\n<\/div>\n<\/div>\n<\/div>\n<\/div>\n<\/div>\n<\/div>\n<\/div>\n<\/div>\n<\/div>\n<\/div>\n<\/div>\n<\/div>\n<\/div>\n<\/div>\n<\/div>\n<\/div>\n<\/div>\n<\/div>\n<\/div>\n<\/div>\n<\/div>\n<\/div>\n<\/div>\n<\/div>\n<\/div>\n<\/div>\n<\/div>\n<\/div>\n<\/div>\n<\/div>\n<\/div>\n<\/div>\n<\/div>\n<\/div>\n<\/div>\n<\/div>\n<\/div>\n<\/div>\n<\/div>\n<\/div>\n<\/div>\n<\/div>\n<\/div>\n<\/div>\n<\/div>\n<\/div>\n<\/div>\n<\/div>\n<\/div>\n<\/div>\n<\/div>\n<\/div>\n<\/div>\n<\/div>\n<\/div>\n<p><center><b>Mercoledi 2<\/b><\/center><b>Tempo atteso: <\/b>Cielo irregolarmente nuvoloso specie al mattino e sulle Dolomiti dove sono attese deboli nevicate portate dal vento da Nord su Dolomiti settentrionali e maggiori schiarite su Prealpi dove il cielo risulter\u00e0 poco o al pi\u00f9 parzialmente nuvoloso al mattino e sereno nel pomeriggio. Ancora ventoso in alta quota con venti molto forti da Nord.<br \/>\n<b>Precipitazioni: <\/b>Su Dolomiti settentrionali un p\u00f2 neve burrascosa portata dal vento da Nord specie tra notte e mattino (40-60%) con accumuli scarsi al pi\u00f9 2-6 cm in quota.<br \/>\n<b>Temperature: <\/b>In generale aumento. Su Prealpi a 1500 m: min 2 max 3, a 2000 m: min -2 max 0 Dolomiti &#8211; a 2000 m: min -6 max -5, a 3000 m: min -12 max -11<br \/>\n<b>Venti: <\/b>In quota molto forti settentrionali e possibili condizioni di fhoen in alcune valli con qualche forte raffica a 20-50 km\/h a 2000 m, a 80-100 km\/h a 3000 m<\/p>\n<hr \/>\n<p><center><b>Giovedi 3<\/b><\/center><b>Tempo atteso: <\/b>Fino al primo mattino poco nuvoloso con ultimi addensamenti su dolomiti settentrionali, da met\u00e0 giornata aumento della nuvolosit\u00e0 di tipo alto con estese velature nel pomeriggio. Verso sera formazione di nubi basse sui Prealpi. Temperature in marcato aumento in quota con sensibile attenuazione del vento.<br \/>\n<b>Precipitazioni: <\/b>Fino al primo mattino possibile qualche fiocco su Dolomiti settentrionali portato dal vento da Nord, poi assenti ovunque.<br \/>\n<b>Temperature: <\/b>In aumento, su Prealpi a 1500 m: min 1 max 4, a 2000 m: min 0 max 1 Dolomiti &#8211; a 2000 m: min -4 max 1, a 3000 m: min -8 max -3<br \/>\n<b>Venti: <\/b>In valle residui locali rinforzi fino al primo mattino poi deboli variabili, in quota molto forti settentrionali fino al primo mattino poi in attenuazione fino a moderati\/tesi in alta quota, a 10-20 km\/h a 2000 m, a 40-60 km\/h a 3000 m<\/p>\n<hr \/>\n<p><center><b>Venerdi 4<\/b><\/center>Tempo stabile e soleggiato con a tratti nuvolosit\u00e0 irregolare alta (velature) Precipitazioni assenti. Temperature stazionarie o in lieve aumento. Venti in quota deboli o moderati da nordovest<\/p>\n<hr \/>\n<p><center><b>Sabato 5<\/b><\/center>Tra notte e primo mattino nuvolosit\u00e0 irregolare sia per velature che per qualche nube bassa su Prealpi, poi ampie schiarite fino a sereno ovunque da met\u00e0 giornata. Precipitazioni assenti. Venti in quota deboli o moderati da nordovest. Previsore: DDL<\/p>\n<p>&nbsp;<\/p>\n<hr \/>\n<p>&nbsp;<\/p>\n<p><a href=\"https:\/\/www.radiopiu.net\/wordpress\/giornale-radiopiu-15-settembre-2018-direttore-mirko-mezzacasa\/sport-7\/\" rel=\"attachment wp-att-60761\"><img loading=\"lazy\" decoding=\"async\" class=\"wp-image-60761 size-full aligncenter\" src=\"https:\/\/www.radiopiu.net\/wordpress\/wp-content\/uploads\/2018\/09\/sport.jpg\" alt=\"\" width=\"800\" height=\"100\" srcset=\"https:\/\/www.radiopiu.net\/wordpress\/wp-content\/uploads\/2018\/09\/sport.jpg 800w, https:\/\/www.radiopiu.net\/wordpress\/wp-content\/uploads\/2018\/09\/sport-300x38.jpg 300w, https:\/\/www.radiopiu.net\/wordpress\/wp-content\/uploads\/2018\/09\/sport-768x96.jpg 768w\" sizes=\"auto, (max-width: 800px) 100vw, 800px\" \/><\/a><\/p>\n<\/div>\n<p><strong>\u00a0 \u00a0 \u00a0 \u00a0<\/strong><\/p>\n<p>&nbsp;<\/p>\n<p><span style=\"color: #0000ff;\"><strong><a href=\"https:\/\/www.radiopiu.net\/wordpress\/giornale-radiopiu-03-settembre-2021-direttore-mirko-mezzacasa\/transpelmo-2019-4\/\" rel=\"attachment wp-att-230612\"><img loading=\"lazy\" decoding=\"async\" class=\"wp-image-230612 alignleft\" src=\"https:\/\/www.radiopiu.net\/wordpress\/wp-content\/uploads\/2021\/09\/transpelmo-2019-300x200.jpg\" alt=\"\" width=\"189\" height=\"126\" srcset=\"https:\/\/www.radiopiu.net\/wordpress\/wp-content\/uploads\/2021\/09\/transpelmo-2019-300x200.jpg 300w, https:\/\/www.radiopiu.net\/wordpress\/wp-content\/uploads\/2021\/09\/transpelmo-2019-1024x683.jpg 1024w, https:\/\/www.radiopiu.net\/wordpress\/wp-content\/uploads\/2021\/09\/transpelmo-2019-768x512.jpg 768w, https:\/\/www.radiopiu.net\/wordpress\/wp-content\/uploads\/2021\/09\/transpelmo-2019-1536x1024.jpg 1536w, https:\/\/www.radiopiu.net\/wordpress\/wp-content\/uploads\/2021\/09\/transpelmo-2019.jpg 1900w\" sizes=\"auto, (max-width: 189px) 100vw, 189px\" \/><\/a>CORSA IN MONTAGNA<\/strong><\/span><\/p>\n<blockquote>\n<h3>IL 4 FEBBRAIO AL VIA LE ISCRIZIONI ALLA TRANSPELMO<\/h3>\n<\/blockquote>\n<p><strong>VAL DI ZOLDO <\/strong>L<span class=\"s1\">a sede di partenza e arrivo che sar\u00e0 P\u00e9col e non pi\u00f9 Palafav\u00e8ra. Le iscrizioni apriranno con largo anticipo, dal 4 febbraio sul sito <a href=\"http:\/\/www.transpelmo.com\/\"><span class=\"s2\">www.transpelmo.com<\/span><\/a>. Il n<\/span><span class=\"s1\">umero massimo di iscritti \u00e8 di 900.<\/span><\/p>\n<p>&nbsp;<\/p>\n<p>&nbsp;<\/p>\n<p>&nbsp;<\/p>\n<hr \/>\n<p>&nbsp;<\/p>\n<p><span style=\"color: #0000ff;\"><strong>NUOTO<\/strong><\/span><\/p>\n<blockquote>\n<h3>NUOTO PARALIMPICO, LA SQUADRA SI ALLARGA: DEBUTTA NICOL\u00d2 GUIDO PIERNI<\/h3>\n<\/blockquote>\n<p><strong><a href=\"https:\/\/www.radiopiu.net\/wordpress\/giornale-radiopiu-02-febbraio-2022-direttore-mirko-mezzacasa\/sportivamente_bl_a_mestre\/\" rel=\"attachment wp-att-257307\"><img loading=\"lazy\" decoding=\"async\" class=\"size-medium wp-image-257307 alignleft\" src=\"https:\/\/www.radiopiu.net\/wordpress\/wp-content\/uploads\/2022\/02\/Sportivamente_BL_a_Mestre-300x225.jpg\" alt=\"\" width=\"300\" height=\"225\" srcset=\"https:\/\/www.radiopiu.net\/wordpress\/wp-content\/uploads\/2022\/02\/Sportivamente_BL_a_Mestre-300x225.jpg 300w, https:\/\/www.radiopiu.net\/wordpress\/wp-content\/uploads\/2022\/02\/Sportivamente_BL_a_Mestre-1024x768.jpg 1024w, https:\/\/www.radiopiu.net\/wordpress\/wp-content\/uploads\/2022\/02\/Sportivamente_BL_a_Mestre-768x576.jpg 768w, https:\/\/www.radiopiu.net\/wordpress\/wp-content\/uploads\/2022\/02\/Sportivamente_BL_a_Mestre-1536x1152.jpg 1536w, https:\/\/www.radiopiu.net\/wordpress\/wp-content\/uploads\/2022\/02\/Sportivamente_BL_a_Mestre.jpg 1600w\" sizes=\"auto, (max-width: 300px) 100vw, 300px\" \/><\/a>BELLUNO <\/strong>Un nuovo tesserato per la Sportivamente Belluno: \u00e8 Nicol\u00f2 Guido Pierni, che va ad arricchire la squadra paralimpica di nuoto. Il suo esordio \u00e8 gi\u00e0 avvenuto domenica scorsa, in occasione del Trofeo Terraglio Finp, a Mestre, dove \u00e8 andata in scena una manifestazione di altissimo profilo, promossa dalla locale Polisportiva. Basti pensare che, ai blocchi di partenza, c\u2019era un quintetto che ha preso parte ai Giochi di Tokyo 2020: quello composto da Antonio Fantin, Luigi Beggiato, Simone Ciulli, Misha Palazzo e Xenia Palazzo. E in tribuna, a osservare le varie gare, non \u00e8 mancato lo staff tecnico della Nazionale azzurra. In questo contesto, la Sportivamente Belluno ha avuto un ruolo di rilievo e si \u00e8 presentata con un poker di atleti: Eleonora Dal Paos, Daniela Belletti, Enrico Giacomin e, appunto, l\u2019ultimo tesserato in ordine di tempo. \u00abIl Trofeo Terraglio ha rappresentato un\u2019occasione importante &#8211; afferma il tecnico della squadra bellunese, Silvia Casagrande &#8211; perch\u00e9 ci ha permesso di classificare un nuovo atleta. Sono contenta per Nicol\u00f2, come per tutti gli altri ragazzi che confermano i progressi in acqua e interpretano ogni gara con il massimo dell\u2019impegno\u00bb. Impegno che \u00e8 rispecchiato pure dai risultati e da una classifica brillante, visto che la Sportivamente Belluno si \u00e8 piazzata all\u2019ottavo posto: sedici, invece, erano le societ\u00e0 al via e provenienti da buona parte dell\u2019Italia. Entrando nel dettaglio, Enrico Giacomin ha interpretato i 100 e 400 stile (rispettivamente in 1\u201923\u201d59 e 6\u201926\u201d88); Nicol\u00f2 Guido Pierni si \u00e8 cimentato nei 400 stile (7\u201951\u201d44) e 100 rana (1\u201958\u201d21); Eleonora Dal Paos nei 100 stile (3\u201906\u201d86) e 50 dorso (chiusi col miglior tempo: 1\u201914\u201d16). E Daniela Belletti nei 50 stile (2\u201931\u201d53) e 50 dorso (1\u201952\u201d15). Il prossimo impegno, invece, \u00e8 in calendario domenica 20 febbraio.<\/p>\n<p>&nbsp;<\/p>\n<\/div>\n<\/div>\n<\/div>\n<\/div>\n<\/div>\n<\/div>\n<\/div>\n<\/div>\n<\/div>\n<\/div>\n<\/div>\n<\/div>\n<\/div>\n<\/div>\n<\/div>\n<\/div>\n<\/div>\n<\/div>\n<\/div>\n<\/div>\n<\/div>\n<\/div>\n<\/div>\n<\/div>\n<\/div>\n<\/div>\n<\/div>\n<\/div>\n<\/div>\n<\/div>\n","protected":false},"excerpt":{"rendered":"<p>L&#8217;ULTIMO AFFETTUOSO SALUTO AD ALBERTO DE VILLA GOBBO\u00a0 \u00a0Il 51 enne operaio di Luxottica \u00e8 morto gioved\u00ec 27 gennaio falciato da un&#8217;automobile mentre in bicicletta si accingeva a raggiungere la fabbrica per iniziare il turno pomeridiano Amedeo Franceschini \u00abHai sempre amato la corsa Alberto,\u00a0 che rappresenta la gioia di vivere e tu la vivevi con&hellip;<\/p>\n","protected":false},"author":4,"featured_media":257423,"comment_status":"closed","ping_status":"closed","sticky":false,"template":"","format":"standard","meta":{"_monsterinsights_skip_tracking":false,"_monsterinsights_sitenote_active":false,"_monsterinsights_sitenote_note":"","_monsterinsights_sitenote_category":0,"footnotes":""},"categories":[104,86,49],"tags":[],"class_list":["post-257215","post","type-post","status-publish","format-standard","has-post-thumbnail","hentry","category-evidenza_3","category-gr","category-news-18","category-104","category-86","category-49","description-off"],"img_url":"https:\/\/www.radiopiu.net\/wordpress\/wp-content\/uploads\/2022\/02\/a305e6f1-e901-484d-a11d-a38f9f38b0f5.jpg","_links":{"self":[{"href":"https:\/\/www.radiopiu.net\/wordpress\/wp-json\/wp\/v2\/posts\/257215","targetHints":{"allow":["GET"]}}],"collection":[{"href":"https:\/\/www.radiopiu.net\/wordpress\/wp-json\/wp\/v2\/posts"}],"about":[{"href":"https:\/\/www.radiopiu.net\/wordpress\/wp-json\/wp\/v2\/types\/post"}],"author":[{"embeddable":true,"href":"https:\/\/www.radiopiu.net\/wordpress\/wp-json\/wp\/v2\/users\/4"}],"replies":[{"embeddable":true,"href":"https:\/\/www.radiopiu.net\/wordpress\/wp-json\/wp\/v2\/comments?post=257215"}],"version-history":[{"count":0,"href":"https:\/\/www.radiopiu.net\/wordpress\/wp-json\/wp\/v2\/posts\/257215\/revisions"}],"wp:featuredmedia":[{"embeddable":true,"href":"https:\/\/www.radiopiu.net\/wordpress\/wp-json\/wp\/v2\/media\/257423"}],"wp:attachment":[{"href":"https:\/\/www.radiopiu.net\/wordpress\/wp-json\/wp\/v2\/media?parent=257215"}],"wp:term":[{"taxonomy":"category","embeddable":true,"href":"https:\/\/www.radiopiu.net\/wordpress\/wp-json\/wp\/v2\/categories?post=257215"},{"taxonomy":"post_tag","embeddable":true,"href":"https:\/\/www.radiopiu.net\/wordpress\/wp-json\/wp\/v2\/tags?post=257215"}],"curies":[{"name":"wp","href":"https:\/\/api.w.org\/{rel}","templated":true}]}}