{"id":257243,"date":"2022-02-01T06:13:16","date_gmt":"2022-02-01T05:13:16","guid":{"rendered":"https:\/\/www.radiopiu.net\/wordpress\/?p=257243"},"modified":"2022-02-01T12:36:56","modified_gmt":"2022-02-01T11:36:56","slug":"cristian-orti-trovato-morto-nella-sua-abitazione","status":"publish","type":"post","link":"https:\/\/www.radiopiu.net\/wordpress\/cristian-orti-trovato-morto-nella-sua-abitazione\/","title":{"rendered":"CRISTIAN ORTI TROVATO MORTO NELLA SUA ABITAZIONE\u00a0\u00a0"},"content":{"rendered":"<p><strong><a href=\"https:\/\/www.radiopiu.net\/wordpress\/giornale-radiopiu-01-febbraio-2022-direttore-mirko-mezzacasa\/825988de-8eca-4edf-97e9-1a7b922b591e\/\" rel=\"attachment wp-att-257242\"><img loading=\"lazy\" decoding=\"async\" class=\" wp-image-257242 alignleft\" src=\"https:\/\/www.radiopiu.net\/wordpress\/wp-content\/uploads\/2022\/02\/825988de-8eca-4edf-97e9-1a7b922b591e-300x169.jpg\" alt=\"\" width=\"178\" height=\"100\" srcset=\"https:\/\/www.radiopiu.net\/wordpress\/wp-content\/uploads\/2022\/02\/825988de-8eca-4edf-97e9-1a7b922b591e-300x169.jpg 300w, https:\/\/www.radiopiu.net\/wordpress\/wp-content\/uploads\/2022\/02\/825988de-8eca-4edf-97e9-1a7b922b591e-1024x576.jpg 1024w, https:\/\/www.radiopiu.net\/wordpress\/wp-content\/uploads\/2022\/02\/825988de-8eca-4edf-97e9-1a7b922b591e-768x432.jpg 768w, https:\/\/www.radiopiu.net\/wordpress\/wp-content\/uploads\/2022\/02\/825988de-8eca-4edf-97e9-1a7b922b591e-1536x864.jpg 1536w, https:\/\/www.radiopiu.net\/wordpress\/wp-content\/uploads\/2022\/02\/825988de-8eca-4edf-97e9-1a7b922b591e.jpg 1920w\" sizes=\"auto, (max-width: 178px) 100vw, 178px\" \/><\/a>SEREN DEL GRAPPA<\/strong> E&#8217; stato ritrovato privo di vita ieri mattina nella sua casa di Rasai. Cristian Orti aveva 47 anni e lavorava da tanto tempo in uno dei magazzini della Clivet a Villapaiera come mulettista. E a piangerlo \u00e8 anche la Protezione civile, era uno dei volontari attivi. Alla Clivet, i colleghi lo ricordano come una persona sempre incline al sorriso con la passione per le macchine d&#8217;epoca.\u00a0 Loris Scopel, ex sindaco di Seren del Grappa, affida il suo commosso pensiero ai social.<em> \u00abChristian Orti di Rasai hai posato lo zaino a terra, troppo in fretta e a soli 47 anni. La tua vita terrena \u00e8 stata costellata da tante vicissitudini e ti ha riservato tante difficolt\u00e0. Forse ti dovevamo essere pi\u00f9 vicini, ma desideravi essere autonomo. Eri un buono, sempre sorridente e positivo. Sei stato, da sempre, una colonna della Protezione civile locale e sezionale. Giorno e notte, quando ti avvisavano eri sempre pronto sia nel territorio comunale, che feltrino e in tante calamit\u00e0 nazionali. Eri orgoglioso di essere un volontario attivo. Sei stato anche premiato per la partecipazione al disastro conseguente al terremoto dell&#8217;Emilia di qualche anno fa. Ti piaceva essere in prima linea e pronto a dare una mano a chi aveva bisogno\u00bb<\/em>.<\/p>\n<p>&nbsp;<\/p>\n<p>***<\/p>\n","protected":false},"excerpt":{"rendered":"<p>SEREN DEL GRAPPA E&#8217; stato ritrovato privo di vita ieri mattina nella sua casa di Rasai. Cristian Orti aveva 47 anni e lavorava da tanto tempo in uno dei magazzini della Clivet a Villapaiera come mulettista. E a piangerlo \u00e8 anche la Protezione civile, era uno dei volontari attivi. Alla Clivet, i colleghi lo ricordano&hellip;<\/p>\n","protected":false},"author":4,"featured_media":257242,"comment_status":"closed","ping_status":"closed","sticky":false,"template":"","format":"standard","meta":{"_monsterinsights_skip_tracking":false,"_monsterinsights_sitenote_active":false,"_monsterinsights_sitenote_note":"","_monsterinsights_sitenote_category":0,"footnotes":""},"categories":[51,49],"tags":[],"class_list":["post-257243","post","type-post","status-publish","format-standard","has-post-thumbnail","hentry","category-evidenza-top","category-news-18","category-51","category-49","description-off"],"img_url":"https:\/\/www.radiopiu.net\/wordpress\/wp-content\/uploads\/2022\/02\/825988de-8eca-4edf-97e9-1a7b922b591e.jpg","_links":{"self":[{"href":"https:\/\/www.radiopiu.net\/wordpress\/wp-json\/wp\/v2\/posts\/257243","targetHints":{"allow":["GET"]}}],"collection":[{"href":"https:\/\/www.radiopiu.net\/wordpress\/wp-json\/wp\/v2\/posts"}],"about":[{"href":"https:\/\/www.radiopiu.net\/wordpress\/wp-json\/wp\/v2\/types\/post"}],"author":[{"embeddable":true,"href":"https:\/\/www.radiopiu.net\/wordpress\/wp-json\/wp\/v2\/users\/4"}],"replies":[{"embeddable":true,"href":"https:\/\/www.radiopiu.net\/wordpress\/wp-json\/wp\/v2\/comments?post=257243"}],"version-history":[{"count":0,"href":"https:\/\/www.radiopiu.net\/wordpress\/wp-json\/wp\/v2\/posts\/257243\/revisions"}],"wp:featuredmedia":[{"embeddable":true,"href":"https:\/\/www.radiopiu.net\/wordpress\/wp-json\/wp\/v2\/media\/257242"}],"wp:attachment":[{"href":"https:\/\/www.radiopiu.net\/wordpress\/wp-json\/wp\/v2\/media?parent=257243"}],"wp:term":[{"taxonomy":"category","embeddable":true,"href":"https:\/\/www.radiopiu.net\/wordpress\/wp-json\/wp\/v2\/categories?post=257243"},{"taxonomy":"post_tag","embeddable":true,"href":"https:\/\/www.radiopiu.net\/wordpress\/wp-json\/wp\/v2\/tags?post=257243"}],"curies":[{"name":"wp","href":"https:\/\/api.w.org\/{rel}","templated":true}]}}