{"id":257287,"date":"2022-02-01T10:48:45","date_gmt":"2022-02-01T09:48:45","guid":{"rendered":"https:\/\/www.radiopiu.net\/wordpress\/?p=257287"},"modified":"2022-02-02T05:30:38","modified_gmt":"2022-02-02T04:30:38","slug":"la-foto-di-claudio-pra-del-falcetto-di-venere-sulla-rivista-coelum-astronomia","status":"publish","type":"post","link":"https:\/\/www.radiopiu.net\/wordpress\/la-foto-di-claudio-pra-del-falcetto-di-venere-sulla-rivista-coelum-astronomia\/","title":{"rendered":"LA FOTO DI CLAUDIO PRA DEL FALCETTO DI VENERE SULLA RIVISTA COELUM ASTRONOMIA"},"content":{"rendered":"<p><strong><a href=\"https:\/\/www.radiopiu.net\/wordpress\/la-foto-di-claudio-pra-del-falcetto-di-venere-sulla-rivista-coelum-astronomia\/a92457b1-2934-4389-a161-d63804c30808\/\" rel=\"attachment wp-att-257288\"><img loading=\"lazy\" decoding=\"async\" class=\"size-medium wp-image-257288 alignleft\" src=\"https:\/\/www.radiopiu.net\/wordpress\/wp-content\/uploads\/2022\/02\/a92457b1-2934-4389-a161-d63804c30808-300x260.jpg\" alt=\"\" width=\"300\" height=\"260\" srcset=\"https:\/\/www.radiopiu.net\/wordpress\/wp-content\/uploads\/2022\/02\/a92457b1-2934-4389-a161-d63804c30808-300x260.jpg 300w, https:\/\/www.radiopiu.net\/wordpress\/wp-content\/uploads\/2022\/02\/a92457b1-2934-4389-a161-d63804c30808-768x665.jpg 768w, https:\/\/www.radiopiu.net\/wordpress\/wp-content\/uploads\/2022\/02\/a92457b1-2934-4389-a161-d63804c30808.jpg 989w\" sizes=\"auto, (max-width: 300px) 100vw, 300px\" \/><\/a> <\/strong><\/p>\n<p><strong>\u00a0<\/strong><\/p>\n<p><strong>\u00a0<\/strong><\/p>\n<p><strong>REDAZIONE <\/strong>La foto di Venere a forma di falcetto, in &#8220;volo&#8221; sulle montagne Agordine (gi\u00e0 proposta sulle news di Radio Pi\u00f9), \u00e8 stata pubblicata sul sito della rivista Coelum Astronomia, insieme ad un articolo dell&#8217;autore Claudio Pra che illustra le modalit\u00e0 del particolare scatto. Per leggere l&#8217;articolo <a href=\"https:\/\/www.coelum.com\/news\/tra-sogno-e-realta-falcetto-di-venere\">CLICCA QUI<\/a><\/p>\n<p>&nbsp;<\/p>\n<p>&nbsp;<\/p>\n<p>&nbsp;<\/p>\n<p>&nbsp;<\/p>\n<p>&nbsp;<\/p>\n<p>&nbsp;<\/p>\n<p>&nbsp;<\/p>\n<p>******<\/p>\n","protected":false},"excerpt":{"rendered":"<p>\u00a0 \u00a0 REDAZIONE La foto di Venere a forma di falcetto, in &#8220;volo&#8221; sulle montagne Agordine (gi\u00e0 proposta sulle news di Radio Pi\u00f9), \u00e8 stata pubblicata sul sito della rivista Coelum Astronomia, insieme ad un articolo dell&#8217;autore Claudio Pra che illustra le modalit\u00e0 del particolare scatto. Per leggere l&#8217;articolo CLICCA QUI &nbsp; &nbsp; &nbsp; &nbsp;&hellip;<\/p>\n","protected":false},"author":4,"featured_media":257288,"comment_status":"closed","ping_status":"closed","sticky":false,"template":"","format":"standard","meta":{"_monsterinsights_skip_tracking":false,"_monsterinsights_sitenote_active":false,"_monsterinsights_sitenote_note":"","_monsterinsights_sitenote_category":0,"footnotes":""},"categories":[104,49],"tags":[],"class_list":["post-257287","post","type-post","status-publish","format-standard","has-post-thumbnail","hentry","category-evidenza_3","category-news-18","category-104","category-49","description-off"],"img_url":"https:\/\/www.radiopiu.net\/wordpress\/wp-content\/uploads\/2022\/02\/a92457b1-2934-4389-a161-d63804c30808.jpg","_links":{"self":[{"href":"https:\/\/www.radiopiu.net\/wordpress\/wp-json\/wp\/v2\/posts\/257287","targetHints":{"allow":["GET"]}}],"collection":[{"href":"https:\/\/www.radiopiu.net\/wordpress\/wp-json\/wp\/v2\/posts"}],"about":[{"href":"https:\/\/www.radiopiu.net\/wordpress\/wp-json\/wp\/v2\/types\/post"}],"author":[{"embeddable":true,"href":"https:\/\/www.radiopiu.net\/wordpress\/wp-json\/wp\/v2\/users\/4"}],"replies":[{"embeddable":true,"href":"https:\/\/www.radiopiu.net\/wordpress\/wp-json\/wp\/v2\/comments?post=257287"}],"version-history":[{"count":0,"href":"https:\/\/www.radiopiu.net\/wordpress\/wp-json\/wp\/v2\/posts\/257287\/revisions"}],"wp:featuredmedia":[{"embeddable":true,"href":"https:\/\/www.radiopiu.net\/wordpress\/wp-json\/wp\/v2\/media\/257288"}],"wp:attachment":[{"href":"https:\/\/www.radiopiu.net\/wordpress\/wp-json\/wp\/v2\/media?parent=257287"}],"wp:term":[{"taxonomy":"category","embeddable":true,"href":"https:\/\/www.radiopiu.net\/wordpress\/wp-json\/wp\/v2\/categories?post=257287"},{"taxonomy":"post_tag","embeddable":true,"href":"https:\/\/www.radiopiu.net\/wordpress\/wp-json\/wp\/v2\/tags?post=257287"}],"curies":[{"name":"wp","href":"https:\/\/api.w.org\/{rel}","templated":true}]}}