{"id":257343,"date":"2022-02-01T23:59:53","date_gmt":"2022-02-01T22:59:53","guid":{"rendered":"https:\/\/www.radiopiu.net\/wordpress\/?p=257343"},"modified":"2022-02-01T15:10:26","modified_gmt":"2022-02-01T14:10:26","slug":"feltre-e-arson-castelli-la-cinta-muraria-le-torri-e-le-porte-imperiale-oria-pusterla","status":"publish","type":"post","link":"https:\/\/www.radiopiu.net\/wordpress\/feltre-e-arson-castelli-la-cinta-muraria-le-torri-e-le-porte-imperiale-oria-pusterla\/","title":{"rendered":"FELTRE (E ARSON): CASTELLI, LA CINTA MURARIA LE TORRI, E LE PORTE IMPERIALE, ORIA, PUSTERLA"},"content":{"rendered":"<p><strong>di RENATO BONA<\/strong><\/p>\n<p>Feltre \u00e8 la penultima tappa del nostro \u201cviaggio\u201d, propiziato dall\u2019iniziativa del sito \u201cmondimedievali.net\u201d di catalogare castelli, fortezze, rocche, torri, borghi, edifici fortificati e \u201cpalazzi del potere\u201d, iniziativa culturale e didattica curata dal prof. Raffaele Licinio, ordinario di storia medievale nella facolt\u00e0 di lettere dell\u2019Universit\u00e0 di Bari (editore e webmaster Gianluca Lovreglio). Partiamo dalla frazione Arson alla volta del Castello di Lusa, antica dimora feudale appartenente ad un sistema difensivo dei Vescovi di Feltre e Belluno. L&#8217;edificio &#8211; si legge nel sito: <span role=\"gridcell\"><a class=\"oajrlxb2 g5ia77u1 qu0x051f esr5mh6w e9989ue4 r7d6kgcz rq0escxv nhd2j8a9 nc684nl6 p7hjln8o kvgmc6g5 cxmmr5t8 oygrvhab hcukyx3x jb3vyjys rz4wbd8a qt6c0cv9 a8nywdso i1ao9s8h f1sip0of lzcic4wl gmql0nx0 gpro0wi8 oo483o9r\" tabindex=\"-1\" role=\"link\" href=\"http:\/\/www.castellodilusa.it\/lastoria.htm?fbclid=IwAR2-TlG5WxVKhiYuYn5QaZCCLKO_QWg1MHB7kVaayGb7LJDzWuYmv2fzdVg\" target=\"_blank\" rel=\"nofollow noopener\">http:\/\/www.castellodilusa.it\/lastoria.htm <\/a><\/span>&#8211; sorge sul posto di un precedente castelliere del tardo periodo del bronzo. Molti avvenimenti costellarono la vita di questo presidio fortificato, infeudato anticamente alla famiglia Lusa: assedi, avvicendamenti di propriet\u00e0 ed eventi sismici particolarmente distruttivi\u201d. Al 1116 risale un diploma imperiale di Federico Barbarossa, che sancisce la restituzione del Castello di Lusa al principe Vescovo Ottone di Belluno. Con la dedizione bellunese alla Serenissima, tra il 1404 e il 1420, il territorio sub\u00ec una sostanziale modifica degli assetti economici e politici e con un editto Venezia decretava la demolizione di tutti i castelli appartenenti all\u2019area che le si era assoggettata. Poterono \u201csalvarsi\u201d le sole fortificazioni di valore strategico e militare. Verso la fine del XV secolo i nobili Villalta subentrarono ai Lusa nel possesso del Castello. A loro si devono, attorno al 1538, sostanziali modifiche architettoniche dell\u2019edificio medioevale. L\u2019altro restauro (1970- 1995) \u201cha inteso rendere dignit\u00e0 al complesso residenziale cercando di evidenziare le molteplici valenze in esso contenute\u201d. Ed eccoci in citt\u00e0 per il Castello di Alboino, torre del Campanon, con il sito: <span role=\"gridcell\"><a class=\"oajrlxb2 g5ia77u1 qu0x051f esr5mh6w e9989ue4 r7d6kgcz rq0escxv nhd2j8a9 nc684nl6 p7hjln8o kvgmc6g5 cxmmr5t8 oygrvhab hcukyx3x jb3vyjys rz4wbd8a qt6c0cv9 a8nywdso i1ao9s8h f1sip0of lzcic4wl gmql0nx0 gpro0wi8 oo483o9r\" tabindex=\"-1\" role=\"link\" href=\"http:\/\/carioca40.altervista.org.a\/?fbclid=IwAR3r1V_j99TdtjVv3IYl45b6Ec9115MzCuvFggYVSTtalDlGJOHtIOb3AO8\" target=\"_blank\" rel=\"nofollow noopener\">http:\/\/carioca40.altervista.org.a <\/a><\/span>ricordare che secondo la leggenda \u201cFeltre romana fu fortificata da Teodorico, distrutta dai Longobardi, ma poi ricostruita da Alboino\u2026 il Castello fu edificato nel 570, ma le prime testimonianze storiche risalgono solo al X-XI secolo. Nel corso dei secoli c&#8217;\u00e8 stato un continuo lavoro per aumentare l&#8217;efficacia delle opere di difesa. Il Castello vero e proprio e la Torre del Campanon si trovano in un&#8217;area rettangolare, che era cinta da mura, con quattro torri angolari: quella pi\u00f9 a nord, in corrispondenza della Torre dell&#8217;Orologio, era detta Torre delle Polveri e di essa vi \u00e8 ancora un basamento. Il Campanon veniva utilizzato per annunciare, con il suono delle sue campane, l\u2019inizio delle esecuzioni capitali e per comunicare, attraverso segnali di fuoco, con il Santuario dei Santi Vittore e Corona e con il Col Marcellon; qui inoltre si rifugiavano gli abitanti in caso di attacco. L&#8217;attuale campana della Torre \u00e8 stata fabbricata a Bormio e installata nel 1664 nella attuale sede. E&#8217; stata simbolo militare e annunciatrice delle adunanze pubbliche della cittadinanza; fino al 1970 era suonata per annunciare il consiglio comunale, usanza questa tornata in uso in questi ultimi anni. Tocca ora alla Cinta muraria, Percorso della Sentinella, Torre delle Rondinelle. Dal sito: <span role=\"gridcell\"><a class=\"oajrlxb2 g5ia77u1 qu0x051f esr5mh6w e9989ue4 r7d6kgcz rq0escxv nhd2j8a9 nc684nl6 p7hjln8o kvgmc6g5 cxmmr5t8 oygrvhab hcukyx3x jb3vyjys rz4wbd8a qt6c0cv9 a8nywdso i1ao9s8h f1sip0of lzcic4wl gmql0nx0 gpro0wi8 oo483o9r\" tabindex=\"-1\" role=\"link\" href=\"https:\/\/l.facebook.com\/l.php?u=http%3A%2F%2Fwww.fenicefeltre.it%2F%3Ffbclid%3DIwAR2caSgwr7i2oov6rjUig5iuIsNLNMFyXpppwkQ84LEjqUWMVo3uxbn87gw&amp;h=AT1wHPfZ-6nNH7V3krPQryMz9AoxqRwZcbMecoTxS_mu6BgNr8YzCOCZ19PDe9Icv9CwGBohat9m79WFQI3fXGZruUJz-z3JrHT5vtmzd-Na-IFrxpk_hhdOHqLMpF8bDbnZWA\" target=\"_blank\" rel=\"nofollow noopener\">http:\/\/www.fenicefeltre.it <\/a><\/span>. si apprende che \u201cLa Cinta muraria protegge il Colle delle Capre fin dal 1480, anno in cui l\u2019ingegnere Dionisio da Viterbo la fa edificare per resistere alle armi da fuoco. La precedente struttura difensiva risale al 1200; ne testimonia l\u2019esistenza la Torre delle Rondinelle\u2026 Quello che oggi viene chiamato &#8220;percorso della sentinella&#8221; \u00e8 un relitto di spazio pubblico, posto sulla sommit\u00e0 delle mura rinascimentali. Il tratto terminale del percorso che si completava in porta Pusterla e nelle scalette vecchie \u00e8 stato interrotto, agli inizi del &#8216;900, da frazionamenti dei terreni pubblici e cessioni di propriet\u00e0 a privati.. Siamo cos\u00ec giunti a Porta Imperiale che, per dirla col sito: <span role=\"gridcell\"><a class=\"oajrlxb2 g5ia77u1 qu0x051f esr5mh6w e9989ue4 r7d6kgcz rq0escxv nhd2j8a9 nc684nl6 p7hjln8o kvgmc6g5 cxmmr5t8 oygrvhab hcukyx3x jb3vyjys rz4wbd8a qt6c0cv9 a8nywdso i1ao9s8h f1sip0of lzcic4wl gmql0nx0 gpro0wi8 oo483o9r\" tabindex=\"-1\" role=\"link\" href=\"http:\/\/musei.comune.feltre.bl.it\/?fbclid=IwAR3oz1TSp1sTyw7P21ZFO6hkycF6YrIwMNrvMQOtzZHrbNVVswjo_RtD2JU\" target=\"_blank\" rel=\"nofollow noopener\">http:\/\/musei.comune.feltre.bl.it<\/a>\u00a0<\/span>. \u00e8: \u201cAccesso principale alla citt\u00e0, anticamente chiamata porta Cormeda, assunse il nome odierno perch\u00e9 si dice che di l\u00ec transitarono gli imperatori Federico II e Carlo IV in visita al vescovo conte. Dal 1876 si chiama anche porta Castaldi per ricordare Panfilo Castaldi, uno dei primi stampatori italiani, vanto di Feltre. Edificata nel 1489, secondo il disegno di Dionigi da Viterbo, deve il suo aspetto attuale al restauro del 1545, quando fu rivestita di un\u2019elegante decorazione scultorea e pittorica di stile classicheggiante, che la priv\u00f2 di qualsiasi contenuto di difesa. Fino al tardo Ottocento era affiancata dal merlato torrione semicircolare delle mura rinascimentali, che, abbattuto nel 1873, fu poi sostituito dalle Scalette Nuove. Qui si innesta il panoramico Percorso della Sentinella\u201d. Ed ora Porta Oria, della quale il sito: <span role=\"gridcell\"><a class=\"oajrlxb2 g5ia77u1 qu0x051f esr5mh6w e9989ue4 r7d6kgcz rq0escxv nhd2j8a9 nc684nl6 p7hjln8o kvgmc6g5 cxmmr5t8 oygrvhab hcukyx3x jb3vyjys rz4wbd8a qt6c0cv9 a8nywdso i1ao9s8h f1sip0of lzcic4wl gmql0nx0 gpro0wi8 oo483o9r\" tabindex=\"-1\" role=\"link\" href=\"http:\/\/palazzi.comune.feltre.bl.it\/?fbclid=IwAR3r1V_j99TdtjVv3IYl45b6Ec9115MzCuvFggYVSTtalDlGJOHtIOb3AO8\" target=\"_blank\" rel=\"nofollow noopener\">http:\/\/palazzi.comune.feltre.bl.it <\/a><\/span>. scrive che: \u201cChi sale in Cittadella da est per dirigersi poi lungo via Luzzo, verso piazza Maggiore, passa attraverso la poderosa struttura difensiva di porta Oria, anticamente detta porta Aurea, perch\u00e9 era rivolta a prendere i raggi del sole nascente, era l\u2019accesso alla citt\u00e0 preferito dalle autorit\u00e0 veneziane durante i loro spostamenti da Venezia a Feltre e viceversa. L\u2019imponente costruzione, che nemmeno Massimiliano d\u2019Asburgo nel suo assedio di Feltre del 1510 riusc\u00ec a danneggiare, presenta ancora oggi tre archi acuti, le scanalature in pietra della saracinesca, le feritoie, i massicci portoni in legno originali e i merli tipicamente medioevali. Il sistema difensivo della porta era completato dalla torre della Rosa e dal ponte levatoio che cavalcava il fossato antistante. L\u2019aspetto attuale risale al 1502, quando fu modificato il fronte esterno. Ed ecco Porta Pusterla di cui il sito: <span role=\"gridcell\"><a class=\"oajrlxb2 g5ia77u1 qu0x051f esr5mh6w e9989ue4 r7d6kgcz rq0escxv nhd2j8a9 nc684nl6 p7hjln8o kvgmc6g5 cxmmr5t8 oygrvhab hcukyx3x jb3vyjys rz4wbd8a qt6c0cv9 a8nywdso i1ao9s8h f1sip0of lzcic4wl gmql0nx0 gpro0wi8 oo483o9r\" tabindex=\"-1\" role=\"link\" href=\"http:\/\/musei.comune.feltre.bl.it\/?fbclid=IwAR0vxogt_RaZScytEoLs2O1iuyoVDGr-o9xOhw5Oytaqtv6LPmio5678BNM\" target=\"_blank\" rel=\"nofollow noopener\">http:\/\/musei.comune.feltre.bl.it <\/a><\/span>puntualizza che \u00e8 \u201cSituata a sud della citt\u00e0, ne costituisce l\u2019antico accesso pedonale. Ultimata nel 1494, era munita a destra di un secondo bastione merlato semicircolare, demolito alla fine del Settecento. La facciata risulta divisa in due parti dalla fascia del toro: quella inferiore \u00e8 ingentilita dall\u2019affresco, sopra l\u2019arco d\u2019ingresso, raffigurante \u201cLa giustizia\u201d; quella superiore presenta una fascia orizzontale con lapidi, stemmi e raffigurazioni appena leggibili. La porta tardo quattrocentesca riprende il nome di quella precedente, ubicata nella cinta muraria pi\u00f9 antica, infatti il termine \u201cposterla\u201d indica la porticina segreta che permetteva una rapida sortita dalla cittadella. Antica porta-torre, munita di feritoie nella parte interna e di caditoi sul fronte esterno, rappresentava probabilmente parte di un passaggio fortificato, che collegava il castello vescovile, situato nell\u2019area del Duomo, con la citt\u00e0 alta. Di questo percorso oggi sopravvive il suggestivo camminamento coperto delle Scalette Vecchie: quattro rampe di scalini che salgono al centro storico\u201d. Concludiamo con la Torre dell\u2019Orologio di cui il sito: <span role=\"gridcell\"><a class=\"oajrlxb2 g5ia77u1 qu0x051f esr5mh6w e9989ue4 r7d6kgcz rq0escxv nhd2j8a9 nc684nl6 p7hjln8o kvgmc6g5 cxmmr5t8 oygrvhab hcukyx3x jb3vyjys rz4wbd8a qt6c0cv9 a8nywdso i1ao9s8h f1sip0of lzcic4wl gmql0nx0 gpro0wi8 oo483o9r\" tabindex=\"-1\" role=\"link\" href=\"http:\/\/carioca40.altervista.org\/?fbclid=IwAR1CUlW5mj0zPS6K6MPd7mUfoT3oj-mphWPKZKzP63QKQtyhiTON08Kt5Ng\" target=\"_blank\" rel=\"nofollow noopener\">http:\/\/carioca40.altervista.org <\/a><\/span>ricorda che la Torre \u201crisale forse al &#8216;300, come sembra risultare da un&#8217;iscrizione nello scudo in pietra esterno. Probabilmente aveva la funzione di porta-rivellino del Castello, con ponte levatoio esterno ed un passaggio coperto interno sopra la strada di accesso al mastio. In seguito allo spostamento della strada pi\u00f9 a sud la Torre dell&#8217;Orologio perse la sua funzione di porta. Nel lato della Torre verso ovest sono ancora visibili tracce murarie dell&#8217;arco d&#8217;ingresso, che sub\u00ec delle trasformazioni in epoca veneziana. A ovest sorge una loggetta e l&#8217;alloggio dei Rettori, affrescati esternamente e sopraelevati nel &#8216;500. NELLE FOTO: due immagini ciascuno per: il Castello di Lusa ad Arson; Feltre: il Castello di Alboino Torre del Campanon; la Cinta muraria; Porta Imperiale, Porta Oria; Porta Pusterla; Torre dell\u2019Orologio.<\/p>\n\n\t\t\t<style type='text\/css'>\n\t\t\t\t#gallery-1 {\n\t\t\t\t\tmargin: auto;\n\t\t\t\t}\n\t\t\t\t#gallery-1 .gallery-item {\n\t\t\t\t\tfloat: left;\n\t\t\t\t\tmargin-top: 10px;\n\t\t\t\t\ttext-align: center;\n\t\t\t\t\twidth: 14%;\n\t\t\t\t}\n\t\t\t\t#gallery-1 img {\n\t\t\t\t\tborder: 2px solid #cfcfcf;\n\t\t\t\t}\n\t\t\t\t#gallery-1 .gallery-caption {\n\t\t\t\t\tmargin-left: 0;\n\t\t\t\t}\n\t\t\t\t\/* see gallery_shortcode() in wp-includes\/media.php *\/\n\t\t\t<\/style>\n\t\t<div id='gallery-1' class='dt-gallery-container gallery galleryid-257343 gallery-columns-7 gallery-size-thumbnail'><dl class='gallery-item'>\n\t\t\t\t<dt class='gallery-icon portrait'>\n\t\t\t\t\t<a class=\"rollover rollover-zoom dt-pswp-item\" title=\"257873684_889585088399458_8236310042334417163_n\" data-dt-img-description=\"\" data-large_image_width=\"152\" data-large_image_height=\"206\"href='https:\/\/www.radiopiu.net\/wordpress\/wp-content\/uploads\/2022\/02\/257873684_889585088399458_8236310042334417163_n.jpg'><img loading=\"lazy\" decoding=\"async\" width=\"150\" height=\"150\" src=\"https:\/\/www.radiopiu.net\/wordpress\/wp-content\/uploads\/2022\/02\/257873684_889585088399458_8236310042334417163_n-150x150.jpg\" class=\"attachment-thumbnail size-thumbnail\" alt=\"\" \/><\/a>\n\t\t\t\t<\/dt><\/dl><dl class='gallery-item'>\n\t\t\t\t<dt class='gallery-icon landscape'>\n\t\t\t\t\t<a class=\"rollover rollover-zoom dt-pswp-item\" title=\"272682166_3050102398637501_1367448562480553439_n\" data-dt-img-description=\"\" data-large_image_width=\"251\" data-large_image_height=\"206\"href='https:\/\/www.radiopiu.net\/wordpress\/wp-content\/uploads\/2022\/02\/272682166_3050102398637501_1367448562480553439_n.jpg'><img loading=\"lazy\" decoding=\"async\" width=\"150\" height=\"150\" src=\"https:\/\/www.radiopiu.net\/wordpress\/wp-content\/uploads\/2022\/02\/272682166_3050102398637501_1367448562480553439_n-150x150.jpg\" class=\"attachment-thumbnail size-thumbnail\" alt=\"\" \/><\/a>\n\t\t\t\t<\/dt><\/dl><dl class='gallery-item'>\n\t\t\t\t<dt class='gallery-icon landscape'>\n\t\t\t\t\t<a class=\"rollover rollover-zoom dt-pswp-item\" title=\"271685913_1093593824764670_8350182543732765283_n\" data-dt-img-description=\"\" data-large_image_width=\"308\" data-large_image_height=\"206\"href='https:\/\/www.radiopiu.net\/wordpress\/wp-content\/uploads\/2022\/02\/271685913_1093593824764670_8350182543732765283_n.jpg'><img loading=\"lazy\" decoding=\"async\" width=\"150\" height=\"150\" src=\"https:\/\/www.radiopiu.net\/wordpress\/wp-content\/uploads\/2022\/02\/271685913_1093593824764670_8350182543732765283_n-150x150.jpg\" class=\"attachment-thumbnail size-thumbnail\" alt=\"\" \/><\/a>\n\t\t\t\t<\/dt><\/dl><dl class='gallery-item'>\n\t\t\t\t<dt class='gallery-icon portrait'>\n\t\t\t\t\t<a class=\"rollover rollover-zoom dt-pswp-item\" title=\"258718600_677856286588759_3202316050946789702_n\" data-dt-img-description=\"\" data-large_image_width=\"152\" data-large_image_height=\"260\"href='https:\/\/www.radiopiu.net\/wordpress\/wp-content\/uploads\/2022\/02\/258718600_677856286588759_3202316050946789702_n.jpg'><img loading=\"lazy\" decoding=\"async\" width=\"150\" height=\"150\" src=\"https:\/\/www.radiopiu.net\/wordpress\/wp-content\/uploads\/2022\/02\/258718600_677856286588759_3202316050946789702_n-150x150.jpg\" class=\"attachment-thumbnail size-thumbnail\" alt=\"\" \/><\/a>\n\t\t\t\t<\/dt><\/dl><dl class='gallery-item'>\n\t\t\t\t<dt class='gallery-icon portrait'>\n\t\t\t\t\t<a class=\"rollover rollover-zoom dt-pswp-item\" title=\"248043820_767966924162649_5857429356387190686_n\" data-dt-img-description=\"\" data-large_image_width=\"150\" data-large_image_height=\"225\"href='https:\/\/www.radiopiu.net\/wordpress\/wp-content\/uploads\/2022\/02\/248043820_767966924162649_5857429356387190686_n.jpg'><img loading=\"lazy\" decoding=\"async\" width=\"150\" height=\"150\" src=\"https:\/\/www.radiopiu.net\/wordpress\/wp-content\/uploads\/2022\/02\/248043820_767966924162649_5857429356387190686_n-150x150.jpg\" class=\"attachment-thumbnail size-thumbnail\" alt=\"\" \/><\/a>\n\t\t\t\t<\/dt><\/dl><dl class='gallery-item'>\n\t\t\t\t<dt class='gallery-icon portrait'>\n\t\t\t\t\t<a class=\"rollover rollover-zoom dt-pswp-item\" title=\"271691312_884488572234164_6774602414944820242_n\" data-dt-img-description=\"\" data-large_image_width=\"157\" data-large_image_height=\"225\"href='https:\/\/www.radiopiu.net\/wordpress\/wp-content\/uploads\/2022\/02\/271691312_884488572234164_6774602414944820242_n.jpg'><img loading=\"lazy\" decoding=\"async\" width=\"150\" height=\"150\" src=\"https:\/\/www.radiopiu.net\/wordpress\/wp-content\/uploads\/2022\/02\/271691312_884488572234164_6774602414944820242_n-150x150.jpg\" class=\"attachment-thumbnail size-thumbnail\" alt=\"\" \/><\/a>\n\t\t\t\t<\/dt><\/dl><dl class='gallery-item'>\n\t\t\t\t<dt class='gallery-icon landscape'>\n\t\t\t\t\t<a class=\"rollover rollover-zoom dt-pswp-item\" title=\"272439061_234394485565244_6337202801924940204_n\" data-dt-img-description=\"\" data-large_image_width=\"343\" data-large_image_height=\"206\"href='https:\/\/www.radiopiu.net\/wordpress\/wp-content\/uploads\/2022\/02\/272439061_234394485565244_6337202801924940204_n.jpg'><img loading=\"lazy\" decoding=\"async\" width=\"150\" height=\"150\" src=\"https:\/\/www.radiopiu.net\/wordpress\/wp-content\/uploads\/2022\/02\/272439061_234394485565244_6337202801924940204_n-150x150.jpg\" class=\"attachment-thumbnail size-thumbnail\" alt=\"\" \/><\/a>\n\t\t\t\t<\/dt><\/dl><br style=\"clear: both\" \/><dl class='gallery-item'>\n\t\t\t\t<dt class='gallery-icon landscape'>\n\t\t\t\t\t<a class=\"rollover rollover-zoom dt-pswp-item\" title=\"248002286_656727158846665_3437758512455036401_n\" data-dt-img-description=\"\" data-large_image_width=\"344\" data-large_image_height=\"206\"href='https:\/\/www.radiopiu.net\/wordpress\/wp-content\/uploads\/2022\/02\/248002286_656727158846665_3437758512455036401_n.jpg'><img loading=\"lazy\" decoding=\"async\" width=\"150\" height=\"150\" src=\"https:\/\/www.radiopiu.net\/wordpress\/wp-content\/uploads\/2022\/02\/248002286_656727158846665_3437758512455036401_n-150x150.jpg\" class=\"attachment-thumbnail size-thumbnail\" alt=\"\" \/><\/a>\n\t\t\t\t<\/dt><\/dl><dl class='gallery-item'>\n\t\t\t\t<dt class='gallery-icon portrait'>\n\t\t\t\t\t<a class=\"rollover rollover-zoom dt-pswp-item\" title=\"258718222_489130816112902_6036380643671833975_n\" data-dt-img-description=\"\" data-large_image_width=\"152\" data-large_image_height=\"206\"href='https:\/\/www.radiopiu.net\/wordpress\/wp-content\/uploads\/2022\/02\/258718222_489130816112902_6036380643671833975_n.jpg'><img loading=\"lazy\" decoding=\"async\" width=\"150\" height=\"150\" src=\"https:\/\/www.radiopiu.net\/wordpress\/wp-content\/uploads\/2022\/02\/258718222_489130816112902_6036380643671833975_n-150x150.jpg\" class=\"attachment-thumbnail size-thumbnail\" alt=\"\" \/><\/a>\n\t\t\t\t<\/dt><\/dl><dl class='gallery-item'>\n\t\t\t\t<dt class='gallery-icon portrait'>\n\t\t\t\t\t<a class=\"rollover rollover-zoom dt-pswp-item\" title=\"272825657_409532604303756_5033480881443058609_n\" data-dt-img-description=\"\" data-large_image_width=\"158\" data-large_image_height=\"240\"href='https:\/\/www.radiopiu.net\/wordpress\/wp-content\/uploads\/2022\/02\/272825657_409532604303756_5033480881443058609_n.jpg'><img loading=\"lazy\" decoding=\"async\" width=\"150\" height=\"150\" src=\"https:\/\/www.radiopiu.net\/wordpress\/wp-content\/uploads\/2022\/02\/272825657_409532604303756_5033480881443058609_n-150x150.jpg\" class=\"attachment-thumbnail size-thumbnail\" alt=\"\" \/><\/a>\n\t\t\t\t<\/dt><\/dl><dl class='gallery-item'>\n\t\t\t\t<dt class='gallery-icon landscape'>\n\t\t\t\t\t<a class=\"rollover rollover-zoom dt-pswp-item\" title=\"272856923_1613795392304894_4955042184532022570_n\" data-dt-img-description=\"\" data-large_image_width=\"250\" data-large_image_height=\"206\"href='https:\/\/www.radiopiu.net\/wordpress\/wp-content\/uploads\/2022\/02\/272856923_1613795392304894_4955042184532022570_n.jpg'><img loading=\"lazy\" decoding=\"async\" width=\"150\" height=\"150\" src=\"https:\/\/www.radiopiu.net\/wordpress\/wp-content\/uploads\/2022\/02\/272856923_1613795392304894_4955042184532022570_n-150x150.jpg\" class=\"attachment-thumbnail size-thumbnail\" alt=\"\" \/><\/a>\n\t\t\t\t<\/dt><\/dl><dl class='gallery-item'>\n\t\t\t\t<dt class='gallery-icon landscape'>\n\t\t\t\t\t<a class=\"rollover rollover-zoom dt-pswp-item\" title=\"272244201_460941135565593_6815059811998072397_n\" data-dt-img-description=\"\" data-large_image_width=\"310\" data-large_image_height=\"206\"href='https:\/\/www.radiopiu.net\/wordpress\/wp-content\/uploads\/2022\/02\/272244201_460941135565593_6815059811998072397_n.jpg'><img loading=\"lazy\" decoding=\"async\" width=\"150\" height=\"150\" src=\"https:\/\/www.radiopiu.net\/wordpress\/wp-content\/uploads\/2022\/02\/272244201_460941135565593_6815059811998072397_n-150x150.jpg\" class=\"attachment-thumbnail size-thumbnail\" alt=\"\" \/><\/a>\n\t\t\t\t<\/dt><\/dl><dl class='gallery-item'>\n\t\t\t\t<dt class='gallery-icon landscape'>\n\t\t\t\t\t<a class=\"rollover rollover-zoom dt-pswp-item\" title=\"272066182_4729462683838305_55001359646473118_n\" data-dt-img-description=\"\" data-large_image_width=\"275\" data-large_image_height=\"206\"href='https:\/\/www.radiopiu.net\/wordpress\/wp-content\/uploads\/2022\/02\/272066182_4729462683838305_55001359646473118_n.jpg'><img loading=\"lazy\" decoding=\"async\" width=\"150\" height=\"150\" src=\"https:\/\/www.radiopiu.net\/wordpress\/wp-content\/uploads\/2022\/02\/272066182_4729462683838305_55001359646473118_n-150x150.jpg\" class=\"attachment-thumbnail size-thumbnail\" alt=\"\" \/><\/a>\n\t\t\t\t<\/dt><\/dl><dl class='gallery-item'>\n\t\t\t\t<dt class='gallery-icon portrait'>\n\t\t\t\t\t<a class=\"rollover rollover-zoom dt-pswp-item\" title=\"272704364_1525728417797470_2208737033235837127_n\" data-dt-img-description=\"\" data-large_image_width=\"154\" data-large_image_height=\"206\"href='https:\/\/www.radiopiu.net\/wordpress\/wp-content\/uploads\/2022\/02\/272704364_1525728417797470_2208737033235837127_n.jpg'><img loading=\"lazy\" decoding=\"async\" width=\"150\" height=\"150\" src=\"https:\/\/www.radiopiu.net\/wordpress\/wp-content\/uploads\/2022\/02\/272704364_1525728417797470_2208737033235837127_n-150x150.jpg\" class=\"attachment-thumbnail size-thumbnail\" alt=\"\" \/><\/a>\n\t\t\t\t<\/dt><\/dl><br style=\"clear: both\" \/>\n\t\t\t<\/div>\n\n<p>&nbsp;<\/p>\n<p>***<\/p>\n","protected":false},"excerpt":{"rendered":"<p>di RENATO BONA Feltre \u00e8 la penultima tappa del nostro \u201cviaggio\u201d, propiziato dall\u2019iniziativa del sito \u201cmondimedievali.net\u201d di catalogare castelli, fortezze, rocche, torri, borghi, edifici fortificati e \u201cpalazzi del potere\u201d, iniziativa culturale e didattica curata dal prof. Raffaele Licinio, ordinario di storia medievale nella facolt\u00e0 di lettere dell\u2019Universit\u00e0 di Bari (editore e webmaster Gianluca Lovreglio). Partiamo&hellip;<\/p>\n","protected":false},"author":4,"featured_media":257351,"comment_status":"closed","ping_status":"closed","sticky":false,"template":"","format":"standard","meta":{"_monsterinsights_skip_tracking":false,"_monsterinsights_sitenote_active":false,"_monsterinsights_sitenote_note":"","_monsterinsights_sitenote_category":0,"footnotes":""},"categories":[104,49],"tags":[],"class_list":["post-257343","post","type-post","status-publish","format-standard","has-post-thumbnail","hentry","category-evidenza_3","category-news-18","category-104","category-49","description-off"],"img_url":"https:\/\/www.radiopiu.net\/wordpress\/wp-content\/uploads\/2022\/02\/248002286_656727158846665_3437758512455036401_n.jpg","_links":{"self":[{"href":"https:\/\/www.radiopiu.net\/wordpress\/wp-json\/wp\/v2\/posts\/257343","targetHints":{"allow":["GET"]}}],"collection":[{"href":"https:\/\/www.radiopiu.net\/wordpress\/wp-json\/wp\/v2\/posts"}],"about":[{"href":"https:\/\/www.radiopiu.net\/wordpress\/wp-json\/wp\/v2\/types\/post"}],"author":[{"embeddable":true,"href":"https:\/\/www.radiopiu.net\/wordpress\/wp-json\/wp\/v2\/users\/4"}],"replies":[{"embeddable":true,"href":"https:\/\/www.radiopiu.net\/wordpress\/wp-json\/wp\/v2\/comments?post=257343"}],"version-history":[{"count":0,"href":"https:\/\/www.radiopiu.net\/wordpress\/wp-json\/wp\/v2\/posts\/257343\/revisions"}],"wp:featuredmedia":[{"embeddable":true,"href":"https:\/\/www.radiopiu.net\/wordpress\/wp-json\/wp\/v2\/media\/257351"}],"wp:attachment":[{"href":"https:\/\/www.radiopiu.net\/wordpress\/wp-json\/wp\/v2\/media?parent=257343"}],"wp:term":[{"taxonomy":"category","embeddable":true,"href":"https:\/\/www.radiopiu.net\/wordpress\/wp-json\/wp\/v2\/categories?post=257343"},{"taxonomy":"post_tag","embeddable":true,"href":"https:\/\/www.radiopiu.net\/wordpress\/wp-json\/wp\/v2\/tags?post=257343"}],"curies":[{"name":"wp","href":"https:\/\/api.w.org\/{rel}","templated":true}]}}