{"id":257369,"date":"2022-02-02T05:29:50","date_gmt":"2022-02-02T04:29:50","guid":{"rendered":"https:\/\/www.radiopiu.net\/wordpress\/?p=257369"},"modified":"2022-02-02T05:40:59","modified_gmt":"2022-02-02T04:40:59","slug":"il-consiglio-dellunione-montana-agordina-ricorda-il-professor-elio-dauru","status":"publish","type":"post","link":"https:\/\/www.radiopiu.net\/wordpress\/il-consiglio-dellunione-montana-agordina-ricorda-il-professor-elio-dauru\/","title":{"rendered":"IL CONSIGLIO DELL&#8217;UNIONE MONTANA AGORDINA RICORDA IL PROFESSOR ELIO DAURU&#8217;"},"content":{"rendered":"<p><strong><a href=\"https:\/\/www.radiopiu.net\/wordpress\/e-morto-il-professor-elio-dauru-il-presidente-della-provincia-e-della-comunita-montana-agordina\/elio_dauru\/\" rel=\"attachment wp-att-248331\"><img loading=\"lazy\" decoding=\"async\" class=\" wp-image-248331 alignleft\" src=\"https:\/\/www.radiopiu.net\/wordpress\/wp-content\/uploads\/2021\/12\/elio_dauru-300x298.jpg\" alt=\"\" width=\"175\" height=\"174\" srcset=\"https:\/\/www.radiopiu.net\/wordpress\/wp-content\/uploads\/2021\/12\/elio_dauru-300x298.jpg 300w, https:\/\/www.radiopiu.net\/wordpress\/wp-content\/uploads\/2021\/12\/elio_dauru-150x150.jpg 150w, https:\/\/www.radiopiu.net\/wordpress\/wp-content\/uploads\/2021\/12\/elio_dauru.jpg 526w\" sizes=\"auto, (max-width: 175px) 100vw, 175px\" \/><\/a>AGORDO<\/strong> Un minuto di raccoglimento in quella sala Don Tamis che Elio Daur\u00f9, allora Presidente della Comunit\u00e0 Montana Agordina ha fortemente sostenuto, cos\u00ec come il primo progetto per la piscina di lungoRova. Non fosse stato per Daur\u00f9 probabilmente gli allora amministratori avrebbero continuato a duellare, il sindaco Benito Orzes la voleva a Cencenighe centro dell&#8217;Agordino, mentre Armando Da Roit sindaco di Agordo insisteva per l&#8217;importanza di Agordo capoluogo. Decise Daur\u00f9 senza se e senza ma, visti i risultati la scelta fu lungimirante.\u00a0 E&#8217; uno dei tanti aneddoti che riporta alla mente la frequentazione della sala Don Tamis, soprattutto in una serata di gennaio, durante il consiglio dell&#8217;Unione Montana ascoltando il ricordo del presidente Michele Costa.<\/p>\n<audio class=\"wp-audio-shortcode\" id=\"audio-257369-1\" preload=\"none\" style=\"width: 100%;\" controls=\"controls\"><source type=\"audio\/mpeg\" src=\"https:\/\/www.radiopiu.net\/wordpress\/wp-content\/uploads\/2022\/02\/ricordo-elio.mp3?_=1\" \/><a href=\"https:\/\/www.radiopiu.net\/wordpress\/wp-content\/uploads\/2022\/02\/ricordo-elio.mp3\">https:\/\/www.radiopiu.net\/wordpress\/wp-content\/uploads\/2022\/02\/ricordo-elio.mp3<\/a><\/audio>\n<p>&nbsp;<\/p>\n<p>&nbsp;<\/p>\n<p>***<\/p>\n","protected":false},"excerpt":{"rendered":"<p>AGORDO Un minuto di raccoglimento in quella sala Don Tamis che Elio Daur\u00f9, allora Presidente della Comunit\u00e0 Montana Agordina ha fortemente sostenuto, cos\u00ec come il primo progetto per la piscina di lungoRova. Non fosse stato per Daur\u00f9 probabilmente gli allora amministratori avrebbero continuato a duellare, il sindaco Benito Orzes la voleva a Cencenighe centro dell&#8217;Agordino,&hellip;<\/p>\n","protected":false},"author":4,"featured_media":248331,"comment_status":"closed","ping_status":"closed","sticky":false,"template":"","format":"standard","meta":{"_monsterinsights_skip_tracking":false,"_monsterinsights_sitenote_active":false,"_monsterinsights_sitenote_note":"","_monsterinsights_sitenote_category":0,"footnotes":""},"categories":[104,49],"tags":[],"class_list":["post-257369","post","type-post","status-publish","format-standard","has-post-thumbnail","hentry","category-evidenza_3","category-news-18","category-104","category-49","description-off"],"img_url":"https:\/\/www.radiopiu.net\/wordpress\/wp-content\/uploads\/2021\/12\/elio_dauru.jpg","_links":{"self":[{"href":"https:\/\/www.radiopiu.net\/wordpress\/wp-json\/wp\/v2\/posts\/257369","targetHints":{"allow":["GET"]}}],"collection":[{"href":"https:\/\/www.radiopiu.net\/wordpress\/wp-json\/wp\/v2\/posts"}],"about":[{"href":"https:\/\/www.radiopiu.net\/wordpress\/wp-json\/wp\/v2\/types\/post"}],"author":[{"embeddable":true,"href":"https:\/\/www.radiopiu.net\/wordpress\/wp-json\/wp\/v2\/users\/4"}],"replies":[{"embeddable":true,"href":"https:\/\/www.radiopiu.net\/wordpress\/wp-json\/wp\/v2\/comments?post=257369"}],"version-history":[{"count":0,"href":"https:\/\/www.radiopiu.net\/wordpress\/wp-json\/wp\/v2\/posts\/257369\/revisions"}],"wp:featuredmedia":[{"embeddable":true,"href":"https:\/\/www.radiopiu.net\/wordpress\/wp-json\/wp\/v2\/media\/248331"}],"wp:attachment":[{"href":"https:\/\/www.radiopiu.net\/wordpress\/wp-json\/wp\/v2\/media?parent=257369"}],"wp:term":[{"taxonomy":"category","embeddable":true,"href":"https:\/\/www.radiopiu.net\/wordpress\/wp-json\/wp\/v2\/categories?post=257369"},{"taxonomy":"post_tag","embeddable":true,"href":"https:\/\/www.radiopiu.net\/wordpress\/wp-json\/wp\/v2\/tags?post=257369"}],"curies":[{"name":"wp","href":"https:\/\/api.w.org\/{rel}","templated":true}]}}