{"id":257375,"date":"2022-02-01T23:59:03","date_gmt":"2022-02-01T22:59:03","guid":{"rendered":"https:\/\/www.radiopiu.net\/wordpress\/?p=257375"},"modified":"2022-02-01T16:59:10","modified_gmt":"2022-02-01T15:59:10","slug":"palestra-di-narae-1-milione-300-mila-euro-saranno-sufficienti-con-quale-destinazione","status":"publish","type":"post","link":"https:\/\/www.radiopiu.net\/wordpress\/palestra-di-narae-1-milione-300-mila-euro-saranno-sufficienti-con-quale-destinazione\/","title":{"rendered":"PALESTRA DI NARAE, 1 MILIONE 300 MILA EURO SARANNO SUFFICIENTI? CON QUALE DESTINAZIONE?"},"content":{"rendered":"<p><strong>AGORDO<\/strong> Dal consiglio dell&#8217;Unione Montana conferme e speranze. Confermato che la ristrutturazione della palestra di Narae \u00e8 inserita a bilancio, ma \u00e8 di difficile concretizzazione, necessaria una nuova verifica dei costi. A breve la posa del ponte sul Cordevole per dare continuit\u00e0 alla ciclabile Agordo-Taibon.<\/p>\n<p><strong>DI GIANNI SANTOMASO<\/strong><\/p>\n<audio class=\"wp-audio-shortcode\" id=\"audio-257375-1\" preload=\"none\" style=\"width: 100%;\" controls=\"controls\"><source type=\"audio\/mpeg\" src=\"https:\/\/www.radiopiu.net\/wordpress\/wp-content\/uploads\/2022\/02\/gianni-consiglio-unione.mp3?_=1\" \/><a href=\"https:\/\/www.radiopiu.net\/wordpress\/wp-content\/uploads\/2022\/02\/gianni-consiglio-unione.mp3\">https:\/\/www.radiopiu.net\/wordpress\/wp-content\/uploads\/2022\/02\/gianni-consiglio-unione.mp3<\/a><\/audio>\n<p>&nbsp;<\/p>\n<hr \/>\n<p><strong>\u00a0<\/strong><\/p>\n<p><strong>ARCHIVIO RADIOPIU, 11 OTTOBRE 2018 cinque anni fa il problema prioritario era la strada di accesso<\/strong><\/p>\n<p><strong>REDAZIONE<\/strong> Quattro anni fa sembrava tutto semplice, che Luxottica finanziasse la ristrutturazione del Palazzetto donato dal Cavalier Del Vecchio all&#8217;allora Comunit\u00e0 Montana.<\/p>\n<p align=\"JUSTIFY\"><em><strong><a class=\"dt-pswp-item\" href=\"http:\/\/www.radiopiu.net\/wordpress\/wp-content\/uploads\/2018\/10\/images-2.jpg\" data-dt-img-description=\"\" data-large_image_width=\"313\" data-large_image_height=\"161\"><img loading=\"lazy\" decoding=\"async\" class=\"size-medium wp-image-63613 alignleft\" src=\"http:\/\/www.radiopiu.net\/wordpress\/wp-content\/uploads\/2018\/10\/images-2-300x154.jpg\" alt=\"\" width=\"300\" height=\"154\" srcset=\"https:\/\/www.radiopiu.net\/wordpress\/wp-content\/uploads\/2018\/10\/images-2-300x154.jpg 300w, https:\/\/www.radiopiu.net\/wordpress\/wp-content\/uploads\/2018\/10\/images-2.jpg 313w\" sizes=\"auto, (max-width: 300px) 100vw, 300px\" \/><\/a>WELFARE LUXOTTICA-COMUNE DI AGORDO<\/strong><\/em><br \/>\n<strong>AGORDO<\/strong> I buoni uffici tra amministrazione e l&#8217;azienda dell&#8217;occhiale hanno portato alla nuova operazione Welfare, 400 mila euro in 5 anni per l&#8217;Asilo e il centro diurno Alzhaimer. Ma non finisce qui, anche il Palanarae sar\u00e0 ristrutturato come promesso gi\u00e0 lo scorso anno al vicesindaco di Agordo Stefano Tom\u00e8 che \u00e8 assessore anche in Unione Montana. Non a caso il progetto Palanarae passa per gli uffici di Palazzo Bianco come ha confermato il sindaco Sisto Da Roit.<br \/>\n<strong>AUDIO<\/strong><\/p>\n<audio class=\"wp-audio-shortcode\" id=\"audio-257375-2\" preload=\"none\" style=\"width: 100%;\" controls=\"controls\"><source type=\"audio\/mpeg\" src=\"http:\/\/www.radiopiu.net\/wordpress\/wp-content\/uploads\/2018\/10\/PALANARAE.mp3?_=2\" \/><a href=\"http:\/\/www.radiopiu.net\/wordpress\/wp-content\/uploads\/2018\/10\/PALANARAE.mp3\">http:\/\/www.radiopiu.net\/wordpress\/wp-content\/uploads\/2018\/10\/PALANARAE.mp3<\/a><\/audio>\n<p>&nbsp;<\/p>\n<p>&nbsp;<\/p>\n<p>***<\/p>\n","protected":false},"excerpt":{"rendered":"<p>AGORDO Dal consiglio dell&#8217;Unione Montana conferme e speranze. Confermato che la ristrutturazione della palestra di Narae \u00e8 inserita a bilancio, ma \u00e8 di difficile concretizzazione, necessaria una nuova verifica dei costi. A breve la posa del ponte sul Cordevole per dare continuit\u00e0 alla ciclabile Agordo-Taibon. DI GIANNI SANTOMASO &nbsp; \u00a0 ARCHIVIO RADIOPIU, 11 OTTOBRE 2018&hellip;<\/p>\n","protected":false},"author":4,"featured_media":257377,"comment_status":"closed","ping_status":"closed","sticky":false,"template":"","format":"standard","meta":{"_monsterinsights_skip_tracking":false,"_monsterinsights_sitenote_active":false,"_monsterinsights_sitenote_note":"","_monsterinsights_sitenote_category":0,"footnotes":""},"categories":[51,49],"tags":[],"class_list":["post-257375","post","type-post","status-publish","format-standard","has-post-thumbnail","hentry","category-evidenza-top","category-news-18","category-51","category-49","description-off"],"img_url":"https:\/\/www.radiopiu.net\/wordpress\/wp-content\/uploads\/2022\/02\/images-2-300x154-1.jpg","_links":{"self":[{"href":"https:\/\/www.radiopiu.net\/wordpress\/wp-json\/wp\/v2\/posts\/257375","targetHints":{"allow":["GET"]}}],"collection":[{"href":"https:\/\/www.radiopiu.net\/wordpress\/wp-json\/wp\/v2\/posts"}],"about":[{"href":"https:\/\/www.radiopiu.net\/wordpress\/wp-json\/wp\/v2\/types\/post"}],"author":[{"embeddable":true,"href":"https:\/\/www.radiopiu.net\/wordpress\/wp-json\/wp\/v2\/users\/4"}],"replies":[{"embeddable":true,"href":"https:\/\/www.radiopiu.net\/wordpress\/wp-json\/wp\/v2\/comments?post=257375"}],"version-history":[{"count":0,"href":"https:\/\/www.radiopiu.net\/wordpress\/wp-json\/wp\/v2\/posts\/257375\/revisions"}],"wp:featuredmedia":[{"embeddable":true,"href":"https:\/\/www.radiopiu.net\/wordpress\/wp-json\/wp\/v2\/media\/257377"}],"wp:attachment":[{"href":"https:\/\/www.radiopiu.net\/wordpress\/wp-json\/wp\/v2\/media?parent=257375"}],"wp:term":[{"taxonomy":"category","embeddable":true,"href":"https:\/\/www.radiopiu.net\/wordpress\/wp-json\/wp\/v2\/categories?post=257375"},{"taxonomy":"post_tag","embeddable":true,"href":"https:\/\/www.radiopiu.net\/wordpress\/wp-json\/wp\/v2\/tags?post=257375"}],"curies":[{"name":"wp","href":"https:\/\/api.w.org\/{rel}","templated":true}]}}