{"id":257473,"date":"2022-02-02T10:01:12","date_gmt":"2022-02-02T09:01:12","guid":{"rendered":"https:\/\/www.radiopiu.net\/wordpress\/?p=257473"},"modified":"2022-02-02T10:01:13","modified_gmt":"2022-02-02T09:01:13","slug":"martedi-8-febbraio-incontro-con-il-giornalista-maurizio-molinari","status":"publish","type":"post","link":"https:\/\/www.radiopiu.net\/wordpress\/martedi-8-febbraio-incontro-con-il-giornalista-maurizio-molinari\/","title":{"rendered":"MARTEDI&#8217; 8 FEBBRAIO INCONTRO CON IL GIORNALISTA MAURIZIO MOLINARI"},"content":{"rendered":"<p><strong><a href=\"https:\/\/www.radiopiu.net\/wordpress\/martedi-8-febbraio-incontro-con-il-giornalista-maurizio-molinari\/maurizio-molinari\/\" rel=\"attachment wp-att-257474\"><img loading=\"lazy\" decoding=\"async\" class=\"size-medium wp-image-257474 alignleft\" src=\"https:\/\/www.radiopiu.net\/wordpress\/wp-content\/uploads\/2022\/02\/MAURIZIO-MOLINARI-300x200.jpg\" alt=\"\" width=\"300\" height=\"200\" srcset=\"https:\/\/www.radiopiu.net\/wordpress\/wp-content\/uploads\/2022\/02\/MAURIZIO-MOLINARI-300x200.jpg 300w, https:\/\/www.radiopiu.net\/wordpress\/wp-content\/uploads\/2022\/02\/MAURIZIO-MOLINARI-1024x683.jpg 1024w, https:\/\/www.radiopiu.net\/wordpress\/wp-content\/uploads\/2022\/02\/MAURIZIO-MOLINARI-768x512.jpg 768w, https:\/\/www.radiopiu.net\/wordpress\/wp-content\/uploads\/2022\/02\/MAURIZIO-MOLINARI.jpg 1200w\" sizes=\"auto, (max-width: 300px) 100vw, 300px\" \/><\/a>BELLUNO <\/strong><em>L\u2019Associazione Amici delle Scuole in Rete e le Scuole in Rete per un Mondo di Solidariet\u00e0 e Pace, assiema all\u2019APS Gianni Ballerio \u00a0presentano:<\/em><em> \u201cL\u2019Atlante del mondo oggi: il grande gioco passa per l\u2019Italia? <\/em><strong>\u201d. <\/strong>L\u2019incontro si terr\u00e0 presso il Teatro Comunale di Belluno il giorno marted\u00ec 8 febbraio alle 11:00 e vedr\u00e0 come ospite Maurizio Molinari, scrittore e giornalista, gi\u00e0 direttore de La Stampa e dal 2020 direttore del quotidiano La Repubblica e Direttore Editoriale del Gruppo Gedi. L\u2019incontro \u00e8 offerto a tutta la cittadinanza e vedr\u00e0 gli studenti e il pubblico confrontarsi con un grande giornalista esperto di geopolitica e cronaca internazionale, sar\u00e0 l\u2019occasione per gettare uno sguardo critico sulle grandi sfide che il nostro paese e le comunit\u00e0 locali dovranno affrontare nel presente e del futuro per gestire i cambiamenti e non lasciarsi travolgere da essi. Conflitti per l\u2019ambiente e le risorse, risorgenti nazionalismi, razzismi, imperialismi, epidemie, crescita delle diseguaglianze costringono le democrazie alla difensiva e necessitano di scelte coraggiose e costringono di aprire gli occhi al mondo, specialmente ad un paese come l\u2019Italia che, come sostiene il relatore \u00e8 al centro del Grande Gioco. Appuntamento dunque presso teatro comunale di Belluno il giorno marted\u00ec 8 febbraio alle 11:00 aperto a studentesse, studenti e alla cittadinanza che potr\u00e0 usufruire anche della possibilit\u00e0 di partecipare online in streaming live e interagire a distanza tramite apposita applicazione. Per partecipare in presenza, vista la scelta della capienza ridotta al 50% per permettere il distanziamento, \u00e8 necessario prenotarsi al link <a href=\"https:\/\/bit.ly\/MolinariSiR2022\">https:\/\/bit.ly\/MolinariSiR2022<\/a> . Gli incontri sono organizzati all\u2019interno del progetto \u201cCittadini con il Turbo: ripartire dal noi\u201d\u00a0 promosso dall\u2019Associazione Amici delle Scuole in Rete e dalle Scuole in rete e cofinanziato dalla Regione Veneto, con l\u2019adesione di Diocesi, Provincia, Comune di Belluno, Ufficio scolastico di Belluno, Consulta provinciale degli studenti, Centro servizi per il volontariato e Associazione nazionale vittime civili di guerra.<\/p>\n<p>&nbsp;<\/p>\n<p>&nbsp;<\/p>\n<p>&nbsp;<\/p>\n<p>*****<\/p>\n","protected":false},"excerpt":{"rendered":"<p>BELLUNO L\u2019Associazione Amici delle Scuole in Rete e le Scuole in Rete per un Mondo di Solidariet\u00e0 e Pace, assiema all\u2019APS Gianni Ballerio \u00a0presentano: \u201cL\u2019Atlante del mondo oggi: il grande gioco passa per l\u2019Italia? \u201d. L\u2019incontro si terr\u00e0 presso il Teatro Comunale di Belluno il giorno marted\u00ec 8 febbraio alle 11:00 e vedr\u00e0 come ospite&hellip;<\/p>\n","protected":false},"author":4,"featured_media":257474,"comment_status":"closed","ping_status":"closed","sticky":false,"template":"","format":"standard","meta":{"_monsterinsights_skip_tracking":false,"_monsterinsights_sitenote_active":false,"_monsterinsights_sitenote_note":"","_monsterinsights_sitenote_category":0,"footnotes":""},"categories":[49],"tags":[],"class_list":["post-257473","post","type-post","status-publish","format-standard","has-post-thumbnail","hentry","category-news-18","category-49","description-off"],"img_url":"https:\/\/www.radiopiu.net\/wordpress\/wp-content\/uploads\/2022\/02\/MAURIZIO-MOLINARI.jpg","_links":{"self":[{"href":"https:\/\/www.radiopiu.net\/wordpress\/wp-json\/wp\/v2\/posts\/257473","targetHints":{"allow":["GET"]}}],"collection":[{"href":"https:\/\/www.radiopiu.net\/wordpress\/wp-json\/wp\/v2\/posts"}],"about":[{"href":"https:\/\/www.radiopiu.net\/wordpress\/wp-json\/wp\/v2\/types\/post"}],"author":[{"embeddable":true,"href":"https:\/\/www.radiopiu.net\/wordpress\/wp-json\/wp\/v2\/users\/4"}],"replies":[{"embeddable":true,"href":"https:\/\/www.radiopiu.net\/wordpress\/wp-json\/wp\/v2\/comments?post=257473"}],"version-history":[{"count":0,"href":"https:\/\/www.radiopiu.net\/wordpress\/wp-json\/wp\/v2\/posts\/257473\/revisions"}],"wp:featuredmedia":[{"embeddable":true,"href":"https:\/\/www.radiopiu.net\/wordpress\/wp-json\/wp\/v2\/media\/257474"}],"wp:attachment":[{"href":"https:\/\/www.radiopiu.net\/wordpress\/wp-json\/wp\/v2\/media?parent=257473"}],"wp:term":[{"taxonomy":"category","embeddable":true,"href":"https:\/\/www.radiopiu.net\/wordpress\/wp-json\/wp\/v2\/categories?post=257473"},{"taxonomy":"post_tag","embeddable":true,"href":"https:\/\/www.radiopiu.net\/wordpress\/wp-json\/wp\/v2\/tags?post=257473"}],"curies":[{"name":"wp","href":"https:\/\/api.w.org\/{rel}","templated":true}]}}