{"id":257482,"date":"2022-02-02T11:18:39","date_gmt":"2022-02-02T10:18:39","guid":{"rendered":"https:\/\/www.radiopiu.net\/wordpress\/?p=257482"},"modified":"2022-02-02T11:34:34","modified_gmt":"2022-02-02T10:34:34","slug":"maratona-di-lettura-2022-il-protagonista-sara-il-professor-alessandro-barbero-ospite-roberto-vecchioni","status":"publish","type":"post","link":"https:\/\/www.radiopiu.net\/wordpress\/maratona-di-lettura-2022-il-protagonista-sara-il-professor-alessandro-barbero-ospite-roberto-vecchioni\/","title":{"rendered":"MARATONA DI LETTURA 2022: IL PROTAGONISTA SAR\u00c0 IL PROFESSOR ALESSANDRO BARBERO, OSPITE ROBERTO VECCHIONI"},"content":{"rendered":"<p><strong><a href=\"https:\/\/www.radiopiu.net\/wordpress\/maratona-di-lettura-2022-il-protagonista-sara-il-professor-alessandro-barbero-ospite-roberto-vecchioni\/alessandro-barbero\/\" rel=\"attachment wp-att-257483\"><img loading=\"lazy\" decoding=\"async\" class=\"size-medium wp-image-257483 alignleft\" src=\"https:\/\/www.radiopiu.net\/wordpress\/wp-content\/uploads\/2022\/02\/Alessandro-Barbero-300x173.jpg\" alt=\"\" width=\"300\" height=\"173\" srcset=\"https:\/\/www.radiopiu.net\/wordpress\/wp-content\/uploads\/2022\/02\/Alessandro-Barbero-300x173.jpg 300w, https:\/\/www.radiopiu.net\/wordpress\/wp-content\/uploads\/2022\/02\/Alessandro-Barbero-768x444.jpg 768w, https:\/\/www.radiopiu.net\/wordpress\/wp-content\/uploads\/2022\/02\/Alessandro-Barbero.jpg 900w\" sizes=\"auto, (max-width: 300px) 100vw, 300px\" \/><\/a>FELTRE <\/strong>Sar\u00e0 il professor Alessandro Barbero il protagonista della Maratona di Lettura 2022, che si terr\u00e0 a Feltre dal 20 al 26 maggio prossimi. Alessandro Barbero \u00e8 il pi\u00f9 conosciuto storico italiano contemporaneo. Insegna Storia medievale presso l\u2019Universit\u00e0 degli Studi del Piemonte Orientale. E&#8217; molto conosciuto e apprezzato anche per la sua attivit\u00e0 di divulgazione che lo ha portato a collaborare, tra l&#8217;altro, con\u00a0 \u201cLa Stampa\u201d e con molte trasmissioni televisive come il programma \u201c<em>Superquark\u201d <\/em>di Piero Angela e con i programmi \u201c<em>a.C.d.C.\u201d <\/em>e \u201c<em>Passato e presente\u201d <\/em>di Rai Storia. Ha vinto il Premio Strega nel 1996 con il romanzo storico \u201c<em>Bella vita e guerre altrui di Mr. Pyle, gentiluomo\u201d<\/em>. I suoi libri sono bestseller in Italia e nel mondo e le sue \u201cLezioni di storia\u201d sono molto seguite dal vivo e online, tanto che i suoi podcast sono tra i pi\u00f9 ascoltati a livello nazionale. Non \u00e8 tutto. La 17esima edizione della Maratona di Lettura vedr\u00e0 la partecipazione di numerosi protagonisti del mondo culturale italiano e avr\u00e0 un altro ospite d&#8217;eccezione: nella giornata del 22 maggio sar\u00e0 infatti a Feltre Roberto Vecchioni. Docente nei licei e nelle universit\u00e0, scrittore e poeta, Vecchioni \u00e8 noto al grande pubblico soprattutto per la sua lunga carriera musicale di cantautore, che lo ha portato a numerosi riconoscimenti e successi tra i quali la vittoria al Festival di Sanremo 2011 con la canzone \u201cChiamami ancora amore\u201d. Da sempre impegnato in vari ambiti culturali e di valenza sociale, i suoi testi sono spesso caratterizzati da significativi richiami a contenuti storici e letterari; Vecchioni ha inoltre legato il proprio nome anche ad alcune trasmissioni divulgative televisive di successo. La rassegna vedr\u00e0 come di consueto impegnati, in qualit\u00e0 di lettori, i membri delle associazioni culturali feltrine, protagoniste della dimensione partecipativa e di forte legame con la citt\u00e0 che la maratona mantiene dalla sua nascita.<\/p>\n<p><strong>IL VICESINDACO DI FELTRE ALESSANDRO DEL BIANCO<\/strong><\/p>\n<audio class=\"wp-audio-shortcode\" id=\"audio-257482-1\" preload=\"none\" style=\"width: 100%;\" controls=\"controls\"><source type=\"audio\/mpeg\" src=\"https:\/\/www.radiopiu.net\/wordpress\/wp-content\/uploads\/2022\/02\/Del-Bianco-Maratona-di-Lettura-2022.mp3?_=1\" \/><a href=\"https:\/\/www.radiopiu.net\/wordpress\/wp-content\/uploads\/2022\/02\/Del-Bianco-Maratona-di-Lettura-2022.mp3\">https:\/\/www.radiopiu.net\/wordpress\/wp-content\/uploads\/2022\/02\/Del-Bianco-Maratona-di-Lettura-2022.mp3<\/a><\/audio>\n<p>&nbsp;<\/p>\n<p>&nbsp;<\/p>\n<p>&nbsp;<\/p>\n<p>&nbsp;<\/p>\n<p>*****<\/p>\n","protected":false},"excerpt":{"rendered":"<p>FELTRE Sar\u00e0 il professor Alessandro Barbero il protagonista della Maratona di Lettura 2022, che si terr\u00e0 a Feltre dal 20 al 26 maggio prossimi. Alessandro Barbero \u00e8 il pi\u00f9 conosciuto storico italiano contemporaneo. Insegna Storia medievale presso l\u2019Universit\u00e0 degli Studi del Piemonte Orientale. E&#8217; molto conosciuto e apprezzato anche per la sua attivit\u00e0 di divulgazione&hellip;<\/p>\n","protected":false},"author":4,"featured_media":257483,"comment_status":"closed","ping_status":"closed","sticky":false,"template":"","format":"standard","meta":{"_monsterinsights_skip_tracking":false,"_monsterinsights_sitenote_active":false,"_monsterinsights_sitenote_note":"","_monsterinsights_sitenote_category":0,"footnotes":""},"categories":[49],"tags":[],"class_list":["post-257482","post","type-post","status-publish","format-standard","has-post-thumbnail","hentry","category-news-18","category-49","description-off"],"img_url":"https:\/\/www.radiopiu.net\/wordpress\/wp-content\/uploads\/2022\/02\/Alessandro-Barbero.jpg","_links":{"self":[{"href":"https:\/\/www.radiopiu.net\/wordpress\/wp-json\/wp\/v2\/posts\/257482","targetHints":{"allow":["GET"]}}],"collection":[{"href":"https:\/\/www.radiopiu.net\/wordpress\/wp-json\/wp\/v2\/posts"}],"about":[{"href":"https:\/\/www.radiopiu.net\/wordpress\/wp-json\/wp\/v2\/types\/post"}],"author":[{"embeddable":true,"href":"https:\/\/www.radiopiu.net\/wordpress\/wp-json\/wp\/v2\/users\/4"}],"replies":[{"embeddable":true,"href":"https:\/\/www.radiopiu.net\/wordpress\/wp-json\/wp\/v2\/comments?post=257482"}],"version-history":[{"count":0,"href":"https:\/\/www.radiopiu.net\/wordpress\/wp-json\/wp\/v2\/posts\/257482\/revisions"}],"wp:featuredmedia":[{"embeddable":true,"href":"https:\/\/www.radiopiu.net\/wordpress\/wp-json\/wp\/v2\/media\/257483"}],"wp:attachment":[{"href":"https:\/\/www.radiopiu.net\/wordpress\/wp-json\/wp\/v2\/media?parent=257482"}],"wp:term":[{"taxonomy":"category","embeddable":true,"href":"https:\/\/www.radiopiu.net\/wordpress\/wp-json\/wp\/v2\/categories?post=257482"},{"taxonomy":"post_tag","embeddable":true,"href":"https:\/\/www.radiopiu.net\/wordpress\/wp-json\/wp\/v2\/tags?post=257482"}],"curies":[{"name":"wp","href":"https:\/\/api.w.org\/{rel}","templated":true}]}}