{"id":257593,"date":"2022-02-03T05:28:11","date_gmt":"2022-02-03T04:28:11","guid":{"rendered":"https:\/\/www.radiopiu.net\/wordpress\/?p=257593"},"modified":"2022-02-03T06:16:47","modified_gmt":"2022-02-03T05:16:47","slug":"covid-tra-i-giovani-la-quarta-ondata-peggio-della-seconda","status":"publish","type":"post","link":"https:\/\/www.radiopiu.net\/wordpress\/covid-tra-i-giovani-la-quarta-ondata-peggio-della-seconda\/","title":{"rendered":"COVID TRA I GIOVANI, LA QUARTA ONDATA PEGGIO DELLA SECONDA"},"content":{"rendered":"<p><strong>BELLUNO<\/strong> La casistica covid tra zero e 19 anni \u00e8 risultata molto consistente nella cos\u00ec detta quarta ondata epidemica, ora in corso. Fascia d&#8217;et\u00e0 0-5 anni 1319 positivi, 6-11 anni 2692, 11-14 anni 1586, 15-19 anni 2638. Totale 8235.\u00a0 La<span style=\"font-family: Calibri, sans-serif;\"><span style=\"font-size: medium;\"> quarta ondata epidemica ha interessato in modo molto pi\u00f9 significativo i giovani rispetto a quanto accaduto nella seconda ondata epidemica (circa 25% nella quarta ondata rispetto a 10% circa nella seconda ondata).\u00a0<\/span><\/span><span style=\"font-family: Calibri, sans-serif;\"><span style=\"font-size: medium;\">I motivi di questa maggiore incidenza del covid in et\u00e0 giovanile sono riconducibili a vari fattori: <\/span><\/span><span style=\"font-size: medium; font-family: Calibri, sans-serif;\">ampia copertura vaccinale negli adulti rispetto alla fascia giovanile propria della quarta ondata rispetto all\u2019assenza della copertura vaccinale per tutte le classi di et\u00e0 nella seconda ondata; <\/span><span style=\"font-size: medium; font-family: Calibri, sans-serif;\">maggiore mobilit\u00e0 sociale nella fascia d\u2019et\u00e0 giovanile, anche non vaccinata rispetto agli adulti, soprattutto nei non vaccinati; <\/span><span style=\"font-size: medium; font-family: Calibri, sans-serif;\">ampi contatti scolastici ed extra scolastici (sport etc) attuali rispetto a contatti ridotti nel periodo proprio della seconda ondata, caratterizzato da provvedimenti restrittivi significativi.<\/span><\/p>\n\n\t\t\t<style type='text\/css'>\n\t\t\t\t#gallery-1 {\n\t\t\t\t\tmargin: auto;\n\t\t\t\t}\n\t\t\t\t#gallery-1 .gallery-item {\n\t\t\t\t\tfloat: left;\n\t\t\t\t\tmargin-top: 10px;\n\t\t\t\t\ttext-align: center;\n\t\t\t\t\twidth: 50%;\n\t\t\t\t}\n\t\t\t\t#gallery-1 img {\n\t\t\t\t\tborder: 2px solid #cfcfcf;\n\t\t\t\t}\n\t\t\t\t#gallery-1 .gallery-caption {\n\t\t\t\t\tmargin-left: 0;\n\t\t\t\t}\n\t\t\t\t\/* see gallery_shortcode() in wp-includes\/media.php *\/\n\t\t\t<\/style>\n\t\t<div id='gallery-1' class='dt-gallery-container gallery galleryid-257593 gallery-columns-2 gallery-size-large'><dl class='gallery-item'>\n\t\t\t\t<dt class='gallery-icon landscape'>\n\t\t\t\t\t<a class=\"rollover rollover-zoom dt-pswp-item\" title=\"95034ce4-e047-4e38-b4df-1f7a1d0c0450\" data-dt-img-description=\"\" data-large_image_width=\"1600\" data-large_image_height=\"620\"href='https:\/\/www.radiopiu.net\/wordpress\/wp-content\/uploads\/2022\/02\/95034ce4-e047-4e38-b4df-1f7a1d0c0450.jpg'><img loading=\"lazy\" decoding=\"async\" width=\"1024\" height=\"397\" src=\"https:\/\/www.radiopiu.net\/wordpress\/wp-content\/uploads\/2022\/02\/95034ce4-e047-4e38-b4df-1f7a1d0c0450-1024x397.jpg\" class=\"attachment-large size-large\" alt=\"\" srcset=\"https:\/\/www.radiopiu.net\/wordpress\/wp-content\/uploads\/2022\/02\/95034ce4-e047-4e38-b4df-1f7a1d0c0450-1024x397.jpg 1024w, https:\/\/www.radiopiu.net\/wordpress\/wp-content\/uploads\/2022\/02\/95034ce4-e047-4e38-b4df-1f7a1d0c0450-300x116.jpg 300w, https:\/\/www.radiopiu.net\/wordpress\/wp-content\/uploads\/2022\/02\/95034ce4-e047-4e38-b4df-1f7a1d0c0450-768x298.jpg 768w, https:\/\/www.radiopiu.net\/wordpress\/wp-content\/uploads\/2022\/02\/95034ce4-e047-4e38-b4df-1f7a1d0c0450-1536x595.jpg 1536w, https:\/\/www.radiopiu.net\/wordpress\/wp-content\/uploads\/2022\/02\/95034ce4-e047-4e38-b4df-1f7a1d0c0450.jpg 1600w\" sizes=\"auto, (max-width: 1024px) 100vw, 1024px\" \/><\/a>\n\t\t\t\t<\/dt><\/dl><dl class='gallery-item'>\n\t\t\t\t<dt class='gallery-icon landscape'>\n\t\t\t\t\t<a class=\"rollover rollover-zoom dt-pswp-item\" title=\"9095f4ca-d371-4de5-a19a-8889dff0a3fa\" data-dt-img-description=\"\" data-large_image_width=\"1600\" data-large_image_height=\"632\"href='https:\/\/www.radiopiu.net\/wordpress\/wp-content\/uploads\/2022\/02\/9095f4ca-d371-4de5-a19a-8889dff0a3fa.jpg'><img loading=\"lazy\" decoding=\"async\" width=\"1024\" height=\"404\" src=\"https:\/\/www.radiopiu.net\/wordpress\/wp-content\/uploads\/2022\/02\/9095f4ca-d371-4de5-a19a-8889dff0a3fa-1024x404.jpg\" class=\"attachment-large size-large\" alt=\"\" srcset=\"https:\/\/www.radiopiu.net\/wordpress\/wp-content\/uploads\/2022\/02\/9095f4ca-d371-4de5-a19a-8889dff0a3fa-1024x404.jpg 1024w, https:\/\/www.radiopiu.net\/wordpress\/wp-content\/uploads\/2022\/02\/9095f4ca-d371-4de5-a19a-8889dff0a3fa-300x119.jpg 300w, https:\/\/www.radiopiu.net\/wordpress\/wp-content\/uploads\/2022\/02\/9095f4ca-d371-4de5-a19a-8889dff0a3fa-768x303.jpg 768w, https:\/\/www.radiopiu.net\/wordpress\/wp-content\/uploads\/2022\/02\/9095f4ca-d371-4de5-a19a-8889dff0a3fa-1536x607.jpg 1536w, https:\/\/www.radiopiu.net\/wordpress\/wp-content\/uploads\/2022\/02\/9095f4ca-d371-4de5-a19a-8889dff0a3fa.jpg 1600w\" sizes=\"auto, (max-width: 1024px) 100vw, 1024px\" \/><\/a>\n\t\t\t\t<\/dt><\/dl><br style=\"clear: both\" \/>\n\t\t\t<\/div>\n\n","protected":false},"excerpt":{"rendered":"<p>BELLUNO La casistica covid tra zero e 19 anni \u00e8 risultata molto consistente nella cos\u00ec detta quarta ondata epidemica, ora in corso. Fascia d&#8217;et\u00e0 0-5 anni 1319 positivi, 6-11 anni 2692, 11-14 anni 1586, 15-19 anni 2638. Totale 8235.\u00a0 La quarta ondata epidemica ha interessato in modo molto pi\u00f9 significativo i giovani rispetto a quanto&hellip;<\/p>\n","protected":false},"author":4,"featured_media":257595,"comment_status":"closed","ping_status":"closed","sticky":false,"template":"","format":"standard","meta":{"_monsterinsights_skip_tracking":false,"_monsterinsights_sitenote_active":false,"_monsterinsights_sitenote_note":"","_monsterinsights_sitenote_category":0,"footnotes":""},"categories":[51,49],"tags":[],"class_list":["post-257593","post","type-post","status-publish","format-standard","has-post-thumbnail","hentry","category-evidenza-top","category-news-18","category-51","category-49","description-off"],"img_url":"https:\/\/www.radiopiu.net\/wordpress\/wp-content\/uploads\/2022\/02\/9095f4ca-d371-4de5-a19a-8889dff0a3fa.jpg","_links":{"self":[{"href":"https:\/\/www.radiopiu.net\/wordpress\/wp-json\/wp\/v2\/posts\/257593","targetHints":{"allow":["GET"]}}],"collection":[{"href":"https:\/\/www.radiopiu.net\/wordpress\/wp-json\/wp\/v2\/posts"}],"about":[{"href":"https:\/\/www.radiopiu.net\/wordpress\/wp-json\/wp\/v2\/types\/post"}],"author":[{"embeddable":true,"href":"https:\/\/www.radiopiu.net\/wordpress\/wp-json\/wp\/v2\/users\/4"}],"replies":[{"embeddable":true,"href":"https:\/\/www.radiopiu.net\/wordpress\/wp-json\/wp\/v2\/comments?post=257593"}],"version-history":[{"count":0,"href":"https:\/\/www.radiopiu.net\/wordpress\/wp-json\/wp\/v2\/posts\/257593\/revisions"}],"wp:featuredmedia":[{"embeddable":true,"href":"https:\/\/www.radiopiu.net\/wordpress\/wp-json\/wp\/v2\/media\/257595"}],"wp:attachment":[{"href":"https:\/\/www.radiopiu.net\/wordpress\/wp-json\/wp\/v2\/media?parent=257593"}],"wp:term":[{"taxonomy":"category","embeddable":true,"href":"https:\/\/www.radiopiu.net\/wordpress\/wp-json\/wp\/v2\/categories?post=257593"},{"taxonomy":"post_tag","embeddable":true,"href":"https:\/\/www.radiopiu.net\/wordpress\/wp-json\/wp\/v2\/tags?post=257593"}],"curies":[{"name":"wp","href":"https:\/\/api.w.org\/{rel}","templated":true}]}}