{"id":257614,"date":"2022-02-04T06:00:15","date_gmt":"2022-02-04T05:00:15","guid":{"rendered":"https:\/\/www.radiopiu.net\/wordpress\/?p=257614"},"modified":"2022-02-04T10:04:01","modified_gmt":"2022-02-04T09:04:01","slug":"giornale-radiopiu-04-febbraio-2022-direttore-mirko-mezzacasa","status":"publish","type":"post","link":"https:\/\/www.radiopiu.net\/wordpress\/giornale-radiopiu-04-febbraio-2022-direttore-mirko-mezzacasa\/","title":{"rendered":"GIORNALE RADIOPIU 04 FEBBRAIO 2022 DIRETTORE MIRKO MEZZACASA"},"content":{"rendered":"<h3 class=\"kvgmc6g5 cxmmr5t8 oygrvhab hcukyx3x c1et5uql\"><span style=\"color: #0000ff;\"><strong>INFORMAZIONE il canale su TELEGRAM informazione di prima mano e in tempo reale. iscriviti ed aiutaci a farlo conoscere\u00a0\u00a0<\/strong><\/span><\/h3>\n<h3><a href=\"https:\/\/www.radiopiu.net\/wordpress\/giornale-radiopiu-04-febbraio-2022-direttore-mirko-mezzacasa\/75b2339c-1aeb-401e-bcfa-877420c88f30\/\" rel=\"attachment wp-att-257786\"><img loading=\"lazy\" decoding=\"async\" class=\" wp-image-257786 alignleft\" src=\"https:\/\/www.radiopiu.net\/wordpress\/wp-content\/uploads\/2022\/02\/75b2339c-1aeb-401e-bcfa-877420c88f30-300x225.jpg\" alt=\"\" width=\"219\" height=\"165\" srcset=\"https:\/\/www.radiopiu.net\/wordpress\/wp-content\/uploads\/2022\/02\/75b2339c-1aeb-401e-bcfa-877420c88f30-300x225.jpg 300w, https:\/\/www.radiopiu.net\/wordpress\/wp-content\/uploads\/2022\/02\/75b2339c-1aeb-401e-bcfa-877420c88f30-1024x768.jpg 1024w, https:\/\/www.radiopiu.net\/wordpress\/wp-content\/uploads\/2022\/02\/75b2339c-1aeb-401e-bcfa-877420c88f30-768x576.jpg 768w, https:\/\/www.radiopiu.net\/wordpress\/wp-content\/uploads\/2022\/02\/75b2339c-1aeb-401e-bcfa-877420c88f30-1536x1153.jpg 1536w, https:\/\/www.radiopiu.net\/wordpress\/wp-content\/uploads\/2022\/02\/75b2339c-1aeb-401e-bcfa-877420c88f30.jpg 1599w\" sizes=\"auto, (max-width: 219px) 100vw, 219px\" \/><\/a>ORDINANZE DISATTESE.. DI GIORNO E DI NOTTE.<\/h3>\n<p>&nbsp;<\/p>\n<p><strong>ALLEGHE<\/strong> Da anni in questa stagione il Comune dispone il divieto di attraversare o pattinare sul lago ghiacciato perch\u00e9 \u00e8 pericoloso. Ordinanza spesso disattesa, nei fine settimana il lago si riempie di lame di pattini&#8230;o scarpe scivolose. Il peggio lo si vede in queste serate visto che lo\u00a0 sport di moda \u00e8 pattinare sul lago di notte&#8230;della serie il pericolo \u00e8 il mio mestiere.<\/p>\n<p>&nbsp;<\/p>\n<p>&nbsp;<\/p>\n<blockquote>\n<h3><a href=\"https:\/\/www.radiopiu.net\/wordpress\/giornale-radiopiu-04-febbraio-2022-direttore-mirko-mezzacasa\/19197d42-90a3-4457-b9cd-9704cb661fb0\/\" rel=\"attachment wp-att-257814\"><img loading=\"lazy\" decoding=\"async\" class=\"wp-image-257814 alignright\" src=\"https:\/\/www.radiopiu.net\/wordpress\/wp-content\/uploads\/2022\/02\/19197d42-90a3-4457-b9cd-9704cb661fb0.jpg\" alt=\"\" width=\"454\" height=\"256\" srcset=\"https:\/\/www.radiopiu.net\/wordpress\/wp-content\/uploads\/2022\/02\/19197d42-90a3-4457-b9cd-9704cb661fb0.jpg 1500w, https:\/\/www.radiopiu.net\/wordpress\/wp-content\/uploads\/2022\/02\/19197d42-90a3-4457-b9cd-9704cb661fb0-300x169.jpg 300w, https:\/\/www.radiopiu.net\/wordpress\/wp-content\/uploads\/2022\/02\/19197d42-90a3-4457-b9cd-9704cb661fb0-1024x576.jpg 1024w, https:\/\/www.radiopiu.net\/wordpress\/wp-content\/uploads\/2022\/02\/19197d42-90a3-4457-b9cd-9704cb661fb0-768x432.jpg 768w\" sizes=\"auto, (max-width: 454px) 100vw, 454px\" \/><\/a>OGGI ALLE 5.28 SOPRA ALLEGHE IL RAZZO FALCON 9<\/h3>\n<\/blockquote>\n<p><strong>di Claudio Pra<\/strong><\/p>\n<p><strong>ALLEGHE<\/strong> Dopo parecchi rinvii ieri sera alle 19.13, dal Kennedy Space Center in Florida, un razzo Falcon 9 di Space X ha portato in orbita una cinquantina di satelliti STARLINK, che vanno ad ampliare una costellazione gi\u00e0 numerosa progettata per l&#8217;accesso a internet satellitare globale in banda larga a bassa latenza. Una volta in orbita gli STARLINK vengono rilasciati tutti assieme e se si ha la fortuna di osservarli da terra poche ore dopo il rilascio, danno vita a spettacolari passaggi, formando una scia luminosa che si muove tutta assieme. Stamattina alle 5.28, da Alleghe, sono riuscito a riprenderli a poche ore dal lancio. Nella foto la scia marcata degli STARLINK in rotta verso est. La scia pi\u00f9 debole \u00e8 invece un aereo.<\/p>\n<p>&nbsp;<\/p>\n<blockquote><p>&nbsp;<\/p><\/blockquote>\n<hr \/>\n<p>&nbsp;<\/p>\n<h3>L&#8217;ITALIA BATTE ANCHE LA REPUBBLICA CECA, IMBATTUTI E PRIMI IN CLASSIFICA<\/h3>\n<h3 dir=\"auto\"><a href=\"https:\/\/www.radiopiu.net\/wordpress\/giornale-radiopiu-04-febbraio-2022-direttore-mirko-mezzacasa\/273313791_4737632166363322_3510539841242816189_n\/\" rel=\"attachment wp-att-257800\"><img loading=\"lazy\" decoding=\"async\" class=\"size-medium wp-image-257800 alignright\" src=\"https:\/\/www.radiopiu.net\/wordpress\/wp-content\/uploads\/2022\/02\/273313791_4737632166363322_3510539841242816189_n-300x200.jpg\" alt=\"\" width=\"300\" height=\"200\" srcset=\"https:\/\/www.radiopiu.net\/wordpress\/wp-content\/uploads\/2022\/02\/273313791_4737632166363322_3510539841242816189_n-300x200.jpg 300w, https:\/\/www.radiopiu.net\/wordpress\/wp-content\/uploads\/2022\/02\/273313791_4737632166363322_3510539841242816189_n-768x512.jpg 768w, https:\/\/www.radiopiu.net\/wordpress\/wp-content\/uploads\/2022\/02\/273313791_4737632166363322_3510539841242816189_n.jpg 810w\" sizes=\"auto, (max-width: 300px) 100vw, 300px\" \/><\/a>CURLING!!! DIRETTA\u00a0 &#8211;<\/h3>\n<p><span style=\"color: #0000ff;\"><strong>sky sport aggiornamenti in tempo reale <a href=\"https:\/\/www.oasport.it\/2022\/02\/live-italia-repubblica-ceca-curling-misto-pechino-2022-in-diretta-quarto-match-per-constantini-e-mosaner\/\">CLICCA QUI<\/a><\/strong><\/span><\/p>\n<p><span style=\"color: #ff0000;\"><strong><span class=\"d2edcug0 hpfvmrgz qv66sw1b c1et5uql lr9zc1uh a8c37x1j fe6kdd0r mau55g9w c8b282yb keod5gw0 nxhoafnm aigsh9s9 d3f4x2em iv3no6db jq4qci2q a3bd9o3v b1v8xokw oo9gr5id\" dir=\"auto\"><span class=\"d2edcug0 hpfvmrgz qv66sw1b c1et5uql lr9zc1uh jq4qci2q a3bd9o3v b1v8xokw oo9gr5id\">ultim&#8217;ora\u00a0 07.00 CURLING Gli azzurri rubano la mano e marcano un altro punto! Italia-Repubblica Ceca 5-0.<\/span><\/span><\/strong><\/span><\/p>\n<p><strong><span style=\"color: #ff0000;\">ultim&#8217;ora &#8216;713 La ceca Zuzana Paulova va a punto con l\u2019ultima stone del terzo end.\u00a0Italia-Repubblica Ceca 5-1.<\/span><\/strong><\/p>\n<p><span style=\"color: #ff0000;\"><strong>ultim&#8217;ora 07 23 Ottimo draw di Stefania Constantini, quattro punti per gli azzurri!!! Italia-Repubblica Ceca 9-1.<\/strong><\/span><\/p>\n<p><span style=\"color: #ff0000;\"><strong>ultim&#8217;ora 07 38 Sbaglia Zuzana Paulova, gli azzurri rubano la mano nel quinto end!!!! Italia-Repubblica Ceca 10-1.\u00a0<\/strong><\/span><\/p>\n<p><span style=\"color: #ff0000;\"><strong>07.50 I cechi concedono la vittoria dopo il sesto end!\u00a0Italia batte Repubblica Ceca 10-2.<\/strong><\/span><\/p>\n<blockquote>\n<div class=\"kvgmc6g5 cxmmr5t8 oygrvhab hcukyx3x c1et5uql ii04i59q\">\n<blockquote><p>&nbsp;<\/p>\n<hr \/>\n<p><strong>IERI<\/strong><\/p>\n<p><strong>OLIMPIADI INVERNALI &#8211; L&#8217;ITALIA FA TRE SU TRE NEL DOPPIO MISTO: 11-8 ALLA NORVEGIA E PRIMATO IN SOLITARIA DA IMBATTUTA<\/strong><\/p><\/blockquote>\n<div dir=\"auto\">Terzo\u00a0 successo consecutivo per il duo azzurro formato da Stefania Constantini e Amos Mosaner, che supera 11-8 anche la coppia norvegese (vice-campionessa del mondo in carica e bronzo a Pyeongchang 2018), e si conferma imbattuta nel torneo di curling doppio misto oltre che in testa al raggruppamento generale.Ieri il sindaco Gianpiero Ghedina: <em>&#8220;Due su due! Il doppio misto di curling formato da Stefania Constantini e Amos Mosaner debutta con due vittorie battendo 8-4 gli Stati Uniti e 8-7 all\u2019extra end la Svizzera&#8221;<\/em><\/div>\n<\/div>\n<\/blockquote>\n<p>Qui c&#8217;\u00e8 il tiro con cui gli azzurri decidono l&#8217;incontro.&#8221;<em> <span style=\"color: #0000ff;\"><strong><a style=\"color: #0000ff;\" href=\"https:\/\/www.eurosport.it\/curling\/pechino-2022\/2022\/constantini-e-perfetta-nella-bocciata-l-italia-batte-11-8-la-norvegia_vid1620363\/video.shtml\">IL VIDEO<\/a><\/strong><\/span><\/em><\/p>\n<p>&nbsp;<\/p>\n<hr \/>\n<p>&nbsp;<\/p>\n<p>&nbsp;<\/p>\n<blockquote>\n<blockquote><p><strong>PERCHE&#8217; SAN REMO E&#8217; SAN REMO<\/strong><\/p>\n<blockquote>\n<blockquote>\n<h3>un\u00a0 sorriso e la presentazione di Emma, con tanto di simpatico siparietto con Amadeus<\/h3>\n<\/blockquote>\n<\/blockquote>\n<\/blockquote>\n<div class=\"kvgmc6g5 cxmmr5t8 oygrvhab hcukyx3x c1et5uql ii04i59q\"><\/div>\n<\/blockquote>\n<p><strong>PERCHE&#8217; SAN REMO E&#8217; SAN REMO<\/strong><\/p>\n\n\t\t\t<style type='text\/css'>\n\t\t\t\t#gallery-1 {\n\t\t\t\t\tmargin: auto;\n\t\t\t\t}\n\t\t\t\t#gallery-1 .gallery-item {\n\t\t\t\t\tfloat: left;\n\t\t\t\t\tmargin-top: 10px;\n\t\t\t\t\ttext-align: center;\n\t\t\t\t\twidth: 33%;\n\t\t\t\t}\n\t\t\t\t#gallery-1 img {\n\t\t\t\t\tborder: 2px solid #cfcfcf;\n\t\t\t\t}\n\t\t\t\t#gallery-1 .gallery-caption {\n\t\t\t\t\tmargin-left: 0;\n\t\t\t\t}\n\t\t\t\t\/* see gallery_shortcode() in wp-includes\/media.php *\/\n\t\t\t<\/style>\n\t\t<div id='gallery-1' class='dt-gallery-container gallery galleryid-257614 gallery-columns-3 gallery-size-full'><dl class='gallery-item'>\n\t\t\t\t<dt class='gallery-icon landscape'>\n\t\t\t\t\t<a class=\"rollover rollover-zoom dt-pswp-item\" title=\"61ca5255-1e8b-4d2c-9450-6fa7c6e307aa\" data-dt-img-description=\"\" data-large_image_width=\"2048\" data-large_image_height=\"1536\"href='https:\/\/www.radiopiu.net\/wordpress\/wp-content\/uploads\/2022\/02\/61ca5255-1e8b-4d2c-9450-6fa7c6e307aa.jpg'><img loading=\"lazy\" decoding=\"async\" width=\"2048\" height=\"1536\" src=\"https:\/\/www.radiopiu.net\/wordpress\/wp-content\/uploads\/2022\/02\/61ca5255-1e8b-4d2c-9450-6fa7c6e307aa.jpg\" class=\"attachment-full size-full\" alt=\"\" srcset=\"https:\/\/www.radiopiu.net\/wordpress\/wp-content\/uploads\/2022\/02\/61ca5255-1e8b-4d2c-9450-6fa7c6e307aa.jpg 2048w, https:\/\/www.radiopiu.net\/wordpress\/wp-content\/uploads\/2022\/02\/61ca5255-1e8b-4d2c-9450-6fa7c6e307aa-300x225.jpg 300w, https:\/\/www.radiopiu.net\/wordpress\/wp-content\/uploads\/2022\/02\/61ca5255-1e8b-4d2c-9450-6fa7c6e307aa-1024x768.jpg 1024w, https:\/\/www.radiopiu.net\/wordpress\/wp-content\/uploads\/2022\/02\/61ca5255-1e8b-4d2c-9450-6fa7c6e307aa-768x576.jpg 768w, https:\/\/www.radiopiu.net\/wordpress\/wp-content\/uploads\/2022\/02\/61ca5255-1e8b-4d2c-9450-6fa7c6e307aa-1536x1152.jpg 1536w\" sizes=\"auto, (max-width: 2048px) 100vw, 2048px\" \/><\/a>\n\t\t\t\t<\/dt><\/dl><dl class='gallery-item'>\n\t\t\t\t<dt class='gallery-icon landscape'>\n\t\t\t\t\t<a class=\"rollover rollover-zoom dt-pswp-item\" title=\"deb4b1ab-42ee-49e7-ab6c-4b04d951f39b\" data-dt-img-description=\"\" data-large_image_width=\"2048\" data-large_image_height=\"1536\"href='https:\/\/www.radiopiu.net\/wordpress\/wp-content\/uploads\/2022\/02\/deb4b1ab-42ee-49e7-ab6c-4b04d951f39b.jpg'><img loading=\"lazy\" decoding=\"async\" width=\"2048\" height=\"1536\" src=\"https:\/\/www.radiopiu.net\/wordpress\/wp-content\/uploads\/2022\/02\/deb4b1ab-42ee-49e7-ab6c-4b04d951f39b.jpg\" class=\"attachment-full size-full\" alt=\"\" srcset=\"https:\/\/www.radiopiu.net\/wordpress\/wp-content\/uploads\/2022\/02\/deb4b1ab-42ee-49e7-ab6c-4b04d951f39b.jpg 2048w, https:\/\/www.radiopiu.net\/wordpress\/wp-content\/uploads\/2022\/02\/deb4b1ab-42ee-49e7-ab6c-4b04d951f39b-300x225.jpg 300w, https:\/\/www.radiopiu.net\/wordpress\/wp-content\/uploads\/2022\/02\/deb4b1ab-42ee-49e7-ab6c-4b04d951f39b-1024x768.jpg 1024w, https:\/\/www.radiopiu.net\/wordpress\/wp-content\/uploads\/2022\/02\/deb4b1ab-42ee-49e7-ab6c-4b04d951f39b-768x576.jpg 768w, https:\/\/www.radiopiu.net\/wordpress\/wp-content\/uploads\/2022\/02\/deb4b1ab-42ee-49e7-ab6c-4b04d951f39b-1536x1152.jpg 1536w\" sizes=\"auto, (max-width: 2048px) 100vw, 2048px\" \/><\/a>\n\t\t\t\t<\/dt><\/dl>\n\t\t\t\t<br style='clear: both' \/>\n\t\t\t<\/div>\n\n<blockquote>\n<blockquote>\n<h3><strong style=\"font-size: 14px;\">SANREMO<\/strong><span style=\"font-size: 14px; font-weight: normal;\"> E&#8217; salita sul palco dell&#8217;Ariston, emozionata ma fiera, applausi per\u00a0\u00a0 la carabiniera Martina Pigliapoco che salv\u00f2 una donna sul ponte di Perarolo.\u00a0 Martina gi\u00e0 ha ricevuto\u00a0 il riconoscimento di \u201cCavaliere dell\u2019Ordine al merito\u201d dal capo dello Stato, Sergio Mattarella, ieri sera sono arrivati i complimenti di\u00a0 Amadeus oltre al battimani del pubblico.\u00a0 \u00a0Martina Pigliapoco\u00a0 in servizio alla stazione di San Vito di Cadore lo scorso 4 ottobre ha salvato una vita di una madre<\/span><\/h3>\n<\/blockquote>\n<blockquote>\n<h3>L&#8217;INNO OLIMPICO&#8230;<\/h3>\n<\/blockquote>\n<p>Sar\u00e0 il pubblico con il televoto a decidere l&#8217;inno delle Olimpiadi Milano Cortina 2026.\u00a0 Arisa e Malika Ayane hanno interpretato &#8220;Fino all&#8217;alba&#8221; e &#8220;Un po&#8217; pi\u00f9 in l\u00e0&#8221;, i brani finalisti. Il pubblico potr\u00e0 votare su www.milanocortina2026.org, dove si possono anche riascoltare i brani. Le due canzoni in gara saranno riproposte anche a Pechino, sempre da Arisa e Malika Ayane, alla cerimonia di chiusura delle Olimpiadi, il 20 febbraio.\u00a0 <strong>PER ASCOLTARE I BRANI <span style=\"color: #0000ff;\"><a style=\"color: #0000ff;\" href=\"https:\/\/www.milanocortina2026.org\/it\/inno-di-milano-cortina-2026\/\">CLICCA QUI<\/a><\/span><\/strong><\/p><\/blockquote>\n<div class=\"kvgmc6g5 cxmmr5t8 oygrvhab hcukyx3x c1et5uql ii04i59q\"><\/div>\n<p>&nbsp;<\/p>\n<p>&nbsp;<\/p>\n<hr \/>\n<p>&nbsp;<\/p>\n<p><strong><span style=\"color: #ff0000;\">IL PELMO IN COPERTINA<\/span><\/strong><\/p>\n<blockquote>\n<h3><a href=\"https:\/\/www.radiopiu.net\/wordpress\/giornale-radiopiu-04-febbraio-2022-direttore-mirko-mezzacasa\/273148836_5159126087430762_7272296698303173279_n\/\" rel=\"attachment wp-att-257791\"><img loading=\"lazy\" decoding=\"async\" class=\" wp-image-257791 alignleft\" src=\"https:\/\/www.radiopiu.net\/wordpress\/wp-content\/uploads\/2022\/02\/273148836_5159126087430762_7272296698303173279_n-192x300.jpg\" alt=\"\" width=\"144\" height=\"225\" srcset=\"https:\/\/www.radiopiu.net\/wordpress\/wp-content\/uploads\/2022\/02\/273148836_5159126087430762_7272296698303173279_n-192x300.jpg 192w, https:\/\/www.radiopiu.net\/wordpress\/wp-content\/uploads\/2022\/02\/273148836_5159126087430762_7272296698303173279_n.jpg 526w\" sizes=\"auto, (max-width: 144px) 100vw, 144px\" \/><\/a>C&#8217;E&#8217; CHI CHIACCHIERA, PROPONE E PRESTO SPENDERA&#8217;. POI C&#8217;E&#8217;\u00a0 CHI RACCOGLIE I FRUTTI DEL LAVORO<\/h3>\n<\/blockquote>\n<p><strong>di GIULIANO VANTAGGI, GIA&#8217; RESPONSABILE MARKETING PER LA DMO<\/strong><\/p>\n<div>\n<div class=\"\" dir=\"auto\">\n<div id=\"jsc_c_8ok\" class=\"ecm0bbzt hv4rvrfc ihqw7lf3 dati1w0a\" data-ad-comet-preview=\"message\" data-ad-preview=\"message\">\n<div class=\"j83agx80 cbu4d94t ew0dbk1b irj2b8pg\">\n<div class=\"qzhwtbm6 knvmm38d\">\n<div class=\"kvgmc6g5 cxmmr5t8 oygrvhab hcukyx3x c1et5uql ii04i59q\">\n<div dir=\"auto\">\n<div>\n<div class=\"ll8tlv6m j83agx80 btwxx1t3 n851cfcs hv4rvrfc dati1w0a pybr56ya\">\n<div class=\"buofh1pr\">\n<div class=\"j83agx80 cbu4d94t ew0dbk1b irj2b8pg\">\n<div class=\"qzhwtbm6 knvmm38d\"><\/div>\n<\/div>\n<\/div>\n<\/div>\n<\/div>\n<div>\n<div class=\"\" dir=\"auto\">\n<div id=\"jsc_c_8ok\" class=\"ecm0bbzt hv4rvrfc ihqw7lf3 dati1w0a\" data-ad-comet-preview=\"message\" data-ad-preview=\"message\">\n<div class=\"j83agx80 cbu4d94t ew0dbk1b irj2b8pg\">\n<div class=\"qzhwtbm6 knvmm38d\">\n<div class=\"kvgmc6g5 cxmmr5t8 oygrvhab hcukyx3x c1et5uql ii04i59q\">\n<blockquote>\n<div dir=\"auto\"><em>&#8220;La differenza tra chi ha chiacchierato e chi ha fatto. La riedizione della Guida Lonely Planet avr\u00e0 il Pelmo in copertina. Un lavoro del passato che oggi \u00e8 ancora pi\u00f9 bello e interessante come tutte le Guide Lonely.\u00a0 La differenza tra chi ha chiacchierato e chi ha fatto&#8221;<\/em><span id=\"jsc_c_8oj\"><\/span><\/div>\n<\/blockquote>\n<\/div>\n<\/div>\n<\/div>\n<\/div>\n<\/div>\n<\/div>\n<\/div>\n<\/div>\n<\/div>\n<\/div>\n<\/div>\n<\/div>\n<\/div>\n<p>&nbsp;<\/p>\n<p>&nbsp;<\/p>\n<p>&nbsp;<\/p>\n<p>&nbsp;<\/p>\n<p>&nbsp;<\/p>\n<hr \/>\n<p>&nbsp;<\/p>\n<blockquote>\n<h3>PUNTI TAMPONI STRAORDINARI A PALUDI<\/h3>\n<p><strong>BELLUNO Come nei precedenti week end, l\u2019Ulss Dolomiti attiva per domani\u00a0 e domenica\u00a0 dalle 14.30 alle 18.30 un punto tamponi ad accesso libero a Paludi per persone con sintomatologia covid, per le quali non sia possibile rinviare il tampone nei giorni successivi. Sar\u00e0 presente un medico per un triage all\u2019ingresso e l\u2019eventuale prescrizione. Non\u00a0 \u00e8 quindi necessario chiamare il 118 o la Guardia medica per l\u2019impegnativa.<\/strong><\/p><\/blockquote>\n<p>&nbsp;<\/p>\n<hr \/>\n<p>&nbsp;<\/p>\n<blockquote>\n<h2>DOMANI L&#8217;ULTIMO SALUTO A MIRTA CAGNATI<\/h2>\n<\/blockquote>\n<p><strong><a href=\"https:\/\/www.radiopiu.net\/wordpress\/domani-lultimo-saluto-a-mirta-cagnati\/b2c1175a-68f9-444b-98a0-8bb9a6611cbf\/\" rel=\"attachment wp-att-257851\"><img loading=\"lazy\" decoding=\"async\" class=\"size-medium wp-image-257851 alignleft\" src=\"https:\/\/www.radiopiu.net\/wordpress\/wp-content\/uploads\/2022\/02\/b2c1175a-68f9-444b-98a0-8bb9a6611cbf-202x300.jpg\" alt=\"\" width=\"202\" height=\"300\" srcset=\"https:\/\/www.radiopiu.net\/wordpress\/wp-content\/uploads\/2022\/02\/b2c1175a-68f9-444b-98a0-8bb9a6611cbf-202x300.jpg 202w, https:\/\/www.radiopiu.net\/wordpress\/wp-content\/uploads\/2022\/02\/b2c1175a-68f9-444b-98a0-8bb9a6611cbf.jpg 690w\" sizes=\"auto, (max-width: 202px) 100vw, 202px\" \/><\/a> <\/strong><\/p>\n<p><strong>\u00a0<\/strong><\/p>\n<p><strong>\u00a0<\/strong><\/p>\n<p><strong>\u00a0<\/strong><\/p>\n<p><strong>CANALE D&#8217;AGORDO<\/strong> Si svolgeranno domani alle 14.30 a Canale d&#8217;Agordo i funerali di Mirta Cagnati che improvvisamente ha lasciato nel dolore l&#8217;ex marito Roberto, i figli Alessandro ed Erica, i fratelli Alida e Valter, i nipoti. Mirta Cagnati \u00e8 stata per lungo tempo un volto noto ad Agordo, negli uffici dell&#8217;allora Comunit\u00e0 Montana Agordina come ragioniera.<\/p>\n<p>&nbsp;<\/p>\n<p>&nbsp;<\/p>\n<p>&nbsp;<\/p>\n<p>&nbsp;<\/p>\n<p>&nbsp;<\/p>\n<p>&nbsp;<\/p>\n<hr \/>\n<p>&nbsp;<\/p>\n<p><span style=\"color: #ff0000;\"><strong>LAVORI IN CORSO E DA PROGRAMMARE<\/strong><\/span><\/p>\n<blockquote>\n<h3>IL MURO DI VIA TORTESEN, CHIUSO E NON SI SA FINO A QUANDO<\/h3>\n<\/blockquote>\n<p><strong>FELTRE \u00a0<\/strong>Non si conosce la data di riapertura del tratto di strada compreso fra l&#8217;uscita del Campus Tina Merlin sul ponte di Ognissanti e via Panoramica che da pi\u00f9 di un mese \u00e8 chiuso al traffico per un crollo del muro di sostegno.\u00a0<b> <\/b>Il gelo delle settimane scorse ha favorito le infiltrazioni dell&#8217;acqua derivata dalla nevicata di dicembre favorendo cos\u00ec il distaccamento di parte del muro di sostegno generando un vistoso crollo del muro e di una piccola parte della carreggiata.<b> <\/b>Residenti e fruitori si chiedono se il secondo crollo possa essere legato alle sollecitazioni dovute al traffico anche pesante.\u00a0 Necessita un intervento di sistemazione.<\/p>\n<p>&nbsp;<\/p>\n<blockquote>\n<h3>FRANA DI CANSECH<\/h3>\n<\/blockquote>\n<p><strong>\u00a0<\/strong><br \/>\n<strong>FELTRE<\/strong> Il\u00a0 progetto \u00e8 pronto per risolvere definitivamente il problema della frana in via Cansech, mettendo in sicurezza la stradina. Gli uffici municipali hanno dato il via alla formalizzazione del prestito da 160 mila euro con la Cassa depositi e prestiti per effettuare i lavori.<\/p>\n<p>&nbsp;<\/p>\n<hr \/>\n<p>&nbsp;<\/p>\n<p>&nbsp;<\/p>\n<blockquote>\n<h3>ROGO DI PIANEZZE IL PROPRIETARIO DEL TABIA&#8217; E&#8217; STATO ASSOLTO IN TRIBUNALE<\/h3>\n<\/blockquote>\n<p><strong><img loading=\"lazy\" decoding=\"async\" class=\"alignleft\" src=\"https:\/\/www.radiopiu.net\/wordpress\/wp-content\/uploads\/2019\/01\/WhatsApp-Image-2019-01-22-at-11.33.38-1.jpeg\" width=\"363\" height=\"272\" \/><\/strong><\/p>\n<p><strong>BELLUNO<\/strong> Il rogo di San Tomaso a Piaia non ha colpevoli. Dario Pianezze \u00e8 stato assolto dal reato di incendio colposo perch\u00e9 il fatto non costituisce reato, per l&#8217;iNsufficienza o la contraddittoriet\u00e0 delle prove. Non puo&#8217; che essere soddisfatto il difensore di fiducia, l&#8217;avvocato Marco Crepaz. Il Pm Tricoli era orientato per l&#8217;anno di reclusione. Ma non \u00e8 stata raggiunta la prova che le fiamme siano partite dalla stufa del fienile di Pianezze. Il giudice Angela Feletto nei prossimi 15 giorni scriver\u00e0 le motivazioni della sentenza. Nessuno dei vicini si \u00e8 costituito parte civile per i danni in sede penale, ma due proprietari di seconda casa hanno avviato le cause civili e questa sentenza potrebbe fare la differenza.<\/p>\n<blockquote>\n<h2><\/h2>\n<\/blockquote>\n<p><span style=\"color: #ff0000;\"><strong>NOTIZIARIO DEL 22 GENNAIO 2019<\/strong><\/span><\/p>\n<blockquote>\n<h2>PIAIA, TUTTO QUESTO NON C&#8217;E&#8217; PIU&#8217;: 4 FIENILI E 2 ABITAZIONI DISTRUTTE, UNA TERZA DANNEGGIATA MA SALVATA DALLE FIAMME<\/h2>\n<\/blockquote>\n<p><strong>SAN TOMASO<\/strong> Notte di fuoco a Piaia di San Tomaso, ieri sera attorno alle 20\u00a0 l&#8217;incendio. Le fiamme sono probabilmente scaturite da un fienile, il fuoco si \u00e8 poi propagato ad altri\u00a0 fienili, all&#8217;interno di uno di questi c&#8217;era una Fiat Panda che \u00e8 andata completamente distrutta facendo temere il peggio durante le operazioni di spegnimento per lo scoppio del serbatoio. Attorno alle 22 un altro potentissimo scoppio quando il fuoco ha raggiunto un bombolone del gas, fortunatamente non ci sono stati feriti. In tarda serata solo un cittadino della frazione \u00e8 rimasto leggermente ustionato e una signora ha trascorso la notte dai compaesani non potendo rimanere nella sua abitazione a causa del fumo. I vigili del fuoco in massa sono saliti a Piaia facendo miracoli anche per la scarsit\u00e0 d&#8217;acqua, ma sono riusciti a salvare il resto della abitazioni, poteva bruciare l&#8217;intera frazione. Il rogo ha causato danni alle linee elettriche che alimentano tralicci per la ripetizione dei segnali radio-televisivi e telefonici.<em> &#8220;Ho visto le fiamme da casa mia &#8211; racconta un residente della frazione- io abito lass\u00f9 vede? La mia casa \u00e8 quella in mezzo al bosco risparmiata dall&#8217;uragano del 29 ottobre, le altre due vicine sono invece state scoperchiate dal vento di fine ottobre. Sono subito sceso per vedere se potevo fare qualche cosa e mi sono anche procurato qualche ustione, ma niente di grave. Ho avvisato anche un mio amico che aveva l&#8217;auto in garage sopra un fienile distrutto, ero quasi intenzionato ad entrare, spaccare un vetro e salvare l&#8217;auto ma in pochi minuti qui \u00e8 scoppiato l&#8217;inferno, fiamme ovunque che hanno interessato i tre fienili e le due abitazioni una ristrutturata da poco, il proprietario vive a valle e la casa di Piaia la affitta, l&#8217;altra \u00e8 invece una seconda casa&#8221;. A notte fonda il sindaco di San Tomaso conter\u00e0 4 fienili bruciati, 2 abitazioni distrutte e una terza seriamente danneggiata<\/em><\/p>\n<p>&nbsp;<\/p>\n<p>&nbsp;<\/p>\n<hr \/>\n<p>&nbsp;<\/p>\n<blockquote>\n<h3>L&#8217;ANZIANO DI CORTINA NEL GIRO DI SQUILLO E NELLA TRAPPOLA DEL RICATTO<\/h3>\n<\/blockquote>\n<p><strong><a href=\"https:\/\/www.radiopiu.net\/wordpress\/lanziano-di-cortina-nel-giro-di-squillo-e-nella-trappola-del-ricatto\/th-309\/\" rel=\"attachment wp-att-257793\"><img loading=\"lazy\" decoding=\"async\" class=\"size-full wp-image-257793 alignleft\" src=\"https:\/\/www.radiopiu.net\/wordpress\/wp-content\/uploads\/2022\/02\/th.jpg\" alt=\"\" width=\"295\" height=\"169\" \/><\/a><span style=\"color: #ff0000;\">OGGI SUL CORRIERE DELLE ALPI<\/span><\/strong><br \/>\n<span style=\"color: #ff0000;\"><strong>di GIGI SOSSO<\/strong><\/span><\/p>\n<blockquote><p><em>O pagava o l&#8217;avrebbero accusato di minacce a una minore Nei guai un&#8217;amica romena dell&#8217;uomo e tre connazionali<\/em><\/p><\/blockquote>\n<p><strong>BELLUNO<\/strong> Un&#8217;estorsione da 15 mila euro sarebbe maturata ai danni di un ampezzano di una certa et\u00e0, nell&#8217;ambito di un presunto giro di squillo e con il coinvolgimento di una ragazza minorenne. Le indagini della Procura della Repubblica di Belluno si sono concentrate su quattro romeni: un&#8217;amica della vittima e altri tre connazionali. La vicenda \u00e8 di pochi mesi fa: il reato \u00e8 contestato ad agosto ed \u00e8 gi\u00e0 il momento dell&#8217;udienza preliminare. Ci sarebbero almeno due richieste di patteggiamento, uno degli imputati risulta irreperibile e l&#8217;ultimo sembra intenzionato ad andare al dibattimento. I difensori sono Valentina Stefani ed Enrico Gandin.. Il padrone di casa si \u00e8 visto chiedere il versamento di soldi, in caso contrario l&#8217;avrebbero denunciato per aver minacciato con un&#8217;arma la giovanissima per tentare un approccio sessuale&#8230;<\/p>\n<p>&nbsp;<\/p>\n<hr \/>\n<blockquote>\n<h3><\/h3>\n<h3>OFFESE ALLA POLIZIA DI STATO, IL SAP CHIEDE L&#8217;INTERVENTO DEL QUESTORE<\/h3>\n<\/blockquote>\n<blockquote><p><em>&#8220;Signor Questore La invitiamo ad assumere tutte le determinazioni che riterr\u00e0 necessarie per tutelare l\u2019immagine della Polizia di Stato e dei suoi appartenenti&#8221;.\u00a0<\/em><\/p><\/blockquote>\n<p><strong><img loading=\"lazy\" decoding=\"async\" class=\"alignleft\" src=\"https:\/\/www.radiopiu.net\/wordpress\/wp-content\/uploads\/2018\/03\/SAP-Sindacato-Autonomo-di-Polizia-sezione-Belluno-678x381.jpg\" width=\"205\" height=\"115\" \/>BELLUNO<\/strong> Il Sap, Sindacato Autonomo di Polizia di Belluno ha scritto al Questore dopo aver preso visione di una serie di commenti pubblicati sulla pagina facebook della Questura di Belluno\u00a0 gravemente offensivi nei confronti della Polizia di Stato e dei suoi appartenenti.\u00a0 Il 28 gennaio veniva pubblicata la foto di alcuni colleghi del servizio di sicurezza e soccorso in montagna. La foto ritraeva tre operatori in divisa durante un servizio di polizia. Un utente di facebook, registrato con il nome di Manuel Pit scriveva in commento al suddetto post: <em>\u201cBuongiorno traditori della Patria Vi ricordo che portare la mascherina E\u2019 reato penale, vi siete scordati il giuramento che avete fatto sulla Costituzione vi ho visto chiudere le nostre attivit\u00e0 per una pezza di carta andate in giro a controllare i Green pass e sanzionate chiunque Vergognatevi traditori della patria state violando le nostre leggi e la Costituzione Siete dei c******** voi e chi vi d\u00e0 il buongiorno la mattina<\/em> Un altro utente, tale Luca Ferro scriveva in modo gratuito: \u201cI*** solo i***\u201d.\u00a0 Un altro utente ancora, registrato come\u00a0 Conti Massimiliano \u201cSpero che vi spaccate tutte le ossa s*** m***\u201d . Le frasi riportate, chiaramente lesive dell\u2019immagine della Polizia di Stato e dei suoi operatori sono attualmente visibili sulla pagina della Questura e accessibili da chiunque, anche da chi non ha un profilo sulla piattaforma, mediante una semplice ricerca su google.<\/p>\n\n\t\t\t<style type='text\/css'>\n\t\t\t\t#gallery-2 {\n\t\t\t\t\tmargin: auto;\n\t\t\t\t}\n\t\t\t\t#gallery-2 .gallery-item {\n\t\t\t\t\tfloat: left;\n\t\t\t\t\tmargin-top: 10px;\n\t\t\t\t\ttext-align: center;\n\t\t\t\t\twidth: 33%;\n\t\t\t\t}\n\t\t\t\t#gallery-2 img {\n\t\t\t\t\tborder: 2px solid #cfcfcf;\n\t\t\t\t}\n\t\t\t\t#gallery-2 .gallery-caption {\n\t\t\t\t\tmargin-left: 0;\n\t\t\t\t}\n\t\t\t\t\/* see gallery_shortcode() in wp-includes\/media.php *\/\n\t\t\t<\/style>\n\t\t<div id='gallery-2' class='dt-gallery-container gallery galleryid-257614 gallery-columns-3 gallery-size-thumbnail'><dl class='gallery-item'>\n\t\t\t\t<dt class='gallery-icon portrait'>\n\t\t\t\t\t<a class=\"rollover rollover-zoom dt-pswp-item\" title=\"all. 2 - offese utente\" data-dt-img-description=\"\" data-large_image_width=\"945\" data-large_image_height=\"2048\"href='https:\/\/www.radiopiu.net\/wordpress\/wp-content\/uploads\/2022\/02\/all.-2-offese-utente.jpg'><img loading=\"lazy\" decoding=\"async\" width=\"150\" height=\"150\" src=\"https:\/\/www.radiopiu.net\/wordpress\/wp-content\/uploads\/2022\/02\/all.-2-offese-utente-150x150.jpg\" class=\"attachment-thumbnail size-thumbnail\" alt=\"\" \/><\/a>\n\t\t\t\t<\/dt><\/dl><dl class='gallery-item'>\n\t\t\t\t<dt class='gallery-icon portrait'>\n\t\t\t\t\t<a class=\"rollover rollover-zoom dt-pswp-item\" title=\"all. 3 - offese utenti\" data-dt-img-description=\"\" data-large_image_width=\"945\" data-large_image_height=\"2048\"href='https:\/\/www.radiopiu.net\/wordpress\/wp-content\/uploads\/2022\/02\/all.-3-offese-utenti.jpg'><img loading=\"lazy\" decoding=\"async\" width=\"150\" height=\"150\" src=\"https:\/\/www.radiopiu.net\/wordpress\/wp-content\/uploads\/2022\/02\/all.-3-offese-utenti-150x150.jpg\" class=\"attachment-thumbnail size-thumbnail\" alt=\"\" \/><\/a>\n\t\t\t\t<\/dt><\/dl><dl class='gallery-item'>\n\t\t\t\t<dt class='gallery-icon portrait'>\n\t\t\t\t\t<a class=\"rollover rollover-zoom dt-pswp-item\" title=\"all. 1 - post Questura\" data-dt-img-description=\"\" data-large_image_width=\"945\" data-large_image_height=\"2048\"href='https:\/\/www.radiopiu.net\/wordpress\/wp-content\/uploads\/2022\/02\/all.-1-post-Questura.jpg'><img loading=\"lazy\" decoding=\"async\" width=\"150\" height=\"150\" src=\"https:\/\/www.radiopiu.net\/wordpress\/wp-content\/uploads\/2022\/02\/all.-1-post-Questura-150x150.jpg\" class=\"attachment-thumbnail size-thumbnail\" alt=\"\" \/><\/a>\n\t\t\t\t<\/dt><\/dl><br style=\"clear: both\" \/>\n\t\t\t<\/div>\n\n<p>&nbsp;<\/p>\n<hr \/>\n<p>&nbsp;<\/p>\n<blockquote>\n<h3>PAESI CHE CAMBIANO I NOMI PER ERRORI DI ORTOGRAFIA<\/h3>\n<\/blockquote>\n<p><strong>TAIBON<\/strong> Ormai da anni per un errore dell&#8217;allora maestra Libera Rossi (nell&#8217;amministrazione comunale della Democrazia Cristiana) c&#8217;\u00e8 una frazione del paese che ha cambiato nome Ronch de Bos \u00e8 infatti diventata Ronch de Buos e le ultime cartine riportano&#8230; l&#8217;errore. Inutili i tentativi degli abitanti della frazioni di tornare alla denominazione originale per la frazione attorno all&#8217;osteria del Piano. Eppure c&#8217;\u00e8 un vecchio cartello (che indica la strada per la frazione alta) dove il nome \u00e8 riportato correttamente, \u00e8 un cartello vecchio, precedente a quello con l&#8217;errore che nessuno si \u00e8 mai degnato di rimuovere e ammettere appunto il grossolano errore. Sarebbe forse stato diverso se una frazione come ad esempio Coi fosse diventato Cui (termine dialettale per indicare il sedere), siamo certi che\u00a0 in questo caso la correzione sarebbe stata immediata giusto per non essere presi per i fondelli.<\/p>\n<p>&nbsp;<\/p>\n\n\t\t\t<style type='text\/css'>\n\t\t\t\t#gallery-3 {\n\t\t\t\t\tmargin: auto;\n\t\t\t\t}\n\t\t\t\t#gallery-3 .gallery-item {\n\t\t\t\t\tfloat: left;\n\t\t\t\t\tmargin-top: 10px;\n\t\t\t\t\ttext-align: center;\n\t\t\t\t\twidth: 33%;\n\t\t\t\t}\n\t\t\t\t#gallery-3 img {\n\t\t\t\t\tborder: 2px solid #cfcfcf;\n\t\t\t\t}\n\t\t\t\t#gallery-3 .gallery-caption {\n\t\t\t\t\tmargin-left: 0;\n\t\t\t\t}\n\t\t\t\t\/* see gallery_shortcode() in wp-includes\/media.php *\/\n\t\t\t<\/style>\n\t\t<div id='gallery-3' class='dt-gallery-container gallery galleryid-257614 gallery-columns-3 gallery-size-thumbnail'><dl class='gallery-item'>\n\t\t\t\t<dt class='gallery-icon landscape'>\n\t\t\t\t\t<a class=\"rollover rollover-zoom dt-pswp-item\" title=\"aa9b0584-e2d0-4c90-b6e0-ee5a31857005\" data-dt-img-description=\"\" data-large_image_width=\"1920\" data-large_image_height=\"1080\"href='https:\/\/www.radiopiu.net\/wordpress\/wp-content\/uploads\/2022\/02\/aa9b0584-e2d0-4c90-b6e0-ee5a31857005.jpg'><img loading=\"lazy\" decoding=\"async\" width=\"150\" height=\"150\" src=\"https:\/\/www.radiopiu.net\/wordpress\/wp-content\/uploads\/2022\/02\/aa9b0584-e2d0-4c90-b6e0-ee5a31857005-150x150.jpg\" class=\"attachment-thumbnail size-thumbnail\" alt=\"\" \/><\/a>\n\t\t\t\t<\/dt><\/dl><dl class='gallery-item'>\n\t\t\t\t<dt class='gallery-icon landscape'>\n\t\t\t\t\t<a class=\"rollover rollover-zoom dt-pswp-item\" title=\"fc66b4b7-fe1f-44fa-90d4-55bbd4ab368a\" data-dt-img-description=\"\" data-large_image_width=\"1920\" data-large_image_height=\"1080\"href='https:\/\/www.radiopiu.net\/wordpress\/wp-content\/uploads\/2022\/02\/fc66b4b7-fe1f-44fa-90d4-55bbd4ab368a.jpg'><img loading=\"lazy\" decoding=\"async\" width=\"150\" height=\"150\" src=\"https:\/\/www.radiopiu.net\/wordpress\/wp-content\/uploads\/2022\/02\/fc66b4b7-fe1f-44fa-90d4-55bbd4ab368a-150x150.jpg\" class=\"attachment-thumbnail size-thumbnail\" alt=\"\" \/><\/a>\n\t\t\t\t<\/dt><\/dl><dl class='gallery-item'>\n\t\t\t\t<dt class='gallery-icon landscape'>\n\t\t\t\t\t<a class=\"rollover rollover-zoom dt-pswp-item\" title=\"614c0d0f-f047-45fe-9d86-d779a8707789\" data-dt-img-description=\"\" data-large_image_width=\"1920\" data-large_image_height=\"1080\"href='https:\/\/www.radiopiu.net\/wordpress\/wp-content\/uploads\/2022\/02\/614c0d0f-f047-45fe-9d86-d779a8707789.jpg'><img loading=\"lazy\" decoding=\"async\" width=\"150\" height=\"150\" src=\"https:\/\/www.radiopiu.net\/wordpress\/wp-content\/uploads\/2022\/02\/614c0d0f-f047-45fe-9d86-d779a8707789-150x150.jpg\" class=\"attachment-thumbnail size-thumbnail\" alt=\"\" \/><\/a>\n\t\t\t\t<\/dt><\/dl><br style=\"clear: both\" \/>\n\t\t\t<\/div>\n\n<p>&nbsp;<\/p>\n<p><strong>Ad Agordo<\/strong> sta accadendo la stessa cosa a Colvignas, lo ha messo in evidenza <span class=\"\"><span class=\"nc684nl6\"><a class=\"oajrlxb2 g5ia77u1 qu0x051f esr5mh6w e9989ue4 r7d6kgcz rq0escxv nhd2j8a9 nc684nl6 p7hjln8o kvgmc6g5 cxmmr5t8 oygrvhab hcukyx3x jb3vyjys rz4wbd8a qt6c0cv9 a8nywdso i1ao9s8h esuyzwwr f1sip0of lzcic4wl gmql0nx0 gpro0wi8\" tabindex=\"0\" role=\"link\" href=\"https:\/\/www.facebook.com\/groups\/1420205028223120\/user\/1098728233\/?__cft__[0]=AZWfoxh9-deNqhcdeISL7grJ6bJLh6B8dWJ3YNP-crJ04VHjnENd_Bs2OOuV1Ej51CXU7A4N07oDHmQ-O90ZQlvL41tzAV9vpw5MGH0qqU0cRonSPRbxs-oUlgeJnKcPJzipaXn0ncspRBY4m7yP_3R6tRnee3cFcYfdCbJlbaT5CXgo7umoIJAMIO_At2WzyPBD17-J_KAD3VoL6wh63OiF&amp;__tn__=R]-R\"><span class=\"pq6dq46d\"><span class=\"d2edcug0 hpfvmrgz qv66sw1b c1et5uql lr9zc1uh a8c37x1j fe6kdd0r mau55g9w c8b282yb keod5gw0 nxhoafnm aigsh9s9 d9wwppkn mdeji52x e9vueds3 j5wam9gi lrazzd5p oo9gr5id\" dir=\"auto\">Christian De Pellegrin<\/span><\/span><\/a><\/span><\/span> sulla pagina facebook <em>&#8220;Sei di Agordo Se&#8230;&#8221;Secondo voi &#8211; scrive &#8211;\u00a0 si dice Coldegnas o Codegnas? Noi abbiamo sempre detto Coldegnas. Il cartello \u00e8 giusto o manca una lettera?&#8221;\u00a0<\/em>In coro le risposte non solo da Rif,\u00a0 per ricordare che il colle dei gnas (o delle vigne) si chiama COLDEGNAS e anche in questo caso i cartelli datati lo confermano. <span class=\"\"><span class=\"nc684nl6\"><a class=\"oajrlxb2 g5ia77u1 qu0x051f esr5mh6w e9989ue4 r7d6kgcz rq0escxv nhd2j8a9 nc684nl6 p7hjln8o kvgmc6g5 cxmmr5t8 oygrvhab hcukyx3x jb3vyjys rz4wbd8a qt6c0cv9 a8nywdso i1ao9s8h esuyzwwr f1sip0of lzcic4wl gmql0nx0 gpro0wi8\" tabindex=\"0\" role=\"link\" href=\"https:\/\/www.facebook.com\/groups\/1420205028223120\/user\/100075844706985\/?__cft__[0]=AZWfoxh9-deNqhcdeISL7grJ6bJLh6B8dWJ3YNP-crJ04VHjnENd_Bs2OOuV1Ej51CXU7A4N07oDHmQ-O90ZQlvL41tzAV9vpw5MGH0qqU0cRonSPRbxs-oUlgeJnKcPJzipaXn0ncspRBY4m7yP_3R6tRnee3cFcYfdCbJlbaT5CXgo7umoIJAMIO_At2WzyPBD17-J_KAD3VoL6wh63OiF&amp;__tn__=R]-R\"><span class=\"pq6dq46d\"><span class=\"d2edcug0 hpfvmrgz qv66sw1b c1et5uql lr9zc1uh a8c37x1j fe6kdd0r mau55g9w c8b282yb keod5gw0 nxhoafnm aigsh9s9 d9wwppkn mdeji52x e9vueds3 j5wam9gi lrazzd5p oo9gr5id\" dir=\"auto\">Loris Santomaso<\/span><\/span><\/a> <em>&#8220;<\/em><\/span><\/span><em>In effetti il toponimo dialettale \u00e8 errato: manca la L e la \u00c0 finale va accentata, quindi COLDEGN\u00c0S come riportato dall&#8217;opera di Tito De Nardin e Giovanni Tomasi; inoltre anche la A di \u00c0gort va opportunamente accentata&#8221;.<\/em> Tutto sommato anche per Coldegnas \u00e8 andata bene, poteva anche uscirne un Culdegnas&#8230;<\/p>\n\n\t\t\t<style type='text\/css'>\n\t\t\t\t#gallery-4 {\n\t\t\t\t\tmargin: auto;\n\t\t\t\t}\n\t\t\t\t#gallery-4 .gallery-item {\n\t\t\t\t\tfloat: left;\n\t\t\t\t\tmargin-top: 10px;\n\t\t\t\t\ttext-align: center;\n\t\t\t\t\twidth: 33%;\n\t\t\t\t}\n\t\t\t\t#gallery-4 img {\n\t\t\t\t\tborder: 2px solid #cfcfcf;\n\t\t\t\t}\n\t\t\t\t#gallery-4 .gallery-caption {\n\t\t\t\t\tmargin-left: 0;\n\t\t\t\t}\n\t\t\t\t\/* see gallery_shortcode() in wp-includes\/media.php *\/\n\t\t\t<\/style>\n\t\t<div id='gallery-4' class='dt-gallery-container gallery galleryid-257614 gallery-columns-3 gallery-size-medium'><dl class='gallery-item'>\n\t\t\t\t<dt class='gallery-icon portrait'>\n\t\t\t\t\t<a class=\"rollover rollover-zoom dt-pswp-item\" title=\"273147792_10221515667896601_2854629732629416016_n\" data-dt-img-description=\"\" data-large_image_width=\"526\" data-large_image_height=\"701\"href='https:\/\/www.radiopiu.net\/wordpress\/wp-content\/uploads\/2022\/02\/273147792_10221515667896601_2854629732629416016_n-1.jpg'><img loading=\"lazy\" decoding=\"async\" width=\"225\" height=\"300\" src=\"https:\/\/www.radiopiu.net\/wordpress\/wp-content\/uploads\/2022\/02\/273147792_10221515667896601_2854629732629416016_n-1-225x300.jpg\" class=\"attachment-medium size-medium\" alt=\"\" aria-describedby=\"gallery-4-257684\" srcset=\"https:\/\/www.radiopiu.net\/wordpress\/wp-content\/uploads\/2022\/02\/273147792_10221515667896601_2854629732629416016_n-1-225x300.jpg 225w, https:\/\/www.radiopiu.net\/wordpress\/wp-content\/uploads\/2022\/02\/273147792_10221515667896601_2854629732629416016_n-1.jpg 526w\" sizes=\"auto, (max-width: 225px) 100vw, 225px\" \/><\/a>\n\t\t\t\t<\/dt>\n\t\t\t\t\t<dd class='wp-caption-text gallery-caption' id='gallery-4-257684'>\n\t\t\t\t\til nuovo\n\t\t\t\t\t<\/dd><\/dl><dl class='gallery-item'>\n\t\t\t\t<dt class='gallery-icon portrait'>\n\t\t\t\t\t<a class=\"rollover rollover-zoom dt-pswp-item\" title=\"273130175_10221516571359187_420182852335922804_n\" data-dt-img-description=\"\" data-large_image_width=\"1511\" data-large_image_height=\"2015\"href='https:\/\/www.radiopiu.net\/wordpress\/wp-content\/uploads\/2022\/02\/273130175_10221516571359187_420182852335922804_n-2.jpg'><img loading=\"lazy\" decoding=\"async\" width=\"225\" height=\"300\" src=\"https:\/\/www.radiopiu.net\/wordpress\/wp-content\/uploads\/2022\/02\/273130175_10221516571359187_420182852335922804_n-2-225x300.jpg\" class=\"attachment-medium size-medium\" alt=\"\" srcset=\"https:\/\/www.radiopiu.net\/wordpress\/wp-content\/uploads\/2022\/02\/273130175_10221516571359187_420182852335922804_n-2-225x300.jpg 225w, https:\/\/www.radiopiu.net\/wordpress\/wp-content\/uploads\/2022\/02\/273130175_10221516571359187_420182852335922804_n-2-768x1024.jpg 768w, https:\/\/www.radiopiu.net\/wordpress\/wp-content\/uploads\/2022\/02\/273130175_10221516571359187_420182852335922804_n-2-1152x1536.jpg 1152w, https:\/\/www.radiopiu.net\/wordpress\/wp-content\/uploads\/2022\/02\/273130175_10221516571359187_420182852335922804_n-2.jpg 1511w\" sizes=\"auto, (max-width: 225px) 100vw, 225px\" \/><\/a>\n\t\t\t\t<\/dt><\/dl><dl class='gallery-item'>\n\t\t\t\t<dt class='gallery-icon landscape'>\n\t\t\t\t\t<a class=\"rollover rollover-zoom dt-pswp-item\" title=\"273203122_10224708225247416_8063490848497536957_n\" data-dt-img-description=\"\" data-large_image_width=\"1422\" data-large_image_height=\"640\"href='https:\/\/www.radiopiu.net\/wordpress\/wp-content\/uploads\/2022\/02\/273203122_10224708225247416_8063490848497536957_n-1.jpg'><img loading=\"lazy\" decoding=\"async\" width=\"300\" height=\"135\" src=\"https:\/\/www.radiopiu.net\/wordpress\/wp-content\/uploads\/2022\/02\/273203122_10224708225247416_8063490848497536957_n-1-300x135.jpg\" class=\"attachment-medium size-medium\" alt=\"\" aria-describedby=\"gallery-4-257682\" srcset=\"https:\/\/www.radiopiu.net\/wordpress\/wp-content\/uploads\/2022\/02\/273203122_10224708225247416_8063490848497536957_n-1-300x135.jpg 300w, https:\/\/www.radiopiu.net\/wordpress\/wp-content\/uploads\/2022\/02\/273203122_10224708225247416_8063490848497536957_n-1-1024x461.jpg 1024w, https:\/\/www.radiopiu.net\/wordpress\/wp-content\/uploads\/2022\/02\/273203122_10224708225247416_8063490848497536957_n-1-768x346.jpg 768w, https:\/\/www.radiopiu.net\/wordpress\/wp-content\/uploads\/2022\/02\/273203122_10224708225247416_8063490848497536957_n-1.jpg 1422w\" sizes=\"auto, (max-width: 300px) 100vw, 300px\" \/><\/a>\n\t\t\t\t<\/dt>\n\t\t\t\t\t<dd class='wp-caption-text gallery-caption' id='gallery-4-257682'>\n\t\t\t\t\til lavoro di Tomasi e De Nardin\n\t\t\t\t\t<\/dd><\/dl><br style=\"clear: both\" \/>\n\t\t\t<\/div>\n\n<p><strong>L&#8217;OPINIONE<\/strong><br \/>\n<strong>di\u00a0 TIZIANO DE COL<\/strong><\/p>\n<p><em>Colvignas , oppure Coldegnas o ancora Col de gnass ? E&#8217; l&#8217;eterno problema dei toponimi, esistevano a voce da tempi immemori , nel medioevo sono stati scritti da notai, magari storpiandoli, latinizzandoli o italianizzandoli (scritti e non trascritti perch\u00e8 non esistevano scritti). Poi ancora nei Catasti ed Estimi della Serenissima, Catasti Napoleonici, Austriaci, Italiani sono stati &#8221; riscritti&#8221; dai periti rilevatori . Magari su giusta indicazione di persone locali ma con errata scrittura, anche perch\u00e8, per esempio, in italiano mancano i simboli per il TH interdentale o la D palatizzata\u00a0 (la differenza tra &#8220;straza&#8221; e &#8220;strada&#8221; pronunciate in lingua locale di Agordo e dintorni. <\/em>Il fatto stesso che per scrivere la C &#8220;dura&#8221; a fine parola in italiano non si usi la K ma il \u201cCH\u201d. Gli accenti (che noi usiamo purtroppo poco, sono inoltre fondamentali per la giusta dizione ). Anche le carte topografiche dell\u2019 Istituto Geografico Militare hanno fatto la loro parte nella casistica degli errori in toponomastica. Poi gli errori di scrittura nella stampa dei cartelli completano il ciclo .<\/p>\n<p>&nbsp;<\/p>\n<hr \/>\n<p>&nbsp;<\/p>\n<blockquote>\n<h3>RASERA BERNA SALE IN CATTEDRA &#8220;CARO ADDAMIANO SEGUA LA PROCEDURA&#8221;<\/h3>\n<\/blockquote>\n<blockquote>\n<h3><em>omnia tempus habent<\/em><\/h3>\n<\/blockquote>\n<p><strong><a href=\"https:\/\/www.radiopiu.net\/wordpress\/vetblad1a\/image-220\/\" rel=\"attachment wp-att-257726\"><img loading=\"lazy\" decoding=\"async\" class=\"wp-image-257726 alignleft\" src=\"https:\/\/www.radiopiu.net\/wordpress\/wp-content\/uploads\/2022\/02\/image-211x300.jpg\" alt=\"\" width=\"95\" height=\"135\" srcset=\"https:\/\/www.radiopiu.net\/wordpress\/wp-content\/uploads\/2022\/02\/image-211x300.jpg 211w, https:\/\/www.radiopiu.net\/wordpress\/wp-content\/uploads\/2022\/02\/image.jpg 225w\" sizes=\"auto, (max-width: 95px) 100vw, 95px\" \/><\/a>BELLUNO<\/strong> Il consigliere Raffaele Addamiano dopo una prima mozione priva di risposta ha messo mano al portafogli producendo per conto proprio le vetrofanie per abbellire il centro o meglio le vetrine dei negozi sfitti. Diversamente da ottobre ora la risposta \u00e8 immediata, poche ore dopo l&#8217;annuncio che ha trovato vasta eco sugli organi di informazione, radio, web, televisioni e giornali. Infatti il Presidente del Consiglio Comunale Francesco Rasera Berna riscontra e risponde: <em>&#8220;Non competono al sottoscritto e all&#8217;ufficio organi collegiali le eventuali iniziative operative conseguenti, tuttavia ritengo utile segnalarle che la semplice azione di lasciare degli oggetti presso un ufficio comunale necessita dell&#8217;opportuna veste giuridica&#8221;. Sempre rivolgendosi al noto avvocato bellunese Berna insiste &#8220;Nella lettera di parla di donazione, sarebbe utile seguire la semplice procedura (ma sempre di procedura si tratta) per l&#8217;effettuazione di donazioni di beni di modico valore, come gi\u00e0 fatto recentemente da altri consiglieri donando la panchina per il piazzale Toni Hiebeler&#8221;<\/em><\/p>\n<p>&nbsp;<\/p>\n<p><span style=\"color: #ff0000;\"><strong>ieri ALLA RADIO<\/strong><\/span><\/p>\n<blockquote>\n<h3>LOTTA AL DEGRADO. RAFFAELE ADDAMIANO PROCURA LE VETROFANIE PER I NEGOZI CHIUSI.<\/h3>\n<\/blockquote>\n<p><strong><a href=\"https:\/\/www.radiopiu.net\/wordpress\/giornale-radiopiu-03-febbraio-2022-direttore-mirko-mezzacasa\/be579e86-3634-4cd8-858d-dd92ee2d2b41\/\" rel=\"attachment wp-att-257586\"><img loading=\"lazy\" decoding=\"async\" class=\" wp-image-257586 alignleft\" src=\"https:\/\/www.radiopiu.net\/wordpress\/wp-content\/uploads\/2022\/02\/be579e86-3634-4cd8-858d-dd92ee2d2b41-300x169.jpg\" alt=\"\" width=\"259\" height=\"146\" srcset=\"https:\/\/www.radiopiu.net\/wordpress\/wp-content\/uploads\/2022\/02\/be579e86-3634-4cd8-858d-dd92ee2d2b41-300x169.jpg 300w, https:\/\/www.radiopiu.net\/wordpress\/wp-content\/uploads\/2022\/02\/be579e86-3634-4cd8-858d-dd92ee2d2b41-1024x577.jpg 1024w, https:\/\/www.radiopiu.net\/wordpress\/wp-content\/uploads\/2022\/02\/be579e86-3634-4cd8-858d-dd92ee2d2b41-768x433.jpg 768w, https:\/\/www.radiopiu.net\/wordpress\/wp-content\/uploads\/2022\/02\/be579e86-3634-4cd8-858d-dd92ee2d2b41-1536x866.jpg 1536w, https:\/\/www.radiopiu.net\/wordpress\/wp-content\/uploads\/2022\/02\/be579e86-3634-4cd8-858d-dd92ee2d2b41.jpg 2048w\" sizes=\"auto, (max-width: 259px) 100vw, 259px\" \/><\/a>BELLUNO\u00a0<\/strong> <em>&#8220;Stante l\u2019inerzia\u00a0 dell\u2019Amministrazione Comunale,\u00a0 le faccio avere con la presente una serie di vetrofanie raffiguranti la Citt\u00e0 Capoluogo che potr\u00e0 usare per rendere finalmente il nostro contesto urbano pi\u00f9 gradevole e piacevole con ogni conseguente positiva ricaduta di immagine, commerciale e, da ultimo, turistica&#8221;<\/em>. Lo ha scritto Raffaele Addamiano al sindaco Jacopo Massaro e al Presidente del Consiglio Comunale Francesco Rasera Berna facendo notare come dallo scorso autunno ad oggi non sia successo nulla. Di qui l&#8217;iniziativa del consigliere comunale di&#8230;procedere con il materiale liberamente donato dallo stesso Addamiano traducendo in pratica il contenuto della mozione di ottobre.<\/p>\n<p>di MORENO GIOLI<\/p>\n<audio class=\"wp-audio-shortcode\" id=\"audio-257614-1\" preload=\"none\" style=\"width: 100%;\" controls=\"controls\"><source type=\"audio\/mpeg\" src=\"https:\/\/www.radiopiu.net\/wordpress\/wp-content\/uploads\/2022\/02\/mprenooooo.mp3?_=1\" \/><a href=\"https:\/\/www.radiopiu.net\/wordpress\/wp-content\/uploads\/2022\/02\/mprenooooo.mp3\">https:\/\/www.radiopiu.net\/wordpress\/wp-content\/uploads\/2022\/02\/mprenooooo.mp3<\/a><\/audio>\n<p>&nbsp;<\/p>\n<p>&nbsp;<\/p>\n<p>&nbsp;<\/p>\n<p>&nbsp;<\/p>\n<hr \/>\n<p>&nbsp;<\/p>\n<blockquote>\n<h3>ACC. CONFINDUSTRIA BELLUNO &#8220;SE CI SARA&#8217; PERSONALE IN ESUBERO, PRONTI A FARE LA NOSTRA PARTE&#8221;<\/h3>\n<\/blockquote>\n<p><strong><a href=\"https:\/\/www.radiopiu.net\/wordpress\/lu-ve-group-presentata-lofferta-dacquisto-produzione-da-convertire\/download-1170\/\" rel=\"attachment wp-att-257317\"><img loading=\"lazy\" decoding=\"async\" class=\" wp-image-257317 alignleft\" src=\"https:\/\/www.radiopiu.net\/wordpress\/wp-content\/uploads\/2022\/02\/download.png\" alt=\"\" width=\"216\" height=\"143\" \/><\/a>BELLUNO<\/strong> Ci sono imprese che cercano e non trovano personale, a tutti i livelli. Per questo motivo, Confindustria Belluno Dolomiti \u00e8 disponibile a farsi da tramite per mettere in contatto ACC con altre aziende del territorio, al fine di riassorbire l\u2019eventuale personale in esubero.<em> \u201cAnche negli ultimi giorni \u2013 racconta la presidente Lorraine Berton \u2013 ho ricevuto numerose telefonate da parte di aziende associate che cercano e non trovano personale. \u00c8 dunque fondamentale mettere in campo tutte le azioni possibili, nel breve e nel medio-lungo periodo&#8221;\u00a0 <\/em>Nel breve, gestendo situazioni come Acc: se saranno previsti esuberi, ci sono le condizioni per pensare a una ricollocazione di personale in altre imprese del territorio e Confindustria Belluno Dolomiti \u00e8 disponibile ad avere un ruolo attivo. <em>\u201cFortunatamente \u2013 aggiunge il presidente dell\u2019Associazione tra gli Industriali bellunesi \u2013 buone notizie arrivano anche per l\u2019altra situazione di crisi industriale che riguarda la Sinistra Piave: Ideal Standard. Sappiamo che c\u2019\u00e8 una cordata di imprenditori molto importanti disponibili ad investire per il rilancio di questa storica fabbrica della nostra provincia&#8221;.<\/em><\/p>\n<p>&nbsp;<\/p>\n<hr \/>\n<p>&nbsp;<\/p>\n<blockquote>\n<h3>RUDY ROFFARE&#8217; NELLO STAFF DELLA CISL VENETO<\/h3>\n<\/blockquote>\n<blockquote><p><em>Il sindacalista di Alpago si occuper\u00e0 di politiche del lavoro<\/em><\/p><\/blockquote>\n<p><strong> <a href=\"https:\/\/www.radiopiu.net\/wordpress\/rudy-roffare-nello-staff-della-cisl-veneto\/8d375d58-b912-497f-83f3-c3db0537b0f6\/\" rel=\"attachment wp-att-257773\"><img loading=\"lazy\" decoding=\"async\" class=\"size-medium wp-image-257773 alignleft\" src=\"https:\/\/www.radiopiu.net\/wordpress\/wp-content\/uploads\/2022\/02\/8d375d58-b912-497f-83f3-c3db0537b0f6-300x200.jpg\" alt=\"\" width=\"300\" height=\"200\" srcset=\"https:\/\/www.radiopiu.net\/wordpress\/wp-content\/uploads\/2022\/02\/8d375d58-b912-497f-83f3-c3db0537b0f6-300x200.jpg 300w, https:\/\/www.radiopiu.net\/wordpress\/wp-content\/uploads\/2022\/02\/8d375d58-b912-497f-83f3-c3db0537b0f6-1024x682.jpg 1024w, https:\/\/www.radiopiu.net\/wordpress\/wp-content\/uploads\/2022\/02\/8d375d58-b912-497f-83f3-c3db0537b0f6-768x512.jpg 768w, https:\/\/www.radiopiu.net\/wordpress\/wp-content\/uploads\/2022\/02\/8d375d58-b912-497f-83f3-c3db0537b0f6-1536x1023.jpg 1536w, https:\/\/www.radiopiu.net\/wordpress\/wp-content\/uploads\/2022\/02\/8d375d58-b912-497f-83f3-c3db0537b0f6.jpg 1600w\" sizes=\"auto, (max-width: 300px) 100vw, 300px\" \/><\/a>TREVISO-BELLUNO<\/strong> Rudy Roffar\u00e8 entra\u00a0 nello staff della Unione sindacale regionale. 50 anni, di Alpago, Roffar\u00e8 \u00e8 un volto storico della Cisl bellunese e, dal 2013, della Unione interprovinciale Belluno Treviso. Dopo 25 anni di attivit\u00e0 nella Cisl territoriale, \u00e8 stato chiamato a Mestre per occuparsi dello IAL, (acronimo di \u201cInnovazione Apprendimento Lavoro\u201d) del Veneto, impresa sociale fondata dalla Cisl, attiva in tutta Italia e operante nel campo della formazione professionale e continua e delle politiche del lavoro.<\/p>\n<p><strong>AI MICROFONI DI RADIO PIU&#8217;, RUDY ROFFARE&#8217;<\/strong><\/p>\n<blockquote><p><em>&#8220;25 anni di CIsl, con bellissimi ricordi legati a Luxottica, con Paolo Chissal\u00e8, Claudio Pra e tantissimi altri amici &#8221;\u00a0<\/em><\/p>\n<p>&nbsp;<\/p><\/blockquote>\n<audio class=\"wp-audio-shortcode\" id=\"audio-257614-2\" preload=\"none\" style=\"width: 100%;\" controls=\"controls\"><source type=\"audio\/mpeg\" src=\"https:\/\/www.radiopiu.net\/wordpress\/wp-content\/uploads\/2022\/02\/rudi.mp3?_=2\" \/><a href=\"https:\/\/www.radiopiu.net\/wordpress\/wp-content\/uploads\/2022\/02\/rudi.mp3\">https:\/\/www.radiopiu.net\/wordpress\/wp-content\/uploads\/2022\/02\/rudi.mp3<\/a><\/audio>\n<blockquote><p><em>\u00a0<\/em><\/p>\n<p><em>Roffar\u00e8 ha avviato l\u2019attivit\u00e0 sindacale nel 1997, come operatore della Federazione dei lavoratori del tessile nella zona di Feltre. Nel 2000 \u00e8 diventato segretario della Femca Cisl Belluno, nel 2010 il suo ingresso nella segreteria confederale bellunese, e, con l\u2019unificazione di Treviso e Belluno del 2013, in quella interprovinciale, di cui \u00e8 stato segretario generale aggiunto dal 2016 al 2020 e attualmente componente dello staff di segretaria. Nel corso della venticinquennale esperienza nella Cisl territoriale si \u00e8 occupato di contrattazione aziendale, negoziazione sociale, bilateralit\u00e0, industria, artigianato e del settore socio-sanitario.<\/em><\/p><\/blockquote>\n<p>&nbsp;<\/p>\n<hr \/>\n<p>&nbsp;<\/p>\n<blockquote>\n<h3>AD ARABBA LUCI ACCESE ALLA PIAZZOLA DI ELISOCCORSO<\/h3>\n<\/blockquote>\n<p>&nbsp;<\/p>\n<p><strong>LIVINALLONGO <\/strong>Grazie ad un importante investimento dell\u2019Amministrazione comunale di Livinallongo, da ieri sera la piazzola, omologata ENAC, di Arabba potr\u00e0 essere attivata da remoto dalla Centrale operativa SUEM. Attraverso un cellulare abilitato, infatti, sar\u00e0 possibile accendere le luci da remoto, mediante l&#8217;invio di codici tramite SMS. Inoltre, \u00e8 stato installato un sistema di videosorveglianza, visualizzabili sia su computer che su cellulare abilitato, per poter controllare in ogni momento le condizioni dell\u2019approdo (presenza di neve etc), funzione estremamente utile per la Centrale Operativa. Un altro importante e innovativo passo per rendere sempre pi\u00f9 facile e sicuro il volo notturno nel nostro territorio. <em>\u00abRingrazio il sindaco di Livinallongo, Leandro Grones, che ha investito per potenziare e rendere pi\u00f9 sicuro e funzionale l\u2019approdo per il volo notturno ad Arabba, utile per l\u2019intero Alto Agordino\u00bb,<\/em> commenta il Direttore Generale Maria Grazia Carraro.<strong><img decoding=\"async\" src=\"https:\/\/www.radiopiu.net\/wordpress\/wp-content\/uploads\/2022\/02\/arabba-1.jpeg\" \/><\/strong><\/p>\n<p>&nbsp;<\/p>\n<p>&nbsp;<\/p>\n<p>&nbsp;<\/p>\n<p>&nbsp;<\/p>\n<hr \/>\n<h3>\u00a0 <span style=\"font-size: 14px; font-weight: normal;\">\u00a0<\/span><\/h3>\n<blockquote>\n<h3>LA PRESENTAZIONE DEI CORSI DI FORMAZIONE PER DIVENTARE OSS<\/h3>\n<\/blockquote>\n<p><strong>BELLUNO<\/strong> La conferenza stampa dell&#8217;Ulss 1 Dolomiti per la presentazione dei corsi di formazione per diventare OSS<\/p>\n<p>La dottoressa Maria Grazia Carraro ricorda l&#8217;importanza degli Oss per la struttura Ulss. Entro fine anno saranno disponibili una sessantina di posti di lavoro. Non sempre emerge la particolarit\u00e0 di questo lavoro e le soddisfazioni, anche per persone che hanno fatto anche altre esperienze professionali. L&#8217;attestato al termine dei corsi teorici e pratici si puo&#8217; utilizzare ovunque, nel pubblico e nel privato su tutto il territorio nazionale <em>&#8220;Tifo perche&#8217; si lavori nel bellunese&#8221; <\/em>ha concluso la Carraro. La selezione \u00e8 fissata per il 15 febbraio. <strong>COSA NON CONVINCE LE PERSONE A PARTECIPARE?<\/strong> C&#8217;\u00e8 l&#8217;idea che la persona si occupi solo dell&#8217;igiene della persona, oggi non \u00e8 piu&#8217; cosi&#8217;, la professione da la possibilit\u00e0 di sviluppare il rapporto interpersonale. Il ricovero all&#8217;esempio, l&#8217;operatore \u00e8 la persona che per prima al mattino entra nella stanza e li&#8217; ci entra piu&#8217; frequentemente. Non lavorano da soli, ma sono parte integrante della cura e presa in carico del paziente. <strong>CARENZA DI PERSONALE E TEMATICA COVID <\/strong>Al momento non ho riscontri oggettivi con numeri non essendo tema della conferenza stampa. Le professionalit\u00e0 sanitarie sono molto ricercate. Abbiamo costantemente, anche questa settimana, delle selezioni per diverse professionalit\u00e0. Chiunque presenta domanda viene contattato guardando alle singole esigenze.<\/p>\n<blockquote><p><em><strong>FRANCESCA racconta il suo entusiasmo : <\/strong>Un lavoro, tante soddisfazioni, rifarei tutto.<\/em><\/p><\/blockquote>\n<p>fino a pochi anni fa ero impiegata in un&#8217;azienda commerciale e il lavoro mi piaceva, ma ero interessata all&#8217;assitenza e per questo ho fatto il corso Oss continuando a fare l&#8217;impiegata. Mi si \u00e8 aperto un mondo meraviglioso dal tirocionio al lavoro. Attualmente sono in pneumologia in ospedale. La motivazione che mi ha spinto? Fare qualche cosa per gli altri con professionalit\u00e0. Prendersi cura degli altri \u00e8 una professione che si impara sul campo, lavorando in equipe con infermieri e medici. E&#8217; un lavoro faticoso, ma ci torna tutto indietro con il grazie degli assistiti. Mi alzo felice alle cinque per andare a lavorare, \u00e8 una professione meravigliosa, ogni giorno ci sono esperienze diverse, soprattutto in casa di riposo, esperienze che arricchiscono. Si puo&#8217; anche scegliere con che utenza lavorare, con gli anziani, sul territorio nel domiciliario, insomma quello che piace di pi\u00f9 alla persona e sente piu&#8217; vicino.<\/p>\n<p>&nbsp;<\/p>\n<p>https:\/\/www.facebook.com\/radiopiu\/videos\/3067098156881563<\/p>\n<p>&nbsp;<\/p>\n<p>&nbsp;<\/p>\n<p>&nbsp;<\/p>\n<hr \/>\n<p>&nbsp;<\/p>\n<p>&nbsp;<\/p>\n<blockquote>\n<h3><a href=\"https:\/\/www.radiopiu.net\/wordpress\/nas-in-farmacia-a-voltago-a-falcade-limpresa-batte-cassa\/e7789de6-9229-4266-93fd-77f8e161f9a1\/\" rel=\"attachment wp-att-257273\"><img loading=\"lazy\" decoding=\"async\" class=\"wp-image-257273 alignleft\" src=\"https:\/\/www.radiopiu.net\/wordpress\/wp-content\/uploads\/2022\/02\/e7789de6-9229-4266-93fd-77f8e161f9a1-300x176.jpg\" alt=\"\" width=\"194\" height=\"114\" srcset=\"https:\/\/www.radiopiu.net\/wordpress\/wp-content\/uploads\/2022\/02\/e7789de6-9229-4266-93fd-77f8e161f9a1-300x176.jpg 300w, https:\/\/www.radiopiu.net\/wordpress\/wp-content\/uploads\/2022\/02\/e7789de6-9229-4266-93fd-77f8e161f9a1.jpg 604w\" sizes=\"auto, (max-width: 194px) 100vw, 194px\" \/><\/a>COVID NELL&#8217;AGORDINO, AGGIORNAMENTO CONTINUO.<\/h3>\n<\/blockquote>\n<p><strong>COLLE SANTA LUCIA<\/strong> 14 POSITIVI (-2), <strong>CANALE D&#8217;AGORDO<\/strong> 15 POSITIVI (-2), <strong>ROCCA PIETORE<\/strong> 16 POSITIVI (-5), <strong>LIVINALLONGO<\/strong> 20 POSITIVI (-8) <strong>ALLEGHE<\/strong> 22 POSITIVI (-5)\u00a0 <strong>VOLTAGO<\/strong> 22 POSITIVI (-4)\u00a0 <strong>GOSALDO<\/strong> 16 POSITIVI (+7) <strong>SAN TOMASO<\/strong> 9\u00a0 (0)<strong> AGORDO<\/strong> 103\u00a0 (-12) <strong>LA VALLE<\/strong> 26 (-7)<\/p>\n<p>&nbsp;<\/p>\n<p>&nbsp;<\/p>\n<p>&nbsp;<\/p>\n<hr \/>\n<p>&nbsp;<\/p>\n<blockquote class=\"wp-embedded-content\" data-secret=\"Xdi1WdeG79\"><p><a href=\"https:\/\/www.radiopiu.net\/wordpress\/aggiornamentonaz202202feb3\/\">CORONAVIRUS: AGGIORNAMENTO NAZIONALE 03 FEBBRAIO 2022<\/a><\/p><\/blockquote>\n<p><iframe loading=\"lazy\" class=\"wp-embedded-content\" sandbox=\"allow-scripts\" security=\"restricted\" style=\"position: absolute; clip: rect(1px, 1px, 1px, 1px);\" title=\"&#8220;CORONAVIRUS: AGGIORNAMENTO NAZIONALE 03 FEBBRAIO 2022&#8221; &#8212; Radio Pi\u00f9\" src=\"https:\/\/www.radiopiu.net\/wordpress\/aggiornamentonaz202202feb3\/embed\/#?secret=Xdi1WdeG79\" data-secret=\"Xdi1WdeG79\" width=\"600\" height=\"338\" frameborder=\"0\" marginwidth=\"0\" marginheight=\"0\" scrolling=\"no\"><\/iframe><\/p>\n<p>&nbsp;<\/p>\n<blockquote class=\"wp-embedded-content\" data-secret=\"MN5BZ27To1\"><p><a href=\"https:\/\/www.radiopiu.net\/wordpress\/in-calo-i-nuovi-positivi-nelle-ultime-24-ore-sono-11902-ricoveri-stabili-24-decessi\/\">IN CALO I NUOVI POSITIVI, NELLE ULTIME 24 ORE SONO 11902. RICOVERI STABILI, 24 DECESSI<\/a><\/p><\/blockquote>\n<p><iframe loading=\"lazy\" class=\"wp-embedded-content\" sandbox=\"allow-scripts\" security=\"restricted\" style=\"position: absolute; clip: rect(1px, 1px, 1px, 1px);\" title=\"&#8220;IN CALO I NUOVI POSITIVI, NELLE ULTIME 24 ORE SONO 11902. RICOVERI STABILI, 24 DECESSI&#8221; &#8212; Radio Pi\u00f9\" src=\"https:\/\/www.radiopiu.net\/wordpress\/in-calo-i-nuovi-positivi-nelle-ultime-24-ore-sono-11902-ricoveri-stabili-24-decessi\/embed\/#?secret=MN5BZ27To1\" data-secret=\"MN5BZ27To1\" width=\"600\" height=\"338\" frameborder=\"0\" marginwidth=\"0\" marginheight=\"0\" scrolling=\"no\"><\/iframe><\/p>\n<p>&nbsp;<\/p>\n<h2>I GRAFICI DI TIZIANO DE COL<\/h2>\n\n\t\t\t<style type='text\/css'>\n\t\t\t\t#gallery-5 {\n\t\t\t\t\tmargin: auto;\n\t\t\t\t}\n\t\t\t\t#gallery-5 .gallery-item {\n\t\t\t\t\tfloat: left;\n\t\t\t\t\tmargin-top: 10px;\n\t\t\t\t\ttext-align: center;\n\t\t\t\t\twidth: 33%;\n\t\t\t\t}\n\t\t\t\t#gallery-5 img {\n\t\t\t\t\tborder: 2px solid #cfcfcf;\n\t\t\t\t}\n\t\t\t\t#gallery-5 .gallery-caption {\n\t\t\t\t\tmargin-left: 0;\n\t\t\t\t}\n\t\t\t\t\/* see gallery_shortcode() in wp-includes\/media.php *\/\n\t\t\t<\/style>\n\t\t<div id='gallery-5' class='dt-gallery-container gallery galleryid-257614 gallery-columns-3 gallery-size-thumbnail'><dl class='gallery-item'>\n\t\t\t\t<dt class='gallery-icon landscape'>\n\t\t\t\t\t<a class=\"rollover rollover-zoom dt-pswp-item\" title=\"64ae937c-231b-4065-87f2-a5dad4030bcf\" data-dt-img-description=\"\" data-large_image_width=\"598\" data-large_image_height=\"358\"href='https:\/\/www.radiopiu.net\/wordpress\/wp-content\/uploads\/2022\/02\/64ae937c-231b-4065-87f2-a5dad4030bcf.jpg'><img loading=\"lazy\" decoding=\"async\" width=\"150\" height=\"150\" src=\"https:\/\/www.radiopiu.net\/wordpress\/wp-content\/uploads\/2022\/02\/64ae937c-231b-4065-87f2-a5dad4030bcf-150x150.jpg\" class=\"attachment-thumbnail size-thumbnail\" alt=\"\" \/><\/a>\n\t\t\t\t<\/dt><\/dl><dl class='gallery-item'>\n\t\t\t\t<dt class='gallery-icon landscape'>\n\t\t\t\t\t<a class=\"rollover rollover-zoom dt-pswp-item\" title=\"02af20b1-611a-4642-8e84-e671e6bf7ef5\" data-dt-img-description=\"\" data-large_image_width=\"613\" data-large_image_height=\"363\"href='https:\/\/www.radiopiu.net\/wordpress\/wp-content\/uploads\/2022\/02\/02af20b1-611a-4642-8e84-e671e6bf7ef5.jpg'><img loading=\"lazy\" decoding=\"async\" width=\"150\" height=\"150\" src=\"https:\/\/www.radiopiu.net\/wordpress\/wp-content\/uploads\/2022\/02\/02af20b1-611a-4642-8e84-e671e6bf7ef5-150x150.jpg\" class=\"attachment-thumbnail size-thumbnail\" alt=\"\" \/><\/a>\n\t\t\t\t<\/dt><\/dl><dl class='gallery-item'>\n\t\t\t\t<dt class='gallery-icon landscape'>\n\t\t\t\t\t<a class=\"rollover rollover-zoom dt-pswp-item\" title=\"d6977108-a37c-40dd-b1bd-9cf469672293\" data-dt-img-description=\"\" data-large_image_width=\"602\" data-large_image_height=\"357\"href='https:\/\/www.radiopiu.net\/wordpress\/wp-content\/uploads\/2022\/02\/d6977108-a37c-40dd-b1bd-9cf469672293.jpg'><img loading=\"lazy\" decoding=\"async\" width=\"150\" height=\"150\" src=\"https:\/\/www.radiopiu.net\/wordpress\/wp-content\/uploads\/2022\/02\/d6977108-a37c-40dd-b1bd-9cf469672293-150x150.jpg\" class=\"attachment-thumbnail size-thumbnail\" alt=\"\" \/><\/a>\n\t\t\t\t<\/dt><\/dl><br style=\"clear: both\" \/><dl class='gallery-item'>\n\t\t\t\t<dt class='gallery-icon landscape'>\n\t\t\t\t\t<a class=\"rollover rollover-zoom dt-pswp-item\" title=\"8747fff2-b1d9-4a5b-912a-5dd8a114fbcb\" data-dt-img-description=\"\" data-large_image_width=\"618\" data-large_image_height=\"371\"href='https:\/\/www.radiopiu.net\/wordpress\/wp-content\/uploads\/2022\/02\/8747fff2-b1d9-4a5b-912a-5dd8a114fbcb.jpg'><img loading=\"lazy\" decoding=\"async\" width=\"150\" height=\"150\" src=\"https:\/\/www.radiopiu.net\/wordpress\/wp-content\/uploads\/2022\/02\/8747fff2-b1d9-4a5b-912a-5dd8a114fbcb-150x150.jpg\" class=\"attachment-thumbnail size-thumbnail\" alt=\"\" \/><\/a>\n\t\t\t\t<\/dt><\/dl><dl class='gallery-item'>\n\t\t\t\t<dt class='gallery-icon landscape'>\n\t\t\t\t\t<a class=\"rollover rollover-zoom dt-pswp-item\" title=\"f8dbc3ae-4662-47f6-bdba-89c2aa1dde77\" data-dt-img-description=\"\" data-large_image_width=\"608\" data-large_image_height=\"356\"href='https:\/\/www.radiopiu.net\/wordpress\/wp-content\/uploads\/2022\/02\/f8dbc3ae-4662-47f6-bdba-89c2aa1dde77.jpg'><img loading=\"lazy\" decoding=\"async\" width=\"150\" height=\"150\" src=\"https:\/\/www.radiopiu.net\/wordpress\/wp-content\/uploads\/2022\/02\/f8dbc3ae-4662-47f6-bdba-89c2aa1dde77-150x150.jpg\" class=\"attachment-thumbnail size-thumbnail\" alt=\"\" \/><\/a>\n\t\t\t\t<\/dt><\/dl><dl class='gallery-item'>\n\t\t\t\t<dt class='gallery-icon landscape'>\n\t\t\t\t\t<a class=\"rollover rollover-zoom dt-pswp-item\" title=\"08526a9d-c544-4576-8d8e-72bf9d033daa\" data-dt-img-description=\"\" data-large_image_width=\"600\" data-large_image_height=\"354\"href='https:\/\/www.radiopiu.net\/wordpress\/wp-content\/uploads\/2022\/02\/08526a9d-c544-4576-8d8e-72bf9d033daa.jpg'><img loading=\"lazy\" decoding=\"async\" width=\"150\" height=\"150\" src=\"https:\/\/www.radiopiu.net\/wordpress\/wp-content\/uploads\/2022\/02\/08526a9d-c544-4576-8d8e-72bf9d033daa-150x150.jpg\" class=\"attachment-thumbnail size-thumbnail\" alt=\"\" \/><\/a>\n\t\t\t\t<\/dt><\/dl><br style=\"clear: both\" \/>\n\t\t\t<\/div>\n\n<p>&nbsp;<\/p>\n<hr \/>\n<p>&nbsp;<\/p>\n<blockquote>\n<h3>DUE GIOVANI VENETE MORTE IN INCIDENTE IN A-28. ZAIA, \u201cRISPETTO AUTONOMIA GIP MA DOMICILIARI AL RESPONSABILE PONGONO QUESITI\u201d<\/h3>\n<\/blockquote>\n<p><strong> <img loading=\"lazy\" decoding=\"async\" class=\"alignleft\" src=\"https:\/\/www.radiopiu.net\/wordpress\/wp-content\/uploads\/2022\/02\/incidente.jpg\" width=\"358\" height=\"199\" \/>VENEZIA<\/strong>\u00a0 <em>\u201cPur nel rispetto dell\u2019autonomia della magistratura, mi sento di commentare la decisione del Gip di Pordenone di non accogliere la richiesta di custodia in carcere da parte della Procura per la persona che, in un gravissimo incidente, ha investito e ucciso due giovani cugine Venete. Gli arresti domiciliari concessi pongono non pochi quesiti\u201d. <\/em>Cos\u00ec il Presidente della Regione Veneto, Luca Zaia, interviene sugli sviluppi dell\u2019incidente nel quale hanno perso la vita Sara Rizzotto e Jessica Fragasso, le due cugine di Conegliano e Mareno di Piave morte tra i rottami della loro Fiat Panda, centrata da un Suv sull\u2019autostrada A-28. Nell\u2019incidente sono rimaste gravemente ferite anche le giovanissime figlie di una delle due. <em>\u201cQuesiti \u2013 prosegue Zaia \u2013 che si pongono anche dal punto di vista umano sia tra i famigliari che nella cittadinanza, e che ho percepito con forza anche in un mio colloquio con il pap\u00e0 di Jessica. Questa tragedia, gi\u00e0 cos\u00ec immane, viene vissuta ancora peggio per il fatto che non sia stato preso un provvedimento di custodia cautelare in carcere.\u00a0 La mia \u2013 conclude Zaia \u2013 \u00e8 una semplice considerazione, che per\u00f2 possa essere accolta da chi di dovere, anche perch\u00e9 il sentimento comune e la comunit\u00e0 delle due famiglie si aspettavano un provvedimento di maggior rigore\u201d.\u00a0<\/em><\/p>\n<blockquote>\n<h3>BOND &#8220;ARRESTI DOMICILIARI INSPIEGABILI<\/h3>\n<\/blockquote>\n<p><strong>ROMA<\/strong> \u201cProvvedimenti di questo genere possono far perdere la fiducia dei cittadini nelle istituzioni e nella giustizia\u201d. Cos\u00ec il deputato Dario Bond. <em>\u201cServe un chiarimento. \u00c8 vero che una tragedia cos\u00ec grande non ha modo di trovare soluzione e non c\u2019\u00e8 nessuna possibilit\u00e0 di alleggerimento del dramma che stanno provando i familiari delle vittime. Ma lo shock di fronte alla decisione assunta dal Gip, che non ha accolto la richiesta della Procura della custodia in carcere, rischia di acuire il dolore. E peggio, di instillare nei cittadini il dubbio che la magistratura mostri segni di debolezza o addirittura venga percepita come ingiusta. Un rischio che non possiamo permetterci\u201d.<\/em><\/p>\n<p>&nbsp;<\/p>\n<p>&nbsp;<\/p>\n<hr \/>\n<p>&nbsp;<\/p>\n<blockquote>\n<h3><strong><a href=\"https:\/\/www.radiopiu.net\/wordpress\/giornale-radiopiu-08-agosto-2019-direttore-mirko-mezzacasa\/rifiuti-nevegal\/\" rel=\"attachment wp-att-94722\"><img loading=\"lazy\" decoding=\"async\" class=\" wp-image-94722 alignleft\" src=\"https:\/\/www.radiopiu.net\/wordpress\/wp-content\/uploads\/2019\/08\/Rifiuti-Nevegal-225x300.jpeg\" alt=\"\" width=\"133\" height=\"177\" srcset=\"https:\/\/www.radiopiu.net\/wordpress\/wp-content\/uploads\/2019\/08\/Rifiuti-Nevegal-225x300.jpeg 225w, https:\/\/www.radiopiu.net\/wordpress\/wp-content\/uploads\/2019\/08\/Rifiuti-Nevegal-768x1024.jpeg 768w, https:\/\/www.radiopiu.net\/wordpress\/wp-content\/uploads\/2019\/08\/Rifiuti-Nevegal.jpeg 1200w\" sizes=\"auto, (max-width: 133px) 100vw, 133px\" \/><\/a>RIFIUTI. BOTTACIN: \u201cIL VENETO E\u2019 AL PRIMO POSTO IN ITALIA PER LA DIFFERENZIATA E PER IL COSTO MEDIO DEL SERVIZIO PER ABITANTE\u00a0<\/strong><\/h3>\n<\/blockquote>\n<p><strong>VENEZIA<\/strong>\u00a0 E&#8217; stata approvata la relazione prodotta dall&#8217;Osservatorio Regionale dei Rifiuti di Arpav, un rapporto con i dati e gli indicatori di monitoraggio sui rifiuti (differenziati, indifferenziati o residui, urbani e speciali). <em>\u201cIl nuovo rapporto \u2013 ha spiegato l\u2019Assessore all\u2019Ambiente della Regione del Veneto, Gianpaolo Bottacin \u2013 conferma, nel 2020, nonostante la presenza del COVID-19, l\u2019andamento positivo degli anni precedenti che \u00e8 alla base della proposta del Piano dei rifiuti del Veneto ponendo la nostra Regione al primo posto in Italia rispetto alle altre Regioni: la raccolta differenziata, infatti, su base regionale, \u00e8 oggi al 76, 1 per cento (+1,4 per cento rispetto all\u2019anno precedente), rispetto ad un obiettivo nazionale del 65 per cento, con alcuni bacini che superano ampiamente anche l\u2019obiettivo stabilito dalla bozza del nuovo Piano regionale anche quello Bellunese, nonostante la particolarit\u00e0 del territorio, arrivando a punte superiori gi\u00e0 oggi all\u201980 per cento. <\/em>Emerge, sempre dal rapporto, un importante aumento del numero dei Comuni che attivano la raccolta domiciliare (pi\u00f9 del 76 per cento) e che sempre pi\u00f9 le amministrazioni comunali (oggi \u00e8 il 43 per cento) puntano ad un pagamento commisurato alla propria produzione dei rifiuti\u201d. Il commento del Presidente del Veneto Luca Zaia &#8220;\u201c<em>Il Veneto \u00e8 la prima regione in classifica per la raccolta differenziata: garantisce un servizio ottimale nella gestione e nello smaltimento dei rifiuti ad un costo per i suoi cittadini nettamente inferiore rispetto a quello che devono affrontare i cittadini del resto d\u2019Italia. Eppure c\u2019\u00e8 ancora qualche pessimista che, quando si parla di ambiente, critica, basandosi come al solito su opinioni e non su numeri e su studi che stabiliscono l\u2019oggettivit\u00e0 della situazione\u201d. <\/em>Per il Pd sono troppe le differenze tra i vari territori mancando un&#8217;efficace pianificazione regioanale in tema rifiuti &#8221; <i>\u201cPurtroppo\u00a0 rimane la differenza, ormai insostenibile, di performance ambientali tra le varie province a dimostrazione che manca una efficace politica regionale in tema di pianificazione della gestione dei rifiuti, tutto viene lasciato ai singoli Comuni\u201d. <\/i>Queste le parole del consigliere del Partito Democratico Veneto Andrea Zanoniche giustifica\u00a0 l\u2019astensione del<i> PD. \u201cLe performance diversificate &#8211; attacca poi il consigliere democratico &#8211; mostrano come tutto dipenda dai Comuni e dalle reti consortili locali confermando ancora una volta la totale inesistenza o peggio inefficacia delle politiche regionali. \u00c8 indispensabile modificare in fretta obiettivi e strategie, perch\u00e9 come illustrato stamani in Seconda commissione, abbiamo sei anni disponibili dopo i quali si andr\u00e0 a saturazione delle discariche disponibili.<\/i><\/p>\n<p><span style=\"font-size: large;\">\u00a0<\/span><\/p>\n<hr \/>\n<p>&nbsp;<\/p>\n<blockquote>\n<h3>PIANO FAUNISTICO REGIONALE, PIU&#8217; AUTONOMIA PER L&#8217;ENTE PROVINCIA<\/h3>\n<\/blockquote>\n<p><strong>BELLUNO<\/strong> Il\u00a0 Piano faunistico venatorio regionale: per l&#8217;ente Provincia significa ancora maggior autonomia. Una modifica all&#8217;articolo 23 della Legge regionale <a href=\"https:\/\/www.radiopiu.net\/wordpress\/215936-2asdasdasdasd\/th-136\/\" rel=\"attachment wp-att-215940\"><img loading=\"lazy\" decoding=\"async\" class=\"size-full wp-image-215940 alignleft\" src=\"https:\/\/www.radiopiu.net\/wordpress\/wp-content\/uploads\/2021\/06\/th-9.jpg\" alt=\"\" width=\"187\" height=\"104\" \/><\/a>conferisce oggi ancora maggior libert\u00e0 di azione e di decisione al territorio bellunese in materia di caccia.\u00a0 Nella sostanza, si consente all&#8217;amministrazione provinciale di Belluno di apportare modifiche al nuovo regolamento regionale per la zona Alpi che l&#8217;amministrazione regionale predisporr\u00e0 quest&#8217;anno, in funzione delle caratteristiche e delle consuetudini locali del territorio bellunese.<\/p>\n<p><strong>\u00a0IL CONSIGLIERE REGIONALE GIOVANNI PUPPATO<\/strong><\/p>\n<audio class=\"wp-audio-shortcode\" id=\"audio-257614-3\" preload=\"none\" style=\"width: 100%;\" controls=\"controls\"><source type=\"audio\/mpeg\" src=\"https:\/\/www.radiopiu.net\/wordpress\/wp-content\/uploads\/2022\/02\/puppato.mp3?_=3\" \/><a href=\"https:\/\/www.radiopiu.net\/wordpress\/wp-content\/uploads\/2022\/02\/puppato.mp3\">https:\/\/www.radiopiu.net\/wordpress\/wp-content\/uploads\/2022\/02\/puppato.mp3<\/a><\/audio>\n<p>&nbsp;<\/p>\n<p>&nbsp;<\/p>\n<hr \/>\n<p>&nbsp;<\/p>\n<p>&nbsp;<\/p>\n<blockquote>\n<h3><a href=\"https:\/\/www.radiopiu.net\/wordpress\/giornale-radiopiu-04-febbraio-2022-direttore-mirko-mezzacasa\/1_vasca-di-ossidazione\/\" rel=\"attachment wp-att-257735\"><img loading=\"lazy\" decoding=\"async\" class=\"wp-image-257735 alignleft\" src=\"https:\/\/www.radiopiu.net\/wordpress\/wp-content\/uploads\/2022\/02\/1_vasca-di-ossidazione-300x225.png\" alt=\"\" width=\"201\" height=\"152\" srcset=\"https:\/\/www.radiopiu.net\/wordpress\/wp-content\/uploads\/2022\/02\/1_vasca-di-ossidazione-300x225.png 300w, https:\/\/www.radiopiu.net\/wordpress\/wp-content\/uploads\/2022\/02\/1_vasca-di-ossidazione.png 756w\" sizes=\"auto, (max-width: 201px) 100vw, 201px\" \/><\/a>BIM GSP, ULTIMATI I LAVORI AL DEPURATORE DI CIMA GOGNA<\/h3>\n<\/blockquote>\n<p><strong>AURONZO<\/strong> Nuova vita al depuratore di Cima Gogna. Bim Gsp ha\u00a0 completato i lavori di ammodernamento dell\u2019impianto che tratta i reflui di tutta l\u2019area produttiva.<br \/>\nI lavori di restyling, durati poco meno di due mesi, hanno permesso la messa in esercizio definitiva dell\u2019opera. <em>\u201cInvestire nella depurazione \u2013 spiega Attilio Sommavilla, presidente di Bim Gsp \u2013 \u00e8 la miglior garanzia che possiamo restituire ai nostri utenti, ai territori e a chi verr\u00e0 dopo di noi di tutela dell\u2019ambiente. Costruire nuovi impianti, adeguatamente dimensionati e a tecnologia innovativa, e ammodernare gli esistenti, per renderli moderni e performanti, assicura efficienza prestazionale, riduzione dei costi di gestione, elevata qualit\u00e0 dell\u2019acqua reimmessa in natura&#8221;\u00a0<\/em><\/p>\n<p>&nbsp;<\/p>\n<p>&nbsp;<\/p>\n<hr \/>\n<blockquote>\n<h3><\/h3>\n<h3>GALLERIA COMELICO. &#8220;TUTTE LE ISTITUZIONI SI UNISCANO PER CHIEDERE LAVORI NOTTURNI E STRADA ALTERNATIVA&#8221;<\/h3>\n<\/blockquote>\n<p><strong>ROMA<\/strong> <em>\u201cBasta prendere in giro il Comelico e i suoi abitanti. Si dia una risposta certa e chiara, e le istituzioni si uniscano per chiedere ad Anas lavori nelle ore notturne e nessuna chiusura diurna fino alla realizzazione di una strada alternativa. Da parte mia, mobiliter\u00f2 tutti i rappresentanti di Fratelli d&#8217;Italia a livello nazionale e regionale per smuovere la situazione<\/em>\u201d: \u00e8 netta la presa di posizione del Senatore Luca De Carlo, sui lavori alla Galleria Comelico. De Carlo ha gi\u00e0 pronto il piano d&#8217;azione, che coinvolger\u00e0 tutti i livelli istituzionali:<em> \u201cLuned\u00ec porter\u00f2 in giunta in Unione Montana Centro Cadore un ordine del giorno sulla questione. In Regione, i nostri consiglieri presenteranno una mozione in Consiglio Regionale. infine, mi attiver\u00f2 personalmente con Anas per arrivare al pi\u00f9 presto ad una soluzione definitiva\u201d.<\/em><\/p>\n<p>&nbsp;<\/p>\n<p>&nbsp;<\/p>\n<hr \/>\n<p>&nbsp;<\/p>\n<blockquote>\n<h3>CARO CARBURANTE E TRANSIZIONE ECOLOGICA, DOPPIO FRONTE PER LE AZIENDE DI TRASPORTO BELLUNESI<\/h3>\n<\/blockquote>\n<p><strong><a href=\"https:\/\/www.radiopiu.net\/wordpress\/giornale-radiopiu-04-febbraio-2022-direttore-mirko-mezzacasa\/carburante\/\" rel=\"attachment wp-att-257671\"><img loading=\"lazy\" decoding=\"async\" class=\" wp-image-257671 alignleft\" src=\"https:\/\/www.radiopiu.net\/wordpress\/wp-content\/uploads\/2022\/02\/CARBURANTE-300x200.jpg\" alt=\"\" width=\"209\" height=\"139\" srcset=\"https:\/\/www.radiopiu.net\/wordpress\/wp-content\/uploads\/2022\/02\/CARBURANTE-300x200.jpg 300w, https:\/\/www.radiopiu.net\/wordpress\/wp-content\/uploads\/2022\/02\/CARBURANTE-1024x682.jpg 1024w, https:\/\/www.radiopiu.net\/wordpress\/wp-content\/uploads\/2022\/02\/CARBURANTE-768x511.jpg 768w, https:\/\/www.radiopiu.net\/wordpress\/wp-content\/uploads\/2022\/02\/CARBURANTE-1536x1022.jpg 1536w, https:\/\/www.radiopiu.net\/wordpress\/wp-content\/uploads\/2022\/02\/CARBURANTE.jpg 1920w\" sizes=\"auto, (max-width: 209px) 100vw, 209px\" \/><\/a>BELLUNO <\/strong>7200 euro in pi\u00f9 all\u2019anno per camion e solo per spese di carburante. Gli autotrasportatori bellunesi, aderenti alla<\/p>\n<p>Sezione Trasporti di Confindustria Belluno Dolomiti, quantificano cos\u00ec il caro gasolio che nel corso del 2021 ha visto impennare i costi del 19 per cento, da 1,338 euro\/litro di gennaio 2021 a 1,589\/litro di dicembre 2021. \u201c7200 euro di aumento in meno di dodici mesi per ogni singolo mezzo sono un salasso che rischia di frenare la ripresa e azzoppare un settore cruciale per rimettere in moto il Paese e il suo export\u201d, afferma con preoccupazione Giorgio Cugini, imprenditore del settore e presidente di Sezione all\u2019interno dell\u2019Associazione degli industriali. \u201c<em>Con questi aumenti si vanificano i margini operativi delle aziende di trasporto, dove le spese vive del carburante sono la voce principale tra quelle correnti. Anche febbraio \u00e8 iniziato male: i dati parlano di un trend ancora in crescita<\/em>\u201d. Nel Mezzogiorno, per le aziende di trasporto, c\u2019\u00e8 un sistema decontributivo ad hoc.<em> &#8220;Un analogo trattamento &#8211; conclude Cugini &#8211;\u00a0 dovrebbe essere esteso a tutti gli operatori: le criticit\u00e0 che stiamo vivendo sono trasversali<\/em>\u201d<\/p>\n<p>&nbsp;<\/p>\n<blockquote>\n<h3>IL SETTORE DELL&#8217;AUTROTRASPORTO A SERIO RISCHIO<\/h3>\n<\/blockquote>\n<p><strong>BELLUNO<\/strong>\u00a0 <em>\u00abI numeri parlano da soli. L\u2019aumento per fare il pieno \u00e8 superiore al 20%. E il carburante incide per oltre il 30% sui costi delle imprese di autotrasporto\u00bb<\/em> sottolinea Daniele De Bona, presidente degli autotrasportatori di Confartigianato Belluno.<em> \u00abQuesta situazione non pu\u00f2 che influire negativamente sul margine. Perch\u00e9 pochissimo sono riusciti ad adeguare le tariffe al costo del gasolio. Per il resto siamo in balia di uno tsunami che rischia davvero di stritolare la filiera dei trasporti. <\/em>Il costo delle materie prime e l\u2019escalation dei costi energetici sta mettendo a dura prova tutto l\u2019artigianato\u00bb aggiunge Michele Basso, direttore di Confartigianato Belluno. <em>\u00abLa richiesta che facciamo al governo \u00e8 che utilizzi il maggior gettito fiscale generato dal maggior costo del carburante &#8211; su cui incidono anche le accise &#8211; per intervenire a favore delle imprese di trasporto, vale a dire di chi con il carburante ci lavora, aumentando, ad esempio, il credito di imposta sui carburanti che ai trasportatori viene riconosciuto trimestralmente\u00bb.<\/em><\/p>\n<p>&nbsp;<\/p>\n<p>&nbsp;<\/p>\n<hr \/>\n<p>&nbsp;<\/p>\n<blockquote>\n<h3>LA TILT DONA ALL&#8217;AZIENDA FELTRINA PER I SERVIZI ALLA PERSONA 20 POLTRONCINE PER ARREDARE LA NUOVA SALA RIUNIONI<\/h3>\n<\/blockquote>\n<p><strong><a href=\"https:\/\/www.radiopiu.net\/wordpress\/la-tilt-dona-allazienda-feltrina-per-i-servizi-alla-persona-20-poltroncine-per-arredare-la-nuova-sala-riunioni\/donazione-tilt-azienda-feltrina\/\" rel=\"attachment wp-att-257674\"><img loading=\"lazy\" decoding=\"async\" class=\" wp-image-257674 alignleft\" src=\"https:\/\/www.radiopiu.net\/wordpress\/wp-content\/uploads\/2022\/02\/Donazione-TILT-Azienda-Feltrina-300x169.jpg\" alt=\"\" width=\"238\" height=\"134\" srcset=\"https:\/\/www.radiopiu.net\/wordpress\/wp-content\/uploads\/2022\/02\/Donazione-TILT-Azienda-Feltrina-300x169.jpg 300w, https:\/\/www.radiopiu.net\/wordpress\/wp-content\/uploads\/2022\/02\/Donazione-TILT-Azienda-Feltrina-1024x576.jpg 1024w, https:\/\/www.radiopiu.net\/wordpress\/wp-content\/uploads\/2022\/02\/Donazione-TILT-Azienda-Feltrina-768x432.jpg 768w, https:\/\/www.radiopiu.net\/wordpress\/wp-content\/uploads\/2022\/02\/Donazione-TILT-Azienda-Feltrina-1536x864.jpg 1536w, https:\/\/www.radiopiu.net\/wordpress\/wp-content\/uploads\/2022\/02\/Donazione-TILT-Azienda-Feltrina-2048x1152.jpg 2048w\" sizes=\"auto, (max-width: 238px) 100vw, 238px\" \/><\/a>FELTRE <\/strong>Un altro importante gesto di solidariet\u00e0 si inserisce nel cammino di collaborazione che vede la TILT\u00a0 al fianco dell&#8217;Azienda Feltrina per i Servizi alla Persona. Un gruppo di volontarie, in rappresentanza dell&#8217;associazione feltrina, ha infatti donato all&#8217;Azienda 20 poltroncine ignifughe (del valore complessivo di circa 2 mila euro) che serviranno a completare l&#8217;arredo della nuova sala riunioni realizzata, presso la sede di piazzale Nasci, nei locali dell&#8217;ex sala udienze del giudice di pace.<\/p>\n<p>\u201c<em>Non possiamo che esprimere gratitudine e riconoscenza alla TILT che ci accompagna oramai da tempo in un percorso condiviso a sostegno delle persone con fragilit\u00e0 economica&#8221;<\/em>\u00a0sottolinea la presidente dell&#8217;Azienda Feltrina Margherita Rosato. Dal 2017 \u00e8 in essere una convenzione, in base alla quale l&#8217;associazione partecipa alle attivit\u00e0 di aiuto dei Servizi Sociali &#8211; con particolare riferimento alle madri sole con figli &#8211;\u00a0 con un contributo annuale di 8.000 euro. Un impegno concreto e costante, che rappresenta un segno tangibile della vicinanza della TILT ai bisogni della comunit\u00e0 feltrina.<\/p>\n<p>&nbsp;<\/p>\n<p>&nbsp;<\/p>\n<hr \/>\n<p>&nbsp;<\/p>\n<blockquote>\n<h3>\u00a0 MAESTRO, QUANDO UNA &#8220;SVIOLINATA&#8221; SOTTO L&#8217;AGNER?<\/h3>\n<\/blockquote>\n<p><strong><a href=\"https:\/\/www.radiopiu.net\/wordpress\/maestro-quando-una-sviolinata-sotto-lagner\/272098431_10223572093203888_8701927244864043848_n\/\" rel=\"attachment wp-att-257760\"><img loading=\"lazy\" decoding=\"async\" class=\" wp-image-257760 alignleft\" src=\"https:\/\/www.radiopiu.net\/wordpress\/wp-content\/uploads\/2022\/02\/272098431_10223572093203888_8701927244864043848_n-300x225.jpg\" alt=\"\" width=\"241\" height=\"181\" srcset=\"https:\/\/www.radiopiu.net\/wordpress\/wp-content\/uploads\/2022\/02\/272098431_10223572093203888_8701927244864043848_n-300x225.jpg 300w, https:\/\/www.radiopiu.net\/wordpress\/wp-content\/uploads\/2022\/02\/272098431_10223572093203888_8701927244864043848_n-1024x768.jpg 1024w, https:\/\/www.radiopiu.net\/wordpress\/wp-content\/uploads\/2022\/02\/272098431_10223572093203888_8701927244864043848_n-768x576.jpg 768w, https:\/\/www.radiopiu.net\/wordpress\/wp-content\/uploads\/2022\/02\/272098431_10223572093203888_8701927244864043848_n-1536x1152.jpg 1536w, https:\/\/www.radiopiu.net\/wordpress\/wp-content\/uploads\/2022\/02\/272098431_10223572093203888_8701927244864043848_n.jpg 2048w\" sizes=\"auto, (max-width: 241px) 100vw, 241px\" \/><\/a>VOLTAGO\u00a0<\/strong> Se il maestro Uto Ughi sapesse quante &#8220;sviolinate&#8221; abbiamo fatto noi ricordando con orgoglio le sue origini di Voltago, magari una sviolinata in ricordo e per i voltaghesi forse ci scappa. Lia De Biasio, ad esempio, \u00e8 una voltaghese doc, da Genova attaccata alle due radici e ai suoi personaggi e anche l&#8217;altra sera non ha mancato di mettere in evidenza l&#8217;importanza del concerto di Uto Ughi richiamando le sue origini.<\/p>\n<p><em><span class=\"\"><span class=\"nc684nl6\"><a class=\"oajrlxb2 g5ia77u1 qu0x051f esr5mh6w e9989ue4 r7d6kgcz rq0escxv nhd2j8a9 nc684nl6 p7hjln8o kvgmc6g5 cxmmr5t8 oygrvhab hcukyx3x jb3vyjys rz4wbd8a qt6c0cv9 a8nywdso i1ao9s8h esuyzwwr f1sip0of lzcic4wl gmql0nx0 gpro0wi8\" tabindex=\"0\" role=\"link\" href=\"https:\/\/www.facebook.com\/groups\/1446236385607880\/user\/1636926289\/?__cft__[0]=AZUmmh1uxwL40RDQnTEiR8UgE24pTolzcHUg9d3qRQmMZvMYlzfegWu1l68JLDOnZBOc3VzJps6yzj4EKRbXKTGWGVO0yn7CdOxQuDsSVKDH8v8Dt6TpTH1Bz9kWByRZiU9oQ6gCEZttaL0aSe-52LNc3vp5aWcn9rQ9fznRsORpMIUWQtZq5k9Vtx8SLlek5OU&amp;__tn__=R]-R\"><span class=\"pq6dq46d\"><span class=\"d2edcug0 hpfvmrgz qv66sw1b c1et5uql lr9zc1uh a8c37x1j fe6kdd0r mau55g9w c8b282yb keod5gw0 nxhoafnm aigsh9s9 d9wwppkn mdeji52x e9vueds3 j5wam9gi lrazzd5p oo9gr5id\" dir=\"auto\">Lia <\/span><\/span><\/a><\/span><\/span>\u00a0&#8220;Uto Ughi \u00e8 voltaghese da parte di nonni materni,il loro cognome era Miana e la tomba di famiglia compresa mamma sua \u00e8 nel cimitero di Voltago. <\/em>Il post su facebook non ha riscosso il plauso di tutti, c&#8217;\u00e8 chi Uto Ughi non l&#8217;ha mai visto in paese, nemmeno sentoto nel menzionare le sue origini e questo sopra Agordo \u00e8 stato notato:<span class=\"\"><span class=\"nc684nl6\"><a class=\"oajrlxb2 g5ia77u1 qu0x051f esr5mh6w e9989ue4 r7d6kgcz rq0escxv nhd2j8a9 nc684nl6 p7hjln8o kvgmc6g5 cxmmr5t8 oygrvhab hcukyx3x jb3vyjys rz4wbd8a qt6c0cv9 a8nywdso i1ao9s8h esuyzwwr f1sip0of lzcic4wl gmql0nx0 gpro0wi8\" tabindex=\"0\" role=\"link\" href=\"https:\/\/www.facebook.com\/groups\/1446236385607880\/user\/100012230023279\/?__cft__[0]=AZUmmh1uxwL40RDQnTEiR8UgE24pTolzcHUg9d3qRQmMZvMYlzfegWu1l68JLDOnZBOc3VzJps6yzj4EKRbXKTGWGVO0yn7CdOxQuDsSVKDH8v8Dt6TpTH1Bz9kWByRZiU9oQ6gCEZttaL0aSe-52LNc3vp5aWcn9rQ9fznRsORpMIUWQtZq5k9Vtx8SLlek5OU&amp;__tn__=R]-R\"><span class=\"pq6dq46d\"><span class=\"d2edcug0 hpfvmrgz qv66sw1b c1et5uql lr9zc1uh a8c37x1j fe6kdd0r mau55g9w c8b282yb keod5gw0 nxhoafnm aigsh9s9 d9wwppkn mdeji52x e9vueds3 j5wam9gi lrazzd5p oo9gr5id\" dir=\"auto\"> Emilia <\/span><\/span><\/a>\u00a0<\/span><\/span>Non chiamarlo compaesano&#8230;lo sminuisci! <span class=\"\"><span class=\"nc684nl6\"><a class=\"oajrlxb2 g5ia77u1 qu0x051f esr5mh6w e9989ue4 r7d6kgcz rq0escxv nhd2j8a9 nc684nl6 p7hjln8o kvgmc6g5 cxmmr5t8 oygrvhab hcukyx3x jb3vyjys rz4wbd8a qt6c0cv9 a8nywdso i1ao9s8h esuyzwwr f1sip0of lzcic4wl gmql0nx0 gpro0wi8\" tabindex=\"0\" role=\"link\" href=\"https:\/\/www.facebook.com\/groups\/1446236385607880\/user\/100009836192204\/?__cft__[0]=AZUmmh1uxwL40RDQnTEiR8UgE24pTolzcHUg9d3qRQmMZvMYlzfegWu1l68JLDOnZBOc3VzJps6yzj4EKRbXKTGWGVO0yn7CdOxQuDsSVKDH8v8Dt6TpTH1Bz9kWByRZiU9oQ6gCEZttaL0aSe-52LNc3vp5aWcn9rQ9fznRsORpMIUWQtZq5k9Vtx8SLlek5OU&amp;__tn__=R]-R\"><span class=\"pq6dq46d\"><span class=\"d2edcug0 hpfvmrgz qv66sw1b c1et5uql lr9zc1uh a8c37x1j fe6kdd0r mau55g9w c8b282yb keod5gw0 nxhoafnm aigsh9s9 d9wwppkn mdeji52x e9vueds3 j5wam9gi lrazzd5p oo9gr5id\" dir=\"auto\">Lida <\/span><\/span><\/a>\u00a0<\/span><\/span>hai ragione non ha mai menzionato questi posti in nessuna intervista. <span class=\"\"><span class=\"nc684nl6\"><a class=\"oajrlxb2 g5ia77u1 qu0x051f esr5mh6w e9989ue4 r7d6kgcz rq0escxv nhd2j8a9 nc684nl6 p7hjln8o kvgmc6g5 cxmmr5t8 oygrvhab hcukyx3x jb3vyjys rz4wbd8a qt6c0cv9 a8nywdso i1ao9s8h esuyzwwr f1sip0of lzcic4wl gmql0nx0 gpro0wi8\" tabindex=\"0\" role=\"link\" href=\"https:\/\/www.facebook.com\/groups\/1446236385607880\/user\/100025524097003\/?__cft__[0]=AZUmmh1uxwL40RDQnTEiR8UgE24pTolzcHUg9d3qRQmMZvMYlzfegWu1l68JLDOnZBOc3VzJps6yzj4EKRbXKTGWGVO0yn7CdOxQuDsSVKDH8v8Dt6TpTH1Bz9kWByRZiU9oQ6gCEZttaL0aSe-52LNc3vp5aWcn9rQ9fznRsORpMIUWQtZq5k9Vtx8SLlek5OU&amp;__tn__=R]-R\"><span class=\"pq6dq46d\"><span class=\"d2edcug0 hpfvmrgz qv66sw1b c1et5uql lr9zc1uh a8c37x1j fe6kdd0r mau55g9w c8b282yb keod5gw0 nxhoafnm aigsh9s9 d9wwppkn mdeji52x e9vueds3 j5wam9gi lrazzd5p oo9gr5id\" dir=\"auto\">Daniela\u00a0<\/span><\/span><\/a> Ha mai parlato delle sue origini <\/span><\/span>\u00a0Voltaghesi? Ma quando mai<span class=\"\"><span class=\"nc684nl6\"><a class=\"oajrlxb2 g5ia77u1 qu0x051f esr5mh6w e9989ue4 r7d6kgcz rq0escxv nhd2j8a9 nc684nl6 p7hjln8o kvgmc6g5 cxmmr5t8 oygrvhab hcukyx3x jb3vyjys rz4wbd8a qt6c0cv9 a8nywdso i1ao9s8h esuyzwwr f1sip0of lzcic4wl gmql0nx0 gpro0wi8\" tabindex=\"0\" role=\"link\" href=\"https:\/\/www.facebook.com\/groups\/1446236385607880\/user\/100000220605653\/?__cft__[0]=AZUmmh1uxwL40RDQnTEiR8UgE24pTolzcHUg9d3qRQmMZvMYlzfegWu1l68JLDOnZBOc3VzJps6yzj4EKRbXKTGWGVO0yn7CdOxQuDsSVKDH8v8Dt6TpTH1Bz9kWByRZiU9oQ6gCEZttaL0aSe-52LNc3vp5aWcn9rQ9fznRsORpMIUWQtZq5k9Vtx8SLlek5OU&amp;__tn__=R]-R\"><span class=\"pq6dq46d\"><span class=\"d2edcug0 hpfvmrgz qv66sw1b c1et5uql lr9zc1uh a8c37x1j fe6kdd0r mau55g9w c8b282yb keod5gw0 nxhoafnm aigsh9s9 d9wwppkn mdeji52x e9vueds3 j5wam9gi lrazzd5p oo9gr5id\" dir=\"auto\">Barbara<\/span><\/span><\/a> \u00a0<\/span><\/span>dovrebbe venire a Voltage e suonare nella piazza davanti alla sua chiesa di famiglia <span class=\"\"><span class=\"nc684nl6\"><a class=\"oajrlxb2 g5ia77u1 qu0x051f esr5mh6w e9989ue4 r7d6kgcz rq0escxv nhd2j8a9 nc684nl6 p7hjln8o kvgmc6g5 cxmmr5t8 oygrvhab hcukyx3x jb3vyjys rz4wbd8a qt6c0cv9 a8nywdso i1ao9s8h esuyzwwr f1sip0of lzcic4wl gmql0nx0 gpro0wi8\" tabindex=\"0\" role=\"link\" href=\"https:\/\/www.facebook.com\/groups\/1446236385607880\/user\/100029037966436\/?__cft__[0]=AZXbWypqgi5hjxEaKbSCc8ZXc6EzoFbvH8wyV47XplXmmR0_jphM_Ee13FjQeXP5VoPooadCtx-BGufbaPQGuZIGxDVLuY_jxntxSTCueuWKJ_KwvYEC1l39XrJAj7A7QjOjx0vH7NkhZJ5rpnGVE2r6Ryx7wGu_rZE5X1p6-OnxBJO_ws_hJJ68zm5h_6Ee2OI&amp;__tn__=R]-R\"><span class=\"pq6dq46d\"><span class=\"d2edcug0 hpfvmrgz qv66sw1b c1et5uql lr9zc1uh a8c37x1j fe6kdd0r mau55g9w c8b282yb keod5gw0 nxhoafnm aigsh9s9 d9wwppkn mdeji52x e9vueds3 j5wam9gi lrazzd5p oo9gr5id\" dir=\"auto\">Katia <\/span><\/span><\/a>\u00a0<\/span><\/span>Lui non si sente affatto nostro compaesano\u00a0 forse se ne vergogna<\/p>\n<p>&nbsp;<\/p>\n<p>&nbsp;<\/p>\n<hr \/>\n<p>&nbsp;<\/p>\n<blockquote>\n<h3>AUMENTANO I PERCETTORI DEL REDDITO DI CITTADINANZA. IN VENETO 40 MILA FAMIGLIE HANNO RICEVUTO ALMENO UNA MENSILITA\u2019 NEL 2021<\/h3>\n<\/blockquote>\n<p><strong><a href=\"https:\/\/www.radiopiu.net\/wordpress\/giornale-radiopiu-19-marzo-2021-direttore-mirko-mezzacasa\/think-thank-nord-est\/\" rel=\"attachment wp-att-197788\"><img loading=\"lazy\" decoding=\"async\" class=\"size-medium wp-image-197788 alignleft\" src=\"https:\/\/www.radiopiu.net\/wordpress\/wp-content\/uploads\/2021\/03\/THINK-THANK-NORD-EST-300x258.png\" alt=\"\" width=\"300\" height=\"258\" srcset=\"https:\/\/www.radiopiu.net\/wordpress\/wp-content\/uploads\/2021\/03\/THINK-THANK-NORD-EST-300x258.png 300w, https:\/\/www.radiopiu.net\/wordpress\/wp-content\/uploads\/2021\/03\/THINK-THANK-NORD-EST.png 340w\" sizes=\"auto, (max-width: 300px) 100vw, 300px\" \/><\/a>VENEZIA <\/strong>Il reddito di cittadinanza si conferma uno strumento di sostegno economico sempre pi\u00f9 utilizzato dalle famiglie italiane, ma nelle regioni di Nordest il sussidio \u00e8 meno diffuso. Infatti, secondo l\u2019ultimo studio della Fondazione Think Tank Nord Est, che ha analizzato i dati appena pubblicati dall\u2019Inps, nel corso del 2021 quasi 1,6 milioni di famiglie italiane hanno percepito almeno una mensilit\u00e0 del reddito di cittadinanza. Si tratta di un dato in aumento, +12,2% rispetto al 2020, quando i beneficiari erano poco pi\u00f9 di 1,4 milioni. In Veneto, nel 2021, quasi 40 mila famiglie hanno ricevuto almeno una mensilit\u00e0 del reddito di cittadinanza: un dato in crescita del 7,1% rispetto al 2020, quando erano 37.343. Tuttavia, i beneficiari del Veneto rappresentano solamente il 2,5% del totale dei sussidi erogati a livello nazionale nel 2021. A livello provinciale, a dicembre 2021 hanno ottenuto il sussidio 5.920 famiglie del Veronese, 5.739 della provincia di Padova, 5.481 del Veneziano, 4.183 della provincia di Vicenza, 4.004 del Trevigiano, 2.038 della provincia di Rovigo e 720 del Bellunese.<\/p>\n<p>&nbsp;<\/p>\n<p>&nbsp;<\/p>\n<hr \/>\n<p>&nbsp;<\/p>\n<blockquote>\n<h3>VENETO, IL COSTO DELLE BOLLETTE GAS E LUCE SCHIZZA ALLE STELLE<\/h3>\n<\/blockquote>\n<p><a href=\"https:\/\/www.radiopiu.net\/wordpress\/giornale-radiopiu-04-febbraio-2022-direttore-mirko-mezzacasa\/white-plug-on-euro-banknotes-concept-of-electricity-price-increase\/\" rel=\"attachment wp-att-257715\"><img loading=\"lazy\" decoding=\"async\" class=\"size-medium wp-image-257715 alignleft\" src=\"https:\/\/www.radiopiu.net\/wordpress\/wp-content\/uploads\/2022\/02\/Energia-Rinvio-fine-tutela-c-Andreas-300x225.jpg\" alt=\"\" width=\"300\" height=\"225\" srcset=\"https:\/\/www.radiopiu.net\/wordpress\/wp-content\/uploads\/2022\/02\/Energia-Rinvio-fine-tutela-c-Andreas-300x225.jpg 300w, https:\/\/www.radiopiu.net\/wordpress\/wp-content\/uploads\/2022\/02\/Energia-Rinvio-fine-tutela-c-Andreas.jpg 554w\" sizes=\"auto, (max-width: 300px) 100vw, 300px\" \/><\/a><\/p>\n<p><em><strong>MILANO<\/strong> Secondo l\u2019analisi<\/em><em>*<\/em><em> di Facile.it, in Veneto nel 2021 \u00a0le famiglie hanno speso, in media, 1.758 euro, valore in aumento del 26% rispetto al 2020. <\/em><em>Nello specifico, la bolletta elettrica \u00e8 stata, in media, pari a 723 euro (la seconda pi\u00f9 alta in Italia), con un rincaro annuo del 33%; quella del gas, invece, \u00e8 arrivata a 1.035 euro, in aumento del 22% rispetto al 2020. <\/em><em>La brutta notizia \u00e8 che il 2022 potrebbe andare peggio: se le tariffe attualmente in vigore rimarranno costanti fino a fine anno, a parit\u00e0 di consumi e in assenza di interventi istituzionali, il conto complessivo per le famiglie venete potrebbe addirittura superare, in media, i 3.100 euro, vale a dire il 79% in pi\u00f9 rispetto al 2021.<\/em><\/p>\n<p><em>\u00abGuardando al prezzo delle bollette in Italia negli ultimi 15 anni, mai le tariffe sono state cos\u00ec alte e alcuni segnali ci inducono a pensare che il quadro potrebbe restare critico almeno per la prima met\u00e0 dell\u2019anno, se non di pi\u00f9\u00bb, spiega <strong>Silvia Rossi<\/strong>, BU Director Gas &amp; Power di Facile.it. \u00abSe la situazione non torner\u00e0 alla normalit\u00e0, dopo le misure a \u00a0favore delle imprese sarebbe auspicabile un nuovo intervento del Governo a supporto delle famiglie. Una strategia per risparmiare rimane quella di valutare il passaggio al mercato libero; guardando alle migliori tariffe disponibili online, il passaggio potrebbe far risparmiare fino al 22% per il gas e addirittura il 38% per l\u2019energia elettrica.\u00bb.<\/em><\/p>\n<p>Immagine Andrea Polo Facile.it<\/p>\n<h5><em>*L\u2019analisi \u00e8 stata realizzata su un campione di oltre 75.000 contratti di fornitura raccolti a livello nazionale da Facile.it nel 2021 e considerando un consumo medio che, per il Veneto, \u00e8 \u00a0pari a 3094 kWh per l\u2019energia elettrica e 1239 smc per la fornitura di gas, prendendo in considerazione i prezzi offerti nel mercato tutelato. Il risparmio \u00e8 stato calcolato tenendo in considerazione le migliori tariffe disponibili su Facile.it in data 24 gennaio 2022<\/em><\/h5>\n<p>&nbsp;<\/p>\n<p>&nbsp;<\/p>\n<hr \/>\n<p>&nbsp;<\/p>\n<p>&nbsp;<\/p>\n<p><strong><a href=\"https:\/\/www.radiopiu.net\/wordpress\/il-veneto-in-ginocchio-telefonata-del-presidente-della-repubblica-al-presidente-zaia-la-solidarieta-del-quirinale\/mattarella\/\" rel=\"attachment wp-att-65654\"><img loading=\"lazy\" decoding=\"async\" class=\"wp-image-65654 alignleft\" src=\"https:\/\/www.radiopiu.net\/wordpress\/wp-content\/uploads\/2018\/11\/mattarella-259x300.jpg\" alt=\"\" width=\"125\" height=\"145\" srcset=\"https:\/\/www.radiopiu.net\/wordpress\/wp-content\/uploads\/2018\/11\/mattarella-259x300.jpg 259w, https:\/\/www.radiopiu.net\/wordpress\/wp-content\/uploads\/2018\/11\/mattarella-768x888.jpg 768w, https:\/\/www.radiopiu.net\/wordpress\/wp-content\/uploads\/2018\/11\/mattarella-885x1024.jpg 885w, https:\/\/www.radiopiu.net\/wordpress\/wp-content\/uploads\/2018\/11\/mattarella.jpg 1920w\" sizes=\"auto, (max-width: 125px) 100vw, 125px\" \/><\/a>L&#8217;OPINIONE<\/strong><br \/>\n<strong>di\u00a0 Franco Piacentini, Feltre _gi\u00e0 Spi cgil<\/strong><\/p>\n<div>Ho ascoltato con attenzione e, non nascondo, anche con emozione, il grande intervento che il nostro grande Presidente ha svolto in Parlamento (in seduta comune) per il suo secondo\u00a0mandato presidenziale. Numerosi gli applausi a scena aperta degli Onorevoli e dei Senatori. Se quegli applausi sono stati sinceri e non di circostanza, allora tutta la politica italiana, prenda esempio da quanto indicato, con molta determinazione costituzionale, dal\u00a0\u00a0 Presidente\u00a0della Repubblica.\u00a0 Grazie Presidente, Sergio Mattarella, anche per i suoi riconoscimenti\u00a0al Volontariato e per la sua sensibilit\u00e0 alle persone disabili, povere\u00a0e non autosufficienti. Buon lavoro, caro Presidente, in Italia e in Europa, con Lei, si <span id=\":4h8.3\" class=\"\" tabindex=\"-1\" role=\"menuitem\" aria-haspopup=\"true\">affermeranno<\/span>\u00a0 pace e solidariet\u00e0.<\/div>\n<div><\/div>\n<div><\/div>\n<p>&nbsp;<\/p>\n<p>&nbsp;<\/p>\n<hr \/>\n<p>&nbsp;<\/p>\n<blockquote>\n<h3>LA CASPARETHA 2022 ANNULATA. CI SI PREPARA PER IL PROSSIMO ANNO<\/h3>\n<\/blockquote>\n<p><strong><a href=\"https:\/\/www.radiopiu.net\/wordpress\/la-casparetha-2022-annulata-ci-si-prepara-per-il-prossimo-anno\/51712563_786244578408566_2605159670913957888_n\/\" rel=\"attachment wp-att-257649\"><img loading=\"lazy\" decoding=\"async\" class=\"size-medium wp-image-257649 alignleft\" src=\"https:\/\/www.radiopiu.net\/wordpress\/wp-content\/uploads\/2022\/02\/51712563_786244578408566_2605159670913957888_n-300x200.jpg\" alt=\"\" width=\"300\" height=\"200\" srcset=\"https:\/\/www.radiopiu.net\/wordpress\/wp-content\/uploads\/2022\/02\/51712563_786244578408566_2605159670913957888_n-300x200.jpg 300w, https:\/\/www.radiopiu.net\/wordpress\/wp-content\/uploads\/2022\/02\/51712563_786244578408566_2605159670913957888_n-1024x683.jpg 1024w, https:\/\/www.radiopiu.net\/wordpress\/wp-content\/uploads\/2022\/02\/51712563_786244578408566_2605159670913957888_n-768x512.jpg 768w, https:\/\/www.radiopiu.net\/wordpress\/wp-content\/uploads\/2022\/02\/51712563_786244578408566_2605159670913957888_n.jpg 1080w\" sizes=\"auto, (max-width: 300px) 100vw, 300px\" \/><\/a>CANALE D&#8217;AGORDO<\/strong> Niente Casparetha 2022. Il Covid ferma anche l&#8217;edizione di quest&#8217;anno. A comunicarlo Mirko Tancon ai microfoni di Radio Pi\u00f9.<\/p>\n<audio class=\"wp-audio-shortcode\" id=\"audio-257614-4\" preload=\"none\" style=\"width: 100%;\" controls=\"controls\"><source type=\"audio\/mpeg\" src=\"https:\/\/www.radiopiu.net\/wordpress\/wp-content\/uploads\/2022\/02\/CASPA-ANNULLATA.mp3?_=4\" \/><a href=\"https:\/\/www.radiopiu.net\/wordpress\/wp-content\/uploads\/2022\/02\/CASPA-ANNULLATA.mp3\">https:\/\/www.radiopiu.net\/wordpress\/wp-content\/uploads\/2022\/02\/CASPA-ANNULLATA.mp3<\/a><\/audio>\n<p>&nbsp;<\/p>\n<p>&nbsp;<\/p>\n<hr \/>\n<p>&nbsp;<\/p>\n<blockquote>\n<h3>POLIZIA DI STATO A RADIO PIU&#8217;, ESSERCI&#8230; SEMPRE. ANCHE E SOPRATTUTTO NELLA COMUNICAZIONE<\/h3>\n<\/blockquote>\n<p style=\"text-align: center;\"><a href=\"https:\/\/www.radiopiu.net\/wordpress\/polizia-di-stato-a-radio-piu-esserci-sempre-anche-e-soprattutto-nella-comunicazione\/623f91fa-4463-4b82-b4d7-2180fa77aa9c\/\" rel=\"attachment wp-att-257641\"><img loading=\"lazy\" decoding=\"async\" class=\"alignnone size-medium wp-image-257641\" src=\"https:\/\/www.radiopiu.net\/wordpress\/wp-content\/uploads\/2022\/02\/623f91fa-4463-4b82-b4d7-2180fa77aa9c-300x224.jpg\" alt=\"\" width=\"300\" height=\"224\" srcset=\"https:\/\/www.radiopiu.net\/wordpress\/wp-content\/uploads\/2022\/02\/623f91fa-4463-4b82-b4d7-2180fa77aa9c-300x224.jpg 300w, https:\/\/www.radiopiu.net\/wordpress\/wp-content\/uploads\/2022\/02\/623f91fa-4463-4b82-b4d7-2180fa77aa9c-1024x766.jpg 1024w, https:\/\/www.radiopiu.net\/wordpress\/wp-content\/uploads\/2022\/02\/623f91fa-4463-4b82-b4d7-2180fa77aa9c-768x574.jpg 768w, https:\/\/www.radiopiu.net\/wordpress\/wp-content\/uploads\/2022\/02\/623f91fa-4463-4b82-b4d7-2180fa77aa9c-1536x1149.jpg 1536w, https:\/\/www.radiopiu.net\/wordpress\/wp-content\/uploads\/2022\/02\/623f91fa-4463-4b82-b4d7-2180fa77aa9c.jpg 2000w\" sizes=\"auto, (max-width: 300px) 100vw, 300px\" \/><\/a><\/p>\n<p>&nbsp;<\/p>\n<p><strong>REDAZIONE<\/strong> Domenica alle 9, martedi alle 10.30 e alle 19 Radio Pi\u00f9 apre i microfoni agli uomini e donne della Questura di Belluno. L&#8217;argomento &#8220;la comunicazione&#8221;, interna e con il cittadino. L&#8217;importanza dei social per avvicinare le genti alle istituzioni, la \u00a0pagina Facebook della Questura di Belluno ad esempio, comunicazione immediata, oppure la nuova app per segnalazioni direttamente alla sala operativa.<br \/>\nNe parleremo con: il Commissario capo Federico Farris, capo di Gabinetto e portavoce;\u00a0 assistente capo coordinatore Wirna Triches, \u00a0addetta all&#8217;ufficio relazioni con il pubblico.<\/p>\n<p>&nbsp;<\/p>\n<p><span style=\"color: #ff0000;\"><strong>ARCHIVIO RADIOPIU<\/strong><\/span><\/p>\n<p><strong>LO SCORSO ANNO ALLA RADIO&#8230;&#8230;<\/strong><\/p>\n<blockquote class=\"wp-embedded-content\" data-secret=\"2xEH40mzY7\"><p><a href=\"https:\/\/www.radiopiu.net\/wordpress\/la-polizia-di-stato-a-cortina-2021\/\">La Polizia di Stato a Cortina 2021<\/a><\/p><\/blockquote>\n<p><iframe loading=\"lazy\" class=\"wp-embedded-content\" sandbox=\"allow-scripts\" security=\"restricted\" style=\"position: absolute; clip: rect(1px, 1px, 1px, 1px);\" title=\"&#8220;La Polizia di Stato a Cortina 2021&#8221; &#8212; Radio Pi\u00f9\" src=\"https:\/\/www.radiopiu.net\/wordpress\/la-polizia-di-stato-a-cortina-2021\/embed\/#?secret=2xEH40mzY7\" data-secret=\"2xEH40mzY7\" width=\"600\" height=\"338\" frameborder=\"0\" marginwidth=\"0\" marginheight=\"0\" scrolling=\"no\"><\/iframe><\/p>\n<p>&nbsp;<\/p>\n<hr \/>\n<p>&nbsp;<\/p>\n<blockquote>\n<h3>ADOLE\u2013SCIENZA: INCONTRI ONLINE PER GENITORI<\/h3>\n<\/blockquote>\n<p><strong>BELLUNO <\/strong>Proseguono gli incontri per genitori e adulti di riferimento di ragazzi adolescenti su tematiche di interesse, organizzato dal Dipartimento Dipendenze dell\u2019ulss Dolomiti, per discutere insieme a degli esperti dubbi che interessano questa fase della crescita vissuta in un contesto particolare come quello che stiamo vivendo. Gli incontri si svolgono online nelle serate di venerd\u00ec dalle 20.30 alle 22.00. Per partecipare basta cliccare sul link dedicato all\u2019incontro Il prossimo incontro \u00e8 in programma oggi <strong><em>\u201cAdolescenza stupefacente! Sostanza psicoattive: effetti, rischi, risposte\u201d.\u00a0 \u00a0<\/em><\/strong><span style=\"color: #0000ff;\"><strong><em>https:\/\/meet.google.com\/gyd-xocw-cos<\/em><\/strong><\/span><\/p>\n<blockquote><p><em>Amalia Manzan &#8211; Medico Psichiatra del Dipartimento delle Dipendenze \u2013 far\u00e0 il punto sull\u2019uso, sui rischi e sulla diffusione delle sostanze \u201cstupefacenti\u201d pi\u00f9 utilizzate dagli adolescenti e sulle strategie che favoriscono stili di vita sani e resilienti, anche alla luce dei cambiamenti sociali e relazionali legati alla pandemia.<\/em><\/p><\/blockquote>\n<p>&nbsp;<\/p>\n<hr \/>\n<p>&nbsp;<\/p>\n<blockquote>\n<h3>NATI PER LEGGERE&#8230; ON LINE<\/h3>\n<\/blockquote>\n<p><strong>FELTRE\u00a0<\/strong> Il Consultorio di Feltre\u00a0 propone ai neogenitori e ai futuri genitori\u00a0 delle letture ad alta voce,\u00a0 in modalit\u00e0 online con una lettrice esperta, Federica De\u00a0 Col che proporr\u00e0 a mamme e pap\u00e0 in attesa e ai genitori di bambini tra 0 e 12 mesi un ciclo di letture ad alta voce che si svolgeranno online nelle mattine, alle 10, di mercoled\u00ec 9 febbraio, mercoled\u00ec 23 febbraio e mercoled\u00ec 2 marzo con la partecipazione della ostetrica del consultorio Alba Agostinetto. Per partecipare si pu\u00f2 chiedere il link via mail a: alba.agostinetto@aulss1.veneto.it<\/p>\n<p>&nbsp;<\/p>\n<hr \/>\n<p>&nbsp;<\/p>\n<blockquote>\n<h3>VACCINAZIONI DELLE DONNE IN GRAVIDANZA<\/h3>\n<\/blockquote>\n<p><strong>BELLUNO\u00a0<\/strong> Proseguono le vaccinazioni delle donne in gravidanza dopo il percorso di counseling attivate dalle unit\u00e0 operative di ostetricia e ginecologia dell\u2019ulss Dolomiti. Ecco gli orari e i contatti a cui rivolgersi: Ospedale di Belluno \u2981 Counseling telefonico e prenotazioni: Luned\u00ec e gioved\u00ec dalle 12 alle 14 allo 0437\/516340 &#8211; Marted\u00ec dalle 18 alle 19 allo 0437\/516943 o alla mail ginecologia.bl@aulss1.veneto.it \u2981 vaccinazioni in reparto Marted\u00ec dalle 14.00 alle 16.00 &#8211; ambulatorio 5 Ospedale di Pieve di Cadore \u2981 Counseling telefonico e prenotazioni: Dal luned\u00ec al venerd\u00ec dalle14 alle 15 allo 0435\/341207\u2981 Vaccinazioni in reparto Gioved\u00ec dalle 11.00 alle 13.00 Ospedale di Feltre \u2981 Consulenze telefoniche Luned\u00ec, mercoled\u00ec e venerd\u00ec dalle 9 alle 10 allo 0439 883457 \u2981 Consulenze in presenza: Gioved\u00ec dalle 15.30 alle 17.30 prenotazione allo 0439 883497 o mail elda.cengia@aulss1.veneto.it \u2981 Confronto di gruppo in Gmeet: Mercoled\u00ec dalle 14.00 alle 15.00 prenotazione allo 0439 883497 o mail elda.cengia@aulss1.veneto.it \u2981 Vaccinazioni in reparto: Gioved\u00ec dalle 15.30 alle 17.30<\/p>\n<p>&nbsp;<\/p>\n<p>&nbsp;<\/p>\n<hr \/>\n<p>&nbsp;<\/p>\n<blockquote>\n<h3><br role=\"presentation\" \/><span dir=\"ltr\" role=\"presentation\">CONCORSO, PER TITOLI ED ESAMI, PER L\u2019AMMISSIONE DI 66 ALLIEVI UFFICIALI<\/span><\/h3>\n<\/blockquote>\n<p><strong>BELLUNO<\/strong> <span dir=\"ltr\" role=\"presentation\">E&#8217; stato pubblicato il <\/span><span dir=\"ltr\" role=\"presentation\">concorso, per titoli ed esami, per l\u2019ammissione di 15 tenenti in servizio permanente effettivo<\/span><span dir=\"ltr\" role=\"presentation\">. <\/span><span dir=\"ltr\" role=\"presentation\">Possono partecipare al concorso i cittadini<\/span><span dir=\"ltr\" role=\"presentation\"> in possesso del diploma di istruzione secondaria di secondo grado, coloro che<\/span><span dir=\"ltr\" role=\"presentation\"> lo conseguano nell\u2019anno scolastico 2022\/2023; abbiano compiuto il 17\u00b0 anno e <\/span><span dir=\"ltr\" role=\"presentation\">non abbiano superato il 22\u00b0. <\/span><span dir=\"ltr\" role=\"presentation\">La domanda di partecipazione al concorso va presentata\u00a0 entro le ore 12 del 17 febbraio (<\/span><span dir=\"ltr\" role=\"presentation\">https:\/\/concorsi.gdf.gov.it.)<\/span><\/p>\n<p>&nbsp;<\/p>\n<p>&nbsp;<\/p>\n<hr \/>\n<p>&nbsp;<\/p>\n<blockquote>\n<h3>CONOSCERE LE FARFALLE CON IL PARCO NAZIONALE DOLOMITI BELLUNESI<\/h3>\n<\/blockquote>\n<p><strong><a href=\"https:\/\/www.radiopiu.net\/wordpress\/giornale-radiopiu-01-febbraio-2022-direttore-mirko-mezzacasa\/farfalla\/\" rel=\"attachment wp-att-257091\"><img loading=\"lazy\" decoding=\"async\" class=\" wp-image-257091 alignleft\" src=\"https:\/\/www.radiopiu.net\/wordpress\/wp-content\/uploads\/2022\/01\/FARFALLA-300x211.jpg\" alt=\"\" width=\"135\" height=\"95\" srcset=\"https:\/\/www.radiopiu.net\/wordpress\/wp-content\/uploads\/2022\/01\/FARFALLA-300x211.jpg 300w, https:\/\/www.radiopiu.net\/wordpress\/wp-content\/uploads\/2022\/01\/FARFALLA-1024x722.jpg 1024w, https:\/\/www.radiopiu.net\/wordpress\/wp-content\/uploads\/2022\/01\/FARFALLA-768x541.jpg 768w, https:\/\/www.radiopiu.net\/wordpress\/wp-content\/uploads\/2022\/01\/FARFALLA-1536x1082.jpg 1536w, https:\/\/www.radiopiu.net\/wordpress\/wp-content\/uploads\/2022\/01\/FARFALLA.jpg 1920w\" sizes=\"auto, (max-width: 135px) 100vw, 135px\" \/><\/a>FELTRE<\/strong> Il Dipartimento di Biologia dell\u2019Universit\u00e0 di Padova e il Parco Nazionale Dolomiti Bellunesi propongono una seconda edizione del corso: Farfalle delle Alpi Orientali. Conoscere e identificare le specie collinari e montane del Nord Est Italia. La richiesta di partecipazione va compilata on-line entro il 20 febbraio.<\/p>\n<p>&nbsp;<\/p>\n<p>&nbsp;<\/p>\n<p>&nbsp;<\/p>\n<hr \/>\n<p>&nbsp;<\/p>\n<blockquote>\n<h3>A LIMANA PER LA GIORNATA DEL RICORDO<\/h3>\n<\/blockquote>\n<p><strong>LIMANA <\/strong><span class=\"s1\">Il Comune di Limana, Assessorato alla Cultura e Biblioteca Comunale, in collaborazione con l&#8217;Associazione Culturale Teatro Laboratorio di Brescia, in occasione della Giornata del Ricordo, \u00e8 lieto di presentare: <\/span><span class=\"s1\">MERCOLEDI&#8217; 9 FEBBRAIO alle 20.30 &#8220;Sorelle. Una storia per ricordare la tragedia delle Foibe&#8221;, rappresentazione teatrale<\/span><span class=\"s1\">\u00a0presso la sala Luigi Nocivelli, ingresso dietro la Biblioteca Comunale di Limana, Via Ruggero Fiabane n. 3.<\/span><\/p>\n<p>&nbsp;<\/p>\n<p>&nbsp;<\/p>\n<p>&nbsp;<\/p>\n<hr \/>\n<p><a href=\"https:\/\/www.radiopiu.net\/wordpress\/giornale-radiopiu-04-febbraio-2022-direttore-mirko-mezzacasa\/ombres_ufficiale_newsletter-1\/\" rel=\"attachment wp-att-257734\"><img loading=\"lazy\" decoding=\"async\" class=\"size-medium wp-image-257734 alignleft\" src=\"https:\/\/www.radiopiu.net\/wordpress\/wp-content\/uploads\/2022\/02\/Ombres_ufficiale_newsletter-1-240x300.jpg\" alt=\"\" width=\"240\" height=\"300\" srcset=\"https:\/\/www.radiopiu.net\/wordpress\/wp-content\/uploads\/2022\/02\/Ombres_ufficiale_newsletter-1-240x300.jpg 240w, https:\/\/www.radiopiu.net\/wordpress\/wp-content\/uploads\/2022\/02\/Ombres_ufficiale_newsletter-1-768x960.jpg 768w, https:\/\/www.radiopiu.net\/wordpress\/wp-content\/uploads\/2022\/02\/Ombres_ufficiale_newsletter-1.jpg 800w\" sizes=\"auto, (max-width: 240px) 100vw, 240px\" \/><\/a><\/p>\n<blockquote>\n<h3>INAUGURAZIONE DELLA MOSTRA AL BUREL<\/h3>\n<\/blockquote>\n<p>La mostra \u00a0OMBRES di Chrisstian Boltanski sar\u00e0 inaugurata al Museo d&#8217;Arte Contemporanea di Belluno\u00a0 domani alle 18 e rester\u00e0 aperta fino al 13 marzo, tutti i sabati e le domeniche dalle 16 alle 20.<\/p>\n<p><span dir=\"ltr\" role=\"presentation\">Di Christian Boltanski (1944<\/span><span dir=\"ltr\" role=\"presentation\">&#8211;<\/span><span dir=\"ltr\" role=\"presentation\">2021) viene esposta una sola<\/span><br role=\"presentation\" \/><span dir=\"ltr\" role=\"presentation\">opera, che d\u00e0 il titolo alla mostra: OMBRES.<\/span><br role=\"presentation\" \/><span dir=\"ltr\" role=\"presentation\">Si tratta di un\u2019ombra. Un contorno incerto, una figura<\/span><br role=\"presentation\" \/><span dir=\"ltr\" role=\"presentation\">evanescente,<\/span> <span dir=\"ltr\" role=\"presentation\">impalpabile.<\/span> <span dir=\"ltr\" role=\"presentation\">Una<\/span> <span dir=\"ltr\" role=\"presentation\">presenza<\/span> <span dir=\"ltr\" role=\"presentation\">che<\/span> <span dir=\"ltr\" role=\"presentation\">si<\/span> <span dir=\"ltr\" role=\"presentation\">lascia<\/span><br role=\"presentation\" \/><span dir=\"ltr\" role=\"presentation\">int<\/span><span dir=\"ltr\" role=\"presentation\">ravedere se illuminata, avvalorando<\/span> <span dir=\"ltr\" role=\"presentation\">la sua transitoriet\u00e0,<\/span><br role=\"presentation\" \/><span dir=\"ltr\" role=\"presentation\">il suo esser sulla soglia di una sparizione che avverr\u00e0 da un<\/span><br role=\"presentation\" \/><span dir=\"ltr\" role=\"presentation\">momento all\u2019altro. \u00c8 un punto, minimo. Tutto il resto \u00e8<\/span><br role=\"presentation\" \/><span dir=\"ltr\" role=\"presentation\">nerezza, e niente.\u00a0<\/span><\/p>\n<p>&nbsp;<\/p>\n<p>&nbsp;<\/p>\n<hr \/>\n<p>&nbsp;<\/p>\n<blockquote>\n<h3>IL COMITATO D&#8217;INTESA CERCA PERSONALE<\/h3>\n<\/blockquote>\n<p><strong>BELLUNO <\/strong>Il Comitato d&#8217;Intesa tra le associazioni volontaristiche della provincia di Belluno \u00e8 alla ricerca di una nuova figura da inserire nel proprio staff, con funzioni di coordinatore di progetti e supporto all\u2019attivit\u00e0 amministrativa. Nello specifico, il coordinatore \u00e8 incaricato della predisposizione e della realizzazione di programmi e di progetti nell\u2019ambito delle attivit\u00e0 istituzionali, in particolare nel settore dei servizi sociali e culturali; di curare le relazioni con le organizzazioni del Terzo settore, con le pubbliche amministrazioni, ecc.; inoltre collaborer\u00e0 con l\u2019organizzazione interna nella gestione di pratiche amministrative o di segreteria generale. La scadenza per presentare la propria candidatura \u00e8 venerd\u00ec 18 febbraio 2022 alle ore 13, inviando una e-mail a <a href=\"mailto:info@comitatodintesa.it\">info@comitatodintesa.it<\/a>.<\/p>\n<p>&nbsp;<\/p>\n<p>&nbsp;<\/p>\n<hr \/>\n<p>&nbsp;<\/p>\n<p><strong><span style=\"color: #0000ff;\">PROROGATA LA DATA PER FARE RICHIESTA\u00a0\u00a0<\/span><\/strong><\/p>\n<blockquote>\n<h3><strong>BELLUNO Il Centro Italiano di Solidariet\u00e0 di Belluno \u00e8 ACCREDITATO PER IL SERVIZIO CIVILE UNIVERSALE e seleziona n. 10 volontari da impiegare nel progetto \u201cABBRACCIO-percorso di contrasto alle dipendenze\u201d scadenza presentazione domande: 10 febbraio 2022 alle ore 14.00 Disponibili 10 posti in 5 sedi in provincia di Belluno Come \u00e8 organizzato il Servizio: &#8211; ore settimanali 25 &#8211; durata un anno &#8211; rimborso mensile \u20ac 444,30<\/strong><\/h3>\n<\/blockquote>\n<p>Domanda on Line (DOL) raggiungibile tramite PC, tablet e smartphone all\u2019indirizzo https:\/\/domandaonline.serviziocivile.it dove, attraverso un semplice sistema di ricerca con filtri, \u00e8 possibile scegliere il progetto (nome progetto) per il quale avanzare la candidatura. Accesso tramite SPID.<\/p>\n<p>&nbsp;<\/p>\n<p>&nbsp;<\/p>\n<hr \/>\n<p>&nbsp;<\/p>\n<h2><span style=\"color: #ff0000;\">IERI ALLA RADIO\u00a0<\/span><\/h2>\n<h3><span style=\"color: #ff9900;\">LO ZERO TERMICO CON LE PAPERE ITINERANTI<\/span><\/h3>\n<h3>INVERNO 2022: LO ZERO TERMICO E\u2019\u2026.A RADIO PIU\u2019.<\/h3>\n<blockquote><p><em><a href=\"https:\/\/www.radiopiu.net\/wordpress\/lo-zero-termico-con-le-papere-itineranti\/papere-itineranti\/\" rel=\"attachment wp-att-257657\"><img loading=\"lazy\" decoding=\"async\" class=\" wp-image-257657 alignleft\" src=\"https:\/\/www.radiopiu.net\/wordpress\/wp-content\/uploads\/2022\/02\/PAPERE-ITINERANTI.jpg\" alt=\"\" width=\"108\" height=\"108\" srcset=\"https:\/\/www.radiopiu.net\/wordpress\/wp-content\/uploads\/2022\/02\/PAPERE-ITINERANTI.jpg 200w, https:\/\/www.radiopiu.net\/wordpress\/wp-content\/uploads\/2022\/02\/PAPERE-ITINERANTI-150x150.jpg 150w\" sizes=\"auto, (max-width: 108px) 100vw, 108px\" \/><\/a>ZERO TERMICO E\u2019 UN VIAGGIO ALLA SCOPERTA DEL NOSTRO TERRITORIO, DALLA VOCE DEI PROTAGONISTI. TURISMO, SPORT, EVENTI, CULTURA, INTRATTENIMENTO. DAL LUNEDI\u2019 AL VENERDI ALLE 15.10 ALLE 20.30. ZERO TERMICO. UN APPUNTAMENTO IN COLLABORAZIONE CON: SPORT 203. LA NATURALE PORTA D\u2019INGRESSO\u2026.VERSO LO ZERO TERMICO. LOCALITA\u2019 LE CAMPE STRADA AGORDO BELLUNO. ABBIGLIAMENTO E ATTREZZATURA\u2026.DEDICATI A CHI AMA LA MONTAGNA.<\/em><\/p><\/blockquote>\n<p><strong>di Claudio Fontanive PUNTATA 19, Guido Albertini<\/strong><\/p>\n<audio class=\"wp-audio-shortcode\" id=\"audio-257614-5\" preload=\"none\" style=\"width: 100%;\" controls=\"controls\"><source type=\"audio\/mpeg\" src=\"https:\/\/www.radiopiu.net\/wordpress\/wp-content\/uploads\/2022\/02\/guido-albertini-3-febbraio.mp3?_=5\" \/><a href=\"https:\/\/www.radiopiu.net\/wordpress\/wp-content\/uploads\/2022\/02\/guido-albertini-3-febbraio.mp3\">https:\/\/www.radiopiu.net\/wordpress\/wp-content\/uploads\/2022\/02\/guido-albertini-3-febbraio.mp3<\/a><\/audio>\n<p>&nbsp;<\/p>\n<p>&nbsp;<\/p>\n<p>&nbsp;<\/p>\n<hr \/>\n<p>&nbsp;<\/p>\n<p><strong>TUTTI I LUNEDI ALLE 10,30 E 1900, LA DOMENICA ALLE 8 007 IN CONDOTTA, LA SCUOLA CON LA PROF. MARIA ROSA SALMAZO E CLAUDIO FONTANIVE, IN PODCAST TUTTE LE PUNTATE DELLE ULTIME STAGIONI.<\/strong><\/p>\n<blockquote class=\"wp-embedded-content\" data-secret=\"u3CDVZkPgO\"><p><a href=\"https:\/\/www.radiopiu.net\/wordpress\/007incondotta-9\/\">007 in condotta<\/a><\/p><\/blockquote>\n<p><iframe loading=\"lazy\" class=\"wp-embedded-content\" sandbox=\"allow-scripts\" security=\"restricted\" style=\"position: absolute; clip: rect(1px, 1px, 1px, 1px);\" title=\"&#8220;007 in condotta&#8221; &#8212; Radio Pi\u00f9\" src=\"https:\/\/www.radiopiu.net\/wordpress\/007incondotta-9\/embed\/#?secret=u3CDVZkPgO\" data-secret=\"u3CDVZkPgO\" width=\"600\" height=\"338\" frameborder=\"0\" marginwidth=\"0\" marginheight=\"0\" scrolling=\"no\"><\/iframe><\/p>\n<p>&nbsp;<\/p>\n<p>&nbsp;<\/p>\n<p>&nbsp;<\/p>\n<hr \/>\n<p>&nbsp;<\/p>\n<div>\n<div class=\"b654a4as d2edcug0\">\n<div class=\"rq0escxv hkbzh7o3 jwdofwj8 n8tt0mok r8blr3vg hyh9befq\">\n<p><a class=\"dt-pswp-item\" href=\"https:\/\/www.radiopiu.net\/wordpress\/wp-content\/uploads\/2020\/10\/pp.jpg\" data-dt-img-description=\"\" data-large_image_width=\"640\" data-large_image_height=\"640\"><img loading=\"lazy\" decoding=\"async\" class=\"wp-image-163678 alignleft\" src=\"https:\/\/www.radiopiu.net\/wordpress\/wp-content\/uploads\/2020\/10\/pp-300x300.jpg\" alt=\"\" width=\"106\" height=\"106\" srcset=\"https:\/\/www.radiopiu.net\/wordpress\/wp-content\/uploads\/2020\/10\/pp-300x300.jpg 300w, https:\/\/www.radiopiu.net\/wordpress\/wp-content\/uploads\/2020\/10\/pp-150x150.jpg 150w, https:\/\/www.radiopiu.net\/wordpress\/wp-content\/uploads\/2020\/10\/pp-125x125.jpg 125w, https:\/\/www.radiopiu.net\/wordpress\/wp-content\/uploads\/2020\/10\/pp-200x200.jpg 200w, https:\/\/www.radiopiu.net\/wordpress\/wp-content\/uploads\/2020\/10\/pp-80x80.jpg 80w, https:\/\/www.radiopiu.net\/wordpress\/wp-content\/uploads\/2020\/10\/pp-480x480.jpg 480w, https:\/\/www.radiopiu.net\/wordpress\/wp-content\/uploads\/2020\/10\/pp.jpg 640w\" sizes=\"auto, (max-width: 106px) 100vw, 106px\" \/><\/a><\/p>\n<\/div>\n<\/div>\n<\/div>\n<div>\n<div class=\"page-title-head hgroup\">\n<div class=\"page-title-head hgroup\">\n<div class=\"b654a4as d2edcug0\">\n<div class=\"j83agx80 btwxx1t3 lhclo0ds hop8lmos nkwizq5d scwd0bx6 roh60bw9\">\n<div class=\"rq0escxv hkbzh7o3 jwdofwj8 n8tt0mok r8blr3vg hyh9befq\">\n<div class=\"do00u71z l9j0dhe7 k4urcfbm\">\n<h2><span style=\"color: #000080;\">\u00a0<\/span><span style=\"color: #000080;\">DON CESARE, IL PENSIERO DEL GIORNO. ALLA RADIO ALLE 7 DEL MATTINO E ALLE 19.30 DELLA SERA.<\/span><\/h2>\n<\/div>\n<div class=\"do00u71z l9j0dhe7 k4urcfbm\">\n<audio class=\"wp-audio-shortcode\" id=\"audio-257614-6\" preload=\"none\" style=\"width: 100%;\" controls=\"controls\"><source type=\"audio\/mpeg\" src=\"https:\/\/www.radiopiu.net\/wordpress\/wp-content\/uploads\/2022\/02\/cesare-2.mp3?_=6\" \/><a href=\"https:\/\/www.radiopiu.net\/wordpress\/wp-content\/uploads\/2022\/02\/cesare-2.mp3\">https:\/\/www.radiopiu.net\/wordpress\/wp-content\/uploads\/2022\/02\/cesare-2.mp3<\/a><\/audio>\n<p>&nbsp;<\/p>\n<hr \/>\n<p>&nbsp;<\/p>\n<h3 class=\"kvgmc6g5 cxmmr5t8 oygrvhab hcukyx3x c1et5uql\"><span style=\"color: #0000ff;\"><strong>INFORMAZIONE il canale su TELEGRAM informazione di prima mano e in tempo reale. iscriviti ed aiutaci a farlo conoscere\u00a0\u00a0<\/strong><\/span><\/h3>\n<p>&nbsp;<\/p>\n<p>&nbsp;<\/p>\n<hr \/>\n<p>&nbsp;<\/p>\n<div class=\"do00u71z l9j0dhe7 k4urcfbm\">\n<div>\n<div class=\"page-title-head hgroup\">\n<div class=\"page-title-head hgroup\">\n<div class=\"b654a4as d2edcug0\">\n<div class=\"j83agx80 btwxx1t3 lhclo0ds hop8lmos nkwizq5d scwd0bx6 roh60bw9\">\n<div class=\"rq0escxv hkbzh7o3 jwdofwj8 n8tt0mok r8blr3vg hyh9befq\">\n<div class=\"do00u71z l9j0dhe7 k4urcfbm\">\n<div class=\"page-title-head hgroup\">\n<div class=\"page-title-head hgroup\">\n<div class=\"b654a4as d2edcug0\">\n<div class=\"j83agx80 btwxx1t3 lhclo0ds hop8lmos nkwizq5d scwd0bx6 roh60bw9\">\n<div class=\"rq0escxv hkbzh7o3 jwdofwj8 n8tt0mok r8blr3vg hyh9befq\">\n<div class=\"do00u71z l9j0dhe7 k4urcfbm\">\n<div class=\"ecm0bbzt e5nlhep0 a8c37x1j\">\n<div class=\"kvgmc6g5 cxmmr5t8 oygrvhab hcukyx3x c1et5uql\">\n<div class=\"gmail-kvgmc6g5 gmail-cxmmr5t8 gmail-oygrvhab gmail-hcukyx3x gmail-c1et5uql gmail-ii04i59q\">\n<div class=\"page-title-head hgroup\">\n<div class=\"page-title-head hgroup\">\n<div class=\"b654a4as d2edcug0\">\n<div class=\"j83agx80 btwxx1t3 lhclo0ds hop8lmos nkwizq5d scwd0bx6 roh60bw9\">\n<div class=\"rq0escxv hkbzh7o3 jwdofwj8 n8tt0mok r8blr3vg hyh9befq\">\n<div class=\"do00u71z l9j0dhe7 k4urcfbm\">\n<div class=\"page-title-head hgroup\">\n<div class=\"page-title-head hgroup\">\n<div class=\"b654a4as d2edcug0\">\n<div class=\"j83agx80 btwxx1t3 lhclo0ds hop8lmos nkwizq5d scwd0bx6 roh60bw9\">\n<div class=\"rq0escxv hkbzh7o3 jwdofwj8 n8tt0mok r8blr3vg hyh9befq\">\n<div class=\"do00u71z l9j0dhe7 k4urcfbm\">\n<div>\n<div class=\"page-title-head hgroup\">\n<div class=\"page-title-head hgroup\">\n<div class=\"b654a4as d2edcug0\">\n<div class=\"j83agx80 btwxx1t3 lhclo0ds hop8lmos nkwizq5d scwd0bx6 roh60bw9\">\n<div class=\"rq0escxv hkbzh7o3 jwdofwj8 n8tt0mok r8blr3vg hyh9befq\">\n<div class=\"do00u71z l9j0dhe7 k4urcfbm\">\n<div class=\"ecm0bbzt e5nlhep0 a8c37x1j\">\n<div class=\"kvgmc6g5 cxmmr5t8 oygrvhab hcukyx3x c1et5uql\">\n<div class=\"gmail-kvgmc6g5 gmail-cxmmr5t8 gmail-oygrvhab gmail-hcukyx3x gmail-c1et5uql gmail-ii04i59q\">\n<div class=\"page-title-head hgroup\">\n<div class=\"page-title-head hgroup\">\n<div class=\"b654a4as d2edcug0\">\n<div class=\"j83agx80 btwxx1t3 lhclo0ds hop8lmos nkwizq5d scwd0bx6 roh60bw9\">\n<div class=\"rq0escxv hkbzh7o3 jwdofwj8 n8tt0mok r8blr3vg hyh9befq\">\n<div class=\"do00u71z l9j0dhe7 k4urcfbm\">\n<blockquote>\n<h3><span style=\"color: #ff0000;\">IN VIVO VERSO, SETTIMA STAGIONE CON BRUNELLA MORO, DAL LUNEDI AL VENERDI ALLE 7.10, 10.10 E 18.50\u00a0\u00a0<\/span><\/h3>\n<h3>LA PIOGGIA di LAURA SPAGNOLLI<\/h3>\n<\/blockquote>\n<p>AUDIO<\/p>\n<audio class=\"wp-audio-shortcode\" id=\"audio-257614-7\" preload=\"none\" style=\"width: 100%;\" controls=\"controls\"><source type=\"audio\/mpeg\" src=\"https:\/\/www.radiopiu.net\/wordpress\/wp-content\/uploads\/2022\/01\/4-LAURA-SPAGNOLI-LA-PIOGGIA.mp3?_=7\" \/><a href=\"https:\/\/www.radiopiu.net\/wordpress\/wp-content\/uploads\/2022\/01\/4-LAURA-SPAGNOLI-LA-PIOGGIA.mp3\">https:\/\/www.radiopiu.net\/wordpress\/wp-content\/uploads\/2022\/01\/4-LAURA-SPAGNOLI-LA-PIOGGIA.mp3<\/a><\/audio>\n<p>&nbsp;<\/p>\n<p><a href=\"https:\/\/www.radiopiu.net\/wordpress\/la-pioggia-di-laura-spagnolli\/4-laura-spagnoli\/\" rel=\"attachment wp-att-257711\"><img loading=\"lazy\" decoding=\"async\" class=\" wp-image-257711 alignleft\" src=\"https:\/\/www.radiopiu.net\/wordpress\/wp-content\/uploads\/2022\/02\/4-LAURA-SPAGNOLI.jpg\" alt=\"\" width=\"169\" height=\"254\" \/><\/a><strong>LA PIOGGIA<\/strong><\/p>\n<p>La pioggia cade<br \/>\ncome lacrime che scorrono sulle guance,<br \/>\nLa pioggia cade<br \/>\ncome lo sfogliare delle pagine di un libro.<br \/>\nLa pioggia cade<br \/>\ncome il movimento delle dita su un volto.<br \/>\nLa pioggia cade<br \/>\ne io mi sento bene con me stessa<br \/>\nperch\u00e8 quell&#8217;acqua che non piace a nessuno<br \/>\nmi fa schiarire la mente<br \/>\ne mi mette al sicuro dai pensieri altrui.<\/p>\n<p><strong>LA RACCOLTA COMPLETA\u00a0 \u00a0<\/strong><\/p>\n<blockquote class=\"wp-embedded-content\" data-secret=\"Ss6UFscbfB\"><p><a href=\"https:\/\/www.radiopiu.net\/wordpress\/in-vivo-verso\/\">In Vivo Verso<\/a><\/p><\/blockquote>\n<p><iframe loading=\"lazy\" class=\"wp-embedded-content\" sandbox=\"allow-scripts\" security=\"restricted\" style=\"position: absolute; clip: rect(1px, 1px, 1px, 1px);\" title=\"&#8220;In Vivo Verso&#8221; &#8212; Radio Pi\u00f9\" src=\"https:\/\/www.radiopiu.net\/wordpress\/in-vivo-verso\/embed\/#?secret=Ss6UFscbfB\" data-secret=\"Ss6UFscbfB\" width=\"600\" height=\"338\" frameborder=\"0\" marginwidth=\"0\" marginheight=\"0\" scrolling=\"no\"><\/iframe><\/p>\n<p>&nbsp;<\/p>\n<hr \/>\n<p>&nbsp;<\/p>\n<h2><span style=\"color: #808000;\">GOCCE DI FILOSOFIA<\/span><\/h2>\n<p><strong>PUNTATA 129 DEL 03 FEBBRAIO 2022<\/strong><\/p>\n<audio class=\"wp-audio-shortcode\" id=\"audio-257614-8\" preload=\"none\" style=\"width: 100%;\" controls=\"controls\"><source type=\"audio\/mpeg\" src=\"https:\/\/www.radiopiu.net\/wordpress\/wp-content\/uploads\/2022\/01\/FI4-4.mp3?_=8\" \/><a href=\"https:\/\/www.radiopiu.net\/wordpress\/wp-content\/uploads\/2022\/01\/FI4-4.mp3\">https:\/\/www.radiopiu.net\/wordpress\/wp-content\/uploads\/2022\/01\/FI4-4.mp3<\/a><\/audio>\n<p>&nbsp;<\/p>\n<p><strong>raccolta completa<\/strong><\/p>\n<blockquote class=\"wp-embedded-content\" data-secret=\"9YrY1FiZ9S\"><p><a href=\"https:\/\/www.radiopiu.net\/wordpress\/gocce-filosofia\/\">Gocce di filosofia, PRIMA E SECONDA STAGIONE 2022<\/a><\/p><\/blockquote>\n<p><iframe loading=\"lazy\" class=\"wp-embedded-content\" sandbox=\"allow-scripts\" security=\"restricted\" style=\"position: absolute; clip: rect(1px, 1px, 1px, 1px);\" title=\"&#8220;Gocce di filosofia, PRIMA E SECONDA STAGIONE 2022&#8221; &#8212; Radio Pi\u00f9\" src=\"https:\/\/www.radiopiu.net\/wordpress\/gocce-filosofia\/embed\/#?secret=9YrY1FiZ9S\" data-secret=\"9YrY1FiZ9S\" width=\"600\" height=\"338\" frameborder=\"0\" marginwidth=\"0\" marginheight=\"0\" scrolling=\"no\"><\/iframe><\/p>\n<p>&nbsp;<\/p>\n<hr \/>\n<p>&nbsp;<\/p>\n<p><span style=\"color: #0000ff;\">MUSICA PIU&#8217;\u00a0<\/span><\/p>\n<p><a href=\"https:\/\/www.radiopiu.net\/wordpress\/giornale-radiopiu-20-settembre-2021-direttore-mirko-mezzacasa\/pp-79\/\" rel=\"attachment wp-att-232921\"><img loading=\"lazy\" decoding=\"async\" class=\"wp-image-232921 alignleft\" src=\"https:\/\/www.radiopiu.net\/wordpress\/wp-content\/uploads\/2021\/09\/pp-1-300x300.jpg\" alt=\"\" width=\"135\" height=\"135\" srcset=\"https:\/\/www.radiopiu.net\/wordpress\/wp-content\/uploads\/2021\/09\/pp-1-300x300.jpg 300w, https:\/\/www.radiopiu.net\/wordpress\/wp-content\/uploads\/2021\/09\/pp-1-150x150.jpg 150w, https:\/\/www.radiopiu.net\/wordpress\/wp-content\/uploads\/2021\/09\/pp-1.jpg 640w\" sizes=\"auto, (max-width: 135px) 100vw, 135px\" \/><\/a><\/p>\n<div class=\"mkdf-post-text\">\n<div class=\"mkdf-post-text-inner\">\n<div class=\"mkdf-post-text-main\">\n<div class=\"mkdf-post-text\">\n<div class=\"mkdf-post-text-inner\">\n<div class=\"mkdf-post-text-main\">\n<div class=\"mkdf-post-text\">\n<div class=\"mkdf-post-text-inner\">\n<div class=\"mkdf-post-text-main\">\n<div class=\"page-title-head hgroup\">\n<div class=\"page-title-head hgroup\">\n<div class=\"mkdf-post-text\">\n<div class=\"mkdf-post-text-inner\">\n<div class=\"mkdf-post-text-main\">\n<div class=\"mkdf-post-text\">\n<div class=\"mkdf-post-text-inner\">\n<div class=\"mkdf-post-text-main\">\n<div class=\"page-title-head hgroup\">\n<div class=\"page-title-head hgroup\">\n<div class=\"page-title-head hgroup\">\n<div class=\"page-title-head hgroup\">\n<div class=\"b654a4as d2edcug0\">\n<div class=\"page-title-head hgroup\">\n<div class=\"page-title-head hgroup\">\n<div class=\"page-title-head hgroup\">\n<div class=\"page-title-head hgroup\">\n<div class=\"b654a4as d2edcug0\">\n<div class=\"page-title-head hgroup\">\n<div class=\"page-title-head hgroup\">\n<div class=\"page-title-head hgroup\">\n<div class=\"page-title-head hgroup\">\n<div class=\"b654a4as d2edcug0\">\n<div class=\"mkdf-post-text\">\n<div class=\"mkdf-post-text-inner\">\n<div class=\"mkdf-post-text-main\">\n<div class=\"mkdf-post-text\">\n<div class=\"mkdf-post-text-inner\">\n<div class=\"mkdf-post-text-main\">\n<div class=\"mkdf-post-text\">\n<div class=\"mkdf-post-text-inner\">\n<div class=\"mkdf-post-text-main\">\n<div class=\"page-title-head hgroup\">\n<div class=\"page-title-head hgroup\">\n<div class=\"mkdf-post-text\">\n<div class=\"mkdf-post-text-inner\">\n<div class=\"mkdf-post-text-main\">\n<div class=\"mkdf-post-text\">\n<div class=\"mkdf-post-text-inner\">\n<div class=\"mkdf-post-text-main\">\n<div class=\"page-title-head hgroup\">\n<div class=\"page-title-head hgroup\">\n<div class=\"page-title-head hgroup\">\n<div class=\"page-title-head hgroup\">\n<div class=\"b654a4as d2edcug0\">\n<div class=\"page-title-head hgroup\">\n<div class=\"page-title-head hgroup\">\n<div class=\"page-title-head hgroup\">\n<div class=\"page-title-head hgroup\">\n<div class=\"b654a4as d2edcug0\">\n<div class=\"page-title-head hgroup\">\n<div class=\"page-title-head hgroup\">\n<div class=\"page-title-head hgroup\">\n<div class=\"page-title-head hgroup\">\n<div class=\"b654a4as d2edcug0\">\n<div><\/div>\n<div><\/div>\n<div>\n<p><strong>MUSICA ALLA RADIO, IL PROGRAMMA DI LORIS SCUSSEL &#8220;COLLAGE OPERAZIONE NOSTALGIA&#8221; DAL LUNEDI AL VENERDI ALLE 16.00\u00a0 E ALLE 23\u00a0<\/strong><\/p>\n<\/div>\n<p><strong>\u00a0\u00a0<\/strong><\/p>\n<p><strong>PUNTATA 534 DEL 03 FEBBRAIO 2022<\/strong><\/p>\n<audio class=\"wp-audio-shortcode\" id=\"audio-257614-9\" preload=\"none\" style=\"width: 100%;\" controls=\"controls\"><source type=\"audio\/mpeg\" src=\"https:\/\/www.radiopiu.net\/wordpress\/wp-content\/uploads\/2022\/01\/Collage-534.mp3?_=9\" \/><a href=\"https:\/\/www.radiopiu.net\/wordpress\/wp-content\/uploads\/2022\/01\/Collage-534.mp3\">https:\/\/www.radiopiu.net\/wordpress\/wp-content\/uploads\/2022\/01\/Collage-534.mp3<\/a><\/audio>\n<p>&nbsp;<\/p>\n<p>&nbsp;<\/p>\n<p>&nbsp;<\/p>\n<\/div>\n<\/div>\n<\/div>\n<\/div>\n<\/div>\n<\/div>\n<\/div>\n<\/div>\n<\/div>\n<\/div>\n<\/div>\n<\/div>\n<\/div>\n<\/div>\n<\/div>\n<\/div>\n<\/div>\n<\/div>\n<\/div>\n<\/div>\n<\/div>\n<\/div>\n<\/div>\n<\/div>\n<\/div>\n<\/div>\n<\/div>\n<\/div>\n<\/div>\n<\/div>\n<\/div>\n<\/div>\n<\/div>\n<\/div>\n<\/div>\n<\/div>\n<\/div>\n<\/div>\n<\/div>\n<\/div>\n<\/div>\n<\/div>\n<\/div>\n<\/div>\n<\/div>\n<\/div>\n<\/div>\n<\/div>\n<\/div>\n<\/div>\n<\/div>\n<\/div>\n<\/div>\n<\/div>\n<\/div>\n<\/div>\n<\/div>\n<\/div>\n<\/div>\n<\/div>\n<\/div>\n<\/div>\n<\/div>\n<\/div>\n<hr \/>\n<p>&nbsp;<\/p>\n<p>&nbsp;<\/p>\n<blockquote class=\"wp-embedded-content\" data-secret=\"4s6cZd0Iii\"><p><a href=\"https:\/\/www.radiopiu.net\/wordpress\/freemix-la-liberta-musicale-mixata-da-dj-athos-e-raccontata-da-dj-jack\/\">FREEMIX, LA LIBERTA&#8217; MUSICALE MIXATA DA DJ ATHOS E RACCONTATA DA DJ JACK<\/a><\/p><\/blockquote>\n<p><iframe loading=\"lazy\" class=\"wp-embedded-content\" sandbox=\"allow-scripts\" security=\"restricted\" style=\"position: absolute; clip: rect(1px, 1px, 1px, 1px);\" title=\"&#8220;FREEMIX, LA LIBERTA&#8217; MUSICALE MIXATA DA DJ ATHOS E RACCONTATA DA DJ JACK&#8221; &#8212; Radio Pi\u00f9\" src=\"https:\/\/www.radiopiu.net\/wordpress\/freemix-la-liberta-musicale-mixata-da-dj-athos-e-raccontata-da-dj-jack\/embed\/#?secret=4s6cZd0Iii\" data-secret=\"4s6cZd0Iii\" width=\"600\" height=\"338\" frameborder=\"0\" marginwidth=\"0\" marginheight=\"0\" scrolling=\"no\"><\/iframe><\/p>\n<p>&nbsp;<\/p>\n<blockquote class=\"wp-embedded-content\" data-secret=\"SnpeaqCfap\"><p><a href=\"https:\/\/www.radiopiu.net\/wordpress\/da-ieri-alla-radio-in-palinsesto-loris-e-maurizio-con-la-grande-musica\/\">IL BLUES ALLA RADIO &#8230; COME NON L&#8217;AVETE MAI SENTITO PRIMA<\/a><\/p><\/blockquote>\n<p><iframe loading=\"lazy\" class=\"wp-embedded-content\" sandbox=\"allow-scripts\" security=\"restricted\" style=\"position: absolute; clip: rect(1px, 1px, 1px, 1px);\" title=\"&#8220;IL BLUES ALLA RADIO &#8230; COME NON L&#8217;AVETE MAI SENTITO PRIMA&#8221; &#8212; Radio Pi\u00f9\" src=\"https:\/\/www.radiopiu.net\/wordpress\/da-ieri-alla-radio-in-palinsesto-loris-e-maurizio-con-la-grande-musica\/embed\/#?secret=SnpeaqCfap\" data-secret=\"SnpeaqCfap\" width=\"600\" height=\"338\" frameborder=\"0\" marginwidth=\"0\" marginheight=\"0\" scrolling=\"no\"><\/iframe><\/p>\n<p>&nbsp;<\/p>\n<hr \/>\n<p>&nbsp;<\/p>\n<blockquote>\n<h3><span style=\"color: #0000ff;\">INFORMAZIONE il canale su TELEGRAM informazione di prima mano e in tempo reale. iscriviti ed aiutaci a farlo conoscere\u00a0\u00a0<\/span><\/h3>\n<\/blockquote>\n<div>\n<div class=\"page-title-head hgroup\">\n<div class=\"page-title-head hgroup\">\n<div class=\"page-title-head hgroup\">\n<div class=\"page-title-head hgroup\">\n<div class=\"b654a4as d2edcug0\">\n<div class=\"page-title-head hgroup\">\n<div class=\"page-title-head hgroup\">\n<div class=\"page-title-head hgroup\">\n<div class=\"page-title-head hgroup\">\n<div class=\"b654a4as d2edcug0\">\n<div class=\"page-title-head hgroup\">\n<div class=\"page-title-head hgroup\">\n<div class=\"page-title-head hgroup\">\n<div class=\"page-title-head hgroup\">\n<div class=\"page-title-head hgroup\">\n<div class=\"page-title-head hgroup\">\n<div class=\"page-title-head hgroup\">\n<div class=\"page-title-head hgroup\">\n<div class=\"page-title-head hgroup\">\n<div class=\"b654a4as d2edcug0\">\n<div class=\"page-title-head hgroup\">\n<div class=\"page-title-head hgroup\">\n<div class=\"page-title-head hgroup\">\n<div class=\"page-title-head hgroup\">\n<div class=\"b654a4as d2edcug0\">\n<div>\n<p>&nbsp;<\/p>\n<\/div>\n<div>\n<div class=\"page-title-head hgroup\">\n<div class=\"page-title-head hgroup\">\n<div class=\"page-title-head hgroup\">\n<div class=\"page-title-head hgroup\">\n<div class=\"page-title-head hgroup\">\n<div class=\"b654a4as d2edcug0\">\n<div>\n<hr \/>\n<\/div>\n<\/div>\n<div>\n<div>\n<p>&nbsp;<\/p>\n<\/div>\n<div>\n<div>\n<p>&nbsp;<\/p>\n<\/div>\n<div>\n<div>\n<p><strong>DUE MINUTI UN LIBRO, TUTTI I GIORNI ALLA RADIO ALLE 9.40 E ALLE 17.50\u00a0<\/strong><\/p>\n<div>\n<div>\n<p><strong>LA RACCOLTA COMPLETA\u00a0\u00a0<\/strong><\/p>\n<\/div>\n<div>\n<blockquote class=\"wp-embedded-content\" data-secret=\"EI3tBgqZrF\"><p><a href=\"https:\/\/www.radiopiu.net\/wordpress\/due-minuti-un-libro\/\">Due minuti un libro<\/a><\/p><\/blockquote>\n<p><iframe loading=\"lazy\" class=\"wp-embedded-content\" sandbox=\"allow-scripts\" security=\"restricted\" style=\"position: absolute; clip: rect(1px, 1px, 1px, 1px);\" title=\"&#8220;Due minuti un libro&#8221; &#8212; Radio Pi\u00f9\" src=\"https:\/\/www.radiopiu.net\/wordpress\/due-minuti-un-libro\/embed\/#?secret=EI3tBgqZrF\" data-secret=\"EI3tBgqZrF\" width=\"600\" height=\"338\" frameborder=\"0\" marginwidth=\"0\" marginheight=\"0\" scrolling=\"no\"><\/iframe><\/p>\n<\/div>\n<\/div>\n<\/div>\n<div class=\"mkdf-post-text\">\n<div class=\"mkdf-post-text-inner\">\n<div class=\"mkdf-post-text-main\">\n<div class=\"mkdf-post-text\">\n<div class=\"mkdf-post-text-inner\">\n<div class=\"mkdf-post-text-main\">\n<div class=\"mkdf-post-text\">\n<div class=\"mkdf-post-text-inner\">\n<div class=\"mkdf-post-text-main\">\n<div class=\"page-title-head hgroup\">\n<div class=\"page-title-head hgroup\">\n<div class=\"mkdf-post-text\">\n<div class=\"mkdf-post-text-inner\">\n<div class=\"mkdf-post-text-main\">\n<div class=\"mkdf-post-text\">\n<div class=\"mkdf-post-text-inner\">\n<div class=\"mkdf-post-text-main\">\n<div class=\"page-title-head hgroup\">\n<div class=\"page-title-head hgroup\">\n<div class=\"page-title-head hgroup\">\n<div class=\"page-title-head hgroup\">\n<div class=\"b654a4as d2edcug0\">\n<div class=\"page-title-head hgroup\">\n<div class=\"page-title-head hgroup\">\n<div class=\"page-title-head hgroup\">\n<div class=\"page-title-head hgroup\">\n<div class=\"b654a4as d2edcug0\">\n<div class=\"page-title-head hgroup\">\n<div class=\"page-title-head hgroup\">\n<div class=\"page-title-head hgroup\">\n<div class=\"page-title-head hgroup\">\n<div class=\"b654a4as d2edcug0\">\n<div>\n<p>&nbsp;<\/p>\n<\/div>\n<div>\n<hr \/>\n<p>&nbsp;<\/p>\n<\/div>\n<h2><span style=\"color: #808000;\">L&#8217;ALMANACCO LADINO\u00a0\u00a0<\/span><\/h2>\n<p><strong>PUNTATA DEL 31 GENNAIO 2022<\/strong><\/p>\n<audio class=\"wp-audio-shortcode\" id=\"audio-257614-10\" preload=\"none\" style=\"width: 100%;\" controls=\"controls\"><source type=\"audio\/mpeg\" src=\"https:\/\/www.radiopiu.net\/wordpress\/wp-content\/uploads\/2022\/01\/76\u00b0Almanacco-Ladino_Col-1.mp3?_=10\" \/><a href=\"https:\/\/www.radiopiu.net\/wordpress\/wp-content\/uploads\/2022\/01\/76\u00b0Almanacco-Ladino_Col-1.mp3\">https:\/\/www.radiopiu.net\/wordpress\/wp-content\/uploads\/2022\/01\/76\u00b0Almanacco-Ladino_Col-1.mp3<\/a><\/audio>\n<p>&nbsp;<\/p>\n<p><strong>LA RACCOLTA<\/strong><\/p>\n<blockquote class=\"wp-embedded-content\" data-secret=\"Kf0Tak4R8o\"><p><a href=\"https:\/\/www.radiopiu.net\/wordpress\/almanacco-ladino\/\">Almanacco Ladino<\/a><\/p><\/blockquote>\n<p><iframe loading=\"lazy\" class=\"wp-embedded-content\" sandbox=\"allow-scripts\" security=\"restricted\" style=\"position: absolute; clip: rect(1px, 1px, 1px, 1px);\" title=\"&#8220;Almanacco Ladino&#8221; &#8212; Radio Pi\u00f9\" src=\"https:\/\/www.radiopiu.net\/wordpress\/almanacco-ladino\/embed\/#?secret=Kf0Tak4R8o\" data-secret=\"Kf0Tak4R8o\" width=\"600\" height=\"338\" frameborder=\"0\" marginwidth=\"0\" marginheight=\"0\" scrolling=\"no\"><\/iframe><\/p>\n<p>&nbsp;<\/p>\n<hr \/>\n<p>&nbsp;<\/p>\n<h2><span style=\"color: #33cccc;\">LA RASSEGNA STAMPA DA L&#8217;AMICO DEL POPOLO<\/span><\/h2>\n<p><strong>LA RACCOLTA COMPLETA<\/strong><\/p>\n<blockquote class=\"wp-embedded-content\" data-secret=\"1ULYQTc4k4\"><p><a href=\"https:\/\/www.radiopiu.net\/wordpress\/rassegna-stampa-di-gianni-santomaso\/\">Rassegna stampa da l&#8217;amico del popolo &#8211; di Gianni Santomaso<\/a><\/p><\/blockquote>\n<p><iframe loading=\"lazy\" class=\"wp-embedded-content\" sandbox=\"allow-scripts\" security=\"restricted\" style=\"position: absolute; clip: rect(1px, 1px, 1px, 1px);\" title=\"&#8220;Rassegna stampa da l&#8217;amico del popolo &#8211; di Gianni Santomaso&#8221; &#8212; Radio Pi\u00f9\" src=\"https:\/\/www.radiopiu.net\/wordpress\/rassegna-stampa-di-gianni-santomaso\/embed\/#?secret=1ULYQTc4k4\" data-secret=\"1ULYQTc4k4\" width=\"600\" height=\"338\" frameborder=\"0\" marginwidth=\"0\" marginheight=\"0\" scrolling=\"no\"><\/iframe><\/p>\n<p>&nbsp;<\/p>\n<hr \/>\n<p>&nbsp;<\/p>\n<h2><span style=\"color: #800080;\">I RACCONTI DI PAOLO SOPPELSA\u00a0<\/span><\/h2>\n<p><strong>LA RACCOLTA COMPLETA<\/strong><\/p>\n<blockquote class=\"wp-embedded-content\" data-secret=\"HpEsEYWc5O\"><p><a href=\"https:\/\/www.radiopiu.net\/wordpress\/i-racconti-di-paolo-soppelsa\/\">I racconti di Paolo Soppelsa<\/a><\/p><\/blockquote>\n<p><iframe loading=\"lazy\" class=\"wp-embedded-content\" sandbox=\"allow-scripts\" security=\"restricted\" style=\"position: absolute; clip: rect(1px, 1px, 1px, 1px);\" title=\"&#8220;I racconti di Paolo Soppelsa&#8221; &#8212; Radio Pi\u00f9\" src=\"https:\/\/www.radiopiu.net\/wordpress\/i-racconti-di-paolo-soppelsa\/embed\/#?secret=HpEsEYWc5O\" data-secret=\"HpEsEYWc5O\" width=\"600\" height=\"338\" frameborder=\"0\" marginwidth=\"0\" marginheight=\"0\" scrolling=\"no\"><\/iframe><\/p>\n<p>&nbsp;<\/p>\n<hr \/>\n<\/div>\n<div class=\"b654a4as d2edcug0\">\n<p>&nbsp;<\/p>\n<p><a href=\"https:\/\/www.radiopiu.net\/wordpress\/giornale-radiopiu-26-settembre-2018-direttore-mirko-mezzacasa\/viabilita-2\/\" rel=\"attachment wp-att-61954\"><img loading=\"lazy\" decoding=\"async\" class=\"aligncenter wp-image-61954 size-full\" src=\"https:\/\/www.radiopiu.net\/wordpress\/wp-content\/uploads\/2018\/09\/viabilita.jpeg\" sizes=\"auto, (max-width: 800px) 100vw, 800px\" srcset=\"https:\/\/www.radiopiu.net\/wordpress\/wp-content\/uploads\/2018\/09\/viabilita.jpeg 800w, https:\/\/www.radiopiu.net\/wordpress\/wp-content\/uploads\/2018\/09\/viabilita-300x38.jpeg 300w, https:\/\/www.radiopiu.net\/wordpress\/wp-content\/uploads\/2018\/09\/viabilita-768x96.jpeg 768w\" alt=\"\" width=\"800\" height=\"100\" \/><\/a><\/p>\n<div class=\"ecm0bbzt e5nlhep0 a8c37x1j\">\n<div class=\"kvgmc6g5 cxmmr5t8 oygrvhab hcukyx3x c1et5uql\">\n<div class=\"gmail-kvgmc6g5 gmail-cxmmr5t8 gmail-oygrvhab gmail-hcukyx3x gmail-c1et5uql gmail-ii04i59q\">\n<div class=\"page-title-head hgroup\">\n<div class=\"page-title-head hgroup\">\n<div class=\"b654a4as d2edcug0\">\n<div class=\"j83agx80 btwxx1t3 lhclo0ds hop8lmos nkwizq5d scwd0bx6 roh60bw9\">\n<div class=\"rq0escxv hkbzh7o3 jwdofwj8 n8tt0mok r8blr3vg hyh9befq\">\n<div class=\"do00u71z l9j0dhe7 k4urcfbm\">\n<div class=\"page-title-head hgroup\">\n<div class=\"page-title-head hgroup\">\n<div class=\"page-title-head hgroup\">\n<div class=\"page-title-head hgroup\">\n<div class=\"b654a4as d2edcug0\">\n<div class=\"page-title-head hgroup\">\n<div class=\"page-title-head hgroup\">\n<div class=\"page-title-head hgroup\">\n<div class=\"page-title-head hgroup\">\n<div class=\"b654a4as d2edcug0\">\n<div class=\"page-title-head hgroup\">\n<div class=\"page-title-head hgroup\">\n<div class=\"page-title-head hgroup\">\n<div class=\"page-title-head hgroup\">\n<div class=\"page-title-head hgroup\">\n<div class=\"page-title-head hgroup\">\n<div class=\"page-title-head hgroup\">\n<div class=\"page-title-head hgroup\">\n<div class=\"page-title-head hgroup\">\n<div class=\"b654a4as d2edcug0\">\n<div class=\"page-title-head hgroup\">\n<div class=\"page-title-head hgroup\">\n<div class=\"page-title-head hgroup\">\n<div class=\"page-title-head hgroup\">\n<div class=\"b654a4as d2edcug0\">\n<div class=\"page-title-head hgroup\">\n<div class=\"page-title-head hgroup\">\n<div class=\"page-title-head hgroup\">\n<div class=\"page-title-head hgroup\">\n<div class=\"page-title-head hgroup\">\n<div class=\"mkdf-post-text\">\n<div class=\"mkdf-post-text-inner\">\n<div class=\"mkdf-post-text-main\">\n<div class=\"mkdf-post-text\">\n<div class=\"mkdf-post-text-inner\">\n<div class=\"mkdf-post-text-main\">\n<div class=\"mkdf-post-text\">\n<div class=\"mkdf-post-text-inner\">\n<div class=\"mkdf-post-text-main\">\n<div class=\"page-title-head hgroup\">\n<div class=\"page-title-head hgroup\">\n<div class=\"mkdf-post-text\">\n<div class=\"mkdf-post-text-inner\">\n<div class=\"mkdf-post-text-main\">\n<div class=\"mkdf-post-text\">\n<div class=\"mkdf-post-text-inner\">\n<div class=\"mkdf-post-text-main\">\n<div class=\"page-title-head hgroup\">\n<div class=\"page-title-head hgroup\">\n<div class=\"page-title-head hgroup\">\n<div class=\"page-title-head hgroup\">\n<div class=\"b654a4as d2edcug0\">\n<div class=\"page-title-head hgroup\">\n<div class=\"page-title-head hgroup\">\n<div class=\"page-title-head hgroup\">\n<div class=\"page-title-head hgroup\">\n<div class=\"b654a4as d2edcug0\">\n<div class=\"page-title-head hgroup\">\n<div class=\"page-title-head hgroup\">\n<div class=\"page-title-head hgroup\">\n<div class=\"page-title-head hgroup\">\n<div class=\"b654a4as d2edcug0\">\n<div class=\"chat-input\">\n<div class=\"chat-input-container\">\n<div class=\"rows-wrapper chat-input-wrapper\">\n<div class=\"reply-wrapper\">\n<div class=\"btn-menu\">\n<div class=\"btn-menu-item tgico-replace rp\">\n<div class=\"c-ripple\">\n<div class=\"bubbles scrolled-down\">\n<div class=\"scrollable scrollable-y\">\n<div class=\"bubbles-inner has-rights is-chat is-channel\">\n<div class=\"bubbles-date-group\">\n<div class=\"bubble hide-name is-out can-have-tail is-group-first is-group-last is-read\" data-mid=\"5377294335\" data-peer-id=\"-1478820725\" data-timestamp=\"1638437407\">\n<div class=\"bubble-content-wrapper\">\n<div class=\"bubble-content\">\n<p class=\"message\" dir=\"auto\"><strong>\u00a0\u00a0<\/strong><\/p>\n<blockquote>\n<h3>SENSO UNICO ALTERNATO E INTERDIZIONE TOTALE AL TRAFFICO DELLA STRADA PER NOACH<\/h3>\n<\/blockquote>\n<p><strong><a href=\"https:\/\/www.radiopiu.net\/wordpress\/giornale-radiopiu-16-giugno-2021-direttore-mirko-mezzacasa\/lavori-7\/\" rel=\"attachment wp-att-216176\"><img loading=\"lazy\" decoding=\"async\" class=\" wp-image-216176 alignleft\" src=\"https:\/\/www.radiopiu.net\/wordpress\/wp-content\/uploads\/2021\/06\/LAVORI.jpg\" alt=\"\" width=\"120\" height=\"105\" \/><\/a> <\/strong><strong>LA VALLE<\/strong> Dal 31 gennaio al 4 febbraio, dalle 8 alle 17, la strada di Noach sar\u00e0 transitabile a senso unico alternato regolato da semaforo per consentire dei lavori. A comunicarlo il comune di La Valle Agordina che con un&#8217;ordinanza impone anche l&#8217;interdizione totale al traffico nei giorni 5 e 6 febbraio. In questo fine settimana la chiusura avverr\u00e0 alle 8 di sabato fino alle 17 di domenica. Il tratto di strada interessato parte da via Noach tra l&#8217;entrata della piazzola attrezzata per la produzione di biomasse e l&#8217;innesto della strada comunale con la regionale 203 Agordina.<\/p>\n<p dir=\"auto\">\n<\/div>\n<\/div>\n<\/div>\n<\/div>\n<\/div>\n<\/div>\n<\/div>\n<\/div>\n<\/div>\n<\/div>\n<\/div>\n<\/div>\n<\/div>\n<\/div>\n<\/div>\n<\/div>\n<\/div>\n<\/div>\n<\/div>\n<\/div>\n<\/div>\n<\/div>\n<\/div>\n<\/div>\n<\/div>\n<\/div>\n<\/div>\n<\/div>\n<\/div>\n<\/div>\n<\/div>\n<\/div>\n<\/div>\n<\/div>\n<\/div>\n<\/div>\n<\/div>\n<\/div>\n<\/div>\n<\/div>\n<\/div>\n<\/div>\n<\/div>\n<\/div>\n<\/div>\n<\/div>\n<\/div>\n<\/div>\n<\/div>\n<\/div>\n<\/div>\n<\/div>\n<\/div>\n<\/div>\n<\/div>\n<\/div>\n<\/div>\n<\/div>\n<\/div>\n<\/div>\n<\/div>\n<\/div>\n<\/div>\n<\/div>\n<\/div>\n<\/div>\n<\/div>\n<\/div>\n<\/div>\n<\/div>\n<\/div>\n<\/div>\n<\/div>\n<\/div>\n<\/div>\n<\/div>\n<\/div>\n<\/div>\n<\/div>\n<\/div>\n<\/div>\n<\/div>\n<\/div>\n<\/div>\n<\/div>\n<\/div>\n<\/div>\n<\/div>\n<\/div>\n<\/div>\n<\/div>\n<\/div>\n<\/div>\n<\/div>\n<\/div>\n<\/div>\n<\/div>\n<\/div>\n<\/div>\n<\/div>\n<\/div>\n<\/div>\n<\/div>\n<\/div>\n<\/div>\n<\/div>\n<\/div>\n<\/div>\n<\/div>\n<\/div>\n<\/div>\n<\/div>\n<\/div>\n<\/div>\n<\/div>\n<\/div>\n<\/div>\n<\/div>\n<\/div>\n<\/div>\n<\/div>\n<\/div>\n<\/div>\n<\/div>\n<\/div>\n<\/div>\n<\/div>\n<\/div>\n<\/div>\n<\/div>\n<\/div>\n<\/div>\n<\/div>\n<\/div>\n<\/div>\n<\/div>\n<\/div>\n<\/div>\n<\/div>\n<\/div>\n<\/div>\n<\/div>\n<\/div>\n<\/div>\n<\/div>\n<\/div>\n<\/div>\n<\/div>\n<\/div>\n<\/div>\n<\/div>\n<\/div>\n<\/div>\n<\/div>\n<\/div>\n<\/div>\n<\/div>\n<\/div>\n<\/div>\n<\/div>\n<\/div>\n<\/div>\n<\/div>\n<\/div>\n<\/div>\n<\/div>\n<\/div>\n<\/div>\n<div>\n<div class=\"page-title-head hgroup\">\n<div class=\"page-title-head hgroup\">\n<div class=\"b654a4as d2edcug0\">\n<div class=\"j83agx80 btwxx1t3 lhclo0ds hop8lmos nkwizq5d scwd0bx6 roh60bw9\">\n<div class=\"rq0escxv hkbzh7o3 jwdofwj8 n8tt0mok r8blr3vg hyh9befq\">\n<div class=\"do00u71z l9j0dhe7 k4urcfbm\">\n<div class=\"ecm0bbzt e5nlhep0 a8c37x1j\">\n<div class=\"kvgmc6g5 cxmmr5t8 oygrvhab hcukyx3x c1et5uql\">\n<div class=\"gmail-kvgmc6g5 gmail-cxmmr5t8 gmail-oygrvhab gmail-hcukyx3x gmail-c1et5uql gmail-ii04i59q\">\n<div class=\"page-title-head hgroup\">\n<div class=\"page-title-head hgroup\">\n<div class=\"b654a4as d2edcug0\">\n<div class=\"j83agx80 btwxx1t3 lhclo0ds hop8lmos nkwizq5d scwd0bx6 roh60bw9\">\n<div class=\"rq0escxv hkbzh7o3 jwdofwj8 n8tt0mok r8blr3vg hyh9befq\">\n<div class=\"do00u71z l9j0dhe7 k4urcfbm\">\n<div class=\"page-title-head hgroup\">\n<div class=\"page-title-head hgroup\">\n<div class=\"page-title-head hgroup\">\n<div class=\"page-title-head hgroup\">\n<div class=\"b654a4as d2edcug0\">\n<div class=\"page-title-head hgroup\">\n<div class=\"page-title-head hgroup\">\n<div class=\"page-title-head hgroup\">\n<div class=\"page-title-head hgroup\">\n<div class=\"b654a4as d2edcug0\">\n<div class=\"page-title-head hgroup\">\n<div class=\"page-title-head hgroup\">\n<div class=\"page-title-head hgroup\">\n<div class=\"page-title-head hgroup\">\n<div class=\"page-title-head hgroup\">\n<div class=\"page-title-head hgroup\">\n<div class=\"page-title-head hgroup\">\n<div class=\"page-title-head hgroup\">\n<div class=\"page-title-head hgroup\">\n<div class=\"b654a4as d2edcug0\">\n<div class=\"page-title-head hgroup\">\n<div class=\"page-title-head hgroup\">\n<div class=\"page-title-head hgroup\">\n<div class=\"page-title-head hgroup\">\n<div class=\"b654a4as d2edcug0\">\n<div class=\"page-title-head hgroup\">\n<div class=\"page-title-head hgroup\">\n<div class=\"page-title-head hgroup\">\n<div class=\"page-title-head hgroup\">\n<div class=\"page-title-head hgroup\">\n<div class=\"mkdf-post-text\">\n<div class=\"mkdf-post-text-inner\">\n<div class=\"mkdf-post-text-main\">\n<div class=\"mkdf-post-text\">\n<div class=\"mkdf-post-text-inner\">\n<div class=\"mkdf-post-text-main\">\n<div class=\"mkdf-post-text\">\n<div class=\"mkdf-post-text-inner\">\n<div class=\"mkdf-post-text-main\">\n<div class=\"page-title-head hgroup\">\n<div class=\"page-title-head hgroup\">\n<div class=\"mkdf-post-text\">\n<div class=\"mkdf-post-text-inner\">\n<div class=\"mkdf-post-text-main\">\n<div class=\"mkdf-post-text\">\n<div class=\"mkdf-post-text-inner\">\n<div class=\"mkdf-post-text-main\">\n<div class=\"page-title-head hgroup\">\n<div class=\"page-title-head hgroup\">\n<div class=\"page-title-head hgroup\">\n<div class=\"page-title-head hgroup\">\n<div class=\"b654a4as d2edcug0\">\n<div class=\"page-title-head hgroup\">\n<div class=\"page-title-head hgroup\">\n<div class=\"page-title-head hgroup\">\n<div class=\"page-title-head hgroup\">\n<div class=\"b654a4as d2edcug0\">\n<div class=\"page-title-head hgroup\">\n<div class=\"page-title-head hgroup\">\n<div class=\"page-title-head hgroup\">\n<div class=\"page-title-head hgroup\">\n<div class=\"b654a4as d2edcug0\">\n<div class=\"ecm0bbzt e5nlhep0 a8c37x1j\">\n<div class=\"kvgmc6g5 cxmmr5t8 oygrvhab hcukyx3x c1et5uql\">\n<div class=\"gmail-kvgmc6g5 gmail-cxmmr5t8 gmail-oygrvhab gmail-hcukyx3x gmail-c1et5uql gmail-ii04i59q\">\n<div class=\"page-title-head hgroup\">\n<div class=\"page-title-head hgroup\">\n<div class=\"b654a4as d2edcug0\">\n<div class=\"j83agx80 btwxx1t3 lhclo0ds hop8lmos nkwizq5d scwd0bx6 roh60bw9\">\n<div class=\"rq0escxv hkbzh7o3 jwdofwj8 n8tt0mok r8blr3vg hyh9befq\">\n<div class=\"do00u71z l9j0dhe7 k4urcfbm\">\n<div class=\"page-title-head hgroup\">\n<div class=\"page-title-head hgroup\">\n<div class=\"page-title-head hgroup\">\n<div class=\"page-title-head hgroup\">\n<div class=\"b654a4as d2edcug0\">\n<div class=\"page-title-head hgroup\">\n<div class=\"page-title-head hgroup\">\n<div class=\"page-title-head hgroup\">\n<div class=\"page-title-head hgroup\">\n<div class=\"b654a4as d2edcug0\">\n<div class=\"page-title-head hgroup\">\n<div class=\"page-title-head hgroup\">\n<div class=\"page-title-head hgroup\">\n<div class=\"page-title-head hgroup\">\n<div class=\"page-title-head hgroup\">\n<div class=\"page-title-head hgroup\">\n<div class=\"page-title-head hgroup\">\n<div class=\"page-title-head hgroup\">\n<div class=\"page-title-head hgroup\">\n<div class=\"b654a4as d2edcug0\">\n<div class=\"page-title-head hgroup\">\n<div class=\"page-title-head hgroup\">\n<div class=\"page-title-head hgroup\">\n<div class=\"page-title-head hgroup\">\n<div class=\"b654a4as d2edcug0\">\n<div class=\"page-title-head hgroup\">\n<div class=\"page-title-head hgroup\">\n<div class=\"page-title-head hgroup\">\n<div class=\"page-title-head hgroup\">\n<div class=\"page-title-head hgroup\">\n<div class=\"mkdf-post-text\">\n<div class=\"mkdf-post-text-inner\">\n<div class=\"mkdf-post-text-main\">\n<div class=\"mkdf-post-text\">\n<div class=\"mkdf-post-text-inner\">\n<div class=\"mkdf-post-text-main\">\n<div class=\"mkdf-post-text\">\n<div class=\"mkdf-post-text-inner\">\n<div class=\"mkdf-post-text-main\">\n<div class=\"page-title-head hgroup\">\n<div class=\"page-title-head hgroup\">\n<div class=\"mkdf-post-text\">\n<div class=\"mkdf-post-text-inner\">\n<div class=\"mkdf-post-text-main\">\n<div class=\"mkdf-post-text\">\n<div class=\"mkdf-post-text-inner\">\n<div class=\"mkdf-post-text-main\">\n<div class=\"page-title-head hgroup\">\n<div class=\"page-title-head hgroup\">\n<div class=\"page-title-head hgroup\">\n<div class=\"page-title-head hgroup\">\n<div class=\"b654a4as d2edcug0\">\n<div class=\"page-title-head hgroup\">\n<div class=\"page-title-head hgroup\">\n<div class=\"page-title-head hgroup\">\n<div class=\"page-title-head hgroup\">\n<div class=\"b654a4as d2edcug0\">\n<div class=\"page-title-head hgroup\">\n<div class=\"page-title-head hgroup\">\n<div class=\"page-title-head hgroup\">\n<div class=\"page-title-head hgroup\">\n<div class=\"b654a4as d2edcug0\">\n<blockquote class=\"wp-embedded-content\" data-secret=\"H8yakLqEX1\"><p><a href=\"https:\/\/www.radiopiu.net\/wordpress\/viabilita\/\">viabilita<\/a><\/p><\/blockquote>\n<p><iframe loading=\"lazy\" class=\"wp-embedded-content\" sandbox=\"allow-scripts\" security=\"restricted\" style=\"position: absolute; clip: rect(1px, 1px, 1px, 1px);\" title=\"&#8220;viabilita&#8221; &#8212; Radio Pi\u00f9\" src=\"https:\/\/www.radiopiu.net\/wordpress\/viabilita\/embed\/#?secret=H8yakLqEX1\" data-secret=\"H8yakLqEX1\" width=\"600\" height=\"338\" frameborder=\"0\" marginwidth=\"0\" marginheight=\"0\" scrolling=\"no\"><\/iframe><\/p>\n<p>&nbsp;<\/p>\n<hr \/>\n<p>&nbsp;<\/p>\n<\/div>\n<div class=\"b654a4as d2edcug0\">\n<div class=\"ecm0bbzt e5nlhep0 a8c37x1j\">\n<div class=\"kvgmc6g5 cxmmr5t8 oygrvhab hcukyx3x c1et5uql\">\n<div class=\"gmail-kvgmc6g5 gmail-cxmmr5t8 gmail-oygrvhab gmail-hcukyx3x gmail-c1et5uql gmail-ii04i59q\">\n<div>\n<div class=\"page-title-head hgroup\">\n<div class=\"page-title-head hgroup\">\n<div class=\"b654a4as d2edcug0\">\n<div class=\"j83agx80 btwxx1t3 lhclo0ds hop8lmos nkwizq5d scwd0bx6 roh60bw9\">\n<div class=\"rq0escxv hkbzh7o3 jwdofwj8 n8tt0mok r8blr3vg hyh9befq\">\n<div class=\"do00u71z l9j0dhe7 k4urcfbm\">\n<div>\n<div class=\"page-title-head hgroup\">\n<div class=\"page-title-head hgroup\">\n<div class=\"page-title-head hgroup\">\n<div class=\"page-title-head hgroup\">\n<div class=\"b654a4as d2edcug0\">\n<div class=\"page-title-head hgroup\">\n<div class=\"page-title-head hgroup\">\n<div class=\"page-title-head hgroup\">\n<div class=\"page-title-head hgroup\">\n<div class=\"b654a4as d2edcug0\">\n<div class=\"page-title-head hgroup\">\n<div class=\"page-title-head hgroup\">\n<div class=\"page-title-head hgroup\">\n<div class=\"page-title-head hgroup\">\n<div class=\"page-title-head hgroup\">\n<div class=\"mkdf-post-text\">\n<div class=\"mkdf-post-text-inner\">\n<div class=\"mkdf-post-text-main\">\n<div class=\"mkdf-post-text\">\n<div class=\"mkdf-post-text-inner\">\n<div class=\"mkdf-post-text-main\">\n<div class=\"mkdf-post-text\">\n<div class=\"mkdf-post-text-inner\">\n<div class=\"mkdf-post-text-main\">\n<div class=\"page-title-head hgroup\">\n<div class=\"page-title-head hgroup\">\n<div class=\"mkdf-post-text\">\n<div class=\"mkdf-post-text-inner\">\n<div class=\"mkdf-post-text-main\">\n<div class=\"mkdf-post-text\">\n<div class=\"mkdf-post-text-inner\">\n<div class=\"mkdf-post-text-main\">\n<div>\n<div class=\"page-title-head hgroup\">\n<div class=\"page-title-head hgroup\">\n<div>\n<div class=\"page-title-head hgroup\">\n<div class=\"page-title-head hgroup\">\n<div class=\"b654a4as d2edcug0\">\n<div>\n<div class=\"page-title-head hgroup\" style=\"text-align: left;\">\n<div class=\"page-title-head hgroup\">\n<div dir=\"auto\">\n<p><a class=\"dt-pswp-item pspw-wrap-ready\" href=\"https:\/\/i0.wp.com\/www.radiopiu.net\/wordpress\/wp-content\/uploads\/2018\/09\/WhatsApp-Image-2018-09-20-at-16.04.06.jpeg?ssl=1\" data-dt-img-description=\"\" data-large_image_width=\"800\" data-large_image_height=\"100\"><img loading=\"lazy\" decoding=\"async\" class=\"aligncenter wp-image-61378 size-full jetpack-lazy-image jetpack-lazy-image--handled\" src=\"https:\/\/i0.wp.com\/www.radiopiu.net\/wordpress\/wp-content\/uploads\/2018\/09\/WhatsApp-Image-2018-09-20-at-16.04.06.jpeg?resize=800%2C100&amp;ssl=1\" sizes=\"auto, (max-width: 800px) 100vw, 800px\" srcset=\"https:\/\/i0.wp.com\/www.radiopiu.net\/wordpress\/wp-content\/uploads\/2018\/09\/WhatsApp-Image-2018-09-20-at-16.04.06.jpeg?w=800&amp;ssl=1 800w, https:\/\/i0.wp.com\/www.radiopiu.net\/wordpress\/wp-content\/uploads\/2018\/09\/WhatsApp-Image-2018-09-20-at-16.04.06.jpeg?resize=300%2C38&amp;ssl=1 300w, https:\/\/i0.wp.com\/www.radiopiu.net\/wordpress\/wp-content\/uploads\/2018\/09\/WhatsApp-Image-2018-09-20-at-16.04.06.jpeg?resize=768%2C96&amp;ssl=1 768w\" alt=\"\" width=\"800\" height=\"100\" data-lazy-loaded=\"1\" \/><\/a><\/p>\n<\/div>\n<\/div>\n<\/div>\n<\/div>\n<\/div>\n<\/div>\n<\/div>\n<\/div>\n<\/div>\n<\/div>\n<\/div>\n<\/div>\n<\/div>\n<\/div>\n<\/div>\n<\/div>\n<\/div>\n<\/div>\n<\/div>\n<\/div>\n<\/div>\n<\/div>\n<\/div>\n<\/div>\n<\/div>\n<\/div>\n<\/div>\n<\/div>\n<\/div>\n<\/div>\n<\/div>\n<\/div>\n<\/div>\n<\/div>\n<\/div>\n<\/div>\n<\/div>\n<\/div>\n<\/div>\n<\/div>\n<\/div>\n<\/div>\n<\/div>\n<\/div>\n<p>&nbsp;<\/p>\n<\/div>\n<\/div>\n<\/div>\n<\/div>\n<\/div>\n<\/div>\n<\/div>\n<\/div>\n<\/div>\n<\/div>\n<\/div>\n<\/div>\n<\/div>\n<\/div>\n<\/div>\n<\/div>\n<\/div>\n<\/div>\n<\/div>\n<\/div>\n<\/div>\n<\/div>\n<\/div>\n<\/div>\n<\/div>\n<\/div>\n<\/div>\n<\/div>\n<\/div>\n<\/div>\n<\/div>\n<\/div>\n<\/div>\n<\/div>\n<\/div>\n<\/div>\n<\/div>\n<\/div>\n<\/div>\n<\/div>\n<\/div>\n<\/div>\n<\/div>\n<\/div>\n<\/div>\n<\/div>\n<\/div>\n<\/div>\n<\/div>\n<\/div>\n<\/div>\n<\/div>\n<\/div>\n<\/div>\n<\/div>\n<\/div>\n<\/div>\n<\/div>\n<\/div>\n<\/div>\n<\/div>\n<\/div>\n<\/div>\n<\/div>\n<\/div>\n<\/div>\n<\/div>\n<\/div>\n<\/div>\n<\/div>\n<\/div>\n<\/div>\n<\/div>\n<\/div>\n<\/div>\n<\/div>\n<\/div>\n<\/div>\n<\/div>\n<\/div>\n<\/div>\n<\/div>\n<\/div>\n<\/div>\n<\/div>\n<\/div>\n<\/div>\n<\/div>\n<\/div>\n<\/div>\n<\/div>\n<\/div>\n<\/div>\n<\/div>\n<\/div>\n<\/div>\n<\/div>\n<\/div>\n<\/div>\n<\/div>\n<\/div>\n<\/div>\n<\/div>\n<\/div>\n<\/div>\n<\/div>\n<\/div>\n<\/div>\n<\/div>\n<\/div>\n<\/div>\n<\/div>\n<\/div>\n<\/div>\n<\/div>\n<\/div>\n<\/div>\n<\/div>\n<\/div>\n<\/div>\n<\/div>\n<\/div>\n<\/div>\n<\/div>\n<\/div>\n<\/div>\n<\/div>\n<\/div>\n<\/div>\n<\/div>\n<\/div>\n<\/div>\n<\/div>\n<\/div>\n<\/div>\n<\/div>\n<\/div>\n<\/div>\n<\/div>\n<\/div>\n<\/div>\n<\/div>\n<\/div>\n<\/div>\n<\/div>\n<\/div>\n<\/div>\n<\/div>\n<\/div>\n<\/div>\n<\/div>\n<\/div>\n<\/div>\n<\/div>\n<\/div>\n<\/div>\n<\/div>\n<\/div>\n<\/div>\n<\/div>\n<\/div>\n<\/div>\n<\/div>\n<\/div>\n<\/div>\n<\/div>\n<\/div>\n<\/div>\n<\/div>\n<\/div>\n<\/div>\n<\/div>\n<\/div>\n<\/div>\n<\/div>\n<\/div>\n<\/div>\n<\/div>\n<\/div>\n<\/div>\n<\/div>\n<\/div>\n<\/div>\n<\/div>\n<\/div>\n<\/div>\n<\/div>\n<p><center><b>Venerdi 4<\/b><\/center><b>Tempo atteso: <\/b>Tempo stabile e ben soleggiato al mattino, eccetto nebbie o locali nubi basse in Valbelluna e in atre depressioni prealpine tra la notte e il primo mattino. Da met\u00e0 pomeriggio in poi il cielo torner\u00e0 ad annuvolarsi parzialmente, specie sulle Prealpi e Dolomiti meridionali per banchi di stratocumuli. Alla sera probabile ingresso di nubi alte. Maggiore escursione termica tra la notte e le ore diurne.<br \/>\n<b>Precipitazioni: <\/b>Assenti (0%).<br \/>\n<b>Temperature: <\/b>In quota minime in calo, dove saranno osservate alla sera, e massime pressoch\u00e9 stazionarie o in leggero aumento; nelle valli minime in diminuzione e massime in ripresa. Previste punte di 11\/13\u00b0C nei fondovalle prealpini e di 6\/10\u00b0C a 1000\/1200 m. Su Prealpi a 1500 m min 2\u00b0C max 5\u00b0C, a 2000 m: min 0\u00b0C max 3\u00b0C. Su Dolomiti a 2000 m: min -1\u00b0C max 2\u00b0C, a 3000 m: min -6\u00b0C max -2\u00b0C.<br \/>\n<b>Venti: <\/b>Nelle valli deboli di direzione variabile, salvo locali e temporanei rinforzi per brezze di monte tra la notte e il primo mattino su alcuni settori prealpini; in quota deboli deboli\/moderati da nord-ovest a 5-15 km\/h a 2000 m a 10-20 km\/h a 3000 m.<\/p>\n<hr \/>\n<p><center><b>Sabato 5<\/b><\/center><b>Tempo atteso: <\/b>Nottetempo e parte del mattino nubi basse su molti settori prealpini, mentre il tempo sar\u00e0 migliore con sole e cielo spesso sereno sulle Dolomiti. Al pomeriggio tempo perlopi\u00f9 soleggiato, salvo persistenza per non diradamento degli stratocumuli su alcuni settori prealpini, in particolare nelle conche pi\u00f9 umide.<br \/>\n<b>Precipitazioni: <\/b>Assenti (0%).<br \/>\n<b>Temperature: <\/b>In quota e nelle valli dolomitiche in generale diminuzione; nelle valli prealpine l&#8217;andamento termico sar\u00e0 meno prevedibile in quanto dettato dalla presenza o meno della nuvolosit\u00e0 bassa e del suo diradamento o meno. Su Prealpi a 1500 m min 0\u00b0C max 3\u00b0C, a 2000 m: min -3\u00b0C max 0\u00b0C. Su Dolomiti a 2000 m: min -4\u00b0C max -1\u00b0C, a 3000 m: min -10\u00b0C max -7\u00b0C.<br \/>\n<b>Venti: <\/b>Nelle valli deboli di direzione variabile, salvo locali rinforzi per qualche locale episodio di Foehn, specie nelle valli dolomitiche; in quota moderati\/tesi da nord-ovest a 10-25 km\/h a 2000 m a 25-35 km\/h a 3000 m.<\/p>\n<hr \/>\n<p><center><b>Domenica 6<\/b><\/center>Sulle Dolomiti iniziali tratti soleggiati, prima che la nuvolosit\u00e0 stratiforme alta e medio-alta aumenti, con rischio di qualche fiocco serale sui settori settentrionali. Sulle Prealpi minore chance di sole per presenza di nubi basse, anche estese. Temperature in generale diminuzione, eccetto aumento delle minime nei settori interessati dalle nubi basse. Ulteriore lieve rafforzamento dei venti da nord-ovest in quota, mentre saranno perlopi\u00f9 deboli di direzione variabile nelle valli.<\/p>\n<hr \/>\n<p><center><b>Lunedi 7<\/b><\/center>Sulle Prealpi e Dolomiti meridionali parzialmente soleggiato con transito di nubi alte e medio-alte di sottovento. Sulle Dolomiti centro-settentrionali tratti soleggiati e addensamenti irregolari, associati a neve burrascosa in quota (1100-1300 m). Temperature in temporaneo rialzo al mattino, mentre caleranno al pomeriggio, eccetto sbalzi positivi per favonio in alcune valli. La ventilazione da nord si rafforzer\u00e0 sensibilmente a tutte le quote, con venti di nuovo forti o molto forti sulle cime. Previsore: R.L.Th.<\/p>\n<p>&nbsp;<\/p>\n<hr \/>\n<p>&nbsp;<\/p>\n<p><a href=\"https:\/\/www.radiopiu.net\/wordpress\/giornale-radiopiu-15-settembre-2018-direttore-mirko-mezzacasa\/sport-7\/\" rel=\"attachment wp-att-60761\"><img loading=\"lazy\" decoding=\"async\" class=\"wp-image-60761 size-full aligncenter\" src=\"https:\/\/www.radiopiu.net\/wordpress\/wp-content\/uploads\/2018\/09\/sport.jpg\" alt=\"\" width=\"800\" height=\"100\" srcset=\"https:\/\/www.radiopiu.net\/wordpress\/wp-content\/uploads\/2018\/09\/sport.jpg 800w, https:\/\/www.radiopiu.net\/wordpress\/wp-content\/uploads\/2018\/09\/sport-300x38.jpg 300w, https:\/\/www.radiopiu.net\/wordpress\/wp-content\/uploads\/2018\/09\/sport-768x96.jpg 768w\" sizes=\"auto, (max-width: 800px) 100vw, 800px\" \/><\/a><\/p>\n<\/div>\n<p><strong>\u00a0 \u00a0<\/strong><\/p>\n<p><span style=\"color: #0000ff;\"><strong>PALLAVOLO<\/strong><\/span><\/p>\n<blockquote>\n<h3>DOMENICA ALLA SPES ARENA ARRIVA IL MONTECCHIO<\/h3>\n<\/blockquote>\n<p><strong><a href=\"https:\/\/www.radiopiu.net\/wordpress\/giornale-radiopiu-04-febbraio-2022-direttore-mirko-mezzacasa\/derby_andata_a_montecchio\/\" rel=\"attachment wp-att-257672\"><img loading=\"lazy\" decoding=\"async\" class=\"size-medium wp-image-257672 alignleft\" src=\"https:\/\/www.radiopiu.net\/wordpress\/wp-content\/uploads\/2022\/02\/Derby_andata_a_Montecchio-300x171.jpg\" alt=\"\" width=\"300\" height=\"171\" srcset=\"https:\/\/www.radiopiu.net\/wordpress\/wp-content\/uploads\/2022\/02\/Derby_andata_a_Montecchio-300x171.jpg 300w, https:\/\/www.radiopiu.net\/wordpress\/wp-content\/uploads\/2022\/02\/Derby_andata_a_Montecchio-768x439.jpg 768w, https:\/\/www.radiopiu.net\/wordpress\/wp-content\/uploads\/2022\/02\/Derby_andata_a_Montecchio.jpg 786w\" sizes=\"auto, (max-width: 300px) 100vw, 300px\" \/><\/a>BELLUNO <\/strong>\u00c8 il terzo derby veneto stagionale: il primo da vivere di fronte al pubblico della Spes Arena. Domenica, infatti, la Da Rold Logistics Belluno sar\u00e0 chiamata ad affrontare il Sol Lucernari Montecchio Maggiore: una squadra che ha saltato le ultime due partite e non gioca una gara ufficiale dal 15 gennaio (sconfitta per 3-1 in casa con Portomaggiore). Ma ha qualit\u00e0 che non si discutono. Come conferma pure la gara d\u2019andata: in terra vicentina, i rinoceronti gi\u00e0 pregustavano l\u2019impresa. In vantaggio per 2 set a 0 e poi 19-16 nel quarto parziale, hanno sub\u00ecto l\u2019impetuosa risalita di un sestetto che, attualmente, occupa il settimo posto ed \u00e8 4 lunghezze avanti rispetto ai biancobl\u00f9.<span class=\"gmail-Apple-converted-space\"> \u00a0<\/span>Va ricordato che domenica si gioca alle 19: un\u2019ora dopo rispetto al solito.<\/p>\n<p>&nbsp;<\/p>\n<p>&nbsp;<\/p>\n<hr \/>\n<p>&nbsp;<\/p>\n<p><span style=\"color: #0000ff;\"><strong>CORSA INDOOR<\/strong><\/span><\/p>\n<blockquote>\n<h3>VAI FRANCESCO! DA VIA&#8217; AI TRICOLORI INDOOR DI ANCONA<\/h3>\n<\/blockquote>\n<p><a href=\"https:\/\/www.radiopiu.net\/wordpress\/vai-francesco-da-via-ai-tricolori-indoor-di-ancona\/da-via-francesco_ph-ilaria-fedeli\/\" rel=\"attachment wp-att-257731\"><img loading=\"lazy\" decoding=\"async\" class=\"size-medium wp-image-257731 alignleft\" src=\"https:\/\/www.radiopiu.net\/wordpress\/wp-content\/uploads\/2022\/02\/Da-Via-Francesco_ph.-Ilaria-Fedeli-235x300.jpg\" alt=\"\" width=\"235\" height=\"300\" srcset=\"https:\/\/www.radiopiu.net\/wordpress\/wp-content\/uploads\/2022\/02\/Da-Via-Francesco_ph.-Ilaria-Fedeli-235x300.jpg 235w, https:\/\/www.radiopiu.net\/wordpress\/wp-content\/uploads\/2022\/02\/Da-Via-Francesco_ph.-Ilaria-Fedeli.jpg 750w\" sizes=\"auto, (max-width: 235px) 100vw, 235px\" \/><\/a><\/p>\n<p><em><strong>Il mezzofondista del Gs La Piave 2000 sar\u00e0 al via nei 3000 metri promesse. In gara anche l<\/strong><strong>\u2019<\/strong><strong>ostacolista Elena Nessenzia che da quest<\/strong><strong>\u2019<\/strong><strong>anno veste i colori dell<\/strong><strong>\u2019<\/strong><strong>Atletica Riviera del Brenta <\/strong><\/em><\/p>\n<p><strong>BORGO VALBELLUNA<\/strong> <strong><em>\u2013 <\/em><\/strong>Francesco Da Vi\u00e0 ai campionati italiani indoor di Ancona. Il ventenne mezzofondista del Gs La Piave 2000 garegger\u00e0 nei 3000 metri della categoria promesse. Francesco andr\u00e0 in cerca di conferme dopo lo splendido inizio di stagione che il 15 gennaio, al Palaindoor di Padova, l\u2019ha visto correre i 3000 in 8\u201945\u201d64, un paio di secondi meglio del record personale risalente al 2021. Domenica scorsa \u00e8 giunto terzo, sempre a Padova, nel campionato regionale assoluto indoor, fermando il cronometro a 8\u201950\u201d64. La rassegna tricolore promesse potrebbe essere l\u2019occasione per migliorarsi ulteriormente: appuntamento in pista ad Ancona alle 16.25 di domenica 6 febbraio.<\/p>\n<p>Nel weekend marchigiano, che assegner\u00e0 le 52 maglie tricolori indoor delle categorie juniores e promesse, garegger\u00e0 anche la 18enne Elena Nessenzia, da quest\u2019anno passata alla societ\u00e0 veneziana Atletica Riviera del Brenta.Sar\u00e0 al via nei 60 ostacoli juniores (batteria alle 14 di sabato 5 febbraio, eventuale finale alle 15.25), gara in cui lo scorso weekend a Padova ha migliorato per due volte il record personale, correndo la batteria in 8\u201d88 e la finale in 8\u201d84. Come Da Vi\u00e0, un\u2019atleta in crescita.<\/p>\n<p><b><i>\u00a0foto.\u00a0 Francesco Da Vi\u00e0 impegnato in un cross (ILARIA FEDELI)<\/i><\/b><\/p>\n<p>&nbsp;<\/p>\n<hr \/>\n<p>&nbsp;<\/p>\n<\/div>\n<\/div>\n<\/div>\n<\/div>\n<\/div>\n<\/div>\n<\/div>\n","protected":false},"excerpt":{"rendered":"<p>INFORMAZIONE il canale su TELEGRAM informazione di prima mano e in tempo reale. iscriviti ed aiutaci a farlo conoscere\u00a0\u00a0 ORDINANZE DISATTESE.. DI GIORNO E DI NOTTE. &nbsp; ALLEGHE Da anni in questa stagione il Comune dispone il divieto di attraversare o pattinare sul lago ghiacciato perch\u00e9 \u00e8 pericoloso. Ordinanza spesso disattesa, nei fine settimana il&hellip;<\/p>\n","protected":false},"author":4,"featured_media":257842,"comment_status":"closed","ping_status":"closed","sticky":false,"template":"","format":"standard","meta":{"_monsterinsights_skip_tracking":false,"_monsterinsights_sitenote_active":false,"_monsterinsights_sitenote_note":"","_monsterinsights_sitenote_category":0,"footnotes":""},"categories":[104,86,49],"tags":[],"class_list":["post-257614","post","type-post","status-publish","format-standard","has-post-thumbnail","hentry","category-evidenza_3","category-gr","category-news-18","category-104","category-86","category-49","description-off"],"img_url":"https:\/\/www.radiopiu.net\/wordpress\/wp-content\/uploads\/2022\/02\/deb4b1ab-42ee-49e7-ab6c-4b04d951f39b.jpg","_links":{"self":[{"href":"https:\/\/www.radiopiu.net\/wordpress\/wp-json\/wp\/v2\/posts\/257614","targetHints":{"allow":["GET"]}}],"collection":[{"href":"https:\/\/www.radiopiu.net\/wordpress\/wp-json\/wp\/v2\/posts"}],"about":[{"href":"https:\/\/www.radiopiu.net\/wordpress\/wp-json\/wp\/v2\/types\/post"}],"author":[{"embeddable":true,"href":"https:\/\/www.radiopiu.net\/wordpress\/wp-json\/wp\/v2\/users\/4"}],"replies":[{"embeddable":true,"href":"https:\/\/www.radiopiu.net\/wordpress\/wp-json\/wp\/v2\/comments?post=257614"}],"version-history":[{"count":0,"href":"https:\/\/www.radiopiu.net\/wordpress\/wp-json\/wp\/v2\/posts\/257614\/revisions"}],"wp:featuredmedia":[{"embeddable":true,"href":"https:\/\/www.radiopiu.net\/wordpress\/wp-json\/wp\/v2\/media\/257842"}],"wp:attachment":[{"href":"https:\/\/www.radiopiu.net\/wordpress\/wp-json\/wp\/v2\/media?parent=257614"}],"wp:term":[{"taxonomy":"category","embeddable":true,"href":"https:\/\/www.radiopiu.net\/wordpress\/wp-json\/wp\/v2\/categories?post=257614"},{"taxonomy":"post_tag","embeddable":true,"href":"https:\/\/www.radiopiu.net\/wordpress\/wp-json\/wp\/v2\/tags?post=257614"}],"curies":[{"name":"wp","href":"https:\/\/api.w.org\/{rel}","templated":true}]}}