{"id":257668,"date":"2022-02-03T12:04:24","date_gmt":"2022-02-03T11:04:24","guid":{"rendered":"https:\/\/www.radiopiu.net\/wordpress\/?p=257668"},"modified":"2022-02-03T15:14:25","modified_gmt":"2022-02-03T14:14:25","slug":"la-presentazione-dei-corsi-di-formazione-per-diventare-oss-la-diretta","status":"publish","type":"post","link":"https:\/\/www.radiopiu.net\/wordpress\/la-presentazione-dei-corsi-di-formazione-per-diventare-oss-la-diretta\/","title":{"rendered":"LA PRESENTAZIONE DEI CORSI DI FORMAZIONE PER DIVENTARE OSS &#8211; LA DIRETTA"},"content":{"rendered":"<p><strong>BELLUNO<\/strong> In diretta la conferenza stampa dell&#8217;Ulss 1 Dolomiti per la presentazione dei corsi di formazione per diventare OSS<\/p>\n<p>La dottoressa Maria Grazia Carraro ricorda l&#8217;importanza degli Oss per la struttura Ulss. Entro fine anno saranno disponibili una sessantina di posti di lavoro. Non sempre emerge la particolarit\u00e0 di questo lavoro e le soddisfazioni, anche per persone che hanno fatto anche altre esperienze professionali. L&#8217;attestato al termine dei corsi teorici e pratici si puo&#8217; utilizzare ovunque, nel pubblico e nel privato su tutto il territorio nazionale <em>&#8220;Tifo perche&#8217; si lavori nel bellunese&#8221; <\/em>ha concluso la Carraro. La selezione \u00e8 fissata per il 15 febbraio. <strong>COSA NON CONVINCE LE PERSONE A PARTECIPARE?<\/strong> C&#8217;\u00e8 l&#8217;idea che la persona si occupi solo dell&#8217;igiene della persona, oggi non \u00e8 piu&#8217; cosi&#8217;, la professione da la possibilit\u00e0 di sviluppare il rapporto interpersonale. Il ricovero all&#8217;esempio, l&#8217;operatore \u00e8 la persona che per prima al mattino entra nella stanza e li&#8217; ci entra piu&#8217; frequentemente. Non lavorano da soli, ma sono parte integrante della cura e presa in carico del paziente. <strong>CARENZA DI PERSONALE E TEMATICA COVID <\/strong>Al momento non ho riscontri oggettivi con numeri non essendo tema della conferenza stampa. Le professionalit\u00e0 sanitarie sono molto ricercate. Abbiamo costantemente, anche questa settimana, delle selezioni per diverse professionalit\u00e0. Chiunque presenta domanda viene contattato guardando alle singole esigenze.<\/p>\n<blockquote><p><em><strong>FRANCESCA racconta il suo entusiasmo : <\/strong>Un lavoro, tante soddisfazioni, rifarei tutto.<\/em><\/p><\/blockquote>\n<p>fino a pochi anni fa ero impiegata in un&#8217;azienda commerciale e il lavoro mi piaceva, ma ero interessata all&#8217;assitenza e per questo ho fatto il corso Oss continuando a fare l&#8217;impiegata. Mi si \u00e8 aperto un mondo meraviglioso dal tirocionio al lavoro. Attualmente sono in pneumologia in ospedale. La motivazione che mi ha spinto? Fare qualche cosa per gli altri con professionalit\u00e0. Prendersi cura degli altri \u00e8 una professione che si impara sul campo, lavorando in equipe con infermieri e medici. E&#8217; un lavoro faticoso, ma ci torna tutto indietro con il grazie degli assistiti. Mi alzo felice alle cinque per andare a lavorare, \u00e8 una professione meravigliosa, ogni giorno ci sono esperienze diverse, soprattutto in casa di riposo, esperienze che arricchiscono. Si puo&#8217; anche scegliere con che utenza lavorare, con gli anziani, sul territorio nel domiciliario, insomma quello che piace di pi\u00f9 alla persona e sente piu&#8217; vicino.<\/p>\n<a href=\"https:\/\/www.radiopiu.net\/wordpress\/wp-content\/uploads\/2022\/02\/Corsi-OSS-una-opportunita.pdf\" class=\"pdfemb-viewer\" style=\"\" data-width=\"max\" data-height=\"max\" data-toolbar=\"top\" data-toolbar-fixed=\"on\">Corsi OSS una opportunit\u00e0<\/a>\n<p>&nbsp;<\/p>\n<p>https:\/\/www.facebook.com\/radiopiu\/videos\/3067098156881563<\/p>\n","protected":false},"excerpt":{"rendered":"<p>BELLUNO In diretta la conferenza stampa dell&#8217;Ulss 1 Dolomiti per la presentazione dei corsi di formazione per diventare OSS La dottoressa Maria Grazia Carraro ricorda l&#8217;importanza degli Oss per la struttura Ulss. Entro fine anno saranno disponibili una sessantina di posti di lavoro. Non sempre emerge la particolarit\u00e0 di questo lavoro e le soddisfazioni, anche&hellip;<\/p>\n","protected":false},"author":4,"featured_media":242263,"comment_status":"closed","ping_status":"closed","sticky":false,"template":"","format":"standard","meta":{"_monsterinsights_skip_tracking":false,"_monsterinsights_sitenote_active":false,"_monsterinsights_sitenote_note":"","_monsterinsights_sitenote_category":0,"footnotes":""},"categories":[104,49],"tags":[],"class_list":["post-257668","post","type-post","status-publish","format-standard","has-post-thumbnail","hentry","category-evidenza_3","category-news-18","category-104","category-49","description-off"],"img_url":"https:\/\/www.radiopiu.net\/wordpress\/wp-content\/uploads\/2021\/11\/INFERMIERE-OSS.png","_links":{"self":[{"href":"https:\/\/www.radiopiu.net\/wordpress\/wp-json\/wp\/v2\/posts\/257668","targetHints":{"allow":["GET"]}}],"collection":[{"href":"https:\/\/www.radiopiu.net\/wordpress\/wp-json\/wp\/v2\/posts"}],"about":[{"href":"https:\/\/www.radiopiu.net\/wordpress\/wp-json\/wp\/v2\/types\/post"}],"author":[{"embeddable":true,"href":"https:\/\/www.radiopiu.net\/wordpress\/wp-json\/wp\/v2\/users\/4"}],"replies":[{"embeddable":true,"href":"https:\/\/www.radiopiu.net\/wordpress\/wp-json\/wp\/v2\/comments?post=257668"}],"version-history":[{"count":0,"href":"https:\/\/www.radiopiu.net\/wordpress\/wp-json\/wp\/v2\/posts\/257668\/revisions"}],"wp:featuredmedia":[{"embeddable":true,"href":"https:\/\/www.radiopiu.net\/wordpress\/wp-json\/wp\/v2\/media\/242263"}],"wp:attachment":[{"href":"https:\/\/www.radiopiu.net\/wordpress\/wp-json\/wp\/v2\/media?parent=257668"}],"wp:term":[{"taxonomy":"category","embeddable":true,"href":"https:\/\/www.radiopiu.net\/wordpress\/wp-json\/wp\/v2\/categories?post=257668"},{"taxonomy":"post_tag","embeddable":true,"href":"https:\/\/www.radiopiu.net\/wordpress\/wp-json\/wp\/v2\/tags?post=257668"}],"curies":[{"name":"wp","href":"https:\/\/api.w.org\/{rel}","templated":true}]}}