{"id":257678,"date":"2022-02-04T05:51:57","date_gmt":"2022-02-04T04:51:57","guid":{"rendered":"https:\/\/www.radiopiu.net\/wordpress\/?p=257678"},"modified":"2022-02-04T10:54:21","modified_gmt":"2022-02-04T09:54:21","slug":"paesi-che-cambiano-i-nomi-per-errori-di-ortografia","status":"publish","type":"post","link":"https:\/\/www.radiopiu.net\/wordpress\/paesi-che-cambiano-i-nomi-per-errori-di-ortografia\/","title":{"rendered":"PAESI CHE CAMBIANO I NOMI PER ERRORI DI ORTOGRAFIA"},"content":{"rendered":"<p><strong>TAIBON<\/strong> Ormai da anni per un errore dell&#8217;allora maestra Libera Rossi (nell&#8217;amministrazione comunale imperava la Democrazia Cristiana) c&#8217;\u00e8 una frazione del paese che ha cambiato nome Ronch de Bos \u00e8 infatti diventata Ronch de Buos e le ultime cartine riportano&#8230; l&#8217;errore. Inutili i tentativi degli abitanti della frazioni di tornare alla denominazione originale per la frazione attorno all&#8217;osteria del Piano. Eppure c&#8217;\u00e8 un vecchio cartello (che indica la strada per la frazione alta) dove il nome \u00e8 riportato correttamente, \u00e8 un cartello vecchio, precedente a quello con l&#8217;errore che nessuno si \u00e8 mai degnato di rimuovere e ammettere appunto il grossolano errore. Sarebbe forse stato diverso se una frazione come ad esempio Coi fosse diventato Cui (termine dialettale per indicare il sedere, in questo caso sederi cio\u00e8 <em>culi<\/em>), siamo certi che\u00a0 in questo caso la correzione sarebbe stata immediata giusto per non essere presi per i fondelli.<\/p>\n<p>&nbsp;<\/p>\n\n\t\t\t<style type='text\/css'>\n\t\t\t\t#gallery-1 {\n\t\t\t\t\tmargin: auto;\n\t\t\t\t}\n\t\t\t\t#gallery-1 .gallery-item {\n\t\t\t\t\tfloat: left;\n\t\t\t\t\tmargin-top: 10px;\n\t\t\t\t\ttext-align: center;\n\t\t\t\t\twidth: 33%;\n\t\t\t\t}\n\t\t\t\t#gallery-1 img {\n\t\t\t\t\tborder: 2px solid #cfcfcf;\n\t\t\t\t}\n\t\t\t\t#gallery-1 .gallery-caption {\n\t\t\t\t\tmargin-left: 0;\n\t\t\t\t}\n\t\t\t\t\/* see gallery_shortcode() in wp-includes\/media.php *\/\n\t\t\t<\/style>\n\t\t<div id='gallery-1' class='dt-gallery-container gallery galleryid-257678 gallery-columns-3 gallery-size-thumbnail'><dl class='gallery-item'>\n\t\t\t\t<dt class='gallery-icon landscape'>\n\t\t\t\t\t<a class=\"rollover rollover-zoom dt-pswp-item\" title=\"aa9b0584-e2d0-4c90-b6e0-ee5a31857005\" data-dt-img-description=\"\" data-large_image_width=\"1920\" data-large_image_height=\"1080\"href='https:\/\/www.radiopiu.net\/wordpress\/wp-content\/uploads\/2022\/02\/aa9b0584-e2d0-4c90-b6e0-ee5a31857005.jpg'><img loading=\"lazy\" decoding=\"async\" width=\"150\" height=\"150\" src=\"https:\/\/www.radiopiu.net\/wordpress\/wp-content\/uploads\/2022\/02\/aa9b0584-e2d0-4c90-b6e0-ee5a31857005-150x150.jpg\" class=\"attachment-thumbnail size-thumbnail\" alt=\"\" \/><\/a>\n\t\t\t\t<\/dt><\/dl><dl class='gallery-item'>\n\t\t\t\t<dt class='gallery-icon landscape'>\n\t\t\t\t\t<a class=\"rollover rollover-zoom dt-pswp-item\" title=\"fc66b4b7-fe1f-44fa-90d4-55bbd4ab368a\" data-dt-img-description=\"\" data-large_image_width=\"1920\" data-large_image_height=\"1080\"href='https:\/\/www.radiopiu.net\/wordpress\/wp-content\/uploads\/2022\/02\/fc66b4b7-fe1f-44fa-90d4-55bbd4ab368a.jpg'><img loading=\"lazy\" decoding=\"async\" width=\"150\" height=\"150\" src=\"https:\/\/www.radiopiu.net\/wordpress\/wp-content\/uploads\/2022\/02\/fc66b4b7-fe1f-44fa-90d4-55bbd4ab368a-150x150.jpg\" class=\"attachment-thumbnail size-thumbnail\" alt=\"\" \/><\/a>\n\t\t\t\t<\/dt><\/dl><dl class='gallery-item'>\n\t\t\t\t<dt class='gallery-icon landscape'>\n\t\t\t\t\t<a class=\"rollover rollover-zoom dt-pswp-item\" title=\"614c0d0f-f047-45fe-9d86-d779a8707789\" data-dt-img-description=\"\" data-large_image_width=\"1920\" data-large_image_height=\"1080\"href='https:\/\/www.radiopiu.net\/wordpress\/wp-content\/uploads\/2022\/02\/614c0d0f-f047-45fe-9d86-d779a8707789.jpg'><img loading=\"lazy\" decoding=\"async\" width=\"150\" height=\"150\" src=\"https:\/\/www.radiopiu.net\/wordpress\/wp-content\/uploads\/2022\/02\/614c0d0f-f047-45fe-9d86-d779a8707789-150x150.jpg\" class=\"attachment-thumbnail size-thumbnail\" alt=\"\" \/><\/a>\n\t\t\t\t<\/dt><\/dl><br style=\"clear: both\" \/>\n\t\t\t<\/div>\n\n<p>&nbsp;<\/p>\n<p><strong>Ad Agordo<\/strong> sta accadendo la stessa cosa a Colvignas, lo ha messo in evidenza <span class=\"\"><span class=\"nc684nl6\"><a class=\"oajrlxb2 g5ia77u1 qu0x051f esr5mh6w e9989ue4 r7d6kgcz rq0escxv nhd2j8a9 nc684nl6 p7hjln8o kvgmc6g5 cxmmr5t8 oygrvhab hcukyx3x jb3vyjys rz4wbd8a qt6c0cv9 a8nywdso i1ao9s8h esuyzwwr f1sip0of lzcic4wl gmql0nx0 gpro0wi8\" tabindex=\"0\" role=\"link\" href=\"https:\/\/www.facebook.com\/groups\/1420205028223120\/user\/1098728233\/?__cft__[0]=AZWfoxh9-deNqhcdeISL7grJ6bJLh6B8dWJ3YNP-crJ04VHjnENd_Bs2OOuV1Ej51CXU7A4N07oDHmQ-O90ZQlvL41tzAV9vpw5MGH0qqU0cRonSPRbxs-oUlgeJnKcPJzipaXn0ncspRBY4m7yP_3R6tRnee3cFcYfdCbJlbaT5CXgo7umoIJAMIO_At2WzyPBD17-J_KAD3VoL6wh63OiF&amp;__tn__=R]-R\"><span class=\"pq6dq46d\"><span class=\"d2edcug0 hpfvmrgz qv66sw1b c1et5uql lr9zc1uh a8c37x1j fe6kdd0r mau55g9w c8b282yb keod5gw0 nxhoafnm aigsh9s9 d9wwppkn mdeji52x e9vueds3 j5wam9gi lrazzd5p oo9gr5id\" dir=\"auto\">Christian De Pellegrin<\/span><\/span><\/a><\/span><\/span> sulla pagina facebook <em>&#8220;Sei di Agordo Se&#8230;&#8221;Secondo voi &#8211; scrive &#8211;\u00a0 si dice Coldegnas o Codegnas? Noi abbiamo sempre detto Coldegnas. Il cartello \u00e8 giusto o manca una lettera?&#8221;\u00a0<\/em>In coro le risposte non solo da Rif,\u00a0 per ricordare che il colle dei gnas (o delle vigne) si chiama COLDEGNAS e anche in questo caso i cartelli datati lo confermano. <span class=\"\"><span class=\"nc684nl6\"><a class=\"oajrlxb2 g5ia77u1 qu0x051f esr5mh6w e9989ue4 r7d6kgcz rq0escxv nhd2j8a9 nc684nl6 p7hjln8o kvgmc6g5 cxmmr5t8 oygrvhab hcukyx3x jb3vyjys rz4wbd8a qt6c0cv9 a8nywdso i1ao9s8h esuyzwwr f1sip0of lzcic4wl gmql0nx0 gpro0wi8\" tabindex=\"0\" role=\"link\" href=\"https:\/\/www.facebook.com\/groups\/1420205028223120\/user\/100075844706985\/?__cft__[0]=AZWfoxh9-deNqhcdeISL7grJ6bJLh6B8dWJ3YNP-crJ04VHjnENd_Bs2OOuV1Ej51CXU7A4N07oDHmQ-O90ZQlvL41tzAV9vpw5MGH0qqU0cRonSPRbxs-oUlgeJnKcPJzipaXn0ncspRBY4m7yP_3R6tRnee3cFcYfdCbJlbaT5CXgo7umoIJAMIO_At2WzyPBD17-J_KAD3VoL6wh63OiF&amp;__tn__=R]-R\"><span class=\"pq6dq46d\"><span class=\"d2edcug0 hpfvmrgz qv66sw1b c1et5uql lr9zc1uh a8c37x1j fe6kdd0r mau55g9w c8b282yb keod5gw0 nxhoafnm aigsh9s9 d9wwppkn mdeji52x e9vueds3 j5wam9gi lrazzd5p oo9gr5id\" dir=\"auto\">Loris Santomaso<\/span><\/span><\/a> <em>&#8220;<\/em><\/span><\/span><em>In effetti il toponimo dialettale \u00e8 errato: manca la L e la \u00c0 finale va accentata, quindi COLDEGN\u00c0S come riportato dall&#8217;opera di Tito De Nardin e Giovanni Tomasi; inoltre anche la A di \u00c0gort va opportunamente accentata&#8221;.<\/em> Tutto sommato anche per Coldegnas \u00e8 andata bene, poteva anche uscirne un Culdegnas&#8230;<\/p>\n\n\t\t\t<style type='text\/css'>\n\t\t\t\t#gallery-2 {\n\t\t\t\t\tmargin: auto;\n\t\t\t\t}\n\t\t\t\t#gallery-2 .gallery-item {\n\t\t\t\t\tfloat: left;\n\t\t\t\t\tmargin-top: 10px;\n\t\t\t\t\ttext-align: center;\n\t\t\t\t\twidth: 33%;\n\t\t\t\t}\n\t\t\t\t#gallery-2 img {\n\t\t\t\t\tborder: 2px solid #cfcfcf;\n\t\t\t\t}\n\t\t\t\t#gallery-2 .gallery-caption {\n\t\t\t\t\tmargin-left: 0;\n\t\t\t\t}\n\t\t\t\t\/* see gallery_shortcode() in wp-includes\/media.php *\/\n\t\t\t<\/style>\n\t\t<div id='gallery-2' class='dt-gallery-container gallery galleryid-257678 gallery-columns-3 gallery-size-medium'><dl class='gallery-item'>\n\t\t\t\t<dt class='gallery-icon portrait'>\n\t\t\t\t\t<a class=\"rollover rollover-zoom dt-pswp-item\" title=\"273147792_10221515667896601_2854629732629416016_n\" data-dt-img-description=\"\" data-large_image_width=\"526\" data-large_image_height=\"701\"href='https:\/\/www.radiopiu.net\/wordpress\/wp-content\/uploads\/2022\/02\/273147792_10221515667896601_2854629732629416016_n-1.jpg'><img loading=\"lazy\" decoding=\"async\" width=\"225\" height=\"300\" src=\"https:\/\/www.radiopiu.net\/wordpress\/wp-content\/uploads\/2022\/02\/273147792_10221515667896601_2854629732629416016_n-1-225x300.jpg\" class=\"attachment-medium size-medium\" alt=\"\" aria-describedby=\"gallery-2-257684\" srcset=\"https:\/\/www.radiopiu.net\/wordpress\/wp-content\/uploads\/2022\/02\/273147792_10221515667896601_2854629732629416016_n-1-225x300.jpg 225w, https:\/\/www.radiopiu.net\/wordpress\/wp-content\/uploads\/2022\/02\/273147792_10221515667896601_2854629732629416016_n-1.jpg 526w\" sizes=\"auto, (max-width: 225px) 100vw, 225px\" \/><\/a>\n\t\t\t\t<\/dt>\n\t\t\t\t\t<dd class='wp-caption-text gallery-caption' id='gallery-2-257684'>\n\t\t\t\t\til nuovo\n\t\t\t\t\t<\/dd><\/dl><dl class='gallery-item'>\n\t\t\t\t<dt class='gallery-icon portrait'>\n\t\t\t\t\t<a class=\"rollover rollover-zoom dt-pswp-item\" title=\"273130175_10221516571359187_420182852335922804_n\" data-dt-img-description=\"\" data-large_image_width=\"1511\" data-large_image_height=\"2015\"href='https:\/\/www.radiopiu.net\/wordpress\/wp-content\/uploads\/2022\/02\/273130175_10221516571359187_420182852335922804_n-2.jpg'><img loading=\"lazy\" decoding=\"async\" width=\"225\" height=\"300\" src=\"https:\/\/www.radiopiu.net\/wordpress\/wp-content\/uploads\/2022\/02\/273130175_10221516571359187_420182852335922804_n-2-225x300.jpg\" class=\"attachment-medium size-medium\" alt=\"\" srcset=\"https:\/\/www.radiopiu.net\/wordpress\/wp-content\/uploads\/2022\/02\/273130175_10221516571359187_420182852335922804_n-2-225x300.jpg 225w, https:\/\/www.radiopiu.net\/wordpress\/wp-content\/uploads\/2022\/02\/273130175_10221516571359187_420182852335922804_n-2-768x1024.jpg 768w, https:\/\/www.radiopiu.net\/wordpress\/wp-content\/uploads\/2022\/02\/273130175_10221516571359187_420182852335922804_n-2-1152x1536.jpg 1152w, https:\/\/www.radiopiu.net\/wordpress\/wp-content\/uploads\/2022\/02\/273130175_10221516571359187_420182852335922804_n-2.jpg 1511w\" sizes=\"auto, (max-width: 225px) 100vw, 225px\" \/><\/a>\n\t\t\t\t<\/dt><\/dl><dl class='gallery-item'>\n\t\t\t\t<dt class='gallery-icon landscape'>\n\t\t\t\t\t<a class=\"rollover rollover-zoom dt-pswp-item\" title=\"273203122_10224708225247416_8063490848497536957_n\" data-dt-img-description=\"\" data-large_image_width=\"1422\" data-large_image_height=\"640\"href='https:\/\/www.radiopiu.net\/wordpress\/wp-content\/uploads\/2022\/02\/273203122_10224708225247416_8063490848497536957_n-1.jpg'><img loading=\"lazy\" decoding=\"async\" width=\"300\" height=\"135\" src=\"https:\/\/www.radiopiu.net\/wordpress\/wp-content\/uploads\/2022\/02\/273203122_10224708225247416_8063490848497536957_n-1-300x135.jpg\" class=\"attachment-medium size-medium\" alt=\"\" aria-describedby=\"gallery-2-257682\" srcset=\"https:\/\/www.radiopiu.net\/wordpress\/wp-content\/uploads\/2022\/02\/273203122_10224708225247416_8063490848497536957_n-1-300x135.jpg 300w, https:\/\/www.radiopiu.net\/wordpress\/wp-content\/uploads\/2022\/02\/273203122_10224708225247416_8063490848497536957_n-1-1024x461.jpg 1024w, https:\/\/www.radiopiu.net\/wordpress\/wp-content\/uploads\/2022\/02\/273203122_10224708225247416_8063490848497536957_n-1-768x346.jpg 768w, https:\/\/www.radiopiu.net\/wordpress\/wp-content\/uploads\/2022\/02\/273203122_10224708225247416_8063490848497536957_n-1.jpg 1422w\" sizes=\"auto, (max-width: 300px) 100vw, 300px\" \/><\/a>\n\t\t\t\t<\/dt>\n\t\t\t\t\t<dd class='wp-caption-text gallery-caption' id='gallery-2-257682'>\n\t\t\t\t\til lavoro di Tomasi e De Nardin\n\t\t\t\t\t<\/dd><\/dl><br style=\"clear: both\" \/>\n\t\t\t<\/div>\n\n<p><strong>L&#8217;OPINIONE<\/strong><br \/>\n<strong>di\u00a0 TIZIANO DE COL<\/strong><\/p>\n<p>audio<\/p>\n<audio class=\"wp-audio-shortcode\" id=\"audio-257678-1\" preload=\"none\" style=\"width: 100%;\" controls=\"controls\"><source type=\"audio\/mpeg\" src=\"https:\/\/www.radiopiu.net\/wordpress\/wp-content\/uploads\/2022\/02\/TIZIANO.mp3?_=1\" \/><a href=\"https:\/\/www.radiopiu.net\/wordpress\/wp-content\/uploads\/2022\/02\/TIZIANO.mp3\">https:\/\/www.radiopiu.net\/wordpress\/wp-content\/uploads\/2022\/02\/TIZIANO.mp3<\/a><\/audio>\n<p>&nbsp;<\/p>\n<p>&nbsp;<\/p>\n<p><em>Colvignas , oppure Coldegnas o ancora Col de gnass ? E&#8217; l&#8217;eterno problema dei toponimi, esistevano a voce da tempi immemori , nel medioevo sono stati scritti da notai, magari storpiandoli, latinizzandoli o italianizzandoli (scritti e non trascritti perch\u00e8 non esistevano scritti). Poi ancora nei Catasti ed Estimi della Serenissima, Catasti Napoleonici, Austriaci, Italiani sono stati &#8221; riscritti&#8221; dai periti rilevatori . Magari su giusta indicazione di persone locali ma con errata scrittura, anche perch\u00e8, per esempio, in italiano mancano i simboli per il TH interdentale o la D palatizzata\u00a0 (la differenza tra &#8220;straza&#8221; e &#8220;strada&#8221; pronunciate in lingua locale di Agordo e dintorni. <\/em>Il fatto stesso che per scrivere la C &#8220;dura&#8221; a fine parola in italiano non si usi la K ma il \u201cCH\u201d. Gli accenti (che noi usiamo purtroppo poco, sono inoltre fondamentali per la giusta dizione ). Anche le carte topografiche dell\u2019 Istituto Geografico Militare hanno fatto la loro parte nella casistica degli errori in toponomastica. Poi gli errori di scrittura nella stampa dei cartelli completano il ciclo .<\/p>\n<p>&nbsp;<\/p>\n<p>&nbsp;<\/p>\n<p>****<\/p>\n","protected":false},"excerpt":{"rendered":"<p>TAIBON Ormai da anni per un errore dell&#8217;allora maestra Libera Rossi (nell&#8217;amministrazione comunale imperava la Democrazia Cristiana) c&#8217;\u00e8 una frazione del paese che ha cambiato nome Ronch de Bos \u00e8 infatti diventata Ronch de Buos e le ultime cartine riportano&#8230; l&#8217;errore. Inutili i tentativi degli abitanti della frazioni di tornare alla denominazione originale per la&hellip;<\/p>\n","protected":false},"author":4,"featured_media":257684,"comment_status":"closed","ping_status":"closed","sticky":false,"template":"","format":"standard","meta":{"_monsterinsights_skip_tracking":false,"_monsterinsights_sitenote_active":false,"_monsterinsights_sitenote_note":"","_monsterinsights_sitenote_category":0,"footnotes":""},"categories":[51,49],"tags":[],"class_list":["post-257678","post","type-post","status-publish","format-standard","has-post-thumbnail","hentry","category-evidenza-top","category-news-18","category-51","category-49","description-off"],"img_url":"https:\/\/www.radiopiu.net\/wordpress\/wp-content\/uploads\/2022\/02\/273147792_10221515667896601_2854629732629416016_n-1.jpg","_links":{"self":[{"href":"https:\/\/www.radiopiu.net\/wordpress\/wp-json\/wp\/v2\/posts\/257678","targetHints":{"allow":["GET"]}}],"collection":[{"href":"https:\/\/www.radiopiu.net\/wordpress\/wp-json\/wp\/v2\/posts"}],"about":[{"href":"https:\/\/www.radiopiu.net\/wordpress\/wp-json\/wp\/v2\/types\/post"}],"author":[{"embeddable":true,"href":"https:\/\/www.radiopiu.net\/wordpress\/wp-json\/wp\/v2\/users\/4"}],"replies":[{"embeddable":true,"href":"https:\/\/www.radiopiu.net\/wordpress\/wp-json\/wp\/v2\/comments?post=257678"}],"version-history":[{"count":0,"href":"https:\/\/www.radiopiu.net\/wordpress\/wp-json\/wp\/v2\/posts\/257678\/revisions"}],"wp:featuredmedia":[{"embeddable":true,"href":"https:\/\/www.radiopiu.net\/wordpress\/wp-json\/wp\/v2\/media\/257684"}],"wp:attachment":[{"href":"https:\/\/www.radiopiu.net\/wordpress\/wp-json\/wp\/v2\/media?parent=257678"}],"wp:term":[{"taxonomy":"category","embeddable":true,"href":"https:\/\/www.radiopiu.net\/wordpress\/wp-json\/wp\/v2\/categories?post=257678"},{"taxonomy":"post_tag","embeddable":true,"href":"https:\/\/www.radiopiu.net\/wordpress\/wp-json\/wp\/v2\/tags?post=257678"}],"curies":[{"name":"wp","href":"https:\/\/api.w.org\/{rel}","templated":true}]}}