{"id":257730,"date":"2022-02-03T15:20:15","date_gmt":"2022-02-03T14:20:15","guid":{"rendered":"https:\/\/www.radiopiu.net\/wordpress\/?p=257730"},"modified":"2022-02-04T06:11:42","modified_gmt":"2022-02-04T05:11:42","slug":"vai-francesco-da-via-ai-tricolori-indoor-di-ancona","status":"publish","type":"post","link":"https:\/\/www.radiopiu.net\/wordpress\/vai-francesco-da-via-ai-tricolori-indoor-di-ancona\/","title":{"rendered":"VAI FRANCESCO! DA VIA&#8217; AI TRICOLORI INDOOR DI ANCONA"},"content":{"rendered":"<p><a href=\"https:\/\/www.radiopiu.net\/wordpress\/vai-francesco-da-via-ai-tricolori-indoor-di-ancona\/da-via-francesco_ph-ilaria-fedeli\/\" rel=\"attachment wp-att-257731\"><img loading=\"lazy\" decoding=\"async\" class=\"size-medium wp-image-257731 alignleft\" src=\"https:\/\/www.radiopiu.net\/wordpress\/wp-content\/uploads\/2022\/02\/Da-Via-Francesco_ph.-Ilaria-Fedeli-235x300.jpg\" alt=\"\" width=\"235\" height=\"300\" srcset=\"https:\/\/www.radiopiu.net\/wordpress\/wp-content\/uploads\/2022\/02\/Da-Via-Francesco_ph.-Ilaria-Fedeli-235x300.jpg 235w, https:\/\/www.radiopiu.net\/wordpress\/wp-content\/uploads\/2022\/02\/Da-Via-Francesco_ph.-Ilaria-Fedeli.jpg 750w\" sizes=\"auto, (max-width: 235px) 100vw, 235px\" \/><\/a><\/p>\n<p><em><strong>Il mezzofondista del Gs La Piave 2000 sar\u00e0 al via nei 3000 metri promesse. In gara anche l<\/strong><strong>\u2019<\/strong><strong>ostacolista Elena Nessenzia che da quest<\/strong><strong>\u2019<\/strong><strong>anno veste i colori dell<\/strong><strong>\u2019<\/strong><strong>Atletica Riviera del Brenta <\/strong><\/em><\/p>\n<p><strong>BORGO VALBELLUNA<\/strong> <strong><em>\u2013 <\/em><\/strong>Francesco Da Vi\u00e0 ai campionati italiani indoor di Ancona. Il ventenne mezzofondista del Gs La Piave 2000 garegger\u00e0 nei 3000 metri della categoria promesse. Francesco andr\u00e0 in cerca di conferme dopo lo splendido inizio di stagione che il 15 gennaio, al Palaindoor di Padova, l\u2019ha visto correre i 3000 in 8\u201945\u201d64, un paio di secondi meglio del record personale risalente al 2021. Domenica scorsa, poi, l\u2019allievo di Johnny Schievenin \u00e8 giunto terzo, sempre a Padova, nel campionato regionale assoluto indoor, fermando il cronometro a 8\u201950\u201d64. La rassegna tricolore promesse potrebbe essere l\u2019occasione per migliorarsi ulteriormente: appuntamento in pista ad Ancona alle 16.25 di domenica 6 febbraio.\u00a0 Nel weekend marchigiano, che assegner\u00e0 le 52 maglie tricolori indoor delle categorie juniores e promesse, garegger\u00e0 anche la 18enne Elena Nessenzia, da quest\u2019anno passata alla societ\u00e0 veneziana Atletica Riviera del Brenta.Sar\u00e0 al via nei 60 ostacoli juniores (batteria alle 14 di sabato 5 febbraio, eventuale finale alle 15.25), gara in cui lo scorso weekend a Padova ha migliorato per due volte il record personale, correndo la batteria in 8\u201d88 e la finale in 8\u201d84. Come Da Vi\u00e0, un\u2019atleta in crescita.<\/p>\n<p><b><i>\u00a0foto.\u00a0 Francesco Da Vi\u00e0 impegnato in un cross (ILARIA FEDELI)<\/i><\/b><\/p>\n<p>&nbsp;<\/p>\n<p>^^<\/p>\n<p>&nbsp;<\/p>\n","protected":false},"excerpt":{"rendered":"<p>Il mezzofondista del Gs La Piave 2000 sar\u00e0 al via nei 3000 metri promesse. In gara anche l\u2019ostacolista Elena Nessenzia che da quest\u2019anno veste i colori dell\u2019Atletica Riviera del Brenta BORGO VALBELLUNA \u2013 Francesco Da Vi\u00e0 ai campionati italiani indoor di Ancona. Il ventenne mezzofondista del Gs La Piave 2000 garegger\u00e0 nei 3000 metri della&hellip;<\/p>\n","protected":false},"author":4,"featured_media":257731,"comment_status":"closed","ping_status":"closed","sticky":false,"template":"","format":"standard","meta":{"_monsterinsights_skip_tracking":false,"_monsterinsights_sitenote_active":false,"_monsterinsights_sitenote_note":"","_monsterinsights_sitenote_category":0,"footnotes":""},"categories":[103,49],"tags":[],"class_list":["post-257730","post","type-post","status-publish","format-standard","has-post-thumbnail","hentry","category-evidenza_2","category-news-18","category-103","category-49","description-off"],"img_url":"https:\/\/www.radiopiu.net\/wordpress\/wp-content\/uploads\/2022\/02\/Da-Via-Francesco_ph.-Ilaria-Fedeli.jpg","_links":{"self":[{"href":"https:\/\/www.radiopiu.net\/wordpress\/wp-json\/wp\/v2\/posts\/257730","targetHints":{"allow":["GET"]}}],"collection":[{"href":"https:\/\/www.radiopiu.net\/wordpress\/wp-json\/wp\/v2\/posts"}],"about":[{"href":"https:\/\/www.radiopiu.net\/wordpress\/wp-json\/wp\/v2\/types\/post"}],"author":[{"embeddable":true,"href":"https:\/\/www.radiopiu.net\/wordpress\/wp-json\/wp\/v2\/users\/4"}],"replies":[{"embeddable":true,"href":"https:\/\/www.radiopiu.net\/wordpress\/wp-json\/wp\/v2\/comments?post=257730"}],"version-history":[{"count":0,"href":"https:\/\/www.radiopiu.net\/wordpress\/wp-json\/wp\/v2\/posts\/257730\/revisions"}],"wp:featuredmedia":[{"embeddable":true,"href":"https:\/\/www.radiopiu.net\/wordpress\/wp-json\/wp\/v2\/media\/257731"}],"wp:attachment":[{"href":"https:\/\/www.radiopiu.net\/wordpress\/wp-json\/wp\/v2\/media?parent=257730"}],"wp:term":[{"taxonomy":"category","embeddable":true,"href":"https:\/\/www.radiopiu.net\/wordpress\/wp-json\/wp\/v2\/categories?post=257730"},{"taxonomy":"post_tag","embeddable":true,"href":"https:\/\/www.radiopiu.net\/wordpress\/wp-json\/wp\/v2\/tags?post=257730"}],"curies":[{"name":"wp","href":"https:\/\/api.w.org\/{rel}","templated":true}]}}