{"id":257784,"date":"2022-02-05T05:30:01","date_gmt":"2022-02-05T04:30:01","guid":{"rendered":"https:\/\/www.radiopiu.net\/wordpress\/?p=257784"},"modified":"2022-02-05T06:58:54","modified_gmt":"2022-02-05T05:58:54","slug":"giornaleradio05022a","status":"publish","type":"post","link":"https:\/\/www.radiopiu.net\/wordpress\/giornaleradio05022a\/","title":{"rendered":"GIORNALE RADIOPIU 05 FEBBRAIO 2022 DIRETTORE MIRKO MEZZACASA"},"content":{"rendered":"<h3 class=\"kvgmc6g5 cxmmr5t8 oygrvhab hcukyx3x c1et5uql\"><span style=\"color: #0000ff;\"><strong><a href=\"https:\/\/www.radiopiu.net\/wordpress\/giornale-radiopiu-05-febbraio-2022-direttore-mirko-mezzacasa\/20220204_132710_0000\/\" rel=\"attachment wp-att-257970\"><img loading=\"lazy\" decoding=\"async\" class=\" wp-image-257970 alignleft\" src=\"https:\/\/www.radiopiu.net\/wordpress\/wp-content\/uploads\/2022\/02\/20220204_132710_0000-300x251.png\" alt=\"\" width=\"218\" height=\"182\" srcset=\"https:\/\/www.radiopiu.net\/wordpress\/wp-content\/uploads\/2022\/02\/20220204_132710_0000-300x251.png 300w, https:\/\/www.radiopiu.net\/wordpress\/wp-content\/uploads\/2022\/02\/20220204_132710_0000-768x644.png 768w, https:\/\/www.radiopiu.net\/wordpress\/wp-content\/uploads\/2022\/02\/20220204_132710_0000.png 940w\" sizes=\"auto, (max-width: 218px) 100vw, 218px\" \/><\/a>INFORMAZIONE il canale su TELEGRAM informazione di prima mano e in tempo reale. iscriviti ed aiutaci a farlo conoscere\u00a0\u00a0<\/strong><\/span><\/h3>\n<blockquote>\n<h2>&#x1f337;GIORNATA DEI CALZINI SPAIATI: UNICO E IRRIPETIBILE<\/h2>\n<\/blockquote>\n<div class=\"gmail-\">\n<div class=\"gmail-_1mf gmail-_1mj\"><\/div>\n<\/div>\n<div class=\"gmail-\">\n<div class=\"gmail-_1mf gmail-_1mj\">\n<p>La giornata \u00e8 stata fissata ormai 9 anni fa per simboleggiare l&#8217;importanza di accogliere l&#8217;altro per quello che \u00e8 non focalizzandosi solamente su diagnosi, abilit\u00e0 e competenze raggiunte o meno, ma comprendere e vedere l&#8217;altro per la sua IRRIPETIBILE UNICIT\u00c0. Ieri ai Centri Diurni di Pieve di Cadore, \u00e8 stata celebrata la giornata: ospiti e operatori hanno indossato calzini spaiati e ci ricordano che: ognuno di noi \u00e8 unico e irripetibile.<\/p>\n<\/div>\n<\/div>\n<p>&nbsp;<\/p>\n<hr \/>\n<p>&nbsp;<\/p>\n<blockquote>\n<h3>PUNTI TAMPONI STRAORDINARI A PALUDI<\/h3>\n<p><strong>BELLUNO Come nei precedenti week end, l\u2019Ulss Dolomiti attiva per oggi\u00a0 e domani\u00a0 dalle 14.30 alle 18.30 un punto tamponi ad accesso libero a Paludi per persone con sintomatologia covid, per le quali non sia possibile rinviare il tampone nei giorni successivi. Sar\u00e0 presente un medico per un triage all\u2019ingresso e l\u2019eventuale prescrizione. Non\u00a0 \u00e8 quindi necessario chiamare il 118 o la Guardia medica per l\u2019impegnativa.<\/strong><\/p><\/blockquote>\n<p>&nbsp;<\/p>\n<p>&nbsp;<\/p>\n<hr \/>\n<p>&nbsp;<\/p>\n<blockquote>\n<h2><a href=\"https:\/\/www.radiopiu.net\/wordpress\/auto-in-fiamme-illeso-chi-era-al-volante\/1b4dbccc-5dbb-4c48-854b-9ea18fcb1180\/\" rel=\"attachment wp-att-257906\"><img loading=\"lazy\" decoding=\"async\" class=\" wp-image-257906 alignleft\" src=\"https:\/\/www.radiopiu.net\/wordpress\/wp-content\/uploads\/2022\/02\/1b4dbccc-5dbb-4c48-854b-9ea18fcb1180-300x200.jpg\" alt=\"\" width=\"203\" height=\"135\" srcset=\"https:\/\/www.radiopiu.net\/wordpress\/wp-content\/uploads\/2022\/02\/1b4dbccc-5dbb-4c48-854b-9ea18fcb1180-300x200.jpg 300w, https:\/\/www.radiopiu.net\/wordpress\/wp-content\/uploads\/2022\/02\/1b4dbccc-5dbb-4c48-854b-9ea18fcb1180-768x512.jpg 768w, https:\/\/www.radiopiu.net\/wordpress\/wp-content\/uploads\/2022\/02\/1b4dbccc-5dbb-4c48-854b-9ea18fcb1180.jpg 1025w\" sizes=\"auto, (max-width: 203px) 100vw, 203px\" \/><\/a>IERI SULLE STRADE, INCIDENTI DA MATTINA A SERA<\/h2>\n<\/blockquote>\n<p>DI MORENO GIOLI<\/p>\n<audio class=\"wp-audio-shortcode\" id=\"audio-257784-1\" preload=\"none\" style=\"width: 100%;\" controls=\"controls\"><source type=\"audio\/mpeg\" src=\"https:\/\/www.radiopiu.net\/wordpress\/wp-content\/uploads\/2022\/02\/MORENO-1.mp3?_=1\" \/><a href=\"https:\/\/www.radiopiu.net\/wordpress\/wp-content\/uploads\/2022\/02\/MORENO-1.mp3\">https:\/\/www.radiopiu.net\/wordpress\/wp-content\/uploads\/2022\/02\/MORENO-1.mp3<\/a><\/audio>\n<p>&nbsp;<\/p>\n<p>&nbsp;<\/p>\n<hr \/>\n<p>&nbsp;<\/p>\n<p>&nbsp;<\/p>\n<blockquote>\n<h3>DUE INCIDENTI DI PRIMA MATTINA\u00a0 A PONTE NELLE ALPI E FELTRE<\/h3>\n<\/blockquote>\n<p><strong>PONTE NELLE ALPI<\/strong> Ieri poco dopo le 8, i Vigili del Fuoco, sono intervenuti in localit\u00e0 Cadola a Ponte nelle Alpi poco prima dell\u2019ingresso dell\u2019autostrada per un\u2019auto finita rovesciata: ferita una donna. I pompieri arrivati da Belluno, hanno messo in sicurezza l\u2019auto, mentre la donna venuta fuori dal mezzo aiutata da alcuni passanti \u00e8 stata presa in cura dal personale sanitario del SUEM e trasferita in ospedale. La Polizia locale ha deviato il traffico ed eseguito i rilievi del sinistro.<\/p>\n\n\t\t\t<style type='text\/css'>\n\t\t\t\t#gallery-1 {\n\t\t\t\t\tmargin: auto;\n\t\t\t\t}\n\t\t\t\t#gallery-1 .gallery-item {\n\t\t\t\t\tfloat: left;\n\t\t\t\t\tmargin-top: 10px;\n\t\t\t\t\ttext-align: center;\n\t\t\t\t\twidth: 33%;\n\t\t\t\t}\n\t\t\t\t#gallery-1 img {\n\t\t\t\t\tborder: 2px solid #cfcfcf;\n\t\t\t\t}\n\t\t\t\t#gallery-1 .gallery-caption {\n\t\t\t\t\tmargin-left: 0;\n\t\t\t\t}\n\t\t\t\t\/* see gallery_shortcode() in wp-includes\/media.php *\/\n\t\t\t<\/style>\n\t\t<div id='gallery-1' class='dt-gallery-container gallery galleryid-257784 gallery-columns-3 gallery-size-thumbnail'><dl class='gallery-item'>\n\t\t\t\t<dt class='gallery-icon landscape'>\n\t\t\t\t\t<a class=\"rollover rollover-zoom dt-pswp-item\" title=\"08730552-ccd8-487f-b7fe-17c952e1779c\" data-dt-img-description=\"\" data-large_image_width=\"1280\" data-large_image_height=\"843\"href='https:\/\/www.radiopiu.net\/wordpress\/wp-content\/uploads\/2022\/02\/08730552-ccd8-487f-b7fe-17c952e1779c.jpg'><img loading=\"lazy\" decoding=\"async\" width=\"150\" height=\"150\" src=\"https:\/\/www.radiopiu.net\/wordpress\/wp-content\/uploads\/2022\/02\/08730552-ccd8-487f-b7fe-17c952e1779c-150x150.jpg\" class=\"attachment-thumbnail size-thumbnail\" alt=\"\" \/><\/a>\n\t\t\t\t<\/dt><\/dl><dl class='gallery-item'>\n\t\t\t\t<dt class='gallery-icon landscape'>\n\t\t\t\t\t<a class=\"rollover rollover-zoom dt-pswp-item\" title=\"64279158-115d-463a-8d96-31045f221d7a\" data-dt-img-description=\"\" data-large_image_width=\"1280\" data-large_image_height=\"960\"href='https:\/\/www.radiopiu.net\/wordpress\/wp-content\/uploads\/2022\/02\/64279158-115d-463a-8d96-31045f221d7a.jpg'><img loading=\"lazy\" decoding=\"async\" width=\"150\" height=\"150\" src=\"https:\/\/www.radiopiu.net\/wordpress\/wp-content\/uploads\/2022\/02\/64279158-115d-463a-8d96-31045f221d7a-150x150.jpg\" class=\"attachment-thumbnail size-thumbnail\" alt=\"\" \/><\/a>\n\t\t\t\t<\/dt><\/dl><dl class='gallery-item'>\n\t\t\t\t<dt class='gallery-icon landscape'>\n\t\t\t\t\t<a class=\"rollover rollover-zoom dt-pswp-item\" title=\"db393f09-14c0-441e-946d-591d0e6d60ca\" data-dt-img-description=\"\" data-large_image_width=\"960\" data-large_image_height=\"708\"href='https:\/\/www.radiopiu.net\/wordpress\/wp-content\/uploads\/2022\/02\/db393f09-14c0-441e-946d-591d0e6d60ca.jpg'><img loading=\"lazy\" decoding=\"async\" width=\"150\" height=\"150\" src=\"https:\/\/www.radiopiu.net\/wordpress\/wp-content\/uploads\/2022\/02\/db393f09-14c0-441e-946d-591d0e6d60ca-150x150.jpg\" class=\"attachment-thumbnail size-thumbnail\" alt=\"\" \/><\/a>\n\t\t\t\t<\/dt><\/dl><br style=\"clear: both\" \/>\n\t\t\t<\/div>\n\n<p>&nbsp;<\/p>\n<hr \/>\n<p><strong>\u00a0<\/strong><\/p>\n<p><strong>AUTO FUORI STRADA FERITO UN 44ENNE\u00a0<\/strong><\/p>\n<p><strong>SANTA GIUSTINA <\/strong>Un altro incidente alla stessa ora si \u00e8 verificato a Sartena nel comune di Santa Giustina nei pressi del bivio per Col Cumano per un\u2019auto Daihatsu finita fuori strada: ferito un uomo di Santa Giustina di 44 anni. I Vigili del Fuoco accorsi da Feltre, hanno messo in sicurezza il mezzo, mentre l\u2019automobilista venuto fuori autonomamente \u00e8 stato preso in cura dal personale sanitario del SUEM e trasferito in pronto soccorso per dei controlli . Sul posto i Carabinieri per i rilievi del sinistro.<\/p>\n<p><strong>LO SCHIANTO PER LA MANCATA PRECEDENZA<\/strong><\/p>\n<p><strong>FELTRE<\/strong> Una mattinata senza fine per i sanitari del 118, Carabinieri e\u00a0 vigili del fuoco. Tre incidenti in poche ore, Dopo i sinistri di Ponte nelle Alpi e Santa Giustina, alle 11.30 in\u00a0 Via Nazionale ad Arsi\u00e8 incidente tra due auto, lievemente ferita la\u00a0 29 enne di Transaqua (Primiero) a bordo della Nissan Micra. I pompieri arrivati da Feltre, hanno messo in sicurezza i mezzi, mentre i feriti sono stati assistiti dal personale del SUEM. Le operazioni di soccorso sono terminate dopo circa un\u2019ora. La causa: una mancata precedenza nell&#8217;abitato di Fastro di Arsi\u00e8. La giovane donna si \u00e8 trovata improvvisamente davanti un Mitsubishi Pajero con alla guida un ventottenne di Seren del Grappa.<\/p>\n\n\t\t\t<style type='text\/css'>\n\t\t\t\t#gallery-2 {\n\t\t\t\t\tmargin: auto;\n\t\t\t\t}\n\t\t\t\t#gallery-2 .gallery-item {\n\t\t\t\t\tfloat: left;\n\t\t\t\t\tmargin-top: 10px;\n\t\t\t\t\ttext-align: center;\n\t\t\t\t\twidth: 50%;\n\t\t\t\t}\n\t\t\t\t#gallery-2 img {\n\t\t\t\t\tborder: 2px solid #cfcfcf;\n\t\t\t\t}\n\t\t\t\t#gallery-2 .gallery-caption {\n\t\t\t\t\tmargin-left: 0;\n\t\t\t\t}\n\t\t\t\t\/* see gallery_shortcode() in wp-includes\/media.php *\/\n\t\t\t<\/style>\n\t\t<div id='gallery-2' class='dt-gallery-container gallery galleryid-257784 gallery-columns-2 gallery-size-medium'><dl class='gallery-item'>\n\t\t\t\t<dt class='gallery-icon landscape'>\n\t\t\t\t\t<a class=\"rollover rollover-zoom dt-pswp-item\" title=\"9785d4de-9c74-43b2-b8bc-70c8dbfa3a1b\" data-dt-img-description=\"\" data-large_image_width=\"960\" data-large_image_height=\"668\"href='https:\/\/www.radiopiu.net\/wordpress\/wp-content\/uploads\/2022\/02\/9785d4de-9c74-43b2-b8bc-70c8dbfa3a1b.jpg'><img loading=\"lazy\" decoding=\"async\" width=\"300\" height=\"209\" src=\"https:\/\/www.radiopiu.net\/wordpress\/wp-content\/uploads\/2022\/02\/9785d4de-9c74-43b2-b8bc-70c8dbfa3a1b-300x209.jpg\" class=\"attachment-medium size-medium\" alt=\"\" srcset=\"https:\/\/www.radiopiu.net\/wordpress\/wp-content\/uploads\/2022\/02\/9785d4de-9c74-43b2-b8bc-70c8dbfa3a1b-300x209.jpg 300w, https:\/\/www.radiopiu.net\/wordpress\/wp-content\/uploads\/2022\/02\/9785d4de-9c74-43b2-b8bc-70c8dbfa3a1b-768x534.jpg 768w, https:\/\/www.radiopiu.net\/wordpress\/wp-content\/uploads\/2022\/02\/9785d4de-9c74-43b2-b8bc-70c8dbfa3a1b.jpg 960w\" sizes=\"auto, (max-width: 300px) 100vw, 300px\" \/><\/a>\n\t\t\t\t<\/dt><\/dl><dl class='gallery-item'>\n\t\t\t\t<dt class='gallery-icon landscape'>\n\t\t\t\t\t<a class=\"rollover rollover-zoom dt-pswp-item\" title=\"b877837f-2f18-4fd2-845f-806854747599\" data-dt-img-description=\"\" data-large_image_width=\"1280\" data-large_image_height=\"843\"href='https:\/\/www.radiopiu.net\/wordpress\/wp-content\/uploads\/2022\/02\/b877837f-2f18-4fd2-845f-806854747599.jpg'><img loading=\"lazy\" decoding=\"async\" width=\"300\" height=\"198\" src=\"https:\/\/www.radiopiu.net\/wordpress\/wp-content\/uploads\/2022\/02\/b877837f-2f18-4fd2-845f-806854747599-300x198.jpg\" class=\"attachment-medium size-medium\" alt=\"\" srcset=\"https:\/\/www.radiopiu.net\/wordpress\/wp-content\/uploads\/2022\/02\/b877837f-2f18-4fd2-845f-806854747599-300x198.jpg 300w, https:\/\/www.radiopiu.net\/wordpress\/wp-content\/uploads\/2022\/02\/b877837f-2f18-4fd2-845f-806854747599-1024x674.jpg 1024w, https:\/\/www.radiopiu.net\/wordpress\/wp-content\/uploads\/2022\/02\/b877837f-2f18-4fd2-845f-806854747599-768x506.jpg 768w, https:\/\/www.radiopiu.net\/wordpress\/wp-content\/uploads\/2022\/02\/b877837f-2f18-4fd2-845f-806854747599.jpg 1280w\" sizes=\"auto, (max-width: 300px) 100vw, 300px\" \/><\/a>\n\t\t\t\t<\/dt><\/dl><br style=\"clear: both\" \/>\n\t\t\t<\/div>\n\n<p>&nbsp;<\/p>\n<hr \/>\n<blockquote>\n<h3>AUTO IN FIAMME, ILLESO CHI ERA AL VOLANTE<\/h3>\n<\/blockquote>\n<p><strong>LENTIAI\u00a0<\/strong> Tre incidenti della strada tra Ponte nelle Alpi e Arsi\u00e8 ed anche l&#8217;incendio di un&#8217;auto, a mezzogiorno\u00a0 lungo la provinciale 1 a\u00a0 a LentiaI,\u00a0 nessuna persona \u00e8 rimasta ferita. L&#8217;uomo al volante\u00a0 della Fiat Y stava percorrendo la strada, quando si \u00e8 accorto che qualcosa non andava, si \u00e8 fermato ed \u00e8 sceso, mentre l\u2019auto prendeva fuoco. I pompieri accorsi da Belluno, hanno spento l\u2019incendio che ha infine divorato l&#8217;intera auto della quale \u00e8 rimasta solo la carcassa. Le cause dell&#8217;incendio\u00a0 di probabile natura elettromeccanica .<\/p>\n\n\t\t\t<style type='text\/css'>\n\t\t\t\t#gallery-3 {\n\t\t\t\t\tmargin: auto;\n\t\t\t\t}\n\t\t\t\t#gallery-3 .gallery-item {\n\t\t\t\t\tfloat: left;\n\t\t\t\t\tmargin-top: 10px;\n\t\t\t\t\ttext-align: center;\n\t\t\t\t\twidth: 25%;\n\t\t\t\t}\n\t\t\t\t#gallery-3 img {\n\t\t\t\t\tborder: 2px solid #cfcfcf;\n\t\t\t\t}\n\t\t\t\t#gallery-3 .gallery-caption {\n\t\t\t\t\tmargin-left: 0;\n\t\t\t\t}\n\t\t\t\t\/* see gallery_shortcode() in wp-includes\/media.php *\/\n\t\t\t<\/style>\n\t\t<div id='gallery-3' class='dt-gallery-container gallery galleryid-257784 gallery-columns-4 gallery-size-thumbnail'><dl class='gallery-item'>\n\t\t\t\t<dt class='gallery-icon landscape'>\n\t\t\t\t\t<a class=\"rollover rollover-zoom dt-pswp-item\" title=\"1b4dbccc-5dbb-4c48-854b-9ea18fcb1180\" data-dt-img-description=\"\" data-large_image_width=\"1025\" data-large_image_height=\"684\"href='https:\/\/www.radiopiu.net\/wordpress\/wp-content\/uploads\/2022\/02\/1b4dbccc-5dbb-4c48-854b-9ea18fcb1180.jpg'><img loading=\"lazy\" decoding=\"async\" width=\"150\" height=\"150\" src=\"https:\/\/www.radiopiu.net\/wordpress\/wp-content\/uploads\/2022\/02\/1b4dbccc-5dbb-4c48-854b-9ea18fcb1180-150x150.jpg\" class=\"attachment-thumbnail size-thumbnail\" alt=\"\" \/><\/a>\n\t\t\t\t<\/dt><\/dl><dl class='gallery-item'>\n\t\t\t\t<dt class='gallery-icon landscape'>\n\t\t\t\t\t<a class=\"rollover rollover-zoom dt-pswp-item\" title=\"ecb58f42-862d-4681-ad26-a3f39b97ca10\" data-dt-img-description=\"\" data-large_image_width=\"1280\" data-large_image_height=\"846\"href='https:\/\/www.radiopiu.net\/wordpress\/wp-content\/uploads\/2022\/02\/ecb58f42-862d-4681-ad26-a3f39b97ca10.jpg'><img loading=\"lazy\" decoding=\"async\" width=\"150\" height=\"150\" src=\"https:\/\/www.radiopiu.net\/wordpress\/wp-content\/uploads\/2022\/02\/ecb58f42-862d-4681-ad26-a3f39b97ca10-150x150.jpg\" class=\"attachment-thumbnail size-thumbnail\" alt=\"\" \/><\/a>\n\t\t\t\t<\/dt><\/dl><dl class='gallery-item'>\n\t\t\t\t<dt class='gallery-icon landscape'>\n\t\t\t\t\t<a class=\"rollover rollover-zoom dt-pswp-item\" title=\"fec2cc3f-5fd5-482d-8b39-850532f240dd\" data-dt-img-description=\"\" data-large_image_width=\"1280\" data-large_image_height=\"846\"href='https:\/\/www.radiopiu.net\/wordpress\/wp-content\/uploads\/2022\/02\/fec2cc3f-5fd5-482d-8b39-850532f240dd.jpg'><img loading=\"lazy\" decoding=\"async\" width=\"150\" height=\"150\" src=\"https:\/\/www.radiopiu.net\/wordpress\/wp-content\/uploads\/2022\/02\/fec2cc3f-5fd5-482d-8b39-850532f240dd-150x150.jpg\" class=\"attachment-thumbnail size-thumbnail\" alt=\"\" \/><\/a>\n\t\t\t\t<\/dt><\/dl><dl class='gallery-item'>\n\t\t\t\t<dt class='gallery-icon landscape'>\n\t\t\t\t\t<a class=\"rollover rollover-zoom dt-pswp-item\" title=\"3bb24ddf-f02a-49b0-b5c6-27bfb8ceab7f\" data-dt-img-description=\"\" data-large_image_width=\"1280\" data-large_image_height=\"885\"href='https:\/\/www.radiopiu.net\/wordpress\/wp-content\/uploads\/2022\/02\/3bb24ddf-f02a-49b0-b5c6-27bfb8ceab7f.jpg'><img loading=\"lazy\" decoding=\"async\" width=\"150\" height=\"150\" src=\"https:\/\/www.radiopiu.net\/wordpress\/wp-content\/uploads\/2022\/02\/3bb24ddf-f02a-49b0-b5c6-27bfb8ceab7f-150x150.jpg\" class=\"attachment-thumbnail size-thumbnail\" alt=\"\" \/><\/a>\n\t\t\t\t<\/dt><\/dl><br style=\"clear: both\" \/>\n\t\t\t<\/div>\n\n<p>&nbsp;<\/p>\n<hr \/>\n<p>&nbsp;<\/p>\n<p>&nbsp;<\/p>\n<blockquote>\n<h2>INCIDENTE IN GALLERIA, STRADA CHIUSA PER\u00a0 ORE<\/h2>\n<\/blockquote>\n<p><strong><img loading=\"lazy\" decoding=\"async\" class=\"alignleft\" src=\"https:\/\/www.radiopiu.net\/wordpress\/wp-content\/uploads\/2022\/02\/Ospitale-1024x602-1.jpg\" width=\"177\" height=\"104\" \/>OSPITALE<\/strong> La strada statale 51 &#8220;di Alemagna&#8221; \u00e8 rimasta chiusa\u00a0 4 ore ieri sera alle 18.30 a causa di un incidente all&#8217;interno della galleria &#8220;Termine&#8221; all\u2019altezza di Ospitale di Cadore. Deviazione sul vecchio tracciato nell&#8217;ora di punta. Nel sinistro, le cui cause sono in corso di accertamento, sono state coinvolte quattro autovetture, nessun ferito grave . Sul posto\u00a0 le squadre Anas, la Polizia Stradale e il servizio sanitario del Suem 118. La carambola \u00e8 stata innescata da un improvviso sbandamento. Galleria chiusa\u00a0 fino alle 22.<\/p>\n<p><strong>\u00a0SAN VITO\u00a0 <\/strong>\u00a0Alle 16 auto sottosopra con un ferito lieve. Incidente spettacolare senza gravi conseguenze. Sul posto vigili del fuoco, forze dell&#8217;ordine e Suem<\/p>\n<p><strong>FORTOGNA\u00a0<\/strong> Alle 15 auto in panne sulla rotonda di e traffico bloccato per un&#8217;ora e mezza fino all&#8217;autostrada.<\/p>\n<p>&nbsp;<\/p>\n<p>&nbsp;<\/p>\n<hr \/>\n<p>&nbsp;<\/p>\n<blockquote><p><em>Dopo una mattinata di incidenti un pomeriggio altrettanto impegnativo per vigili del fuoco, carabinieri, polizia, personale sanitario del Suem, quattro interventi in poche ore tra San Vito, Zopp\u00e8 e Fortogna.<\/em><\/p>\n<h3>ANCORA UN TIR INCASTRATO<\/h3>\n<\/blockquote>\n<p><strong>REDAZIONE<\/strong> Il navigatore galeotto, \u00e8 un&#8217;ipotesi, ma di solito va proprio cosi&#8217;. Anche\u00a0 nel pomeriggio di ieri con il mezzo pesante bloccato e di traverso lungo la strada comunale che da Villanova porta a Dozza\/Zopp\u00e8. Nel tentare una manovra in retromarcia \u00e8 scoppiato anche il pneumatico. Sul posto i vigili del fuoco.<\/p>\n<p><strong>GRAZIE PER LA COLLABORAZIONE A NICOLA CAMPO\u00a0<\/strong><\/p>\n\n\t\t\t<style type='text\/css'>\n\t\t\t\t#gallery-4 {\n\t\t\t\t\tmargin: auto;\n\t\t\t\t}\n\t\t\t\t#gallery-4 .gallery-item {\n\t\t\t\t\tfloat: left;\n\t\t\t\t\tmargin-top: 10px;\n\t\t\t\t\ttext-align: center;\n\t\t\t\t\twidth: 20%;\n\t\t\t\t}\n\t\t\t\t#gallery-4 img {\n\t\t\t\t\tborder: 2px solid #cfcfcf;\n\t\t\t\t}\n\t\t\t\t#gallery-4 .gallery-caption {\n\t\t\t\t\tmargin-left: 0;\n\t\t\t\t}\n\t\t\t\t\/* see gallery_shortcode() in wp-includes\/media.php *\/\n\t\t\t<\/style>\n\t\t<div id='gallery-4' class='dt-gallery-container gallery galleryid-257784 gallery-columns-5 gallery-size-thumbnail'><dl class='gallery-item'>\n\t\t\t\t<dt class='gallery-icon portrait'>\n\t\t\t\t\t<a class=\"rollover rollover-zoom dt-pswp-item\" title=\"272367587_610477100049617_5983073893342202142_n\" data-dt-img-description=\"\" data-large_image_width=\"280\" data-large_image_height=\"373\"href='https:\/\/www.radiopiu.net\/wordpress\/wp-content\/uploads\/2022\/02\/272367587_610477100049617_5983073893342202142_n.jpg'><img loading=\"lazy\" decoding=\"async\" width=\"150\" height=\"150\" src=\"https:\/\/www.radiopiu.net\/wordpress\/wp-content\/uploads\/2022\/02\/272367587_610477100049617_5983073893342202142_n-150x150.jpg\" class=\"attachment-thumbnail size-thumbnail\" alt=\"\" \/><\/a>\n\t\t\t\t<\/dt><\/dl><dl class='gallery-item'>\n\t\t\t\t<dt class='gallery-icon portrait'>\n\t\t\t\t\t<a class=\"rollover rollover-zoom dt-pswp-item\" title=\"272651219_7042014372506851_4057536327235685968_n\" data-dt-img-description=\"\" data-large_image_width=\"280\" data-large_image_height=\"373\"href='https:\/\/www.radiopiu.net\/wordpress\/wp-content\/uploads\/2022\/02\/272651219_7042014372506851_4057536327235685968_n.jpg'><img loading=\"lazy\" decoding=\"async\" width=\"150\" height=\"150\" src=\"https:\/\/www.radiopiu.net\/wordpress\/wp-content\/uploads\/2022\/02\/272651219_7042014372506851_4057536327235685968_n-150x150.jpg\" class=\"attachment-thumbnail size-thumbnail\" alt=\"\" \/><\/a>\n\t\t\t\t<\/dt><\/dl><dl class='gallery-item'>\n\t\t\t\t<dt class='gallery-icon portrait'>\n\t\t\t\t\t<a class=\"rollover rollover-zoom dt-pswp-item\" title=\"272385875_1568214883544105_3514335706248172468_n\" data-dt-img-description=\"\" data-large_image_width=\"280\" data-large_image_height=\"373\"href='https:\/\/www.radiopiu.net\/wordpress\/wp-content\/uploads\/2022\/02\/272385875_1568214883544105_3514335706248172468_n.jpg'><img loading=\"lazy\" decoding=\"async\" width=\"150\" height=\"150\" src=\"https:\/\/www.radiopiu.net\/wordpress\/wp-content\/uploads\/2022\/02\/272385875_1568214883544105_3514335706248172468_n-150x150.jpg\" class=\"attachment-thumbnail size-thumbnail\" alt=\"\" \/><\/a>\n\t\t\t\t<\/dt><\/dl><dl class='gallery-item'>\n\t\t\t\t<dt class='gallery-icon portrait'>\n\t\t\t\t\t<a class=\"rollover rollover-zoom dt-pswp-item\" title=\"272365478_446348270560685_5860334149286021240_n\" data-dt-img-description=\"\" data-large_image_width=\"280\" data-large_image_height=\"373\"href='https:\/\/www.radiopiu.net\/wordpress\/wp-content\/uploads\/2022\/02\/272365478_446348270560685_5860334149286021240_n.jpg'><img loading=\"lazy\" decoding=\"async\" width=\"150\" height=\"150\" src=\"https:\/\/www.radiopiu.net\/wordpress\/wp-content\/uploads\/2022\/02\/272365478_446348270560685_5860334149286021240_n-150x150.jpg\" class=\"attachment-thumbnail size-thumbnail\" alt=\"\" \/><\/a>\n\t\t\t\t<\/dt><\/dl><dl class='gallery-item'>\n\t\t\t\t<dt class='gallery-icon portrait'>\n\t\t\t\t\t<a class=\"rollover rollover-zoom dt-pswp-item\" title=\"258881026_360559245567560_6591223485995485956_n\" data-dt-img-description=\"\" data-large_image_width=\"280\" data-large_image_height=\"373\"href='https:\/\/www.radiopiu.net\/wordpress\/wp-content\/uploads\/2022\/02\/258881026_360559245567560_6591223485995485956_n.jpg'><img loading=\"lazy\" decoding=\"async\" width=\"150\" height=\"150\" src=\"https:\/\/www.radiopiu.net\/wordpress\/wp-content\/uploads\/2022\/02\/258881026_360559245567560_6591223485995485956_n-150x150.jpg\" class=\"attachment-thumbnail size-thumbnail\" alt=\"\" \/><\/a>\n\t\t\t\t<\/dt><\/dl><br style=\"clear: both\" \/><dl class='gallery-item'>\n\t\t\t\t<dt class='gallery-icon portrait'>\n\t\t\t\t\t<a class=\"rollover rollover-zoom dt-pswp-item\" title=\"272411144_313349857402722_544938637614752486_n\" data-dt-img-description=\"\" data-large_image_width=\"280\" data-large_image_height=\"373\"href='https:\/\/www.radiopiu.net\/wordpress\/wp-content\/uploads\/2022\/02\/272411144_313349857402722_544938637614752486_n.jpg'><img loading=\"lazy\" decoding=\"async\" width=\"150\" height=\"150\" src=\"https:\/\/www.radiopiu.net\/wordpress\/wp-content\/uploads\/2022\/02\/272411144_313349857402722_544938637614752486_n-150x150.jpg\" class=\"attachment-thumbnail size-thumbnail\" alt=\"\" \/><\/a>\n\t\t\t\t<\/dt><\/dl><dl class='gallery-item'>\n\t\t\t\t<dt class='gallery-icon portrait'>\n\t\t\t\t\t<a class=\"rollover rollover-zoom dt-pswp-item\" title=\"272412041_2211920812318944_1938261463989799895_n\" data-dt-img-description=\"\" data-large_image_width=\"280\" data-large_image_height=\"373\"href='https:\/\/www.radiopiu.net\/wordpress\/wp-content\/uploads\/2022\/02\/272412041_2211920812318944_1938261463989799895_n.jpg'><img loading=\"lazy\" decoding=\"async\" width=\"150\" height=\"150\" src=\"https:\/\/www.radiopiu.net\/wordpress\/wp-content\/uploads\/2022\/02\/272412041_2211920812318944_1938261463989799895_n-150x150.jpg\" class=\"attachment-thumbnail size-thumbnail\" alt=\"\" \/><\/a>\n\t\t\t\t<\/dt><\/dl><dl class='gallery-item'>\n\t\t\t\t<dt class='gallery-icon portrait'>\n\t\t\t\t\t<a class=\"rollover rollover-zoom dt-pswp-item\" title=\"272367585_311370604369610_4776276985790378359_n\" data-dt-img-description=\"\" data-large_image_width=\"280\" data-large_image_height=\"498\"href='https:\/\/www.radiopiu.net\/wordpress\/wp-content\/uploads\/2022\/02\/272367585_311370604369610_4776276985790378359_n.jpg'><img loading=\"lazy\" decoding=\"async\" width=\"150\" height=\"150\" src=\"https:\/\/www.radiopiu.net\/wordpress\/wp-content\/uploads\/2022\/02\/272367585_311370604369610_4776276985790378359_n-150x150.jpg\" class=\"attachment-thumbnail size-thumbnail\" alt=\"\" \/><\/a>\n\t\t\t\t<\/dt><\/dl><dl class='gallery-item'>\n\t\t\t\t<dt class='gallery-icon portrait'>\n\t\t\t\t\t<a class=\"rollover rollover-zoom dt-pswp-item\" title=\"272839169_651880832682556_1197101051719374886_n\" data-dt-img-description=\"\" data-large_image_width=\"280\" data-large_image_height=\"373\"href='https:\/\/www.radiopiu.net\/wordpress\/wp-content\/uploads\/2022\/02\/272839169_651880832682556_1197101051719374886_n.jpg'><img loading=\"lazy\" decoding=\"async\" width=\"150\" height=\"150\" src=\"https:\/\/www.radiopiu.net\/wordpress\/wp-content\/uploads\/2022\/02\/272839169_651880832682556_1197101051719374886_n-150x150.jpg\" class=\"attachment-thumbnail size-thumbnail\" alt=\"\" \/><\/a>\n\t\t\t\t<\/dt><\/dl><dl class='gallery-item'>\n\t\t\t\t<dt class='gallery-icon landscape'>\n\t\t\t\t\t<a class=\"rollover rollover-zoom dt-pswp-item\" title=\"272411151_802265884501724_2794977685822282280_n\" data-dt-img-description=\"\" data-large_image_width=\"373\" data-large_image_height=\"280\"href='https:\/\/www.radiopiu.net\/wordpress\/wp-content\/uploads\/2022\/02\/272411151_802265884501724_2794977685822282280_n.jpg'><img loading=\"lazy\" decoding=\"async\" width=\"150\" height=\"150\" src=\"https:\/\/www.radiopiu.net\/wordpress\/wp-content\/uploads\/2022\/02\/272411151_802265884501724_2794977685822282280_n-150x150.jpg\" class=\"attachment-thumbnail size-thumbnail\" alt=\"\" \/><\/a>\n\t\t\t\t<\/dt><\/dl><br style=\"clear: both\" \/>\n\t\t\t<\/div>\n\n<p>&nbsp;<\/p>\n<p><strong><span style=\"color: #0000ff;\">LA CURIOSITA&#8217;.<\/span><\/strong><\/p>\n<p><span data-offset-key=\"egn2d-1-0\">\u00a0LA FOTO A E&#8217; DI IERI, COME RIPORTIAMO SOPRA (foto viabilita&#8217; provincia Belluno su Telegram), LA FOTO B RISALE AL 20 AGOSTO 2020 (foto giudicarie.com) DICE BENE VALTER, <em>Gli autisti di questa azienda hanno una predilezione per le strade strette&#8221;<\/em><\/span><\/p>\n<p>&nbsp;<\/p>\n\n\t\t\t<style type='text\/css'>\n\t\t\t\t#gallery-5 {\n\t\t\t\t\tmargin: auto;\n\t\t\t\t}\n\t\t\t\t#gallery-5 .gallery-item {\n\t\t\t\t\tfloat: left;\n\t\t\t\t\tmargin-top: 10px;\n\t\t\t\t\ttext-align: center;\n\t\t\t\t\twidth: 50%;\n\t\t\t\t}\n\t\t\t\t#gallery-5 img {\n\t\t\t\t\tborder: 2px solid #cfcfcf;\n\t\t\t\t}\n\t\t\t\t#gallery-5 .gallery-caption {\n\t\t\t\t\tmargin-left: 0;\n\t\t\t\t}\n\t\t\t\t\/* see gallery_shortcode() in wp-includes\/media.php *\/\n\t\t\t<\/style>\n\t\t<div id='gallery-5' class='dt-gallery-container gallery galleryid-257784 gallery-columns-2 gallery-size-thumbnail'><dl class='gallery-item'>\n\t\t\t\t<dt class='gallery-icon portrait'>\n\t\t\t\t\t<a class=\"rollover rollover-zoom dt-pswp-item\" title=\"293437c2-e69c-4c0e-8e83-8de5164b13a9\" data-dt-img-description=\"\" data-large_image_width=\"600\" data-large_image_height=\"800\"href='https:\/\/www.radiopiu.net\/wordpress\/wp-content\/uploads\/2022\/02\/293437c2-e69c-4c0e-8e83-8de5164b13a9.jpg'><img loading=\"lazy\" decoding=\"async\" width=\"150\" height=\"150\" src=\"https:\/\/www.radiopiu.net\/wordpress\/wp-content\/uploads\/2022\/02\/293437c2-e69c-4c0e-8e83-8de5164b13a9-150x150.jpg\" class=\"attachment-thumbnail size-thumbnail\" alt=\"\" aria-describedby=\"gallery-5-257974\" \/><\/a>\n\t\t\t\t<\/dt>\n\t\t\t\t\t<dd class='wp-caption-text gallery-caption' id='gallery-5-257974'>\n\t\t\t\t\tOGGI DOZZA ZOPPE\n\t\t\t\t\t<\/dd><\/dl><dl class='gallery-item'>\n\t\t\t\t<dt class='gallery-icon portrait'>\n\t\t\t\t\t<a class=\"rollover rollover-zoom dt-pswp-item\" title=\"bus-ragoli-2\" data-dt-img-description=\"\" data-large_image_width=\"700\" data-large_image_height=\"839\"href='https:\/\/www.radiopiu.net\/wordpress\/wp-content\/uploads\/2022\/02\/bus-ragoli-2-1.jpg'><img loading=\"lazy\" decoding=\"async\" width=\"150\" height=\"150\" src=\"https:\/\/www.radiopiu.net\/wordpress\/wp-content\/uploads\/2022\/02\/bus-ragoli-2-1-150x150.jpg\" class=\"attachment-thumbnail size-thumbnail\" alt=\"\" aria-describedby=\"gallery-5-257994\" \/><\/a>\n\t\t\t\t<\/dt>\n\t\t\t\t\t<dd class='wp-caption-text gallery-caption' id='gallery-5-257994'>\n\t\t\t\t\t2020 A PRIOREAutoarticolato bloccato su strada comunale. Vigili del Fuoco di Preore: \u201cIl conducente \u00e8 stato ingannato dal navigatore satellitare\u201d\n\t\t\t\t\t<\/dd><\/dl><br style=\"clear: both\" \/>\n\t\t\t<\/div>\n\n<p><span data-offset-key=\"egn2d-1-0\"><em>\u00a0\u00a0<\/em><\/span><\/p>\n<hr \/>\n<p>&nbsp;<\/p>\n<blockquote>\n<h3><a href=\"https:\/\/www.radiopiu.net\/wordpress\/giornale-radiopiu-05-febbraio-2022-direttore-mirko-mezzacasa\/th-311\/\" rel=\"attachment wp-att-258039\"><img loading=\"lazy\" decoding=\"async\" class=\" wp-image-258039 alignleft\" src=\"https:\/\/www.radiopiu.net\/wordpress\/wp-content\/uploads\/2022\/02\/th-2.jpg\" alt=\"\" width=\"165\" height=\"112\" \/><\/a>ANZIANO SOCCORSO IN PIAZZA DEL TIZIANO<\/h3>\n<\/blockquote>\n<p><strong>PIEVE DI CADORE<\/strong> Un 83enne di Valle di Cadore ieri mattian \u00e8 caduto in \u00a0piazza Tiziano, inciampando sullo scalino. L&#8217;uomo \u00e8 stato soccorso da un passante. Pochi minuti dopo \u00e8 arrivata l&#8217;ambulanza del Suem, con il medico e due infermieri a bordo; i sanitari, verificate le condizioni dell&#8217;uomo, hanno provveduto a stabilizzarne le condizioni e ad applicarli un massaggiatore meccanico che ha poi proseguito la sua opera fino a che l&#8217;ambulanza non \u00e8 arrivata al pronto soccorso dell&#8217;ospedale di Pieve.<\/p>\n<p>&nbsp;<\/p>\n<p>&nbsp;<\/p>\n<hr \/>\n<p>&nbsp;<\/p>\n<div class=\"page-title-head hgroup\">\n<blockquote>\n<h3 class=\"entry-title\">dillo a Radio Pi\u00f9. LE GARE NELLA GALLERIA DEI CASTEI, SORPASSI AZZARDATI ALLE 19 DI SERA<\/h3>\n<\/blockquote>\n<\/div>\n<p><strong><a href=\"https:\/\/www.radiopiu.net\/wordpress\/come-previsto-lo-dicevamo-da-tre-giorni-ma-nessuno-si-e-preoccupato-di-buttare-il-salvagente-al-turismo\/0a907c9a-652f-40d3-936b-831cb1166792\/\" rel=\"attachment wp-att-145612\"><img loading=\"lazy\" decoding=\"async\" class=\"size-medium wp-image-145612 alignleft\" src=\"https:\/\/www.radiopiu.net\/wordpress\/wp-content\/uploads\/2020\/06\/0a907c9a-652f-40d3-936b-831cb1166792-150x300.jpg\" alt=\"\" width=\"150\" height=\"300\" srcset=\"https:\/\/www.radiopiu.net\/wordpress\/wp-content\/uploads\/2020\/06\/0a907c9a-652f-40d3-936b-831cb1166792-150x300.jpg 150w, https:\/\/www.radiopiu.net\/wordpress\/wp-content\/uploads\/2020\/06\/0a907c9a-652f-40d3-936b-831cb1166792-512x1024.jpg 512w, https:\/\/www.radiopiu.net\/wordpress\/wp-content\/uploads\/2020\/06\/0a907c9a-652f-40d3-936b-831cb1166792.jpg 720w\" sizes=\"auto, (max-width: 150px) 100vw, 150px\" \/><\/a>REDAZIONE<\/strong> Non hanno fine le storie sulle folli velocit\u00e0 lungo la regionale 203 agordina tra l&#8217;autovelox a Le Campe e quello di La Muda, o tra la Muda e Candaten, ma anche 100 metri oltre l&#8217;autovelox\u00a0 del rettilineo dei cervi fino al mas. Spesso documentiamo con immagini forniteci da automobilisti dotati di telecamera i sorpassi a raso. Oggi lo facciamo con una testimonianza che ha quasi dell&#8217;incredibile, di Ilenia.<\/p>\n<p>&nbsp;<\/p>\n<blockquote><p><em>&#8220;Alle 19 di\u00a0 sera stavo salendo da Belluno con mio figlio di 16 anni quando all&#8217;interno della galleria dei Castei un grosso pick up nero marca Dodge con un carico di legna nel cassone mi\u00a0 ha sorpassato,\u00a0 me e altre 3 auto l&#8217;una di seguito all&#8217;altra. Appena il tempo di realizzare ed ecco il secondo a bordo di un&#8217;auto bianca che sorpassa allo stesso modo. Viaggiavo ai 70 orari, credo che chi mi ha sorpassato fosse ben oltre i 180 al punto che ha creato vortici d&#8217;aria che hanno destabilizzato la mia auto,\u00a0 piu del vento dell&#8217;altra sera. I due in sorpasso si sono presi anche la briga di suonare il clacson. Di tutto questo a me e mio figlio mi rimane addosso la paura perch\u00e9 un sorpasso non riuscito ijn galleria porta alla distruzione di famiglie. Io mi miei figli vorrei vederli crescere, non piangerli per la fretta di qualcun&#8217;altro.\u00a0 Mi rivolgo ai due del sorpasso, dovreste almeno degnarvi di chiedere scusa a mio figlio\u00a0<\/em><\/p><\/blockquote>\n<p><em>\u00a0\u00a0<\/em><\/p>\n<p>&nbsp;<\/p>\n<p>&nbsp;<\/p>\n<p>&nbsp;<\/p>\n<p>&nbsp;<\/p>\n<hr \/>\n<p>&nbsp;<\/p>\n<blockquote>\n<h3>ABBAIA DALLA GOLA PROFONDA, RECUPERATO DAL SOCCORSO ALPINO<\/h3>\n<\/blockquote>\n<p><strong><img loading=\"lazy\" decoding=\"async\" class=\"alignleft\" src=\"https:\/\/www.radiopiu.net\/wordpress\/wp-content\/uploads\/2021\/09\/salt_20210925_194232_070.jpg\" width=\"183\" height=\"137\" \/>ALANO DI PIAVE<\/strong>\u00a0 \u00a0Ieri alle 13.40 la Centrale del Suem ha allertato il Soccorso alpino della Pedemontana del Grappa, a seguito della chiamata del proprietario di un cane, finito in una buca nella neve profonda 5-6 metri sulla cresta di confine tra Treviso e Belluno. La bestiola, un pastore del Lagorai, stava camminando con un altro cane a fianco di una coppia, sul bordo del Sentiero Cai n. 156, l&#8217;Alta via numero 6 degli eroi, quando la neve aveva ceduto, facendolo sprofondare. Sul posto \u00e8 intervenuto l&#8217;elicottero dei Vigili del fuoco decollato da Tessera, che ha sbarcato due vigili, per poi scendere a Fietta a imbarcare due soccorritori per eventuale supporto nelle operazioni, mentre sopraggiungeva anche una squadra del Soccorso speleologico. Il cane \u00e8 stato recuperato e riconsegnato al proprietario. (foto archivio)<\/p>\n<p>&nbsp;<\/p>\n<p>&nbsp;<\/p>\n<p>&nbsp;<\/p>\n<hr \/>\n<p>&nbsp;<\/p>\n<blockquote>\n<h3>IL COMITATO &#8220;JU LE MAN DA NOSTA TIERA&#8221; SCRIVE A ZAIA DOPO L&#8217;ANNUNCIO DEI COLLEGAMENTI DEGLI IMPIANTI CON ALLEGHE E ARABBA<\/h3>\n<\/blockquote>\n<p><strong>dal Corriere delle Alpi, Gianni Santomaso<\/strong><\/p>\n<audio class=\"wp-audio-shortcode\" id=\"audio-257784-2\" preload=\"none\" style=\"width: 100%;\" controls=\"controls\"><source type=\"audio\/mpeg\" src=\"https:\/\/www.radiopiu.net\/wordpress\/wp-content\/uploads\/2022\/02\/gianni-giu-le-mani.mp3?_=2\" \/><a href=\"https:\/\/www.radiopiu.net\/wordpress\/wp-content\/uploads\/2022\/02\/gianni-giu-le-mani.mp3\">https:\/\/www.radiopiu.net\/wordpress\/wp-content\/uploads\/2022\/02\/gianni-giu-le-mani.mp3<\/a><\/audio>\n<p>&nbsp;<\/p>\n<p>&nbsp;<\/p>\n<p><strong><a href=\"https:\/\/www.radiopiu.net\/wordpress\/giornale-radiopiu-31-01-2018-direttore-mirko-mezzacasa\/funifor_arabba_porta_vescovo\/\" rel=\"attachment wp-att-42607\"><img loading=\"lazy\" decoding=\"async\" class=\"size-medium wp-image-42607 alignleft\" src=\"https:\/\/www.radiopiu.net\/wordpress\/wp-content\/uploads\/2018\/01\/Funifor_Arabba_Porta_Vescovo-300x200.jpg\" alt=\"\" width=\"300\" height=\"200\" srcset=\"https:\/\/www.radiopiu.net\/wordpress\/wp-content\/uploads\/2018\/01\/Funifor_Arabba_Porta_Vescovo-300x200.jpg 300w, https:\/\/www.radiopiu.net\/wordpress\/wp-content\/uploads\/2018\/01\/Funifor_Arabba_Porta_Vescovo-768x513.jpg 768w, https:\/\/www.radiopiu.net\/wordpress\/wp-content\/uploads\/2018\/01\/Funifor_Arabba_Porta_Vescovo-1024x684.jpg 1024w, https:\/\/www.radiopiu.net\/wordpress\/wp-content\/uploads\/2018\/01\/Funifor_Arabba_Porta_Vescovo.jpg 1200w\" sizes=\"auto, (max-width: 300px) 100vw, 300px\" \/><\/a>LIVINALLONGO\u00a0<\/strong>Dopo l&#8217;annuncio del Presidente del Veneto Luca Zaia che la regione lascier\u00e0 in dote anche i collegamenti sciistici con Alleghe e Arabba in occasione delle Olimpiadi di Milano-Cortina 2026, il comitato &#8220;Ju Le M\u00e0n Da Nostra Tiera&#8221; scrive una lettera al governatore del Veneto.<\/p>\n<p><strong>LA LETTERA<\/strong><\/p>\n<div class=\"page\" title=\"Page 1\">\n<div class=\"layoutArea\">\n<div class=\"column\">\n<blockquote><p><em>Presidente Zaia, proprio in questi ultimi due giorni si sono viste le prime immagini provenienti da Pechino, sede olimpica, dove da qualche ora sono iniziate le prime competizioni e il nostro pensiero e\u0300 andato a Lei. Si vedono chilometri di piste in una zona in cui negli ultimi anni la precipitazione media annua &#8211; cosi\u0300 scrive un quotidiano \u2013 va dai 5 ai 20 cm. Naturalmente le gare si devono fare, le piste devono essere costruite, gli impianti anche e da questa situazione qualcuno ne ha tratto vantaggio; ad esempio, fra i tanti, anche una rinomata azienda italiana. Fra 4 anni le competizioni si svolgeranno in Italia, per l\u2019Olimpiade che fa della SOSTENIBILITA\u2019 una pietra miliare. I giorni scorsi, snocciolando ai microfoni i milioni di Euro che saranno distribuiti di qua e di la\u0300, Lei ha detto che al territorio resteranno in dote varie strutture, fra cui i famosi collegamenti intervallivi (Cortina-Civetta e Cortina -Arabba) che daranno origine ad un comprensorio che sara\u0300 il doppio del Sellaronda. Ha fatto commissionare dalla Direzione Infrastrutture e Trasporti uno studio di fattibilita\u0300 di tali collegamenti per una cifra totale di \u20ac 71.560.32 (Bur n. 3 del 07.01.2022), ma, sentendo le sue parole, ci chiediamo come mai abbia voluto spendere i soldi del contribuente se ha gia\u0300 deciso che i collegamenti si faranno (?!). Siamo sicuri che questi collegamenti saranno una dote e non un pesante fardello, frutto di una scelta illogica, irrazionale, anacronistica, antieconomica e antiecologica? Presidente, La invitiamo a fare un sopralluogo qui a Livinallongo, insieme alla popolazione locale, nei luoghi incontaminati, atti ad essere vissuti e gestiti in maniera alternativa e veramente sostenibile, dove sono previsti questi fantomatici collegamenti; solo cosi\u0300 potra\u0300 rendersi conto di persona, visto che sulla carta e\u0300 un po\u2019 piu\u0300 difficoltoso, quanto il Suo progetto abbia fondamenta molto labili e pericolanti. Certi che questo nostro invito cadra\u0300 nel vuoto, salutiamo cordialmente.<\/em><\/p><\/blockquote>\n<div class=\"page\" title=\"Page 1\">\n<div class=\"layoutArea\">\n<div class=\"column\">\n<blockquote><p><strong><em>Il Comitato \u201cJu le ma\u0301n da nosta tiera\u201d<\/em><\/strong><\/p><\/blockquote>\n<h3><span style=\"color: #ff0000;\"><strong>DAL SITO DI RADIO PIU&#8217;<\/strong><\/span><\/h3>\n<blockquote>\n<h3>ZAIA &#8220;LASCEREMO IN DOTE ANCHE I COLLEGAMENTI CON ALLEGHE E ARABBA&#8221;<\/h3>\n<\/blockquote>\n<blockquote><p><em>&#8220;Avremo il doppio del percorso del Sella Ronda&#8221;<\/em><\/p><\/blockquote>\n<p><strong><img loading=\"lazy\" decoding=\"async\" class=\"alignleft\" src=\"https:\/\/www.radiopiu.net\/wordpress\/wp-content\/uploads\/2020\/10\/ARABBA-FUNIVIE.jpg\" width=\"208\" height=\"85\" \/>VENEZIA<\/strong> Durante la conferenza stampa odierna il Presidente della Regione Luca Zaia ha presentato un lungo elenco della spesa con accanto le cifre, sono i milioni di euro che saranno spesi per l&#8217;evento Olimpico 2026. <em>&#8220;Ma lasceremo opere importanti come il villaggio Olimpico, o i collegamenti sciistici&#8221;<\/em> ha detto Zaia <em>&#8220;I soldi stanziati per Belluno saranno sufficienti per saturare tutte le istanze presentate&#8221;\u00a0<\/em><\/p>\n<p><strong>AUDIO, CONFERENZA STAMPA 31 01.2022<\/strong><\/p>\n<audio class=\"wp-audio-shortcode\" id=\"audio-257784-3\" preload=\"none\" style=\"width: 100%;\" controls=\"controls\"><source type=\"audio\/mpeg\" src=\"https:\/\/www.radiopiu.net\/wordpress\/wp-content\/uploads\/2022\/02\/zaia.mp3?_=3\" \/><a href=\"https:\/\/www.radiopiu.net\/wordpress\/wp-content\/uploads\/2022\/02\/zaia.mp3\">https:\/\/www.radiopiu.net\/wordpress\/wp-content\/uploads\/2022\/02\/zaia.mp3<\/a><\/audio>\n<p>&nbsp;<\/p>\n<h3><span style=\"color: #ff0000;\"><strong>DALL&#8217;ARCHIVIO DI RADIO PIU&#8217;<\/strong><\/span><\/h3>\n<blockquote class=\"wp-embedded-content\" data-secret=\"UQ55YMUC9r\"><p><a href=\"https:\/\/www.radiopiu.net\/wordpress\/giu-le-mani-dalla-nostra-terra-no-a-nuovi-impianti-lincontro\/\">GIU&#8217; LE MANI DALLA NOSTRA TERRA: NO A NUOVI IMPIANTI. L&#8217;INCONTRO<\/a><\/p><\/blockquote>\n<p><iframe loading=\"lazy\" class=\"wp-embedded-content\" sandbox=\"allow-scripts\" security=\"restricted\" style=\"position: absolute; clip: rect(1px, 1px, 1px, 1px);\" title=\"&#8220;GIU&#8217; LE MANI DALLA NOSTRA TERRA: NO A NUOVI IMPIANTI. L&#8217;INCONTRO&#8221; &#8212; Radio Pi\u00f9\" src=\"https:\/\/www.radiopiu.net\/wordpress\/giu-le-mani-dalla-nostra-terra-no-a-nuovi-impianti-lincontro\/embed\/#?secret=UQ55YMUC9r\" data-secret=\"UQ55YMUC9r\" width=\"600\" height=\"338\" frameborder=\"0\" marginwidth=\"0\" marginheight=\"0\" scrolling=\"no\"><\/iframe><\/p>\n<p>&nbsp;<\/p>\n<p>&nbsp;<\/p>\n<hr \/>\n<p>&nbsp;<\/p>\n<p>&nbsp;<\/p>\n<blockquote>\n<h3>L&#8217;IMPEGNO DEI VOLONTARI PER LA BIBLIOTECA DI SOSPIROLO<\/h3>\n<\/blockquote>\n<p><strong><a href=\"https:\/\/www.radiopiu.net\/wordpress\/giornale-radiopiu-05-febbraio-2022-direttore-mirko-mezzacasa\/th-310\/\" rel=\"attachment wp-att-258034\"><img loading=\"lazy\" decoding=\"async\" class=\"wp-image-258034 alignleft\" src=\"https:\/\/www.radiopiu.net\/wordpress\/wp-content\/uploads\/2022\/02\/th-1.jpg\" alt=\"\" width=\"170\" height=\"139\" \/><\/a><\/strong><\/p>\n<p>&nbsp;<\/p>\n<p>SOSPIROLO<\/p>\n<p><strong>di DAMIANO TORMEN\u00a0\u00a0<\/strong><\/p>\n<p>&nbsp;<\/p>\n<audio class=\"wp-audio-shortcode\" id=\"audio-257784-4\" preload=\"none\" style=\"width: 100%;\" controls=\"controls\"><source type=\"audio\/mpeg\" src=\"https:\/\/www.radiopiu.net\/wordpress\/wp-content\/uploads\/2022\/02\/damiano-1.mp3?_=4\" \/><a href=\"https:\/\/www.radiopiu.net\/wordpress\/wp-content\/uploads\/2022\/02\/damiano-1.mp3\">https:\/\/www.radiopiu.net\/wordpress\/wp-content\/uploads\/2022\/02\/damiano-1.mp3<\/a><\/audio>\n<p>&nbsp;<\/p>\n<p>&nbsp;<\/p>\n<hr \/>\n<p>&nbsp;<\/p>\n<p><span style=\"color: #ff0000;\"><strong>INIZIATIVE SVILITE<\/strong><\/span><\/p>\n<blockquote>\n<h3>VETROFANIE FANTASMA, ADDAMIANO &#8220;NON MI ASPETTAVO GLI APPLAUSI DELLA SINISTRA, MA UN GRAZIE, PER EDUCAZIONE&#8230;&#8221;<\/h3>\n<\/blockquote>\n<p>&nbsp;<\/p>\n<p><strong><a href=\"https:\/\/www.radiopiu.net\/wordpress\/solidarieta-al-cinquantenne-aggredito-addamiano-dobbiamo-risalire-agli-autori-di-questi-gravi-fatti\/addamiano-4\/\" rel=\"attachment wp-att-250847\"><img loading=\"lazy\" decoding=\"async\" class=\"wp-image-250847 alignleft\" src=\"https:\/\/www.radiopiu.net\/wordpress\/wp-content\/uploads\/2021\/12\/ADDAMIANO-300x242.png\" alt=\"\" width=\"181\" height=\"146\" srcset=\"https:\/\/www.radiopiu.net\/wordpress\/wp-content\/uploads\/2021\/12\/ADDAMIANO-300x242.png 300w, https:\/\/www.radiopiu.net\/wordpress\/wp-content\/uploads\/2021\/12\/ADDAMIANO-1024x827.png 1024w, https:\/\/www.radiopiu.net\/wordpress\/wp-content\/uploads\/2021\/12\/ADDAMIANO-768x621.png 768w, https:\/\/www.radiopiu.net\/wordpress\/wp-content\/uploads\/2021\/12\/ADDAMIANO.png 1406w\" sizes=\"auto, (max-width: 181px) 100vw, 181px\" \/><\/a>REDAZIONE<\/strong> Il consigliere comunale Raffaele Addamiano da ottobre chiede di abbellire le vetrine dei negozi sfitti di Belluno. In assenza di risposte si auto tassa, procura le vetrofanie e le consegna in Municipio. Il Presidente Francesco Rasera Berna risponde a stretto giro di posta chiedendo si seguano canali istituzionali, quali? Lo abbiamo chiesto al consigliere Addamiano.<\/p>\n<p>&nbsp;<\/p>\n<p><strong>RAFFAELE ADDAMIANO, DAL GIORNALE RADIO DELLE 16.30\u00a0<\/strong><\/p>\n<p>&nbsp;<\/p>\n<audio class=\"wp-audio-shortcode\" id=\"audio-257784-5\" preload=\"none\" style=\"width: 100%;\" controls=\"controls\"><source type=\"audio\/mpeg\" src=\"https:\/\/www.radiopiu.net\/wordpress\/wp-content\/uploads\/2022\/02\/raffa.mp3?_=5\" \/><a href=\"https:\/\/www.radiopiu.net\/wordpress\/wp-content\/uploads\/2022\/02\/raffa.mp3\">https:\/\/www.radiopiu.net\/wordpress\/wp-content\/uploads\/2022\/02\/raffa.mp3<\/a><\/audio>\n<h3><\/h3>\n<h3><span style=\"color: #ff0000;\"><strong>IERI ALLA RADIO\u00a0<\/strong><\/span><\/h3>\n<blockquote>\n<h3>RASERA BERNA SALE IN CATTEDRA &#8220;CARO ADDAMIANO SEGUA LA PROCEDURA&#8221;<\/h3>\n<h3><em>omnia tempus habent<\/em><\/h3>\n<\/blockquote>\n<p><strong><a href=\"https:\/\/www.radiopiu.net\/wordpress\/vetblad1a\/image-220\/\" rel=\"attachment wp-att-257726\"><img loading=\"lazy\" decoding=\"async\" class=\"wp-image-257726 alignleft\" src=\"https:\/\/www.radiopiu.net\/wordpress\/wp-content\/uploads\/2022\/02\/image-211x300.jpg\" alt=\"\" width=\"120\" height=\"171\" srcset=\"https:\/\/www.radiopiu.net\/wordpress\/wp-content\/uploads\/2022\/02\/image-211x300.jpg 211w, https:\/\/www.radiopiu.net\/wordpress\/wp-content\/uploads\/2022\/02\/image.jpg 225w\" sizes=\"auto, (max-width: 120px) 100vw, 120px\" \/><\/a>BELLUNO<\/strong> Il consigliere Raffaele Addamiano dopo una prima mozione priva di risposta ha messo mano al portafogli producendo per conto proprio le vetrofanie per abbellire il centro o meglio le vetrine dei negozi sfitti. Diversamente da ottobre ora la risposta \u00e8 immediata, poche ore dopo l&#8217;annuncio che ha trovato vasta eco sugli organi di informazione, radio, web, televisioni e giornali. Infatti il Presidente del Consiglio Comunale Francesco Rasera Berna riscontra e risponde: <em>&#8220;Non competono al sottoscritto e all&#8217;ufficio organi collegiali le eventuali iniziative operative conseguenti, tuttavia ritengo utile segnalarle che la semplice azione di lasciare degli oggetti presso un ufficio comunale necessita dell&#8217;opportuna veste giuridica&#8221;. Sempre rivolgendosi al noto avvocato bellunese Berna insiste &#8220;Nella lettera di parla di donazione, sarebbe utile seguire la semplice procedura (ma sempre di procedura si tratta) per l&#8217;effettuazione di donazioni di beni di modico valore, come gi\u00e0 fatto recentemente da altri consiglieri donando la panchina per il piazzale Toni Hiebeler&#8221;<\/em><\/p>\n<p>&nbsp;<\/p>\n<p>&nbsp;<\/p>\n<p>&nbsp;<\/p>\n<p>&nbsp;<\/p>\n<hr \/>\n<p>&nbsp;<\/p>\n<p>&nbsp;<\/p>\n<p><span style=\"color: #ff0000;\"><strong><a href=\"https:\/\/www.radiopiu.net\/wordpress\/omaggi-a-feltre-dallalto\/5b19eb24-8039-457a-a39e-36dab105b590\/\" rel=\"attachment wp-att-145790\"><img loading=\"lazy\" decoding=\"async\" class=\"size-medium wp-image-145790 alignleft\" src=\"https:\/\/www.radiopiu.net\/wordpress\/wp-content\/uploads\/2020\/06\/5b19eb24-8039-457a-a39e-36dab105b590-300x225.jpg\" alt=\"\" width=\"300\" height=\"225\" srcset=\"https:\/\/www.radiopiu.net\/wordpress\/wp-content\/uploads\/2020\/06\/5b19eb24-8039-457a-a39e-36dab105b590-300x225.jpg 300w, https:\/\/www.radiopiu.net\/wordpress\/wp-content\/uploads\/2020\/06\/5b19eb24-8039-457a-a39e-36dab105b590-768x576.jpg 768w, https:\/\/www.radiopiu.net\/wordpress\/wp-content\/uploads\/2020\/06\/5b19eb24-8039-457a-a39e-36dab105b590.jpg 960w\" sizes=\"auto, (max-width: 300px) 100vw, 300px\" \/><\/a>ELEZIONI A FELTRE <\/strong><\/span><\/p>\n<blockquote>\n<h3>LA LEGA NON HA FATTO ANCORA NESSUN SCELTA<\/h3>\n<\/blockquote>\n<p><strong>FELTRE<\/strong>\u00a0<em>\u201cIl tavolo \u00e8 aperto, stiamo ragionando su diverse candidature, non abbiamo ancora fatto una scelta\u201d<\/em>, parola del commissario provinciale della Lega Franco Gidoni dopo l&#8217;uscita del nome di Simonetta Turrin come candidata del centrodestra per le amministrative di Feltre. Quello della professoressa del Negrelli \u00e8 uno dei nomi su cui il tavolo di lavoro si sta confrontando, ma non \u00e8 l&#8217;unico. <em>\u201cIl dialogo sta proseguendo anche in questi giorni con le forze politiche e tutti i candidati \u2013 spiega Gidoni -, compreso quello della Lega. Al momento siamo in una fase interlocutoria e non \u00e8 emerso un nome in particolare, d&#8217;altra parte non c&#8217;\u00e8 ancora una data per le votazioni, si presuppone siano a fine maggio ma lo scorso anno, ci ricordiamo, sono slittate a ottobre. Non appena ci saranno novit\u00e0 le comunicheremo\u201d.<\/em><\/p>\n<p>&nbsp;<\/p>\n<p>&nbsp;<\/p>\n<p>&nbsp;<\/p>\n<hr \/>\n<p>&nbsp;<\/p>\n<blockquote>\n<h3>DUE NUOVI PARCHEGGI E DUE PONTI DA ALLARGARE, ZUANEL &#8220;NECESSITA&#8217; NON PIU&#8217; PROCASTINABILI&#8221;<\/h3>\n<\/blockquote>\n<p><strong>LA VALLE<\/strong><\/p>\n<p><strong>DI GIANNI SANTOMASO<\/strong><\/p>\n<audio class=\"wp-audio-shortcode\" id=\"audio-257784-6\" preload=\"none\" style=\"width: 100%;\" controls=\"controls\"><source type=\"audio\/mpeg\" src=\"https:\/\/www.radiopiu.net\/wordpress\/wp-content\/uploads\/2022\/02\/gianni-la-valle.mp3?_=6\" \/><a href=\"https:\/\/www.radiopiu.net\/wordpress\/wp-content\/uploads\/2022\/02\/gianni-la-valle.mp3\">https:\/\/www.radiopiu.net\/wordpress\/wp-content\/uploads\/2022\/02\/gianni-la-valle.mp3<\/a><\/audio>\n\n\t\t\t<style type='text\/css'>\n\t\t\t\t#gallery-6 {\n\t\t\t\t\tmargin: auto;\n\t\t\t\t}\n\t\t\t\t#gallery-6 .gallery-item {\n\t\t\t\t\tfloat: left;\n\t\t\t\t\tmargin-top: 10px;\n\t\t\t\t\ttext-align: center;\n\t\t\t\t\twidth: 50%;\n\t\t\t\t}\n\t\t\t\t#gallery-6 img {\n\t\t\t\t\tborder: 2px solid #cfcfcf;\n\t\t\t\t}\n\t\t\t\t#gallery-6 .gallery-caption {\n\t\t\t\t\tmargin-left: 0;\n\t\t\t\t}\n\t\t\t\t\/* see gallery_shortcode() in wp-includes\/media.php *\/\n\t\t\t<\/style>\n\t\t<div id='gallery-6' class='dt-gallery-container gallery galleryid-257784 gallery-columns-2 gallery-size-thumbnail'><dl class='gallery-item'>\n\t\t\t\t<dt class='gallery-icon landscape'>\n\t\t\t\t\t<a class=\"rollover rollover-zoom dt-pswp-item\" title=\"image\" data-dt-img-description=\"\" data-large_image_width=\"960\" data-large_image_height=\"540\"href='https:\/\/www.radiopiu.net\/wordpress\/wp-content\/uploads\/2022\/02\/image.webp'><img loading=\"lazy\" decoding=\"async\" width=\"150\" height=\"150\" src=\"https:\/\/www.radiopiu.net\/wordpress\/wp-content\/uploads\/2022\/02\/image-150x150.webp\" class=\"attachment-thumbnail size-thumbnail\" alt=\"\" aria-describedby=\"gallery-6-257968\" \/><\/a>\n\t\t\t\t<\/dt>\n\t\t\t\t\t<dd class='wp-caption-text gallery-caption' id='gallery-6-257968'>\n\t\t\t\t\tLA VALLE\n\t\t\t\t\t<\/dd><\/dl><dl class='gallery-item'>\n\t\t\t\t<dt class='gallery-icon landscape'>\n\t\t\t\t\t<a class=\"rollover rollover-zoom dt-pswp-item\" title=\"27ef9605-07de-4203-b838-b6b36aa02893\" data-dt-img-description=\"\" data-large_image_width=\"1600\" data-large_image_height=\"1198\"href='https:\/\/www.radiopiu.net\/wordpress\/wp-content\/uploads\/2022\/02\/27ef9605-07de-4203-b838-b6b36aa02893.jpg'><img loading=\"lazy\" decoding=\"async\" width=\"150\" height=\"150\" src=\"https:\/\/www.radiopiu.net\/wordpress\/wp-content\/uploads\/2022\/02\/27ef9605-07de-4203-b838-b6b36aa02893-150x150.jpg\" class=\"attachment-thumbnail size-thumbnail\" alt=\"\" aria-describedby=\"gallery-6-257967\" \/><\/a>\n\t\t\t\t<\/dt>\n\t\t\t\t\t<dd class='wp-caption-text gallery-caption' id='gallery-6-257967'>\n\t\t\t\t\tPONTE DEL FELICE \n\t\t\t\t\t<\/dd><\/dl><br style=\"clear: both\" \/>\n\t\t\t<\/div>\n\n<p>&nbsp;<\/p>\n<p>&nbsp;<\/p>\n<hr \/>\n<blockquote>\n<h3><\/h3>\n<h3>MOBILITA&#8217; INTERVALLIVA A NORD, IL TAVOLO CONFERMA LE PRIORITA&#8217;<\/h3>\n<\/blockquote>\n<p><strong><a href=\"https:\/\/www.radiopiu.net\/wordpress\/giornale-radiopiu-05-febbraio-2022-direttore-mirko-mezzacasa\/road-4730553__340\/\" rel=\"attachment wp-att-257917\"><img loading=\"lazy\" decoding=\"async\" class=\" wp-image-257917 alignleft\" src=\"https:\/\/www.radiopiu.net\/wordpress\/wp-content\/uploads\/2022\/02\/road-4730553__340-300x200.jpg\" alt=\"\" width=\"294\" height=\"196\" srcset=\"https:\/\/www.radiopiu.net\/wordpress\/wp-content\/uploads\/2022\/02\/road-4730553__340-300x200.jpg 300w, https:\/\/www.radiopiu.net\/wordpress\/wp-content\/uploads\/2022\/02\/road-4730553__340.jpg 510w\" sizes=\"auto, (max-width: 294px) 100vw, 294px\" \/><\/a>BELLUNO <\/strong>Contrastare l\u2019isolamento cronico del Bellunese con nuove infrastrutture materiali e immateriali, anche energetiche, accelerando su una mobilit\u00e0 intervalliva pi\u00f9 efficiente e sullo sbocco a nord. \u00c8 tornato a riunirsi il tavolo delle infrastrutture della Provincia di Belluno, confermando le priorit\u00e0 per il territorio dolomitico. <em>\u201cOggi pi\u00f9 che mai serve fare fronte comune e dire che le categorie economiche e i sindacati bellunesi sono allineati nel chiedere di uscire, una volta per tutte, dal gap infrastrutturale che attanaglia il territorio\u00a0 &#8211; affermano i componenti del Tavolo guidati da\u00a0 Vittorio Zollet\u00a0 &#8211; rispetto al passato, ci sono opportunit\u00e0 concrete di finanziamento, dai fondi straordinari per le Olimpiadi alle progettazioni del Pnrr, piano che deve vederci protagonisti come territorio. Per frenare lo spopolamento e rendere pi\u00f9 competitive le nostre aziende, l\u2019unica strada da percorrere \u00e8 quella di nuove infrastrutture sostenibili, siano esse viarie, tecnologiche o energetiche\u201d. <\/em>Oltre a migliorare e rendere pi\u00f9 sicura la mobilit\u00e0 tra le valli, dallo Zoldano al Feltrino, \u00e8 stata confermata la necessit\u00e0 di uno sbocco a nord per collegare il Bellunese direttamente con il cuore dell\u2019Europa. Nell\u2019immediato, i componenti del Tavolo chiedono ad Anas e a tutti i livelli istituzionali di scongiurare la chiusura della galleria del Comelico. <em>\u201cNon si pu\u00f2 isolare un intero comprensorio dall\u2019oggi al domani senza una valida alternativa, sia viaria che in termini di compensazione per famiglie e imprese\u201d <\/em>\u00a0concludono tutti i componenti del Tavolo.<\/p>\n<p>&nbsp;<\/p>\n<p>&nbsp;<\/p>\n<hr \/>\n<blockquote><p>&nbsp;<\/p>\n<h3>CONFARTIGIANATO SCRIVE AL PREFETTO SULLA QUESTIONE BONUS EDILIZI E RIQUALIFICAZIONE ENERGETICA<\/h3>\n<\/blockquote>\n<p><strong><a href=\"https:\/\/www.radiopiu.net\/wordpress\/giornale-radiopiu-05-febbraio-2022-direttore-mirko-mezzacasa\/tool-2222458__340\/\" rel=\"attachment wp-att-257918\"><img loading=\"lazy\" decoding=\"async\" class=\" wp-image-257918 alignleft\" src=\"https:\/\/www.radiopiu.net\/wordpress\/wp-content\/uploads\/2022\/02\/tool-2222458__340-300x200.webp\" alt=\"\" width=\"249\" height=\"166\" srcset=\"https:\/\/www.radiopiu.net\/wordpress\/wp-content\/uploads\/2022\/02\/tool-2222458__340-300x200.webp 300w, https:\/\/www.radiopiu.net\/wordpress\/wp-content\/uploads\/2022\/02\/tool-2222458__340.webp 510w\" sizes=\"auto, (max-width: 249px) 100vw, 249px\" \/><\/a>\u00a0BELLUNO<\/strong>\u00a0 Il comparto delle costruzioni \u00e8 in subbuglio per le ultime novit\u00e0 in materia di bonus edilizi.\u00a0 Confartigianato Belluno ha scritto al Prefetto Mariano Savastano, per esprimere la forte preoccupazione dell\u2019artigianato e per proporre \u201cI dieci motivi per correggere l\u2019articolo 28 del Decreto\u201d.\u00a0 La richiesta al Prefetto, a farsi carico di trasmettere agli organi centrali il forte disagio delle imprese, <em>\u00abaffinch\u00e9, una volta per tutte, venga stabilizzato in modo chiaro il quadro normativo di riferimento, nell\u2019interesse dei cittadini e degli operatori economici. \u00c8 auspicabile che le norme in questione vengano rapidamente riviste e modificate per consentire la piena ripresa delle attivit\u00e0, ora di fatto sospese per l\u2019incertezza che ne \u00e8 scaturita. Le norme, pur mantenendo adeguati pres\u00ecdi di controllo sulla \u201cbont\u00e0\u201d dei soggetti che operano nell\u2019ambito della cessione dei crediti, devono consentire un numero adeguato di transazioni fra coloro che partecipano alla filiera dell\u2019intervento e, in ogni caso, ammettere sempre la possibilit\u00e0 di cessioni nei confronti di intermediari finanziari iscritti ai relativi albi\u00bb.\u00a0\u00a0<\/em><\/p>\n<p>&nbsp;<\/p>\n<p>&nbsp;<\/p>\n<hr \/>\n<p>&nbsp;<\/p>\n<blockquote>\n<h3>COVID A SCUOLA: FORTE DECREMENTO DELLE CLASSI IN SORVEGLIANZA<\/h3>\n<h3><em>Totale dei soggetti in carico al team scuola dell&#8217;Ulss1: 3510 \u2981 scuola dell\u2019infanzia 970 \u2981 primarie 1750 \u2981 secondarie di I\u00b0 grado 450 (+390 in auto monitoraggio) \u2981 secondarie di II\u00b0 grado 340 (+900 in <img loading=\"lazy\" decoding=\"async\" class=\"alignleft\" src=\"https:\/\/www.radiopiu.net\/wordpress\/wp-content\/uploads\/2022\/02\/classroom-2093743__340.webp\" width=\"263\" height=\"188\" \/>auto monitoraggio)<\/em><\/h3>\n<\/blockquote>\n<p><strong>BELLUNO<\/strong> S&#8217;incurvano le curve, verso il basso, tanto dei postiivi che delle persone che sono costrette a ricorrere all&#8217;area medica dell&#8217;ospedale o peggio alla terapia intensiva. In forte decremento anche i dati riferiti agli studenti bellunesi che frequentano i vari plessi scolastici:\u00a0 &#8211; 65) classi in sorveglianza scolastica rispetto alla precedente settimana.\u00a0 Decremento di classi appartenenti a tutti i gradi di istituto, in particolar modo delle classi della scuola dell\u2019infanzia (- 13) e delle scuole primarie con un solo positivo (-28). Aumento delle classi in quarantena rispetto a quelle in monitoraggio per la fascia delle classi di scuole primarie, legato ai casi secondari emersi dai tamponi di monitoraggio in tale contesto. Le classi sono localizzate in modo egualmente diffuso nella provincia.<br \/>\n<span style=\"color: #ff0000;\"><strong>LA SITUAZIONE<\/strong><\/span> Asili e infanzie 0 monitoraggio, 54 in quarantena; primarie 33 in monitoraggio 65 in quarantena; secondaria di primo grado 22 in auto monitoraggio 25 in quarantena; secondaria di secondo grado 50 in auto monitoraggio 19 in quarantena; Totale: 105 classi in monitoraggio, 163 in quarantena.<\/p>\n<p>&nbsp;<\/p>\n<p>&nbsp;<\/p>\n<hr \/>\n<p>&nbsp;<\/p>\n<p>&nbsp;<\/p>\n<blockquote>\n<h3><a href=\"https:\/\/www.radiopiu.net\/wordpress\/nas-in-farmacia-a-voltago-a-falcade-limpresa-batte-cassa\/e7789de6-9229-4266-93fd-77f8e161f9a1\/\" rel=\"attachment wp-att-257273\"><img loading=\"lazy\" decoding=\"async\" class=\"wp-image-257273 alignleft\" src=\"https:\/\/www.radiopiu.net\/wordpress\/wp-content\/uploads\/2022\/02\/e7789de6-9229-4266-93fd-77f8e161f9a1-300x176.jpg\" alt=\"\" width=\"194\" height=\"114\" srcset=\"https:\/\/www.radiopiu.net\/wordpress\/wp-content\/uploads\/2022\/02\/e7789de6-9229-4266-93fd-77f8e161f9a1-300x176.jpg 300w, https:\/\/www.radiopiu.net\/wordpress\/wp-content\/uploads\/2022\/02\/e7789de6-9229-4266-93fd-77f8e161f9a1.jpg 604w\" sizes=\"auto, (max-width: 194px) 100vw, 194px\" \/><\/a>COVID NELL&#8217;AGORDINO, AGGIORNAMENTO CONTINUO.<\/h3>\n<\/blockquote>\n<p><strong>COLLE SANTA LUCIA<\/strong> 11 POSITIVI (-3), <strong>CANALE D&#8217;AGORDO<\/strong> 15 POSITIVI (&#8216;), <strong>ROCCA PIETORE<\/strong> 8\u00a0 (-8), <strong>LIVINALLONGO<\/strong> 20 POSITIVI (-8) <strong>ALLEGHE<\/strong> 22 POSITIVI (-5)\u00a0 <strong>VOLTAGO<\/strong> 19POSITIVI (-3)\u00a0 <strong>GOSALDO<\/strong> 16 POSITIVI (+7) <strong>SAN TOMASO<\/strong> 9\u00a0 (0)<strong> AGORDO<\/strong> 100\u00a0 (-3) <strong>LA VALLE<\/strong> 22 (-4) <strong>FALCADE<\/strong> 31 <strong>CENCENIGHE<\/strong> 30 <strong>TAIBON<\/strong> 38<\/p>\n<p>&nbsp;<\/p>\n<p>&nbsp;<\/p>\n<blockquote class=\"wp-embedded-content\" data-secret=\"XAioEXL6iV\"><p><a href=\"https:\/\/www.radiopiu.net\/wordpress\/aggiornamentonaz202202feb34\/\">CORONAVIRUS: AGGIORNAMENTO NAZIONALE 04 FEBBRAIO 2022<\/a><\/p><\/blockquote>\n<p><iframe loading=\"lazy\" class=\"wp-embedded-content\" sandbox=\"allow-scripts\" security=\"restricted\" style=\"position: absolute; clip: rect(1px, 1px, 1px, 1px);\" title=\"&#8220;CORONAVIRUS: AGGIORNAMENTO NAZIONALE 04 FEBBRAIO 2022&#8221; &#8212; Radio Pi\u00f9\" src=\"https:\/\/www.radiopiu.net\/wordpress\/aggiornamentonaz202202feb34\/embed\/#?secret=XAioEXL6iV\" data-secret=\"XAioEXL6iV\" width=\"600\" height=\"338\" frameborder=\"0\" marginwidth=\"0\" marginheight=\"0\" scrolling=\"no\"><\/iframe><\/p>\n<p>&nbsp;<\/p>\n<blockquote class=\"wp-embedded-content\" data-secret=\"afRXZCSIja\"><p><a href=\"https:\/\/www.radiopiu.net\/wordpress\/calano-i-ricoveri-46-decessi-e-10484-nuove-positivita-in-veneto-nelle-ultime-24-ore\/\">CALANO I RICOVERI, 46 DECESSI E 10484 NUOVE POSITIVITA&#8217; IN VENETO NELLE ULTIME 24 ORE<\/a><\/p><\/blockquote>\n<p><iframe loading=\"lazy\" class=\"wp-embedded-content\" sandbox=\"allow-scripts\" security=\"restricted\" style=\"position: absolute; clip: rect(1px, 1px, 1px, 1px);\" title=\"&#8220;CALANO I RICOVERI, 46 DECESSI E 10484 NUOVE POSITIVITA&#8217; IN VENETO NELLE ULTIME 24 ORE&#8221; &#8212; Radio Pi\u00f9\" src=\"https:\/\/www.radiopiu.net\/wordpress\/calano-i-ricoveri-46-decessi-e-10484-nuove-positivita-in-veneto-nelle-ultime-24-ore\/embed\/#?secret=afRXZCSIja\" data-secret=\"afRXZCSIja\" width=\"600\" height=\"338\" frameborder=\"0\" marginwidth=\"0\" marginheight=\"0\" scrolling=\"no\"><\/iframe><\/p>\n<p>&nbsp;<\/p>\n<\/div>\n<\/div>\n<\/div>\n<\/div>\n<\/div>\n<\/div>\n<h2>I GRAFICI DI TIZIANO DE COL<\/h2>\n\n\t\t\t<style type='text\/css'>\n\t\t\t\t#gallery-7 {\n\t\t\t\t\tmargin: auto;\n\t\t\t\t}\n\t\t\t\t#gallery-7 .gallery-item {\n\t\t\t\t\tfloat: left;\n\t\t\t\t\tmargin-top: 10px;\n\t\t\t\t\ttext-align: center;\n\t\t\t\t\twidth: 33%;\n\t\t\t\t}\n\t\t\t\t#gallery-7 img {\n\t\t\t\t\tborder: 2px solid #cfcfcf;\n\t\t\t\t}\n\t\t\t\t#gallery-7 .gallery-caption {\n\t\t\t\t\tmargin-left: 0;\n\t\t\t\t}\n\t\t\t\t\/* see gallery_shortcode() in wp-includes\/media.php *\/\n\t\t\t<\/style>\n\t\t<div id='gallery-7' class='dt-gallery-container gallery galleryid-257784 gallery-columns-3 gallery-size-thumbnail'><dl class='gallery-item'>\n\t\t\t\t<dt class='gallery-icon landscape'>\n\t\t\t\t\t<a class=\"rollover rollover-zoom dt-pswp-item\" title=\"961845c2-e815-421b-87e4-5c5ac930f792\" data-dt-img-description=\"\" data-large_image_width=\"589\" data-large_image_height=\"360\"href='https:\/\/www.radiopiu.net\/wordpress\/wp-content\/uploads\/2022\/02\/961845c2-e815-421b-87e4-5c5ac930f792.jpg'><img loading=\"lazy\" decoding=\"async\" width=\"150\" height=\"150\" src=\"https:\/\/www.radiopiu.net\/wordpress\/wp-content\/uploads\/2022\/02\/961845c2-e815-421b-87e4-5c5ac930f792-150x150.jpg\" class=\"attachment-thumbnail size-thumbnail\" alt=\"\" \/><\/a>\n\t\t\t\t<\/dt><\/dl><dl class='gallery-item'>\n\t\t\t\t<dt class='gallery-icon landscape'>\n\t\t\t\t\t<a class=\"rollover rollover-zoom dt-pswp-item\" title=\"11d6da9e-0261-4f1c-84d2-8c4e47692e22\" data-dt-img-description=\"\" data-large_image_width=\"587\" data-large_image_height=\"364\"href='https:\/\/www.radiopiu.net\/wordpress\/wp-content\/uploads\/2022\/02\/11d6da9e-0261-4f1c-84d2-8c4e47692e22.jpg'><img loading=\"lazy\" decoding=\"async\" width=\"150\" height=\"150\" src=\"https:\/\/www.radiopiu.net\/wordpress\/wp-content\/uploads\/2022\/02\/11d6da9e-0261-4f1c-84d2-8c4e47692e22-150x150.jpg\" class=\"attachment-thumbnail size-thumbnail\" alt=\"\" \/><\/a>\n\t\t\t\t<\/dt><\/dl><dl class='gallery-item'>\n\t\t\t\t<dt class='gallery-icon landscape'>\n\t\t\t\t\t<a class=\"rollover rollover-zoom dt-pswp-item\" title=\"28ec25af-10bc-42a2-a8a0-0889a1d5651a\" data-dt-img-description=\"\" data-large_image_width=\"602\" data-large_image_height=\"347\"href='https:\/\/www.radiopiu.net\/wordpress\/wp-content\/uploads\/2022\/02\/28ec25af-10bc-42a2-a8a0-0889a1d5651a.jpg'><img loading=\"lazy\" decoding=\"async\" width=\"150\" height=\"150\" src=\"https:\/\/www.radiopiu.net\/wordpress\/wp-content\/uploads\/2022\/02\/28ec25af-10bc-42a2-a8a0-0889a1d5651a-150x150.jpg\" class=\"attachment-thumbnail size-thumbnail\" alt=\"\" \/><\/a>\n\t\t\t\t<\/dt><\/dl><br style=\"clear: both\" \/><dl class='gallery-item'>\n\t\t\t\t<dt class='gallery-icon landscape'>\n\t\t\t\t\t<a class=\"rollover rollover-zoom dt-pswp-item\" title=\"a19c875c-914e-4173-927b-ac3908c71c63\" data-dt-img-description=\"\" data-large_image_width=\"604\" data-large_image_height=\"366\"href='https:\/\/www.radiopiu.net\/wordpress\/wp-content\/uploads\/2022\/02\/a19c875c-914e-4173-927b-ac3908c71c63.jpg'><img loading=\"lazy\" decoding=\"async\" width=\"150\" height=\"150\" src=\"https:\/\/www.radiopiu.net\/wordpress\/wp-content\/uploads\/2022\/02\/a19c875c-914e-4173-927b-ac3908c71c63-150x150.jpg\" class=\"attachment-thumbnail size-thumbnail\" alt=\"\" \/><\/a>\n\t\t\t\t<\/dt><\/dl><dl class='gallery-item'>\n\t\t\t\t<dt class='gallery-icon landscape'>\n\t\t\t\t\t<a class=\"rollover rollover-zoom dt-pswp-item\" title=\"aace0df2-fe52-477f-a79d-397d6424be43\" data-dt-img-description=\"\" data-large_image_width=\"606\" data-large_image_height=\"361\"href='https:\/\/www.radiopiu.net\/wordpress\/wp-content\/uploads\/2022\/02\/aace0df2-fe52-477f-a79d-397d6424be43.jpg'><img loading=\"lazy\" decoding=\"async\" width=\"150\" height=\"150\" src=\"https:\/\/www.radiopiu.net\/wordpress\/wp-content\/uploads\/2022\/02\/aace0df2-fe52-477f-a79d-397d6424be43-150x150.jpg\" class=\"attachment-thumbnail size-thumbnail\" alt=\"\" \/><\/a>\n\t\t\t\t<\/dt><\/dl><dl class='gallery-item'>\n\t\t\t\t<dt class='gallery-icon landscape'>\n\t\t\t\t\t<a class=\"rollover rollover-zoom dt-pswp-item\" title=\"2911ad85-8f16-4512-b6fc-034889cd4ea3\" data-dt-img-description=\"\" data-large_image_width=\"610\" data-large_image_height=\"356\"href='https:\/\/www.radiopiu.net\/wordpress\/wp-content\/uploads\/2022\/02\/2911ad85-8f16-4512-b6fc-034889cd4ea3.jpg'><img loading=\"lazy\" decoding=\"async\" width=\"150\" height=\"150\" src=\"https:\/\/www.radiopiu.net\/wordpress\/wp-content\/uploads\/2022\/02\/2911ad85-8f16-4512-b6fc-034889cd4ea3-150x150.jpg\" class=\"attachment-thumbnail size-thumbnail\" alt=\"\" \/><\/a>\n\t\t\t\t<\/dt><\/dl><br style=\"clear: both\" \/>\n\t\t\t<\/div>\n\n<p>&nbsp;<\/p>\n<hr \/>\n<p>&nbsp;<\/p>\n<blockquote>\n<h3>PNRR E SANIT\u00c0. INVESTIMENTI SULLA RETE TERRITORIALE: 99 \u201cCASE DELLA COMUNITA&#8217;\u201d E 30 \u201cOSPEDALI DI COMUNITA&#8217;\u201d<\/h3>\n<\/blockquote>\n<p><strong><a href=\"https:\/\/www.radiopiu.net\/wordpress\/conferenza-sui-servizi-sanitari-il-commento-di-jacopo-massaro\/sanita-2\/\" rel=\"attachment wp-att-51292\"><img loading=\"lazy\" decoding=\"async\" class=\"size-medium wp-image-51292 alignleft\" src=\"https:\/\/www.radiopiu.net\/wordpress\/wp-content\/uploads\/2018\/06\/sanita-300x188.jpg\" alt=\"\" width=\"300\" height=\"188\" srcset=\"https:\/\/www.radiopiu.net\/wordpress\/wp-content\/uploads\/2018\/06\/sanita-300x188.jpg 300w, https:\/\/www.radiopiu.net\/wordpress\/wp-content\/uploads\/2018\/06\/sanita-768x482.jpg 768w, https:\/\/www.radiopiu.net\/wordpress\/wp-content\/uploads\/2018\/06\/sanita-1024x642.jpg 1024w, https:\/\/www.radiopiu.net\/wordpress\/wp-content\/uploads\/2018\/06\/sanita.jpg 1280w\" sizes=\"auto, (max-width: 300px) 100vw, 300px\" \/><\/a>VENEZIA <\/strong>La sanit\u00e0 territoriale si potenzia, con quel connubio tra Sanit\u00e0 e Sociale che \u00e8 risultato essere la carta vincente per una presa in carico a 360 gradi delle persone e dei nuclei familiari. Il Veneto si doter\u00e0 di 99 \u201cCase della Comunit\u00e0\u201d e di 30 \u201cOspedali di Comunit\u00e0\u201d diffusi sui territori di tutte le aziende sociosanitarie della Regione, che andranno ad implementare in modo sostanziale la dotazione gi\u00e0 esistenti. La Giunta regionale del Veneto, su proposta dell\u2019assessore alla Sanit\u00e0 e alle Politiche sociali, Manuela Lanzarin, ha approvato l\u2019individuazione delle sedi delle strutture. La progettualit\u00e0 delle \u201cCase della Comunit\u00e0\u201d e degli \u201cOspedali di Comunit\u00e0\u201d in coerenza con le indicazioni del PNRR sono state esaminate dalla CRITE (Commissione Regionale per gli Investimenti in Tecnologia ed Edilizia) che ha espresso parere favorevole nella seduta dello scorso 14 gennaio. Per quanto riguarda la provincia di Belluno, le &#8220;case della comunit\u00e0&#8221; sono state individuate presso gli ospedali di Agordo, Belluno, Feltre e Pieve di Cadore. Gli &#8220;ospedali di comunit\u00e0&#8221; invece ad Auronzo di Cadore, Agordo e Feltre.<\/p>\n<p><strong>L&#8217;ELENCO DELLE STRUTTURE INDIVIDUATE DALLA REGIONE<\/strong><\/p>\n<a href=\"https:\/\/www.radiopiu.net\/wordpress\/wp-content\/uploads\/2022\/02\/284-2022-2022_72.pdf\" class=\"pdfemb-viewer\" style=\"\" data-width=\"max\" data-height=\"max\" data-toolbar=\"top\" data-toolbar-fixed=\"on\">284-2022 2022_72<\/a>\n<p>&nbsp;<\/p>\n<p>&nbsp;<\/p>\n<hr \/>\n<p>&nbsp;<\/p>\n<blockquote>\n<h3>TURISMO NEI COMUNI DELL&#8217;UNIONE MONTANA FELTRINA: DAI DATI DELLA TASSA DI SOGGIORNO 2021 UNA SITUAZIONE IN NETTA RIPRESA<\/h3>\n<\/blockquote>\n<p><strong><a href=\"https:\/\/www.radiopiu.net\/wordpress\/belluno-la-citta-del-nulla-di-fatto-da-tiziano-alla-pallavolo\/972ec435-fa04-49e8-bf1e-048263cab367\/\" rel=\"attachment wp-att-226219\"><img loading=\"lazy\" decoding=\"async\" class=\"size-medium wp-image-226219 alignleft\" src=\"https:\/\/www.radiopiu.net\/wordpress\/wp-content\/uploads\/2021\/08\/972ec435-fa04-49e8-bf1e-048263cab367-300x200.jpg\" alt=\"\" width=\"300\" height=\"200\" srcset=\"https:\/\/www.radiopiu.net\/wordpress\/wp-content\/uploads\/2021\/08\/972ec435-fa04-49e8-bf1e-048263cab367-300x200.jpg 300w, https:\/\/www.radiopiu.net\/wordpress\/wp-content\/uploads\/2021\/08\/972ec435-fa04-49e8-bf1e-048263cab367-768x513.jpg 768w, https:\/\/www.radiopiu.net\/wordpress\/wp-content\/uploads\/2021\/08\/972ec435-fa04-49e8-bf1e-048263cab367.jpg 1024w\" sizes=\"auto, (max-width: 300px) 100vw, 300px\" \/><\/a>FELTRE<\/strong> Il peggio, per il turismo feltrino, sembra essere alle spalle. A certificarlo sono i dati sulle presenze relative all\u2019anno che si \u00e8 concluso da poco e quelli relativi agli introiti generati dalla tassa di soggiorno. Lo \u00a0sottolinea l\u2019assessore al turismo dell\u2019Unione Montana Feltrina Dario Scopel. L\u2019analisi dei numeri pi\u00f9 nel dettaglio evidenzia che per il comprensorio feltrino il periodo pi\u00f9 fruttuoso \u00e8 stato l\u2019estate, ma ottime indicazioni arrivano anche dal primo scorcio dell\u2019inverno e dal periodo prenatalizio. Le aree trainanti per i pernottamenti si confermano quelle dei Comuni di Feltre e di Arsi\u00e8.<\/p>\n<p><strong>DARIO SCOPEL, ASSESSORE AL TURISMO DELL&#8217;UNIONE MONTANA FELTRINA<\/strong><\/p>\n<audio class=\"wp-audio-shortcode\" id=\"audio-257784-7\" preload=\"none\" style=\"width: 100%;\" controls=\"controls\"><source type=\"audio\/mpeg\" src=\"https:\/\/www.radiopiu.net\/wordpress\/wp-content\/uploads\/2022\/02\/SCOPEL-TASSA-SOGGIORNO.mp3?_=7\" \/><a href=\"https:\/\/www.radiopiu.net\/wordpress\/wp-content\/uploads\/2022\/02\/SCOPEL-TASSA-SOGGIORNO.mp3\">https:\/\/www.radiopiu.net\/wordpress\/wp-content\/uploads\/2022\/02\/SCOPEL-TASSA-SOGGIORNO.mp3<\/a><\/audio>\n<p>&nbsp;<\/p>\n<p>&nbsp;<\/p>\n<hr \/>\n<p>&nbsp;<\/p>\n<blockquote>\n<h3>L&#8217;ASSEMBLEA GENERALE DI CITTA&#8217; ALPINA A BELLUNO DAL 17 AL 19 MARZO<\/h3>\n<\/blockquote>\n<p><strong><a href=\"https:\/\/www.radiopiu.net\/wordpress\/giornale-radiopiu-08-luglio-2020-direttore-mirko-mezzacasa\/assessore-yuki-demilia\/\" rel=\"attachment wp-att-148231\"><img loading=\"lazy\" decoding=\"async\" class=\"size-medium wp-image-148231 alignleft\" src=\"https:\/\/www.radiopiu.net\/wordpress\/wp-content\/uploads\/2020\/07\/Assessore-Yuki-dEmilia-300x200.jpg\" alt=\"\" width=\"300\" height=\"200\" srcset=\"https:\/\/www.radiopiu.net\/wordpress\/wp-content\/uploads\/2020\/07\/Assessore-Yuki-dEmilia-300x200.jpg 300w, https:\/\/www.radiopiu.net\/wordpress\/wp-content\/uploads\/2020\/07\/Assessore-Yuki-dEmilia-1024x683.jpg 1024w, https:\/\/www.radiopiu.net\/wordpress\/wp-content\/uploads\/2020\/07\/Assessore-Yuki-dEmilia-768x512.jpg 768w, https:\/\/www.radiopiu.net\/wordpress\/wp-content\/uploads\/2020\/07\/Assessore-Yuki-dEmilia-1536x1024.jpg 1536w, https:\/\/www.radiopiu.net\/wordpress\/wp-content\/uploads\/2020\/07\/Assessore-Yuki-dEmilia-2048x1365.jpg 2048w\" sizes=\"auto, (max-width: 300px) 100vw, 300px\" \/><\/a>BELLUNO <\/strong>Sar\u00e0 Belluno la Citt\u00e0 Alpina dell&#8217;Anno ad ospitare dal 17 al 19 marzo prossimi la prima assemblea generale 2022 dell&#8217;associazione che quest&#8217;anno compie 25 anni e che raduna le realt\u00e0 alpine europee che promuovono la sostenibilit\u00e0 coniugando economia ed ambiente. Il programma \u00e8 stato approvato nell&#8217;ultimo incontro del direttivo, nel quale siede come vicepresidente anche l&#8217;assessora del Comune di Belluno Yuki d&#8217;Emilia<\/p>\n<p>&nbsp;<\/p>\n<p>&nbsp;<\/p>\n<p>&nbsp;<\/p>\n<p><strong>YUKI D&#8217;EMILIA, ASSESSORE DEL COMUNE DI BELLUNO<\/strong><\/p>\n<audio class=\"wp-audio-shortcode\" id=\"audio-257784-8\" preload=\"none\" style=\"width: 100%;\" controls=\"controls\"><source type=\"audio\/mpeg\" src=\"https:\/\/www.radiopiu.net\/wordpress\/wp-content\/uploads\/2022\/02\/DEMILIA-CITTA-ALPINA.mp3?_=8\" \/><a href=\"https:\/\/www.radiopiu.net\/wordpress\/wp-content\/uploads\/2022\/02\/DEMILIA-CITTA-ALPINA.mp3\">https:\/\/www.radiopiu.net\/wordpress\/wp-content\/uploads\/2022\/02\/DEMILIA-CITTA-ALPINA.mp3<\/a><\/audio>\n<p>&nbsp;<\/p>\n<p>&nbsp;<\/p>\n<hr \/>\n<p>&nbsp;<\/p>\n<blockquote>\n<h3><a href=\"https:\/\/www.radiopiu.net\/wordpress\/polizia-di-stato-a-radio-piu-esserci-sempre-anche-e-soprattutto-nella-comunicazione\/623f91fa-4463-4b82-b4d7-2180fa77aa9c\/\" rel=\"attachment wp-att-257641\"><img loading=\"lazy\" decoding=\"async\" class=\" wp-image-257641 alignleft\" src=\"https:\/\/www.radiopiu.net\/wordpress\/wp-content\/uploads\/2022\/02\/623f91fa-4463-4b82-b4d7-2180fa77aa9c-300x224.jpg\" alt=\"\" width=\"253\" height=\"189\" srcset=\"https:\/\/www.radiopiu.net\/wordpress\/wp-content\/uploads\/2022\/02\/623f91fa-4463-4b82-b4d7-2180fa77aa9c-300x224.jpg 300w, https:\/\/www.radiopiu.net\/wordpress\/wp-content\/uploads\/2022\/02\/623f91fa-4463-4b82-b4d7-2180fa77aa9c-1024x766.jpg 1024w, https:\/\/www.radiopiu.net\/wordpress\/wp-content\/uploads\/2022\/02\/623f91fa-4463-4b82-b4d7-2180fa77aa9c-768x574.jpg 768w, https:\/\/www.radiopiu.net\/wordpress\/wp-content\/uploads\/2022\/02\/623f91fa-4463-4b82-b4d7-2180fa77aa9c-1536x1149.jpg 1536w, https:\/\/www.radiopiu.net\/wordpress\/wp-content\/uploads\/2022\/02\/623f91fa-4463-4b82-b4d7-2180fa77aa9c.jpg 2000w\" sizes=\"auto, (max-width: 253px) 100vw, 253px\" \/><\/a>POLIZIA DI STATO A RADIO PIU&#8217;, ESSERCI&#8230; SEMPRE. ANCHE E SOPRATTUTTO NELLA COMUNICAZIONE<\/h3>\n<\/blockquote>\n<p>&nbsp;<\/p>\n<p><strong>REDAZIONE<\/strong> Domenica alle 9, martedi alle 10.30 e alle 19 Radio Pi\u00f9 apre i microfoni agli uomini e donne della Questura di Belluno. L&#8217;argomento &#8220;la comunicazione&#8221;, interna e con il cittadino. L&#8217;importanza dei social per avvicinare le genti alle istituzioni, la \u00a0pagina Facebook della Questura di Belluno ad esempio, comunicazione immediata, oppure la nuova app per segnalazioni direttamente alla sala operativa.<br \/>\nNe parleremo con: il Commissario capo Federico Farris, capo di Gabinetto e portavoce;\u00a0 assistente capo coordinatore Wirna Triches, \u00a0addetta all&#8217;ufficio relazioni con il pubblico.<\/p>\n<p><span style=\"color: #ff0000;\"><strong>ARCHIVIO RADIOPIU<\/strong><\/span><\/p>\n<p><strong>LO SCORSO ANNO ALLA RADIO&#8230;&#8230;<\/strong><\/p>\n<blockquote class=\"wp-embedded-content\" data-secret=\"y1Ftnl9gbv\"><p><a href=\"https:\/\/www.radiopiu.net\/wordpress\/la-polizia-di-stato-a-cortina-2021\/\">La Polizia di Stato a Cortina 2021<\/a><\/p><\/blockquote>\n<p><iframe loading=\"lazy\" class=\"wp-embedded-content\" sandbox=\"allow-scripts\" security=\"restricted\" style=\"position: absolute; clip: rect(1px, 1px, 1px, 1px);\" title=\"&#8220;La Polizia di Stato a Cortina 2021&#8221; &#8212; Radio Pi\u00f9\" src=\"https:\/\/www.radiopiu.net\/wordpress\/la-polizia-di-stato-a-cortina-2021\/embed\/#?secret=y1Ftnl9gbv\" data-secret=\"y1Ftnl9gbv\" width=\"600\" height=\"338\" frameborder=\"0\" marginwidth=\"0\" marginheight=\"0\" scrolling=\"no\"><\/iframe><\/p>\n<p>&nbsp;<\/p>\n<hr \/>\n<p>&nbsp;<\/p>\n<blockquote>\n<h3>LA CASPARETHA 2022 ANNULATA. CI SI PREPARA PER IL PROSSIMO ANNO<\/h3>\n<\/blockquote>\n<p><strong><a href=\"https:\/\/www.radiopiu.net\/wordpress\/la-casparetha-2022-annulata-ci-si-prepara-per-il-prossimo-anno\/51712563_786244578408566_2605159670913957888_n\/\" rel=\"attachment wp-att-257649\"><img loading=\"lazy\" decoding=\"async\" class=\"size-medium wp-image-257649 alignleft\" src=\"https:\/\/www.radiopiu.net\/wordpress\/wp-content\/uploads\/2022\/02\/51712563_786244578408566_2605159670913957888_n-300x200.jpg\" alt=\"\" width=\"300\" height=\"200\" srcset=\"https:\/\/www.radiopiu.net\/wordpress\/wp-content\/uploads\/2022\/02\/51712563_786244578408566_2605159670913957888_n-300x200.jpg 300w, https:\/\/www.radiopiu.net\/wordpress\/wp-content\/uploads\/2022\/02\/51712563_786244578408566_2605159670913957888_n-1024x683.jpg 1024w, https:\/\/www.radiopiu.net\/wordpress\/wp-content\/uploads\/2022\/02\/51712563_786244578408566_2605159670913957888_n-768x512.jpg 768w, https:\/\/www.radiopiu.net\/wordpress\/wp-content\/uploads\/2022\/02\/51712563_786244578408566_2605159670913957888_n.jpg 1080w\" sizes=\"auto, (max-width: 300px) 100vw, 300px\" \/><\/a>CANALE D&#8217;AGORDO<\/strong> Niente Casparetha 2022. Il Covid ferma anche l&#8217;edizione di quest&#8217;anno. A comunicarlo Mirko Tancon ai microfoni di Radio Pi\u00f9.<\/p>\n<audio class=\"wp-audio-shortcode\" id=\"audio-257784-9\" preload=\"none\" style=\"width: 100%;\" controls=\"controls\"><source type=\"audio\/mpeg\" src=\"https:\/\/www.radiopiu.net\/wordpress\/wp-content\/uploads\/2022\/02\/CASPA-ANNULLATA.mp3?_=9\" \/><a href=\"https:\/\/www.radiopiu.net\/wordpress\/wp-content\/uploads\/2022\/02\/CASPA-ANNULLATA.mp3\">https:\/\/www.radiopiu.net\/wordpress\/wp-content\/uploads\/2022\/02\/CASPA-ANNULLATA.mp3<\/a><\/audio>\n<p>&nbsp;<\/p>\n<hr \/>\n<p>&nbsp;<\/p>\n<blockquote>\n<h3>ADOLE\u2013SCIENZA: INCONTRI ONLINE PER GENITORI<\/h3>\n<\/blockquote>\n<p><strong>BELLUNO <\/strong>Proseguono gli incontri per genitori e adulti di riferimento di ragazzi adolescenti su tematiche di interesse, organizzato dal Dipartimento Dipendenze dell\u2019ulss Dolomiti, per discutere insieme a degli esperti dubbi che interessano questa fase della crescita vissuta in un contesto particolare come quello che stiamo vivendo. Gli incontri si svolgono online nelle serate di venerd\u00ec dalle 20.30 alle 22.00.<\/p>\n<p>&nbsp;<\/p>\n<hr \/>\n<p>&nbsp;<\/p>\n<blockquote>\n<h3>NATI PER LEGGERE&#8230; ON LINE<\/h3>\n<\/blockquote>\n<p><strong>FELTRE\u00a0<\/strong> Il Consultorio di Feltre\u00a0 propone ai neogenitori e ai futuri genitori\u00a0 delle letture ad alta voce,\u00a0 in modalit\u00e0 online con una lettrice esperta, Federica De\u00a0 Col che proporr\u00e0 a mamme e pap\u00e0 in attesa e ai genitori di bambini tra 0 e 12 mesi un ciclo di letture ad alta voce che si svolgeranno online nelle mattine, alle 10, di mercoled\u00ec 9 febbraio, mercoled\u00ec 23 febbraio e mercoled\u00ec 2 marzo con la partecipazione della ostetrica del consultorio Alba Agostinetto. Per partecipare si pu\u00f2 chiedere il link via mail a: alba.agostinetto@aulss1.veneto.it<\/p>\n<p>&nbsp;<\/p>\n<hr \/>\n<p>&nbsp;<\/p>\n<blockquote>\n<h3>VACCINAZIONI DELLE DONNE IN GRAVIDANZA<\/h3>\n<\/blockquote>\n<p><strong>BELLUNO\u00a0<\/strong> Proseguono le vaccinazioni delle donne in gravidanza dopo il percorso di counseling attivate dalle unit\u00e0 operative di ostetricia e ginecologia dell\u2019ulss Dolomiti. Ecco gli orari e i contatti a cui rivolgersi: Ospedale di Belluno \u2981 Counseling telefonico e prenotazioni: Luned\u00ec e gioved\u00ec dalle 12 alle 14 allo 0437\/516340 &#8211; Marted\u00ec dalle 18 alle 19 allo 0437\/516943 o alla mail ginecologia.bl@aulss1.veneto.it \u2981 vaccinazioni in reparto Marted\u00ec dalle 14.00 alle 16.00 &#8211; ambulatorio 5 Ospedale di Pieve di Cadore \u2981 Counseling telefonico e prenotazioni: Dal luned\u00ec al venerd\u00ec dalle14 alle 15 allo 0435\/341207\u2981 Vaccinazioni in reparto Gioved\u00ec dalle 11.00 alle 13.00 Ospedale di Feltre \u2981 Consulenze telefoniche Luned\u00ec, mercoled\u00ec e venerd\u00ec dalle 9 alle 10 allo 0439 883457 \u2981 Consulenze in presenza: Gioved\u00ec dalle 15.30 alle 17.30 prenotazione allo 0439 883497 o mail elda.cengia@aulss1.veneto.it \u2981 Confronto di gruppo in Gmeet: Mercoled\u00ec dalle 14.00 alle 15.00 prenotazione allo 0439 883497 o mail elda.cengia@aulss1.veneto.it \u2981 Vaccinazioni in reparto: Gioved\u00ec dalle 15.30 alle 17.30<\/p>\n<p>&nbsp;<\/p>\n<p>&nbsp;<\/p>\n<hr \/>\n<p>&nbsp;<\/p>\n<blockquote>\n<h3><br role=\"presentation\" \/><span dir=\"ltr\" role=\"presentation\">CONCORSO, PER TITOLI ED ESAMI, PER L\u2019AMMISSIONE DI 66 ALLIEVI UFFICIALI<\/span><\/h3>\n<\/blockquote>\n<p><strong>BELLUNO<\/strong> <span dir=\"ltr\" role=\"presentation\">E&#8217; stato pubblicato il <\/span><span dir=\"ltr\" role=\"presentation\">concorso, per titoli ed esami, per l\u2019ammissione di 15 tenenti in servizio permanente effettivo<\/span><span dir=\"ltr\" role=\"presentation\">. <\/span><span dir=\"ltr\" role=\"presentation\">Possono partecipare al concorso i cittadini<\/span><span dir=\"ltr\" role=\"presentation\"> in possesso del diploma di istruzione secondaria di secondo grado, coloro che<\/span><span dir=\"ltr\" role=\"presentation\"> lo conseguano nell\u2019anno scolastico 2022\/2023; abbiano compiuto il 17\u00b0 anno e <\/span><span dir=\"ltr\" role=\"presentation\">non abbiano superato il 22\u00b0. <\/span><span dir=\"ltr\" role=\"presentation\">La domanda di partecipazione al concorso va presentata\u00a0 entro le ore 12 del 17 febbraio (<\/span><span dir=\"ltr\" role=\"presentation\">https:\/\/concorsi.gdf.gov.it.)<\/span><\/p>\n<p>&nbsp;<\/p>\n<p>&nbsp;<\/p>\n<hr \/>\n<p>&nbsp;<\/p>\n<blockquote>\n<h3>A LIMANA PER LA GIORNATA DEL RICORDO<\/h3>\n<\/blockquote>\n<p><strong>LIMANA <\/strong><span class=\"s1\">Il Comune di Limana, Assessorato alla Cultura e Biblioteca Comunale, in collaborazione con l&#8217;Associazione Culturale Teatro Laboratorio di Brescia, in occasione della Giornata del Ricordo, \u00e8 lieto di presentare: <\/span><span class=\"s1\">MERCOLEDI&#8217; 9 FEBBRAIO alle 20.30 &#8220;Sorelle. Una storia per ricordare la tragedia delle Foibe&#8221;, rappresentazione teatrale<\/span><span class=\"s1\">\u00a0presso la sala Luigi Nocivelli, ingresso dietro la Biblioteca Comunale di Limana, Via Ruggero Fiabane n. 3.<\/span><\/p>\n<p>&nbsp;<\/p>\n<p>&nbsp;<\/p>\n<p>&nbsp;<\/p>\n<hr \/>\n<p>&nbsp;<\/p>\n<blockquote>\n<h3>IL COMITATO D&#8217;INTESA CERCA PERSONALE<\/h3>\n<\/blockquote>\n<p><strong>BELLUNO <\/strong>Il Comitato d&#8217;Intesa tra le associazioni volontaristiche della provincia di Belluno \u00e8 alla ricerca di una nuova figura da inserire nel proprio staff, con funzioni di coordinatore di progetti e supporto all\u2019attivit\u00e0 amministrativa. Nello specifico, il coordinatore \u00e8 incaricato della predisposizione e della realizzazione di programmi e di progetti nell\u2019ambito delle attivit\u00e0 istituzionali, in particolare nel settore dei servizi sociali e culturali; di curare le relazioni con le organizzazioni del Terzo settore, con le pubbliche amministrazioni, ecc.; inoltre collaborer\u00e0 con l\u2019organizzazione interna nella gestione di pratiche amministrative o di segreteria generale. La scadenza per presentare la propria candidatura \u00e8 venerd\u00ec 18 febbraio 2022 alle ore 13, inviando una e-mail a <a href=\"mailto:info@comitatodintesa.it\">info@comitatodintesa.it<\/a>.<\/p>\n<p>&nbsp;<\/p>\n<p>&nbsp;<\/p>\n<hr \/>\n<p>&nbsp;<\/p>\n<p><strong><span style=\"color: #0000ff;\">PROROGATA LA DATA PER FARE RICHIESTA\u00a0\u00a0<\/span><\/strong><\/p>\n<blockquote>\n<h3><strong>BELLUNO Il Centro Italiano di Solidariet\u00e0 di Belluno \u00e8 ACCREDITATO PER IL SERVIZIO CIVILE UNIVERSALE e seleziona n. 10 volontari da impiegare nel progetto \u201cABBRACCIO-percorso di contrasto alle dipendenze\u201d scadenza presentazione domande: 10 febbraio 2022 alle ore 14.00 Disponibili 10 posti in 5 sedi in provincia di Belluno Come \u00e8 organizzato il Servizio: &#8211; ore settimanali 25 &#8211; durata un anno &#8211; rimborso mensile \u20ac 444,30<\/strong><\/h3>\n<\/blockquote>\n<p>Domanda on Line (DOL) raggiungibile tramite PC, tablet e smartphone all\u2019indirizzo https:\/\/domandaonline.serviziocivile.it dove, attraverso un semplice sistema di ricerca con filtri, \u00e8 possibile scegliere il progetto (nome progetto) per il quale avanzare la candidatura. Accesso tramite SPID.<\/p>\n<p>&nbsp;<\/p>\n<hr \/>\n<p>&nbsp;<\/p>\n<p><span style=\"color: #ff0000;\"><strong>STORIE<\/strong><\/span><\/p>\n<blockquote class=\"wp-embedded-content\" data-secret=\"2hu4erPBaR\"><p><a href=\"https:\/\/www.radiopiu.net\/wordpress\/ventanni-fa-alla-memoria-di-costantino-da-campo\/\">VENT&#8217;ANNI FA, ALLA MEMORIA DI COSTANTINO DA CAMPO<\/a><\/p><\/blockquote>\n<p><iframe loading=\"lazy\" class=\"wp-embedded-content\" sandbox=\"allow-scripts\" security=\"restricted\" style=\"position: absolute; clip: rect(1px, 1px, 1px, 1px);\" title=\"&#8220;VENT&#8217;ANNI FA, ALLA MEMORIA DI COSTANTINO DA CAMPO&#8221; &#8212; Radio Pi\u00f9\" src=\"https:\/\/www.radiopiu.net\/wordpress\/ventanni-fa-alla-memoria-di-costantino-da-campo\/embed\/#?secret=2hu4erPBaR\" data-secret=\"2hu4erPBaR\" width=\"600\" height=\"338\" frameborder=\"0\" marginwidth=\"0\" marginheight=\"0\" scrolling=\"no\"><\/iframe><\/p>\n<p>&nbsp;<\/p>\n<p>&nbsp;<\/p>\n<hr \/>\n<p>&nbsp;<\/p>\n<blockquote>\n<h3>GRAZIE AL MERCATINO DELLA YOLANDRE UN LIBRICINO CON LA STORIA DI PADRE FELICE CAPPELLO DI CAVIOLA<\/h3>\n<\/blockquote>\n<p><strong>\u00a0<\/strong><strong>di\u00a0 RENATO BONA<\/strong><\/p>\n<p>Il prossimo 25 marzo ricorrer\u00e0 il sessantesimo anniversario della scomparsa del \u201cconfessore di Roma\u201d Nuova nobile iniziativa dell\u2019amica Elisa Dalla Rossa per finanziare l\u2019Associazione \u201cYolandre per il Madagascar\u201d della quale \u00e8 la referente (questa, in particolare, per raccogliere fondi da devolvere alla costruzione di un asilo nei pressi della zona alberghiera dove sono occupate numerose donne che avrebbero il vantaggio di sapere che, assenti loro, i figli sono in buone mani). Avvalendosi di preziose collaborazioni, in primis quella della Fondazione Teatri delle Dolomiti che ha concesso gratuitamente l\u2019utilizzo del locale, ha infatti attivato (fino al 14 febbraio prossimo) un negozio temporaneo per la vendita di libri usati nella via Rialto, centro storico di \u201cBelluno citt\u00e0 splendente\u201d. Chi stende queste note, \u00e8 doppiamente grato a Dalla Rossa: in senso generale perch\u00e9 aiutare i meno fortunati \u00e8 sempre cosa buona e giusta; e poi per il fatto di aver avuto modo di acquistare, fra l\u2019altro, un libricino, praticamente un tascabile, stampato nel settembre 2015 dalla Tipografia Piave, intitolato: \u201cPadre Felice M. Cappello S.J.\u201d, l\u2019insigne giurista agordino, noto anche come il \u201cconfessore di Roma\u201d. Autore della pubblicazione per la collana \u201cNova et Vetera\u201d, don Cesare Vazza, sacerdote diocesano, che \u00e8 stato assistente religioso della Casa per anziani di Longarone, e che aveva gi\u00e0 realizzato nel 2014: \u201cGiovanni Paolo I. Una luminosa meteora\u201d; Vazza \u00e8 mancato l\u20198 gennaio 2019. Il mini-libro (per il quale l\u2019archivista diocesano mons. Ausilio Da Rif, scomparso pochi giorni fa, aveva fornito i curricola vitae dei fratelli Luigi e Felice Cappello ed il vescovo, oggi emerito, Giuseppe Andrich aveva \u201cbenevolmente concesso il nullaosta\u201d) ci consente la rivisitazione della figura di Felice Maria Cappello del quale proprio quest\u2019anno, il prossimo 25 marzo, ricorre il 60. anniversario della morte avvenuta nell\u2019infermeria dell\u2019Universit\u00e0 Gregoriana di Roma. Don Vazza ha articolato il suo libricino in trenta capitoli e qui ne richiamiamo alcuni: \u201cLa Valle\u201d del Biois, per illustrare la terra che ha dato alla Chiesa due uomini illustri, fra l\u2019altro parenti, sia pur lontani: il gesuita padre Felice Cappello, appunto, ed Albino Luciani, il papa bellunese del sorriso\u201d asceso al soglio di Pietro col nome di Giovanni Paolo I, \u201cbattezzati nello stesso fonte della Pieve di Canale d\u2019Agordo\u201d); \u201cLa casa\u201d, per ricordare che la casa dove nacque Felice \u201csi trova in alto del paese di Caviola, nella via Cine d\u2019Auta numero 60\u2026 \u201c e fu l\u2019unica salvata dall\u2019incendio che distrusse il paese in una rappresaglia tedesca il 24 agosto 1944; una piccola lapide ricorda: \u201cIn questa casa il 9 ottobre 1879 nacque padre Felice Cappello S.J. giurista insigne sacerdote esemplare\u201d; \u201cLa famiglia\u201d: il nostro era il penultimo dei dieci figli di Antonio e di Bortola Bortoli; \u201cGli amici\u201d: Felice aveva un bel gruppo di amici chierichetti che \u201csi trovavano nella chiesa della Madonna della Salute a servire la messa: il fratello Luigi, il cugino Sante, Filippo Carli e Giovanni De Mio, tutti di Caviola e tutti che diventeranno sacerdoti; \u201cIn seminario\u201d: l\u2019anno 1895, preparati dal parroco e dal cooperatore, Felice ed i suoi amici partono a piedi fino a Belluno e da qui, in treno, fino a Feltre per i due anni di ginnasio superiore prima di approdare al Gregoriano di Belluno nel 1897; \u201cSacerdote: il 20 aprile 1902 per l\u2019imposizione delle mani del vescovo Cherubin, l\u2019ordinazione sacerdotale; poi vicario cooperatore per alcuni mesi a Castion prima di passare a Sedico dove rimase fino al 1905; l\u2019impegno pastorale non gli fece abbandonare studio e ricerca: nel 1904 laurea in teologia a Bologna, nel 1905 in filosofia a Roma dove dopo un anno si laurea anche in \u201cutroque iure\u201d cio\u00e8 in diritto canonico e civile. Altri capitoli: \u201cInsegnante\u201d: nel 1905 ottenne la cattedra di diritto canonico nel seminario bellunese, fu anche rettore della vicina chiesa di San Pietro e direttore del settimanale bellunese \u201cLa Domenica\u201d che poi sar\u00e0 \u201cL\u2019Amico del Popolo\u201d. Nel 1909 lascia Belluno ed \u00e8 ospite del Seminario lombardo di Roma; \u201cA Lourdes\u201d: per un pellegrinaggio di fede e di amore con 9 ore di preghiera continua inginocchiato davanti alla Grotta, prima di spedire un telegramma al provinciale dei Gesuiti a Roma per chiedergli di essere accolto nella Compagnia di Ges\u00f9 \u201cperch\u00e9 \u00e8 l\u2019Ordine pi\u00f9 perseguitato dai nemici della Chiesa\u201d; \u201cIl noviziato\u201d: vi entr\u00f2 a 34 anni e dur\u00f2 un anno; nel 1914 venne destinato al Pontificio collegio di Anagni come professore di teologia morale, diritto canonico sociologia, liturgia e prefetto dei casi di coscienza in una Congregazione mariana; ad Anagni trascorse sei anni lasciando di s\u00e9 un ricordo incancellabile; \u201cAll\u2019Universit\u00e0 Gregoriana\u201d: l\u2019insegnamento durer\u00e0 dal 1920 al 1959 e sotto di lui passeranno migliaia di studenti, sacerdoti religiosi di tutto il mondo; \u201cConsultore\u201d: apprezzato il suo impegno con la Curia romana anche per la preparazione del Concilio Vaticano II; \u201cDoctor resolutus\u201d: cos\u00ec era scherzosamente chiamato dai confratelli per la certezza nel proporre soluzioni e la chiarezza nell\u2019esporle; \u201cConfessore di Roma\u201d: davanti al suo confessionale vi era sempre una lunga fila di penitenti fino alla porta della chiesa; \u201cVere conversioni\u201d: \u00e8 nota quella dello scrittore romano Curzio Malaparte che si fece battezzare proprio da Cappello; \u201cIl segreto della sua forza\u201d: era la preghiera, sempre in ginocchio; una volta si mise seduto e i confratelli si preoccuparono: \u201cbrutto segno\u201d; era la vigilia della sua scomparsa; \u201cLa bibliografia\u201d: oltre 200 opere pubblicate; \u201cLe vacanze\u201d: vita ritirata tra canonica e chiesa, sempre a pregare e confessare; nel pomeriggio passeggiata col fratello Luigi arcidiacono di Agordo; le vacanze finirono per sempre con la morte di Luigi; \u201cLa fine\u201d; il 25 marzo 1962, \u201cIn concetto di santit\u00e0\u201d come ebbe a dire il Patriarca di Venezia Albino Luciani; \u201cDopo la sua morte\u201d: il 13 giugno 1990 il cardinale Ugo Poletti avvia la fase diocesana del processo canonico di beatificazione, che si conclude il 24 giugno 2014 nella basilica di San Giovanni in Laterano con Cappello dichiarato \u201cServo di Dio\u201d; \u201cUn portatore di pace\u201d: lo scrisse la professoressa M. Sbardella; \u201cConclusione\u201d: \u201cIn quest\u2019anno 2015 dedicato alla Vita consacrata &#8211; annota don Vazza &#8211; sono lieto di aver illustrato la vita di padre Felice Cappello, gesuita, che ha consacrato la sua vita a Dio e alla Chiesa come insegnante, giurista e confessore di Roma\u201d. Qui di seguito un\u2019annotazione di \u201cro.b\u201d sul Corriere delle Alpi del 23 giugno 2014: \u201c\u2026la sua salma inizialmente tumulata nel cimitero del Verano \u00e8 stata successivamente traslata, l&#8217;11 aprile 1985 nella chiesa di Sant&#8217;Ignazio, accanto al confessionale dove per 4 decenni svolse il suo ministero&#8230; Al suo nome \u00e8 intitolata la scuola primaria di Marmolada ed una targa lo ricorda nel battistero della chiesa arcipretale di San Giovanni Battista a Canale d&#8217;Agordo. Si calcola che alla sua morte oltre ventimila persone gli resero omaggio all&#8217;ingresso dell&#8217;Universit\u00e0 Gregoriana\u201d.<\/p>\n\n\t\t\t<style type='text\/css'>\n\t\t\t\t#gallery-8 {\n\t\t\t\t\tmargin: auto;\n\t\t\t\t}\n\t\t\t\t#gallery-8 .gallery-item {\n\t\t\t\t\tfloat: left;\n\t\t\t\t\tmargin-top: 10px;\n\t\t\t\t\ttext-align: center;\n\t\t\t\t\twidth: 20%;\n\t\t\t\t}\n\t\t\t\t#gallery-8 img {\n\t\t\t\t\tborder: 2px solid #cfcfcf;\n\t\t\t\t}\n\t\t\t\t#gallery-8 .gallery-caption {\n\t\t\t\t\tmargin-left: 0;\n\t\t\t\t}\n\t\t\t\t\/* see gallery_shortcode() in wp-includes\/media.php *\/\n\t\t\t<\/style>\n\t\t<div id='gallery-8' class='dt-gallery-container gallery galleryid-257784 gallery-columns-5 gallery-size-thumbnail'><dl class='gallery-item'>\n\t\t\t\t<dt class='gallery-icon portrait'>\n\t\t\t\t\t<a class=\"rollover rollover-zoom dt-pswp-item\" title=\"270734672_479024053736394_2780468227281796107_n\" data-dt-img-description=\"\" data-large_image_width=\"157\" data-large_image_height=\"240\"href='https:\/\/www.radiopiu.net\/wordpress\/wp-content\/uploads\/2022\/02\/270734672_479024053736394_2780468227281796107_n.jpg'><img loading=\"lazy\" decoding=\"async\" width=\"150\" height=\"150\" src=\"https:\/\/www.radiopiu.net\/wordpress\/wp-content\/uploads\/2022\/02\/270734672_479024053736394_2780468227281796107_n-150x150.jpg\" class=\"attachment-thumbnail size-thumbnail\" alt=\"\" \/><\/a>\n\t\t\t\t<\/dt><\/dl><dl class='gallery-item'>\n\t\t\t\t<dt class='gallery-icon landscape'>\n\t\t\t\t\t<a class=\"rollover rollover-zoom dt-pswp-item\" title=\"258850160_475506154230573_214040428450084850_n\" data-dt-img-description=\"\" data-large_image_width=\"307\" data-large_image_height=\"201\"href='https:\/\/www.radiopiu.net\/wordpress\/wp-content\/uploads\/2022\/02\/258850160_475506154230573_214040428450084850_n.png'><img loading=\"lazy\" decoding=\"async\" width=\"150\" height=\"150\" src=\"https:\/\/www.radiopiu.net\/wordpress\/wp-content\/uploads\/2022\/02\/258850160_475506154230573_214040428450084850_n-150x150.png\" class=\"attachment-thumbnail size-thumbnail\" alt=\"\" \/><\/a>\n\t\t\t\t<\/dt><\/dl><dl class='gallery-item'>\n\t\t\t\t<dt class='gallery-icon landscape'>\n\t\t\t\t\t<a class=\"rollover rollover-zoom dt-pswp-item\" title=\"272446854_1003777283551749_6066244292889179588_n\" data-dt-img-description=\"\" data-large_image_width=\"296\" data-large_image_height=\"202\"href='https:\/\/www.radiopiu.net\/wordpress\/wp-content\/uploads\/2022\/02\/272446854_1003777283551749_6066244292889179588_n.jpg'><img loading=\"lazy\" decoding=\"async\" width=\"150\" height=\"150\" src=\"https:\/\/www.radiopiu.net\/wordpress\/wp-content\/uploads\/2022\/02\/272446854_1003777283551749_6066244292889179588_n-150x150.jpg\" class=\"attachment-thumbnail size-thumbnail\" alt=\"\" \/><\/a>\n\t\t\t\t<\/dt><\/dl><dl class='gallery-item'>\n\t\t\t\t<dt class='gallery-icon landscape'>\n\t\t\t\t\t<a class=\"rollover rollover-zoom dt-pswp-item\" title=\"272709184_634355524494390_725457792407367475_n\" data-dt-img-description=\"\" data-large_image_width=\"225\" data-large_image_height=\"206\"href='https:\/\/www.radiopiu.net\/wordpress\/wp-content\/uploads\/2022\/02\/272709184_634355524494390_725457792407367475_n.jpg'><img loading=\"lazy\" decoding=\"async\" width=\"150\" height=\"150\" src=\"https:\/\/www.radiopiu.net\/wordpress\/wp-content\/uploads\/2022\/02\/272709184_634355524494390_725457792407367475_n-150x150.jpg\" class=\"attachment-thumbnail size-thumbnail\" alt=\"\" \/><\/a>\n\t\t\t\t<\/dt><\/dl><dl class='gallery-item'>\n\t\t\t\t<dt class='gallery-icon portrait'>\n\t\t\t\t\t<a class=\"rollover rollover-zoom dt-pswp-item\" title=\"271837941_216928310579748_5938947358963180480_n\" data-dt-img-description=\"\" data-large_image_width=\"155\" data-large_image_height=\"206\"href='https:\/\/www.radiopiu.net\/wordpress\/wp-content\/uploads\/2022\/02\/271837941_216928310579748_5938947358963180480_n.jpg'><img loading=\"lazy\" decoding=\"async\" width=\"150\" height=\"150\" src=\"https:\/\/www.radiopiu.net\/wordpress\/wp-content\/uploads\/2022\/02\/271837941_216928310579748_5938947358963180480_n-150x150.jpg\" class=\"attachment-thumbnail size-thumbnail\" alt=\"\" \/><\/a>\n\t\t\t\t<\/dt><\/dl><br style=\"clear: both\" \/><dl class='gallery-item'>\n\t\t\t\t<dt class='gallery-icon portrait'>\n\t\t\t\t\t<a class=\"rollover rollover-zoom dt-pswp-item\" title=\"271862140_2194642857361241_7315485574311645844_n\" data-dt-img-description=\"\" data-large_image_width=\"155\" data-large_image_height=\"240\"href='https:\/\/www.radiopiu.net\/wordpress\/wp-content\/uploads\/2022\/02\/271862140_2194642857361241_7315485574311645844_n.jpg'><img loading=\"lazy\" decoding=\"async\" width=\"150\" height=\"150\" src=\"https:\/\/www.radiopiu.net\/wordpress\/wp-content\/uploads\/2022\/02\/271862140_2194642857361241_7315485574311645844_n-150x150.jpg\" class=\"attachment-thumbnail size-thumbnail\" alt=\"\" \/><\/a>\n\t\t\t\t<\/dt><\/dl><dl class='gallery-item'>\n\t\t\t\t<dt class='gallery-icon portrait'>\n\t\t\t\t\t<a class=\"rollover rollover-zoom dt-pswp-item\" title=\"271850520_463481998739010_5409662098081666383_n\" data-dt-img-description=\"\" data-large_image_width=\"153\" data-large_image_height=\"206\"href='https:\/\/www.radiopiu.net\/wordpress\/wp-content\/uploads\/2022\/02\/271850520_463481998739010_5409662098081666383_n.jpg'><img loading=\"lazy\" decoding=\"async\" width=\"150\" height=\"150\" src=\"https:\/\/www.radiopiu.net\/wordpress\/wp-content\/uploads\/2022\/02\/271850520_463481998739010_5409662098081666383_n-150x150.jpg\" class=\"attachment-thumbnail size-thumbnail\" alt=\"\" \/><\/a>\n\t\t\t\t<\/dt><\/dl><dl class='gallery-item'>\n\t\t\t\t<dt class='gallery-icon landscape'>\n\t\t\t\t\t<a class=\"rollover rollover-zoom dt-pswp-item\" title=\"258747622_1355765734871335_3179375586672114427_n\" data-dt-img-description=\"\" data-large_image_width=\"275\" data-large_image_height=\"206\"href='https:\/\/www.radiopiu.net\/wordpress\/wp-content\/uploads\/2022\/02\/258747622_1355765734871335_3179375586672114427_n.jpg'><img loading=\"lazy\" decoding=\"async\" width=\"150\" height=\"150\" src=\"https:\/\/www.radiopiu.net\/wordpress\/wp-content\/uploads\/2022\/02\/258747622_1355765734871335_3179375586672114427_n-150x150.jpg\" class=\"attachment-thumbnail size-thumbnail\" alt=\"\" \/><\/a>\n\t\t\t\t<\/dt><\/dl><dl class='gallery-item'>\n\t\t\t\t<dt class='gallery-icon portrait'>\n\t\t\t\t\t<a class=\"rollover rollover-zoom dt-pswp-item\" title=\"260075032_628883701706087_104376161691163291_n\" data-dt-img-description=\"\" data-large_image_width=\"142\" data-large_image_height=\"146\"href='https:\/\/www.radiopiu.net\/wordpress\/wp-content\/uploads\/2022\/02\/260075032_628883701706087_104376161691163291_n.png'><img loading=\"lazy\" decoding=\"async\" width=\"142\" height=\"146\" src=\"https:\/\/www.radiopiu.net\/wordpress\/wp-content\/uploads\/2022\/02\/260075032_628883701706087_104376161691163291_n.png\" class=\"attachment-thumbnail size-thumbnail\" alt=\"\" \/><\/a>\n\t\t\t\t<\/dt><\/dl><dl class='gallery-item'>\n\t\t\t\t<dt class='gallery-icon portrait'>\n\t\t\t\t\t<a class=\"rollover rollover-zoom dt-pswp-item\" title=\"272916219_304935851488397_2785156946691493283_n\" data-dt-img-description=\"\" data-large_image_width=\"155\" data-large_image_height=\"206\"href='https:\/\/www.radiopiu.net\/wordpress\/wp-content\/uploads\/2022\/02\/272916219_304935851488397_2785156946691493283_n.jpg'><img loading=\"lazy\" decoding=\"async\" width=\"150\" height=\"150\" src=\"https:\/\/www.radiopiu.net\/wordpress\/wp-content\/uploads\/2022\/02\/272916219_304935851488397_2785156946691493283_n-150x150.jpg\" class=\"attachment-thumbnail size-thumbnail\" alt=\"\" \/><\/a>\n\t\t\t\t<\/dt><\/dl><br style=\"clear: both\" \/><dl class='gallery-item'>\n\t\t\t\t<dt class='gallery-icon portrait'>\n\t\t\t\t\t<a class=\"rollover rollover-zoom dt-pswp-item\" title=\"259773787_1165566097516383_2201291904907465437_n\" data-dt-img-description=\"\" data-large_image_width=\"155\" data-large_image_height=\"206\"href='https:\/\/www.radiopiu.net\/wordpress\/wp-content\/uploads\/2022\/02\/259773787_1165566097516383_2201291904907465437_n.jpg'><img loading=\"lazy\" decoding=\"async\" width=\"150\" height=\"150\" src=\"https:\/\/www.radiopiu.net\/wordpress\/wp-content\/uploads\/2022\/02\/259773787_1165566097516383_2201291904907465437_n-150x150.jpg\" class=\"attachment-thumbnail size-thumbnail\" alt=\"\" \/><\/a>\n\t\t\t\t<\/dt><\/dl><dl class='gallery-item'>\n\t\t\t\t<dt class='gallery-icon portrait'>\n\t\t\t\t\t<a class=\"rollover rollover-zoom dt-pswp-item\" title=\"271905668_498667168346572_5752409537848869351_n\" data-dt-img-description=\"\" data-large_image_width=\"160\" data-large_image_height=\"201\"href='https:\/\/www.radiopiu.net\/wordpress\/wp-content\/uploads\/2022\/02\/271905668_498667168346572_5752409537848869351_n.jpg'><img loading=\"lazy\" decoding=\"async\" width=\"150\" height=\"150\" src=\"https:\/\/www.radiopiu.net\/wordpress\/wp-content\/uploads\/2022\/02\/271905668_498667168346572_5752409537848869351_n-150x150.jpg\" class=\"attachment-thumbnail size-thumbnail\" alt=\"\" \/><\/a>\n\t\t\t\t<\/dt><\/dl><dl class='gallery-item'>\n\t\t\t\t<dt class='gallery-icon portrait'>\n\t\t\t\t\t<a class=\"rollover rollover-zoom dt-pswp-item\" title=\"272660017_367735675176163_4100217815318365567_n\" data-dt-img-description=\"\" data-large_image_width=\"173\" data-large_image_height=\"200\"href='https:\/\/www.radiopiu.net\/wordpress\/wp-content\/uploads\/2022\/02\/272660017_367735675176163_4100217815318365567_n.jpg'><img loading=\"lazy\" decoding=\"async\" width=\"150\" height=\"150\" src=\"https:\/\/www.radiopiu.net\/wordpress\/wp-content\/uploads\/2022\/02\/272660017_367735675176163_4100217815318365567_n-150x150.jpg\" class=\"attachment-thumbnail size-thumbnail\" alt=\"\" \/><\/a>\n\t\t\t\t<\/dt><\/dl>\n\t\t\t\t<br style='clear: both' \/>\n\t\t\t<\/div>\n\n<p>&nbsp;<\/p>\n<p>NELLE FOTO (riproduzioni dal libretto di don Cesare Vazza; Twitter; Wikipedia): copertina della pubblicazione dedicata a Cappello; la casa natale a Caviola; Felice ed il fratello Luigi; due espressioni di padre Felice; chiesa della Madonna della Salute; e quella romana di Sant\u2019Ignazio di Loyola; la lapide sulla tomba; il famoso confessionale; don Cesare Vazza autore del libricino in ricordo di Cappello; l\u2019ingresso di via Rialto a Belluno al negozio temporaneo; la promotrice dell\u2019iniziativa benefica, Elisa Dalla Rossa; alcuni dei libri posti in vendita.<\/p>\n<p>&nbsp;<\/p>\n<p>&nbsp;<\/p>\n<hr \/>\n<p>&nbsp;<\/p>\n<h2><span style=\"color: #ff0000;\">IERI ALLA RADIO\u00a0<\/span><\/h2>\n<h3 class=\"entry-title\"><span style=\"color: #0000ff;\">LE AVVENTURE AL GRANDE NORD, CON ANSELMO \u201cMUSHER\u201d CAGNATI, QUARTA PUNTATA<\/span><\/h3>\n<blockquote>\n<h3>INVERNO 2022: LO ZERO TERMICO E\u2019\u2026.A RADIO PIU\u2019.<\/h3>\n<p><em><a href=\"https:\/\/www.radiopiu.net\/wordpress\/giornale-radiopiu-11-maggio-2021-direttore-mirko-mezzacasa\/anselmo-cagnati_cani-slitta_06\/\" rel=\"attachment wp-att-208962\"><img loading=\"lazy\" decoding=\"async\" class=\"wp-image-208962 alignleft\" src=\"https:\/\/www.radiopiu.net\/wordpress\/wp-content\/uploads\/2021\/05\/Anselmo-Cagnati_cani-slitta_06-300x200.jpg\" sizes=\"auto, (max-width: 230px) 100vw, 230px\" srcset=\"https:\/\/www.radiopiu.net\/wordpress\/wp-content\/uploads\/2021\/05\/Anselmo-Cagnati_cani-slitta_06-300x200.jpg 300w, https:\/\/www.radiopiu.net\/wordpress\/wp-content\/uploads\/2021\/05\/Anselmo-Cagnati_cani-slitta_06-1024x683.jpg 1024w, https:\/\/www.radiopiu.net\/wordpress\/wp-content\/uploads\/2021\/05\/Anselmo-Cagnati_cani-slitta_06-768x512.jpg 768w, https:\/\/www.radiopiu.net\/wordpress\/wp-content\/uploads\/2021\/05\/Anselmo-Cagnati_cani-slitta_06.jpg 1200w\" alt=\"\" width=\"230\" height=\"153\" \/><\/a>ZERO TERMICO E\u2019 UN VIAGGIO ALLA SCOPERTA DEL NOSTRO TERRITORIO, DALLA VOCE DEI PROTAGONISTI. TURISMO, SPORT, EVENTI, CULTURA, INTRATTENIMENTO. DAL LUNEDI\u2019 AL VENERDI ALLE 15.10 ALLE 20.30. ZERO TERMICO. UN APPUNTAMENTO IN COLLABORAZIONE CON: SPORT 203. LA NATURALE PORTA D\u2019INGRESSO\u2026.VERSO LO ZERO TERMICO. LOCALITA\u2019 LE CAMPE STRADA AGORDO BBELLUNO. ABBIGLIAMENTO E ATTREZZATURA\u2026.DEDICATI A CHI AMA LA MONTAGNA.<\/em><\/p><\/blockquote>\n<p><strong>di Claudio Fontanive\u00a0<\/strong><\/p>\n<p><strong>PUNTATA 04 DEL 04 FEBBRAIO 2022, OSPITE ANSELMO CAGNATI<\/strong><\/p>\n<audio class=\"wp-audio-shortcode\" id=\"audio-257784-10\" preload=\"none\" style=\"width: 100%;\" controls=\"controls\"><source type=\"audio\/mpeg\" src=\"https:\/\/www.radiopiu.net\/wordpress\/wp-content\/uploads\/2022\/02\/anselmo-tulliola-4-febbraio.mp3?_=10\" \/><a href=\"https:\/\/www.radiopiu.net\/wordpress\/wp-content\/uploads\/2022\/02\/anselmo-tulliola-4-febbraio.mp3\">https:\/\/www.radiopiu.net\/wordpress\/wp-content\/uploads\/2022\/02\/anselmo-tulliola-4-febbraio.mp3<\/a><\/audio>\n<p><strong>LE PUNTATE PRECEDENTI<\/strong><\/p>\n<blockquote class=\"wp-embedded-content\" data-secret=\"j1edM4eqsb\"><p><a href=\"https:\/\/www.radiopiu.net\/wordpress\/laquartapuntata\/\">LE AVVENTURE AL GRANDE NORD, CON ANSELMO &#8220;MUSHER&#8221; CAGNATI, QUARTA PUNTATA<\/a><\/p><\/blockquote>\n<p><iframe loading=\"lazy\" class=\"wp-embedded-content\" sandbox=\"allow-scripts\" security=\"restricted\" style=\"position: absolute; clip: rect(1px, 1px, 1px, 1px);\" title=\"&#8220;LE AVVENTURE AL GRANDE NORD, CON ANSELMO &#8220;MUSHER&#8221; CAGNATI, QUARTA PUNTATA&#8221; &#8212; Radio Pi\u00f9\" src=\"https:\/\/www.radiopiu.net\/wordpress\/laquartapuntata\/embed\/#?secret=j1edM4eqsb\" data-secret=\"j1edM4eqsb\" width=\"600\" height=\"338\" frameborder=\"0\" marginwidth=\"0\" marginheight=\"0\" scrolling=\"no\"><\/iframe><\/p>\n<p>&nbsp;<\/p>\n<p>&nbsp;<\/p>\n<hr \/>\n<p>&nbsp;<\/p>\n<p>&nbsp;<\/p>\n<h2><strong><a href=\"https:\/\/www.radiopiu.net\/wordpress\/speciale-solidarieta-veneto\/solidarieta-veneto-3\/\" rel=\"attachment wp-att-134366\"><img loading=\"lazy\" decoding=\"async\" class=\" wp-image-134366 alignleft\" src=\"https:\/\/www.radiopiu.net\/wordpress\/wp-content\/uploads\/2020\/05\/solidariet\u00e0-veneto-300x210.jpg\" alt=\"\" width=\"200\" height=\"140\" srcset=\"https:\/\/www.radiopiu.net\/wordpress\/wp-content\/uploads\/2020\/05\/solidariet\u00e0-veneto-300x210.jpg 300w, https:\/\/www.radiopiu.net\/wordpress\/wp-content\/uploads\/2020\/05\/solidariet\u00e0-veneto-1024x717.jpg 1024w, https:\/\/www.radiopiu.net\/wordpress\/wp-content\/uploads\/2020\/05\/solidariet\u00e0-veneto-768x538.jpg 768w, https:\/\/www.radiopiu.net\/wordpress\/wp-content\/uploads\/2020\/05\/solidariet\u00e0-veneto.jpg 1373w\" sizes=\"auto, (max-width: 200px) 100vw, 200px\" \/><\/a><span style=\"color: #008000;\">SPECIALE SOLIDARIETA&#8217; VENETO &#8211; FEBBRAIO 2022<\/span><\/strong><\/h2>\n<p><strong>di Claudio Fontanive<\/strong><\/p>\n<p>OSPITE: Paolo Stefan, Direttore di Solidariet\u00e0 Veneto<\/p>\n<audio class=\"wp-audio-shortcode\" id=\"audio-257784-11\" preload=\"none\" style=\"width: 100%;\" controls=\"controls\"><source type=\"audio\/mpeg\" src=\"https:\/\/www.radiopiu.net\/wordpress\/wp-content\/uploads\/2022\/02\/solidarieta-veneto-febbraio-2022.mp3?_=11\" \/><a href=\"https:\/\/www.radiopiu.net\/wordpress\/wp-content\/uploads\/2022\/02\/solidarieta-veneto-febbraio-2022.mp3\">https:\/\/www.radiopiu.net\/wordpress\/wp-content\/uploads\/2022\/02\/solidarieta-veneto-febbraio-2022.mp3<\/a><\/audio>\n<p><strong>LA RACCOLTA COMPLETA<\/strong><\/p>\n<blockquote class=\"wp-embedded-content\" data-secret=\"5ZEcfa02UQ\"><p><a href=\"https:\/\/www.radiopiu.net\/wordpress\/solidarieta-veneto\/\">Solidariet\u00e0 Veneto<\/a><\/p><\/blockquote>\n<p><iframe loading=\"lazy\" class=\"wp-embedded-content\" sandbox=\"allow-scripts\" security=\"restricted\" style=\"position: absolute; clip: rect(1px, 1px, 1px, 1px);\" title=\"&#8220;Solidariet\u00e0 Veneto&#8221; &#8212; Radio Pi\u00f9\" src=\"https:\/\/www.radiopiu.net\/wordpress\/solidarieta-veneto\/embed\/#?secret=5ZEcfa02UQ\" data-secret=\"5ZEcfa02UQ\" width=\"600\" height=\"338\" frameborder=\"0\" marginwidth=\"0\" marginheight=\"0\" scrolling=\"no\"><\/iframe><\/p>\n<p>&nbsp;<\/p>\n<p>&nbsp;<\/p>\n<p>&nbsp;<\/p>\n<hr \/>\n<p>&nbsp;<\/p>\n<p><strong>TUTTI I LUNEDI ALLE 10,30 E 1900, LA DOMENICA ALLE 8 007 IN CONDOTTA, LA SCUOLA CON LA PROF. MARIA ROSA SALMAZO E CLAUDIO FONTANIVE, IN PODCAST TUTTE LE PUNTATE DELLE ULTIME STAGIONI.<\/strong><\/p>\n<blockquote class=\"wp-embedded-content\" data-secret=\"n0Jbx0CJBI\"><p><a href=\"https:\/\/www.radiopiu.net\/wordpress\/007incondotta-9\/\">007 in condotta<\/a><\/p><\/blockquote>\n<p><iframe loading=\"lazy\" class=\"wp-embedded-content\" sandbox=\"allow-scripts\" security=\"restricted\" style=\"position: absolute; clip: rect(1px, 1px, 1px, 1px);\" title=\"&#8220;007 in condotta&#8221; &#8212; Radio Pi\u00f9\" src=\"https:\/\/www.radiopiu.net\/wordpress\/007incondotta-9\/embed\/#?secret=n0Jbx0CJBI\" data-secret=\"n0Jbx0CJBI\" width=\"600\" height=\"338\" frameborder=\"0\" marginwidth=\"0\" marginheight=\"0\" scrolling=\"no\"><\/iframe><\/p>\n<p>&nbsp;<\/p>\n<p>&nbsp;<\/p>\n<p>&nbsp;<\/p>\n<hr \/>\n<p>&nbsp;<\/p>\n<div>\n<div class=\"b654a4as d2edcug0\">\n<div class=\"rq0escxv hkbzh7o3 jwdofwj8 n8tt0mok r8blr3vg hyh9befq\">\n<p><a class=\"dt-pswp-item\" href=\"https:\/\/www.radiopiu.net\/wordpress\/wp-content\/uploads\/2020\/10\/pp.jpg\" data-dt-img-description=\"\" data-large_image_width=\"640\" data-large_image_height=\"640\"><img loading=\"lazy\" decoding=\"async\" class=\"wp-image-163678 alignleft\" src=\"https:\/\/www.radiopiu.net\/wordpress\/wp-content\/uploads\/2020\/10\/pp-300x300.jpg\" alt=\"\" width=\"106\" height=\"106\" srcset=\"https:\/\/www.radiopiu.net\/wordpress\/wp-content\/uploads\/2020\/10\/pp-300x300.jpg 300w, https:\/\/www.radiopiu.net\/wordpress\/wp-content\/uploads\/2020\/10\/pp-150x150.jpg 150w, https:\/\/www.radiopiu.net\/wordpress\/wp-content\/uploads\/2020\/10\/pp-125x125.jpg 125w, https:\/\/www.radiopiu.net\/wordpress\/wp-content\/uploads\/2020\/10\/pp-200x200.jpg 200w, https:\/\/www.radiopiu.net\/wordpress\/wp-content\/uploads\/2020\/10\/pp-80x80.jpg 80w, https:\/\/www.radiopiu.net\/wordpress\/wp-content\/uploads\/2020\/10\/pp-480x480.jpg 480w, https:\/\/www.radiopiu.net\/wordpress\/wp-content\/uploads\/2020\/10\/pp.jpg 640w\" sizes=\"auto, (max-width: 106px) 100vw, 106px\" \/><\/a><\/p>\n<\/div>\n<\/div>\n<\/div>\n<div>\n<div class=\"page-title-head hgroup\">\n<div class=\"page-title-head hgroup\">\n<div class=\"b654a4as d2edcug0\">\n<div class=\"j83agx80 btwxx1t3 lhclo0ds hop8lmos nkwizq5d scwd0bx6 roh60bw9\">\n<div class=\"rq0escxv hkbzh7o3 jwdofwj8 n8tt0mok r8blr3vg hyh9befq\">\n<div class=\"do00u71z l9j0dhe7 k4urcfbm\">\n<h2><span style=\"color: #000080;\">\u00a0<\/span><span style=\"color: #000080;\">DON CESARE, IL PENSIERO DEL GIORNO. ALLA RADIO ALLE 7 DEL MATTINO E ALLE 19.30 DELLA SERA.<\/span><\/h2>\n<\/div>\n<div class=\"do00u71z l9j0dhe7 k4urcfbm\">\n<audio class=\"wp-audio-shortcode\" id=\"audio-257784-12\" preload=\"none\" style=\"width: 100%;\" controls=\"controls\"><source type=\"audio\/mpeg\" src=\"https:\/\/www.radiopiu.net\/wordpress\/wp-content\/uploads\/2022\/02\/cesare-3.mp3?_=12\" \/><a href=\"https:\/\/www.radiopiu.net\/wordpress\/wp-content\/uploads\/2022\/02\/cesare-3.mp3\">https:\/\/www.radiopiu.net\/wordpress\/wp-content\/uploads\/2022\/02\/cesare-3.mp3<\/a><\/audio>\n<p>&nbsp;<\/p>\n<hr \/>\n<p>&nbsp;<\/p>\n<h3 class=\"kvgmc6g5 cxmmr5t8 oygrvhab hcukyx3x c1et5uql\"><span style=\"color: #0000ff;\"><strong>INFORMAZIONE il canale su TELEGRAM informazione di prima mano e in tempo reale. iscriviti ed aiutaci a farlo conoscere\u00a0\u00a0<\/strong><\/span><\/h3>\n<p>&nbsp;<\/p>\n<p>&nbsp;<\/p>\n<hr \/>\n<p>&nbsp;<\/p>\n<div class=\"do00u71z l9j0dhe7 k4urcfbm\">\n<div>\n<div class=\"page-title-head hgroup\">\n<div class=\"page-title-head hgroup\">\n<div class=\"b654a4as d2edcug0\">\n<div class=\"j83agx80 btwxx1t3 lhclo0ds hop8lmos nkwizq5d scwd0bx6 roh60bw9\">\n<div class=\"rq0escxv hkbzh7o3 jwdofwj8 n8tt0mok r8blr3vg hyh9befq\">\n<div class=\"do00u71z l9j0dhe7 k4urcfbm\">\n<div class=\"page-title-head hgroup\">\n<div class=\"page-title-head hgroup\">\n<div class=\"b654a4as d2edcug0\">\n<div class=\"j83agx80 btwxx1t3 lhclo0ds hop8lmos nkwizq5d scwd0bx6 roh60bw9\">\n<div class=\"rq0escxv hkbzh7o3 jwdofwj8 n8tt0mok r8blr3vg hyh9befq\">\n<div class=\"do00u71z l9j0dhe7 k4urcfbm\">\n<div class=\"ecm0bbzt e5nlhep0 a8c37x1j\">\n<div class=\"kvgmc6g5 cxmmr5t8 oygrvhab hcukyx3x c1et5uql\">\n<div class=\"gmail-kvgmc6g5 gmail-cxmmr5t8 gmail-oygrvhab gmail-hcukyx3x gmail-c1et5uql gmail-ii04i59q\">\n<div class=\"page-title-head hgroup\">\n<div class=\"page-title-head hgroup\">\n<div class=\"b654a4as d2edcug0\">\n<div class=\"j83agx80 btwxx1t3 lhclo0ds hop8lmos nkwizq5d scwd0bx6 roh60bw9\">\n<div class=\"rq0escxv hkbzh7o3 jwdofwj8 n8tt0mok r8blr3vg hyh9befq\">\n<div class=\"do00u71z l9j0dhe7 k4urcfbm\">\n<div class=\"page-title-head hgroup\">\n<div class=\"page-title-head hgroup\">\n<div class=\"b654a4as d2edcug0\">\n<div class=\"j83agx80 btwxx1t3 lhclo0ds hop8lmos nkwizq5d scwd0bx6 roh60bw9\">\n<div class=\"rq0escxv hkbzh7o3 jwdofwj8 n8tt0mok r8blr3vg hyh9befq\">\n<div class=\"do00u71z l9j0dhe7 k4urcfbm\">\n<div>\n<div class=\"page-title-head hgroup\">\n<div class=\"page-title-head hgroup\">\n<div class=\"b654a4as d2edcug0\">\n<div class=\"j83agx80 btwxx1t3 lhclo0ds hop8lmos nkwizq5d scwd0bx6 roh60bw9\">\n<div class=\"rq0escxv hkbzh7o3 jwdofwj8 n8tt0mok r8blr3vg hyh9befq\">\n<div class=\"do00u71z l9j0dhe7 k4urcfbm\">\n<div class=\"ecm0bbzt e5nlhep0 a8c37x1j\">\n<div class=\"kvgmc6g5 cxmmr5t8 oygrvhab hcukyx3x c1et5uql\">\n<div class=\"gmail-kvgmc6g5 gmail-cxmmr5t8 gmail-oygrvhab gmail-hcukyx3x gmail-c1et5uql gmail-ii04i59q\">\n<div class=\"page-title-head hgroup\">\n<div class=\"page-title-head hgroup\">\n<div class=\"b654a4as d2edcug0\">\n<div class=\"j83agx80 btwxx1t3 lhclo0ds hop8lmos nkwizq5d scwd0bx6 roh60bw9\">\n<div class=\"rq0escxv hkbzh7o3 jwdofwj8 n8tt0mok r8blr3vg hyh9befq\">\n<div class=\"do00u71z l9j0dhe7 k4urcfbm\">\n<blockquote>\n<h3><span style=\"color: #ff0000;\">IN VIVO VERSO, SETTIMA STAGIONE CON BRUNELLA MORO, DAL LUNEDI AL VENERDI ALLE 7.10, 10.10 E 18.50\u00a0\u00a0<\/span><\/h3>\n<h3><strong>FOLLIA DI SGUARDI di\u00a0 CARLO SORGIA\u00a0\u00a0<\/strong><\/h3>\n<\/blockquote>\n<p><strong>AUDIO\u00a0<\/strong><\/p>\n<audio class=\"wp-audio-shortcode\" id=\"audio-257784-13\" preload=\"none\" style=\"width: 100%;\" controls=\"controls\"><source type=\"audio\/mpeg\" src=\"https:\/\/www.radiopiu.net\/wordpress\/wp-content\/uploads\/2022\/01\/5-CARLO-SORGIA-FOLLIA-DI-SGUARDI.mp3?_=13\" \/><a href=\"https:\/\/www.radiopiu.net\/wordpress\/wp-content\/uploads\/2022\/01\/5-CARLO-SORGIA-FOLLIA-DI-SGUARDI.mp3\">https:\/\/www.radiopiu.net\/wordpress\/wp-content\/uploads\/2022\/01\/5-CARLO-SORGIA-FOLLIA-DI-SGUARDI.mp3<\/a><\/audio>\n<p>&nbsp;<\/p>\n<h3><strong><a href=\"https:\/\/www.radiopiu.net\/wordpress\/giornale-radiopiu-05-febbraio-2022-direttore-mirko-mezzacasa\/5-carlo-sorgia\/\" rel=\"attachment wp-att-257919\"><img loading=\"lazy\" decoding=\"async\" class=\"wp-image-257919 alignleft\" src=\"https:\/\/www.radiopiu.net\/wordpress\/wp-content\/uploads\/2022\/02\/5-CARLO-SORGIA-300x300.jpg\" alt=\"\" width=\"116\" height=\"116\" srcset=\"https:\/\/www.radiopiu.net\/wordpress\/wp-content\/uploads\/2022\/02\/5-CARLO-SORGIA-300x300.jpg 300w, https:\/\/www.radiopiu.net\/wordpress\/wp-content\/uploads\/2022\/02\/5-CARLO-SORGIA-150x150.jpg 150w, https:\/\/www.radiopiu.net\/wordpress\/wp-content\/uploads\/2022\/02\/5-CARLO-SORGIA.jpg 632w\" sizes=\"auto, (max-width: 116px) 100vw, 116px\" \/><\/a><\/strong><\/h3>\n<p>Follia di sguardi tra innamorati pazzi<br \/>\ne infinite storie<br \/>\nfisiche carezze, passionali baci,<br \/>\nparlano una voce sola.<br \/>\nFragili promesse sotto la luna<br \/>\nspergiuri amori per una notte magica<br \/>\nma lunga assai<br \/>\nilluminata dal disco bianco<br \/>\nche toglie il sonno ed il respiro &#8230;<br \/>\nma di sospiri ricco<br \/>\nper tante lune ancora.<\/p>\n<p>&nbsp;<\/p>\n<p><strong>LA RACCOLTA COMPLETA\u00a0 \u00a0<\/strong><\/p>\n<blockquote class=\"wp-embedded-content\" data-secret=\"D9jfefYNW8\"><p><a href=\"https:\/\/www.radiopiu.net\/wordpress\/in-vivo-verso\/\">In Vivo Verso<\/a><\/p><\/blockquote>\n<p><iframe loading=\"lazy\" class=\"wp-embedded-content\" sandbox=\"allow-scripts\" security=\"restricted\" style=\"position: absolute; clip: rect(1px, 1px, 1px, 1px);\" title=\"&#8220;In Vivo Verso&#8221; &#8212; Radio Pi\u00f9\" src=\"https:\/\/www.radiopiu.net\/wordpress\/in-vivo-verso\/embed\/#?secret=D9jfefYNW8\" data-secret=\"D9jfefYNW8\" width=\"600\" height=\"338\" frameborder=\"0\" marginwidth=\"0\" marginheight=\"0\" scrolling=\"no\"><\/iframe><\/p>\n<p>&nbsp;<\/p>\n<hr \/>\n<p>&nbsp;<\/p>\n<h2><span style=\"color: #808000;\">GOCCE DI FILOSOFIA<\/span><\/h2>\n<p><strong>PUNTATA 130 DEL 04 FEBBRAIO 2022<\/strong><\/p>\n<audio class=\"wp-audio-shortcode\" id=\"audio-257784-14\" preload=\"none\" style=\"width: 100%;\" controls=\"controls\"><source type=\"audio\/mpeg\" src=\"https:\/\/www.radiopiu.net\/wordpress\/wp-content\/uploads\/2022\/01\/FI5-4.mp3?_=14\" \/><a href=\"https:\/\/www.radiopiu.net\/wordpress\/wp-content\/uploads\/2022\/01\/FI5-4.mp3\">https:\/\/www.radiopiu.net\/wordpress\/wp-content\/uploads\/2022\/01\/FI5-4.mp3<\/a><\/audio>\n<p>&nbsp;<\/p>\n<p><strong>raccolta completa<\/strong><\/p>\n<blockquote class=\"wp-embedded-content\" data-secret=\"pwtawLtNbx\"><p><a href=\"https:\/\/www.radiopiu.net\/wordpress\/gocce-filosofia\/\">Gocce di filosofia, PRIMA E SECONDA STAGIONE 2022<\/a><\/p><\/blockquote>\n<p><iframe loading=\"lazy\" class=\"wp-embedded-content\" sandbox=\"allow-scripts\" security=\"restricted\" style=\"position: absolute; clip: rect(1px, 1px, 1px, 1px);\" title=\"&#8220;Gocce di filosofia, PRIMA E SECONDA STAGIONE 2022&#8221; &#8212; Radio Pi\u00f9\" src=\"https:\/\/www.radiopiu.net\/wordpress\/gocce-filosofia\/embed\/#?secret=pwtawLtNbx\" data-secret=\"pwtawLtNbx\" width=\"600\" height=\"338\" frameborder=\"0\" marginwidth=\"0\" marginheight=\"0\" scrolling=\"no\"><\/iframe><\/p>\n<p>&nbsp;<\/p>\n<hr \/>\n<p>&nbsp;<\/p>\n<p><span style=\"color: #0000ff;\">MUSICA PIU&#8217;\u00a0<\/span><\/p>\n<p><a href=\"https:\/\/www.radiopiu.net\/wordpress\/giornale-radiopiu-20-settembre-2021-direttore-mirko-mezzacasa\/pp-79\/\" rel=\"attachment wp-att-232921\"><img loading=\"lazy\" decoding=\"async\" class=\"wp-image-232921 alignleft\" src=\"https:\/\/www.radiopiu.net\/wordpress\/wp-content\/uploads\/2021\/09\/pp-1-300x300.jpg\" alt=\"\" width=\"135\" height=\"135\" srcset=\"https:\/\/www.radiopiu.net\/wordpress\/wp-content\/uploads\/2021\/09\/pp-1-300x300.jpg 300w, https:\/\/www.radiopiu.net\/wordpress\/wp-content\/uploads\/2021\/09\/pp-1-150x150.jpg 150w, https:\/\/www.radiopiu.net\/wordpress\/wp-content\/uploads\/2021\/09\/pp-1.jpg 640w\" sizes=\"auto, (max-width: 135px) 100vw, 135px\" \/><\/a><\/p>\n<div class=\"mkdf-post-text\">\n<div class=\"mkdf-post-text-inner\">\n<div class=\"mkdf-post-text-main\">\n<div class=\"mkdf-post-text\">\n<div class=\"mkdf-post-text-inner\">\n<div class=\"mkdf-post-text-main\">\n<div class=\"mkdf-post-text\">\n<div class=\"mkdf-post-text-inner\">\n<div class=\"mkdf-post-text-main\">\n<div class=\"page-title-head hgroup\">\n<div class=\"page-title-head hgroup\">\n<div class=\"mkdf-post-text\">\n<div class=\"mkdf-post-text-inner\">\n<div class=\"mkdf-post-text-main\">\n<div class=\"mkdf-post-text\">\n<div class=\"mkdf-post-text-inner\">\n<div class=\"mkdf-post-text-main\">\n<div class=\"page-title-head hgroup\">\n<div class=\"page-title-head hgroup\">\n<div class=\"page-title-head hgroup\">\n<div class=\"page-title-head hgroup\">\n<div class=\"b654a4as d2edcug0\">\n<div class=\"page-title-head hgroup\">\n<div class=\"page-title-head hgroup\">\n<div class=\"page-title-head hgroup\">\n<div class=\"page-title-head hgroup\">\n<div class=\"b654a4as d2edcug0\">\n<div class=\"page-title-head hgroup\">\n<div class=\"page-title-head hgroup\">\n<div class=\"page-title-head hgroup\">\n<div class=\"page-title-head hgroup\">\n<div class=\"b654a4as d2edcug0\">\n<div class=\"mkdf-post-text\">\n<div class=\"mkdf-post-text-inner\">\n<div class=\"mkdf-post-text-main\">\n<div class=\"mkdf-post-text\">\n<div class=\"mkdf-post-text-inner\">\n<div class=\"mkdf-post-text-main\">\n<div class=\"mkdf-post-text\">\n<div class=\"mkdf-post-text-inner\">\n<div class=\"mkdf-post-text-main\">\n<div class=\"page-title-head hgroup\">\n<div class=\"page-title-head hgroup\">\n<div class=\"mkdf-post-text\">\n<div class=\"mkdf-post-text-inner\">\n<div class=\"mkdf-post-text-main\">\n<div class=\"mkdf-post-text\">\n<div class=\"mkdf-post-text-inner\">\n<div class=\"mkdf-post-text-main\">\n<div class=\"page-title-head hgroup\">\n<div class=\"page-title-head hgroup\">\n<div class=\"page-title-head hgroup\">\n<div class=\"page-title-head hgroup\">\n<div class=\"b654a4as d2edcug0\">\n<div class=\"page-title-head hgroup\">\n<div class=\"page-title-head hgroup\">\n<div class=\"page-title-head hgroup\">\n<div class=\"page-title-head hgroup\">\n<div class=\"b654a4as d2edcug0\">\n<div class=\"page-title-head hgroup\">\n<div class=\"page-title-head hgroup\">\n<div class=\"page-title-head hgroup\">\n<div class=\"page-title-head hgroup\">\n<div class=\"b654a4as d2edcug0\">\n<div><\/div>\n<div><\/div>\n<div>\n<p><strong>MUSICA ALLA RADIO, IL PROGRAMMA DI LORIS SCUSSEL &#8220;COLLAGE OPERAZIONE NOSTALGIA&#8221; DAL LUNEDI AL VENERDI ALLE 16.00\u00a0 E ALLE 23\u00a0<\/strong><\/p>\n<\/div>\n<p><strong>\u00a0\u00a0<\/strong><\/p>\n<p><strong>PUNTATA 535 DEL 04 FEBBRAIO 2022<\/strong><\/p>\n<audio class=\"wp-audio-shortcode\" id=\"audio-257784-15\" preload=\"none\" style=\"width: 100%;\" controls=\"controls\"><source type=\"audio\/mpeg\" src=\"https:\/\/www.radiopiu.net\/wordpress\/wp-content\/uploads\/2022\/01\/Collage-535.mp3?_=15\" \/><a href=\"https:\/\/www.radiopiu.net\/wordpress\/wp-content\/uploads\/2022\/01\/Collage-535.mp3\">https:\/\/www.radiopiu.net\/wordpress\/wp-content\/uploads\/2022\/01\/Collage-535.mp3<\/a><\/audio>\n<p>&nbsp;<\/p>\n<p>&nbsp;<\/p>\n<\/div>\n<\/div>\n<\/div>\n<\/div>\n<\/div>\n<\/div>\n<\/div>\n<\/div>\n<\/div>\n<\/div>\n<\/div>\n<\/div>\n<\/div>\n<\/div>\n<\/div>\n<\/div>\n<\/div>\n<\/div>\n<\/div>\n<\/div>\n<\/div>\n<\/div>\n<\/div>\n<\/div>\n<\/div>\n<\/div>\n<\/div>\n<\/div>\n<\/div>\n<\/div>\n<\/div>\n<\/div>\n<\/div>\n<\/div>\n<\/div>\n<\/div>\n<\/div>\n<\/div>\n<\/div>\n<\/div>\n<\/div>\n<\/div>\n<\/div>\n<\/div>\n<\/div>\n<\/div>\n<\/div>\n<\/div>\n<\/div>\n<\/div>\n<\/div>\n<\/div>\n<\/div>\n<\/div>\n<\/div>\n<\/div>\n<\/div>\n<\/div>\n<\/div>\n<\/div>\n<\/div>\n<\/div>\n<\/div>\n<\/div>\n<hr \/>\n<p>&nbsp;<\/p>\n<p>&nbsp;<\/p>\n<blockquote class=\"wp-embedded-content\" data-secret=\"iWKPsWodgc\"><p><a href=\"https:\/\/www.radiopiu.net\/wordpress\/freemix-la-liberta-musicale-mixata-da-dj-athos-e-raccontata-da-dj-jack\/\">FREEMIX, LA LIBERTA&#8217; MUSICALE MIXATA DA DJ ATHOS E RACCONTATA DA DJ JACK<\/a><\/p><\/blockquote>\n<p><iframe loading=\"lazy\" class=\"wp-embedded-content\" sandbox=\"allow-scripts\" security=\"restricted\" style=\"position: absolute; clip: rect(1px, 1px, 1px, 1px);\" title=\"&#8220;FREEMIX, LA LIBERTA&#8217; MUSICALE MIXATA DA DJ ATHOS E RACCONTATA DA DJ JACK&#8221; &#8212; Radio Pi\u00f9\" src=\"https:\/\/www.radiopiu.net\/wordpress\/freemix-la-liberta-musicale-mixata-da-dj-athos-e-raccontata-da-dj-jack\/embed\/#?secret=iWKPsWodgc\" data-secret=\"iWKPsWodgc\" width=\"600\" height=\"338\" frameborder=\"0\" marginwidth=\"0\" marginheight=\"0\" scrolling=\"no\"><\/iframe><\/p>\n<p>&nbsp;<\/p>\n<blockquote class=\"wp-embedded-content\" data-secret=\"7krcg9tmZH\"><p><a href=\"https:\/\/www.radiopiu.net\/wordpress\/da-ieri-alla-radio-in-palinsesto-loris-e-maurizio-con-la-grande-musica\/\">IL BLUES ALLA RADIO &#8230; COME NON L&#8217;AVETE MAI SENTITO PRIMA<\/a><\/p><\/blockquote>\n<p><iframe loading=\"lazy\" class=\"wp-embedded-content\" sandbox=\"allow-scripts\" security=\"restricted\" style=\"position: absolute; clip: rect(1px, 1px, 1px, 1px);\" title=\"&#8220;IL BLUES ALLA RADIO &#8230; COME NON L&#8217;AVETE MAI SENTITO PRIMA&#8221; &#8212; Radio Pi\u00f9\" src=\"https:\/\/www.radiopiu.net\/wordpress\/da-ieri-alla-radio-in-palinsesto-loris-e-maurizio-con-la-grande-musica\/embed\/#?secret=7krcg9tmZH\" data-secret=\"7krcg9tmZH\" width=\"600\" height=\"338\" frameborder=\"0\" marginwidth=\"0\" marginheight=\"0\" scrolling=\"no\"><\/iframe><\/p>\n<p>&nbsp;<\/p>\n<hr \/>\n<p>&nbsp;<\/p>\n<blockquote>\n<h3><span style=\"color: #0000ff;\">INFORMAZIONE il canale su TELEGRAM informazione di prima mano e in tempo reale. iscriviti ed aiutaci a farlo conoscere\u00a0\u00a0<\/span><\/h3>\n<\/blockquote>\n<div>\n<div class=\"page-title-head hgroup\">\n<div class=\"page-title-head hgroup\">\n<div class=\"page-title-head hgroup\">\n<div class=\"page-title-head hgroup\">\n<div class=\"b654a4as d2edcug0\">\n<div class=\"page-title-head hgroup\">\n<div class=\"page-title-head hgroup\">\n<div class=\"page-title-head hgroup\">\n<div class=\"page-title-head hgroup\">\n<div class=\"b654a4as d2edcug0\">\n<div class=\"page-title-head hgroup\">\n<div class=\"page-title-head hgroup\">\n<div class=\"page-title-head hgroup\">\n<div class=\"page-title-head hgroup\">\n<div class=\"page-title-head hgroup\">\n<div class=\"page-title-head hgroup\">\n<div class=\"page-title-head hgroup\">\n<div class=\"page-title-head hgroup\">\n<div class=\"page-title-head hgroup\">\n<div class=\"b654a4as d2edcug0\">\n<div class=\"page-title-head hgroup\">\n<div class=\"page-title-head hgroup\">\n<div class=\"page-title-head hgroup\">\n<div class=\"page-title-head hgroup\">\n<div class=\"b654a4as d2edcug0\">\n<div>\n<p>&nbsp;<\/p>\n<\/div>\n<div>\n<div class=\"page-title-head hgroup\">\n<div class=\"page-title-head hgroup\">\n<div class=\"page-title-head hgroup\">\n<div class=\"page-title-head hgroup\">\n<div class=\"page-title-head hgroup\">\n<div class=\"b654a4as d2edcug0\">\n<div>\n<hr \/>\n<\/div>\n<\/div>\n<div>\n<div>\n<p>&nbsp;<\/p>\n<\/div>\n<div>\n<div>\n<p>&nbsp;<\/p>\n<\/div>\n<div>\n<div>\n<p><strong>DUE MINUTI UN LIBRO, TUTTI I GIORNI ALLA RADIO ALLE 9.40 E ALLE 17.50\u00a0<\/strong><\/p>\n<div>\n<div>\n<p><strong>LA RACCOLTA COMPLETA\u00a0\u00a0<\/strong><\/p>\n<\/div>\n<div>\n<blockquote class=\"wp-embedded-content\" data-secret=\"g3DIArpkmi\"><p><a href=\"https:\/\/www.radiopiu.net\/wordpress\/due-minuti-un-libro\/\">Due minuti un libro<\/a><\/p><\/blockquote>\n<p><iframe loading=\"lazy\" class=\"wp-embedded-content\" sandbox=\"allow-scripts\" security=\"restricted\" style=\"position: absolute; clip: rect(1px, 1px, 1px, 1px);\" title=\"&#8220;Due minuti un libro&#8221; &#8212; Radio Pi\u00f9\" src=\"https:\/\/www.radiopiu.net\/wordpress\/due-minuti-un-libro\/embed\/#?secret=g3DIArpkmi\" data-secret=\"g3DIArpkmi\" width=\"600\" height=\"338\" frameborder=\"0\" marginwidth=\"0\" marginheight=\"0\" scrolling=\"no\"><\/iframe><\/p>\n<\/div>\n<\/div>\n<\/div>\n<div class=\"mkdf-post-text\">\n<div class=\"mkdf-post-text-inner\">\n<div class=\"mkdf-post-text-main\">\n<div class=\"mkdf-post-text\">\n<div class=\"mkdf-post-text-inner\">\n<div class=\"mkdf-post-text-main\">\n<div class=\"mkdf-post-text\">\n<div class=\"mkdf-post-text-inner\">\n<div class=\"mkdf-post-text-main\">\n<div class=\"page-title-head hgroup\">\n<div class=\"page-title-head hgroup\">\n<div class=\"mkdf-post-text\">\n<div class=\"mkdf-post-text-inner\">\n<div class=\"mkdf-post-text-main\">\n<div class=\"mkdf-post-text\">\n<div class=\"mkdf-post-text-inner\">\n<div class=\"mkdf-post-text-main\">\n<div class=\"page-title-head hgroup\">\n<div class=\"page-title-head hgroup\">\n<div class=\"page-title-head hgroup\">\n<div class=\"page-title-head hgroup\">\n<div class=\"b654a4as d2edcug0\">\n<div class=\"page-title-head hgroup\">\n<div class=\"page-title-head hgroup\">\n<div class=\"page-title-head hgroup\">\n<div class=\"page-title-head hgroup\">\n<div class=\"b654a4as d2edcug0\">\n<div class=\"page-title-head hgroup\">\n<div class=\"page-title-head hgroup\">\n<div class=\"page-title-head hgroup\">\n<div class=\"page-title-head hgroup\">\n<div class=\"b654a4as d2edcug0\">\n<div>\n<p>&nbsp;<\/p>\n<\/div>\n<div>\n<hr \/>\n<p>&nbsp;<\/p>\n<\/div>\n<h2><span style=\"color: #808000;\">L&#8217;ALMANACCO LADINO\u00a0\u00a0<\/span><\/h2>\n<p><strong>LA RACCOLTA<\/strong><\/p>\n<blockquote class=\"wp-embedded-content\" data-secret=\"dB2wS50MMu\"><p><a href=\"https:\/\/www.radiopiu.net\/wordpress\/almanacco-ladino\/\">Almanacco Ladino<\/a><\/p><\/blockquote>\n<p><iframe loading=\"lazy\" class=\"wp-embedded-content\" sandbox=\"allow-scripts\" security=\"restricted\" style=\"position: absolute; clip: rect(1px, 1px, 1px, 1px);\" title=\"&#8220;Almanacco Ladino&#8221; &#8212; Radio Pi\u00f9\" src=\"https:\/\/www.radiopiu.net\/wordpress\/almanacco-ladino\/embed\/#?secret=dB2wS50MMu\" data-secret=\"dB2wS50MMu\" width=\"600\" height=\"338\" frameborder=\"0\" marginwidth=\"0\" marginheight=\"0\" scrolling=\"no\"><\/iframe><\/p>\n<p>&nbsp;<\/p>\n<hr \/>\n<p>&nbsp;<\/p>\n<h2><span style=\"color: #33cccc;\">LA RASSEGNA STAMPA DA L&#8217;AMICO DEL POPOLO<\/span><\/h2>\n<p><strong>LA RACCOLTA COMPLETA<\/strong><\/p>\n<blockquote class=\"wp-embedded-content\" data-secret=\"wq0Pd1qYxc\"><p><a href=\"https:\/\/www.radiopiu.net\/wordpress\/rassegna-stampa-di-gianni-santomaso\/\">Rassegna stampa da l&#8217;amico del popolo &#8211; di Gianni Santomaso<\/a><\/p><\/blockquote>\n<p><iframe loading=\"lazy\" class=\"wp-embedded-content\" sandbox=\"allow-scripts\" security=\"restricted\" style=\"position: absolute; clip: rect(1px, 1px, 1px, 1px);\" title=\"&#8220;Rassegna stampa da l&#8217;amico del popolo &#8211; di Gianni Santomaso&#8221; &#8212; Radio Pi\u00f9\" src=\"https:\/\/www.radiopiu.net\/wordpress\/rassegna-stampa-di-gianni-santomaso\/embed\/#?secret=wq0Pd1qYxc\" data-secret=\"wq0Pd1qYxc\" width=\"600\" height=\"338\" frameborder=\"0\" marginwidth=\"0\" marginheight=\"0\" scrolling=\"no\"><\/iframe><\/p>\n<p>&nbsp;<\/p>\n<hr \/>\n<p>&nbsp;<\/p>\n<h2><span style=\"color: #800080;\">I RACCONTI DI PAOLO SOPPELSA\u00a0<\/span><\/h2>\n<p><strong>LA RACCOLTA COMPLETA<\/strong><\/p>\n<blockquote class=\"wp-embedded-content\" data-secret=\"zyMrivkSQw\"><p><a href=\"https:\/\/www.radiopiu.net\/wordpress\/i-racconti-di-paolo-soppelsa\/\">I racconti di Paolo Soppelsa<\/a><\/p><\/blockquote>\n<p><iframe loading=\"lazy\" class=\"wp-embedded-content\" sandbox=\"allow-scripts\" security=\"restricted\" style=\"position: absolute; clip: rect(1px, 1px, 1px, 1px);\" title=\"&#8220;I racconti di Paolo Soppelsa&#8221; &#8212; Radio Pi\u00f9\" src=\"https:\/\/www.radiopiu.net\/wordpress\/i-racconti-di-paolo-soppelsa\/embed\/#?secret=zyMrivkSQw\" data-secret=\"zyMrivkSQw\" width=\"600\" height=\"338\" frameborder=\"0\" marginwidth=\"0\" marginheight=\"0\" scrolling=\"no\"><\/iframe><\/p>\n<p>&nbsp;<\/p>\n<hr \/>\n<\/div>\n<div class=\"b654a4as d2edcug0\">\n<p>&nbsp;<\/p>\n<p><a href=\"https:\/\/www.radiopiu.net\/wordpress\/giornale-radiopiu-26-settembre-2018-direttore-mirko-mezzacasa\/viabilita-2\/\" rel=\"attachment wp-att-61954\"><img loading=\"lazy\" decoding=\"async\" class=\"aligncenter wp-image-61954 size-full\" src=\"https:\/\/www.radiopiu.net\/wordpress\/wp-content\/uploads\/2018\/09\/viabilita.jpeg\" sizes=\"auto, (max-width: 800px) 100vw, 800px\" srcset=\"https:\/\/www.radiopiu.net\/wordpress\/wp-content\/uploads\/2018\/09\/viabilita.jpeg 800w, https:\/\/www.radiopiu.net\/wordpress\/wp-content\/uploads\/2018\/09\/viabilita-300x38.jpeg 300w, https:\/\/www.radiopiu.net\/wordpress\/wp-content\/uploads\/2018\/09\/viabilita-768x96.jpeg 768w\" alt=\"\" width=\"800\" height=\"100\" \/><\/a><\/p>\n<div class=\"ecm0bbzt e5nlhep0 a8c37x1j\">\n<div class=\"kvgmc6g5 cxmmr5t8 oygrvhab hcukyx3x c1et5uql\">\n<div class=\"gmail-kvgmc6g5 gmail-cxmmr5t8 gmail-oygrvhab gmail-hcukyx3x gmail-c1et5uql gmail-ii04i59q\">\n<div class=\"page-title-head hgroup\">\n<div class=\"page-title-head hgroup\">\n<div class=\"b654a4as d2edcug0\">\n<div class=\"j83agx80 btwxx1t3 lhclo0ds hop8lmos nkwizq5d scwd0bx6 roh60bw9\">\n<div class=\"rq0escxv hkbzh7o3 jwdofwj8 n8tt0mok r8blr3vg hyh9befq\">\n<div class=\"do00u71z l9j0dhe7 k4urcfbm\">\n<div class=\"page-title-head hgroup\">\n<div class=\"page-title-head hgroup\">\n<div class=\"page-title-head hgroup\">\n<div class=\"page-title-head hgroup\">\n<div class=\"b654a4as d2edcug0\">\n<div class=\"page-title-head hgroup\">\n<div class=\"page-title-head hgroup\">\n<div class=\"page-title-head hgroup\">\n<div class=\"page-title-head hgroup\">\n<div class=\"b654a4as d2edcug0\">\n<div class=\"page-title-head hgroup\">\n<div class=\"page-title-head hgroup\">\n<div class=\"page-title-head hgroup\">\n<div class=\"page-title-head hgroup\">\n<div class=\"page-title-head hgroup\">\n<div class=\"page-title-head hgroup\">\n<div class=\"page-title-head hgroup\">\n<div class=\"page-title-head hgroup\">\n<div class=\"page-title-head hgroup\">\n<div class=\"b654a4as d2edcug0\">\n<div class=\"page-title-head hgroup\">\n<div class=\"page-title-head hgroup\">\n<div class=\"page-title-head hgroup\">\n<div class=\"page-title-head hgroup\">\n<div class=\"b654a4as d2edcug0\">\n<div class=\"page-title-head hgroup\">\n<div class=\"page-title-head hgroup\">\n<div class=\"page-title-head hgroup\">\n<div class=\"page-title-head hgroup\">\n<div class=\"page-title-head hgroup\">\n<div class=\"mkdf-post-text\">\n<div class=\"mkdf-post-text-inner\">\n<div class=\"mkdf-post-text-main\">\n<div class=\"mkdf-post-text\">\n<div class=\"mkdf-post-text-inner\">\n<div class=\"mkdf-post-text-main\">\n<div class=\"mkdf-post-text\">\n<div class=\"mkdf-post-text-inner\">\n<div class=\"mkdf-post-text-main\">\n<div class=\"page-title-head hgroup\">\n<div class=\"page-title-head hgroup\">\n<div class=\"mkdf-post-text\">\n<div class=\"mkdf-post-text-inner\">\n<div class=\"mkdf-post-text-main\">\n<div class=\"mkdf-post-text\">\n<div class=\"mkdf-post-text-inner\">\n<div class=\"mkdf-post-text-main\">\n<div class=\"page-title-head hgroup\">\n<div class=\"page-title-head hgroup\">\n<div class=\"page-title-head hgroup\">\n<div class=\"page-title-head hgroup\">\n<div class=\"b654a4as d2edcug0\">\n<div class=\"page-title-head hgroup\">\n<div class=\"page-title-head hgroup\">\n<div class=\"page-title-head hgroup\">\n<div class=\"page-title-head hgroup\">\n<div class=\"b654a4as d2edcug0\">\n<div class=\"page-title-head hgroup\">\n<div class=\"page-title-head hgroup\">\n<div class=\"page-title-head hgroup\">\n<div class=\"page-title-head hgroup\">\n<div class=\"b654a4as d2edcug0\">\n<div class=\"chat-input\">\n<div class=\"chat-input-container\">\n<div class=\"rows-wrapper chat-input-wrapper\">\n<div class=\"reply-wrapper\">\n<div class=\"btn-menu\">\n<div class=\"btn-menu-item tgico-replace rp\">\n<div class=\"c-ripple\">\n<div class=\"bubbles scrolled-down\">\n<div class=\"scrollable scrollable-y\">\n<div class=\"bubbles-inner has-rights is-chat is-channel\">\n<div class=\"bubbles-date-group\">\n<div class=\"bubble hide-name is-out can-have-tail is-group-first is-group-last is-read\" data-mid=\"5377294335\" data-peer-id=\"-1478820725\" data-timestamp=\"1638437407\">\n<div class=\"bubble-content-wrapper\">\n<div class=\"bubble-content\">\n<p class=\"message\" dir=\"auto\"><strong>\u00a0\u00a0<\/strong><\/p>\n<blockquote>\n<h3>SENSO UNICO ALTERNATO E INTERDIZIONE TOTALE AL TRAFFICO DELLA STRADA PER NOACH<\/h3>\n<\/blockquote>\n<p><strong><a href=\"https:\/\/www.radiopiu.net\/wordpress\/giornale-radiopiu-16-giugno-2021-direttore-mirko-mezzacasa\/lavori-7\/\" rel=\"attachment wp-att-216176\"><img loading=\"lazy\" decoding=\"async\" class=\" wp-image-216176 alignleft\" src=\"https:\/\/www.radiopiu.net\/wordpress\/wp-content\/uploads\/2021\/06\/LAVORI.jpg\" alt=\"\" width=\"120\" height=\"105\" \/><\/a> <\/strong><strong>LA VALLE<\/strong>\u00a0 la strada di Noach sar\u00e0 chiusa totalmente nei giorni 5 e 6 febbraio dalle 8 di sabato fino alle 17 di domenica. Il tratto di strada interessato parte da via Noach tra l&#8217;entrata della piazzola attrezzata per la produzione di biomasse e l&#8217;innesto della strada comunale con la regionale 203 Agordina.<\/p>\n<p dir=\"auto\">\n<\/div>\n<\/div>\n<\/div>\n<\/div>\n<\/div>\n<\/div>\n<\/div>\n<\/div>\n<\/div>\n<\/div>\n<\/div>\n<\/div>\n<\/div>\n<\/div>\n<\/div>\n<\/div>\n<\/div>\n<\/div>\n<\/div>\n<\/div>\n<\/div>\n<\/div>\n<\/div>\n<\/div>\n<\/div>\n<\/div>\n<\/div>\n<\/div>\n<\/div>\n<\/div>\n<\/div>\n<\/div>\n<\/div>\n<\/div>\n<\/div>\n<\/div>\n<\/div>\n<\/div>\n<\/div>\n<\/div>\n<\/div>\n<\/div>\n<\/div>\n<\/div>\n<\/div>\n<\/div>\n<\/div>\n<\/div>\n<\/div>\n<\/div>\n<\/div>\n<\/div>\n<\/div>\n<\/div>\n<\/div>\n<\/div>\n<\/div>\n<\/div>\n<\/div>\n<\/div>\n<\/div>\n<\/div>\n<\/div>\n<\/div>\n<\/div>\n<\/div>\n<\/div>\n<\/div>\n<\/div>\n<\/div>\n<\/div>\n<\/div>\n<\/div>\n<\/div>\n<\/div>\n<\/div>\n<\/div>\n<\/div>\n<\/div>\n<\/div>\n<\/div>\n<\/div>\n<\/div>\n<\/div>\n<\/div>\n<\/div>\n<\/div>\n<\/div>\n<\/div>\n<\/div>\n<\/div>\n<\/div>\n<\/div>\n<\/div>\n<\/div>\n<\/div>\n<\/div>\n<\/div>\n<\/div>\n<\/div>\n<\/div>\n<\/div>\n<\/div>\n<\/div>\n<\/div>\n<\/div>\n<\/div>\n<\/div>\n<\/div>\n<\/div>\n<\/div>\n<\/div>\n<\/div>\n<\/div>\n<\/div>\n<\/div>\n<\/div>\n<\/div>\n<\/div>\n<\/div>\n<\/div>\n<\/div>\n<\/div>\n<\/div>\n<\/div>\n<\/div>\n<\/div>\n<\/div>\n<\/div>\n<\/div>\n<\/div>\n<\/div>\n<\/div>\n<\/div>\n<\/div>\n<\/div>\n<\/div>\n<\/div>\n<\/div>\n<\/div>\n<\/div>\n<\/div>\n<\/div>\n<\/div>\n<\/div>\n<\/div>\n<\/div>\n<\/div>\n<\/div>\n<\/div>\n<\/div>\n<\/div>\n<\/div>\n<\/div>\n<\/div>\n<\/div>\n<\/div>\n<\/div>\n<\/div>\n<\/div>\n<\/div>\n<\/div>\n<\/div>\n<\/div>\n<\/div>\n<\/div>\n<\/div>\n<\/div>\n<div>\n<div class=\"page-title-head hgroup\">\n<div class=\"page-title-head hgroup\">\n<div class=\"b654a4as d2edcug0\">\n<div class=\"j83agx80 btwxx1t3 lhclo0ds hop8lmos nkwizq5d scwd0bx6 roh60bw9\">\n<div class=\"rq0escxv hkbzh7o3 jwdofwj8 n8tt0mok r8blr3vg hyh9befq\">\n<div class=\"do00u71z l9j0dhe7 k4urcfbm\">\n<div class=\"ecm0bbzt e5nlhep0 a8c37x1j\">\n<div class=\"kvgmc6g5 cxmmr5t8 oygrvhab hcukyx3x c1et5uql\">\n<div class=\"gmail-kvgmc6g5 gmail-cxmmr5t8 gmail-oygrvhab gmail-hcukyx3x gmail-c1et5uql gmail-ii04i59q\">\n<div class=\"page-title-head hgroup\">\n<div class=\"page-title-head hgroup\">\n<div class=\"b654a4as d2edcug0\">\n<div class=\"j83agx80 btwxx1t3 lhclo0ds hop8lmos nkwizq5d scwd0bx6 roh60bw9\">\n<div class=\"rq0escxv hkbzh7o3 jwdofwj8 n8tt0mok r8blr3vg hyh9befq\">\n<div class=\"do00u71z l9j0dhe7 k4urcfbm\">\n<div class=\"page-title-head hgroup\">\n<div class=\"page-title-head hgroup\">\n<div class=\"page-title-head hgroup\">\n<div class=\"page-title-head hgroup\">\n<div class=\"b654a4as d2edcug0\">\n<div class=\"page-title-head hgroup\">\n<div class=\"page-title-head hgroup\">\n<div class=\"page-title-head hgroup\">\n<div class=\"page-title-head hgroup\">\n<div class=\"b654a4as d2edcug0\">\n<div class=\"page-title-head hgroup\">\n<div class=\"page-title-head hgroup\">\n<div class=\"page-title-head hgroup\">\n<div class=\"page-title-head hgroup\">\n<div class=\"page-title-head hgroup\">\n<div class=\"page-title-head hgroup\">\n<div class=\"page-title-head hgroup\">\n<div class=\"page-title-head hgroup\">\n<div class=\"page-title-head hgroup\">\n<div class=\"b654a4as d2edcug0\">\n<div class=\"page-title-head hgroup\">\n<div class=\"page-title-head hgroup\">\n<div class=\"page-title-head hgroup\">\n<div class=\"page-title-head hgroup\">\n<div class=\"b654a4as d2edcug0\">\n<div class=\"page-title-head hgroup\">\n<div class=\"page-title-head hgroup\">\n<div class=\"page-title-head hgroup\">\n<div class=\"page-title-head hgroup\">\n<div class=\"page-title-head hgroup\">\n<div class=\"mkdf-post-text\">\n<div class=\"mkdf-post-text-inner\">\n<div class=\"mkdf-post-text-main\">\n<div class=\"mkdf-post-text\">\n<div class=\"mkdf-post-text-inner\">\n<div class=\"mkdf-post-text-main\">\n<div class=\"mkdf-post-text\">\n<div class=\"mkdf-post-text-inner\">\n<div class=\"mkdf-post-text-main\">\n<div class=\"page-title-head hgroup\">\n<div class=\"page-title-head hgroup\">\n<div class=\"mkdf-post-text\">\n<div class=\"mkdf-post-text-inner\">\n<div class=\"mkdf-post-text-main\">\n<div class=\"mkdf-post-text\">\n<div class=\"mkdf-post-text-inner\">\n<div class=\"mkdf-post-text-main\">\n<div class=\"page-title-head hgroup\">\n<div class=\"page-title-head hgroup\">\n<div class=\"page-title-head hgroup\">\n<div class=\"page-title-head hgroup\">\n<div class=\"b654a4as d2edcug0\">\n<div class=\"page-title-head hgroup\">\n<div class=\"page-title-head hgroup\">\n<div class=\"page-title-head hgroup\">\n<div class=\"page-title-head hgroup\">\n<div class=\"b654a4as d2edcug0\">\n<div class=\"page-title-head hgroup\">\n<div class=\"page-title-head hgroup\">\n<div class=\"page-title-head hgroup\">\n<div class=\"page-title-head hgroup\">\n<div class=\"b654a4as d2edcug0\">\n<div class=\"ecm0bbzt e5nlhep0 a8c37x1j\">\n<div class=\"kvgmc6g5 cxmmr5t8 oygrvhab hcukyx3x c1et5uql\">\n<div class=\"gmail-kvgmc6g5 gmail-cxmmr5t8 gmail-oygrvhab gmail-hcukyx3x gmail-c1et5uql gmail-ii04i59q\">\n<div class=\"page-title-head hgroup\">\n<div class=\"page-title-head hgroup\">\n<div class=\"b654a4as d2edcug0\">\n<div class=\"j83agx80 btwxx1t3 lhclo0ds hop8lmos nkwizq5d scwd0bx6 roh60bw9\">\n<div class=\"rq0escxv hkbzh7o3 jwdofwj8 n8tt0mok r8blr3vg hyh9befq\">\n<div class=\"do00u71z l9j0dhe7 k4urcfbm\">\n<div class=\"page-title-head hgroup\">\n<div class=\"page-title-head hgroup\">\n<div class=\"page-title-head hgroup\">\n<div class=\"page-title-head hgroup\">\n<div class=\"b654a4as d2edcug0\">\n<div class=\"page-title-head hgroup\">\n<div class=\"page-title-head hgroup\">\n<div class=\"page-title-head hgroup\">\n<div class=\"page-title-head hgroup\">\n<div class=\"b654a4as d2edcug0\">\n<div class=\"page-title-head hgroup\">\n<div class=\"page-title-head hgroup\">\n<div class=\"page-title-head hgroup\">\n<div class=\"page-title-head hgroup\">\n<div class=\"page-title-head hgroup\">\n<div class=\"page-title-head hgroup\">\n<div class=\"page-title-head hgroup\">\n<div class=\"page-title-head hgroup\">\n<div class=\"page-title-head hgroup\">\n<div class=\"b654a4as d2edcug0\">\n<div class=\"page-title-head hgroup\">\n<div class=\"page-title-head hgroup\">\n<div class=\"page-title-head hgroup\">\n<div class=\"page-title-head hgroup\">\n<div class=\"b654a4as d2edcug0\">\n<div class=\"page-title-head hgroup\">\n<div class=\"page-title-head hgroup\">\n<div class=\"page-title-head hgroup\">\n<div class=\"page-title-head hgroup\">\n<div class=\"page-title-head hgroup\">\n<div class=\"mkdf-post-text\">\n<div class=\"mkdf-post-text-inner\">\n<div class=\"mkdf-post-text-main\">\n<div class=\"mkdf-post-text\">\n<div class=\"mkdf-post-text-inner\">\n<div class=\"mkdf-post-text-main\">\n<div class=\"mkdf-post-text\">\n<div class=\"mkdf-post-text-inner\">\n<div class=\"mkdf-post-text-main\">\n<div class=\"page-title-head hgroup\">\n<div class=\"page-title-head hgroup\">\n<div class=\"mkdf-post-text\">\n<div class=\"mkdf-post-text-inner\">\n<div class=\"mkdf-post-text-main\">\n<div class=\"mkdf-post-text\">\n<div class=\"mkdf-post-text-inner\">\n<div class=\"mkdf-post-text-main\">\n<div class=\"page-title-head hgroup\">\n<div class=\"page-title-head hgroup\">\n<div class=\"page-title-head hgroup\">\n<div class=\"page-title-head hgroup\">\n<div class=\"b654a4as d2edcug0\">\n<div class=\"page-title-head hgroup\">\n<div class=\"page-title-head hgroup\">\n<div class=\"page-title-head hgroup\">\n<div class=\"page-title-head hgroup\">\n<div class=\"b654a4as d2edcug0\">\n<div class=\"page-title-head hgroup\">\n<div class=\"page-title-head hgroup\">\n<div class=\"page-title-head hgroup\">\n<div class=\"page-title-head hgroup\">\n<div class=\"b654a4as d2edcug0\">\n<blockquote class=\"wp-embedded-content\" data-secret=\"vqNdjqKszd\"><p><a href=\"https:\/\/www.radiopiu.net\/wordpress\/viabilita\/\">viabilita<\/a><\/p><\/blockquote>\n<p><iframe loading=\"lazy\" class=\"wp-embedded-content\" sandbox=\"allow-scripts\" security=\"restricted\" style=\"position: absolute; clip: rect(1px, 1px, 1px, 1px);\" title=\"&#8220;viabilita&#8221; &#8212; Radio Pi\u00f9\" src=\"https:\/\/www.radiopiu.net\/wordpress\/viabilita\/embed\/#?secret=vqNdjqKszd\" data-secret=\"vqNdjqKszd\" width=\"600\" height=\"338\" frameborder=\"0\" marginwidth=\"0\" marginheight=\"0\" scrolling=\"no\"><\/iframe><\/p>\n<p>&nbsp;<\/p>\n<hr \/>\n<p>&nbsp;<\/p>\n<\/div>\n<div class=\"b654a4as d2edcug0\">\n<div class=\"ecm0bbzt e5nlhep0 a8c37x1j\">\n<div class=\"kvgmc6g5 cxmmr5t8 oygrvhab hcukyx3x c1et5uql\">\n<div class=\"gmail-kvgmc6g5 gmail-cxmmr5t8 gmail-oygrvhab gmail-hcukyx3x gmail-c1et5uql gmail-ii04i59q\">\n<div>\n<div class=\"page-title-head hgroup\">\n<div class=\"page-title-head hgroup\">\n<div class=\"b654a4as d2edcug0\">\n<div class=\"j83agx80 btwxx1t3 lhclo0ds hop8lmos nkwizq5d scwd0bx6 roh60bw9\">\n<div class=\"rq0escxv hkbzh7o3 jwdofwj8 n8tt0mok r8blr3vg hyh9befq\">\n<div class=\"do00u71z l9j0dhe7 k4urcfbm\">\n<div>\n<div class=\"page-title-head hgroup\">\n<div class=\"page-title-head hgroup\">\n<div class=\"page-title-head hgroup\">\n<div class=\"page-title-head hgroup\">\n<div class=\"b654a4as d2edcug0\">\n<div class=\"page-title-head hgroup\">\n<div class=\"page-title-head hgroup\">\n<div class=\"page-title-head hgroup\">\n<div class=\"page-title-head hgroup\">\n<div class=\"b654a4as d2edcug0\">\n<div class=\"page-title-head hgroup\">\n<div class=\"page-title-head hgroup\">\n<div class=\"page-title-head hgroup\">\n<div class=\"page-title-head hgroup\">\n<div class=\"page-title-head hgroup\">\n<div class=\"mkdf-post-text\">\n<div class=\"mkdf-post-text-inner\">\n<div class=\"mkdf-post-text-main\">\n<div class=\"mkdf-post-text\">\n<div class=\"mkdf-post-text-inner\">\n<div class=\"mkdf-post-text-main\">\n<div class=\"mkdf-post-text\">\n<div class=\"mkdf-post-text-inner\">\n<div class=\"mkdf-post-text-main\">\n<div class=\"page-title-head hgroup\">\n<div class=\"page-title-head hgroup\">\n<div class=\"mkdf-post-text\">\n<div class=\"mkdf-post-text-inner\">\n<div class=\"mkdf-post-text-main\">\n<div class=\"mkdf-post-text\">\n<div class=\"mkdf-post-text-inner\">\n<div class=\"mkdf-post-text-main\">\n<div>\n<div class=\"page-title-head hgroup\">\n<div class=\"page-title-head hgroup\">\n<div>\n<div class=\"page-title-head hgroup\">\n<div class=\"page-title-head hgroup\">\n<div class=\"b654a4as d2edcug0\">\n<div>\n<div class=\"page-title-head hgroup\" style=\"text-align: left;\">\n<div class=\"page-title-head hgroup\">\n<div dir=\"auto\">\n<p><a class=\"dt-pswp-item pspw-wrap-ready\" href=\"https:\/\/i0.wp.com\/www.radiopiu.net\/wordpress\/wp-content\/uploads\/2018\/09\/WhatsApp-Image-2018-09-20-at-16.04.06.jpeg?ssl=1\" data-dt-img-description=\"\" data-large_image_width=\"800\" data-large_image_height=\"100\"><img loading=\"lazy\" decoding=\"async\" class=\"aligncenter wp-image-61378 size-full jetpack-lazy-image jetpack-lazy-image--handled\" src=\"https:\/\/i0.wp.com\/www.radiopiu.net\/wordpress\/wp-content\/uploads\/2018\/09\/WhatsApp-Image-2018-09-20-at-16.04.06.jpeg?resize=800%2C100&amp;ssl=1\" sizes=\"auto, (max-width: 800px) 100vw, 800px\" srcset=\"https:\/\/i0.wp.com\/www.radiopiu.net\/wordpress\/wp-content\/uploads\/2018\/09\/WhatsApp-Image-2018-09-20-at-16.04.06.jpeg?w=800&amp;ssl=1 800w, https:\/\/i0.wp.com\/www.radiopiu.net\/wordpress\/wp-content\/uploads\/2018\/09\/WhatsApp-Image-2018-09-20-at-16.04.06.jpeg?resize=300%2C38&amp;ssl=1 300w, https:\/\/i0.wp.com\/www.radiopiu.net\/wordpress\/wp-content\/uploads\/2018\/09\/WhatsApp-Image-2018-09-20-at-16.04.06.jpeg?resize=768%2C96&amp;ssl=1 768w\" alt=\"\" width=\"800\" height=\"100\" data-lazy-loaded=\"1\" \/><\/a><\/p>\n<\/div>\n<\/div>\n<\/div>\n<\/div>\n<\/div>\n<\/div>\n<\/div>\n<\/div>\n<\/div>\n<\/div>\n<\/div>\n<\/div>\n<\/div>\n<\/div>\n<\/div>\n<\/div>\n<\/div>\n<\/div>\n<\/div>\n<\/div>\n<\/div>\n<\/div>\n<\/div>\n<\/div>\n<\/div>\n<\/div>\n<\/div>\n<\/div>\n<\/div>\n<\/div>\n<\/div>\n<\/div>\n<\/div>\n<\/div>\n<\/div>\n<\/div>\n<\/div>\n<\/div>\n<\/div>\n<\/div>\n<\/div>\n<\/div>\n<\/div>\n<\/div>\n<p>&nbsp;<\/p>\n<\/div>\n<\/div>\n<\/div>\n<\/div>\n<\/div>\n<\/div>\n<\/div>\n<\/div>\n<\/div>\n<\/div>\n<\/div>\n<\/div>\n<\/div>\n<\/div>\n<\/div>\n<\/div>\n<\/div>\n<\/div>\n<\/div>\n<\/div>\n<\/div>\n<\/div>\n<\/div>\n<\/div>\n<\/div>\n<\/div>\n<\/div>\n<\/div>\n<\/div>\n<\/div>\n<\/div>\n<\/div>\n<\/div>\n<\/div>\n<\/div>\n<\/div>\n<\/div>\n<\/div>\n<\/div>\n<\/div>\n<\/div>\n<\/div>\n<\/div>\n<\/div>\n<\/div>\n<\/div>\n<\/div>\n<\/div>\n<\/div>\n<\/div>\n<\/div>\n<\/div>\n<\/div>\n<\/div>\n<\/div>\n<\/div>\n<\/div>\n<\/div>\n<\/div>\n<\/div>\n<\/div>\n<\/div>\n<\/div>\n<\/div>\n<\/div>\n<\/div>\n<\/div>\n<\/div>\n<\/div>\n<\/div>\n<\/div>\n<\/div>\n<\/div>\n<\/div>\n<\/div>\n<\/div>\n<\/div>\n<\/div>\n<\/div>\n<\/div>\n<\/div>\n<\/div>\n<\/div>\n<\/div>\n<\/div>\n<\/div>\n<\/div>\n<\/div>\n<\/div>\n<\/div>\n<\/div>\n<\/div>\n<\/div>\n<\/div>\n<\/div>\n<\/div>\n<\/div>\n<\/div>\n<\/div>\n<\/div>\n<\/div>\n<\/div>\n<\/div>\n<\/div>\n<\/div>\n<\/div>\n<\/div>\n<\/div>\n<\/div>\n<\/div>\n<\/div>\n<\/div>\n<\/div>\n<\/div>\n<\/div>\n<\/div>\n<\/div>\n<\/div>\n<\/div>\n<\/div>\n<\/div>\n<\/div>\n<\/div>\n<\/div>\n<\/div>\n<\/div>\n<\/div>\n<\/div>\n<\/div>\n<\/div>\n<\/div>\n<\/div>\n<\/div>\n<\/div>\n<\/div>\n<\/div>\n<\/div>\n<\/div>\n<\/div>\n<\/div>\n<\/div>\n<\/div>\n<\/div>\n<\/div>\n<\/div>\n<\/div>\n<\/div>\n<\/div>\n<\/div>\n<\/div>\n<\/div>\n<\/div>\n<\/div>\n<\/div>\n<\/div>\n<\/div>\n<\/div>\n<\/div>\n<\/div>\n<\/div>\n<\/div>\n<\/div>\n<\/div>\n<\/div>\n<\/div>\n<\/div>\n<\/div>\n<\/div>\n<\/div>\n<\/div>\n<\/div>\n<\/div>\n<\/div>\n<\/div>\n<\/div>\n<\/div>\n<\/div>\n<\/div>\n<\/div>\n<\/div>\n<\/div>\n<\/div>\n<\/div>\n<\/div>\n<\/div>\n<\/div>\n<\/div>\n<p><center><b>Sabato 5<\/b><\/center><b>Tempo atteso: <\/b>Il sole predominer\u00e0 in un cielo perlopi\u00f9 sereno sulle Dolomiti, anche in quota sulle Prealpi, mentre le nubi basse saranno presenti nottetempo e parte del mattino su molti settori prealpini, localmente anche sul Cadore e il basso Agordino. Questa copertura dovrebbe dissolversi abbastanza presto, prima di riformarsi sugli stessi settori nel tardo pomeriggio\/sera. Forti contrasti termici tra i settori assolati e quelli interessati da nubi basse.<br \/>\n<b>Precipitazioni: <\/b>Assenti (0%).<br \/>\n<b>Temperature: <\/b>In quota e nelle valli dolomitiche minime in diminuzione; mentre saranno in rialzo nei settori interessati da nubi basse. Massime in lieve aumento, eccetto lieve calo, l\u00e0 dove l&#8217;andamento termico sar\u00e0 dettato dalla presenza delle nubi basse. Su Prealpi a 1500 m min 0\u00b0C max 3\u00b0C, a 2000 m: min -3\u00b0C max 1\u00b0C. Su Dolomiti a 2000 m: min -4\u00b0C max 1\u00b0C, a 3000 m: min -10\u00b0C max -7\u00b0C.<br \/>\n<b>Venti: <\/b>Nelle valli deboli di direzione variabile, salvo locali rinforzi per qualche locale episodio di Foehn, specie nelle valli dolomitiche; in quota moderati\/tesi da nord-ovest a 10-20 km\/h a 2000 m a 20-30 km\/h a 3000 m.<\/p>\n<hr \/>\n<p><center><b>Domenica 6<\/b><\/center><b>Tempo atteso: <\/b>Sulle Dolomiti iniziale sole velato per presenza di nubi alte, prima che la nuvolosit\u00e0 stratiforme alta e medio-alta aumenti fino a cielo sempre pi\u00f9 coperto. Sulle Prealpi minore chance di schiarite per presenza di estesa nuvolosit\u00e0, gi\u00e0 dalla notte, anche per nubi basse. In questo contesto di maggiore umidit\u00e0 non escluso qualche sporadico fenomeno.<br \/>\n<b>Precipitazioni: <\/b>Assenti (0%), salvo qualche fiocco tra la notte e il primo mattino oltre i 1200\/1400 m sulla fascia prealpina orientale (10%) e neve portata dal vento sulle Dolomiti in serata (20\/30%).<br \/>\n<b>Temperature: <\/b>Minime in generale aumento e massime in diminuzione. Su Prealpi a 1500 m min 0\u00b0C max 2\u00b0C, a 2000 m: min -2\u00b0C max -1\u00b0C. Su Dolomiti a 2000 m: min -3\u00b0C max -1\u00b0C, a 3000 m: min -7\u00b0C max -6\u00b0C.<br \/>\n<b>Venti: <\/b>Nelle valli perlopi\u00f9 deboli di direzione variabili; in quota in ulteriore lieve rinforzo rispetto a sabato risultando inizialmente moderati da ovest al mattino e tesi al pomeriggio, specie sulle cime pi\u00f9 alte, a 10-20 km\/h a 2000 m a 25-45 km\/h a 3000 m.<\/p>\n<hr \/>\n<p><center><b>Lunedi 7<\/b><\/center>Sui monti veneti nottetempo e al primo mattino cielo molto nuvoloso, associato a deboli precipitazioni sparse. Sulle Dolomiti si tratter\u00e0 di neve portata dal vento fino sugli 800\/1000 m, sulle Prealpi i fenomeni saranno meno probabili e confinati ai settori sommitali. Nel corso della mattinata attenuazione della nuvolosit\u00e0 e ritorno del sole tra Prealpi e Dolomiti meridionali. Il miglioramento sar\u00e0 pi\u00f9 graduale sui settori pi\u00f9 settentrionali. Temperature in temporaneo rialzo di notte, prima di calare sensibilmente in giornata (12\u00b0C in meno a 3000 m), eccetto locali sbalzi positivi per favonio in alcune valli. Venti forti o molto forti in alta quota, Favonio con forti raffiche nelle valli.<\/p>\n<hr \/>\n<p><center><b>Martedi 8<\/b><\/center>Tempo ben soleggiato con cielo terso, aria limpida e ottima visibilit\u00e0. Temperature in generale diminuzione, specie le minime, tuttavia le massime saranno in ripresa in quota. Nelle valli iniziale Foehn, poi venti in attenuazione; in quota da tesi\/forti da nord nella notte a moderati\/tesi in giornata, in ulteriore attenuazione tra dal pomeriggio in poi. Previsore: R.L.Th.<\/p>\n<p>&nbsp;<\/p>\n<hr \/>\n<p>&nbsp;<\/p>\n<p><a href=\"https:\/\/www.radiopiu.net\/wordpress\/giornale-radiopiu-15-settembre-2018-direttore-mirko-mezzacasa\/sport-7\/\" rel=\"attachment wp-att-60761\"><img loading=\"lazy\" decoding=\"async\" class=\"wp-image-60761 size-full aligncenter\" src=\"https:\/\/www.radiopiu.net\/wordpress\/wp-content\/uploads\/2018\/09\/sport.jpg\" alt=\"\" width=\"800\" height=\"100\" srcset=\"https:\/\/www.radiopiu.net\/wordpress\/wp-content\/uploads\/2018\/09\/sport.jpg 800w, https:\/\/www.radiopiu.net\/wordpress\/wp-content\/uploads\/2018\/09\/sport-300x38.jpg 300w, https:\/\/www.radiopiu.net\/wordpress\/wp-content\/uploads\/2018\/09\/sport-768x96.jpg 768w\" sizes=\"auto, (max-width: 800px) 100vw, 800px\" \/><\/a><\/p>\n<\/div>\n<p><strong>\u00a0 \u00a0 \u00a0 \u00a0<\/strong><\/p>\n<p><strong><span style=\"color: #0000ff;\">PECHINO 2022<\/span><\/strong><\/p>\n<blockquote>\n<h2>\u00a0 <a href=\"https:\/\/www.radiopiu.net\/wordpress\/giornale-radiopiu-05-febbraio-2022-direttore-mirko-mezzacasa\/272719570_7077338398973640_1293584028114790733_n\/\" rel=\"attachment wp-att-258040\"><img loading=\"lazy\" decoding=\"async\" class=\"wp-image-258040 alignleft\" src=\"https:\/\/www.radiopiu.net\/wordpress\/wp-content\/uploads\/2022\/02\/272719570_7077338398973640_1293584028114790733_n-300x225.jpg\" alt=\"\" width=\"233\" height=\"175\" srcset=\"https:\/\/www.radiopiu.net\/wordpress\/wp-content\/uploads\/2022\/02\/272719570_7077338398973640_1293584028114790733_n-300x225.jpg 300w, https:\/\/www.radiopiu.net\/wordpress\/wp-content\/uploads\/2022\/02\/272719570_7077338398973640_1293584028114790733_n.jpg 720w\" sizes=\"auto, (max-width: 233px) 100vw, 233px\" \/><\/a>&#8211; MENO QUATTRO&#8230;. AL MARTEDI DI LUCIA DAL MASSO<\/h2>\n<p><em>La Falcadina\u00a0<a class=\"oajrlxb2 g5ia77u1 qu0x051f esr5mh6w e9989ue4 r7d6kgcz rq0escxv nhd2j8a9 nc684nl6 p7hjln8o kvgmc6g5 cxmmr5t8 oygrvhab hcukyx3x jb3vyjys rz4wbd8a qt6c0cv9 a8nywdso i1ao9s8h esuyzwwr f1sip0of lzcic4wl gpro0wi8 oo9gr5id lrazzd5p\" tabindex=\"0\" role=\"link\" href=\"https:\/\/www.facebook.com\/dalmassolucia\/?__cft__[0]=AZWLHJ-rKTF1_CDHOb_d6Cei91LCTDU4xr6MpwEgexYsQ1sOsdP9EJSlmUzFDvAgrxVru1UcFwCtQg2iSY1rPil8eqzLtM5r0KWP5Y5auYFxajF_yOnBHXBEslnN9fOAPGuXPGxkp0wwzR2UVM-TGZppd6So9BfsBNW4RmXsc7V2qAe_XDcB-N9JZ_PYMwnmCvs&amp;__tn__=kK*F\"><span class=\"nc684nl6\">Lucia Dalmasso<\/span><\/a>\u00a0vola verso le Olimpiadi di Pechino 2022\u00a0<a class=\"oajrlxb2 g5ia77u1 qu0x051f esr5mh6w e9989ue4 r7d6kgcz rq0escxv nhd2j8a9 nc684nl6 p7hjln8o kvgmc6g5 cxmmr5t8 oygrvhab hcukyx3x jb3vyjys rz4wbd8a qt6c0cv9 a8nywdso i1ao9s8h esuyzwwr f1sip0of lzcic4wl gpro0wi8 oo9gr5id lrazzd5p\" tabindex=\"0\" role=\"link\" href=\"https:\/\/www.facebook.com\/beijing2022\/?__cft__[0]=AZWLHJ-rKTF1_CDHOb_d6Cei91LCTDU4xr6MpwEgexYsQ1sOsdP9EJSlmUzFDvAgrxVru1UcFwCtQg2iSY1rPil8eqzLtM5r0KWP5Y5auYFxajF_yOnBHXBEslnN9fOAPGuXPGxkp0wwzR2UVM-TGZppd6So9BfsBNW4RmXsc7V2qAe_XDcB-N9JZ_PYMwnmCvs&amp;__tn__=kK*F\"><span class=\"nc684nl6\">Beijing 2022.<\/span><\/a> Lucia \u00e8 molto emozionata e fiera di se stessa della convocazione alle Olimpiadi. A Falcade la gioia \u00e8 tanta, questa convocazione ci rende molto orgogliosi di avere una rappresentante della Nazionale Italiana che porter\u00e0 alto il nome del nostro territorio nella massima competizione invernale\u00a0\u00a0<\/em><\/p><\/blockquote>\n<p>&nbsp;<\/p>\n<p><span style=\"color: #0000ff;\"><strong>PECHINO 2022 <\/strong><\/span><\/p>\n<blockquote>\n<h3>ATLETI BELLUNESI TESTIMONIAL DI SALUTE<\/h3>\n<\/blockquote>\n<p><strong>BELLUNO<\/strong> Un grande in bocca al lupo agli atleti alle Olimpiadi invernali di Pechino ed in particolari ai testimonial della campagna vaccinale: gli ampezzani Stefania Costantini e Mattia Gaspari. Quest\u2019estate, infatti, Stefania Costantini, Curling Nazionale Femminile e Double Mix e Mattia Gaspari, Nazionale Skeleton, hanno aderito con entusiasmo alla campagna per la promozione della vaccinazione anti covid nelle territorio delle Dolomiti, mettendoci la faccia attraverso un fresco invito a vaccinarsi con videomessaggi. Ecco i loro contributi<\/p>\n<blockquote><p><em>IL MESSAGGIO DALLA ULSS1 &#8220;Un grande in bocca al lupo perch\u00e9 l\u2019esperienza di Pechino possa essere ricca di soddisfazioni per questi nostri giovani atleti di Cortina, campioni sul ghiaccio e testimonial per la promozione della salute di questa comunit\u00e0!<\/em><em>Fateci sognare, aspettando Cortina 2026&#8243;<\/em><\/p><\/blockquote>\n<p><iframe loading=\"lazy\" title=\"#WpertuttiNOI - Stefania Constantini\" width=\"1200\" height=\"900\" src=\"https:\/\/www.youtube.com\/embed\/YGF-ag_0Ufo?feature=oembed\" frameborder=\"0\" allow=\"accelerometer; autoplay; clipboard-write; encrypted-media; gyroscope; picture-in-picture\" allowfullscreen><\/iframe><\/p>\n<p><iframe loading=\"lazy\" title=\"#WpertuttiNOI - Mattia Gaspari\" width=\"1200\" height=\"900\" src=\"https:\/\/www.youtube.com\/embed\/mxOqzGpzWsI?feature=oembed\" frameborder=\"0\" allow=\"accelerometer; autoplay; clipboard-write; encrypted-media; gyroscope; picture-in-picture\" allowfullscreen><\/iframe><\/p>\n<p>&nbsp;<\/p>\n<p>&nbsp;<\/p>\n<p><span style=\"color: #0000ff;\"><strong>HOCKEY SU GHIACCIO<\/strong><\/span><\/p>\n<blockquote>\n<h3>LE CIVETTE NELLA TANA DEI LUCCI PER LA QUINTA GIORNATA DEL MASTER ROUND IHL<\/h3>\n<\/blockquote>\n<p><strong><a href=\"https:\/\/www.radiopiu.net\/wordpress\/lalleghe-a-cavalese-per-continuare-la-striscia-positiva-di-vittorie\/alleghe-hockey-2\/\" rel=\"attachment wp-att-247055\"><img loading=\"lazy\" decoding=\"async\" class=\"size-medium wp-image-247055 alignleft\" src=\"https:\/\/www.radiopiu.net\/wordpress\/wp-content\/uploads\/2021\/12\/ALLEGHE-HOCKEY-300x190.jpg\" alt=\"\" width=\"300\" height=\"190\" srcset=\"https:\/\/www.radiopiu.net\/wordpress\/wp-content\/uploads\/2021\/12\/ALLEGHE-HOCKEY-300x190.jpg 300w, https:\/\/www.radiopiu.net\/wordpress\/wp-content\/uploads\/2021\/12\/ALLEGHE-HOCKEY-768x485.jpg 768w, https:\/\/www.radiopiu.net\/wordpress\/wp-content\/uploads\/2021\/12\/ALLEGHE-HOCKEY.jpg 1024w\" sizes=\"auto, (max-width: 300px) 100vw, 300px\" \/><\/a>di Roberto Miana, portavoce dell&#8217;Alleghe Hockey<\/strong><\/p>\n<p>Sesta giornata del girone di Master Round dell&#8217;Italian Hockey League. Oggi alle ore 19:30 l&#8217;Alleghe gioca alla Raiffeisen arena contro il Caldaro. Ancora una trasferta insidiosa nella Bassa Atesina per i ragazzi di coach Fontana, dopo il pesante 1-6 subito sabato sera alla W\u00fcrth Arena contro l\u2019Unterland Cavaliers. Per gli Agordini la partita vera contro i Cavalieri \u00e8 durata meno di un tempo, con il nostro giovane difensore Lorenzo Riva che nel primo parziale ha risposto alla rete iniziale dei padroni di casa. Ma tra il finale della prima frazione e l&#8217;inizio della seconda alcune decisioni arbitrali discutibili hanno rotto l\u2019equilibrio, rovinando una gara che da l\u00ec in poi non avrebbe avuto pi\u00f9 storia, vinta comunque meritatamente dall&#8217;Unterland, dimostratosi per la terza volta in stagione bestia nera dei Biancorossi. La partita di Egna porter\u00e0 pesanti conseguenze anche sulle prossime gare delle Civette, infatti la mano pesante del giudice sportivo ha squalificato per due turni il difensore Nicola Soppelsa e per uno l&#8217;attaccante Edgar De Toni. I nostri prossimi avversari, nell\u2019ultima gara di campionato disputata sabato scorso, hanno osservato il turno di riposo, mentre nella partita precedente sono stati clamorosamente sconfitti 1-6 a domicilio dall\u2019Unterland, allungando a tre la striscia negativa di sconfitte consecutive. L\u2019ultima vittoria dei Lucci risale proprio alla partita d\u2019andata del Master Round, giocata al \u201cDe Toni\u201d di Alleghe, dove si imposero con un sorprendente 3-0. In grande spolvero in questa seconda fase il giovanissimo attaccante diciottenne bolzanino Jonas Oberrauch, autore di 3 reti ed un assist nelle ultime quattro gare del Master Round. Nel Caldaro sar\u00e0 assente per squalifica il trentaduenne difensore della Repubblica Ceca: Martin Mazanec. Nel campionato di serie B di hockey su ghiaccio (IHL) le Civette hanno incrociato le stecche con i Lucci 17 volte. Il bilancio generale conta 5 vittorie Alleghesi e 12 del Caldaro. Considerando le sole gare disputate in Bassa Atesina, nelle 8 sfide disputate si sono registrati 5 successi dei padroni di casa e 3 degli Agordini. Nell&#8217;ultima gara giocata tra le due squadre alla Raiffeisen Arena, il 18 dicembre dell&#8217;anno scorso, si sono imposti i nostri avversari 5-3. Conteggiando le reti totali segnate in questa sfida, le Civette hanno messo a referto 39 marcature contro 65 dei Lucci. Nei tre precedenti stagionali tra le due squadre si conteggiano una vittoria dell&#8217;Alleghe e due del Caldaro.<\/p>\n<blockquote><p><em><strong>SV Kaltern CALDARO &#8211; ALLEGHE Hockey <\/strong>Sabato 5 febbraio ore 19:30 \u2013 Raiffeisen Arena di Caldaro (BZ) Arbitri:\u200b Luca Cassol e Federico Rivis con giudici di linea Alberto Plancher e Andrea Rivis. Collegamenti in DIRETTA RADIOFONICA su Radio Pi\u00f9 (www.radiopiu.net) con \u201cHockey al punto giusto\u201d, in studio Marco Gaz e da Caldaro interventi di Federico Paganin<\/em><\/p><\/blockquote>\n<p>&nbsp;<\/p>\n<hr \/>\n<p>&nbsp;<\/p>\n<p>&nbsp;<\/p>\n<\/div>\n<\/div>\n<\/div>\n<\/div>\n<\/div>\n<\/div>\n<\/div>\n","protected":false},"excerpt":{"rendered":"<p>INFORMAZIONE il canale su TELEGRAM informazione di prima mano e in tempo reale. iscriviti ed aiutaci a farlo conoscere\u00a0\u00a0 &#x1f337;GIORNATA DEI CALZINI SPAIATI: UNICO E IRRIPETIBILE La giornata \u00e8 stata fissata ormai 9 anni fa per simboleggiare l&#8217;importanza di accogliere l&#8217;altro per quello che \u00e8 non focalizzandosi solamente su diagnosi, abilit\u00e0 e competenze raggiunte o&hellip;<\/p>\n","protected":false},"author":4,"featured_media":258040,"comment_status":"closed","ping_status":"closed","sticky":false,"template":"","format":"standard","meta":{"_monsterinsights_skip_tracking":false,"_monsterinsights_sitenote_active":false,"_monsterinsights_sitenote_note":"","_monsterinsights_sitenote_category":0,"footnotes":""},"categories":[104,86,49],"tags":[],"class_list":["post-257784","post","type-post","status-publish","format-standard","has-post-thumbnail","hentry","category-evidenza_3","category-gr","category-news-18","category-104","category-86","category-49","description-off"],"img_url":"https:\/\/www.radiopiu.net\/wordpress\/wp-content\/uploads\/2022\/02\/272719570_7077338398973640_1293584028114790733_n.jpg","_links":{"self":[{"href":"https:\/\/www.radiopiu.net\/wordpress\/wp-json\/wp\/v2\/posts\/257784","targetHints":{"allow":["GET"]}}],"collection":[{"href":"https:\/\/www.radiopiu.net\/wordpress\/wp-json\/wp\/v2\/posts"}],"about":[{"href":"https:\/\/www.radiopiu.net\/wordpress\/wp-json\/wp\/v2\/types\/post"}],"author":[{"embeddable":true,"href":"https:\/\/www.radiopiu.net\/wordpress\/wp-json\/wp\/v2\/users\/4"}],"replies":[{"embeddable":true,"href":"https:\/\/www.radiopiu.net\/wordpress\/wp-json\/wp\/v2\/comments?post=257784"}],"version-history":[{"count":0,"href":"https:\/\/www.radiopiu.net\/wordpress\/wp-json\/wp\/v2\/posts\/257784\/revisions"}],"wp:featuredmedia":[{"embeddable":true,"href":"https:\/\/www.radiopiu.net\/wordpress\/wp-json\/wp\/v2\/media\/258040"}],"wp:attachment":[{"href":"https:\/\/www.radiopiu.net\/wordpress\/wp-json\/wp\/v2\/media?parent=257784"}],"wp:term":[{"taxonomy":"category","embeddable":true,"href":"https:\/\/www.radiopiu.net\/wordpress\/wp-json\/wp\/v2\/categories?post=257784"},{"taxonomy":"post_tag","embeddable":true,"href":"https:\/\/www.radiopiu.net\/wordpress\/wp-json\/wp\/v2\/tags?post=257784"}],"curies":[{"name":"wp","href":"https:\/\/api.w.org\/{rel}","templated":true}]}}