{"id":257792,"date":"2022-02-04T05:59:19","date_gmt":"2022-02-04T04:59:19","guid":{"rendered":"https:\/\/www.radiopiu.net\/wordpress\/?p=257792"},"modified":"2022-02-04T06:07:25","modified_gmt":"2022-02-04T05:07:25","slug":"lanziano-di-cortina-nel-giro-di-squillo-e-nella-trappola-del-ricatto","status":"publish","type":"post","link":"https:\/\/www.radiopiu.net\/wordpress\/lanziano-di-cortina-nel-giro-di-squillo-e-nella-trappola-del-ricatto\/","title":{"rendered":"L&#8217;ANZIANO DI CORTINA NEL GIRO DI SQUILLO E NELLA TRAPPOLA DEL RICATTO"},"content":{"rendered":"<p><strong><a href=\"https:\/\/www.radiopiu.net\/wordpress\/lanziano-di-cortina-nel-giro-di-squillo-e-nella-trappola-del-ricatto\/th-309\/\" rel=\"attachment wp-att-257793\"><img loading=\"lazy\" decoding=\"async\" class=\"size-full wp-image-257793 alignleft\" src=\"https:\/\/www.radiopiu.net\/wordpress\/wp-content\/uploads\/2022\/02\/th.jpg\" alt=\"\" width=\"295\" height=\"169\" \/><\/a><span style=\"color: #ff0000;\">OGGI SUL CORRIERE DELLE ALPI<\/span><\/strong><br \/>\n<span style=\"color: #ff0000;\"><strong>di GIGI SOSSO<\/strong><\/span><\/p>\n<blockquote><p><em>O pagava o l&#8217;avrebbero accusato di minacce a una minore Nei guai una amica romena dell&#8217;uomo e tre connazionali<\/em><\/p><\/blockquote>\n<p><strong>BELLUNO<\/strong> Un&#8217;estorsione da 15 mila euro sarebbe maturata ai danni di un ampezzano di una certa et\u00e0, nell&#8217;ambito di un presunto giro di squillo e con il coinvolgimento di una ragazza minorenne. Le indagini della Procura della Repubblica di Belluno si sono concentrate su quattro romeni: un&#8217;amica della vittima e altri tre connazionali. La vicenda \u00e8 di pochi mesi fa: il reato \u00e8 contestato ad agosto ed \u00e8 gi\u00e0 il momento dell&#8217;udienza preliminare. Ci sarebbero almeno due richieste di patteggiamento, uno degli imputati risulta irreperibile e l&#8217;ultimo sembra intenzionato ad andare al dibattimento. I difensori sono Valentina Stefani ed Enrico Gandin.. Il padrone di casa si \u00e8 visto chiedere il versamento di soldi, in caso contrario l&#8217;avrebbero denunciato per aver minacciato con un&#8217;arma la giovanissima per tentare un approccio sessuale&#8230;<\/p>\n<p>&nbsp;<\/p>\n<p>***<\/p>\n<p>&nbsp;<\/p>\n","protected":false},"excerpt":{"rendered":"<p>OGGI SUL CORRIERE DELLE ALPI di GIGI SOSSO O pagava o l&#8217;avrebbero accusato di minacce a una minore Nei guai una amica romena dell&#8217;uomo e tre connazionali BELLUNO Un&#8217;estorsione da 15 mila euro sarebbe maturata ai danni di un ampezzano di una certa et\u00e0, nell&#8217;ambito di un presunto giro di squillo e con il coinvolgimento&hellip;<\/p>\n","protected":false},"author":4,"featured_media":257793,"comment_status":"closed","ping_status":"closed","sticky":false,"template":"","format":"standard","meta":{"_monsterinsights_skip_tracking":false,"_monsterinsights_sitenote_active":false,"_monsterinsights_sitenote_note":"","_monsterinsights_sitenote_category":0,"footnotes":""},"categories":[51,49],"tags":[],"class_list":["post-257792","post","type-post","status-publish","format-standard","has-post-thumbnail","hentry","category-evidenza-top","category-news-18","category-51","category-49","description-off"],"img_url":"https:\/\/www.radiopiu.net\/wordpress\/wp-content\/uploads\/2022\/02\/th.jpg","_links":{"self":[{"href":"https:\/\/www.radiopiu.net\/wordpress\/wp-json\/wp\/v2\/posts\/257792","targetHints":{"allow":["GET"]}}],"collection":[{"href":"https:\/\/www.radiopiu.net\/wordpress\/wp-json\/wp\/v2\/posts"}],"about":[{"href":"https:\/\/www.radiopiu.net\/wordpress\/wp-json\/wp\/v2\/types\/post"}],"author":[{"embeddable":true,"href":"https:\/\/www.radiopiu.net\/wordpress\/wp-json\/wp\/v2\/users\/4"}],"replies":[{"embeddable":true,"href":"https:\/\/www.radiopiu.net\/wordpress\/wp-json\/wp\/v2\/comments?post=257792"}],"version-history":[{"count":0,"href":"https:\/\/www.radiopiu.net\/wordpress\/wp-json\/wp\/v2\/posts\/257792\/revisions"}],"wp:featuredmedia":[{"embeddable":true,"href":"https:\/\/www.radiopiu.net\/wordpress\/wp-json\/wp\/v2\/media\/257793"}],"wp:attachment":[{"href":"https:\/\/www.radiopiu.net\/wordpress\/wp-json\/wp\/v2\/media?parent=257792"}],"wp:term":[{"taxonomy":"category","embeddable":true,"href":"https:\/\/www.radiopiu.net\/wordpress\/wp-json\/wp\/v2\/categories?post=257792"},{"taxonomy":"post_tag","embeddable":true,"href":"https:\/\/www.radiopiu.net\/wordpress\/wp-json\/wp\/v2\/tags?post=257792"}],"curies":[{"name":"wp","href":"https:\/\/api.w.org\/{rel}","templated":true}]}}