{"id":257859,"date":"2022-02-04T09:43:40","date_gmt":"2022-02-04T08:43:40","guid":{"rendered":"https:\/\/www.radiopiu.net\/wordpress\/?p=257859"},"modified":"2022-02-04T09:43:40","modified_gmt":"2022-02-04T08:43:40","slug":"turismo-nei-comuni-dellunione-montana-feltrina-dai-dati-della-tassa-di-soggiorno-2021-una-situazione-in-netta-ripresa","status":"publish","type":"post","link":"https:\/\/www.radiopiu.net\/wordpress\/turismo-nei-comuni-dellunione-montana-feltrina-dai-dati-della-tassa-di-soggiorno-2021-una-situazione-in-netta-ripresa\/","title":{"rendered":"TURISMO NEI COMUNI DELL&#8217;UNIONE MONTANA FELTRINA: DAI DATI DELLA TASSA DI SOGGIORNO 2021 UNA SITUAZIONE IN NETTA RIPRESA"},"content":{"rendered":"<p><strong><a href=\"https:\/\/www.radiopiu.net\/wordpress\/belluno-la-citta-del-nulla-di-fatto-da-tiziano-alla-pallavolo\/972ec435-fa04-49e8-bf1e-048263cab367\/\" rel=\"attachment wp-att-226219\"><img loading=\"lazy\" decoding=\"async\" class=\"size-medium wp-image-226219 alignleft\" src=\"https:\/\/www.radiopiu.net\/wordpress\/wp-content\/uploads\/2021\/08\/972ec435-fa04-49e8-bf1e-048263cab367-300x200.jpg\" alt=\"\" width=\"300\" height=\"200\" srcset=\"https:\/\/www.radiopiu.net\/wordpress\/wp-content\/uploads\/2021\/08\/972ec435-fa04-49e8-bf1e-048263cab367-300x200.jpg 300w, https:\/\/www.radiopiu.net\/wordpress\/wp-content\/uploads\/2021\/08\/972ec435-fa04-49e8-bf1e-048263cab367-768x513.jpg 768w, https:\/\/www.radiopiu.net\/wordpress\/wp-content\/uploads\/2021\/08\/972ec435-fa04-49e8-bf1e-048263cab367.jpg 1024w\" sizes=\"auto, (max-width: 300px) 100vw, 300px\" \/><\/a>FELTRE<\/strong> Il peggio, per il turismo feltrino, sembra essere alle spalle. A certificarlo sono i dati sulle presenze relative all\u2019anno che si \u00e8 concluso da poco e quelli relativi agli introiti generati dalla tassa di soggiorno. \u201c<em>Nonostante la prima parte del 2021 sia stata caratterizzata da chiusure e restrizioni decisamene penalizzanti, con la cancellazione \u2013 tra l\u2019altro \u2013 di alcune importanti manifestazioni, la seconda met\u00e0 dell\u2019esercizio ha mostrato evidenti segni di ripresa<\/em>\u201d, sottolinea l\u2019assessore al turismo dell\u2019Unione Montana Feltrina Dario Scopel. L\u2019analisi dei numeri pi\u00f9 nel dettaglio evidenzia che per il comprensorio feltrino il periodo pi\u00f9 fruttuoso \u00e8 stato l\u2019estate, ma ottime indicazioni arrivano anche dal primo scorcio dell\u2019inverno e dal periodo prenatalizio. Le aree trainanti per i pernottamenti si confermano quelle dei Comuni di Feltre e di Arsi\u00e8.<\/p>\n<p><strong>DARIO SCOPEL, ASSESSORE AL TURISMO DELL&#8217;UNIONE MONTANA FELTRINA<\/strong><\/p>\n<audio class=\"wp-audio-shortcode\" id=\"audio-257859-1\" preload=\"none\" style=\"width: 100%;\" controls=\"controls\"><source type=\"audio\/mpeg\" src=\"https:\/\/www.radiopiu.net\/wordpress\/wp-content\/uploads\/2022\/02\/SCOPEL-TASSA-SOGGIORNO.mp3?_=1\" \/><a href=\"https:\/\/www.radiopiu.net\/wordpress\/wp-content\/uploads\/2022\/02\/SCOPEL-TASSA-SOGGIORNO.mp3\">https:\/\/www.radiopiu.net\/wordpress\/wp-content\/uploads\/2022\/02\/SCOPEL-TASSA-SOGGIORNO.mp3<\/a><\/audio>\n<p>&nbsp;<\/p>\n<p>&nbsp;<\/p>\n<p>*****<\/p>\n","protected":false},"excerpt":{"rendered":"<p>FELTRE Il peggio, per il turismo feltrino, sembra essere alle spalle. A certificarlo sono i dati sulle presenze relative all\u2019anno che si \u00e8 concluso da poco e quelli relativi agli introiti generati dalla tassa di soggiorno. \u201cNonostante la prima parte del 2021 sia stata caratterizzata da chiusure e restrizioni decisamene penalizzanti, con la cancellazione \u2013&hellip;<\/p>\n","protected":false},"author":4,"featured_media":226219,"comment_status":"closed","ping_status":"closed","sticky":false,"template":"","format":"standard","meta":{"_monsterinsights_skip_tracking":false,"_monsterinsights_sitenote_active":false,"_monsterinsights_sitenote_note":"","_monsterinsights_sitenote_category":0,"footnotes":""},"categories":[49],"tags":[],"class_list":["post-257859","post","type-post","status-publish","format-standard","has-post-thumbnail","hentry","category-news-18","category-49","description-off"],"img_url":"https:\/\/www.radiopiu.net\/wordpress\/wp-content\/uploads\/2021\/08\/972ec435-fa04-49e8-bf1e-048263cab367.jpg","_links":{"self":[{"href":"https:\/\/www.radiopiu.net\/wordpress\/wp-json\/wp\/v2\/posts\/257859","targetHints":{"allow":["GET"]}}],"collection":[{"href":"https:\/\/www.radiopiu.net\/wordpress\/wp-json\/wp\/v2\/posts"}],"about":[{"href":"https:\/\/www.radiopiu.net\/wordpress\/wp-json\/wp\/v2\/types\/post"}],"author":[{"embeddable":true,"href":"https:\/\/www.radiopiu.net\/wordpress\/wp-json\/wp\/v2\/users\/4"}],"replies":[{"embeddable":true,"href":"https:\/\/www.radiopiu.net\/wordpress\/wp-json\/wp\/v2\/comments?post=257859"}],"version-history":[{"count":0,"href":"https:\/\/www.radiopiu.net\/wordpress\/wp-json\/wp\/v2\/posts\/257859\/revisions"}],"wp:featuredmedia":[{"embeddable":true,"href":"https:\/\/www.radiopiu.net\/wordpress\/wp-json\/wp\/v2\/media\/226219"}],"wp:attachment":[{"href":"https:\/\/www.radiopiu.net\/wordpress\/wp-json\/wp\/v2\/media?parent=257859"}],"wp:term":[{"taxonomy":"category","embeddable":true,"href":"https:\/\/www.radiopiu.net\/wordpress\/wp-json\/wp\/v2\/categories?post=257859"},{"taxonomy":"post_tag","embeddable":true,"href":"https:\/\/www.radiopiu.net\/wordpress\/wp-json\/wp\/v2\/tags?post=257859"}],"curies":[{"name":"wp","href":"https:\/\/api.w.org\/{rel}","templated":true}]}}