{"id":257936,"date":"2022-02-05T05:25:57","date_gmt":"2022-02-05T04:25:57","guid":{"rendered":"https:\/\/www.radiopiu.net\/wordpress\/?p=257936"},"modified":"2022-02-05T05:47:16","modified_gmt":"2022-02-05T04:47:16","slug":"grazie-al-mercatino-della-yolandre-un-libricino-con-la-storia-di-padre-felice-cappello-di-caviola","status":"publish","type":"post","link":"https:\/\/www.radiopiu.net\/wordpress\/grazie-al-mercatino-della-yolandre-un-libricino-con-la-storia-di-padre-felice-cappello-di-caviola\/","title":{"rendered":"GRAZIE AL MERCATINO DELLA YOLANDRE UN LIBRICINO CON LA STORIA DI PADRE FELICE CAPPELLO DI CAVIOLA"},"content":{"rendered":"<p><strong>di\u00a0 RENATO BONA<\/strong><\/p>\n<p>Il prossimo 25 marzo ricorrer\u00e0 il sessantesimo anniversario della scomparsa del \u201cconfessore di Roma\u201d Nuova nobile iniziativa dell\u2019amica Elisa Dalla Rossa per finanziare l\u2019Associazione \u201cYolandre per il Madagascar\u201d della quale \u00e8 la referente (questa, in particolare, per raccogliere fondi da devolvere alla costruzione di un asilo nei pressi della zona alberghiera dove sono occupate numerose donne che avrebbero il vantaggio di sapere che, assenti loro, i figli sono in buone mani). Avvalendosi di preziose collaborazioni, in primis quella della Fondazione Teatri delle Dolomiti che ha concesso gratuitamente l\u2019utilizzo del locale, ha infatti attivato (fino al 14 febbraio prossimo) un negozio temporaneo per la vendita di libri usati nella via Rialto, centro storico di \u201cBelluno citt\u00e0 splendente\u201d. Chi stende queste note, \u00e8 doppiamente grato a Dalla Rossa: in senso generale perch\u00e9 aiutare i meno fortunati \u00e8 sempre cosa buona e giusta; e poi per il fatto di aver avuto modo di acquistare, fra l\u2019altro, un libricino, praticamente un tascabile, stampato nel settembre 2015 dalla Tipografia Piave, intitolato: \u201cPadre Felice M. Cappello S.J.\u201d, l\u2019insigne giurista agordino, noto anche come il \u201cconfessore di Roma\u201d. Autore della pubblicazione per la collana \u201cNova et Vetera\u201d, don Cesare Vazza, sacerdote diocesano, che \u00e8 stato assistente religioso della Casa per anziani di Longarone, e che aveva gi\u00e0 realizzato nel 2014: \u201cGiovanni Paolo I. Una luminosa meteora\u201d; Vazza \u00e8 mancato l\u20198 gennaio 2019. Il mini-libro (per il quale l\u2019archivista diocesano mons. Ausilio Da Rif, scomparso pochi giorni fa, aveva fornito i curricola vitae dei fratelli Luigi e Felice Cappello ed il vescovo, oggi emerito, Giuseppe Andrich aveva \u201cbenevolmente concesso il nullaosta\u201d) ci consente la rivisitazione della figura di Felice Maria Cappello del quale proprio quest\u2019anno, il prossimo 25 marzo, ricorre il 60. anniversario della morte avvenuta nell\u2019infermeria dell\u2019Universit\u00e0 Gregoriana di Roma. Don Vazza ha articolato il suo libricino in trenta capitoli e qui ne richiamiamo alcuni: \u201cLa Valle\u201d del Biois, per illustrare la terra che ha dato alla Chiesa due uomini illustri, fra l\u2019altro parenti, sia pur lontani: il gesuita padre Felice Cappello, appunto, ed Albino Luciani, il papa bellunese del sorriso\u201d asceso al soglio di Pietro col nome di Giovanni Paolo I, \u201cbattezzati nello stesso fonte della Pieve di Canale d\u2019Agordo\u201d); \u201cLa casa\u201d, per ricordare che la casa dove nacque Felice \u201csi trova in alto del paese di Caviola, nella via Cine d\u2019Auta numero 60\u2026 \u201c e fu l\u2019unica salvata dall\u2019incendio che distrusse il paese in una rappresaglia tedesca il 24 agosto 1944; una piccola lapide ricorda: \u201cIn questa casa il 9 ottobre 1879 nacque padre Felice Cappello S.J. giurista insigne sacerdote esemplare\u201d; \u201cLa famiglia\u201d: il nostro era il penultimo dei dieci figli di Antonio e di Bortola Bortoli; \u201cGli amici\u201d: Felice aveva un bel gruppo di amici chierichetti che \u201csi trovavano nella chiesa della Madonna della Salute a servire la messa: il fratello Luigi, il cugino Sante, Filippo Carli e Giovanni De Mio, tutti di Caviola e tutti che diventeranno sacerdoti; \u201cIn seminario\u201d: l\u2019anno 1895, preparati dal parroco e dal cooperatore, Felice ed i suoi amici partono a piedi fino a Belluno e da qui, in treno, fino a Feltre per i due anni di ginnasio superiore prima di approdare al Gregoriano di Belluno nel 1897; \u201cSacerdote: il 20 aprile 1902 per l\u2019imposizione delle mani del vescovo Cherubin, l\u2019ordinazione sacerdotale; poi vicario cooperatore per alcuni mesi a Castion prima di passare a Sedico dove rimase fino al 1905; l\u2019impegno pastorale non gli fece abbandonare studio e ricerca: nel 1904 laurea in teologia a Bologna, nel 1905 in filosofia a Roma dove dopo un anno si laurea anche in \u201cutroque iure\u201d cio\u00e8 in diritto canonico e civile. Altri capitoli: \u201cInsegnante\u201d: nel 1905 ottenne la cattedra di diritto canonico nel seminario bellunese, fu anche rettore della vicina chiesa di San Pietro e direttore del settimanale bellunese \u201cLa Domenica\u201d che poi sar\u00e0 \u201cL\u2019Amico del Popolo\u201d. Nel 1909 lascia Belluno ed \u00e8 ospite del Seminario lombardo di Roma; \u201cA Lourdes\u201d: per un pellegrinaggio di fede e di amore con 9 ore di preghiera continua inginocchiato davanti alla Grotta, prima di spedire un telegramma al provinciale dei Gesuiti a Roma per chiedergli di essere accolto nella Compagnia di Ges\u00f9 \u201cperch\u00e9 \u00e8 l\u2019Ordine pi\u00f9 perseguitato dai nemici della Chiesa\u201d; \u201cIl noviziato\u201d: vi entr\u00f2 a 34 anni e dur\u00f2 un anno; nel 1914 venne destinato al Pontificio collegio di Anagni come professore di teologia morale, diritto canonico sociologia, liturgia e prefetto dei casi di coscienza in una Congregazione mariana; ad Anagni trascorse sei anni lasciando di s\u00e9 un ricordo incancellabile; \u201cAll\u2019Universit\u00e0 Gregoriana\u201d: l\u2019insegnamento durer\u00e0 dal 1920 al 1959 e sotto di lui passeranno migliaia di studenti, sacerdoti religiosi di tutto il mondo; \u201cConsultore\u201d: apprezzato il suo impegno con la Curia romana anche per la preparazione del Concilio Vaticano II; \u201cDoctor resolutus\u201d: cos\u00ec era scherzosamente chiamato dai confratelli per la certezza nel proporre soluzioni e la chiarezza nell\u2019esporle; \u201cConfessore di Roma\u201d: davanti al suo confessionale vi era sempre una lunga fila di penitenti fino alla porta della chiesa; \u201cVere conversioni\u201d: \u00e8 nota quella dello scrittore romano Curzio Malaparte che si fece battezzare proprio da Cappello; \u201cIl segreto della sua forza\u201d: era la preghiera, sempre in ginocchio; una volta si mise seduto e i confratelli si preoccuparono: \u201cbrutto segno\u201d; era la vigilia della sua scomparsa; \u201cLa bibliografia\u201d: oltre 200 opere pubblicate; \u201cLe vacanze\u201d: vita ritirata tra canonica e chiesa, sempre a pregare e confessare; nel pomeriggio passeggiata col fratello Luigi arcidiacono di Agordo; le vacanze finirono per sempre con la morte di Luigi; \u201cLa fine\u201d; il 25 marzo 1962, \u201cIn concetto di santit\u00e0\u201d come ebbe a dire il Patriarca di Venezia Albino Luciani; \u201cDopo la sua morte\u201d: il 13 giugno 1990 il cardinale Ugo Poletti avvia la fase diocesana del processo canonico di beatificazione, che si conclude il 24 giugno 2014 nella basilica di San Giovanni in Laterano con Cappello dichiarato \u201cServo di Dio\u201d; \u201cUn portatore di pace\u201d: lo scrisse la professoressa M. Sbardella; \u201cConclusione\u201d: \u201cIn quest\u2019anno 2015 dedicato alla Vita consacrata &#8211; annota don Vazza &#8211; sono lieto di aver illustrato la vita di padre Felice Cappello, gesuita, che ha consacrato la sua vita a Dio e alla Chiesa come insegnante, giurista e confessore di Roma\u201d. Qui di seguito un\u2019annotazione di \u201cro.b\u201d sul Corriere delle Alpi del 23 giugno 2014: \u201c\u2026la sua salma inizialmente tumulata nel cimitero del Verano \u00e8 stata successivamente traslata, l&#8217;11 aprile 1985 nella chiesa di Sant&#8217;Ignazio, accanto al confessionale dove per 4 decenni svolse il suo ministero&#8230; Al suo nome \u00e8 intitolata la scuola primaria di Marmolada ed una targa lo ricorda nel battistero della chiesa arcipretale di San Giovanni Battista a Canale d&#8217;Agordo. Si calcola che alla sua morte oltre ventimila persone gli resero omaggio all&#8217;ingresso dell&#8217;Universit\u00e0 Gregoriana\u201d.<\/p>\n\n\t\t\t<style type='text\/css'>\n\t\t\t\t#gallery-1 {\n\t\t\t\t\tmargin: auto;\n\t\t\t\t}\n\t\t\t\t#gallery-1 .gallery-item {\n\t\t\t\t\tfloat: left;\n\t\t\t\t\tmargin-top: 10px;\n\t\t\t\t\ttext-align: center;\n\t\t\t\t\twidth: 20%;\n\t\t\t\t}\n\t\t\t\t#gallery-1 img {\n\t\t\t\t\tborder: 2px solid #cfcfcf;\n\t\t\t\t}\n\t\t\t\t#gallery-1 .gallery-caption {\n\t\t\t\t\tmargin-left: 0;\n\t\t\t\t}\n\t\t\t\t\/* see gallery_shortcode() in wp-includes\/media.php *\/\n\t\t\t<\/style>\n\t\t<div id='gallery-1' class='dt-gallery-container gallery galleryid-257936 gallery-columns-5 gallery-size-thumbnail'><dl class='gallery-item'>\n\t\t\t\t<dt class='gallery-icon portrait'>\n\t\t\t\t\t<a class=\"rollover rollover-zoom dt-pswp-item\" title=\"270734672_479024053736394_2780468227281796107_n\" data-dt-img-description=\"\" data-large_image_width=\"157\" data-large_image_height=\"240\"href='https:\/\/www.radiopiu.net\/wordpress\/wp-content\/uploads\/2022\/02\/270734672_479024053736394_2780468227281796107_n.jpg'><img loading=\"lazy\" decoding=\"async\" width=\"150\" height=\"150\" src=\"https:\/\/www.radiopiu.net\/wordpress\/wp-content\/uploads\/2022\/02\/270734672_479024053736394_2780468227281796107_n-150x150.jpg\" class=\"attachment-thumbnail size-thumbnail\" alt=\"\" \/><\/a>\n\t\t\t\t<\/dt><\/dl><dl class='gallery-item'>\n\t\t\t\t<dt class='gallery-icon landscape'>\n\t\t\t\t\t<a class=\"rollover rollover-zoom dt-pswp-item\" title=\"258850160_475506154230573_214040428450084850_n\" data-dt-img-description=\"\" data-large_image_width=\"307\" data-large_image_height=\"201\"href='https:\/\/www.radiopiu.net\/wordpress\/wp-content\/uploads\/2022\/02\/258850160_475506154230573_214040428450084850_n.png'><img loading=\"lazy\" decoding=\"async\" width=\"150\" height=\"150\" src=\"https:\/\/www.radiopiu.net\/wordpress\/wp-content\/uploads\/2022\/02\/258850160_475506154230573_214040428450084850_n-150x150.png\" class=\"attachment-thumbnail size-thumbnail\" alt=\"\" \/><\/a>\n\t\t\t\t<\/dt><\/dl><dl class='gallery-item'>\n\t\t\t\t<dt class='gallery-icon landscape'>\n\t\t\t\t\t<a class=\"rollover rollover-zoom dt-pswp-item\" title=\"272446854_1003777283551749_6066244292889179588_n\" data-dt-img-description=\"\" data-large_image_width=\"296\" data-large_image_height=\"202\"href='https:\/\/www.radiopiu.net\/wordpress\/wp-content\/uploads\/2022\/02\/272446854_1003777283551749_6066244292889179588_n.jpg'><img loading=\"lazy\" decoding=\"async\" width=\"150\" height=\"150\" src=\"https:\/\/www.radiopiu.net\/wordpress\/wp-content\/uploads\/2022\/02\/272446854_1003777283551749_6066244292889179588_n-150x150.jpg\" class=\"attachment-thumbnail size-thumbnail\" alt=\"\" \/><\/a>\n\t\t\t\t<\/dt><\/dl><dl class='gallery-item'>\n\t\t\t\t<dt class='gallery-icon landscape'>\n\t\t\t\t\t<a class=\"rollover rollover-zoom dt-pswp-item\" title=\"272709184_634355524494390_725457792407367475_n\" data-dt-img-description=\"\" data-large_image_width=\"225\" data-large_image_height=\"206\"href='https:\/\/www.radiopiu.net\/wordpress\/wp-content\/uploads\/2022\/02\/272709184_634355524494390_725457792407367475_n.jpg'><img loading=\"lazy\" decoding=\"async\" width=\"150\" height=\"150\" src=\"https:\/\/www.radiopiu.net\/wordpress\/wp-content\/uploads\/2022\/02\/272709184_634355524494390_725457792407367475_n-150x150.jpg\" class=\"attachment-thumbnail size-thumbnail\" alt=\"\" \/><\/a>\n\t\t\t\t<\/dt><\/dl><dl class='gallery-item'>\n\t\t\t\t<dt class='gallery-icon portrait'>\n\t\t\t\t\t<a class=\"rollover rollover-zoom dt-pswp-item\" title=\"271837941_216928310579748_5938947358963180480_n\" data-dt-img-description=\"\" data-large_image_width=\"155\" data-large_image_height=\"206\"href='https:\/\/www.radiopiu.net\/wordpress\/wp-content\/uploads\/2022\/02\/271837941_216928310579748_5938947358963180480_n.jpg'><img loading=\"lazy\" decoding=\"async\" width=\"150\" height=\"150\" src=\"https:\/\/www.radiopiu.net\/wordpress\/wp-content\/uploads\/2022\/02\/271837941_216928310579748_5938947358963180480_n-150x150.jpg\" class=\"attachment-thumbnail size-thumbnail\" alt=\"\" \/><\/a>\n\t\t\t\t<\/dt><\/dl><br style=\"clear: both\" \/><dl class='gallery-item'>\n\t\t\t\t<dt class='gallery-icon portrait'>\n\t\t\t\t\t<a class=\"rollover rollover-zoom dt-pswp-item\" title=\"271862140_2194642857361241_7315485574311645844_n\" data-dt-img-description=\"\" data-large_image_width=\"155\" data-large_image_height=\"240\"href='https:\/\/www.radiopiu.net\/wordpress\/wp-content\/uploads\/2022\/02\/271862140_2194642857361241_7315485574311645844_n.jpg'><img loading=\"lazy\" decoding=\"async\" width=\"150\" height=\"150\" src=\"https:\/\/www.radiopiu.net\/wordpress\/wp-content\/uploads\/2022\/02\/271862140_2194642857361241_7315485574311645844_n-150x150.jpg\" class=\"attachment-thumbnail size-thumbnail\" alt=\"\" \/><\/a>\n\t\t\t\t<\/dt><\/dl><dl class='gallery-item'>\n\t\t\t\t<dt class='gallery-icon portrait'>\n\t\t\t\t\t<a class=\"rollover rollover-zoom dt-pswp-item\" title=\"271850520_463481998739010_5409662098081666383_n\" data-dt-img-description=\"\" data-large_image_width=\"153\" data-large_image_height=\"206\"href='https:\/\/www.radiopiu.net\/wordpress\/wp-content\/uploads\/2022\/02\/271850520_463481998739010_5409662098081666383_n.jpg'><img loading=\"lazy\" decoding=\"async\" width=\"150\" height=\"150\" src=\"https:\/\/www.radiopiu.net\/wordpress\/wp-content\/uploads\/2022\/02\/271850520_463481998739010_5409662098081666383_n-150x150.jpg\" class=\"attachment-thumbnail size-thumbnail\" alt=\"\" \/><\/a>\n\t\t\t\t<\/dt><\/dl><dl class='gallery-item'>\n\t\t\t\t<dt class='gallery-icon landscape'>\n\t\t\t\t\t<a class=\"rollover rollover-zoom dt-pswp-item\" title=\"258747622_1355765734871335_3179375586672114427_n\" data-dt-img-description=\"\" data-large_image_width=\"275\" data-large_image_height=\"206\"href='https:\/\/www.radiopiu.net\/wordpress\/wp-content\/uploads\/2022\/02\/258747622_1355765734871335_3179375586672114427_n.jpg'><img loading=\"lazy\" decoding=\"async\" width=\"150\" height=\"150\" src=\"https:\/\/www.radiopiu.net\/wordpress\/wp-content\/uploads\/2022\/02\/258747622_1355765734871335_3179375586672114427_n-150x150.jpg\" class=\"attachment-thumbnail size-thumbnail\" alt=\"\" \/><\/a>\n\t\t\t\t<\/dt><\/dl><dl class='gallery-item'>\n\t\t\t\t<dt class='gallery-icon portrait'>\n\t\t\t\t\t<a class=\"rollover rollover-zoom dt-pswp-item\" title=\"260075032_628883701706087_104376161691163291_n\" data-dt-img-description=\"\" data-large_image_width=\"142\" data-large_image_height=\"146\"href='https:\/\/www.radiopiu.net\/wordpress\/wp-content\/uploads\/2022\/02\/260075032_628883701706087_104376161691163291_n.png'><img loading=\"lazy\" decoding=\"async\" width=\"142\" height=\"146\" src=\"https:\/\/www.radiopiu.net\/wordpress\/wp-content\/uploads\/2022\/02\/260075032_628883701706087_104376161691163291_n.png\" class=\"attachment-thumbnail size-thumbnail\" alt=\"\" \/><\/a>\n\t\t\t\t<\/dt><\/dl><dl class='gallery-item'>\n\t\t\t\t<dt class='gallery-icon portrait'>\n\t\t\t\t\t<a class=\"rollover rollover-zoom dt-pswp-item\" title=\"272916219_304935851488397_2785156946691493283_n\" data-dt-img-description=\"\" data-large_image_width=\"155\" data-large_image_height=\"206\"href='https:\/\/www.radiopiu.net\/wordpress\/wp-content\/uploads\/2022\/02\/272916219_304935851488397_2785156946691493283_n.jpg'><img loading=\"lazy\" decoding=\"async\" width=\"150\" height=\"150\" src=\"https:\/\/www.radiopiu.net\/wordpress\/wp-content\/uploads\/2022\/02\/272916219_304935851488397_2785156946691493283_n-150x150.jpg\" class=\"attachment-thumbnail size-thumbnail\" alt=\"\" \/><\/a>\n\t\t\t\t<\/dt><\/dl><br style=\"clear: both\" \/><dl class='gallery-item'>\n\t\t\t\t<dt class='gallery-icon portrait'>\n\t\t\t\t\t<a class=\"rollover rollover-zoom dt-pswp-item\" title=\"259773787_1165566097516383_2201291904907465437_n\" data-dt-img-description=\"\" data-large_image_width=\"155\" data-large_image_height=\"206\"href='https:\/\/www.radiopiu.net\/wordpress\/wp-content\/uploads\/2022\/02\/259773787_1165566097516383_2201291904907465437_n.jpg'><img loading=\"lazy\" decoding=\"async\" width=\"150\" height=\"150\" src=\"https:\/\/www.radiopiu.net\/wordpress\/wp-content\/uploads\/2022\/02\/259773787_1165566097516383_2201291904907465437_n-150x150.jpg\" class=\"attachment-thumbnail size-thumbnail\" alt=\"\" \/><\/a>\n\t\t\t\t<\/dt><\/dl><dl class='gallery-item'>\n\t\t\t\t<dt class='gallery-icon portrait'>\n\t\t\t\t\t<a class=\"rollover rollover-zoom dt-pswp-item\" title=\"271905668_498667168346572_5752409537848869351_n\" data-dt-img-description=\"\" data-large_image_width=\"160\" data-large_image_height=\"201\"href='https:\/\/www.radiopiu.net\/wordpress\/wp-content\/uploads\/2022\/02\/271905668_498667168346572_5752409537848869351_n.jpg'><img loading=\"lazy\" decoding=\"async\" width=\"150\" height=\"150\" src=\"https:\/\/www.radiopiu.net\/wordpress\/wp-content\/uploads\/2022\/02\/271905668_498667168346572_5752409537848869351_n-150x150.jpg\" class=\"attachment-thumbnail size-thumbnail\" alt=\"\" \/><\/a>\n\t\t\t\t<\/dt><\/dl><dl class='gallery-item'>\n\t\t\t\t<dt class='gallery-icon portrait'>\n\t\t\t\t\t<a class=\"rollover rollover-zoom dt-pswp-item\" title=\"272660017_367735675176163_4100217815318365567_n\" data-dt-img-description=\"\" data-large_image_width=\"173\" data-large_image_height=\"200\"href='https:\/\/www.radiopiu.net\/wordpress\/wp-content\/uploads\/2022\/02\/272660017_367735675176163_4100217815318365567_n.jpg'><img loading=\"lazy\" decoding=\"async\" width=\"150\" height=\"150\" src=\"https:\/\/www.radiopiu.net\/wordpress\/wp-content\/uploads\/2022\/02\/272660017_367735675176163_4100217815318365567_n-150x150.jpg\" class=\"attachment-thumbnail size-thumbnail\" alt=\"\" \/><\/a>\n\t\t\t\t<\/dt><\/dl>\n\t\t\t\t<br style='clear: both' \/>\n\t\t\t<\/div>\n\n<p>&nbsp;<\/p>\n<p>NELLE FOTO (riproduzioni dal libretto di don Cesare Vazza; Twitter; Wikipedia): copertina della pubblicazione dedicata a Cappello; la casa natale a Caviola; Felice ed il fratello Luigi; due espressioni di padre Felice; chiesa della Madonna della Salute; e quella romana di Sant\u2019Ignazio di Loyola; la lapide sulla tomba; il famoso confessionale; don Cesare Vazza autore del libricino in ricordo di Cappello; l\u2019ingresso di via Rialto a Belluno al negozio temporaneo; la promotrice dell\u2019iniziativa benefica, Elisa Dalla Rossa; alcuni dei libri posti in vendita.<\/p>\n","protected":false},"excerpt":{"rendered":"<p>di\u00a0 RENATO BONA Il prossimo 25 marzo ricorrer\u00e0 il sessantesimo anniversario della scomparsa del \u201cconfessore di Roma\u201d Nuova nobile iniziativa dell\u2019amica Elisa Dalla Rossa per finanziare l\u2019Associazione \u201cYolandre per il Madagascar\u201d della quale \u00e8 la referente (questa, in particolare, per raccogliere fondi da devolvere alla costruzione di un asilo nei pressi della zona alberghiera dove&hellip;<\/p>\n","protected":false},"author":4,"featured_media":257943,"comment_status":"closed","ping_status":"closed","sticky":false,"template":"","format":"standard","meta":{"_monsterinsights_skip_tracking":false,"_monsterinsights_sitenote_active":false,"_monsterinsights_sitenote_note":"","_monsterinsights_sitenote_category":0,"footnotes":""},"categories":[51,49],"tags":[],"class_list":["post-257936","post","type-post","status-publish","format-standard","has-post-thumbnail","hentry","category-evidenza-top","category-news-18","category-51","category-49","description-off"],"img_url":"https:\/\/www.radiopiu.net\/wordpress\/wp-content\/uploads\/2022\/02\/271850520_463481998739010_5409662098081666383_n.jpg","_links":{"self":[{"href":"https:\/\/www.radiopiu.net\/wordpress\/wp-json\/wp\/v2\/posts\/257936","targetHints":{"allow":["GET"]}}],"collection":[{"href":"https:\/\/www.radiopiu.net\/wordpress\/wp-json\/wp\/v2\/posts"}],"about":[{"href":"https:\/\/www.radiopiu.net\/wordpress\/wp-json\/wp\/v2\/types\/post"}],"author":[{"embeddable":true,"href":"https:\/\/www.radiopiu.net\/wordpress\/wp-json\/wp\/v2\/users\/4"}],"replies":[{"embeddable":true,"href":"https:\/\/www.radiopiu.net\/wordpress\/wp-json\/wp\/v2\/comments?post=257936"}],"version-history":[{"count":0,"href":"https:\/\/www.radiopiu.net\/wordpress\/wp-json\/wp\/v2\/posts\/257936\/revisions"}],"wp:featuredmedia":[{"embeddable":true,"href":"https:\/\/www.radiopiu.net\/wordpress\/wp-json\/wp\/v2\/media\/257943"}],"wp:attachment":[{"href":"https:\/\/www.radiopiu.net\/wordpress\/wp-json\/wp\/v2\/media?parent=257936"}],"wp:term":[{"taxonomy":"category","embeddable":true,"href":"https:\/\/www.radiopiu.net\/wordpress\/wp-json\/wp\/v2\/categories?post=257936"},{"taxonomy":"post_tag","embeddable":true,"href":"https:\/\/www.radiopiu.net\/wordpress\/wp-json\/wp\/v2\/tags?post=257936"}],"curies":[{"name":"wp","href":"https:\/\/api.w.org\/{rel}","templated":true}]}}