{"id":258074,"date":"2022-02-05T09:20:58","date_gmt":"2022-02-05T08:20:58","guid":{"rendered":"https:\/\/www.radiopiu.net\/wordpress\/?p=258074"},"modified":"2022-02-05T09:22:22","modified_gmt":"2022-02-05T08:22:22","slug":"torna-il-derby-veneto-di-pallavolo-da-rold","status":"publish","type":"post","link":"https:\/\/www.radiopiu.net\/wordpress\/torna-il-derby-veneto-di-pallavolo-da-rold\/","title":{"rendered":"TORNA IL DERBY VENETO DI PALLAVOLO, DA ROLD &#8220;POSSIAMO VINCERE 3-1&#8221;"},"content":{"rendered":"<p><strong><a href=\"https:\/\/www.radiopiu.net\/wordpress\/torna-il-derby-veneto-di-pallavolo-da-rold-possiamo-vincere-3-1\/drl_verso_il_derby\/\" rel=\"attachment wp-att-258075\"><img loading=\"lazy\" decoding=\"async\" class=\"size-medium wp-image-258075 alignleft\" src=\"https:\/\/www.radiopiu.net\/wordpress\/wp-content\/uploads\/2022\/02\/Drl_verso_il_derby-300x173.jpg\" alt=\"\" width=\"300\" height=\"173\" srcset=\"https:\/\/www.radiopiu.net\/wordpress\/wp-content\/uploads\/2022\/02\/Drl_verso_il_derby-300x173.jpg 300w, https:\/\/www.radiopiu.net\/wordpress\/wp-content\/uploads\/2022\/02\/Drl_verso_il_derby-1024x591.jpg 1024w, https:\/\/www.radiopiu.net\/wordpress\/wp-content\/uploads\/2022\/02\/Drl_verso_il_derby-768x443.jpg 768w, https:\/\/www.radiopiu.net\/wordpress\/wp-content\/uploads\/2022\/02\/Drl_verso_il_derby.jpg 1433w\" sizes=\"auto, (max-width: 300px) 100vw, 300px\" \/><\/a>BELLUNO<\/strong> Domani alle 18 alla Spes Arena il derby: Da Rold Logistics- Sol Lucernari Montecchio Maggiore,\u00a0 \u00abAffronteremo un ottimo avversario, ma possiamo vincere. Magari 3-1. Mettendo in campo cattiveria agonistica, aggressivit\u00e0 e concentrazione, ce la possiamo fare\u00bb Lo dice il\u00a0 presidente Sandro Da Rold\u00a0 andando all\u2019attacco e cavalcando\u00a0 un\u2019ambizione che gli ha permesso di scalare le categorie come il pi\u00f9 abile degli alpinisti. Cos\u00ec \u00e8 riuscito a riportare la Pallavolo Belluno in A, a distanza di oltre trent\u2019anni. <em>\u00abRicordo la gara d\u2019andata &#8211; sorride, amaro, Sandro Da Rold -. Sul 2-0, stavo gi\u00e0 pensando al ristorante in cui andare a festeggiare. L\u2019auspicio \u00e8 che al ritorno sia un\u2019altra storia\u00bb. Anche perch\u00e9 il pubblico \u00e8 un alleato in pi\u00f9: \u00abNonostante le restrizioni e i contagi, possiamo sempre contare su un buon numero di tifosi in tribuna. \u00c8 un segnale di rilievo, significa che c\u2019\u00e8 entusiasmo. E che abbiamo seminato bene. Se si considera che lo scorso luglio siamo riusciti ad allestire la squadra in pochi giorni, \u00e8 evidente che l\u2019attuale ottavo posto mi rende sereno e tranquillo. Anche in prospettiva\u00bb.<span class=\"gmail-Apple-converted-space\">\u00a0<\/span><\/em><\/p>\n<div class=\"moz-text-html\" lang=\"x-unicode\">\n<div dir=\"ltr\">\n<p><b>***<\/b><\/p>\n<\/div>\n<\/div>\n","protected":false},"excerpt":{"rendered":"<p>BELLUNO Domani alle 18 alla Spes Arena il derby: Da Rold Logistics- Sol Lucernari Montecchio Maggiore,\u00a0 \u00abAffronteremo un ottimo avversario, ma possiamo vincere. Magari 3-1. Mettendo in campo cattiveria agonistica, aggressivit\u00e0 e concentrazione, ce la possiamo fare\u00bb Lo dice il\u00a0 presidente Sandro Da Rold\u00a0 andando all\u2019attacco e cavalcando\u00a0 un\u2019ambizione che gli ha permesso di scalare&hellip;<\/p>\n","protected":false},"author":4,"featured_media":258075,"comment_status":"closed","ping_status":"closed","sticky":false,"template":"","format":"standard","meta":{"_monsterinsights_skip_tracking":false,"_monsterinsights_sitenote_active":false,"_monsterinsights_sitenote_note":"","_monsterinsights_sitenote_category":0,"footnotes":""},"categories":[49],"tags":[],"class_list":["post-258074","post","type-post","status-publish","format-standard","has-post-thumbnail","hentry","category-news-18","category-49","description-off"],"img_url":"https:\/\/www.radiopiu.net\/wordpress\/wp-content\/uploads\/2022\/02\/Drl_verso_il_derby.jpg","_links":{"self":[{"href":"https:\/\/www.radiopiu.net\/wordpress\/wp-json\/wp\/v2\/posts\/258074","targetHints":{"allow":["GET"]}}],"collection":[{"href":"https:\/\/www.radiopiu.net\/wordpress\/wp-json\/wp\/v2\/posts"}],"about":[{"href":"https:\/\/www.radiopiu.net\/wordpress\/wp-json\/wp\/v2\/types\/post"}],"author":[{"embeddable":true,"href":"https:\/\/www.radiopiu.net\/wordpress\/wp-json\/wp\/v2\/users\/4"}],"replies":[{"embeddable":true,"href":"https:\/\/www.radiopiu.net\/wordpress\/wp-json\/wp\/v2\/comments?post=258074"}],"version-history":[{"count":0,"href":"https:\/\/www.radiopiu.net\/wordpress\/wp-json\/wp\/v2\/posts\/258074\/revisions"}],"wp:featuredmedia":[{"embeddable":true,"href":"https:\/\/www.radiopiu.net\/wordpress\/wp-json\/wp\/v2\/media\/258075"}],"wp:attachment":[{"href":"https:\/\/www.radiopiu.net\/wordpress\/wp-json\/wp\/v2\/media?parent=258074"}],"wp:term":[{"taxonomy":"category","embeddable":true,"href":"https:\/\/www.radiopiu.net\/wordpress\/wp-json\/wp\/v2\/categories?post=258074"},{"taxonomy":"post_tag","embeddable":true,"href":"https:\/\/www.radiopiu.net\/wordpress\/wp-json\/wp\/v2\/tags?post=258074"}],"curies":[{"name":"wp","href":"https:\/\/api.w.org\/{rel}","templated":true}]}}