{"id":258084,"date":"2022-02-05T09:55:18","date_gmt":"2022-02-05T08:55:18","guid":{"rendered":"https:\/\/www.radiopiu.net\/wordpress\/?p=258084"},"modified":"2022-02-05T09:55:18","modified_gmt":"2022-02-05T08:55:18","slug":"veneto-partite-iva-in-ritirata-quasi-32-mila-in-meno-negli-ultimi-5-anni","status":"publish","type":"post","link":"https:\/\/www.radiopiu.net\/wordpress\/veneto-partite-iva-in-ritirata-quasi-32-mila-in-meno-negli-ultimi-5-anni\/","title":{"rendered":"VENETO, PARTITE IVA IN \u201cRITIRATA\u201d:  QUASI  32 MILA IN MENO NEGLI ULTIMI 5 ANNI"},"content":{"rendered":"<p>Sono agricoltori, artigiani, esercenti, piccoli commercianti e liberi professionisti non iscritti alle casse. Costituiscono la gran parte del mondo del lavoro autonomo, la categoria professionale che \u00e8 stata la pi\u00f9 colpita dal Covid. Nel quinquennio esaminato in questa analisi, questo popolo di microimprenditori si \u00e8 decisamente assottigliato: all\u2019appello, in Veneto, ne mancano 31.798. Se a febbraio 2015 lo stock complessivo ammontava a 414.034, a dicembre 2020 (ultimo dato disponibile) \u00e8 sceso a 382.236 unit\u00e0 (-7,7 per cento). A dirlo \u00e8 l\u2019Ufficio studi della CGIA che ha elaborato i dati occupazionali presentati nei giorni scorsi dall\u2019Istat.<\/p>\n<p>Sempre in questo arco temporale, a livello provinciale la situazione pi\u00f9 critica si \u00e8 registrata a Rovigo, con una contrazione percentuale del numero degli autonomi di 11 punti. Seguono Vicenza (-9,5 per cento), Belluno e Verona (- 9,1 per cento), Padova (-6,8 per cento), Venezia (-5,9 per cento) e Treviso (-5,6 per cento). In tutte le province \u00e8 stato molto deciso il ridimensionamento del numero degli artigiani e commercianti, mentre in tutte le 7 realt\u00e0 provinciali il numero del professionisti con gestione separata Inps (ovvero senza cassa) sono in aumento.<\/p>\n<p>Nonostante non vi siano ancora i dati di dettaglio, la crisi pandemica e le conseguenti limitazioni alla mobilit\u00e0, il calo dei consumi, le tasse e l\u2019impennata del costo degli affitti\u00a0 hanno peggiorato una situazione di per s\u00e9 molto deteriorata.\u00a0Negli ultimi mesi, inoltre, si \u00e8 fatto sentire anche il caro energia. Le bollette di luce e gas, infatti, hanno subito dei rincari spaventosi. Se, inoltre, teniamo conto che negli ultimi 10 anni le politiche commerciali della grande distribuzione organizzata e il boom delle vendite on line sono diventate sempre pi\u00f9 mirate ed aggressive, per molti artigiani e altrettanti piccoli commercianti non c\u2019\u00e8 stata via di scampo. L\u2019unica soluzione \u00e8 stata quella di gettare definitivamente la spugna.\u00a0Anche in Veneto.<\/p>\n<p>Per tentare una inversione di tendenza, oltre ad abbassare le tasse, rilanciare i consumi e ad alleggerire il peso della burocrazia \u00e8 necessario, in particolar modo nell\u2019artigianato, rivalutare il lavoro manuale. Negli ultimi 40 anni c\u2019\u00e8 stata una svalutazione culturale spaventosa.\u00a0Attraverso le riforme della scuola avvenute in questi ultimi anni, sono stati fatti alcuni passi importanti, ma non basta. Bisogna fare una vera e propria rivoluzione per ridare dignit\u00e0,\u00a0 valore sociale e un giusto riconoscimento economico a tutte quelle professioni dove il saper fare con le proprie mani costituisce una virt\u00f9 aggiuntiva che\u00a0 rischiamo colpevolmente di perdere. Come dicevamo, la crisi c\u2019\u00e8, morde e fa paura, ma, nonostante ci\u00f2, c\u2019\u00e8 anche il rovescio della medaglia. Non sono pochi, infatti, i settori dove i posti di lavoro rimangono scoperti perch\u00e9 i giovani non sono disponibili a impegnarsi professionalmente. Gli autisti di mezzi pesanti, addetti alle macchine a controllo numerico, i tornitori, i fresatori, i verniciatori e i battilamiera sono pressocch\u00e9 introvabili. Senza contare che, al netto dei lavoratori stranieri, nel settore delle costruzioni \u00e8 sempre pi\u00f9 difficile reperire conduttori di macchine per il movimento terra, carpentieri, cappottisti, posatori e lattonieri.<\/p>\n<p>Da quasi un anno CGIA chiede sia al Premier Draghi che ai governatori di aprire un tavolo di crisi permanente a livello nazionale e locale. Mai come in questo momento, infatti, \u00e8 necessario dare una risposta ad un mondo, quello autonomo, che sta vivendo una situazione particolarmente delicata. Intendiamoci, misure miracolistiche non ce ne sono. E non dobbiamo nemmeno dimenticare che in questi ultimi due anni oltre ai ristori (ancorch\u00e9 del tutto insufficienti), gli esecutivi che si sono succeduti hanno, tra le altre cose, istituito l\u2019Iscro, l\u2019assegno universale per i figli a carico ed il reddito di emergenza per chi \u00e8 ancora in attivit\u00e0. Tutte misure importanti, ma non sufficienti per fronteggiare le difficolt\u00e0 provocate da questa crisi pandemica.<\/p>\n\n\t\t\t<style type='text\/css'>\n\t\t\t\t#gallery-1 {\n\t\t\t\t\tmargin: auto;\n\t\t\t\t}\n\t\t\t\t#gallery-1 .gallery-item {\n\t\t\t\t\tfloat: left;\n\t\t\t\t\tmargin-top: 10px;\n\t\t\t\t\ttext-align: center;\n\t\t\t\t\twidth: 25%;\n\t\t\t\t}\n\t\t\t\t#gallery-1 img {\n\t\t\t\t\tborder: 2px solid #cfcfcf;\n\t\t\t\t}\n\t\t\t\t#gallery-1 .gallery-caption {\n\t\t\t\t\tmargin-left: 0;\n\t\t\t\t}\n\t\t\t\t\/* see gallery_shortcode() in wp-includes\/media.php *\/\n\t\t\t<\/style>\n\t\t<div id='gallery-1' class='dt-gallery-container gallery galleryid-258084 gallery-columns-4 gallery-size-thumbnail'><dl class='gallery-item'>\n\t\t\t\t<dt class='gallery-icon landscape'>\n\t\t\t\t\t<a class=\"rollover rollover-zoom dt-pswp-item\" title=\"Schermata 2022-02-05 alle 09.42.07\" data-dt-img-description=\"\" data-large_image_width=\"1164\" data-large_image_height=\"638\"href='https:\/\/www.radiopiu.net\/wordpress\/wp-content\/uploads\/2022\/02\/Schermata-2022-02-05-alle-09.42.07.png'><img loading=\"lazy\" decoding=\"async\" width=\"150\" height=\"150\" src=\"https:\/\/www.radiopiu.net\/wordpress\/wp-content\/uploads\/2022\/02\/Schermata-2022-02-05-alle-09.42.07-150x150.png\" class=\"attachment-thumbnail size-thumbnail\" alt=\"\" \/><\/a>\n\t\t\t\t<\/dt><\/dl><dl class='gallery-item'>\n\t\t\t\t<dt class='gallery-icon landscape'>\n\t\t\t\t\t<a class=\"rollover rollover-zoom dt-pswp-item\" title=\"Schermata 2022-02-05 alle 09.42.00\" data-dt-img-description=\"\" data-large_image_width=\"1164\" data-large_image_height=\"638\"href='https:\/\/www.radiopiu.net\/wordpress\/wp-content\/uploads\/2022\/02\/Schermata-2022-02-05-alle-09.42.00.png'><img loading=\"lazy\" decoding=\"async\" width=\"150\" height=\"150\" src=\"https:\/\/www.radiopiu.net\/wordpress\/wp-content\/uploads\/2022\/02\/Schermata-2022-02-05-alle-09.42.00-150x150.png\" class=\"attachment-thumbnail size-thumbnail\" alt=\"\" \/><\/a>\n\t\t\t\t<\/dt><\/dl><dl class='gallery-item'>\n\t\t\t\t<dt class='gallery-icon landscape'>\n\t\t\t\t\t<a class=\"rollover rollover-zoom dt-pswp-item\" title=\"Schermata 2022-02-05 alle 09.41.43\" data-dt-img-description=\"\" data-large_image_width=\"1164\" data-large_image_height=\"638\"href='https:\/\/www.radiopiu.net\/wordpress\/wp-content\/uploads\/2022\/02\/Schermata-2022-02-05-alle-09.41.43.png'><img loading=\"lazy\" decoding=\"async\" width=\"150\" height=\"150\" src=\"https:\/\/www.radiopiu.net\/wordpress\/wp-content\/uploads\/2022\/02\/Schermata-2022-02-05-alle-09.41.43-150x150.png\" class=\"attachment-thumbnail size-thumbnail\" alt=\"\" \/><\/a>\n\t\t\t\t<\/dt><\/dl><dl class='gallery-item'>\n\t\t\t\t<dt class='gallery-icon landscape'>\n\t\t\t\t\t<a class=\"rollover rollover-zoom dt-pswp-item\" title=\"Schermata 2022-02-05 alle 09.41.31\" data-dt-img-description=\"\" data-large_image_width=\"1164\" data-large_image_height=\"638\"href='https:\/\/www.radiopiu.net\/wordpress\/wp-content\/uploads\/2022\/02\/Schermata-2022-02-05-alle-09.41.31.png'><img loading=\"lazy\" decoding=\"async\" width=\"150\" height=\"150\" src=\"https:\/\/www.radiopiu.net\/wordpress\/wp-content\/uploads\/2022\/02\/Schermata-2022-02-05-alle-09.41.31-150x150.png\" class=\"attachment-thumbnail size-thumbnail\" alt=\"\" \/><\/a>\n\t\t\t\t<\/dt><\/dl><br style=\"clear: both\" \/><dl class='gallery-item'>\n\t\t\t\t<dt class='gallery-icon landscape'>\n\t\t\t\t\t<a class=\"rollover rollover-zoom dt-pswp-item\" title=\"Schermata 2022-02-05 alle 09.41.13\" data-dt-img-description=\"\" data-large_image_width=\"1164\" data-large_image_height=\"664\"href='https:\/\/www.radiopiu.net\/wordpress\/wp-content\/uploads\/2022\/02\/Schermata-2022-02-05-alle-09.41.13.png'><img loading=\"lazy\" decoding=\"async\" width=\"150\" height=\"150\" src=\"https:\/\/www.radiopiu.net\/wordpress\/wp-content\/uploads\/2022\/02\/Schermata-2022-02-05-alle-09.41.13-150x150.png\" class=\"attachment-thumbnail size-thumbnail\" alt=\"\" \/><\/a>\n\t\t\t\t<\/dt><\/dl><dl class='gallery-item'>\n\t\t\t\t<dt class='gallery-icon landscape'>\n\t\t\t\t\t<a class=\"rollover rollover-zoom dt-pswp-item\" title=\"Schermata 2022-02-05 alle 09.41.01\" data-dt-img-description=\"\" data-large_image_width=\"1122\" data-large_image_height=\"644\"href='https:\/\/www.radiopiu.net\/wordpress\/wp-content\/uploads\/2022\/02\/Schermata-2022-02-05-alle-09.41.01.png'><img loading=\"lazy\" decoding=\"async\" width=\"150\" height=\"150\" src=\"https:\/\/www.radiopiu.net\/wordpress\/wp-content\/uploads\/2022\/02\/Schermata-2022-02-05-alle-09.41.01-150x150.png\" class=\"attachment-thumbnail size-thumbnail\" alt=\"\" \/><\/a>\n\t\t\t\t<\/dt><\/dl><dl class='gallery-item'>\n\t\t\t\t<dt class='gallery-icon landscape'>\n\t\t\t\t\t<a class=\"rollover rollover-zoom dt-pswp-item\" title=\"Schermata 2022-02-05 alle 09.40.52\" data-dt-img-description=\"\" data-large_image_width=\"1122\" data-large_image_height=\"644\"href='https:\/\/www.radiopiu.net\/wordpress\/wp-content\/uploads\/2022\/02\/Schermata-2022-02-05-alle-09.40.52.png'><img loading=\"lazy\" decoding=\"async\" width=\"150\" height=\"150\" src=\"https:\/\/www.radiopiu.net\/wordpress\/wp-content\/uploads\/2022\/02\/Schermata-2022-02-05-alle-09.40.52-150x150.png\" class=\"attachment-thumbnail size-thumbnail\" alt=\"\" \/><\/a>\n\t\t\t\t<\/dt><\/dl><dl class='gallery-item'>\n\t\t\t\t<dt class='gallery-icon landscape'>\n\t\t\t\t\t<a class=\"rollover rollover-zoom dt-pswp-item\" title=\"Schermata 2022-02-05 alle 09.40.42\" data-dt-img-description=\"\" data-large_image_width=\"1122\" data-large_image_height=\"644\"href='https:\/\/www.radiopiu.net\/wordpress\/wp-content\/uploads\/2022\/02\/Schermata-2022-02-05-alle-09.40.42.png'><img loading=\"lazy\" decoding=\"async\" width=\"150\" height=\"150\" src=\"https:\/\/www.radiopiu.net\/wordpress\/wp-content\/uploads\/2022\/02\/Schermata-2022-02-05-alle-09.40.42-150x150.png\" class=\"attachment-thumbnail size-thumbnail\" alt=\"\" \/><\/a>\n\t\t\t\t<\/dt><\/dl><br style=\"clear: both\" \/>\n\t\t\t<\/div>\n\n","protected":false},"excerpt":{"rendered":"<p>Sono agricoltori, artigiani, esercenti, piccoli commercianti e liberi professionisti non iscritti alle casse. Costituiscono la gran parte del mondo del lavoro autonomo, la categoria professionale che \u00e8 stata la pi\u00f9 colpita dal Covid. Nel quinquennio esaminato in questa analisi, questo popolo di microimprenditori si \u00e8 decisamente assottigliato: all\u2019appello, in Veneto, ne mancano 31.798. Se a&hellip;<\/p>\n","protected":false},"author":2,"featured_media":258098,"comment_status":"closed","ping_status":"closed","sticky":false,"template":"","format":"standard","meta":{"_monsterinsights_skip_tracking":false,"_monsterinsights_sitenote_active":false,"_monsterinsights_sitenote_note":"","_monsterinsights_sitenote_category":0,"footnotes":""},"categories":[49],"tags":[],"class_list":["post-258084","post","type-post","status-publish","format-standard","has-post-thumbnail","hentry","category-news-18","category-49","description-off"],"img_url":"https:\/\/www.radiopiu.net\/wordpress\/wp-content\/uploads\/2022\/02\/chiuso-fallimento.jpg","_links":{"self":[{"href":"https:\/\/www.radiopiu.net\/wordpress\/wp-json\/wp\/v2\/posts\/258084","targetHints":{"allow":["GET"]}}],"collection":[{"href":"https:\/\/www.radiopiu.net\/wordpress\/wp-json\/wp\/v2\/posts"}],"about":[{"href":"https:\/\/www.radiopiu.net\/wordpress\/wp-json\/wp\/v2\/types\/post"}],"author":[{"embeddable":true,"href":"https:\/\/www.radiopiu.net\/wordpress\/wp-json\/wp\/v2\/users\/2"}],"replies":[{"embeddable":true,"href":"https:\/\/www.radiopiu.net\/wordpress\/wp-json\/wp\/v2\/comments?post=258084"}],"version-history":[{"count":0,"href":"https:\/\/www.radiopiu.net\/wordpress\/wp-json\/wp\/v2\/posts\/258084\/revisions"}],"wp:featuredmedia":[{"embeddable":true,"href":"https:\/\/www.radiopiu.net\/wordpress\/wp-json\/wp\/v2\/media\/258098"}],"wp:attachment":[{"href":"https:\/\/www.radiopiu.net\/wordpress\/wp-json\/wp\/v2\/media?parent=258084"}],"wp:term":[{"taxonomy":"category","embeddable":true,"href":"https:\/\/www.radiopiu.net\/wordpress\/wp-json\/wp\/v2\/categories?post=258084"},{"taxonomy":"post_tag","embeddable":true,"href":"https:\/\/www.radiopiu.net\/wordpress\/wp-json\/wp\/v2\/tags?post=258084"}],"curies":[{"name":"wp","href":"https:\/\/api.w.org\/{rel}","templated":true}]}}