{"id":258107,"date":"2022-02-08T05:39:04","date_gmt":"2022-02-08T04:39:04","guid":{"rendered":"https:\/\/www.radiopiu.net\/wordpress\/?p=258107"},"modified":"2022-02-08T05:58:21","modified_gmt":"2022-02-08T04:58:21","slug":"italiasemifa","status":"publish","type":"post","link":"https:\/\/www.radiopiu.net\/wordpress\/italiasemifa\/","title":{"rendered":"CURLING: STEFANIA E AMOS IMBATTIBILI, CONQUISTATA LA FINALE OLIMPICA"},"content":{"rendered":"<p><em>Colpi da campioni e scroscio di applausi nell&#8217;arena.\u00a0<\/em><\/p>\n<blockquote><p><em><img loading=\"lazy\" decoding=\"async\" class=\"alignleft\" src=\"https:\/\/www.radiopiu.net\/wordpress\/wp-content\/uploads\/2022\/02\/9f1d5f5c-c7b6-413c-a121-c9ddd9d8009f.jpg\" width=\"228\" height=\"140\" \/>Svezia in crisi nera tra cumuli di errori, Italia spigliata e sorridente. Stefania e Amos: esagerati!\u00a0 In semifinale con questa coppia non ce n&#8217;\u00e8 per nessuno.<\/em><\/p><\/blockquote>\n<p><strong>Manifesta superiorit\u00e0 ed \u00e8 delirio\u00a0<\/strong><\/p>\n<p><strong>REDAZIONE\u00a0<\/strong> L&#8217;Italia del curling olimpico \u00e8 in finale, per la seconda volta in due giorni ha sconfitto la Svezia di De Val e Eriksson.\u00a0 L&#8217;Italia, con la coppia Constantini &#8211; Mosaner ha fatto di nuovo scintille\u00a0 con un secco 8-1\u00a0 passando per un altisonante\u00a0 6-0\u00a0 (al quinto end con 4 mani rubate consecutive) che nel tennis sa di cappotto. Anche questa volta L&#8217;Italia del doppio misto non ha sbagliato nulla per compromettere il risultato di una semifinale tanto importante. L&#8217;Italia \u00e8 approdata alla gara con la Svezia da prima del girone. Stefania Constantini, quella del &#8220;colpo di grazia&#8221; e Amos Mosaner quello della &#8220;doppia bocciata capolavoro&#8221;: nove vittorie di fila\u00a0 sulle ali dell&#8217;entusiasmo verso una medaglia pregiata con un palmares eccezionale in questa Olimpiade fatta di colpi non sbagliati, mani rubate e punti pesanti che fanno la differenza e spalancano le porte della finale. Domani alle 13:05 la coppia italiana si giocher\u00e0 la medaglia d&#8217;oro. Il presidente della Regione Luca Zaia &#8220;<em>\u201cDi record questi due ragazzi ne hanno gi\u00e0 infilati parecchi \u2013 aggiunge Zaia \u2013 perch\u00e9 \u00e8 la prima volta olimpica del curling di coppia, perch\u00e9 \u00e8 la loro prima volta olimpica, perch\u00e9 nessuno, alla vigilia, pensava fossero cos\u00ec forti\u201d.<\/em><\/p>\n<p>&nbsp;<\/p>\n<p>***<\/p>\n","protected":false},"excerpt":{"rendered":"<p>Colpi da campioni e scroscio di applausi nell&#8217;arena.\u00a0 Svezia in crisi nera tra cumuli di errori, Italia spigliata e sorridente. Stefania e Amos: esagerati!\u00a0 In semifinale con questa coppia non ce n&#8217;\u00e8 per nessuno. Manifesta superiorit\u00e0 ed \u00e8 delirio\u00a0 REDAZIONE\u00a0 L&#8217;Italia del curling olimpico \u00e8 in finale, per la seconda volta in due giorni ha&hellip;<\/p>\n","protected":false},"author":4,"featured_media":258115,"comment_status":"closed","ping_status":"closed","sticky":false,"template":"","format":"standard","meta":{"_monsterinsights_skip_tracking":false,"_monsterinsights_sitenote_active":false,"_monsterinsights_sitenote_note":"","_monsterinsights_sitenote_category":0,"footnotes":""},"categories":[51,49],"tags":[],"class_list":["post-258107","post","type-post","status-publish","format-standard","has-post-thumbnail","hentry","category-evidenza-top","category-news-18","category-51","category-49","description-off"],"img_url":"https:\/\/www.radiopiu.net\/wordpress\/wp-content\/uploads\/2022\/02\/9f1d5f5c-c7b6-413c-a121-c9ddd9d8009f.jpg","_links":{"self":[{"href":"https:\/\/www.radiopiu.net\/wordpress\/wp-json\/wp\/v2\/posts\/258107","targetHints":{"allow":["GET"]}}],"collection":[{"href":"https:\/\/www.radiopiu.net\/wordpress\/wp-json\/wp\/v2\/posts"}],"about":[{"href":"https:\/\/www.radiopiu.net\/wordpress\/wp-json\/wp\/v2\/types\/post"}],"author":[{"embeddable":true,"href":"https:\/\/www.radiopiu.net\/wordpress\/wp-json\/wp\/v2\/users\/4"}],"replies":[{"embeddable":true,"href":"https:\/\/www.radiopiu.net\/wordpress\/wp-json\/wp\/v2\/comments?post=258107"}],"version-history":[{"count":0,"href":"https:\/\/www.radiopiu.net\/wordpress\/wp-json\/wp\/v2\/posts\/258107\/revisions"}],"wp:featuredmedia":[{"embeddable":true,"href":"https:\/\/www.radiopiu.net\/wordpress\/wp-json\/wp\/v2\/media\/258115"}],"wp:attachment":[{"href":"https:\/\/www.radiopiu.net\/wordpress\/wp-json\/wp\/v2\/media?parent=258107"}],"wp:term":[{"taxonomy":"category","embeddable":true,"href":"https:\/\/www.radiopiu.net\/wordpress\/wp-json\/wp\/v2\/categories?post=258107"},{"taxonomy":"post_tag","embeddable":true,"href":"https:\/\/www.radiopiu.net\/wordpress\/wp-json\/wp\/v2\/tags?post=258107"}],"curies":[{"name":"wp","href":"https:\/\/api.w.org\/{rel}","templated":true}]}}