{"id":258128,"date":"2022-02-05T17:27:47","date_gmt":"2022-02-05T16:27:47","guid":{"rendered":"https:\/\/www.radiopiu.net\/wordpress\/?p=258128"},"modified":"2022-02-05T17:27:47","modified_gmt":"2022-02-05T16:27:47","slug":"galleria-comelico-dellamore-i-lavori-di-consolidamento-della-galleria-siano-loccasione-per-ripristinare-la-vecchia-strada","status":"publish","type":"post","link":"https:\/\/www.radiopiu.net\/wordpress\/galleria-comelico-dellamore-i-lavori-di-consolidamento-della-galleria-siano-loccasione-per-ripristinare-la-vecchia-strada\/","title":{"rendered":"GALLERIA COMELICO. DELLAMORE: &#8220;I LAVORI DI CONSOLIDAMENTO DELLA GALLERIA SIANO L&#8217;OCCASIONE PER RIPRISTINARE LA VECCHIA STRADA&#8221;"},"content":{"rendered":"<p><strong><a href=\"https:\/\/www.radiopiu.net\/wordpress\/galleria-comelico-da-lunedi\/galleria-comelico\/\" rel=\"attachment wp-att-192243\"><img loading=\"lazy\" decoding=\"async\" class=\"size-medium wp-image-192243 alignleft\" src=\"https:\/\/www.radiopiu.net\/wordpress\/wp-content\/uploads\/2021\/02\/galleria-comelico-253x300.jpg\" alt=\"\" width=\"253\" height=\"300\" srcset=\"https:\/\/www.radiopiu.net\/wordpress\/wp-content\/uploads\/2021\/02\/galleria-comelico-253x300.jpg 253w, https:\/\/www.radiopiu.net\/wordpress\/wp-content\/uploads\/2021\/02\/galleria-comelico.jpg 500w\" sizes=\"auto, (max-width: 253px) 100vw, 253px\" \/><\/a>SANTO STEFANO DI CADORE<\/strong> L&#8217;assessore comunale di Santo Stefano di Cadore Francesca Dellamore scrive una lettera aperta per parlare dei lavori presso la galleria Comelico. La Dellamore si augura che i lavori di consolidamento della galleria siano l&#8217;occasione per ripristinare la vecchia strada che poi potrebbe essere utilizzata come prolungamento della Ciclabile delle Dolomiti.<\/p>\n<blockquote><p><em><strong>LA LETTERA<\/strong><\/em><\/p>\n<p><em>L&#8217;amministrazione comunale di Santo Stefano esprime dissenso e biasimo per le strumentalizzazioni dei prossimi lavori in galleria Comelico, attraverso cui si \u00e8 voluto riaprire il vieto ed anacronistico progetto del cosiddetto sbocco a nord, con il traforo del bellissimo Monte Cavallino, la vetta pi\u00f9 alta delle creste di confine fra la Val Comelico e l&#8217;Osttirol, uno dei luoghi pi\u00f9 significativi della Grande Guerra. Proprio sulla vetta del Monte Cavallino \u00e8 posta la &#8220;Croce d&#8217;Europa&#8221; con la targa &#8220;MAI PI\u00d9&#8221;, dove ogni anno si incontrano gli abitanti del Comelico e di Kartitsch in segno di pace e fratellanza; e su di una parete del versante italiano, in un grande masso di pietra bianca (il marmo del Monte Cavallino), \u00e8 possibile ammirare un vero e proprio cavallo, scolpito nel 1770 da uno scultore rimasto ignoto. I lavori di consolidamento della galleria Comelico devono essere, molto semplicemente, l&#8217;occasione per ripristinare la vecchia Strada della Valle (costruita a suo tempo con i soldi dei cittadini del Comelico, ricavati dal patrimonio forestale), in modo che, terminata l&#8217;esigenza di viabilit\u00e0 alternativa, possa diventare il naturale prolungamento della Ciclabile delle Dolomiti, per un itinerario di grandissimo fascino, che diventer\u00e0 una meta in s\u00e9. Questo, insieme alla defiscalizzazione a favore delle piccole imprese e tutto ci\u00f2 che va nell&#8217;ottica del turismo sostenibile, \u00e8 quanto serve alla Val Comelico per una valorizzazione che consenta l&#8217;incremento della ricchezza, per permettere agli abitanti di continuare a vivere serenamente in questo meraviglioso ambiente. Tutto il resto sono speculazioni, proclami a favore di iniziative mascherate come bene comune, ma volte a favorire l&#8217;interesse di pochi grandi capitali a danno degli abitanti. Dopo il Brennero e Tarvisio degli anni &#8217;60 e &#8217;70, c&#8217;\u00e8 davvero bisogno di un altro buco nelle Alpi? Alla Val Comelico serve uno &#8220;sbocco a nord&#8221; di tipo stradale? Sicuramente la Val Comelico non pu\u00f2 permettersi un aumento del traffico pesante, con l&#8217;incremento di inquinamento e rumore. Nel 2022, in piena retorica del Green Deal, \u00e8 inaccettabile continuare a foraggiare la grande industria a scapito dell&#8217;ambiente. L&#8217;ambiente incontaminato \u00e8 la vera ricchezza della Val Comelico: il turismo sostenibile \u00e8 sempre pi\u00f9 apprezzato da un mercato sempre pi\u00f9 consapevole della ricchezza rappresentata dalla natura e dalla storia dei luoghi. Investire verso iniziative di sviluppo sostenibile, nel patrimonio naturale, storico ed artistico, \u00e8 il presente ed il futuro, che deve vincere sulle logiche del passato.<\/em><\/p>\n<p><em><strong>Francesca Dellamore\u00a0<\/strong><\/em><\/p>\n<p><em><strong>Consigliere Comune di Santo Stefano di Cadore<\/strong><\/em><\/p><\/blockquote>\n<p>&nbsp;<\/p>\n<p>&nbsp;<\/p>\n<p>&nbsp;<\/p>\n<p>*****<\/p>\n","protected":false},"excerpt":{"rendered":"<p>SANTO STEFANO DI CADORE L&#8217;assessore comunale di Santo Stefano di Cadore Francesca Dellamore scrive una lettera aperta per parlare dei lavori presso la galleria Comelico. La Dellamore si augura che i lavori di consolidamento della galleria siano l&#8217;occasione per ripristinare la vecchia strada che poi potrebbe essere utilizzata come prolungamento della Ciclabile delle Dolomiti. LA&hellip;<\/p>\n","protected":false},"author":4,"featured_media":192243,"comment_status":"closed","ping_status":"closed","sticky":false,"template":"","format":"standard","meta":{"_monsterinsights_skip_tracking":false,"_monsterinsights_sitenote_active":false,"_monsterinsights_sitenote_note":"","_monsterinsights_sitenote_category":0,"footnotes":""},"categories":[49],"tags":[],"class_list":["post-258128","post","type-post","status-publish","format-standard","has-post-thumbnail","hentry","category-news-18","category-49","description-off"],"img_url":"https:\/\/www.radiopiu.net\/wordpress\/wp-content\/uploads\/2021\/02\/galleria-comelico.jpg","_links":{"self":[{"href":"https:\/\/www.radiopiu.net\/wordpress\/wp-json\/wp\/v2\/posts\/258128","targetHints":{"allow":["GET"]}}],"collection":[{"href":"https:\/\/www.radiopiu.net\/wordpress\/wp-json\/wp\/v2\/posts"}],"about":[{"href":"https:\/\/www.radiopiu.net\/wordpress\/wp-json\/wp\/v2\/types\/post"}],"author":[{"embeddable":true,"href":"https:\/\/www.radiopiu.net\/wordpress\/wp-json\/wp\/v2\/users\/4"}],"replies":[{"embeddable":true,"href":"https:\/\/www.radiopiu.net\/wordpress\/wp-json\/wp\/v2\/comments?post=258128"}],"version-history":[{"count":0,"href":"https:\/\/www.radiopiu.net\/wordpress\/wp-json\/wp\/v2\/posts\/258128\/revisions"}],"wp:featuredmedia":[{"embeddable":true,"href":"https:\/\/www.radiopiu.net\/wordpress\/wp-json\/wp\/v2\/media\/192243"}],"wp:attachment":[{"href":"https:\/\/www.radiopiu.net\/wordpress\/wp-json\/wp\/v2\/media?parent=258128"}],"wp:term":[{"taxonomy":"category","embeddable":true,"href":"https:\/\/www.radiopiu.net\/wordpress\/wp-json\/wp\/v2\/categories?post=258128"},{"taxonomy":"post_tag","embeddable":true,"href":"https:\/\/www.radiopiu.net\/wordpress\/wp-json\/wp\/v2\/tags?post=258128"}],"curies":[{"name":"wp","href":"https:\/\/api.w.org\/{rel}","templated":true}]}}