{"id":258345,"date":"2022-02-07T09:51:03","date_gmt":"2022-02-07T08:51:03","guid":{"rendered":"https:\/\/www.radiopiu.net\/wordpress\/?p=258345"},"modified":"2022-02-07T09:51:05","modified_gmt":"2022-02-07T08:51:05","slug":"de-bernardin-ribatte-a-possamaicovid-tutti-virologi-vaia-tutti-vaiologi-e-bostrico-tutti-bostrologi","status":"publish","type":"post","link":"https:\/\/www.radiopiu.net\/wordpress\/de-bernardin-ribatte-a-possamaicovid-tutti-virologi-vaia-tutti-vaiologi-e-bostrico-tutti-bostrologi\/","title":{"rendered":"DE BERNARDIN RIBATTE A POSSAMAI&#8221;COVID TUTTI VIROLOGI, VAIA TUTTI VAIOLOGI E BOSTRICO TUTTI BOSTROLOGI&#8221;"},"content":{"rendered":"<p><strong><a href=\"https:\/\/www.radiopiu.net\/wordpress\/de-bernardin-ribatte-a-possamaicovid-tutti-virologi-vaia-tutti-vaiologi-e-bostrico-tutti-bostrologi\/7aa25e0e-f141-4b4a-9ae2-0307b33ac742\/\" rel=\"attachment wp-att-258346\"><img loading=\"lazy\" decoding=\"async\" class=\" wp-image-258346 alignleft\" src=\"https:\/\/www.radiopiu.net\/wordpress\/wp-content\/uploads\/2022\/02\/7aa25e0e-f141-4b4a-9ae2-0307b33ac742-300x225.jpg\" alt=\"\" width=\"231\" height=\"173\" srcset=\"https:\/\/www.radiopiu.net\/wordpress\/wp-content\/uploads\/2022\/02\/7aa25e0e-f141-4b4a-9ae2-0307b33ac742-300x225.jpg 300w, https:\/\/www.radiopiu.net\/wordpress\/wp-content\/uploads\/2022\/02\/7aa25e0e-f141-4b4a-9ae2-0307b33ac742-1024x768.jpg 1024w, https:\/\/www.radiopiu.net\/wordpress\/wp-content\/uploads\/2022\/02\/7aa25e0e-f141-4b4a-9ae2-0307b33ac742-768x576.jpg 768w, https:\/\/www.radiopiu.net\/wordpress\/wp-content\/uploads\/2022\/02\/7aa25e0e-f141-4b4a-9ae2-0307b33ac742-1536x1152.jpg 1536w, https:\/\/www.radiopiu.net\/wordpress\/wp-content\/uploads\/2022\/02\/7aa25e0e-f141-4b4a-9ae2-0307b33ac742.jpg 1600w\" sizes=\"auto, (max-width: 231px) 100vw, 231px\" \/><\/a>REDAZIONE\u00a0<\/strong> Da quattro anni (2018) si parla dei danni del bostrico. Pi\u00f9 o meno tutti hanno detto la loro opinione, dopo quattro anni sul carro del bostrico sale anche il Pd con Giacomo\u00a0 Possamai <strong>&#8221; IL BOSTRICO PIU\u2019 LETALE DI VAIA, POSSAMAI \u201cBISOGNA AGIRE IN FRETTA, DAL GOVERNO PROCEDURE PIU\u2019 SNELLE\u201d\u00a0<\/strong>articolo che riproponiamo a margine dell&#8217;intervento di risposta del sindaco di Rocca Pietore, Andrea De Bernardin.<\/p>\n<p>&nbsp;<\/p>\n<p>&nbsp;<\/p>\n<p>&nbsp;<\/p>\n<blockquote>\n<h3>MA QUESTO UOMO SA DI COSA PARLA?<\/h3>\n<p><strong>di Andrea De Bernardin\u00a0<\/strong><\/p>\n<p><em><strong><a href=\"https:\/\/www.radiopiu.net\/wordpress\/de-bernardin-ribatte-a-possamaicovid-tutti-virologi-vaia-tutti-vaiologi-e-bostrico-tutti-bostrologi\/5f54a689-b1cc-4407-9894-621d318acf1a\/\" rel=\"attachment wp-att-258347\"><img loading=\"lazy\" decoding=\"async\" class=\"size-medium wp-image-258347 alignleft\" src=\"https:\/\/www.radiopiu.net\/wordpress\/wp-content\/uploads\/2022\/02\/5f54a689-b1cc-4407-9894-621d318acf1a-300x225.jpg\" alt=\"\" width=\"300\" height=\"225\" srcset=\"https:\/\/www.radiopiu.net\/wordpress\/wp-content\/uploads\/2022\/02\/5f54a689-b1cc-4407-9894-621d318acf1a-300x225.jpg 300w, https:\/\/www.radiopiu.net\/wordpress\/wp-content\/uploads\/2022\/02\/5f54a689-b1cc-4407-9894-621d318acf1a-1024x768.jpg 1024w, https:\/\/www.radiopiu.net\/wordpress\/wp-content\/uploads\/2022\/02\/5f54a689-b1cc-4407-9894-621d318acf1a-768x576.jpg 768w, https:\/\/www.radiopiu.net\/wordpress\/wp-content\/uploads\/2022\/02\/5f54a689-b1cc-4407-9894-621d318acf1a-1536x1152.jpg 1536w, https:\/\/www.radiopiu.net\/wordpress\/wp-content\/uploads\/2022\/02\/5f54a689-b1cc-4407-9894-621d318acf1a.jpg 1600w\" sizes=\"auto, (max-width: 300px) 100vw, 300px\" \/><\/a><\/strong>&#8220;Sulla questione \u00e8 intervenuto anche il capogruppo in consiglio regionale del PD Possamai, il quale dice che bisogna rimuovere il materiale infestato in tempi rapidi. Dice che l&#8217;arma da utilizzare \u00e8 quella di distruggere le larve prima dello sfarfallamento Aggiunge anche che gli amministratori locali non riescono a spendere le risorse messe in campo e che c&#8217;\u00e8 una dotazione complessiva di 6 milioni di euro. Ma quest&#8217;uomo sa di cosa parla? Sa cosa sia un sito valanghivo? Conosce i costi e le difficolt\u00e0 a volte insuperabili per la rimozione delle piante soprattutto sui pendii ripidi? Sa cosa sia realmente una pista di esbosco? Ma soprattutto, \u00e8 mai venuto a vedere con i propri occhi? Io non ho mai avuto il piacere di vederlo a Rocca. Siccome avrei bisogno di qualche &#8220;scienziato&#8221; che mi risolva questo disastro, mi venga a trovare e vediamo assieme se ci sono i presupposti e le modalit\u00e0 per nominarlo Commissario Straordinario dei boschi bostricati di Rocca Pietore. Cos\u00ec dalle chiacchiere passiamo ai fatti concreti&#8230;.. Non vorrei che come accaduto con il Covid dove siamo tutti virologi, con Vaia tutti Vaiologi, ora con il bostrico stiamo diventando tutti bostrologi&#8230;.&#8221;<\/em><\/p><\/blockquote>\n<p>&nbsp;<\/p>\n<div class=\"page-title-breadcrumbs\"><\/div>\n<div style=\"text-align: left;\"><strong><a href=\"https:\/\/www.radiopiu.net\/wordpress\/de-bernardin-ribatte-a-possamaicovid-tutti-virologi-vaia-tutti-vaiologi-e-bostrico-tutti-bostrologi\/bb2ed990-0fa9-461b-98a2-9c531d1918ab\/\" rel=\"attachment wp-att-258348\"><img loading=\"lazy\" decoding=\"async\" class=\"size-medium wp-image-258348 alignright\" src=\"https:\/\/www.radiopiu.net\/wordpress\/wp-content\/uploads\/2022\/02\/bb2ed990-0fa9-461b-98a2-9c531d1918ab-300x225.jpg\" alt=\"\" width=\"300\" height=\"225\" srcset=\"https:\/\/www.radiopiu.net\/wordpress\/wp-content\/uploads\/2022\/02\/bb2ed990-0fa9-461b-98a2-9c531d1918ab-300x225.jpg 300w, https:\/\/www.radiopiu.net\/wordpress\/wp-content\/uploads\/2022\/02\/bb2ed990-0fa9-461b-98a2-9c531d1918ab-1024x768.jpg 1024w, https:\/\/www.radiopiu.net\/wordpress\/wp-content\/uploads\/2022\/02\/bb2ed990-0fa9-461b-98a2-9c531d1918ab-768x576.jpg 768w, https:\/\/www.radiopiu.net\/wordpress\/wp-content\/uploads\/2022\/02\/bb2ed990-0fa9-461b-98a2-9c531d1918ab-1536x1152.jpg 1536w, https:\/\/www.radiopiu.net\/wordpress\/wp-content\/uploads\/2022\/02\/bb2ed990-0fa9-461b-98a2-9c531d1918ab.jpg 1600w\" sizes=\"auto, (max-width: 300px) 100vw, 300px\" \/><\/a>ROCCA PIETORE\u00a0<\/strong> Conosciamo purtroppo il danno creato dall&#8217;uragano Vaia ai nostri boschi e al nostro territorio. Abbiamo visto anche numerosi cantieri in questi tre anni e quanto si \u00e8 fatto per il ripristino dei danni. Sappiamo anche bene che molto si dovr\u00e0 ancora fare nei prossimi mesi. Molte aree schiantate sono diventate nuove zone valanghive, creando un serio problema che in molto casi ha trovato soluzione solo nella costruzione di paramassi e fermaneve sui pendii, a difesa di strade e villaggi. Si sapeva anche, sulla scorta di quanto gi\u00e0 accaduto tante volte in Europa e nel mondo, che sugli schianti sarebbe proliferato il parassita chiamato bostrico tipografo che avrebbe creato un danno ancora maggiore. Si sapeva anche che dagli schianti esso si sarebbe poi propagato velocemente anche alle piante ancora in piedi, fortemente indebolite sia da Vaia che dal cambiamento climatico; questo avrebbe creato un nuovo grosso problema soprattutto ai nostri boschi di abeti. Come hanno fatto tante persone, anche io ho cercato di documentarmi e di conoscere meglio l&#8217;attivit\u00e0 <a href=\"https:\/\/www.radiopiu.net\/wordpress\/de-bernardin-ribatte-a-possamaicovid-tutti-virologi-vaia-tutti-vaiologi-e-bostrico-tutti-bostrologi\/98845e6c-91dd-4f46-895f-02b2d667357d\/\" rel=\"attachment wp-att-258349\"><img loading=\"lazy\" decoding=\"async\" class=\"size-medium wp-image-258349 alignleft\" src=\"https:\/\/www.radiopiu.net\/wordpress\/wp-content\/uploads\/2022\/02\/98845e6c-91dd-4f46-895f-02b2d667357d-300x225.jpg\" alt=\"\" width=\"300\" height=\"225\" srcset=\"https:\/\/www.radiopiu.net\/wordpress\/wp-content\/uploads\/2022\/02\/98845e6c-91dd-4f46-895f-02b2d667357d-300x225.jpg 300w, https:\/\/www.radiopiu.net\/wordpress\/wp-content\/uploads\/2022\/02\/98845e6c-91dd-4f46-895f-02b2d667357d-1024x768.jpg 1024w, https:\/\/www.radiopiu.net\/wordpress\/wp-content\/uploads\/2022\/02\/98845e6c-91dd-4f46-895f-02b2d667357d-768x576.jpg 768w, https:\/\/www.radiopiu.net\/wordpress\/wp-content\/uploads\/2022\/02\/98845e6c-91dd-4f46-895f-02b2d667357d-1536x1152.jpg 1536w, https:\/\/www.radiopiu.net\/wordpress\/wp-content\/uploads\/2022\/02\/98845e6c-91dd-4f46-895f-02b2d667357d.jpg 1600w\" sizes=\"auto, (max-width: 300px) 100vw, 300px\" \/><\/a>del bostrico e le possibili soluzioni al problema. Bostrico che peraltro nelle nostre vallate \u00e8 sempre esistito e a scadenze abbastanza regolari \u00e8 sempre arrivato ad attaccare i boschi. I nostri vecchi provvedevano subito ad arginare il problema tagliando le piante ingiallite gi\u00e0 morte e quelle immediatamente vicine, riuscendo generalmente a fermare l&#8217;infestazione. Ma stiamo parlando di eventi normali e non straordinariamente cos\u00ec cattivi e diffusi capillarmente. Ho conosciuto casualmente a Malga Ciapela un Sindaco di un Comune della Foresta Nera bavarese che mi ha detto che da loro, dopo il devastante uragano Lothar del 1999, l&#8217;attacco massiccio del bostrico \u00e8 arrivato ad uccidere l&#8217;80% degli abeti che erano rimasti in piedi. Complice importante di questi accadimenti \u00e8 il cambiamento climatico in atto. Indiscutibile ed evidente sta probabilmente mutando la natura stessa dei nostri boschi e, personalmente, sono convinto che nei decenni che verranno le piante da foglia sostituiranno le conifere, le quali si alzeranno inevitabilmente di quota sempre pi\u00f9. Gli eventi estremi dei quali siamo testimoni sono ormai una evidenza. Mai a memoria d&#8217;uomo si ricorda una cosa del genere. Volendo essere onesti e pragmatici si capisce bene che poco possiamo fare. Come Comune abbiamo ad esempio tentato di arginare un area vicino a Digonera con un lotto di piante bostricate. Un quantitativo di circa 600 metri cubi che siamo anche riusciti a vendere considerato che erano piante raggiungibili e quindi abbastanza facilmente recuperabili. Sul complessivo del bosco attaccato questa area \u00e8 per\u00f2 insignificante. E purtroppo, ben altra cosa sarebbe operare in aree pi\u00f9 scomode, pi\u00f9 ripide e dove poi sarebbe necessario intervenire nuovamente con fermaneve e paramassi..<\/div>\n<div><\/div>\n<ol>\n<li>\n<h3>SABATO NEL NOTIZIARIO DI RADIO PIU<\/h3>\n<\/li>\n<\/ol>\n<div>\n<blockquote class=\"wp-embedded-content\" data-secret=\"9n3SWU2Suv\"><p><a href=\"https:\/\/www.radiopiu.net\/wordpress\/il-bostrico-piu-letale-di-vaia-possamai-bisogna-agire-in-fretta-dal-governo-procedure-piu-snelle\/\">IL BOSTRICO PIU&#8217; LETALE DI VAIA, POSSAMAI &#8220;BISOGNA AGIRE IN FRETTA, DAL GOVERNO PROCEDURE PIU&#8217; SNELLE&#8221;<\/a><\/p><\/blockquote>\n<p><iframe loading=\"lazy\" class=\"wp-embedded-content\" sandbox=\"allow-scripts\" security=\"restricted\" style=\"position: absolute; clip: rect(1px, 1px, 1px, 1px);\" title=\"&#8220;IL BOSTRICO PIU&#8217; LETALE DI VAIA, POSSAMAI &#8220;BISOGNA AGIRE IN FRETTA, DAL GOVERNO PROCEDURE PIU&#8217; SNELLE&#8221;&#8221; &#8212; Radio Pi\u00f9\" src=\"https:\/\/www.radiopiu.net\/wordpress\/il-bostrico-piu-letale-di-vaia-possamai-bisogna-agire-in-fretta-dal-governo-procedure-piu-snelle\/embed\/#?secret=9n3SWU2Suv\" data-secret=\"9n3SWU2Suv\" width=\"600\" height=\"338\" frameborder=\"0\" marginwidth=\"0\" marginheight=\"0\" scrolling=\"no\"><\/iframe><\/p>\n<\/div>\n<div><\/div>\n<div><\/div>\n<div>***<\/div>\n","protected":false},"excerpt":{"rendered":"<p>REDAZIONE\u00a0 Da quattro anni (2018) si parla dei danni del bostrico. Pi\u00f9 o meno tutti hanno detto la loro opinione, dopo quattro anni sul carro del bostrico sale anche il Pd con Giacomo\u00a0 Possamai &#8221; IL BOSTRICO PIU\u2019 LETALE DI VAIA, POSSAMAI \u201cBISOGNA AGIRE IN FRETTA, DAL GOVERNO PROCEDURE PIU\u2019 SNELLE\u201d\u00a0articolo che riproponiamo a margine&hellip;<\/p>\n","protected":false},"author":4,"featured_media":258348,"comment_status":"closed","ping_status":"closed","sticky":false,"template":"","format":"standard","meta":{"_monsterinsights_skip_tracking":false,"_monsterinsights_sitenote_active":false,"_monsterinsights_sitenote_note":"","_monsterinsights_sitenote_category":0,"footnotes":""},"categories":[51,49],"tags":[],"class_list":["post-258345","post","type-post","status-publish","format-standard","has-post-thumbnail","hentry","category-evidenza-top","category-news-18","category-51","category-49","description-off"],"img_url":"https:\/\/www.radiopiu.net\/wordpress\/wp-content\/uploads\/2022\/02\/bb2ed990-0fa9-461b-98a2-9c531d1918ab.jpg","_links":{"self":[{"href":"https:\/\/www.radiopiu.net\/wordpress\/wp-json\/wp\/v2\/posts\/258345","targetHints":{"allow":["GET"]}}],"collection":[{"href":"https:\/\/www.radiopiu.net\/wordpress\/wp-json\/wp\/v2\/posts"}],"about":[{"href":"https:\/\/www.radiopiu.net\/wordpress\/wp-json\/wp\/v2\/types\/post"}],"author":[{"embeddable":true,"href":"https:\/\/www.radiopiu.net\/wordpress\/wp-json\/wp\/v2\/users\/4"}],"replies":[{"embeddable":true,"href":"https:\/\/www.radiopiu.net\/wordpress\/wp-json\/wp\/v2\/comments?post=258345"}],"version-history":[{"count":0,"href":"https:\/\/www.radiopiu.net\/wordpress\/wp-json\/wp\/v2\/posts\/258345\/revisions"}],"wp:featuredmedia":[{"embeddable":true,"href":"https:\/\/www.radiopiu.net\/wordpress\/wp-json\/wp\/v2\/media\/258348"}],"wp:attachment":[{"href":"https:\/\/www.radiopiu.net\/wordpress\/wp-json\/wp\/v2\/media?parent=258345"}],"wp:term":[{"taxonomy":"category","embeddable":true,"href":"https:\/\/www.radiopiu.net\/wordpress\/wp-json\/wp\/v2\/categories?post=258345"},{"taxonomy":"post_tag","embeddable":true,"href":"https:\/\/www.radiopiu.net\/wordpress\/wp-json\/wp\/v2\/tags?post=258345"}],"curies":[{"name":"wp","href":"https:\/\/api.w.org\/{rel}","templated":true}]}}