{"id":258413,"date":"2022-02-07T14:57:54","date_gmt":"2022-02-07T13:57:54","guid":{"rendered":"https:\/\/www.radiopiu.net\/wordpress\/?p=258413"},"modified":"2022-02-08T05:59:39","modified_gmt":"2022-02-08T04:59:39","slug":"il-terzo-congresso-della-cisl-9-10-febbraio-a-treviso","status":"publish","type":"post","link":"https:\/\/www.radiopiu.net\/wordpress\/il-terzo-congresso-della-cisl-9-10-febbraio-a-treviso\/","title":{"rendered":"IL TERZO CONGRESSO DELLA CISL, 9-10 FEBBRAIO A TREVISO"},"content":{"rendered":"<p><strong><a href=\"https:\/\/www.radiopiu.net\/wordpress\/il-terzo-congresso-della-cisl-9-10-febbraio-a-treviso\/segreteria_nomask-min-1\/\" rel=\"attachment wp-att-258414\"><img loading=\"lazy\" decoding=\"async\" class=\"size-medium wp-image-258414 alignleft\" src=\"https:\/\/www.radiopiu.net\/wordpress\/wp-content\/uploads\/2022\/02\/segreteria_nomask-min-1-300x225.jpg\" alt=\"\" width=\"300\" height=\"225\" srcset=\"https:\/\/www.radiopiu.net\/wordpress\/wp-content\/uploads\/2022\/02\/segreteria_nomask-min-1-300x225.jpg 300w, https:\/\/www.radiopiu.net\/wordpress\/wp-content\/uploads\/2022\/02\/segreteria_nomask-min-1-1024x768.jpg 1024w, https:\/\/www.radiopiu.net\/wordpress\/wp-content\/uploads\/2022\/02\/segreteria_nomask-min-1-768x576.jpg 768w, https:\/\/www.radiopiu.net\/wordpress\/wp-content\/uploads\/2022\/02\/segreteria_nomask-min-1-1536x1152.jpg 1536w, https:\/\/www.radiopiu.net\/wordpress\/wp-content\/uploads\/2022\/02\/segreteria_nomask-min-1-2048x1536.jpg 2048w\" sizes=\"auto, (max-width: 300px) 100vw, 300px\" \/><\/a>TREVISO BELLUNO<\/strong> <span style=\"color: #000000; font-family: Helvetica;\"> La Cisl Belluno Treviso il 9 e 10 febbraio celebra il suo terzo Congresso, dal titolo \u201cUmanamente sostenibile: cambiare, tutelare, crescere\u201d. I 265 delegati eletti si danno appuntamento nella sede fieristica di Santa Lucia di Piave (Treviso) per il pi\u00f9 importante momento di partecipazione attiva e democratica della Cisl interprovinciale. Il Congresso sar\u00e0 trasmesso in streaming su www.cislbellunotreviso.it. I delegati di tutti i comparti del mondo del lavoro rappresentati dalle categorie sindacali e i Pensionati, al termine dei due giorni di Congresso eleggeranno i 130 componenti del Consiglio generale, che avr\u00e0 il compito di votare per il rinnovo della Segreteria confederale guidata dal novembre del 2020 dal segretario generale Massimiliano Paglini, affiancato dai segretari Teresa Merotto e Nicola Brancher (foto) e dai componenti dello staff Rudy Roffar\u00e8 ed Edoardo Dorella. Il congresso domani sar\u00e0 aperto dalla relazione del segretario generale, verr\u00e0 presentata una ricerca realizzata dalla Fondazione Corazzin e dall\u2019Ufficio Studi della Cisl Belluno Treviso sulla condizione giovanile a Belluno e Treviso, stretta tra declino demografico, precariet\u00e0 e difficolt\u00e0 di accesso al credito.\u00a0 Giovedi tavola rotonda sui temi dell&#8217;immigrazione e accoglienza.\u00a0<\/span><u><\/u><\/p>\n<p><strong>IL SEGRETARIO GENERALE DELLA CISL BELLUNO TREVISO MASSIMILIANO PAGLINI<\/strong><\/p>\n<div style=\"width: 848px;\" class=\"wp-video\"><video class=\"wp-video-shortcode\" id=\"video-258413-1\" width=\"848\" height=\"480\" preload=\"metadata\" controls=\"controls\"><source type=\"video\/mp4\" src=\"https:\/\/www.radiopiu.net\/wordpress\/wp-content\/uploads\/2022\/02\/WhatsApp-Video-2022-02-07-at-15.42.24.mp4?_=1\" \/><a href=\"https:\/\/www.radiopiu.net\/wordpress\/wp-content\/uploads\/2022\/02\/WhatsApp-Video-2022-02-07-at-15.42.24.mp4\">https:\/\/www.radiopiu.net\/wordpress\/wp-content\/uploads\/2022\/02\/WhatsApp-Video-2022-02-07-at-15.42.24.mp4<\/a><\/video><\/div>\n<p>&nbsp;<\/p>\n<p>&nbsp;<\/p>\n<p>***<\/p>\n","protected":false},"excerpt":{"rendered":"<p>TREVISO BELLUNO La Cisl Belluno Treviso il 9 e 10 febbraio celebra il suo terzo Congresso, dal titolo \u201cUmanamente sostenibile: cambiare, tutelare, crescere\u201d. I 265 delegati eletti si danno appuntamento nella sede fieristica di Santa Lucia di Piave (Treviso) per il pi\u00f9 importante momento di partecipazione attiva e democratica della Cisl interprovinciale. Il Congresso sar\u00e0&hellip;<\/p>\n","protected":false},"author":4,"featured_media":258415,"comment_status":"closed","ping_status":"closed","sticky":false,"template":"","format":"standard","meta":{"_monsterinsights_skip_tracking":false,"_monsterinsights_sitenote_active":false,"_monsterinsights_sitenote_note":"","_monsterinsights_sitenote_category":0,"footnotes":""},"categories":[51,49],"tags":[],"class_list":["post-258413","post","type-post","status-publish","format-standard","has-post-thumbnail","hentry","category-evidenza-top","category-news-18","category-51","category-49","description-off"],"img_url":"https:\/\/www.radiopiu.net\/wordpress\/wp-content\/uploads\/2022\/02\/conf_stampa_Belluno-min-2-scaled.jpg","_links":{"self":[{"href":"https:\/\/www.radiopiu.net\/wordpress\/wp-json\/wp\/v2\/posts\/258413","targetHints":{"allow":["GET"]}}],"collection":[{"href":"https:\/\/www.radiopiu.net\/wordpress\/wp-json\/wp\/v2\/posts"}],"about":[{"href":"https:\/\/www.radiopiu.net\/wordpress\/wp-json\/wp\/v2\/types\/post"}],"author":[{"embeddable":true,"href":"https:\/\/www.radiopiu.net\/wordpress\/wp-json\/wp\/v2\/users\/4"}],"replies":[{"embeddable":true,"href":"https:\/\/www.radiopiu.net\/wordpress\/wp-json\/wp\/v2\/comments?post=258413"}],"version-history":[{"count":0,"href":"https:\/\/www.radiopiu.net\/wordpress\/wp-json\/wp\/v2\/posts\/258413\/revisions"}],"wp:featuredmedia":[{"embeddable":true,"href":"https:\/\/www.radiopiu.net\/wordpress\/wp-json\/wp\/v2\/media\/258415"}],"wp:attachment":[{"href":"https:\/\/www.radiopiu.net\/wordpress\/wp-json\/wp\/v2\/media?parent=258413"}],"wp:term":[{"taxonomy":"category","embeddable":true,"href":"https:\/\/www.radiopiu.net\/wordpress\/wp-json\/wp\/v2\/categories?post=258413"},{"taxonomy":"post_tag","embeddable":true,"href":"https:\/\/www.radiopiu.net\/wordpress\/wp-json\/wp\/v2\/tags?post=258413"}],"curies":[{"name":"wp","href":"https:\/\/api.w.org\/{rel}","templated":true}]}}