{"id":258451,"date":"2022-02-09T06:03:54","date_gmt":"2022-02-09T05:03:54","guid":{"rendered":"https:\/\/www.radiopiu.net\/wordpress\/?p=258451"},"modified":"2022-02-09T09:11:08","modified_gmt":"2022-02-09T08:11:08","slug":"giornale-radiopiu-09-febbraio-2022-direttore-mirko-mezzacasa","status":"publish","type":"post","link":"https:\/\/www.radiopiu.net\/wordpress\/giornale-radiopiu-09-febbraio-2022-direttore-mirko-mezzacasa\/","title":{"rendered":"GIORNALE RADIOPIU 09 FEBBRAIO 2022 DIRETTORE MIRKO MEZZACASA"},"content":{"rendered":"<h3 class=\"kvgmc6g5 cxmmr5t8 oygrvhab hcukyx3x c1et5uql\"><span style=\"color: #0000ff;\"><strong>INFORMAZIONE il canale su TELEGRAM informazione di prima mano e in tempo reale. iscriviti ed aiutaci a farlo conoscere\u00a0\u00a0<\/strong><\/span><\/h3>\n<p>&nbsp;<\/p>\n<p>&nbsp;<\/p>\n<hr \/>\n<p>&nbsp;<\/p>\n<blockquote>\n<h2 style=\"text-align: center;\"><span style=\"color: #3366ff;\">STEFANIA CONSTANTINI E AMOS MOSANER SONO DUE RAGAZZI&#8230;D&#8217;ORO!<\/span><\/h2>\n<\/blockquote>\n<p><strong><a href=\"https:\/\/www.radiopiu.net\/wordpress\/litalia-del-curling-sogna-loro\/constantini-mosaner\/\" rel=\"attachment wp-att-258586\"><img loading=\"lazy\" decoding=\"async\" class=\"size-medium wp-image-258586 alignleft\" src=\"https:\/\/www.radiopiu.net\/wordpress\/wp-content\/uploads\/2022\/02\/constantini-mosaner-300x169.jpg\" alt=\"\" width=\"300\" height=\"169\" srcset=\"https:\/\/www.radiopiu.net\/wordpress\/wp-content\/uploads\/2022\/02\/constantini-mosaner-300x169.jpg 300w, https:\/\/www.radiopiu.net\/wordpress\/wp-content\/uploads\/2022\/02\/constantini-mosaner-1024x576.jpg 1024w, https:\/\/www.radiopiu.net\/wordpress\/wp-content\/uploads\/2022\/02\/constantini-mosaner-768x432.jpg 768w, https:\/\/www.radiopiu.net\/wordpress\/wp-content\/uploads\/2022\/02\/constantini-mosaner-1536x864.jpg 1536w, https:\/\/www.radiopiu.net\/wordpress\/wp-content\/uploads\/2022\/02\/constantini-mosaner.jpg 1920w\" sizes=\"auto, (max-width: 300px) 100vw, 300px\" \/><\/a><\/strong><strong>REDAZIONE\u00a0<\/strong>Che emozione a Pechino 2022. L&#8217;Italia del misto conquista una storica medaglia nel curling. La coppia Constantini &#8211; Mosaner salgono sul gradino pi\u00f9 alto del podio portando a casa un oro che vale tantissimo. Di fronte alla Norvegia la freddezza degli azzurri ha fatto la differenza. Un gioco di squadra con Stefania che dava indicazioni e Amos che seguiva alla lettera quello che diceva l&#8217;ampezzana. Il trentino ha piazzato al posto giusto tutte le stone con un 98% di realizzazione. Un match partito in sordina ma che dal secondo end \u00e8 stato tutto a favore degli azzurri.Non inizia bene la gara degli italiani che perdono il primo end per 2 a 0. Nella seconda giocata la coppia Constantini &#8211; Mosaner che riescono a pareggiare i conti con l&#8217;ultima bocciata della cortinese. Nel terzo end gli italiani approfittano di un errore della Norvegia per piazzare 3 stone nella home. I <img loading=\"lazy\" decoding=\"async\" class=\"alignright\" src=\"https:\/\/www.radiopiu.net\/wordpress\/wp-content\/uploads\/2022\/02\/190cae0a-1633-4ce0-8212-acc23f202fc0.jpg\" width=\"296\" height=\"221\" \/>norvegesi rispondono con l&#8217;ultima stone consegnando un solo punto agli azzurri che passano in vantaggio per 3 a 2. Continuano a commettere errori gli scandinavi che consegnano anche il quinto end agli italiani che mettono a segno altri 3 punti portando il punteggio sul 6 a 2. Il duo norvegese s&#8217;innervosisce e la coppia italiana cerca di mettere in difficolt\u00e0 gli avversari. Decisiva l&#8217;ultima pietra della Norvegia che accorcia le distanze mettendo a segno un punto. Sesto end complicato per entrambe le formazioni ma ancora una volta sono gli italiani che conquistano il punto ed \u00e8 7 a 3. Gli scandinavi riaprono la partita nel settimo e penultimo end con due pietre messe a segno andando a sole due lunghezze dagli azzurri. Ultimo &#8220;set&#8221; con la Norvegia che gioca in modo da confondere le idee alla coppia italiana. Sale la tensione e gli errori arrivano da entrambe le parti. Nella home poche stone e ci si gioca tutto con gli ultimi tiri. Tocca a Stefania mettere il sigillo sulla partita e la ragazza di Cortina non sbaglia consegnando la medaglia d&#8217;oro all&#8217;Italia con una bocciata incredibile.<\/p>\n<p><strong>L&#8217;ESULTANZA PER LA VITTORIA DALLA PAGINA FACEBOOK DI EUROSPORT<\/strong><\/p>\n<p>https:\/\/www.facebook.com\/EurosportItaly\/videos\/470657294617834<\/p>\n<p>&nbsp;<\/p>\n<p><strong>IL PRESIDENTE DEL VENETO LUCA ZAIA<\/strong><\/p>\n<p>\u201c<em>Da esordienti a campioni olimpici in meno di una settimana. E\u2019 una impresa storica quella di Stefania e Amos, la neo coppia azzurra che ha conquistato i cuori degli italiani e dei veneti in questo breve ma intenso ed emozionante percorso Olimpico. Oggi festeggiamo due ragazzi d\u2019oro: lucidi, freddi e distaccati sul campo gara, Constantini e Mosaner hanno fatto sciogliere il ghiaccio del National Acquatics Centre di Pechino, conquistando la prima e assoluta medaglia azzurra nel doppio misto<\/em>\u201d<\/p>\n<p>&nbsp;<\/p>\n<p><strong>L&#8217;ASSESSORE REGIONALE GIANPAOLO BOTTACIN<\/strong><\/p>\n<div dir=\"auto\">&#8220;<em>Un&#8217;Olimpiade finora gi\u00e0 ricca di soddisfazioni per l&#8217;Italia, oggi si tinge anche un po&#8217; di Bellunese grazie al magnifico e storico oro della cortinese Stefania Constantini che, insieme al compagno di squadra Amos Mosaner, ha vinto la medaglia pi\u00f9 pregiata nella gara del doppio misto di curling. La giovane skip del Curling Club Dolomiti, con un filotto di undici vittorie consecutive (tutte le nove gare del round robin a cui si aggiungono la bellissima semifinale con la Svezia e la tirata finalissima con la Norvegia), porta sul tetto del mondo gli Italiani in una specialit\u00e0 che, a Cortina, ormai da decenni ha una solida tradizione e da dove provengono fra gli altri anche l&#8217;allenatrice di questo splendido oro, Violetta Caldart (auronzana d&#8217;origine, ma ormai cortinese d&#8217;adozione) e Marco Mariani, attuale coach della nazionale femminile cinese.<\/em><\/div>\n<div dir=\"auto\"><em>Grandissime congratulazioni a lei e a tutto il team<\/em>&#8220;.<\/div>\n<p>&nbsp;<\/p>\n<p><strong>IL MINISTRO FEDERICO D&#8217;INCA&#8217;<\/strong><\/p>\n<p>\u201c<em>\u00c8 una giornata storica per lo sport italiano: l\u2019oro di Stefania Constantini e Amos Mosaner ci riempie di orgoglio nel corso di un\u2019Olimpiade che sta dando gi\u00e0 grandi soddisfazioni all\u2019Italia. Complimenti ai ragazzi per il loro impegno e per avere brillato in questo bellissimo percorso. Stefania ha portato un po\u2019 del nostro Veneto e di Cortina sul tetto del mondo: una grande emozione<\/em>\u201d. Lo dichiara Federico D\u2019Inc\u00e0, Ministro per i Rapporti con il Parlamento, in occasione della vittoria a Pechino nel doppio misto di curling di Stefania Constantini e Amos Mosaner.<\/p>\n<p>&nbsp;<\/p>\n<p><strong>DARIO BOND, DEPUTATO DI FORZA ITALIA<\/strong><\/p>\n<p>&#8220;Oggi festeggiamo una vittoria storica, un oro impensabile fino a qualche anno fa. Da domani dobbiamo concentrarci sulle Olimpiadi Milano-Cortina 2026 con lo stesso impegno messo in campo da Stefania Constantini e Amos Mosaner nei Giochi di Pechino\u201d. Cos\u00ec il deputato Dario Bond, relativamente alla medaglia d\u2019oro conquistata nel curling dalla coppia italiana.<\/p>\n<p>&nbsp;<\/p>\n<p><strong>LORRAINE BERTON, PRESIDENTE DI CONFINDUSTRIA BELLUNO DOLOMITI<\/strong><\/p>\n<p>\u201c<em>Orgoglio, fiducia e gratitudine. Penso siano queste le emozioni che ha suscitato in tutti noi bellunesi la nostra Stefania Constantini. Le Olimpiadi 2026 sono ancora pi\u00f9 vicine. Grazie Stefania, il tuo \u00e8 un oro che \u00e8 gi\u00e0 leggenda<\/em>\u201d.<\/p>\n<p>&nbsp;<\/p>\n<p><strong>OSCAR DE BONA, PRESIDENTE ASSOCIAZIONE BELLUNESI NEL MONDO<\/strong><\/p>\n<p>\u00ab<em>L\u2019Associazione Bellunesi nel Mondo, con i suoi migliaia di soci &#8211; ed espressione di una popolazione che \u00e8 pi\u00f9 del doppio dell\u2019attuale presente in provincia di Belluno &#8211; non pu\u00f2\u00a0 che gioire per il successo di Stefania Costantini, prima medaglia d\u2019oro femminile espressione del territorio Bellunese<\/em>\u00bb. Esprime gioia ed entusiasmo il commento a caldo di Oscar De Bona, presidente Abm. \u00ab<em>Ho seguito l\u2019ultima sfida di Stefania alla radio e nel mentre continuavo a ricevere messaggi da tutto il mondo da parte dei nostri bellunesi, che con passione assistevano a questo straordinario traguardo. La Costantini, con il suo compagno di squadra, ha vinto l\u2019oro olimpico e raggiunto il record di vittoria assoluta<\/em>\u00bb.<\/p>\n<p>&nbsp;<\/p>\n<p><strong>I DEPUTATI MIRCO BADOLE &#8211; GIOVANNI PUPPATO,\u00a0 IL CONSIGLIERE REGIONALE SILVIA CESTARO\u00a0<\/strong><\/p>\n<div>\u201cStefania Constantini orgoglio bellunese.\u201c Cos\u00ec il deputato della lega Mirco Badole e i consiglieri regionali Silvia Cestaro e Giovanni Puppato accolgono con entusiasmo la notizia dell\u2019oro nel misto curling della cortinese Stefania Constantini. Risale al 2006 l\u2019ultima medaglia femminile, allora si trattava degli europei, e non era mai accaduto fino ad oggi una vittoria ad un torneo di curling senza sconfitte, questo rende il risultato ancora pi\u00f9 eccezionale. \u201cAbbiamo seguito con il fiato sospeso le gare dell\u2019ultima settimana &#8211; spiegano i rappresentanti del partito -, abbiamo tifato per la nostra atleta e abbiamo riscoperto una disciplina forse considerata da molti secondaria\u201d.\u00a0 Quindi una considerazione sulle strutture sportive del territorio e sulle politiche per lo sport a livello locale. \u201cGiornate come quella di oggi proseguono &#8211; Badole, Cestaro e Puppato- ci ricordano \u00a0una volta di pi\u00f9 l\u2019importanza di far crescere i nostri ragazzi in ambienti sani, di dare loro la possibilit\u00e0 di frequentare strutture sportive dove coltivare i propri talenti e imparare valori importanti. La storia della Constantini e di tanti altri atleti del nostro territorio sono un esempio dello spirito di squadra, di un\u2019ambizione sana, di rigore e di tenacia. Siamo orgogliosi di ospitare nella nostra provincia le Olimpiadi, fortemente volute dalla Regione Veneto e dal presidente Zaia, saranno un volano turistico per il nostro territorio che diventer\u00e0 cornice per la realizzazione dei sogni sportivi di molti altri giovani atleti\u201d.<\/div>\n<div><\/div>\n<div><\/div>\n<hr \/>\n<p>&nbsp;<\/p>\n<blockquote>\n<h3>ARRESTATI DUE SOGGETTI AUTORI DEI FURTI IN VAL BELLUNA<\/h3>\n<\/blockquote>\n<p><strong><a href=\"https:\/\/www.radiopiu.net\/wordpress\/arrestati-due-soggetti-autori-dei-furti-in-val-belluna\/e85fafcb-ff1e-40ac-aa70-ab7a935e63c3\/\" rel=\"attachment wp-att-258603\"><img loading=\"lazy\" decoding=\"async\" class=\" wp-image-258603 alignleft\" src=\"https:\/\/www.radiopiu.net\/wordpress\/wp-content\/uploads\/2022\/02\/e85fafcb-ff1e-40ac-aa70-ab7a935e63c3-300x169.jpg\" alt=\"\" width=\"236\" height=\"133\" srcset=\"https:\/\/www.radiopiu.net\/wordpress\/wp-content\/uploads\/2022\/02\/e85fafcb-ff1e-40ac-aa70-ab7a935e63c3-300x169.jpg 300w, https:\/\/www.radiopiu.net\/wordpress\/wp-content\/uploads\/2022\/02\/e85fafcb-ff1e-40ac-aa70-ab7a935e63c3-1024x578.jpg 1024w, https:\/\/www.radiopiu.net\/wordpress\/wp-content\/uploads\/2022\/02\/e85fafcb-ff1e-40ac-aa70-ab7a935e63c3-768x433.jpg 768w, https:\/\/www.radiopiu.net\/wordpress\/wp-content\/uploads\/2022\/02\/e85fafcb-ff1e-40ac-aa70-ab7a935e63c3-1536x866.jpg 1536w, https:\/\/www.radiopiu.net\/wordpress\/wp-content\/uploads\/2022\/02\/e85fafcb-ff1e-40ac-aa70-ab7a935e63c3.jpg 2000w\" sizes=\"auto, (max-width: 236px) 100vw, 236px\" \/><\/a>BELLUNO <\/strong>Sono stati fermati due soggetti autori dei furti in Val Belluna. Entrambi conosciuti alle forze dell&#8217;ordine. Ad annunciarlo la Questura di Belluno che con una conferenza stampa ha dato tutte le informazioni inerenti ai due arrestati destinatari di provvedimenti restrittivi che avevano il covo nel trevigiano. L&#8217;operazione della Polizia di Belluno assieme ai colleghi di Treviso.<\/p>\n<p><strong>di Moreno Gioli<\/strong><\/p>\n<audio class=\"wp-audio-shortcode\" id=\"audio-258451-1\" preload=\"none\" style=\"width: 100%;\" controls=\"controls\"><source type=\"audio\/mpeg\" src=\"https:\/\/www.radiopiu.net\/wordpress\/wp-content\/uploads\/2022\/02\/GIOLI-DUE-ARRESTI.mp3?_=1\" \/><a href=\"https:\/\/www.radiopiu.net\/wordpress\/wp-content\/uploads\/2022\/02\/GIOLI-DUE-ARRESTI.mp3\">https:\/\/www.radiopiu.net\/wordpress\/wp-content\/uploads\/2022\/02\/GIOLI-DUE-ARRESTI.mp3<\/a><\/audio>\n<p>&nbsp;<\/p>\n<p><strong>IL QUESTORE DI BELLUNO GIUSEPPE MAGGESE<\/strong><\/p>\n<audio class=\"wp-audio-shortcode\" id=\"audio-258451-2\" preload=\"none\" style=\"width: 100%;\" controls=\"controls\"><source type=\"audio\/mpeg\" src=\"https:\/\/www.radiopiu.net\/wordpress\/wp-content\/uploads\/2022\/02\/MAGGESE.mp3?_=2\" \/><a href=\"https:\/\/www.radiopiu.net\/wordpress\/wp-content\/uploads\/2022\/02\/MAGGESE.mp3\">https:\/\/www.radiopiu.net\/wordpress\/wp-content\/uploads\/2022\/02\/MAGGESE.mp3<\/a><\/audio>\n<p>&nbsp;<\/p>\n<p><strong>JACOPO BALLARIN, DIRIGENTE DELLA SQUADRA MOBILE DI BELLUNO<\/strong><\/p>\n<audio class=\"wp-audio-shortcode\" id=\"audio-258451-3\" preload=\"none\" style=\"width: 100%;\" controls=\"controls\"><source type=\"audio\/mpeg\" src=\"https:\/\/www.radiopiu.net\/wordpress\/wp-content\/uploads\/2022\/02\/BALLARIN.mp3?_=3\" \/><a href=\"https:\/\/www.radiopiu.net\/wordpress\/wp-content\/uploads\/2022\/02\/BALLARIN.mp3\">https:\/\/www.radiopiu.net\/wordpress\/wp-content\/uploads\/2022\/02\/BALLARIN.mp3<\/a><\/audio>\n<p>&nbsp;<\/p>\n<hr \/>\n<p>&nbsp;<\/p>\n<blockquote>\n<h3>FRONTALE TRA UN&#8217;AUTO E UNA CORRIERA. AD AVERE LA PEGGIO GLI OCCUPANTI DELL&#8217;AUTOMOBILE<br \/>\ndi Moreno Gioli<\/h3>\n<audio class=\"wp-audio-shortcode\" id=\"audio-258451-4\" preload=\"none\" style=\"width: 100%;\" controls=\"controls\"><source type=\"audio\/mpeg\" src=\"https:\/\/www.radiopiu.net\/wordpress\/wp-content\/uploads\/2022\/02\/moreno-inci.mp3?_=4\" \/><a href=\"https:\/\/www.radiopiu.net\/wordpress\/wp-content\/uploads\/2022\/02\/moreno-inci.mp3\">https:\/\/www.radiopiu.net\/wordpress\/wp-content\/uploads\/2022\/02\/moreno-inci.mp3<\/a><\/audio><\/blockquote>\n<p><strong><a href=\"https:\/\/www.radiopiu.net\/wordpress\/frontale-tra-unauto-e-una-corriera-ad-avere-la-peggio-gli-occupanti-dellautomobile\/9978ef0e-bada-4384-8498-272ded1b62f1\/\" rel=\"attachment wp-att-258667\"><img loading=\"lazy\" decoding=\"async\" class=\"size-medium wp-image-258667 alignleft\" src=\"https:\/\/www.radiopiu.net\/wordpress\/wp-content\/uploads\/2022\/02\/9978ef0e-bada-4384-8498-272ded1b62f1-300x216.jpg\" alt=\"\" width=\"300\" height=\"216\" srcset=\"https:\/\/www.radiopiu.net\/wordpress\/wp-content\/uploads\/2022\/02\/9978ef0e-bada-4384-8498-272ded1b62f1-300x216.jpg 300w, https:\/\/www.radiopiu.net\/wordpress\/wp-content\/uploads\/2022\/02\/9978ef0e-bada-4384-8498-272ded1b62f1-768x554.jpg 768w, https:\/\/www.radiopiu.net\/wordpress\/wp-content\/uploads\/2022\/02\/9978ef0e-bada-4384-8498-272ded1b62f1.jpg 960w\" sizes=\"auto, (max-width: 300px) 100vw, 300px\" \/> <\/a><\/strong><\/p>\n<p><strong>\u00a0<\/strong><\/p>\n<p><strong>CORTINA <\/strong>Ieri poco dopo le 15:30, i Vigili del Fuoco sono intervenuti lungo la SS 51 Alemagna in localit\u00e0 Botestagno a Cortina per un incidente tra una Golf e un bus turistico: due feriti a bordo del mezzo leggero. I pompieri arrivati da Cortina, hanno messo in sicurezza i mezzi ed estratto le due persone, una coppia di San Vito di Cadore. I due feriti sono stati stabilizzati dai sanitari e trasportati in ospedale: uno a bordo dell\u2019elisoccorso e l\u2019altra in ambulanza. Anche l&#8217;autista della corriera \u00e8 ricordo al Pronto Soccorso per accertamenti. I Carabinieri hanno deviato il traffico ed eseguito i rilievi del sinistro.<\/p>\n<p>&nbsp;<\/p>\n<p>&nbsp;<\/p>\n<p>&nbsp;<\/p>\n<hr \/>\n<p>&nbsp;<\/p>\n<blockquote>\n<h3>VIGILI DEL FUOCO A VILLAPAIERA DI FELTRE PER L&#8217;INCENDIO DI UN ASPIRA TRUCIOLI<\/h3>\n<\/blockquote>\n<p><strong>FELTRE<\/strong> La notte tra luned\u00ec e marted\u00ec, poco prima delle 3:30, i Vigili del Fuoco sono intervenuti in Via Villapaiera a Feltre per l\u2019incendio di un aspira trucioli, divampato all\u2019interno di un\u2019azienda che produce cavalletti fotografici: nessuna persona \u00e8 rimasta ferita. I pompieri arrivati da Feltre e da Belluno con il nucleo NBCR (Nucleare Biologico Chimico Radiologico) hanno iniziato le operazioni di messa in sicurezza dell\u2019aspiratore carrellabile dove si \u00e8 sviluppata una combustione tra magnesio e alluminio che ha prodotto dei vapori. I Vigili del Fuoco hanno provveduto al raffreddamento del contenitore poi portato all\u2019esterno, mentre gli operatori NBCR hanno provveduto al monitoraggio dei vapori. Le operazioni di soccorso sono terminate alle 7:30.<\/p>\n\n\t\t\t<style type='text\/css'>\n\t\t\t\t#gallery-1 {\n\t\t\t\t\tmargin: auto;\n\t\t\t\t}\n\t\t\t\t#gallery-1 .gallery-item {\n\t\t\t\t\tfloat: left;\n\t\t\t\t\tmargin-top: 10px;\n\t\t\t\t\ttext-align: center;\n\t\t\t\t\twidth: 50%;\n\t\t\t\t}\n\t\t\t\t#gallery-1 img {\n\t\t\t\t\tborder: 2px solid #cfcfcf;\n\t\t\t\t}\n\t\t\t\t#gallery-1 .gallery-caption {\n\t\t\t\t\tmargin-left: 0;\n\t\t\t\t}\n\t\t\t\t\/* see gallery_shortcode() in wp-includes\/media.php *\/\n\t\t\t<\/style>\n\t\t<div id='gallery-1' class='dt-gallery-container gallery galleryid-258451 gallery-columns-2 gallery-size-thumbnail'><dl class='gallery-item'>\n\t\t\t\t<dt class='gallery-icon portrait'>\n\t\t\t\t\t<a class=\"rollover rollover-zoom dt-pswp-item\" title=\"2852fbe1-9c6f-4742-b89d-d082c60960a0\" data-dt-img-description=\"\" data-large_image_width=\"960\" data-large_image_height=\"1280\"href='https:\/\/www.radiopiu.net\/wordpress\/wp-content\/uploads\/2022\/02\/2852fbe1-9c6f-4742-b89d-d082c60960a0.jpg'><img loading=\"lazy\" decoding=\"async\" width=\"150\" height=\"150\" src=\"https:\/\/www.radiopiu.net\/wordpress\/wp-content\/uploads\/2022\/02\/2852fbe1-9c6f-4742-b89d-d082c60960a0-150x150.jpg\" class=\"attachment-thumbnail size-thumbnail\" alt=\"\" \/><\/a>\n\t\t\t\t<\/dt><\/dl><dl class='gallery-item'>\n\t\t\t\t<dt class='gallery-icon portrait'>\n\t\t\t\t\t<a class=\"rollover rollover-zoom dt-pswp-item\" title=\"138fa719-851f-4adb-86b2-a0d119d6a24c\" data-dt-img-description=\"\" data-large_image_width=\"960\" data-large_image_height=\"1280\"href='https:\/\/www.radiopiu.net\/wordpress\/wp-content\/uploads\/2022\/02\/138fa719-851f-4adb-86b2-a0d119d6a24c.jpg'><img loading=\"lazy\" decoding=\"async\" width=\"150\" height=\"150\" src=\"https:\/\/www.radiopiu.net\/wordpress\/wp-content\/uploads\/2022\/02\/138fa719-851f-4adb-86b2-a0d119d6a24c-150x150.jpg\" class=\"attachment-thumbnail size-thumbnail\" alt=\"\" \/><\/a>\n\t\t\t\t<\/dt><\/dl><br style=\"clear: both\" \/><dl class='gallery-item'>\n\t\t\t\t<dt class='gallery-icon landscape'>\n\t\t\t\t\t<a class=\"rollover rollover-zoom dt-pswp-item\" title=\"0df486df-2fad-43e5-af72-a9064a577163\" data-dt-img-description=\"\" data-large_image_width=\"1280\" data-large_image_height=\"960\"href='https:\/\/www.radiopiu.net\/wordpress\/wp-content\/uploads\/2022\/02\/0df486df-2fad-43e5-af72-a9064a577163.jpg'><img loading=\"lazy\" decoding=\"async\" width=\"150\" height=\"150\" src=\"https:\/\/www.radiopiu.net\/wordpress\/wp-content\/uploads\/2022\/02\/0df486df-2fad-43e5-af72-a9064a577163-150x150.jpg\" class=\"attachment-thumbnail size-thumbnail\" alt=\"\" \/><\/a>\n\t\t\t\t<\/dt><\/dl><dl class='gallery-item'>\n\t\t\t\t<dt class='gallery-icon landscape'>\n\t\t\t\t\t<a class=\"rollover rollover-zoom dt-pswp-item\" title=\"d3b7718a-0c6d-4b69-8aba-eb044e2ba06b\" data-dt-img-description=\"\" data-large_image_width=\"1280\" data-large_image_height=\"960\"href='https:\/\/www.radiopiu.net\/wordpress\/wp-content\/uploads\/2022\/02\/d3b7718a-0c6d-4b69-8aba-eb044e2ba06b.jpg'><img loading=\"lazy\" decoding=\"async\" width=\"150\" height=\"150\" src=\"https:\/\/www.radiopiu.net\/wordpress\/wp-content\/uploads\/2022\/02\/d3b7718a-0c6d-4b69-8aba-eb044e2ba06b-150x150.jpg\" class=\"attachment-thumbnail size-thumbnail\" alt=\"\" \/><\/a>\n\t\t\t\t<\/dt><\/dl><br style=\"clear: both\" \/>\n\t\t\t<\/div>\n\n<p>&nbsp;<\/p>\n<hr \/>\n<p>&nbsp;<\/p>\n<blockquote>\n<h3>FUMO ALL&#8217;INTERNO DELLA FALEGNAMERIA A MASARE&#8217; DI ALLEGHE. AL LAVORO I POMPIERI VOLONTARI DI CAPRILE E I VIGILI DEL FUOCO DI AGORDO<\/h3>\n<\/blockquote>\n<p><strong><a href=\"https:\/\/www.radiopiu.net\/wordpress\/fumo-allinterno-della-falegnameria-a-masare-di-alleghe-al-lavoro-i-pompieri-volontari-di-caprile-e-i-vigili-del-fuoco-di-agordo\/272992639_1338094399951971_5636014352785405648_n\/\" rel=\"attachment wp-att-258552\"><img loading=\"lazy\" decoding=\"async\" class=\"size-medium wp-image-258552 alignleft\" src=\"https:\/\/www.radiopiu.net\/wordpress\/wp-content\/uploads\/2022\/02\/272992639_1338094399951971_5636014352785405648_n-300x225.jpg\" alt=\"\" width=\"300\" height=\"225\" srcset=\"https:\/\/www.radiopiu.net\/wordpress\/wp-content\/uploads\/2022\/02\/272992639_1338094399951971_5636014352785405648_n-300x225.jpg 300w, https:\/\/www.radiopiu.net\/wordpress\/wp-content\/uploads\/2022\/02\/272992639_1338094399951971_5636014352785405648_n-1024x768.jpg 1024w, https:\/\/www.radiopiu.net\/wordpress\/wp-content\/uploads\/2022\/02\/272992639_1338094399951971_5636014352785405648_n-768x576.jpg 768w, https:\/\/www.radiopiu.net\/wordpress\/wp-content\/uploads\/2022\/02\/272992639_1338094399951971_5636014352785405648_n-1536x1152.jpg 1536w, https:\/\/www.radiopiu.net\/wordpress\/wp-content\/uploads\/2022\/02\/272992639_1338094399951971_5636014352785405648_n.jpg 1600w\" sizes=\"auto, (max-width: 300px) 100vw, 300px\" \/><\/a> <\/strong><\/p>\n<p><strong>\u00a0<\/strong><\/p>\n<p><strong>\u00a0<\/strong><\/p>\n<p><strong>ALLEGHE<\/strong> I pompieri volontari di Caprile e i Vigili del Fuoco permanenti di Agordo sono intervenuti l&#8217;altra sera a Masar\u00e8 di Alleghe. Sono stati allertati per del fumo sviluppatosi all&#8217;interno della falegnameria a causa del malfunzionamento della canna fumaria.<\/p>\n<p><a href=\"https:\/\/www.radiopiu.net\/wordpress\/giornale-radiopiu-09-febbraio-2022-direttore-mirko-mezzacasa\/273625878_10209842143046244_6049986361395158765_n\/\" rel=\"attachment wp-att-258712\"><img loading=\"lazy\" decoding=\"async\" class=\" wp-image-258712 alignright\" src=\"https:\/\/www.radiopiu.net\/wordpress\/wp-content\/uploads\/2022\/02\/273625878_10209842143046244_6049986361395158765_n-248x300.jpg\" alt=\"\" width=\"210\" height=\"255\" srcset=\"https:\/\/www.radiopiu.net\/wordpress\/wp-content\/uploads\/2022\/02\/273625878_10209842143046244_6049986361395158765_n-248x300.jpg 248w, https:\/\/www.radiopiu.net\/wordpress\/wp-content\/uploads\/2022\/02\/273625878_10209842143046244_6049986361395158765_n.jpg 526w\" sizes=\"auto, (max-width: 210px) 100vw, 210px\" \/><\/a><\/p>\n<p>&nbsp;<\/p>\n<blockquote>\n<h3>I Pompieri Volontari di Selva di Cadore nell&#8217;ultima settimana hanno effettuato\u00a0 DUE\u00a0 interventi di soccorso per recupero autovetture.<\/h3>\n<\/blockquote>\n<p>&nbsp;<\/p>\n<p>&nbsp;<\/p>\n<p>&nbsp;<\/p>\n<p>&nbsp;<\/p>\n<p>&nbsp;<\/p>\n<div dir=\"auto\"><\/div>\n<hr \/>\n<p>&nbsp;<\/p>\n<blockquote>\n<h3>LUTTO A FONZASO, OGGI L&#8217;ULTIMO SALUTO AL CAVALIER SEBBEN<\/h3>\n<\/blockquote>\n<p><strong>FONZASO<\/strong> Oggi alle 15 nell&#8217;Arcipretale il funerale del Cavalier Giuseppe Sebben, 84 anni di Fonzaso. Lascia la moglie Maria, le figlie Sara e Barbara.<\/p>\n<p>&nbsp;<\/p>\n<hr \/>\n<p>&nbsp;<\/p>\n<p>&nbsp;<\/p>\n<div class=\"page-title-head hgroup\">\n<blockquote>\n<h3 class=\"entry-title\">CON GSP MAI TRANQUILLI, ANCORA AUMENTI PER I CONTRIBUENTI<\/h3>\n<\/blockquote>\n<\/div>\n<blockquote><p><a href=\"https:\/\/www.radiopiu.net\/wordpress\/giornale-radiopiu-26-maggio-2021-direttore-mirko-mezzacasa\/dav-229\/\" rel=\"attachment wp-att-211992\"><img loading=\"lazy\" decoding=\"async\" class=\"wp-image-211992 alignleft\" src=\"https:\/\/www.radiopiu.net\/wordpress\/wp-content\/uploads\/2021\/05\/BimGsp_Attilio_Sommavilla_1-227x300.jpg\" alt=\"\" width=\"129\" height=\"170\" srcset=\"https:\/\/www.radiopiu.net\/wordpress\/wp-content\/uploads\/2021\/05\/BimGsp_Attilio_Sommavilla_1-227x300.jpg 227w, https:\/\/www.radiopiu.net\/wordpress\/wp-content\/uploads\/2021\/05\/BimGsp_Attilio_Sommavilla_1-775x1024.jpg 775w, https:\/\/www.radiopiu.net\/wordpress\/wp-content\/uploads\/2021\/05\/BimGsp_Attilio_Sommavilla_1-768x1015.jpg 768w, https:\/\/www.radiopiu.net\/wordpress\/wp-content\/uploads\/2021\/05\/BimGsp_Attilio_Sommavilla_1.jpg 1134w\" sizes=\"auto, (max-width: 129px) 100vw, 129px\" \/><\/a><\/p>\n<h2>Non ne avessimo gi\u00e0 fatto di sacrifici<\/h2>\n<\/blockquote>\n<p><strong>BELLUNO<\/strong> Ci risiamo, ancora un aumento della tassazione da BIM GSP. Almeno 30 euro in pi\u00f9 all&#8217;anno a famiglia, quelle stesse famiglie gi\u00e0 provate da oltre 2 anni di pandemia, aumenti dell&#8217;energia elettrica, del riscaldamento, dei carburanti. Ma tant&#8217;\u00e8 quando GSP decide nessuno pu\u00f2 opporsi quindi: si paga. In tempi di sacrifici le parole del Presidente della societ\u00e0 Attilio Sommavilla a qualcuno potrebbero anche dare fastidio, tanto fastidio. <em>&#8220;Chiediamo un sacrificio alla famiglie e alle imprese&#8221;<\/em> ha detto Sommavilla arroccandosi poi sulla posizione<em> &#8220;La decisione \u00e8 stata presa nel 2020 dai sindaci&#8221;<\/em> Quindi per il Presidente la colpa \u00e8 degli amminsitratori locali&#8230;perch\u00e9 servono fondi necessari per gli investimenti<\/p>\n<p>&nbsp;<\/p>\n<p>&nbsp;<\/p>\n<hr \/>\n<p>&nbsp;<\/p>\n<blockquote>\n<h3>METEO VENTO. BOTTACIN: \u201cLUNEDI&#8217; SI E\u2019 REGISTRATA UNA GIORNATA TOPICA SIA PER LA FORZA CHE PER LA DIFFUSIONE DEI VENTI CHE HANNO INVASO ANCHE LA NOSTRA PIANURA\u201d<\/h3>\n<\/blockquote>\n<p><strong><a href=\"https:\/\/www.radiopiu.net\/wordpress\/importante-riunione-a-valle-di-cadore-per-i-noti-problemi-che-riguardano-la-chiesa-ma-non-solo\/bottacin-63\/\" rel=\"attachment wp-att-196477\"><img loading=\"lazy\" decoding=\"async\" class=\"size-medium wp-image-196477 alignleft\" src=\"https:\/\/www.radiopiu.net\/wordpress\/wp-content\/uploads\/2021\/03\/BOTTACIN-300x203.png\" alt=\"\" width=\"300\" height=\"203\" srcset=\"https:\/\/www.radiopiu.net\/wordpress\/wp-content\/uploads\/2021\/03\/BOTTACIN-300x203.png 300w, https:\/\/www.radiopiu.net\/wordpress\/wp-content\/uploads\/2021\/03\/BOTTACIN-1024x693.png 1024w, https:\/\/www.radiopiu.net\/wordpress\/wp-content\/uploads\/2021\/03\/BOTTACIN-768x520.png 768w, https:\/\/www.radiopiu.net\/wordpress\/wp-content\/uploads\/2021\/03\/BOTTACIN-1536x1040.png 1536w, https:\/\/www.radiopiu.net\/wordpress\/wp-content\/uploads\/2021\/03\/BOTTACIN.png 1542w\" sizes=\"auto, (max-width: 300px) 100vw, 300px\" \/><\/a>VENEZIA <\/strong>\u201c<em>Il vento che si sta attenuando in queste ore, ma che ieri soffiava particolarmente intensificato, sta fornendo un importante contributo allo stato di salute della nostra aria. Ieri, il nostro arco alpino \u00e8 stato investito da un fronte freddo proveniente dal nord Europa. La perturbazione ha portato anche il Foehn (o Favonio) lungo i versanti meridionali: un vento di caduta che scende lungo il versante di una catena montuosa, asciutto e spesso accompagnato da rialzi termici e forti raffiche. Questi venti sono scesi anche nella pianura padana<\/em>\u201d. L\u2019Assessore all\u2019Ambiente e alla Protezione Civile della Regione del Veneto, Gianpaolo Bottacin, riporta, commentando, le previsioni meteo rilevate dall\u2019ARPAV. I forti venti hanno interessato le montagne e diverse vallate e altopiani, sia dolomitici che prealpini. Successivamente si sono intensificati anche sulle zone pedemontane e sulla pianura, anche in questo caso con delle raffiche anche forti che hanno quantomeno ripulito l\u2019aria rendendo il cielo molto limpido e l\u2019aria secca. Da luned\u00ec sera si sono un po\u2019 attenuati in pianura ma non sulle Dolomiti. \u201c<em>Si pu\u00f2 affermare \u2013 ha evidenziato Bottacin \u2013 che ieri si sia registrata una giornata particolarmente degna di nota per quanto riguarda i venti: non solo per le intensit\u00e0 del vento raggiunte (in molti casi superiori ai 70 km\/h e con diverse punte tra i 100 e i 130 km\/h), ma anche per la sua diffusione sull\u2019intero territorio regionale, dalle Dolomiti alla pianura meridionale<\/em>\u201d.<\/p>\n<p>&nbsp;<\/p>\n<p>&nbsp;<\/p>\n<hr \/>\n<p>&nbsp;<\/p>\n<blockquote>\n<h3>DA GIUGNO A SETTEMBRE L&#8217;UFFICO TURISTICO DI AGORDO SARA&#8217; APERTO MATTINA E POMERIGGIO<\/h3>\n<\/blockquote>\n<p><strong><a href=\"https:\/\/www.radiopiu.net\/wordpress\/giornale-radiopiu-13-luglio-2020-direttore-mirko-mezzacasa\/ufficio-turistico-agordo\/\" rel=\"attachment wp-att-149042\"><img loading=\"lazy\" decoding=\"async\" class=\" wp-image-149042 alignleft\" src=\"https:\/\/www.radiopiu.net\/wordpress\/wp-content\/uploads\/2020\/07\/UFFICIO-TURISTICO-AGORDO-300x300.jpg\" alt=\"\" width=\"120\" height=\"120\" srcset=\"https:\/\/www.radiopiu.net\/wordpress\/wp-content\/uploads\/2020\/07\/UFFICIO-TURISTICO-AGORDO-300x300.jpg 300w, https:\/\/www.radiopiu.net\/wordpress\/wp-content\/uploads\/2020\/07\/UFFICIO-TURISTICO-AGORDO-150x150.jpg 150w, https:\/\/www.radiopiu.net\/wordpress\/wp-content\/uploads\/2020\/07\/UFFICIO-TURISTICO-AGORDO-768x769.jpg 768w, https:\/\/www.radiopiu.net\/wordpress\/wp-content\/uploads\/2020\/07\/UFFICIO-TURISTICO-AGORDO.jpg 959w\" sizes=\"auto, (max-width: 120px) 100vw, 120px\" \/><\/a>AGORDO<\/strong><\/p>\n<p>di Gianni Santomaso<\/p>\n<audio class=\"wp-audio-shortcode\" id=\"audio-258451-5\" preload=\"none\" style=\"width: 100%;\" controls=\"controls\"><source type=\"audio\/mpeg\" src=\"https:\/\/www.radiopiu.net\/wordpress\/wp-content\/uploads\/2022\/02\/GIANNI-UFFICIO-TURISTICO-AGORDO.mp3?_=5\" \/><a href=\"https:\/\/www.radiopiu.net\/wordpress\/wp-content\/uploads\/2022\/02\/GIANNI-UFFICIO-TURISTICO-AGORDO.mp3\">https:\/\/www.radiopiu.net\/wordpress\/wp-content\/uploads\/2022\/02\/GIANNI-UFFICIO-TURISTICO-AGORDO.mp3<\/a><\/audio>\n<p>&nbsp;<\/p>\n<hr \/>\n<p>&nbsp;<\/p>\n<p><strong><span style=\"color: #ff0000;\">SELVA DI CADORE<\/span><\/strong><\/p>\n<blockquote>\n<h2 dir=\"auto\"><span class=\"pq6dq46d tbxw36s4 knj5qynh kvgmc6g5 ditlmg2l oygrvhab nvdbi5me sf5mxxl7 gl3lb2sf hhz5lgdu\"><img loading=\"lazy\" decoding=\"async\" src=\"https:\/\/static.xx.fbcdn.net\/images\/emoji.php\/v9\/tdc\/1\/16\/26a0.png\" alt=\"&#x26a0;&#xfe0f;\" width=\"16\" height=\"16\" \/><\/span> ANNULLATA <span class=\"pq6dq46d tbxw36s4 knj5qynh kvgmc6g5 ditlmg2l oygrvhab nvdbi5me sf5mxxl7 gl3lb2sf hhz5lgdu\"><img loading=\"lazy\" decoding=\"async\" src=\"https:\/\/static.xx.fbcdn.net\/images\/emoji.php\/v9\/tdc\/1\/16\/26a0.png\" alt=\"&#x26a0;&#xfe0f;\" width=\"16\" height=\"16\" \/><\/span><\/h2>\n<h3 dir=\"auto\">Annullata la mascherata &#8220;Carneval inte Selva&#8221; prevista per domenica 13 Febbraio. Appuntamento al 2023<\/h3>\n<\/blockquote>\n<p>&nbsp;<\/p>\n<p>&nbsp;<\/p>\n<hr \/>\n<p>&nbsp;<\/p>\n<blockquote>\n<h3>RIPARTONO LE PRESTAZIONI SPECIALISTICHE NEGLI OSPEDALI E LE VISITE AI PAZIENTI. IL PUNTO DEL PRESIDENTE DEL VENETO ZAIA<\/h3>\n<\/blockquote>\n<h3>LEGGI LA CONFERENZA STAMPA DI LUCA ZAIA<\/h3>\n<p>La conferenza stampa inizia con il saluto a Mirko di Radio Pi\u00f9 presente in sala. Il Virus si sta diffondendo anche tra gli animali, i cervi in America sembra siano positivi al 60%. Noi abbiamo dei parametri rispetto ai nostri dati. RT 1,12, terapie intensive al 15% e area medica al 25%. Abbiamo una proiezione a 7 giorni con area medica al 20,9% e terapie intensive 11,7%. Vuol dire che fra 7 giorni ci sono 33 ricoverati in meno siamo a cavallo. Con la terapia intensiva sotto alla soglia si potrebbe passare in zona bianca. Le curve stanno calando, con questi numeri sono contagi importanti ma l&#8217;ospedalizzazione non ha una pressione sostenuta grazie al vaccino. Con la terza dose si riduce di 10 volte la possibilit\u00e0 di morire sopra gli 80 anni. Lo stesso per quanto riguarda i ricoveri. Chi non si \u00e8 vaccinato si deve vaccinare. Nonostante tutto negli ospedali ci sono ancora persone intubate o decedute per non essersi vaccinate. Raccomando l&#8217;utilizzo della mascherina e l&#8217;igiene delle mani. E&#8217; vero che questo virus \u00e8 meno aggressivo e guardo con positivit\u00e0 questo. Negli ospedali, nelle prossime ore, si torna a ripartire con tutte le prestazioni specialistiche ma soprattutto si apre alle visite agli anziani, sia in RSA che ospedali, naturalmente con vaccinazioni in regola. Chiedo comprensione ai cittadini di non recarsi in massa a visitare i propri cari. Si torna alla normalit\u00e0! Vogliamo essere fiduciosi.<\/p>\n<p>&nbsp;<\/p>\n<p>https:\/\/www.facebook.com\/zaiaufficiale\/videos\/355792396144239<\/p>\n<p>&nbsp;<\/p>\n<hr \/>\n<p>&nbsp;<\/p>\n<blockquote class=\"wp-embedded-content\" data-secret=\"Z8tUgy5xAc\"><p><a href=\"https:\/\/www.radiopiu.net\/wordpress\/aggiornamentonaz2022feb08\/\">CORONAVIRUS: AGGIORNAMENTO NAZIONALE 08 FEBBRAIO 2022<\/a><\/p><\/blockquote>\n<p><iframe loading=\"lazy\" class=\"wp-embedded-content\" sandbox=\"allow-scripts\" security=\"restricted\" style=\"position: absolute; clip: rect(1px, 1px, 1px, 1px);\" title=\"&#8220;CORONAVIRUS: AGGIORNAMENTO NAZIONALE 08 FEBBRAIO 2022&#8221; &#8212; Radio Pi\u00f9\" src=\"https:\/\/www.radiopiu.net\/wordpress\/aggiornamentonaz2022feb08\/embed\/#?secret=Z8tUgy5xAc\" data-secret=\"Z8tUgy5xAc\" width=\"600\" height=\"338\" frameborder=\"0\" marginwidth=\"0\" marginheight=\"0\" scrolling=\"no\"><\/iframe><\/p>\n<p>&nbsp;<\/p>\n<blockquote class=\"wp-embedded-content\" data-secret=\"kbUqtCKA6z\"><p><a href=\"https:\/\/www.radiopiu.net\/wordpress\/oltre-11-mila-positivi-in-veneto-nelle-ultime-24-ore-aumentano-i-ricoveri-41-decessi\/\">OLTRE 11 MILA POSITIVI IN VENETO NELLE ULTIME 24 ORE. AUMENTANO I RICOVERI, 41 DECESSI<\/a><\/p><\/blockquote>\n<p><iframe loading=\"lazy\" class=\"wp-embedded-content\" sandbox=\"allow-scripts\" security=\"restricted\" style=\"position: absolute; clip: rect(1px, 1px, 1px, 1px);\" title=\"&#8220;OLTRE 11 MILA POSITIVI IN VENETO NELLE ULTIME 24 ORE. AUMENTANO I RICOVERI, 41 DECESSI&#8221; &#8212; Radio Pi\u00f9\" src=\"https:\/\/www.radiopiu.net\/wordpress\/oltre-11-mila-positivi-in-veneto-nelle-ultime-24-ore-aumentano-i-ricoveri-41-decessi\/embed\/#?secret=kbUqtCKA6z\" data-secret=\"kbUqtCKA6z\" width=\"600\" height=\"338\" frameborder=\"0\" marginwidth=\"0\" marginheight=\"0\" scrolling=\"no\"><\/iframe><\/p>\n<p>&nbsp;<\/p>\n<h2>I GRAFICI DI TIZIANO DE COL<\/h2>\n\n\t\t\t<style type='text\/css'>\n\t\t\t\t#gallery-2 {\n\t\t\t\t\tmargin: auto;\n\t\t\t\t}\n\t\t\t\t#gallery-2 .gallery-item {\n\t\t\t\t\tfloat: left;\n\t\t\t\t\tmargin-top: 10px;\n\t\t\t\t\ttext-align: center;\n\t\t\t\t\twidth: 33%;\n\t\t\t\t}\n\t\t\t\t#gallery-2 img {\n\t\t\t\t\tborder: 2px solid #cfcfcf;\n\t\t\t\t}\n\t\t\t\t#gallery-2 .gallery-caption {\n\t\t\t\t\tmargin-left: 0;\n\t\t\t\t}\n\t\t\t\t\/* see gallery_shortcode() in wp-includes\/media.php *\/\n\t\t\t<\/style>\n\t\t<div id='gallery-2' class='dt-gallery-container gallery galleryid-258451 gallery-columns-3 gallery-size-medium'><dl class='gallery-item'>\n\t\t\t\t<dt class='gallery-icon landscape'>\n\t\t\t\t\t<a class=\"rollover rollover-zoom dt-pswp-item\" title=\"51a3802f-3eb0-4638-94bb-4a0914cd58f7\" data-dt-img-description=\"\" data-large_image_width=\"592\" data-large_image_height=\"359\"href='https:\/\/www.radiopiu.net\/wordpress\/wp-content\/uploads\/2022\/02\/51a3802f-3eb0-4638-94bb-4a0914cd58f7.jpg'><img loading=\"lazy\" decoding=\"async\" width=\"300\" height=\"182\" src=\"https:\/\/www.radiopiu.net\/wordpress\/wp-content\/uploads\/2022\/02\/51a3802f-3eb0-4638-94bb-4a0914cd58f7-300x182.jpg\" class=\"attachment-medium size-medium\" alt=\"\" srcset=\"https:\/\/www.radiopiu.net\/wordpress\/wp-content\/uploads\/2022\/02\/51a3802f-3eb0-4638-94bb-4a0914cd58f7-300x182.jpg 300w, https:\/\/www.radiopiu.net\/wordpress\/wp-content\/uploads\/2022\/02\/51a3802f-3eb0-4638-94bb-4a0914cd58f7.jpg 592w\" sizes=\"auto, (max-width: 300px) 100vw, 300px\" \/><\/a>\n\t\t\t\t<\/dt><\/dl><dl class='gallery-item'>\n\t\t\t\t<dt class='gallery-icon landscape'>\n\t\t\t\t\t<a class=\"rollover rollover-zoom dt-pswp-item\" title=\"ac2be1a8-325d-4305-96bd-7f379ad601f3\" data-dt-img-description=\"\" data-large_image_width=\"591\" data-large_image_height=\"359\"href='https:\/\/www.radiopiu.net\/wordpress\/wp-content\/uploads\/2022\/02\/ac2be1a8-325d-4305-96bd-7f379ad601f3.jpg'><img loading=\"lazy\" decoding=\"async\" width=\"300\" height=\"182\" src=\"https:\/\/www.radiopiu.net\/wordpress\/wp-content\/uploads\/2022\/02\/ac2be1a8-325d-4305-96bd-7f379ad601f3-300x182.jpg\" class=\"attachment-medium size-medium\" alt=\"\" srcset=\"https:\/\/www.radiopiu.net\/wordpress\/wp-content\/uploads\/2022\/02\/ac2be1a8-325d-4305-96bd-7f379ad601f3-300x182.jpg 300w, https:\/\/www.radiopiu.net\/wordpress\/wp-content\/uploads\/2022\/02\/ac2be1a8-325d-4305-96bd-7f379ad601f3.jpg 591w\" sizes=\"auto, (max-width: 300px) 100vw, 300px\" \/><\/a>\n\t\t\t\t<\/dt><\/dl><dl class='gallery-item'>\n\t\t\t\t<dt class='gallery-icon landscape'>\n\t\t\t\t\t<a class=\"rollover rollover-zoom dt-pswp-item\" title=\"a14189ac-9c47-4a1f-80c1-aa38bda79a14\" data-dt-img-description=\"\" data-large_image_width=\"612\" data-large_image_height=\"352\"href='https:\/\/www.radiopiu.net\/wordpress\/wp-content\/uploads\/2022\/02\/a14189ac-9c47-4a1f-80c1-aa38bda79a14.jpg'><img loading=\"lazy\" decoding=\"async\" width=\"300\" height=\"173\" src=\"https:\/\/www.radiopiu.net\/wordpress\/wp-content\/uploads\/2022\/02\/a14189ac-9c47-4a1f-80c1-aa38bda79a14-300x173.jpg\" class=\"attachment-medium size-medium\" alt=\"\" srcset=\"https:\/\/www.radiopiu.net\/wordpress\/wp-content\/uploads\/2022\/02\/a14189ac-9c47-4a1f-80c1-aa38bda79a14-300x173.jpg 300w, https:\/\/www.radiopiu.net\/wordpress\/wp-content\/uploads\/2022\/02\/a14189ac-9c47-4a1f-80c1-aa38bda79a14.jpg 612w\" sizes=\"auto, (max-width: 300px) 100vw, 300px\" \/><\/a>\n\t\t\t\t<\/dt><\/dl><br style=\"clear: both\" \/><dl class='gallery-item'>\n\t\t\t\t<dt class='gallery-icon landscape'>\n\t\t\t\t\t<a class=\"rollover rollover-zoom dt-pswp-item\" title=\"8956ef82-cb9e-4199-b311-846765d8bea8\" data-dt-img-description=\"\" data-large_image_width=\"608\" data-large_image_height=\"357\"href='https:\/\/www.radiopiu.net\/wordpress\/wp-content\/uploads\/2022\/02\/8956ef82-cb9e-4199-b311-846765d8bea8.jpg'><img loading=\"lazy\" decoding=\"async\" width=\"300\" height=\"176\" src=\"https:\/\/www.radiopiu.net\/wordpress\/wp-content\/uploads\/2022\/02\/8956ef82-cb9e-4199-b311-846765d8bea8-300x176.jpg\" class=\"attachment-medium size-medium\" alt=\"\" srcset=\"https:\/\/www.radiopiu.net\/wordpress\/wp-content\/uploads\/2022\/02\/8956ef82-cb9e-4199-b311-846765d8bea8-300x176.jpg 300w, https:\/\/www.radiopiu.net\/wordpress\/wp-content\/uploads\/2022\/02\/8956ef82-cb9e-4199-b311-846765d8bea8.jpg 608w\" sizes=\"auto, (max-width: 300px) 100vw, 300px\" \/><\/a>\n\t\t\t\t<\/dt><\/dl><dl class='gallery-item'>\n\t\t\t\t<dt class='gallery-icon landscape'>\n\t\t\t\t\t<a class=\"rollover rollover-zoom dt-pswp-item\" title=\"5a338985-cebb-4233-b429-0e8e4ab990be\" data-dt-img-description=\"\" data-large_image_width=\"602\" data-large_image_height=\"358\"href='https:\/\/www.radiopiu.net\/wordpress\/wp-content\/uploads\/2022\/02\/5a338985-cebb-4233-b429-0e8e4ab990be.jpg'><img loading=\"lazy\" decoding=\"async\" width=\"300\" height=\"178\" src=\"https:\/\/www.radiopiu.net\/wordpress\/wp-content\/uploads\/2022\/02\/5a338985-cebb-4233-b429-0e8e4ab990be-300x178.jpg\" class=\"attachment-medium size-medium\" alt=\"\" srcset=\"https:\/\/www.radiopiu.net\/wordpress\/wp-content\/uploads\/2022\/02\/5a338985-cebb-4233-b429-0e8e4ab990be-300x178.jpg 300w, https:\/\/www.radiopiu.net\/wordpress\/wp-content\/uploads\/2022\/02\/5a338985-cebb-4233-b429-0e8e4ab990be.jpg 602w\" sizes=\"auto, (max-width: 300px) 100vw, 300px\" \/><\/a>\n\t\t\t\t<\/dt><\/dl><dl class='gallery-item'>\n\t\t\t\t<dt class='gallery-icon landscape'>\n\t\t\t\t\t<a class=\"rollover rollover-zoom dt-pswp-item\" title=\"db92468f-9f6b-4b36-9b20-a8989a923dd4\" data-dt-img-description=\"\" data-large_image_width=\"600\" data-large_image_height=\"355\"href='https:\/\/www.radiopiu.net\/wordpress\/wp-content\/uploads\/2022\/02\/db92468f-9f6b-4b36-9b20-a8989a923dd4.jpg'><img loading=\"lazy\" decoding=\"async\" width=\"300\" height=\"178\" src=\"https:\/\/www.radiopiu.net\/wordpress\/wp-content\/uploads\/2022\/02\/db92468f-9f6b-4b36-9b20-a8989a923dd4-300x178.jpg\" class=\"attachment-medium size-medium\" alt=\"\" srcset=\"https:\/\/www.radiopiu.net\/wordpress\/wp-content\/uploads\/2022\/02\/db92468f-9f6b-4b36-9b20-a8989a923dd4-300x178.jpg 300w, https:\/\/www.radiopiu.net\/wordpress\/wp-content\/uploads\/2022\/02\/db92468f-9f6b-4b36-9b20-a8989a923dd4.jpg 600w\" sizes=\"auto, (max-width: 300px) 100vw, 300px\" \/><\/a>\n\t\t\t\t<\/dt><\/dl><br style=\"clear: both\" \/>\n\t\t\t<\/div>\n\n<p>&nbsp;<\/p>\n<hr \/>\n<p>&nbsp;<\/p>\n<blockquote>\n<h3>IN PROVINCIA DI BELLUNO RIMANGONO OLTRE 29 MILA PERSONE ANCORA DA VACCINARE<\/h3>\n<\/blockquote>\n<p><strong><a href=\"https:\/\/www.radiopiu.net\/wordpress\/vaccinazioni-anti-covid-in-provincia-l843-della-popolazione-over-5-ha-ricevuto-il-primo-ciclo\/vaccino-3\/\" rel=\"attachment wp-att-256141\"><img loading=\"lazy\" decoding=\"async\" class=\"size-medium wp-image-256141 alignleft\" src=\"https:\/\/www.radiopiu.net\/wordpress\/wp-content\/uploads\/2022\/01\/VACCINO-300x200.jpg\" alt=\"\" width=\"300\" height=\"200\" srcset=\"https:\/\/www.radiopiu.net\/wordpress\/wp-content\/uploads\/2022\/01\/VACCINO-300x200.jpg 300w, https:\/\/www.radiopiu.net\/wordpress\/wp-content\/uploads\/2022\/01\/VACCINO-1024x683.jpg 1024w, https:\/\/www.radiopiu.net\/wordpress\/wp-content\/uploads\/2022\/01\/VACCINO-768x512.jpg 768w, https:\/\/www.radiopiu.net\/wordpress\/wp-content\/uploads\/2022\/01\/VACCINO-1536x1025.jpg 1536w, https:\/\/www.radiopiu.net\/wordpress\/wp-content\/uploads\/2022\/01\/VACCINO.jpg 1920w\" sizes=\"auto, (max-width: 300px) 100vw, 300px\" \/><\/a>BELLUNO<\/strong> Punto settimanale dell&#8217;Ulss 1 Dolomiti sulle vaccinazioni anti covid in provincia di Belluno. Totale dosi somministrate: 433.527 ( +5.097 nella settimana), 84,8% \u2013 163.839 persone vaccinate con primo ciclo over 5, 83% &#8211; 160.458 persone con ciclo completo over 5, 29.614 (15,3%) persone ancora da vaccinare over 5 anni. Di queste 11.090 sono risultate positive negli ultimi 90 giorni Risultano vaccinati con almeno una dose: Il 29,9% dei 5-11 enni (3.251), l\u201981% % dei 12- 19 enni (11.509), l\u2019 86 % dei 20-29enni (16.294), l\u2019 81,9% dei 30-39enni (16.249), l\u2019 80,4% dei 40-49enni (22.112), l\u201988 % dei 50-59enni (29.233), l\u201990,5% dei 60-69enni (25.271), il 94,4% dei 70-79enni (22.445), circa il 100% degli over 80 (17.475). Le persone ancora da vaccinare sono cos\u00ec suddivise: 5-11 anni: 7.638 (70,2%), 12-19 anni: 2.707 (19,1%), 20-29 anni: 2.682 (14,2%), 30-39 anni: 3.654 (18,4%), 40-49 anni: 5.410 (19,7%), 50-59 anni: 4.008 (12,1%), 60-69 anni: 2.666 (9,5%), 70 79 anni: 1.338 (5,6%). Dal 1 gennaio al 7 febbraio 2022: sono state somministrate 5202 prime dosi (+362 nella settimana 1-7 febbraio) , di cui 1.765 a persone con pi\u00f9 di 50 anni (+139 nella settimana 1-7 febbraio). Gli over 50 non ancora vaccinati ad oggi sono 8.011. Terze dosi: 124.019 terze dosi gi\u00e0 somministrate, 84,9% della popolazione totale eleggibile gi\u00e0 vaccinato con dose booster, 89% degli over 80 eleggibili gi\u00e0 vaccinati con dose booster, 92,9% dei 70-79enni eleggibili gi\u00e0 vaccinati con dose booster, 91,8 % dei 60-69enni eleggibili gi\u00e0 vaccinati con dose booster, 89 % dei 50-59enni eleggibili gi\u00e0 vaccinati con dose booster, 84,9 % dei 40-49enni eleggibili gi\u00e0 vaccinati con dose booster, 74 % dei 30-39enni eleggibili gi\u00e0 vaccinati con dose booster, 70,4 % dei 20-29enni eleggibili gi\u00e0 vaccinati con dose booster, 4,4 % dei 12-19 enni eleggibili gi\u00e0 vaccinati con dose booster. Tra la popolazione eleggibile per la terza dose ci sono 8.700 ragazzi tra i 12 e i 19 anni, di questi ne sono stati gi\u00e0 vaccinati 5.600. La popolazione ad oggi eleggibile per la terza dose \u00e8 pari a 145.997. Tra gli eleggibili che ancora non hanno fatto il booster , circa 22 mila persone, 9.500 sono risultati positivi negli ultimi 120 giorni, quindi gli eleggibili \u201creali\u201dancora da vaccinare sono 12.500 persone. Per le vaccinazioni sono disponibili posti prenotabili dal sito <a href=\"http:\/\/www.aulss1.veneto.it\">www.aulss1.veneto.it<\/a> ed \u00e8 sempre garantito l\u2019accesso libero al CVP di Sedico.<\/p>\n<p>&nbsp;<\/p>\n<p>&nbsp;<\/p>\n<hr \/>\n<p>&nbsp;<\/p>\n<blockquote>\n<h3><strong>RINNOVATA LA CONVENZIONE CON L\u2019ASSOCIAZIONE MARGHERITA <\/strong><\/h3>\n<\/blockquote>\n<p><strong><a href=\"https:\/\/www.radiopiu.net\/wordpress\/monoclonali-pronti-per-la-somministrazione-in-ulss-1-dolomiti\/ulss-1-2\/\" rel=\"attachment wp-att-198838\"><img loading=\"lazy\" decoding=\"async\" class=\"size-medium wp-image-198838 alignleft\" src=\"https:\/\/www.radiopiu.net\/wordpress\/wp-content\/uploads\/2021\/03\/ULSS-1-300x158.jpg\" alt=\"\" width=\"300\" height=\"158\" srcset=\"https:\/\/www.radiopiu.net\/wordpress\/wp-content\/uploads\/2021\/03\/ULSS-1-300x158.jpg 300w, https:\/\/www.radiopiu.net\/wordpress\/wp-content\/uploads\/2021\/03\/ULSS-1-768x404.jpg 768w, https:\/\/www.radiopiu.net\/wordpress\/wp-content\/uploads\/2021\/03\/ULSS-1.jpg 776w\" sizes=\"auto, (max-width: 300px) 100vw, 300px\" \/><\/a>BELLUNO <\/strong>Continua la collaborazione con l\u2019Associazione Margherita per il sostegno alle attivit\u00e0 dei Centri per la cura dei Disturbi del Comportamento Alimentare: \u00e8 stata, infatti, rinnovata la convenzione in essere gi\u00e0 da alcuni anni, per un importante attivit\u00e0 di sostegno alle famiglie coinvolte da questo problema. I disturbi del comportamento alimentare (DCA) sono manifestazioni psicopatologiche caratterizzate da intensa preoccupazione riguardo al cibo, al peso e alla forma del corpo; sono pi\u00f9 frequenti nel sesso femminile e insorgono prevalentemente nell\u2019et\u00e0 adolescenziale e nella prima et\u00e0 adulta, coinvolgendo l\u2019interno nucleo familiare. In Ulss Dolomiti sono attivi due Centri di 1\u00b0 livello per la cura dei Disturbi del Comportamento Alimentare, con il compito di svolgere un primo livello di diagnosi, fornire corrette informazioni a livello alimentare e avviare la fase di motivazione al trattamento in regime ambulatoriale. Le due \u00e9quipe collaborano con l\u2019Associazione Margherita, punto di riferimento per le famiglie di ragazzi con DCA nel Bellunese. L\u2019associazione offre supporto ai genitori con incontri quindicinali di gruppo e collabora con l\u2019ULSS per cicli di psicoeducazione ai genitori delle ragazze seguite dalle due equipe. Con la convenzione, l\u2019Associazione si impegna a collaborare con l\u2019Azienda, con lo scopo di offrire un supporto sia alle prestazioni erogate in sede ospedaliera, nell\u2019ambito della rete di servizi per la diagnosi e cura dei DCA predisposti dall\u2019Azienda, come ad esempio nel \u201cpasto assistito\u201d , che in ambito territoriale con attivit\u00e0 di educazione nelle scuole con il supporto di una psicologa.<\/p>\n<p>&nbsp;<\/p>\n<p>&nbsp;<\/p>\n<hr \/>\n<p>&nbsp;<\/p>\n<blockquote>\n<h3>RINNOVATA LA CONVENZIONE CON L\u2019AIL PER \u201cPRONTO EMATOLOGIA\u201d<\/h3>\n<\/blockquote>\n<p><strong>BELLUNO <\/strong>E\u2019 stata rinnovata la convenzione con l\u2019AIL sezione di Belluno per la realizzazione del progetto \u201cPronto Ematologia\u201d. Il progetto \u00e8 finalizzato a promuovere la condivisione di percorsi diagnostici\/terapeutici, dare risoluzione a quesiti assistenziali, favorire l\u2019appropriato accesso dei pazienti alla rete ospedaliera, sviluppare maggiore affinit\u00e0 tra Medico di Medicina Generale ed Ospedale. Nell\u2019ambito della convenzione, AIL\u00a0 assicura una consulenza specialistica da parte di un medico esperto. Di norma, gli accessi settimanali saranno tre, per complessive diciotto ore.<\/p>\n<p>&nbsp;<\/p>\n<p>&nbsp;<\/p>\n<hr \/>\n<p>&nbsp;<\/p>\n<blockquote>\n<h3>IN VENETO LEGGE PER PARITA\u2019 RETRIBUZIONI UOMO-DONNA<\/h3>\n<\/blockquote>\n<p><strong><a href=\"https:\/\/www.radiopiu.net\/wordpress\/alle-12-30-la-conferenza-stampa-del-presidente-zaia-ultime-notizie-sullepidemia-in-veneto-ancora-in-zona-gialla\/zaia-44\/\" rel=\"attachment wp-att-172638\"><img loading=\"lazy\" decoding=\"async\" class=\"size-medium wp-image-172638 alignleft\" src=\"https:\/\/www.radiopiu.net\/wordpress\/wp-content\/uploads\/2020\/11\/zaia-300x165.png\" alt=\"\" width=\"300\" height=\"165\" srcset=\"https:\/\/www.radiopiu.net\/wordpress\/wp-content\/uploads\/2020\/11\/zaia-300x165.png 300w, https:\/\/www.radiopiu.net\/wordpress\/wp-content\/uploads\/2020\/11\/zaia-1024x564.png 1024w, https:\/\/www.radiopiu.net\/wordpress\/wp-content\/uploads\/2020\/11\/zaia-768x423.png 768w, https:\/\/www.radiopiu.net\/wordpress\/wp-content\/uploads\/2020\/11\/zaia.png 1430w\" sizes=\"auto, (max-width: 300px) 100vw, 300px\" \/><\/a>VENEZIA <\/strong>\u201cDal Veneto \u00e8 partito un segnale d\u00ec civilt\u00e0 e di attenzione per evitare anche la pi\u00f9 minima forma di discriminazione. La parit\u00e0 tra uomo e donna non deve essere materia di discussione ma di atti concreti, e questo lo \u00e8\u201d. Con queste parole, il Presidente della Regione Veneto, Luca Zaia, esprime la sua soddisfazione per l\u2019approvazione, avvenuta all\u2019unanimit\u00e0 in Consiglio regionale, della legge per favorire pari trattamento economico fra uomini e donne e sostenere l\u2019occupazione femminile. \u201cAnche recentemente \u2013 dice Zaia \u2013 sono salite alla ribalta della vita sociale, culturale, economica e sanitaria del Veneto molte grandi donne. Mi auguro davvero che, anche grazie a questo intervento legislativo, questo fenomeno virtuoso possa ampliarsi, senza dimenticare le occasioni che vanno create, per essere colte, nella vita normale, di una persona normale\u201d.<\/p>\n<p>&nbsp;<\/p>\n<p>&nbsp;<\/p>\n<hr \/>\n<p>&nbsp;<\/p>\n<blockquote>\n<h3>CARABINIERI, SOTTOSEGRETARIO PUCCIARELLI: APERTURA ANNO ACCADEMICO 2021-22 SCUOLA UFFICIALI DI ROMA \u00c8 PARTE DALLA CONTINUIT\u00c0 ORGANIZZATIVA DELL\u2019ARMA AL SERVIZIO DEL PAESE<\/h3>\n<\/blockquote>\n<p><strong><a href=\"https:\/\/www.radiopiu.net\/wordpress\/giornale-radiopiu-09-febbraio-2022-direttore-mirko-mezzacasa\/il-sottosegretario-pucciarelli\/\" rel=\"attachment wp-att-258566\"><img loading=\"lazy\" decoding=\"async\" class=\"size-medium wp-image-258566 alignright\" src=\"https:\/\/www.radiopiu.net\/wordpress\/wp-content\/uploads\/2022\/02\/Il-Sottosegretario-Pucciarelli-300x200.jpg\" alt=\"\" width=\"300\" height=\"200\" srcset=\"https:\/\/www.radiopiu.net\/wordpress\/wp-content\/uploads\/2022\/02\/Il-Sottosegretario-Pucciarelli-300x200.jpg 300w, https:\/\/www.radiopiu.net\/wordpress\/wp-content\/uploads\/2022\/02\/Il-Sottosegretario-Pucciarelli-1024x682.jpg 1024w, https:\/\/www.radiopiu.net\/wordpress\/wp-content\/uploads\/2022\/02\/Il-Sottosegretario-Pucciarelli-768x512.jpg 768w, https:\/\/www.radiopiu.net\/wordpress\/wp-content\/uploads\/2022\/02\/Il-Sottosegretario-Pucciarelli-1536x1023.jpg 1536w, https:\/\/www.radiopiu.net\/wordpress\/wp-content\/uploads\/2022\/02\/Il-Sottosegretario-Pucciarelli.jpg 1600w\" sizes=\"auto, (max-width: 300px) 100vw, 300px\" \/><\/a>ROMA\u00a0 <\/strong>\u201c<em>Questa cerimonia di inaugurazione dell\u2019Anno Accademico 2021-2022 della Scuola Ufficiali Carabinieri \u00e8 consolidato appuntamento di inizio d\u2019anno, strettamente legato alla continuit\u00e0 organizzativa di una preziosa realt\u00e0 come l\u2019Arma, solidamente poggiata sui suoi oltre due secoli di luminose tradizioni e responsabilmente vocata al servizio incondizionato delle istituzioni in difesa della libert\u00e0 e della legalit\u00e0. I giovani frequentatori di questo prestigioso Istituto, Ufficiali e Allievi impeccabili nelle loro uniformi, si stanno formando per diventare Servitori dello Stato e dell\u2019intera collettivit\u00e0 nazionale. Un percorso impegnativo ed articolato che passa, certo, attraverso i qualificanti insegnamenti garantiti in questo Anno Accademico, ma che \u00e8 soprattutto incardinata sulla cultura dell\u2019apprendimento e dell\u2019aggiornamento continuo caratterizzante l\u2019intero comparto militare nazionale, soprattutto per ci\u00f2 che riguarda i suoi Ufficiali: la sua classe dirigente<\/em>.\u201d \u2013 ha detto il Sottosegretario alla Difesa Stefania Pucciarelli a margine della cerimonia odierna di inaugurazione dell\u2019Anno Accademico 2021-2022 della Scuola Ufficiali Carabinieri di Roma, svoltasi nella relativa Aula Magna.<\/p>\n<p>&nbsp;<\/p>\n<p>&nbsp;<\/p>\n<hr \/>\n<p>&nbsp;<\/p>\n<blockquote>\n<h3>Auronzo di Cadore &#8211; Cerva soccorsa dalla Protezione civile, dopo un anno la verit\u00e0: \u00e8 stata uccisa senza avvisare un veterinario.<\/h3>\n<\/blockquote>\n<p><a class=\"dt-pswp-item\" href=\"https:\/\/www.radiopiu.net\/wordpress\/wp-content\/uploads\/2022\/02\/cerva-uccisa.jpg\" data-dt-img-description=\"\" data-large_image_width=\"540\" data-large_image_height=\"960\"><img loading=\"lazy\" decoding=\"async\" class=\"alignleft wp-image-258621 size-medium\" src=\"https:\/\/www.radiopiu.net\/wordpress\/wp-content\/uploads\/2022\/02\/cerva-uccisa-169x300.jpg\" alt=\"\" width=\"169\" height=\"300\" srcset=\"https:\/\/www.radiopiu.net\/wordpress\/wp-content\/uploads\/2022\/02\/cerva-uccisa-169x300.jpg 169w, https:\/\/www.radiopiu.net\/wordpress\/wp-content\/uploads\/2022\/02\/cerva-uccisa.jpg 540w\" sizes=\"auto, (max-width: 169px) 100vw, 169px\" \/><\/a>Zanoni (PD): \u201cCerva soccorsa dalla Protezione civile, dopo un anno emerge la verit\u00e0: \u00e8 stata uccisa senza avvisare un veterinario. Basta parole: indispensabile un Cras in provincia di Belluno\u201d<\/p>\n<p>\u201cAbbiamo dovuto attendere oltre un anno per avere la risposta all\u2019interrogazione sull\u2019uccisione di una cerva soccorsa dalla Protezione civile ad Auronzo di Cadore. E purtroppo avevamo ragione, nonostante il post di giubilo dell\u2019assessore Bottacin che si congratulava per il salvataggio. Invece, come avevano segnalato alcuni testimoni indignati, non c\u2019era stato alcun lieto fine. Al di l\u00e0 del ritardo inaccettabile della replica della Giunta, la vera indecenza \u00e8 che una provincia come Belluno, ricca di biodiversit\u00e0 e fauna selvatica, non abbia un Centro recupero animali selvatici per poter intervenire in casi come questo\u201d. Cos\u00ec Andrea Zanoni, consigliere regionale del Partito Democratico commenta la risposta ricevuta oggi all\u2019interrogazione presentata il primo febbraio 2021 e sottoscritta dalla collega dem Anna Maria Bigon, da Cristina Guarda di Europa Verde e dal portavoce dell\u2019opposizione Arturo Lorenzoni.<\/p>\n<p>\u201cQuando mi segnalarono l\u2019episodio, ricordo che i testimoni confermarono come la cerva, recuperata dopo essere finita in un torrente e stremata per fame e freddo, si reggesse sulle zampe da sola, a differenza di quanto riportato nella risposta odierna dell\u2019assessore Corazzari. Ho anche le foto della cerva in piedi con le coperte fornite da alcune persone che l\u2019avevano inizialmente accudita. Trovo comunque incredibile che sia stato abbattuto un animale senza prima chiamare un veterinario che valutasse il suo stato di salute e accertasse l\u2019impossibilit\u00e0 di fare diversamente. La Regione &#8211; ribadisce Zanoni &#8211; deve passare ai fatti e smetterla con le promesse: i soldi per le associazioni venatorie si trovano sempre, ai Cras invece vengono dati col contagocce nonostante episodi del genere, con animali selvatici feriti e non soccorsi n\u00e9 tempestivamente n\u00e9 adeguatamente, si contino a decine\u201d.<\/p>\n<p><a href=\"https:\/\/www.radiopiu.net\/wordpress\/wp-content\/uploads\/2022\/02\/Risposta-Interrogazione-consigliere-Zanoni-e-altri-1.pdf\"><strong>Per leggere al risposta ufficiale all&#8217;interrogazione cliccare qui<\/strong><\/a><\/p>\n<p>&nbsp;<\/p>\n<hr \/>\n<p>&nbsp;<\/p>\n<blockquote>\n<h3 class=\"p1\"><span class=\"s1\">AIUTI ALLE ATTIVIT\u00c0 PRODUTTIVE: AL VIA LA PRESENTAZIONE DELLE DOMANDE, C\u2019\u00c8 TEMPO FINO AL 28 APRILE<\/span><\/h3>\n<\/blockquote>\n<p class=\"p1\"><span class=\"s1\"><strong><a href=\"https:\/\/www.radiopiu.net\/wordpress\/padrin-la-fase-2-ci-veda-uniti-nel-programmare-la-ripartenza-torneremo-alla-normalita\/padrin-63\/\" rel=\"attachment wp-att-134835\"><img loading=\"lazy\" decoding=\"async\" class=\"size-medium wp-image-134835 alignleft\" src=\"https:\/\/www.radiopiu.net\/wordpress\/wp-content\/uploads\/2020\/05\/PADRIN-200x300.jpg\" alt=\"\" width=\"200\" height=\"300\" srcset=\"https:\/\/www.radiopiu.net\/wordpress\/wp-content\/uploads\/2020\/05\/PADRIN-200x300.jpg 200w, https:\/\/www.radiopiu.net\/wordpress\/wp-content\/uploads\/2020\/05\/PADRIN-683x1024.jpg 683w, https:\/\/www.radiopiu.net\/wordpress\/wp-content\/uploads\/2020\/05\/PADRIN-768x1152.jpg 768w, https:\/\/www.radiopiu.net\/wordpress\/wp-content\/uploads\/2020\/05\/PADRIN.jpg 945w\" sizes=\"auto, (max-width: 200px) 100vw, 200px\" \/><\/a>BELLUNO <\/strong>Sono stati pubblicati i bandi provinciali a sostegno delle attivit\u00e0 produttive. Si tratta della misura \u201canti-Covid\u201d varata insieme da Provincia e Fondo Comuni confinanti per aiutare le piccole imprese.\u00a0 <\/span><span class=\"s1\">\u00ab<em>L\u2019azione si inquadra fra gli interventi di sviluppo socio-economico del territorio ed \u00e8 dedicata alla sua ripresa e resilienza, oltre che al miglioramento delle condizioni che favoriscano la permanenza residenziale e produttiva. In pratica, \u00e8 una misura concreta di contrasto allo spopolamento\u00bb commenta il presidente della Provincia Roberto Padrin. \u00abLe chiusure legate al lockdown e i nuovi comportamenti sociali hanno avuto conseguenze significative sugli equilibri economici delle imprese. Con la delibera del 22 luglio 2020 il Fondo Comuni confinanti ha compiuto una prima ripartizione di risorse per il rilancio economico. La Provincia, quindi, ha avviato un confronto con le categorie per la definizione delle misura di sostegno attraverso il Fondo Welfare e ha aggiunto risorse proprie, con l\u2019obiettivo di continuare l\u2019opera di sostegno alla riqualificazione degli esercizi di vicinato quale primario servizio di comunit\u00e0, avviata con la pubblicazione dei bandi negli anni\u00a0 anni 2019 e 2020. Inoltre, sono stati coinvolti anche i Gal, in modo da integrare i loro bandi e non disperdere le risorse<\/em>\u00bb. <\/span><span class=\"s1\">In totale il budget messo a disposizione ammonta a 2,7 milioni di euro, di cui 1 milione 950mila euro da Fcc e 750mila euro dalla Provincia. Quattro i bandi, pubblicati oggi, due le linee di finanziamento, ognuna delle quali dedicata a un particolare set di attivit\u00e0 identificate dal Codice Ateco. Le misure sono tuttavia analoghe. <\/span><span class=\"s1\">L\u2019agevolazione consiste nella concessione di un aiuto a fondo perduto (al 60%) per le spese di investimento per ristrutturazione e ammodernamento di beni immobili finalizzati allo svolgimento delle attivit\u00e0; per l\u2019acquisto di macchinari, attrezzature e arredi; per l\u2019acquisto di hardware, programmi informatici, interventi di innovazione digitale, sistemi per l\u2019accettazione di pagamenti innovativi. Si va da un contributo minimo di 3mila euro a un massimo di 15mila.\u00a0 <\/span><span class=\"s1\">I bandi sono disponibili sul sito di UnionCamere Veneto, struttura che ha collaborato con la Provincia nella parte tecnica di definizione della misura di sostegno. La presentazione delle domande \u00e8 aperta fino al 28 aprile (per informazioni, \u00e8\u00a0possibile inviare le richieste alla mail <a href=\"mailto:bandi@ven.camcom.it\"><span class=\"s2\">bandi@ven.camcom.it<\/span><\/a>, telefono 049 -2015200).<\/span><\/p>\n<p>&nbsp;<\/p>\n<p>&nbsp;<\/p>\n<hr \/>\n<p>&nbsp;<\/p>\n<blockquote>\n<h3 class=\"p1\"><span class=\"s1\">LEGGE SULLA MONTAGNA, IL PRESIDENTE DELLA PROVINCIA PARTECIPA ALLA RIUNIONE CON LA MINISTRA GELMINI<\/span><\/h3>\n<\/blockquote>\n<p class=\"p1\"><span class=\"s1\"><strong>BELLUNO<\/strong> Il presidente della Provincia di Belluno, Roberto Padrin, in rappresentanza di Upi, ha partecipato alla riunione indetta dalla ministra degli Affari regionali Mariastella Gelmini per fare il punto sulla legge quadro per la montagna (il progetto di legge contenente disposizioni in favore delle zone montane). All\u2019incontro, in videoconferenza, hanno preso parte anche i rappresentanti di Anci (Roberto Pella, vice presidente vicario, e Massimo Castelli, coordinatore piccoli Comuni) e di Uncem (il presidente Marco Bussone). <\/span><span class=\"s1\">Sul tavolo della riunione , in particolare il cronoprogramma, con il Mef che sta definendo la nuova classificazione dei Comuni di montagna; e l\u2019avanzamento di ulteriori proposte da inserire nella bozza del testo che sar\u00e0 portato in Parlamento, in particolare l\u2019allargamento della metanizzazione e della rete digitale alle aree montane.<\/span><\/p>\n<p><strong>ROBERTO PADRIN, PRESIDENTE DELLA PROVINCIA DI BELLUNO<\/strong><\/p>\n<audio class=\"wp-audio-shortcode\" id=\"audio-258451-6\" preload=\"none\" style=\"width: 100%;\" controls=\"controls\"><source type=\"audio\/mpeg\" src=\"https:\/\/www.radiopiu.net\/wordpress\/wp-content\/uploads\/2022\/02\/PADRIN-LEGGE-MONTAGNA.mp3?_=6\" \/><a href=\"https:\/\/www.radiopiu.net\/wordpress\/wp-content\/uploads\/2022\/02\/PADRIN-LEGGE-MONTAGNA.mp3\">https:\/\/www.radiopiu.net\/wordpress\/wp-content\/uploads\/2022\/02\/PADRIN-LEGGE-MONTAGNA.mp3<\/a><\/audio>\n<p>&nbsp;<\/p>\n<hr \/>\n<p>&nbsp;<\/p>\n<blockquote>\n<h3>LA COMUNITA&#8217; DI VOLTAGO HA SALUTATO I BATTEZZATI DEL 2021<\/h3>\n<\/blockquote>\n<p><strong><a href=\"https:\/\/www.radiopiu.net\/wordpress\/la-comunita-di-voltago-ha-salutato-i-battezzati-del-2021\/attachment\/0\/\" rel=\"attachment wp-att-258663\"><img loading=\"lazy\" decoding=\"async\" class=\" wp-image-258663 alignleft\" src=\"https:\/\/www.radiopiu.net\/wordpress\/wp-content\/uploads\/2022\/02\/0-300x225.jpg\" alt=\"\" width=\"207\" height=\"155\" srcset=\"https:\/\/www.radiopiu.net\/wordpress\/wp-content\/uploads\/2022\/02\/0-300x225.jpg 300w, https:\/\/www.radiopiu.net\/wordpress\/wp-content\/uploads\/2022\/02\/0-1024x768.jpg 1024w, https:\/\/www.radiopiu.net\/wordpress\/wp-content\/uploads\/2022\/02\/0-768x576.jpg 768w, https:\/\/www.radiopiu.net\/wordpress\/wp-content\/uploads\/2022\/02\/0-1536x1152.jpg 1536w, https:\/\/www.radiopiu.net\/wordpress\/wp-content\/uploads\/2022\/02\/0.jpg 2048w\" sizes=\"auto, (max-width: 207px) 100vw, 207px\" \/><\/a>VOLTAGO<\/strong><\/p>\n<p>di Gianni Santomaso<\/p>\n<audio class=\"wp-audio-shortcode\" id=\"audio-258451-7\" preload=\"none\" style=\"width: 100%;\" controls=\"controls\"><source type=\"audio\/mpeg\" src=\"https:\/\/www.radiopiu.net\/wordpress\/wp-content\/uploads\/2022\/02\/GIANNI-DON-FABIANO.mp3?_=7\" \/><a href=\"https:\/\/www.radiopiu.net\/wordpress\/wp-content\/uploads\/2022\/02\/GIANNI-DON-FABIANO.mp3\">https:\/\/www.radiopiu.net\/wordpress\/wp-content\/uploads\/2022\/02\/GIANNI-DON-FABIANO.mp3<\/a><\/audio>\n<p>&nbsp;<\/p>\n<hr \/>\n<p>&nbsp;<\/p>\n<blockquote>\n<h3>L\u2019ISTITUTO \u201cPUOS\u201d DI ALPAGO COINVOLTO NEL PROGETTO DI ASSI ONLUS<\/h3>\n<\/blockquote>\n<p><strong>ALPAGO <\/strong>Anche gli studenti della classe Terza A della Scuola secondaria di primo grado dell\u2019Istituto comprensivo \u201cPuos\u201d di Alpago sono stati efficacemente coinvolti nel progetto \u201cIntegralmente sport e cultura\u201d, promosso annualmente dall\u2019associazione Assi Onlus. Scopo del progetto \u00e8 quello di avvicinare i giovani al tema della disabilit\u00e0 attraverso lo sport, visto come strumento di integrazione e quale possibilit\u00e0 di coinvolgimento anche di coloro che, normalmente, ne sono esclusi. Negli ultimi incontri sono stati protagonisti Ivano Da Canal e Mirko Bortoluzzi. Ivano, 50 anni, \u00e8 tetraplegico in quanto vittima di un incidente sul lavoro. Oggi, anche in sedia a rotelle, non smette di praticare sport: risultati importanti, a livello nazionale, nell\u2019handbike e soprattutto successi nel nuoto. Mirko, 47 anni, \u00e8 invece affetto da tetraparesi spastico distonica da cerebropatia connatale, malattia che ha compresso le funzioni motorie. \u00c8 autore del libro \u201cLe avventure di una persona disabilmente normale\u201d (De Bastiani Editore). Gi\u00e0 imprenditore agricolo e amministratore locale, nel libro Mirko ha ripercorso tutta la sua vita, dall\u2019infanzia ad oggi, raccontando cosa significhi per lui convivere con la disabilit\u00e0. In seguito agli appuntamenti delle scuole, gli alunni hanno recapitato ad Assi una significativa lettera che fa capire quanto il progetto abbia raggiunto appieno l\u2019intento di sensibilizzare al tema della disabilit\u00e0 in modo costruttivo.<\/p>\n<p>&nbsp;<\/p>\n<p>&nbsp;<\/p>\n<hr \/>\n<p>&nbsp;<\/p>\n<blockquote>\n<h3>PERCORSI CICLOPEDONALI E MOBILITA&#8217; SLOW: SI RAFFORZA LA COLLABORAZIONE TRA PONTE NELLE ALPI E SOVERZENE<\/h3>\n<\/blockquote>\n<p><strong><a href=\"https:\/\/www.radiopiu.net\/wordpress\/giornale-radiopiu-09-febbraio-2022-direttore-mirko-mezzacasa\/la_collaborazione_tra_ponte_e_soverzene\/\" rel=\"attachment wp-att-258597\"><img loading=\"lazy\" decoding=\"async\" class=\"size-medium wp-image-258597 alignleft\" src=\"https:\/\/www.radiopiu.net\/wordpress\/wp-content\/uploads\/2022\/02\/La_collaborazione_tra_Ponte_e_Soverzene-300x197.jpg\" alt=\"\" width=\"300\" height=\"197\" srcset=\"https:\/\/www.radiopiu.net\/wordpress\/wp-content\/uploads\/2022\/02\/La_collaborazione_tra_Ponte_e_Soverzene-300x197.jpg 300w, https:\/\/www.radiopiu.net\/wordpress\/wp-content\/uploads\/2022\/02\/La_collaborazione_tra_Ponte_e_Soverzene-768x504.jpg 768w, https:\/\/www.radiopiu.net\/wordpress\/wp-content\/uploads\/2022\/02\/La_collaborazione_tra_Ponte_e_Soverzene.jpg 1006w\" sizes=\"auto, (max-width: 300px) 100vw, 300px\" \/><\/a>PONTE NELLE ALPI <\/strong>Insieme per la scuola, lo sport, le piste ciclopedonali e l\u2019offerta turistica. I Comuni di Ponte nelle Alpi e Soverzene rafforzano una collaborazione che abbraccia pure il trasporto e i servizi scolastici, oltre alle mense. Su questa scia, un occhio di riguardo spetta alla riqualificazione della palestra scolastica di Ponte, ma anche all\u2019efficientamento energetico e al miglioramento degli spazi della materna degli \u201cZattieri del Piave\u201d grazie ai fondi Pnrr.<span class=\"gmail-Apple-converted-space\"> \u00a0<\/span>Nel municipio di Ponte nelle Alpi, \u00e8 avvenuto un incontro tra le due amministrazioni per definire il punto delle opere pubbliche con particolare riferimento alla passerella ciclopedonale sul ponte di Soverzene. Senza considerare gli interventi relativi alla sistemazione del percorso sul Piave fino a Soccher e all\u2019ampliamento dell\u2019offerta turistica con le nuove aperture di servizi e bed and breakfast. Il monitoraggio degli ultimi anni, nonostante la pandemia Covid, ha visto un passaggio medio estivo nei due territori di oltre 15mila biker. In questo senso, la riapertura dell\u2019anello che porta da un lato al lago di Santa Croce, e dall\u2019altro a Belluno, consente in tutta sicurezza di valorizzare e promuovere i percorsi ciclopedonali, ambientali ed enogastronomici. Questa offerta \u00e8 diventata la vera alleata del tempo libero, delle vacanze, del benessere e sempre pi\u00f9 persone ricercano la mobilit\u00e0 \u201cslow\u201d, scoprendo realt\u00e0 paesaggistiche e storico-culturali uniche.<\/p>\n<p>&nbsp;<\/p>\n<hr \/>\n<p>&nbsp;<\/p>\n<blockquote>\n<h2>&#8220;QUESTURA BELLUNO, L&#8217;IMPORTANZA DELLA COMUNICAZIONE&#8221;<\/h2>\n<\/blockquote>\n<p><strong><a href=\"https:\/\/www.radiopiu.net\/wordpress\/oggi-alla-radio-alle-10-30-e-alle-19-30-questura-belluno-limportanza-della-comunicazione\/623f91fa-4463-4b82-b4d7-2180fa77aa9c-300x224\/\" rel=\"attachment wp-att-258521\"><img loading=\"lazy\" decoding=\"async\" class=\"size-full wp-image-258521 aligncenter\" src=\"https:\/\/www.radiopiu.net\/wordpress\/wp-content\/uploads\/2022\/02\/623f91fa-4463-4b82-b4d7-2180fa77aa9c-300x224-1.jpg\" alt=\"\" width=\"300\" height=\"224\" \/><\/a>REDAZIONE<\/strong>\u00a0 \u00a0Radio Pi\u00f9 apre i microfoni agli uomini e donne della Questura di Belluno. L\u2019argomento \u201cla comunicazione\u201d, interna e con il cittadino. L\u2019importanza dei social per avvicinare le genti alle istituzioni, la \u00a0pagina Facebook della Questura di Belluno ad esempio, comunicazione immediata, oppure la nuova app per segnalazioni direttamente alla sala operativa.<\/p>\n<blockquote>\n<h3>Il Commissario capo Federico Farris, capo di Gabinetto e portavoce;\u00a0 assistente capo coordinatore Wirna Triches, \u00a0addetta all\u2019ufficio relazioni con il pubblico.<\/h3>\n<\/blockquote>\n<audio class=\"wp-audio-shortcode\" id=\"audio-258451-8\" preload=\"none\" style=\"width: 100%;\" controls=\"controls\"><source type=\"audio\/mpeg\" src=\"https:\/\/www.radiopiu.net\/wordpress\/wp-content\/uploads\/2022\/02\/federico-farrris-1.mp3?_=8\" \/><a href=\"https:\/\/www.radiopiu.net\/wordpress\/wp-content\/uploads\/2022\/02\/federico-farrris-1.mp3\">https:\/\/www.radiopiu.net\/wordpress\/wp-content\/uploads\/2022\/02\/federico-farrris-1.mp3<\/a><\/audio>\n<p>&nbsp;<\/p>\n<p>&nbsp;<\/p>\n<hr \/>\n<p>&nbsp;<\/p>\n<blockquote>\n<h2>IL CULTO DELLA CASA A SELVA DI CADORE L\u2019HA SEPARATA DALLA STALLA E DAL FIENILE<\/h2>\n<\/blockquote>\n<p><strong>di RENATO BONA<\/strong><\/p>\n<p>&nbsp;<\/p>\n<p><a href=\"https:\/\/www.radiopiu.net\/wordpress\/giornale-radiopiu-09-febbraio-2022-direttore-mirko-mezzacasa\/243377463_471091864596038_4288227742602683688_n\/\" rel=\"attachment wp-att-258709\"><img loading=\"lazy\" decoding=\"async\" class=\"size-medium wp-image-258709 alignleft\" src=\"https:\/\/www.radiopiu.net\/wordpress\/wp-content\/uploads\/2022\/02\/243377463_471091864596038_4288227742602683688_n-300x179.jpg\" alt=\"\" width=\"300\" height=\"179\" srcset=\"https:\/\/www.radiopiu.net\/wordpress\/wp-content\/uploads\/2022\/02\/243377463_471091864596038_4288227742602683688_n-300x179.jpg 300w, https:\/\/www.radiopiu.net\/wordpress\/wp-content\/uploads\/2022\/02\/243377463_471091864596038_4288227742602683688_n.jpg 346w\" sizes=\"auto, (max-width: 300px) 100vw, 300px\" \/><\/a>Nel suo pregevole libro \u201cSelva di Cadore come era\u201d (in ladino: \u201cSelva da nosak\u00e0n\u201d) del quale ci siamo gi\u00e0 occupati, convinti come siamo della validit\u00e0 del lavoro dell\u2019autore, il prof. don Lorenzo Dell\u2019Andrea, agordino proprio di Selva, nel capitolo intitolato \u201cCase, stalle e fienili\u201d sottolineato che \u201cla casa era bene fondamentale e anche bene molto curato\u201d ricordava che quelle di una volta constavano essenzialmente di tre parti. E le descrive: la \u2018stua\u2019 che era la parte centrale dell\u2019abitazione; la \u2018ciesa da fu\u00f3k\u2019, o cucina, variamente strutturata, con focolare; le \u2018c\u00e1une\u2019 o camere da letto. Ancora: \u201cLe case pi\u00f9 antiche sono caratterizzate da muri molto spessi e dalla presenza del volto, sia nelle strutture interne che nella porta principale di accesso. Il pavimento della cucina era in terra battuta (\u2018salesa\u2019), la \u2018stua\u2019 era invece foderata in legno, spesso con sagomature artistiche, specialmente nel soffitto (\u2018zel\u00f3r\u2019), ed era sempre provvista del \u2018forn\u00e9l\u2019 che garantiva durante l\u2019inverno un calore costante per tutta la giornata e la notte\u201d. Dell\u2019Andrea scriveva quindi nel purtroppo ormai introvabile prezioso volume edito nel novembre 1993 dall\u2019Union de i ladi\u00f1 de Selva &#8211; dopo la mostra fotografica dell\u2019agosto 1985 &#8211; con la bellunese tipografia Piave: \u201cIl <a href=\"https:\/\/www.radiopiu.net\/wordpress\/giornale-radiopiu-09-febbraio-2022-direttore-mirko-mezzacasa\/258998176_486674046426049_940454992626966417_n\/\" rel=\"attachment wp-att-258708\"><img loading=\"lazy\" decoding=\"async\" class=\"size-medium wp-image-258708 alignright\" src=\"https:\/\/www.radiopiu.net\/wordpress\/wp-content\/uploads\/2022\/02\/258998176_486674046426049_940454992626966417_n-300x178.jpg\" alt=\"\" width=\"300\" height=\"178\" srcset=\"https:\/\/www.radiopiu.net\/wordpress\/wp-content\/uploads\/2022\/02\/258998176_486674046426049_940454992626966417_n-300x178.jpg 300w, https:\/\/www.radiopiu.net\/wordpress\/wp-content\/uploads\/2022\/02\/258998176_486674046426049_940454992626966417_n.jpg 347w\" sizes=\"auto, (max-width: 300px) 100vw, 300px\" \/><\/a>culto della casa ha fatto s\u00ec che gli abitanti di Selva, a differenza di quanto \u00e8 capitato in altri paesi, anche vicini, tenessero l\u2019abitazione rigorosamente distinta dalla stalla e dal fienile\u201d. E cos\u00ec, a parte pochissimi casi, case e fienili erano costruzioni autonome e separate l\u2019una dall\u2019altra, anche se collocate quasi sempre a poca distanza, cos\u00ec da facilitare il lavoro con spostamenti brevi e facili dall\u2019abitazione alla stalla e al fienile e viceversa. Questo fatto \u201cha creato un\u2019altra caratteristica delle \u2018vile\u2019 di Selva: la coesistenza nello stesso tessuto urbano delle case e dei fienili. Dopo questa premessa, proseguiamo la nostra ricognizione tra le immagini, in particolare di fienili, con le eloquenti didascalie e partiamo con la facciata nord della canonica vecchia di Santa Fosca, \u201ccon <a href=\"https:\/\/www.radiopiu.net\/wordpress\/giornale-radiopiu-09-febbraio-2022-direttore-mirko-mezzacasa\/257690350_1135952940494790_2868395095550927560_n\/\" rel=\"attachment wp-att-258707\"><img loading=\"lazy\" decoding=\"async\" class=\"size-full wp-image-258707 alignleft\" src=\"https:\/\/www.radiopiu.net\/wordpress\/wp-content\/uploads\/2022\/02\/257690350_1135952940494790_2868395095550927560_n.jpg\" alt=\"\" width=\"296\" height=\"202\" \/><\/a>portone centrale in legno massiccio e il portale, che d\u00e0 sul corridoio centrale, ad arco, maggiormente rilevato dalla decorazione circostante e dal fregio sporgente al di sopra\u201d: In alto, la porta che dava sull\u2019ampia sala della Regola era raggiunta da una scala esterna; sulla facciata, numerosi gli affreschi; a sinistra il Leone di San Marco con la data 1696, sopra: la \u201cVergine col Bambino\u201d Stessa costruzione, facciata sud: la porta in corrispondenza del corridoio centrale \u00e8 ad arco e le finestre hanno lo sguancio; nella parte bassa sporgono le travi su cui era costruito il poggiolo; sullo sfondo, a sinistra, il villaggio di L\u2019Andria. E siamo al \u201ctabie de i D\u00e0dina\u201d, a Zardin: tipica costruzione ladina. Il fienile \u00e8 del tipo pi\u00f9 antico, a due piani sovrapposti, con la parte inferiore adibita a stalla e costruita non in muratura ma a travi di legno; il piano <a href=\"https:\/\/www.radiopiu.net\/wordpress\/giornale-radiopiu-09-febbraio-2022-direttore-mirko-mezzacasa\/272770620_942446599723787_6886316642404233416_n\/\" rel=\"attachment wp-att-258706\"><img loading=\"lazy\" decoding=\"async\" class=\"size-medium wp-image-258706 alignright\" src=\"https:\/\/www.radiopiu.net\/wordpress\/wp-content\/uploads\/2022\/02\/272770620_942446599723787_6886316642404233416_n-300x183.jpg\" alt=\"\" width=\"300\" height=\"183\" srcset=\"https:\/\/www.radiopiu.net\/wordpress\/wp-content\/uploads\/2022\/02\/272770620_942446599723787_6886316642404233416_n-300x183.jpg 300w, https:\/\/www.radiopiu.net\/wordpress\/wp-content\/uploads\/2022\/02\/272770620_942446599723787_6886316642404233416_n.jpg 338w\" sizes=\"auto, (max-width: 300px) 100vw, 300px\" \/><\/a>superiore \u00e8 costituito dal \u2018palanz\u00ecn\u2019 completamente aperto su tre lati eccetto la parte nord; il sottotetto costituisce il cosidetto \u2018auc\u00e8r\u2019. Pure della raccolta del Museo di Selva di Cadore la immagine successiva che presenta fienili di tipologia ladina a Solator; quello di destra presenta in alto un\u2019ampia apertura per l\u2019illuminazione e l\u2019aerazione. Della raccolta del Museo anche la foto del lato nord del fienile \u201cde ki de Gepo\u201d sempre a Solator: quando i fienili si alzarono, fu necessario costruire il \u2018pont de tabie\u2019 costituito da un terrapieno a muro secco di contenimento e da un pontile di travi, per permettere ai carri di essere trainati all\u2019interno \u2018inte era\u2019 per lo scarico del fieno. A seguire, della raccolta di Lorenzo Dell\u2019Andrea,viene presentato uno \u2018stal\u00f3t de I kuco, a Toffol (tabie de la Negozia): nella parte bassa del fienile, accanto o davanti alla stalla, era spesso collocalo l stal\u00f3t per tenervi il maiale (ma <a href=\"https:\/\/www.radiopiu.net\/wordpress\/giornale-radiopiu-09-febbraio-2022-direttore-mirko-mezzacasa\/272813748_644349649986841_2670345676216817640_n\/\" rel=\"attachment wp-att-258705\"><img loading=\"lazy\" decoding=\"async\" class=\"size-medium wp-image-258705 alignleft\" src=\"https:\/\/www.radiopiu.net\/wordpress\/wp-content\/uploads\/2022\/02\/272813748_644349649986841_2670345676216817640_n-300x193.jpg\" alt=\"\" width=\"300\" height=\"193\" srcset=\"https:\/\/www.radiopiu.net\/wordpress\/wp-content\/uploads\/2022\/02\/272813748_644349649986841_2670345676216817640_n-300x193.jpg 300w, https:\/\/www.radiopiu.net\/wordpress\/wp-content\/uploads\/2022\/02\/272813748_644349649986841_2670345676216817640_n.jpg 321w\" sizes=\"auto, (max-width: 300px) 100vw, 300px\" \/><\/a>talora usato anche per le pecore). Di nuovo il Museo a proporre \u201cIl Tabie de Angelo de Gildo (al centro) e de i Nod\u00e8r (a sinistra)\u201d a Rova. In molti casi, si legge, come per i due fienili, che sono costruiti sotto la strada di Rova, per il \u2018pont de l fen\u2019 non era necessario il terrapieno: bastava il pontile in legno con accesso diretto dalla strada; altre volte invece il terrapieno aveva lunghezza e dimensioni notevoli, come per i tabie de i Medana a Zernadoi, dove si deve superare un dislivello di circa sei metri. Da notare i tetti in scandola, il fa\u00e8r a otto stanghe, la bambina in primo piano con il fazzoletto sulla testa e la gerla sulle spalle. Poi ad illustrarci il \u201ctabie de la Michela\u201d pure a Solator, con la parte bassa costituita da quella in muratura della stalla; la parte mediana formata dalla \u2018zopa de l fen\u2019 con le aperture; il \u2018palanz\u00ecn\u2019 \u00e8 realizzato <a href=\"https:\/\/www.radiopiu.net\/wordpress\/giornale-radiopiu-09-febbraio-2022-direttore-mirko-mezzacasa\/271881219_367888218501746_110047496124166235_n\/\" rel=\"attachment wp-att-258704\"><img loading=\"lazy\" decoding=\"async\" class=\"size-medium wp-image-258704 alignright\" src=\"https:\/\/www.radiopiu.net\/wordpress\/wp-content\/uploads\/2022\/02\/271881219_367888218501746_110047496124166235_n-300x200.jpg\" alt=\"\" width=\"300\" height=\"200\" srcset=\"https:\/\/www.radiopiu.net\/wordpress\/wp-content\/uploads\/2022\/02\/271881219_367888218501746_110047496124166235_n-300x200.jpg 300w, https:\/\/www.radiopiu.net\/wordpress\/wp-content\/uploads\/2022\/02\/271881219_367888218501746_110047496124166235_n.jpg 309w\" sizes=\"auto, (max-width: 300px) 100vw, 300px\" \/><\/a>esclusivamente nella parte superiore, a destra pieno, a sinistra col poggiolo aperto e una stanga che delimita al centro tutta la superficie di apertura, nella parte superiore si nota la doppia grata a maglia molto larga. E quindi a mostrarci e spiegarci \u201cIl fienile a Pescul\u201d, precisando che nella facciata a nord in genere i fienili non presentano particolari caratteristiche ad eccezione, come in questo caso, della doppia \u2018barkonela\u2019, tipica apertura per illuminare ed aerare. Infine per offrirci la visione del \u201cFienile de i Piaia\u201d, pure a Pescul: dello stile pi\u00f9 recente, la parte della \u2018zopa de l fen\u2019 agli angoli che ha come materiale costruttivo la muratura a sostegno del \u2018palazin\u2019 mentre le grate di aerazione ai tre lati contribuiscono a una gradevole simmetria e semplicit\u00e0 di linee\u201d. Ci fermiamo dopo aver osservato \u201cFienili a Pescul\u201d di cui Lorenzo Dell\u2019Andrea (la foto da lui scattata fa parte della personale raccolta) scrive: \u201cEntrambi i fienili sono simmetricamente divisi in due parti, sottolineando anche con gli elementi architettonici la divisione tra due proprietari. Due sono le aperture de l\u2019\u2018aucer\u2019 divisi in due elementi eguali i \u2018palanzin\u2019; la parte centrale in muratura della\u2019zopa de l fen\u2019 divide simmetricamente lo spazio tra le due \u2018zope\u2019: due sono le porte di stalla e due le finestre, pure disposte simmetricamente e con le imposte che si aprono l\u2019una a destra e l\u2019altra a sinistra\u201d.<\/p>\n\n\t\t\t<style type='text\/css'>\n\t\t\t\t#gallery-3 {\n\t\t\t\t\tmargin: auto;\n\t\t\t\t}\n\t\t\t\t#gallery-3 .gallery-item {\n\t\t\t\t\tfloat: left;\n\t\t\t\t\tmargin-top: 10px;\n\t\t\t\t\ttext-align: center;\n\t\t\t\t\twidth: 25%;\n\t\t\t\t}\n\t\t\t\t#gallery-3 img {\n\t\t\t\t\tborder: 2px solid #cfcfcf;\n\t\t\t\t}\n\t\t\t\t#gallery-3 .gallery-caption {\n\t\t\t\t\tmargin-left: 0;\n\t\t\t\t}\n\t\t\t\t\/* see gallery_shortcode() in wp-includes\/media.php *\/\n\t\t\t<\/style>\n\t\t<div id='gallery-3' class='dt-gallery-container gallery galleryid-258451 gallery-columns-4 gallery-size-thumbnail'><dl class='gallery-item'>\n\t\t\t\t<dt class='gallery-icon landscape'>\n\t\t\t\t\t<a class=\"rollover rollover-zoom dt-pswp-item\" title=\"255194097_974509039848524_3757539995222379641_n\" data-dt-img-description=\"\" data-large_image_width=\"369\" data-large_image_height=\"206\"href='https:\/\/www.radiopiu.net\/wordpress\/wp-content\/uploads\/2022\/02\/255194097_974509039848524_3757539995222379641_n.jpg'><img loading=\"lazy\" decoding=\"async\" width=\"150\" height=\"150\" src=\"https:\/\/www.radiopiu.net\/wordpress\/wp-content\/uploads\/2022\/02\/255194097_974509039848524_3757539995222379641_n-150x150.jpg\" class=\"attachment-thumbnail size-thumbnail\" alt=\"\" \/><\/a>\n\t\t\t\t<\/dt><\/dl><dl class='gallery-item'>\n\t\t\t\t<dt class='gallery-icon landscape'>\n\t\t\t\t\t<a class=\"rollover rollover-zoom dt-pswp-item\" title=\"258747726_985848985671550_6145560341134734281_n\" data-dt-img-description=\"\" data-large_image_width=\"280\" data-large_image_height=\"201\"href='https:\/\/www.radiopiu.net\/wordpress\/wp-content\/uploads\/2022\/02\/258747726_985848985671550_6145560341134734281_n.jpg'><img loading=\"lazy\" decoding=\"async\" width=\"150\" height=\"150\" src=\"https:\/\/www.radiopiu.net\/wordpress\/wp-content\/uploads\/2022\/02\/258747726_985848985671550_6145560341134734281_n-150x150.jpg\" class=\"attachment-thumbnail size-thumbnail\" alt=\"\" \/><\/a>\n\t\t\t\t<\/dt><\/dl><dl class='gallery-item'>\n\t\t\t\t<dt class='gallery-icon landscape'>\n\t\t\t\t\t<a class=\"rollover rollover-zoom dt-pswp-item\" title=\"259692923_1152845548902191_8897145038487178007_n\" data-dt-img-description=\"\" data-large_image_width=\"336\" data-large_image_height=\"206\"href='https:\/\/www.radiopiu.net\/wordpress\/wp-content\/uploads\/2022\/02\/259692923_1152845548902191_8897145038487178007_n.jpg'><img loading=\"lazy\" decoding=\"async\" width=\"150\" height=\"150\" src=\"https:\/\/www.radiopiu.net\/wordpress\/wp-content\/uploads\/2022\/02\/259692923_1152845548902191_8897145038487178007_n-150x150.jpg\" class=\"attachment-thumbnail size-thumbnail\" alt=\"\" \/><\/a>\n\t\t\t\t<\/dt><\/dl><dl class='gallery-item'>\n\t\t\t\t<dt class='gallery-icon landscape'>\n\t\t\t\t\t<a class=\"rollover rollover-zoom dt-pswp-item\" title=\"261913091_4621925211249738_1477059838712245509_n\" data-dt-img-description=\"\" data-large_image_width=\"280\" data-large_image_height=\"206\"href='https:\/\/www.radiopiu.net\/wordpress\/wp-content\/uploads\/2022\/02\/261913091_4621925211249738_1477059838712245509_n.jpg'><img loading=\"lazy\" decoding=\"async\" width=\"150\" height=\"150\" src=\"https:\/\/www.radiopiu.net\/wordpress\/wp-content\/uploads\/2022\/02\/261913091_4621925211249738_1477059838712245509_n-150x150.jpg\" class=\"attachment-thumbnail size-thumbnail\" alt=\"\" \/><\/a>\n\t\t\t\t<\/dt><\/dl><br style=\"clear: both\" \/>\n\t\t\t<\/div>\n\n<p>&nbsp;<\/p>\n<p>&nbsp;<\/p>\n<hr \/>\n<p>&nbsp;<\/p>\n<blockquote>\n<h3>RITORNA IL CARNEVALE DEI BAMBINI: IL PRIMO MARZO LA CITT\u00c0 SAR\u00c0 ANIMATA DA MUSICA E SPETTACOLI CON CANTASTORIE<\/h3>\n<\/blockquote>\n<p><strong>FELTRE <\/strong>Il 1\u00b0 marzo 2022, in occasione del termine del periodo carnevalesco, ritorna in citt\u00e0 il <em>Carnevale dei Bambini<\/em>. La manifestazione sar\u00e0 caratterizzata da piccole performance di animazione musicale e teatrale accompagnate da narrazione con cantastorie. L&#8217;iniziativa prevede l&#8217;allestimento di quattro postazioni suddivise tra l&#8217;area pedonale di Largo Castaldi e Piazzetta Trento e Trieste in cui saranno coinvolti tra i 6 e gli 8 artisti. Ogni performance, intervallata da piccole pause, sar\u00e0 replicata pi\u00f9 volte nella fascia oraria compresa tra le 15:00 e le 18:00.<\/p>\n<p>&nbsp;<\/p>\n<p>&nbsp;<\/p>\n<hr \/>\n<p>&nbsp;<\/p>\n<blockquote>\n<h3>SAFER INTERNET DAY 2022: ATTESI OLTRE 200.000 STUDENTI ALLA DIRETTA STREAMING DI CUORICONNESSI<\/h3>\n<\/blockquote>\n<p><strong><a href=\"https:\/\/www.radiopiu.net\/wordpress\/questura-2-nuovi-poliziotti-anziche-3\/volante-questura-2\/\" rel=\"attachment wp-att-63841\"><img loading=\"lazy\" decoding=\"async\" class=\"size-full wp-image-63841 alignleft\" src=\"https:\/\/www.radiopiu.net\/wordpress\/wp-content\/uploads\/2018\/10\/Volante-Questura-2.jpg\" alt=\"\" width=\"200\" height=\"200\" srcset=\"https:\/\/www.radiopiu.net\/wordpress\/wp-content\/uploads\/2018\/10\/Volante-Questura-2.jpg 200w, https:\/\/www.radiopiu.net\/wordpress\/wp-content\/uploads\/2018\/10\/Volante-Questura-2-150x150.jpg 150w\" sizes=\"auto, (max-width: 200px) 100vw, 200px\" \/><\/a>BELLUNO <\/strong>Tutto \u00e8 pronto per la diretta streaming di #CuoriConnessi in programma oggi dalle ore 10.00 sul canale youtube della Polizia di Stato\u00a0 <a href=\"https:\/\/www.youtube.com\/watch?v=gFmsQ50GCIc\">https:\/\/www.youtube.com\/watch?v=gFmsQ50GCIc<\/a> e sul sito cuoriconnessi.it Polizia di Stato e Unieuro insieme in un grande progetto che ha l\u2019intento di sensibilizzare e informare i giovani, gli insegnanti e i genitori su un utilizzo pi\u00f9 consapevole e corretto della tecnologia per contrastare ogni forma di distorsione della rete. Per il secondo anno consecutivo parteciperanno alla diretta pi\u00f9 di 4000 scuole di tutta Italia e oltre 200.000 studenti: l\u2019incontro \u00e8 dedicato alle scuole secondarie di primo e secondo grado. All\u2019evento parteciperanno il Capo della Polizia Direttore Generale della Pubblica Sicurezza Prefetto\u00a0Lamberto Giannini, Jacopo Greco, Capo Dipartimento Risorse Umane Strumentali e Finanziarie del Ministero dell\u2019istruzione e Giancarlo Nicosanti Monterastelli, Amministratore Delegato di Unieuro. Ospite di eccezione Paolo Crepet, Psichiatra e Ricercatore dei disagi dell\u2019et\u00e0 evolutiva e ragazzi che hanno vissuto esperienze dirette di cyberbullismo. L\u2019evento sar\u00e0 condotto dal giornalista Luca Pagliari, anche autore del nuovo libro \u201c#cuoriconnessi \u2013 Il coraggio di alzare lo sguardo\u201d.<\/p>\n<p>&nbsp;<\/p>\n<p>&nbsp;<\/p>\n<hr \/>\n<p>&nbsp;<\/p>\n<blockquote>\n<h3>OGGI IL CONGRESSO DELLA CISL BELLUNO TREVISO DAL TITOLO &#8220;UMANAMENTE SOSTENIBILE&#8221;<\/h3>\n<\/blockquote>\n<p><strong><a href=\"https:\/\/www.radiopiu.net\/wordpress\/convocato-per-venerdi-13-novembre-il-consiglio-generale-chiamato-ad-eleggere-il-nuovo-segretario-generale-dopo-lingresso-di-cinzia-bonan-in-segreteria-regionale-ampia-convergenza-sul-nome-del\/schermata-2020-11-11-alle-12-25-13\/\" rel=\"attachment wp-att-172025\"><img loading=\"lazy\" decoding=\"async\" class=\"size-medium wp-image-172025 alignleft\" src=\"https:\/\/www.radiopiu.net\/wordpress\/wp-content\/uploads\/2020\/11\/Schermata-2020-11-11-alle-12.25.13-300x157.png\" alt=\"\" width=\"300\" height=\"157\" srcset=\"https:\/\/www.radiopiu.net\/wordpress\/wp-content\/uploads\/2020\/11\/Schermata-2020-11-11-alle-12.25.13-300x157.png 300w, https:\/\/www.radiopiu.net\/wordpress\/wp-content\/uploads\/2020\/11\/Schermata-2020-11-11-alle-12.25.13.png 594w\" sizes=\"auto, (max-width: 300px) 100vw, 300px\" \/><\/a>BELLUNO <\/strong><span style=\"color: #000000; font-family: Helvetica;\">Sar\u00e0 aperto oggi alle 10 dalla relazione del segretario generale Massimiliano Paglini il terzo Congresso della Cisl Belluno Treviso, alle Fiere di Santa Lucia di Piave (Tv). La relazione sar\u00e0 seguita dal saluto dei numerosi ospiti istituzionali, degli amministratori locali, delle associazioni di rappresentanza del mondo del lavoro, delle imprese e della societ\u00e0 dei due territori.\u00a0 <\/span><span style=\"color: #000000; font-family: Helvetica;\">Alle <u>13.15<\/u> il segretario generale Paglini e gli autori della ricerca realizzata dalla Fondazione Corazzin e dall\u2019Ufficio Studi della Cisl Belluno Treviso sulla <u>condizione giovanile a Belluno e Treviso<\/u> anticiperanno alla stampa i contenuti dello studio, che verr\u00e0 presentato ai congressisti nel pomeriggio. Il lavoro rappresenta un\u2019analisi puntuale e supportata <u>da numerosi dati demografici e occupazionali (divisi per provincia) sui giovani dei due territori.<\/u><\/span><\/p>\n<p>&nbsp;<\/p>\n<p>&nbsp;<\/p>\n<hr \/>\n<p>&nbsp;<\/p>\n<blockquote>\n<h3>XXII GIORNATA DI RACCOLTA DEL FARMACO.\u00a0 FINO AL 14 FEBBRAIO IN 512 FARMACIE DEL VENETO<\/h3>\n<\/blockquote>\n<p><strong><a href=\"https:\/\/www.radiopiu.net\/wordpress\/giornale-radiopiu-08-febbraio-2022-direttore-mirko-mezzacasa\/295-2022-logo-giornata-raccolta-farmaco-2022\/\" rel=\"attachment wp-att-258368\"><img loading=\"lazy\" decoding=\"async\" class=\" wp-image-258368 alignleft\" src=\"https:\/\/www.radiopiu.net\/wordpress\/wp-content\/uploads\/2022\/02\/295-2022-Logo-Giornata-Raccolta-Farmaco-2022-300x92.jpg\" alt=\"\" width=\"271\" height=\"83\" srcset=\"https:\/\/www.radiopiu.net\/wordpress\/wp-content\/uploads\/2022\/02\/295-2022-Logo-Giornata-Raccolta-Farmaco-2022-300x92.jpg 300w, https:\/\/www.radiopiu.net\/wordpress\/wp-content\/uploads\/2022\/02\/295-2022-Logo-Giornata-Raccolta-Farmaco-2022-1024x313.jpg 1024w, https:\/\/www.radiopiu.net\/wordpress\/wp-content\/uploads\/2022\/02\/295-2022-Logo-Giornata-Raccolta-Farmaco-2022-768x235.jpg 768w, https:\/\/www.radiopiu.net\/wordpress\/wp-content\/uploads\/2022\/02\/295-2022-Logo-Giornata-Raccolta-Farmaco-2022-1536x469.jpg 1536w, https:\/\/www.radiopiu.net\/wordpress\/wp-content\/uploads\/2022\/02\/295-2022-Logo-Giornata-Raccolta-Farmaco-2022.jpg 1800w\" sizes=\"auto, (max-width: 271px) 100vw, 271px\" \/><\/a>VENEZIA<\/strong>\u00a0 Fino al 14 febbraio torna la Giornata di Raccolta del Farmaco, l\u2019iniziativa di solidariet\u00e0 che quest\u2019anno \u00e8 alla XXII edizione. In 512 farmacie di tutto il Veneto, riconoscibili dall\u2019apposita locandina, sar\u00e0 possibile acquistare farmaci da banco destinati a 110 enti caritativi attivi sul territorio regionale. Si tratta di enti convenzionati con la Fondazione Banco Farmaceutico Onlus che assistono 70 mila bisognosi. Questa iniziativa arriva dove la sanit\u00e0 pubblica, per legge, non pu\u00f2 intervenire\u00a0 ed ha quindi un particolare significato, non solo sanitario ma anche, se non soprattutto, sociale. Nell\u2019edizione dello scorso anno in Veneto sono stati raccolti 40 mila prodotti per un valore di 310 mila euro. L\u2019iniziativa, nata nel 2000, coinvolge tutta Italia: quest\u2019anno aderiscono 5.000 farmacie collegate a 1.800 realt\u00e0 assistenziali. Per evitare assembramenti, garantire il distanziamento ma allo stesso tempo dare a tutti la possibilit\u00e0 di partecipare, si \u00e8 scelto da un lato di ridurre il numero dei volontari presenti nelle farmacie e dall\u2019altro di prolungare l\u2019iniziativa<\/p>\n<p>&nbsp;<\/p>\n<hr \/>\n<p>&nbsp;<\/p>\n<blockquote>\n<h3>BUON VIAGGIO WILLIAM, &#8220;VASA JUBILEUM 2022&#8221;<\/h3>\n<\/blockquote>\n<p><strong><a href=\"https:\/\/www.radiopiu.net\/wordpress\/buon-viaggio-william-vasa-jubileum-2022\/35fb4215-2363-4a0d-b9a2-0da63209a2a1\/\" rel=\"attachment wp-att-258715\"><img loading=\"lazy\" decoding=\"async\" class=\"wp-image-258715 alignleft\" src=\"https:\/\/www.radiopiu.net\/wordpress\/wp-content\/uploads\/2022\/02\/35fb4215-2363-4a0d-b9a2-0da63209a2a1-300x169.jpg\" alt=\"\" width=\"218\" height=\"123\" srcset=\"https:\/\/www.radiopiu.net\/wordpress\/wp-content\/uploads\/2022\/02\/35fb4215-2363-4a0d-b9a2-0da63209a2a1-300x169.jpg 300w, https:\/\/www.radiopiu.net\/wordpress\/wp-content\/uploads\/2022\/02\/35fb4215-2363-4a0d-b9a2-0da63209a2a1-1024x576.jpg 1024w, https:\/\/www.radiopiu.net\/wordpress\/wp-content\/uploads\/2022\/02\/35fb4215-2363-4a0d-b9a2-0da63209a2a1-768x432.jpg 768w, https:\/\/www.radiopiu.net\/wordpress\/wp-content\/uploads\/2022\/02\/35fb4215-2363-4a0d-b9a2-0da63209a2a1-1536x864.jpg 1536w, https:\/\/www.radiopiu.net\/wordpress\/wp-content\/uploads\/2022\/02\/35fb4215-2363-4a0d-b9a2-0da63209a2a1.jpg 1599w\" sizes=\"auto, (max-width: 218px) 100vw, 218px\" \/><\/a>di\u00a0 JOHN FRANCIS DELLA PIETRA<\/strong><\/p>\n<p><strong>AUDIO<\/strong><\/p>\n<audio class=\"wp-audio-shortcode\" id=\"audio-258451-9\" preload=\"none\" style=\"width: 100%;\" controls=\"controls\"><source type=\"audio\/mpeg\" src=\"https:\/\/www.radiopiu.net\/wordpress\/wp-content\/uploads\/2022\/02\/JOHN-1.mp3?_=9\" \/><a href=\"https:\/\/www.radiopiu.net\/wordpress\/wp-content\/uploads\/2022\/02\/JOHN-1.mp3\">https:\/\/www.radiopiu.net\/wordpress\/wp-content\/uploads\/2022\/02\/JOHN-1.mp3<\/a><\/audio>\n<p>&nbsp;<\/p>\n<p><strong>Vasa jubileum 2022<\/strong><\/p>\n<p><a href=\"https:\/\/www.radiopiu.net\/wordpress\/giornale-radiopiu-19-giugno-2018-direttore-mirko-mezzacasa\/whatsapp-image-2018-06-19-at-05-42-14\/\" rel=\"attachment wp-att-51215\"><img loading=\"lazy\" decoding=\"async\" class=\" wp-image-51215 alignleft\" src=\"https:\/\/www.radiopiu.net\/wordpress\/wp-content\/uploads\/2018\/06\/WhatsApp-Image-2018-06-19-at-05.42.14-300x225.jpeg\" alt=\"\" width=\"191\" height=\"143\" srcset=\"https:\/\/www.radiopiu.net\/wordpress\/wp-content\/uploads\/2018\/06\/WhatsApp-Image-2018-06-19-at-05.42.14-300x225.jpeg 300w, https:\/\/www.radiopiu.net\/wordpress\/wp-content\/uploads\/2018\/06\/WhatsApp-Image-2018-06-19-at-05.42.14-768x576.jpeg 768w, https:\/\/www.radiopiu.net\/wordpress\/wp-content\/uploads\/2018\/06\/WhatsApp-Image-2018-06-19-at-05.42.14-1024x768.jpeg 1024w, https:\/\/www.radiopiu.net\/wordpress\/wp-content\/uploads\/2018\/06\/WhatsApp-Image-2018-06-19-at-05.42.14.jpeg 1280w\" sizes=\"auto, (max-width: 191px) 100vw, 191px\" \/><\/a>La grande guerra era appena terminata<br \/>\nL intera Europa devastata<br \/>\nIl conflitto armato era finito<br \/>\nQuello delle avversit\u00e0 metereologiche volgeva all infinito<br \/>\nUn susseguirsi d inverni nevosi<br \/>\nAveva fiaccato i popoli rendendoli nervosi<br \/>\nUn vero periodo da tregenda<br \/>\nCos\u00ec inizia la leggenda<br \/>\nChe \u00e8 molto pi\u00f9 d una scritta a posteriori storia<br \/>\n\u00c8 delle genti la vera memoria<br \/>\nFra gl innevati monti nei pugnosi combattimenti<br \/>\nErano apparsi avventurosi manipoli d attrezzate genti<br \/>\nChe come fantasmi scivolavano sulla candida neve<br \/>\nSu delle puntute assi per niente lievi<br \/>\nCos\u00ec nel dopoguerra a pi\u00f9 di qualcuno venne l idea<br \/>\nDi trasformar in pacifico evento la bianca dea<br \/>\nNel nord le origini erano lontane<br \/>\nNel tempo senza tempo immane<br \/>\nC era bisogno di far sognare<br \/>\nDi veder gente in pace gareggiare<br \/>\nSi pens\u00f2 ad un antica via dai padri percorsa<br \/>\nPer metter su un eroica corsa<br \/>\nUn tracciato che a tutti facea paura tanta<br \/>\nLa nella sconfinata Svezia da Salen a Mora km novanta<br \/>\nMolti anche il re accorsero a guardare<br \/>\nQuesti eroi che la vittoria volean agguantare<br \/>\nUn secolo \u00e8 passato<br \/>\nE nulla sembra cambiato<br \/>\nGl abiti son similari<br \/>\nAssicelle ricurve e bastoni di legno originali<br \/>\nAttrezzano ancor uno stormo di coraggiosi<br \/>\nChe l un l altro sorridono contagiosi<br \/>\nUna storica rievocazione<br \/>\nVera e genuina emozione<br \/>\nIl vasa jubileum 2022<br \/>\n\u00c8 l\u00ec pronto appena appena<br \/>\nPer andare in scena<br \/>\nUna cosa veramente profonda<br \/>\nChe avr\u00e0 la sua apoteosi a notte fonda<br \/>\nQuando l ultimo il traguardo taglier\u00e0<br \/>\nE la scritta sopra legger\u00e0<br \/>\nSulla via dei padri<br \/>\nPer le vittorie future&#8230;<br \/>\nBuon viaggio<br \/>\nWilliam<\/p>\n<p>&nbsp;<\/p>\n<p>&nbsp;<\/p>\n<p>&nbsp;<\/p>\n<hr \/>\n<p>&nbsp;<\/p>\n<blockquote>\n<h3>LA PRESENTAZIONE DEL LIBRO DI SARA AGOSTINI<\/h3>\n<\/blockquote>\n<p><strong><a href=\"https:\/\/www.radiopiu.net\/wordpress\/giornale-radiopiu-08-febbraio-2022-direttore-mirko-mezzacasa\/locandina_libro_sara_agostini\/\" rel=\"attachment wp-att-258397\"><img loading=\"lazy\" decoding=\"async\" class=\"size-medium wp-image-258397 alignleft\" src=\"https:\/\/www.radiopiu.net\/wordpress\/wp-content\/uploads\/2022\/02\/locandina_libro_sara_agostini-212x300.jpg\" alt=\"\" width=\"212\" height=\"300\" srcset=\"https:\/\/www.radiopiu.net\/wordpress\/wp-content\/uploads\/2022\/02\/locandina_libro_sara_agostini-212x300.jpg 212w, https:\/\/www.radiopiu.net\/wordpress\/wp-content\/uploads\/2022\/02\/locandina_libro_sara_agostini-724x1024.jpg 724w, https:\/\/www.radiopiu.net\/wordpress\/wp-content\/uploads\/2022\/02\/locandina_libro_sara_agostini-768x1086.jpg 768w, https:\/\/www.radiopiu.net\/wordpress\/wp-content\/uploads\/2022\/02\/locandina_libro_sara_agostini-1086x1536.jpg 1086w, https:\/\/www.radiopiu.net\/wordpress\/wp-content\/uploads\/2022\/02\/locandina_libro_sara_agostini.jpg 1240w\" sizes=\"auto, (max-width: 212px) 100vw, 212px\" \/><\/a>BELLUNO<\/strong> La Biblioteca delle migrazioni &#8220;Dino Buzzati&#8221;, con il patrocinio dell&#8217;Associazione Bellunesi nel Mondo e l&#8217;Istituo ladino &#8220;Cesa de jan&#8221;, venerdi alle 17 presenta libro &#8220;Ballando bella bimba. Dalle Dolomiti alla Germania. Una storia di guerra, amore, emigrazione e riscatto&#8221;. Incontro\u00a0 in presenza nella Sala riunioni dell&#8217;Associazione Bellunesi nel Mondo (posti limitati, obbligatorio il Green pass rafforzato e mascherina FFP2) on line sul canale YouTube dell&#8217;Associazione Bellunesi nel Mondo: <a class=\"moz-txt-link-freetext\" href=\"https:\/\/youtu.be\/cwXWWpKMLPk\">https:\/\/youtu.be\/cwXWWpKMLPk<\/a> on line sulla pagina Facebook della Biblioteca delle migrazioni &#8220;Dino Buzzati&#8221;: <a class=\"moz-txt-link-freetext\" href=\"https:\/\/fb.me\/e\/5ZaSGGgJr\">https:\/\/fb.me\/e\/5ZaSGGgJr<\/a> Questo il programma: Patrizia Burigo, presidente del Comitato di gestione della Biblitoeca delle migrazioni &#8220;Dino Buzzati&#8221; &#8211; Denni Dorigo, direttore dell&#8217;Istituto ladino &#8220;Cesa de Jan&#8221;. Interventi Luciana Palla, curatrice della collana &#8220;Ladinsa da Souramont&#8221; e Sara Agostini, autrice del libro<\/p>\n<blockquote><p><i>La storia narrata in questo libro da Sara Agostini, originaria di Colle Santa Lucia, coprendo un periodo di tempo che va dalla met\u00e0 dell&#8217;Ottocento agli anni Ottanta del Novecento, racconta la vita nel piccolo comune ladino di Colle Santa Lucia, la Grande Guerra, l&#8217;opzione per il Reich del 1939, il secondo conflitto mondiale e il miracolo economico nella Germania postbellica, attraverso le avventure e i destini intrecciati di due famiglie, i Frena e i Kinne, e di un uomo una donna, Rodolfo ed Eleonora. <\/i><i>Rodolfo Frena, zio di Sara Agostini, nel secondo dopoguerra abbandona il paese natale di Colle Santa Lucia ed emigra in Germania a cercar fortuna. Sceso alla stazione di Monaco nel 1954, poco dopo incontra casualmente Eleonora, profuga proveniente dalla Slesia dalla quale la sua famiglia, insieme a tutto il gruppo di lingua tedesca, era stata cacciata con la fine dell&#8217;occupazione nazista della Polonia e il ritorno del paese in mano ai polacchi e contemporaneamente sotto l&#8217;occupazione russa. Tragedia terribile quella della famiglia Kinne, e di tante altre, epurazione etnica ancora poco nota al grande pubblico.\u00a0<\/i><i> Sara Agostini ricostruisce storicamente, ma con la leggerezza di un racconto, le tormentate esperienze di vita di Rodolfo ed Eleonora, entrambe persone &#8220;di confine&#8221; seppure provenienti uno dalle Dolomiti e l&#8217;altra dalle pianure della Slesia.\u00a0 Li unisce il desiderio di riscatto delle loro vite passate, la ricerca del successo nella Germania del miracolo economico, e naturalmente una storia d&#8217;amore tra due persone sradicate che si comprendono vicendevolmente.<\/i><\/p><\/blockquote>\n<p>&nbsp;<\/p>\n<p>&nbsp;<\/p>\n<hr \/>\n<p>&nbsp;<\/p>\n<blockquote>\n<h3>IN VAL DI ZOLDO CON IL CAI DI AGORDO<\/h3>\n<\/blockquote>\n<p><strong>AGORDO<\/strong> Domenica 13 febbraio il Cai di Agordo organizza un&#8217;escursione in Val di Zoldo. Lo Spiz de Zuel oltre ad essere uno splendido balcone sulla Val Zoldana e tutto il circondario, venne considerato un posto strategico per una eventuale guerra con l&#8217;Impero Austroungarico e perci\u00f2 fortificato. Salire quass\u00f9 in inverno significa anche immedesimarsi su quali potessero essere le condizioni di vita delle truppe durante quei lunghi e terribili inverni. Escursione classificata EAI -F. Obbligatorio kit di autosoccorso. Iscrizioni al 380 6983040 entro le 21 di stasera.<\/p>\n<p>&nbsp;<\/p>\n<p>&nbsp;<\/p>\n<hr \/>\n<p>&nbsp;<\/p>\n<blockquote>\n<h3>NATI PER LEGGERE&#8230; ON LINE<\/h3>\n<\/blockquote>\n<p><strong>FELTRE\u00a0<\/strong> Il Consultorio di Feltre\u00a0 propone ai neogenitori e ai futuri genitori\u00a0 delle letture ad alta voce,\u00a0 in modalit\u00e0 online con una lettrice esperta, Federica De\u00a0 Col che proporr\u00e0 a mamme e pap\u00e0 in attesa e ai genitori di bambini tra 0 e 12 mesi un ciclo di letture ad alta voce che si svolgeranno online nelle mattine, alle 10, oggi, mercoled\u00ec 23 febbraio e mercoled\u00ec 2 marzo con la partecipazione della ostetrica del consultorio Alba Agostinetto. Per partecipare si pu\u00f2 chiedere il link via mail a: alba.agostinetto@aulss1.veneto.it<\/p>\n<p>&nbsp;<\/p>\n<hr \/>\n<p>&nbsp;<\/p>\n<blockquote>\n<h3>VACCINAZIONI DELLE DONNE IN GRAVIDANZA<\/h3>\n<\/blockquote>\n<p><strong>BELLUNO\u00a0<\/strong> Proseguono le vaccinazioni delle donne in gravidanza dopo il percorso di counseling attivate dalle unit\u00e0 operative di ostetricia e ginecologia dell\u2019ulss Dolomiti. Ecco gli orari e i contatti a cui rivolgersi: Ospedale di Belluno \u2981 Counseling telefonico e prenotazioni: Luned\u00ec e gioved\u00ec dalle 12 alle 14 allo 0437\/516340 &#8211; Marted\u00ec dalle 18 alle 19 allo 0437\/516943 o alla mail ginecologia.bl@aulss1.veneto.it \u2981 vaccinazioni in reparto Marted\u00ec dalle 14.00 alle 16.00 &#8211; ambulatorio 5 Ospedale di Pieve di Cadore \u2981 Counseling telefonico e prenotazioni: Dal luned\u00ec al venerd\u00ec dalle14 alle 15 allo 0435\/341207\u2981 Vaccinazioni in reparto Gioved\u00ec dalle 11.00 alle 13.00 Ospedale di Feltre \u2981 Consulenze telefoniche Luned\u00ec, mercoled\u00ec e venerd\u00ec dalle 9 alle 10 allo 0439 883457 \u2981 Consulenze in presenza: Gioved\u00ec dalle 15.30 alle 17.30 prenotazione allo 0439 883497 o mail elda.cengia@aulss1.veneto.it \u2981 Confronto di gruppo in Gmeet: Mercoled\u00ec dalle 14.00 alle 15.00 prenotazione allo 0439 883497 o mail elda.cengia@aulss1.veneto.it \u2981 Vaccinazioni in reparto: Gioved\u00ec dalle 15.30 alle 17.30<\/p>\n<p>&nbsp;<\/p>\n<p>&nbsp;<\/p>\n<p>&nbsp;<\/p>\n<hr \/>\n<p>&nbsp;<\/p>\n<blockquote>\n<h3><span dir=\"ltr\" role=\"presentation\">CONCORSO, PER TITOLI ED ESAMI, PER L\u2019AMMISSIONE DI 66 ALLIEVI UFFICIALI<\/span><\/h3>\n<\/blockquote>\n<p><strong>BELLUNO<\/strong> <span dir=\"ltr\" role=\"presentation\">E&#8217; stato pubblicato il <\/span><span dir=\"ltr\" role=\"presentation\">concorso, per titoli ed esami, per l\u2019ammissione di 15 tenenti in servizio permanente effettivo<\/span><span dir=\"ltr\" role=\"presentation\">. <\/span><span dir=\"ltr\" role=\"presentation\">Possono partecipare al concorso i cittadini<\/span><span dir=\"ltr\" role=\"presentation\"> in possesso del diploma di istruzione secondaria di secondo grado, coloro che<\/span><span dir=\"ltr\" role=\"presentation\"> lo conseguano nell\u2019anno scolastico 2022\/2023; abbiano compiuto il 17\u00b0 anno e <\/span><span dir=\"ltr\" role=\"presentation\">non abbiano superato il 22\u00b0. <\/span><span dir=\"ltr\" role=\"presentation\">La domanda di partecipazione al concorso va presentata\u00a0 entro le ore 12 del 17 febbraio (<\/span><span dir=\"ltr\" role=\"presentation\">https:\/\/concorsi.gdf.gov.it.)<\/span><\/p>\n<p>&nbsp;<\/p>\n<p>&nbsp;<\/p>\n<hr \/>\n<p>&nbsp;<\/p>\n<blockquote>\n<h3>A LIMANA PER LA GIORNATA DEL RICORDO<\/h3>\n<\/blockquote>\n<p><strong>LIMANA <\/strong><span class=\"s1\">Il Comune di Limana, Assessorato alla Cultura e Biblioteca Comunale, in collaborazione con l&#8217;Associazione Culturale Teatro Laboratorio di Brescia, in occasione della Giornata del Ricordo, \u00e8 lieto di presentare: <\/span><span class=\"s1\">OGGI alle 20.30 &#8220;Sorelle. Una storia per ricordare la tragedia delle Foibe&#8221;, rappresentazione teatrale<\/span><span class=\"s1\">\u00a0presso la sala Luigi Nocivelli, ingresso dietro la Biblioteca Comunale di Limana, Via Ruggero Fiabane n. 3.<\/span><\/p>\n<p>&nbsp;<\/p>\n<p>&nbsp;<\/p>\n<p>&nbsp;<\/p>\n<hr \/>\n<p>&nbsp;<\/p>\n<blockquote>\n<h3>PER SAN VALENTINO LE FOCACCE SOLIDALI DI INSIEME SI PU\u00d2<\/h3>\n<\/blockquote>\n<p><strong><a href=\"https:\/\/www.radiopiu.net\/wordpress\/giornale-radiopiu-07-febbraio-2022-direttore-mirko-mezzacasa\/spose-bambine-tapac\/\" rel=\"attachment wp-att-258110\"><img loading=\"lazy\" decoding=\"async\" class=\"size-medium wp-image-258110 alignleft\" src=\"https:\/\/www.radiopiu.net\/wordpress\/wp-content\/uploads\/2022\/02\/spose-bambine-tapac-300x200.jpg\" alt=\"\" width=\"300\" height=\"200\" srcset=\"https:\/\/www.radiopiu.net\/wordpress\/wp-content\/uploads\/2022\/02\/spose-bambine-tapac-300x200.jpg 300w, https:\/\/www.radiopiu.net\/wordpress\/wp-content\/uploads\/2022\/02\/spose-bambine-tapac-1024x683.jpg 1024w, https:\/\/www.radiopiu.net\/wordpress\/wp-content\/uploads\/2022\/02\/spose-bambine-tapac-768x512.jpg 768w, https:\/\/www.radiopiu.net\/wordpress\/wp-content\/uploads\/2022\/02\/spose-bambine-tapac-1536x1024.jpg 1536w, https:\/\/www.radiopiu.net\/wordpress\/wp-content\/uploads\/2022\/02\/spose-bambine-tapac-2048x1365.jpg 2048w\" sizes=\"auto, (max-width: 300px) 100vw, 300px\" \/><\/a>BELLUNO <\/strong>Per un San Valentino speciale ognuno pu\u00f2 contribuire a sostenere il progetto di protezione e formazione di 22 spose bambine in Uganda. Come? Donando alle persone a cui vogliamo pi\u00f9 bene la focaccia artigianale a forma di cuore del Panificio Dino Lavina di Borsoi d\u2019Alpago, accompagnata da una mollettina creata dal Laboratorio Per<em>la<\/em>Luna della cooperativa sociale PiPr\u00f2 onlus (TO). La confezione si pu\u00f2 acquistare presso la nuova sede di Insieme si pu\u00f2 in Piazzetta Bivio, 4 a Ponte nelle Alpi da luned\u00ec 7 febbraio, con un\u2019offerta libera a partire da 15 euro; entro mercoled\u00ec 9 febbraio se ne pu\u00f2 anche richiedere la spedizione attraverso pacco postale, con un costo aggiuntivo di 3 euro. Per qualsiasi informazione o per prenotare la confezione basta telefonare al numero 0437 291298, mandare un messaggio WhatsApp al numero 331 2122296 oppure scrivere una mail all\u2019indirizzo <a href=\"mailto:info@365giorni.org\">info@365giorni.org<\/a><\/p>\n<p>&nbsp;<\/p>\n<p>&nbsp;<\/p>\n<hr \/>\n<p>&nbsp;<\/p>\n<blockquote>\n<h3>RADIO PIU&#8217; ALLA CONFERENZA STAMPA DI MARGHERA&#8230; DA LUCA ZAIA<\/h3>\n<\/blockquote>\n\n\t\t\t<style type='text\/css'>\n\t\t\t\t#gallery-4 {\n\t\t\t\t\tmargin: auto;\n\t\t\t\t}\n\t\t\t\t#gallery-4 .gallery-item {\n\t\t\t\t\tfloat: left;\n\t\t\t\t\tmargin-top: 10px;\n\t\t\t\t\ttext-align: center;\n\t\t\t\t\twidth: 50%;\n\t\t\t\t}\n\t\t\t\t#gallery-4 img {\n\t\t\t\t\tborder: 2px solid #cfcfcf;\n\t\t\t\t}\n\t\t\t\t#gallery-4 .gallery-caption {\n\t\t\t\t\tmargin-left: 0;\n\t\t\t\t}\n\t\t\t\t\/* see gallery_shortcode() in wp-includes\/media.php *\/\n\t\t\t<\/style>\n\t\t<div id='gallery-4' class='dt-gallery-container gallery galleryid-258451 gallery-columns-2 gallery-size-thumbnail'><dl class='gallery-item'>\n\t\t\t\t<dt class='gallery-icon landscape'>\n\t\t\t\t\t<a class=\"rollover rollover-zoom dt-pswp-item\" title=\"f85c0a5a-a719-4ac2-8ca1-dcbd53a6a5e9\" data-dt-img-description=\"\" data-large_image_width=\"1600\" data-large_image_height=\"1200\"href='https:\/\/www.radiopiu.net\/wordpress\/wp-content\/uploads\/2022\/02\/f85c0a5a-a719-4ac2-8ca1-dcbd53a6a5e9.jpg'><img loading=\"lazy\" decoding=\"async\" width=\"150\" height=\"150\" src=\"https:\/\/www.radiopiu.net\/wordpress\/wp-content\/uploads\/2022\/02\/f85c0a5a-a719-4ac2-8ca1-dcbd53a6a5e9-150x150.jpg\" class=\"attachment-thumbnail size-thumbnail\" alt=\"\" \/><\/a>\n\t\t\t\t<\/dt><\/dl><dl class='gallery-item'>\n\t\t\t\t<dt class='gallery-icon landscape'>\n\t\t\t\t\t<a class=\"rollover rollover-zoom dt-pswp-item\" title=\"708784ee-c05a-42b3-a155-59505d26d55c\" data-dt-img-description=\"\" data-large_image_width=\"1920\" data-large_image_height=\"1080\"href='https:\/\/www.radiopiu.net\/wordpress\/wp-content\/uploads\/2022\/02\/708784ee-c05a-42b3-a155-59505d26d55c.jpg'><img loading=\"lazy\" decoding=\"async\" width=\"150\" height=\"150\" src=\"https:\/\/www.radiopiu.net\/wordpress\/wp-content\/uploads\/2022\/02\/708784ee-c05a-42b3-a155-59505d26d55c-150x150.jpg\" class=\"attachment-thumbnail size-thumbnail\" alt=\"\" aria-describedby=\"gallery-4-258683\" \/><\/a>\n\t\t\t\t<\/dt>\n\t\t\t\t\t<dd class='wp-caption-text gallery-caption' id='gallery-4-258683'>\n\t\t\t\t\tCORRIERE DELLE ALPI\n\t\t\t\t\t<\/dd><\/dl><br style=\"clear: both\" \/><dl class='gallery-item'>\n\t\t\t\t<dt class='gallery-icon landscape'>\n\t\t\t\t\t<a class=\"rollover rollover-zoom dt-pswp-item\" title=\"b4632d4a-294d-4da9-8a70-0bcb9e63faa6\" data-dt-img-description=\"\" data-large_image_width=\"1920\" data-large_image_height=\"1080\"href='https:\/\/www.radiopiu.net\/wordpress\/wp-content\/uploads\/2022\/02\/b4632d4a-294d-4da9-8a70-0bcb9e63faa6-1.jpg'><img loading=\"lazy\" decoding=\"async\" width=\"150\" height=\"150\" src=\"https:\/\/www.radiopiu.net\/wordpress\/wp-content\/uploads\/2022\/02\/b4632d4a-294d-4da9-8a70-0bcb9e63faa6-1-150x150.jpg\" class=\"attachment-thumbnail size-thumbnail\" alt=\"\" aria-describedby=\"gallery-4-258693\" \/><\/a>\n\t\t\t\t<\/dt>\n\t\t\t\t\t<dd class='wp-caption-text gallery-caption' id='gallery-4-258693'>\n\t\t\t\t\tCORRIERE DELLE ALPI\n\t\t\t\t\t<\/dd><\/dl><dl class='gallery-item'>\n\t\t\t\t<dt class='gallery-icon landscape'>\n\t\t\t\t\t<a class=\"rollover rollover-zoom dt-pswp-item\" title=\"8467dbcd-6196-4ba5-aba1-5b95bcfe9e38\" data-dt-img-description=\"\" data-large_image_width=\"1920\" data-large_image_height=\"1080\"href='https:\/\/www.radiopiu.net\/wordpress\/wp-content\/uploads\/2022\/02\/8467dbcd-6196-4ba5-aba1-5b95bcfe9e38-1.jpg'><img loading=\"lazy\" decoding=\"async\" width=\"150\" height=\"150\" src=\"https:\/\/www.radiopiu.net\/wordpress\/wp-content\/uploads\/2022\/02\/8467dbcd-6196-4ba5-aba1-5b95bcfe9e38-1-150x150.jpg\" class=\"attachment-thumbnail size-thumbnail\" alt=\"\" aria-describedby=\"gallery-4-258694\" \/><\/a>\n\t\t\t\t<\/dt>\n\t\t\t\t\t<dd class='wp-caption-text gallery-caption' id='gallery-4-258694'>\n\t\t\t\t\tGAZZETTINO\n\t\t\t\t\t<\/dd><\/dl><br style=\"clear: both\" \/><dl class='gallery-item'>\n\t\t\t\t<dt class='gallery-icon portrait'>\n\t\t\t\t\t<a class=\"rollover rollover-zoom dt-pswp-item\" title=\"eff58f5e-987a-4d27-a414-65eae00d640f\" data-dt-img-description=\"\" data-large_image_width=\"1080\" data-large_image_height=\"1920\"href='https:\/\/www.radiopiu.net\/wordpress\/wp-content\/uploads\/2022\/02\/eff58f5e-987a-4d27-a414-65eae00d640f.jpg'><img loading=\"lazy\" decoding=\"async\" width=\"150\" height=\"150\" src=\"https:\/\/www.radiopiu.net\/wordpress\/wp-content\/uploads\/2022\/02\/eff58f5e-987a-4d27-a414-65eae00d640f-150x150.jpg\" class=\"attachment-thumbnail size-thumbnail\" alt=\"\" aria-describedby=\"gallery-4-258684\" \/><\/a>\n\t\t\t\t<\/dt>\n\t\t\t\t\t<dd class='wp-caption-text gallery-caption' id='gallery-4-258684'>\n\t\t\t\t\tGAZZETTINO\n\t\t\t\t\t<\/dd><\/dl>\n\t\t\t\t<br style='clear: both' \/>\n\t\t\t<\/div>\n\n<p>&nbsp;<\/p>\n<p>&nbsp;<\/p>\n<hr \/>\n<p>&nbsp;<\/p>\n<h2><span style=\"color: #ff0000;\">IERI ALLA RADIO\u00a0\u00a0<\/span><\/h2>\n<h2><span style=\"color: #808000;\">ALLO ZERO TERMICO: GIANLUCA ROSSI DI DOLOMITI BEER&amp;WINE SHOP<\/span><\/h2>\n<blockquote><p><em><a href=\"https:\/\/www.radiopiu.net\/wordpress\/dolomiti-beerwine-shop-da-napi-il-nuovo-negozio-di-taibon\/dolomiti-beer\/\" rel=\"attachment wp-att-139660\"><img loading=\"lazy\" decoding=\"async\" class=\" wp-image-139660 alignleft\" src=\"https:\/\/www.radiopiu.net\/wordpress\/wp-content\/uploads\/2020\/05\/DOLOMITI-BEER-300x166.png\" alt=\"\" width=\"213\" height=\"118\" srcset=\"https:\/\/www.radiopiu.net\/wordpress\/wp-content\/uploads\/2020\/05\/DOLOMITI-BEER-300x166.png 300w, https:\/\/www.radiopiu.net\/wordpress\/wp-content\/uploads\/2020\/05\/DOLOMITI-BEER-768x426.png 768w, https:\/\/www.radiopiu.net\/wordpress\/wp-content\/uploads\/2020\/05\/DOLOMITI-BEER.png 812w\" sizes=\"auto, (max-width: 213px) 100vw, 213px\" \/><\/a>ZERO TERMICO E\u2019 UN VIAGGIO ALLA SCOPERTA DEL NOSTRO TERRITORIO, DALLA VOCE DEI PROTAGONISTI. TURISMO, SPORT, EVENTI, CULTURA, INTRATTENIMENTO. DAL LUNEDI\u2019 AL VENERDI ALLE 15.10 ALLE 20.30. ZERO TERMICO. UN APPUNTAMENTO IN COLLABORAZIONE CON: SPORT 203. LA NATURALE PORTA D\u2019INGRESSO\u2026.VERSO LO ZERO TERMICO. LOCALITA\u2019 LE CAMPE STRADA AGORDO BELLUNO. ABBIGLIAMENTO E ATTREZZATURA\u2026.DEDICATI A CHI AMA LA MONTAGNA.<\/em><\/p><\/blockquote>\n<p><strong>di Claudio Fontanive PUNTATA 22, <\/strong><strong>GIANLUCA ROSSI DOLOMITI BEER&amp;WINE SHOP<\/strong><\/p>\n<p>AUDIO<\/p>\n<audio class=\"wp-audio-shortcode\" id=\"audio-258451-10\" preload=\"none\" style=\"width: 100%;\" controls=\"controls\"><source type=\"audio\/mpeg\" src=\"https:\/\/www.radiopiu.net\/wordpress\/wp-content\/uploads\/2022\/02\/gianclusa-rossi-8-febbraio.mp3?_=10\" \/><a href=\"https:\/\/www.radiopiu.net\/wordpress\/wp-content\/uploads\/2022\/02\/gianclusa-rossi-8-febbraio.mp3\">https:\/\/www.radiopiu.net\/wordpress\/wp-content\/uploads\/2022\/02\/gianclusa-rossi-8-febbraio.mp3<\/a><\/audio>\n<p>&nbsp;<\/p>\n<hr \/>\n<p>&nbsp;<\/p>\n<p><strong>TUTTI I LUNEDI ALLE 10,30 E 1900, LA DOMENICA ALLE 8 007 IN CONDOTTA, LA SCUOLA CON LA PROF. MARIA ROSA SALMAZO E CLAUDIO FONTANIVE, IN PODCAST TUTTE LE PUNTATE DELLE ULTIME STAGIONI.<\/strong><\/p>\n<p>&nbsp;<\/p>\n<blockquote class=\"wp-embedded-content\" data-secret=\"HsARzXE3zP\"><p><a href=\"https:\/\/www.radiopiu.net\/wordpress\/007incondotta-9\/\">007 in condotta<\/a><\/p><\/blockquote>\n<p><iframe loading=\"lazy\" class=\"wp-embedded-content\" sandbox=\"allow-scripts\" security=\"restricted\" style=\"position: absolute; clip: rect(1px, 1px, 1px, 1px);\" title=\"&#8220;007 in condotta&#8221; &#8212; Radio Pi\u00f9\" src=\"https:\/\/www.radiopiu.net\/wordpress\/007incondotta-9\/embed\/#?secret=HsARzXE3zP\" data-secret=\"HsARzXE3zP\" width=\"600\" height=\"338\" frameborder=\"0\" marginwidth=\"0\" marginheight=\"0\" scrolling=\"no\"><\/iframe><\/p>\n<p>&nbsp;<\/p>\n<p>&nbsp;<\/p>\n<hr \/>\n<p>&nbsp;<\/p>\n<p>&nbsp;<\/p>\n<blockquote class=\"wp-embedded-content\" data-secret=\"eLki2m75hD\"><p><a href=\"https:\/\/www.radiopiu.net\/wordpress\/raccoltaso1\/\">LA RACCOLTA: 160 BATTUTE&#8230;SMS IN RIVA, di Sostene Schena<\/a><\/p><\/blockquote>\n<p><iframe loading=\"lazy\" class=\"wp-embedded-content\" sandbox=\"allow-scripts\" security=\"restricted\" style=\"position: absolute; clip: rect(1px, 1px, 1px, 1px);\" title=\"&#8220;LA RACCOLTA: 160 BATTUTE&#8230;SMS IN RIVA, di Sostene Schena&#8221; &#8212; Radio Pi\u00f9\" src=\"https:\/\/www.radiopiu.net\/wordpress\/raccoltaso1\/embed\/#?secret=eLki2m75hD\" data-secret=\"eLki2m75hD\" width=\"600\" height=\"338\" frameborder=\"0\" marginwidth=\"0\" marginheight=\"0\" scrolling=\"no\"><\/iframe><\/p>\n<p>&nbsp;<\/p>\n<hr \/>\n<p>&nbsp;<\/p>\n<div>\n<div class=\"b654a4as d2edcug0\">\n<div class=\"rq0escxv hkbzh7o3 jwdofwj8 n8tt0mok r8blr3vg hyh9befq\">\n<p><a class=\"dt-pswp-item\" href=\"https:\/\/www.radiopiu.net\/wordpress\/wp-content\/uploads\/2020\/10\/pp.jpg\" data-dt-img-description=\"\" data-large_image_width=\"640\" data-large_image_height=\"640\"><img loading=\"lazy\" decoding=\"async\" class=\"wp-image-163678 alignleft\" src=\"https:\/\/www.radiopiu.net\/wordpress\/wp-content\/uploads\/2020\/10\/pp-300x300.jpg\" alt=\"\" width=\"106\" height=\"106\" srcset=\"https:\/\/www.radiopiu.net\/wordpress\/wp-content\/uploads\/2020\/10\/pp-300x300.jpg 300w, https:\/\/www.radiopiu.net\/wordpress\/wp-content\/uploads\/2020\/10\/pp-150x150.jpg 150w, https:\/\/www.radiopiu.net\/wordpress\/wp-content\/uploads\/2020\/10\/pp-125x125.jpg 125w, https:\/\/www.radiopiu.net\/wordpress\/wp-content\/uploads\/2020\/10\/pp-200x200.jpg 200w, https:\/\/www.radiopiu.net\/wordpress\/wp-content\/uploads\/2020\/10\/pp-80x80.jpg 80w, https:\/\/www.radiopiu.net\/wordpress\/wp-content\/uploads\/2020\/10\/pp-480x480.jpg 480w, https:\/\/www.radiopiu.net\/wordpress\/wp-content\/uploads\/2020\/10\/pp.jpg 640w\" sizes=\"auto, (max-width: 106px) 100vw, 106px\" \/><\/a><\/p>\n<\/div>\n<\/div>\n<\/div>\n<div>\n<div class=\"page-title-head hgroup\">\n<div class=\"page-title-head hgroup\">\n<div class=\"b654a4as d2edcug0\">\n<div class=\"j83agx80 btwxx1t3 lhclo0ds hop8lmos nkwizq5d scwd0bx6 roh60bw9\">\n<div class=\"rq0escxv hkbzh7o3 jwdofwj8 n8tt0mok r8blr3vg hyh9befq\">\n<div class=\"do00u71z l9j0dhe7 k4urcfbm\">\n<h2><span style=\"color: #000080;\">\u00a0<\/span><span style=\"color: #000080;\">DON CESARE, IL PENSIERO DEL GIORNO. ALLA RADIO ALLE 7 DEL MATTINO E ALLE 19.30 DELLA SERA.<\/span><\/h2>\n<\/div>\n<div class=\"do00u71z l9j0dhe7 k4urcfbm\">\n<audio class=\"wp-audio-shortcode\" id=\"audio-258451-11\" preload=\"none\" style=\"width: 100%;\" controls=\"controls\"><source type=\"audio\/mpeg\" src=\"https:\/\/www.radiopiu.net\/wordpress\/wp-content\/uploads\/2022\/02\/cesare-5.mp3?_=11\" \/><a href=\"https:\/\/www.radiopiu.net\/wordpress\/wp-content\/uploads\/2022\/02\/cesare-5.mp3\">https:\/\/www.radiopiu.net\/wordpress\/wp-content\/uploads\/2022\/02\/cesare-5.mp3<\/a><\/audio>\n<p>&nbsp;<\/p>\n<hr \/>\n<p>&nbsp;<\/p>\n<h3 class=\"kvgmc6g5 cxmmr5t8 oygrvhab hcukyx3x c1et5uql\"><span style=\"color: #0000ff;\"><strong>INFORMAZIONE il canale su TELEGRAM informazione di prima mano e in tempo reale. iscriviti ed aiutaci a farlo conoscere\u00a0\u00a0<\/strong><\/span><\/h3>\n<p>&nbsp;<\/p>\n<p>&nbsp;<\/p>\n<hr \/>\n<p>&nbsp;<\/p>\n<div class=\"do00u71z l9j0dhe7 k4urcfbm\">\n<div>\n<div class=\"page-title-head hgroup\">\n<div class=\"page-title-head hgroup\">\n<div class=\"b654a4as d2edcug0\">\n<div class=\"j83agx80 btwxx1t3 lhclo0ds hop8lmos nkwizq5d scwd0bx6 roh60bw9\">\n<div class=\"rq0escxv hkbzh7o3 jwdofwj8 n8tt0mok r8blr3vg hyh9befq\">\n<div class=\"do00u71z l9j0dhe7 k4urcfbm\">\n<div class=\"page-title-head hgroup\">\n<div class=\"page-title-head hgroup\">\n<div class=\"b654a4as d2edcug0\">\n<div class=\"j83agx80 btwxx1t3 lhclo0ds hop8lmos nkwizq5d scwd0bx6 roh60bw9\">\n<div class=\"rq0escxv hkbzh7o3 jwdofwj8 n8tt0mok r8blr3vg hyh9befq\">\n<div class=\"do00u71z l9j0dhe7 k4urcfbm\">\n<div class=\"ecm0bbzt e5nlhep0 a8c37x1j\">\n<div class=\"kvgmc6g5 cxmmr5t8 oygrvhab hcukyx3x c1et5uql\">\n<div class=\"gmail-kvgmc6g5 gmail-cxmmr5t8 gmail-oygrvhab gmail-hcukyx3x gmail-c1et5uql gmail-ii04i59q\">\n<div class=\"page-title-head hgroup\">\n<div class=\"page-title-head hgroup\">\n<div class=\"b654a4as d2edcug0\">\n<div class=\"j83agx80 btwxx1t3 lhclo0ds hop8lmos nkwizq5d scwd0bx6 roh60bw9\">\n<div class=\"rq0escxv hkbzh7o3 jwdofwj8 n8tt0mok r8blr3vg hyh9befq\">\n<div class=\"do00u71z l9j0dhe7 k4urcfbm\">\n<div class=\"page-title-head hgroup\">\n<div class=\"page-title-head hgroup\">\n<div class=\"b654a4as d2edcug0\">\n<div class=\"j83agx80 btwxx1t3 lhclo0ds hop8lmos nkwizq5d scwd0bx6 roh60bw9\">\n<div class=\"rq0escxv hkbzh7o3 jwdofwj8 n8tt0mok r8blr3vg hyh9befq\">\n<div class=\"do00u71z l9j0dhe7 k4urcfbm\">\n<div>\n<div class=\"page-title-head hgroup\">\n<div class=\"page-title-head hgroup\">\n<div class=\"b654a4as d2edcug0\">\n<div class=\"j83agx80 btwxx1t3 lhclo0ds hop8lmos nkwizq5d scwd0bx6 roh60bw9\">\n<div class=\"rq0escxv hkbzh7o3 jwdofwj8 n8tt0mok r8blr3vg hyh9befq\">\n<div class=\"do00u71z l9j0dhe7 k4urcfbm\">\n<div class=\"ecm0bbzt e5nlhep0 a8c37x1j\">\n<div class=\"kvgmc6g5 cxmmr5t8 oygrvhab hcukyx3x c1et5uql\">\n<div class=\"gmail-kvgmc6g5 gmail-cxmmr5t8 gmail-oygrvhab gmail-hcukyx3x gmail-c1et5uql gmail-ii04i59q\">\n<div class=\"page-title-head hgroup\">\n<div class=\"page-title-head hgroup\">\n<div class=\"b654a4as d2edcug0\">\n<div class=\"j83agx80 btwxx1t3 lhclo0ds hop8lmos nkwizq5d scwd0bx6 roh60bw9\">\n<div class=\"rq0escxv hkbzh7o3 jwdofwj8 n8tt0mok r8blr3vg hyh9befq\">\n<div class=\"do00u71z l9j0dhe7 k4urcfbm\">\n<blockquote>\n<h3><span style=\"color: #ff0000;\">IN VIVO VERSO, SETTIMA STAGIONE CON BRUNELLA MORO, DAL LUNEDI AL VENERDI ALLE 7.10, 10.10 E 18.50\u00a0\u00a0<\/span><\/h3>\n<h3>BENEDIZIONE di CHIARA SBRISSA<\/h3>\n<\/blockquote>\n<p><strong>AUDIO<\/strong><\/p>\n<audio class=\"wp-audio-shortcode\" id=\"audio-258451-12\" preload=\"none\" style=\"width: 100%;\" controls=\"controls\"><source type=\"audio\/mpeg\" src=\"https:\/\/www.radiopiu.net\/wordpress\/wp-content\/uploads\/2022\/02\/02-CHIARA-SBRISSA-BENEDIZIONE-.mp3?_=12\" \/><a href=\"https:\/\/www.radiopiu.net\/wordpress\/wp-content\/uploads\/2022\/02\/02-CHIARA-SBRISSA-BENEDIZIONE-.mp3\">https:\/\/www.radiopiu.net\/wordpress\/wp-content\/uploads\/2022\/02\/02-CHIARA-SBRISSA-BENEDIZIONE-.mp3<\/a><\/audio>\n<p><strong><img loading=\"lazy\" decoding=\"async\" class=\"alignleft\" src=\"https:\/\/www.radiopiu.net\/wordpress\/wp-content\/uploads\/2022\/02\/2-CHIARA-SBRISSA-300x300.jpg\" width=\"187\" height=\"187\" \/>BENEDIZIONE<\/strong><\/p>\n<p>Sospesa in un incanto di rami,<br \/>\nluce che colora d&#8217;ambra l&#8217;erba leggera<br \/>\nstringi fra le mani petali d&#8217;amore.<\/p>\n<p>Hai conosciuto l&#8217;ombra lunga dei faggi .<br \/>\nLa pioggia scaraventata su guance di vetro,<br \/>\nmescolata alle tue lacrime ardenti<br \/>\ndel dolore che brucia,<br \/>\ncontorce lo stomaco,<br \/>\nraschia il cemento.<br \/>\nScalpello impetuoso dell&#8217;anima<br \/>\nha deragliato il tuo binario dorato,<br \/>\nsorpresa da colpi del vento<br \/>\nche nulla risparmia,<br \/>\ninciampasti nel bosco esanime.<br \/>\nIl tuo respiro su ruvida corteccia,<br \/>\nil tuo sangue su terra umida,<br \/>\nsulla tua schiena prismi di acciaio<br \/>\nschegge di bronzo nelle dita bianche.<\/p>\n<p>Ma hai alzato il capo.<br \/>\nIl tuo sguardo appeso su di una scintilla<br \/>\nche sei riuscita ad aprire in un varco,<br \/>\nsprigionando la luce piu&#8217; bella,<br \/>\ncascata di raggi benefici.<\/p>\n<p>Donna,<br \/>\nil tuo coraggio ha salvato il mondo<br \/>\nin un canto d&#8217;amore<\/p>\n<p>&nbsp;<\/p>\n<p><strong>LA RACCOLTA COMPLETA\u00a0 \u00a0<\/strong><\/p>\n<blockquote class=\"wp-embedded-content\" data-secret=\"8Bqep5dCQp\"><p><a href=\"https:\/\/www.radiopiu.net\/wordpress\/in-vivo-verso\/\">In Vivo Verso<\/a><\/p><\/blockquote>\n<p><iframe loading=\"lazy\" class=\"wp-embedded-content\" sandbox=\"allow-scripts\" security=\"restricted\" style=\"position: absolute; clip: rect(1px, 1px, 1px, 1px);\" title=\"&#8220;In Vivo Verso&#8221; &#8212; Radio Pi\u00f9\" src=\"https:\/\/www.radiopiu.net\/wordpress\/in-vivo-verso\/embed\/#?secret=8Bqep5dCQp\" data-secret=\"8Bqep5dCQp\" width=\"600\" height=\"338\" frameborder=\"0\" marginwidth=\"0\" marginheight=\"0\" scrolling=\"no\"><\/iframe><\/p>\n<p>&nbsp;<\/p>\n<hr \/>\n<p>&nbsp;<\/p>\n<h2><span style=\"color: #808000;\">GOCCE DI FILOSOFIA<\/span><\/h2>\n<p><strong>AUDIO PUNTATA 132\u00a0 la settimana con CHIARA CAU<\/strong><\/p>\n<audio class=\"wp-audio-shortcode\" id=\"audio-258451-13\" preload=\"none\" style=\"width: 100%;\" controls=\"controls\"><source type=\"audio\/mpeg\" src=\"https:\/\/www.radiopiu.net\/wordpress\/wp-content\/uploads\/2022\/02\/FI2.mp3?_=13\" \/><a href=\"https:\/\/www.radiopiu.net\/wordpress\/wp-content\/uploads\/2022\/02\/FI2.mp3\">https:\/\/www.radiopiu.net\/wordpress\/wp-content\/uploads\/2022\/02\/FI2.mp3<\/a><\/audio>\n<p>&nbsp;<\/p>\n<p><strong>raccolta completa<\/strong><\/p>\n<blockquote class=\"wp-embedded-content\" data-secret=\"tR1myJ7ehy\"><p><a href=\"https:\/\/www.radiopiu.net\/wordpress\/gocce-filosofia\/\">Gocce di filosofia, PRIMA E SECONDA STAGIONE 2022<\/a><\/p><\/blockquote>\n<p><iframe loading=\"lazy\" class=\"wp-embedded-content\" sandbox=\"allow-scripts\" security=\"restricted\" style=\"position: absolute; clip: rect(1px, 1px, 1px, 1px);\" title=\"&#8220;Gocce di filosofia, PRIMA E SECONDA STAGIONE 2022&#8221; &#8212; Radio Pi\u00f9\" src=\"https:\/\/www.radiopiu.net\/wordpress\/gocce-filosofia\/embed\/#?secret=tR1myJ7ehy\" data-secret=\"tR1myJ7ehy\" width=\"600\" height=\"338\" frameborder=\"0\" marginwidth=\"0\" marginheight=\"0\" scrolling=\"no\"><\/iframe><\/p>\n<p>&nbsp;<\/p>\n<hr \/>\n<p>&nbsp;<\/p>\n<p><span style=\"color: #0000ff;\">MUSICA PIU&#8217;\u00a0<\/span><\/p>\n<p><a href=\"https:\/\/www.radiopiu.net\/wordpress\/giornale-radiopiu-20-settembre-2021-direttore-mirko-mezzacasa\/pp-79\/\" rel=\"attachment wp-att-232921\"><img loading=\"lazy\" decoding=\"async\" class=\"wp-image-232921 alignleft\" src=\"https:\/\/www.radiopiu.net\/wordpress\/wp-content\/uploads\/2021\/09\/pp-1-300x300.jpg\" alt=\"\" width=\"135\" height=\"135\" srcset=\"https:\/\/www.radiopiu.net\/wordpress\/wp-content\/uploads\/2021\/09\/pp-1-300x300.jpg 300w, https:\/\/www.radiopiu.net\/wordpress\/wp-content\/uploads\/2021\/09\/pp-1-150x150.jpg 150w, https:\/\/www.radiopiu.net\/wordpress\/wp-content\/uploads\/2021\/09\/pp-1.jpg 640w\" sizes=\"auto, (max-width: 135px) 100vw, 135px\" \/><\/a><\/p>\n<div class=\"mkdf-post-text\">\n<div class=\"mkdf-post-text-inner\">\n<div class=\"mkdf-post-text-main\">\n<div class=\"mkdf-post-text\">\n<div class=\"mkdf-post-text-inner\">\n<div class=\"mkdf-post-text-main\">\n<div class=\"mkdf-post-text\">\n<div class=\"mkdf-post-text-inner\">\n<div class=\"mkdf-post-text-main\">\n<div class=\"page-title-head hgroup\">\n<div class=\"page-title-head hgroup\">\n<div class=\"mkdf-post-text\">\n<div class=\"mkdf-post-text-inner\">\n<div class=\"mkdf-post-text-main\">\n<div class=\"mkdf-post-text\">\n<div class=\"mkdf-post-text-inner\">\n<div class=\"mkdf-post-text-main\">\n<div class=\"page-title-head hgroup\">\n<div class=\"page-title-head hgroup\">\n<div class=\"page-title-head hgroup\">\n<div class=\"page-title-head hgroup\">\n<div class=\"b654a4as d2edcug0\">\n<div class=\"page-title-head hgroup\">\n<div class=\"page-title-head hgroup\">\n<div class=\"page-title-head hgroup\">\n<div class=\"page-title-head hgroup\">\n<div class=\"b654a4as d2edcug0\">\n<div class=\"page-title-head hgroup\">\n<div class=\"page-title-head hgroup\">\n<div class=\"page-title-head hgroup\">\n<div class=\"page-title-head hgroup\">\n<div class=\"b654a4as d2edcug0\">\n<div class=\"mkdf-post-text\">\n<div class=\"mkdf-post-text-inner\">\n<div class=\"mkdf-post-text-main\">\n<div class=\"mkdf-post-text\">\n<div class=\"mkdf-post-text-inner\">\n<div class=\"mkdf-post-text-main\">\n<div class=\"mkdf-post-text\">\n<div class=\"mkdf-post-text-inner\">\n<div class=\"mkdf-post-text-main\">\n<div class=\"page-title-head hgroup\">\n<div class=\"page-title-head hgroup\">\n<div class=\"mkdf-post-text\">\n<div class=\"mkdf-post-text-inner\">\n<div class=\"mkdf-post-text-main\">\n<div class=\"mkdf-post-text\">\n<div class=\"mkdf-post-text-inner\">\n<div class=\"mkdf-post-text-main\">\n<div class=\"page-title-head hgroup\">\n<div class=\"page-title-head hgroup\">\n<div class=\"page-title-head hgroup\">\n<div class=\"page-title-head hgroup\">\n<div class=\"b654a4as d2edcug0\">\n<div class=\"page-title-head hgroup\">\n<div class=\"page-title-head hgroup\">\n<div class=\"page-title-head hgroup\">\n<div class=\"page-title-head hgroup\">\n<div class=\"b654a4as d2edcug0\">\n<div class=\"page-title-head hgroup\">\n<div class=\"page-title-head hgroup\">\n<div class=\"page-title-head hgroup\">\n<div class=\"page-title-head hgroup\">\n<div class=\"b654a4as d2edcug0\">\n<div><\/div>\n<div><\/div>\n<div>\n<p><strong>MUSICA ALLA RADIO, IL PROGRAMMA DI LORIS SCUSSEL &#8220;COLLAGE OPERAZIONE NOSTALGIA&#8221; DAL LUNEDI AL VENERDI ALLE 16.00\u00a0 E ALLE 23\u00a0<\/strong><\/p>\n<\/div>\n<p><strong>\u00a0\u00a0<\/strong><\/p>\n<p><strong>PUNTATA 537 DEL 08 FEBBRAIO 2022<\/strong><\/p>\n<audio class=\"wp-audio-shortcode\" id=\"audio-258451-14\" preload=\"none\" style=\"width: 100%;\" controls=\"controls\"><source type=\"audio\/mpeg\" src=\"https:\/\/www.radiopiu.net\/wordpress\/wp-content\/uploads\/2022\/02\/Collage-537.mp3?_=14\" \/><a href=\"https:\/\/www.radiopiu.net\/wordpress\/wp-content\/uploads\/2022\/02\/Collage-537.mp3\">https:\/\/www.radiopiu.net\/wordpress\/wp-content\/uploads\/2022\/02\/Collage-537.mp3<\/a><\/audio>\n<p>&nbsp;<\/p>\n<blockquote>\n<h3><span style=\"font-size: medium;\"><img loading=\"lazy\" decoding=\"async\" class=\"alignleft\" src=\"https:\/\/www.radiopiu.net\/wordpress\/wp-content\/uploads\/2022\/02\/7-Cher-Ma-Piano-Nel-Mio-Cielo.jpg\" width=\"227\" height=\"149\" \/>Canzoni che avevamo quasi dimenticato a COLLAGE OPERAZIONE NOSTALGIA.<\/span><\/h3>\n<\/blockquote>\n<p><a name=\"Bookmark\"><\/a><span style=\"font-size: medium;\">Marted\u00ec andr\u00e0 in onda una puntata dedicata alle canzoni meno famose a \u201cCollage operazione nostalgia\u201d mentre la settimana si svilupper\u00e0 nella consueta alternanza tra successi italiani e internazionali strizzando l\u2019occhio alla musica degli anni 50\/60 senza scordare il primo rock progressive italiano degli anni 70.<\/span><\/p>\n<p>&nbsp;<\/p>\n<p>&nbsp;<\/p>\n<\/div>\n<\/div>\n<\/div>\n<\/div>\n<\/div>\n<\/div>\n<\/div>\n<\/div>\n<\/div>\n<\/div>\n<\/div>\n<\/div>\n<\/div>\n<\/div>\n<\/div>\n<\/div>\n<\/div>\n<\/div>\n<\/div>\n<\/div>\n<\/div>\n<\/div>\n<\/div>\n<\/div>\n<\/div>\n<\/div>\n<\/div>\n<\/div>\n<\/div>\n<\/div>\n<\/div>\n<\/div>\n<\/div>\n<\/div>\n<\/div>\n<\/div>\n<\/div>\n<\/div>\n<\/div>\n<\/div>\n<\/div>\n<\/div>\n<\/div>\n<\/div>\n<\/div>\n<\/div>\n<\/div>\n<\/div>\n<\/div>\n<\/div>\n<\/div>\n<\/div>\n<\/div>\n<\/div>\n<\/div>\n<\/div>\n<\/div>\n<\/div>\n<\/div>\n<\/div>\n<\/div>\n<\/div>\n<\/div>\n<\/div>\n<hr \/>\n<p>&nbsp;<\/p>\n<p>&nbsp;<\/p>\n<blockquote class=\"wp-embedded-content\" data-secret=\"nLEfKCXgXG\"><p><a href=\"https:\/\/www.radiopiu.net\/wordpress\/freemix-la-liberta-musicale-mixata-da-dj-athos-e-raccontata-da-dj-jack\/\">FREEMIX, LA LIBERTA&#8217; MUSICALE MIXATA DA DJ ATHOS E RACCONTATA DA DJ JACK<\/a><\/p><\/blockquote>\n<p><iframe loading=\"lazy\" class=\"wp-embedded-content\" sandbox=\"allow-scripts\" security=\"restricted\" style=\"position: absolute; clip: rect(1px, 1px, 1px, 1px);\" title=\"&#8220;FREEMIX, LA LIBERTA&#8217; MUSICALE MIXATA DA DJ ATHOS E RACCONTATA DA DJ JACK&#8221; &#8212; Radio Pi\u00f9\" src=\"https:\/\/www.radiopiu.net\/wordpress\/freemix-la-liberta-musicale-mixata-da-dj-athos-e-raccontata-da-dj-jack\/embed\/#?secret=nLEfKCXgXG\" data-secret=\"nLEfKCXgXG\" width=\"600\" height=\"338\" frameborder=\"0\" marginwidth=\"0\" marginheight=\"0\" scrolling=\"no\"><\/iframe><\/p>\n<p>&nbsp;<\/p>\n<blockquote class=\"wp-embedded-content\" data-secret=\"jtJWltlrRZ\"><p><a href=\"https:\/\/www.radiopiu.net\/wordpress\/da-ieri-alla-radio-in-palinsesto-loris-e-maurizio-con-la-grande-musica\/\">IL BLUES ALLA RADIO &#8230; COME NON L&#8217;AVETE MAI SENTITO PRIMA<\/a><\/p><\/blockquote>\n<p><iframe loading=\"lazy\" class=\"wp-embedded-content\" sandbox=\"allow-scripts\" security=\"restricted\" style=\"position: absolute; clip: rect(1px, 1px, 1px, 1px);\" title=\"&#8220;IL BLUES ALLA RADIO &#8230; COME NON L&#8217;AVETE MAI SENTITO PRIMA&#8221; &#8212; Radio Pi\u00f9\" src=\"https:\/\/www.radiopiu.net\/wordpress\/da-ieri-alla-radio-in-palinsesto-loris-e-maurizio-con-la-grande-musica\/embed\/#?secret=jtJWltlrRZ\" data-secret=\"jtJWltlrRZ\" width=\"600\" height=\"338\" frameborder=\"0\" marginwidth=\"0\" marginheight=\"0\" scrolling=\"no\"><\/iframe><\/p>\n<p>&nbsp;<\/p>\n<hr \/>\n<p>&nbsp;<\/p>\n<blockquote>\n<h3><span style=\"color: #0000ff;\">INFORMAZIONE il canale su TELEGRAM informazione di prima mano e in tempo reale. iscriviti ed aiutaci a farlo conoscere\u00a0\u00a0<\/span><\/h3>\n<\/blockquote>\n<div>\n<div class=\"page-title-head hgroup\">\n<div class=\"page-title-head hgroup\">\n<div class=\"page-title-head hgroup\">\n<div class=\"page-title-head hgroup\">\n<div class=\"b654a4as d2edcug0\">\n<div class=\"page-title-head hgroup\">\n<div class=\"page-title-head hgroup\">\n<div class=\"page-title-head hgroup\">\n<div class=\"page-title-head hgroup\">\n<div class=\"b654a4as d2edcug0\">\n<div class=\"page-title-head hgroup\">\n<div class=\"page-title-head hgroup\">\n<div class=\"page-title-head hgroup\">\n<div class=\"page-title-head hgroup\">\n<div class=\"page-title-head hgroup\">\n<div class=\"page-title-head hgroup\">\n<div class=\"page-title-head hgroup\">\n<div class=\"page-title-head hgroup\">\n<div class=\"page-title-head hgroup\">\n<div class=\"b654a4as d2edcug0\">\n<div class=\"page-title-head hgroup\">\n<div class=\"page-title-head hgroup\">\n<div class=\"page-title-head hgroup\">\n<div class=\"page-title-head hgroup\">\n<div class=\"b654a4as d2edcug0\">\n<div>\n<p>&nbsp;<\/p>\n<\/div>\n<div>\n<div class=\"page-title-head hgroup\">\n<div class=\"page-title-head hgroup\">\n<div class=\"page-title-head hgroup\">\n<div class=\"page-title-head hgroup\">\n<div class=\"page-title-head hgroup\">\n<div class=\"b654a4as d2edcug0\">\n<div>\n<hr \/>\n<\/div>\n<\/div>\n<div>\n<div>\n<p>&nbsp;<\/p>\n<\/div>\n<div>\n<div>\n<p>&nbsp;<\/p>\n<\/div>\n<div>\n<div>\n<p><strong>DUE MINUTI UN LIBRO, TUTTI I GIORNI ALLA RADIO ALLE 9.40 E ALLE 17.50\u00a0<\/strong><\/p>\n<div>\n<div>\n<p><strong>LA RACCOLTA COMPLETA\u00a0\u00a0<\/strong><\/p>\n<\/div>\n<div>\n<blockquote class=\"wp-embedded-content\" data-secret=\"STF3YdakIn\"><p><a href=\"https:\/\/www.radiopiu.net\/wordpress\/due-minuti-un-libro\/\">Due minuti un libro<\/a><\/p><\/blockquote>\n<p><iframe loading=\"lazy\" class=\"wp-embedded-content\" sandbox=\"allow-scripts\" security=\"restricted\" style=\"position: absolute; clip: rect(1px, 1px, 1px, 1px);\" title=\"&#8220;Due minuti un libro&#8221; &#8212; Radio Pi\u00f9\" src=\"https:\/\/www.radiopiu.net\/wordpress\/due-minuti-un-libro\/embed\/#?secret=STF3YdakIn\" data-secret=\"STF3YdakIn\" width=\"600\" height=\"338\" frameborder=\"0\" marginwidth=\"0\" marginheight=\"0\" scrolling=\"no\"><\/iframe><\/p>\n<\/div>\n<\/div>\n<\/div>\n<div class=\"mkdf-post-text\">\n<div class=\"mkdf-post-text-inner\">\n<div class=\"mkdf-post-text-main\">\n<div class=\"mkdf-post-text\">\n<div class=\"mkdf-post-text-inner\">\n<div class=\"mkdf-post-text-main\">\n<div class=\"mkdf-post-text\">\n<div class=\"mkdf-post-text-inner\">\n<div class=\"mkdf-post-text-main\">\n<div class=\"page-title-head hgroup\">\n<div class=\"page-title-head hgroup\">\n<div class=\"mkdf-post-text\">\n<div class=\"mkdf-post-text-inner\">\n<div class=\"mkdf-post-text-main\">\n<div class=\"mkdf-post-text\">\n<div class=\"mkdf-post-text-inner\">\n<div class=\"mkdf-post-text-main\">\n<div class=\"page-title-head hgroup\">\n<div class=\"page-title-head hgroup\">\n<div class=\"page-title-head hgroup\">\n<div class=\"page-title-head hgroup\">\n<div class=\"b654a4as d2edcug0\">\n<div class=\"page-title-head hgroup\">\n<div class=\"page-title-head hgroup\">\n<div class=\"page-title-head hgroup\">\n<div class=\"page-title-head hgroup\">\n<div class=\"b654a4as d2edcug0\">\n<div class=\"page-title-head hgroup\">\n<div class=\"page-title-head hgroup\">\n<div class=\"page-title-head hgroup\">\n<div class=\"page-title-head hgroup\">\n<div class=\"b654a4as d2edcug0\">\n<div>\n<p>&nbsp;<\/p>\n<\/div>\n<div>\n<hr \/>\n<p>&nbsp;<\/p>\n<\/div>\n<h2><span style=\"color: #808000;\">L&#8217;ALMANACCO LADINO\u00a0\u00a0<\/span><\/h2>\n<p><strong>LA RACCOLTA<\/strong><\/p>\n<blockquote class=\"wp-embedded-content\" data-secret=\"BPDexlX8td\"><p><a href=\"https:\/\/www.radiopiu.net\/wordpress\/almanacco-ladino\/\">Almanacco Ladino<\/a><\/p><\/blockquote>\n<p><iframe loading=\"lazy\" class=\"wp-embedded-content\" sandbox=\"allow-scripts\" security=\"restricted\" style=\"position: absolute; clip: rect(1px, 1px, 1px, 1px);\" title=\"&#8220;Almanacco Ladino&#8221; &#8212; Radio Pi\u00f9\" src=\"https:\/\/www.radiopiu.net\/wordpress\/almanacco-ladino\/embed\/#?secret=BPDexlX8td\" data-secret=\"BPDexlX8td\" width=\"600\" height=\"338\" frameborder=\"0\" marginwidth=\"0\" marginheight=\"0\" scrolling=\"no\"><\/iframe><\/p>\n<p>&nbsp;<\/p>\n<hr \/>\n<p>&nbsp;<\/p>\n<p><strong>LA RACCOLTA COMPLETA<\/strong><\/p>\n<blockquote class=\"wp-embedded-content\" data-secret=\"crSYTij18J\"><p><a href=\"https:\/\/www.radiopiu.net\/wordpress\/rassegna-stampa-di-gianni-santomaso\/\">Rassegna stampa da l&#8217;amico del popolo &#8211; di Gianni Santomaso<\/a><\/p><\/blockquote>\n<p><iframe loading=\"lazy\" class=\"wp-embedded-content\" sandbox=\"allow-scripts\" security=\"restricted\" style=\"position: absolute; clip: rect(1px, 1px, 1px, 1px);\" title=\"&#8220;Rassegna stampa da l&#8217;amico del popolo &#8211; di Gianni Santomaso&#8221; &#8212; Radio Pi\u00f9\" src=\"https:\/\/www.radiopiu.net\/wordpress\/rassegna-stampa-di-gianni-santomaso\/embed\/#?secret=crSYTij18J\" data-secret=\"crSYTij18J\" width=\"600\" height=\"338\" frameborder=\"0\" marginwidth=\"0\" marginheight=\"0\" scrolling=\"no\"><\/iframe><\/p>\n<p>&nbsp;<\/p>\n<hr \/>\n<p>&nbsp;<\/p>\n<h2><span style=\"color: #800080;\">I RACCONTI DI PAOLO SOPPELSA\u00a0<\/span><\/h2>\n<p><strong>LA RACCOLTA COMPLETA<\/strong><\/p>\n<blockquote class=\"wp-embedded-content\" data-secret=\"KPEqDoAsmE\"><p><a href=\"https:\/\/www.radiopiu.net\/wordpress\/i-racconti-di-paolo-soppelsa\/\">I racconti di Paolo Soppelsa<\/a><\/p><\/blockquote>\n<p><iframe loading=\"lazy\" class=\"wp-embedded-content\" sandbox=\"allow-scripts\" security=\"restricted\" style=\"position: absolute; clip: rect(1px, 1px, 1px, 1px);\" title=\"&#8220;I racconti di Paolo Soppelsa&#8221; &#8212; Radio Pi\u00f9\" src=\"https:\/\/www.radiopiu.net\/wordpress\/i-racconti-di-paolo-soppelsa\/embed\/#?secret=KPEqDoAsmE\" data-secret=\"KPEqDoAsmE\" width=\"600\" height=\"338\" frameborder=\"0\" marginwidth=\"0\" marginheight=\"0\" scrolling=\"no\"><\/iframe><\/p>\n<p>&nbsp;<\/p>\n<hr \/>\n<\/div>\n<div class=\"b654a4as d2edcug0\">\n<p>&nbsp;<\/p>\n<p><a href=\"https:\/\/www.radiopiu.net\/wordpress\/giornale-radiopiu-26-settembre-2018-direttore-mirko-mezzacasa\/viabilita-2\/\" rel=\"attachment wp-att-61954\"><img loading=\"lazy\" decoding=\"async\" class=\"aligncenter wp-image-61954 size-full\" src=\"https:\/\/www.radiopiu.net\/wordpress\/wp-content\/uploads\/2018\/09\/viabilita.jpeg\" sizes=\"auto, (max-width: 800px) 100vw, 800px\" srcset=\"https:\/\/www.radiopiu.net\/wordpress\/wp-content\/uploads\/2018\/09\/viabilita.jpeg 800w, https:\/\/www.radiopiu.net\/wordpress\/wp-content\/uploads\/2018\/09\/viabilita-300x38.jpeg 300w, https:\/\/www.radiopiu.net\/wordpress\/wp-content\/uploads\/2018\/09\/viabilita-768x96.jpeg 768w\" alt=\"\" width=\"800\" height=\"100\" \/><\/a><\/p>\n<div class=\"ecm0bbzt e5nlhep0 a8c37x1j\">\n<div class=\"kvgmc6g5 cxmmr5t8 oygrvhab hcukyx3x c1et5uql\">\n<div class=\"gmail-kvgmc6g5 gmail-cxmmr5t8 gmail-oygrvhab gmail-hcukyx3x gmail-c1et5uql gmail-ii04i59q\">\n<div class=\"page-title-head hgroup\">\n<div class=\"page-title-head hgroup\">\n<div class=\"b654a4as d2edcug0\">\n<div class=\"j83agx80 btwxx1t3 lhclo0ds hop8lmos nkwizq5d scwd0bx6 roh60bw9\">\n<div class=\"rq0escxv hkbzh7o3 jwdofwj8 n8tt0mok r8blr3vg hyh9befq\">\n<div class=\"do00u71z l9j0dhe7 k4urcfbm\">\n<div class=\"page-title-head hgroup\">\n<div class=\"page-title-head hgroup\">\n<div class=\"page-title-head hgroup\">\n<div class=\"page-title-head hgroup\">\n<div class=\"b654a4as d2edcug0\">\n<div class=\"page-title-head hgroup\">\n<div class=\"page-title-head hgroup\">\n<div class=\"page-title-head hgroup\">\n<div class=\"page-title-head hgroup\">\n<div class=\"b654a4as d2edcug0\">\n<div class=\"page-title-head hgroup\">\n<div class=\"page-title-head hgroup\">\n<div class=\"page-title-head hgroup\">\n<div class=\"page-title-head hgroup\">\n<div class=\"page-title-head hgroup\">\n<div class=\"page-title-head hgroup\">\n<div class=\"page-title-head hgroup\">\n<div class=\"page-title-head hgroup\">\n<div class=\"page-title-head hgroup\">\n<div class=\"b654a4as d2edcug0\">\n<div class=\"page-title-head hgroup\">\n<div class=\"page-title-head hgroup\">\n<div class=\"page-title-head hgroup\">\n<div class=\"page-title-head hgroup\">\n<div class=\"b654a4as d2edcug0\">\n<div class=\"page-title-head hgroup\">\n<div class=\"page-title-head hgroup\">\n<div class=\"page-title-head hgroup\">\n<div class=\"page-title-head hgroup\">\n<div class=\"page-title-head hgroup\">\n<div class=\"mkdf-post-text\">\n<div class=\"mkdf-post-text-inner\">\n<div class=\"mkdf-post-text-main\">\n<div class=\"mkdf-post-text\">\n<div class=\"mkdf-post-text-inner\">\n<div class=\"mkdf-post-text-main\">\n<div class=\"mkdf-post-text\">\n<div class=\"mkdf-post-text-inner\">\n<div class=\"mkdf-post-text-main\">\n<div class=\"page-title-head hgroup\">\n<div class=\"page-title-head hgroup\">\n<div class=\"mkdf-post-text\">\n<div class=\"mkdf-post-text-inner\">\n<div class=\"mkdf-post-text-main\">\n<div class=\"mkdf-post-text\">\n<div class=\"mkdf-post-text-inner\">\n<div class=\"mkdf-post-text-main\">\n<div class=\"page-title-head hgroup\">\n<div class=\"page-title-head hgroup\">\n<div class=\"page-title-head hgroup\">\n<div class=\"page-title-head hgroup\">\n<div class=\"b654a4as d2edcug0\">\n<div class=\"page-title-head hgroup\">\n<div class=\"page-title-head hgroup\">\n<div class=\"page-title-head hgroup\">\n<div class=\"page-title-head hgroup\">\n<div class=\"b654a4as d2edcug0\">\n<div class=\"page-title-head hgroup\">\n<div class=\"page-title-head hgroup\">\n<div class=\"page-title-head hgroup\">\n<div class=\"page-title-head hgroup\">\n<div class=\"b654a4as d2edcug0\">\n<div class=\"chat-input\">\n<div class=\"chat-input-container\">\n<div class=\"rows-wrapper chat-input-wrapper\">\n<div class=\"reply-wrapper\">\n<div class=\"btn-menu\">\n<div class=\"btn-menu-item tgico-replace rp\">\n<div class=\"c-ripple\">\n<div class=\"bubbles scrolled-down\">\n<div class=\"scrollable scrollable-y\">\n<div class=\"bubbles-inner has-rights is-chat is-channel\">\n<div class=\"bubbles-date-group\">\n<div class=\"bubble hide-name is-out can-have-tail is-group-first is-group-last is-read\" data-mid=\"5377294335\" data-peer-id=\"-1478820725\" data-timestamp=\"1638437407\">\n<div class=\"bubble-content-wrapper\">\n<div class=\"bubble-content\">\n<p class=\"message\" dir=\"auto\"><strong>\u00a0\u00a0<\/strong><\/p>\n<\/div>\n<\/div>\n<\/div>\n<\/div>\n<\/div>\n<\/div>\n<\/div>\n<\/div>\n<\/div>\n<\/div>\n<\/div>\n<\/div>\n<\/div>\n<\/div>\n<\/div>\n<\/div>\n<\/div>\n<\/div>\n<\/div>\n<\/div>\n<\/div>\n<\/div>\n<\/div>\n<\/div>\n<\/div>\n<\/div>\n<\/div>\n<\/div>\n<\/div>\n<\/div>\n<\/div>\n<\/div>\n<\/div>\n<\/div>\n<\/div>\n<\/div>\n<\/div>\n<\/div>\n<\/div>\n<\/div>\n<\/div>\n<\/div>\n<\/div>\n<\/div>\n<\/div>\n<\/div>\n<\/div>\n<\/div>\n<\/div>\n<\/div>\n<\/div>\n<\/div>\n<\/div>\n<\/div>\n<\/div>\n<\/div>\n<\/div>\n<\/div>\n<\/div>\n<\/div>\n<\/div>\n<\/div>\n<\/div>\n<\/div>\n<\/div>\n<\/div>\n<\/div>\n<\/div>\n<\/div>\n<\/div>\n<\/div>\n<\/div>\n<\/div>\n<\/div>\n<\/div>\n<\/div>\n<\/div>\n<\/div>\n<\/div>\n<\/div>\n<\/div>\n<\/div>\n<\/div>\n<\/div>\n<\/div>\n<\/div>\n<\/div>\n<\/div>\n<\/div>\n<\/div>\n<\/div>\n<\/div>\n<\/div>\n<\/div>\n<\/div>\n<\/div>\n<\/div>\n<\/div>\n<\/div>\n<\/div>\n<\/div>\n<\/div>\n<\/div>\n<\/div>\n<\/div>\n<\/div>\n<\/div>\n<\/div>\n<\/div>\n<\/div>\n<\/div>\n<\/div>\n<\/div>\n<\/div>\n<\/div>\n<\/div>\n<\/div>\n<\/div>\n<\/div>\n<\/div>\n<\/div>\n<\/div>\n<\/div>\n<\/div>\n<\/div>\n<\/div>\n<\/div>\n<\/div>\n<\/div>\n<\/div>\n<\/div>\n<\/div>\n<\/div>\n<\/div>\n<\/div>\n<\/div>\n<\/div>\n<\/div>\n<\/div>\n<\/div>\n<\/div>\n<\/div>\n<\/div>\n<\/div>\n<\/div>\n<\/div>\n<\/div>\n<\/div>\n<\/div>\n<\/div>\n<\/div>\n<\/div>\n<\/div>\n<\/div>\n<\/div>\n<\/div>\n<\/div>\n<\/div>\n<\/div>\n<\/div>\n<\/div>\n<\/div>\n<\/div>\n<\/div>\n<\/div>\n<\/div>\n<\/div>\n<\/div>\n<div>\n<div class=\"page-title-head hgroup\">\n<div class=\"page-title-head hgroup\">\n<div class=\"b654a4as d2edcug0\">\n<div class=\"j83agx80 btwxx1t3 lhclo0ds hop8lmos nkwizq5d scwd0bx6 roh60bw9\">\n<div class=\"rq0escxv hkbzh7o3 jwdofwj8 n8tt0mok r8blr3vg hyh9befq\">\n<div class=\"do00u71z l9j0dhe7 k4urcfbm\">\n<div class=\"ecm0bbzt e5nlhep0 a8c37x1j\">\n<div class=\"kvgmc6g5 cxmmr5t8 oygrvhab hcukyx3x c1et5uql\">\n<div class=\"gmail-kvgmc6g5 gmail-cxmmr5t8 gmail-oygrvhab gmail-hcukyx3x gmail-c1et5uql gmail-ii04i59q\">\n<div class=\"page-title-head hgroup\">\n<div class=\"page-title-head hgroup\">\n<div class=\"b654a4as d2edcug0\">\n<div class=\"j83agx80 btwxx1t3 lhclo0ds hop8lmos nkwizq5d scwd0bx6 roh60bw9\">\n<div class=\"rq0escxv hkbzh7o3 jwdofwj8 n8tt0mok r8blr3vg hyh9befq\">\n<div class=\"do00u71z l9j0dhe7 k4urcfbm\">\n<div class=\"page-title-head hgroup\">\n<div class=\"page-title-head hgroup\">\n<div class=\"page-title-head hgroup\">\n<div class=\"page-title-head hgroup\">\n<div class=\"b654a4as d2edcug0\">\n<div class=\"page-title-head hgroup\">\n<div class=\"page-title-head hgroup\">\n<div class=\"page-title-head hgroup\">\n<div class=\"page-title-head hgroup\">\n<div class=\"b654a4as d2edcug0\">\n<div class=\"page-title-head hgroup\">\n<div class=\"page-title-head hgroup\">\n<div class=\"page-title-head hgroup\">\n<div class=\"page-title-head hgroup\">\n<div class=\"page-title-head hgroup\">\n<div class=\"page-title-head hgroup\">\n<div class=\"page-title-head hgroup\">\n<div class=\"page-title-head hgroup\">\n<div class=\"page-title-head hgroup\">\n<div class=\"b654a4as d2edcug0\">\n<div class=\"page-title-head hgroup\">\n<div class=\"page-title-head hgroup\">\n<div class=\"page-title-head hgroup\">\n<div class=\"page-title-head hgroup\">\n<div class=\"b654a4as d2edcug0\">\n<div class=\"page-title-head hgroup\">\n<div class=\"page-title-head hgroup\">\n<div class=\"page-title-head hgroup\">\n<div class=\"page-title-head hgroup\">\n<div class=\"page-title-head hgroup\">\n<div class=\"mkdf-post-text\">\n<div class=\"mkdf-post-text-inner\">\n<div class=\"mkdf-post-text-main\">\n<div class=\"mkdf-post-text\">\n<div class=\"mkdf-post-text-inner\">\n<div class=\"mkdf-post-text-main\">\n<div class=\"mkdf-post-text\">\n<div class=\"mkdf-post-text-inner\">\n<div class=\"mkdf-post-text-main\">\n<div class=\"page-title-head hgroup\">\n<div class=\"page-title-head hgroup\">\n<div class=\"mkdf-post-text\">\n<div class=\"mkdf-post-text-inner\">\n<div class=\"mkdf-post-text-main\">\n<div class=\"mkdf-post-text\">\n<div class=\"mkdf-post-text-inner\">\n<div class=\"mkdf-post-text-main\">\n<div class=\"page-title-head hgroup\">\n<div class=\"page-title-head hgroup\">\n<div class=\"page-title-head hgroup\">\n<div class=\"page-title-head hgroup\">\n<div class=\"b654a4as d2edcug0\">\n<div class=\"page-title-head hgroup\">\n<div class=\"page-title-head hgroup\">\n<div class=\"page-title-head hgroup\">\n<div class=\"page-title-head hgroup\">\n<div class=\"b654a4as d2edcug0\">\n<div class=\"page-title-head hgroup\">\n<div class=\"page-title-head hgroup\">\n<div class=\"page-title-head hgroup\">\n<div class=\"page-title-head hgroup\">\n<div class=\"b654a4as d2edcug0\">\n<div class=\"ecm0bbzt e5nlhep0 a8c37x1j\">\n<div class=\"kvgmc6g5 cxmmr5t8 oygrvhab hcukyx3x c1et5uql\">\n<div class=\"gmail-kvgmc6g5 gmail-cxmmr5t8 gmail-oygrvhab gmail-hcukyx3x gmail-c1et5uql gmail-ii04i59q\">\n<div class=\"page-title-head hgroup\">\n<div class=\"page-title-head hgroup\">\n<div class=\"b654a4as d2edcug0\">\n<div class=\"j83agx80 btwxx1t3 lhclo0ds hop8lmos nkwizq5d scwd0bx6 roh60bw9\">\n<div class=\"rq0escxv hkbzh7o3 jwdofwj8 n8tt0mok r8blr3vg hyh9befq\">\n<div class=\"do00u71z l9j0dhe7 k4urcfbm\">\n<div class=\"page-title-head hgroup\">\n<div class=\"page-title-head hgroup\">\n<div class=\"page-title-head hgroup\">\n<div class=\"page-title-head hgroup\">\n<div class=\"b654a4as d2edcug0\">\n<div class=\"page-title-head hgroup\">\n<div class=\"page-title-head hgroup\">\n<div class=\"page-title-head hgroup\">\n<div class=\"page-title-head hgroup\">\n<div class=\"b654a4as d2edcug0\">\n<div class=\"page-title-head hgroup\">\n<div class=\"page-title-head hgroup\">\n<div class=\"page-title-head hgroup\">\n<div class=\"page-title-head hgroup\">\n<div class=\"page-title-head hgroup\">\n<div class=\"page-title-head hgroup\">\n<div class=\"page-title-head hgroup\">\n<div class=\"page-title-head hgroup\">\n<div class=\"page-title-head hgroup\">\n<div class=\"b654a4as d2edcug0\">\n<div class=\"page-title-head hgroup\">\n<div class=\"page-title-head hgroup\">\n<div class=\"page-title-head hgroup\">\n<div class=\"page-title-head hgroup\">\n<div class=\"b654a4as d2edcug0\">\n<div class=\"page-title-head hgroup\">\n<div class=\"page-title-head hgroup\">\n<div class=\"page-title-head hgroup\">\n<div class=\"page-title-head hgroup\">\n<div class=\"page-title-head hgroup\">\n<div class=\"mkdf-post-text\">\n<div class=\"mkdf-post-text-inner\">\n<div class=\"mkdf-post-text-main\">\n<div class=\"mkdf-post-text\">\n<div class=\"mkdf-post-text-inner\">\n<div class=\"mkdf-post-text-main\">\n<div class=\"mkdf-post-text\">\n<div class=\"mkdf-post-text-inner\">\n<div class=\"mkdf-post-text-main\">\n<div class=\"page-title-head hgroup\">\n<div class=\"page-title-head hgroup\">\n<div class=\"mkdf-post-text\">\n<div class=\"mkdf-post-text-inner\">\n<div class=\"mkdf-post-text-main\">\n<div class=\"mkdf-post-text\">\n<div class=\"mkdf-post-text-inner\">\n<div class=\"mkdf-post-text-main\">\n<div class=\"page-title-head hgroup\">\n<div class=\"page-title-head hgroup\">\n<div class=\"page-title-head hgroup\">\n<div class=\"page-title-head hgroup\">\n<div class=\"b654a4as d2edcug0\">\n<div class=\"page-title-head hgroup\">\n<div class=\"page-title-head hgroup\">\n<div class=\"page-title-head hgroup\">\n<div class=\"page-title-head hgroup\">\n<div class=\"b654a4as d2edcug0\">\n<div class=\"page-title-head hgroup\">\n<div class=\"page-title-head hgroup\">\n<div class=\"page-title-head hgroup\">\n<div class=\"page-title-head hgroup\">\n<div class=\"b654a4as d2edcug0\">\n<blockquote class=\"wp-embedded-content\" data-secret=\"Rnzyd16g7E\"><p><a href=\"https:\/\/www.radiopiu.net\/wordpress\/viabilita\/\">viabilita<\/a><\/p><\/blockquote>\n<p><iframe loading=\"lazy\" class=\"wp-embedded-content\" sandbox=\"allow-scripts\" security=\"restricted\" style=\"position: absolute; clip: rect(1px, 1px, 1px, 1px);\" title=\"&#8220;viabilita&#8221; &#8212; Radio Pi\u00f9\" src=\"https:\/\/www.radiopiu.net\/wordpress\/viabilita\/embed\/#?secret=Rnzyd16g7E\" data-secret=\"Rnzyd16g7E\" width=\"600\" height=\"338\" frameborder=\"0\" marginwidth=\"0\" marginheight=\"0\" scrolling=\"no\"><\/iframe><\/p>\n<p>&nbsp;<\/p>\n<hr \/>\n<p>&nbsp;<\/p>\n<\/div>\n<div class=\"b654a4as d2edcug0\">\n<div class=\"ecm0bbzt e5nlhep0 a8c37x1j\">\n<div class=\"kvgmc6g5 cxmmr5t8 oygrvhab hcukyx3x c1et5uql\">\n<div class=\"gmail-kvgmc6g5 gmail-cxmmr5t8 gmail-oygrvhab gmail-hcukyx3x gmail-c1et5uql gmail-ii04i59q\">\n<div>\n<div class=\"page-title-head hgroup\">\n<div class=\"page-title-head hgroup\">\n<div class=\"b654a4as d2edcug0\">\n<div class=\"j83agx80 btwxx1t3 lhclo0ds hop8lmos nkwizq5d scwd0bx6 roh60bw9\">\n<div class=\"rq0escxv hkbzh7o3 jwdofwj8 n8tt0mok r8blr3vg hyh9befq\">\n<div class=\"do00u71z l9j0dhe7 k4urcfbm\">\n<div>\n<div class=\"page-title-head hgroup\">\n<div class=\"page-title-head hgroup\">\n<div class=\"page-title-head hgroup\">\n<div class=\"page-title-head hgroup\">\n<div class=\"b654a4as d2edcug0\">\n<div class=\"page-title-head hgroup\">\n<div class=\"page-title-head hgroup\">\n<div class=\"page-title-head hgroup\">\n<div class=\"page-title-head hgroup\">\n<div class=\"b654a4as d2edcug0\">\n<div class=\"page-title-head hgroup\">\n<div class=\"page-title-head hgroup\">\n<div class=\"page-title-head hgroup\">\n<div class=\"page-title-head hgroup\">\n<div class=\"page-title-head hgroup\">\n<div class=\"mkdf-post-text\">\n<div class=\"mkdf-post-text-inner\">\n<div class=\"mkdf-post-text-main\">\n<div class=\"mkdf-post-text\">\n<div class=\"mkdf-post-text-inner\">\n<div class=\"mkdf-post-text-main\">\n<div class=\"mkdf-post-text\">\n<div class=\"mkdf-post-text-inner\">\n<div class=\"mkdf-post-text-main\">\n<div class=\"page-title-head hgroup\">\n<div class=\"page-title-head hgroup\">\n<div class=\"mkdf-post-text\">\n<div class=\"mkdf-post-text-inner\">\n<div class=\"mkdf-post-text-main\">\n<div class=\"mkdf-post-text\">\n<div class=\"mkdf-post-text-inner\">\n<div class=\"mkdf-post-text-main\">\n<div>\n<div class=\"page-title-head hgroup\">\n<div class=\"page-title-head hgroup\">\n<div>\n<div class=\"page-title-head hgroup\">\n<div class=\"page-title-head hgroup\">\n<div class=\"b654a4as d2edcug0\">\n<div>\n<div class=\"page-title-head hgroup\" style=\"text-align: left;\">\n<div class=\"page-title-head hgroup\">\n<div dir=\"auto\">\n<p><a class=\"dt-pswp-item pspw-wrap-ready\" href=\"https:\/\/i0.wp.com\/www.radiopiu.net\/wordpress\/wp-content\/uploads\/2018\/09\/WhatsApp-Image-2018-09-20-at-16.04.06.jpeg?ssl=1\" data-dt-img-description=\"\" data-large_image_width=\"800\" data-large_image_height=\"100\"><img loading=\"lazy\" decoding=\"async\" class=\"aligncenter wp-image-61378 size-full jetpack-lazy-image jetpack-lazy-image--handled\" src=\"https:\/\/i0.wp.com\/www.radiopiu.net\/wordpress\/wp-content\/uploads\/2018\/09\/WhatsApp-Image-2018-09-20-at-16.04.06.jpeg?resize=800%2C100&amp;ssl=1\" sizes=\"auto, (max-width: 800px) 100vw, 800px\" srcset=\"https:\/\/i0.wp.com\/www.radiopiu.net\/wordpress\/wp-content\/uploads\/2018\/09\/WhatsApp-Image-2018-09-20-at-16.04.06.jpeg?w=800&amp;ssl=1 800w, https:\/\/i0.wp.com\/www.radiopiu.net\/wordpress\/wp-content\/uploads\/2018\/09\/WhatsApp-Image-2018-09-20-at-16.04.06.jpeg?resize=300%2C38&amp;ssl=1 300w, https:\/\/i0.wp.com\/www.radiopiu.net\/wordpress\/wp-content\/uploads\/2018\/09\/WhatsApp-Image-2018-09-20-at-16.04.06.jpeg?resize=768%2C96&amp;ssl=1 768w\" alt=\"\" width=\"800\" height=\"100\" data-lazy-loaded=\"1\" \/><\/a><\/p>\n<\/div>\n<\/div>\n<\/div>\n<\/div>\n<\/div>\n<\/div>\n<\/div>\n<\/div>\n<\/div>\n<\/div>\n<\/div>\n<\/div>\n<\/div>\n<\/div>\n<\/div>\n<\/div>\n<\/div>\n<\/div>\n<\/div>\n<\/div>\n<\/div>\n<\/div>\n<\/div>\n<\/div>\n<\/div>\n<\/div>\n<\/div>\n<\/div>\n<\/div>\n<\/div>\n<\/div>\n<\/div>\n<\/div>\n<\/div>\n<\/div>\n<\/div>\n<\/div>\n<\/div>\n<\/div>\n<\/div>\n<\/div>\n<\/div>\n<\/div>\n<\/div>\n<p>&nbsp;<\/p>\n<\/div>\n<\/div>\n<\/div>\n<\/div>\n<\/div>\n<\/div>\n<\/div>\n<\/div>\n<\/div>\n<\/div>\n<\/div>\n<\/div>\n<\/div>\n<\/div>\n<\/div>\n<\/div>\n<\/div>\n<\/div>\n<\/div>\n<\/div>\n<\/div>\n<\/div>\n<\/div>\n<\/div>\n<\/div>\n<\/div>\n<\/div>\n<\/div>\n<\/div>\n<\/div>\n<\/div>\n<\/div>\n<\/div>\n<\/div>\n<\/div>\n<\/div>\n<\/div>\n<\/div>\n<\/div>\n<\/div>\n<\/div>\n<\/div>\n<\/div>\n<\/div>\n<\/div>\n<\/div>\n<\/div>\n<\/div>\n<\/div>\n<\/div>\n<\/div>\n<\/div>\n<\/div>\n<\/div>\n<\/div>\n<\/div>\n<\/div>\n<\/div>\n<\/div>\n<\/div>\n<\/div>\n<\/div>\n<\/div>\n<\/div>\n<\/div>\n<\/div>\n<\/div>\n<\/div>\n<\/div>\n<\/div>\n<\/div>\n<\/div>\n<\/div>\n<\/div>\n<\/div>\n<\/div>\n<\/div>\n<\/div>\n<\/div>\n<\/div>\n<\/div>\n<\/div>\n<\/div>\n<\/div>\n<\/div>\n<\/div>\n<\/div>\n<\/div>\n<\/div>\n<\/div>\n<\/div>\n<\/div>\n<\/div>\n<\/div>\n<\/div>\n<\/div>\n<\/div>\n<\/div>\n<\/div>\n<\/div>\n<\/div>\n<\/div>\n<\/div>\n<\/div>\n<\/div>\n<\/div>\n<\/div>\n<\/div>\n<\/div>\n<\/div>\n<\/div>\n<\/div>\n<\/div>\n<\/div>\n<\/div>\n<\/div>\n<\/div>\n<\/div>\n<\/div>\n<\/div>\n<\/div>\n<\/div>\n<\/div>\n<\/div>\n<\/div>\n<\/div>\n<\/div>\n<\/div>\n<\/div>\n<\/div>\n<\/div>\n<\/div>\n<\/div>\n<\/div>\n<\/div>\n<\/div>\n<\/div>\n<\/div>\n<\/div>\n<\/div>\n<\/div>\n<\/div>\n<\/div>\n<\/div>\n<\/div>\n<\/div>\n<\/div>\n<\/div>\n<\/div>\n<\/div>\n<\/div>\n<\/div>\n<\/div>\n<\/div>\n<\/div>\n<\/div>\n<\/div>\n<\/div>\n<\/div>\n<\/div>\n<\/div>\n<\/div>\n<\/div>\n<\/div>\n<\/div>\n<\/div>\n<\/div>\n<\/div>\n<\/div>\n<\/div>\n<\/div>\n<\/div>\n<\/div>\n<\/div>\n<\/div>\n<\/div>\n<\/div>\n<\/div>\n<\/div>\n<\/div>\n<\/div>\n<\/div>\n<\/div>\n<\/div>\n<\/div>\n<\/div>\n<\/div>\n<p><center><b>Mercoledi 9<\/b><\/center><b>Tempo atteso: <\/b>Tempo ben soleggiato con cielo terso, aria limpida e ottima visibilit\u00e0. Contesto termico anormalmente mite con valori molto superiori alla media del periodo specie in quota e per quanto riguarda i valori massimi diurni.<br \/>\n<b>Precipitazioni: <\/b>Assenti (0%)<br \/>\n<b>Temperature: <\/b>in ulteriore aumento e anormalmente elevate in alta quota con forte inversione termica notturna nelle valli. Su Prealpi a 1500 m: min 5 max 7, a 2000 m: min 5 max 8 Dolomiti a 2000 m: min 5 max 9, a 3000 m: min 1 max 3<br \/>\n<b>Venti: <\/b>deboli di direzione variabile nelle valli, salvo locali rinforzi mattutini per brezze di monte su alcuni settori prealpini; in quota deboli\/moderati da nord-ovest, a 10-15 km\/h a 2000 m e 15-30 km\/h a 3000 m.<\/p>\n<hr \/>\n<p><center><b>Giovedi 10<\/b><\/center><b>Tempo atteso: <\/b>Tempo ben soleggiato con cielo terso, aria limpida e ottima visibilit\u00e0, Rischio nebbia nelle ore pi\u00f9 fresche in Valbelluna e dal pomeriggio\/sera possibile formazione di nubi basse sui settori Prealpini specie occidentali. Contesto termico anormalmente mite in quota con temperature in calo dal pomeriggio\/sera.<br \/>\n<b>Precipitazioni: <\/b>Assenti (0%)<br \/>\n<b>Temperature: <\/b>Pressoch\u00e9 stazionarie fino a met\u00e0 giornata poi in calo con minime raggiunte in serata in quota. Persiste la grande mitezza in alta quota e l&#8217;inversione termica notturna nelle valli. Su Prealpi a 1500 m: min 0 max 7, a 2000 m: min 0 max 6 Dolomiti a 2000 m: min 2 max 9, a 3000 m: min -4 max 3<br \/>\n<b>Venti: <\/b>Nelle valli deboli di direzione variabile, salvo locali rinforzi mattutini in alcuni settori prealpini; in quota moderati\/tesi da sud-ovest da ovest dalla sera, a 10-15 km\/h a 2000 m e 15-45 km\/h a 3000 m.<\/p>\n<hr \/>\n<p><center><b>Venerdi 11<\/b><\/center>Al mattino presenza di nuvolosit\u00e0 irregolare, sia di tipo basso su Prealpi che alto (velature) su Dolomiti dove saranno comunque presenti ampie schiarite. Dalle ore centrali e nel pomeriggio generale aumento della nuvolosit\u00e0 fino a nuvoloso o molto nuvoloso ovunque e non esclusi debolissimi o deboli fenomeni in trasferimento da Dolomiti a Prealpi verso sera con un p\u00f2 di neve fin sui 1000-1200 m. Temperature in marcato calo. In quota venti deboli o moderati occidentali in rotazione e rinforzo da nordovest in serata sulle Dolomiti, da est sulle dorsali Prealpine.<\/p>\n<hr \/>\n<p><center><b>Sabato 12<\/b><\/center>Nella notte e fino al primo mattino residua nuvolosit\u00e0 specie su Prealpi con schiarite gi\u00e0 presenti su Dolomiti. In giornata via via pi\u00f9 soleggiato ovunque con ottima visibilit\u00e0. Temperature in ulteriore calo specie in quota. Venti in quota deboli meridionali. Previsore: DDL<\/p>\n<p>&nbsp;<\/p>\n<hr \/>\n<p>&nbsp;<\/p>\n<p><img loading=\"lazy\" decoding=\"async\" class=\"wp-image-60761 size-full aligncenter\" src=\"https:\/\/www.radiopiu.net\/wordpress\/wp-content\/uploads\/2018\/09\/sport.jpg\" alt=\"\" width=\"800\" height=\"100\" srcset=\"https:\/\/www.radiopiu.net\/wordpress\/wp-content\/uploads\/2018\/09\/sport.jpg 800w, https:\/\/www.radiopiu.net\/wordpress\/wp-content\/uploads\/2018\/09\/sport-300x38.jpg 300w, https:\/\/www.radiopiu.net\/wordpress\/wp-content\/uploads\/2018\/09\/sport-768x96.jpg 768w\" sizes=\"auto, (max-width: 800px) 100vw, 800px\" \/><\/p>\n<p>&nbsp;<\/p>\n<p><span style=\"color: #0000ff;\"><strong>NUOTO<\/strong><\/span><\/p>\n<blockquote>\n<h3>CAMPIONATI REGIONALI MASTER: 7 TITOLI VENETI E NONO POSTO ASSOLUTO PER LA SPORTIVAMENTE BELLUNO<\/h3>\n<\/blockquote>\n<p><strong><a href=\"https:\/\/www.radiopiu.net\/wordpress\/campionati-regionali-master-7-titoli-veneti-e-nono-posto-assoluto-per-la-sportivamente-belluno\/master_bl_a_lignano\/\" rel=\"attachment wp-att-258547\"><img loading=\"lazy\" decoding=\"async\" class=\"size-medium wp-image-258547 alignleft\" src=\"https:\/\/www.radiopiu.net\/wordpress\/wp-content\/uploads\/2022\/02\/Master_BL_a_Lignano-300x201.jpg\" alt=\"\" width=\"300\" height=\"201\" srcset=\"https:\/\/www.radiopiu.net\/wordpress\/wp-content\/uploads\/2022\/02\/Master_BL_a_Lignano-300x201.jpg 300w, https:\/\/www.radiopiu.net\/wordpress\/wp-content\/uploads\/2022\/02\/Master_BL_a_Lignano.jpg 640w\" sizes=\"auto, (max-width: 300px) 100vw, 300px\" \/><\/a>BELLUNO <\/strong>\u00c8 pi\u00f9 che positivo il bilancio dei Campionati regionali di nuoto Master, andati in scena nello splendido impianto di Lignano, in vasca olimpica. La Sportivamente Belluno, infatti, si conferma tra le migliori societ\u00e0 venete e ottiene il nono posto nella classifica assoluta (su 54 societ\u00e0 presenti), oltre al quarto nella classifica a fasce. A livello individuale, i bellunesi conquistano 7 titoli regionali, con le medaglie d\u2019oro di Graziano Padovan (50 e 100 rana, M70), Roberto Zannoni (50 rana, M65), Laura Etzi (200 stile, M55), Angelo Dioguardi (100 rana, M55), Daniela Piermarini (200 misti, M45) e Matteo Sogne (800 stile, M40). Numerose pure le medaglie d\u2019argento: Laura Etzi (100 stile, M55), Angelo Dioguardi (50 rana, M55), Marta Rossa (200 misti, M50), Daniela Piermarini (100 stile, M45), Matteo Sogne (100 rana, M40), Daniela Bianchet (100 stile, M35), Giulia De Bona (100 e 200 dorso, M30) e Giulia Bortot (50 dorso, M25) Completano il medagliere le 7 medaglie di bronzo ottenute da Franz Bossems (50 e 100 stile,\u00a0 M60), Roberto Zannoni (50 stile, M65), Gianni Edotti (50 delfino, M55), Marta Rossa (100 stile, M50), Fabio Bonsembiante (50 rana, M25) e Giulia Bortot (100 stile, M25).Archiviato con soddisfazione l\u2019appuntamento di Lignano, il pi\u00f9 importante della stagione invernale, si torner\u00e0 a gareggiare in primavera con lo stesso entusiasmo e lo stesso impegno da parte di tecnici e atleti.<\/p>\n<p>&nbsp;<\/p>\n<p>&nbsp;<\/p>\n<hr \/>\n<p>&nbsp;<\/p>\n<p><span style=\"color: #0000ff;\"><strong>CORSA CAMPESTRE<\/strong><\/span><\/p>\n<blockquote>\n<h3 class=\"p1\"><span class=\"s1\">RITORNA IL CRITERIUM CADORINO DI ATLETICA &#8211;\u00a0QUATTRO PROVE A MAGGIO<\/span><\/h3>\n<\/blockquote>\n<p class=\"p1\"><span class=\"s1\"><strong><a href=\"https:\/\/www.radiopiu.net\/wordpress\/giornale-radiopiu-09-febbraio-2022-direttore-mirko-mezzacasa\/criterium-cadorino-26-maggio-2018-cortina\/\" rel=\"attachment wp-att-258564\"><img loading=\"lazy\" decoding=\"async\" class=\"size-medium wp-image-258564 alignleft\" src=\"https:\/\/www.radiopiu.net\/wordpress\/wp-content\/uploads\/2022\/02\/criterium-cadorino-26-maggio-2018-cortina-300x200.jpg\" alt=\"\" width=\"300\" height=\"200\" srcset=\"https:\/\/www.radiopiu.net\/wordpress\/wp-content\/uploads\/2022\/02\/criterium-cadorino-26-maggio-2018-cortina-300x200.jpg 300w, https:\/\/www.radiopiu.net\/wordpress\/wp-content\/uploads\/2022\/02\/criterium-cadorino-26-maggio-2018-cortina-1024x683.jpg 1024w, https:\/\/www.radiopiu.net\/wordpress\/wp-content\/uploads\/2022\/02\/criterium-cadorino-26-maggio-2018-cortina-768x512.jpg 768w, https:\/\/www.radiopiu.net\/wordpress\/wp-content\/uploads\/2022\/02\/criterium-cadorino-26-maggio-2018-cortina-1536x1024.jpg 1536w, https:\/\/www.radiopiu.net\/wordpress\/wp-content\/uploads\/2022\/02\/criterium-cadorino-26-maggio-2018-cortina-2048x1365.jpg 2048w\" sizes=\"auto, (max-width: 300px) 100vw, 300px\" \/><\/a>BELLUNO <\/strong>Dopo due anni di assenza, ritorna il Criterium Cadorino di atletica. La manifestazione, proposta dal nostro comitato in collaborazione con le societ\u00e0 affiliate, si svolger\u00e0 in quattro prove: l\u20198 maggio una prova di corsa campestre a Vallesella (organizzazione a cura del Gruppo Marciatori Calalzo); il 15 maggio una gara di corsa in montagna a Pralongo di Val di Zoldo (Atletica Zoldo); il 22 maggio una prova di corsa campestre a Pelos (Unione sportiva Aquilotti); il 29 maggio una gara in pista a Fiames (Atletica Cortina). La prova di Val di Zoldo metter\u00e0 in palio, per la prima societ\u00e0 giovanile, il Trofeo Manuel Bratti, a ricordo di un grande amico dell\u2019atletica bellunese prematuramente scomparso. <\/span><span class=\"s1\">Per quanto riguarda le classifiche finali, il Criterium Cadorino, evento giunto alla <span class=\"s2\">25.ma<\/span> edizione, metter\u00e0 in palio il decimo Memorial Carletto Giacobbi, che andr\u00e0 alla prima societ\u00e0 classificata delle categorie assolute, e l\u2019undicesimo Trofeo Memorial Riccardo De Martin e Claudio Del Favero, che andr\u00e0 alla prima societ\u00e0 classificata giovanile<\/span><\/p>\n<\/div>\n<\/div>\n<\/div>\n<\/div>\n<\/div>\n<\/div>\n<\/div>\n<\/div>\n","protected":false},"excerpt":{"rendered":"<p>INFORMAZIONE il canale su TELEGRAM informazione di prima mano e in tempo reale. iscriviti ed aiutaci a farlo conoscere\u00a0\u00a0 &nbsp; &nbsp; &nbsp; STEFANIA CONSTANTINI E AMOS MOSANER SONO DUE RAGAZZI&#8230;D&#8217;ORO! REDAZIONE\u00a0Che emozione a Pechino 2022. L&#8217;Italia del misto conquista una storica medaglia nel curling. La coppia Constantini &#8211; Mosaner salgono sul gradino pi\u00f9 alto del&hellip;<\/p>\n","protected":false},"author":4,"featured_media":258671,"comment_status":"closed","ping_status":"closed","sticky":false,"template":"","format":"standard","meta":{"_monsterinsights_skip_tracking":false,"_monsterinsights_sitenote_active":false,"_monsterinsights_sitenote_note":"","_monsterinsights_sitenote_category":0,"footnotes":""},"categories":[104,86,49],"tags":[],"class_list":["post-258451","post","type-post","status-publish","format-standard","has-post-thumbnail","hentry","category-evidenza_3","category-gr","category-news-18","category-104","category-86","category-49","description-off"],"img_url":"https:\/\/www.radiopiu.net\/wordpress\/wp-content\/uploads\/2022\/02\/190cae0a-1633-4ce0-8212-acc23f202fc0.jpg","_links":{"self":[{"href":"https:\/\/www.radiopiu.net\/wordpress\/wp-json\/wp\/v2\/posts\/258451","targetHints":{"allow":["GET"]}}],"collection":[{"href":"https:\/\/www.radiopiu.net\/wordpress\/wp-json\/wp\/v2\/posts"}],"about":[{"href":"https:\/\/www.radiopiu.net\/wordpress\/wp-json\/wp\/v2\/types\/post"}],"author":[{"embeddable":true,"href":"https:\/\/www.radiopiu.net\/wordpress\/wp-json\/wp\/v2\/users\/4"}],"replies":[{"embeddable":true,"href":"https:\/\/www.radiopiu.net\/wordpress\/wp-json\/wp\/v2\/comments?post=258451"}],"version-history":[{"count":0,"href":"https:\/\/www.radiopiu.net\/wordpress\/wp-json\/wp\/v2\/posts\/258451\/revisions"}],"wp:featuredmedia":[{"embeddable":true,"href":"https:\/\/www.radiopiu.net\/wordpress\/wp-json\/wp\/v2\/media\/258671"}],"wp:attachment":[{"href":"https:\/\/www.radiopiu.net\/wordpress\/wp-json\/wp\/v2\/media?parent=258451"}],"wp:term":[{"taxonomy":"category","embeddable":true,"href":"https:\/\/www.radiopiu.net\/wordpress\/wp-json\/wp\/v2\/categories?post=258451"},{"taxonomy":"post_tag","embeddable":true,"href":"https:\/\/www.radiopiu.net\/wordpress\/wp-json\/wp\/v2\/tags?post=258451"}],"curies":[{"name":"wp","href":"https:\/\/api.w.org\/{rel}","templated":true}]}}