{"id":258617,"date":"2022-02-09T05:58:17","date_gmt":"2022-02-09T04:58:17","guid":{"rendered":"https:\/\/www.radiopiu.net\/wordpress\/?p=258617"},"modified":"2022-02-09T06:13:01","modified_gmt":"2022-02-09T05:13:01","slug":"auronzo-di-cadore-cerva-soccorsa-dalla-protezione-civile-dopo-un-anno-la-verita-e-stata-uccisa-senza-avvisare-un-veterinario","status":"publish","type":"post","link":"https:\/\/www.radiopiu.net\/wordpress\/auronzo-di-cadore-cerva-soccorsa-dalla-protezione-civile-dopo-un-anno-la-verita-e-stata-uccisa-senza-avvisare-un-veterinario\/","title":{"rendered":"Auronzo di Cadore &#8211; Cerva soccorsa dalla Protezione civile, dopo un anno la verit\u00e0: \u00e8 stata uccisa senza avvisare un veterinario."},"content":{"rendered":"<p><a class=\"dt-pswp-item\" href=\"https:\/\/www.radiopiu.net\/wordpress\/wp-content\/uploads\/2022\/02\/cerva-uccisa.jpg\" data-dt-img-description=\"\" data-large_image_width=\"540\" data-large_image_height=\"960\"><img loading=\"lazy\" decoding=\"async\" class=\"alignleft wp-image-258621 size-medium\" src=\"https:\/\/www.radiopiu.net\/wordpress\/wp-content\/uploads\/2022\/02\/cerva-uccisa-169x300.jpg\" alt=\"\" width=\"169\" height=\"300\" srcset=\"https:\/\/www.radiopiu.net\/wordpress\/wp-content\/uploads\/2022\/02\/cerva-uccisa-169x300.jpg 169w, https:\/\/www.radiopiu.net\/wordpress\/wp-content\/uploads\/2022\/02\/cerva-uccisa.jpg 540w\" sizes=\"auto, (max-width: 169px) 100vw, 169px\" \/><\/a>Zanoni (PD): \u201cCerva soccorsa dalla Protezione civile, dopo un anno emerge la verit\u00e0: \u00e8 stata uccisa senza avvisare un veterinario. Basta parole: indispensabile un Cras in provincia di Belluno\u201d<\/p>\n<p>\u201cAbbiamo dovuto attendere oltre un anno per avere la risposta all\u2019interrogazione sull\u2019uccisione di una cerva soccorsa dalla Protezione civile ad Auronzo di Cadore. E purtroppo avevamo ragione, nonostante il post di giubilo dell\u2019assessore Bottacin che si congratulava per il salvataggio. Invece, come avevano segnalato alcuni testimoni indignati, non c\u2019era stato alcun lieto fine. Al di l\u00e0 del ritardo inaccettabile della replica della Giunta, la vera indecenza \u00e8 che una provincia come Belluno, ricca di biodiversit\u00e0 e fauna selvatica, non abbia un Centro recupero animali selvatici per poter intervenire in casi come questo\u201d. Cos\u00ec Andrea Zanoni, consigliere regionale del Partito Democratico commenta la risposta ricevuta oggi all\u2019interrogazione presentata il primo febbraio 2021 e sottoscritta dalla collega dem Anna Maria Bigon, da Cristina Guarda di Europa Verde e dal portavoce dell\u2019opposizione Arturo Lorenzoni.<\/p>\n<p>\u201cQuando mi segnalarono l\u2019episodio, ricordo che i testimoni confermarono come la cerva, recuperata dopo essere finita in un torrente e stremata per fame e freddo, si reggesse sulle zampe da sola, a differenza di quanto riportato nella risposta odierna dell\u2019assessore Corazzari. Ho anche le foto della cerva in piedi con le coperte fornite da alcune persone che l\u2019avevano inizialmente accudita. Trovo comunque incredibile che sia stato abbattuto un animale senza prima chiamare un veterinario che valutasse il suo stato di salute e accertasse l\u2019impossibilit\u00e0 di fare diversamente. La Regione &#8211; ribadisce Zanoni &#8211; deve passare ai fatti e smetterla con le promesse: i soldi per le associazioni venatorie si trovano sempre, ai Cras invece vengono dati col contagocce nonostante episodi del genere, con animali selvatici feriti e non soccorsi n\u00e9 tempestivamente n\u00e9 adeguatamente, si contino a decine\u201d.<\/p>\n<p>&nbsp;<\/p>\n<p>&nbsp;<\/p>\n<p><a href=\"https:\/\/www.radiopiu.net\/wordpress\/wp-content\/uploads\/2022\/02\/Risposta-Interrogazione-consigliere-Zanoni-e-altri-1.pdf\"><strong>Per leggere al risposta ufficiale all&#8217;interrogazione cliccare qui<\/strong><\/a><\/p>\n","protected":false},"excerpt":{"rendered":"<p>Zanoni (PD): \u201cCerva soccorsa dalla Protezione civile, dopo un anno emerge la verit\u00e0: \u00e8 stata uccisa senza avvisare un veterinario. Basta parole: indispensabile un Cras in provincia di Belluno\u201d \u201cAbbiamo dovuto attendere oltre un anno per avere la risposta all\u2019interrogazione sull\u2019uccisione di una cerva soccorsa dalla Protezione civile ad Auronzo di Cadore. E purtroppo avevamo&hellip;<\/p>\n","protected":false},"author":2,"featured_media":258620,"comment_status":"closed","ping_status":"closed","sticky":false,"template":"","format":"standard","meta":{"_monsterinsights_skip_tracking":false,"_monsterinsights_sitenote_active":false,"_monsterinsights_sitenote_note":"","_monsterinsights_sitenote_category":0,"footnotes":""},"categories":[51,49],"tags":[],"class_list":["post-258617","post","type-post","status-publish","format-standard","has-post-thumbnail","hentry","category-evidenza-top","category-news-18","category-51","category-49","description-off"],"img_url":"https:\/\/www.radiopiu.net\/wordpress\/wp-content\/uploads\/2022\/02\/coperta-cerva.jpg","_links":{"self":[{"href":"https:\/\/www.radiopiu.net\/wordpress\/wp-json\/wp\/v2\/posts\/258617","targetHints":{"allow":["GET"]}}],"collection":[{"href":"https:\/\/www.radiopiu.net\/wordpress\/wp-json\/wp\/v2\/posts"}],"about":[{"href":"https:\/\/www.radiopiu.net\/wordpress\/wp-json\/wp\/v2\/types\/post"}],"author":[{"embeddable":true,"href":"https:\/\/www.radiopiu.net\/wordpress\/wp-json\/wp\/v2\/users\/2"}],"replies":[{"embeddable":true,"href":"https:\/\/www.radiopiu.net\/wordpress\/wp-json\/wp\/v2\/comments?post=258617"}],"version-history":[{"count":0,"href":"https:\/\/www.radiopiu.net\/wordpress\/wp-json\/wp\/v2\/posts\/258617\/revisions"}],"wp:featuredmedia":[{"embeddable":true,"href":"https:\/\/www.radiopiu.net\/wordpress\/wp-json\/wp\/v2\/media\/258620"}],"wp:attachment":[{"href":"https:\/\/www.radiopiu.net\/wordpress\/wp-json\/wp\/v2\/media?parent=258617"}],"wp:term":[{"taxonomy":"category","embeddable":true,"href":"https:\/\/www.radiopiu.net\/wordpress\/wp-json\/wp\/v2\/categories?post=258617"},{"taxonomy":"post_tag","embeddable":true,"href":"https:\/\/www.radiopiu.net\/wordpress\/wp-json\/wp\/v2\/tags?post=258617"}],"curies":[{"name":"wp","href":"https:\/\/api.w.org\/{rel}","templated":true}]}}