{"id":258631,"date":"2022-02-08T18:00:22","date_gmt":"2022-02-08T17:00:22","guid":{"rendered":"https:\/\/www.radiopiu.net\/wordpress\/?p=258631"},"modified":"2022-02-08T18:00:22","modified_gmt":"2022-02-08T17:00:22","slug":"in-provincia-di-belluno-rimangono-oltre-29-mila-persone-ancora-da-vaccinare","status":"publish","type":"post","link":"https:\/\/www.radiopiu.net\/wordpress\/in-provincia-di-belluno-rimangono-oltre-29-mila-persone-ancora-da-vaccinare\/","title":{"rendered":"IN PROVINCIA DI BELLUNO RIMANGONO OLTRE 29 MILA PERSONE ANCORA DA VACCINARE"},"content":{"rendered":"<p><strong><a href=\"https:\/\/www.radiopiu.net\/wordpress\/vaccinazioni-anti-covid-in-provincia-l843-della-popolazione-over-5-ha-ricevuto-il-primo-ciclo\/vaccino-3\/\" rel=\"attachment wp-att-256141\"><img loading=\"lazy\" decoding=\"async\" class=\"size-medium wp-image-256141 alignleft\" src=\"https:\/\/www.radiopiu.net\/wordpress\/wp-content\/uploads\/2022\/01\/VACCINO-300x200.jpg\" alt=\"\" width=\"300\" height=\"200\" srcset=\"https:\/\/www.radiopiu.net\/wordpress\/wp-content\/uploads\/2022\/01\/VACCINO-300x200.jpg 300w, https:\/\/www.radiopiu.net\/wordpress\/wp-content\/uploads\/2022\/01\/VACCINO-1024x683.jpg 1024w, https:\/\/www.radiopiu.net\/wordpress\/wp-content\/uploads\/2022\/01\/VACCINO-768x512.jpg 768w, https:\/\/www.radiopiu.net\/wordpress\/wp-content\/uploads\/2022\/01\/VACCINO-1536x1025.jpg 1536w, https:\/\/www.radiopiu.net\/wordpress\/wp-content\/uploads\/2022\/01\/VACCINO.jpg 1920w\" sizes=\"auto, (max-width: 300px) 100vw, 300px\" \/><\/a>BELLUNO<\/strong> Punto settimanale dell&#8217;Ulss 1 Dolomiti sulle vaccinazioni anti covid in provincia di Belluno. Totale dosi somministrate: 433.527 ( +5.097 nella settimana), 84,8% \u2013 163.839 persone vaccinate con primo ciclo over 5, 83% &#8211; 160.458 persone con ciclo completo over 5, 29.614 (15,3%) persone ancora da vaccinare over 5 anni. Di queste 11.090 sono risultate positive negli ultimi 90 giorni Risultano vaccinati con almeno una dose: Il 29,9% dei 5-11 enni (3.251), l\u201981% % dei 12- 19 enni (11.509), l\u2019 86 % dei 20-29enni (16.294), l\u2019 81,9% dei 30-39enni (16.249), l\u2019 80,4% dei 40-49enni (22.112), l\u201988 % dei 50-59enni (29.233), l\u201990,5% dei 60-69enni (25.271), il 94,4% dei 70-79enni (22.445), circa il 100% degli over 80 (17.475). Le persone ancora da vaccinare sono cos\u00ec suddivise: 5-11 anni: 7.638 (70,2%), 12-19 anni: 2.707 (19,1%), 20-29 anni: 2.682 (14,2%), 30-39 anni: 3.654 (18,4%), 40-49 anni: 5.410 (19,7%), 50-59 anni: 4.008 (12,1%), 60-69 anni: 2.666 (9,5%), 70 79 anni: 1.338 (5,6%). Dal 1 gennaio al 7 febbraio 2022: sono state somministrate 5202 prime dosi (+362 nella settimana 1-7 febbraio) , di cui 1.765 a persone con pi\u00f9 di 50 anni (+139 nella settimana 1-7 febbraio). Gli over 50 non ancora vaccinati ad oggi sono 8.011. Terze dosi: 124.019 terze dosi gi\u00e0 somministrate, 84,9% della popolazione totale eleggibile gi\u00e0 vaccinato con dose booster, 89% degli over 80 eleggibili gi\u00e0 vaccinati con dose booster, 92,9% dei 70-79enni eleggibili gi\u00e0 vaccinati con dose booster, 91,8 % dei 60-69enni eleggibili gi\u00e0 vaccinati con dose booster, 89 % dei 50-59enni eleggibili gi\u00e0 vaccinati con dose booster, 84,9 % dei 40-49enni eleggibili gi\u00e0 vaccinati con dose booster, 74 % dei 30-39enni eleggibili gi\u00e0 vaccinati con dose booster, 70,4 % dei 20-29enni eleggibili gi\u00e0 vaccinati con dose booster, 4,4 % dei 12-19 enni eleggibili gi\u00e0 vaccinati con dose booster. Tra la popolazione eleggibile per la terza dose ci sono 8.700 ragazzi tra i 12 e i 19 anni, di questi ne sono stati gi\u00e0 vaccinati 5.600. La popolazione ad oggi eleggibile per la terza dose \u00e8 pari a 145.997. Tra gli eleggibili che ancora non hanno fatto il booster , circa 22 mila persone, 9.500 sono risultati positivi negli ultimi 120 giorni, quindi gli eleggibili \u201creali\u201dancora da vaccinare sono 12.500 persone. Per le vaccinazioni sono disponibili posti prenotabili dal sito <a href=\"http:\/\/www.aulss1.veneto.it\">www.aulss1.veneto.it<\/a> ed \u00e8 sempre garantito l\u2019accesso libero al CVP di Sedico.<\/p>\n<p>&nbsp;<\/p>\n<p>&nbsp;<\/p>\n<p>&nbsp;<\/p>\n<p>******<\/p>\n","protected":false},"excerpt":{"rendered":"<p>BELLUNO Punto settimanale dell&#8217;Ulss 1 Dolomiti sulle vaccinazioni anti covid in provincia di Belluno. Totale dosi somministrate: 433.527 ( +5.097 nella settimana), 84,8% \u2013 163.839 persone vaccinate con primo ciclo over 5, 83% &#8211; 160.458 persone con ciclo completo over 5, 29.614 (15,3%) persone ancora da vaccinare over 5 anni. Di queste 11.090 sono risultate&hellip;<\/p>\n","protected":false},"author":4,"featured_media":256141,"comment_status":"closed","ping_status":"closed","sticky":false,"template":"","format":"standard","meta":{"_monsterinsights_skip_tracking":false,"_monsterinsights_sitenote_active":false,"_monsterinsights_sitenote_note":"","_monsterinsights_sitenote_category":0,"footnotes":""},"categories":[51,49],"tags":[],"class_list":["post-258631","post","type-post","status-publish","format-standard","has-post-thumbnail","hentry","category-evidenza-top","category-news-18","category-51","category-49","description-off"],"img_url":"https:\/\/www.radiopiu.net\/wordpress\/wp-content\/uploads\/2022\/01\/VACCINO.jpg","_links":{"self":[{"href":"https:\/\/www.radiopiu.net\/wordpress\/wp-json\/wp\/v2\/posts\/258631","targetHints":{"allow":["GET"]}}],"collection":[{"href":"https:\/\/www.radiopiu.net\/wordpress\/wp-json\/wp\/v2\/posts"}],"about":[{"href":"https:\/\/www.radiopiu.net\/wordpress\/wp-json\/wp\/v2\/types\/post"}],"author":[{"embeddable":true,"href":"https:\/\/www.radiopiu.net\/wordpress\/wp-json\/wp\/v2\/users\/4"}],"replies":[{"embeddable":true,"href":"https:\/\/www.radiopiu.net\/wordpress\/wp-json\/wp\/v2\/comments?post=258631"}],"version-history":[{"count":0,"href":"https:\/\/www.radiopiu.net\/wordpress\/wp-json\/wp\/v2\/posts\/258631\/revisions"}],"wp:featuredmedia":[{"embeddable":true,"href":"https:\/\/www.radiopiu.net\/wordpress\/wp-json\/wp\/v2\/media\/256141"}],"wp:attachment":[{"href":"https:\/\/www.radiopiu.net\/wordpress\/wp-json\/wp\/v2\/media?parent=258631"}],"wp:term":[{"taxonomy":"category","embeddable":true,"href":"https:\/\/www.radiopiu.net\/wordpress\/wp-json\/wp\/v2\/categories?post=258631"},{"taxonomy":"post_tag","embeddable":true,"href":"https:\/\/www.radiopiu.net\/wordpress\/wp-json\/wp\/v2\/tags?post=258631"}],"curies":[{"name":"wp","href":"https:\/\/api.w.org\/{rel}","templated":true}]}}