{"id":258791,"date":"2022-02-09T15:47:24","date_gmt":"2022-02-09T14:47:24","guid":{"rendered":"https:\/\/www.radiopiu.net\/wordpress\/?p=258791"},"modified":"2022-02-10T05:56:49","modified_gmt":"2022-02-10T04:56:49","slug":"belluno-giovani-al-palo-in-calo-le-assunzioni-nel-crollo-della-demografia","status":"publish","type":"post","link":"https:\/\/www.radiopiu.net\/wordpress\/belluno-giovani-al-palo-in-calo-le-assunzioni-nel-crollo-della-demografia\/","title":{"rendered":"BELLUNO: GIOVANI AL PALO, IN CALO LE ASSUNZIONI NEL CROLLO DELLA DEMOGRAFIA"},"content":{"rendered":"<blockquote><p><em>il 2020 \u00e8 stato un anno particolarmente complesso per i giovani che non studiano n\u00e9 lavorano &#8211; \u00e8 salito da 88.543 del 2019 a 104.942 del 2020 (+16 mila). In provincia di Belluno 4 mila giovani, il 15% della fascia di popolazione tra i 15 e i 29 anni, non studia n\u00e9 lavora.<\/em><\/p><\/blockquote>\n<p><strong><a href=\"https:\/\/www.radiopiu.net\/wordpress\/belluno-giovani-al-palo-in-calo-le-assunzioni-nel-crollo-della-demografia\/paglini-relazione\/\" rel=\"attachment wp-att-258793\"><img loading=\"lazy\" decoding=\"async\" class=\" wp-image-258793 alignleft\" src=\"https:\/\/www.radiopiu.net\/wordpress\/wp-content\/uploads\/2022\/02\/Paglini-relazione-300x200.jpeg\" alt=\"\" width=\"242\" height=\"161\" srcset=\"https:\/\/www.radiopiu.net\/wordpress\/wp-content\/uploads\/2022\/02\/Paglini-relazione-300x200.jpeg 300w, https:\/\/www.radiopiu.net\/wordpress\/wp-content\/uploads\/2022\/02\/Paglini-relazione-1024x683.jpeg 1024w, https:\/\/www.radiopiu.net\/wordpress\/wp-content\/uploads\/2022\/02\/Paglini-relazione-768x512.jpeg 768w, https:\/\/www.radiopiu.net\/wordpress\/wp-content\/uploads\/2022\/02\/Paglini-relazione.jpeg 1368w\" sizes=\"auto, (max-width: 242px) 100vw, 242px\" \/><\/a>BELLUNO TREVISO<\/strong> Salari, occupazione, casa: giovani al palo. Un approfondimento sulla condizione giovanile al centro del primo giorno di Congresso della Cisl Belluno Treviso L\u2019assise a Santa Lucia di Piave aperta dalla relazione del segretario generale Paglini (foto):<em> \u201cSolo nella sostenibilit\u00e0 declinata in tutti gli ambiti della vita umana &#8211; ha detto il Segretario &#8211;\u00a0 vi \u00e8 la speranza e la possibilit\u00e0 di un futuro dignitoso ed equo, riaffermando con forza il diritto alla tutela della dignit\u00e0 umana, alla libert\u00e0 di pensiero, alla costruzione di una societ\u00e0 migliore attraverso lavoro, sviluppo, ambiente, sanit\u00e0, sistema educativo, welfare, sanit\u00e0, economia umanamente sostenibili\u201d\u00a0 <\/em>La relazione\u00a0 ha toccato molti temi nazionali e territoriali, dalla gestione dei fondi del Pnrr alla necessit\u00e0 di maggiori investimenti in sicurezza, dall\u2019urgenza di una maggiore programmazione territoriale, alla sanit\u00e0 pubblica, con un approfondimento sulla condizione giovanile nelle due province, tema della ricerca presentata nel pomeriggio dai ricercatori della Fondazione Corazzin Stefano Dal Pra Caputo e Francesco Peron e da Gianni Lo Martire dell\u2019Ufficio Studi della Cisl territoriale. Oggi seconda giornata del Congresso con Monica Michielin e Giuseppe Battistetti, genitori di Mattia Battistetti, il giovane che ha perso la vita in un cantiere edile a Montebelluna nell\u2019aprile dell\u2019anno scorso.<\/p>\n<p><strong>AI MICROFONI DI RADIO PIU&#8217; STEFANO DAL PRA CAPUTO<\/strong><\/p>\n<audio class=\"wp-audio-shortcode\" id=\"audio-258791-1\" preload=\"none\" style=\"width: 100%;\" controls=\"controls\"><source type=\"audio\/mpeg\" src=\"https:\/\/www.radiopiu.net\/wordpress\/wp-content\/uploads\/2022\/02\/AUDIO-Congresso-Cisl.mp3?_=1\" \/><a href=\"https:\/\/www.radiopiu.net\/wordpress\/wp-content\/uploads\/2022\/02\/AUDIO-Congresso-Cisl.mp3\">https:\/\/www.radiopiu.net\/wordpress\/wp-content\/uploads\/2022\/02\/AUDIO-Congresso-Cisl.mp3<\/a><\/audio>\n<p>&nbsp;<\/p>\n<blockquote><p><em><a href=\"https:\/\/www.radiopiu.net\/wordpress\/belluno-giovani-al-palo-in-calo-le-assunzioni-nel-crollo-della-demografia\/paglini-platea\/\" rel=\"attachment wp-att-258794\"><img loading=\"lazy\" decoding=\"async\" class=\" wp-image-258794 alignleft\" src=\"https:\/\/www.radiopiu.net\/wordpress\/wp-content\/uploads\/2022\/02\/Paglini-platea-300x200.jpeg\" alt=\"\" width=\"245\" height=\"163\" srcset=\"https:\/\/www.radiopiu.net\/wordpress\/wp-content\/uploads\/2022\/02\/Paglini-platea-300x200.jpeg 300w, https:\/\/www.radiopiu.net\/wordpress\/wp-content\/uploads\/2022\/02\/Paglini-platea-1024x683.jpeg 1024w, https:\/\/www.radiopiu.net\/wordpress\/wp-content\/uploads\/2022\/02\/Paglini-platea-768x512.jpeg 768w, https:\/\/www.radiopiu.net\/wordpress\/wp-content\/uploads\/2022\/02\/Paglini-platea.jpeg 1368w\" sizes=\"auto, (max-width: 245px) 100vw, 245px\" \/><\/a>Belluno dove i giovani sono sempre meno. Negli ultimi vent\u2019anni gli under 29 nel Bellunese sono diminuiti di quasi 9 mila unit\u00e0 (-15%), passando dai 60 mila del 2002 ai 51.026 del 2020. Invecchiamento della popolazione: se nel 2005 a Belluno gli over 65 rappresentavano poco meno del 22% del totale dei residenti, nel 2020 sono il 27% della popolazione. La fascia lavorativa, dai 15 ai 64 anni, \u00e8 passata, nello stesso periodo, da 65,6% a poco meno del 65%. L\u2019indice di vecchiaia in meno di 20 anni, \u00e8 passato da 171,1 nel 2002 a 236 nel 2020. L\u2019et\u00e0 media della popolazione \u00e8 passata da 44,2 anni del 2002 a 48,1 nel 2020. A ci\u00f2 si somma il tasso di natalit\u00e0, passato da 8,7 a 5,8 dal 2002 al 2019: significa che nel 2002 ogni 1.000 abitanti nascevano quasi 9 bambini in un anno; nel 2019 questo dato era pari a 5,8. Gi\u00f9 anche il numero di stranieri under 29, diminuiti del 3% nel 2019\/2020 rispetto al precedente anno.<\/em><\/p><\/blockquote>\n<p>&nbsp;<\/p>\n<p>***<\/p>\n<p>&nbsp;<\/p>\n<p>&nbsp;<\/p>\n","protected":false},"excerpt":{"rendered":"<p>il 2020 \u00e8 stato un anno particolarmente complesso per i giovani che non studiano n\u00e9 lavorano &#8211; \u00e8 salito da 88.543 del 2019 a 104.942 del 2020 (+16 mila). In provincia di Belluno 4 mila giovani, il 15% della fascia di popolazione tra i 15 e i 29 anni, non studia n\u00e9 lavora. BELLUNO TREVISO&hellip;<\/p>\n","protected":false},"author":4,"featured_media":258795,"comment_status":"closed","ping_status":"closed","sticky":false,"template":"","format":"standard","meta":{"_monsterinsights_skip_tracking":false,"_monsterinsights_sitenote_active":false,"_monsterinsights_sitenote_note":"","_monsterinsights_sitenote_category":0,"footnotes":""},"categories":[51,49],"tags":[],"class_list":["post-258791","post","type-post","status-publish","format-standard","has-post-thumbnail","hentry","category-evidenza-top","category-news-18","category-51","category-49","description-off"],"img_url":"https:\/\/www.radiopiu.net\/wordpress\/wp-content\/uploads\/2022\/02\/tavolo.jpeg","_links":{"self":[{"href":"https:\/\/www.radiopiu.net\/wordpress\/wp-json\/wp\/v2\/posts\/258791","targetHints":{"allow":["GET"]}}],"collection":[{"href":"https:\/\/www.radiopiu.net\/wordpress\/wp-json\/wp\/v2\/posts"}],"about":[{"href":"https:\/\/www.radiopiu.net\/wordpress\/wp-json\/wp\/v2\/types\/post"}],"author":[{"embeddable":true,"href":"https:\/\/www.radiopiu.net\/wordpress\/wp-json\/wp\/v2\/users\/4"}],"replies":[{"embeddable":true,"href":"https:\/\/www.radiopiu.net\/wordpress\/wp-json\/wp\/v2\/comments?post=258791"}],"version-history":[{"count":0,"href":"https:\/\/www.radiopiu.net\/wordpress\/wp-json\/wp\/v2\/posts\/258791\/revisions"}],"wp:featuredmedia":[{"embeddable":true,"href":"https:\/\/www.radiopiu.net\/wordpress\/wp-json\/wp\/v2\/media\/258795"}],"wp:attachment":[{"href":"https:\/\/www.radiopiu.net\/wordpress\/wp-json\/wp\/v2\/media?parent=258791"}],"wp:term":[{"taxonomy":"category","embeddable":true,"href":"https:\/\/www.radiopiu.net\/wordpress\/wp-json\/wp\/v2\/categories?post=258791"},{"taxonomy":"post_tag","embeddable":true,"href":"https:\/\/www.radiopiu.net\/wordpress\/wp-json\/wp\/v2\/tags?post=258791"}],"curies":[{"name":"wp","href":"https:\/\/api.w.org\/{rel}","templated":true}]}}