{"id":258806,"date":"2022-02-09T17:17:54","date_gmt":"2022-02-09T16:17:54","guid":{"rendered":"https:\/\/www.radiopiu.net\/wordpress\/?p=258806"},"modified":"2022-02-09T17:20:36","modified_gmt":"2022-02-09T16:20:36","slug":"la-grande-avventura-attraversare-il-corso-del-torrente-a-bitti","status":"publish","type":"post","link":"https:\/\/www.radiopiu.net\/wordpress\/la-grande-avventura-attraversare-il-corso-del-torrente-a-bitti\/","title":{"rendered":"LA GRANDE AVVENTURA: ATTRAVERSARE IL CORSO DEL TORRENTE A BITTI"},"content":{"rendered":"<p><strong>GOSALDO<\/strong> Un nostro ascoltatore-lettore percorre quotidianamente la strada che scende da Gosaldo verso Agordo (provinciale 3 Valle Imperina), ogni giorno guarda con tristezza il bosco devastato da Vaia, lungo una strada che scivola sempre pi\u00f9 gi\u00f9,\u00a0 peraltro gravata da tonnellate di asfalto posato ad ogni scoscendimento e in questi ultimi anni si sono spesso ripetuti. Il suo pensiero spesso va anche oltre la strada principale per non dimenticare i problemi di chi abita le frazioni disastrate da acqua, vento, frane, mancate decisioni e finanziamenti opportuni. Ogni giorno il nostro ascoltatore-lettore osserva il patrimonio che se ne va, alberi secolari che prendono la strada della segheria&#8230; in fretta. Non altrettanto in fretta vengono invece risolte altre problematiche, come ad esempio il ponte in localit\u00e0 Bitti dove servono finanziamenti che un Comune non pu\u00f2 certo permettersi, gi\u00e0 ha i suoi bei problemi a far quadrare i conti visti gli ultimi corposi aumenti.<\/p>\n<p>&nbsp;<\/p>\n\n\t\t\t<style type='text\/css'>\n\t\t\t\t#gallery-1 {\n\t\t\t\t\tmargin: auto;\n\t\t\t\t}\n\t\t\t\t#gallery-1 .gallery-item {\n\t\t\t\t\tfloat: left;\n\t\t\t\t\tmargin-top: 10px;\n\t\t\t\t\ttext-align: center;\n\t\t\t\t\twidth: 50%;\n\t\t\t\t}\n\t\t\t\t#gallery-1 img {\n\t\t\t\t\tborder: 2px solid #cfcfcf;\n\t\t\t\t}\n\t\t\t\t#gallery-1 .gallery-caption {\n\t\t\t\t\tmargin-left: 0;\n\t\t\t\t}\n\t\t\t\t\/* see gallery_shortcode() in wp-includes\/media.php *\/\n\t\t\t<\/style>\n\t\t<div id='gallery-1' class='dt-gallery-container gallery galleryid-258806 gallery-columns-2 gallery-size-medium'><dl class='gallery-item'>\n\t\t\t\t<dt class='gallery-icon landscape'>\n\t\t\t\t\t<a class=\"rollover rollover-zoom dt-pswp-item\" title=\"e6758369-f26f-462c-97c6-56b420308c48\" data-dt-img-description=\"\" data-large_image_width=\"1600\" data-large_image_height=\"757\"href='https:\/\/www.radiopiu.net\/wordpress\/wp-content\/uploads\/2022\/02\/e6758369-f26f-462c-97c6-56b420308c48.jpg'><img loading=\"lazy\" decoding=\"async\" width=\"300\" height=\"142\" src=\"https:\/\/www.radiopiu.net\/wordpress\/wp-content\/uploads\/2022\/02\/e6758369-f26f-462c-97c6-56b420308c48-300x142.jpg\" class=\"attachment-medium size-medium\" alt=\"\" aria-describedby=\"gallery-1-258808\" srcset=\"https:\/\/www.radiopiu.net\/wordpress\/wp-content\/uploads\/2022\/02\/e6758369-f26f-462c-97c6-56b420308c48-300x142.jpg 300w, https:\/\/www.radiopiu.net\/wordpress\/wp-content\/uploads\/2022\/02\/e6758369-f26f-462c-97c6-56b420308c48-1024x484.jpg 1024w, https:\/\/www.radiopiu.net\/wordpress\/wp-content\/uploads\/2022\/02\/e6758369-f26f-462c-97c6-56b420308c48-768x363.jpg 768w, https:\/\/www.radiopiu.net\/wordpress\/wp-content\/uploads\/2022\/02\/e6758369-f26f-462c-97c6-56b420308c48-1536x727.jpg 1536w, https:\/\/www.radiopiu.net\/wordpress\/wp-content\/uploads\/2022\/02\/e6758369-f26f-462c-97c6-56b420308c48.jpg 1600w\" sizes=\"auto, (max-width: 300px) 100vw, 300px\" \/><\/a>\n\t\t\t\t<\/dt>\n\t\t\t\t\t<dd class='wp-caption-text gallery-caption' id='gallery-1-258808'>\n\t\t\t\t\tCORDE MOLE\n\t\t\t\t\t<\/dd><\/dl><dl class='gallery-item'>\n\t\t\t\t<dt class='gallery-icon landscape'>\n\t\t\t\t\t<a class=\"rollover rollover-zoom dt-pswp-item\" title=\"7cd90b66-c73e-46ea-a575-a3f9c7f004a1\" data-dt-img-description=\"\" data-large_image_width=\"1600\" data-large_image_height=\"1320\"href='https:\/\/www.radiopiu.net\/wordpress\/wp-content\/uploads\/2022\/02\/7cd90b66-c73e-46ea-a575-a3f9c7f004a1.jpg'><img loading=\"lazy\" decoding=\"async\" width=\"300\" height=\"248\" src=\"https:\/\/www.radiopiu.net\/wordpress\/wp-content\/uploads\/2022\/02\/7cd90b66-c73e-46ea-a575-a3f9c7f004a1-300x248.jpg\" class=\"attachment-medium size-medium\" alt=\"\" aria-describedby=\"gallery-1-258807\" srcset=\"https:\/\/www.radiopiu.net\/wordpress\/wp-content\/uploads\/2022\/02\/7cd90b66-c73e-46ea-a575-a3f9c7f004a1-300x248.jpg 300w, https:\/\/www.radiopiu.net\/wordpress\/wp-content\/uploads\/2022\/02\/7cd90b66-c73e-46ea-a575-a3f9c7f004a1-1024x845.jpg 1024w, https:\/\/www.radiopiu.net\/wordpress\/wp-content\/uploads\/2022\/02\/7cd90b66-c73e-46ea-a575-a3f9c7f004a1-768x634.jpg 768w, https:\/\/www.radiopiu.net\/wordpress\/wp-content\/uploads\/2022\/02\/7cd90b66-c73e-46ea-a575-a3f9c7f004a1-1536x1267.jpg 1536w, https:\/\/www.radiopiu.net\/wordpress\/wp-content\/uploads\/2022\/02\/7cd90b66-c73e-46ea-a575-a3f9c7f004a1.jpg 1600w\" sizes=\"auto, (max-width: 300px) 100vw, 300px\" \/><\/a>\n\t\t\t\t<\/dt>\n\t\t\t\t\t<dd class='wp-caption-text gallery-caption' id='gallery-1-258807'>\n\t\t\t\t\tBITTI\n\t\t\t\t\t<\/dd><\/dl><br style=\"clear: both\" \/>\n\t\t\t<\/div>\n\n<p>&nbsp;<\/p>\n<p><strong>GOSALDO<\/strong> C&#8217;era una volta un ponte, ma non c&#8217;\u00e8 pi\u00f9. Davide Ren anche a nome di chi ha a cuore il proprio territorio,\u00a0 a due anni dai nubifragi che hanno devastato la zona gosaldina ha chiesto informazioni al Settore Difesa del Suolo Patrimonio e Viabilit\u00e0,\u00a0 Servizio Difesa del Suolo e Protezione Civile della Provincia di Belluno. Una precisa segnalazione (il 13 dicembre 2021) della situazione di pericolo e richiesta intervento.\u00a0 La risposta non lascia spazio a dubbi, il ponte non si far\u00e0. Infatti a Davide Ren e al Comune di Gosaldo il Settore Difesa della Provincia di Belluno ha risposto che non ha competenza &#8220;Comunque in qualit\u00e0 di soggetto attuatore ha provveduto ad inoltrare alla struttura commissariale competente, su segnalazione del Comune di Gosaldo, richiesta di ristoro ai dissesti conseguenti gli eventi alluvionali del dicembre 2020&#8221;. Ma soprattutto nella missiva veniva precisato che non risultava alcun finanziamento per il ponte in localit\u00e0 Bitti.<\/p>\n<p>&nbsp;<\/p>\n<p>&nbsp;<\/p>\n<p>***<\/p>\n","protected":false},"excerpt":{"rendered":"<p>GOSALDO Un nostro ascoltatore-lettore percorre quotidianamente la strada che scende da Gosaldo verso Agordo (provinciale 3 Valle Imperina), ogni giorno guarda con tristezza il bosco devastato da Vaia, lungo una strada che scivola sempre pi\u00f9 gi\u00f9,\u00a0 peraltro gravata da tonnellate di asfalto posato ad ogni scoscendimento e in questi ultimi anni si sono spesso ripetuti.&hellip;<\/p>\n","protected":false},"author":4,"featured_media":258809,"comment_status":"closed","ping_status":"closed","sticky":false,"template":"","format":"standard","meta":{"_monsterinsights_skip_tracking":false,"_monsterinsights_sitenote_active":false,"_monsterinsights_sitenote_note":"","_monsterinsights_sitenote_category":0,"footnotes":""},"categories":[51,49],"tags":[],"class_list":["post-258806","post","type-post","status-publish","format-standard","has-post-thumbnail","hentry","category-evidenza-top","category-news-18","category-51","category-49","description-off"],"img_url":"https:\/\/www.radiopiu.net\/wordpress\/wp-content\/uploads\/2022\/02\/19bd6ac4-a545-47ab-ac96-8a5156505188.jpg","_links":{"self":[{"href":"https:\/\/www.radiopiu.net\/wordpress\/wp-json\/wp\/v2\/posts\/258806","targetHints":{"allow":["GET"]}}],"collection":[{"href":"https:\/\/www.radiopiu.net\/wordpress\/wp-json\/wp\/v2\/posts"}],"about":[{"href":"https:\/\/www.radiopiu.net\/wordpress\/wp-json\/wp\/v2\/types\/post"}],"author":[{"embeddable":true,"href":"https:\/\/www.radiopiu.net\/wordpress\/wp-json\/wp\/v2\/users\/4"}],"replies":[{"embeddable":true,"href":"https:\/\/www.radiopiu.net\/wordpress\/wp-json\/wp\/v2\/comments?post=258806"}],"version-history":[{"count":0,"href":"https:\/\/www.radiopiu.net\/wordpress\/wp-json\/wp\/v2\/posts\/258806\/revisions"}],"wp:featuredmedia":[{"embeddable":true,"href":"https:\/\/www.radiopiu.net\/wordpress\/wp-json\/wp\/v2\/media\/258809"}],"wp:attachment":[{"href":"https:\/\/www.radiopiu.net\/wordpress\/wp-json\/wp\/v2\/media?parent=258806"}],"wp:term":[{"taxonomy":"category","embeddable":true,"href":"https:\/\/www.radiopiu.net\/wordpress\/wp-json\/wp\/v2\/categories?post=258806"},{"taxonomy":"post_tag","embeddable":true,"href":"https:\/\/www.radiopiu.net\/wordpress\/wp-json\/wp\/v2\/tags?post=258806"}],"curies":[{"name":"wp","href":"https:\/\/api.w.org\/{rel}","templated":true}]}}