{"id":258834,"date":"2022-02-11T05:53:07","date_gmt":"2022-02-11T04:53:07","guid":{"rendered":"https:\/\/www.radiopiu.net\/wordpress\/?p=258834"},"modified":"2022-02-11T09:46:42","modified_gmt":"2022-02-11T08:46:42","slug":"giornale-radiopiu-11-febbraio-2022-direttore-mirko-mezzacasa","status":"publish","type":"post","link":"https:\/\/www.radiopiu.net\/wordpress\/giornale-radiopiu-11-febbraio-2022-direttore-mirko-mezzacasa\/","title":{"rendered":"GIORNALE RADIOPIU 11 FEBBRAIO 2022 DIRETTORE MIRKO MEZZACASA"},"content":{"rendered":"<h3 class=\"kvgmc6g5 cxmmr5t8 oygrvhab hcukyx3x c1et5uql\"><span style=\"color: #0000ff;\"><strong>INFORMAZIONE il canale su TELEGRAM informazione di prima mano e in tempo reale. iscriviti ed aiutaci a farlo conoscere\u00a0 \u00a0<\/strong><\/span><\/h3>\n<p>&nbsp;<\/p>\n<p>&nbsp;<\/p>\n<p>&nbsp;<\/p>\n<hr \/>\n<p>&nbsp;<\/p>\n<blockquote>\n<h2>CARO BOLLETTE, PROTESTA AL BUIO E DA ALLEGHE LA MINACCIA DEL SINDACO DANILO DE TONI &#8220;IL PALASPORT SE CONTINUA IN QUESTO MODO SARA&#8217; CHIUSO, CASA DI RIPOSO E SCUOLE HANNO LA PRIORITA'&#8221;<\/h2>\n<\/blockquote>\n<p><strong>BELLUNO<\/strong> Le foto di Palazzo Rosso e del Ponte della Vittoria con l&#8217;illuminazione spenta, vista l&#8217;adesione del Comune di Belluno alla protesta ANCI contro il caro bollette.<\/p>\n\n\t\t\t<style type='text\/css'>\n\t\t\t\t#gallery-1 {\n\t\t\t\t\tmargin: auto;\n\t\t\t\t}\n\t\t\t\t#gallery-1 .gallery-item {\n\t\t\t\t\tfloat: left;\n\t\t\t\t\tmargin-top: 10px;\n\t\t\t\t\ttext-align: center;\n\t\t\t\t\twidth: 50%;\n\t\t\t\t}\n\t\t\t\t#gallery-1 img {\n\t\t\t\t\tborder: 2px solid #cfcfcf;\n\t\t\t\t}\n\t\t\t\t#gallery-1 .gallery-caption {\n\t\t\t\t\tmargin-left: 0;\n\t\t\t\t}\n\t\t\t\t\/* see gallery_shortcode() in wp-includes\/media.php *\/\n\t\t\t<\/style>\n\t\t<div id='gallery-1' class='dt-gallery-container gallery galleryid-258834 gallery-columns-2 gallery-size-medium'><dl class='gallery-item'>\n\t\t\t\t<dt class='gallery-icon landscape'>\n\t\t\t\t\t<a class=\"rollover rollover-zoom dt-pswp-item\" title=\"Palazzo Rosso spento\" data-dt-img-description=\"\" data-large_image_width=\"2560\" data-large_image_height=\"1707\"href='https:\/\/www.radiopiu.net\/wordpress\/wp-content\/uploads\/2022\/02\/Palazzo-Rosso-spento-scaled.jpg'><img loading=\"lazy\" decoding=\"async\" width=\"300\" height=\"200\" src=\"https:\/\/www.radiopiu.net\/wordpress\/wp-content\/uploads\/2022\/02\/Palazzo-Rosso-spento-300x200.jpg\" class=\"attachment-medium size-medium\" alt=\"\" aria-describedby=\"gallery-1-259025\" srcset=\"https:\/\/www.radiopiu.net\/wordpress\/wp-content\/uploads\/2022\/02\/Palazzo-Rosso-spento-300x200.jpg 300w, https:\/\/www.radiopiu.net\/wordpress\/wp-content\/uploads\/2022\/02\/Palazzo-Rosso-spento-1024x683.jpg 1024w, https:\/\/www.radiopiu.net\/wordpress\/wp-content\/uploads\/2022\/02\/Palazzo-Rosso-spento-768x512.jpg 768w, https:\/\/www.radiopiu.net\/wordpress\/wp-content\/uploads\/2022\/02\/Palazzo-Rosso-spento-1536x1024.jpg 1536w, https:\/\/www.radiopiu.net\/wordpress\/wp-content\/uploads\/2022\/02\/Palazzo-Rosso-spento-2048x1365.jpg 2048w\" sizes=\"auto, (max-width: 300px) 100vw, 300px\" \/><\/a>\n\t\t\t\t<\/dt>\n\t\t\t\t\t<dd class='wp-caption-text gallery-caption' id='gallery-1-259025'>\n\t\t\t\t\tSPENTO\n\t\t\t\t\t<\/dd><\/dl><dl class='gallery-item'>\n\t\t\t\t<dt class='gallery-icon landscape'>\n\t\t\t\t\t<a class=\"rollover rollover-zoom dt-pswp-item\" title=\"Palazzo Rosso illuminato\" data-dt-img-description=\"\" data-large_image_width=\"2560\" data-large_image_height=\"1707\"href='https:\/\/www.radiopiu.net\/wordpress\/wp-content\/uploads\/2022\/02\/Palazzo-Rosso-illuminato-scaled.jpg'><img loading=\"lazy\" decoding=\"async\" width=\"300\" height=\"200\" src=\"https:\/\/www.radiopiu.net\/wordpress\/wp-content\/uploads\/2022\/02\/Palazzo-Rosso-illuminato-300x200.jpg\" class=\"attachment-medium size-medium\" alt=\"\" aria-describedby=\"gallery-1-259024\" srcset=\"https:\/\/www.radiopiu.net\/wordpress\/wp-content\/uploads\/2022\/02\/Palazzo-Rosso-illuminato-300x200.jpg 300w, https:\/\/www.radiopiu.net\/wordpress\/wp-content\/uploads\/2022\/02\/Palazzo-Rosso-illuminato-1024x683.jpg 1024w, https:\/\/www.radiopiu.net\/wordpress\/wp-content\/uploads\/2022\/02\/Palazzo-Rosso-illuminato-768x512.jpg 768w, https:\/\/www.radiopiu.net\/wordpress\/wp-content\/uploads\/2022\/02\/Palazzo-Rosso-illuminato-1536x1024.jpg 1536w, https:\/\/www.radiopiu.net\/wordpress\/wp-content\/uploads\/2022\/02\/Palazzo-Rosso-illuminato-2048x1365.jpg 2048w\" sizes=\"auto, (max-width: 300px) 100vw, 300px\" \/><\/a>\n\t\t\t\t<\/dt>\n\t\t\t\t\t<dd class='wp-caption-text gallery-caption' id='gallery-1-259024'>\n\t\t\t\t\tACCESO\n\t\t\t\t\t<\/dd><\/dl><br style=\"clear: both\" \/>\n\t\t\t<\/div>\n\n\n\t\t\t<style type='text\/css'>\n\t\t\t\t#gallery-2 {\n\t\t\t\t\tmargin: auto;\n\t\t\t\t}\n\t\t\t\t#gallery-2 .gallery-item {\n\t\t\t\t\tfloat: left;\n\t\t\t\t\tmargin-top: 10px;\n\t\t\t\t\ttext-align: center;\n\t\t\t\t\twidth: 25%;\n\t\t\t\t}\n\t\t\t\t#gallery-2 img {\n\t\t\t\t\tborder: 2px solid #cfcfcf;\n\t\t\t\t}\n\t\t\t\t#gallery-2 .gallery-caption {\n\t\t\t\t\tmargin-left: 0;\n\t\t\t\t}\n\t\t\t\t\/* see gallery_shortcode() in wp-includes\/media.php *\/\n\t\t\t<\/style>\n\t\t<div id='gallery-2' class='dt-gallery-container gallery galleryid-258834 gallery-columns-4 gallery-size-thumbnail'><dl class='gallery-item'>\n\t\t\t\t<dt class='gallery-icon landscape'>\n\t\t\t\t\t<a class=\"rollover rollover-zoom dt-pswp-item\" title=\"Ponte della Vittoria - luci ornamentali (1)\" data-dt-img-description=\"\" data-large_image_width=\"2560\" data-large_image_height=\"1707\"href='https:\/\/www.radiopiu.net\/wordpress\/wp-content\/uploads\/2022\/02\/Ponte-della-Vittoria-luci-ornamentali-1-1-scaled.jpg'><img loading=\"lazy\" decoding=\"async\" width=\"150\" height=\"150\" src=\"https:\/\/www.radiopiu.net\/wordpress\/wp-content\/uploads\/2022\/02\/Ponte-della-Vittoria-luci-ornamentali-1-1-150x150.jpg\" class=\"attachment-thumbnail size-thumbnail\" alt=\"\" aria-describedby=\"gallery-2-259023\" \/><\/a>\n\t\t\t\t<\/dt>\n\t\t\t\t\t<dd class='wp-caption-text gallery-caption' id='gallery-2-259023'>\n\t\t\t\t\tACCESO\n\t\t\t\t\t<\/dd><\/dl><dl class='gallery-item'>\n\t\t\t\t<dt class='gallery-icon landscape'>\n\t\t\t\t\t<a class=\"rollover rollover-zoom dt-pswp-item\" title=\"Ponte della Vittoria spento (1)\" data-dt-img-description=\"\" data-large_image_width=\"2560\" data-large_image_height=\"1707\"href='https:\/\/www.radiopiu.net\/wordpress\/wp-content\/uploads\/2022\/02\/Ponte-della-Vittoria-spento-1-scaled.jpg'><img loading=\"lazy\" decoding=\"async\" width=\"150\" height=\"150\" src=\"https:\/\/www.radiopiu.net\/wordpress\/wp-content\/uploads\/2022\/02\/Ponte-della-Vittoria-spento-1-150x150.jpg\" class=\"attachment-thumbnail size-thumbnail\" alt=\"\" aria-describedby=\"gallery-2-259021\" \/><\/a>\n\t\t\t\t<\/dt>\n\t\t\t\t\t<dd class='wp-caption-text gallery-caption' id='gallery-2-259021'>\n\t\t\t\t\tSPENTO\n\t\t\t\t\t<\/dd><\/dl><dl class='gallery-item'>\n\t\t\t\t<dt class='gallery-icon landscape'>\n\t\t\t\t\t<a class=\"rollover rollover-zoom dt-pswp-item\" title=\"Ponte della Vittoria - luci ornamentali (2)\" data-dt-img-description=\"\" data-large_image_width=\"2560\" data-large_image_height=\"1707\"href='https:\/\/www.radiopiu.net\/wordpress\/wp-content\/uploads\/2022\/02\/Ponte-della-Vittoria-luci-ornamentali-2-1-scaled.jpg'><img loading=\"lazy\" decoding=\"async\" width=\"150\" height=\"150\" src=\"https:\/\/www.radiopiu.net\/wordpress\/wp-content\/uploads\/2022\/02\/Ponte-della-Vittoria-luci-ornamentali-2-1-150x150.jpg\" class=\"attachment-thumbnail size-thumbnail\" alt=\"\" aria-describedby=\"gallery-2-259022\" \/><\/a>\n\t\t\t\t<\/dt>\n\t\t\t\t\t<dd class='wp-caption-text gallery-caption' id='gallery-2-259022'>\n\t\t\t\t\tACCESO\n\t\t\t\t\t<\/dd><\/dl><dl class='gallery-item'>\n\t\t\t\t<dt class='gallery-icon landscape'>\n\t\t\t\t\t<a class=\"rollover rollover-zoom dt-pswp-item\" title=\"Ponte della Vittoria spento (2)\" data-dt-img-description=\"\" data-large_image_width=\"2560\" data-large_image_height=\"1707\"href='https:\/\/www.radiopiu.net\/wordpress\/wp-content\/uploads\/2022\/02\/Ponte-della-Vittoria-spento-2-scaled.jpg'><img loading=\"lazy\" decoding=\"async\" width=\"150\" height=\"150\" src=\"https:\/\/www.radiopiu.net\/wordpress\/wp-content\/uploads\/2022\/02\/Ponte-della-Vittoria-spento-2-150x150.jpg\" class=\"attachment-thumbnail size-thumbnail\" alt=\"\" aria-describedby=\"gallery-2-259020\" \/><\/a>\n\t\t\t\t<\/dt>\n\t\t\t\t\t<dd class='wp-caption-text gallery-caption' id='gallery-2-259020'>\n\t\t\t\t\tSPENTO\n\t\t\t\t\t<\/dd><\/dl><br style=\"clear: both\" \/>\n\t\t\t<\/div>\n\n<p><strong>IL SINDACO JACOPO MASSARO\u00a0<\/strong><\/p>\n<audio class=\"wp-audio-shortcode\" id=\"audio-258834-1\" preload=\"none\" style=\"width: 100%;\" controls=\"controls\"><source type=\"audio\/mpeg\" src=\"https:\/\/www.radiopiu.net\/wordpress\/wp-content\/uploads\/2022\/02\/MASSARO-CARO-BOLLETTE.mp3?_=1\" \/><a href=\"https:\/\/www.radiopiu.net\/wordpress\/wp-content\/uploads\/2022\/02\/MASSARO-CARO-BOLLETTE.mp3\">https:\/\/www.radiopiu.net\/wordpress\/wp-content\/uploads\/2022\/02\/MASSARO-CARO-BOLLETTE.mp3<\/a><\/audio>\n<p>&nbsp;<\/p>\n<hr \/>\n<p>&nbsp;<\/p>\n<blockquote>\n<h3>PUNTI TAMPONI STRAORDINARI A PALUDI<\/h3>\n<\/blockquote>\n<p><strong>BELLUNO <\/strong>Come nei precedenti week end, l\u2019Ulss Dolomiti attiva per domani\u00a0 e dopodomani\u00a0 dalle 14.30 alle 18.30 un punto tamponi ad accesso libero a Paludi per persone con sintomatologia covid, per le quali non sia possibile rinviare il tampone nei giorni successivi. Sar\u00e0 presente un medico per un triage all\u2019ingresso e l\u2019eventuale prescrizione. Non\u00a0 \u00e8 quindi necessario chiamare il 118 o la Guardia medica per l\u2019impegnativa.<\/p>\n<p>&nbsp;<\/p>\n<p>&nbsp;<\/p>\n<hr \/>\n<p>&nbsp;<\/p>\n<blockquote>\n<h3>CAMION SUI BINARI, EVITATO IL PEGGIO GRAZIE ALLA SEGNALAZIONE<\/h3>\n<\/blockquote>\n<p><strong>TREVISO<\/strong> Hanno avvisato i vigili del fuoco che un camion era sui binari mentre stava arrivando il treno, a Castagnole di Paese.\u00a0 Provvidenziale l&#8217;intervento di tre persone, tra cui un vigile del fuoco che hanno avvisato in tempo fermando il treno partito da Belluno verso Treviso che ormai era in prossimit\u00e0 del pericolo. Una volta riaperte le sbarre e liberate le rotaie dal mezzo pesante il traffico ferroviario \u00e8 ripreso con normalit\u00e0<\/p>\n<p>&nbsp;<\/p>\n<hr \/>\n<p>&nbsp;<\/p>\n<blockquote>\n<h3>LO SCHIANTO DI PRIMO MATTINO, IERI A SAPPADA UN PICK UP E&#8217; FINITO CON VIOLENZA CONTRO IL PULLMAN DELLA DOLOMITIBUS APPENA USCITO DAI GARAGE<\/h3>\n<\/blockquote>\n\n\t\t\t<style type='text\/css'>\n\t\t\t\t#gallery-3 {\n\t\t\t\t\tmargin: auto;\n\t\t\t\t}\n\t\t\t\t#gallery-3 .gallery-item {\n\t\t\t\t\tfloat: left;\n\t\t\t\t\tmargin-top: 10px;\n\t\t\t\t\ttext-align: center;\n\t\t\t\t\twidth: 33%;\n\t\t\t\t}\n\t\t\t\t#gallery-3 img {\n\t\t\t\t\tborder: 2px solid #cfcfcf;\n\t\t\t\t}\n\t\t\t\t#gallery-3 .gallery-caption {\n\t\t\t\t\tmargin-left: 0;\n\t\t\t\t}\n\t\t\t\t\/* see gallery_shortcode() in wp-includes\/media.php *\/\n\t\t\t<\/style>\n\t\t<div id='gallery-3' class='dt-gallery-container gallery galleryid-258834 gallery-columns-3 gallery-size-thumbnail'><dl class='gallery-item'>\n\t\t\t\t<dt class='gallery-icon portrait'>\n\t\t\t\t\t<a class=\"rollover rollover-zoom dt-pswp-item\" title=\"c512f7c4-c097-4b2d-98f8-600b49c31e3c\" data-dt-img-description=\"\" data-large_image_width=\"1200\" data-large_image_height=\"1600\"href='https:\/\/www.radiopiu.net\/wordpress\/wp-content\/uploads\/2022\/02\/c512f7c4-c097-4b2d-98f8-600b49c31e3c.jpg'><img loading=\"lazy\" decoding=\"async\" width=\"150\" height=\"150\" src=\"https:\/\/www.radiopiu.net\/wordpress\/wp-content\/uploads\/2022\/02\/c512f7c4-c097-4b2d-98f8-600b49c31e3c-150x150.jpg\" class=\"attachment-thumbnail size-thumbnail\" alt=\"\" \/><\/a>\n\t\t\t\t<\/dt><\/dl><dl class='gallery-item'>\n\t\t\t\t<dt class='gallery-icon landscape'>\n\t\t\t\t\t<a class=\"rollover rollover-zoom dt-pswp-item\" title=\"36ce32de-596b-41a8-830c-3325133a7faf\" data-dt-img-description=\"\" data-large_image_width=\"1600\" data-large_image_height=\"1200\"href='https:\/\/www.radiopiu.net\/wordpress\/wp-content\/uploads\/2022\/02\/36ce32de-596b-41a8-830c-3325133a7faf.jpg'><img loading=\"lazy\" decoding=\"async\" width=\"150\" height=\"150\" src=\"https:\/\/www.radiopiu.net\/wordpress\/wp-content\/uploads\/2022\/02\/36ce32de-596b-41a8-830c-3325133a7faf-150x150.jpg\" class=\"attachment-thumbnail size-thumbnail\" alt=\"\" \/><\/a>\n\t\t\t\t<\/dt><\/dl><dl class='gallery-item'>\n\t\t\t\t<dt class='gallery-icon portrait'>\n\t\t\t\t\t<a class=\"rollover rollover-zoom dt-pswp-item\" title=\"884305c7-93dc-44a3-85f7-7b1e903bc165\" data-dt-img-description=\"\" data-large_image_width=\"1200\" data-large_image_height=\"1600\"href='https:\/\/www.radiopiu.net\/wordpress\/wp-content\/uploads\/2022\/02\/884305c7-93dc-44a3-85f7-7b1e903bc165.jpg'><img loading=\"lazy\" decoding=\"async\" width=\"150\" height=\"150\" src=\"https:\/\/www.radiopiu.net\/wordpress\/wp-content\/uploads\/2022\/02\/884305c7-93dc-44a3-85f7-7b1e903bc165-150x150.jpg\" class=\"attachment-thumbnail size-thumbnail\" alt=\"\" \/><\/a>\n\t\t\t\t<\/dt><\/dl><br style=\"clear: both\" \/>\n\t\t\t<\/div>\n\n<p>&nbsp;<\/p>\n<p>&nbsp;<\/p>\n<hr \/>\n<p>&nbsp;<\/p>\n<blockquote>\n<h3>IL GOVERNO STANZIA 1,8 MILIONI DI EURO A CANALE D&#8217;AGORDO. TUTTI I DETTAGLI DEL PROGETTO<\/h3>\n<\/blockquote>\n<p><strong><a href=\"https:\/\/www.radiopiu.net\/wordpress\/un-fine-settimana-ricco-di-eventi-al-museo-albino-luciani-di-canale-dagordo\/prima-latteria-cooperativa-ditalia\/\" rel=\"attachment wp-att-223158\"><img loading=\"lazy\" decoding=\"async\" class=\" wp-image-223158 alignleft\" src=\"https:\/\/www.radiopiu.net\/wordpress\/wp-content\/uploads\/2021\/07\/Prima-Latteria-Cooperativa-dItalia-300x234.jpg\" alt=\"\" width=\"210\" height=\"164\" srcset=\"https:\/\/www.radiopiu.net\/wordpress\/wp-content\/uploads\/2021\/07\/Prima-Latteria-Cooperativa-dItalia-300x234.jpg 300w, https:\/\/www.radiopiu.net\/wordpress\/wp-content\/uploads\/2021\/07\/Prima-Latteria-Cooperativa-dItalia.jpg 656w\" sizes=\"auto, (max-width: 210px) 100vw, 210px\" \/><\/a>CANALE D&#8217;AGORDO<\/strong><\/p>\n<p>di Gianni Santomaso<\/p>\n<audio class=\"wp-audio-shortcode\" id=\"audio-258834-2\" preload=\"none\" style=\"width: 100%;\" controls=\"controls\"><source type=\"audio\/mpeg\" src=\"https:\/\/www.radiopiu.net\/wordpress\/wp-content\/uploads\/2022\/02\/GIANNI-CANALE-SOLDI.mp3?_=2\" \/><a href=\"https:\/\/www.radiopiu.net\/wordpress\/wp-content\/uploads\/2022\/02\/GIANNI-CANALE-SOLDI.mp3\">https:\/\/www.radiopiu.net\/wordpress\/wp-content\/uploads\/2022\/02\/GIANNI-CANALE-SOLDI.mp3<\/a><\/audio>\n<p>&nbsp;<\/p>\n<p><strong>IERI ALLA RADIO, IL DEPUTATO ROGER DE MENECH<\/strong><\/p>\n<audio class=\"wp-audio-shortcode\" id=\"audio-258834-3\" preload=\"none\" style=\"width: 100%;\" controls=\"controls\"><source type=\"audio\/mpeg\" src=\"https:\/\/www.radiopiu.net\/wordpress\/wp-content\/uploads\/2022\/02\/roger.mp3?_=3\" \/><a href=\"https:\/\/www.radiopiu.net\/wordpress\/wp-content\/uploads\/2022\/02\/roger.mp3\">https:\/\/www.radiopiu.net\/wordpress\/wp-content\/uploads\/2022\/02\/roger.mp3<\/a><\/audio>\n<p>&nbsp;<\/p>\n<p>&nbsp;<\/p>\n<hr \/>\n<p>&nbsp;<\/p>\n<blockquote>\n<h3>IL TRATTORE CHE NON C&#8217;E&#8217;, IN QUATTRO A PROCESSO<\/h3>\n<\/blockquote>\n<p><strong>GOSALDO<\/strong>\u00a0 Un trattore pagato 5.000 euro in anticipo non \u00e8 mai arrivato a Gosaldo nonostante due corretti versamenti su una carta Postepay. Inevitabile la denuncia ai carabinieri di Gosaldo, le cui indagini hanno portato a quattro persone residenti nella Locride, in provincia di Reggio Calabria.\u00a0 Nessuno degli imputati era presente all&#8217;udienza preliminare di ieri mattina, davanti al giudice Enrica Marson, ma nei prossimi mesi andranno a processo.\u00a0 Tutti i soldi sono stati incassati e il &#8220;Tigrone&#8221; non \u00e8 mai arrivato via corriere.<\/p>\n<p>&nbsp;<\/p>\n<hr \/>\n<p>&nbsp;<\/p>\n<blockquote>\n<h3>BOSTRICO. LA REGIONE DEL VENETO IN CAMPO CON FINANZIAMENTI E SOSTEGNI PER CONTRASTARE LA FITOPATIA CHE HA COLPITO GLI ABETI ROSSI<\/h3>\n<\/blockquote>\n<p><strong><a href=\"https:\/\/www.radiopiu.net\/wordpress\/post-vaia-recuperati-10mila-metri-cubi-di-legname-ma-il-bostrico-dilaga\/bostrico-2\/\" rel=\"attachment wp-att-254880\"><img loading=\"lazy\" decoding=\"async\" class=\"size-medium wp-image-254880 alignleft\" src=\"https:\/\/www.radiopiu.net\/wordpress\/wp-content\/uploads\/2022\/01\/BOSTRICO-300x225.jpg\" alt=\"\" width=\"300\" height=\"225\" srcset=\"https:\/\/www.radiopiu.net\/wordpress\/wp-content\/uploads\/2022\/01\/BOSTRICO-300x225.jpg 300w, https:\/\/www.radiopiu.net\/wordpress\/wp-content\/uploads\/2022\/01\/BOSTRICO-1024x768.jpg 1024w, https:\/\/www.radiopiu.net\/wordpress\/wp-content\/uploads\/2022\/01\/BOSTRICO-768x576.jpg 768w, https:\/\/www.radiopiu.net\/wordpress\/wp-content\/uploads\/2022\/01\/BOSTRICO-1536x1152.jpg 1536w, https:\/\/www.radiopiu.net\/wordpress\/wp-content\/uploads\/2022\/01\/BOSTRICO.jpg 2048w\" sizes=\"auto, (max-width: 300px) 100vw, 300px\" \/><\/a>VENEZIA <\/strong>Un conto \u00e8 la fase emergenziale legata alla tempesta Vaia, peraltro chiusa lo scorso gennaio con ordinanza del Capo di Dipartimento della Protezione Civile nazionale, un altro \u00e8 invece la fase operativa ordinaria, che interessa direttamente gli interventi per il superamento della crisi causata dagli eccezionali eventi metereologici dell\u2019autunno 2018. Tra questi rientrano anche tutti gli aspetti di ripristino, di gestione delle opere agricolo-forestali per rimettere in sicurezza le foreste colpite da una calamit\u00e0 naturale mai vista prima nelle Dolomiti e nelle Prealpi Venete. I tecnici della Unit\u00e0 organizzativa Foreste e Selvicoltura sono impegnati tanto sul fronte della difesa ambientale, tanto su quello dei sostegni per affrontare la questione legata alla gestione del parassita che colpisce, da sempre, i boschi veneti. \u201c<em>Fin da subito \u2013 ha dichiarato l\u2019Assessore all\u2019Ambiente e alla Difesa del Suolo della Regione del Veneto, Gianpaolo Bottacin &#8211; la fase emergenziale \u00e8 stata gestita in Veneto in modo egregio grazie all&#8217;attivit\u00e0 dei molteplici soggetti attuatori coordinati dal commissario. Fin da subito \u00e8 stato affrontato in questo ambito anche il tema degli schianti, che tra le conseguenze porta anche il bostrico. Tra le varie attivit\u00e0 anche una convenzione importante con l\u2019Universit\u00e0 di Padova, vari cantieri di esbosco operati dai servizi forestali per oltre 500.000 euro e molto altro, tra cui l&#8217;aggiornamento del piano di incendi boschivi approvato in aula<\/em>\u201d. \u201c<em>Tra le azioni che come Regione abbiamo messo in campo c\u2019\u00e8 anche il sostegno, attraverso i bandi delle misure forestali del Programma di Sviluppo Rurale 2014-2020, alle esigenze di investimento in attrezzature delle imprese boschive impegnate nella pulizia dei boschi \u2013 sottolinea l\u2019assessore regionale all\u2019Agricoltura Caner &#8211; e agli interventi di rispristino delle foreste danneggiate tanto dalla tempesta quanto dai danni provocati da patogeni, tra i quali anche il bostrico. L\u2019Agenzia Veneta per i Pagamenti (AVEPA) sta, infatti, completando l\u2019istruttoria delle 42 domande di ripristino di boschi danneggiati e delle 72 domande di aiuto per investimenti in attrezzature presentate sulla base delle indicazioni che sono arrivate dalla Uo foreste e selvicoltura. Le risorse rese disponibili per queste finalit\u00e0 dal PSR 2014-2020, con il bando chiuso a ottobre 2021, ammontano a 5.000.000,00 euro per gli aiuti al ripristino dei boschi e a 5.800.000,00 euro di aiuti per gli investimenti in attrezzature forestali<\/em>\u201d. La fitopatia ha proliferato soprattutto sugli schianti, propagandosi poi alle piante ancora in piedi, fortemente indebolite sia dalla tempesta che dal cambiamento climatico: una questione complessa che ha richiesto la discesa in campo di diversi soggetti attuatori e di competenze trasversali.<\/p>\n<p>&nbsp;<\/p>\n<p>&nbsp;<\/p>\n<hr \/>\n<p>&nbsp;<\/p>\n<blockquote>\n<h3>&#8220;SARA E LA PERLA&#8221;, IL RACCONTO ARTISTICO E DI BENEFICIENZA<\/h3>\n<\/blockquote>\n<p><a href=\"https:\/\/www.radiopiu.net\/wordpress\/sara-e-la-perla-il-racconto-artistico-e-di-beneficienza\/sara_andrich_e_chef_zambon\/\" rel=\"attachment wp-att-258909\"><img loading=\"lazy\" decoding=\"async\" class=\"size-medium wp-image-258909 alignleft\" src=\"https:\/\/www.radiopiu.net\/wordpress\/wp-content\/uploads\/2022\/02\/Sara_Andrich_e_chef_Zambon-300x225.jpg\" alt=\"\" width=\"300\" height=\"225\" srcset=\"https:\/\/www.radiopiu.net\/wordpress\/wp-content\/uploads\/2022\/02\/Sara_Andrich_e_chef_Zambon-300x225.jpg 300w, https:\/\/www.radiopiu.net\/wordpress\/wp-content\/uploads\/2022\/02\/Sara_Andrich_e_chef_Zambon-768x576.jpg 768w, https:\/\/www.radiopiu.net\/wordpress\/wp-content\/uploads\/2022\/02\/Sara_Andrich_e_chef_Zambon.jpg 1024w\" sizes=\"auto, (max-width: 300px) 100vw, 300px\" \/><\/a><strong>PONTE NELLE ALPI<\/strong> Sara Andrich conosciuta e apprezzata artista bellunese ha esposto le sue opere \u00a0negli spazi del ristorante \u201cLa Perla\u201d dello chef Massimiliano Zambon, in viale Cadore. Con un obiettivo, raccogliere dei fondi per buoni spesa da dedicare alle famiglie in difficolt\u00e0 grazie alle libere offerte dei visitatori.\u00a0 <em>&#8220;Ringraziamo di cuore Sara e Massimiliano per questo gesto cos\u00ec significativo. L\u2019arte \u00e8 strettamente connessa alla capacit\u00e0 di trasmettere emozioni, messaggi e solidariet\u00e0. Aver pensato a una mostra a scopo benefico \u00e8 un segnale importante che pu\u00f2 trovare ulteriori sviluppi\u00bb,<\/em> ha evidenziato il primo cittadino Paolo Vendramini. (foto Sara Andrich_Massimiliano Zambon)<\/p>\n<blockquote><p><em>Sara Andrich: ha frequentato con successo l\u2019Accademia di Belle Arti a Venezia e aderito a molteplici iniziative e manifestazioni. La sua ricerca artistica spazia in molti campi: ama giocare cromaticamente, inserire elementi curiosi e interattivi e dare a ogni materiale nuova interpretazione.Si occupa di scultura lignea, di arte performativa, di installazione e land art, realizzando opere con materiali vari: legno, gesso, ceramica, ferro e perfino la neve. Da anni, inoltre, si dedica all\u2019insegnamento del disegno e della pittura.\u00a0<\/em><\/p><\/blockquote>\n<p>&nbsp;<\/p>\n<hr \/>\n<p>&nbsp;<\/p>\n<blockquote>\n<h3>PROGETTO VIVA VITTORIA &#8211; TRE CIME DI LAVAREDO: 37.500 euro in beneficienza<\/h3>\n<\/blockquote>\n<p><strong><a href=\"https:\/\/www.radiopiu.net\/wordpress\/giornale-radiopiu-11-febbraio-2022-direttore-mirko-mezzacasa\/tre-cime-di-lavaredo-bl-4-settembre-2021_51483171171_o\/\" rel=\"attachment wp-att-258936\"><img loading=\"lazy\" decoding=\"async\" class=\"size-medium wp-image-258936 alignleft\" src=\"https:\/\/www.radiopiu.net\/wordpress\/wp-content\/uploads\/2022\/02\/tre-cime-di-lavaredo-bl-4-settembre-2021_51483171171_o-300x169.jpg\" alt=\"\" width=\"300\" height=\"169\" srcset=\"https:\/\/www.radiopiu.net\/wordpress\/wp-content\/uploads\/2022\/02\/tre-cime-di-lavaredo-bl-4-settembre-2021_51483171171_o-300x169.jpg 300w, https:\/\/www.radiopiu.net\/wordpress\/wp-content\/uploads\/2022\/02\/tre-cime-di-lavaredo-bl-4-settembre-2021_51483171171_o-1024x576.jpg 1024w, https:\/\/www.radiopiu.net\/wordpress\/wp-content\/uploads\/2022\/02\/tre-cime-di-lavaredo-bl-4-settembre-2021_51483171171_o-768x432.jpg 768w, https:\/\/www.radiopiu.net\/wordpress\/wp-content\/uploads\/2022\/02\/tre-cime-di-lavaredo-bl-4-settembre-2021_51483171171_o-1536x864.jpg 1536w, https:\/\/www.radiopiu.net\/wordpress\/wp-content\/uploads\/2022\/02\/tre-cime-di-lavaredo-bl-4-settembre-2021_51483171171_o-2048x1152.jpg 2048w\" sizes=\"auto, (max-width: 300px) 100vw, 300px\" \/><\/a>BELLUNO<\/strong>\u00a0 A sette mesi dall&#8217;inaugurazione del progetto Viva Vittoria Tre Cime di Lavaredo l&#8217;Associazione Up Sogni Fuori dal Cassetto fa un bilancio, assegnando i contributi alle associazioni locali che lavorano a favore dell&#8217;accoglienza alle donne vittime di violenza e della sensibilizzazione in ambito di prevenzione. All&#8217;iniziativa hanno collaborato pi\u00f9 di 80 tra associazioni, enti, scuole ed istituzioni che si sono attivate nella creazione dei quadrati, unendo simbolicamente la Provincia di Belluno a tante altre contermini. Il 4 settembre la maxi coperta di 2500 metri quadrati aveva ammantato le magnifiche Tre Cime di Lavaredo.\u00a0 La data prescelta per la consegna dei contributi alle associazioni \u00e8 quella del 14 febbraio, universalmente riconosciuta come simbolo di amore universale, i 37500 euro raccolti saranno consegnati a quattro associazioni bellunesi:<strong>\u00a0 Belluno Donna<\/strong> potr\u00e0 attivare ed implementare varie attivit\u00e0 di supporto dedicate alle donne vittime di violenza fisica e psicologica (attualmente le persone seguite nell&#8217;ultimo anno sono 180):\u00a0 <strong>Cooperativa Bhlyster<\/strong> investir\u00e0 i fondi ricevuti per continuare a dare accoglienza alle donne vittime di violenza. Recentemente, per mancanza di fondi, la cooperativa rischiava di chiudere; <strong>l&#8217;Associazione Onda Rosa,<\/strong>\u00a0 aiuter\u00e0 le donne che colpite da tumore al seno, sono state lasciate dai compagni;\u00a0<strong> l&#8217;Associazione Up Sogni Fuori del Cassetto <\/strong>sta sostenendo una famiglia con figli in difficolt\u00e0 economiche.<\/p>\n<p>&nbsp;<\/p>\n<hr \/>\n<p>&nbsp;<\/p>\n<blockquote>\n<h3>BORGO DA RIQUALIFICARE. 41 DOMANDE PERVENUTE, 9 PROGETTI PRE-SELEZIONATI. TRE IN PROVINCIA DI BELLUNO<\/h3>\n<\/blockquote>\n<p><strong><a href=\"https:\/\/www.radiopiu.net\/wordpress\/sottoguda-diventa-borgo-dog-ditalia\/chiesa-sottoguda-consorzio-turistico-marmolada-1\/\" rel=\"attachment wp-att-222102\"><img loading=\"lazy\" decoding=\"async\" class=\"size-medium wp-image-222102 alignleft\" src=\"https:\/\/www.radiopiu.net\/wordpress\/wp-content\/uploads\/2021\/07\/Chiesa-Sottoguda-Consorzio-Turistico-Marmolada-1-300x225.jpg\" alt=\"\" width=\"300\" height=\"225\" srcset=\"https:\/\/www.radiopiu.net\/wordpress\/wp-content\/uploads\/2021\/07\/Chiesa-Sottoguda-Consorzio-Turistico-Marmolada-1-300x225.jpg 300w, https:\/\/www.radiopiu.net\/wordpress\/wp-content\/uploads\/2021\/07\/Chiesa-Sottoguda-Consorzio-Turistico-Marmolada-1-768x576.jpg 768w, https:\/\/www.radiopiu.net\/wordpress\/wp-content\/uploads\/2021\/07\/Chiesa-Sottoguda-Consorzio-Turistico-Marmolada-1.jpg 1024w\" sizes=\"auto, (max-width: 300px) 100vw, 300px\" \/><\/a>VENEZIA <\/strong>Sono 41 in totale le manifestazioni di interesse presentate dai Comuni del territorio regionale in risposta all\u2019avviso della Regione del Veneto pubblicato lo scorso dicembre e finalizzato all\u2019individuazione di un soggetto pubblico interessato ad attuare per il Veneto un progetto pilota per la rigenerazione culturale, sociale ed economica di un borgo storico a rischio abbandono o abbandonato. Il valore del bando nell\u2019ambito PNRR \u00e8 di 20 milioni di euro (M1C3 Turismo e Cultura 4.0 misura 2 Rigenerazione di piccoli siti culturali, patrimonio culturale religioso e rurale). Tra le 41 domande pervenute, tutte ritenute ammissibili da un primo esame istruttorio, ne sono state scelte 9. Si tratta di Borgo Valbelluna, Mel (BL); Cibiana di Cadore, Cibiana di Sotto, Borgo dei Murales (BL); Rocca Pietore, Sottoguda (BL), Ariano nel Polesine, San Basilio (RO); Pieve di Soligo, Solighetto (TV); Sarmede, Borgo Val (TV); Susegana, Collalto (TV); Recoaro Terme, Borgo Storico delle Terme di Recoaro (VI); Brenzone sul Garda, Campo di Brenzone (VR). \u201c<em>Dalla montagna al lago, dalla costa alle terme, la partecipazione all\u2019avviso della Regione \u00e8 stata davvero importante \u2013 interviene l\u2019assessore regionale alla Cultura Cristiano Corazzari \u2013 Delle 41 domande presentate sono stati scelti 9 progetti e tutti e 9 sono notevoli per qualit\u00e0 di elaborazione, sono proposte che non solo possiedono le caratteristiche necessarie, ma anche presentano elementi di rilevante spessore e apprezzabili fattori di qualit\u00e0 nonch\u00e9 una previsione di spesa in linea con il finanziamento previsto dal Ministero.\u00a0 Ringrazio i Comuni per il lavoro fatto<\/em>\u201d. I Comuni pre-selezionati potranno completare le proposte presentate integrandole con gli elementi richiesti per uno studio di fattibilit\u00e0 entro l\u20191 marzo 2022. Ci sar\u00e0 un nuovo vaglio da parte del Nucleo di Valutazione cui seguir\u00e0 una delibera da parte della Giunta Regionale con l\u2019individuazione del progetto vincitore. Entro il 15 marzo la Regione del veneto sigler\u00e0 con il Comune selezionato l\u2019Intesa prevista e trasmetter\u00e0 la proposta al Ministero della Cultura. Infine seguir\u00e0 una fase negoziale condotta da un Comitato tecnico istituito dal MiC per verificare la coerenza delle proposte progettuali con il PNRR, fase che si concluder\u00e0 entro maggio 2022 con un Decreto Ministeriale di ammissione al finanziamento.<\/p>\n<p><strong>LA LISTA DEI 41 BORGHI CHE HANNO DOMANDA<\/strong><\/p>\n<a href=\"https:\/\/www.radiopiu.net\/wordpress\/wp-content\/uploads\/2022\/02\/AllegatoA.pdf\" class=\"pdfemb-viewer\" style=\"\" data-width=\"max\" data-height=\"max\" data-toolbar=\"top\" data-toolbar-fixed=\"on\">AllegatoA<\/a>\n<p>&nbsp;<\/p>\n<hr \/>\n<p>&nbsp;<\/p>\n<blockquote>\n<h3>BIM INFRASTRUTTURE, 2021 DA RECORD NELLA PRODUZIONE DI ENERGIA VERDE<\/h3>\n<\/blockquote>\n<p><strong><a href=\"https:\/\/www.radiopiu.net\/wordpress\/giornale-radiopiu-11-febbraio-2022-direttore-mirko-mezzacasa\/hpim1390-jpg\/\" rel=\"attachment wp-att-258947\"><img loading=\"lazy\" decoding=\"async\" class=\"size-medium wp-image-258947 alignleft\" src=\"https:\/\/www.radiopiu.net\/wordpress\/wp-content\/uploads\/2022\/02\/1-1-300x225.jpg\" alt=\"\" width=\"300\" height=\"225\" srcset=\"https:\/\/www.radiopiu.net\/wordpress\/wp-content\/uploads\/2022\/02\/1-1-300x225.jpg 300w, https:\/\/www.radiopiu.net\/wordpress\/wp-content\/uploads\/2022\/02\/1-1-1024x768.jpg 1024w, https:\/\/www.radiopiu.net\/wordpress\/wp-content\/uploads\/2022\/02\/1-1-768x576.jpg 768w, https:\/\/www.radiopiu.net\/wordpress\/wp-content\/uploads\/2022\/02\/1-1-1536x1152.jpg 1536w, https:\/\/www.radiopiu.net\/wordpress\/wp-content\/uploads\/2022\/02\/1-1.jpg 2048w\" sizes=\"auto, (max-width: 300px) 100vw, 300px\" \/><\/a>BELLUNO<\/strong> Bim Infrastrutture ha chiuso il 2021 con una produzione record di energia pulita: 30 milioni di Kilowattora, l\u2019equivalente del consumo medio annuo di oltre 12mila famiglie. A renderlo possibile, 35 <a href=\"https:\/\/www.radiopiu.net\/wordpress\/giornale-radiopiu-11-febbraio-2022-direttore-mirko-mezzacasa\/bruno_zanolla\/\" rel=\"attachment wp-att-258946\"><img loading=\"lazy\" decoding=\"async\" class=\" wp-image-258946 alignright\" src=\"https:\/\/www.radiopiu.net\/wordpress\/wp-content\/uploads\/2022\/02\/bruno_zanolla-e1644498711815-200x300.jpg\" alt=\"\" width=\"161\" height=\"242\" srcset=\"https:\/\/www.radiopiu.net\/wordpress\/wp-content\/uploads\/2022\/02\/bruno_zanolla-e1644498711815-200x300.jpg 200w, https:\/\/www.radiopiu.net\/wordpress\/wp-content\/uploads\/2022\/02\/bruno_zanolla-e1644498711815.jpg 500w\" sizes=\"auto, (max-width: 161px) 100vw, 161px\" \/><\/a>piccole centraline idroelettriche. Grazie a macchine semplici e moderne, installate per lo pi\u00f9 lungo le reti dell\u2019acquedotto, \u00e8 stata evitata l\u2019emissione in ambiente di 14mila tonnellate di anidride carbonica. <em>\u201cSostenibilit\u00e0, innovazione ed efficienza energetica. Sono questi gli aspetti che contraddistinguono i piccoli impianti di produzione di energia idroelettrica che Bim Belluno Infrastrutture gestisce in provincia di Belluno per conto dei Comuni\u201d<\/em> commenta Bruno Zanolla, Amministratore Unico della societ\u00e0. Se il 2021 \u00e8 stato un anno decisamente record, non meno rilevante \u00e8 stato il triennio 2018\/2020, dove la produzione ha raggiunto in totale gli 80 milioni di Kilowattora e sono state evitate emissioni di CO2 pari a 35mila tonnellate. <em>&#8220;Se vogliamo avere una maggiore autonomia energetica per contrastare gli effetti del caro-energia e contribuire ai percorsi in atto verso la transizione energetica nazionale, la strada del rinnovabile e dell\u2019autoproduzione di energia pulita \u00e8 una soluzione da tenere in considerazione oggi e in futuro \u2013 conclude Zanolla &#8211; come societ\u00e0 pubblica proseguiremo nella direzione degli investimenti da realizzare in questo settore nel medio e lungo termine: ai 36 milioni di euro investiti nel tempo da parte di Bim Infrastrutture con la realizzazione di questi piccoli impianti, se ne aggiungeranno altri nel 2022&#8221;\u00a0<\/em><\/p>\n<p>&nbsp;<\/p>\n<p>&nbsp;<\/p>\n<p>&nbsp;<\/p>\n<hr \/>\n<p>&nbsp;<\/p>\n<blockquote>\n<h3>DA ASCA UN AIUTO AI NUCLEI FAMILIARI<\/h3>\n<\/blockquote>\n<p><strong>AGORDO<\/strong> L&#8217;Azienda Speciale Consortile Agordina (Asca) assegner\u00e0 il sostegno economico ai nuclei familiari con Isee 2022 inferiore a 30mila euro di 13 Comuni Agordini ( Agordo, La Valle Agordina, Voltago, Rivamonte, Gosaldo, Taibon Ag.no, Falcade, Alleghe, Canale D\u2019Agordo, Vallada Agordina, Rocca Pietore, San Tomaso Ag.no, Selva di Cadore). E&#8217; iniziata la raccolta delle domande, referenti gli assistenti sociali Elena Pallua (349 6462812) Stefano Masini (349 6459350). \u00a0L\u2019azienda stiler\u00e0 un elenco dei beneficiari e provveder\u00e0 ad assegnare il sostegno economico fino ad esaurimento della cifra destinata a finanziare l\u2019iniziativa. Il contributo potr\u00e0 andare a coprire le spese per l\u2019affitto e\/o per alloggio, spese condominiali, per utenze domestiche o di riscaldamento, spese per l\u2019acquisto di alimenti e farmaci.<\/p>\n<p>&nbsp;<\/p>\n<hr \/>\n<p>&nbsp;<\/p>\n<p>&nbsp;<\/p>\n<blockquote>\n<h2>PER LE IMPRESE LOCALI UN INCONTRO DI FORMAZIONE<\/h2>\n<\/blockquote>\n<p>&nbsp;<\/p>\n<p><strong><a href=\"https:\/\/www.radiopiu.net\/wordpress\/giornale-radiopiu-11-febbraio-2022-direttore-mirko-mezzacasa\/th-315\/\" rel=\"attachment wp-att-259031\"><img loading=\"lazy\" decoding=\"async\" class=\" wp-image-259031 alignleft\" src=\"https:\/\/www.radiopiu.net\/wordpress\/wp-content\/uploads\/2022\/02\/th-6-300x168.jpg\" alt=\"\" width=\"202\" height=\"113\" srcset=\"https:\/\/www.radiopiu.net\/wordpress\/wp-content\/uploads\/2022\/02\/th-6-300x168.jpg 300w, https:\/\/www.radiopiu.net\/wordpress\/wp-content\/uploads\/2022\/02\/th-6.jpg 355w\" sizes=\"auto, (max-width: 202px) 100vw, 202px\" \/><\/a>ALPAGO<\/strong><\/p>\n<p><strong>di DAMIANO TORMEN\u00a0<\/strong><\/p>\n<audio class=\"wp-audio-shortcode\" id=\"audio-258834-4\" preload=\"none\" style=\"width: 100%;\" controls=\"controls\"><source type=\"audio\/mpeg\" src=\"https:\/\/www.radiopiu.net\/wordpress\/wp-content\/uploads\/2022\/02\/DAMIANO.mp3?_=4\" \/><a href=\"https:\/\/www.radiopiu.net\/wordpress\/wp-content\/uploads\/2022\/02\/DAMIANO.mp3\">https:\/\/www.radiopiu.net\/wordpress\/wp-content\/uploads\/2022\/02\/DAMIANO.mp3<\/a><\/audio>\n<p>&nbsp;<\/p>\n<hr \/>\n<p>&nbsp;<\/p>\n<blockquote>\n<h3>IL CORRIERE DELLE ALPI RACCOGLIE LA PROTESTA DEGLI ANZIANI: &#8220;VENDITORI DI CONTRATTI PORTA A PORTA: ARROGANTI&#8221;<\/h3>\n<\/blockquote>\n<p><strong><a href=\"https:\/\/www.radiopiu.net\/wordpress\/giornale-radiopiu-11-febbraio-2022-direttore-mirko-mezzacasa\/door-to-door-1797804_960_720\/\" rel=\"attachment wp-att-259034\"><img loading=\"lazy\" decoding=\"async\" class=\"wp-image-259034 alignleft\" src=\"https:\/\/www.radiopiu.net\/wordpress\/wp-content\/uploads\/2022\/02\/door-to-door-1797804_960_720-300x300.jpg\" alt=\"\" width=\"160\" height=\"160\" srcset=\"https:\/\/www.radiopiu.net\/wordpress\/wp-content\/uploads\/2022\/02\/door-to-door-1797804_960_720-300x300.jpg 300w, https:\/\/www.radiopiu.net\/wordpress\/wp-content\/uploads\/2022\/02\/door-to-door-1797804_960_720-150x150.jpg 150w, https:\/\/www.radiopiu.net\/wordpress\/wp-content\/uploads\/2022\/02\/door-to-door-1797804_960_720.jpg 720w\" sizes=\"auto, (max-width: 160px) 100vw, 160px\" \/><\/a>BELLUNO\u00a0<\/strong> Segnalati alcuni incaricati di Ascotrade arroganti, che fanno firmare contratti per gas ed energia porta a porta. Non \u00e8 per niente una truffa, nel senso che il contratto \u00e8 genuino, ma occhio a quello che si sottoscrive. A lamentarsi sono i figli di persone anche molto avanti con gli anni che, di fronte alle insistenze dei venditori, possono convincersi a fare una scelta della quale magari potrebbero pure pentirsi. \u00c8 successo, nei giorni scorsi, tra Cavarzano e Cusighe e meno male che c&#8217;\u00e8 il diritto di recesso entro 14 giorni.\u00a0 Ascotrade ha confermato il fatto che girano delle persone con i contratti, allo stesso tempo invita gli utenti a segnalare eventuali comportamenti scorretti con una mail all&#8217;indirizzo servizio.clienti@ascotrade.it. Fondamentale indicare nella protesta il codice identificativo, che \u00e8 scritto a penna in alto, accanto alla voce &#8220;Incaricato&#8221;.<\/p>\n<p>&nbsp;<\/p>\n<hr \/>\n<p>&nbsp;<\/p>\n<blockquote>\n<h3>COVID: IN PROVINCIA DI BELLUNO L&#8217;INCIDENZA SETTIMANALE SCENDE SOTTO I 1000 CASI SU 100 MILA ABITANTI<\/h3>\n<\/blockquote>\n<p><strong><a href=\"https:\/\/www.radiopiu.net\/wordpress\/giornale-radiopiu-10-marzo-2020-direttore-mirko-mezzacasa\/covid-ulss\/\" rel=\"attachment wp-att-121260\"><img loading=\"lazy\" decoding=\"async\" class=\" wp-image-121260 alignleft\" src=\"https:\/\/www.radiopiu.net\/wordpress\/wp-content\/uploads\/2020\/03\/covid-ulss-300x225.jpg\" alt=\"\" width=\"212\" height=\"159\" srcset=\"https:\/\/www.radiopiu.net\/wordpress\/wp-content\/uploads\/2020\/03\/covid-ulss-300x225.jpg 300w, https:\/\/www.radiopiu.net\/wordpress\/wp-content\/uploads\/2020\/03\/covid-ulss-768x576.jpg 768w, https:\/\/www.radiopiu.net\/wordpress\/wp-content\/uploads\/2020\/03\/covid-ulss.jpg 800w\" sizes=\"auto, (max-width: 212px) 100vw, 212px\" \/><\/a>BELLUNO<\/strong> Aggiornamento sulla situazione epidemiologica in provincia di Belluno a cura dell&#8217;Ulss 1 Dolomiti. Le persone attualmente positive sono 4218. L\u2019incidenza settimanale dei casi covid \u00e8 scesa sotto i 1.000 casi su 100 mila abitanti\u00a0 ( 975 casi su 100 mila abitanti) , inferiore alla incidenza nazionale. In merito ai sequenziamenti, si comunica che in tutti e 19 i campioni studiati per l\u2019Ulss Dolomiti \u00e8 stata individuata la variante Omicron (100%). Sono stati evidenziati, tra questi, due casi di Omicron 2. Oltre alle terapie con monoclonali (oltre 300 somministrate ad oggi)\u00a0 e alle prescrizioni dei farmaci orali contro il covid Merck, in settimana sono iniziate le prescrizioni dell\u2019antivirale contro il covid di Pfizer. Pur registrando un forte rallentamento epidemico, si raccomanda responsabilit\u00e0 nei comportamenti.<\/p>\n<p>&nbsp;<\/p>\n<p>&nbsp;<\/p>\n<hr \/>\n<p>&nbsp;<\/p>\n<blockquote>\n<h3><strong>COVID NELL\u2019AGORDINO:<\/strong> COLLE SANTA LUCIA 6 POSITIVI (+1) ROCCA PIETORE 7 (0) CANALE D\u2019AGORDO 2 () FALCADE 15 (+6) TAIBON 22 GOSALDO 5 AGORDO 66 ALLEGHE 7 VOLTAGO 9<\/h3>\n<\/blockquote>\n<p>&nbsp;<\/p>\n<p>&nbsp;<\/p>\n<blockquote class=\"wp-embedded-content\" data-secret=\"8H0iycubk2\"><p><a href=\"https:\/\/www.radiopiu.net\/wordpress\/aggiornamentonaz2022feb10\/\">CORONAVIRUS: AGGIORNAMENTO NAZIONALE 10 FEBBRAIO 2022<\/a><\/p><\/blockquote>\n<p><iframe loading=\"lazy\" class=\"wp-embedded-content\" sandbox=\"allow-scripts\" security=\"restricted\" style=\"position: absolute; clip: rect(1px, 1px, 1px, 1px);\" title=\"&#8220;CORONAVIRUS: AGGIORNAMENTO NAZIONALE 10 FEBBRAIO 2022&#8221; &#8212; Radio Pi\u00f9\" src=\"https:\/\/www.radiopiu.net\/wordpress\/aggiornamentonaz2022feb10\/embed\/#?secret=8H0iycubk2\" data-secret=\"8H0iycubk2\" width=\"600\" height=\"338\" frameborder=\"0\" marginwidth=\"0\" marginheight=\"0\" scrolling=\"no\"><\/iframe><\/p>\n<p>&nbsp;<\/p>\n<blockquote class=\"wp-embedded-content\" data-secret=\"X1oHsf52ap\"><p><a href=\"https:\/\/www.radiopiu.net\/wordpress\/azzero10feb\/\">OLTRE 50 PAZIENTI DIMESSI DAGLI OSPEDALI, NELLE 24 ORE 27 DECESSI PER COVID<\/a><\/p><\/blockquote>\n<p><iframe loading=\"lazy\" class=\"wp-embedded-content\" sandbox=\"allow-scripts\" security=\"restricted\" style=\"position: absolute; clip: rect(1px, 1px, 1px, 1px);\" title=\"&#8220;OLTRE 50 PAZIENTI DIMESSI DAGLI OSPEDALI, NELLE 24 ORE 27 DECESSI PER COVID&#8221; &#8212; Radio Pi\u00f9\" src=\"https:\/\/www.radiopiu.net\/wordpress\/azzero10feb\/embed\/#?secret=X1oHsf52ap\" data-secret=\"X1oHsf52ap\" width=\"600\" height=\"338\" frameborder=\"0\" marginwidth=\"0\" marginheight=\"0\" scrolling=\"no\"><\/iframe><\/p>\n<h2>I GRAFICI DI TIZIANO DE COL<\/h2>\n\n\t\t\t<style type='text\/css'>\n\t\t\t\t#gallery-4 {\n\t\t\t\t\tmargin: auto;\n\t\t\t\t}\n\t\t\t\t#gallery-4 .gallery-item {\n\t\t\t\t\tfloat: left;\n\t\t\t\t\tmargin-top: 10px;\n\t\t\t\t\ttext-align: center;\n\t\t\t\t\twidth: 33%;\n\t\t\t\t}\n\t\t\t\t#gallery-4 img {\n\t\t\t\t\tborder: 2px solid #cfcfcf;\n\t\t\t\t}\n\t\t\t\t#gallery-4 .gallery-caption {\n\t\t\t\t\tmargin-left: 0;\n\t\t\t\t}\n\t\t\t\t\/* see gallery_shortcode() in wp-includes\/media.php *\/\n\t\t\t<\/style>\n\t\t<div id='gallery-4' class='dt-gallery-container gallery galleryid-258834 gallery-columns-3 gallery-size-medium'><dl class='gallery-item'>\n\t\t\t\t<dt class='gallery-icon landscape'>\n\t\t\t\t\t<a class=\"rollover rollover-zoom dt-pswp-item\" title=\"b472090d-6a4f-42b9-ade0-b013d861970c\" data-dt-img-description=\"\" data-large_image_width=\"606\" data-large_image_height=\"351\"href='https:\/\/www.radiopiu.net\/wordpress\/wp-content\/uploads\/2022\/02\/b472090d-6a4f-42b9-ade0-b013d861970c.jpg'><img loading=\"lazy\" decoding=\"async\" width=\"300\" height=\"174\" src=\"https:\/\/www.radiopiu.net\/wordpress\/wp-content\/uploads\/2022\/02\/b472090d-6a4f-42b9-ade0-b013d861970c-300x174.jpg\" class=\"attachment-medium size-medium\" alt=\"\" srcset=\"https:\/\/www.radiopiu.net\/wordpress\/wp-content\/uploads\/2022\/02\/b472090d-6a4f-42b9-ade0-b013d861970c-300x174.jpg 300w, https:\/\/www.radiopiu.net\/wordpress\/wp-content\/uploads\/2022\/02\/b472090d-6a4f-42b9-ade0-b013d861970c.jpg 606w\" sizes=\"auto, (max-width: 300px) 100vw, 300px\" \/><\/a>\n\t\t\t\t<\/dt><\/dl><dl class='gallery-item'>\n\t\t\t\t<dt class='gallery-icon landscape'>\n\t\t\t\t\t<a class=\"rollover rollover-zoom dt-pswp-item\" title=\"dfa1b889-04b9-4390-b422-0679a1adc914\" data-dt-img-description=\"\" data-large_image_width=\"600\" data-large_image_height=\"358\"href='https:\/\/www.radiopiu.net\/wordpress\/wp-content\/uploads\/2022\/02\/dfa1b889-04b9-4390-b422-0679a1adc914.jpg'><img loading=\"lazy\" decoding=\"async\" width=\"300\" height=\"179\" src=\"https:\/\/www.radiopiu.net\/wordpress\/wp-content\/uploads\/2022\/02\/dfa1b889-04b9-4390-b422-0679a1adc914-300x179.jpg\" class=\"attachment-medium size-medium\" alt=\"\" srcset=\"https:\/\/www.radiopiu.net\/wordpress\/wp-content\/uploads\/2022\/02\/dfa1b889-04b9-4390-b422-0679a1adc914-300x179.jpg 300w, https:\/\/www.radiopiu.net\/wordpress\/wp-content\/uploads\/2022\/02\/dfa1b889-04b9-4390-b422-0679a1adc914.jpg 600w\" sizes=\"auto, (max-width: 300px) 100vw, 300px\" \/><\/a>\n\t\t\t\t<\/dt><\/dl><dl class='gallery-item'>\n\t\t\t\t<dt class='gallery-icon landscape'>\n\t\t\t\t\t<a class=\"rollover rollover-zoom dt-pswp-item\" title=\"1215a406-dd7d-460c-8e9c-55799c495c3b\" data-dt-img-description=\"\" data-large_image_width=\"600\" data-large_image_height=\"358\"href='https:\/\/www.radiopiu.net\/wordpress\/wp-content\/uploads\/2022\/02\/1215a406-dd7d-460c-8e9c-55799c495c3b.jpg'><img loading=\"lazy\" decoding=\"async\" width=\"300\" height=\"179\" src=\"https:\/\/www.radiopiu.net\/wordpress\/wp-content\/uploads\/2022\/02\/1215a406-dd7d-460c-8e9c-55799c495c3b-300x179.jpg\" class=\"attachment-medium size-medium\" alt=\"\" srcset=\"https:\/\/www.radiopiu.net\/wordpress\/wp-content\/uploads\/2022\/02\/1215a406-dd7d-460c-8e9c-55799c495c3b-300x179.jpg 300w, https:\/\/www.radiopiu.net\/wordpress\/wp-content\/uploads\/2022\/02\/1215a406-dd7d-460c-8e9c-55799c495c3b.jpg 600w\" sizes=\"auto, (max-width: 300px) 100vw, 300px\" \/><\/a>\n\t\t\t\t<\/dt><\/dl><br style=\"clear: both\" \/><dl class='gallery-item'>\n\t\t\t\t<dt class='gallery-icon landscape'>\n\t\t\t\t\t<a class=\"rollover rollover-zoom dt-pswp-item\" title=\"abc5b708-e4fb-40d6-b890-a7eea61887fe\" data-dt-img-description=\"\" data-large_image_width=\"598\" data-large_image_height=\"354\"href='https:\/\/www.radiopiu.net\/wordpress\/wp-content\/uploads\/2022\/02\/abc5b708-e4fb-40d6-b890-a7eea61887fe.jpg'><img loading=\"lazy\" decoding=\"async\" width=\"300\" height=\"178\" src=\"https:\/\/www.radiopiu.net\/wordpress\/wp-content\/uploads\/2022\/02\/abc5b708-e4fb-40d6-b890-a7eea61887fe-300x178.jpg\" class=\"attachment-medium size-medium\" alt=\"\" srcset=\"https:\/\/www.radiopiu.net\/wordpress\/wp-content\/uploads\/2022\/02\/abc5b708-e4fb-40d6-b890-a7eea61887fe-300x178.jpg 300w, https:\/\/www.radiopiu.net\/wordpress\/wp-content\/uploads\/2022\/02\/abc5b708-e4fb-40d6-b890-a7eea61887fe.jpg 598w\" sizes=\"auto, (max-width: 300px) 100vw, 300px\" \/><\/a>\n\t\t\t\t<\/dt><\/dl><dl class='gallery-item'>\n\t\t\t\t<dt class='gallery-icon landscape'>\n\t\t\t\t\t<a class=\"rollover rollover-zoom dt-pswp-item\" title=\"88520eeb-a7c7-4883-a4ea-528a6a85fad0\" data-dt-img-description=\"\" data-large_image_width=\"592\" data-large_image_height=\"358\"href='https:\/\/www.radiopiu.net\/wordpress\/wp-content\/uploads\/2022\/02\/88520eeb-a7c7-4883-a4ea-528a6a85fad0.jpg'><img loading=\"lazy\" decoding=\"async\" width=\"300\" height=\"181\" src=\"https:\/\/www.radiopiu.net\/wordpress\/wp-content\/uploads\/2022\/02\/88520eeb-a7c7-4883-a4ea-528a6a85fad0-300x181.jpg\" class=\"attachment-medium size-medium\" alt=\"\" srcset=\"https:\/\/www.radiopiu.net\/wordpress\/wp-content\/uploads\/2022\/02\/88520eeb-a7c7-4883-a4ea-528a6a85fad0-300x181.jpg 300w, https:\/\/www.radiopiu.net\/wordpress\/wp-content\/uploads\/2022\/02\/88520eeb-a7c7-4883-a4ea-528a6a85fad0.jpg 592w\" sizes=\"auto, (max-width: 300px) 100vw, 300px\" \/><\/a>\n\t\t\t\t<\/dt><\/dl><dl class='gallery-item'>\n\t\t\t\t<dt class='gallery-icon landscape'>\n\t\t\t\t\t<a class=\"rollover rollover-zoom dt-pswp-item\" title=\"0797840b-b2f0-4d0a-b9b2-352756387f97\" data-dt-img-description=\"\" data-large_image_width=\"588\" data-large_image_height=\"359\"href='https:\/\/www.radiopiu.net\/wordpress\/wp-content\/uploads\/2022\/02\/0797840b-b2f0-4d0a-b9b2-352756387f97.jpg'><img loading=\"lazy\" decoding=\"async\" width=\"300\" height=\"183\" src=\"https:\/\/www.radiopiu.net\/wordpress\/wp-content\/uploads\/2022\/02\/0797840b-b2f0-4d0a-b9b2-352756387f97-300x183.jpg\" class=\"attachment-medium size-medium\" alt=\"\" srcset=\"https:\/\/www.radiopiu.net\/wordpress\/wp-content\/uploads\/2022\/02\/0797840b-b2f0-4d0a-b9b2-352756387f97-300x183.jpg 300w, https:\/\/www.radiopiu.net\/wordpress\/wp-content\/uploads\/2022\/02\/0797840b-b2f0-4d0a-b9b2-352756387f97.jpg 588w\" sizes=\"auto, (max-width: 300px) 100vw, 300px\" \/><\/a>\n\t\t\t\t<\/dt><\/dl><br style=\"clear: both\" \/>\n\t\t\t<\/div>\n\n<p>&nbsp;<\/p>\n<hr \/>\n<p>&nbsp;<\/p>\n<blockquote>\n<h3>CONGRESSO DELLA CISL BELLUNO TREVISO: CONFERMATO IL SEGRETARIO GENERALE MASSIMILIANO PAGLINI E LA SEGRETERIA<\/h3>\n<\/blockquote>\n<p><strong><a href=\"https:\/\/www.radiopiu.net\/wordpress\/congresso-della-cisl-belluno-treviso-confermato-il-segretario-generale-massimiliano-paglini-e-la-segreteria\/segreteria_nomask-min\/\" rel=\"attachment wp-att-258996\"><img loading=\"lazy\" decoding=\"async\" class=\"size-medium wp-image-258996 alignleft\" src=\"https:\/\/www.radiopiu.net\/wordpress\/wp-content\/uploads\/2022\/02\/segreteria_nomask-min-300x225.jpg\" alt=\"\" width=\"300\" height=\"225\" srcset=\"https:\/\/www.radiopiu.net\/wordpress\/wp-content\/uploads\/2022\/02\/segreteria_nomask-min-300x225.jpg 300w, https:\/\/www.radiopiu.net\/wordpress\/wp-content\/uploads\/2022\/02\/segreteria_nomask-min-1024x768.jpg 1024w, https:\/\/www.radiopiu.net\/wordpress\/wp-content\/uploads\/2022\/02\/segreteria_nomask-min-768x576.jpg 768w, https:\/\/www.radiopiu.net\/wordpress\/wp-content\/uploads\/2022\/02\/segreteria_nomask-min-1536x1152.jpg 1536w, https:\/\/www.radiopiu.net\/wordpress\/wp-content\/uploads\/2022\/02\/segreteria_nomask-min-2048x1536.jpg 2048w\" sizes=\"auto, (max-width: 300px) 100vw, 300px\" \/><\/a>BELLUNO &#8211; TREVISO<\/strong> Si \u00e8 concluso, con la convocazione del Consiglio generale che ha confermato la fiducia al segretario generale Massimiliano Paglini e alla segreteria eletta nel novembre del 2020, il terzo Congresso della Cisl Belluno Treviso. Accanto a Paglini, rimangono dunque al timone della Cisl territoriale Teresa Merotto e Nicola Brancher. 53 anni, di Montebelluna, sindacalista dai primi anni Novanta nel settore bancario, Paglini ha espresso un sentito ringraziamento per la fiducia che gli \u00e8 stata affidata dal Consiglio. <i>\u00a0<\/i>Il Congresso nella sua seconda giornata ha vissuto un momento molto toccante: l\u2019intervento di Monica Michielin e Giuseppe Battistetti, genitori di Mattia Battistetti, il giovane che ha perso la vita in un cantiere edile a Montebelluna nell\u2019aprile dell\u2019anno scorso. <i>\u201cMattia era un ragazzo di 23 anni, che lo scorso 29 aprile ha perso la vita in un cantiere edile &#8211; ha detto la mamma del giovane -. Lavorava 14 ore al giorno, era solare e amava il proprio lavoro. Ce l\u2019hanno ucciso, non ce l\u2019hanno protetto. Abbiamo apprezzato molto la sensibilit\u00e0 di questo Congresso nell\u2019affrontare il tema della sicurezza nei posti di lavoro&#8221;.<\/i><\/p>\n<p><strong>MASSIMILIANO PAGLINI, SEGRETARIO GENERALE DELLA CISL BELLUNO-TREVISO<\/strong><\/p>\n<audio class=\"wp-audio-shortcode\" id=\"audio-258834-5\" preload=\"none\" style=\"width: 100%;\" controls=\"controls\"><source type=\"audio\/mpeg\" src=\"https:\/\/www.radiopiu.net\/wordpress\/wp-content\/uploads\/2022\/02\/AUDIO-PAGLINI-CONFERMA-SEGRETRIATO.mp3?_=5\" \/><a href=\"https:\/\/www.radiopiu.net\/wordpress\/wp-content\/uploads\/2022\/02\/AUDIO-PAGLINI-CONFERMA-SEGRETRIATO.mp3\">https:\/\/www.radiopiu.net\/wordpress\/wp-content\/uploads\/2022\/02\/AUDIO-PAGLINI-CONFERMA-SEGRETRIATO.mp3<\/a><\/audio>\n<p>&nbsp;<\/p>\n<hr \/>\n<p>&nbsp;<\/p>\n<blockquote>\n<h3>XXII GIORNATA DI RACCOLTA DEL FARMACO.\u00a0 FINO AL 14 FEBBRAIO IN 512 FARMACIE DEL VENETO<\/h3>\n<\/blockquote>\n<p><strong><a href=\"https:\/\/www.radiopiu.net\/wordpress\/giornale-radiopiu-08-febbraio-2022-direttore-mirko-mezzacasa\/295-2022-logo-giornata-raccolta-farmaco-2022\/\" rel=\"attachment wp-att-258368\"><img loading=\"lazy\" decoding=\"async\" class=\" wp-image-258368 alignleft\" src=\"https:\/\/www.radiopiu.net\/wordpress\/wp-content\/uploads\/2022\/02\/295-2022-Logo-Giornata-Raccolta-Farmaco-2022-300x92.jpg\" alt=\"\" width=\"271\" height=\"83\" srcset=\"https:\/\/www.radiopiu.net\/wordpress\/wp-content\/uploads\/2022\/02\/295-2022-Logo-Giornata-Raccolta-Farmaco-2022-300x92.jpg 300w, https:\/\/www.radiopiu.net\/wordpress\/wp-content\/uploads\/2022\/02\/295-2022-Logo-Giornata-Raccolta-Farmaco-2022-1024x313.jpg 1024w, https:\/\/www.radiopiu.net\/wordpress\/wp-content\/uploads\/2022\/02\/295-2022-Logo-Giornata-Raccolta-Farmaco-2022-768x235.jpg 768w, https:\/\/www.radiopiu.net\/wordpress\/wp-content\/uploads\/2022\/02\/295-2022-Logo-Giornata-Raccolta-Farmaco-2022-1536x469.jpg 1536w, https:\/\/www.radiopiu.net\/wordpress\/wp-content\/uploads\/2022\/02\/295-2022-Logo-Giornata-Raccolta-Farmaco-2022.jpg 1800w\" sizes=\"auto, (max-width: 271px) 100vw, 271px\" \/><\/a>VENEZIA<\/strong>\u00a0 Fino al 14 febbraio torna la Giornata di Raccolta del Farmaco, l\u2019iniziativa di solidariet\u00e0 che quest\u2019anno \u00e8 alla XXII edizione. In 512 farmacie di tutto il Veneto, riconoscibili dall\u2019apposita locandina, sar\u00e0 possibile acquistare farmaci da banco destinati a 110 enti caritativi attivi sul territorio regionale. Si tratta di enti convenzionati con la Fondazione Banco Farmaceutico Onlus che assistono 70 mila bisognosi. Questa iniziativa arriva dove la sanit\u00e0 pubblica, per legge, non pu\u00f2 intervenire\u00a0 ed ha quindi un particolare significato, non solo sanitario ma anche, se non soprattutto, sociale. Nell\u2019edizione dello scorso anno in Veneto sono stati raccolti 40 mila prodotti per un valore di 310 mila euro. L\u2019iniziativa, nata nel 2000, coinvolge tutta Italia: quest\u2019anno aderiscono 5.000 farmacie collegate a 1.800 realt\u00e0 assistenziali. Per evitare assembramenti, garantire il distanziamento ma allo stesso tempo dare a tutti la possibilit\u00e0 di partecipare, si \u00e8 scelto da un lato di ridurre il numero dei volontari presenti nelle farmacie e dall\u2019altro di prolungare l\u2019iniziativa.<\/p>\n<p>&nbsp;<\/p>\n<p>&nbsp;<\/p>\n<hr \/>\n<p>&nbsp;<\/p>\n<blockquote>\n<h3>ADOLE-SCENZA, GLI INCONTRI CON GLI ESPERTI<\/h3>\n<\/blockquote>\n<p><strong>BELLUNO<\/strong> Proseguono gli incontri per genitori e adulti di riferimento di ragazzi adolescenti su tematiche di interesse, organizzato dal Dipartimento Dipendenze dell&#8217;Ulss Dolomiti, per discutere insieme a degli esperti dubbi che interessano questa fase della crescita. Gli incontri si svolgono online nelle serate di venerd\u00ec dalle 20.30 alle 22.00 ad accesso libero. Il prossimo appuntamento \u00e8 in programma oggi. \u201cVuoti a perdere? Divertimento, consumi e ricerca di senso\u201d <a title=\"https:\/\/meet.google.com\/nme-fgkr-igm\" href=\"https:\/\/meet.google.com\/nme-fgkr-igm\">https:\/\/meet.google.com\/nme-fgkr-igm <\/a>Paolo Bello, psicologo del Dipartimento delle Dipendenze e coordinatore delle Unit\u00e0 Mobili di Prevenzione del Veneto, affronter\u00e0, nel corso della serata, i temi dell\u2019uso delle sostanze e delle nuove tecnologie sotto il profilo culturale ed educativo. Uno sguardo sulla realt\u00e0 giovanile per affrontare le naturali difficolt\u00e0 \u00a0dell\u2019adulto nell\u2019approccio alla Generazione Z<\/p>\n<p>&nbsp;<\/p>\n<p>&nbsp;<\/p>\n<hr \/>\n<p>&nbsp;<\/p>\n<blockquote>\n<h3>LA GUARDIA DI FINANZA APRE AL CONCORSO\u00a0 PER 12 ESECUTORI E\u00a0 1 ARCHIVISTA DELLA BANDA <span dir=\"ltr\" role=\"presentation\">MUSICALE\u00a0<\/span><\/h3>\n<\/blockquote>\n<p><span dir=\"ltr\" role=\"presentation\"><strong>BELLUNO<\/strong> Possono partecipare i cittadini italiani di et\u00e0 compresa fra i 18 e i 40 anni in possesso, oltre che del<\/span><br role=\"presentation\" \/><span dir=\"ltr\" role=\"presentation\">diploma di istruzione secondaria di secondo grado, anche di idoneo titolo di studio. Presentazione delle domande entro le 12 del 28 febbraio <\/span><span dir=\"ltr\" role=\"presentation\">\u00a0esclusivamente mediante la procedura <\/span><span dir=\"ltr\" role=\"presentation\">telematica disponibile sul portale attivo all\u2019indirizzo \u201chttps:\/\/concorsi.gdf.gov.it\u201d.<\/span><\/p>\n<p>&nbsp;<\/p>\n<hr \/>\n<p>&nbsp;<\/p>\n<blockquote>\n<h3>LILT IN ASSEMBLEA<\/h3>\n<\/blockquote>\n<p><strong>BELLUNO<\/strong> L&#8217;assemblea dei soci della Lilt Belluno\u00a0 (Lega italiana per la lotta contro i tumori) si terr\u00e0 mercoled\u00ec\u00a0 alle 17.30\u00a0 nella sala riunioni della Casa delle associazioni in via del Piave. All&#8217;ordine del giorno la relazione delle attivit\u00e0, l&#8217;anticipazione dei progetti per il 2022\u00a0 e l&#8217;approvazione del bilancio consuntivo 2021. La capienza della sala \u00e8 di massimo 15 posti per cui \u00e8 prevista la possibilit\u00e0 di un collegamento online su richiesta allo 0437 944952 o scrivendo a belluno@lilt.it; per accedere alla sala \u00e8 obbligatorio il Green Pass rafforzato.<\/p>\n<p>&nbsp;<\/p>\n<p>&nbsp;<\/p>\n<hr \/>\n<blockquote>\n<h3><\/h3>\n<h3>LA PRESENTAZIONE DEL LIBRO DI SARA AGOSTINI<\/h3>\n<\/blockquote>\n<p><strong>BELLUNO<\/strong> La Biblioteca delle migrazioni &#8220;Dino Buzzati&#8221;, con il patrocinio dell&#8217;Associazione Bellunesi nel Mondo e l&#8217;Istituto ladino &#8220;Cesa de jan&#8221;, oggi alle 17 presenta libro &#8220;Ballando bella bimba. Dalle Dolomiti alla Germania. Una storia di guerra, amore, emigrazione e riscatto&#8221;.\u00a0 Interventi: \u00a0Patrizia Burigo, presidente del Comitato di gestione della Biblitoeca delle migrazioni &#8220;Dino Buzzati&#8221; &#8211; Denni Dorigo, direttore dell&#8217;Istituto ladino &#8220;Cesa de Jan&#8221;,\u00a0 Luciana Palla, curatrice della collana &#8220;Ladinsa da Souramont&#8221; e Sara Agostini, autrice del libro<\/p>\n<p>&nbsp;<\/p>\n<hr \/>\n<p>&nbsp;<\/p>\n<blockquote>\n<h3>CONCORSO MUSICALE CITTA&#8217; DI BELLUNO, ECCO IL BANDO<\/h3>\n<\/blockquote>\n<p><strong><a href=\"https:\/\/www.radiopiu.net\/wordpress\/giornale-radiopiu-11-febbraio-2022-direttore-mirko-mezzacasa\/610219_pckg_2501411782791317011-20140927\/\" rel=\"attachment wp-att-258957\"><img loading=\"lazy\" decoding=\"async\" class=\"size-medium wp-image-258957 alignleft\" src=\"https:\/\/www.radiopiu.net\/wordpress\/wp-content\/uploads\/2022\/02\/610219_pckg_2501411782791317011-20140927-300x165.jpg\" alt=\"\" width=\"300\" height=\"165\" srcset=\"https:\/\/www.radiopiu.net\/wordpress\/wp-content\/uploads\/2022\/02\/610219_pckg_2501411782791317011-20140927-300x165.jpg 300w, https:\/\/www.radiopiu.net\/wordpress\/wp-content\/uploads\/2022\/02\/610219_pckg_2501411782791317011-20140927.jpg 620w\" sizes=\"auto, (max-width: 300px) 100vw, 300px\" \/><\/a>BELLUNO\u00a0<\/strong> Via alle iscrizioni per il quarto Concorso musicale Citt\u00e0 di Belluno, che per il 2022 propone anche la seconda edizione del Concorso internazionale di canto lirico Citt\u00e0 di Belluno: l&#8217;iniziativa, organizzata dal comitato Gocce di sole, sar\u00e0 ospitata in citt\u00e0 dal 27 marzo al 1 maggio. Il bando integrale \u00e8 disponibile sul sito www.concorsomusicalebelluno.eu; il termine per le iscrizioni \u00e8 fissato a luned\u00ec 7 marzo. Quattro i concerti in programma:\u00a0 domenica 27 marzo il concerto inaugurale; sabato 2 aprile\u00a0 concerto di gala dedicato al canto lirico mentre luned\u00ec spazio al concerto finale della sezione canto moderno. La finalissima si terr\u00e0 domenica 1 maggio. Le audizioni saranno ospitate a Palazzo Fulcis e al Teatro Comunale, dove andranno in scena anche tutti e quattro i concerti. Oltre alle borse di studio messe a disposizione dall&#8217;Associazione Martina Bonavera per i tre vincitori assoluti, che si <em><a href=\"https:\/\/www.radiopiu.net\/wordpress\/giornale-radiopiu-11-febbraio-2022-direttore-mirko-mezzacasa\/th-314\/\" rel=\"attachment wp-att-258958\"><img loading=\"lazy\" decoding=\"async\" class=\"size-full wp-image-258958 alignright\" src=\"https:\/\/www.radiopiu.net\/wordpress\/wp-content\/uploads\/2022\/02\/th-5.jpg\" alt=\"\" width=\"173\" height=\"173\" srcset=\"https:\/\/www.radiopiu.net\/wordpress\/wp-content\/uploads\/2022\/02\/th-5.jpg 173w, https:\/\/www.radiopiu.net\/wordpress\/wp-content\/uploads\/2022\/02\/th-5-150x150.jpg 150w\" sizes=\"auto, (max-width: 173px) 100vw, 173px\" \/><\/a><\/em>esibiranno anche in un concerto premio nel corso del Festival \u201cI concerti del Borgo\u201d di Borgo Valbelluna, e per il canto lirico dal Club Inner Wheel di Belluno<\/p>\n<blockquote><p><em>\u00abUn orgoglio per Belluno. &#8211; commentano l&#8217;assessora agli eventi Yuki d&#8217;Emilia e l&#8217;assessore alla cultura Marco Perale \u2013 Il Concorso internazionale Citt\u00e0 di Belluno ci permette di far conoscere la nostra citt\u00e0 e le nostre bellezze \u2013 il Teatro, Palazzo Fulcis, ma non solo \u2013 a visitatori di tutta Italia e di tutto il mondo, portando la nostra citt\u00e0 su uno scenario turistico e culturale di livello globale\u00bb.<\/em><\/p><\/blockquote>\n<p><strong>MANUELA SELVESTREL &#8211; GOCCE DI SOLE<\/strong><\/p>\n<audio class=\"wp-audio-shortcode\" id=\"audio-258834-6\" preload=\"none\" style=\"width: 100%;\" controls=\"controls\"><source type=\"audio\/mpeg\" src=\"https:\/\/www.radiopiu.net\/wordpress\/wp-content\/uploads\/2022\/02\/manuela-selvestrel.mp3?_=6\" \/><a href=\"https:\/\/www.radiopiu.net\/wordpress\/wp-content\/uploads\/2022\/02\/manuela-selvestrel.mp3\">https:\/\/www.radiopiu.net\/wordpress\/wp-content\/uploads\/2022\/02\/manuela-selvestrel.mp3<\/a><\/audio>\n<p>&nbsp;<\/p>\n<p>&nbsp;<\/p>\n<hr \/>\n<blockquote>\n<h3>IN VAL DI ZOLDO CON IL CAI DI AGORDO<\/h3>\n<\/blockquote>\n<p><strong>AGORDO<\/strong> Domenica 13 febbraio il Cai di Agordo organizza un&#8217;escursione in Val di Zoldo. Lo Spiz de Zuel oltre ad essere uno splendido balcone sulla Val Zoldana e tutto il circondario, venne considerato un posto strategico per una eventuale guerra con l&#8217;Impero Austroungarico e perci\u00f2 fortificato. Salire quass\u00f9 in inverno significa anche immedesimarsi su quali potessero essere le condizioni di vita delle truppe durante quei lunghi e terribili inverni. Escursione classificata EAI -F. Obbligatorio kit di autosoccorso. Iscrizioni al 380 6983040 entro le 21 di stasera.<\/p>\n<p><strong>di Gianni Santomaso<\/strong><\/p>\n<audio class=\"wp-audio-shortcode\" id=\"audio-258834-7\" preload=\"none\" style=\"width: 100%;\" controls=\"controls\"><source type=\"audio\/mpeg\" src=\"https:\/\/www.radiopiu.net\/wordpress\/wp-content\/uploads\/2022\/02\/GIANNI-CAI-AGORDO.mp3?_=7\" \/><a href=\"https:\/\/www.radiopiu.net\/wordpress\/wp-content\/uploads\/2022\/02\/GIANNI-CAI-AGORDO.mp3\">https:\/\/www.radiopiu.net\/wordpress\/wp-content\/uploads\/2022\/02\/GIANNI-CAI-AGORDO.mp3<\/a><\/audio>\n<p>&nbsp;<\/p>\n<hr \/>\n<p>&nbsp;<\/p>\n<blockquote>\n<h3>PER SAN VALENTINO LE FOCACCE SOLIDALI DI INSIEME SI PU\u00d2<\/h3>\n<\/blockquote>\n<p><strong><a href=\"https:\/\/www.radiopiu.net\/wordpress\/giornale-radiopiu-07-febbraio-2022-direttore-mirko-mezzacasa\/spose-bambine-tapac\/\" rel=\"attachment wp-att-258110\"><img loading=\"lazy\" decoding=\"async\" class=\"size-medium wp-image-258110 alignleft\" src=\"https:\/\/www.radiopiu.net\/wordpress\/wp-content\/uploads\/2022\/02\/spose-bambine-tapac-300x200.jpg\" alt=\"\" width=\"300\" height=\"200\" srcset=\"https:\/\/www.radiopiu.net\/wordpress\/wp-content\/uploads\/2022\/02\/spose-bambine-tapac-300x200.jpg 300w, https:\/\/www.radiopiu.net\/wordpress\/wp-content\/uploads\/2022\/02\/spose-bambine-tapac-1024x683.jpg 1024w, https:\/\/www.radiopiu.net\/wordpress\/wp-content\/uploads\/2022\/02\/spose-bambine-tapac-768x512.jpg 768w, https:\/\/www.radiopiu.net\/wordpress\/wp-content\/uploads\/2022\/02\/spose-bambine-tapac-1536x1024.jpg 1536w, https:\/\/www.radiopiu.net\/wordpress\/wp-content\/uploads\/2022\/02\/spose-bambine-tapac-2048x1365.jpg 2048w\" sizes=\"auto, (max-width: 300px) 100vw, 300px\" \/><\/a>BELLUNO <\/strong>Per un San Valentino speciale ognuno pu\u00f2 contribuire a sostenere il progetto di protezione e formazione di 22 spose bambine in Uganda. Come? Donando alle persone a cui vogliamo pi\u00f9 bene la focaccia artigianale a forma di cuore del Panificio Dino Lavina di Borsoi d\u2019Alpago, accompagnata da una mollettina creata dal Laboratorio Per<em>la<\/em>Luna della cooperativa sociale PiPr\u00f2 onlus (TO). La confezione si pu\u00f2 acquistare presso la nuova sede di Insieme si pu\u00f2 in Piazzetta Bivio, 4 a Ponte nelle Alpi da luned\u00ec 7 febbraio, con un\u2019offerta libera a partire da 15 euro; entro mercoled\u00ec 9 febbraio se ne pu\u00f2 anche richiedere la spedizione attraverso pacco postale, con un costo aggiuntivo di 3 euro. Per qualsiasi informazione o per prenotare la confezione basta telefonare al numero 0437 291298, mandare un messaggio WhatsApp al numero 331 2122296 oppure scrivere una mail all\u2019indirizzo <a href=\"mailto:info@365giorni.org\">info@365giorni.org<\/a><\/p>\n<p>&nbsp;<\/p>\n<p>&nbsp;<\/p>\n<hr \/>\n<p>&nbsp;<\/p>\n<h2><span style=\"color: #ff0000;\">IERI ALLA RADIO\u00a0\u00a0<\/span><\/h2>\n<p>&nbsp;<\/p>\n<blockquote>\n<h3>IN STUDIO MARIA RITA GENTILIN _SPI CGIL PENSIONATI<\/h3>\n<\/blockquote>\n<blockquote>\n<h3><a href=\"https:\/\/www.radiopiu.net\/wordpress\/giornale-radiopiu-06-febbraio-2019-direttore-mirko-mezzacasa\/logo_spi-cgil-800x445\/\" rel=\"attachment wp-att-75538\"><img loading=\"lazy\" decoding=\"async\" class=\"wp-image-75538 alignleft\" src=\"https:\/\/www.radiopiu.net\/wordpress\/wp-content\/uploads\/2019\/02\/Logo_Spi-CGIL-800x445-300x167.jpg\" alt=\"\" width=\"210\" height=\"117\" srcset=\"https:\/\/www.radiopiu.net\/wordpress\/wp-content\/uploads\/2019\/02\/Logo_Spi-CGIL-800x445-300x167.jpg 300w, https:\/\/www.radiopiu.net\/wordpress\/wp-content\/uploads\/2019\/02\/Logo_Spi-CGIL-800x445-768x427.jpg 768w, https:\/\/www.radiopiu.net\/wordpress\/wp-content\/uploads\/2019\/02\/Logo_Spi-CGIL-800x445.jpg 800w\" sizes=\"auto, (max-width: 210px) 100vw, 210px\" \/><\/a>ALLA RADIO, APPUNTAMENTO QUINDICINALE CON SPI-CGIL BELLUNO,<\/h3>\n<\/blockquote>\n<p><strong>di Claudio Fontanive\u00a0<\/strong><\/p>\n<p>&nbsp;<\/p>\n<p><span style=\"color: #ff0000;\"><strong>PUNTATA DEL 10 FEBBRAIO 2022<\/strong><\/span><\/p>\n<audio class=\"wp-audio-shortcode\" id=\"audio-258834-8\" preload=\"none\" style=\"width: 100%;\" controls=\"controls\"><source type=\"audio\/mpeg\" src=\"https:\/\/www.radiopiu.net\/wordpress\/wp-content\/uploads\/2022\/02\/spi-cgil-10-febbraio.mp3?_=8\" \/><a href=\"https:\/\/www.radiopiu.net\/wordpress\/wp-content\/uploads\/2022\/02\/spi-cgil-10-febbraio.mp3\">https:\/\/www.radiopiu.net\/wordpress\/wp-content\/uploads\/2022\/02\/spi-cgil-10-febbraio.mp3<\/a><\/audio>\n<p>&nbsp;<\/p>\n<p>&nbsp;<\/p>\n<p>&nbsp;<\/p>\n<hr \/>\n<h2><span style=\"color: #ff0000;\">\u00a0<\/span><\/h2>\n<h2><span style=\"color: #ff0000;\">IERI ALLA RADIO\u00a0\u00a0<\/span><\/h2>\n<h2><span style=\"color: #808000;\">ALLO ZERO TERMICO: MARCO PERALE<\/span><\/h2>\n<blockquote><p><em><a href=\"https:\/\/www.radiopiu.net\/wordpress\/giornale-radiopiu-11-febbraio-2022-direttore-mirko-mezzacasa\/13781964_10210211575271223_446558799281512126_n\/\" rel=\"attachment wp-att-258919\"><img loading=\"lazy\" decoding=\"async\" class=\"wp-image-258919 alignleft\" src=\"https:\/\/www.radiopiu.net\/wordpress\/wp-content\/uploads\/2022\/02\/13781964_10210211575271223_446558799281512126_n-300x300.jpg\" alt=\"\" width=\"134\" height=\"134\" srcset=\"https:\/\/www.radiopiu.net\/wordpress\/wp-content\/uploads\/2022\/02\/13781964_10210211575271223_446558799281512126_n-300x300.jpg 300w, https:\/\/www.radiopiu.net\/wordpress\/wp-content\/uploads\/2022\/02\/13781964_10210211575271223_446558799281512126_n-150x150.jpg 150w, https:\/\/www.radiopiu.net\/wordpress\/wp-content\/uploads\/2022\/02\/13781964_10210211575271223_446558799281512126_n.jpg 614w\" sizes=\"auto, (max-width: 134px) 100vw, 134px\" \/><\/a>ZERO TERMICO E\u2019 UN VIAGGIO ALLA SCOPERTA DEL NOSTRO TERRITORIO, DALLA VOCE DEI PROTAGONISTI. TURISMO, SPORT, EVENTI, CULTURA, INTRATTENIMENTO. DAL LUNEDI\u2019 AL VENERDI ALLE 15.10 ALLE 20.30. ZERO TERMICO. UN APPUNTAMENTO IN COLLABORAZIONE CON: SPORT 203. LA NATURALE PORTA D\u2019INGRESSO\u2026.VERSO LO ZERO TERMICO. LOCALITA\u2019 LE CAMPE STRADA AGORDO BELLUNO. ABBIGLIAMENTO E ATTREZZATURA\u2026.DEDICATI A CHI AMA LA MONTAGNA.<\/em><\/p><\/blockquote>\n<p><strong>di Claudio Fontanive <\/strong><\/p>\n<p><strong>PUNTATA 24, CON MARCO PERALE ASSESSORE CULTURA COMUNE DI BELLUNO, PRESIDENTE ASSOCIAZIONE DINO BUZZATI E PRESIDENTE ASSOCIAZIONI DOLOMITI BELLUNESI.<\/strong><\/p>\n<p><span style=\"color: #ff0000;\">AUDIO\u00a0<\/span><\/p>\n<audio class=\"wp-audio-shortcode\" id=\"audio-258834-9\" preload=\"none\" style=\"width: 100%;\" controls=\"controls\"><source type=\"audio\/mpeg\" src=\"https:\/\/www.radiopiu.net\/wordpress\/wp-content\/uploads\/2022\/02\/marco-perale-cai-10-febbraio.mp3?_=9\" \/><a href=\"https:\/\/www.radiopiu.net\/wordpress\/wp-content\/uploads\/2022\/02\/marco-perale-cai-10-febbraio.mp3\">https:\/\/www.radiopiu.net\/wordpress\/wp-content\/uploads\/2022\/02\/marco-perale-cai-10-febbraio.mp3<\/a><\/audio>\n<p>&nbsp;<\/p>\n<p>&nbsp;<\/p>\n<blockquote class=\"wp-embedded-content\" data-secret=\"ItlQg2ncJR\"><p><a href=\"https:\/\/www.radiopiu.net\/wordpress\/le-sezioni-bellunesi-del-cai-lanciano-un-appello-unitario\/\">LE SEZIONI BELLUNESI DEL CAI LANCIANO UN APPELLO UNITARIO<\/a><\/p><\/blockquote>\n<p><iframe loading=\"lazy\" class=\"wp-embedded-content\" sandbox=\"allow-scripts\" security=\"restricted\" style=\"position: absolute; clip: rect(1px, 1px, 1px, 1px);\" title=\"&#8220;LE SEZIONI BELLUNESI DEL CAI LANCIANO UN APPELLO UNITARIO&#8221; &#8212; Radio Pi\u00f9\" src=\"https:\/\/www.radiopiu.net\/wordpress\/le-sezioni-bellunesi-del-cai-lanciano-un-appello-unitario\/embed\/#?secret=ItlQg2ncJR\" data-secret=\"ItlQg2ncJR\" width=\"600\" height=\"338\" frameborder=\"0\" marginwidth=\"0\" marginheight=\"0\" scrolling=\"no\"><\/iframe><\/p>\n<p>&nbsp;<\/p>\n<hr \/>\n<p>&nbsp;<\/p>\n<p><strong>TUTTI I LUNEDI ALLE 10,30 E 1900, LA DOMENICA ALLE 8 007 IN CONDOTTA, LA SCUOLA CON LA PROF. MARIA ROSA SALMAZO E CLAUDIO FONTANIVE, IN PODCAST TUTTE LE PUNTATE DELLE ULTIME STAGIONI.<\/strong><\/p>\n<p>&nbsp;<\/p>\n<blockquote class=\"wp-embedded-content\" data-secret=\"VSL0CAo8jp\"><p><a href=\"https:\/\/www.radiopiu.net\/wordpress\/007incondotta-9\/\">007 in condotta<\/a><\/p><\/blockquote>\n<p><iframe loading=\"lazy\" class=\"wp-embedded-content\" sandbox=\"allow-scripts\" security=\"restricted\" style=\"position: absolute; clip: rect(1px, 1px, 1px, 1px);\" title=\"&#8220;007 in condotta&#8221; &#8212; Radio Pi\u00f9\" src=\"https:\/\/www.radiopiu.net\/wordpress\/007incondotta-9\/embed\/#?secret=VSL0CAo8jp\" data-secret=\"VSL0CAo8jp\" width=\"600\" height=\"338\" frameborder=\"0\" marginwidth=\"0\" marginheight=\"0\" scrolling=\"no\"><\/iframe><\/p>\n<p>&nbsp;<\/p>\n<hr \/>\n<p>&nbsp;<\/p>\n<blockquote class=\"wp-embedded-content\" data-secret=\"5p2kRS7OsE\"><p><a href=\"https:\/\/www.radiopiu.net\/wordpress\/mensileagoa\/\">IL RICORDO DEL &#8220;PAMPO&#8221;, IL PROF. FRANCO PAMPOLINI<\/a><\/p><\/blockquote>\n<p><iframe loading=\"lazy\" class=\"wp-embedded-content\" sandbox=\"allow-scripts\" security=\"restricted\" style=\"position: absolute; clip: rect(1px, 1px, 1px, 1px);\" title=\"&#8220;IL RICORDO DEL &#8220;PAMPO&#8221;, IL PROF. FRANCO PAMPOLINI&#8221; &#8212; Radio Pi\u00f9\" src=\"https:\/\/www.radiopiu.net\/wordpress\/mensileagoa\/embed\/#?secret=5p2kRS7OsE\" data-secret=\"5p2kRS7OsE\" width=\"600\" height=\"338\" frameborder=\"0\" marginwidth=\"0\" marginheight=\"0\" scrolling=\"no\"><\/iframe><\/p>\n<p>&nbsp;<\/p>\n<hr \/>\n<p>&nbsp;<\/p>\n<p>&nbsp;<\/p>\n<blockquote class=\"wp-embedded-content\" data-secret=\"Myhqo6nj85\"><p><a href=\"https:\/\/www.radiopiu.net\/wordpress\/raccoltaso1\/\">LA RACCOLTA: 160 BATTUTE&#8230;SMS IN RIVA, di Sostene Schena<\/a><\/p><\/blockquote>\n<p><iframe loading=\"lazy\" class=\"wp-embedded-content\" sandbox=\"allow-scripts\" security=\"restricted\" style=\"position: absolute; clip: rect(1px, 1px, 1px, 1px);\" title=\"&#8220;LA RACCOLTA: 160 BATTUTE&#8230;SMS IN RIVA, di Sostene Schena&#8221; &#8212; Radio Pi\u00f9\" src=\"https:\/\/www.radiopiu.net\/wordpress\/raccoltaso1\/embed\/#?secret=Myhqo6nj85\" data-secret=\"Myhqo6nj85\" width=\"600\" height=\"338\" frameborder=\"0\" marginwidth=\"0\" marginheight=\"0\" scrolling=\"no\"><\/iframe><\/p>\n<p>&nbsp;<\/p>\n<hr \/>\n<p>&nbsp;<\/p>\n<div>\n<div class=\"b654a4as d2edcug0\">\n<div class=\"rq0escxv hkbzh7o3 jwdofwj8 n8tt0mok r8blr3vg hyh9befq\">\n<p><a class=\"dt-pswp-item\" href=\"https:\/\/www.radiopiu.net\/wordpress\/wp-content\/uploads\/2020\/10\/pp.jpg\" data-dt-img-description=\"\" data-large_image_width=\"640\" data-large_image_height=\"640\"><img loading=\"lazy\" decoding=\"async\" class=\"wp-image-163678 alignleft\" src=\"https:\/\/www.radiopiu.net\/wordpress\/wp-content\/uploads\/2020\/10\/pp-300x300.jpg\" alt=\"\" width=\"106\" height=\"106\" srcset=\"https:\/\/www.radiopiu.net\/wordpress\/wp-content\/uploads\/2020\/10\/pp-300x300.jpg 300w, https:\/\/www.radiopiu.net\/wordpress\/wp-content\/uploads\/2020\/10\/pp-150x150.jpg 150w, https:\/\/www.radiopiu.net\/wordpress\/wp-content\/uploads\/2020\/10\/pp-125x125.jpg 125w, https:\/\/www.radiopiu.net\/wordpress\/wp-content\/uploads\/2020\/10\/pp-200x200.jpg 200w, https:\/\/www.radiopiu.net\/wordpress\/wp-content\/uploads\/2020\/10\/pp-80x80.jpg 80w, https:\/\/www.radiopiu.net\/wordpress\/wp-content\/uploads\/2020\/10\/pp-480x480.jpg 480w, https:\/\/www.radiopiu.net\/wordpress\/wp-content\/uploads\/2020\/10\/pp.jpg 640w\" sizes=\"auto, (max-width: 106px) 100vw, 106px\" \/><\/a><\/p>\n<\/div>\n<\/div>\n<\/div>\n<div>\n<div class=\"page-title-head hgroup\">\n<div class=\"page-title-head hgroup\">\n<div class=\"b654a4as d2edcug0\">\n<div class=\"j83agx80 btwxx1t3 lhclo0ds hop8lmos nkwizq5d scwd0bx6 roh60bw9\">\n<div class=\"rq0escxv hkbzh7o3 jwdofwj8 n8tt0mok r8blr3vg hyh9befq\">\n<div class=\"do00u71z l9j0dhe7 k4urcfbm\">\n<h2><span style=\"color: #000080;\">\u00a0<\/span><span style=\"color: #000080;\">DON CESARE, IL PENSIERO DEL GIORNO. ALLA RADIO ALLE 7 DEL MATTINO E ALLE 19.30 DELLA SERA.<\/span><\/h2>\n<\/div>\n<div class=\"do00u71z l9j0dhe7 k4urcfbm\">\n<audio class=\"wp-audio-shortcode\" id=\"audio-258834-10\" preload=\"none\" style=\"width: 100%;\" controls=\"controls\"><source type=\"audio\/mpeg\" src=\"https:\/\/www.radiopiu.net\/wordpress\/wp-content\/uploads\/2022\/02\/CESARE-2.mp3?_=10\" \/><a href=\"https:\/\/www.radiopiu.net\/wordpress\/wp-content\/uploads\/2022\/02\/CESARE-2.mp3\">https:\/\/www.radiopiu.net\/wordpress\/wp-content\/uploads\/2022\/02\/CESARE-2.mp3<\/a><\/audio>\n<p>&nbsp;<\/p>\n<p>&nbsp;<\/p>\n<p>&nbsp;<\/p>\n<blockquote class=\"wp-embedded-content\" data-secret=\"0PQWyYkrzb\"><p><a href=\"https:\/\/www.radiopiu.net\/wordpress\/pievanali-cadorine-della-diocesi-udinese-passarono-a-belluno-nel-gennaio-del-1847\/\">PIEVANALI CADORINE DELLA DIOCESI UDINESE PASSARONO A BELLUNO NEL GENNAIO DEL 1847<\/a><\/p><\/blockquote>\n<p><iframe loading=\"lazy\" class=\"wp-embedded-content\" sandbox=\"allow-scripts\" security=\"restricted\" style=\"position: absolute; clip: rect(1px, 1px, 1px, 1px);\" title=\"&#8220;PIEVANALI CADORINE DELLA DIOCESI UDINESE PASSARONO A BELLUNO NEL GENNAIO DEL 1847&#8221; &#8212; Radio Pi\u00f9\" src=\"https:\/\/www.radiopiu.net\/wordpress\/pievanali-cadorine-della-diocesi-udinese-passarono-a-belluno-nel-gennaio-del-1847\/embed\/#?secret=0PQWyYkrzb\" data-secret=\"0PQWyYkrzb\" width=\"600\" height=\"338\" frameborder=\"0\" marginwidth=\"0\" marginheight=\"0\" scrolling=\"no\"><\/iframe><\/p>\n<p>&nbsp;<\/p>\n<p>&nbsp;<\/p>\n<hr \/>\n<p>&nbsp;<\/p>\n<h3 class=\"kvgmc6g5 cxmmr5t8 oygrvhab hcukyx3x c1et5uql\"><span style=\"color: #0000ff;\"><strong>INFORMAZIONE il canale su TELEGRAM informazione di prima mano e in tempo reale. iscriviti ed aiutaci a farlo conoscere\u00a0\u00a0<\/strong><\/span><\/h3>\n<p>&nbsp;<\/p>\n<p>&nbsp;<\/p>\n<hr \/>\n<p>&nbsp;<\/p>\n<div class=\"do00u71z l9j0dhe7 k4urcfbm\">\n<div>\n<div class=\"page-title-head hgroup\">\n<div class=\"page-title-head hgroup\">\n<div class=\"b654a4as d2edcug0\">\n<div class=\"j83agx80 btwxx1t3 lhclo0ds hop8lmos nkwizq5d scwd0bx6 roh60bw9\">\n<div class=\"rq0escxv hkbzh7o3 jwdofwj8 n8tt0mok r8blr3vg hyh9befq\">\n<div class=\"do00u71z l9j0dhe7 k4urcfbm\">\n<div class=\"page-title-head hgroup\">\n<div class=\"page-title-head hgroup\">\n<div class=\"b654a4as d2edcug0\">\n<div class=\"j83agx80 btwxx1t3 lhclo0ds hop8lmos nkwizq5d scwd0bx6 roh60bw9\">\n<div class=\"rq0escxv hkbzh7o3 jwdofwj8 n8tt0mok r8blr3vg hyh9befq\">\n<div class=\"do00u71z l9j0dhe7 k4urcfbm\">\n<div class=\"ecm0bbzt e5nlhep0 a8c37x1j\">\n<div class=\"kvgmc6g5 cxmmr5t8 oygrvhab hcukyx3x c1et5uql\">\n<div class=\"gmail-kvgmc6g5 gmail-cxmmr5t8 gmail-oygrvhab gmail-hcukyx3x gmail-c1et5uql gmail-ii04i59q\">\n<div class=\"page-title-head hgroup\">\n<div class=\"page-title-head hgroup\">\n<div class=\"b654a4as d2edcug0\">\n<div class=\"j83agx80 btwxx1t3 lhclo0ds hop8lmos nkwizq5d scwd0bx6 roh60bw9\">\n<div class=\"rq0escxv hkbzh7o3 jwdofwj8 n8tt0mok r8blr3vg hyh9befq\">\n<div class=\"do00u71z l9j0dhe7 k4urcfbm\">\n<div class=\"page-title-head hgroup\">\n<div class=\"page-title-head hgroup\">\n<div class=\"b654a4as d2edcug0\">\n<div class=\"j83agx80 btwxx1t3 lhclo0ds hop8lmos nkwizq5d scwd0bx6 roh60bw9\">\n<div class=\"rq0escxv hkbzh7o3 jwdofwj8 n8tt0mok r8blr3vg hyh9befq\">\n<div class=\"do00u71z l9j0dhe7 k4urcfbm\">\n<div>\n<div class=\"page-title-head hgroup\">\n<div class=\"page-title-head hgroup\">\n<div class=\"b654a4as d2edcug0\">\n<div class=\"j83agx80 btwxx1t3 lhclo0ds hop8lmos nkwizq5d scwd0bx6 roh60bw9\">\n<div class=\"rq0escxv hkbzh7o3 jwdofwj8 n8tt0mok r8blr3vg hyh9befq\">\n<div class=\"do00u71z l9j0dhe7 k4urcfbm\">\n<div class=\"ecm0bbzt e5nlhep0 a8c37x1j\">\n<div class=\"kvgmc6g5 cxmmr5t8 oygrvhab hcukyx3x c1et5uql\">\n<div class=\"gmail-kvgmc6g5 gmail-cxmmr5t8 gmail-oygrvhab gmail-hcukyx3x gmail-c1et5uql gmail-ii04i59q\">\n<div class=\"page-title-head hgroup\">\n<div class=\"page-title-head hgroup\">\n<div class=\"b654a4as d2edcug0\">\n<div class=\"j83agx80 btwxx1t3 lhclo0ds hop8lmos nkwizq5d scwd0bx6 roh60bw9\">\n<div class=\"rq0escxv hkbzh7o3 jwdofwj8 n8tt0mok r8blr3vg hyh9befq\">\n<div class=\"do00u71z l9j0dhe7 k4urcfbm\">\n<blockquote>\n<h3><span style=\"color: #ff0000;\">IN VIVO VERSO, SETTIMA STAGIONE CON BRUNELLA MORO, DAL LUNEDI AL VENERDI ALLE 7.10, 10.10 E 18.50\u00a0\u00a0<\/span><\/h3>\n<h3>I SILENZI di GISELLA CANZIAN<\/h3>\n<\/blockquote>\n<p>AUDIO<\/p>\n<audio class=\"wp-audio-shortcode\" id=\"audio-258834-11\" preload=\"none\" style=\"width: 100%;\" controls=\"controls\"><source type=\"audio\/mpeg\" src=\"https:\/\/www.radiopiu.net\/wordpress\/wp-content\/uploads\/2022\/02\/04-GISELLA-CANZIAN-I-SILENZI.mp3?_=11\" \/><a href=\"https:\/\/www.radiopiu.net\/wordpress\/wp-content\/uploads\/2022\/02\/04-GISELLA-CANZIAN-I-SILENZI.mp3\">https:\/\/www.radiopiu.net\/wordpress\/wp-content\/uploads\/2022\/02\/04-GISELLA-CANZIAN-I-SILENZI.mp3<\/a><\/audio>\n<p>&nbsp;<\/p>\n<p><strong><img loading=\"lazy\" decoding=\"async\" class=\"alignleft\" src=\"https:\/\/www.radiopiu.net\/wordpress\/wp-content\/uploads\/2022\/02\/4-GISELLA-CANZIAN.jpg\" width=\"85\" height=\"106\" \/>I SILENZI<\/strong><\/p>\n<p>Mordono buio<br \/>\nimbrattano di parole<br \/>\nmuri, i silenzi.<br \/>\nLe macerie che restano bruciano, riposano distanti<br \/>\nsenza spreco di candele.<\/p>\n<p><strong>LA RACCOLTA COMPLETA\u00a0 \u00a0<\/strong><\/p>\n<blockquote class=\"wp-embedded-content\" data-secret=\"RCvNPUp1mb\"><p><a href=\"https:\/\/www.radiopiu.net\/wordpress\/in-vivo-verso\/\">In Vivo Verso<\/a><\/p><\/blockquote>\n<p><iframe loading=\"lazy\" class=\"wp-embedded-content\" sandbox=\"allow-scripts\" security=\"restricted\" style=\"position: absolute; clip: rect(1px, 1px, 1px, 1px);\" title=\"&#8220;In Vivo Verso&#8221; &#8212; Radio Pi\u00f9\" src=\"https:\/\/www.radiopiu.net\/wordpress\/in-vivo-verso\/embed\/#?secret=RCvNPUp1mb\" data-secret=\"RCvNPUp1mb\" width=\"600\" height=\"338\" frameborder=\"0\" marginwidth=\"0\" marginheight=\"0\" scrolling=\"no\"><\/iframe><\/p>\n<p>&nbsp;<\/p>\n<p>&nbsp;<\/p>\n<hr \/>\n<p>&nbsp;<\/p>\n<h2><span style=\"color: #808000;\">GOCCE DI FILOSOFIA<\/span><\/h2>\n<p><strong>AUDIO PUNTATA 134\u00a0 la settimana con CHIARA CAU<\/strong><\/p>\n<audio class=\"wp-audio-shortcode\" id=\"audio-258834-12\" preload=\"none\" style=\"width: 100%;\" controls=\"controls\"><source type=\"audio\/mpeg\" src=\"https:\/\/www.radiopiu.net\/wordpress\/wp-content\/uploads\/2022\/02\/FI4.mp3?_=12\" \/><a href=\"https:\/\/www.radiopiu.net\/wordpress\/wp-content\/uploads\/2022\/02\/FI4.mp3\">https:\/\/www.radiopiu.net\/wordpress\/wp-content\/uploads\/2022\/02\/FI4.mp3<\/a><\/audio>\n<p>&nbsp;<\/p>\n<p><strong>raccolta completa<\/strong><\/p>\n<blockquote class=\"wp-embedded-content\" data-secret=\"CFIs7IVU0d\"><p><a href=\"https:\/\/www.radiopiu.net\/wordpress\/gocce-filosofia\/\">Gocce di filosofia, PRIMA E SECONDA STAGIONE 2022<\/a><\/p><\/blockquote>\n<p><iframe loading=\"lazy\" class=\"wp-embedded-content\" sandbox=\"allow-scripts\" security=\"restricted\" style=\"position: absolute; clip: rect(1px, 1px, 1px, 1px);\" title=\"&#8220;Gocce di filosofia, PRIMA E SECONDA STAGIONE 2022&#8221; &#8212; Radio Pi\u00f9\" src=\"https:\/\/www.radiopiu.net\/wordpress\/gocce-filosofia\/embed\/#?secret=CFIs7IVU0d\" data-secret=\"CFIs7IVU0d\" width=\"600\" height=\"338\" frameborder=\"0\" marginwidth=\"0\" marginheight=\"0\" scrolling=\"no\"><\/iframe><\/p>\n<p>&nbsp;<\/p>\n<hr \/>\n<p>&nbsp;<\/p>\n<p><span style=\"color: #0000ff;\">MUSICA PIU&#8217;\u00a0<\/span><\/p>\n<p><a href=\"https:\/\/www.radiopiu.net\/wordpress\/giornale-radiopiu-20-settembre-2021-direttore-mirko-mezzacasa\/pp-79\/\" rel=\"attachment wp-att-232921\"><img loading=\"lazy\" decoding=\"async\" class=\"wp-image-232921 alignleft\" src=\"https:\/\/www.radiopiu.net\/wordpress\/wp-content\/uploads\/2021\/09\/pp-1-300x300.jpg\" alt=\"\" width=\"135\" height=\"135\" srcset=\"https:\/\/www.radiopiu.net\/wordpress\/wp-content\/uploads\/2021\/09\/pp-1-300x300.jpg 300w, https:\/\/www.radiopiu.net\/wordpress\/wp-content\/uploads\/2021\/09\/pp-1-150x150.jpg 150w, https:\/\/www.radiopiu.net\/wordpress\/wp-content\/uploads\/2021\/09\/pp-1.jpg 640w\" sizes=\"auto, (max-width: 135px) 100vw, 135px\" \/><\/a><\/p>\n<div class=\"mkdf-post-text\">\n<div class=\"mkdf-post-text-inner\">\n<div class=\"mkdf-post-text-main\">\n<div class=\"mkdf-post-text\">\n<div class=\"mkdf-post-text-inner\">\n<div class=\"mkdf-post-text-main\">\n<div class=\"mkdf-post-text\">\n<div class=\"mkdf-post-text-inner\">\n<div class=\"mkdf-post-text-main\">\n<div class=\"page-title-head hgroup\">\n<div class=\"page-title-head hgroup\">\n<div class=\"mkdf-post-text\">\n<div class=\"mkdf-post-text-inner\">\n<div class=\"mkdf-post-text-main\">\n<div class=\"mkdf-post-text\">\n<div class=\"mkdf-post-text-inner\">\n<div class=\"mkdf-post-text-main\">\n<div class=\"page-title-head hgroup\">\n<div class=\"page-title-head hgroup\">\n<div class=\"page-title-head hgroup\">\n<div class=\"page-title-head hgroup\">\n<div class=\"b654a4as d2edcug0\">\n<div class=\"page-title-head hgroup\">\n<div class=\"page-title-head hgroup\">\n<div class=\"page-title-head hgroup\">\n<div class=\"page-title-head hgroup\">\n<div class=\"b654a4as d2edcug0\">\n<div class=\"page-title-head hgroup\">\n<div class=\"page-title-head hgroup\">\n<div class=\"page-title-head hgroup\">\n<div class=\"page-title-head hgroup\">\n<div class=\"b654a4as d2edcug0\">\n<div class=\"mkdf-post-text\">\n<div class=\"mkdf-post-text-inner\">\n<div class=\"mkdf-post-text-main\">\n<div class=\"mkdf-post-text\">\n<div class=\"mkdf-post-text-inner\">\n<div class=\"mkdf-post-text-main\">\n<div class=\"mkdf-post-text\">\n<div class=\"mkdf-post-text-inner\">\n<div class=\"mkdf-post-text-main\">\n<div class=\"page-title-head hgroup\">\n<div class=\"page-title-head hgroup\">\n<div class=\"mkdf-post-text\">\n<div class=\"mkdf-post-text-inner\">\n<div class=\"mkdf-post-text-main\">\n<div class=\"mkdf-post-text\">\n<div class=\"mkdf-post-text-inner\">\n<div class=\"mkdf-post-text-main\">\n<div class=\"page-title-head hgroup\">\n<div class=\"page-title-head hgroup\">\n<div class=\"page-title-head hgroup\">\n<div class=\"page-title-head hgroup\">\n<div class=\"b654a4as d2edcug0\">\n<div class=\"page-title-head hgroup\">\n<div class=\"page-title-head hgroup\">\n<div class=\"page-title-head hgroup\">\n<div class=\"page-title-head hgroup\">\n<div class=\"b654a4as d2edcug0\">\n<div class=\"page-title-head hgroup\">\n<div class=\"page-title-head hgroup\">\n<div class=\"page-title-head hgroup\">\n<div class=\"page-title-head hgroup\">\n<div class=\"b654a4as d2edcug0\">\n<div><\/div>\n<div><\/div>\n<div>\n<p><strong>MUSICA ALLA RADIO, IL PROGRAMMA DI LORIS SCUSSEL &#8220;COLLAGE OPERAZIONE NOSTALGIA&#8221; DAL LUNEDI AL VENERDI ALLE 16.00\u00a0 E ALLE 23\u00a0<\/strong><\/p>\n<\/div>\n<p><strong>\u00a0\u00a0<\/strong><\/p>\n<p><strong>PUNTATA 539 DEL 10 FEBBRAIO 2022<\/strong><\/p>\n<audio class=\"wp-audio-shortcode\" id=\"audio-258834-13\" preload=\"none\" style=\"width: 100%;\" controls=\"controls\"><source type=\"audio\/mpeg\" src=\"https:\/\/www.radiopiu.net\/wordpress\/wp-content\/uploads\/2022\/02\/Collage-539.mp3?_=13\" \/><a href=\"https:\/\/www.radiopiu.net\/wordpress\/wp-content\/uploads\/2022\/02\/Collage-539.mp3\">https:\/\/www.radiopiu.net\/wordpress\/wp-content\/uploads\/2022\/02\/Collage-539.mp3<\/a><\/audio>\n<p>&nbsp;<\/p>\n<p>&nbsp;<\/p>\n<blockquote class=\"wp-embedded-content\" data-secret=\"uJuusKjhK7\"><p><a href=\"https:\/\/www.radiopiu.net\/wordpress\/loris-scussel-dal-collage-radiofonico-a-quello-della-rivista-patinata\/\">LORIS SCUSSEL DAL COLLAGE RADIOFONICO A QUELLO DELLA RIVISTA PATINATA<\/a><\/p><\/blockquote>\n<p><iframe loading=\"lazy\" class=\"wp-embedded-content\" sandbox=\"allow-scripts\" security=\"restricted\" style=\"position: absolute; clip: rect(1px, 1px, 1px, 1px);\" title=\"&#8220;LORIS SCUSSEL DAL COLLAGE RADIOFONICO A QUELLO DELLA RIVISTA PATINATA&#8221; &#8212; Radio Pi\u00f9\" src=\"https:\/\/www.radiopiu.net\/wordpress\/loris-scussel-dal-collage-radiofonico-a-quello-della-rivista-patinata\/embed\/#?secret=uJuusKjhK7\" data-secret=\"uJuusKjhK7\" width=\"600\" height=\"338\" frameborder=\"0\" marginwidth=\"0\" marginheight=\"0\" scrolling=\"no\"><\/iframe><\/p>\n<p>&nbsp;<\/p>\n<p>&nbsp;<\/p>\n<\/div>\n<\/div>\n<\/div>\n<\/div>\n<\/div>\n<\/div>\n<\/div>\n<\/div>\n<\/div>\n<\/div>\n<\/div>\n<\/div>\n<\/div>\n<\/div>\n<\/div>\n<\/div>\n<\/div>\n<\/div>\n<\/div>\n<\/div>\n<\/div>\n<\/div>\n<\/div>\n<\/div>\n<\/div>\n<\/div>\n<\/div>\n<\/div>\n<\/div>\n<\/div>\n<\/div>\n<\/div>\n<\/div>\n<\/div>\n<\/div>\n<\/div>\n<\/div>\n<\/div>\n<\/div>\n<\/div>\n<\/div>\n<\/div>\n<\/div>\n<\/div>\n<\/div>\n<\/div>\n<\/div>\n<\/div>\n<\/div>\n<\/div>\n<\/div>\n<\/div>\n<\/div>\n<\/div>\n<\/div>\n<\/div>\n<\/div>\n<\/div>\n<\/div>\n<\/div>\n<\/div>\n<\/div>\n<\/div>\n<\/div>\n<hr \/>\n<p>&nbsp;<\/p>\n<p>&nbsp;<\/p>\n<blockquote class=\"wp-embedded-content\" data-secret=\"wP4LvKCYOM\"><p><a href=\"https:\/\/www.radiopiu.net\/wordpress\/freemix-la-liberta-musicale-mixata-da-dj-athos-e-raccontata-da-dj-jack\/\">FREEMIX, LA LIBERTA&#8217; MUSICALE MIXATA DA DJ ATHOS E RACCONTATA DA DJ JACK<\/a><\/p><\/blockquote>\n<p><iframe loading=\"lazy\" class=\"wp-embedded-content\" sandbox=\"allow-scripts\" security=\"restricted\" style=\"position: absolute; clip: rect(1px, 1px, 1px, 1px);\" title=\"&#8220;FREEMIX, LA LIBERTA&#8217; MUSICALE MIXATA DA DJ ATHOS E RACCONTATA DA DJ JACK&#8221; &#8212; Radio Pi\u00f9\" src=\"https:\/\/www.radiopiu.net\/wordpress\/freemix-la-liberta-musicale-mixata-da-dj-athos-e-raccontata-da-dj-jack\/embed\/#?secret=wP4LvKCYOM\" data-secret=\"wP4LvKCYOM\" width=\"600\" height=\"338\" frameborder=\"0\" marginwidth=\"0\" marginheight=\"0\" scrolling=\"no\"><\/iframe><\/p>\n<p>&nbsp;<\/p>\n<blockquote class=\"wp-embedded-content\" data-secret=\"EO9QC3oK54\"><p><a href=\"https:\/\/www.radiopiu.net\/wordpress\/da-ieri-alla-radio-in-palinsesto-loris-e-maurizio-con-la-grande-musica\/\">IL BLUES ALLA RADIO &#8230; COME NON L&#8217;AVETE MAI SENTITO PRIMA<\/a><\/p><\/blockquote>\n<p><iframe loading=\"lazy\" class=\"wp-embedded-content\" sandbox=\"allow-scripts\" security=\"restricted\" style=\"position: absolute; clip: rect(1px, 1px, 1px, 1px);\" title=\"&#8220;IL BLUES ALLA RADIO &#8230; COME NON L&#8217;AVETE MAI SENTITO PRIMA&#8221; &#8212; Radio Pi\u00f9\" src=\"https:\/\/www.radiopiu.net\/wordpress\/da-ieri-alla-radio-in-palinsesto-loris-e-maurizio-con-la-grande-musica\/embed\/#?secret=EO9QC3oK54\" data-secret=\"EO9QC3oK54\" width=\"600\" height=\"338\" frameborder=\"0\" marginwidth=\"0\" marginheight=\"0\" scrolling=\"no\"><\/iframe><\/p>\n<p>&nbsp;<\/p>\n<hr \/>\n<p>&nbsp;<\/p>\n<blockquote>\n<h3><span style=\"color: #0000ff;\">INFORMAZIONE il canale su TELEGRAM informazione di prima mano e in tempo reale. iscriviti ed aiutaci a farlo conoscere\u00a0\u00a0<\/span><\/h3>\n<\/blockquote>\n<div>\n<div class=\"page-title-head hgroup\">\n<div class=\"page-title-head hgroup\">\n<div class=\"page-title-head hgroup\">\n<div class=\"page-title-head hgroup\">\n<div class=\"b654a4as d2edcug0\">\n<div class=\"page-title-head hgroup\">\n<div class=\"page-title-head hgroup\">\n<div class=\"page-title-head hgroup\">\n<div class=\"page-title-head hgroup\">\n<div class=\"b654a4as d2edcug0\">\n<div class=\"page-title-head hgroup\">\n<div class=\"page-title-head hgroup\">\n<div class=\"page-title-head hgroup\">\n<div class=\"page-title-head hgroup\">\n<div class=\"page-title-head hgroup\">\n<div class=\"page-title-head hgroup\">\n<div class=\"page-title-head hgroup\">\n<div class=\"page-title-head hgroup\">\n<div class=\"page-title-head hgroup\">\n<div class=\"b654a4as d2edcug0\">\n<div class=\"page-title-head hgroup\">\n<div class=\"page-title-head hgroup\">\n<div class=\"page-title-head hgroup\">\n<div class=\"page-title-head hgroup\">\n<div class=\"b654a4as d2edcug0\">\n<div>\n<p>&nbsp;<\/p>\n<\/div>\n<div>\n<div class=\"page-title-head hgroup\">\n<div class=\"page-title-head hgroup\">\n<div class=\"page-title-head hgroup\">\n<div class=\"page-title-head hgroup\">\n<div class=\"page-title-head hgroup\">\n<div class=\"b654a4as d2edcug0\">\n<div>\n<hr \/>\n<\/div>\n<\/div>\n<div>\n<div>\n<p>&nbsp;<\/p>\n<\/div>\n<div>\n<div>\n<p>&nbsp;<\/p>\n<\/div>\n<div>\n<div>\n<p><strong>DUE MINUTI UN LIBRO, TUTTI I GIORNI ALLA RADIO ALLE 9.40 E ALLE 17.50\u00a0<\/strong><\/p>\n<div>\n<div>\n<p><strong>LA RACCOLTA COMPLETA\u00a0\u00a0<\/strong><\/p>\n<\/div>\n<div>\n<blockquote class=\"wp-embedded-content\" data-secret=\"pPwJfRSdik\"><p><a href=\"https:\/\/www.radiopiu.net\/wordpress\/due-minuti-un-libro\/\">Due minuti un libro<\/a><\/p><\/blockquote>\n<p><iframe loading=\"lazy\" class=\"wp-embedded-content\" sandbox=\"allow-scripts\" security=\"restricted\" style=\"position: absolute; clip: rect(1px, 1px, 1px, 1px);\" title=\"&#8220;Due minuti un libro&#8221; &#8212; Radio Pi\u00f9\" src=\"https:\/\/www.radiopiu.net\/wordpress\/due-minuti-un-libro\/embed\/#?secret=pPwJfRSdik\" data-secret=\"pPwJfRSdik\" width=\"600\" height=\"338\" frameborder=\"0\" marginwidth=\"0\" marginheight=\"0\" scrolling=\"no\"><\/iframe><\/p>\n<\/div>\n<\/div>\n<\/div>\n<div class=\"mkdf-post-text\">\n<div class=\"mkdf-post-text-inner\">\n<div class=\"mkdf-post-text-main\">\n<div class=\"mkdf-post-text\">\n<div class=\"mkdf-post-text-inner\">\n<div class=\"mkdf-post-text-main\">\n<div class=\"mkdf-post-text\">\n<div class=\"mkdf-post-text-inner\">\n<div class=\"mkdf-post-text-main\">\n<div class=\"page-title-head hgroup\">\n<div class=\"page-title-head hgroup\">\n<div class=\"mkdf-post-text\">\n<div class=\"mkdf-post-text-inner\">\n<div class=\"mkdf-post-text-main\">\n<div class=\"mkdf-post-text\">\n<div class=\"mkdf-post-text-inner\">\n<div class=\"mkdf-post-text-main\">\n<div class=\"page-title-head hgroup\">\n<div class=\"page-title-head hgroup\">\n<div class=\"page-title-head hgroup\">\n<div class=\"page-title-head hgroup\">\n<div class=\"b654a4as d2edcug0\">\n<div class=\"page-title-head hgroup\">\n<div class=\"page-title-head hgroup\">\n<div class=\"page-title-head hgroup\">\n<div class=\"page-title-head hgroup\">\n<div class=\"b654a4as d2edcug0\">\n<div class=\"page-title-head hgroup\">\n<div class=\"page-title-head hgroup\">\n<div class=\"page-title-head hgroup\">\n<div class=\"page-title-head hgroup\">\n<div class=\"b654a4as d2edcug0\">\n<div>\n<p>&nbsp;<\/p>\n<\/div>\n<div>\n<hr \/>\n<p>&nbsp;<\/p>\n<\/div>\n<h2><span style=\"color: #808000;\">L&#8217;ALMANACCO LADINO\u00a0\u00a0<\/span><\/h2>\n<p><strong>LA RACCOLTA<\/strong><\/p>\n<blockquote class=\"wp-embedded-content\" data-secret=\"JRgOZPqzJS\"><p><a href=\"https:\/\/www.radiopiu.net\/wordpress\/almanacco-ladino\/\">Almanacco Ladino<\/a><\/p><\/blockquote>\n<p><iframe loading=\"lazy\" class=\"wp-embedded-content\" sandbox=\"allow-scripts\" security=\"restricted\" style=\"position: absolute; clip: rect(1px, 1px, 1px, 1px);\" title=\"&#8220;Almanacco Ladino&#8221; &#8212; Radio Pi\u00f9\" src=\"https:\/\/www.radiopiu.net\/wordpress\/almanacco-ladino\/embed\/#?secret=JRgOZPqzJS\" data-secret=\"JRgOZPqzJS\" width=\"600\" height=\"338\" frameborder=\"0\" marginwidth=\"0\" marginheight=\"0\" scrolling=\"no\"><\/iframe><\/p>\n<p>&nbsp;<\/p>\n<hr \/>\n<p>&nbsp;<\/p>\n<h2><span style=\"color: #33cccc;\">LA RASSEGNA STAMPA DA L&#8217;AMICO DEL POPOLO<\/span><\/h2>\n<p><strong>LA RACCOLTA COMPLETA<\/strong><\/p>\n<blockquote class=\"wp-embedded-content\" data-secret=\"EUT7ZkZNnK\"><p><a href=\"https:\/\/www.radiopiu.net\/wordpress\/rassegna-stampa-di-gianni-santomaso\/\">Rassegna stampa da l&#8217;amico del popolo &#8211; di Gianni Santomaso<\/a><\/p><\/blockquote>\n<p><iframe loading=\"lazy\" class=\"wp-embedded-content\" sandbox=\"allow-scripts\" security=\"restricted\" style=\"position: absolute; clip: rect(1px, 1px, 1px, 1px);\" title=\"&#8220;Rassegna stampa da l&#8217;amico del popolo &#8211; di Gianni Santomaso&#8221; &#8212; Radio Pi\u00f9\" src=\"https:\/\/www.radiopiu.net\/wordpress\/rassegna-stampa-di-gianni-santomaso\/embed\/#?secret=EUT7ZkZNnK\" data-secret=\"EUT7ZkZNnK\" width=\"600\" height=\"338\" frameborder=\"0\" marginwidth=\"0\" marginheight=\"0\" scrolling=\"no\"><\/iframe><\/p>\n<p>&nbsp;<\/p>\n<hr \/>\n<p>&nbsp;<\/p>\n<h2><span style=\"color: #800080;\">I RACCONTI DI PAOLO SOPPELSA\u00a0<\/span><\/h2>\n<p><strong>LA RACCOLTA COMPLETA<\/strong><\/p>\n<blockquote class=\"wp-embedded-content\" data-secret=\"wRenL3apiB\"><p><a href=\"https:\/\/www.radiopiu.net\/wordpress\/i-racconti-di-paolo-soppelsa\/\">I racconti di Paolo Soppelsa<\/a><\/p><\/blockquote>\n<p><iframe loading=\"lazy\" class=\"wp-embedded-content\" sandbox=\"allow-scripts\" security=\"restricted\" style=\"position: absolute; clip: rect(1px, 1px, 1px, 1px);\" title=\"&#8220;I racconti di Paolo Soppelsa&#8221; &#8212; Radio Pi\u00f9\" src=\"https:\/\/www.radiopiu.net\/wordpress\/i-racconti-di-paolo-soppelsa\/embed\/#?secret=wRenL3apiB\" data-secret=\"wRenL3apiB\" width=\"600\" height=\"338\" frameborder=\"0\" marginwidth=\"0\" marginheight=\"0\" scrolling=\"no\"><\/iframe><\/p>\n<p>&nbsp;<\/p>\n<hr \/>\n<\/div>\n<div class=\"b654a4as d2edcug0\">\n<p>&nbsp;<\/p>\n<p><a href=\"https:\/\/www.radiopiu.net\/wordpress\/giornale-radiopiu-26-settembre-2018-direttore-mirko-mezzacasa\/viabilita-2\/\" rel=\"attachment wp-att-61954\"><img loading=\"lazy\" decoding=\"async\" class=\"aligncenter wp-image-61954 size-full\" src=\"https:\/\/www.radiopiu.net\/wordpress\/wp-content\/uploads\/2018\/09\/viabilita.jpeg\" sizes=\"auto, (max-width: 800px) 100vw, 800px\" srcset=\"https:\/\/www.radiopiu.net\/wordpress\/wp-content\/uploads\/2018\/09\/viabilita.jpeg 800w, https:\/\/www.radiopiu.net\/wordpress\/wp-content\/uploads\/2018\/09\/viabilita-300x38.jpeg 300w, https:\/\/www.radiopiu.net\/wordpress\/wp-content\/uploads\/2018\/09\/viabilita-768x96.jpeg 768w\" alt=\"\" width=\"800\" height=\"100\" \/><\/a><\/p>\n<div class=\"ecm0bbzt e5nlhep0 a8c37x1j\">\n<div class=\"kvgmc6g5 cxmmr5t8 oygrvhab hcukyx3x c1et5uql\">\n<div class=\"gmail-kvgmc6g5 gmail-cxmmr5t8 gmail-oygrvhab gmail-hcukyx3x gmail-c1et5uql gmail-ii04i59q\">\n<div class=\"page-title-head hgroup\">\n<div class=\"page-title-head hgroup\">\n<div class=\"b654a4as d2edcug0\">\n<div class=\"j83agx80 btwxx1t3 lhclo0ds hop8lmos nkwizq5d scwd0bx6 roh60bw9\">\n<div class=\"rq0escxv hkbzh7o3 jwdofwj8 n8tt0mok r8blr3vg hyh9befq\">\n<div class=\"do00u71z l9j0dhe7 k4urcfbm\">\n<div class=\"page-title-head hgroup\">\n<div class=\"page-title-head hgroup\">\n<div class=\"page-title-head hgroup\">\n<div class=\"page-title-head hgroup\">\n<div class=\"b654a4as d2edcug0\">\n<div class=\"page-title-head hgroup\">\n<div class=\"page-title-head hgroup\">\n<div class=\"page-title-head hgroup\">\n<div class=\"page-title-head hgroup\">\n<div class=\"b654a4as d2edcug0\">\n<div class=\"page-title-head hgroup\">\n<div class=\"page-title-head hgroup\">\n<div class=\"page-title-head hgroup\">\n<div class=\"page-title-head hgroup\">\n<div class=\"page-title-head hgroup\">\n<div class=\"page-title-head hgroup\">\n<div class=\"page-title-head hgroup\">\n<div class=\"page-title-head hgroup\">\n<div class=\"page-title-head hgroup\">\n<div class=\"b654a4as d2edcug0\">\n<div class=\"page-title-head hgroup\">\n<div class=\"page-title-head hgroup\">\n<div class=\"page-title-head hgroup\">\n<div class=\"page-title-head hgroup\">\n<div class=\"b654a4as d2edcug0\">\n<div class=\"page-title-head hgroup\">\n<div class=\"page-title-head hgroup\">\n<div class=\"page-title-head hgroup\">\n<div class=\"page-title-head hgroup\">\n<div class=\"page-title-head hgroup\">\n<div class=\"mkdf-post-text\">\n<div class=\"mkdf-post-text-inner\">\n<div class=\"mkdf-post-text-main\">\n<div class=\"mkdf-post-text\">\n<div class=\"mkdf-post-text-inner\">\n<div class=\"mkdf-post-text-main\">\n<div class=\"mkdf-post-text\">\n<div class=\"mkdf-post-text-inner\">\n<div class=\"mkdf-post-text-main\">\n<div class=\"page-title-head hgroup\">\n<div class=\"page-title-head hgroup\">\n<div class=\"mkdf-post-text\">\n<div class=\"mkdf-post-text-inner\">\n<div class=\"mkdf-post-text-main\">\n<div class=\"mkdf-post-text\">\n<div class=\"mkdf-post-text-inner\">\n<div class=\"mkdf-post-text-main\">\n<div class=\"page-title-head hgroup\">\n<div class=\"page-title-head hgroup\">\n<div class=\"page-title-head hgroup\">\n<div class=\"page-title-head hgroup\">\n<div class=\"b654a4as d2edcug0\">\n<div class=\"page-title-head hgroup\">\n<div class=\"page-title-head hgroup\">\n<div class=\"page-title-head hgroup\">\n<div class=\"page-title-head hgroup\">\n<div class=\"b654a4as d2edcug0\">\n<div class=\"page-title-head hgroup\">\n<div class=\"page-title-head hgroup\">\n<div class=\"page-title-head hgroup\">\n<div class=\"page-title-head hgroup\">\n<div class=\"b654a4as d2edcug0\">\n<div class=\"chat-input\">\n<div class=\"chat-input-container\">\n<div class=\"rows-wrapper chat-input-wrapper\">\n<div class=\"reply-wrapper\">\n<div class=\"btn-menu\">\n<div class=\"btn-menu-item tgico-replace rp\">\n<div class=\"c-ripple\">\n<div class=\"bubbles scrolled-down\">\n<div class=\"scrollable scrollable-y\">\n<div class=\"bubbles-inner has-rights is-chat is-channel\">\n<div class=\"bubbles-date-group\">\n<div class=\"bubble hide-name is-out can-have-tail is-group-first is-group-last is-read\" data-mid=\"5377294335\" data-peer-id=\"-1478820725\" data-timestamp=\"1638437407\">\n<div class=\"bubble-content-wrapper\">\n<div class=\"bubble-content\">\n<p class=\"message\" dir=\"auto\"><strong>\u00a0\u00a0<\/strong><\/p>\n<\/div>\n<\/div>\n<\/div>\n<\/div>\n<\/div>\n<\/div>\n<\/div>\n<\/div>\n<\/div>\n<\/div>\n<\/div>\n<\/div>\n<\/div>\n<\/div>\n<\/div>\n<\/div>\n<\/div>\n<\/div>\n<\/div>\n<\/div>\n<\/div>\n<\/div>\n<\/div>\n<\/div>\n<\/div>\n<\/div>\n<\/div>\n<\/div>\n<\/div>\n<\/div>\n<\/div>\n<\/div>\n<\/div>\n<\/div>\n<\/div>\n<\/div>\n<\/div>\n<\/div>\n<\/div>\n<\/div>\n<\/div>\n<\/div>\n<\/div>\n<\/div>\n<\/div>\n<\/div>\n<\/div>\n<\/div>\n<\/div>\n<\/div>\n<\/div>\n<\/div>\n<\/div>\n<\/div>\n<\/div>\n<\/div>\n<\/div>\n<\/div>\n<\/div>\n<\/div>\n<\/div>\n<\/div>\n<\/div>\n<\/div>\n<\/div>\n<\/div>\n<\/div>\n<\/div>\n<\/div>\n<\/div>\n<\/div>\n<\/div>\n<\/div>\n<\/div>\n<\/div>\n<\/div>\n<\/div>\n<\/div>\n<\/div>\n<\/div>\n<\/div>\n<\/div>\n<\/div>\n<\/div>\n<\/div>\n<\/div>\n<\/div>\n<\/div>\n<\/div>\n<\/div>\n<\/div>\n<\/div>\n<\/div>\n<\/div>\n<\/div>\n<\/div>\n<\/div>\n<\/div>\n<\/div>\n<\/div>\n<\/div>\n<\/div>\n<\/div>\n<\/div>\n<\/div>\n<\/div>\n<\/div>\n<\/div>\n<\/div>\n<\/div>\n<\/div>\n<\/div>\n<\/div>\n<\/div>\n<\/div>\n<\/div>\n<\/div>\n<\/div>\n<\/div>\n<\/div>\n<\/div>\n<\/div>\n<\/div>\n<\/div>\n<\/div>\n<\/div>\n<\/div>\n<\/div>\n<\/div>\n<\/div>\n<\/div>\n<\/div>\n<\/div>\n<\/div>\n<\/div>\n<\/div>\n<\/div>\n<\/div>\n<\/div>\n<\/div>\n<\/div>\n<\/div>\n<\/div>\n<\/div>\n<\/div>\n<\/div>\n<\/div>\n<\/div>\n<\/div>\n<\/div>\n<\/div>\n<\/div>\n<\/div>\n<\/div>\n<\/div>\n<\/div>\n<\/div>\n<\/div>\n<\/div>\n<\/div>\n<\/div>\n<\/div>\n<\/div>\n<\/div>\n<\/div>\n<\/div>\n<\/div>\n<\/div>\n<div>\n<div class=\"page-title-head hgroup\">\n<div class=\"page-title-head hgroup\">\n<div class=\"b654a4as d2edcug0\">\n<div class=\"j83agx80 btwxx1t3 lhclo0ds hop8lmos nkwizq5d scwd0bx6 roh60bw9\">\n<div class=\"rq0escxv hkbzh7o3 jwdofwj8 n8tt0mok r8blr3vg hyh9befq\">\n<div class=\"do00u71z l9j0dhe7 k4urcfbm\">\n<div class=\"ecm0bbzt e5nlhep0 a8c37x1j\">\n<div class=\"kvgmc6g5 cxmmr5t8 oygrvhab hcukyx3x c1et5uql\">\n<div class=\"gmail-kvgmc6g5 gmail-cxmmr5t8 gmail-oygrvhab gmail-hcukyx3x gmail-c1et5uql gmail-ii04i59q\">\n<div class=\"page-title-head hgroup\">\n<div class=\"page-title-head hgroup\">\n<div class=\"b654a4as d2edcug0\">\n<div class=\"j83agx80 btwxx1t3 lhclo0ds hop8lmos nkwizq5d scwd0bx6 roh60bw9\">\n<div class=\"rq0escxv hkbzh7o3 jwdofwj8 n8tt0mok r8blr3vg hyh9befq\">\n<div class=\"do00u71z l9j0dhe7 k4urcfbm\">\n<div class=\"page-title-head hgroup\">\n<div class=\"page-title-head hgroup\">\n<div class=\"page-title-head hgroup\">\n<div class=\"page-title-head hgroup\">\n<div class=\"b654a4as d2edcug0\">\n<div class=\"page-title-head hgroup\">\n<div class=\"page-title-head hgroup\">\n<div class=\"page-title-head hgroup\">\n<div class=\"page-title-head hgroup\">\n<div class=\"b654a4as d2edcug0\">\n<div class=\"page-title-head hgroup\">\n<div class=\"page-title-head hgroup\">\n<div class=\"page-title-head hgroup\">\n<div class=\"page-title-head hgroup\">\n<div class=\"page-title-head hgroup\">\n<div class=\"page-title-head hgroup\">\n<div class=\"page-title-head hgroup\">\n<div class=\"page-title-head hgroup\">\n<div class=\"page-title-head hgroup\">\n<div class=\"b654a4as d2edcug0\">\n<div class=\"page-title-head hgroup\">\n<div class=\"page-title-head hgroup\">\n<div class=\"page-title-head hgroup\">\n<div class=\"page-title-head hgroup\">\n<div class=\"b654a4as d2edcug0\">\n<div class=\"page-title-head hgroup\">\n<div class=\"page-title-head hgroup\">\n<div class=\"page-title-head hgroup\">\n<div class=\"page-title-head hgroup\">\n<div class=\"page-title-head hgroup\">\n<div class=\"mkdf-post-text\">\n<div class=\"mkdf-post-text-inner\">\n<div class=\"mkdf-post-text-main\">\n<div class=\"mkdf-post-text\">\n<div class=\"mkdf-post-text-inner\">\n<div class=\"mkdf-post-text-main\">\n<div class=\"mkdf-post-text\">\n<div class=\"mkdf-post-text-inner\">\n<div class=\"mkdf-post-text-main\">\n<div class=\"page-title-head hgroup\">\n<div class=\"page-title-head hgroup\">\n<div class=\"mkdf-post-text\">\n<div class=\"mkdf-post-text-inner\">\n<div class=\"mkdf-post-text-main\">\n<div class=\"mkdf-post-text\">\n<div class=\"mkdf-post-text-inner\">\n<div class=\"mkdf-post-text-main\">\n<div class=\"page-title-head hgroup\">\n<div class=\"page-title-head hgroup\">\n<div class=\"page-title-head hgroup\">\n<div class=\"page-title-head hgroup\">\n<div class=\"b654a4as d2edcug0\">\n<div class=\"page-title-head hgroup\">\n<div class=\"page-title-head hgroup\">\n<div class=\"page-title-head hgroup\">\n<div class=\"page-title-head hgroup\">\n<div class=\"b654a4as d2edcug0\">\n<div class=\"page-title-head hgroup\">\n<div class=\"page-title-head hgroup\">\n<div class=\"page-title-head hgroup\">\n<div class=\"page-title-head hgroup\">\n<div class=\"b654a4as d2edcug0\">\n<div class=\"ecm0bbzt e5nlhep0 a8c37x1j\">\n<div class=\"kvgmc6g5 cxmmr5t8 oygrvhab hcukyx3x c1et5uql\">\n<div class=\"gmail-kvgmc6g5 gmail-cxmmr5t8 gmail-oygrvhab gmail-hcukyx3x gmail-c1et5uql gmail-ii04i59q\">\n<div class=\"page-title-head hgroup\">\n<div class=\"page-title-head hgroup\">\n<div class=\"b654a4as d2edcug0\">\n<div class=\"j83agx80 btwxx1t3 lhclo0ds hop8lmos nkwizq5d scwd0bx6 roh60bw9\">\n<div class=\"rq0escxv hkbzh7o3 jwdofwj8 n8tt0mok r8blr3vg hyh9befq\">\n<div class=\"do00u71z l9j0dhe7 k4urcfbm\">\n<div class=\"page-title-head hgroup\">\n<div class=\"page-title-head hgroup\">\n<div class=\"page-title-head hgroup\">\n<div class=\"page-title-head hgroup\">\n<div class=\"b654a4as d2edcug0\">\n<div class=\"page-title-head hgroup\">\n<div class=\"page-title-head hgroup\">\n<div class=\"page-title-head hgroup\">\n<div class=\"page-title-head hgroup\">\n<div class=\"b654a4as d2edcug0\">\n<div class=\"page-title-head hgroup\">\n<div class=\"page-title-head hgroup\">\n<div class=\"page-title-head hgroup\">\n<div class=\"page-title-head hgroup\">\n<div class=\"page-title-head hgroup\">\n<div class=\"page-title-head hgroup\">\n<div class=\"page-title-head hgroup\">\n<div class=\"page-title-head hgroup\">\n<div class=\"page-title-head hgroup\">\n<div class=\"b654a4as d2edcug0\">\n<div class=\"page-title-head hgroup\">\n<div class=\"page-title-head hgroup\">\n<div class=\"page-title-head hgroup\">\n<div class=\"page-title-head hgroup\">\n<div class=\"b654a4as d2edcug0\">\n<div class=\"page-title-head hgroup\">\n<div class=\"page-title-head hgroup\">\n<div class=\"page-title-head hgroup\">\n<div class=\"page-title-head hgroup\">\n<div class=\"page-title-head hgroup\">\n<div class=\"mkdf-post-text\">\n<div class=\"mkdf-post-text-inner\">\n<div class=\"mkdf-post-text-main\">\n<div class=\"mkdf-post-text\">\n<div class=\"mkdf-post-text-inner\">\n<div class=\"mkdf-post-text-main\">\n<div class=\"mkdf-post-text\">\n<div class=\"mkdf-post-text-inner\">\n<div class=\"mkdf-post-text-main\">\n<div class=\"page-title-head hgroup\">\n<div class=\"page-title-head hgroup\">\n<div class=\"mkdf-post-text\">\n<div class=\"mkdf-post-text-inner\">\n<div class=\"mkdf-post-text-main\">\n<div class=\"mkdf-post-text\">\n<div class=\"mkdf-post-text-inner\">\n<div class=\"mkdf-post-text-main\">\n<div class=\"page-title-head hgroup\">\n<div class=\"page-title-head hgroup\">\n<div class=\"page-title-head hgroup\">\n<div class=\"page-title-head hgroup\">\n<div class=\"b654a4as d2edcug0\">\n<div class=\"page-title-head hgroup\">\n<div class=\"page-title-head hgroup\">\n<div class=\"page-title-head hgroup\">\n<div class=\"page-title-head hgroup\">\n<div class=\"b654a4as d2edcug0\">\n<div class=\"page-title-head hgroup\">\n<div class=\"page-title-head hgroup\">\n<div class=\"page-title-head hgroup\">\n<div class=\"page-title-head hgroup\">\n<div class=\"b654a4as d2edcug0\">\n<blockquote class=\"wp-embedded-content\" data-secret=\"l7v6JW89Mu\"><p><a href=\"https:\/\/www.radiopiu.net\/wordpress\/viabilita\/\">viabilita<\/a><\/p><\/blockquote>\n<p><iframe loading=\"lazy\" class=\"wp-embedded-content\" sandbox=\"allow-scripts\" security=\"restricted\" style=\"position: absolute; clip: rect(1px, 1px, 1px, 1px);\" title=\"&#8220;viabilita&#8221; &#8212; Radio Pi\u00f9\" src=\"https:\/\/www.radiopiu.net\/wordpress\/viabilita\/embed\/#?secret=l7v6JW89Mu\" data-secret=\"l7v6JW89Mu\" width=\"600\" height=\"338\" frameborder=\"0\" marginwidth=\"0\" marginheight=\"0\" scrolling=\"no\"><\/iframe><\/p>\n<p>&nbsp;<\/p>\n<hr \/>\n<p>&nbsp;<\/p>\n<\/div>\n<div class=\"b654a4as d2edcug0\">\n<div class=\"ecm0bbzt e5nlhep0 a8c37x1j\">\n<div class=\"kvgmc6g5 cxmmr5t8 oygrvhab hcukyx3x c1et5uql\">\n<div class=\"gmail-kvgmc6g5 gmail-cxmmr5t8 gmail-oygrvhab gmail-hcukyx3x gmail-c1et5uql gmail-ii04i59q\">\n<div>\n<div class=\"page-title-head hgroup\">\n<div class=\"page-title-head hgroup\">\n<div class=\"b654a4as d2edcug0\">\n<div class=\"j83agx80 btwxx1t3 lhclo0ds hop8lmos nkwizq5d scwd0bx6 roh60bw9\">\n<div class=\"rq0escxv hkbzh7o3 jwdofwj8 n8tt0mok r8blr3vg hyh9befq\">\n<div class=\"do00u71z l9j0dhe7 k4urcfbm\">\n<div>\n<div class=\"page-title-head hgroup\">\n<div class=\"page-title-head hgroup\">\n<div class=\"page-title-head hgroup\">\n<div class=\"page-title-head hgroup\">\n<div class=\"b654a4as d2edcug0\">\n<div class=\"page-title-head hgroup\">\n<div class=\"page-title-head hgroup\">\n<div class=\"page-title-head hgroup\">\n<div class=\"page-title-head hgroup\">\n<div class=\"b654a4as d2edcug0\">\n<div class=\"page-title-head hgroup\">\n<div class=\"page-title-head hgroup\">\n<div class=\"page-title-head hgroup\">\n<div class=\"page-title-head hgroup\">\n<div class=\"page-title-head hgroup\">\n<div class=\"mkdf-post-text\">\n<div class=\"mkdf-post-text-inner\">\n<div class=\"mkdf-post-text-main\">\n<div class=\"mkdf-post-text\">\n<div class=\"mkdf-post-text-inner\">\n<div class=\"mkdf-post-text-main\">\n<div class=\"mkdf-post-text\">\n<div class=\"mkdf-post-text-inner\">\n<div class=\"mkdf-post-text-main\">\n<div class=\"page-title-head hgroup\">\n<div class=\"page-title-head hgroup\">\n<div class=\"mkdf-post-text\">\n<div class=\"mkdf-post-text-inner\">\n<div class=\"mkdf-post-text-main\">\n<div class=\"mkdf-post-text\">\n<div class=\"mkdf-post-text-inner\">\n<div class=\"mkdf-post-text-main\">\n<div>\n<div class=\"page-title-head hgroup\">\n<div class=\"page-title-head hgroup\">\n<div>\n<div class=\"page-title-head hgroup\">\n<div class=\"page-title-head hgroup\">\n<div class=\"b654a4as d2edcug0\">\n<div>\n<div class=\"page-title-head hgroup\" style=\"text-align: left;\">\n<div class=\"page-title-head hgroup\">\n<div dir=\"auto\">\n<p><a class=\"dt-pswp-item pspw-wrap-ready\" href=\"https:\/\/i0.wp.com\/www.radiopiu.net\/wordpress\/wp-content\/uploads\/2018\/09\/WhatsApp-Image-2018-09-20-at-16.04.06.jpeg?ssl=1\" data-dt-img-description=\"\" data-large_image_width=\"800\" data-large_image_height=\"100\"><img loading=\"lazy\" decoding=\"async\" class=\"aligncenter wp-image-61378 size-full jetpack-lazy-image jetpack-lazy-image--handled\" src=\"https:\/\/i0.wp.com\/www.radiopiu.net\/wordpress\/wp-content\/uploads\/2018\/09\/WhatsApp-Image-2018-09-20-at-16.04.06.jpeg?resize=800%2C100&amp;ssl=1\" sizes=\"auto, (max-width: 800px) 100vw, 800px\" srcset=\"https:\/\/i0.wp.com\/www.radiopiu.net\/wordpress\/wp-content\/uploads\/2018\/09\/WhatsApp-Image-2018-09-20-at-16.04.06.jpeg?w=800&amp;ssl=1 800w, https:\/\/i0.wp.com\/www.radiopiu.net\/wordpress\/wp-content\/uploads\/2018\/09\/WhatsApp-Image-2018-09-20-at-16.04.06.jpeg?resize=300%2C38&amp;ssl=1 300w, https:\/\/i0.wp.com\/www.radiopiu.net\/wordpress\/wp-content\/uploads\/2018\/09\/WhatsApp-Image-2018-09-20-at-16.04.06.jpeg?resize=768%2C96&amp;ssl=1 768w\" alt=\"\" width=\"800\" height=\"100\" data-lazy-loaded=\"1\" \/><\/a><\/p>\n<\/div>\n<\/div>\n<\/div>\n<\/div>\n<\/div>\n<\/div>\n<\/div>\n<\/div>\n<\/div>\n<\/div>\n<\/div>\n<\/div>\n<\/div>\n<\/div>\n<\/div>\n<\/div>\n<\/div>\n<\/div>\n<\/div>\n<\/div>\n<\/div>\n<\/div>\n<\/div>\n<\/div>\n<\/div>\n<\/div>\n<\/div>\n<\/div>\n<\/div>\n<\/div>\n<\/div>\n<\/div>\n<\/div>\n<\/div>\n<\/div>\n<\/div>\n<\/div>\n<\/div>\n<\/div>\n<\/div>\n<\/div>\n<\/div>\n<\/div>\n<\/div>\n<p>&nbsp;<\/p>\n<\/div>\n<\/div>\n<\/div>\n<\/div>\n<\/div>\n<\/div>\n<\/div>\n<\/div>\n<\/div>\n<\/div>\n<\/div>\n<\/div>\n<\/div>\n<\/div>\n<\/div>\n<\/div>\n<\/div>\n<\/div>\n<\/div>\n<\/div>\n<\/div>\n<\/div>\n<\/div>\n<\/div>\n<\/div>\n<\/div>\n<\/div>\n<\/div>\n<\/div>\n<\/div>\n<\/div>\n<\/div>\n<\/div>\n<\/div>\n<\/div>\n<\/div>\n<\/div>\n<\/div>\n<\/div>\n<\/div>\n<\/div>\n<\/div>\n<\/div>\n<\/div>\n<\/div>\n<\/div>\n<\/div>\n<\/div>\n<\/div>\n<\/div>\n<\/div>\n<\/div>\n<\/div>\n<\/div>\n<\/div>\n<\/div>\n<\/div>\n<\/div>\n<\/div>\n<\/div>\n<\/div>\n<\/div>\n<\/div>\n<\/div>\n<\/div>\n<\/div>\n<\/div>\n<\/div>\n<\/div>\n<\/div>\n<\/div>\n<\/div>\n<\/div>\n<\/div>\n<\/div>\n<\/div>\n<\/div>\n<\/div>\n<\/div>\n<\/div>\n<\/div>\n<\/div>\n<\/div>\n<\/div>\n<\/div>\n<\/div>\n<\/div>\n<\/div>\n<\/div>\n<\/div>\n<\/div>\n<\/div>\n<\/div>\n<\/div>\n<\/div>\n<\/div>\n<\/div>\n<\/div>\n<\/div>\n<\/div>\n<\/div>\n<\/div>\n<\/div>\n<\/div>\n<\/div>\n<\/div>\n<\/div>\n<\/div>\n<\/div>\n<\/div>\n<\/div>\n<\/div>\n<\/div>\n<\/div>\n<\/div>\n<\/div>\n<\/div>\n<\/div>\n<\/div>\n<\/div>\n<\/div>\n<\/div>\n<\/div>\n<\/div>\n<\/div>\n<\/div>\n<\/div>\n<\/div>\n<\/div>\n<\/div>\n<\/div>\n<\/div>\n<\/div>\n<\/div>\n<\/div>\n<\/div>\n<\/div>\n<\/div>\n<\/div>\n<\/div>\n<\/div>\n<\/div>\n<\/div>\n<\/div>\n<\/div>\n<\/div>\n<\/div>\n<\/div>\n<\/div>\n<\/div>\n<\/div>\n<\/div>\n<\/div>\n<\/div>\n<\/div>\n<\/div>\n<\/div>\n<\/div>\n<\/div>\n<\/div>\n<\/div>\n<\/div>\n<\/div>\n<\/div>\n<\/div>\n<\/div>\n<\/div>\n<\/div>\n<\/div>\n<\/div>\n<\/div>\n<\/div>\n<\/div>\n<\/div>\n<\/div>\n<\/div>\n<\/div>\n<\/div>\n<\/div>\n<\/div>\n<\/div>\n<\/div>\n<\/div>\n<\/div>\n<\/div>\n<\/div>\n<\/div>\n<p><center><b>Venerdi 11<\/b><\/center><b>Tempo atteso: <\/b>Dopo qualche tratto di sole sulle Dolomiti al primo mattino, meno probabile sulle Prealpi, rapido aumento della nuvolosit\u00e0 stratiforme, anche per addensamenti tra le ore centrali e parte del pomeriggio, quando non saranno da escludere sporadici fenomeni. A fine giornata ampi rasserenamenti a partire delle Dolomiti, in estensione alle Prealpi in tarda serata. Riduzione dell&#8217;escursione termica giornaliera.<br \/>\n<b>Precipitazioni: <\/b>Tra le ore centrali del giorno e parte del pomeriggio debolissime e sporadiche precipitazioni sotto forma di nevischio oltre i 1200\/1400 m (20\/40%) e di qualche goccia in valle (10\/20%). Sono previsti apporti irrisori (perlopi\u00f9 sporadiche tracce, al massimo 1 mm\/1 cm).<br \/>\n<b>Temperature: <\/b>In calo, anche in maniera sensibile in quota, dove le minime saranno osservate alla sera. Eccezione per l&#8217;aumento delle minime nelle valli per parziale riduzione dell&#8217;irraggiamento notturno. Su Prealpi a 1500 m min -2\u00b0C max 0\u00b0C, a 2000 m: min -6\u00b0C max -1\u00b0C; su Dolomiti a 2000 m min -8\u00b0C max -1\u00b0C, a 3000 m min -12\u00b0C max -6\u00b0C.<br \/>\n<b>Venti: <\/b>Nelle valli deboli di direzione variabile, nel tardo pomeriggio\/sera eventuali brevi episodi di Foehn in alcune valli; in quota deboli\/moderati occidentali al mattino, in temporaneo rinforzo e in rotazione da nord-ovest nel tardo pomeriggio\/sera, risultando tesi sulle cime dolomitiche pi\u00f9 alte, a 10-20 km\/h a 2000 m e 20-45 km\/h a 3000 m.<\/p>\n<hr \/>\n<p><center><b>Sabato 12<\/b><\/center><b>Tempo atteso: <\/b>Stupenda giornata di stampo invernale, ben soleggiata, con cielo terso, aria limpida e ottima visibilit\u00e0 ovunque. Contesto termico freddo in quota, mentre il freddo d&#8217;inizio giornata lascer\u00e0 spazio a una certa mitezza diurna nelle valli pi\u00f9 assolate, con sensibile escursione termica giornaliera.<br \/>\n<b>Precipitazioni: <\/b>Assenti (0%).<br \/>\n<b>Temperature: <\/b>In generale diminuzione con diffuse gelate notturne, eccetto lieve ripresa delle massime nelle valli pi\u00f9 assolate. Su Prealpi a 1500 m min -5\u00b0C max -3\u00b0C, a 2000 m: min -8\u00b0C max -6\u00b0C; su Dolomiti a 2000 m min -9\u00b0C max -5\u00b0C, a 3000 m min -13\u00b0C max -9\u00b0C.<br \/>\n<b>Venti: <\/b>Nelle valli deboli di direzione variabile, salvo locali rinforzi mattutini per brezze di monte su alcuni settori prealpini; in quota deboli dai quadranti orientali (da nord-est al mattino e da sud-est al pomeriggio), a 5-10 km\/h a 2000 m e 10-20 km\/h a 3000 m.<\/p>\n<hr \/>\n<p><center><b>Domenica 13<\/b><\/center>Stupenda giornata di stampo invernale, ben soleggiata, con cielo terso, aria limpida e ottima visibilit\u00e0 ovunque. A fine giornata temporanei annuvolamenti medio-alti. Temperature senza notevoli variazioni rispetto a sabato fino sui 1500 m, mentre saranno in lieve ripresa in alta quota. Venti deboli di direzione variabile nelle valli, salvo locali rinforzi mattutini per brezze di monte su alcuni settori prealpini; in quota deboli\/moderati da sud-ovest.<\/p>\n<hr \/>\n<p><center><b>Lunedi 14<\/b><\/center>Residue schiarite all&#8217;alba, poi rapido aumento della copertura nuvolosa e primi fenomeni, gi\u00e0 in mattinata. Al pomeriggio ulteriore peggioramento del tempo con estensione e intensificazione delle precipitazioni, nevose fino a fondovalle sulle Dolomiti, inizialmente 300\/400 m sulle Prealpi, poi in rialzo fino sui 700\/800 m nei settori esposti alla ventilazione meridionale. Temperature minime in rialzo e massime in calo. Venti deboli di direzione variabile nelle valli; moderati\/tesi da sud-ovest in quota, anche forti al pomeriggio\/sera sulle cime dolomitiche pi\u00f9 alte. Previsore: R.L.Th.<\/p>\n<p>&nbsp;<\/p>\n<hr \/>\n<p>&nbsp;<\/p>\n<p><img loading=\"lazy\" decoding=\"async\" class=\"wp-image-60761 size-full aligncenter\" src=\"https:\/\/www.radiopiu.net\/wordpress\/wp-content\/uploads\/2018\/09\/sport.jpg\" alt=\"\" width=\"800\" height=\"100\" srcset=\"https:\/\/www.radiopiu.net\/wordpress\/wp-content\/uploads\/2018\/09\/sport.jpg 800w, https:\/\/www.radiopiu.net\/wordpress\/wp-content\/uploads\/2018\/09\/sport-300x38.jpg 300w, https:\/\/www.radiopiu.net\/wordpress\/wp-content\/uploads\/2018\/09\/sport-768x96.jpg 768w\" sizes=\"auto, (max-width: 800px) 100vw, 800px\" \/><\/p>\n<p>&nbsp;<\/p>\n<p><span style=\"color: #0000ff;\"><strong>CORSA IN MONTAGNA<\/strong><\/span><\/p>\n<blockquote>\n<h3>A GIUGNO LA 4 PAS IN DOI, ISCRIZIONI GIA&#8217; APERTE<\/h3>\n<\/blockquote>\n<p><strong><img loading=\"lazy\" decoding=\"async\" class=\"alignleft\" src=\"https:\/\/www.radiopiu.net\/wordpress\/wp-content\/uploads\/2022\/02\/4-PAS-IN-DOI-02.06.2019-partenza.jpg\" width=\"254\" height=\"169\" \/>AGORDO<\/strong> Dopo due anni di assenza a causa dell\u2019emergenza sanitaria, la &#8220;4 pas in doi&#8221; gara podistica a coppie,\u00a0 ricompare nel calendario degli eventi importanti.\u00a0 Da ieri sono aperte le iscrizioni sul sito 4pasindoi.it, oppure sportdolomiti.it.\u00a0 L&#8217;evento con Ad Agordo Proloco si svolger\u00e0 domenica 5 giugno su due percorsi di\u00a0 15 e 6 chilometri con dislivelli rispettivamente di\u00a0 850 e 300 metri con partenza e arrivo sul &#8220;Broi&#8221;. Per la prova sui 6 chilometri, la quota di iscrizione fissa ed \u00e8 di 20 euro (nati dal 2008),\u00a0 30 euro per gli adulti, 25 euro per le coppie formate da un adulto e un bambino. Per la prova sui 15 chilometri iscrizione a 34 euro mentre dal 28 marzo,\u00a0 40 successivamente, 46 alla partenza nel giorno della manifestazione.<\/p>\n<p>&nbsp;<\/p>\n<hr \/>\n<p>&nbsp;<\/p>\n<p><strong><span style=\"color: #0000ff;\">HOCKEY GIOVANILE<\/span><\/strong><\/p>\n<div class=\"page-title-head hgroup\">\n<blockquote>\n<h3 class=\"entry-title\">UN SUCCESSO LA SECONDA SERATA DI AVVICINAMENTO ALL\u2019HOCKEY SU GHIACCIO<\/h3>\n<\/blockquote>\n<\/div>\n<div class=\"page-title-breadcrumbs\">\n<p>AUDIO<\/p>\n<audio class=\"wp-audio-shortcode\" id=\"audio-258834-14\" preload=\"none\" style=\"width: 100%;\" controls=\"controls\"><source type=\"audio\/mpeg\" src=\"https:\/\/www.radiopiu.net\/wordpress\/wp-content\/uploads\/2022\/02\/WhatsApp-Audio-2022-02-10-at-12.57.22.mp3?_=14\" \/><a href=\"https:\/\/www.radiopiu.net\/wordpress\/wp-content\/uploads\/2022\/02\/WhatsApp-Audio-2022-02-10-at-12.57.22.mp3\">https:\/\/www.radiopiu.net\/wordpress\/wp-content\/uploads\/2022\/02\/WhatsApp-Audio-2022-02-10-at-12.57.22.mp3<\/a><\/audio>\n<p>&nbsp;<\/p>\n<p>&nbsp;<\/p>\n\n\t\t\t<style type='text\/css'>\n\t\t\t\t#gallery-5 {\n\t\t\t\t\tmargin: auto;\n\t\t\t\t}\n\t\t\t\t#gallery-5 .gallery-item {\n\t\t\t\t\tfloat: left;\n\t\t\t\t\tmargin-top: 10px;\n\t\t\t\t\ttext-align: center;\n\t\t\t\t\twidth: 25%;\n\t\t\t\t}\n\t\t\t\t#gallery-5 img {\n\t\t\t\t\tborder: 2px solid #cfcfcf;\n\t\t\t\t}\n\t\t\t\t#gallery-5 .gallery-caption {\n\t\t\t\t\tmargin-left: 0;\n\t\t\t\t}\n\t\t\t\t\/* see gallery_shortcode() in wp-includes\/media.php *\/\n\t\t\t<\/style>\n\t\t<div id='gallery-5' class='dt-gallery-container gallery galleryid-258834 gallery-columns-4 gallery-size-thumbnail'><dl class='gallery-item'>\n\t\t\t\t<dt class='gallery-icon landscape'>\n\t\t\t\t\t<a class=\"rollover rollover-zoom dt-pswp-item\" title=\"IMG_1149\" data-dt-img-description=\"\" data-large_image_width=\"1272\" data-large_image_height=\"954\"href='https:\/\/www.radiopiu.net\/wordpress\/wp-content\/uploads\/2022\/02\/IMG_1149.jpg'><img loading=\"lazy\" decoding=\"async\" width=\"150\" height=\"150\" src=\"https:\/\/www.radiopiu.net\/wordpress\/wp-content\/uploads\/2022\/02\/IMG_1149-150x150.jpg\" class=\"attachment-thumbnail size-thumbnail\" alt=\"\" \/><\/a>\n\t\t\t\t<\/dt><\/dl><dl class='gallery-item'>\n\t\t\t\t<dt class='gallery-icon landscape'>\n\t\t\t\t\t<a class=\"rollover rollover-zoom dt-pswp-item\" title=\"IMG_1151\" data-dt-img-description=\"\" data-large_image_width=\"1410\" data-large_image_height=\"1058\"href='https:\/\/www.radiopiu.net\/wordpress\/wp-content\/uploads\/2022\/02\/IMG_1151.jpg'><img loading=\"lazy\" decoding=\"async\" width=\"150\" height=\"150\" src=\"https:\/\/www.radiopiu.net\/wordpress\/wp-content\/uploads\/2022\/02\/IMG_1151-150x150.jpg\" class=\"attachment-thumbnail size-thumbnail\" alt=\"\" \/><\/a>\n\t\t\t\t<\/dt><\/dl><dl class='gallery-item'>\n\t\t\t\t<dt class='gallery-icon landscape'>\n\t\t\t\t\t<a class=\"rollover rollover-zoom dt-pswp-item\" title=\"IMG_1150\" data-dt-img-description=\"\" data-large_image_width=\"1782\" data-large_image_height=\"1336\"href='https:\/\/www.radiopiu.net\/wordpress\/wp-content\/uploads\/2022\/02\/IMG_1150.jpg'><img loading=\"lazy\" decoding=\"async\" width=\"150\" height=\"150\" src=\"https:\/\/www.radiopiu.net\/wordpress\/wp-content\/uploads\/2022\/02\/IMG_1150-150x150.jpg\" class=\"attachment-thumbnail size-thumbnail\" alt=\"\" \/><\/a>\n\t\t\t\t<\/dt><\/dl><dl class='gallery-item'>\n\t\t\t\t<dt class='gallery-icon landscape'>\n\t\t\t\t\t<a class=\"rollover rollover-zoom dt-pswp-item\" title=\"8b039cb8-8945-4723-be76-041683b094f9\" data-dt-img-description=\"\" data-large_image_width=\"2045\" data-large_image_height=\"1028\"href='https:\/\/www.radiopiu.net\/wordpress\/wp-content\/uploads\/2022\/02\/8b039cb8-8945-4723-be76-041683b094f9.jpg'><img loading=\"lazy\" decoding=\"async\" width=\"150\" height=\"150\" src=\"https:\/\/www.radiopiu.net\/wordpress\/wp-content\/uploads\/2022\/02\/8b039cb8-8945-4723-be76-041683b094f9-150x150.jpg\" class=\"attachment-thumbnail size-thumbnail\" alt=\"\" \/><\/a>\n\t\t\t\t<\/dt><\/dl><br style=\"clear: both\" \/>\n\t\t\t<\/div>\n\n<p>&nbsp;<\/p>\n<\/div>\n<hr \/>\n<p>&nbsp;<\/p>\n<\/div>\n<\/div>\n<\/div>\n<\/div>\n<\/div>\n<\/div>\n<\/div>\n<\/div>\n","protected":false},"excerpt":{"rendered":"<p>INFORMAZIONE il canale su TELEGRAM informazione di prima mano e in tempo reale. iscriviti ed aiutaci a farlo conoscere\u00a0 \u00a0 &nbsp; &nbsp; &nbsp; &nbsp; CARO BOLLETTE, PROTESTA AL BUIO E DA ALLEGHE LA MINACCIA DEL SINDACO DANILO DE TONI &#8220;IL PALASPORT SE CONTINUA IN QUESTO MODO SARA&#8217; CHIUSO, CASA DI RIPOSO E SCUOLE HANNO LA&hellip;<\/p>\n","protected":false},"author":4,"featured_media":258962,"comment_status":"closed","ping_status":"closed","sticky":false,"template":"","format":"standard","meta":{"_monsterinsights_skip_tracking":false,"_monsterinsights_sitenote_active":false,"_monsterinsights_sitenote_note":"","_monsterinsights_sitenote_category":0,"footnotes":""},"categories":[51,86,49],"tags":[],"class_list":["post-258834","post","type-post","status-publish","format-standard","has-post-thumbnail","hentry","category-evidenza-top","category-gr","category-news-18","category-51","category-86","category-49","description-off"],"img_url":"https:\/\/www.radiopiu.net\/wordpress\/wp-content\/uploads\/2022\/02\/36ce32de-596b-41a8-830c-3325133a7faf.jpg","_links":{"self":[{"href":"https:\/\/www.radiopiu.net\/wordpress\/wp-json\/wp\/v2\/posts\/258834","targetHints":{"allow":["GET"]}}],"collection":[{"href":"https:\/\/www.radiopiu.net\/wordpress\/wp-json\/wp\/v2\/posts"}],"about":[{"href":"https:\/\/www.radiopiu.net\/wordpress\/wp-json\/wp\/v2\/types\/post"}],"author":[{"embeddable":true,"href":"https:\/\/www.radiopiu.net\/wordpress\/wp-json\/wp\/v2\/users\/4"}],"replies":[{"embeddable":true,"href":"https:\/\/www.radiopiu.net\/wordpress\/wp-json\/wp\/v2\/comments?post=258834"}],"version-history":[{"count":0,"href":"https:\/\/www.radiopiu.net\/wordpress\/wp-json\/wp\/v2\/posts\/258834\/revisions"}],"wp:featuredmedia":[{"embeddable":true,"href":"https:\/\/www.radiopiu.net\/wordpress\/wp-json\/wp\/v2\/media\/258962"}],"wp:attachment":[{"href":"https:\/\/www.radiopiu.net\/wordpress\/wp-json\/wp\/v2\/media?parent=258834"}],"wp:term":[{"taxonomy":"category","embeddable":true,"href":"https:\/\/www.radiopiu.net\/wordpress\/wp-json\/wp\/v2\/categories?post=258834"},{"taxonomy":"post_tag","embeddable":true,"href":"https:\/\/www.radiopiu.net\/wordpress\/wp-json\/wp\/v2\/tags?post=258834"}],"curies":[{"name":"wp","href":"https:\/\/api.w.org\/{rel}","templated":true}]}}