{"id":258904,"date":"2022-02-10T10:42:04","date_gmt":"2022-02-10T09:42:04","guid":{"rendered":"https:\/\/www.radiopiu.net\/wordpress\/?p=258904"},"modified":"2022-02-11T05:52:42","modified_gmt":"2022-02-11T04:52:42","slug":"sara-e-la-perla-il-racconto-artistico-e-di-beneficienza","status":"publish","type":"post","link":"https:\/\/www.radiopiu.net\/wordpress\/sara-e-la-perla-il-racconto-artistico-e-di-beneficienza\/","title":{"rendered":"&#8220;SARA E LA PERLA&#8221;,  IL RACCONTO ARTISTICO E DI BENEFICIENZA"},"content":{"rendered":"<p><a href=\"https:\/\/www.radiopiu.net\/wordpress\/sara-e-la-perla-il-racconto-artistico-e-di-beneficienza\/sara_andrich_e_chef_zambon\/\" rel=\"attachment wp-att-258909\"><img loading=\"lazy\" decoding=\"async\" class=\"size-medium wp-image-258909 alignleft\" src=\"https:\/\/www.radiopiu.net\/wordpress\/wp-content\/uploads\/2022\/02\/Sara_Andrich_e_chef_Zambon-300x225.jpg\" alt=\"\" width=\"300\" height=\"225\" srcset=\"https:\/\/www.radiopiu.net\/wordpress\/wp-content\/uploads\/2022\/02\/Sara_Andrich_e_chef_Zambon-300x225.jpg 300w, https:\/\/www.radiopiu.net\/wordpress\/wp-content\/uploads\/2022\/02\/Sara_Andrich_e_chef_Zambon-768x576.jpg 768w, https:\/\/www.radiopiu.net\/wordpress\/wp-content\/uploads\/2022\/02\/Sara_Andrich_e_chef_Zambon.jpg 1024w\" sizes=\"auto, (max-width: 300px) 100vw, 300px\" \/><\/a><strong>PONTE NELLE ALPI<\/strong> Sara Andrich conosciuta e apprezzata artista bellunese ha esposto le sue opere \u00a0negli spazi del ristorante \u201cLa Perla\u201d dello chef Massimiliano Zambon, in viale Cadore. Con un obiettivo, raccogliere dei fondi per buoni spesa da dedicare alle famiglie in difficolt\u00e0 grazie alle libere offerte dei visitatori.\u00a0 <em>&#8220;Ringraziamo di cuore Sara e Massimiliano per questo gesto cos\u00ec significativo. L\u2019arte \u00e8 strettamente connessa alla capacit\u00e0 di trasmettere emozioni, messaggi e solidariet\u00e0. Aver pensato a una mostra a scopo benefico \u00e8 un segnale importante che pu\u00f2 trovare ulteriori sviluppi\u00bb,<\/em> ha evidenziato il primo cittadino Paolo Vendramini. (foto Sara Andrich_Massimiliano Zambon)<\/p>\n<blockquote><p><em>Sara Andrich: ha frequentato con successo l\u2019Accademia di Belle Arti a Venezia e aderito a molteplici iniziative e manifestazioni. La sua ricerca artistica spazia in molti campi: ama giocare cromaticamente, inserire elementi curiosi e interattivi e dare a ogni materiale nuova interpretazione.Si occupa di scultura lignea, di arte performativa, di installazione e land art, realizzando opere con materiali vari: legno, gesso, ceramica, ferro e perfino la neve. Da anni, inoltre, si dedica all\u2019insegnamento del disegno e della pittura.\u00a0<\/em><\/p><\/blockquote>\n<p>&nbsp;<\/p>\n<p>***<\/p>\n<p>&nbsp;<\/p>\n<p>&nbsp;<\/p>\n","protected":false},"excerpt":{"rendered":"<p>PONTE NELLE ALPI Sara Andrich conosciuta e apprezzata artista bellunese ha esposto le sue opere \u00a0negli spazi del ristorante \u201cLa Perla\u201d dello chef Massimiliano Zambon, in viale Cadore. Con un obiettivo, raccogliere dei fondi per buoni spesa da dedicare alle famiglie in difficolt\u00e0 grazie alle libere offerte dei visitatori.\u00a0 &#8220;Ringraziamo di cuore Sara e Massimiliano&hellip;<\/p>\n","protected":false},"author":4,"featured_media":258909,"comment_status":"closed","ping_status":"closed","sticky":false,"template":"","format":"standard","meta":{"_monsterinsights_skip_tracking":false,"_monsterinsights_sitenote_active":false,"_monsterinsights_sitenote_note":"","_monsterinsights_sitenote_category":0,"footnotes":""},"categories":[51,49],"tags":[],"class_list":["post-258904","post","type-post","status-publish","format-standard","has-post-thumbnail","hentry","category-evidenza-top","category-news-18","category-51","category-49","description-off"],"img_url":"https:\/\/www.radiopiu.net\/wordpress\/wp-content\/uploads\/2022\/02\/Sara_Andrich_e_chef_Zambon.jpg","_links":{"self":[{"href":"https:\/\/www.radiopiu.net\/wordpress\/wp-json\/wp\/v2\/posts\/258904","targetHints":{"allow":["GET"]}}],"collection":[{"href":"https:\/\/www.radiopiu.net\/wordpress\/wp-json\/wp\/v2\/posts"}],"about":[{"href":"https:\/\/www.radiopiu.net\/wordpress\/wp-json\/wp\/v2\/types\/post"}],"author":[{"embeddable":true,"href":"https:\/\/www.radiopiu.net\/wordpress\/wp-json\/wp\/v2\/users\/4"}],"replies":[{"embeddable":true,"href":"https:\/\/www.radiopiu.net\/wordpress\/wp-json\/wp\/v2\/comments?post=258904"}],"version-history":[{"count":0,"href":"https:\/\/www.radiopiu.net\/wordpress\/wp-json\/wp\/v2\/posts\/258904\/revisions"}],"wp:featuredmedia":[{"embeddable":true,"href":"https:\/\/www.radiopiu.net\/wordpress\/wp-json\/wp\/v2\/media\/258909"}],"wp:attachment":[{"href":"https:\/\/www.radiopiu.net\/wordpress\/wp-json\/wp\/v2\/media?parent=258904"}],"wp:term":[{"taxonomy":"category","embeddable":true,"href":"https:\/\/www.radiopiu.net\/wordpress\/wp-json\/wp\/v2\/categories?post=258904"},{"taxonomy":"post_tag","embeddable":true,"href":"https:\/\/www.radiopiu.net\/wordpress\/wp-json\/wp\/v2\/tags?post=258904"}],"curies":[{"name":"wp","href":"https:\/\/api.w.org\/{rel}","templated":true}]}}