{"id":258975,"date":"2022-02-10T23:59:18","date_gmt":"2022-02-10T22:59:18","guid":{"rendered":"https:\/\/www.radiopiu.net\/wordpress\/?p=258975"},"modified":"2022-02-10T15:08:21","modified_gmt":"2022-02-10T14:08:21","slug":"pievanali-cadorine-della-diocesi-udinese-passarono-a-belluno-nel-gennaio-del-1847","status":"publish","type":"post","link":"https:\/\/www.radiopiu.net\/wordpress\/pievanali-cadorine-della-diocesi-udinese-passarono-a-belluno-nel-gennaio-del-1847\/","title":{"rendered":"PIEVANALI CADORINE DELLA DIOCESI UDINESE PASSARONO A BELLUNO NEL GENNAIO DEL 1847"},"content":{"rendered":"<p><strong>di RENATO BONA<\/strong><\/p>\n<p>Don Floriano Pellegrini, zoldano, ricercatore e storico, talvolta al centro di polemiche per certe prese di posizione controtendenza, \u201canima\u201d del sito telematico \u201cbaliatodaicoi.altervista. org\u201d ha proposto da tempo al grande pubblico un servizio su \u201cChiese cadorine 1846-1896\u201d con cenno storico sulle chiese del Cadore sotto la Diocesi di Belluno, nel blog istituzionale del Baliato dai Coi (comunit\u00e0 morale tra i villaggi di Coi e Col, nella Val di Zoldo, storicamente sul confine tra il municipio romano di Zuglio Carnico nell&#8217;attuale Friuli e quello di Belluno nell&#8217;attuale Veneto) che \u201csi propone di offrire documenti e immagini del suo Archivio storico di grande interesse, le sue pubblicazioni e alcune valutazioni sui principali fatti e movimenti di pensiero e d&#8217;azione contemporanei. Con quella che definisce \u201cattenzione particolare alle Comunit\u00e0 storiche, ai Comuni, ai Domini collettivi, alla Patria Serenissima, secondo lo spirito dell&#8217;Ordine dei Templari, dei Baili del Vescovo-Conte di Belluno e della Chiesa madre di Aquileja\u201d. In apertura dell\u2019interessante servizio don Pellegrini richiama il fatto che \u201cLa domenica 4 gennaio 1847 si lesse in tutte le chiese cadorine l\u2019annuncio che le medesime erano smembrate dalla Diocesi di Udine e aggregate a quella di Belluno\u201d. Il provvedimento &#8211; si pu\u00f2 leggere &#8211; era opportuno e tale fu riconosciuto dal governo d\u2019allora, interprete, per quanto pare, del desiderio manifestato da autorit\u00e0 comunali ed ecclesiastiche; ma non sarebbe nel vero chi affermasse che il popolo cadorino abbia accolto con gioia simile notizia\u201d. Il sacerdote zoldano ricorda quindi che \u201cIl Cadore era stato ecclesiasticamente soggetto da secoli alla Chiesa Aquilejese, dalla quale avr\u00e0 probabilmente avuto i suoi primi evangelizzatori; da quasi un secolo dipendeva dalla Chiesa udinese; il Cadore aveva avuto per molto tempo a Signori non solo spirituali, ma anche temporali, i Patriarchi d\u2019Aquileja, e tra questi esso aveva accolto nel 1347, come un salvatore mandato da Dio, in suo Signore temporale e spirituale ad un tempo: il Beato Bertrando; e dal Mauria aveva veduti discendere in visita pastorale col corteo ed il decoro, da tanta dignit\u00e0 richiesto, per citarne alcuni, il Patriarca Francesco Barbaro nel 1592, Ermolao Barbaro nel 1604, Marco Gradenigo nel 1637, Dionisio Dolfin nel 1701, Daniele Dolfin nel 1736 e nel 1745; e dopo i Patriarchi gli Arcivescovi e i Vescovi di Udine: Bartolomeo Gradenigo nel 1763, Gian Girolamo Gradenigo nel 1772, Nicol\u00f2 Sagredo nel 1790, e tre volte, cio\u00e8, nel 1820, 1827 e 1837 Emmanuele Lodi, che ebbe a suo Vicario generale un cadorino, Mariano Da R\u00f9, il quale alla morte del Lodi stesso fu Vicario capitolare: due nomi, di cui dura ancora cara e venerata presso i cadorini la memoria\u201d. Spiega poi che \u201cNel 1751 fu soppresso il Patriarcato d\u2019Aquileja e diviso nei due Arcivescovati di Udine e di Gorizia\u201d. E conclude: \u201cDunque naturalissimo, e non fa meraviglia, se il Cadore ha provato dispiacere nel distacco da una diocesi amata, a cui si sente legato da un vincolo d\u2019affetto anche oggi dopo che mezzo secolo e tante cose vi passarono sopra\u201d. Propone di seguito la parte essenziale della Bolla di smembramento emanata da Gregorio XVI in primo pontefice bellunese della storia: \u201c\u2026 L\u2019Imperatore d\u2019Austria e re del Lombardo-Veneto, Ferdinando I, col mezzo del conte di Lutztow, messo straordinario presso questa Apostolica Sede, ci prega vivissimamente, a nome pure degli abitanti, di smembrare dalla Diocesi di Udine, e incorporare in quella di Belluno, tutte le parrocchie contenute entro quella regione, che un d\u00ec portava il nome complessivo di Distretto di Cadore, ed oggi Distretto di Pieve e di Auronzo. L\u2019utilit\u00e0, anzi la necessit\u00e0, di tale provvedimento, \u00e8 chiaramente dimostrata dalla distanza del Cadore dalla Sede Vescovile di Udine e dalla vicinanza alla Sede Vescovile di Belluno. Per codesto smembramento, a quanto ci fu riferito, si osserva che la Diocesi di Udine verrebbe a perdere soltanto 20 parrocchie, in cui vivono 32.930 abitanti, con 94 sacerdoti; e alla Diocesi di Udine, anche tolte le 20 parrocchie cadorine, rimarrebbero ancora 200, in cui si numerano 297.345 abitanti, fra cui circa 1100 sacerdoti. Al contrario la Diocesi Bellunese, considerata separatamente da quella di Feltre, colle 20 cadorine aggiunte, viene ad avere 63 parrocchie, 105 mila abitanti e circa 225 sacerdoti. Si osserva poi che da un lieve danno della Diocesi di Udine deriverebbero grandi vantaggi spirituali a quella di Belluno; e tra i primi quello che il Clero cadorino sarebbesi cos\u00ec potuto chiamare ad esercitare l\u2019ufficio suo in tutta la Diocesi Bellunese; mentre nella presente condizione di cose, ci\u00f2 non pu\u00f2 agevolmente farsi nella Diocesi Udinese, a cagione del dialetto friulano prevalente in tutta la Diocesi di Udine, dialetto poco famigliare ai cadorini, quando per lo contrario il dialetto veneto, pi\u00f9 o meno in uso in tutta la Diocesi Bellunese, \u00e8 loro famigliarissimo. Per tutte queste ragioni, tutto ben ponderato, abbiamo stabilito di esaudire i desideri dell\u2019Imperatore, assecondando in pari tempo, fin dove si pu\u00f2, quelli degli interessati. Perci\u00f2 nella pienezza della Nostra Autorit\u00e0 stacchiamo dalla Diocesi di Udine, e uniamo a quella di Belluno tutte le parrocchie contenute entro i Distretti di Pieve di Cadore e di Auronzo insieme colle Chiese, Oratori, 3 Conventi, se per avventura ve ne fossero, Pii Istituti, Benefici regolari e secolari e finalmente Chierici, Sacerdoti e Religiosi con tutti gli onori, oneri, diritti e privilegi, e gli abitanti tutti di qualunque grado, ordine e condizione. .. Vogliamo che tutti i documenti, le fondazioni e le scritture che si riferiscono a\u2019 luoghi e persone del Cadore sieno tolti dalla Cancelleria Vescovile di Udine e consegnati a quella di Belluno. All\u2019uopo deleghiamo il Cardinale Jacopo Monico, Patriarca di Venezia, esecutore de\u2019 Nostri Decreti e definitore assoluto, inappellabile di ogni questione che fosse per sorgere\u201d. Questa Bolla \u00e8 uno degli ultimi atti di Gregorio XVI, perch\u00e9 fu data da Roma il 30 aprile 1846, vale a dire, poco pi\u00f9 che un mese prima della sua morte. L\u2019atto di esecuzione fu steso a Venezia il 29, e pubblicato il 31 di quell\u2019anno dall\u2019esecutore designato dal Pontefice il Patriarca Jacopo Monico. Era allora Arcivescovo di Udine Zaccaria Bricito e Vescovo di Belluno Antonio Gava, il nome dei quali \u00e8 ancora in benedizione presso i pi\u00f9 vecchi Cadorini\u201d. E quali erano le venti parrocchie accennate nella Bolla comprese nei Distretti di Pieve e di Auronzo, ovvero nell\u2019Arcidiaconato del Cadore al tempo dello smembramento? Otto Pievi, due Parrocchie e dieci Curazie; accanto di ciascuna il nome del Pievano, del Parroco e del Curato corrispondente. Ecco il dettaglio: Pieve di Cadore, Pievano Anastasio Doriguzzi Arcidiacono del Cadore; Valle, Valentino Da R\u00f9; San Vito, Francesco Da Rin; Domegge, Giandomenico Toffoli; Vigo, Dionisio Da R\u00f9; Auronzo, Giuseppe Genova; Santo Stefano, Giambattista Zannantoni; Candide, Gio. Antonio Zardus. Le Parrocchie e i Parroci: Selva, Parroco Giambattista Tremonti; Pescul, Giovanni De Lorenzo. Curazie e Curati: Ospitale, Curato Giambattista Da Rin: Perarolo, Giacomo Talamini; Cibiana, Bartolomeo Belf\u00ec; Venas, Giambattista Zambelli; Vodo, Angelo Celotta; Vinigo, Angelo Marinello; Borca, Matteo Pampanini; Lozzo, Matteo Martini; Lorenzago, Olinto Da Val; San Nicol\u00f2, Valentino Martini. Ultima annotazione: gli abitanti erano 32 mila 930 e i sacerdoti 94.<\/p>\n\n\t\t\t<style type='text\/css'>\n\t\t\t\t#gallery-1 {\n\t\t\t\t\tmargin: auto;\n\t\t\t\t}\n\t\t\t\t#gallery-1 .gallery-item {\n\t\t\t\t\tfloat: left;\n\t\t\t\t\tmargin-top: 10px;\n\t\t\t\t\ttext-align: center;\n\t\t\t\t\twidth: 20%;\n\t\t\t\t}\n\t\t\t\t#gallery-1 img {\n\t\t\t\t\tborder: 2px solid #cfcfcf;\n\t\t\t\t}\n\t\t\t\t#gallery-1 .gallery-caption {\n\t\t\t\t\tmargin-left: 0;\n\t\t\t\t}\n\t\t\t\t\/* see gallery_shortcode() in wp-includes\/media.php *\/\n\t\t\t<\/style>\n\t\t<div id='gallery-1' class='dt-gallery-container gallery galleryid-258975 gallery-columns-5 gallery-size-thumbnail'><dl class='gallery-item'>\n\t\t\t\t<dt class='gallery-icon portrait'>\n\t\t\t\t\t<a class=\"rollover rollover-zoom dt-pswp-item\" title=\"258950638_482635653320276_8872467151051051127_n\" data-dt-img-description=\"\" data-large_image_width=\"153\" data-large_image_height=\"185\"href='https:\/\/www.radiopiu.net\/wordpress\/wp-content\/uploads\/2022\/02\/258950638_482635653320276_8872467151051051127_n.jpg'><img loading=\"lazy\" decoding=\"async\" width=\"150\" height=\"150\" src=\"https:\/\/www.radiopiu.net\/wordpress\/wp-content\/uploads\/2022\/02\/258950638_482635653320276_8872467151051051127_n-150x150.jpg\" class=\"attachment-thumbnail size-thumbnail\" alt=\"\" \/><\/a>\n\t\t\t\t<\/dt><\/dl><dl class='gallery-item'>\n\t\t\t\t<dt class='gallery-icon landscape'>\n\t\t\t\t\t<a class=\"rollover rollover-zoom dt-pswp-item\" title=\"272322343_1006900036846043_8426780811081612014_n\" data-dt-img-description=\"\" data-large_image_width=\"260\" data-large_image_height=\"195\"href='https:\/\/www.radiopiu.net\/wordpress\/wp-content\/uploads\/2022\/02\/272322343_1006900036846043_8426780811081612014_n.jpg'><img loading=\"lazy\" decoding=\"async\" width=\"150\" height=\"150\" src=\"https:\/\/www.radiopiu.net\/wordpress\/wp-content\/uploads\/2022\/02\/272322343_1006900036846043_8426780811081612014_n-150x150.jpg\" class=\"attachment-thumbnail size-thumbnail\" alt=\"\" \/><\/a>\n\t\t\t\t<\/dt><\/dl><dl class='gallery-item'>\n\t\t\t\t<dt class='gallery-icon landscape'>\n\t\t\t\t\t<a class=\"rollover rollover-zoom dt-pswp-item\" title=\"259346961_691306138714354_5459511601818301765_n\" data-dt-img-description=\"\" data-large_image_width=\"248\" data-large_image_height=\"206\"href='https:\/\/www.radiopiu.net\/wordpress\/wp-content\/uploads\/2022\/02\/259346961_691306138714354_5459511601818301765_n.jpg'><img loading=\"lazy\" decoding=\"async\" width=\"150\" height=\"150\" src=\"https:\/\/www.radiopiu.net\/wordpress\/wp-content\/uploads\/2022\/02\/259346961_691306138714354_5459511601818301765_n-150x150.jpg\" class=\"attachment-thumbnail size-thumbnail\" alt=\"\" \/><\/a>\n\t\t\t\t<\/dt><\/dl><dl class='gallery-item'>\n\t\t\t\t<dt class='gallery-icon landscape'>\n\t\t\t\t\t<a class=\"rollover rollover-zoom dt-pswp-item\" title=\"260158611_1062961000935919_9005643070163214776_n\" data-dt-img-description=\"\" data-large_image_width=\"261\" data-large_image_height=\"201\"href='https:\/\/www.radiopiu.net\/wordpress\/wp-content\/uploads\/2022\/02\/260158611_1062961000935919_9005643070163214776_n.jpg'><img loading=\"lazy\" decoding=\"async\" width=\"150\" height=\"150\" src=\"https:\/\/www.radiopiu.net\/wordpress\/wp-content\/uploads\/2022\/02\/260158611_1062961000935919_9005643070163214776_n-150x150.jpg\" class=\"attachment-thumbnail size-thumbnail\" alt=\"\" \/><\/a>\n\t\t\t\t<\/dt><\/dl><dl class='gallery-item'>\n\t\t\t\t<dt class='gallery-icon landscape'>\n\t\t\t\t\t<a class=\"rollover rollover-zoom dt-pswp-item\" title=\"259502078_1864351017081516_7333318715924914046_n\" data-dt-img-description=\"\" data-large_image_width=\"260\" data-large_image_height=\"174\"href='https:\/\/www.radiopiu.net\/wordpress\/wp-content\/uploads\/2022\/02\/259502078_1864351017081516_7333318715924914046_n.jpg'><img loading=\"lazy\" decoding=\"async\" width=\"150\" height=\"150\" src=\"https:\/\/www.radiopiu.net\/wordpress\/wp-content\/uploads\/2022\/02\/259502078_1864351017081516_7333318715924914046_n-150x150.jpg\" class=\"attachment-thumbnail size-thumbnail\" alt=\"\" \/><\/a>\n\t\t\t\t<\/dt><\/dl><br style=\"clear: both\" \/><dl class='gallery-item'>\n\t\t\t\t<dt class='gallery-icon landscape'>\n\t\t\t\t\t<a class=\"rollover rollover-zoom dt-pswp-item\" title=\"272468853_666602817827318_3776565073648817580_n\" data-dt-img-description=\"\" data-large_image_width=\"275\" data-large_image_height=\"206\"href='https:\/\/www.radiopiu.net\/wordpress\/wp-content\/uploads\/2022\/02\/272468853_666602817827318_3776565073648817580_n.jpg'><img loading=\"lazy\" decoding=\"async\" width=\"150\" height=\"150\" src=\"https:\/\/www.radiopiu.net\/wordpress\/wp-content\/uploads\/2022\/02\/272468853_666602817827318_3776565073648817580_n-150x150.jpg\" class=\"attachment-thumbnail size-thumbnail\" alt=\"\" \/><\/a>\n\t\t\t\t<\/dt><\/dl><dl class='gallery-item'>\n\t\t\t\t<dt class='gallery-icon portrait'>\n\t\t\t\t\t<a class=\"rollover rollover-zoom dt-pswp-item\" title=\"272740592_1093504931413989_8621490637534831014_n\" data-dt-img-description=\"\" data-large_image_width=\"154\" data-large_image_height=\"206\"href='https:\/\/www.radiopiu.net\/wordpress\/wp-content\/uploads\/2022\/02\/272740592_1093504931413989_8621490637534831014_n.jpg'><img loading=\"lazy\" decoding=\"async\" width=\"150\" height=\"150\" src=\"https:\/\/www.radiopiu.net\/wordpress\/wp-content\/uploads\/2022\/02\/272740592_1093504931413989_8621490637534831014_n-150x150.jpg\" class=\"attachment-thumbnail size-thumbnail\" alt=\"\" \/><\/a>\n\t\t\t\t<\/dt><\/dl><dl class='gallery-item'>\n\t\t\t\t<dt class='gallery-icon landscape'>\n\t\t\t\t\t<a class=\"rollover rollover-zoom dt-pswp-item\" title=\"272747198_1128070521372157_6036370820274184202_n\" data-dt-img-description=\"\" data-large_image_width=\"332\" data-large_image_height=\"206\"href='https:\/\/www.radiopiu.net\/wordpress\/wp-content\/uploads\/2022\/02\/272747198_1128070521372157_6036370820274184202_n.jpg'><img loading=\"lazy\" decoding=\"async\" width=\"150\" height=\"150\" src=\"https:\/\/www.radiopiu.net\/wordpress\/wp-content\/uploads\/2022\/02\/272747198_1128070521372157_6036370820274184202_n-150x150.jpg\" class=\"attachment-thumbnail size-thumbnail\" alt=\"\" \/><\/a>\n\t\t\t\t<\/dt><\/dl><dl class='gallery-item'>\n\t\t\t\t<dt class='gallery-icon portrait'>\n\t\t\t\t\t<a class=\"rollover rollover-zoom dt-pswp-item\" title=\"272086963_3065284823745391_3752514329496734694_n\" data-dt-img-description=\"\" data-large_image_width=\"147\" data-large_image_height=\"175\"href='https:\/\/www.radiopiu.net\/wordpress\/wp-content\/uploads\/2022\/02\/272086963_3065284823745391_3752514329496734694_n.png'><img loading=\"lazy\" decoding=\"async\" width=\"147\" height=\"150\" src=\"https:\/\/www.radiopiu.net\/wordpress\/wp-content\/uploads\/2022\/02\/272086963_3065284823745391_3752514329496734694_n-147x150.png\" class=\"attachment-thumbnail size-thumbnail\" alt=\"\" \/><\/a>\n\t\t\t\t<\/dt><\/dl><dl class='gallery-item'>\n\t\t\t\t<dt class='gallery-icon portrait'>\n\t\t\t\t\t<a class=\"rollover rollover-zoom dt-pswp-item\" title=\"273641624_256604293290084_5412439853242855920_n\" data-dt-img-description=\"\" data-large_image_width=\"150\" data-large_image_height=\"225\"href='https:\/\/www.radiopiu.net\/wordpress\/wp-content\/uploads\/2022\/02\/273641624_256604293290084_5412439853242855920_n.jpg'><img loading=\"lazy\" decoding=\"async\" width=\"150\" height=\"150\" src=\"https:\/\/www.radiopiu.net\/wordpress\/wp-content\/uploads\/2022\/02\/273641624_256604293290084_5412439853242855920_n-150x150.jpg\" class=\"attachment-thumbnail size-thumbnail\" alt=\"\" \/><\/a>\n\t\t\t\t<\/dt><\/dl><br style=\"clear: both\" \/>\n\t\t\t<\/div>\n\n<p>NELLE FOTO (siti ilfriuliveneziagiulia.it, wikipedia, facebook, google): il sacerdote zoldano di Coi, don Floriano Pellegrini; il sito baliatodaicoi.altervista. org che riporta il servizio \u201cChiese cadorine 1846-1896\u201d; le pievanali passate alla diocesi di Belluno: Pieve di Cadore; Valle; San Vito; Domegge; Vigo; Auronzo; Santo Stefano; Candide.<\/p>\n","protected":false},"excerpt":{"rendered":"<p>di RENATO BONA Don Floriano Pellegrini, zoldano, ricercatore e storico, talvolta al centro di polemiche per certe prese di posizione controtendenza, \u201canima\u201d del sito telematico \u201cbaliatodaicoi.altervista. org\u201d ha proposto da tempo al grande pubblico un servizio su \u201cChiese cadorine 1846-1896\u201d con cenno storico sulle chiese del Cadore sotto la Diocesi di Belluno, nel blog istituzionale&hellip;<\/p>\n","protected":false},"author":4,"featured_media":258968,"comment_status":"closed","ping_status":"closed","sticky":false,"template":"","format":"standard","meta":{"_monsterinsights_skip_tracking":false,"_monsterinsights_sitenote_active":false,"_monsterinsights_sitenote_note":"","_monsterinsights_sitenote_category":0,"footnotes":""},"categories":[49],"tags":[],"class_list":["post-258975","post","type-post","status-publish","format-standard","has-post-thumbnail","hentry","category-news-18","category-49","description-off"],"img_url":"https:\/\/www.radiopiu.net\/wordpress\/wp-content\/uploads\/2022\/02\/260158611_1062961000935919_9005643070163214776_n.jpg","_links":{"self":[{"href":"https:\/\/www.radiopiu.net\/wordpress\/wp-json\/wp\/v2\/posts\/258975","targetHints":{"allow":["GET"]}}],"collection":[{"href":"https:\/\/www.radiopiu.net\/wordpress\/wp-json\/wp\/v2\/posts"}],"about":[{"href":"https:\/\/www.radiopiu.net\/wordpress\/wp-json\/wp\/v2\/types\/post"}],"author":[{"embeddable":true,"href":"https:\/\/www.radiopiu.net\/wordpress\/wp-json\/wp\/v2\/users\/4"}],"replies":[{"embeddable":true,"href":"https:\/\/www.radiopiu.net\/wordpress\/wp-json\/wp\/v2\/comments?post=258975"}],"version-history":[{"count":0,"href":"https:\/\/www.radiopiu.net\/wordpress\/wp-json\/wp\/v2\/posts\/258975\/revisions"}],"wp:featuredmedia":[{"embeddable":true,"href":"https:\/\/www.radiopiu.net\/wordpress\/wp-json\/wp\/v2\/media\/258968"}],"wp:attachment":[{"href":"https:\/\/www.radiopiu.net\/wordpress\/wp-json\/wp\/v2\/media?parent=258975"}],"wp:term":[{"taxonomy":"category","embeddable":true,"href":"https:\/\/www.radiopiu.net\/wordpress\/wp-json\/wp\/v2\/categories?post=258975"},{"taxonomy":"post_tag","embeddable":true,"href":"https:\/\/www.radiopiu.net\/wordpress\/wp-json\/wp\/v2\/tags?post=258975"}],"curies":[{"name":"wp","href":"https:\/\/api.w.org\/{rel}","templated":true}]}}