{"id":258978,"date":"2022-02-11T05:44:30","date_gmt":"2022-02-11T04:44:30","guid":{"rendered":"https:\/\/www.radiopiu.net\/wordpress\/?p=258978"},"modified":"2022-02-11T05:51:59","modified_gmt":"2022-02-11T04:51:59","slug":"bostrico-la-regione-del-veneto-in-campo-con-finanziamenti-e-sostegni-per-contrastare-la-fitopatia-che-ha-colpito-gli-abeti-rossi","status":"publish","type":"post","link":"https:\/\/www.radiopiu.net\/wordpress\/bostrico-la-regione-del-veneto-in-campo-con-finanziamenti-e-sostegni-per-contrastare-la-fitopatia-che-ha-colpito-gli-abeti-rossi\/","title":{"rendered":"BOSTRICO. LA REGIONE DEL VENETO IN CAMPO CON FINANZIAMENTI E SOSTEGNI PER CONTRASTARE LA FITOPATIA CHE HA COLPITO GLI ABETI ROSSI"},"content":{"rendered":"<p><strong><a href=\"https:\/\/www.radiopiu.net\/wordpress\/post-vaia-recuperati-10mila-metri-cubi-di-legname-ma-il-bostrico-dilaga\/bostrico-2\/\" rel=\"attachment wp-att-254880\"><img loading=\"lazy\" decoding=\"async\" class=\"size-medium wp-image-254880 alignleft\" src=\"https:\/\/www.radiopiu.net\/wordpress\/wp-content\/uploads\/2022\/01\/BOSTRICO-300x225.jpg\" alt=\"\" width=\"300\" height=\"225\" srcset=\"https:\/\/www.radiopiu.net\/wordpress\/wp-content\/uploads\/2022\/01\/BOSTRICO-300x225.jpg 300w, https:\/\/www.radiopiu.net\/wordpress\/wp-content\/uploads\/2022\/01\/BOSTRICO-1024x768.jpg 1024w, https:\/\/www.radiopiu.net\/wordpress\/wp-content\/uploads\/2022\/01\/BOSTRICO-768x576.jpg 768w, https:\/\/www.radiopiu.net\/wordpress\/wp-content\/uploads\/2022\/01\/BOSTRICO-1536x1152.jpg 1536w, https:\/\/www.radiopiu.net\/wordpress\/wp-content\/uploads\/2022\/01\/BOSTRICO.jpg 2048w\" sizes=\"auto, (max-width: 300px) 100vw, 300px\" \/><\/a>VENEZIA <\/strong>Un conto \u00e8 la fase emergenziale legata alla tempesta Vaia, peraltro chiusa lo scorso gennaio con ordinanza del Capo di Dipartimento della Protezione Civile nazionale, un altro \u00e8 invece la fase operativa ordinaria, che interessa direttamente gli interventi per il superamento della crisi causata dagli eccezionali eventi metereologici dell\u2019autunno 2018. Tra questi rientrano anche tutti gli aspetti di ripristino, di gestione delle opere agricolo-forestali per rimettere in sicurezza le foreste colpite da una calamit\u00e0 naturale mai vista prima nelle Dolomiti e nelle Prealpi Venete. I tecnici della Unit\u00e0 organizzativa Foreste e Selvicoltura sono impegnati tanto sul fronte della difesa ambientale, tanto su quello dei sostegni per affrontare la questione legata alla gestione del parassita che colpisce, da sempre, i boschi veneti. \u201c<em>Fin da subito \u2013 ha dichiarato l\u2019Assessore all\u2019Ambiente e alla Difesa del Suolo della Regione del Veneto, Gianpaolo Bottacin &#8211; la fase emergenziale \u00e8 stata gestita in Veneto in modo egregio grazie all&#8217;attivit\u00e0 dei molteplici soggetti attuatori coordinati dal commissario. Fin da subito \u00e8 stato affrontato in questo ambito anche il tema degli schianti, che tra le conseguenze porta anche il bostrico. Tra le varie attivit\u00e0 anche una convenzione importante con l\u2019Universit\u00e0 di Padova, vari cantieri di esbosco operati dai servizi forestali per oltre 500.000 euro e molto altro, tra cui l&#8217;aggiornamento del piano di incendi boschivi approvato in aula<\/em>\u201d. \u201c<em>Tra le azioni che come Regione abbiamo messo in campo c\u2019\u00e8 anche il sostegno, attraverso i bandi delle misure forestali del Programma di Sviluppo Rurale 2014-2020, alle esigenze di investimento in attrezzature delle imprese boschive impegnate nella pulizia dei boschi \u2013 sottolinea l\u2019assessore regionale all\u2019Agricoltura Caner &#8211; e agli interventi di rispristino delle foreste danneggiate tanto dalla tempesta quanto dai danni provocati da patogeni, tra i quali anche il bostrico. L\u2019Agenzia Veneta per i Pagamenti (AVEPA) sta, infatti, completando l\u2019istruttoria delle 42 domande di ripristino di boschi danneggiati e delle 72 domande di aiuto per investimenti in attrezzature presentate sulla base delle indicazioni che sono arrivate dalla Uo foreste e selvicoltura. Le risorse rese disponibili per queste finalit\u00e0 dal PSR 2014-2020, con il bando chiuso a ottobre 2021, ammontano a 5.000.000,00 euro per gli aiuti al ripristino dei boschi e a 5.800.000,00 euro di aiuti per gli investimenti in attrezzature forestali<\/em>\u201d. La fitopatia ha proliferato soprattutto sugli schianti, propagandosi poi alle piante ancora in piedi, fortemente indebolite sia dalla tempesta che dal cambiamento climatico: una questione complessa che ha richiesto la discesa in campo di diversi soggetti attuatori e di competenze trasversali.<\/p>\n<p>&nbsp;<\/p>\n<p>&nbsp;<\/p>\n<p>&nbsp;<\/p>\n<p>******<\/p>\n","protected":false},"excerpt":{"rendered":"<p>VENEZIA Un conto \u00e8 la fase emergenziale legata alla tempesta Vaia, peraltro chiusa lo scorso gennaio con ordinanza del Capo di Dipartimento della Protezione Civile nazionale, un altro \u00e8 invece la fase operativa ordinaria, che interessa direttamente gli interventi per il superamento della crisi causata dagli eccezionali eventi metereologici dell\u2019autunno 2018. Tra questi rientrano anche&hellip;<\/p>\n","protected":false},"author":4,"featured_media":254880,"comment_status":"closed","ping_status":"closed","sticky":false,"template":"","format":"standard","meta":{"_monsterinsights_skip_tracking":false,"_monsterinsights_sitenote_active":false,"_monsterinsights_sitenote_note":"","_monsterinsights_sitenote_category":0,"footnotes":""},"categories":[104,49],"tags":[],"class_list":["post-258978","post","type-post","status-publish","format-standard","has-post-thumbnail","hentry","category-evidenza_3","category-news-18","category-104","category-49","description-off"],"img_url":"https:\/\/www.radiopiu.net\/wordpress\/wp-content\/uploads\/2022\/01\/BOSTRICO.jpg","_links":{"self":[{"href":"https:\/\/www.radiopiu.net\/wordpress\/wp-json\/wp\/v2\/posts\/258978","targetHints":{"allow":["GET"]}}],"collection":[{"href":"https:\/\/www.radiopiu.net\/wordpress\/wp-json\/wp\/v2\/posts"}],"about":[{"href":"https:\/\/www.radiopiu.net\/wordpress\/wp-json\/wp\/v2\/types\/post"}],"author":[{"embeddable":true,"href":"https:\/\/www.radiopiu.net\/wordpress\/wp-json\/wp\/v2\/users\/4"}],"replies":[{"embeddable":true,"href":"https:\/\/www.radiopiu.net\/wordpress\/wp-json\/wp\/v2\/comments?post=258978"}],"version-history":[{"count":0,"href":"https:\/\/www.radiopiu.net\/wordpress\/wp-json\/wp\/v2\/posts\/258978\/revisions"}],"wp:featuredmedia":[{"embeddable":true,"href":"https:\/\/www.radiopiu.net\/wordpress\/wp-json\/wp\/v2\/media\/254880"}],"wp:attachment":[{"href":"https:\/\/www.radiopiu.net\/wordpress\/wp-json\/wp\/v2\/media?parent=258978"}],"wp:term":[{"taxonomy":"category","embeddable":true,"href":"https:\/\/www.radiopiu.net\/wordpress\/wp-json\/wp\/v2\/categories?post=258978"},{"taxonomy":"post_tag","embeddable":true,"href":"https:\/\/www.radiopiu.net\/wordpress\/wp-json\/wp\/v2\/tags?post=258978"}],"curies":[{"name":"wp","href":"https:\/\/api.w.org\/{rel}","templated":true}]}}