{"id":258994,"date":"2022-02-11T05:46:37","date_gmt":"2022-02-11T04:46:37","guid":{"rendered":"https:\/\/www.radiopiu.net\/wordpress\/?p=258994"},"modified":"2022-02-11T05:51:19","modified_gmt":"2022-02-11T04:51:19","slug":"congresso-della-cisl-belluno-treviso-confermato-il-segretario-generale-massimiliano-paglini-e-la-segreteria","status":"publish","type":"post","link":"https:\/\/www.radiopiu.net\/wordpress\/congresso-della-cisl-belluno-treviso-confermato-il-segretario-generale-massimiliano-paglini-e-la-segreteria\/","title":{"rendered":"CONGRESSO DELLA CISL BELLUNO TREVISO: CONFERMATO IL SEGRETARIO GENERALE MASSIMILIANO PAGLINI E LA SEGRETERIA"},"content":{"rendered":"<p><strong><a href=\"https:\/\/www.radiopiu.net\/wordpress\/congresso-della-cisl-belluno-treviso-confermato-il-segretario-generale-massimiliano-paglini-e-la-segreteria\/segreteria_nomask-min\/\" rel=\"attachment wp-att-258996\"><img loading=\"lazy\" decoding=\"async\" class=\"size-medium wp-image-258996 alignleft\" src=\"https:\/\/www.radiopiu.net\/wordpress\/wp-content\/uploads\/2022\/02\/segreteria_nomask-min-300x225.jpg\" alt=\"\" width=\"300\" height=\"225\" srcset=\"https:\/\/www.radiopiu.net\/wordpress\/wp-content\/uploads\/2022\/02\/segreteria_nomask-min-300x225.jpg 300w, https:\/\/www.radiopiu.net\/wordpress\/wp-content\/uploads\/2022\/02\/segreteria_nomask-min-1024x768.jpg 1024w, https:\/\/www.radiopiu.net\/wordpress\/wp-content\/uploads\/2022\/02\/segreteria_nomask-min-768x576.jpg 768w, https:\/\/www.radiopiu.net\/wordpress\/wp-content\/uploads\/2022\/02\/segreteria_nomask-min-1536x1152.jpg 1536w, https:\/\/www.radiopiu.net\/wordpress\/wp-content\/uploads\/2022\/02\/segreteria_nomask-min-2048x1536.jpg 2048w\" sizes=\"auto, (max-width: 300px) 100vw, 300px\" \/><\/a>BELLUNO &#8211; TREVISO<\/strong> Si \u00e8 concluso, con la convocazione del Consiglio generale che ha confermato la fiducia al segretario generale Massimiliano Paglini e alla segreteria eletta nel novembre del 2020, il terzo Congresso della Cisl Belluno Treviso. Accanto a Paglini, rimangono dunque al timone della Cisl territoriale Teresa Merotto e Nicola Brancher. 53 anni, di Montebelluna, sindacalista dai primi anni Novanta nel settore bancario, Paglini ha espresso un sentito ringraziamento per la fiducia che gli \u00e8 stata affidata dal Consiglio. <i>\u201cSolo assieme a tutte le categorie, ai servizi, alle associazioni e agli enti <\/i>&#8211; ha dichiarato il riconfermato segretario generale <i>&#8211; potremo realizzare il grande progetto di trasformare la nostra societ\u00e0 e i nostri luoghi di lavoro in un mondo umanamente sostenibile. Ci \u00e8 stata affidata una grande responsabilit\u00e0. Ne sentiamo tutto il peso e sar\u00e0 nostro dovere fare ogni sforzo per realizzare il mandato che ci \u00e8 stato affidato\u201d. <\/i>Il Congresso nella sua seconda giornata ha vissuto un momento molto toccante: l\u2019intervento di Monica Michielin e Giuseppe Battistetti, genitori di Mattia Battistetti, il giovane che ha perso la vita in un cantiere edile a Montebelluna nell\u2019aprile dell\u2019anno scorso. <i>\u201cMattia era un ragazzo di 23 anni, che lo scorso 29 aprile ha perso la vita in un cantiere edile &#8211; ha detto la mamma del giovane -. Lavorava 14 ore al giorno, era solare e amava il proprio lavoro. Ce l\u2019hanno ucciso, non ce l\u2019hanno protetto. Abbiamo apprezzato molto la sensibilit\u00e0 di questo Congresso nell\u2019affrontare il tema della sicurezza nei posti di lavoro&#8221;.<\/i><\/p>\n<p><strong>MASSIMILIANO PAGLINI, SEGRETARIO GENERALE DELLA CISL BELLUNO-TREVISO<\/strong><\/p>\n<audio class=\"wp-audio-shortcode\" id=\"audio-258994-1\" preload=\"none\" style=\"width: 100%;\" controls=\"controls\"><source type=\"audio\/mpeg\" src=\"https:\/\/www.radiopiu.net\/wordpress\/wp-content\/uploads\/2022\/02\/AUDIO-PAGLINI-CONFERMA-SEGRETRIATO.mp3?_=1\" \/><a href=\"https:\/\/www.radiopiu.net\/wordpress\/wp-content\/uploads\/2022\/02\/AUDIO-PAGLINI-CONFERMA-SEGRETRIATO.mp3\">https:\/\/www.radiopiu.net\/wordpress\/wp-content\/uploads\/2022\/02\/AUDIO-PAGLINI-CONFERMA-SEGRETRIATO.mp3<\/a><\/audio>\n<p>&nbsp;<\/p>\n<p>&nbsp;<\/p>\n<p>&nbsp;<\/p>\n<p>*****<\/p>\n","protected":false},"excerpt":{"rendered":"<p>BELLUNO &#8211; TREVISO Si \u00e8 concluso, con la convocazione del Consiglio generale che ha confermato la fiducia al segretario generale Massimiliano Paglini e alla segreteria eletta nel novembre del 2020, il terzo Congresso della Cisl Belluno Treviso. Accanto a Paglini, rimangono dunque al timone della Cisl territoriale Teresa Merotto e Nicola Brancher. 53 anni, di&hellip;<\/p>\n","protected":false},"author":4,"featured_media":258996,"comment_status":"closed","ping_status":"closed","sticky":false,"template":"","format":"standard","meta":{"_monsterinsights_skip_tracking":false,"_monsterinsights_sitenote_active":false,"_monsterinsights_sitenote_note":"","_monsterinsights_sitenote_category":0,"footnotes":""},"categories":[51,49],"tags":[],"class_list":["post-258994","post","type-post","status-publish","format-standard","has-post-thumbnail","hentry","category-evidenza-top","category-news-18","category-51","category-49","description-off"],"img_url":"https:\/\/www.radiopiu.net\/wordpress\/wp-content\/uploads\/2022\/02\/segreteria_nomask-min-scaled.jpg","_links":{"self":[{"href":"https:\/\/www.radiopiu.net\/wordpress\/wp-json\/wp\/v2\/posts\/258994","targetHints":{"allow":["GET"]}}],"collection":[{"href":"https:\/\/www.radiopiu.net\/wordpress\/wp-json\/wp\/v2\/posts"}],"about":[{"href":"https:\/\/www.radiopiu.net\/wordpress\/wp-json\/wp\/v2\/types\/post"}],"author":[{"embeddable":true,"href":"https:\/\/www.radiopiu.net\/wordpress\/wp-json\/wp\/v2\/users\/4"}],"replies":[{"embeddable":true,"href":"https:\/\/www.radiopiu.net\/wordpress\/wp-json\/wp\/v2\/comments?post=258994"}],"version-history":[{"count":0,"href":"https:\/\/www.radiopiu.net\/wordpress\/wp-json\/wp\/v2\/posts\/258994\/revisions"}],"wp:featuredmedia":[{"embeddable":true,"href":"https:\/\/www.radiopiu.net\/wordpress\/wp-json\/wp\/v2\/media\/258996"}],"wp:attachment":[{"href":"https:\/\/www.radiopiu.net\/wordpress\/wp-json\/wp\/v2\/media?parent=258994"}],"wp:term":[{"taxonomy":"category","embeddable":true,"href":"https:\/\/www.radiopiu.net\/wordpress\/wp-json\/wp\/v2\/categories?post=258994"},{"taxonomy":"post_tag","embeddable":true,"href":"https:\/\/www.radiopiu.net\/wordpress\/wp-json\/wp\/v2\/tags?post=258994"}],"curies":[{"name":"wp","href":"https:\/\/api.w.org\/{rel}","templated":true}]}}