{"id":259016,"date":"2022-02-12T05:32:51","date_gmt":"2022-02-12T04:32:51","guid":{"rendered":"https:\/\/www.radiopiu.net\/wordpress\/?p=259016"},"modified":"2022-02-12T06:57:32","modified_gmt":"2022-02-12T05:57:32","slug":"giornale-radiopiu-12-febbraio-2022-direttore-mirko-mezzacasa","status":"publish","type":"post","link":"https:\/\/www.radiopiu.net\/wordpress\/giornale-radiopiu-12-febbraio-2022-direttore-mirko-mezzacasa\/","title":{"rendered":"GIORNALE RADIOPIU 12 FEBBRAIO 2022 DIRETTORE MIRKO MEZZACASA"},"content":{"rendered":"<h3 class=\"kvgmc6g5 cxmmr5t8 oygrvhab hcukyx3x c1et5uql\"><span style=\"color: #0000ff;\"><strong>INFORMAZIONE il canale su TELEGRAM informazione di prima mano e in tempo reale. iscriviti ed aiutaci a farlo conoscere<\/strong><\/span><\/h3>\n<h3><img loading=\"lazy\" decoding=\"async\" class=\"alignleft\" src=\"https:\/\/www.radiopiu.net\/wordpress\/wp-content\/uploads\/2022\/02\/273809110_4764098343716704_1164535236397530539_n.jpg\" width=\"266\" height=\"177\" \/><\/h3>\n<h3><\/h3>\n<h3>UNA GRANDE FESTA PER STEFANIA CONSTANTINI ORO OLIMPICO DI CURLING, Ieri sera i grandi festeggiamenti con la folla delle grandi occasioni in centro a Cortina. Nei due scatti degli Amici di Cortina (facebook) l&#8217;arrivo di Stefania e l&#8217;abbraccio&#8230;di casa.<\/h3>\n<p><span style=\"color: #ff0000;\">in copertina la foto sulla pagina del sindaco Gianpietro Ghedina, di Luca Zanfron<\/span><\/p>\n\n\t\t\t<style type='text\/css'>\n\t\t\t\t#gallery-1 {\n\t\t\t\t\tmargin: auto;\n\t\t\t\t}\n\t\t\t\t#gallery-1 .gallery-item {\n\t\t\t\t\tfloat: left;\n\t\t\t\t\tmargin-top: 10px;\n\t\t\t\t\ttext-align: center;\n\t\t\t\t\twidth: 50%;\n\t\t\t\t}\n\t\t\t\t#gallery-1 img {\n\t\t\t\t\tborder: 2px solid #cfcfcf;\n\t\t\t\t}\n\t\t\t\t#gallery-1 .gallery-caption {\n\t\t\t\t\tmargin-left: 0;\n\t\t\t\t}\n\t\t\t\t\/* see gallery_shortcode() in wp-includes\/media.php *\/\n\t\t\t<\/style>\n\t\t<div id='gallery-1' class='dt-gallery-container gallery galleryid-259016 gallery-columns-2 gallery-size-medium'><dl class='gallery-item'>\n\t\t\t\t<dt class='gallery-icon portrait'>\n\t\t\t\t\t<a class=\"rollover rollover-zoom dt-pswp-item\" title=\"273901631_10226937054042949_5923105946402166166_n\" data-dt-img-description=\"\" data-large_image_width=\"526\" data-large_image_height=\"701\"href='https:\/\/www.radiopiu.net\/wordpress\/wp-content\/uploads\/2022\/02\/273901631_10226937054042949_5923105946402166166_n.jpg'><img loading=\"lazy\" decoding=\"async\" width=\"225\" height=\"300\" src=\"https:\/\/www.radiopiu.net\/wordpress\/wp-content\/uploads\/2022\/02\/273901631_10226937054042949_5923105946402166166_n-225x300.jpg\" class=\"attachment-medium size-medium\" alt=\"\" srcset=\"https:\/\/www.radiopiu.net\/wordpress\/wp-content\/uploads\/2022\/02\/273901631_10226937054042949_5923105946402166166_n-225x300.jpg 225w, https:\/\/www.radiopiu.net\/wordpress\/wp-content\/uploads\/2022\/02\/273901631_10226937054042949_5923105946402166166_n.jpg 526w\" sizes=\"auto, (max-width: 225px) 100vw, 225px\" \/><\/a>\n\t\t\t\t<\/dt><\/dl><dl class='gallery-item'>\n\t\t\t\t<dt class='gallery-icon portrait'>\n\t\t\t\t\t<a class=\"rollover rollover-zoom dt-pswp-item\" title=\"273904015_5285381591495006_1233895645902336524_n\" data-dt-img-description=\"\" data-large_image_width=\"526\" data-large_image_height=\"701\"href='https:\/\/www.radiopiu.net\/wordpress\/wp-content\/uploads\/2022\/02\/273904015_5285381591495006_1233895645902336524_n.jpg'><img loading=\"lazy\" decoding=\"async\" width=\"225\" height=\"300\" src=\"https:\/\/www.radiopiu.net\/wordpress\/wp-content\/uploads\/2022\/02\/273904015_5285381591495006_1233895645902336524_n-225x300.jpg\" class=\"attachment-medium size-medium\" alt=\"\" srcset=\"https:\/\/www.radiopiu.net\/wordpress\/wp-content\/uploads\/2022\/02\/273904015_5285381591495006_1233895645902336524_n-225x300.jpg 225w, https:\/\/www.radiopiu.net\/wordpress\/wp-content\/uploads\/2022\/02\/273904015_5285381591495006_1233895645902336524_n.jpg 526w\" sizes=\"auto, (max-width: 225px) 100vw, 225px\" \/><\/a>\n\t\t\t\t<\/dt><\/dl><br style=\"clear: both\" \/>\n\t\t\t<\/div>\n\n<h3><\/h3>\n<hr \/>\n<p>&nbsp;<\/p>\n<blockquote>\n<h2>ACQUA INQUINATA IN ALCUNE FRAZIONI<\/h2>\n<\/blockquote>\n<p><strong><img loading=\"lazy\" decoding=\"async\" class=\"alignleft\" src=\"https:\/\/www.radiopiu.net\/wordpress\/wp-content\/uploads\/2018\/08\/ACQUA.jpeg\" width=\"175\" height=\"105\" \/>\u00a0CANALE D&#8217; AGORDO<\/strong> Gestione Servizi Pubblici informa che nelle LOCALITA&#8217; FREGONA, PISOLIVA E LA MORA l&#8217;acqua erogata dall&#8217;acquedotto non \u00e8 potabile e non pu\u00f2 essere usata per scopi alimentari. Verr\u00e0 effettuato servizio sostitutivo con approvvigionamento alternativo di emergenza nelle localit\u00e0 di Pisoliva e Fregona. GSP ha, comunque, gi\u00e0 adottato necessari interventi di pulizia e disinfezione della rete. Ulteriori informazioni saranno fornite nei prossimi giorni. Per maggiori informazioni \u00e8 possibile contattare il Servizio Clienti al numero 800 306 999 o +39 0445 230521 (da estero) .<\/p>\n<p>&nbsp;<\/p>\n<hr \/>\n<p>&nbsp;<\/p>\n<blockquote>\n<h3><a href=\"https:\/\/www.radiopiu.net\/wordpress\/giornale-radiopiu-12-febbraio-2022-direttore-mirko-mezzacasa\/97425844_2681032618835965_6197934298310377472_n\/\" rel=\"attachment wp-att-259228\"><img loading=\"lazy\" decoding=\"async\" class=\"wp-image-259228 alignleft\" src=\"https:\/\/www.radiopiu.net\/wordpress\/wp-content\/uploads\/2022\/02\/97425844_2681032618835965_6197934298310377472_n-300x300.jpg\" alt=\"\" width=\"165\" height=\"165\" srcset=\"https:\/\/www.radiopiu.net\/wordpress\/wp-content\/uploads\/2022\/02\/97425844_2681032618835965_6197934298310377472_n-300x300.jpg 300w, https:\/\/www.radiopiu.net\/wordpress\/wp-content\/uploads\/2022\/02\/97425844_2681032618835965_6197934298310377472_n-1022x1024.jpg 1022w, https:\/\/www.radiopiu.net\/wordpress\/wp-content\/uploads\/2022\/02\/97425844_2681032618835965_6197934298310377472_n-150x150.jpg 150w, https:\/\/www.radiopiu.net\/wordpress\/wp-content\/uploads\/2022\/02\/97425844_2681032618835965_6197934298310377472_n-768x770.jpg 768w, https:\/\/www.radiopiu.net\/wordpress\/wp-content\/uploads\/2022\/02\/97425844_2681032618835965_6197934298310377472_n-1533x1536.jpg 1533w, https:\/\/www.radiopiu.net\/wordpress\/wp-content\/uploads\/2022\/02\/97425844_2681032618835965_6197934298310377472_n.jpg 1944w\" sizes=\"auto, (max-width: 165px) 100vw, 165px\" \/><\/a>UN MALORE UCCIDE ANDREA TRA LE MURA DI CASA<\/h3>\n<\/blockquote>\n<p><strong>BELLUNO<\/strong> Andrea Deon 45 anni \u00e8 morto tra le mura di casa a Chiesurazza.\u00a0 A dare l&#8217;allarme \u00e8 stata la compagna Alle 14.30 nella casa che si affaccia sulla strada regionale 203, a poche centinaia di metri dalle scuole elementari. Andrea Deon era conosciuto in zona, perch\u00e9 gestiva il distributore di carburanti che si trova vicino alla Baita, a Mussoi, in via Fratelli Rosselli.<\/p>\n<p>La notizia ha scosso anche il capoluogo dell&#8217;Agordino, Andrea &#8220;Moc&#8221; \u00e8 nato e cresciuto a Veran di\u00a0 Agordo dove lascia il fratello Ivo e il pap\u00e0 Giorgio<\/p>\n<p>&nbsp;<\/p>\n<hr \/>\n<blockquote>\n<h3><\/h3>\n<h3>LAVORI SULLA CONDOTTA FOGNARIA, DISAGI PER LA CIRCOLAZIONE<\/h3>\n<\/blockquote>\n<p><strong>ROCCA PIETORE<\/strong> In localit\u00e0 Masar\u00e8 dal civico 7 al civico 20 da lunedi al 25 febbraio senso unico alternato. il 24 febbraio dalle 7 alle 24 interdizione totale al traffico veicolare dal civico 12A (condominio Elena) al civico 20<\/p>\n<p>&nbsp;<\/p>\n<p>&nbsp;<\/p>\n<hr \/>\n<p>&nbsp;<\/p>\n<blockquote><p><strong>SPOGLIARELLO AL DISCOUNT\u00a0<\/strong><\/p>\n<p><strong>FELTRE<\/strong> Nudo, completamente senza vestiti scarpe comprese camminando \u00a0verso il supermercato tra lo stupore dei passanti L&#8217;episodio\u00a0 ieri mattina in via Bagnols, protagonista un feltrino gi\u00e0 assistito da una struttura sanitaria. Sanitari del pronto soccorso e carabinieri sono quindi riusciti a convincerlo a salire sull&#8217;ambulanza e a farsi accompagnare fino all&#8217;ospedale.<\/p><\/blockquote>\n<p>&nbsp;<\/p>\n<hr \/>\n<blockquote>\n<h3><\/h3>\n<h3>IL MISE AUTORIZZA L&#8217;OFFERTA LU.VE PER ACC, GIORGETTI CANTA VITTORIA<\/h3>\n<\/blockquote>\n<p><strong><a href=\"https:\/\/www.radiopiu.net\/wordpress\/il-mise-autorizza-lofferta-lu-ve-per-acc-giorgetti-canta-vittoria\/th-317\/\" rel=\"attachment wp-att-259087\"><img loading=\"lazy\" decoding=\"async\" class=\"size-full wp-image-259087 alignleft\" src=\"https:\/\/www.radiopiu.net\/wordpress\/wp-content\/uploads\/2022\/02\/th-8.jpg\" alt=\"\" width=\"294\" height=\"196\" \/><\/a>BORGO VALBELLUNA<\/strong> Il Ministero per lo Sviluppo Economico (Mise)\u00a0 ha autorizzato l&#8217;offerta Lu.Ve. <em>\u00a0&#8220;Si tratta &#8211; si legge in una nota del ministero- di un passaggio importante che va nella direzione del salvataggio del tessuto produttivo&#8221;.<\/em> Il Ministro Giancarlo Giorgetti:<em> &#8220;Sono soddisfatto per gli sviluppi della vicenda possibili grazie all&#8217;impegno di chi ha seguito la via della realt\u00e0, concretezza e seriet\u00e0 abbandonando percorsi immaginari.\u00a0 Il Mise continuer\u00e0 a vigilare sull&#8217;operazione&#8221;.<\/em> Lu-Ve Group, tra i primi operatori al mondo nel settore degli scambiatori di calore ad aria, quotato su Euronext Milan, aveva nei giorni scorsi presentato una proposta vincolante per l&#8217;acquisto della Acc di Mel attualmente in amministrazione straordinaria che prevede nell&#8217;arco di tre anni l&#8217;assorbimento di una parte degli attuali lavoratori di Acc e investimenti nel sito per circa 6 milioni di euro. <em>\u201cQuesto \u00e8 un bel risultato, frutto dell\u2019ottimo lavoro fatto fino ad oggi, in squadra. \u00c8 una tappa importante, in un percorso che, oggi, permette di intravvedere finalmente un raggio di sole. Il mio pensiero resta fisso verso i lavoratori, l\u2019azienda e il territorio bellunese, che non pu\u00f2 e non deve rinunciare ad una impresa del valore sociale ed economico di ACC\u201d. <\/em>Cos\u00ec il Presidente della Regione Luca Zaia commenta la notizia odierna che il Ministero dello Sviluppo Economico ha autorizzato l&#8217;offerta vincolante di LU.VE per l\u2019acquisizione dell&#8217;ACC di Borgo Valbelluna. <em>\u201cDal canto nostro, la Regione \u2013 conclude il Presidente della Regione del Veneto \u2013 continuer\u00e0 a monitorare gli sviluppi del percorso, attraverso l\u2019Unit\u00e0 di Crisi regionale e l\u2019assessore di competenza Donazzan, proseguendo il lavoro di stretta collaborazione con MISE, parti sociali e lavoratori al fine di giungere ad una soluzione che riporti ACC fuori dell\u2019incubo. \u00c8 fondamentale continuare a fare squadra&#8221;<\/em><\/p>\n<p>&nbsp;<\/p>\n<p><strong>FEDERICO D&#8217;INCA&#8217;, MINISTRO PER I RAPPORTI CON IL PARLAMENTO<\/strong><\/p>\n<p>\u201c<em>Oggi \u00e8 stato segnato un passaggio importante per la situazione legata all\u2019Acc di Mel e del suo tessuto produttivo grazie all\u2019autorizzazione da parte del Mise dell\u2019offerta vincolante pervenuta da Lu.Ve. Ora si dovranno seguire con estrema attenzione i prossimi passi decisivi per lo stabilimento con l\u2019obiettivo di rilanciare il sito produttivo e di garantire un futuro ai lavoratori della fabbrica e sar\u00e0 fondamentale l\u2019incontro con le organizzazioni sindacali. Credo che il risultato raggiunto finora sia significativo perch\u00e9 dimostra l\u2019interesse strategico del sito di Borgo Valbelluna in una vicenda che, negli ultimi anni, si \u00e8 rivelata particolarmente complessa per il nostro territorio<\/em>\u201d. Lo dichiara Federico D\u2019Inc\u00e0, Ministro per i Rapporti con il Parlamento, in seguito all\u2019autorizzazione da parte del Mise all\u2019offerta Lu.Ve per Acc.<\/p>\n<p>&nbsp;<\/p>\n<p><strong>VANESSA CAMANI, PD VENETO<\/strong><\/p>\n<p>\u201c<em>Finalmente uno spiraglio concreto per l\u2019Acc. L\u2019autorizzazione dell\u2019offerta vincolante di Lu.Ve \u00e8 un\u2019ottima notizia e un primo passo importante verso quello che \u00e8 l\u2019obiettivo: salvaguardare i posti di lavoro e un\u2019azienda fondamentale per tutto il territorio bellunese<\/em>\u201d. Queste le parole con cui la vice capogruppo del Partito Democratico Vanessa Camani commenta la possibile svolta per il sito di Borgo Valbelluna, dopo che il ministero per lo Sviluppo economico ha autorizzato l\u2019offerta vincolante del gruppo Lu.Ve.<\/p>\n<p>&nbsp;<\/p>\n<p>&nbsp;<\/p>\n<hr \/>\n<p>&nbsp;<\/p>\n<blockquote>\n<h3>SULL&#8217;AUTORIZZAZIONE DEL MISE ALLA LU.VE IL PARERE DELLA FIOM CGIL<\/h3>\n<\/blockquote>\n<p><strong>di STEFANO BONA, fiom_cgil<\/strong><\/p>\n<blockquote><p><em><img loading=\"lazy\" decoding=\"async\" class=\"alignleft\" src=\"https:\/\/www.radiopiu.net\/wordpress\/wp-content\/uploads\/2021\/03\/th-15.jpg\" width=\"197\" height=\"132\" \/>Il Ministro Giorgetti e alcuni rappresentanti della Lega regionale hanno espresso il loro giubilo verso l\u2019accettazione da parte del MiSE dell\u2019offerta della Lu.Ve. celebrando l\u2019operato del ministero il primo e del ministro i secondi. Ma sarebbe certamente pi\u00f9 serio ricordare l\u2019intero quadro della vicenda e soprattutto chi da oltre due anni sta combattendo in prima linea per il proprio futuro, dopo il commissariamento dell\u2019azienda. 2 anni di preoccupazioni, di stipendi al lumicino, di sofferenze e restrizioni, 2 anni che cozzano con la parola \u201ccelerit\u00e0\u201d usata impropriamente e superficialmente dal ministro. <\/em><br \/>\n<em>&#8220;Realt\u00e0, concretezza e seriet\u00e0 abbandonando percorsi immaginari&#8221; scandendo queste parole il ministro Giorgetti dimentica che se questa possibile soluzione si \u00e8 palesate il merito va a chi, lavoratrici, lavoratori, organizzazioni sindacali, commissario straordinario hanno con caparbiet\u00e0 tenuto aperta Acc contro i tanti che fin dal principio ci volevano falliti, in un mare in tempesta per due anni abbiamo tenuto la barra dritta, difendendo e promuovendo la difesa del lavoro della storica fabbrica Bellunese. <\/em><em>\u00c8 soprattutto alle tenaci lavoratrici e ai tenaci lavoratori che andrebbe rivolto il ringraziamento e l&#8217;impegno del dicastero dello sviluppo economico nel ricercare ora una soluzione che non lasci nessuno indietro.<\/em><br \/>\n<em>Il futuro di Acc lo abbiamo scritto con le lavoratrici e i lavoratori resistendo strenuamente ad ogni manifesta volont\u00e0 di chiuderci manifestate fin dal primo giorno di questa lunga vertenza.<\/em><\/p><\/blockquote>\n<p>&nbsp;<\/p>\n<p>&nbsp;<\/p>\n<hr \/>\n<p>&nbsp;<\/p>\n<blockquote>\n<h3>ANCHE LEONARDO DEL VECCHIO CON LA HOLDING DI FAMIGLIA NEL NUOVO PROGETTO IDEAL STANDARD<\/h3>\n<\/blockquote>\n<p><strong><a href=\"https:\/\/www.radiopiu.net\/wordpress\/fondazione-del-vecchio-pe\/leonardo-del-vecchio-1140x675\/\" rel=\"attachment wp-att-250459\"><img loading=\"lazy\" decoding=\"async\" class=\"size-medium wp-image-250459 alignleft\" src=\"https:\/\/www.radiopiu.net\/wordpress\/wp-content\/uploads\/2021\/12\/Leonardo-Del-Vecchio-1140x675-1-300x178.jpg\" alt=\"\" width=\"300\" height=\"178\" srcset=\"https:\/\/www.radiopiu.net\/wordpress\/wp-content\/uploads\/2021\/12\/Leonardo-Del-Vecchio-1140x675-1-300x178.jpg 300w, https:\/\/www.radiopiu.net\/wordpress\/wp-content\/uploads\/2021\/12\/Leonardo-Del-Vecchio-1140x675-1-1024x606.jpg 1024w, https:\/\/www.radiopiu.net\/wordpress\/wp-content\/uploads\/2021\/12\/Leonardo-Del-Vecchio-1140x675-1-768x455.jpg 768w, https:\/\/www.radiopiu.net\/wordpress\/wp-content\/uploads\/2021\/12\/Leonardo-Del-Vecchio-1140x675-1.jpg 1140w\" sizes=\"auto, (max-width: 300px) 100vw, 300px\" \/><\/a>CONEGLIANO\u00a0 <\/strong>Banca Finint, banca d&#8217;affari profondamente radicata in Veneto e con una solida expertise nelle operazioni di finanzia straordinaria e M&amp;A, ha riunito alcuni esponenti di altissimo standing dell\u2019industria manifatturiera italiana per rilevare lo stabilimento italiano di Ideal Standard e il marchio \u201cCeramica Dolomite\u201d. Il progetto di reindustrializzazione del sito di Trichiana in provincia di Belluno elaborato da Banca Finint si pone il triplice obiettivo di preservare sia la sede, sia la governance dell&#8217;azienda in Veneto, mantenere lo stabilimento produttivo salvaguardando al massimo l\u2019occupazione e tutelare la presenza sul territorio di una realt\u00e0 produttiva e manifatturiera rilevante. L\u2019operazione intende inoltre rilanciare lo storico brand Ceramica Dolomite sul mercato, puntando a farne nuovamente una bandiera del made in Italy, e sviluppare una \u201cnuova azienda\u201d che integrer\u00e0 l\u2019attivit\u00e0 produttiva con le caratteristiche attivit\u00e0 amministrative e commerciali, apportando ulteriori benefici per il tessuto imprenditoriale regionale e bellunese. Il progetto attentamente studiato, presentato da Banca Finint, prevede la partecipazione a titolo di equity di Banca Finint stessa, di un pool di imprenditori di altissimo profilo &#8211; Leonardo Del Vecchio, con la holding di famiglia Delfin, Luigi Rossi Luciani, con la holding Luigi Rossi Luciani Sapa e Bruno Zago, tramite un suo veicolo di partecipazioni azionarie &#8211; e di un partner istituzionale come Invitalia che interverr\u00e0 attraverso il Fondo di Salvaguardia dei livelli occupazionali art.43 DL 34\/2020 operativo da marzo 2021. Nell&#8217;orizzonte temporale del piano non si prevede il ricorso al debito. Dal punto di vista operativo, la proposta \u00e8 stata presentata il 15 gennaio scorso, integrata in data 9 febbraio, ed \u00e8 stata selezionata dagli stakeholder istituzionali, nonch\u00e9 dalle rappresentanze sindacali, riuniti nel tavolo di confronto. Il progetto verr\u00e0 ulteriormente affinato nel corso delle prossime tre settimane, al termine delle quali &#8211; salvo elementi ostativi &#8211; \u00e8 previsto il perfezionamento del contratto.<\/p>\n<p>&nbsp;<\/p>\n<p>&nbsp;<\/p>\n<hr \/>\n<p>&nbsp;<\/p>\n<blockquote>\n<h3>TAVOLO REGIONALE IDEAL STANDARD. CONDIVISA NECESSIT\u00c0 DI APPROFONDIRE LA PROPOSTA DI BANCA FININT, DELFIN S.A.R.L., LUIGI ROSSI LUCIANI S.A.P.A. E GRUPPO PRO-GEST<\/h3>\n<\/blockquote>\n<p><strong><a href=\"https:\/\/www.radiopiu.net\/wordpress\/ideal-standard-lo-stabilimento-di-trichiana-primo-a-chiudere-ultimo-a-ripartire\/stabilimento-dellideal-standard-orcenico-di-zoppola-pn-04-12-2013\/\" rel=\"attachment wp-att-138079\"><img loading=\"lazy\" decoding=\"async\" class=\"size-medium wp-image-138079 alignleft\" src=\"https:\/\/www.radiopiu.net\/wordpress\/wp-content\/uploads\/2020\/05\/ideal-standard-orcenigo-300x211.jpg\" alt=\"\" width=\"300\" height=\"211\" srcset=\"https:\/\/www.radiopiu.net\/wordpress\/wp-content\/uploads\/2020\/05\/ideal-standard-orcenigo-300x211.jpg 300w, https:\/\/www.radiopiu.net\/wordpress\/wp-content\/uploads\/2020\/05\/ideal-standard-orcenigo-1024x721.jpg 1024w, https:\/\/www.radiopiu.net\/wordpress\/wp-content\/uploads\/2020\/05\/ideal-standard-orcenigo-768x541.jpg 768w, https:\/\/www.radiopiu.net\/wordpress\/wp-content\/uploads\/2020\/05\/ideal-standard-orcenigo-1536x1082.jpg 1536w, https:\/\/www.radiopiu.net\/wordpress\/wp-content\/uploads\/2020\/05\/ideal-standard-orcenigo-2048x1442.jpg 2048w\" sizes=\"auto, (max-width: 300px) 100vw, 300px\" \/><\/a>VENEZIA <\/strong>Si \u00e8 tenuto un nuovo incontro del tavolo regionale di monitoraggio relativo al percorso di reindustrializzazione del sito Ideal Standard di Borgo Valbelluna. All\u2019incontro, presieduto dall\u2019assessore regionale al lavoro Elena Donazzan con l\u2019Unit\u00e0 di Crisi regionale, hanno partecipato i rappresentanti di Ideal Standard, l\u2019advisor Sernet spa, le organizzazioni sindacali, le rappresentanze dei lavoratori e il MISE. Durante l\u2019incontro Sernet ha presentato lo stato di avanzamento delle analisi relative alle tre proposte industriali per il sito produttivo pervenute nelle scorse settimane. Dopo ampia e approfondita discussione, il tavolo ha unanimemente valutato l\u2019opportunit\u00e0 e la necessit\u00e0 di approfondire, concedendo un periodo di negoziazione in via esclusiva per un periodo limitato di tre settimane, la proposta della cordata composta da Banca Finint, Delfin s.a.r.l., Luigi Rossi Luciani S.a.pa. e gruppo Pro-gest. Nello specifico, il prossimo periodo verr\u00e0 dedicato ad approfondire gli aspetti di ordine operativo (produzioni e ripresa delle attivit\u00e0), sindacale (modalit\u00e0 di passaggio dei lavoratori e accordi col subentrante) e legale (eventuale modalit\u00e0 di cessione, garanzie e tutele, ecc.). Tali attivit\u00e0 di approfondimento e analisi continueranno ad essere monitorate dal tavolo regionale. Il prossimo incontro in sede regionale \u00e8 previsto il 24 febbraio. \u201c<em>Il tavolo istituzionale ha avuto un ruolo fondamentale nella gestione dell\u2019intera vertenza. Un particolare apprezzamento \u00e8 rivolto alle Parti del tavolo per il clima costruttivo e collaborativo che hanno saputo creare. Ringrazio anche Sernet per avere svolto in piena trasparenza e con grande professionalit\u00e0 il proprio ruolo. Abbiamo scritto gi\u00e0 in questa in fase una pagina innovativa per le politiche industriali italiane, con un ruolo strategico di accompagnamento dell\u2019Unit\u00e0 di crisi<\/em>\u201d commenta l\u2019Assessore Donazzan.<\/p>\n<p>&nbsp;<\/p>\n<p><strong>LUCA ZAIA, PRESIDENTE DEL VENETO<\/strong><\/p>\n<p>\u201c<em>Le notizie di oggi sul fronte delle crisi aziendali bellunesi, in parte, mi rasserenano. Apprendo che oggi si sono aperte prospettive per due realt\u00e0 produttive, ACC e Ideal Standard, il cui futuro rappresenta da tempo una preoccupazione significativa per il territorio che mi vede partecipe e attento a tutti gli sviluppi. L\u2019esito del tavolo regionale su Ideal Standard conferma che, grazie ad una significativa attivit\u00e0 di collaborazione tra tutte le parti coinvolte, \u00e8 stata imboccata una strada verso un\u2019ipotesi di soluzione con prospettive interessanti di coinvolgimento dell\u2019imprenditoria veneta nel rilancio di Ideal Standard<\/em>\u201d. Cos\u00ec Luca Zaia, Presidente della Regione del Veneto commenta l\u2019esito del tavolo istituzionale, in sede regionale che si \u00e8 svolto oggi rispetto alla situazione dell\u2019azienda Ideal Standard di Borgo Valbelluna<\/p>\n<p><strong>\u00a0<\/strong><\/p>\n<p><strong>FEDERICO D&#8217;INCA&#8217;, MINISTRO PER I RAPPORTI CON IL PARLAMENTO<\/strong><\/p>\n<div dir=\"auto\">\u201cSono molto soddisfatto per la prospettiva nei confronti dello stabilimento Ideal Standard di Trichiana: la possibilit\u00e0 che la cordata composta da Banca Finint, Delfin, Luigi Rossi Luciani e gruppo Pro-gest voglia investire in questa realt\u00e0 cos\u00ec importante per il bellunese, \u00e8 la conferma di quanto il percorso costruito in questi mesi attorno alla fabbrica sia stato rilevante. Parliamo di una cordata solida, in cui ogni componente vanta una tradizione importante sul nostro territorio, capace di dare garanzie al futuro dello stabilimento, costruendo una forte realt\u00e0 produttiva. C&#8217;\u00e8 bisogno, infatti, di una visione a lungo termine e credo che proprio questi investitori, con le loro qualit\u00e0, possano dare il necessario impulso alla rinascita dell&#8217;attivit\u00e0&#8221;.<\/div>\n<p>&nbsp;<\/p>\n<p>&nbsp;<\/p>\n<hr \/>\n<p>&nbsp;<\/p>\n<blockquote>\n<h3>VALERIA GHEZZI, PRESIDENTE ANEF, IN AUDIZIONE AL SENATO PER IL DECRETO SOSTEGNI TER<\/h3>\n<\/blockquote>\n<p><strong><a href=\"https:\/\/www.radiopiu.net\/wordpress\/valeria-ghezzi-presidente-anef-in-audizione-al-senato-per-il-decreto-sostegni-ter\/66d9a7e5-5e4e-b680-0134-832cd56fd1f0\/\" rel=\"attachment wp-att-259179\"><img loading=\"lazy\" decoding=\"async\" class=\"size-medium wp-image-259179 alignleft\" src=\"https:\/\/www.radiopiu.net\/wordpress\/wp-content\/uploads\/2022\/02\/66d9a7e5-5e4e-b680-0134-832cd56fd1f0-300x225.jpg\" alt=\"\" width=\"300\" height=\"225\" srcset=\"https:\/\/www.radiopiu.net\/wordpress\/wp-content\/uploads\/2022\/02\/66d9a7e5-5e4e-b680-0134-832cd56fd1f0-300x225.jpg 300w, https:\/\/www.radiopiu.net\/wordpress\/wp-content\/uploads\/2022\/02\/66d9a7e5-5e4e-b680-0134-832cd56fd1f0-768x576.jpg 768w, https:\/\/www.radiopiu.net\/wordpress\/wp-content\/uploads\/2022\/02\/66d9a7e5-5e4e-b680-0134-832cd56fd1f0.jpg 990w\" sizes=\"auto, (max-width: 300px) 100vw, 300px\" \/><\/a>ROMA <\/strong>La stagione sciistica quest\u2019anno si sta svolgendo regolarmente ma gli impiantisti sono in crisi per l\u2019intero inverno (2020\/2021) trascorso senza poter lavorare, per le restrizioni dirette e indirette causate dalle norme anti Covid e per i rincari energetici e delle materie prime. Ne ha discusso Valeria Ghezzi, presidente di ANEF, questa mattina in audizione presso la Quinta commissione permanente al Senato della Repubblica, in cui ha esposto le considerazioni della categoria circa il Decreto Sostegni Ter. &#8220;<em>Dopo quasi due anni di chiusura, finalmente quest\u2019inverno gli impianti a fune hanno potuto lavorare &#8211; spiega Valeria Ghezzi &#8211; Tuttavia, il Covid ha portato un significativo calo di presenze rispetto agli standard e a questo si aggiungono le tante difficolt\u00e0<\/em> <em>legate all&#8217;aumento dei costi elettrici e degli altri comparti\u201d. <\/em>I pur generosi ristori hanno fatto fronte alla spesa corrente ma non compensano le perdite subite da marzo 2020 fino ad oggi. Il settore, dopo le chiusure, e con una stagione sciistica finalmente regolare ma che ancora soffre delle limitazioni legate alla pandemia. Pensiamo al mancato afflusso di turisti stranieri, alle disdette cause dalle quarantene che hanno interessato interi nuclei familiari e alle restrizioni agli accessi, seppur condivisibili, come nel caso dell\u2019adozione del Super Green Pass. A questo si somma l\u2019improvviso aumento dei costi energetici e delle materie prime che in alcuni casi arrivano alche al 110% e per cui, oltre alle misure gi\u00e0 adottate si chiedono interventi strutturali. Servono quindi misure ad hoc per sostenere un settore che altrimenti non sar\u00e0 in grado di garantire l\u2019equilibrio finanziario e gli investimenti necessari per non perdere competitivit\u00e0.<\/p>\n<p>&nbsp;<\/p>\n<p>&nbsp;<\/p>\n<hr \/>\n<blockquote>\n<h3><\/h3>\n<h3>CALO DEGLI\u00a0 ISCRITTI NELLE SCUOLE. DONAZZAN, \u201cUNA VALLATA ALL\u2019ANNO CHE SCOMPARE&#8221;<\/h3>\n<\/blockquote>\n<p><strong><a href=\"https:\/\/www.radiopiu.net\/wordpress\/giornale-radiopiu-18-agosto-2021-direttore-mirko-mezzacasa\/ex-scuola-luzzo-2\/\" rel=\"attachment wp-att-228127\"><img loading=\"lazy\" decoding=\"async\" class=\"size-medium wp-image-228127 alignleft\" src=\"https:\/\/www.radiopiu.net\/wordpress\/wp-content\/uploads\/2021\/08\/Ex-scuola-Luzzo-300x169.jpg\" alt=\"\" width=\"300\" height=\"169\" srcset=\"https:\/\/www.radiopiu.net\/wordpress\/wp-content\/uploads\/2021\/08\/Ex-scuola-Luzzo-300x169.jpg 300w, https:\/\/www.radiopiu.net\/wordpress\/wp-content\/uploads\/2021\/08\/Ex-scuola-Luzzo-1024x576.jpg 1024w, https:\/\/www.radiopiu.net\/wordpress\/wp-content\/uploads\/2021\/08\/Ex-scuola-Luzzo-768x432.jpg 768w, https:\/\/www.radiopiu.net\/wordpress\/wp-content\/uploads\/2021\/08\/Ex-scuola-Luzzo-1536x864.jpg 1536w, https:\/\/www.radiopiu.net\/wordpress\/wp-content\/uploads\/2021\/08\/Ex-scuola-Luzzo-2048x1152.jpg 2048w\" sizes=\"auto, (max-width: 300px) 100vw, 300px\" \/><\/a>VENEZIA<\/strong>\u00a0 <em>\u201c\u00c8 come se scomparisse l\u2019intera vallata della Valbrenta e, oramai da un decennio, in Veneto scompare una vallata all\u2019anno. Continua, purtroppo, questo dato drammatico della denatalit\u00e0 che si manifesta in tutta la sua evidenza nelle iscrizioni ai primi anni della scuola dell\u2019obbligo. Quest\u2019anno tra scuola primaria e secondaria in Veneto si segna un meno 7.142 iscritti al primo anno, solo per la primaria meno 3.295\u201d. <\/em>Cos\u00ec l\u2019Assessore regionale all\u2019istruzione, formazione e lavoro Elena Donazzan commenta i dati relativi alle iscrizioni alle classi prime per l\u2019anno scolastico 2022\/23 diffusi nei giorni scorsi dall\u2019Ufficio Scolastico Regionale del Veneto, che confermano il trend in diminuzione delle iscrizioni. Sono 35.442 gli iscritti al primo anno della primaria, con una differenza negativa rispetto all\u2019anno precedente di 3.295 alunni, 41.973 alla secondaria di primo grado con un meno 3.202 su base annuale e 41.546 alla secondaria di secondo grado, con un dato negativo di 644 iscritti. In totale si tratta di 7.141 iscritti in meno rispetto all\u2019anno scolastico in corso.<\/p>\n<a href=\"https:\/\/www.radiopiu.net\/wordpress\/wp-content\/uploads\/2022\/02\/345-2022-Iscrizioni-a.s.-2022-23-dati-al-07.02.2022_.pdf\" class=\"pdfemb-viewer\" style=\"\" data-width=\"max\" data-height=\"max\" data-toolbar=\"top\" data-toolbar-fixed=\"on\">345-2022 Iscrizioni-a.s.-2022-23-dati-al-07.02.2022_<\/a>\n<p>&nbsp;<\/p>\n<p>&nbsp;<\/p>\n<hr \/>\n<p>&nbsp;<\/p>\n<blockquote>\n<h3>RIFIUTI, CON UN PROGETTO DA 800 MILA EURO FELTRE PUNTA A REALIZZARE SEI ISOLE INTERRATE<\/h3>\n<\/blockquote>\n<p><strong><img loading=\"lazy\" decoding=\"async\" class=\"alignleft\" src=\"https:\/\/www.radiopiu.net\/wordpress\/wp-content\/uploads\/2020\/10\/Castello.jpg\" width=\"227\" height=\"142\" \/>FELTRE<\/strong><\/p>\n<p><strong>di MORENO GIOLI<\/strong><\/p>\n<blockquote><p>&nbsp;<\/p><\/blockquote>\n<audio class=\"wp-audio-shortcode\" id=\"audio-259016-1\" preload=\"none\" style=\"width: 100%;\" controls=\"controls\"><source type=\"audio\/mpeg\" src=\"https:\/\/www.radiopiu.net\/wordpress\/wp-content\/uploads\/2022\/02\/MPRENO.mp3?_=1\" \/><a href=\"https:\/\/www.radiopiu.net\/wordpress\/wp-content\/uploads\/2022\/02\/MPRENO.mp3\">https:\/\/www.radiopiu.net\/wordpress\/wp-content\/uploads\/2022\/02\/MPRENO.mp3<\/a><\/audio>\n<p>&nbsp;<\/p>\n<blockquote><p>&nbsp;<\/p><\/blockquote>\n<hr \/>\n<p>&nbsp;<\/p>\n<blockquote>\n<h3>POCA DIMESTICHEZZA CON LA TECNOLOGIA RISCHIA DI ESCLUDERE DAI BANDI ALCUNE PERSONE BISOGNOSE<\/h3>\n<\/blockquote>\n<p><strong><a href=\"https:\/\/www.radiopiu.net\/wordpress\/aggdatcom1z\/6441593_15212809_asca\/\" rel=\"attachment wp-att-254405\"><img loading=\"lazy\" decoding=\"async\" class=\"size-medium wp-image-254405 alignleft\" src=\"https:\/\/www.radiopiu.net\/wordpress\/wp-content\/uploads\/2022\/01\/6441593_15212809_asca-300x165.jpg\" alt=\"\" width=\"300\" height=\"165\" srcset=\"https:\/\/www.radiopiu.net\/wordpress\/wp-content\/uploads\/2022\/01\/6441593_15212809_asca-300x165.jpg 300w, https:\/\/www.radiopiu.net\/wordpress\/wp-content\/uploads\/2022\/01\/6441593_15212809_asca.jpg 620w\" sizes=\"auto, (max-width: 300px) 100vw, 300px\" \/><\/a>AGORDO<\/strong><\/p>\n<p>di Gianni Santomaso<\/p>\n<audio class=\"wp-audio-shortcode\" id=\"audio-259016-2\" preload=\"none\" style=\"width: 100%;\" controls=\"controls\"><source type=\"audio\/mpeg\" src=\"https:\/\/www.radiopiu.net\/wordpress\/wp-content\/uploads\/2022\/02\/GIANNI-ASCA.mp3?_=2\" \/><a href=\"https:\/\/www.radiopiu.net\/wordpress\/wp-content\/uploads\/2022\/02\/GIANNI-ASCA.mp3\">https:\/\/www.radiopiu.net\/wordpress\/wp-content\/uploads\/2022\/02\/GIANNI-ASCA.mp3<\/a><\/audio>\n<p>&nbsp;<\/p>\n<blockquote>\n<h3>DA ASCA UN AIUTO AI NUCLEI FAMILIARI<\/h3>\n<\/blockquote>\n<p><strong>AGORDO<\/strong> L&#8217;Azienda Speciale Consortile Agordina (Asca) assegner\u00e0 il sostegno economico ai nuclei familiari con Isee 2022 inferiore a 30mila euro di 13 Comuni Agordini ( Agordo, La Valle Agordina, Voltago, Rivamonte, Gosaldo, Taibon Ag.no, Falcade, Alleghe, Canale D\u2019Agordo, Vallada Agordina, Rocca Pietore, San Tomaso Ag.no, Selva di Cadore). E&#8217; iniziata la raccolta delle domande, referenti gli assistenti sociali Elena Pallua (349 6462812) Stefano Masini (349 6459350). \u00a0L\u2019azienda stiler\u00e0 un elenco dei beneficiari e provveder\u00e0 ad assegnare il sostegno economico fino ad esaurimento della cifra destinata a finanziare l\u2019iniziativa. Il contributo potr\u00e0 andare a coprire le spese per l\u2019affitto e\/o per alloggio, spese condominiali, per utenze domestiche o di riscaldamento, spese per l\u2019acquisto di alimenti e farmaci.<\/p>\n<p>&nbsp;<\/p>\n<p>&nbsp;<\/p>\n<hr \/>\n<p>&nbsp;<\/p>\n<blockquote>\n<h3>AUMENTI VELATI, GLI STRACCI NON PIU&#8217; ALL&#8217;ECOCENTRO MA NEL SECCO E AL TERZO GIRO S&#8217;INIZIA A PAGARE<\/h3>\n<\/blockquote>\n<p><strong><a href=\"https:\/\/www.radiopiu.net\/wordpress\/aumenti-velati-gli-stracci-non-piu-allecocentro-ma-nel-secco-e-al-terzo-giro-sinizia-a-pagare\/rags-245431__340\/\" rel=\"attachment wp-att-259094\"><img loading=\"lazy\" decoding=\"async\" class=\" wp-image-259094 alignleft\" src=\"https:\/\/www.radiopiu.net\/wordpress\/wp-content\/uploads\/2022\/02\/rags-245431__340-300x225.jpg\" alt=\"\" width=\"221\" height=\"166\" srcset=\"https:\/\/www.radiopiu.net\/wordpress\/wp-content\/uploads\/2022\/02\/rags-245431__340-300x225.jpg 300w, https:\/\/www.radiopiu.net\/wordpress\/wp-content\/uploads\/2022\/02\/rags-245431__340.jpg 453w\" sizes=\"auto, (max-width: 221px) 100vw, 221px\" \/><\/a>REDAZIONE<\/strong> Aumenta il combustibile da trazione e da riscaldamento, aumentano le materie prime e i costi per operazioni diverse (a volta anche per cambiare il denaro da carta a moneta sonante), sono stati preannunciati aumenti del servizio idrico e per i contribuenti c&#8217;\u00e8 un altro aumento, non per tutti per la verit\u00e0 ma \u00e8 anche ben velato. Infatti,\u00a0 all&#8217;ecocentro non raccolgono pi\u00f9 i vestiti vecchi\u00a0 che si devono mettere nel bidone del secco. Il bidone del secco ha due consegne all&#8217;anno prepagate,\u00a0 dalla terza in poi il costo aumenta per ogni svuotamento senza alcun benefit. Gli stracci fanno parecchio volume quindi\u00a0 il cittadino pagher\u00e0 di pi\u00f9. Dagli uffici di Valpe Ambiente ad Agordo la conferma: all&#8217;ecocentro gli &#8220;stracci&#8221; non vengono pi\u00f9 conferiti, ma vanno gettati nel secco. Ci sono poi le campane gialle, quella della Caritas, ma in questo caso vanno conferiti vestiti in buono stato cos\u00ec come le scarpe e sempre allacciate. <em>&#8220;Mi chiedo perch\u00e9 i sindaci abbiamo preso questa decisione o non abbiamo almeno aumentato il numero di raccolte del secco comprese nella tariffa- si chiede un ascoltatore di Radio Pi\u00f9, purtroppo gli incivili pur di risparmiare lasceranno sacchi di stracci lungo le scarpate&#8221;. Altrimenti troveremo i vestiti nelle scarpate&#8221;<\/em><\/p>\n<blockquote><p>&nbsp;<\/p><\/blockquote>\n<hr \/>\n<p>&nbsp;<\/p>\n<blockquote>\n<h3 class=\"p1\">NUOVI CARTELLI AD AGORDO, PRESTO ANCHE A BRIES<\/h3>\n<\/blockquote>\n<p><strong>AGORDO<\/strong> E\u2019 bello attraversare il centro di Agordo, senza nulla togliere alla diritta tangenziale con vista sulla multinazionale dell\u2019occhiale, ma dall\u2019altra parte di Luxottica c\u2019\u00e8 una piazza tra le pi\u00f9 belle dell\u2019arco alpino con il Broi e attraversare il centro \u00e8 un piacere tra Villa Fiore, il Palazzo De Manzoni, la Torresella,\u00a0 sar\u00e0 ancor pi\u00f9 bello quando i lavori alla ex Caserma Alpini saranno terminati e il palazzo gi\u00e0 sede dell\u2019Enel (ultimi inquilini) a Ponte Rova,\u00a0 rinascer\u00e0 a nuova vita. Nel frattempo il Comune di Agordo ha iniziato a rendere ancora pi\u00f9 interessante il tragitto lungo la regionale 203 agordina tra San Cipriano di Taibon e Le Campe di La Valle trovando collocazione ai nuovi cartelli bilingue acquistati grazie alla legge sulle minoranze linguistiche come ricorda il consigliere comunale Davide Conedera. Gi\u00e0 \u00e8 comparso Toccol, Pragrande e Ponte Alto ma \u00e8 solo l\u2019inizio. Presto si aggiungeranno altri cartelli compreso Bries, proprio recentemente i cittadini avevano chiesto all\u2019amministrazione comunale di dotare la frazione dell\u2019opportuna tabellonistica.\u00a0<em>\u201cCon la bella stagione e con la posa di nuovi supporti doteremo anche Bries della giusta tabellazione \u2013 dice il sindaco Roberto Chissal\u00e8 \u2013 per ora abbiamo installato i cartelli su pali che gi\u00e0 erano presenti\u201d\u00a0<\/em>\u00a0Una curiosit\u00e0: Ponte Alto (Agordo) a qualcuno potrebbe suonare strano perch\u00e9 da sempre il centro di Ponte Alto (dopo il ponte) \u00e8 territorio comunale di Rivamonte Agordino, ma le abitazioni al di qua del ponte (verso la regionale 203 agordina) fanno riferimento al Comune di Agordo. Quindi nessuna mira espansionistica del capoluogo, ma la precisione in zona di confine.<\/p>\n<p>&nbsp;<\/p>\n\n\t\t\t<style type='text\/css'>\n\t\t\t\t#gallery-2 {\n\t\t\t\t\tmargin: auto;\n\t\t\t\t}\n\t\t\t\t#gallery-2 .gallery-item {\n\t\t\t\t\tfloat: left;\n\t\t\t\t\tmargin-top: 10px;\n\t\t\t\t\ttext-align: center;\n\t\t\t\t\twidth: 50%;\n\t\t\t\t}\n\t\t\t\t#gallery-2 img {\n\t\t\t\t\tborder: 2px solid #cfcfcf;\n\t\t\t\t}\n\t\t\t\t#gallery-2 .gallery-caption {\n\t\t\t\t\tmargin-left: 0;\n\t\t\t\t}\n\t\t\t\t\/* see gallery_shortcode() in wp-includes\/media.php *\/\n\t\t\t<\/style>\n\t\t<div id='gallery-2' class='dt-gallery-container gallery galleryid-259016 gallery-columns-2 gallery-size-medium'><dl class='gallery-item'>\n\t\t\t\t<dt class='gallery-icon landscape'>\n\t\t\t\t\t<a class=\"rollover rollover-zoom dt-pswp-item\" title=\"ef1f18b8-d914-4443-8f6a-1e59534d6e7e\" data-dt-img-description=\"\" data-large_image_width=\"1920\" data-large_image_height=\"1080\"href='https:\/\/www.radiopiu.net\/wordpress\/wp-content\/uploads\/2022\/02\/ef1f18b8-d914-4443-8f6a-1e59534d6e7e.jpg'><img loading=\"lazy\" decoding=\"async\" width=\"300\" height=\"169\" src=\"https:\/\/www.radiopiu.net\/wordpress\/wp-content\/uploads\/2022\/02\/ef1f18b8-d914-4443-8f6a-1e59534d6e7e-300x169.jpg\" class=\"attachment-medium size-medium\" alt=\"\" srcset=\"https:\/\/www.radiopiu.net\/wordpress\/wp-content\/uploads\/2022\/02\/ef1f18b8-d914-4443-8f6a-1e59534d6e7e-300x169.jpg 300w, https:\/\/www.radiopiu.net\/wordpress\/wp-content\/uploads\/2022\/02\/ef1f18b8-d914-4443-8f6a-1e59534d6e7e-1024x576.jpg 1024w, https:\/\/www.radiopiu.net\/wordpress\/wp-content\/uploads\/2022\/02\/ef1f18b8-d914-4443-8f6a-1e59534d6e7e-768x432.jpg 768w, https:\/\/www.radiopiu.net\/wordpress\/wp-content\/uploads\/2022\/02\/ef1f18b8-d914-4443-8f6a-1e59534d6e7e-1536x864.jpg 1536w, https:\/\/www.radiopiu.net\/wordpress\/wp-content\/uploads\/2022\/02\/ef1f18b8-d914-4443-8f6a-1e59534d6e7e.jpg 1920w\" sizes=\"auto, (max-width: 300px) 100vw, 300px\" \/><\/a>\n\t\t\t\t<\/dt><\/dl><dl class='gallery-item'>\n\t\t\t\t<dt class='gallery-icon landscape'>\n\t\t\t\t\t<a class=\"rollover rollover-zoom dt-pswp-item\" title=\"fefa8f6d-273c-472e-97ec-bc5b2365efbf\" data-dt-img-description=\"\" data-large_image_width=\"1920\" data-large_image_height=\"1080\"href='https:\/\/www.radiopiu.net\/wordpress\/wp-content\/uploads\/2022\/02\/fefa8f6d-273c-472e-97ec-bc5b2365efbf.jpg'><img loading=\"lazy\" decoding=\"async\" width=\"300\" height=\"169\" src=\"https:\/\/www.radiopiu.net\/wordpress\/wp-content\/uploads\/2022\/02\/fefa8f6d-273c-472e-97ec-bc5b2365efbf-300x169.jpg\" class=\"attachment-medium size-medium\" alt=\"\" srcset=\"https:\/\/www.radiopiu.net\/wordpress\/wp-content\/uploads\/2022\/02\/fefa8f6d-273c-472e-97ec-bc5b2365efbf-300x169.jpg 300w, https:\/\/www.radiopiu.net\/wordpress\/wp-content\/uploads\/2022\/02\/fefa8f6d-273c-472e-97ec-bc5b2365efbf-1024x576.jpg 1024w, https:\/\/www.radiopiu.net\/wordpress\/wp-content\/uploads\/2022\/02\/fefa8f6d-273c-472e-97ec-bc5b2365efbf-768x432.jpg 768w, https:\/\/www.radiopiu.net\/wordpress\/wp-content\/uploads\/2022\/02\/fefa8f6d-273c-472e-97ec-bc5b2365efbf-1536x864.jpg 1536w, https:\/\/www.radiopiu.net\/wordpress\/wp-content\/uploads\/2022\/02\/fefa8f6d-273c-472e-97ec-bc5b2365efbf.jpg 1920w\" sizes=\"auto, (max-width: 300px) 100vw, 300px\" \/><\/a>\n\t\t\t\t<\/dt><\/dl><br style=\"clear: both\" \/><dl class='gallery-item'>\n\t\t\t\t<dt class='gallery-icon landscape'>\n\t\t\t\t\t<a class=\"rollover rollover-zoom dt-pswp-item\" title=\"5083574e-47a4-43e5-abbb-5fef4b8cecb1\" data-dt-img-description=\"\" data-large_image_width=\"1920\" data-large_image_height=\"1080\"href='https:\/\/www.radiopiu.net\/wordpress\/wp-content\/uploads\/2022\/02\/5083574e-47a4-43e5-abbb-5fef4b8cecb1.jpg'><img loading=\"lazy\" decoding=\"async\" width=\"300\" height=\"169\" src=\"https:\/\/www.radiopiu.net\/wordpress\/wp-content\/uploads\/2022\/02\/5083574e-47a4-43e5-abbb-5fef4b8cecb1-300x169.jpg\" class=\"attachment-medium size-medium\" alt=\"\" srcset=\"https:\/\/www.radiopiu.net\/wordpress\/wp-content\/uploads\/2022\/02\/5083574e-47a4-43e5-abbb-5fef4b8cecb1-300x169.jpg 300w, https:\/\/www.radiopiu.net\/wordpress\/wp-content\/uploads\/2022\/02\/5083574e-47a4-43e5-abbb-5fef4b8cecb1-1024x576.jpg 1024w, https:\/\/www.radiopiu.net\/wordpress\/wp-content\/uploads\/2022\/02\/5083574e-47a4-43e5-abbb-5fef4b8cecb1-768x432.jpg 768w, https:\/\/www.radiopiu.net\/wordpress\/wp-content\/uploads\/2022\/02\/5083574e-47a4-43e5-abbb-5fef4b8cecb1-1536x864.jpg 1536w, https:\/\/www.radiopiu.net\/wordpress\/wp-content\/uploads\/2022\/02\/5083574e-47a4-43e5-abbb-5fef4b8cecb1.jpg 1920w\" sizes=\"auto, (max-width: 300px) 100vw, 300px\" \/><\/a>\n\t\t\t\t<\/dt><\/dl><dl class='gallery-item'>\n\t\t\t\t<dt class='gallery-icon landscape'>\n\t\t\t\t\t<a class=\"rollover rollover-zoom dt-pswp-item\" title=\"d41dcb48-4f6e-4cfe-8aa5-7f54668a3bca\" data-dt-img-description=\"\" data-large_image_width=\"1920\" data-large_image_height=\"1080\"href='https:\/\/www.radiopiu.net\/wordpress\/wp-content\/uploads\/2022\/02\/d41dcb48-4f6e-4cfe-8aa5-7f54668a3bca.jpg'><img loading=\"lazy\" decoding=\"async\" width=\"300\" height=\"169\" src=\"https:\/\/www.radiopiu.net\/wordpress\/wp-content\/uploads\/2022\/02\/d41dcb48-4f6e-4cfe-8aa5-7f54668a3bca-300x169.jpg\" class=\"attachment-medium size-medium\" alt=\"\" srcset=\"https:\/\/www.radiopiu.net\/wordpress\/wp-content\/uploads\/2022\/02\/d41dcb48-4f6e-4cfe-8aa5-7f54668a3bca-300x169.jpg 300w, https:\/\/www.radiopiu.net\/wordpress\/wp-content\/uploads\/2022\/02\/d41dcb48-4f6e-4cfe-8aa5-7f54668a3bca-1024x576.jpg 1024w, https:\/\/www.radiopiu.net\/wordpress\/wp-content\/uploads\/2022\/02\/d41dcb48-4f6e-4cfe-8aa5-7f54668a3bca-768x432.jpg 768w, https:\/\/www.radiopiu.net\/wordpress\/wp-content\/uploads\/2022\/02\/d41dcb48-4f6e-4cfe-8aa5-7f54668a3bca-1536x864.jpg 1536w, https:\/\/www.radiopiu.net\/wordpress\/wp-content\/uploads\/2022\/02\/d41dcb48-4f6e-4cfe-8aa5-7f54668a3bca.jpg 1920w\" sizes=\"auto, (max-width: 300px) 100vw, 300px\" \/><\/a>\n\t\t\t\t<\/dt><\/dl><br style=\"clear: both\" \/>\n\t\t\t<\/div>\n\n<p>&nbsp;<\/p>\n<hr \/>\n<p>&nbsp;<\/p>\n<blockquote>\n<h3>LA PALESTRA SCOLASTICA SARA&#8217; RIQUALIFICATA E POTRA&#8217; OSPITARE FINO A 1000 PERSONE<\/h3>\n<\/blockquote>\n<p><strong><a href=\"https:\/\/www.radiopiu.net\/wordpress\/la-palestra-scolastica-sara-riqualificata-e-potra-ospitare-fino-a-1000-persone\/palestra_scolastica\/\" rel=\"attachment wp-att-259060\"><img loading=\"lazy\" decoding=\"async\" class=\"size-medium wp-image-259060 alignleft\" src=\"https:\/\/www.radiopiu.net\/wordpress\/wp-content\/uploads\/2022\/02\/Palestra_scolastica-300x154.jpg\" alt=\"\" width=\"300\" height=\"154\" srcset=\"https:\/\/www.radiopiu.net\/wordpress\/wp-content\/uploads\/2022\/02\/Palestra_scolastica-300x154.jpg 300w, https:\/\/www.radiopiu.net\/wordpress\/wp-content\/uploads\/2022\/02\/Palestra_scolastica-1024x527.jpg 1024w, https:\/\/www.radiopiu.net\/wordpress\/wp-content\/uploads\/2022\/02\/Palestra_scolastica-768x395.jpg 768w, https:\/\/www.radiopiu.net\/wordpress\/wp-content\/uploads\/2022\/02\/Palestra_scolastica.jpg 1162w\" sizes=\"auto, (max-width: 300px) 100vw, 300px\" \/><\/a>PONTE NELLE ALPI<\/strong> <span class=\"gmail-Apple-converted-space\">\u00a0<\/span>La giunta comunale ha approvato il progetto di fattibilit\u00e0 tecnica per il rinnovamento della palestra scolastica, denominata Palazzetto dello Sport, presso le elementari \u201cArrigo Boito\u201d. \u00a0Edificata negli anni Ottanta a supporto delle attivit\u00e0 didattiche, la palestra \u00e8 utilizzata anche per iniziative extra-scolastiche, ha una possibile capienza di 498 persone sulle tribune e 450 sul terreno di gioco, in caso di riunioni o conferenze.<span class=\"gmail-Apple-converted-space\"> \u00a0<\/span>Alla luce dell\u2019avviso nazionale del Pnrr per il potenziamento dei servizi di istruzione e il piano infrastrutture per lo sport nelle scuole, l\u2019amministrazione comunale ha votato il progetto di fattibilit\u00e0 tecnica ed economica redatto dall\u2019architetto Pietro Vittorio: la spesa complessiva \u00e8 di 970mila euro. Lo stesso progetto prevede l\u2019abbattimento delle barriere architettoniche, la riqualificazione energetica, il miglioramento dell\u2019area gioco, il restyling della zona pubblica, la sistemazione degli spogliatoi e la verifica sismica.<span class=\"gmail-Apple-converted-space\"> \u00a0<\/span><em>Questo importante intervento si aggiunge alla riqualificazione della struttura sportiva polivalente di Quantin, che diventer\u00e0 \u201cPalaQuantin\u201d: i lavori, iniziati la scorsa settimana, interessano l\u2019impianto elettrico e la sicurezza della struttura che potr\u00e0 cos\u00ec ospitare manifestazioni culturali, sociali e concerti. Un\u2019opportunit\u00e0 in pi\u00f9 per i Coi de Pera e per il Nevegal, con una valenza sovra-provinciale di iniziative e attivit\u00e0.\u00a0<\/em><\/p>\n<p>&nbsp;<\/p>\n<hr \/>\n<p>&nbsp;<\/p>\n<blockquote>\n<h3>DILLO A RADIO PIU&#8217;&#8230; M&#8217;ILLUMINO DI MENO, MA NON SEMPRE<\/h3>\n<\/blockquote>\n<p><strong>FALCADE<\/strong> Riceviamo e pubblichiamo:<em> &#8220;Mentre molti Comuni sono alle prese con l&#8217;aumento dell&#8217;energia elettrica e pensano al risparmio il comune di Falcade, lungo la strada principale\u00a0 continua a tener accese le luminarie di Natale&#8221;.<\/em><\/p>\n<p><strong>Ludovico Antonini<\/strong><\/p>\n<p>&nbsp;<\/p>\n<hr \/>\n<p>&nbsp;<\/p>\n<blockquote>\n<h3>WILLIAM IL PORTABANDIERA AZZURRO, UNICO ITALIANO TRA I 139 DELLA VASA JUBILEUM<\/h3>\n<\/blockquote>\n<p><strong><a href=\"https:\/\/www.radiopiu.net\/wordpress\/william-da-roit-tra-gli-stranieri-scelti-per-commemorare-i-100-anni-della-vasalopet\/whatsapp-image-2018-06-19-at-05-42-14-300x225\/\" rel=\"attachment wp-att-259076\"><img loading=\"lazy\" decoding=\"async\" class=\"wp-image-259076 alignright\" src=\"https:\/\/www.radiopiu.net\/wordpress\/wp-content\/uploads\/2021\/07\/WhatsApp-Image-2018-06-19-at-05.42.14-300x225-1.jpg\" alt=\"\" width=\"171\" height=\"128\" \/><\/a>REDAZIONE<\/strong> Ci siamo! William \u00e8 in Svezia ed \u00e8 l&#8217;unico italiano con sci ed attrezzatura d&#8217;epoca per festeggiare il centenario.<br \/>\n<strong>dal giornale radio delle 9.30 di Claudio Fontanive<\/strong><\/p>\n<audio class=\"wp-audio-shortcode\" id=\"audio-259016-3\" preload=\"none\" style=\"width: 100%;\" controls=\"controls\"><source type=\"audio\/mpeg\" src=\"https:\/\/www.radiopiu.net\/wordpress\/wp-content\/uploads\/2022\/02\/william-da-roit.mp3?_=3\" \/><a href=\"https:\/\/www.radiopiu.net\/wordpress\/wp-content\/uploads\/2022\/02\/william-da-roit.mp3\">https:\/\/www.radiopiu.net\/wordpress\/wp-content\/uploads\/2022\/02\/william-da-roit.mp3<\/a><\/audio>\n<p>&nbsp;<\/p>\n<h3><\/h3>\n<h3><span style=\"color: #ff0000;\">GIORNALE RADIO DEL 7 LUGLIO 2021<\/span><\/h3>\n<blockquote>\n<h2>WILLIAM DA ROIT TRA GLI STRANIERI SCELTI PER COMMEMORARE I 100 ANNI DELLA VASALOPET<\/h2>\n<\/blockquote>\n<p><strong><a href=\"https:\/\/www.radiopiu.net\/wordpress\/william-da-roit-tra-gli-stranieri-scelti-per-commemorare-i-100-anni-della-vasalopet\/89acbae5-3daf-43c0-9218-b0d7bba9f308\/\" rel=\"attachment wp-att-220348\"><img loading=\"lazy\" decoding=\"async\" class=\"size-medium wp-image-220348 alignleft\" src=\"https:\/\/www.radiopiu.net\/wordpress\/wp-content\/uploads\/2021\/07\/89acbae5-3daf-43c0-9218-b0d7bba9f308-300x225.jpg\" alt=\"\" width=\"300\" height=\"225\" srcset=\"https:\/\/www.radiopiu.net\/wordpress\/wp-content\/uploads\/2021\/07\/89acbae5-3daf-43c0-9218-b0d7bba9f308-300x225.jpg 300w, https:\/\/www.radiopiu.net\/wordpress\/wp-content\/uploads\/2021\/07\/89acbae5-3daf-43c0-9218-b0d7bba9f308-1024x768.jpg 1024w, https:\/\/www.radiopiu.net\/wordpress\/wp-content\/uploads\/2021\/07\/89acbae5-3daf-43c0-9218-b0d7bba9f308-768x576.jpg 768w, https:\/\/www.radiopiu.net\/wordpress\/wp-content\/uploads\/2021\/07\/89acbae5-3daf-43c0-9218-b0d7bba9f308.jpg 1280w\" sizes=\"auto, (max-width: 300px) 100vw, 300px\" \/><\/a>LA VALLE<\/strong> La vita \u00e8 fatta di fatiche e William Da Roit lo sa bene. Sia nella vita lavorativa che in quella sportiva. L&#8217;ultramaratoneta, ma non solo, di La Valle \u00e8 stato scelto per partecipare Il prossimo 12 febbraio in Svezia alla Jubileumvasan, una gara commemorativa per festeggiare i cento anni dalla prima edizione della Vasaloppet, nella quale saranno ricreate le condizioni di gara che vennero trovate in quella occasione e si garegger\u00e0 con i materiali di allora. Tante le richieste di partecipazione che sono pervenute, addirittura 548, che hanno portato gli organizzatori a selezionare i 139 sciatori che con gli sci di legno affronteranno il percorso di 90 km da S\u00e4len a Mora. Tra i partecipanti anche quattro vincitori della competizione, come Staffan Larsson, Daniel Tynell, Oskar Sv\u00e4rd e Henrik Eriksson. Tra gli stranieri sono stati selezionati 15 fondisti e tra loro c&#8217;\u00e8 anche l&#8217;agordino William Da Roit. William aveva gi\u00e0 partecipato alla Vasalopet nel 2010 e lo scorso anno in Canada ha concluso con successo il circuito Worldlopet delle principali gare di sci di fondo in giro per il mondo. Una bella soddisfazione per il lavallese che voler\u00e0 in Svezia nel 2022.<\/p>\n<p>&nbsp;<\/p>\n<hr \/>\n<p>&nbsp;<\/p>\n<blockquote>\n<h2>NUOVA IMPENNATA DI POSITIVI A LA VALLE E FALCADE, +25 AD AGORDO<\/h2>\n<\/blockquote>\n<blockquote>\n<h2 style=\"text-align: center;\"><strong style=\"color: #ff0000; font-size: 14px;\">CASI DI COVID NELL\u2019AGORDINO IN CONTINUO AGGIORNAMENTO\u00a0<\/strong><\/h2>\n<p>&nbsp;<\/p><\/blockquote>\n<blockquote><p>elaborazione grafica TIZIANO DE COL<\/p><\/blockquote>\n<p><span style=\"color: #ff0000;\"><strong>COVID NELL&#8217;AGORDINO, POSITIVI AL 11 febbraio <\/strong><\/span>\u00a0Agordo <strong>91<\/strong>Taibon <strong>25<\/strong> Colle Santa Lucia <strong>6<\/strong> Rocca Pietore <strong>8<\/strong>\u00a0 Canale d&#8217;Agordo\u00a0 <strong>3<\/strong> Livinallongo <strong>8<\/strong> Selva di Cadore <strong>4<\/strong> Alleghe <strong>7<\/strong>\u00a0 \u00a0Voltago <strong><span style=\"color: #ff0000;\">15<\/span><\/strong> Falcade<strong><span style=\"color: #ff0000;\"> 22<\/span> ,<\/strong> Vallada <strong>3<\/strong>, La Valle\u00a0<strong><span style=\"color: #ff0000;\"> 25<\/span>,<\/strong> San Tomaso <strong><span style=\"color: #0000ff;\">1<\/span><\/strong>\u00a0Gosaldo <strong>5<\/strong> \u00a0Cencenighe <strong>11\u00a0<\/strong> Rivamonte <strong>4<\/strong><\/p>\n\n\t\t\t<style type='text\/css'>\n\t\t\t\t#gallery-3 {\n\t\t\t\t\tmargin: auto;\n\t\t\t\t}\n\t\t\t\t#gallery-3 .gallery-item {\n\t\t\t\t\tfloat: left;\n\t\t\t\t\tmargin-top: 10px;\n\t\t\t\t\ttext-align: center;\n\t\t\t\t\twidth: 50%;\n\t\t\t\t}\n\t\t\t\t#gallery-3 img {\n\t\t\t\t\tborder: 2px solid #cfcfcf;\n\t\t\t\t}\n\t\t\t\t#gallery-3 .gallery-caption {\n\t\t\t\t\tmargin-left: 0;\n\t\t\t\t}\n\t\t\t\t\/* see gallery_shortcode() in wp-includes\/media.php *\/\n\t\t\t<\/style>\n\t\t<div id='gallery-3' class='dt-gallery-container gallery galleryid-259016 gallery-columns-2 gallery-size-full'><dl class='gallery-item'>\n\t\t\t\t<dt class='gallery-icon landscape'>\n\t\t\t\t\t<a class=\"rollover rollover-zoom dt-pswp-item\" title=\"0e0ad4b5-8e15-4ac7-a797-ac9a91a6cf3d\" data-dt-img-description=\"\" data-large_image_width=\"590\" data-large_image_height=\"354\"href='https:\/\/www.radiopiu.net\/wordpress\/wp-content\/uploads\/2022\/02\/0e0ad4b5-8e15-4ac7-a797-ac9a91a6cf3d.jpg'><img loading=\"lazy\" decoding=\"async\" width=\"590\" height=\"354\" src=\"https:\/\/www.radiopiu.net\/wordpress\/wp-content\/uploads\/2022\/02\/0e0ad4b5-8e15-4ac7-a797-ac9a91a6cf3d.jpg\" class=\"attachment-full size-full\" alt=\"\" srcset=\"https:\/\/www.radiopiu.net\/wordpress\/wp-content\/uploads\/2022\/02\/0e0ad4b5-8e15-4ac7-a797-ac9a91a6cf3d.jpg 590w, https:\/\/www.radiopiu.net\/wordpress\/wp-content\/uploads\/2022\/02\/0e0ad4b5-8e15-4ac7-a797-ac9a91a6cf3d-300x180.jpg 300w\" sizes=\"auto, (max-width: 590px) 100vw, 590px\" \/><\/a>\n\t\t\t\t<\/dt><\/dl><dl class='gallery-item'>\n\t\t\t\t<dt class='gallery-icon landscape'>\n\t\t\t\t\t<a class=\"rollover rollover-zoom dt-pswp-item\" title=\"e81be833-04b6-41d2-8cd9-842475d4e346\" data-dt-img-description=\"\" data-large_image_width=\"602\" data-large_image_height=\"356\"href='https:\/\/www.radiopiu.net\/wordpress\/wp-content\/uploads\/2022\/02\/e81be833-04b6-41d2-8cd9-842475d4e346.jpg'><img loading=\"lazy\" decoding=\"async\" width=\"602\" height=\"356\" src=\"https:\/\/www.radiopiu.net\/wordpress\/wp-content\/uploads\/2022\/02\/e81be833-04b6-41d2-8cd9-842475d4e346.jpg\" class=\"attachment-full size-full\" alt=\"\" srcset=\"https:\/\/www.radiopiu.net\/wordpress\/wp-content\/uploads\/2022\/02\/e81be833-04b6-41d2-8cd9-842475d4e346.jpg 602w, https:\/\/www.radiopiu.net\/wordpress\/wp-content\/uploads\/2022\/02\/e81be833-04b6-41d2-8cd9-842475d4e346-300x177.jpg 300w\" sizes=\"auto, (max-width: 602px) 100vw, 602px\" \/><\/a>\n\t\t\t\t<\/dt><\/dl><br style=\"clear: both\" \/>\n\t\t\t<\/div>\n\n<p>&nbsp;<\/p>\n<p>&nbsp;<\/p>\n<hr \/>\n<p>&nbsp;<\/p>\n<blockquote class=\"wp-embedded-content\" data-secret=\"gZlqtM8Ybt\"><p><a href=\"https:\/\/www.radiopiu.net\/wordpress\/aggiornamentonaz2022feb11\/\">CORONAVIRUS: AGGIORNAMENTO NAZIONALE 11 FEBBRAIO 2022<\/a><\/p><\/blockquote>\n<p><iframe loading=\"lazy\" class=\"wp-embedded-content\" sandbox=\"allow-scripts\" security=\"restricted\" style=\"position: absolute; clip: rect(1px, 1px, 1px, 1px);\" title=\"&#8220;CORONAVIRUS: AGGIORNAMENTO NAZIONALE 11 FEBBRAIO 2022&#8221; &#8212; Radio Pi\u00f9\" src=\"https:\/\/www.radiopiu.net\/wordpress\/aggiornamentonaz2022feb11\/embed\/#?secret=gZlqtM8Ybt\" data-secret=\"gZlqtM8Ybt\" width=\"600\" height=\"338\" frameborder=\"0\" marginwidth=\"0\" marginheight=\"0\" scrolling=\"no\"><\/iframe><\/p>\n<p>&nbsp;<\/p>\n<blockquote class=\"wp-embedded-content\" data-secret=\"7qCN6xTjPP\"><p><a href=\"https:\/\/www.radiopiu.net\/wordpress\/azzero10feb\/\">GIU&#8217; I RICOVERI, IN 24 ORE QUASI 100 PAZIENTI LASCIANO GLI OSPEDALI, ANCORA ALTI I DECESSI: 26<\/a><\/p><\/blockquote>\n<p><iframe loading=\"lazy\" class=\"wp-embedded-content\" sandbox=\"allow-scripts\" security=\"restricted\" style=\"position: absolute; clip: rect(1px, 1px, 1px, 1px);\" title=\"&#8220;GIU&#8217; I RICOVERI, IN 24 ORE QUASI 100 PAZIENTI LASCIANO GLI OSPEDALI, ANCORA ALTI I DECESSI: 26&#8221; &#8212; Radio Pi\u00f9\" src=\"https:\/\/www.radiopiu.net\/wordpress\/azzero10feb\/embed\/#?secret=7qCN6xTjPP\" data-secret=\"7qCN6xTjPP\" width=\"600\" height=\"338\" frameborder=\"0\" marginwidth=\"0\" marginheight=\"0\" scrolling=\"no\"><\/iframe><\/p>\n<h2>I GRAFICI DI TIZIANO DE COL<\/h2>\n\n\t\t\t<style type='text\/css'>\n\t\t\t\t#gallery-4 {\n\t\t\t\t\tmargin: auto;\n\t\t\t\t}\n\t\t\t\t#gallery-4 .gallery-item {\n\t\t\t\t\tfloat: left;\n\t\t\t\t\tmargin-top: 10px;\n\t\t\t\t\ttext-align: center;\n\t\t\t\t\twidth: 33%;\n\t\t\t\t}\n\t\t\t\t#gallery-4 img {\n\t\t\t\t\tborder: 2px solid #cfcfcf;\n\t\t\t\t}\n\t\t\t\t#gallery-4 .gallery-caption {\n\t\t\t\t\tmargin-left: 0;\n\t\t\t\t}\n\t\t\t\t\/* see gallery_shortcode() in wp-includes\/media.php *\/\n\t\t\t<\/style>\n\t\t<div id='gallery-4' class='dt-gallery-container gallery galleryid-259016 gallery-columns-3 gallery-size-thumbnail'><dl class='gallery-item'>\n\t\t\t\t<dt class='gallery-icon landscape'>\n\t\t\t\t\t<a class=\"rollover rollover-zoom dt-pswp-item\" title=\"ef86036d-e975-45f8-89ab-e9d4f07e9c4b\" data-dt-img-description=\"\" data-large_image_width=\"600\" data-large_image_height=\"358\"href='https:\/\/www.radiopiu.net\/wordpress\/wp-content\/uploads\/2022\/02\/ef86036d-e975-45f8-89ab-e9d4f07e9c4b.jpg'><img loading=\"lazy\" decoding=\"async\" width=\"150\" height=\"150\" src=\"https:\/\/www.radiopiu.net\/wordpress\/wp-content\/uploads\/2022\/02\/ef86036d-e975-45f8-89ab-e9d4f07e9c4b-150x150.jpg\" class=\"attachment-thumbnail size-thumbnail\" alt=\"\" \/><\/a>\n\t\t\t\t<\/dt><\/dl><dl class='gallery-item'>\n\t\t\t\t<dt class='gallery-icon landscape'>\n\t\t\t\t\t<a class=\"rollover rollover-zoom dt-pswp-item\" title=\"2a9324da-3e89-4ffa-8ac8-dee6b6161a9f\" data-dt-img-description=\"\" data-large_image_width=\"586\" data-large_image_height=\"354\"href='https:\/\/www.radiopiu.net\/wordpress\/wp-content\/uploads\/2022\/02\/2a9324da-3e89-4ffa-8ac8-dee6b6161a9f.jpg'><img loading=\"lazy\" decoding=\"async\" width=\"150\" height=\"150\" src=\"https:\/\/www.radiopiu.net\/wordpress\/wp-content\/uploads\/2022\/02\/2a9324da-3e89-4ffa-8ac8-dee6b6161a9f-150x150.jpg\" class=\"attachment-thumbnail size-thumbnail\" alt=\"\" \/><\/a>\n\t\t\t\t<\/dt><\/dl><dl class='gallery-item'>\n\t\t\t\t<dt class='gallery-icon landscape'>\n\t\t\t\t\t<a class=\"rollover rollover-zoom dt-pswp-item\" title=\"d5895a73-a268-4328-b4aa-58208220e9af\" data-dt-img-description=\"\" data-large_image_width=\"606\" data-large_image_height=\"365\"href='https:\/\/www.radiopiu.net\/wordpress\/wp-content\/uploads\/2022\/02\/d5895a73-a268-4328-b4aa-58208220e9af.jpg'><img loading=\"lazy\" decoding=\"async\" width=\"150\" height=\"150\" src=\"https:\/\/www.radiopiu.net\/wordpress\/wp-content\/uploads\/2022\/02\/d5895a73-a268-4328-b4aa-58208220e9af-150x150.jpg\" class=\"attachment-thumbnail size-thumbnail\" alt=\"\" \/><\/a>\n\t\t\t\t<\/dt><\/dl><br style=\"clear: both\" \/><dl class='gallery-item'>\n\t\t\t\t<dt class='gallery-icon landscape'>\n\t\t\t\t\t<a class=\"rollover rollover-zoom dt-pswp-item\" title=\"4a51daf9-9cae-44db-aaac-56c5ee7eaeb0\" data-dt-img-description=\"\" data-large_image_width=\"604\" data-large_image_height=\"346\"href='https:\/\/www.radiopiu.net\/wordpress\/wp-content\/uploads\/2022\/02\/4a51daf9-9cae-44db-aaac-56c5ee7eaeb0.jpg'><img loading=\"lazy\" decoding=\"async\" width=\"150\" height=\"150\" src=\"https:\/\/www.radiopiu.net\/wordpress\/wp-content\/uploads\/2022\/02\/4a51daf9-9cae-44db-aaac-56c5ee7eaeb0-150x150.jpg\" class=\"attachment-thumbnail size-thumbnail\" alt=\"\" \/><\/a>\n\t\t\t\t<\/dt><\/dl><dl class='gallery-item'>\n\t\t\t\t<dt class='gallery-icon landscape'>\n\t\t\t\t\t<a class=\"rollover rollover-zoom dt-pswp-item\" title=\"56d547b2-a673-4767-9d56-3077531822b2\" data-dt-img-description=\"\" data-large_image_width=\"610\" data-large_image_height=\"371\"href='https:\/\/www.radiopiu.net\/wordpress\/wp-content\/uploads\/2022\/02\/56d547b2-a673-4767-9d56-3077531822b2.jpg'><img loading=\"lazy\" decoding=\"async\" width=\"150\" height=\"150\" src=\"https:\/\/www.radiopiu.net\/wordpress\/wp-content\/uploads\/2022\/02\/56d547b2-a673-4767-9d56-3077531822b2-150x150.jpg\" class=\"attachment-thumbnail size-thumbnail\" alt=\"\" \/><\/a>\n\t\t\t\t<\/dt><\/dl><dl class='gallery-item'>\n\t\t\t\t<dt class='gallery-icon landscape'>\n\t\t\t\t\t<a class=\"rollover rollover-zoom dt-pswp-item\" title=\"98f80269-ae8a-4782-8daa-8055560ff2b5\" data-dt-img-description=\"\" data-large_image_width=\"608\" data-large_image_height=\"353\"href='https:\/\/www.radiopiu.net\/wordpress\/wp-content\/uploads\/2022\/02\/98f80269-ae8a-4782-8daa-8055560ff2b5.jpg'><img loading=\"lazy\" decoding=\"async\" width=\"150\" height=\"150\" src=\"https:\/\/www.radiopiu.net\/wordpress\/wp-content\/uploads\/2022\/02\/98f80269-ae8a-4782-8daa-8055560ff2b5-150x150.jpg\" class=\"attachment-thumbnail size-thumbnail\" alt=\"\" \/><\/a>\n\t\t\t\t<\/dt><\/dl><br style=\"clear: both\" \/>\n\t\t\t<\/div>\n\n<p>&nbsp;<\/p>\n<hr \/>\n<p>&nbsp;<\/p>\n<blockquote>\n<h3>COVID SCUOLE: FORTE DECREMENTO DELLE CLASSI IN SORVEGLIANZA, 148 IN MENO RISPETTO A SETTE GIORNI FA<\/h3>\n<\/blockquote>\n<p><strong>BELLUNO <\/strong>Il team scuole, del Dipartimento di Prevenzione, fa il punto settimanale sulla situazione dei contagi nelle scuole della provincia. In base alla nuova normativa <u>(DL 5 del 04\/02\/2022), la situazione \u00e8 attualmente la seguente:<\/u><\/p>\n<table width=\"730\">\n<tbody>\n<tr>\n<td width=\"231\"><strong>ORDINE E GRADO<\/strong><\/td>\n<td colspan=\"3\" width=\"327\"><strong>NUMERO CLASSI IN CARICO<\/strong><\/td>\n<td width=\"172\"><strong>\u00a0<\/strong><\/td>\n<\/tr>\n<tr>\n<td width=\"231\"><\/td>\n<td width=\"148\"><\/td>\n<td width=\"113\"><\/td>\n<td width=\"66\"><\/td>\n<td width=\"172\">TOTALE<\/td>\n<\/tr>\n<tr>\n<td width=\"231\"><\/td>\n<td width=\"148\">Auto monitoraggio<\/td>\n<td width=\"113\">**Quarantena<\/td>\n<td width=\"66\">Totale<\/td>\n<td rowspan=\"6\" width=\"172\"><strong>\u00a0<\/strong><\/p>\n<p><strong>64<\/strong><\/p>\n<p><strong>\u00a0<\/strong><\/p>\n<p><strong>\u00a0<\/strong><\/td>\n<\/tr>\n<tr>\n<td width=\"231\">Asili e Infanzie<\/td>\n<td width=\"148\">10<\/td>\n<td width=\"113\">0<\/td>\n<td width=\"66\">10<\/td>\n<\/tr>\n<tr>\n<td width=\"231\">Primarie<\/td>\n<td width=\"148\">16<\/td>\n<td width=\"113\">0<\/td>\n<td width=\"66\">16<\/td>\n<\/tr>\n<tr>\n<td width=\"231\">Secondaria di primo grado<\/td>\n<td width=\"148\">15<\/td>\n<td width=\"113\">2<\/td>\n<td width=\"66\">17<\/td>\n<\/tr>\n<tr>\n<td width=\"231\">Secondaria di secondo grado<\/td>\n<td width=\"148\">18<\/td>\n<td width=\"113\">3<\/td>\n<td width=\"66\">21<\/td>\n<\/tr>\n<tr>\n<td width=\"231\"><strong>TOTALE<\/strong><\/td>\n<td width=\"148\"><strong>59<\/strong><\/td>\n<td width=\"113\"><strong>5<\/strong><\/td>\n<td width=\"66\"><strong>64<\/strong><\/td>\n<\/tr>\n<\/tbody>\n<\/table>\n<p>&nbsp;<\/p>\n<p><strong>TOTALE (STIMA) SOGGETTI ATTUALMENTE IN CARICO: <\/strong>90 (+1062 in auto monitoraggio) cos\u00ec suddivisi: scuola dell\u2019infanzia 0 (+180 in auto monitoraggio), primarie 0 (+288 in auto monitoraggio), secondarie di I\u00b0 grado\u00a0 36 (+ 270 in auto monitoraggio), secondarie di II\u00b0 grado\u00a0 54 (+ 324 in auto monitoraggio). Alla luce della nuova normativa e della situazione epidemiologica attuale, si rileva un forte decremento (- 148) delle classi in sorveglianza scolastica rispetto alla precedente settimana. Si evidenzia un decremento di classi appartenenti a tutti i gradi di istituto. Si sottolinea uno spiccato decremento delle classi in quarantena rispetto a quelle in monitoraggio per tutti gradi di istituto, soprattutto per quel che riguarda le classi di scuole primarie e dell\u2019infanzia, dovuto al maggior numero di positivi necessari al provvedimento di quarantena secondo la nuova normativa. Le classi oggetto del presente report sono maggiormente localizzate nella zona di Belluno.<\/p>\n<p>&nbsp;<\/p>\n<p>&nbsp;<\/p>\n<hr \/>\n<p>&nbsp;<\/p>\n<blockquote>\n<h3>LA SETTIMANA DEL CUORE. GINNASTICA ONLINE E CONSULENZE TELEFONICHE<\/h3>\n<\/blockquote>\n<p><strong><a href=\"https:\/\/www.radiopiu.net\/wordpress\/sabato-la-cerimonia-di-premiazione-del-concorso-di-poesia-lamore-e\/cuore-legno\/\" rel=\"attachment wp-att-190601\"><img loading=\"lazy\" decoding=\"async\" class=\"size-medium wp-image-190601 alignleft\" src=\"https:\/\/www.radiopiu.net\/wordpress\/wp-content\/uploads\/2021\/02\/CUORE-LEGNO-300x182.jpg\" alt=\"\" width=\"300\" height=\"182\" srcset=\"https:\/\/www.radiopiu.net\/wordpress\/wp-content\/uploads\/2021\/02\/CUORE-LEGNO-300x182.jpg 300w, https:\/\/www.radiopiu.net\/wordpress\/wp-content\/uploads\/2021\/02\/CUORE-LEGNO-1024x620.jpg 1024w, https:\/\/www.radiopiu.net\/wordpress\/wp-content\/uploads\/2021\/02\/CUORE-LEGNO-768x465.jpg 768w, https:\/\/www.radiopiu.net\/wordpress\/wp-content\/uploads\/2021\/02\/CUORE-LEGNO-1536x930.jpg 1536w, https:\/\/www.radiopiu.net\/wordpress\/wp-content\/uploads\/2021\/02\/CUORE-LEGNO.jpg 1920w\" sizes=\"auto, (max-width: 300px) 100vw, 300px\" \/><\/a>BELLUNO <\/strong>In occasione della \u201csettimana del cuore\u201d le Cardiologie dell\u2019Ulss Dolomiti propongono una serie di appuntamenti per sensibilizzare sulla prevenzione cardiovascolare e promuovere l\u2019esercizio fisico. I Cardiologi di Belluno aderiscono all\u2019iniziativa \u201cPer il tuo cuore\u201d AMNCO e saranno disponibili a rispondere telefonicamente alle domande dei cittadini dal 17 al 20 febbraio dalle 14 alle 16 al numero 800 05 22 33. I Cardiologi di Feltre, in collaborazione con l\u2019Associazione Feltrina Amici del Cuore e le \u201cPalestre della salute\u201d, saranno presenti con uno stand informativo al mercato di Feltre marted\u00ec 15 febbraio in via Roma dalle 9 alle 12. Inoltre, sono stati organizzati due appuntamenti online per promuovere l\u2019esercizio fisico e la prevenzione cardiovascolare, vista la buona riuscita dell\u2019iniziativa dello scorso anno. Marted\u00ec 15 febbraio e mercoled\u00ec 23 febbraio alle 16.00 ci saranno delle sedute di esercizio fisico online tramite incontri in Google Meet della durata di un\u2019ora, con gli istruttori delle palestre aderenti al circuito \u201cPalestre della salute\u201d dell\u2019Ulss Dolomiti (Pi\u00f9 movimento, Emotion ed All Fit). Per partecipare ai meet non \u00e8 necessaria l\u2019iscrizione, basta cliccare sul link: <a href=\"https:\/\/meet.google.com\/fvf-fcmy-ibm\">https:\/\/meet.google.com\/fvf-fcmy-ibm<\/a><\/p>\n<p>&nbsp;<\/p>\n<p>&nbsp;<\/p>\n<hr \/>\n<p>&nbsp;<\/p>\n<blockquote>\n<h3>IERI LA TRENTESIMA GIORNATA DEL MALATO<\/h3>\n<\/blockquote>\n<p><strong><a href=\"https:\/\/www.radiopiu.net\/wordpress\/monoclonali-pronti-per-la-somministrazione-in-ulss-1-dolomiti\/ulss-1-2\/\" rel=\"attachment wp-att-198838\"><img loading=\"lazy\" decoding=\"async\" class=\"size-medium wp-image-198838 alignleft\" src=\"https:\/\/www.radiopiu.net\/wordpress\/wp-content\/uploads\/2021\/03\/ULSS-1-300x158.jpg\" alt=\"\" width=\"300\" height=\"158\" srcset=\"https:\/\/www.radiopiu.net\/wordpress\/wp-content\/uploads\/2021\/03\/ULSS-1-300x158.jpg 300w, https:\/\/www.radiopiu.net\/wordpress\/wp-content\/uploads\/2021\/03\/ULSS-1-768x404.jpg 768w, https:\/\/www.radiopiu.net\/wordpress\/wp-content\/uploads\/2021\/03\/ULSS-1.jpg 776w\" sizes=\"auto, (max-width: 300px) 100vw, 300px\" \/><\/a>BELLUNO <\/strong>Ieri si \u00e8 celebrato anche in Ulss Dolomiti la Giornata del Malato, memoria della Beata Vergine Maria di Lourdes, istituita da Giovanni Paolo II nel 1992 con lo scopo di testimoniare la vicinanza alle persone malate che si trovano nei luoghi di cura o che sono accuditi in famiglia. Il significato profondo della giornata vuole essere uno stimolo affinch\u00e9 alle migliori cure offerte, con scienza, sia sempre accompagnata una relazione con la persona malata, per accogliere la persona nella sua unicit\u00e0, con dignit\u00e0 anche nelle fragilit\u00e0. In Ulss Dolomiti ricordiamo spesso il valore di un sorriso, anche sotto le mascherine, di una carezza e soprattutto dell\u2019ascolto del paziente, della sua storia, delle sue ansie e delle sue paure, per mostrare interesse verso la persona prima che verso la sua malattia. Un pensiero anche per gli operatori sanitari con le\u00a0 parole del Santo Padre nel suo messaggio per questa giornata: \u201csiate consapevoli della grande dignit\u00e0 della vostra professione, come pure della responsabilit\u00e0 che comporta\u201d. Grazie, infine, al vescovo Renato e ai cappellani dei nostri ospedali, sempre vicini, in punta di piedi, alle persone malate con una parola di conforto e con le celebrazioni delle sante messe nei nostri ospedali.<\/p>\n<p>&nbsp;<\/p>\n<p>&nbsp;<\/p>\n<hr \/>\n<p>&nbsp;<\/p>\n<blockquote>\n<h3>STANZIAMENTI DEL FONDO NAZIONALE SOPRATTUTTO PER IL RIPRISTINO POST &#8211; VAIA<\/h3>\n<\/blockquote>\n<div>\n<p><a href=\"https:\/\/www.radiopiu.net\/wordpress\/la-grande-avventura-attraversare-il-corso-del-torrente-a-bitti\/7cd90b66-c73e-46ea-a575-a3f9c7f004a1\/\" rel=\"attachment wp-att-258807\"><img loading=\"lazy\" decoding=\"async\" class=\"wp-image-258807 alignleft\" src=\"https:\/\/www.radiopiu.net\/wordpress\/wp-content\/uploads\/2022\/02\/7cd90b66-c73e-46ea-a575-a3f9c7f004a1-300x248.jpg\" alt=\"\" width=\"233\" height=\"193\" srcset=\"https:\/\/www.radiopiu.net\/wordpress\/wp-content\/uploads\/2022\/02\/7cd90b66-c73e-46ea-a575-a3f9c7f004a1-300x248.jpg 300w, https:\/\/www.radiopiu.net\/wordpress\/wp-content\/uploads\/2022\/02\/7cd90b66-c73e-46ea-a575-a3f9c7f004a1-1024x845.jpg 1024w, https:\/\/www.radiopiu.net\/wordpress\/wp-content\/uploads\/2022\/02\/7cd90b66-c73e-46ea-a575-a3f9c7f004a1-768x634.jpg 768w, https:\/\/www.radiopiu.net\/wordpress\/wp-content\/uploads\/2022\/02\/7cd90b66-c73e-46ea-a575-a3f9c7f004a1-1536x1267.jpg 1536w, https:\/\/www.radiopiu.net\/wordpress\/wp-content\/uploads\/2022\/02\/7cd90b66-c73e-46ea-a575-a3f9c7f004a1.jpg 1600w\" sizes=\"auto, (max-width: 233px) 100vw, 233px\" \/><\/a><\/p>\n<p><strong>ROMA<\/strong>\u00a0 <em>\u201cLa montagna ha bisogno di messa in sicurezza e interventi contro le frane. Ben venga quindi l\u2019integrazione delle risorse per i Comuni interamente montani per il post-Vaia e per la prevenzione del dissesto idrogeologico\u201d.<\/em> Cos\u00ec il deputato Dario Bond, relativamente all\u2019individuazione dei beneficiari del Fondo nazionale integrativo per i Comuni montani.<span class=\"gmail-Apple-converted-space\">\u00a0<\/span>Gli interventi trasmessi dai Comuni superavano ampiamente le disponibilit\u00e0 del Fondo, per cui \u00e8 stato previsto l&#8217;impiego anche dell&#8217;annualit\u00e0 2020 per uno scorrimento delle graduatorie, portando cos\u00ec l&#8217;importo dei finanziamenti a 25 milioni di euro. Poi la Conferenza Unificata ha deciso di utilizzare anche l\u2019annualit\u00e0 2021 per effettuare lo scorrimento delle graduatorie, raggiungendo cos\u00ec una somma complessiva di quasi 34 milioni di euro.\u00a0 <em>\u201cIn questo modo &#8211; conclude Bond &#8211;\u00a0 rientrano anche quattro importanti interventi veneti, per un totale di 1 milione 896 mila euro, suddivisi tra l\u2019Unione Montana dei Sette Comuni, l\u2019Unione Montana Cadore-Longarone-Zoldo, il Comune di Valbrenta e il Comune di Perarolo di Cadore. Queste risorse sono fondamentali per le terre alte perch\u00e9 vanno ad agire proprio sulle esigenze specifiche della montagna, dalle ferite di Vaia alle frane\u201d.<\/em><\/p>\n<\/div>\n<p>&nbsp;<\/p>\n<p>&nbsp;<\/p>\n<hr \/>\n<blockquote>\n<h3><\/h3>\n<h3>TUTTE LE CLASSI DELL&#8217;ISTITUTO AGOSTI HANNO GIA&#8217; ADERITO A BICISCUOLA 2022<\/h3>\n<\/blockquote>\n<p><strong><a href=\"https:\/\/www.radiopiu.net\/wordpress\/giornale-radiopiu-12-febbraio-2022-direttore-mirko-mezzacasa\/th-316\/\" rel=\"attachment wp-att-259080\"><img loading=\"lazy\" decoding=\"async\" class=\" wp-image-259080 alignleft\" src=\"https:\/\/www.radiopiu.net\/wordpress\/wp-content\/uploads\/2022\/02\/th-7.jpg\" alt=\"\" width=\"205\" height=\"154\" \/><\/a>BELLUNO<\/strong> Biciscuola \u00e8 il\u00a0 progetto di RCS Sport giunto alla sua 21esima edizione. Obiettivo: sensibilizzare i pi\u00f9 piccoli all\u2019utilizzo della bicicletta per uno stile di vita sano, al fairplay sportivo, a un\u2019alimentazione equilibrata, all\u2019educazione stradale e alle regole della nuova mobilit\u00e0 sostenibile.\u00a0Un\u2019iniziativa che coinvolge i bambini delle scuole primarie (6-10 anni) situate nelle localit\u00e0 attraversate dal Giro d\u2019Italia.\u00a0 Novit\u00e0 di quest\u2019anno\u00a0 il coinvolgimento di Marco Martinelli, divulgatore scientifico e ricercatore affiliato della Scuola Superiore Sant&#8217;Anna di Pisa. \u00a0A lui RCS Sport ha affidato la realizzazione di video-tutorial di BICISCUOLA e la produzione di una serie di brevi filmati dedicati, che Martinelli diffonder\u00e0 anche sul profilo <a href=\"http:\/\/www.tiktok.com\/@marcoilgiallino\">www.tiktok.com\/@marcoilgiallino<\/a> oltre che su quelli del Giro d\u2019Italia. Agli alunni della classe partecipante al BICISCUOLA sar\u00e0 chiesto di realizzare degli elaborati creativi su uno dei seguenti argomenti: bicicletta \/ educazione stradale \/ educazione ambientale. In ogni citt\u00e0 di tappa (partenze e arrivi) verr\u00e0 premiata la classe che avr\u00e0 realizzato il miglior elaborato<\/p>\n<p>&nbsp;<\/p>\n<p>&nbsp;<\/p>\n<hr \/>\n<p>&nbsp;<\/p>\n<blockquote>\n<h3>MANUTENZIONE ALL\u2019ANELLO ANTINCENDIO: VIA AI LAVORI IN PISCINA<\/h3>\n<\/blockquote>\n<p><strong>BELLUNO <\/strong>Sono iniziati i lavori di manutenzione straordinaria all\u2019anello antincendio della piscina di Belluno. L\u2019intervento, resosi necessario per ragioni di sicurezza, coinvolge una piccola porzione del parcheggio e si protrarr\u00e0 per un breve periodo. Questo significa che, nei prossimi giorni, alcuni stalli di sosta verranno occupati dal cantiere. Certa della comprensione da parte degli utenti che raggiungeranno l\u2019impianto natatorio, la Sportivamente Belluno si scusa per eventuali e comunque momentanei disagi.<\/p>\n<p>&nbsp;<\/p>\n<p>&nbsp;<\/p>\n<hr \/>\n<p>&nbsp;<\/p>\n<blockquote>\n<h3>DAL PARCO I RECINTI PER PREVENIRE I DANNI DA LUPO<\/h3>\n<\/blockquote>\n<p><strong>FELTRE<\/strong> Il Parco Nazionale Dolomiti Bellunesi per \u00a0consentire anche ai piccoli allevatori amatoriali, che detengono pochi capi a scopo affettivo, di dotarsi di idonei strumenti di prevenzione, ha pubblicato un bando per la concessione, in comodato gratuito, di kit per la realizzazione di recinti elettrificati, idonei a circoscrivere un\u2019area compresa in un perimetro di circa 250 metri. L\u2019avviso \u00e8 rivolto agli allevatori amatoriali, intesi come soggetti che detengono pochi capi di bestiame per motivi d\u2019affezione e non per reddito conseguente, che non si configurano come titolari di Azienda agricola e che abbiano sede nel territorio dei Comuni del Parco Nazionale Dolomiti Bellunesi. Le domande vanno inviate entro il 7 marzo.<\/p>\n<p>&nbsp;<\/p>\n<p>&nbsp;<\/p>\n<hr \/>\n<p>&nbsp;<\/p>\n<blockquote>\n<h3>CREPADONA, PIAZZA DEI MARTIRI, CHIESE SPLENDIDI PALAZZI E LA PORTA DOJONA<\/h3>\n<\/blockquote>\n<p><strong>di\u00a0 RENATO BONA<\/strong><\/p>\n<p>Volentieri , sempre accompagnati dal libro-guida \u201cUna giornata a Belluno\u201d, edito nel dicembre 1993 dall\u2019Istituto bellunese di ricerche sociali e culturali (Bertoncello arti grafiche di Cittadella; testi del Gruppo operatori culturali con Andrea Basile, Sandra Bardin, Mariagrazia Bortot, Federico Bressan, Sergio Sacco; foto a colori di Giorgio Ghe; foto in bianco e nero di Gigetto De BortolI; cartina topografica dello studio tecnico dell\u2019architetto Roberto Reolon; traduzioni curate dalla scuola di lingue \u201cMarco Polo\u201d) visitiamo un\u2019altra porzione di \u201cBelluno citt\u00e0 splendente\u201d. Partiamo dal cinquecentesco Palazzo Crepadona (dove stanno per essere ultimati importanti lavori di restauro \u2013 ndr.) che il Comune ha destinato a Centro culturale polifunzionale. Si spiega che \u201cla composizione edilizia \u00e8 certamente veneziana. Ospita la Biblioteca civica, un salone per convegni e salette per riunioni. Il sottotetto, con il suggestivo gioco di antiche travature \u00e8 diventato saletta per audizioni e l\u2019\u2018altana\u2019 \u00e8 una meravigliosa balconata sulla Citt\u00e0\u201d. Ancora: Il bel cortile \u00e8 ornato da portici e sovrastato da splendidi loggiati, ora divenuti gallerie. E\u2019 di linee purissime e si sviluppa in forme inconsuete per permettere l\u2019accesso, attraverso la scala, al piano superiore. Ospita il Sarcofago di Flavio Ostilio e della moglie Domizia che era stato rinvenuto durante gli scavi di fondazione del campanile di Santo Stefano nel 1480. In proposito, una curiosit\u00e0:il sarcofago che ha ai lati scene di caccia, personaggi e ornamenti vari \u201cporta una scritta in latino con una chiusa in greco di sapore misterico, che suona: \u2018Sii vigile e rallegrati ricordando sempre i tuoi monti\u2019\u201d. Ed eccoci nella vicina Piazza dei Martiri che nei secoli ha avuto diversi nomi: dal \u201cCampo di Marte\u201d dell\u2019antichit\u00e0 a Piazza Campedel perch\u00e9 era il \u2018piccolo campo\u2019 a ridosso delle mura dove si svolgevano esercitazioni, fiere, mercati, parate, raduni; poi per quasi un secolo fu Piazza del Papa in onore del bellunese Gregorio XVI; infine Piazza dei Martiri a ricordo dei quattro partigiani impiccati dai tedeschi. Attualmente \u00e8 il centro commerciale della Citt\u00e0. Nella stessa piazza nel 1561 \u00e8 stata eretta la chiesa in onore di San Rocco \u201cper essere liberati dalla peste\u201d. Restaurata nel 1856, si presenta sulla piazza con una facciata di aspetto complessivamente rinascimentale, abbellita da due finestre allungate e dalla nicchia con la statua del Santo. Le pitture esterne, di ignoto frescante cinquecentesco, rappresentano la Crocifissione con i santi Rocco e Sebastiano e La Vergine con i santi Cosma e Damiano; sopra la porta una lunetta con \u201cBelluno nel \u2018500\u2019\u201d. All\u2019interno, a navata unica, varie importanti opere: Estasi di San Francesco, autore Gaspare Diziani, tabernacolo in legno di Valentino Panciera Besarel, un\u2019Assunzione, probabilmente realizzata da Cesare Vecellio; di Luigi Cima il San Giovanni Bosco nell\u2019altare di sinistra. Ancora in Piazza per Palazzo Cappellari della Colomba, famiglia di Papa Gregorio XVI, voluto dal nipote del pontefice e costruito nel 1836 su disegno del Segusini. Arriviamo al Teatro comunale, progettato dallo stesso Giuseppe Segusini e considerato \u201cedificio eminente\u201d, di concezione neoclassica con la facciata impostata su quattro poderose colonne con gradinate e atrio che \u201crichiamano lo stile di alcune ville venete\u201d. Di sapore settecentesco l\u2019attico superiore con 4 statue acquistate dagli eredi di Antonio Canova; i bassorilievi con Orfeo ed Euridice sono invece di Pietro Zandomeneghi. Poche decine di metri e siamo nella Piazza Santo Stefano dove sorge la Chiesa dei santi Biagio e Stefano \u201cuno dei monumenti pi\u00f9 prestigiosi della Citt\u00e0, collocata in una armoniosa piazzetta, caratterizzata da una fontana in pietra del 1573\u201d. Ignoto il progettista dell\u2019edificio sacro \u00e8 certo che la costruzione \u00e8 stata conclusa nel 1485. La facciata in pietra a vista \u00e8 ornata da un bel rosone lobato mentre due occhi, di diametro inferiore, sono posti a quota leggermente pi\u00f9 bassa. Le porte in bronzo sono dello scultore agordino Dante Moro e propongono scene della Genesi e del Nuovo Testamento. L\u2019interno: chiesa impostata su tre navate con \u201caspetto di suggestiva bellezza\u201d, ospita parecchi dipinti di pittori famosi come: Cesare Vecellio, Jacopo da Montagnana, Francesco Frigimelica il Vecchio, Agostino Ridolfi, Antonio Lazzarini. Due bellissimi angeli portalampade ed il piedestallo sono di Andrea Brustolon. Concludiamo con Porta Dojona e Palazzo Minerva. La prima chiamata Dojona in onore di un vescovo \u00e8 conosciuta anche come \u201cPorta delle catene\u201d per l\u2019antica presenza del ponte levatoio. Costruita nel 1553 \u00e8 in stile rinascimentale come confermano le colonne su alti piedistalli, l\u2019architrave lavorato a triglifi, le due cariatidi ai lati del leone di San Marco. L\u2019alternanza di vuoti e pieni, quindi di luci ed ombre \u201cd\u00e0 un senso di severit\u00e0 all\u2019insieme\u201d. La parte sud ha ancora due antichissimi portali. Il \u201c\u201dMinerva\u201d: palazzo costruito a fine Settecento su disegno di Francesco Maria Preti. Per un certo periodo sede del cenacolo dei poeti e letterati, l\u2019accademia degli Anistamici (o Risorti) \u201cche tanto lustro hanno dato, allora, alla Citt\u00e0. La facciata \u00e8 dimensionata dal portico e dal timpano triangolare, caratterizzata da regolari quadrature formate da linee orizzontali e colonne; \u00e8 abbellita da molti ornamenti in pietra, come i simboli a bassorilievo sulla trabeazione a mo\u2019 di triglifi e metope dei templi greci, con oggetti vari: vomere, innesto, compasso, squadra, cannocchiale, mappamondo, vanga, ruota.<\/p>\n\n\t\t\t<style type='text\/css'>\n\t\t\t\t#gallery-5 {\n\t\t\t\t\tmargin: auto;\n\t\t\t\t}\n\t\t\t\t#gallery-5 .gallery-item {\n\t\t\t\t\tfloat: left;\n\t\t\t\t\tmargin-top: 10px;\n\t\t\t\t\ttext-align: center;\n\t\t\t\t\twidth: 20%;\n\t\t\t\t}\n\t\t\t\t#gallery-5 img {\n\t\t\t\t\tborder: 2px solid #cfcfcf;\n\t\t\t\t}\n\t\t\t\t#gallery-5 .gallery-caption {\n\t\t\t\t\tmargin-left: 0;\n\t\t\t\t}\n\t\t\t\t\/* see gallery_shortcode() in wp-includes\/media.php *\/\n\t\t\t<\/style>\n\t\t<div id='gallery-5' class='dt-gallery-container gallery galleryid-259016 gallery-columns-5 gallery-size-thumbnail'><dl class='gallery-item'>\n\t\t\t\t<dt class='gallery-icon portrait'>\n\t\t\t\t\t<a class=\"rollover rollover-zoom dt-pswp-item\" title=\"272542469_717561845895590_1278220179377723535_n\" data-dt-img-description=\"\" data-large_image_width=\"189\" data-large_image_height=\"206\"href='https:\/\/www.radiopiu.net\/wordpress\/wp-content\/uploads\/2022\/02\/272542469_717561845895590_1278220179377723535_n.jpg'><img loading=\"lazy\" decoding=\"async\" width=\"150\" height=\"150\" src=\"https:\/\/www.radiopiu.net\/wordpress\/wp-content\/uploads\/2022\/02\/272542469_717561845895590_1278220179377723535_n-150x150.jpg\" class=\"attachment-thumbnail size-thumbnail\" alt=\"\" \/><\/a>\n\t\t\t\t<\/dt><\/dl><dl class='gallery-item'>\n\t\t\t\t<dt class='gallery-icon portrait'>\n\t\t\t\t\t<a class=\"rollover rollover-zoom dt-pswp-item\" title=\"259626334_249811563866560_1289951281896007185_n\" data-dt-img-description=\"\" data-large_image_width=\"154\" data-large_image_height=\"240\"href='https:\/\/www.radiopiu.net\/wordpress\/wp-content\/uploads\/2022\/02\/259626334_249811563866560_1289951281896007185_n.jpg'><img loading=\"lazy\" decoding=\"async\" width=\"150\" height=\"150\" src=\"https:\/\/www.radiopiu.net\/wordpress\/wp-content\/uploads\/2022\/02\/259626334_249811563866560_1289951281896007185_n-150x150.jpg\" class=\"attachment-thumbnail size-thumbnail\" alt=\"\" \/><\/a>\n\t\t\t\t<\/dt><\/dl><dl class='gallery-item'>\n\t\t\t\t<dt class='gallery-icon portrait'>\n\t\t\t\t\t<a class=\"rollover rollover-zoom dt-pswp-item\" title=\"272810978_640417167068797_5963711573743187429_n\" data-dt-img-description=\"\" data-large_image_width=\"150\" data-large_image_height=\"247\"href='https:\/\/www.radiopiu.net\/wordpress\/wp-content\/uploads\/2022\/02\/272810978_640417167068797_5963711573743187429_n.jpg'><img loading=\"lazy\" decoding=\"async\" width=\"150\" height=\"150\" src=\"https:\/\/www.radiopiu.net\/wordpress\/wp-content\/uploads\/2022\/02\/272810978_640417167068797_5963711573743187429_n-150x150.jpg\" class=\"attachment-thumbnail size-thumbnail\" alt=\"\" \/><\/a>\n\t\t\t\t<\/dt><\/dl><dl class='gallery-item'>\n\t\t\t\t<dt class='gallery-icon portrait'>\n\t\t\t\t\t<a class=\"rollover rollover-zoom dt-pswp-item\" title=\"272603884_353420856647512_2288250499739726066_n\" data-dt-img-description=\"\" data-large_image_width=\"155\" data-large_image_height=\"240\"href='https:\/\/www.radiopiu.net\/wordpress\/wp-content\/uploads\/2022\/02\/272603884_353420856647512_2288250499739726066_n.jpg'><img loading=\"lazy\" decoding=\"async\" width=\"150\" height=\"150\" src=\"https:\/\/www.radiopiu.net\/wordpress\/wp-content\/uploads\/2022\/02\/272603884_353420856647512_2288250499739726066_n-150x150.jpg\" class=\"attachment-thumbnail size-thumbnail\" alt=\"\" \/><\/a>\n\t\t\t\t<\/dt><\/dl><dl class='gallery-item'>\n\t\t\t\t<dt class='gallery-icon portrait'>\n\t\t\t\t\t<a class=\"rollover rollover-zoom dt-pswp-item\" title=\"272845163_2782638915374630_766570921734043888_n\" data-dt-img-description=\"\" data-large_image_width=\"149\" data-large_image_height=\"206\"href='https:\/\/www.radiopiu.net\/wordpress\/wp-content\/uploads\/2022\/02\/272845163_2782638915374630_766570921734043888_n.jpg'><img loading=\"lazy\" decoding=\"async\" width=\"149\" height=\"150\" src=\"https:\/\/www.radiopiu.net\/wordpress\/wp-content\/uploads\/2022\/02\/272845163_2782638915374630_766570921734043888_n-149x150.jpg\" class=\"attachment-thumbnail size-thumbnail\" alt=\"\" \/><\/a>\n\t\t\t\t<\/dt><\/dl><br style=\"clear: both\" \/><dl class='gallery-item'>\n\t\t\t\t<dt class='gallery-icon portrait'>\n\t\t\t\t\t<a class=\"rollover rollover-zoom dt-pswp-item\" title=\"272790609_658000265521897_8964554932680849623_n\" data-dt-img-description=\"\" data-large_image_width=\"158\" data-large_image_height=\"240\"href='https:\/\/www.radiopiu.net\/wordpress\/wp-content\/uploads\/2022\/02\/272790609_658000265521897_8964554932680849623_n.jpg'><img loading=\"lazy\" decoding=\"async\" width=\"150\" height=\"150\" src=\"https:\/\/www.radiopiu.net\/wordpress\/wp-content\/uploads\/2022\/02\/272790609_658000265521897_8964554932680849623_n-150x150.jpg\" class=\"attachment-thumbnail size-thumbnail\" alt=\"\" \/><\/a>\n\t\t\t\t<\/dt><\/dl><dl class='gallery-item'>\n\t\t\t\t<dt class='gallery-icon portrait'>\n\t\t\t\t\t<a class=\"rollover rollover-zoom dt-pswp-item\" title=\"258881098_643141436741528_231906692097533813_n\" data-dt-img-description=\"\" data-large_image_width=\"153\" data-large_image_height=\"225\"href='https:\/\/www.radiopiu.net\/wordpress\/wp-content\/uploads\/2022\/02\/258881098_643141436741528_231906692097533813_n.jpg'><img loading=\"lazy\" decoding=\"async\" width=\"150\" height=\"150\" src=\"https:\/\/www.radiopiu.net\/wordpress\/wp-content\/uploads\/2022\/02\/258881098_643141436741528_231906692097533813_n-150x150.jpg\" class=\"attachment-thumbnail size-thumbnail\" alt=\"\" \/><\/a>\n\t\t\t\t<\/dt><\/dl><dl class='gallery-item'>\n\t\t\t\t<dt class='gallery-icon portrait'>\n\t\t\t\t\t<a class=\"rollover rollover-zoom dt-pswp-item\" title=\"272790609_3154851831429362_3005943237438255196_n\" data-dt-img-description=\"\" data-large_image_width=\"152\" data-large_image_height=\"240\"href='https:\/\/www.radiopiu.net\/wordpress\/wp-content\/uploads\/2022\/02\/272790609_3154851831429362_3005943237438255196_n.jpg'><img loading=\"lazy\" decoding=\"async\" width=\"150\" height=\"150\" src=\"https:\/\/www.radiopiu.net\/wordpress\/wp-content\/uploads\/2022\/02\/272790609_3154851831429362_3005943237438255196_n-150x150.jpg\" class=\"attachment-thumbnail size-thumbnail\" alt=\"\" \/><\/a>\n\t\t\t\t<\/dt><\/dl><dl class='gallery-item'>\n\t\t\t\t<dt class='gallery-icon portrait'>\n\t\t\t\t\t<a class=\"rollover rollover-zoom dt-pswp-item\" title=\"272780371_1537946313245806_3470945507959287910_n\" data-dt-img-description=\"\" data-large_image_width=\"160\" data-large_image_height=\"199\"href='https:\/\/www.radiopiu.net\/wordpress\/wp-content\/uploads\/2022\/02\/272780371_1537946313245806_3470945507959287910_n.jpg'><img loading=\"lazy\" decoding=\"async\" width=\"150\" height=\"150\" src=\"https:\/\/www.radiopiu.net\/wordpress\/wp-content\/uploads\/2022\/02\/272780371_1537946313245806_3470945507959287910_n-150x150.jpg\" class=\"attachment-thumbnail size-thumbnail\" alt=\"\" \/><\/a>\n\t\t\t\t<\/dt><\/dl><dl class='gallery-item'>\n\t\t\t\t<dt class='gallery-icon portrait'>\n\t\t\t\t\t<a class=\"rollover rollover-zoom dt-pswp-item\" title=\"273072366_1411092435974920_3377185812376272564_n\" data-dt-img-description=\"\" data-large_image_width=\"173\" data-large_image_height=\"200\"href='https:\/\/www.radiopiu.net\/wordpress\/wp-content\/uploads\/2022\/02\/273072366_1411092435974920_3377185812376272564_n.jpg'><img loading=\"lazy\" decoding=\"async\" width=\"150\" height=\"150\" src=\"https:\/\/www.radiopiu.net\/wordpress\/wp-content\/uploads\/2022\/02\/273072366_1411092435974920_3377185812376272564_n-150x150.jpg\" class=\"attachment-thumbnail size-thumbnail\" alt=\"\" \/><\/a>\n\t\t\t\t<\/dt><\/dl><br style=\"clear: both\" \/><dl class='gallery-item'>\n\t\t\t\t<dt class='gallery-icon portrait'>\n\t\t\t\t\t<a class=\"rollover rollover-zoom dt-pswp-item\" title=\"273180898_1554019831651097_6503314268653693847_n\" data-dt-img-description=\"\" data-large_image_width=\"151\" data-large_image_height=\"225\"href='https:\/\/www.radiopiu.net\/wordpress\/wp-content\/uploads\/2022\/02\/273180898_1554019831651097_6503314268653693847_n.jpg'><img loading=\"lazy\" decoding=\"async\" width=\"150\" height=\"150\" src=\"https:\/\/www.radiopiu.net\/wordpress\/wp-content\/uploads\/2022\/02\/273180898_1554019831651097_6503314268653693847_n-150x150.jpg\" class=\"attachment-thumbnail size-thumbnail\" alt=\"\" \/><\/a>\n\t\t\t\t<\/dt><\/dl><dl class='gallery-item'>\n\t\t\t\t<dt class='gallery-icon portrait'>\n\t\t\t\t\t<a class=\"rollover rollover-zoom dt-pswp-item\" title=\"272945300_1080162829195878_318715681486545064_n\" data-dt-img-description=\"\" data-large_image_width=\"152\" data-large_image_height=\"225\"href='https:\/\/www.radiopiu.net\/wordpress\/wp-content\/uploads\/2022\/02\/272945300_1080162829195878_318715681486545064_n.jpg'><img loading=\"lazy\" decoding=\"async\" width=\"150\" height=\"150\" src=\"https:\/\/www.radiopiu.net\/wordpress\/wp-content\/uploads\/2022\/02\/272945300_1080162829195878_318715681486545064_n-150x150.jpg\" class=\"attachment-thumbnail size-thumbnail\" alt=\"\" \/><\/a>\n\t\t\t\t<\/dt><\/dl><dl class='gallery-item'>\n\t\t\t\t<dt class='gallery-icon portrait'>\n\t\t\t\t\t<a class=\"rollover rollover-zoom dt-pswp-item\" title=\"273820320_3202931860025730_2877980558460761455_n\" data-dt-img-description=\"\" data-large_image_width=\"154\" data-large_image_height=\"225\"href='https:\/\/www.radiopiu.net\/wordpress\/wp-content\/uploads\/2022\/02\/273820320_3202931860025730_2877980558460761455_n.jpg'><img loading=\"lazy\" decoding=\"async\" width=\"150\" height=\"150\" src=\"https:\/\/www.radiopiu.net\/wordpress\/wp-content\/uploads\/2022\/02\/273820320_3202931860025730_2877980558460761455_n-150x150.jpg\" class=\"attachment-thumbnail size-thumbnail\" alt=\"\" \/><\/a>\n\t\t\t\t<\/dt><\/dl><dl class='gallery-item'>\n\t\t\t\t<dt class='gallery-icon portrait'>\n\t\t\t\t\t<a class=\"rollover rollover-zoom dt-pswp-item\" title=\"272486759_361476848860940_5288357686061055823_n\" data-dt-img-description=\"\" data-large_image_width=\"158\" data-large_image_height=\"240\"href='https:\/\/www.radiopiu.net\/wordpress\/wp-content\/uploads\/2022\/02\/272486759_361476848860940_5288357686061055823_n.jpg'><img loading=\"lazy\" decoding=\"async\" width=\"150\" height=\"150\" src=\"https:\/\/www.radiopiu.net\/wordpress\/wp-content\/uploads\/2022\/02\/272486759_361476848860940_5288357686061055823_n-150x150.jpg\" class=\"attachment-thumbnail size-thumbnail\" alt=\"\" \/><\/a>\n\t\t\t\t<\/dt><\/dl><dl class='gallery-item'>\n\t\t\t\t<dt class='gallery-icon portrait'>\n\t\t\t\t\t<a class=\"rollover rollover-zoom dt-pswp-item\" title=\"272843014_362348552393238_7549406197550866043_n\" data-dt-img-description=\"\" data-large_image_width=\"200\" data-large_image_height=\"206\"href='https:\/\/www.radiopiu.net\/wordpress\/wp-content\/uploads\/2022\/02\/272843014_362348552393238_7549406197550866043_n.jpg'><img loading=\"lazy\" decoding=\"async\" width=\"150\" height=\"150\" src=\"https:\/\/www.radiopiu.net\/wordpress\/wp-content\/uploads\/2022\/02\/272843014_362348552393238_7549406197550866043_n-150x150.jpg\" class=\"attachment-thumbnail size-thumbnail\" alt=\"\" \/><\/a>\n\t\t\t\t<\/dt><\/dl><br style=\"clear: both\" \/>\n\t\t\t<\/div>\n\n<p>&nbsp;<\/p>\n<hr \/>\n<p>&nbsp;<\/p>\n<blockquote>\n<h3>XXII GIORNATA DI RACCOLTA DEL FARMACO.\u00a0 FINO AL 14 FEBBRAIO IN 512 FARMACIE DEL VENETO<\/h3>\n<\/blockquote>\n<p><strong><a href=\"https:\/\/www.radiopiu.net\/wordpress\/giornale-radiopiu-08-febbraio-2022-direttore-mirko-mezzacasa\/295-2022-logo-giornata-raccolta-farmaco-2022\/\" rel=\"attachment wp-att-258368\"><img loading=\"lazy\" decoding=\"async\" class=\" wp-image-258368 alignleft\" src=\"https:\/\/www.radiopiu.net\/wordpress\/wp-content\/uploads\/2022\/02\/295-2022-Logo-Giornata-Raccolta-Farmaco-2022-300x92.jpg\" alt=\"\" width=\"271\" height=\"83\" srcset=\"https:\/\/www.radiopiu.net\/wordpress\/wp-content\/uploads\/2022\/02\/295-2022-Logo-Giornata-Raccolta-Farmaco-2022-300x92.jpg 300w, https:\/\/www.radiopiu.net\/wordpress\/wp-content\/uploads\/2022\/02\/295-2022-Logo-Giornata-Raccolta-Farmaco-2022-1024x313.jpg 1024w, https:\/\/www.radiopiu.net\/wordpress\/wp-content\/uploads\/2022\/02\/295-2022-Logo-Giornata-Raccolta-Farmaco-2022-768x235.jpg 768w, https:\/\/www.radiopiu.net\/wordpress\/wp-content\/uploads\/2022\/02\/295-2022-Logo-Giornata-Raccolta-Farmaco-2022-1536x469.jpg 1536w, https:\/\/www.radiopiu.net\/wordpress\/wp-content\/uploads\/2022\/02\/295-2022-Logo-Giornata-Raccolta-Farmaco-2022.jpg 1800w\" sizes=\"auto, (max-width: 271px) 100vw, 271px\" \/><\/a>VENEZIA<\/strong>\u00a0 Fino ad oggi:\u00a0 \u00a0Giornata di Raccolta del Farmaco, l\u2019iniziativa di solidariet\u00e0 che quest\u2019anno \u00e8 alla XXII edizione. In 512 farmacie di tutto il Veneto, riconoscibili dall\u2019apposita locandina, sar\u00e0 possibile acquistare farmaci da banco destinati a 110 enti caritativi attivi sul territorio regionale. Si tratta di enti convenzionati con la Fondazione Banco Farmaceutico Onlus che assistono 70 mila bisognosi.<\/p>\n<p>&nbsp;<\/p>\n<p>&nbsp;<\/p>\n<hr \/>\n<p>&nbsp;<\/p>\n<blockquote>\n<h3>LA GUARDIA DI FINANZA APRE AL CONCORSO\u00a0 PER 12 ESECUTORI E\u00a0 1 ARCHIVISTA DELLA BANDA <span dir=\"ltr\" role=\"presentation\">MUSICALE\u00a0<\/span><\/h3>\n<\/blockquote>\n<p><br role=\"presentation\" \/><span dir=\"ltr\" role=\"presentation\">Possono partecipare i cittadini italiani di et\u00e0 compresa fra i 18 e i 40 anni in possesso, oltre che del<\/span><br role=\"presentation\" \/><span dir=\"ltr\" role=\"presentation\">diploma di istruzione secondaria di secondo grado, anche di idoneo titolo di studio. Presentazione delle domande entro le 12 del 28 febbraio <\/span><span dir=\"ltr\" role=\"presentation\">\u00a0esclusivamente mediante la procedura <\/span><span dir=\"ltr\" role=\"presentation\">telematica disponibile sul portale attivo all\u2019indirizzo \u201chttps:\/\/concorsi.gdf.gov.it\u201d.<\/span><\/p>\n<p>&nbsp;<\/p>\n<hr \/>\n<p>&nbsp;<\/p>\n<blockquote>\n<h3>LILT IN ASSEMBLEA<\/h3>\n<\/blockquote>\n<p><strong>BELLUNO<\/strong> L&#8217;assemblea dei soci della Lilt Belluno\u00a0 (Lega italiana per la lotta contro i tumori) si terr\u00e0 mercoled\u00ec\u00a0 alle 17.30\u00a0 nella sala riunioni della Casa delle associazioni in via del Piave. All&#8217;ordine del giorno la relazione delle attivit\u00e0, l&#8217;anticipazione dei progetti peril 2022\u00a0 e l&#8217;approvazione del bilancio consuntivo 2021. La capienza della sala \u00e8 di massimo 15 posti per cui \u00e8 prevista la possibilit\u00e0 di un collegamento online su richiesta allo 0437 944952 o scrivendo a belluno@lilt.it; per accedere alla sala \u00e8 obbligatorio il Green Pass rafforzato.<\/p>\n<p>&nbsp;<\/p>\n<p>&nbsp;<\/p>\n<hr \/>\n<p>&nbsp;<\/p>\n<blockquote>\n<h3>IN VAL DI ZOLDO CON IL CAI DI AGORDO<\/h3>\n<\/blockquote>\n<p><strong>AGORDO<\/strong> Domani il Cai di Agordo organizza un&#8217;escursione in Val di Zoldo. Lo Spiz de Zuel oltre ad essere uno splendido balcone sulla Val Zoldana e tutto il circondario, venne considerato un posto strategico per una eventuale guerra con l&#8217;Impero Austroungarico e perci\u00f2 fortificato. Salire quass\u00f9 in inverno significa anche immedesimarsi su quali potessero essere le condizioni di vita delle truppe durante quei lunghi e terribili inverni. Escursione classificata EAI -F. Obbligatorio kit di autosoccorso.<\/p>\n<p><strong>di Gianni Santomaso<\/strong><\/p>\n<audio class=\"wp-audio-shortcode\" id=\"audio-259016-4\" preload=\"none\" style=\"width: 100%;\" controls=\"controls\"><source type=\"audio\/mpeg\" src=\"https:\/\/www.radiopiu.net\/wordpress\/wp-content\/uploads\/2022\/02\/GIANNI-CAI-AGORDO.mp3?_=4\" \/><a href=\"https:\/\/www.radiopiu.net\/wordpress\/wp-content\/uploads\/2022\/02\/GIANNI-CAI-AGORDO.mp3\">https:\/\/www.radiopiu.net\/wordpress\/wp-content\/uploads\/2022\/02\/GIANNI-CAI-AGORDO.mp3<\/a><\/audio>\n<p>&nbsp;<\/p>\n<hr \/>\n<p>&nbsp;<\/p>\n<blockquote>\n<h3>IL PATTINAGGIO PER IL PUBBLICO AD ALLEGHE, GLI ORARI DEL FINE SETTIMANA<\/h3>\n<\/blockquote>\n<p><strong>ALLEGHE<\/strong>: Il palaghiaccio Alvise De Toni apre al pubblico (con noleggio pattini) oggi dalle 16.30 alle 18.30 e domani dalle 14.30 alle 16.30<\/p>\n<p><strong>\u00a0<\/strong><\/p>\n<hr \/>\n<p>&nbsp;<\/p>\n<blockquote>\n<h3>SABATO 26 FEBBRAIO CARNEVALE A SOSPIROLO<\/h3>\n<\/blockquote>\n<p><strong>SOSPIROLO<\/strong>\u00a0 Sabato 26 febbraio al Centro civico di Sospirolo alle 15 con la \u00a0Proloco Monti del Sole e il \u00a0patrocinio del Comune di Sospirolo \u00a0tradizionale appuntamento con\u00a0 Carnevale dei bambini.\u00a0 * Spettacolo\u00a0\u00a0\u201cChe occhi Grandi che Hai! Manuale di corteggiamento per Lupi e affini\u201d\u00a0 \u00a0 con Cristina Gianni e Davide De Bona di Teatro Piteco.\u00a0 A seguire all&#8217;aperto la sfilata delle mascherine<\/p>\n<p>&nbsp;<\/p>\n<hr \/>\n<p>&nbsp;<\/p>\n<h2><span style=\"color: #ff0000;\">IERI ALLA RADIO\u00a0<\/span><\/h2>\n<blockquote>\n<h3>INVERNO 2022: LO ZERO TERMICO\u00a0 \u00a0E&#8217;&#8230;.A RADIO PIU&#8217;.<\/h3>\n<h3>25^ PUNTATA<\/h3>\n<p><span style=\"color: #ff0000;\"><em><a href=\"https:\/\/www.radiopiu.net\/wordpress\/giornale-radiopiu-11-maggio-2021-direttore-mirko-mezzacasa\/anselmo-cagnati_cani-slitta_06\/\" rel=\"attachment wp-att-208962\"><img loading=\"lazy\" decoding=\"async\" class=\"wp-image-208962 alignleft\" src=\"https:\/\/www.radiopiu.net\/wordpress\/wp-content\/uploads\/2021\/05\/Anselmo-Cagnati_cani-slitta_06-300x200.jpg\" alt=\"\" width=\"230\" height=\"153\" srcset=\"https:\/\/www.radiopiu.net\/wordpress\/wp-content\/uploads\/2021\/05\/Anselmo-Cagnati_cani-slitta_06-300x200.jpg 300w, https:\/\/www.radiopiu.net\/wordpress\/wp-content\/uploads\/2021\/05\/Anselmo-Cagnati_cani-slitta_06-1024x683.jpg 1024w, https:\/\/www.radiopiu.net\/wordpress\/wp-content\/uploads\/2021\/05\/Anselmo-Cagnati_cani-slitta_06-768x512.jpg 768w, https:\/\/www.radiopiu.net\/wordpress\/wp-content\/uploads\/2021\/05\/Anselmo-Cagnati_cani-slitta_06.jpg 1200w\" sizes=\"auto, (max-width: 230px) 100vw, 230px\" \/><\/a>ZERO TERMICO E&#8217; UN VIAGGIO ALLA SCOPERTA DEL NOSTRO TERRITORIO, DALLA VOCE DEI PROTAGONISTI. TURISMO, SPORT, EVENTI, CULTURA, INTRATTENIMENTO. DAL LUNEDI&#8217; AL VENERDI ALLE 15.10 ALLE 20.30. ZERO TERMICO. UN APPUNTAMENTO IN COLLABORAZIONE CON: SPORT 203. LA NATURALE PORTA D&#8217;INGRESSO&#8230;.VERSO LO ZERO TERMICO. LOCALITA&#8217; LE CAMPE STRADA AGORDO BBELLUNO. ABBIGLIAMENTO E ATTREZZATURA&#8230;.DEDICATI A CHI AMA LA MONTAGNA.<\/em><\/span><\/p><\/blockquote>\n<p><strong>di Claudio Fontanive\u00a0<\/strong><\/p>\n<p><strong>PUNTATA 05 DELL&#8217;11 FEBBRAIO 2022 CON ANSELMO CANGATI E TULLIOLA ROMANO GARGARELLA\u00a0<\/strong><\/p>\n<audio class=\"wp-audio-shortcode\" id=\"audio-259016-5\" preload=\"none\" style=\"width: 100%;\" controls=\"controls\"><source type=\"audio\/mpeg\" src=\"https:\/\/www.radiopiu.net\/wordpress\/wp-content\/uploads\/2022\/02\/tulliola-anselmo-11-febbraio.mp3?_=5\" \/><a href=\"https:\/\/www.radiopiu.net\/wordpress\/wp-content\/uploads\/2022\/02\/tulliola-anselmo-11-febbraio.mp3\">https:\/\/www.radiopiu.net\/wordpress\/wp-content\/uploads\/2022\/02\/tulliola-anselmo-11-febbraio.mp3<\/a><\/audio>\n<p>&nbsp;<\/p>\n<p><strong>LA RACCOLTA<\/strong><\/p>\n<blockquote class=\"wp-embedded-content\" data-secret=\"OsQw9eUOpf\"><p><a href=\"https:\/\/www.radiopiu.net\/wordpress\/laquartapuntata\/\">LE AVVENTURE AL GRANDE NORD, CON ANSELMO &#8220;MUSHER&#8221; CAGNATI, QUARTA PUNTATA<\/a><\/p><\/blockquote>\n<p><iframe loading=\"lazy\" class=\"wp-embedded-content\" sandbox=\"allow-scripts\" security=\"restricted\" style=\"position: absolute; clip: rect(1px, 1px, 1px, 1px);\" title=\"&#8220;LE AVVENTURE AL GRANDE NORD, CON ANSELMO &#8220;MUSHER&#8221; CAGNATI, QUARTA PUNTATA&#8221; &#8212; Radio Pi\u00f9\" src=\"https:\/\/www.radiopiu.net\/wordpress\/laquartapuntata\/embed\/#?secret=OsQw9eUOpf\" data-secret=\"OsQw9eUOpf\" width=\"600\" height=\"338\" frameborder=\"0\" marginwidth=\"0\" marginheight=\"0\" scrolling=\"no\"><\/iframe><\/p>\n<p>&nbsp;<\/p>\n<p>&nbsp;<\/p>\n<p>&nbsp;<\/p>\n<hr \/>\n<p>&nbsp;<\/p>\n<p><strong>TUTTI I LUNEDI ALLE 10,30 E 1900, LA DOMENICA ALLE 8 007 IN CONDOTTA, LA SCUOLA CON LA PROF. MARIA ROSA SALMAZO E CLAUDIO FONTANIVE, IN PODCAST TUTTE LE PUNTATE DELLE ULTIME STAGIONI.<\/strong><\/p>\n<p>&nbsp;<\/p>\n<blockquote class=\"wp-embedded-content\" data-secret=\"W9cYsc8Bnf\"><p><a href=\"https:\/\/www.radiopiu.net\/wordpress\/007incondotta-9\/\">007 in condotta<\/a><\/p><\/blockquote>\n<p><iframe loading=\"lazy\" class=\"wp-embedded-content\" sandbox=\"allow-scripts\" security=\"restricted\" style=\"position: absolute; clip: rect(1px, 1px, 1px, 1px);\" title=\"&#8220;007 in condotta&#8221; &#8212; Radio Pi\u00f9\" src=\"https:\/\/www.radiopiu.net\/wordpress\/007incondotta-9\/embed\/#?secret=W9cYsc8Bnf\" data-secret=\"W9cYsc8Bnf\" width=\"600\" height=\"338\" frameborder=\"0\" marginwidth=\"0\" marginheight=\"0\" scrolling=\"no\"><\/iframe><\/p>\n<p>&nbsp;<\/p>\n<hr \/>\n<p>&nbsp;<\/p>\n<blockquote class=\"wp-embedded-content\" data-secret=\"JoxuwjcWVv\"><p><a href=\"https:\/\/www.radiopiu.net\/wordpress\/mensileagoa\/\">IL RICORDO DEL &#8220;PAMPO&#8221;, IL PROF. FRANCO PAMPOLINI<\/a><\/p><\/blockquote>\n<p><iframe loading=\"lazy\" class=\"wp-embedded-content\" sandbox=\"allow-scripts\" security=\"restricted\" style=\"position: absolute; clip: rect(1px, 1px, 1px, 1px);\" title=\"&#8220;IL RICORDO DEL &#8220;PAMPO&#8221;, IL PROF. FRANCO PAMPOLINI&#8221; &#8212; Radio Pi\u00f9\" src=\"https:\/\/www.radiopiu.net\/wordpress\/mensileagoa\/embed\/#?secret=JoxuwjcWVv\" data-secret=\"JoxuwjcWVv\" width=\"600\" height=\"338\" frameborder=\"0\" marginwidth=\"0\" marginheight=\"0\" scrolling=\"no\"><\/iframe><\/p>\n<p>&nbsp;<\/p>\n<hr \/>\n<p>&nbsp;<\/p>\n<p>&nbsp;<\/p>\n<blockquote class=\"wp-embedded-content\" data-secret=\"Y8zJaqVNzQ\"><p><a href=\"https:\/\/www.radiopiu.net\/wordpress\/raccoltaso1\/\">LA RACCOLTA: 160 BATTUTE&#8230;SMS IN RIVA, di Sostene Schena<\/a><\/p><\/blockquote>\n<p><iframe loading=\"lazy\" class=\"wp-embedded-content\" sandbox=\"allow-scripts\" security=\"restricted\" style=\"position: absolute; clip: rect(1px, 1px, 1px, 1px);\" title=\"&#8220;LA RACCOLTA: 160 BATTUTE&#8230;SMS IN RIVA, di Sostene Schena&#8221; &#8212; Radio Pi\u00f9\" src=\"https:\/\/www.radiopiu.net\/wordpress\/raccoltaso1\/embed\/#?secret=Y8zJaqVNzQ\" data-secret=\"Y8zJaqVNzQ\" width=\"600\" height=\"338\" frameborder=\"0\" marginwidth=\"0\" marginheight=\"0\" scrolling=\"no\"><\/iframe><\/p>\n<p>&nbsp;<\/p>\n<hr \/>\n<p>&nbsp;<\/p>\n<div>\n<div class=\"b654a4as d2edcug0\">\n<div class=\"rq0escxv hkbzh7o3 jwdofwj8 n8tt0mok r8blr3vg hyh9befq\">\n<p><a class=\"dt-pswp-item\" href=\"https:\/\/www.radiopiu.net\/wordpress\/wp-content\/uploads\/2020\/10\/pp.jpg\" data-dt-img-description=\"\" data-large_image_width=\"640\" data-large_image_height=\"640\"><img loading=\"lazy\" decoding=\"async\" class=\"wp-image-163678 alignleft\" src=\"https:\/\/www.radiopiu.net\/wordpress\/wp-content\/uploads\/2020\/10\/pp-300x300.jpg\" alt=\"\" width=\"106\" height=\"106\" srcset=\"https:\/\/www.radiopiu.net\/wordpress\/wp-content\/uploads\/2020\/10\/pp-300x300.jpg 300w, https:\/\/www.radiopiu.net\/wordpress\/wp-content\/uploads\/2020\/10\/pp-150x150.jpg 150w, https:\/\/www.radiopiu.net\/wordpress\/wp-content\/uploads\/2020\/10\/pp-125x125.jpg 125w, https:\/\/www.radiopiu.net\/wordpress\/wp-content\/uploads\/2020\/10\/pp-200x200.jpg 200w, https:\/\/www.radiopiu.net\/wordpress\/wp-content\/uploads\/2020\/10\/pp-80x80.jpg 80w, https:\/\/www.radiopiu.net\/wordpress\/wp-content\/uploads\/2020\/10\/pp-480x480.jpg 480w, https:\/\/www.radiopiu.net\/wordpress\/wp-content\/uploads\/2020\/10\/pp.jpg 640w\" sizes=\"auto, (max-width: 106px) 100vw, 106px\" \/><\/a><\/p>\n<\/div>\n<\/div>\n<\/div>\n<div>\n<div class=\"page-title-head hgroup\">\n<div class=\"page-title-head hgroup\">\n<div class=\"b654a4as d2edcug0\">\n<div class=\"j83agx80 btwxx1t3 lhclo0ds hop8lmos nkwizq5d scwd0bx6 roh60bw9\">\n<div class=\"rq0escxv hkbzh7o3 jwdofwj8 n8tt0mok r8blr3vg hyh9befq\">\n<div class=\"do00u71z l9j0dhe7 k4urcfbm\">\n<h2><span style=\"color: #000080;\">\u00a0<\/span><span style=\"color: #000080;\">DON CESARE, IL PENSIERO DEL GIORNO. ALLA RADIO ALLE 7 DEL MATTINO E ALLE 19.30 DELLA SERA.<\/span><\/h2>\n<\/div>\n<div class=\"do00u71z l9j0dhe7 k4urcfbm\">\n<audio class=\"wp-audio-shortcode\" id=\"audio-259016-6\" preload=\"none\" style=\"width: 100%;\" controls=\"controls\"><source type=\"audio\/mpeg\" src=\"https:\/\/www.radiopiu.net\/wordpress\/wp-content\/uploads\/2022\/02\/cesare-7.mp3?_=6\" \/><a href=\"https:\/\/www.radiopiu.net\/wordpress\/wp-content\/uploads\/2022\/02\/cesare-7.mp3\">https:\/\/www.radiopiu.net\/wordpress\/wp-content\/uploads\/2022\/02\/cesare-7.mp3<\/a><\/audio>\n<p>&nbsp;<\/p>\n<p>&nbsp;<\/p>\n<p>&nbsp;<\/p>\n<hr \/>\n<p>&nbsp;<\/p>\n<h3 class=\"kvgmc6g5 cxmmr5t8 oygrvhab hcukyx3x c1et5uql\"><span style=\"color: #0000ff;\"><strong>INFORMAZIONE il canale su TELEGRAM informazione di prima mano e in tempo reale. iscriviti ed aiutaci a farlo conoscere\u00a0\u00a0<\/strong><\/span><\/h3>\n<p>&nbsp;<\/p>\n<p>&nbsp;<\/p>\n<hr \/>\n<p>&nbsp;<\/p>\n<div class=\"do00u71z l9j0dhe7 k4urcfbm\">\n<div>\n<div class=\"page-title-head hgroup\">\n<div class=\"page-title-head hgroup\">\n<div class=\"b654a4as d2edcug0\">\n<div class=\"j83agx80 btwxx1t3 lhclo0ds hop8lmos nkwizq5d scwd0bx6 roh60bw9\">\n<div class=\"rq0escxv hkbzh7o3 jwdofwj8 n8tt0mok r8blr3vg hyh9befq\">\n<div class=\"do00u71z l9j0dhe7 k4urcfbm\">\n<div class=\"page-title-head hgroup\">\n<div class=\"page-title-head hgroup\">\n<div class=\"b654a4as d2edcug0\">\n<div class=\"j83agx80 btwxx1t3 lhclo0ds hop8lmos nkwizq5d scwd0bx6 roh60bw9\">\n<div class=\"rq0escxv hkbzh7o3 jwdofwj8 n8tt0mok r8blr3vg hyh9befq\">\n<div class=\"do00u71z l9j0dhe7 k4urcfbm\">\n<div class=\"ecm0bbzt e5nlhep0 a8c37x1j\">\n<div class=\"kvgmc6g5 cxmmr5t8 oygrvhab hcukyx3x c1et5uql\">\n<div class=\"gmail-kvgmc6g5 gmail-cxmmr5t8 gmail-oygrvhab gmail-hcukyx3x gmail-c1et5uql gmail-ii04i59q\">\n<div class=\"page-title-head hgroup\">\n<div class=\"page-title-head hgroup\">\n<div class=\"b654a4as d2edcug0\">\n<div class=\"j83agx80 btwxx1t3 lhclo0ds hop8lmos nkwizq5d scwd0bx6 roh60bw9\">\n<div class=\"rq0escxv hkbzh7o3 jwdofwj8 n8tt0mok r8blr3vg hyh9befq\">\n<div class=\"do00u71z l9j0dhe7 k4urcfbm\">\n<div class=\"page-title-head hgroup\">\n<div class=\"page-title-head hgroup\">\n<div class=\"b654a4as d2edcug0\">\n<div class=\"j83agx80 btwxx1t3 lhclo0ds hop8lmos nkwizq5d scwd0bx6 roh60bw9\">\n<div class=\"rq0escxv hkbzh7o3 jwdofwj8 n8tt0mok r8blr3vg hyh9befq\">\n<div class=\"do00u71z l9j0dhe7 k4urcfbm\">\n<div>\n<div class=\"page-title-head hgroup\">\n<div class=\"page-title-head hgroup\">\n<div class=\"b654a4as d2edcug0\">\n<div class=\"j83agx80 btwxx1t3 lhclo0ds hop8lmos nkwizq5d scwd0bx6 roh60bw9\">\n<div class=\"rq0escxv hkbzh7o3 jwdofwj8 n8tt0mok r8blr3vg hyh9befq\">\n<div class=\"do00u71z l9j0dhe7 k4urcfbm\">\n<div class=\"ecm0bbzt e5nlhep0 a8c37x1j\">\n<div class=\"kvgmc6g5 cxmmr5t8 oygrvhab hcukyx3x c1et5uql\">\n<div class=\"gmail-kvgmc6g5 gmail-cxmmr5t8 gmail-oygrvhab gmail-hcukyx3x gmail-c1et5uql gmail-ii04i59q\">\n<div class=\"page-title-head hgroup\">\n<div class=\"page-title-head hgroup\">\n<div class=\"b654a4as d2edcug0\">\n<div class=\"j83agx80 btwxx1t3 lhclo0ds hop8lmos nkwizq5d scwd0bx6 roh60bw9\">\n<div class=\"rq0escxv hkbzh7o3 jwdofwj8 n8tt0mok r8blr3vg hyh9befq\">\n<div class=\"do00u71z l9j0dhe7 k4urcfbm\">\n<blockquote>\n<h3><span style=\"color: #ff0000;\">IN VIVO VERSO, SETTIMA STAGIONE CON BRUNELLA MORO, DAL LUNEDI AL VENERDI ALLE 7.10, 10.10 E 18.50\u00a0\u00a0<\/span><\/h3>\n<\/blockquote>\n<p>&nbsp;<\/p>\n<blockquote>\n<h3>SEDEVA, MIO PADRE &#8211; LUISA ALCHINI LEGGE MARIA GIULIANA COSTA<\/h3>\n<\/blockquote>\n<p><strong>AUDIO<\/strong><\/p>\n<audio class=\"wp-audio-shortcode\" id=\"audio-259016-7\" preload=\"none\" style=\"width: 100%;\" controls=\"controls\"><source type=\"audio\/mpeg\" src=\"https:\/\/www.radiopiu.net\/wordpress\/wp-content\/uploads\/2022\/02\/05-LUISA-ALCHINI-SEDEVA-MIO-PADRE.mp3?_=7\" \/><a href=\"https:\/\/www.radiopiu.net\/wordpress\/wp-content\/uploads\/2022\/02\/05-LUISA-ALCHINI-SEDEVA-MIO-PADRE.mp3\">https:\/\/www.radiopiu.net\/wordpress\/wp-content\/uploads\/2022\/02\/05-LUISA-ALCHINI-SEDEVA-MIO-PADRE.mp3<\/a><\/audio>\n<p>&nbsp;<\/p>\n\n\t\t\t<style type='text\/css'>\n\t\t\t\t#gallery-6 {\n\t\t\t\t\tmargin: auto;\n\t\t\t\t}\n\t\t\t\t#gallery-6 .gallery-item {\n\t\t\t\t\tfloat: left;\n\t\t\t\t\tmargin-top: 10px;\n\t\t\t\t\ttext-align: center;\n\t\t\t\t\twidth: 50%;\n\t\t\t\t}\n\t\t\t\t#gallery-6 img {\n\t\t\t\t\tborder: 2px solid #cfcfcf;\n\t\t\t\t}\n\t\t\t\t#gallery-6 .gallery-caption {\n\t\t\t\t\tmargin-left: 0;\n\t\t\t\t}\n\t\t\t\t\/* see gallery_shortcode() in wp-includes\/media.php *\/\n\t\t\t<\/style>\n\t\t<div id='gallery-6' class='dt-gallery-container gallery galleryid-259016 gallery-columns-2 gallery-size-thumbnail'><dl class='gallery-item'>\n\t\t\t\t<dt class='gallery-icon portrait'>\n\t\t\t\t\t<a class=\"rollover rollover-zoom dt-pswp-item\" title=\"LUISA ALCHINI\" data-dt-img-description=\"\" data-large_image_width=\"1944\" data-large_image_height=\"1948\"href='https:\/\/www.radiopiu.net\/wordpress\/wp-content\/uploads\/2022\/02\/LUISA-ALCHINI.jpg'><img loading=\"lazy\" decoding=\"async\" width=\"150\" height=\"150\" src=\"https:\/\/www.radiopiu.net\/wordpress\/wp-content\/uploads\/2022\/02\/LUISA-ALCHINI-150x150.jpg\" class=\"attachment-thumbnail size-thumbnail\" alt=\"\" srcset=\"https:\/\/www.radiopiu.net\/wordpress\/wp-content\/uploads\/2022\/02\/LUISA-ALCHINI-150x150.jpg 150w, https:\/\/www.radiopiu.net\/wordpress\/wp-content\/uploads\/2022\/02\/LUISA-ALCHINI-300x300.jpg 300w, https:\/\/www.radiopiu.net\/wordpress\/wp-content\/uploads\/2022\/02\/LUISA-ALCHINI-1022x1024.jpg 1022w, https:\/\/www.radiopiu.net\/wordpress\/wp-content\/uploads\/2022\/02\/LUISA-ALCHINI-768x770.jpg 768w, https:\/\/www.radiopiu.net\/wordpress\/wp-content\/uploads\/2022\/02\/LUISA-ALCHINI-1533x1536.jpg 1533w, https:\/\/www.radiopiu.net\/wordpress\/wp-content\/uploads\/2022\/02\/LUISA-ALCHINI.jpg 1944w\" sizes=\"auto, (max-width: 150px) 100vw, 150px\" \/><\/a>\n\t\t\t\t<\/dt><\/dl><dl class='gallery-item'>\n\t\t\t\t<dt class='gallery-icon portrait'>\n\t\t\t\t\t<a class=\"rollover rollover-zoom dt-pswp-item\" title=\"5 SECONDA FOTO PER LUISA ALCHINI\" data-dt-img-description=\"\" data-large_image_width=\"899\" data-large_image_height=\"1599\"href='https:\/\/www.radiopiu.net\/wordpress\/wp-content\/uploads\/2022\/02\/5-SECONDA-FOTO-PER-LUISA-ALCHINI.jpg'><img loading=\"lazy\" decoding=\"async\" width=\"150\" height=\"150\" src=\"https:\/\/www.radiopiu.net\/wordpress\/wp-content\/uploads\/2022\/02\/5-SECONDA-FOTO-PER-LUISA-ALCHINI-150x150.jpg\" class=\"attachment-thumbnail size-thumbnail\" alt=\"\" \/><\/a>\n\t\t\t\t<\/dt><\/dl><br style=\"clear: both\" \/>\n\t\t\t<\/div>\n\n<p>&nbsp;<\/p>\n<p><strong>SEDEVA, MIO PADRE<\/strong><\/p>\n<p>Sedeva, mio padre,<br \/>\nsul terrazzo,<br \/>\nin un lieve accenno<br \/>\ndi frescura serotina<br \/>\ntra vasi rigogliosi<br \/>\ndi gerani,<br \/>\ned io, alle spalle,<br \/>\nmirando i radi suoi capelli<br \/>\npi\u00f9 della seta morbidi<br \/>\nnei brevi ricci<br \/>\ncolor d&#8217;argento fino,<br \/>\nin un nodo vinta fui<br \/>\ndi tenerezza.<br \/>\nOh! Baciare;<br \/>\nbaciar la bella testa bianca<br \/>\ne gridar con voce giusta:<br \/>\n-Padre! Mio padre benedetto!<br \/>\nD&#8217;amor m&#8217;usciva un getto<br \/>\nche vincere or potea<br \/>\nmio natural pudore<br \/>\ne consueta soggezione<br \/>\ntalch\u00e8 le mani ansiose<br \/>\nalla carezza tesi,<br \/>\nma in quella egli parl\u00f2<br \/>\ne fu il divino incanto rotto.<\/p>\n<p>Ora mio padre non c&#8217;\u00e8 pi\u00f9.<\/p>\n<p>&nbsp;<\/p>\n<p><strong>LA RACCOLTA COMPLETA\u00a0 \u00a0<\/strong><\/p>\n<blockquote class=\"wp-embedded-content\" data-secret=\"xlkcZBaXPc\"><p><a href=\"https:\/\/www.radiopiu.net\/wordpress\/in-vivo-verso\/\">In Vivo Verso<\/a><\/p><\/blockquote>\n<p><iframe loading=\"lazy\" class=\"wp-embedded-content\" sandbox=\"allow-scripts\" security=\"restricted\" style=\"position: absolute; clip: rect(1px, 1px, 1px, 1px);\" title=\"&#8220;In Vivo Verso&#8221; &#8212; Radio Pi\u00f9\" src=\"https:\/\/www.radiopiu.net\/wordpress\/in-vivo-verso\/embed\/#?secret=xlkcZBaXPc\" data-secret=\"xlkcZBaXPc\" width=\"600\" height=\"338\" frameborder=\"0\" marginwidth=\"0\" marginheight=\"0\" scrolling=\"no\"><\/iframe><\/p>\n<p>&nbsp;<\/p>\n<hr \/>\n<p>&nbsp;<\/p>\n<h2><span style=\"color: #808000;\">GOCCE DI FILOSOFIA<\/span><\/h2>\n<p><strong>AUDIO PUNTATA 135\u00a0 la settimana con CHIARA CAU<\/strong><\/p>\n<audio class=\"wp-audio-shortcode\" id=\"audio-259016-8\" preload=\"none\" style=\"width: 100%;\" controls=\"controls\"><source type=\"audio\/mpeg\" src=\"https:\/\/www.radiopiu.net\/wordpress\/wp-content\/uploads\/2022\/02\/FI5.mp3?_=8\" \/><a href=\"https:\/\/www.radiopiu.net\/wordpress\/wp-content\/uploads\/2022\/02\/FI5.mp3\">https:\/\/www.radiopiu.net\/wordpress\/wp-content\/uploads\/2022\/02\/FI5.mp3<\/a><\/audio>\n<p>&nbsp;<\/p>\n<p><strong>raccolta completa<\/strong><\/p>\n<blockquote class=\"wp-embedded-content\" data-secret=\"mH0YH102H4\"><p><a href=\"https:\/\/www.radiopiu.net\/wordpress\/gocce-filosofia\/\">Gocce di filosofia, PRIMA E SECONDA STAGIONE 2022<\/a><\/p><\/blockquote>\n<p><iframe loading=\"lazy\" class=\"wp-embedded-content\" sandbox=\"allow-scripts\" security=\"restricted\" style=\"position: absolute; clip: rect(1px, 1px, 1px, 1px);\" title=\"&#8220;Gocce di filosofia, PRIMA E SECONDA STAGIONE 2022&#8221; &#8212; Radio Pi\u00f9\" src=\"https:\/\/www.radiopiu.net\/wordpress\/gocce-filosofia\/embed\/#?secret=mH0YH102H4\" data-secret=\"mH0YH102H4\" width=\"600\" height=\"338\" frameborder=\"0\" marginwidth=\"0\" marginheight=\"0\" scrolling=\"no\"><\/iframe><\/p>\n<p>&nbsp;<\/p>\n<hr \/>\n<p>&nbsp;<\/p>\n<p><span style=\"color: #0000ff;\">MUSICA PIU&#8217;\u00a0<\/span><\/p>\n<p><a href=\"https:\/\/www.radiopiu.net\/wordpress\/giornale-radiopiu-20-settembre-2021-direttore-mirko-mezzacasa\/pp-79\/\" rel=\"attachment wp-att-232921\"><img loading=\"lazy\" decoding=\"async\" class=\"wp-image-232921 alignleft\" src=\"https:\/\/www.radiopiu.net\/wordpress\/wp-content\/uploads\/2021\/09\/pp-1-300x300.jpg\" alt=\"\" width=\"135\" height=\"135\" srcset=\"https:\/\/www.radiopiu.net\/wordpress\/wp-content\/uploads\/2021\/09\/pp-1-300x300.jpg 300w, https:\/\/www.radiopiu.net\/wordpress\/wp-content\/uploads\/2021\/09\/pp-1-150x150.jpg 150w, https:\/\/www.radiopiu.net\/wordpress\/wp-content\/uploads\/2021\/09\/pp-1.jpg 640w\" sizes=\"auto, (max-width: 135px) 100vw, 135px\" \/><\/a><\/p>\n<div class=\"mkdf-post-text\">\n<div class=\"mkdf-post-text-inner\">\n<div class=\"mkdf-post-text-main\">\n<div class=\"mkdf-post-text\">\n<div class=\"mkdf-post-text-inner\">\n<div class=\"mkdf-post-text-main\">\n<div class=\"mkdf-post-text\">\n<div class=\"mkdf-post-text-inner\">\n<div class=\"mkdf-post-text-main\">\n<div class=\"page-title-head hgroup\">\n<div class=\"page-title-head hgroup\">\n<div class=\"mkdf-post-text\">\n<div class=\"mkdf-post-text-inner\">\n<div class=\"mkdf-post-text-main\">\n<div class=\"mkdf-post-text\">\n<div class=\"mkdf-post-text-inner\">\n<div class=\"mkdf-post-text-main\">\n<div class=\"page-title-head hgroup\">\n<div class=\"page-title-head hgroup\">\n<div class=\"page-title-head hgroup\">\n<div class=\"page-title-head hgroup\">\n<div class=\"b654a4as d2edcug0\">\n<div class=\"page-title-head hgroup\">\n<div class=\"page-title-head hgroup\">\n<div class=\"page-title-head hgroup\">\n<div class=\"page-title-head hgroup\">\n<div class=\"b654a4as d2edcug0\">\n<div class=\"page-title-head hgroup\">\n<div class=\"page-title-head hgroup\">\n<div class=\"page-title-head hgroup\">\n<div class=\"page-title-head hgroup\">\n<div class=\"b654a4as d2edcug0\">\n<div class=\"mkdf-post-text\">\n<div class=\"mkdf-post-text-inner\">\n<div class=\"mkdf-post-text-main\">\n<div class=\"mkdf-post-text\">\n<div class=\"mkdf-post-text-inner\">\n<div class=\"mkdf-post-text-main\">\n<div class=\"mkdf-post-text\">\n<div class=\"mkdf-post-text-inner\">\n<div class=\"mkdf-post-text-main\">\n<div class=\"page-title-head hgroup\">\n<div class=\"page-title-head hgroup\">\n<div class=\"mkdf-post-text\">\n<div class=\"mkdf-post-text-inner\">\n<div class=\"mkdf-post-text-main\">\n<div class=\"mkdf-post-text\">\n<div class=\"mkdf-post-text-inner\">\n<div class=\"mkdf-post-text-main\">\n<div class=\"page-title-head hgroup\">\n<div class=\"page-title-head hgroup\">\n<div class=\"page-title-head hgroup\">\n<div class=\"page-title-head hgroup\">\n<div class=\"b654a4as d2edcug0\">\n<div class=\"page-title-head hgroup\">\n<div class=\"page-title-head hgroup\">\n<div class=\"page-title-head hgroup\">\n<div class=\"page-title-head hgroup\">\n<div class=\"b654a4as d2edcug0\">\n<div class=\"page-title-head hgroup\">\n<div class=\"page-title-head hgroup\">\n<div class=\"page-title-head hgroup\">\n<div class=\"page-title-head hgroup\">\n<div class=\"b654a4as d2edcug0\">\n<div><\/div>\n<div><\/div>\n<div>\n<p><strong>MUSICA ALLA RADIO, IL PROGRAMMA DI LORIS SCUSSEL &#8220;COLLAGE OPERAZIONE NOSTALGIA&#8221; DAL LUNEDI AL VENERDI ALLE 16.00\u00a0 E ALLE 23\u00a0<\/strong><\/p>\n<\/div>\n<p><strong>\u00a0\u00a0<\/strong><\/p>\n<p><strong>PUNTATA 540 DEL 11 FEBBRAIO 2022<\/strong><\/p>\n<audio class=\"wp-audio-shortcode\" id=\"audio-259016-9\" preload=\"none\" style=\"width: 100%;\" controls=\"controls\"><source type=\"audio\/mpeg\" src=\"https:\/\/www.radiopiu.net\/wordpress\/wp-content\/uploads\/2022\/02\/Collage-540.mp3?_=9\" \/><a href=\"https:\/\/www.radiopiu.net\/wordpress\/wp-content\/uploads\/2022\/02\/Collage-540.mp3\">https:\/\/www.radiopiu.net\/wordpress\/wp-content\/uploads\/2022\/02\/Collage-540.mp3<\/a><\/audio>\n<p>&nbsp;<\/p>\n<blockquote class=\"wp-embedded-content\" data-secret=\"S5QlalrYNS\"><p><a href=\"https:\/\/www.radiopiu.net\/wordpress\/loris-scussel-dal-collage-radiofonico-a-quello-della-rivista-patinata\/\">LORIS SCUSSEL DAL COLLAGE RADIOFONICO A QUELLO DELLA RIVISTA PATINATA<\/a><\/p><\/blockquote>\n<p><iframe loading=\"lazy\" class=\"wp-embedded-content\" sandbox=\"allow-scripts\" security=\"restricted\" style=\"position: absolute; clip: rect(1px, 1px, 1px, 1px);\" title=\"&#8220;LORIS SCUSSEL DAL COLLAGE RADIOFONICO A QUELLO DELLA RIVISTA PATINATA&#8221; &#8212; Radio Pi\u00f9\" src=\"https:\/\/www.radiopiu.net\/wordpress\/loris-scussel-dal-collage-radiofonico-a-quello-della-rivista-patinata\/embed\/#?secret=S5QlalrYNS\" data-secret=\"S5QlalrYNS\" width=\"600\" height=\"338\" frameborder=\"0\" marginwidth=\"0\" marginheight=\"0\" scrolling=\"no\"><\/iframe><\/p>\n<p>&nbsp;<\/p>\n<p>&nbsp;<\/p>\n<\/div>\n<\/div>\n<\/div>\n<\/div>\n<\/div>\n<\/div>\n<\/div>\n<\/div>\n<\/div>\n<\/div>\n<\/div>\n<\/div>\n<\/div>\n<\/div>\n<\/div>\n<\/div>\n<\/div>\n<\/div>\n<\/div>\n<\/div>\n<\/div>\n<\/div>\n<\/div>\n<\/div>\n<\/div>\n<\/div>\n<\/div>\n<\/div>\n<\/div>\n<\/div>\n<\/div>\n<\/div>\n<\/div>\n<\/div>\n<\/div>\n<\/div>\n<\/div>\n<\/div>\n<\/div>\n<\/div>\n<\/div>\n<\/div>\n<\/div>\n<\/div>\n<\/div>\n<\/div>\n<\/div>\n<\/div>\n<\/div>\n<\/div>\n<\/div>\n<\/div>\n<\/div>\n<\/div>\n<\/div>\n<\/div>\n<\/div>\n<\/div>\n<\/div>\n<\/div>\n<\/div>\n<\/div>\n<\/div>\n<\/div>\n<hr \/>\n<p>&nbsp;<\/p>\n<p>&nbsp;<\/p>\n<blockquote class=\"wp-embedded-content\" data-secret=\"BhQhhrHGzs\"><p><a href=\"https:\/\/www.radiopiu.net\/wordpress\/freemix-la-liberta-musicale-mixata-da-dj-athos-e-raccontata-da-dj-jack\/\">FREEMIX, LA LIBERTA&#8217; MUSICALE MIXATA DA DJ ATHOS E RACCONTATA DA DJ JACK<\/a><\/p><\/blockquote>\n<p><iframe loading=\"lazy\" class=\"wp-embedded-content\" sandbox=\"allow-scripts\" security=\"restricted\" style=\"position: absolute; clip: rect(1px, 1px, 1px, 1px);\" title=\"&#8220;FREEMIX, LA LIBERTA&#8217; MUSICALE MIXATA DA DJ ATHOS E RACCONTATA DA DJ JACK&#8221; &#8212; Radio Pi\u00f9\" src=\"https:\/\/www.radiopiu.net\/wordpress\/freemix-la-liberta-musicale-mixata-da-dj-athos-e-raccontata-da-dj-jack\/embed\/#?secret=BhQhhrHGzs\" data-secret=\"BhQhhrHGzs\" width=\"600\" height=\"338\" frameborder=\"0\" marginwidth=\"0\" marginheight=\"0\" scrolling=\"no\"><\/iframe><\/p>\n<p>&nbsp;<\/p>\n<blockquote class=\"wp-embedded-content\" data-secret=\"OnO5NTLmlN\"><p><a href=\"https:\/\/www.radiopiu.net\/wordpress\/da-ieri-alla-radio-in-palinsesto-loris-e-maurizio-con-la-grande-musica\/\">IL BLUES ALLA RADIO &#8230; COME NON L&#8217;AVETE MAI SENTITO PRIMA<\/a><\/p><\/blockquote>\n<p><iframe loading=\"lazy\" class=\"wp-embedded-content\" sandbox=\"allow-scripts\" security=\"restricted\" style=\"position: absolute; clip: rect(1px, 1px, 1px, 1px);\" title=\"&#8220;IL BLUES ALLA RADIO &#8230; COME NON L&#8217;AVETE MAI SENTITO PRIMA&#8221; &#8212; Radio Pi\u00f9\" src=\"https:\/\/www.radiopiu.net\/wordpress\/da-ieri-alla-radio-in-palinsesto-loris-e-maurizio-con-la-grande-musica\/embed\/#?secret=OnO5NTLmlN\" data-secret=\"OnO5NTLmlN\" width=\"600\" height=\"338\" frameborder=\"0\" marginwidth=\"0\" marginheight=\"0\" scrolling=\"no\"><\/iframe><\/p>\n<p>&nbsp;<\/p>\n<hr \/>\n<p>&nbsp;<\/p>\n<blockquote>\n<h3><span style=\"color: #0000ff;\">INFORMAZIONE il canale su TELEGRAM informazione di prima mano e in tempo reale. iscriviti ed aiutaci a farlo conoscere\u00a0\u00a0<\/span><\/h3>\n<\/blockquote>\n<div>\n<div class=\"page-title-head hgroup\">\n<div class=\"page-title-head hgroup\">\n<div class=\"page-title-head hgroup\">\n<div class=\"page-title-head hgroup\">\n<div class=\"b654a4as d2edcug0\">\n<div class=\"page-title-head hgroup\">\n<div class=\"page-title-head hgroup\">\n<div class=\"page-title-head hgroup\">\n<div class=\"page-title-head hgroup\">\n<div class=\"b654a4as d2edcug0\">\n<div class=\"page-title-head hgroup\">\n<div class=\"page-title-head hgroup\">\n<div class=\"page-title-head hgroup\">\n<div class=\"page-title-head hgroup\">\n<div class=\"page-title-head hgroup\">\n<div class=\"page-title-head hgroup\">\n<div class=\"page-title-head hgroup\">\n<div class=\"page-title-head hgroup\">\n<div class=\"page-title-head hgroup\">\n<div class=\"b654a4as d2edcug0\">\n<div class=\"page-title-head hgroup\">\n<div class=\"page-title-head hgroup\">\n<div class=\"page-title-head hgroup\">\n<div class=\"page-title-head hgroup\">\n<div class=\"b654a4as d2edcug0\">\n<div>\n<p>&nbsp;<\/p>\n<\/div>\n<div>\n<div class=\"page-title-head hgroup\">\n<div class=\"page-title-head hgroup\">\n<div class=\"page-title-head hgroup\">\n<div class=\"page-title-head hgroup\">\n<div class=\"page-title-head hgroup\">\n<div class=\"b654a4as d2edcug0\">\n<div>\n<hr \/>\n<\/div>\n<\/div>\n<div>\n<div>\n<p>&nbsp;<\/p>\n<\/div>\n<div>\n<div>\n<p>&nbsp;<\/p>\n<\/div>\n<div>\n<div>\n<p><strong>DUE MINUTI UN LIBRO, TUTTI I GIORNI ALLA RADIO ALLE 9.40 E ALLE 17.50\u00a0<\/strong><\/p>\n<div>\n<div>\n<p><strong>LA RACCOLTA COMPLETA\u00a0\u00a0<\/strong><\/p>\n<\/div>\n<div>\n<blockquote class=\"wp-embedded-content\" data-secret=\"N9LzJENlw4\"><p><a href=\"https:\/\/www.radiopiu.net\/wordpress\/due-minuti-un-libro\/\">Due minuti un libro<\/a><\/p><\/blockquote>\n<p><iframe loading=\"lazy\" class=\"wp-embedded-content\" sandbox=\"allow-scripts\" security=\"restricted\" style=\"position: absolute; clip: rect(1px, 1px, 1px, 1px);\" title=\"&#8220;Due minuti un libro&#8221; &#8212; Radio Pi\u00f9\" src=\"https:\/\/www.radiopiu.net\/wordpress\/due-minuti-un-libro\/embed\/#?secret=N9LzJENlw4\" data-secret=\"N9LzJENlw4\" width=\"600\" height=\"338\" frameborder=\"0\" marginwidth=\"0\" marginheight=\"0\" scrolling=\"no\"><\/iframe><\/p>\n<\/div>\n<\/div>\n<\/div>\n<div class=\"mkdf-post-text\">\n<div class=\"mkdf-post-text-inner\">\n<div class=\"mkdf-post-text-main\">\n<div class=\"mkdf-post-text\">\n<div class=\"mkdf-post-text-inner\">\n<div class=\"mkdf-post-text-main\">\n<div class=\"mkdf-post-text\">\n<div class=\"mkdf-post-text-inner\">\n<div class=\"mkdf-post-text-main\">\n<div class=\"page-title-head hgroup\">\n<div class=\"page-title-head hgroup\">\n<div class=\"mkdf-post-text\">\n<div class=\"mkdf-post-text-inner\">\n<div class=\"mkdf-post-text-main\">\n<div class=\"mkdf-post-text\">\n<div class=\"mkdf-post-text-inner\">\n<div class=\"mkdf-post-text-main\">\n<div class=\"page-title-head hgroup\">\n<div class=\"page-title-head hgroup\">\n<div class=\"page-title-head hgroup\">\n<div class=\"page-title-head hgroup\">\n<div class=\"b654a4as d2edcug0\">\n<div class=\"page-title-head hgroup\">\n<div class=\"page-title-head hgroup\">\n<div class=\"page-title-head hgroup\">\n<div class=\"page-title-head hgroup\">\n<div class=\"b654a4as d2edcug0\">\n<div class=\"page-title-head hgroup\">\n<div class=\"page-title-head hgroup\">\n<div class=\"page-title-head hgroup\">\n<div class=\"page-title-head hgroup\">\n<div class=\"b654a4as d2edcug0\">\n<div>\n<p>&nbsp;<\/p>\n<\/div>\n<div>\n<hr \/>\n<p>&nbsp;<\/p>\n<\/div>\n<h2><span style=\"color: #808000;\">L&#8217;ALMANACCO LADINO\u00a0\u00a0<\/span><\/h2>\n<p><strong>LA RACCOLTA<\/strong><\/p>\n<blockquote class=\"wp-embedded-content\" data-secret=\"A5aGKrogA7\"><p><a href=\"https:\/\/www.radiopiu.net\/wordpress\/almanacco-ladino\/\">Almanacco Ladino<\/a><\/p><\/blockquote>\n<p><iframe loading=\"lazy\" class=\"wp-embedded-content\" sandbox=\"allow-scripts\" security=\"restricted\" style=\"position: absolute; clip: rect(1px, 1px, 1px, 1px);\" title=\"&#8220;Almanacco Ladino&#8221; &#8212; Radio Pi\u00f9\" src=\"https:\/\/www.radiopiu.net\/wordpress\/almanacco-ladino\/embed\/#?secret=A5aGKrogA7\" data-secret=\"A5aGKrogA7\" width=\"600\" height=\"338\" frameborder=\"0\" marginwidth=\"0\" marginheight=\"0\" scrolling=\"no\"><\/iframe><\/p>\n<p>&nbsp;<\/p>\n<hr \/>\n<p>&nbsp;<\/p>\n<h2><span style=\"color: #33cccc;\">LA RASSEGNA STAMPA DA L&#8217;AMICO DEL POPOLO<\/span><\/h2>\n<p><strong>LA RACCOLTA COMPLETA<\/strong><\/p>\n<blockquote class=\"wp-embedded-content\" data-secret=\"YXnuaJMRdz\"><p><a href=\"https:\/\/www.radiopiu.net\/wordpress\/rassegna-stampa-di-gianni-santomaso\/\">Rassegna stampa da l&#8217;amico del popolo &#8211; di Gianni Santomaso<\/a><\/p><\/blockquote>\n<p><iframe loading=\"lazy\" class=\"wp-embedded-content\" sandbox=\"allow-scripts\" security=\"restricted\" style=\"position: absolute; clip: rect(1px, 1px, 1px, 1px);\" title=\"&#8220;Rassegna stampa da l&#8217;amico del popolo &#8211; di Gianni Santomaso&#8221; &#8212; Radio Pi\u00f9\" src=\"https:\/\/www.radiopiu.net\/wordpress\/rassegna-stampa-di-gianni-santomaso\/embed\/#?secret=YXnuaJMRdz\" data-secret=\"YXnuaJMRdz\" width=\"600\" height=\"338\" frameborder=\"0\" marginwidth=\"0\" marginheight=\"0\" scrolling=\"no\"><\/iframe><\/p>\n<p>&nbsp;<\/p>\n<hr \/>\n<p>&nbsp;<\/p>\n<h2><span style=\"color: #800080;\">I RACCONTI DI PAOLO SOPPELSA\u00a0<\/span><\/h2>\n<p><strong>LA RACCOLTA COMPLETA<\/strong><\/p>\n<blockquote class=\"wp-embedded-content\" data-secret=\"oMxErFfXZX\"><p><a href=\"https:\/\/www.radiopiu.net\/wordpress\/i-racconti-di-paolo-soppelsa\/\">I racconti di Paolo Soppelsa<\/a><\/p><\/blockquote>\n<p><iframe loading=\"lazy\" class=\"wp-embedded-content\" sandbox=\"allow-scripts\" security=\"restricted\" style=\"position: absolute; clip: rect(1px, 1px, 1px, 1px);\" title=\"&#8220;I racconti di Paolo Soppelsa&#8221; &#8212; Radio Pi\u00f9\" src=\"https:\/\/www.radiopiu.net\/wordpress\/i-racconti-di-paolo-soppelsa\/embed\/#?secret=oMxErFfXZX\" data-secret=\"oMxErFfXZX\" width=\"600\" height=\"338\" frameborder=\"0\" marginwidth=\"0\" marginheight=\"0\" scrolling=\"no\"><\/iframe><\/p>\n<p>&nbsp;<\/p>\n<hr \/>\n<\/div>\n<div class=\"b654a4as d2edcug0\">\n<p>&nbsp;<\/p>\n<p><a href=\"https:\/\/www.radiopiu.net\/wordpress\/giornale-radiopiu-26-settembre-2018-direttore-mirko-mezzacasa\/viabilita-2\/\" rel=\"attachment wp-att-61954\"><img loading=\"lazy\" decoding=\"async\" class=\"aligncenter wp-image-61954 size-full\" src=\"https:\/\/www.radiopiu.net\/wordpress\/wp-content\/uploads\/2018\/09\/viabilita.jpeg\" sizes=\"auto, (max-width: 800px) 100vw, 800px\" srcset=\"https:\/\/www.radiopiu.net\/wordpress\/wp-content\/uploads\/2018\/09\/viabilita.jpeg 800w, https:\/\/www.radiopiu.net\/wordpress\/wp-content\/uploads\/2018\/09\/viabilita-300x38.jpeg 300w, https:\/\/www.radiopiu.net\/wordpress\/wp-content\/uploads\/2018\/09\/viabilita-768x96.jpeg 768w\" alt=\"\" width=\"800\" height=\"100\" \/><\/a><\/p>\n<div class=\"ecm0bbzt e5nlhep0 a8c37x1j\">\n<div class=\"kvgmc6g5 cxmmr5t8 oygrvhab hcukyx3x c1et5uql\">\n<div class=\"gmail-kvgmc6g5 gmail-cxmmr5t8 gmail-oygrvhab gmail-hcukyx3x gmail-c1et5uql gmail-ii04i59q\">\n<div class=\"page-title-head hgroup\">\n<div class=\"page-title-head hgroup\">\n<div class=\"b654a4as d2edcug0\">\n<div class=\"j83agx80 btwxx1t3 lhclo0ds hop8lmos nkwizq5d scwd0bx6 roh60bw9\">\n<div class=\"rq0escxv hkbzh7o3 jwdofwj8 n8tt0mok r8blr3vg hyh9befq\">\n<div class=\"do00u71z l9j0dhe7 k4urcfbm\">\n<div class=\"page-title-head hgroup\">\n<div class=\"page-title-head hgroup\">\n<div class=\"page-title-head hgroup\">\n<div class=\"page-title-head hgroup\">\n<div class=\"b654a4as d2edcug0\">\n<div class=\"page-title-head hgroup\">\n<div class=\"page-title-head hgroup\">\n<div class=\"page-title-head hgroup\">\n<div class=\"page-title-head hgroup\">\n<div class=\"b654a4as d2edcug0\">\n<div class=\"page-title-head hgroup\">\n<div class=\"page-title-head hgroup\">\n<div class=\"page-title-head hgroup\">\n<div class=\"page-title-head hgroup\">\n<div class=\"page-title-head hgroup\">\n<div class=\"page-title-head hgroup\">\n<div class=\"page-title-head hgroup\">\n<div class=\"page-title-head hgroup\">\n<div class=\"page-title-head hgroup\">\n<div class=\"b654a4as d2edcug0\">\n<div class=\"page-title-head hgroup\">\n<div class=\"page-title-head hgroup\">\n<div class=\"page-title-head hgroup\">\n<div class=\"page-title-head hgroup\">\n<div class=\"b654a4as d2edcug0\">\n<div class=\"page-title-head hgroup\">\n<div class=\"page-title-head hgroup\">\n<div class=\"page-title-head hgroup\">\n<div class=\"page-title-head hgroup\">\n<div class=\"page-title-head hgroup\">\n<div class=\"mkdf-post-text\">\n<div class=\"mkdf-post-text-inner\">\n<div class=\"mkdf-post-text-main\">\n<div class=\"mkdf-post-text\">\n<div class=\"mkdf-post-text-inner\">\n<div class=\"mkdf-post-text-main\">\n<div class=\"mkdf-post-text\">\n<div class=\"mkdf-post-text-inner\">\n<div class=\"mkdf-post-text-main\">\n<div class=\"page-title-head hgroup\">\n<div class=\"page-title-head hgroup\">\n<div class=\"mkdf-post-text\">\n<div class=\"mkdf-post-text-inner\">\n<div class=\"mkdf-post-text-main\">\n<div class=\"mkdf-post-text\">\n<div class=\"mkdf-post-text-inner\">\n<div class=\"mkdf-post-text-main\">\n<div class=\"page-title-head hgroup\">\n<div class=\"page-title-head hgroup\">\n<div class=\"page-title-head hgroup\">\n<div class=\"page-title-head hgroup\">\n<div class=\"b654a4as d2edcug0\">\n<div class=\"page-title-head hgroup\">\n<div class=\"page-title-head hgroup\">\n<div class=\"page-title-head hgroup\">\n<div class=\"page-title-head hgroup\">\n<div class=\"b654a4as d2edcug0\">\n<div class=\"page-title-head hgroup\">\n<div class=\"page-title-head hgroup\">\n<div class=\"page-title-head hgroup\">\n<div class=\"page-title-head hgroup\">\n<div class=\"b654a4as d2edcug0\">\n<div class=\"chat-input\">\n<div class=\"chat-input-container\">\n<div class=\"rows-wrapper chat-input-wrapper\">\n<div class=\"reply-wrapper\">\n<div class=\"btn-menu\">\n<div class=\"btn-menu-item tgico-replace rp\">\n<div class=\"c-ripple\">\n<div class=\"bubbles scrolled-down\">\n<div class=\"scrollable scrollable-y\">\n<div class=\"bubbles-inner has-rights is-chat is-channel\">\n<div class=\"bubbles-date-group\">\n<div class=\"bubble hide-name is-out can-have-tail is-group-first is-group-last is-read\" data-mid=\"5377294335\" data-peer-id=\"-1478820725\" data-timestamp=\"1638437407\">\n<div class=\"bubble-content-wrapper\">\n<div class=\"bubble-content\">\n<p class=\"message\" dir=\"auto\"><strong>\u00a0\u00a0<\/strong><\/p>\n<\/div>\n<\/div>\n<\/div>\n<\/div>\n<\/div>\n<\/div>\n<\/div>\n<\/div>\n<\/div>\n<\/div>\n<\/div>\n<\/div>\n<\/div>\n<\/div>\n<\/div>\n<\/div>\n<\/div>\n<\/div>\n<\/div>\n<\/div>\n<\/div>\n<\/div>\n<\/div>\n<\/div>\n<\/div>\n<\/div>\n<\/div>\n<\/div>\n<\/div>\n<\/div>\n<\/div>\n<\/div>\n<\/div>\n<\/div>\n<\/div>\n<\/div>\n<\/div>\n<\/div>\n<\/div>\n<\/div>\n<\/div>\n<\/div>\n<\/div>\n<\/div>\n<\/div>\n<\/div>\n<\/div>\n<\/div>\n<\/div>\n<\/div>\n<\/div>\n<\/div>\n<\/div>\n<\/div>\n<\/div>\n<\/div>\n<\/div>\n<\/div>\n<\/div>\n<\/div>\n<\/div>\n<\/div>\n<\/div>\n<\/div>\n<\/div>\n<\/div>\n<\/div>\n<\/div>\n<\/div>\n<\/div>\n<\/div>\n<\/div>\n<\/div>\n<\/div>\n<\/div>\n<\/div>\n<\/div>\n<\/div>\n<\/div>\n<\/div>\n<\/div>\n<\/div>\n<\/div>\n<\/div>\n<\/div>\n<\/div>\n<\/div>\n<\/div>\n<\/div>\n<\/div>\n<\/div>\n<\/div>\n<\/div>\n<\/div>\n<\/div>\n<\/div>\n<\/div>\n<\/div>\n<\/div>\n<\/div>\n<\/div>\n<\/div>\n<\/div>\n<\/div>\n<\/div>\n<\/div>\n<\/div>\n<\/div>\n<\/div>\n<\/div>\n<\/div>\n<\/div>\n<\/div>\n<\/div>\n<\/div>\n<\/div>\n<\/div>\n<\/div>\n<\/div>\n<\/div>\n<\/div>\n<\/div>\n<\/div>\n<\/div>\n<\/div>\n<\/div>\n<\/div>\n<\/div>\n<\/div>\n<\/div>\n<\/div>\n<\/div>\n<\/div>\n<\/div>\n<\/div>\n<\/div>\n<\/div>\n<\/div>\n<\/div>\n<\/div>\n<\/div>\n<\/div>\n<\/div>\n<\/div>\n<\/div>\n<\/div>\n<\/div>\n<\/div>\n<\/div>\n<\/div>\n<\/div>\n<\/div>\n<\/div>\n<\/div>\n<\/div>\n<\/div>\n<\/div>\n<\/div>\n<\/div>\n<\/div>\n<\/div>\n<\/div>\n<\/div>\n<\/div>\n<\/div>\n<\/div>\n<\/div>\n<\/div>\n<div>\n<div class=\"page-title-head hgroup\">\n<div class=\"page-title-head hgroup\">\n<div class=\"b654a4as d2edcug0\">\n<div class=\"j83agx80 btwxx1t3 lhclo0ds hop8lmos nkwizq5d scwd0bx6 roh60bw9\">\n<div class=\"rq0escxv hkbzh7o3 jwdofwj8 n8tt0mok r8blr3vg hyh9befq\">\n<div class=\"do00u71z l9j0dhe7 k4urcfbm\">\n<div class=\"ecm0bbzt e5nlhep0 a8c37x1j\">\n<div class=\"kvgmc6g5 cxmmr5t8 oygrvhab hcukyx3x c1et5uql\">\n<div class=\"gmail-kvgmc6g5 gmail-cxmmr5t8 gmail-oygrvhab gmail-hcukyx3x gmail-c1et5uql gmail-ii04i59q\">\n<div class=\"page-title-head hgroup\">\n<div class=\"page-title-head hgroup\">\n<div class=\"b654a4as d2edcug0\">\n<div class=\"j83agx80 btwxx1t3 lhclo0ds hop8lmos nkwizq5d scwd0bx6 roh60bw9\">\n<div class=\"rq0escxv hkbzh7o3 jwdofwj8 n8tt0mok r8blr3vg hyh9befq\">\n<div class=\"do00u71z l9j0dhe7 k4urcfbm\">\n<div class=\"page-title-head hgroup\">\n<div class=\"page-title-head hgroup\">\n<div class=\"page-title-head hgroup\">\n<div class=\"page-title-head hgroup\">\n<div class=\"b654a4as d2edcug0\">\n<div class=\"page-title-head hgroup\">\n<div class=\"page-title-head hgroup\">\n<div class=\"page-title-head hgroup\">\n<div class=\"page-title-head hgroup\">\n<div class=\"b654a4as d2edcug0\">\n<div class=\"page-title-head hgroup\">\n<div class=\"page-title-head hgroup\">\n<div class=\"page-title-head hgroup\">\n<div class=\"page-title-head hgroup\">\n<div class=\"page-title-head hgroup\">\n<div class=\"page-title-head hgroup\">\n<div class=\"page-title-head hgroup\">\n<div class=\"page-title-head hgroup\">\n<div class=\"page-title-head hgroup\">\n<div class=\"b654a4as d2edcug0\">\n<div class=\"page-title-head hgroup\">\n<div class=\"page-title-head hgroup\">\n<div class=\"page-title-head hgroup\">\n<div class=\"page-title-head hgroup\">\n<div class=\"b654a4as d2edcug0\">\n<div class=\"page-title-head hgroup\">\n<div class=\"page-title-head hgroup\">\n<div class=\"page-title-head hgroup\">\n<div class=\"page-title-head hgroup\">\n<div class=\"page-title-head hgroup\">\n<div class=\"mkdf-post-text\">\n<div class=\"mkdf-post-text-inner\">\n<div class=\"mkdf-post-text-main\">\n<div class=\"mkdf-post-text\">\n<div class=\"mkdf-post-text-inner\">\n<div class=\"mkdf-post-text-main\">\n<div class=\"mkdf-post-text\">\n<div class=\"mkdf-post-text-inner\">\n<div class=\"mkdf-post-text-main\">\n<div class=\"page-title-head hgroup\">\n<div class=\"page-title-head hgroup\">\n<div class=\"mkdf-post-text\">\n<div class=\"mkdf-post-text-inner\">\n<div class=\"mkdf-post-text-main\">\n<div class=\"mkdf-post-text\">\n<div class=\"mkdf-post-text-inner\">\n<div class=\"mkdf-post-text-main\">\n<div class=\"page-title-head hgroup\">\n<div class=\"page-title-head hgroup\">\n<div class=\"page-title-head hgroup\">\n<div class=\"page-title-head hgroup\">\n<div class=\"b654a4as d2edcug0\">\n<div class=\"page-title-head hgroup\">\n<div class=\"page-title-head hgroup\">\n<div class=\"page-title-head hgroup\">\n<div class=\"page-title-head hgroup\">\n<div class=\"b654a4as d2edcug0\">\n<div class=\"page-title-head hgroup\">\n<div class=\"page-title-head hgroup\">\n<div class=\"page-title-head hgroup\">\n<div class=\"page-title-head hgroup\">\n<div class=\"b654a4as d2edcug0\">\n<div class=\"ecm0bbzt e5nlhep0 a8c37x1j\">\n<div class=\"kvgmc6g5 cxmmr5t8 oygrvhab hcukyx3x c1et5uql\">\n<div class=\"gmail-kvgmc6g5 gmail-cxmmr5t8 gmail-oygrvhab gmail-hcukyx3x gmail-c1et5uql gmail-ii04i59q\">\n<div class=\"page-title-head hgroup\">\n<div class=\"page-title-head hgroup\">\n<div class=\"b654a4as d2edcug0\">\n<div class=\"j83agx80 btwxx1t3 lhclo0ds hop8lmos nkwizq5d scwd0bx6 roh60bw9\">\n<div class=\"rq0escxv hkbzh7o3 jwdofwj8 n8tt0mok r8blr3vg hyh9befq\">\n<div class=\"do00u71z l9j0dhe7 k4urcfbm\">\n<div class=\"page-title-head hgroup\">\n<div class=\"page-title-head hgroup\">\n<div class=\"page-title-head hgroup\">\n<div class=\"page-title-head hgroup\">\n<div class=\"b654a4as d2edcug0\">\n<div class=\"page-title-head hgroup\">\n<div class=\"page-title-head hgroup\">\n<div class=\"page-title-head hgroup\">\n<div class=\"page-title-head hgroup\">\n<div class=\"b654a4as d2edcug0\">\n<div class=\"page-title-head hgroup\">\n<div class=\"page-title-head hgroup\">\n<div class=\"page-title-head hgroup\">\n<div class=\"page-title-head hgroup\">\n<div class=\"page-title-head hgroup\">\n<div class=\"page-title-head hgroup\">\n<div class=\"page-title-head hgroup\">\n<div class=\"page-title-head hgroup\">\n<div class=\"page-title-head hgroup\">\n<div class=\"b654a4as d2edcug0\">\n<div class=\"page-title-head hgroup\">\n<div class=\"page-title-head hgroup\">\n<div class=\"page-title-head hgroup\">\n<div class=\"page-title-head hgroup\">\n<div class=\"b654a4as d2edcug0\">\n<div class=\"page-title-head hgroup\">\n<div class=\"page-title-head hgroup\">\n<div class=\"page-title-head hgroup\">\n<div class=\"page-title-head hgroup\">\n<div class=\"page-title-head hgroup\">\n<div class=\"mkdf-post-text\">\n<div class=\"mkdf-post-text-inner\">\n<div class=\"mkdf-post-text-main\">\n<div class=\"mkdf-post-text\">\n<div class=\"mkdf-post-text-inner\">\n<div class=\"mkdf-post-text-main\">\n<div class=\"mkdf-post-text\">\n<div class=\"mkdf-post-text-inner\">\n<div class=\"mkdf-post-text-main\">\n<div class=\"page-title-head hgroup\">\n<div class=\"page-title-head hgroup\">\n<div class=\"mkdf-post-text\">\n<div class=\"mkdf-post-text-inner\">\n<div class=\"mkdf-post-text-main\">\n<div class=\"mkdf-post-text\">\n<div class=\"mkdf-post-text-inner\">\n<div class=\"mkdf-post-text-main\">\n<div class=\"page-title-head hgroup\">\n<div class=\"page-title-head hgroup\">\n<div class=\"page-title-head hgroup\">\n<div class=\"page-title-head hgroup\">\n<div class=\"b654a4as d2edcug0\">\n<div class=\"page-title-head hgroup\">\n<div class=\"page-title-head hgroup\">\n<div class=\"page-title-head hgroup\">\n<div class=\"page-title-head hgroup\">\n<div class=\"b654a4as d2edcug0\">\n<div class=\"page-title-head hgroup\">\n<div class=\"page-title-head hgroup\">\n<div class=\"page-title-head hgroup\">\n<div class=\"page-title-head hgroup\">\n<div class=\"b654a4as d2edcug0\">\n<blockquote class=\"wp-embedded-content\" data-secret=\"GgSPmey5pp\"><p><a href=\"https:\/\/www.radiopiu.net\/wordpress\/viabilita\/\">viabilita<\/a><\/p><\/blockquote>\n<p><iframe loading=\"lazy\" class=\"wp-embedded-content\" sandbox=\"allow-scripts\" security=\"restricted\" style=\"position: absolute; clip: rect(1px, 1px, 1px, 1px);\" title=\"&#8220;viabilita&#8221; &#8212; Radio Pi\u00f9\" src=\"https:\/\/www.radiopiu.net\/wordpress\/viabilita\/embed\/#?secret=GgSPmey5pp\" data-secret=\"GgSPmey5pp\" width=\"600\" height=\"338\" frameborder=\"0\" marginwidth=\"0\" marginheight=\"0\" scrolling=\"no\"><\/iframe><\/p>\n<p>&nbsp;<\/p>\n<hr \/>\n<p>&nbsp;<\/p>\n<\/div>\n<div class=\"b654a4as d2edcug0\">\n<div class=\"ecm0bbzt e5nlhep0 a8c37x1j\">\n<div class=\"kvgmc6g5 cxmmr5t8 oygrvhab hcukyx3x c1et5uql\">\n<div class=\"gmail-kvgmc6g5 gmail-cxmmr5t8 gmail-oygrvhab gmail-hcukyx3x gmail-c1et5uql gmail-ii04i59q\">\n<div>\n<div class=\"page-title-head hgroup\">\n<div class=\"page-title-head hgroup\">\n<div class=\"b654a4as d2edcug0\">\n<div class=\"j83agx80 btwxx1t3 lhclo0ds hop8lmos nkwizq5d scwd0bx6 roh60bw9\">\n<div class=\"rq0escxv hkbzh7o3 jwdofwj8 n8tt0mok r8blr3vg hyh9befq\">\n<div class=\"do00u71z l9j0dhe7 k4urcfbm\">\n<div>\n<div class=\"page-title-head hgroup\">\n<div class=\"page-title-head hgroup\">\n<div class=\"page-title-head hgroup\">\n<div class=\"page-title-head hgroup\">\n<div class=\"b654a4as d2edcug0\">\n<div class=\"page-title-head hgroup\">\n<div class=\"page-title-head hgroup\">\n<div class=\"page-title-head hgroup\">\n<div class=\"page-title-head hgroup\">\n<div class=\"b654a4as d2edcug0\">\n<div class=\"page-title-head hgroup\">\n<div class=\"page-title-head hgroup\">\n<div class=\"page-title-head hgroup\">\n<div class=\"page-title-head hgroup\">\n<div class=\"page-title-head hgroup\">\n<div class=\"mkdf-post-text\">\n<div class=\"mkdf-post-text-inner\">\n<div class=\"mkdf-post-text-main\">\n<div class=\"mkdf-post-text\">\n<div class=\"mkdf-post-text-inner\">\n<div class=\"mkdf-post-text-main\">\n<div class=\"mkdf-post-text\">\n<div class=\"mkdf-post-text-inner\">\n<div class=\"mkdf-post-text-main\">\n<div class=\"page-title-head hgroup\">\n<div class=\"page-title-head hgroup\">\n<div class=\"mkdf-post-text\">\n<div class=\"mkdf-post-text-inner\">\n<div class=\"mkdf-post-text-main\">\n<div class=\"mkdf-post-text\">\n<div class=\"mkdf-post-text-inner\">\n<div class=\"mkdf-post-text-main\">\n<div>\n<div class=\"page-title-head hgroup\">\n<div class=\"page-title-head hgroup\">\n<div>\n<div class=\"page-title-head hgroup\">\n<div class=\"page-title-head hgroup\">\n<div class=\"b654a4as d2edcug0\">\n<div>\n<div class=\"page-title-head hgroup\" style=\"text-align: left;\">\n<div class=\"page-title-head hgroup\">\n<div dir=\"auto\">\n<p><a class=\"dt-pswp-item pspw-wrap-ready\" href=\"https:\/\/i0.wp.com\/www.radiopiu.net\/wordpress\/wp-content\/uploads\/2018\/09\/WhatsApp-Image-2018-09-20-at-16.04.06.jpeg?ssl=1\" data-dt-img-description=\"\" data-large_image_width=\"800\" data-large_image_height=\"100\"><img loading=\"lazy\" decoding=\"async\" class=\"aligncenter wp-image-61378 size-full jetpack-lazy-image jetpack-lazy-image--handled\" src=\"https:\/\/i0.wp.com\/www.radiopiu.net\/wordpress\/wp-content\/uploads\/2018\/09\/WhatsApp-Image-2018-09-20-at-16.04.06.jpeg?resize=800%2C100&amp;ssl=1\" sizes=\"auto, (max-width: 800px) 100vw, 800px\" srcset=\"https:\/\/i0.wp.com\/www.radiopiu.net\/wordpress\/wp-content\/uploads\/2018\/09\/WhatsApp-Image-2018-09-20-at-16.04.06.jpeg?w=800&amp;ssl=1 800w, https:\/\/i0.wp.com\/www.radiopiu.net\/wordpress\/wp-content\/uploads\/2018\/09\/WhatsApp-Image-2018-09-20-at-16.04.06.jpeg?resize=300%2C38&amp;ssl=1 300w, https:\/\/i0.wp.com\/www.radiopiu.net\/wordpress\/wp-content\/uploads\/2018\/09\/WhatsApp-Image-2018-09-20-at-16.04.06.jpeg?resize=768%2C96&amp;ssl=1 768w\" alt=\"\" width=\"800\" height=\"100\" data-lazy-loaded=\"1\" \/><\/a><\/p>\n<\/div>\n<\/div>\n<\/div>\n<\/div>\n<\/div>\n<\/div>\n<\/div>\n<\/div>\n<\/div>\n<\/div>\n<\/div>\n<\/div>\n<\/div>\n<\/div>\n<\/div>\n<\/div>\n<\/div>\n<\/div>\n<\/div>\n<\/div>\n<\/div>\n<\/div>\n<\/div>\n<\/div>\n<\/div>\n<\/div>\n<\/div>\n<\/div>\n<\/div>\n<\/div>\n<\/div>\n<\/div>\n<\/div>\n<\/div>\n<\/div>\n<\/div>\n<\/div>\n<\/div>\n<\/div>\n<\/div>\n<\/div>\n<\/div>\n<\/div>\n<\/div>\n<p>&nbsp;<\/p>\n<\/div>\n<\/div>\n<\/div>\n<\/div>\n<\/div>\n<\/div>\n<\/div>\n<\/div>\n<\/div>\n<\/div>\n<\/div>\n<\/div>\n<\/div>\n<\/div>\n<\/div>\n<\/div>\n<\/div>\n<\/div>\n<\/div>\n<\/div>\n<\/div>\n<\/div>\n<\/div>\n<\/div>\n<\/div>\n<\/div>\n<\/div>\n<\/div>\n<\/div>\n<\/div>\n<\/div>\n<\/div>\n<\/div>\n<\/div>\n<\/div>\n<\/div>\n<\/div>\n<\/div>\n<\/div>\n<\/div>\n<\/div>\n<\/div>\n<\/div>\n<\/div>\n<\/div>\n<\/div>\n<\/div>\n<\/div>\n<\/div>\n<\/div>\n<\/div>\n<\/div>\n<\/div>\n<\/div>\n<\/div>\n<\/div>\n<\/div>\n<\/div>\n<\/div>\n<\/div>\n<\/div>\n<\/div>\n<\/div>\n<\/div>\n<\/div>\n<\/div>\n<\/div>\n<\/div>\n<\/div>\n<\/div>\n<\/div>\n<\/div>\n<\/div>\n<\/div>\n<\/div>\n<\/div>\n<\/div>\n<\/div>\n<\/div>\n<\/div>\n<\/div>\n<\/div>\n<\/div>\n<\/div>\n<\/div>\n<\/div>\n<\/div>\n<\/div>\n<\/div>\n<\/div>\n<\/div>\n<\/div>\n<\/div>\n<\/div>\n<\/div>\n<\/div>\n<\/div>\n<\/div>\n<\/div>\n<\/div>\n<\/div>\n<\/div>\n<\/div>\n<\/div>\n<\/div>\n<\/div>\n<\/div>\n<\/div>\n<\/div>\n<\/div>\n<\/div>\n<\/div>\n<\/div>\n<\/div>\n<\/div>\n<\/div>\n<\/div>\n<\/div>\n<\/div>\n<\/div>\n<\/div>\n<\/div>\n<\/div>\n<\/div>\n<\/div>\n<\/div>\n<\/div>\n<\/div>\n<\/div>\n<\/div>\n<\/div>\n<\/div>\n<\/div>\n<\/div>\n<\/div>\n<\/div>\n<\/div>\n<\/div>\n<\/div>\n<\/div>\n<\/div>\n<\/div>\n<\/div>\n<\/div>\n<\/div>\n<\/div>\n<\/div>\n<\/div>\n<\/div>\n<\/div>\n<\/div>\n<\/div>\n<\/div>\n<\/div>\n<\/div>\n<\/div>\n<\/div>\n<\/div>\n<\/div>\n<\/div>\n<\/div>\n<\/div>\n<\/div>\n<\/div>\n<\/div>\n<\/div>\n<\/div>\n<\/div>\n<\/div>\n<\/div>\n<\/div>\n<\/div>\n<\/div>\n<\/div>\n<\/div>\n<\/div>\n<\/div>\n<\/div>\n<\/div>\n<\/div>\n<\/div>\n<\/div>\n<\/div>\n<\/div>\n<\/div>\n<\/div>\n<\/div>\n<p><b>Sabato 12<\/b> <b>Tempo atteso: <\/b>Tempo ben soleggiato e piuttosto freddo al mattino di stampo tipicamente invernale, con cielo sgombro da nubi, aria asciutta e ottima visibilit\u00e0 a tutte le quote.<br \/>\n<b>Precipitazioni: <\/b>Assenti (0%).<br \/>\n<b>Temperature: <\/b>In generale diminuzione anche marcata specie per le minime, che saranno inferiori alla norma. Giornata piuttosto fredda, in quota, mentre negli altipiani e nelle valli ben assolate il freddo d&#8217;inizio giornata tender\u00e0 a diminuire per le temperature diurne che potranno anche superare la norma; importante escursione termica giornaliera, anche di 16\/18\u00b0C. Su Prealpi a 1500 m min -6\u00b0C max 0\u00b0C, a 2000 m min -10\u00b0C max -3\u00b0C; su Dolomiti a 2000 m min -9\u00b0C max -2\u00b0C, a 3000 m min -15\u00b0C max -5\u00b0C.<br \/>\n<b>Venti: <\/b>Nelle valli generalmente deboli di direzione variabile, salvo locali rinforzi per brezze; in quota deboli o moderati in prevalenza dai quadranti orientali (da est, nord-est), a 5-15 km\/h a 2000 m e a 10-20 km\/h a 3000 m.<\/p>\n<hr \/>\n<p><b>Domenica 13<\/b> <b>Tempo atteso: <\/b>Tempo inizialmente ancora ben soleggiato e di stampo invernale, con cielo terso, aria asciutta e ottima visibilit\u00e0 ovunque. Nel corso della mattinata probabile transito di sottile nuvolosit\u00e0 alta in grado di attenuare poco il soleggiamento, in allontanamento nel corso del pomeriggio. Non si esclude qualche riduzione della visibilit\u00e0 nella sera\/notte in alcune valli prealpine.<br \/>\n<b>Precipitazioni: <\/b>Assenti (0%).<br \/>\n<b>Temperature: <\/b>Nelle valli senza notevoli variazioni o in lieve calo; in alta montagna in lieve o contenuto aumento, specie le minime. Su Prealpi a 1500 m min -6\u00b0C max 0\u00b0C, a 2000 m: min -8\u00b0C max -2\u00b0C; su Dolomiti a 2000 m min -8\u00b0C max -1\u00b0C, a 3000 m min -10\u00b0C max -3\u00b0C.<br \/>\n<b>Venti: <\/b>Deboli di direzione variabile nelle valli, localmente a tratti moderati per brezze, in quota deboli al mattino in intensificazione specie dal tardo pomeriggio, fino a divenire tesi da sud-ovest, a 5-15 km\/h a 2000 m e 10-35 km\/h a 3000 m.<\/p>\n<hr \/>\n<p><b>Lunedi 14<\/b>Cielo inizialmente poco nuvoloso, salve qualche annuvolamento per nubi basse con foschie e qualche nebbia nelle ore pi\u00f9 fredde in alcune valli prealpine. In mattinata aumento della copertura nuvolosa a partire dalle Prealpi occidentali ma con scarsi fenomeni o assenti. Aumento della probabilit\u00e0 di precipitazioni specie verso sera, per fenomeni ancora deboli e nevosi oltre i 600-800 m a partire dalle Prealpi veronesi, in estensione nella notte anche sulle Prealpi orientali e alle Dolomiti. Temperature minime in rialzo e massime senza notevoli variazioni o in lieve calo sulle Prealpi centro-occidentali. Venti in prevalenza moderati\/tesi da sud-ovest in quota.<\/p>\n<hr \/>\n<p><b>Martedi 15<\/b>Tempo perturbato con precipitazioni a tratti diffuse, specie al mattino, in prevalenza di moderata intensit\u00e0, nevose fino a fondovalle sulle Dolomiti, intorno ai 600-900 m sulle Prealpi, localmente un po&#8217; pi\u00f9 in basso nelle conche prealpine riparate dalle correnti meridionali. Temperature minime in lieve aumento, massime in lieve calo sulle Dolomiti, in lieve aumento sulle zone prealpine. Venti in alta montagna nelle prime ore ancora tesi tendenti a divenire moderati e a mantenersi da sud ovest.<\/p>\n<p>&nbsp;<\/p>\n<hr \/>\n<p>&nbsp;<\/p>\n<p><img loading=\"lazy\" decoding=\"async\" class=\"wp-image-60761 size-full aligncenter\" src=\"https:\/\/www.radiopiu.net\/wordpress\/wp-content\/uploads\/2018\/09\/sport.jpg\" alt=\"\" width=\"800\" height=\"100\" srcset=\"https:\/\/www.radiopiu.net\/wordpress\/wp-content\/uploads\/2018\/09\/sport.jpg 800w, https:\/\/www.radiopiu.net\/wordpress\/wp-content\/uploads\/2018\/09\/sport-300x38.jpg 300w, https:\/\/www.radiopiu.net\/wordpress\/wp-content\/uploads\/2018\/09\/sport-768x96.jpg 768w\" sizes=\"auto, (max-width: 800px) 100vw, 800px\" \/><\/p>\n<p>&nbsp;<\/p>\n<p><span style=\"color: #0000ff;\"><strong>HOCKEY SU GHIACCIO<\/strong><\/span><\/p>\n<blockquote>\n<h3>AL &#8220;DE TONI&#8221; ARRIVANO LE LINCI DI PERGINE PER L&#8217;OTTAVA GIORNATA DEL MASTER ROUND IHL<\/h3>\n<\/blockquote>\n<p><strong><a href=\"https:\/\/www.radiopiu.net\/wordpress\/lalleghe-a-cavalese-per-continuare-la-striscia-positiva-di-vittorie\/alleghe-hockey-2-2\/\" rel=\"attachment wp-att-247057\"><img loading=\"lazy\" decoding=\"async\" class=\"size-medium wp-image-247057 alignleft\" src=\"https:\/\/www.radiopiu.net\/wordpress\/wp-content\/uploads\/2021\/12\/ALLEGHE-HOCKEY-2-300x200.jpg\" alt=\"\" width=\"300\" height=\"200\" srcset=\"https:\/\/www.radiopiu.net\/wordpress\/wp-content\/uploads\/2021\/12\/ALLEGHE-HOCKEY-2-300x200.jpg 300w, https:\/\/www.radiopiu.net\/wordpress\/wp-content\/uploads\/2021\/12\/ALLEGHE-HOCKEY-2-768x511.jpg 768w, https:\/\/www.radiopiu.net\/wordpress\/wp-content\/uploads\/2021\/12\/ALLEGHE-HOCKEY-2.jpg 1024w\" sizes=\"auto, (max-width: 300px) 100vw, 300px\" \/><\/a>di Roberto Miana, portavoce dell&#8217;Alleghe Hockey<\/strong><\/p>\n<p>Ottava giornata del girone di Master Round dell&#8217;Italian Hockey League. Sabato 12 febbraio alle ore 20:30 l&#8217;Alleghe ospita il Pergine. Le Civette tornano sul ghiaccio dopo il turno infrasettimanale di gioved\u00ec, nel quale hanno fatto da spettatrici osservando la giornata di riposo dettata dal calendario. Nell\u2019ultima gara disputata sabato scorso contro i Lucci a Caldaro i biancorossi hanno portato in dote in riva al lago un punticino, dopo l\u2019amara sconfitta 2-3 maturata agli shootout. Gara ben condotta dai ragazzi di mister Fontana soprattutto nel secondo e terzo parziale, ma condizionata dalle troppe occasioni create e non concretizzate, infatti a fine gara il tabellino dei tiri in porta recitava un clamoroso 48 a 23 per gli Alleghesi, che possono s\u00ec recriminare sulla propria imprecisione ma sicuramente anche su un goalie avversario: Morandell, autore di una prestazione stratosferica. La gara ha visto gli Agordini sempre ad inseguire il risultato, pervenendo meritatamente per due volte al pareggio prima con lo Svedese Berger #96 e poi con il difensore feltrino Damin #3. Chiusi i 60 minuti regolamentari sul 2-2, come i supplementari, sono stati i tiri di rigore a decretare il vincitore, con i padroni di casa pi\u00f9 freddi davanti al portiere avversario. Ora la testa dei nostri discatori dovr\u00e0 essere tutta per il Pergine, anche per riscattare il clamoroso 0-5 casalingo subito in Coppa Italia proprio contro le Linci e consolidare la quarta posizione in classifica con un occhio alla terza piazza distante solo un punto. Nelle file biancorosse sar\u00e0 assente il solo Nicola Soppelsa, che sconter\u00e0 la seconda ed ultima giornata di squalifica inflittagli dal giudice sportivo. Il Pergine \u00e8 reduce dalla squillante vittoria casalinga 6-0 ottenuta gioved\u00ec sera contro il Caldaro. Risultato che ha accorciato ulteriormente la classifica del Master Round, che ora vede a tre giornate dal termine l\u2019Unterland capoclassifica in fuga con 27 punti, Valdifiemme 20 punti, Caldaro 18 punti e Alleghe con il Pergine a 17. I nostri prossimi avversari hanno trovato nell\u2019ultimo acquisto, il forte attaccante canadese Connor Sanvido #88, una eccellente bocca di fuoco con la media di un gol a gara e 1,7 punti a partita, miglior marcatore della seconda fase del torneo e autore di 20 punti nelle ultime dodici gare (11 gol + 9 assist), senza dimenticare il sempre pericoloso attaccante slovacco Jozef Foltin #77, che nel Master Round ha realizzato 4 reti e 2 assist con una media di 1,2 punti a partita. Nei 19 precedenti in serie B (IHL) tra Alleghe e Pergine, il bilancio generale conta 11 vittorie Alleghesi, un pareggio e 7 successi Trentini. Considerando le sole gare disputate al \u201cDe Toni\u201d di Alleghe, nelle 9 sfide disputate si sono registrati 5 successi dei padroni di casa, un pareggio e 3 affermazioni ospiti. Nell&#8217;ultima partita di campionato giocata tra le due squadre ai piedi del Civetta, il 30 dicembre scorso, si sono imposti gli Agordini 5-1. Considerando campionato e Coppa Italia \u00e8 la quinta sfida stagionale tra Civette e Linci, con un bilancio di tre vittorie Bellunesi e una Trentina. Conteggiando le reti totali segnate in questa sfida, l\u2019Alleghe ha messo a referto 74 marcature contro 57 del Pergine.<\/p>\n<p><strong>ALLEGHE Hockey &#8211; Hockey PERGINE Sapiens<\/strong><br \/>\nSabato 12 febbraio ore 20:30 \u2013 Stadio \u201cAlvise De Toni\u201d di Alleghe (BL), Arbitri:\u200b Marco Bagozza e Fabio Tirelli con giudici di linea Cristiano Biacoli e Fabrizio De Toni. PARTITA APERTA AL PUBBLICO Come da disposizioni governative ingresso con SUPER GREEN PASS e mascherina FFP2<br \/>\nCollegamenti in DIRETTA RADIOFONICA su Radio Pi\u00f9 (www.radiopiu.net) con \u201cHockey al punto giusto\u201d, in studio Marco Gaz e dal &#8220;De Toni&#8221; interventi di Federico Paganin<\/p>\n<p>&nbsp;<\/p>\n<p>&nbsp;<\/p>\n<hr \/>\n<p>&nbsp;<\/p>\n<p><span style=\"color: #0000ff;\"><strong>CALCIO<\/strong><\/span><\/p>\n<blockquote>\n<h3>AGORDINA DI NUOVO IN CAMPO DA DOMANI<\/h3>\n<\/blockquote>\n<p><strong><a href=\"https:\/\/www.radiopiu.net\/wordpress\/lottimo-fine-settimana-di-agordina-e-keralpen\/calcio-2021-2\/\" rel=\"attachment wp-att-242798\"><img loading=\"lazy\" decoding=\"async\" class=\"size-medium wp-image-242798 alignleft\" src=\"https:\/\/www.radiopiu.net\/wordpress\/wp-content\/uploads\/2021\/11\/CALCIO-2021-300x200.jpg\" alt=\"\" width=\"300\" height=\"200\" srcset=\"https:\/\/www.radiopiu.net\/wordpress\/wp-content\/uploads\/2021\/11\/CALCIO-2021-300x200.jpg 300w, https:\/\/www.radiopiu.net\/wordpress\/wp-content\/uploads\/2021\/11\/CALCIO-2021-1024x683.jpg 1024w, https:\/\/www.radiopiu.net\/wordpress\/wp-content\/uploads\/2021\/11\/CALCIO-2021-768x512.jpg 768w, https:\/\/www.radiopiu.net\/wordpress\/wp-content\/uploads\/2021\/11\/CALCIO-2021-1536x1024.jpg 1536w, https:\/\/www.radiopiu.net\/wordpress\/wp-content\/uploads\/2021\/11\/CALCIO-2021-2048x1366.jpg 2048w\" sizes=\"auto, (max-width: 300px) 100vw, 300px\" \/><\/a>AGORDO <\/strong>Si ritorna in campo a partire da questo fine settimana. Dopo due mesi di stop le squadre dei campionati FIGC tornano a calcare i terreni di gioco. Tre le sfide in programma per l\u2019Agordina Calcio. Tutte le partite sono in programma domani. Si inizia alle 10:30 con gli Allievi regionali che scenderanno in campo per la seconda giornata del girone di ritorno. Per i giovani agordini trasferta in terra trevigiana per affrontare l\u2019Indomita Treviso. Nel pomeriggio Sar\u00e0 il turno della Juniores di Roberto Fontanive impegnata anch\u2019essa in provincia di Treviso dove alle 15 si trover\u00e0 di fronte il Cappella Maggiore. Ricomincia a giocare anche l\u2019Agordina di Seconda Categoria. La squadra allenata da Marco Lorenzi giocher\u00e0 la prima partita del 2022 in casa. All\u2019Ivano Dorigo di Agordo, alle 14:30, arriva l\u2019Arten. Ancora fermo invece il campionato Eccellenza Femminile dove milita il Keralpen che torner\u00e0 sui campi di gioco il 6 marzo. Domani pomeriggio su Radio Pi\u00f9 torna l\u2019appuntamento con Domenica Pi\u00f9 Sport per seguire in diretta la partita dell\u2019Agordina.<\/p>\n<p>&nbsp;<\/p>\n<p>&nbsp;<\/p>\n<hr \/>\n<p>&nbsp;<\/p>\n<p><span style=\"color: #0000ff;\"><strong>PALLAVOLO FEMMINILE<\/strong><\/span><\/p>\n<blockquote>\n<h3>LUPE DI NUOVO IN CAMPO,\u00a0 RIPARTE IL CAMPIONATO DI B2<\/h3>\n<\/blockquote>\n<p><strong><a href=\"https:\/\/www.radiopiu.net\/wordpress\/giornale-radiopiu-12-febbraio-2022-direttore-mirko-mezzacasa\/cristina_giacomini_sotto_rete\/\" rel=\"attachment wp-att-259051\"><img loading=\"lazy\" decoding=\"async\" class=\" wp-image-259051 alignleft\" src=\"https:\/\/www.radiopiu.net\/wordpress\/wp-content\/uploads\/2022\/02\/Cristina_Giacomini_sotto_rete-257x300.jpg\" alt=\"\" width=\"211\" height=\"246\" srcset=\"https:\/\/www.radiopiu.net\/wordpress\/wp-content\/uploads\/2022\/02\/Cristina_Giacomini_sotto_rete-257x300.jpg 257w, https:\/\/www.radiopiu.net\/wordpress\/wp-content\/uploads\/2022\/02\/Cristina_Giacomini_sotto_rete-879x1024.jpg 879w, https:\/\/www.radiopiu.net\/wordpress\/wp-content\/uploads\/2022\/02\/Cristina_Giacomini_sotto_rete-768x895.jpg 768w, https:\/\/www.radiopiu.net\/wordpress\/wp-content\/uploads\/2022\/02\/Cristina_Giacomini_sotto_rete.jpg 1034w\" sizes=\"auto, (max-width: 211px) 100vw, 211px\" \/><\/a>BELLUNO<\/strong>\u00a0 A distanza di 56 giorni dall\u2019ultima gara ufficiale, la Pallavolo Belluno torna ad affacciarsi al campionato femminile di serie B2.\u00a0 Oggi alle 18.30\u00a0tra le mura amiche del De Mas, se la vedr\u00e0 con la capolista del girone: il Blu Team Pavia di Udine. Le friulane sono imbattute.\u00a0 La novit\u00e0:\u00a0 Cristina Giacomini,\u00a0 centrale, classe 2005 in arrivo dall\u2019Imoco Volley San Don\u00e0, \u00e8 pronta all\u2019esordio con la maglia dolomitica: <em>\u00abLa Pallavolo Belluno \u00e8 una buona opportunit\u00e0 per crescere, per giocare a buon livello in modo continuativo e per confrontarmi con avversarie pi\u00f9 mature, da cui prendere spunto. In pi\u00f9, sono vicino a casa e respiro nuovamente l\u2019aria di montagna. La proposta mi \u00e8 stata fatta in un periodo particolare della mia vita, in cui, per una serie di ragioni, ho dovuto affrontare alcuni cambiamenti e ho perso un po&#8217; di stabilit\u00e0. Ma, grazie a questa offerta, la passione per il volley rimane un punto fisso nella mia vita\u00bb.<span class=\"gmail-Apple-converted-space\"> \u00a0<\/span><\/em>Oggi con il Blu Team, la missione si annuncia quasi impossibile: <em>\u00abNon possiamo dire che la classifica non sia attendibile. Sappiamo che affronteremo una squadra molto forte. Cercheremo solo di dare il massimo e di imparare. Poi quel che sar\u00e0, sar\u00e0\u00bb<\/em>. Giacomini ha le idee ben chiare: <em>\u00abDal punto di vista individuale, mi auguro di crescere in campo e di poter dare il mio contributo. E poi spero di instaurare bellissimi rapporti con le mie compagne e di toglierci diverse soddisfazioni. Come spero che onoreremo la fiducia che ci \u00e8 stata data, portando a casa dei buoni risultati. A me piace vincere\u00bb.\u00a0<\/em><\/p>\n<p>&nbsp;<\/p>\n<hr \/>\n<p>&nbsp;<\/p>\n<p><span style=\"color: #0000ff;\"><strong>PALLAVOLO MASCHILE<\/strong><\/span><\/p>\n<blockquote>\n<h3>BELLUNO A TORINO, DA QUELLI CHE &#8220;NON MOLLANO MAI&#8221;<\/h3>\n<\/blockquote>\n<p><a href=\"https:\/\/www.radiopiu.net\/wordpress\/giornale-radiopiu-12-febbraio-2022-direttore-mirko-mezzacasa\/drl_torino_andata\/\" rel=\"attachment wp-att-259052\"><img loading=\"lazy\" decoding=\"async\" class=\" wp-image-259052 alignleft\" src=\"https:\/\/www.radiopiu.net\/wordpress\/wp-content\/uploads\/2022\/02\/DRL_Torino_andata-300x200.jpg\" alt=\"\" width=\"260\" height=\"173\" srcset=\"https:\/\/www.radiopiu.net\/wordpress\/wp-content\/uploads\/2022\/02\/DRL_Torino_andata-300x200.jpg 300w, https:\/\/www.radiopiu.net\/wordpress\/wp-content\/uploads\/2022\/02\/DRL_Torino_andata-1024x682.jpg 1024w, https:\/\/www.radiopiu.net\/wordpress\/wp-content\/uploads\/2022\/02\/DRL_Torino_andata-768x512.jpg 768w, https:\/\/www.radiopiu.net\/wordpress\/wp-content\/uploads\/2022\/02\/DRL_Torino_andata.jpg 1181w\" sizes=\"auto, (max-width: 260px) 100vw, 260px\" \/><\/a> <b> <\/b>La Da Rold Logistics Belluno verso il Piemonte. Domani alle 18 \u00e8 chiamata ad affrontare la ViViBanca: una formazione che, in questo anomalo 2022, ha sempre vinto in trasferta (a Brugherio e Garlasco) e mai in casa. In pi\u00f9, lo scorso fine settimana non \u00e8 scesa in campo: il match con Portomaggiore \u00e8 stato rinviato.\u00a0 <em>\u00abDobbiamo prestare una particolare attenzione a David Umek &#8211; analizza il secondo allenatore della Da Rold Logistics, Lorenzo Nesello -. Oltre a essere un gran saltatore, l\u2019opposto \u00e8 dotato di un colpo molto potente, sia in attacco, sia in battuta. Ed \u00e8 di gran lunga l\u2019atleta pi\u00f9 servito della squadra\u00bb. Ma Umek, che alla Spes Arena segn\u00f2 ben 27 punti, non \u00e8 il solo da tenere d\u2019occhio: \u00abIl centrale Orlando Boscardini \u00e8 abile a muro &#8211; riprende Nesello &#8211; mentre in banda Genovesio ha un buon rendimento e lo stesso vale per Richieri. In generale, la ViViBanca vanta un servizio efficace e, in pi\u00f9, giocare al palazzetto \u201cLe Cupole\u201d non \u00e8 mai facile\u00bb.\u00a0\u00a0<\/em><\/p>\n<p>&nbsp;<\/p>\n<p>&nbsp;<\/p>\n<hr \/>\n<p>&nbsp;<\/p>\n<p><span style=\"color: #0000ff;\"><strong>SKELETON<\/strong><\/span><\/p>\n<blockquote>\n<h3>SEDICESIMO POSTO PER MATTIA GASPARI NELLO SKELETON A PECHINO<\/h3>\n<\/blockquote>\n<p><strong><a href=\"https:\/\/www.radiopiu.net\/wordpress\/quattordicesimo-posto-per-mattia-gaspari-nello-skeleton-a-pechino\/3311060-67701468-2560-1440\/\" rel=\"attachment wp-att-259188\"><img loading=\"lazy\" decoding=\"async\" class=\" wp-image-259188 alignleft\" src=\"https:\/\/www.radiopiu.net\/wordpress\/wp-content\/uploads\/2022\/02\/3311060-67701468-2560-1440-300x169.jpg\" alt=\"\" width=\"275\" height=\"155\" srcset=\"https:\/\/www.radiopiu.net\/wordpress\/wp-content\/uploads\/2022\/02\/3311060-67701468-2560-1440-300x169.jpg 300w, https:\/\/www.radiopiu.net\/wordpress\/wp-content\/uploads\/2022\/02\/3311060-67701468-2560-1440-1024x576.jpg 1024w, https:\/\/www.radiopiu.net\/wordpress\/wp-content\/uploads\/2022\/02\/3311060-67701468-2560-1440-768x432.jpg 768w, https:\/\/www.radiopiu.net\/wordpress\/wp-content\/uploads\/2022\/02\/3311060-67701468-2560-1440.jpg 1200w\" sizes=\"auto, (max-width: 275px) 100vw, 275px\" \/><\/a> <\/strong><\/p>\n<p><strong>\u00a0<\/strong><strong>REDAZIONE<\/strong> Non \u00e8 stata un&#8217;olimpiade da ricordare, ma solo per i risultati\u00a0 Mattia Gaspari, Al skeletonista bellunese delle fiamme azzurre sar\u00e0 mancato il\u00a0 rilsultato da prima pagina, ma non le grandi emozioni e la soddisfazione per essere ritornato l\u00ec, nel luogo che ama di pi\u00f9, con lui e la sua adrenalina in corpo.\u00a0 Gaspari\u00a0 ha chiuso al sedicesimo posto, secondo degli italiani in gara. Sul podio i tedeschi e bronzo alla Cina.<\/p>\n<p>&nbsp;<\/p>\n<blockquote>\n<h3>IL SINDACO GIANPIETRO GHEDINA<\/h3>\n<\/blockquote>\n<div>\n<div class=\"\" dir=\"auto\">\n<div id=\"jsc_c_2jx\" class=\"ecm0bbzt hv4rvrfc ihqw7lf3 dati1w0a\" data-ad-comet-preview=\"message\" data-ad-preview=\"message\">\n<div class=\"j83agx80 cbu4d94t ew0dbk1b irj2b8pg\">\n<div class=\"qzhwtbm6 knvmm38d\">\n<div class=\"kvgmc6g5 cxmmr5t8 oygrvhab hcukyx3x c1et5uql ii04i59q\">\n<blockquote>\n<div dir=\"auto\"><em>Gli ultimi quattro anni di Mattia Gaspari non sono stati facili, ma la forza di volont\u00e0 e la grinta di chi non si arrende mai gli hanno fatto superare anche i momenti pi\u00f9 duri.Anche gli infortuni fanno parte della vita degli atleti, ma \u00e8 proprio nelle difficolt\u00e0 che nascono i veri campioni.<\/em><\/div>\n<\/blockquote>\n<\/div>\n<div class=\"cxmmr5t8 oygrvhab hcukyx3x c1et5uql o9v6fnle ii04i59q\">\n<div dir=\"auto\"><\/div>\n<\/div>\n<\/div>\n<\/div>\n<\/div>\n<\/div>\n<\/div>\n<p>&nbsp;<\/p>\n<p>&nbsp;<\/p>\n<\/div>\n<\/div>\n<\/div>\n<\/div>\n<\/div>\n<\/div>\n<\/div>\n<\/div>\n","protected":false},"excerpt":{"rendered":"<p>INFORMAZIONE il canale su TELEGRAM informazione di prima mano e in tempo reale. iscriviti ed aiutaci a farlo conoscere UNA GRANDE FESTA PER STEFANIA CONSTANTINI ORO OLIMPICO DI CURLING, Ieri sera i grandi festeggiamenti con la folla delle grandi occasioni in centro a Cortina. Nei due scatti degli Amici di Cortina (facebook) l&#8217;arrivo di Stefania&hellip;<\/p>\n","protected":false},"author":4,"featured_media":259231,"comment_status":"closed","ping_status":"closed","sticky":false,"template":"","format":"standard","meta":{"_monsterinsights_skip_tracking":false,"_monsterinsights_sitenote_active":false,"_monsterinsights_sitenote_note":"","_monsterinsights_sitenote_category":0,"footnotes":""},"categories":[104,86,49],"tags":[],"class_list":["post-259016","post","type-post","status-publish","format-standard","has-post-thumbnail","hentry","category-evidenza_3","category-gr","category-news-18","category-104","category-86","category-49","description-off"],"img_url":"https:\/\/www.radiopiu.net\/wordpress\/wp-content\/uploads\/2022\/02\/273809110_4764098343716704_1164535236397530539_n.jpg","_links":{"self":[{"href":"https:\/\/www.radiopiu.net\/wordpress\/wp-json\/wp\/v2\/posts\/259016","targetHints":{"allow":["GET"]}}],"collection":[{"href":"https:\/\/www.radiopiu.net\/wordpress\/wp-json\/wp\/v2\/posts"}],"about":[{"href":"https:\/\/www.radiopiu.net\/wordpress\/wp-json\/wp\/v2\/types\/post"}],"author":[{"embeddable":true,"href":"https:\/\/www.radiopiu.net\/wordpress\/wp-json\/wp\/v2\/users\/4"}],"replies":[{"embeddable":true,"href":"https:\/\/www.radiopiu.net\/wordpress\/wp-json\/wp\/v2\/comments?post=259016"}],"version-history":[{"count":0,"href":"https:\/\/www.radiopiu.net\/wordpress\/wp-json\/wp\/v2\/posts\/259016\/revisions"}],"wp:featuredmedia":[{"embeddable":true,"href":"https:\/\/www.radiopiu.net\/wordpress\/wp-json\/wp\/v2\/media\/259231"}],"wp:attachment":[{"href":"https:\/\/www.radiopiu.net\/wordpress\/wp-json\/wp\/v2\/media?parent=259016"}],"wp:term":[{"taxonomy":"category","embeddable":true,"href":"https:\/\/www.radiopiu.net\/wordpress\/wp-json\/wp\/v2\/categories?post=259016"},{"taxonomy":"post_tag","embeddable":true,"href":"https:\/\/www.radiopiu.net\/wordpress\/wp-json\/wp\/v2\/tags?post=259016"}],"curies":[{"name":"wp","href":"https:\/\/api.w.org\/{rel}","templated":true}]}}