{"id":259053,"date":"2022-02-11T10:00:24","date_gmt":"2022-02-11T09:00:24","guid":{"rendered":"https:\/\/www.radiopiu.net\/wordpress\/?p=259053"},"modified":"2022-02-11T10:01:18","modified_gmt":"2022-02-11T09:01:18","slug":"nel-fine-settimana-con-le-lupe-e-i-rinoceronti-il-meglio-del-volley-bellunese","status":"publish","type":"post","link":"https:\/\/www.radiopiu.net\/wordpress\/nel-fine-settimana-con-le-lupe-e-i-rinoceronti-il-meglio-del-volley-bellunese\/","title":{"rendered":"NEL FINE SETTIMANA CON LE LUPE E I RINOCERONTI IL MEGLIO DEL VOLLEY BELLUNESE"},"content":{"rendered":"<p>&nbsp;<\/p>\n<p><span style=\"color: #0000ff;\"><strong>PALLAVOLO FEMMINILE<\/strong><\/span><\/p>\n<blockquote>\n<h3>LUPE DI NUOVO IN CAMPO,\u00a0 RIPARTE IL CAMPIONATO DI B2<\/h3>\n<\/blockquote>\n<p><strong><a href=\"https:\/\/www.radiopiu.net\/wordpress\/?attachment_id=259051\" rel=\"attachment wp-att-259051\"><img loading=\"lazy\" decoding=\"async\" class=\" wp-image-259051 alignleft\" src=\"https:\/\/www.radiopiu.net\/wordpress\/wp-content\/uploads\/2022\/02\/Cristina_Giacomini_sotto_rete-257x300.jpg\" alt=\"\" width=\"211\" height=\"246\" srcset=\"https:\/\/www.radiopiu.net\/wordpress\/wp-content\/uploads\/2022\/02\/Cristina_Giacomini_sotto_rete-257x300.jpg 257w, https:\/\/www.radiopiu.net\/wordpress\/wp-content\/uploads\/2022\/02\/Cristina_Giacomini_sotto_rete-879x1024.jpg 879w, https:\/\/www.radiopiu.net\/wordpress\/wp-content\/uploads\/2022\/02\/Cristina_Giacomini_sotto_rete-768x895.jpg 768w, https:\/\/www.radiopiu.net\/wordpress\/wp-content\/uploads\/2022\/02\/Cristina_Giacomini_sotto_rete.jpg 1034w\" sizes=\"auto, (max-width: 211px) 100vw, 211px\" \/><\/a>BELLUNO<\/strong>\u00a0 A distanza di 56 giorni dall\u2019ultima gara ufficiale, la Pallavolo Belluno torna ad affacciarsi al campionato femminile di serie B2.\u00a0 Domani alle 18.30 tra le mura amiche del De Mas, se la vedr\u00e0 con la capolista del girone: il Blu Team Pavia di Udine. Le friulane sono imbattute.\u00a0 La novit\u00e0:\u00a0 Cristina Giacomini,\u00a0 centrale, classe 2005 in arrivo dall\u2019Imoco Volley San Don\u00e0 (foto), \u00e8 pronta all\u2019esordio con la maglia dolomitica: <em>\u00abLa Pallavolo Belluno \u00e8 una buona opportunit\u00e0 per crescere, per giocare a buon livello in modo continuativo e per confrontarmi con avversarie pi\u00f9 mature, da cui prendere spunto. In pi\u00f9, sono vicino a casa e respiro nuovamente l\u2019aria di montagna. La proposta mi \u00e8 stata fatta in un periodo particolare della mia vita, in cui, per una serie di ragioni, ho dovuto affrontare alcuni cambiamenti e ho perso un po&#8217; di stabilit\u00e0. Ma, grazie a questa offerta, la passione per il volley rimane un punto fisso nella mia vita\u00bb.<span class=\"gmail-Apple-converted-space\"> \u00a0<\/span><\/em>Oggi con il Blu Team, la missione si annuncia quasi impossibile: <em>\u00abNon possiamo dire che la classifica non sia attendibile. Sappiamo che affronteremo una squadra molto forte. Cercheremo solo di dare il massimo e di imparare. Poi quel che sar\u00e0, sar\u00e0\u00bb<\/em>. Giacomini ha le idee ben chiare: <em>\u00abDal punto di vista individuale, mi auguro di crescere in campo e di poter dare il mio contributo. E poi spero di instaurare bellissimi rapporti con le mie compagne e di toglierci diverse soddisfazioni. Come spero che onoreremo la fiducia che ci \u00e8 stata data, portando a casa dei buoni risultati. A me piace vincere\u00bb.\u00a0<\/em><\/p>\n<p>&nbsp;<\/p>\n<hr \/>\n<p>&nbsp;<\/p>\n<p><span style=\"color: #0000ff;\"><strong>PALLAVOLO MASCHILE<\/strong><\/span><\/p>\n<blockquote>\n<h3>BELLUNO A TORINO, DA QUELLI CHE &#8220;NON MOLLANO MAI&#8221;<\/h3>\n<\/blockquote>\n<p><a href=\"https:\/\/www.radiopiu.net\/wordpress\/?attachment_id=259052\" rel=\"attachment wp-att-259052\"><img loading=\"lazy\" decoding=\"async\" class=\" wp-image-259052 alignleft\" src=\"https:\/\/www.radiopiu.net\/wordpress\/wp-content\/uploads\/2022\/02\/DRL_Torino_andata-300x200.jpg\" alt=\"\" width=\"260\" height=\"173\" srcset=\"https:\/\/www.radiopiu.net\/wordpress\/wp-content\/uploads\/2022\/02\/DRL_Torino_andata-300x200.jpg 300w, https:\/\/www.radiopiu.net\/wordpress\/wp-content\/uploads\/2022\/02\/DRL_Torino_andata-1024x682.jpg 1024w, https:\/\/www.radiopiu.net\/wordpress\/wp-content\/uploads\/2022\/02\/DRL_Torino_andata-768x512.jpg 768w, https:\/\/www.radiopiu.net\/wordpress\/wp-content\/uploads\/2022\/02\/DRL_Torino_andata.jpg 1181w\" sizes=\"auto, (max-width: 260px) 100vw, 260px\" \/><\/a> <b> <\/b>La Da Rold Logistics Belluno parte gi\u00e0 domani con destinazione\u00a0 Piemonte. Domenica alle 18 \u00e8 chiamata ad affrontare la ViViBanca: una formazione che, in questo anomalo 2022, ha sempre vinto in trasferta (a Brugherio e Garlasco) e mai in casa. In pi\u00f9, lo scorso fine settimana non \u00e8 scesa in campo: il match con Portomaggiore \u00e8 stato rinviato.\u00a0 <em>\u00abDobbiamo prestare una particolare attenzione a David Umek &#8211; analizza il secondo allenatore della Da Rold Logistics, Lorenzo Nesello -. Oltre a essere un gran saltatore, l\u2019opposto \u00e8 dotato di un colpo molto potente, sia in attacco, sia in battuta. Ed \u00e8 di gran lunga l\u2019atleta pi\u00f9 servito della squadra\u00bb. Ma Umek, che alla Spes Arena segn\u00f2 ben 27 punti, non \u00e8 il solo da tenere d\u2019occhio: \u00abIl centrale Orlando Boscardini \u00e8 abile a muro &#8211; riprende Nesello &#8211; mentre in banda Genovesio ha un buon rendimento e lo stesso vale per Richieri. In generale, la ViViBanca vanta un servizio efficace e, in pi\u00f9, giocare al palazzetto \u201cLe Cupole\u201d non \u00e8 mai facile\u00bb.\u00a0\u00a0<\/em><\/p>\n<p>&nbsp;<\/p>\n<p>&nbsp;<\/p>\n","protected":false},"excerpt":{"rendered":"<p>&nbsp; PALLAVOLO FEMMINILE LUPE DI NUOVO IN CAMPO,\u00a0 RIPARTE IL CAMPIONATO DI B2 BELLUNO\u00a0 A distanza di 56 giorni dall\u2019ultima gara ufficiale, la Pallavolo Belluno torna ad affacciarsi al campionato femminile di serie B2.\u00a0 Domani alle 18.30 tra le mura amiche del De Mas, se la vedr\u00e0 con la capolista del girone: il Blu Team&hellip;<\/p>\n","protected":false},"author":4,"featured_media":259051,"comment_status":"closed","ping_status":"closed","sticky":false,"template":"","format":"standard","meta":{"_monsterinsights_skip_tracking":false,"_monsterinsights_sitenote_active":false,"_monsterinsights_sitenote_note":"","_monsterinsights_sitenote_category":0,"footnotes":""},"categories":[51,49],"tags":[],"class_list":["post-259053","post","type-post","status-publish","format-standard","has-post-thumbnail","hentry","category-evidenza-top","category-news-18","category-51","category-49","description-off"],"img_url":"https:\/\/www.radiopiu.net\/wordpress\/wp-content\/uploads\/2022\/02\/Cristina_Giacomini_sotto_rete.jpg","_links":{"self":[{"href":"https:\/\/www.radiopiu.net\/wordpress\/wp-json\/wp\/v2\/posts\/259053","targetHints":{"allow":["GET"]}}],"collection":[{"href":"https:\/\/www.radiopiu.net\/wordpress\/wp-json\/wp\/v2\/posts"}],"about":[{"href":"https:\/\/www.radiopiu.net\/wordpress\/wp-json\/wp\/v2\/types\/post"}],"author":[{"embeddable":true,"href":"https:\/\/www.radiopiu.net\/wordpress\/wp-json\/wp\/v2\/users\/4"}],"replies":[{"embeddable":true,"href":"https:\/\/www.radiopiu.net\/wordpress\/wp-json\/wp\/v2\/comments?post=259053"}],"version-history":[{"count":0,"href":"https:\/\/www.radiopiu.net\/wordpress\/wp-json\/wp\/v2\/posts\/259053\/revisions"}],"wp:featuredmedia":[{"embeddable":true,"href":"https:\/\/www.radiopiu.net\/wordpress\/wp-json\/wp\/v2\/media\/259051"}],"wp:attachment":[{"href":"https:\/\/www.radiopiu.net\/wordpress\/wp-json\/wp\/v2\/media?parent=259053"}],"wp:term":[{"taxonomy":"category","embeddable":true,"href":"https:\/\/www.radiopiu.net\/wordpress\/wp-json\/wp\/v2\/categories?post=259053"},{"taxonomy":"post_tag","embeddable":true,"href":"https:\/\/www.radiopiu.net\/wordpress\/wp-json\/wp\/v2\/tags?post=259053"}],"curies":[{"name":"wp","href":"https:\/\/api.w.org\/{rel}","templated":true}]}}