{"id":259059,"date":"2022-02-11T10:10:15","date_gmt":"2022-02-11T09:10:15","guid":{"rendered":"https:\/\/www.radiopiu.net\/wordpress\/?p=259059"},"modified":"2022-02-11T10:12:58","modified_gmt":"2022-02-11T09:12:58","slug":"pontealpi1","status":"publish","type":"post","link":"https:\/\/www.radiopiu.net\/wordpress\/pontealpi1\/","title":{"rendered":"LA PALESTRA SCOLASTICA SARA&#8217; RIQUALIFICATA E POTRA&#8217; OSPITARE FINO A 1000 PERSONE"},"content":{"rendered":"<p><strong><a href=\"https:\/\/www.radiopiu.net\/wordpress\/la-palestra-scolastica-sara-riqualificata-e-potra-ospitare-fino-a-1000-persone\/palestra_scolastica\/\" rel=\"attachment wp-att-259060\"><img loading=\"lazy\" decoding=\"async\" class=\"size-medium wp-image-259060 alignleft\" src=\"https:\/\/www.radiopiu.net\/wordpress\/wp-content\/uploads\/2022\/02\/Palestra_scolastica-300x154.jpg\" alt=\"\" width=\"300\" height=\"154\" srcset=\"https:\/\/www.radiopiu.net\/wordpress\/wp-content\/uploads\/2022\/02\/Palestra_scolastica-300x154.jpg 300w, https:\/\/www.radiopiu.net\/wordpress\/wp-content\/uploads\/2022\/02\/Palestra_scolastica-1024x527.jpg 1024w, https:\/\/www.radiopiu.net\/wordpress\/wp-content\/uploads\/2022\/02\/Palestra_scolastica-768x395.jpg 768w, https:\/\/www.radiopiu.net\/wordpress\/wp-content\/uploads\/2022\/02\/Palestra_scolastica.jpg 1162w\" sizes=\"auto, (max-width: 300px) 100vw, 300px\" \/><\/a>PONTE NELLE ALPI<\/strong> <span class=\"gmail-Apple-converted-space\">\u00a0<\/span>La giunta comunale ha approvato il progetto di fattibilit\u00e0 tecnica per il rinnovamento della palestra scolastica, denominata Palazzetto dello Sport, presso le elementari \u201cArrigo Boito\u201d. \u00a0Edificata negli anni Ottanta a supporto delle attivit\u00e0 didattiche, la palestra \u00e8 utilizzata anche per iniziative extra-scolastiche, ha una possibile capienza di 498 persone sulle tribune e 450 sul terreno di gioco, in caso di riunioni o conferenze.<span class=\"gmail-Apple-converted-space\"> \u00a0<\/span>Alla luce dell\u2019avviso nazionale del Pnrr per il potenziamento dei servizi di istruzione e il piano infrastrutture per lo sport nelle scuole, l\u2019amministrazione comunale ha votato il progetto di fattibilit\u00e0 tecnica ed economica redatto dall\u2019architetto Pietro Vittorio: la spesa complessiva \u00e8 di 970mila euro. Lo stesso progetto prevede l\u2019abbattimento delle barriere architettoniche, la riqualificazione energetica, il miglioramento dell\u2019area gioco, il restyling della zona pubblica, la sistemazione degli spogliatoi e la verifica sismica.<span class=\"gmail-Apple-converted-space\"> \u00a0<\/span><em>Questo importante intervento si aggiunge alla riqualificazione della struttura sportiva polivalente di Quantin, che diventer\u00e0 \u201cPalaQuantin\u201d: i lavori, iniziati la scorsa settimana, interessano l\u2019impianto elettrico e la sicurezza della struttura che potr\u00e0 cos\u00ec ospitare manifestazioni culturali, sociali e concerti. Un\u2019opportunit\u00e0 in pi\u00f9 per i Coi de Pera e per il Nevegal, con una valenza sovra-provinciale di iniziative e attivit\u00e0.<\/em><\/p>\n<p>&nbsp;<\/p>\n<p>&nbsp;<\/p>\n<p>**<\/p>\n<p>&nbsp;<\/p>\n","protected":false},"excerpt":{"rendered":"<p>PONTE NELLE ALPI \u00a0La giunta comunale ha approvato il progetto di fattibilit\u00e0 tecnica per il rinnovamento della palestra scolastica, denominata Palazzetto dello Sport, presso le elementari \u201cArrigo Boito\u201d. \u00a0Edificata negli anni Ottanta a supporto delle attivit\u00e0 didattiche, la palestra \u00e8 utilizzata anche per iniziative extra-scolastiche, ha una possibile capienza di 498 persone sulle tribune e&hellip;<\/p>\n","protected":false},"author":4,"featured_media":259060,"comment_status":"closed","ping_status":"closed","sticky":false,"template":"","format":"standard","meta":{"_monsterinsights_skip_tracking":false,"_monsterinsights_sitenote_active":false,"_monsterinsights_sitenote_note":"","_monsterinsights_sitenote_category":0,"footnotes":""},"categories":[51,49],"tags":[],"class_list":["post-259059","post","type-post","status-publish","format-standard","has-post-thumbnail","hentry","category-evidenza-top","category-news-18","category-51","category-49","description-off"],"img_url":"https:\/\/www.radiopiu.net\/wordpress\/wp-content\/uploads\/2022\/02\/Palestra_scolastica.jpg","_links":{"self":[{"href":"https:\/\/www.radiopiu.net\/wordpress\/wp-json\/wp\/v2\/posts\/259059","targetHints":{"allow":["GET"]}}],"collection":[{"href":"https:\/\/www.radiopiu.net\/wordpress\/wp-json\/wp\/v2\/posts"}],"about":[{"href":"https:\/\/www.radiopiu.net\/wordpress\/wp-json\/wp\/v2\/types\/post"}],"author":[{"embeddable":true,"href":"https:\/\/www.radiopiu.net\/wordpress\/wp-json\/wp\/v2\/users\/4"}],"replies":[{"embeddable":true,"href":"https:\/\/www.radiopiu.net\/wordpress\/wp-json\/wp\/v2\/comments?post=259059"}],"version-history":[{"count":0,"href":"https:\/\/www.radiopiu.net\/wordpress\/wp-json\/wp\/v2\/posts\/259059\/revisions"}],"wp:featuredmedia":[{"embeddable":true,"href":"https:\/\/www.radiopiu.net\/wordpress\/wp-json\/wp\/v2\/media\/259060"}],"wp:attachment":[{"href":"https:\/\/www.radiopiu.net\/wordpress\/wp-json\/wp\/v2\/media?parent=259059"}],"wp:term":[{"taxonomy":"category","embeddable":true,"href":"https:\/\/www.radiopiu.net\/wordpress\/wp-json\/wp\/v2\/categories?post=259059"},{"taxonomy":"post_tag","embeddable":true,"href":"https:\/\/www.radiopiu.net\/wordpress\/wp-json\/wp\/v2\/tags?post=259059"}],"curies":[{"name":"wp","href":"https:\/\/api.w.org\/{rel}","templated":true}]}}