{"id":259081,"date":"2022-02-11T11:18:24","date_gmt":"2022-02-11T10:18:24","guid":{"rendered":"https:\/\/www.radiopiu.net\/wordpress\/?p=259081"},"modified":"2022-02-11T11:18:25","modified_gmt":"2022-02-11T10:18:25","slug":"tutte-le-classi-dellistituto-agosti-hanno-gia-aderito-a-biciscuola-2022","status":"publish","type":"post","link":"https:\/\/www.radiopiu.net\/wordpress\/tutte-le-classi-dellistituto-agosti-hanno-gia-aderito-a-biciscuola-2022\/","title":{"rendered":"TUTTE LE CLASSI DELL&#8217;ISTITUTO AGOSTI HANNO GIA&#8217; ADERITO A BICISCUOLA 2022"},"content":{"rendered":"<blockquote>\n<h3><\/h3>\n<\/blockquote>\n<p><strong><a href=\"https:\/\/www.radiopiu.net\/wordpress\/?attachment_id=259080\" rel=\"attachment wp-att-259080\"><img loading=\"lazy\" decoding=\"async\" class=\" wp-image-259080 alignleft\" src=\"https:\/\/www.radiopiu.net\/wordpress\/wp-content\/uploads\/2022\/02\/th-7.jpg\" alt=\"\" width=\"205\" height=\"154\" \/><\/a>BELLUNO<\/strong> Biciscuola \u00e8 il\u00a0 progetto di RCS Sport giunto alla sua 21esima edizione. Obiettivo: sensibilizzare i pi\u00f9 piccoli all\u2019utilizzo della bicicletta per uno stile di vita sano, al fairplay sportivo, a un\u2019alimentazione equilibrata, all\u2019educazione stradale e alle regole della nuova mobilit\u00e0 sostenibile.\u00a0Un\u2019iniziativa che coinvolge i bambini delle scuole primarie (6-10 anni) situate nelle localit\u00e0 attraversate dal Giro d\u2019Italia.\u00a0 Novit\u00e0 di quest\u2019anno\u00a0 il coinvolgimento di Marco Martinelli, divulgatore scientifico e ricercatore affiliato della Scuola Superiore Sant&#8217;Anna di Pisa. \u00a0A lui RCS Sport ha affidato la realizzazione di video-tutorial di BICISCUOLA e la produzione di una serie di brevi filmati dedicati, che Martinelli diffonder\u00e0 anche sul profilo <a href=\"http:\/\/www.tiktok.com\/@marcoilgiallino\">www.tiktok.com\/@marcoilgiallino<\/a> oltre che su quelli del Giro d\u2019Italia. Agli alunni della classe partecipante al BICISCUOLA sar\u00e0 chiesto di realizzare degli elaborati creativi su uno dei seguenti argomenti: bicicletta \/ educazione stradale \/ educazione ambientale. In ogni citt\u00e0 di tappa (partenze e arrivi) verr\u00e0 premiata la classe che avr\u00e0 realizzato il miglior elaborato<\/p>\n<p>&nbsp;<\/p>\n<p>****<\/p>\n","protected":false},"excerpt":{"rendered":"<p>BELLUNO Biciscuola \u00e8 il\u00a0 progetto di RCS Sport giunto alla sua 21esima edizione. Obiettivo: sensibilizzare i pi\u00f9 piccoli all\u2019utilizzo della bicicletta per uno stile di vita sano, al fairplay sportivo, a un\u2019alimentazione equilibrata, all\u2019educazione stradale e alle regole della nuova mobilit\u00e0 sostenibile.\u00a0Un\u2019iniziativa che coinvolge i bambini delle scuole primarie (6-10 anni) situate nelle localit\u00e0 attraversate&hellip;<\/p>\n","protected":false},"author":4,"featured_media":259080,"comment_status":"closed","ping_status":"closed","sticky":false,"template":"","format":"standard","meta":{"_monsterinsights_skip_tracking":false,"_monsterinsights_sitenote_active":false,"_monsterinsights_sitenote_note":"","_monsterinsights_sitenote_category":0,"footnotes":""},"categories":[49],"tags":[],"class_list":["post-259081","post","type-post","status-publish","format-standard","has-post-thumbnail","hentry","category-news-18","category-49","description-off"],"img_url":"https:\/\/www.radiopiu.net\/wordpress\/wp-content\/uploads\/2022\/02\/th-7.jpg","_links":{"self":[{"href":"https:\/\/www.radiopiu.net\/wordpress\/wp-json\/wp\/v2\/posts\/259081","targetHints":{"allow":["GET"]}}],"collection":[{"href":"https:\/\/www.radiopiu.net\/wordpress\/wp-json\/wp\/v2\/posts"}],"about":[{"href":"https:\/\/www.radiopiu.net\/wordpress\/wp-json\/wp\/v2\/types\/post"}],"author":[{"embeddable":true,"href":"https:\/\/www.radiopiu.net\/wordpress\/wp-json\/wp\/v2\/users\/4"}],"replies":[{"embeddable":true,"href":"https:\/\/www.radiopiu.net\/wordpress\/wp-json\/wp\/v2\/comments?post=259081"}],"version-history":[{"count":0,"href":"https:\/\/www.radiopiu.net\/wordpress\/wp-json\/wp\/v2\/posts\/259081\/revisions"}],"wp:featuredmedia":[{"embeddable":true,"href":"https:\/\/www.radiopiu.net\/wordpress\/wp-json\/wp\/v2\/media\/259080"}],"wp:attachment":[{"href":"https:\/\/www.radiopiu.net\/wordpress\/wp-json\/wp\/v2\/media?parent=259081"}],"wp:term":[{"taxonomy":"category","embeddable":true,"href":"https:\/\/www.radiopiu.net\/wordpress\/wp-json\/wp\/v2\/categories?post=259081"},{"taxonomy":"post_tag","embeddable":true,"href":"https:\/\/www.radiopiu.net\/wordpress\/wp-json\/wp\/v2\/tags?post=259081"}],"curies":[{"name":"wp","href":"https:\/\/api.w.org\/{rel}","templated":true}]}}