{"id":259093,"date":"2022-02-11T15:02:19","date_gmt":"2022-02-11T14:02:19","guid":{"rendered":"https:\/\/www.radiopiu.net\/wordpress\/?p=259093"},"modified":"2022-02-11T15:04:35","modified_gmt":"2022-02-11T14:04:35","slug":"econcentrovalpe","status":"publish","type":"post","link":"https:\/\/www.radiopiu.net\/wordpress\/econcentrovalpe\/","title":{"rendered":"AUMENTI VELATI, GLI STRACCI NON PIU&#8217; ALL&#8217;ECOCENTRO MA NEL SECCO E AL TERZO GIRO S&#8217;INIZIA A PAGARE"},"content":{"rendered":"<p><strong><a href=\"https:\/\/www.radiopiu.net\/wordpress\/aumenti-velati-gli-stracci-non-piu-allecocentro-ma-nel-secco-e-al-terzo-giro-sinizia-a-pagare\/rags-245431__340\/\" rel=\"attachment wp-att-259094\"><img loading=\"lazy\" decoding=\"async\" class=\" wp-image-259094 alignleft\" src=\"https:\/\/www.radiopiu.net\/wordpress\/wp-content\/uploads\/2022\/02\/rags-245431__340-300x225.jpg\" alt=\"\" width=\"221\" height=\"166\" srcset=\"https:\/\/www.radiopiu.net\/wordpress\/wp-content\/uploads\/2022\/02\/rags-245431__340-300x225.jpg 300w, https:\/\/www.radiopiu.net\/wordpress\/wp-content\/uploads\/2022\/02\/rags-245431__340.jpg 453w\" sizes=\"auto, (max-width: 221px) 100vw, 221px\" \/><\/a>REDAZIONE<\/strong> Aumenta il combustibile da trazione e da riscaldamento, aumentano le materie prime e i costi per operazioni diverse (a volta anche per cambiare il denaro da carta a moneta sonante), sono stati preannunciati aumenti del servizio idrico e per i contribuenti c&#8217;\u00e8 un altro aumento, non per tutti per la verit\u00e0 ma \u00e8 anche ben velato. Infatti,\u00a0 all&#8217;ecocentro non raccolgono pi\u00f9 i vestiti vecchi\u00a0 che si devono mettere nel bidone del secco. Il bidone del secco ha due consegne all&#8217;anno prepagate,\u00a0 dalla terza in poi il costo aumenta per ogni svuotamento senza alcun benefit. Gli stracci fanno parecchio volume quindi\u00a0 il cittadino pagher\u00e0 di pi\u00f9. Dagli uffici di Valpe Ambiente ad Agordo la conferma: all&#8217;ecocentro gli &#8220;stracci&#8221; non vengono pi\u00f9 conferiti, ma vanno gettati nel secco. Ci sono poi le campane gialle, quella della Caritas, ma in questo caso vanno conferiti vestiti in buono stato cos\u00ec come le scarpe e sempre allacciate. <em>&#8220;Mi chiedo perch\u00e9 i sindaci abbiamo preso questa decisione o non abbiamo almeno aumentato il numero di raccolte del secco comprese nella tariffa- si chiede un ascoltatore di Radio Pi\u00f9, purtroppo gli incivili pur di risparmiare lasceranno sacchi di stracci lungo le scarpate&#8221;. Altrimenti troveremo i vestiti nelle scarpate&#8221;<\/em><\/p>\n<p>&nbsp;<\/p>\n<p>***<\/p>\n","protected":false},"excerpt":{"rendered":"<p>REDAZIONE Aumenta il combustibile da trazione e da riscaldamento, aumentano le materie prime e i costi per operazioni diverse (a volta anche per cambiare il denaro da carta a moneta sonante), sono stati preannunciati aumenti del servizio idrico e per i contribuenti c&#8217;\u00e8 un altro aumento, non per tutti per la verit\u00e0 ma \u00e8 anche&hellip;<\/p>\n","protected":false},"author":4,"featured_media":259094,"comment_status":"closed","ping_status":"closed","sticky":false,"template":"","format":"standard","meta":{"_monsterinsights_skip_tracking":false,"_monsterinsights_sitenote_active":false,"_monsterinsights_sitenote_note":"","_monsterinsights_sitenote_category":0,"footnotes":""},"categories":[51,49],"tags":[],"class_list":["post-259093","post","type-post","status-publish","format-standard","has-post-thumbnail","hentry","category-evidenza-top","category-news-18","category-51","category-49","description-off"],"img_url":"https:\/\/www.radiopiu.net\/wordpress\/wp-content\/uploads\/2022\/02\/rags-245431__340.jpg","_links":{"self":[{"href":"https:\/\/www.radiopiu.net\/wordpress\/wp-json\/wp\/v2\/posts\/259093","targetHints":{"allow":["GET"]}}],"collection":[{"href":"https:\/\/www.radiopiu.net\/wordpress\/wp-json\/wp\/v2\/posts"}],"about":[{"href":"https:\/\/www.radiopiu.net\/wordpress\/wp-json\/wp\/v2\/types\/post"}],"author":[{"embeddable":true,"href":"https:\/\/www.radiopiu.net\/wordpress\/wp-json\/wp\/v2\/users\/4"}],"replies":[{"embeddable":true,"href":"https:\/\/www.radiopiu.net\/wordpress\/wp-json\/wp\/v2\/comments?post=259093"}],"version-history":[{"count":0,"href":"https:\/\/www.radiopiu.net\/wordpress\/wp-json\/wp\/v2\/posts\/259093\/revisions"}],"wp:featuredmedia":[{"embeddable":true,"href":"https:\/\/www.radiopiu.net\/wordpress\/wp-json\/wp\/v2\/media\/259094"}],"wp:attachment":[{"href":"https:\/\/www.radiopiu.net\/wordpress\/wp-json\/wp\/v2\/media?parent=259093"}],"wp:term":[{"taxonomy":"category","embeddable":true,"href":"https:\/\/www.radiopiu.net\/wordpress\/wp-json\/wp\/v2\/categories?post=259093"},{"taxonomy":"post_tag","embeddable":true,"href":"https:\/\/www.radiopiu.net\/wordpress\/wp-json\/wp\/v2\/tags?post=259093"}],"curies":[{"name":"wp","href":"https:\/\/api.w.org\/{rel}","templated":true}]}}