{"id":259126,"date":"2022-02-11T23:59:52","date_gmt":"2022-02-11T22:59:52","guid":{"rendered":"https:\/\/www.radiopiu.net\/wordpress\/?p=259126"},"modified":"2022-02-11T15:37:27","modified_gmt":"2022-02-11T14:37:27","slug":"crepadona-piazza-dei-martiri-chiese-splendidi-palazzi-e-la-porta-dojona","status":"publish","type":"post","link":"https:\/\/www.radiopiu.net\/wordpress\/crepadona-piazza-dei-martiri-chiese-splendidi-palazzi-e-la-porta-dojona\/","title":{"rendered":"CREPADONA, PIAZZA DEI MARTIRI, CHIESE SPLENDIDI PALAZZI E LA PORTA DOJONA"},"content":{"rendered":"<p><strong>di\u00a0 RENATO BONA<\/strong><\/p>\n<p>Volentieri , sempre accompagnati dal libro-guida \u201cUna giornata a Belluno\u201d, edito nel dicembre 1993 dall\u2019Istituto bellunese di ricerche sociali e culturali (Bertoncello arti grafiche di Cittadella; testi del Gruppo operatori culturali con Andrea Basile, Sandra Bardin, Mariagrazia Bortot, Federico Bressan, Sergio Sacco; foto a colori di Giorgio Ghe; foto in bianco e nero di Gigetto De BortolI; cartina topografica dello studio tecnico dell\u2019architetto Roberto Reolon; traduzioni curate dalla scuola di lingue \u201cMarco Polo\u201d) visitiamo un\u2019altra porzione di \u201cBelluno citt\u00e0 splendente\u201d. Partiamo dal cinquecentesco Palazzo Crepadona (dove stanno per essere ultimati importanti lavori di restauro \u2013 ndr.) che il Comune ha destinato a Centro culturale polifunzionale. Si spiega che \u201cla composizione edilizia \u00e8 certamente veneziana. Ospita la Biblioteca civica, un salone per convegni e salette per riunioni. Il sottotetto, con il suggestivo gioco di antiche travature \u00e8 diventato saletta per audizioni e l\u2019\u2018altana\u2019 \u00e8 una meravigliosa balconata sulla Citt\u00e0\u201d. Ancora: Il bel cortile \u00e8 ornato da portici e sovrastato da splendidi loggiati, ora divenuti gallerie. E\u2019 di linee purissime e si sviluppa in forme inconsuete per permettere l\u2019accesso, attraverso la scala, al piano superiore. Ospita il Sarcofago di Flavio Ostilio e della moglie Domizia che era stato rinvenuto durante gli scavi di fondazione del campanile di Santo Stefano nel 1480. In proposito, una curiosit\u00e0:il sarcofago che ha ai lati scene di caccia, personaggi e ornamenti vari \u201cporta una scritta in latino con una chiusa in greco di sapore misterico, che suona: \u2018Sii vigile e rallegrati ricordando sempre i tuoi monti\u2019\u201d. Ed eccoci nella vicina Piazza dei Martiri che nei secoli ha avuto diversi nomi: dal \u201cCampo di Marte\u201d dell\u2019antichit\u00e0 a Piazza Campedel perch\u00e9 era il \u2018piccolo campo\u2019 a ridosso delle mura dove si svolgevano esercitazioni, fiere, mercati, parate, raduni; poi per quasi un secolo fu Piazza del Papa in onore del bellunese Gregorio XVI; infine Piazza dei Martiri a ricordo dei quattro partigiani impiccati dai tedeschi. Attualmente \u00e8 il centro commerciale della Citt\u00e0. Nella stessa piazza nel 1561 \u00e8 stata eretta la chiesa in onore di San Rocco \u201cper essere liberati dalla peste\u201d. Restaurata nel 1856, si presenta sulla piazza con una facciata di aspetto complessivamente rinascimentale, abbellita da due finestre allungate e dalla nicchia con la statua del Santo. Le pitture esterne, di ignoto frescante cinquecentesco, rappresentano la Crocifissione con i santi Rocco e Sebastiano e La Vergine con i santi Cosma e Damiano; sopra la porta una lunetta con \u201cBelluno nel \u2018500\u2019\u201d. All\u2019interno, a navata unica, varie importanti opere: Estasi di San Francesco, autore Gaspare Diziani, tabernacolo in legno di Valentino Panciera Besarel, un\u2019Assunzione, probabilmente realizzata da Cesare Vecellio; di Luigi Cima il San Giovanni Bosco nell\u2019altare di sinistra. Ancora in Piazza per Palazzo Cappellari della Colomba, famiglia di Papa Gregorio XVI, voluto dal nipote del pontefice e costruito nel 1836 su disegno del Segusini. Arriviamo al Teatro comunale, progettato dallo stesso Giuseppe Segusini e considerato \u201cedificio eminente\u201d, di concezione neoclassica con la facciata impostata su quattro poderose colonne con gradinate e atrio che \u201crichiamano lo stile di alcune ville venete\u201d. Di sapore settecentesco l\u2019attico superiore con 4 statue acquistate dagli eredi di Antonio Canova; i bassorilievi con Orfeo ed Euridice sono invece di Pietro Zandomeneghi. Poche decine di metri e siamo nella Piazza Santo Stefano dove sorge la Chiesa dei santi Biagio e Stefano \u201cuno dei monumenti pi\u00f9 prestigiosi della Citt\u00e0, collocata in una armoniosa piazzetta, caratterizzata da una fontana in pietra del 1573\u201d. Ignoto il progettista dell\u2019edificio sacro \u00e8 certo che la costruzione \u00e8 stata conclusa nel 1485. La facciata in pietra a vista \u00e8 ornata da un bel rosone lobato mentre due occhi, di diametro inferiore, sono posti a quota leggermente pi\u00f9 bassa. Le porte in bronzo sono dello scultore agordino Dante Moro e propongono scene della Genesi e del Nuovo Testamento. L\u2019interno: chiesa impostata su tre navate con \u201caspetto di suggestiva bellezza\u201d, ospita parecchi dipinti di pittori famosi come: Cesare Vecellio, Jacopo da Montagnana, Francesco Frigimelica il Vecchio, Agostino Ridolfi, Antonio Lazzarini. Due bellissimi angeli portalampade ed il piedestallo sono di Andrea Brustolon. Concludiamo con Porta Dojona e Palazzo Minerva. La prima chiamata Dojona in onore di un vescovo \u00e8 conosciuta anche come \u201cPorta delle catene\u201d per l\u2019antica presenza del ponte levatoio. Costruita nel 1553 \u00e8 in stile rinascimentale come confermano le colonne su alti piedistalli, l\u2019architrave lavorato a triglifi, le due cariatidi ai lati del leone di San Marco. L\u2019alternanza di vuoti e pieni, quindi di luci ed ombre \u201cd\u00e0 un senso di severit\u00e0 all\u2019insieme\u201d. La parte sud ha ancora due antichissimi portali. Il \u201c\u201dMinerva\u201d: palazzo costruito a fine Settecento su disegno di Francesco Maria Preti. Per un certo periodo sede del cenacolo dei poeti e letterati, l\u2019accademia degli Anistamici (o Risorti) \u201cche tanto lustro hanno dato, allora, alla Citt\u00e0. La facciata \u00e8 dimensionata dal portico e dal timpano triangolare, caratterizzata da regolari quadrature formate da linee orizzontali e colonne; \u00e8 abbellita da molti ornamenti in pietra, come i simboli a bassorilievo sulla trabeazione a mo\u2019 di triglifi e metope dei templi greci, con oggetti vari: vomere, innesto, compasso, squadra, cannocchiale, mappamondo, vanga, ruota.<\/p>\n\n\t\t\t<style type='text\/css'>\n\t\t\t\t#gallery-1 {\n\t\t\t\t\tmargin: auto;\n\t\t\t\t}\n\t\t\t\t#gallery-1 .gallery-item {\n\t\t\t\t\tfloat: left;\n\t\t\t\t\tmargin-top: 10px;\n\t\t\t\t\ttext-align: center;\n\t\t\t\t\twidth: 20%;\n\t\t\t\t}\n\t\t\t\t#gallery-1 img {\n\t\t\t\t\tborder: 2px solid #cfcfcf;\n\t\t\t\t}\n\t\t\t\t#gallery-1 .gallery-caption {\n\t\t\t\t\tmargin-left: 0;\n\t\t\t\t}\n\t\t\t\t\/* see gallery_shortcode() in wp-includes\/media.php *\/\n\t\t\t<\/style>\n\t\t<div id='gallery-1' class='dt-gallery-container gallery galleryid-259126 gallery-columns-5 gallery-size-thumbnail'><dl class='gallery-item'>\n\t\t\t\t<dt class='gallery-icon portrait'>\n\t\t\t\t\t<a class=\"rollover rollover-zoom dt-pswp-item\" title=\"272542469_717561845895590_1278220179377723535_n\" data-dt-img-description=\"\" data-large_image_width=\"189\" data-large_image_height=\"206\"href='https:\/\/www.radiopiu.net\/wordpress\/wp-content\/uploads\/2022\/02\/272542469_717561845895590_1278220179377723535_n.jpg'><img loading=\"lazy\" decoding=\"async\" width=\"150\" height=\"150\" src=\"https:\/\/www.radiopiu.net\/wordpress\/wp-content\/uploads\/2022\/02\/272542469_717561845895590_1278220179377723535_n-150x150.jpg\" class=\"attachment-thumbnail size-thumbnail\" alt=\"\" \/><\/a>\n\t\t\t\t<\/dt><\/dl><dl class='gallery-item'>\n\t\t\t\t<dt class='gallery-icon portrait'>\n\t\t\t\t\t<a class=\"rollover rollover-zoom dt-pswp-item\" title=\"259626334_249811563866560_1289951281896007185_n\" data-dt-img-description=\"\" data-large_image_width=\"154\" data-large_image_height=\"240\"href='https:\/\/www.radiopiu.net\/wordpress\/wp-content\/uploads\/2022\/02\/259626334_249811563866560_1289951281896007185_n.jpg'><img loading=\"lazy\" decoding=\"async\" width=\"150\" height=\"150\" src=\"https:\/\/www.radiopiu.net\/wordpress\/wp-content\/uploads\/2022\/02\/259626334_249811563866560_1289951281896007185_n-150x150.jpg\" class=\"attachment-thumbnail size-thumbnail\" alt=\"\" \/><\/a>\n\t\t\t\t<\/dt><\/dl><dl class='gallery-item'>\n\t\t\t\t<dt class='gallery-icon portrait'>\n\t\t\t\t\t<a class=\"rollover rollover-zoom dt-pswp-item\" title=\"272810978_640417167068797_5963711573743187429_n\" data-dt-img-description=\"\" data-large_image_width=\"150\" data-large_image_height=\"247\"href='https:\/\/www.radiopiu.net\/wordpress\/wp-content\/uploads\/2022\/02\/272810978_640417167068797_5963711573743187429_n.jpg'><img loading=\"lazy\" decoding=\"async\" width=\"150\" height=\"150\" src=\"https:\/\/www.radiopiu.net\/wordpress\/wp-content\/uploads\/2022\/02\/272810978_640417167068797_5963711573743187429_n-150x150.jpg\" class=\"attachment-thumbnail size-thumbnail\" alt=\"\" \/><\/a>\n\t\t\t\t<\/dt><\/dl><dl class='gallery-item'>\n\t\t\t\t<dt class='gallery-icon portrait'>\n\t\t\t\t\t<a class=\"rollover rollover-zoom dt-pswp-item\" title=\"272603884_353420856647512_2288250499739726066_n\" data-dt-img-description=\"\" data-large_image_width=\"155\" data-large_image_height=\"240\"href='https:\/\/www.radiopiu.net\/wordpress\/wp-content\/uploads\/2022\/02\/272603884_353420856647512_2288250499739726066_n.jpg'><img loading=\"lazy\" decoding=\"async\" width=\"150\" height=\"150\" src=\"https:\/\/www.radiopiu.net\/wordpress\/wp-content\/uploads\/2022\/02\/272603884_353420856647512_2288250499739726066_n-150x150.jpg\" class=\"attachment-thumbnail size-thumbnail\" alt=\"\" \/><\/a>\n\t\t\t\t<\/dt><\/dl><dl class='gallery-item'>\n\t\t\t\t<dt class='gallery-icon portrait'>\n\t\t\t\t\t<a class=\"rollover rollover-zoom dt-pswp-item\" title=\"272845163_2782638915374630_766570921734043888_n\" data-dt-img-description=\"\" data-large_image_width=\"149\" data-large_image_height=\"206\"href='https:\/\/www.radiopiu.net\/wordpress\/wp-content\/uploads\/2022\/02\/272845163_2782638915374630_766570921734043888_n.jpg'><img loading=\"lazy\" decoding=\"async\" width=\"149\" height=\"150\" src=\"https:\/\/www.radiopiu.net\/wordpress\/wp-content\/uploads\/2022\/02\/272845163_2782638915374630_766570921734043888_n-149x150.jpg\" class=\"attachment-thumbnail size-thumbnail\" alt=\"\" \/><\/a>\n\t\t\t\t<\/dt><\/dl><br style=\"clear: both\" \/><dl class='gallery-item'>\n\t\t\t\t<dt class='gallery-icon portrait'>\n\t\t\t\t\t<a class=\"rollover rollover-zoom dt-pswp-item\" title=\"272790609_658000265521897_8964554932680849623_n\" data-dt-img-description=\"\" data-large_image_width=\"158\" data-large_image_height=\"240\"href='https:\/\/www.radiopiu.net\/wordpress\/wp-content\/uploads\/2022\/02\/272790609_658000265521897_8964554932680849623_n.jpg'><img loading=\"lazy\" decoding=\"async\" width=\"150\" height=\"150\" src=\"https:\/\/www.radiopiu.net\/wordpress\/wp-content\/uploads\/2022\/02\/272790609_658000265521897_8964554932680849623_n-150x150.jpg\" class=\"attachment-thumbnail size-thumbnail\" alt=\"\" \/><\/a>\n\t\t\t\t<\/dt><\/dl><dl class='gallery-item'>\n\t\t\t\t<dt class='gallery-icon portrait'>\n\t\t\t\t\t<a class=\"rollover rollover-zoom dt-pswp-item\" title=\"258881098_643141436741528_231906692097533813_n\" data-dt-img-description=\"\" data-large_image_width=\"153\" data-large_image_height=\"225\"href='https:\/\/www.radiopiu.net\/wordpress\/wp-content\/uploads\/2022\/02\/258881098_643141436741528_231906692097533813_n.jpg'><img loading=\"lazy\" decoding=\"async\" width=\"150\" height=\"150\" src=\"https:\/\/www.radiopiu.net\/wordpress\/wp-content\/uploads\/2022\/02\/258881098_643141436741528_231906692097533813_n-150x150.jpg\" class=\"attachment-thumbnail size-thumbnail\" alt=\"\" \/><\/a>\n\t\t\t\t<\/dt><\/dl><dl class='gallery-item'>\n\t\t\t\t<dt class='gallery-icon portrait'>\n\t\t\t\t\t<a class=\"rollover rollover-zoom dt-pswp-item\" title=\"272790609_3154851831429362_3005943237438255196_n\" data-dt-img-description=\"\" data-large_image_width=\"152\" data-large_image_height=\"240\"href='https:\/\/www.radiopiu.net\/wordpress\/wp-content\/uploads\/2022\/02\/272790609_3154851831429362_3005943237438255196_n.jpg'><img loading=\"lazy\" decoding=\"async\" width=\"150\" height=\"150\" src=\"https:\/\/www.radiopiu.net\/wordpress\/wp-content\/uploads\/2022\/02\/272790609_3154851831429362_3005943237438255196_n-150x150.jpg\" class=\"attachment-thumbnail size-thumbnail\" alt=\"\" \/><\/a>\n\t\t\t\t<\/dt><\/dl><dl class='gallery-item'>\n\t\t\t\t<dt class='gallery-icon portrait'>\n\t\t\t\t\t<a class=\"rollover rollover-zoom dt-pswp-item\" title=\"272780371_1537946313245806_3470945507959287910_n\" data-dt-img-description=\"\" data-large_image_width=\"160\" data-large_image_height=\"199\"href='https:\/\/www.radiopiu.net\/wordpress\/wp-content\/uploads\/2022\/02\/272780371_1537946313245806_3470945507959287910_n.jpg'><img loading=\"lazy\" decoding=\"async\" width=\"150\" height=\"150\" src=\"https:\/\/www.radiopiu.net\/wordpress\/wp-content\/uploads\/2022\/02\/272780371_1537946313245806_3470945507959287910_n-150x150.jpg\" class=\"attachment-thumbnail size-thumbnail\" alt=\"\" \/><\/a>\n\t\t\t\t<\/dt><\/dl><dl class='gallery-item'>\n\t\t\t\t<dt class='gallery-icon portrait'>\n\t\t\t\t\t<a class=\"rollover rollover-zoom dt-pswp-item\" title=\"273072366_1411092435974920_3377185812376272564_n\" data-dt-img-description=\"\" data-large_image_width=\"173\" data-large_image_height=\"200\"href='https:\/\/www.radiopiu.net\/wordpress\/wp-content\/uploads\/2022\/02\/273072366_1411092435974920_3377185812376272564_n.jpg'><img loading=\"lazy\" decoding=\"async\" width=\"150\" height=\"150\" src=\"https:\/\/www.radiopiu.net\/wordpress\/wp-content\/uploads\/2022\/02\/273072366_1411092435974920_3377185812376272564_n-150x150.jpg\" class=\"attachment-thumbnail size-thumbnail\" alt=\"\" \/><\/a>\n\t\t\t\t<\/dt><\/dl><br style=\"clear: both\" \/><dl class='gallery-item'>\n\t\t\t\t<dt class='gallery-icon portrait'>\n\t\t\t\t\t<a class=\"rollover rollover-zoom dt-pswp-item\" title=\"273180898_1554019831651097_6503314268653693847_n\" data-dt-img-description=\"\" data-large_image_width=\"151\" data-large_image_height=\"225\"href='https:\/\/www.radiopiu.net\/wordpress\/wp-content\/uploads\/2022\/02\/273180898_1554019831651097_6503314268653693847_n.jpg'><img loading=\"lazy\" decoding=\"async\" width=\"150\" height=\"150\" src=\"https:\/\/www.radiopiu.net\/wordpress\/wp-content\/uploads\/2022\/02\/273180898_1554019831651097_6503314268653693847_n-150x150.jpg\" class=\"attachment-thumbnail size-thumbnail\" alt=\"\" \/><\/a>\n\t\t\t\t<\/dt><\/dl><dl class='gallery-item'>\n\t\t\t\t<dt class='gallery-icon portrait'>\n\t\t\t\t\t<a class=\"rollover rollover-zoom dt-pswp-item\" title=\"272945300_1080162829195878_318715681486545064_n\" data-dt-img-description=\"\" data-large_image_width=\"152\" data-large_image_height=\"225\"href='https:\/\/www.radiopiu.net\/wordpress\/wp-content\/uploads\/2022\/02\/272945300_1080162829195878_318715681486545064_n.jpg'><img loading=\"lazy\" decoding=\"async\" width=\"150\" height=\"150\" src=\"https:\/\/www.radiopiu.net\/wordpress\/wp-content\/uploads\/2022\/02\/272945300_1080162829195878_318715681486545064_n-150x150.jpg\" class=\"attachment-thumbnail size-thumbnail\" alt=\"\" \/><\/a>\n\t\t\t\t<\/dt><\/dl><dl class='gallery-item'>\n\t\t\t\t<dt class='gallery-icon portrait'>\n\t\t\t\t\t<a class=\"rollover rollover-zoom dt-pswp-item\" title=\"273820320_3202931860025730_2877980558460761455_n\" data-dt-img-description=\"\" data-large_image_width=\"154\" data-large_image_height=\"225\"href='https:\/\/www.radiopiu.net\/wordpress\/wp-content\/uploads\/2022\/02\/273820320_3202931860025730_2877980558460761455_n.jpg'><img loading=\"lazy\" decoding=\"async\" width=\"150\" height=\"150\" src=\"https:\/\/www.radiopiu.net\/wordpress\/wp-content\/uploads\/2022\/02\/273820320_3202931860025730_2877980558460761455_n-150x150.jpg\" class=\"attachment-thumbnail size-thumbnail\" alt=\"\" \/><\/a>\n\t\t\t\t<\/dt><\/dl><dl class='gallery-item'>\n\t\t\t\t<dt class='gallery-icon portrait'>\n\t\t\t\t\t<a class=\"rollover rollover-zoom dt-pswp-item\" title=\"272486759_361476848860940_5288357686061055823_n\" data-dt-img-description=\"\" data-large_image_width=\"158\" data-large_image_height=\"240\"href='https:\/\/www.radiopiu.net\/wordpress\/wp-content\/uploads\/2022\/02\/272486759_361476848860940_5288357686061055823_n.jpg'><img loading=\"lazy\" decoding=\"async\" width=\"150\" height=\"150\" src=\"https:\/\/www.radiopiu.net\/wordpress\/wp-content\/uploads\/2022\/02\/272486759_361476848860940_5288357686061055823_n-150x150.jpg\" class=\"attachment-thumbnail size-thumbnail\" alt=\"\" \/><\/a>\n\t\t\t\t<\/dt><\/dl><dl class='gallery-item'>\n\t\t\t\t<dt class='gallery-icon portrait'>\n\t\t\t\t\t<a class=\"rollover rollover-zoom dt-pswp-item\" title=\"272843014_362348552393238_7549406197550866043_n\" data-dt-img-description=\"\" data-large_image_width=\"200\" data-large_image_height=\"206\"href='https:\/\/www.radiopiu.net\/wordpress\/wp-content\/uploads\/2022\/02\/272843014_362348552393238_7549406197550866043_n.jpg'><img loading=\"lazy\" decoding=\"async\" width=\"150\" height=\"150\" src=\"https:\/\/www.radiopiu.net\/wordpress\/wp-content\/uploads\/2022\/02\/272843014_362348552393238_7549406197550866043_n-150x150.jpg\" class=\"attachment-thumbnail size-thumbnail\" alt=\"\" \/><\/a>\n\t\t\t\t<\/dt><\/dl><br style=\"clear: both\" \/>\n\t\t\t<\/div>\n\n<p>&nbsp;<\/p>\n","protected":false},"excerpt":{"rendered":"<p>di\u00a0 RENATO BONA Volentieri , sempre accompagnati dal libro-guida \u201cUna giornata a Belluno\u201d, edito nel dicembre 1993 dall\u2019Istituto bellunese di ricerche sociali e culturali (Bertoncello arti grafiche di Cittadella; testi del Gruppo operatori culturali con Andrea Basile, Sandra Bardin, Mariagrazia Bortot, Federico Bressan, Sergio Sacco; foto a colori di Giorgio Ghe; foto in bianco e&hellip;<\/p>\n","protected":false},"author":4,"featured_media":259115,"comment_status":"closed","ping_status":"closed","sticky":false,"template":"","format":"standard","meta":{"_monsterinsights_skip_tracking":false,"_monsterinsights_sitenote_active":false,"_monsterinsights_sitenote_note":"","_monsterinsights_sitenote_category":0,"footnotes":""},"categories":[104,49],"tags":[],"class_list":["post-259126","post","type-post","status-publish","format-standard","has-post-thumbnail","hentry","category-evidenza_3","category-news-18","category-104","category-49","description-off"],"img_url":"https:\/\/www.radiopiu.net\/wordpress\/wp-content\/uploads\/2022\/02\/273820320_3202931860025730_2877980558460761455_n.jpg","_links":{"self":[{"href":"https:\/\/www.radiopiu.net\/wordpress\/wp-json\/wp\/v2\/posts\/259126","targetHints":{"allow":["GET"]}}],"collection":[{"href":"https:\/\/www.radiopiu.net\/wordpress\/wp-json\/wp\/v2\/posts"}],"about":[{"href":"https:\/\/www.radiopiu.net\/wordpress\/wp-json\/wp\/v2\/types\/post"}],"author":[{"embeddable":true,"href":"https:\/\/www.radiopiu.net\/wordpress\/wp-json\/wp\/v2\/users\/4"}],"replies":[{"embeddable":true,"href":"https:\/\/www.radiopiu.net\/wordpress\/wp-json\/wp\/v2\/comments?post=259126"}],"version-history":[{"count":0,"href":"https:\/\/www.radiopiu.net\/wordpress\/wp-json\/wp\/v2\/posts\/259126\/revisions"}],"wp:featuredmedia":[{"embeddable":true,"href":"https:\/\/www.radiopiu.net\/wordpress\/wp-json\/wp\/v2\/media\/259115"}],"wp:attachment":[{"href":"https:\/\/www.radiopiu.net\/wordpress\/wp-json\/wp\/v2\/media?parent=259126"}],"wp:term":[{"taxonomy":"category","embeddable":true,"href":"https:\/\/www.radiopiu.net\/wordpress\/wp-json\/wp\/v2\/categories?post=259126"},{"taxonomy":"post_tag","embeddable":true,"href":"https:\/\/www.radiopiu.net\/wordpress\/wp-json\/wp\/v2\/tags?post=259126"}],"curies":[{"name":"wp","href":"https:\/\/api.w.org\/{rel}","templated":true}]}}