{"id":259151,"date":"2022-02-11T17:10:40","date_gmt":"2022-02-11T16:10:40","guid":{"rendered":"https:\/\/www.radiopiu.net\/wordpress\/?p=259151"},"modified":"2022-02-11T18:27:14","modified_gmt":"2022-02-11T17:27:14","slug":"tavolo-regionale-ideal-standard-condivisa-necessita-di-approfondire-la-proposta-di-banca-finint-delfin-s-a-r-l-luigi-rossi-luciani-s-a-p-a-e-gruppo-pro-gest","status":"publish","type":"post","link":"https:\/\/www.radiopiu.net\/wordpress\/tavolo-regionale-ideal-standard-condivisa-necessita-di-approfondire-la-proposta-di-banca-finint-delfin-s-a-r-l-luigi-rossi-luciani-s-a-p-a-e-gruppo-pro-gest\/","title":{"rendered":"TAVOLO REGIONALE IDEAL STANDARD.  CONDIVISA NECESSIT\u00c0 DI APPROFONDIRE LA PROPOSTA DI BANCA FININT, DELFIN S.A.R.L., LUIGI ROSSI LUCIANI S.A.P.A. E GRUPPO PRO-GEST"},"content":{"rendered":"<p><strong><a href=\"https:\/\/www.radiopiu.net\/wordpress\/ideal-standard-lo-stabilimento-di-trichiana-primo-a-chiudere-ultimo-a-ripartire\/stabilimento-dellideal-standard-orcenico-di-zoppola-pn-04-12-2013\/\" rel=\"attachment wp-att-138079\"><img loading=\"lazy\" decoding=\"async\" class=\"size-medium wp-image-138079 alignleft\" src=\"https:\/\/www.radiopiu.net\/wordpress\/wp-content\/uploads\/2020\/05\/ideal-standard-orcenigo-300x211.jpg\" alt=\"\" width=\"300\" height=\"211\" srcset=\"https:\/\/www.radiopiu.net\/wordpress\/wp-content\/uploads\/2020\/05\/ideal-standard-orcenigo-300x211.jpg 300w, https:\/\/www.radiopiu.net\/wordpress\/wp-content\/uploads\/2020\/05\/ideal-standard-orcenigo-1024x721.jpg 1024w, https:\/\/www.radiopiu.net\/wordpress\/wp-content\/uploads\/2020\/05\/ideal-standard-orcenigo-768x541.jpg 768w, https:\/\/www.radiopiu.net\/wordpress\/wp-content\/uploads\/2020\/05\/ideal-standard-orcenigo-1536x1082.jpg 1536w, https:\/\/www.radiopiu.net\/wordpress\/wp-content\/uploads\/2020\/05\/ideal-standard-orcenigo-2048x1442.jpg 2048w\" sizes=\"auto, (max-width: 300px) 100vw, 300px\" \/><\/a>VENEZIA <\/strong>Si \u00e8 tenuto un nuovo incontro del tavolo regionale di monitoraggio relativo al percorso di reindustrializzazione del sito Ideal Standard di Borgo Valbelluna. All\u2019incontro, presieduto dall\u2019assessore regionale al lavoro Elena Donazzan con l\u2019Unit\u00e0 di Crisi regionale, hanno partecipato i rappresentanti di Ideal Standard, l\u2019advisor Sernet spa, le organizzazioni sindacali, le rappresentanze dei lavoratori e il MISE. Durante l\u2019incontro Sernet ha presentato lo stato di avanzamento delle analisi relative alle tre proposte industriali per il sito produttivo pervenute nelle scorse settimane. Dopo ampia e approfondita discussione, il tavolo ha unanimemente valutato l\u2019opportunit\u00e0 e la necessit\u00e0 di approfondire, concedendo un periodo di negoziazione in via esclusiva per un periodo limitato di tre settimane, la proposta della cordata composta da Banca Finint, Delfin s.a.r.l., Luigi Rossi Luciani S.a.pa. e gruppo Pro-gest. Nello specifico, il prossimo periodo verr\u00e0 dedicato ad approfondire gli aspetti di ordine operativo (produzioni e ripresa delle attivit\u00e0), sindacale (modalit\u00e0 di passaggio dei lavoratori e accordi col subentrante) e legale (eventuale modalit\u00e0 di cessione, garanzie e tutele, ecc.). Tali attivit\u00e0 di approfondimento e analisi continueranno ad essere monitorate dal tavolo regionale. Il prossimo incontro in sede regionale \u00e8 previsto il 24 febbraio. \u201c<em>Il tavolo istituzionale ha avuto un ruolo fondamentale nella gestione dell\u2019intera vertenza. Un particolare apprezzamento \u00e8 rivolto alle Parti del tavolo per il clima costruttivo e collaborativo che hanno saputo creare. Ringrazio anche Sernet per avere svolto in piena trasparenza e con grande professionalit\u00e0 il proprio ruolo. Abbiamo scritto gi\u00e0 in questa in fase una pagina innovativa per le politiche industriali italiane, con un ruolo strategico di accompagnamento dell\u2019Unit\u00e0 di crisi<\/em>\u201d commenta l\u2019Assessore Donazzan.<\/p>\n<p>&nbsp;<\/p>\n<p><strong>LUCA ZAIA, PRESIDENTE DEL VENETO<\/strong><\/p>\n<p>\u201c<em>Le notizie di oggi sul fronte delle crisi aziendali bellunesi, in parte, mi rasserenano. Apprendo che oggi si sono aperte prospettive per due realt\u00e0 produttive, ACC e Ideal Standard, il cui futuro rappresenta da tempo una preoccupazione significativa per il territorio che mi vede partecipe e attento a tutti gli sviluppi. L\u2019esito del tavolo regionale su Ideal Standard conferma che, grazie ad una significativa attivit\u00e0 di collaborazione tra tutte le parti coinvolte, \u00e8 stata imboccata una strada verso un\u2019ipotesi di soluzione con prospettive interessanti di coinvolgimento dell\u2019imprenditoria veneta nel rilancio di Ideal Standard<\/em>\u201d. Cos\u00ec Luca Zaia, Presidente della Regione del Veneto commenta l\u2019esito del tavolo istituzionale, in sede regionale che si \u00e8 svolto oggi rispetto alla situazione dell\u2019azienda Ideal Standard di Borgo Valbelluna<\/p>\n<p><strong>\u00a0<\/strong><\/p>\n<p><strong>FEDERICO D&#8217;INCA&#8217;, MINISTRO PER I RAPPORTI CON IL PARLAMENTO<\/strong><\/p>\n<div dir=\"auto\">\u201cSono molto soddisfatto per la prospettiva nei confronti dello stabilimento Ideal Standard di Trichiana: la possibilit\u00e0 che la cordata composta da Banca Finint, Delfin, Luigi Rossi Luciani e gruppo Pro-gest voglia investire in questa realt\u00e0 cos\u00ec importante per il bellunese, \u00e8 la conferma di quanto il percorso costruito in questi mesi attorno alla fabbrica sia stato rilevante. Parliamo di una cordata solida, in cui ogni componente vanta una tradizione importante sul nostro territorio, capace di dare garanzie al futuro dello stabilimento, costruendo una forte realt\u00e0 produttiva. C&#8217;\u00e8 bisogno, infatti, di una visione a lungo termine e credo che proprio questi investitori, con le loro qualit\u00e0, possano dare il necessario impulso alla rinascita dell&#8217;attivit\u00e0&#8221;.<\/div>\n<div dir=\"auto\"><\/div>\n<div dir=\"auto\"><\/div>\n<div dir=\"auto\"><\/div>\n<div dir=\"auto\"><\/div>\n<p>*****<\/p>\n","protected":false},"excerpt":{"rendered":"<p>VENEZIA Si \u00e8 tenuto un nuovo incontro del tavolo regionale di monitoraggio relativo al percorso di reindustrializzazione del sito Ideal Standard di Borgo Valbelluna. All\u2019incontro, presieduto dall\u2019assessore regionale al lavoro Elena Donazzan con l\u2019Unit\u00e0 di Crisi regionale, hanno partecipato i rappresentanti di Ideal Standard, l\u2019advisor Sernet spa, le organizzazioni sindacali, le rappresentanze dei lavoratori e&hellip;<\/p>\n","protected":false},"author":4,"featured_media":138079,"comment_status":"closed","ping_status":"closed","sticky":false,"template":"","format":"standard","meta":{"_monsterinsights_skip_tracking":false,"_monsterinsights_sitenote_active":false,"_monsterinsights_sitenote_note":"","_monsterinsights_sitenote_category":0,"footnotes":""},"categories":[104,49],"tags":[],"class_list":["post-259151","post","type-post","status-publish","format-standard","has-post-thumbnail","hentry","category-evidenza_3","category-news-18","category-104","category-49","description-off"],"img_url":"https:\/\/www.radiopiu.net\/wordpress\/wp-content\/uploads\/2020\/05\/ideal-standard-orcenigo-scaled.jpg","_links":{"self":[{"href":"https:\/\/www.radiopiu.net\/wordpress\/wp-json\/wp\/v2\/posts\/259151","targetHints":{"allow":["GET"]}}],"collection":[{"href":"https:\/\/www.radiopiu.net\/wordpress\/wp-json\/wp\/v2\/posts"}],"about":[{"href":"https:\/\/www.radiopiu.net\/wordpress\/wp-json\/wp\/v2\/types\/post"}],"author":[{"embeddable":true,"href":"https:\/\/www.radiopiu.net\/wordpress\/wp-json\/wp\/v2\/users\/4"}],"replies":[{"embeddable":true,"href":"https:\/\/www.radiopiu.net\/wordpress\/wp-json\/wp\/v2\/comments?post=259151"}],"version-history":[{"count":0,"href":"https:\/\/www.radiopiu.net\/wordpress\/wp-json\/wp\/v2\/posts\/259151\/revisions"}],"wp:featuredmedia":[{"embeddable":true,"href":"https:\/\/www.radiopiu.net\/wordpress\/wp-json\/wp\/v2\/media\/138079"}],"wp:attachment":[{"href":"https:\/\/www.radiopiu.net\/wordpress\/wp-json\/wp\/v2\/media?parent=259151"}],"wp:term":[{"taxonomy":"category","embeddable":true,"href":"https:\/\/www.radiopiu.net\/wordpress\/wp-json\/wp\/v2\/categories?post=259151"},{"taxonomy":"post_tag","embeddable":true,"href":"https:\/\/www.radiopiu.net\/wordpress\/wp-json\/wp\/v2\/tags?post=259151"}],"curies":[{"name":"wp","href":"https:\/\/api.w.org\/{rel}","templated":true}]}}