{"id":259216,"date":"2022-02-14T06:07:26","date_gmt":"2022-02-14T05:07:26","guid":{"rendered":"https:\/\/www.radiopiu.net\/wordpress\/?p=259216"},"modified":"2022-02-14T06:08:10","modified_gmt":"2022-02-14T05:08:10","slug":"giornale-radiopiu-14-febbraio-2022-direttore-mirko-mezzacasa","status":"publish","type":"post","link":"https:\/\/www.radiopiu.net\/wordpress\/giornale-radiopiu-14-febbraio-2022-direttore-mirko-mezzacasa\/","title":{"rendered":"GIORNALE RADIOPIU 14 FEBBRAIO 2022 DIRETTORE MIRKO MEZZACASA"},"content":{"rendered":"<h3 class=\"kvgmc6g5 cxmmr5t8 oygrvhab hcukyx3x c1et5uql\"><span style=\"color: #0000ff;\"><strong>INFORMAZIONE il canale su TELEGRAM informazione di prima mano e in tempo reale. iscriviti ed aiutaci a farlo conoscere<\/strong><\/span><\/h3>\n<p>&nbsp;<\/p>\n<hr \/>\n<p>&nbsp;<\/p>\n<blockquote>\n<h2>ACQUA INQUINATA IN ALCUNE FRAZIONI<\/h2>\n<\/blockquote>\n<p><strong><img loading=\"lazy\" decoding=\"async\" class=\"alignleft\" src=\"https:\/\/www.radiopiu.net\/wordpress\/wp-content\/uploads\/2018\/08\/ACQUA.jpeg\" width=\"175\" height=\"105\" \/>\u00a0CANALE D&#8217; AGORDO<\/strong> Gestione Servizi Pubblici informa che nelle LOCALITA&#8217; FREGONA, PISOLIVA E LA MORA l&#8217;acqua erogata dall&#8217;acquedotto non \u00e8 potabile e non pu\u00f2 essere usata per scopi alimentari. Verr\u00e0 effettuato servizio sostitutivo con approvvigionamento alternativo di emergenza nelle localit\u00e0 di Pisoliva e Fregona. GSP ha, comunque, gi\u00e0 adottato necessari interventi di pulizia e disinfezione della rete. Ulteriori informazioni saranno fornite nei prossimi giorni. Per maggiori informazioni \u00e8 possibile contattare il Servizio Clienti al numero 800 306 999 o +39 0445 230521 (da estero) .<\/p>\n<p>&nbsp;<\/p>\n<hr \/>\n<blockquote>\n<h3><\/h3>\n<h3>LAVORI SULLA CONDOTTA FOGNARIA, DISAGI PER LA CIRCOLAZIONE<\/h3>\n<\/blockquote>\n<p><strong>ROCCA PIETORE<\/strong> In localit\u00e0 Masar\u00e8 dal civico 7 al civico 20 fino al 25 febbraio senso unico alternato. il 24 febbraio dalle 7 alle 24 interdizione totale al traffico veicolare dal civico 12A (condominio Elena) al civico 20<\/p>\n<p>&nbsp;<\/p>\n<p>&nbsp;<\/p>\n<hr \/>\n<p>&nbsp;<\/p>\n<blockquote>\n<h3>SCIVOLA SUL GHIACCIO SCENDENDO DAL RIFUGIO FERTAZZA<\/h3>\n<\/blockquote>\n<p><strong><a href=\"https:\/\/www.radiopiu.net\/wordpress\/torna-la-festa-del-volontariato-cadorino-sabato-1-settembre\/soccorsoalpino\/\" rel=\"attachment wp-att-59164\"><img loading=\"lazy\" decoding=\"async\" class=\" wp-image-59164 alignleft\" src=\"https:\/\/www.radiopiu.net\/wordpress\/wp-content\/uploads\/2018\/08\/soccorsoalpino-300x300.jpg\" alt=\"\" width=\"128\" height=\"128\" srcset=\"https:\/\/www.radiopiu.net\/wordpress\/wp-content\/uploads\/2018\/08\/soccorsoalpino-300x300.jpg 300w, https:\/\/www.radiopiu.net\/wordpress\/wp-content\/uploads\/2018\/08\/soccorsoalpino-150x150.jpg 150w, https:\/\/www.radiopiu.net\/wordpress\/wp-content\/uploads\/2018\/08\/soccorsoalpino-768x768.jpg 768w, https:\/\/www.radiopiu.net\/wordpress\/wp-content\/uploads\/2018\/08\/soccorsoalpino-1024x1024.jpg 1024w, https:\/\/www.radiopiu.net\/wordpress\/wp-content\/uploads\/2018\/08\/soccorsoalpino.jpg 1200w\" sizes=\"auto, (max-width: 128px) 100vw, 128px\" \/><\/a>SELVA DI CADORE<\/strong> Sabato alle 15.45 la Centrale del Suem ha allertato il Soccorso alpino della Val Fiorentina, per un escursionista scivolato sul ghiaccio. L&#8217;uomo, un 54enne di Dolo (VE), stava scendendo con un amico lungo la strada che dal Rifugio Fertazza porta a Pescul quando era caduto. Una squadra, montate le catene sul fuoristrada, \u00e8 riuscita a raggiungere il luogo dell&#8217;incidente e a prestare le prime cure all&#8217;infortunato, a seguito di un possibile trauma alla gamba. Stabilizzato e imbarellato, l&#8217;escursionista \u00e8 stato caricato sulla jeep e trasportato fino al rendez vous con l&#8217;ambulanza, partita in direzione dell&#8217;ospedale di Agordo.<\/p>\n<p>&nbsp;<\/p>\n<p>&nbsp;<\/p>\n<hr \/>\n<p>&nbsp;<\/p>\n<blockquote>\n<h3>VOLO NOTTURNO: ATTIVI ANCHE I VISORI NOTTURNI. AUMENTANO I SITI<\/h3>\n<\/blockquote>\n<p><strong><a href=\"https:\/\/www.radiopiu.net\/wordpress\/si-fa-male-con-le-ciaspole-sotto-il-coldai\/salt-suem\/\" rel=\"attachment wp-att-247613\"><img loading=\"lazy\" decoding=\"async\" class=\"size-medium wp-image-247613 alignleft\" src=\"https:\/\/www.radiopiu.net\/wordpress\/wp-content\/uploads\/2021\/12\/salt-suem-300x225.jpg\" alt=\"\" width=\"300\" height=\"225\" srcset=\"https:\/\/www.radiopiu.net\/wordpress\/wp-content\/uploads\/2021\/12\/salt-suem-300x225.jpg 300w, https:\/\/www.radiopiu.net\/wordpress\/wp-content\/uploads\/2021\/12\/salt-suem-1024x768.jpg 1024w, https:\/\/www.radiopiu.net\/wordpress\/wp-content\/uploads\/2021\/12\/salt-suem-768x576.jpg 768w, https:\/\/www.radiopiu.net\/wordpress\/wp-content\/uploads\/2021\/12\/salt-suem.jpg 1440w\" sizes=\"auto, (max-width: 300px) 100vw, 300px\" \/><\/a>BELLUNO <\/strong>Volo notturno \u2013 fase 2. Dopo uno specifico addestramento, i piloti degli elicotteri SUEM 118 usano i visori notturni. Ci\u00f2 consente di poter atterrare anche di notte in siti non illuminati, con un significativo aumento degli approdi utilizzabili, soprattutto in provincia di Belluno. Il volo notturno in Ulss Dolomiti \u00e8 stato attivato il 29 settembre, con temporanea partenza da Treviso fino al completamento dei lavori della Base HEMS di Pieve di Cadore. Ad oggi le missioni in provincia di Belluno \u00a0sono state 16. Dopo una prima fase in cui sono stati utilizzati approdi illuminati e inseriti nei manuali di volo, da questa notte \u00e8 possibile atterrare di notte anche nei siti non illuminati censiti. I piloti, infatti, dopo uno specifico addestramento e il superamento di una quota di ore di volo dedicate, sono stati abilitati all\u2019utilizzo dei visori notturni (Night Vision Goggles &#8211; NVG), tecnologia che fino a pochi anni fa era riservata all\u2019ambito militare e che consente la visione di tutti gli ostacoli anche in assenza di luce. Per l\u2019Ulss Dolomiti, questo significa poter contare complessivamente su un totale di 36 approdi, tra basi omologate, siti illuminati e siti non illuminati, con una copertura capillare del territorio, ed in particolare delle Terre Alte. In questi mesi, il personale delle Centrali Operative del SUEM ha identificato gli approdi, ottenendo l\u2019assenso dei gestori al loro utilizzo e predisponendo tutte le procedure per l\u2019accesso e l\u2019accensione delle luci . \u00ab<em>Il volo con i visori notturni significa maggiore sicurezza per il territorio, garantendo tempi di soccorso molto pi\u00f9 rapidi in molte zone delicate anche di notte: penso al Comelico e all\u2019Alto Agordino\u00bb, commenta il direttore generale Maria Grazia Carraro, \u00abil prossimo passo sar\u00e0 censire altri siti, partendo dall\u2019analisi epidemiologica della provenienza delle richieste di intervento, dai tempi di percorrenza e dagli afflussi stagionali. Penso, ad esempio, ai rifugi. Nel nostro territorio, per le sue peculiarit\u00e0, \u00e8 stato fatto un lavoro certosino per individuare un numero di siti maggiore rispetto ad altre zone: ringrazio il SUEM, le amministrazioni comunali, i volontari che gestiscono gli impianti sportivi e il Soccorso Alpino per la mappa che tutti insieme hanno consentito di creare e che d\u00e0 sicurezza<\/em>\u00bb.<\/p>\n<p><strong>LA CARTINA CON I SITI PER IL VOLO NOTTURNO<\/strong><\/p>\n<p><a href=\"https:\/\/www.radiopiu.net\/wordpress\/volo-notturno-attivi-anche-i-visori-notturni-aumentano-i-siti\/volo-notturno-siti\/\" rel=\"attachment wp-att-259308\"><img loading=\"lazy\" decoding=\"async\" class=\"alignnone wp-image-259308 size-full\" src=\"https:\/\/www.radiopiu.net\/wordpress\/wp-content\/uploads\/2022\/02\/volo-notturno-siti.png\" alt=\"\" width=\"658\" height=\"751\" srcset=\"https:\/\/www.radiopiu.net\/wordpress\/wp-content\/uploads\/2022\/02\/volo-notturno-siti.png 658w, https:\/\/www.radiopiu.net\/wordpress\/wp-content\/uploads\/2022\/02\/volo-notturno-siti-263x300.png 263w\" sizes=\"auto, (max-width: 658px) 100vw, 658px\" \/><\/a><\/p>\n<p>&nbsp;<\/p>\n<p>&nbsp;<\/p>\n<hr \/>\n<p>&nbsp;<\/p>\n<blockquote>\n<h3>UN CUORE CHE UNISCE L&#8217;AGORDINO<\/h3>\n<\/blockquote>\n<p><strong>FALCADE\/GOSALDO<\/strong><\/p>\n<p>di Gianni Santomaso<\/p>\n<audio class=\"wp-audio-shortcode\" id=\"audio-259216-1\" preload=\"none\" style=\"width: 100%;\" controls=\"controls\"><source type=\"audio\/mpeg\" src=\"https:\/\/www.radiopiu.net\/wordpress\/wp-content\/uploads\/2022\/02\/GIANNI-CUORI-AGORDINO.mp3?_=1\" \/><a href=\"https:\/\/www.radiopiu.net\/wordpress\/wp-content\/uploads\/2022\/02\/GIANNI-CUORI-AGORDINO.mp3\">https:\/\/www.radiopiu.net\/wordpress\/wp-content\/uploads\/2022\/02\/GIANNI-CUORI-AGORDINO.mp3<\/a><\/audio>\n<p>&nbsp;<\/p>\n\n\t\t\t<style type='text\/css'>\n\t\t\t\t#gallery-1 {\n\t\t\t\t\tmargin: auto;\n\t\t\t\t}\n\t\t\t\t#gallery-1 .gallery-item {\n\t\t\t\t\tfloat: left;\n\t\t\t\t\tmargin-top: 10px;\n\t\t\t\t\ttext-align: center;\n\t\t\t\t\twidth: 50%;\n\t\t\t\t}\n\t\t\t\t#gallery-1 img {\n\t\t\t\t\tborder: 2px solid #cfcfcf;\n\t\t\t\t}\n\t\t\t\t#gallery-1 .gallery-caption {\n\t\t\t\t\tmargin-left: 0;\n\t\t\t\t}\n\t\t\t\t\/* see gallery_shortcode() in wp-includes\/media.php *\/\n\t\t\t<\/style>\n\t\t<div id='gallery-1' class='dt-gallery-container gallery galleryid-259216 gallery-columns-2 gallery-size-medium'><dl class='gallery-item'>\n\t\t\t\t<dt class='gallery-icon landscape'>\n\t\t\t\t\t<a class=\"rollover rollover-zoom dt-pswp-item\" title=\"66af0787-25d1-4fd1-947b-0c4278fa1556\" data-dt-img-description=\"\" data-large_image_width=\"1600\" data-large_image_height=\"1200\"href='https:\/\/www.radiopiu.net\/wordpress\/wp-content\/uploads\/2022\/02\/66af0787-25d1-4fd1-947b-0c4278fa1556.jpg'><img loading=\"lazy\" decoding=\"async\" width=\"300\" height=\"225\" src=\"https:\/\/www.radiopiu.net\/wordpress\/wp-content\/uploads\/2022\/02\/66af0787-25d1-4fd1-947b-0c4278fa1556-300x225.jpg\" class=\"attachment-medium size-medium\" alt=\"\" srcset=\"https:\/\/www.radiopiu.net\/wordpress\/wp-content\/uploads\/2022\/02\/66af0787-25d1-4fd1-947b-0c4278fa1556-300x225.jpg 300w, https:\/\/www.radiopiu.net\/wordpress\/wp-content\/uploads\/2022\/02\/66af0787-25d1-4fd1-947b-0c4278fa1556-1024x768.jpg 1024w, https:\/\/www.radiopiu.net\/wordpress\/wp-content\/uploads\/2022\/02\/66af0787-25d1-4fd1-947b-0c4278fa1556-768x576.jpg 768w, https:\/\/www.radiopiu.net\/wordpress\/wp-content\/uploads\/2022\/02\/66af0787-25d1-4fd1-947b-0c4278fa1556-1536x1152.jpg 1536w, https:\/\/www.radiopiu.net\/wordpress\/wp-content\/uploads\/2022\/02\/66af0787-25d1-4fd1-947b-0c4278fa1556.jpg 1600w\" sizes=\"auto, (max-width: 300px) 100vw, 300px\" \/><\/a>\n\t\t\t\t<\/dt><\/dl><dl class='gallery-item'>\n\t\t\t\t<dt class='gallery-icon landscape'>\n\t\t\t\t\t<a class=\"rollover rollover-zoom dt-pswp-item\" title=\"fa6e293e-ba2f-4a97-8db6-b12513ed9da0\" data-dt-img-description=\"\" data-large_image_width=\"1600\" data-large_image_height=\"1200\"href='https:\/\/www.radiopiu.net\/wordpress\/wp-content\/uploads\/2022\/02\/fa6e293e-ba2f-4a97-8db6-b12513ed9da0.jpg'><img loading=\"lazy\" decoding=\"async\" width=\"300\" height=\"225\" src=\"https:\/\/www.radiopiu.net\/wordpress\/wp-content\/uploads\/2022\/02\/fa6e293e-ba2f-4a97-8db6-b12513ed9da0-300x225.jpg\" class=\"attachment-medium size-medium\" alt=\"\" srcset=\"https:\/\/www.radiopiu.net\/wordpress\/wp-content\/uploads\/2022\/02\/fa6e293e-ba2f-4a97-8db6-b12513ed9da0-300x225.jpg 300w, https:\/\/www.radiopiu.net\/wordpress\/wp-content\/uploads\/2022\/02\/fa6e293e-ba2f-4a97-8db6-b12513ed9da0-1024x768.jpg 1024w, https:\/\/www.radiopiu.net\/wordpress\/wp-content\/uploads\/2022\/02\/fa6e293e-ba2f-4a97-8db6-b12513ed9da0-768x576.jpg 768w, https:\/\/www.radiopiu.net\/wordpress\/wp-content\/uploads\/2022\/02\/fa6e293e-ba2f-4a97-8db6-b12513ed9da0-1536x1152.jpg 1536w, https:\/\/www.radiopiu.net\/wordpress\/wp-content\/uploads\/2022\/02\/fa6e293e-ba2f-4a97-8db6-b12513ed9da0.jpg 1600w\" sizes=\"auto, (max-width: 300px) 100vw, 300px\" \/><\/a>\n\t\t\t\t<\/dt><\/dl><br style=\"clear: both\" \/><dl class='gallery-item'>\n\t\t\t\t<dt class='gallery-icon landscape'>\n\t\t\t\t\t<a class=\"rollover rollover-zoom dt-pswp-item\" title=\"32914d12-439f-4c82-8d4d-2566f1dd94d6\" data-dt-img-description=\"\" data-large_image_width=\"1600\" data-large_image_height=\"1200\"href='https:\/\/www.radiopiu.net\/wordpress\/wp-content\/uploads\/2022\/02\/32914d12-439f-4c82-8d4d-2566f1dd94d6.jpg'><img loading=\"lazy\" decoding=\"async\" width=\"300\" height=\"225\" src=\"https:\/\/www.radiopiu.net\/wordpress\/wp-content\/uploads\/2022\/02\/32914d12-439f-4c82-8d4d-2566f1dd94d6-300x225.jpg\" class=\"attachment-medium size-medium\" alt=\"\" srcset=\"https:\/\/www.radiopiu.net\/wordpress\/wp-content\/uploads\/2022\/02\/32914d12-439f-4c82-8d4d-2566f1dd94d6-300x225.jpg 300w, https:\/\/www.radiopiu.net\/wordpress\/wp-content\/uploads\/2022\/02\/32914d12-439f-4c82-8d4d-2566f1dd94d6-1024x768.jpg 1024w, https:\/\/www.radiopiu.net\/wordpress\/wp-content\/uploads\/2022\/02\/32914d12-439f-4c82-8d4d-2566f1dd94d6-768x576.jpg 768w, https:\/\/www.radiopiu.net\/wordpress\/wp-content\/uploads\/2022\/02\/32914d12-439f-4c82-8d4d-2566f1dd94d6-1536x1152.jpg 1536w, https:\/\/www.radiopiu.net\/wordpress\/wp-content\/uploads\/2022\/02\/32914d12-439f-4c82-8d4d-2566f1dd94d6.jpg 1600w\" sizes=\"auto, (max-width: 300px) 100vw, 300px\" \/><\/a>\n\t\t\t\t<\/dt><\/dl><dl class='gallery-item'>\n\t\t\t\t<dt class='gallery-icon landscape'>\n\t\t\t\t\t<a class=\"rollover rollover-zoom dt-pswp-item\" title=\"d466f97e-7de1-42cf-b69b-08a75d035188\" data-dt-img-description=\"\" data-large_image_width=\"1600\" data-large_image_height=\"1200\"href='https:\/\/www.radiopiu.net\/wordpress\/wp-content\/uploads\/2022\/02\/d466f97e-7de1-42cf-b69b-08a75d035188.jpg'><img loading=\"lazy\" decoding=\"async\" width=\"300\" height=\"225\" src=\"https:\/\/www.radiopiu.net\/wordpress\/wp-content\/uploads\/2022\/02\/d466f97e-7de1-42cf-b69b-08a75d035188-300x225.jpg\" class=\"attachment-medium size-medium\" alt=\"\" srcset=\"https:\/\/www.radiopiu.net\/wordpress\/wp-content\/uploads\/2022\/02\/d466f97e-7de1-42cf-b69b-08a75d035188-300x225.jpg 300w, https:\/\/www.radiopiu.net\/wordpress\/wp-content\/uploads\/2022\/02\/d466f97e-7de1-42cf-b69b-08a75d035188-1024x768.jpg 1024w, https:\/\/www.radiopiu.net\/wordpress\/wp-content\/uploads\/2022\/02\/d466f97e-7de1-42cf-b69b-08a75d035188-768x576.jpg 768w, https:\/\/www.radiopiu.net\/wordpress\/wp-content\/uploads\/2022\/02\/d466f97e-7de1-42cf-b69b-08a75d035188-1536x1152.jpg 1536w, https:\/\/www.radiopiu.net\/wordpress\/wp-content\/uploads\/2022\/02\/d466f97e-7de1-42cf-b69b-08a75d035188.jpg 1600w\" sizes=\"auto, (max-width: 300px) 100vw, 300px\" \/><\/a>\n\t\t\t\t<\/dt><\/dl><br style=\"clear: both\" \/>\n\t\t\t<\/div>\n\n<p>&nbsp;<\/p>\n<hr \/>\n<p>&nbsp;<\/p>\n<blockquote class=\"wp-embedded-content\" data-secret=\"GPa6tqdGf9\"><p><a href=\"https:\/\/www.radiopiu.net\/wordpress\/aggiornamentonaz2022feb13\/\">CORONAVIRUS: AGGIORNAMENTO NAZIONALE 13 FEBBRAIO 2022<\/a><\/p><\/blockquote>\n<p><iframe loading=\"lazy\" class=\"wp-embedded-content\" sandbox=\"allow-scripts\" security=\"restricted\" style=\"position: absolute; clip: rect(1px, 1px, 1px, 1px);\" title=\"&#8220;CORONAVIRUS: AGGIORNAMENTO NAZIONALE 13 FEBBRAIO 2022&#8221; &#8212; Radio Pi\u00f9\" src=\"https:\/\/www.radiopiu.net\/wordpress\/aggiornamentonaz2022feb13\/embed\/#?secret=GPa6tqdGf9\" data-secret=\"GPa6tqdGf9\" width=\"600\" height=\"338\" frameborder=\"0\" marginwidth=\"0\" marginheight=\"0\" scrolling=\"no\"><\/iframe><\/p>\n<p>&nbsp;<\/p>\n<blockquote class=\"wp-embedded-content\" data-secret=\"AFiMhxLpNN\"><p><a href=\"https:\/\/www.radiopiu.net\/wordpress\/sono-4491-i-nuovi-positivi-in-veneto-delle-ultime-24-ore-21-decessi-e-ricoveri-in-calo\/\">SONO 4491 I NUOVI POSITIVI IN VENETO DELLE ULTIME 24 ORE, 21 DECESSI E RICOVERI IN CALO<\/a><\/p><\/blockquote>\n<p><iframe loading=\"lazy\" class=\"wp-embedded-content\" sandbox=\"allow-scripts\" security=\"restricted\" style=\"position: absolute; clip: rect(1px, 1px, 1px, 1px);\" title=\"&#8220;SONO 4491 I NUOVI POSITIVI IN VENETO DELLE ULTIME 24 ORE, 21 DECESSI E RICOVERI IN CALO&#8221; &#8212; Radio Pi\u00f9\" src=\"https:\/\/www.radiopiu.net\/wordpress\/sono-4491-i-nuovi-positivi-in-veneto-delle-ultime-24-ore-21-decessi-e-ricoveri-in-calo\/embed\/#?secret=AFiMhxLpNN\" data-secret=\"AFiMhxLpNN\" width=\"600\" height=\"338\" frameborder=\"0\" marginwidth=\"0\" marginheight=\"0\" scrolling=\"no\"><\/iframe><\/p>\n<p>&nbsp;<\/p>\n<h2>I GRAFICI DI TIZIANO DE COL<\/h2>\n\n\t\t\t<style type='text\/css'>\n\t\t\t\t#gallery-2 {\n\t\t\t\t\tmargin: auto;\n\t\t\t\t}\n\t\t\t\t#gallery-2 .gallery-item {\n\t\t\t\t\tfloat: left;\n\t\t\t\t\tmargin-top: 10px;\n\t\t\t\t\ttext-align: center;\n\t\t\t\t\twidth: 33%;\n\t\t\t\t}\n\t\t\t\t#gallery-2 img {\n\t\t\t\t\tborder: 2px solid #cfcfcf;\n\t\t\t\t}\n\t\t\t\t#gallery-2 .gallery-caption {\n\t\t\t\t\tmargin-left: 0;\n\t\t\t\t}\n\t\t\t\t\/* see gallery_shortcode() in wp-includes\/media.php *\/\n\t\t\t<\/style>\n\t\t<div id='gallery-2' class='dt-gallery-container gallery galleryid-259216 gallery-columns-3 gallery-size-medium'><dl class='gallery-item'>\n\t\t\t\t<dt class='gallery-icon landscape'>\n\t\t\t\t\t<a class=\"rollover rollover-zoom dt-pswp-item\" title=\"36d19659-f7f0-4b91-89ff-66f15c01fe2f\" data-dt-img-description=\"\" data-large_image_width=\"595\" data-large_image_height=\"356\"href='https:\/\/www.radiopiu.net\/wordpress\/wp-content\/uploads\/2022\/02\/36d19659-f7f0-4b91-89ff-66f15c01fe2f.jpg'><img loading=\"lazy\" decoding=\"async\" width=\"300\" height=\"179\" src=\"https:\/\/www.radiopiu.net\/wordpress\/wp-content\/uploads\/2022\/02\/36d19659-f7f0-4b91-89ff-66f15c01fe2f-300x179.jpg\" class=\"attachment-medium size-medium\" alt=\"\" srcset=\"https:\/\/www.radiopiu.net\/wordpress\/wp-content\/uploads\/2022\/02\/36d19659-f7f0-4b91-89ff-66f15c01fe2f-300x179.jpg 300w, https:\/\/www.radiopiu.net\/wordpress\/wp-content\/uploads\/2022\/02\/36d19659-f7f0-4b91-89ff-66f15c01fe2f.jpg 595w\" sizes=\"auto, (max-width: 300px) 100vw, 300px\" \/><\/a>\n\t\t\t\t<\/dt><\/dl><dl class='gallery-item'>\n\t\t\t\t<dt class='gallery-icon landscape'>\n\t\t\t\t\t<a class=\"rollover rollover-zoom dt-pswp-item\" title=\"991233a3-08ea-48e9-8b01-abbe9fb7320f\" data-dt-img-description=\"\" data-large_image_width=\"592\" data-large_image_height=\"357\"href='https:\/\/www.radiopiu.net\/wordpress\/wp-content\/uploads\/2022\/02\/991233a3-08ea-48e9-8b01-abbe9fb7320f.jpg'><img loading=\"lazy\" decoding=\"async\" width=\"300\" height=\"181\" src=\"https:\/\/www.radiopiu.net\/wordpress\/wp-content\/uploads\/2022\/02\/991233a3-08ea-48e9-8b01-abbe9fb7320f-300x181.jpg\" class=\"attachment-medium size-medium\" alt=\"\" srcset=\"https:\/\/www.radiopiu.net\/wordpress\/wp-content\/uploads\/2022\/02\/991233a3-08ea-48e9-8b01-abbe9fb7320f-300x181.jpg 300w, https:\/\/www.radiopiu.net\/wordpress\/wp-content\/uploads\/2022\/02\/991233a3-08ea-48e9-8b01-abbe9fb7320f.jpg 592w\" sizes=\"auto, (max-width: 300px) 100vw, 300px\" \/><\/a>\n\t\t\t\t<\/dt><\/dl><dl class='gallery-item'>\n\t\t\t\t<dt class='gallery-icon landscape'>\n\t\t\t\t\t<a class=\"rollover rollover-zoom dt-pswp-item\" title=\"7dd7e85d-1508-4f6f-8084-d30818e2be86\" data-dt-img-description=\"\" data-large_image_width=\"612\" data-large_image_height=\"348\"href='https:\/\/www.radiopiu.net\/wordpress\/wp-content\/uploads\/2022\/02\/7dd7e85d-1508-4f6f-8084-d30818e2be86.jpg'><img loading=\"lazy\" decoding=\"async\" width=\"300\" height=\"171\" src=\"https:\/\/www.radiopiu.net\/wordpress\/wp-content\/uploads\/2022\/02\/7dd7e85d-1508-4f6f-8084-d30818e2be86-300x171.jpg\" class=\"attachment-medium size-medium\" alt=\"\" srcset=\"https:\/\/www.radiopiu.net\/wordpress\/wp-content\/uploads\/2022\/02\/7dd7e85d-1508-4f6f-8084-d30818e2be86-300x171.jpg 300w, https:\/\/www.radiopiu.net\/wordpress\/wp-content\/uploads\/2022\/02\/7dd7e85d-1508-4f6f-8084-d30818e2be86.jpg 612w\" sizes=\"auto, (max-width: 300px) 100vw, 300px\" \/><\/a>\n\t\t\t\t<\/dt><\/dl><br style=\"clear: both\" \/><dl class='gallery-item'>\n\t\t\t\t<dt class='gallery-icon landscape'>\n\t\t\t\t\t<a class=\"rollover rollover-zoom dt-pswp-item\" title=\"9ec76c8e-e780-41f3-8e08-02c6db4ea68c\" data-dt-img-description=\"\" data-large_image_width=\"610\" data-large_image_height=\"360\"href='https:\/\/www.radiopiu.net\/wordpress\/wp-content\/uploads\/2022\/02\/9ec76c8e-e780-41f3-8e08-02c6db4ea68c.jpg'><img loading=\"lazy\" decoding=\"async\" width=\"300\" height=\"177\" src=\"https:\/\/www.radiopiu.net\/wordpress\/wp-content\/uploads\/2022\/02\/9ec76c8e-e780-41f3-8e08-02c6db4ea68c-300x177.jpg\" class=\"attachment-medium size-medium\" alt=\"\" srcset=\"https:\/\/www.radiopiu.net\/wordpress\/wp-content\/uploads\/2022\/02\/9ec76c8e-e780-41f3-8e08-02c6db4ea68c-300x177.jpg 300w, https:\/\/www.radiopiu.net\/wordpress\/wp-content\/uploads\/2022\/02\/9ec76c8e-e780-41f3-8e08-02c6db4ea68c.jpg 610w\" sizes=\"auto, (max-width: 300px) 100vw, 300px\" \/><\/a>\n\t\t\t\t<\/dt><\/dl><dl class='gallery-item'>\n\t\t\t\t<dt class='gallery-icon landscape'>\n\t\t\t\t\t<a class=\"rollover rollover-zoom dt-pswp-item\" title=\"100e2138-f932-49cb-b196-275668834716\" data-dt-img-description=\"\" data-large_image_width=\"610\" data-large_image_height=\"367\"href='https:\/\/www.radiopiu.net\/wordpress\/wp-content\/uploads\/2022\/02\/100e2138-f932-49cb-b196-275668834716.jpg'><img loading=\"lazy\" decoding=\"async\" width=\"300\" height=\"180\" src=\"https:\/\/www.radiopiu.net\/wordpress\/wp-content\/uploads\/2022\/02\/100e2138-f932-49cb-b196-275668834716-300x180.jpg\" class=\"attachment-medium size-medium\" alt=\"\" srcset=\"https:\/\/www.radiopiu.net\/wordpress\/wp-content\/uploads\/2022\/02\/100e2138-f932-49cb-b196-275668834716-300x180.jpg 300w, https:\/\/www.radiopiu.net\/wordpress\/wp-content\/uploads\/2022\/02\/100e2138-f932-49cb-b196-275668834716.jpg 610w\" sizes=\"auto, (max-width: 300px) 100vw, 300px\" \/><\/a>\n\t\t\t\t<\/dt><\/dl><dl class='gallery-item'>\n\t\t\t\t<dt class='gallery-icon landscape'>\n\t\t\t\t\t<a class=\"rollover rollover-zoom dt-pswp-item\" title=\"e421f80e-99b9-4779-a443-3cbfeef4b20e\" data-dt-img-description=\"\" data-large_image_width=\"588\" data-large_image_height=\"353\"href='https:\/\/www.radiopiu.net\/wordpress\/wp-content\/uploads\/2022\/02\/e421f80e-99b9-4779-a443-3cbfeef4b20e.jpg'><img loading=\"lazy\" decoding=\"async\" width=\"300\" height=\"180\" src=\"https:\/\/www.radiopiu.net\/wordpress\/wp-content\/uploads\/2022\/02\/e421f80e-99b9-4779-a443-3cbfeef4b20e-300x180.jpg\" class=\"attachment-medium size-medium\" alt=\"\" srcset=\"https:\/\/www.radiopiu.net\/wordpress\/wp-content\/uploads\/2022\/02\/e421f80e-99b9-4779-a443-3cbfeef4b20e-300x180.jpg 300w, https:\/\/www.radiopiu.net\/wordpress\/wp-content\/uploads\/2022\/02\/e421f80e-99b9-4779-a443-3cbfeef4b20e.jpg 588w\" sizes=\"auto, (max-width: 300px) 100vw, 300px\" \/><\/a>\n\t\t\t\t<\/dt><\/dl><br style=\"clear: both\" \/>\n\t\t\t<\/div>\n\n<p>&nbsp;<\/p>\n<hr \/>\n<p>&nbsp;<\/p>\n<blockquote>\n<h3>CONTROLLI DELLA POLIZIA NELLE STAZIONI DEL VENETO: UN ARRESTATO E OLTRE 2.400 PERSONE CONTROLLATE<\/h3>\n<\/blockquote>\n<p><strong><a href=\"https:\/\/www.radiopiu.net\/wordpress\/giornale-radiopiu-04-febbraio-2020-direttore-mirko-mezzacasa-2\/polizia-5\/\" rel=\"attachment wp-att-115997\"><img loading=\"lazy\" decoding=\"async\" class=\"size-medium wp-image-115997 alignleft\" src=\"https:\/\/www.radiopiu.net\/wordpress\/wp-content\/uploads\/2020\/02\/polizia-300x225.jpg\" alt=\"\" width=\"300\" height=\"225\" srcset=\"https:\/\/www.radiopiu.net\/wordpress\/wp-content\/uploads\/2020\/02\/polizia-300x225.jpg 300w, https:\/\/www.radiopiu.net\/wordpress\/wp-content\/uploads\/2020\/02\/polizia-1024x768.jpg 1024w, https:\/\/www.radiopiu.net\/wordpress\/wp-content\/uploads\/2020\/02\/polizia-768x576.jpg 768w, https:\/\/www.radiopiu.net\/wordpress\/wp-content\/uploads\/2020\/02\/polizia-1536x1152.jpg 1536w, https:\/\/www.radiopiu.net\/wordpress\/wp-content\/uploads\/2020\/02\/polizia.jpg 1600w\" sizes=\"auto, (max-width: 300px) 100vw, 300px\" \/><\/a>VENEZIA <\/strong>Un arrestato, 6 indagati, 2.453 persone controllate, 230 \u00a0pattuglie impiegate in stazione, di cui una decina in abiti civili, in servizio antiborseggio, 20\u00a0 pattugliamenti lungo linea e 26 \u00a0treni presenziati: \u00e8 questo il bilancio dell\u2019 attivit\u00e0 \u00a0del Compartimento Polizia Ferroviaria \u00a0per il \u00a0Veneto, relativo alla scorsa\u00a0 settimana. In particolare, nella giornata del 2 febbraio scorso, nel corso dell\u2019operazione\u00a0 \u201cStazioni Sicure\u201d, \u00a0organizzata a livello nazionale\u00a0 dal Servizio Polizia Ferroviaria, \u00a0nello scalo mestrino, gli operatori hanno tratto in arresto per furto\u00a0 un 35enne, colto in flagranza di reato, mentre cercava di allontanarsi con 4 zaini appena asportati dal bar buffet della stazione. L\u2019attivit\u00e0 straordinaria di controllo nella stazione di Mestre \u00e8 stata effettuata con l\u2019ausilio del personale del Reparto Prevenzione Crimine della Questura di Venezia e di due unit\u00e0 cinofile; altre due unit\u00e0 cinofile hanno coadiuvato gli operatori polfer\u00a0 \u00a0nella stazione di Padova. L\u2019impiego di metal detector portatili e di smartphone, per la verifica in tempo reale dei documenti di identit\u00e0, ha agevolato e velocizzato le procedure di identificazione 427\u00a0 le persone controllate, 62 gli agenti operanti e 21 gli scali ferroviari presenziati, dove le verifiche sono state estese anche su oltre una quarantina di\u00a0 bagagli, sia\u00a0 depositati che al seguito di viaggiatori. Negli scali di Padova e \u00a0\u00a0di Treviso,\u00a0 4 persone sono state sanzionate per ubriachezza molesta e per inosservanza al\u00a0 divieto di accesso all\u2019 area ferroviaria. Nel corso della settimana, inoltre,\u00a0 nello scalo di Padova, sono stati emessi 2 provvedimenti di allontanamento ai sensi della normativa in materia di\u00a0 DASPO urbano, nei confronti di soggetti soliti stazionare nello scalo e importunare\u00a0 i viaggiatori in transito. Nella giornata di venerd\u00ec, invece, sempre in ottemperanza alle direttive impartite \u00a0a livello nazionale\u00a0\u00a0 dal Servizio Polizia Ferroviaria, \u00a0\u00a0si \u00e8 svolta l\u2019operazione denominata \u201cOro Rosso; un\u2019 attivit\u00e0 straordinaria di controllo nei confronti dei rottamai e lungo le linee ferroviarie, \u00a0per contrastare gli episodi di furti di rame in ambito ferroviario, oltre che per verificare l\u2019osservanza della normativa ambientale sullo smaltimento dei rifiuti particolari. Sono stati oltre una decina i depositi di rottami ispezionati dagli\u00a0 operatori del Compartimento, che hanno effettuato un attento esame di tutti i materiali in giacenza; 35 le persone controllate.<\/p>\n<p>&nbsp;<\/p>\n<p>&nbsp;<\/p>\n<hr \/>\n<p>&nbsp;<\/p>\n<blockquote>\n<h3>ACC E IDEAL STANDARD, PARLA IL PRESIDENTE DELLA PROVINCIA ROBERTO PADRIN<\/h3>\n<\/blockquote>\n<p><strong><a href=\"https:\/\/www.radiopiu.net\/wordpress\/il-nuovo-step-della-fase-2-ci-veda-propositivi-e-uniti-la-provincia-puo-fare-da-collettore-di-tutte-le-esigenze-e-le-idee-che-emergono-dal-nostro-territorio\/padrin-64\/\" rel=\"attachment wp-att-138417\"><img loading=\"lazy\" decoding=\"async\" class=\"size-medium wp-image-138417 alignleft\" src=\"https:\/\/www.radiopiu.net\/wordpress\/wp-content\/uploads\/2020\/05\/PADRIN-1-300x225.jpg\" alt=\"\" width=\"300\" height=\"225\" srcset=\"https:\/\/www.radiopiu.net\/wordpress\/wp-content\/uploads\/2020\/05\/PADRIN-1-300x225.jpg 300w, https:\/\/www.radiopiu.net\/wordpress\/wp-content\/uploads\/2020\/05\/PADRIN-1-1024x768.jpg 1024w, https:\/\/www.radiopiu.net\/wordpress\/wp-content\/uploads\/2020\/05\/PADRIN-1-768x576.jpg 768w, https:\/\/www.radiopiu.net\/wordpress\/wp-content\/uploads\/2020\/05\/PADRIN-1-1536x1152.jpg 1536w, https:\/\/www.radiopiu.net\/wordpress\/wp-content\/uploads\/2020\/05\/PADRIN-1-2048x1536.jpg 2048w\" sizes=\"auto, (max-width: 300px) 100vw, 300px\" \/><\/a>BELLUNO <\/strong><span style=\"font-family: arial,sans-serif;\">\u00abDopo tanti mesi difficili e di ansia per le crisi in Sinistra Piave, finalmente vediamo due soluzioni sostenibili e solide. Grazie a chi si \u00e8 impegnato per Acc e Ideal, per la tenuta dei siti produttivi e dei posti di lavoro. Adesso si continui a lavorare in perfetta unit\u00e0 d\u2019intenti, perch\u00e9 l\u2019esempio in questo caso dimostra che ancora una volta \u00e8 il gioco di squadra a fare il bene del territorio\u00bb. Cos\u00ec in una nota il presidente della Provincia Roberto Padrin, relativamente alle ultime notizie su Ideal Standard e Acc. <\/span><span style=\"font-family: arial,sans-serif;\">\u00abLa solidit\u00e0 della cordata che ha avanzato un\u2019offerta per Ideal e per il marchio Ceramica Dolomite \u00e8 dimostrata dai nomi che la compongono. E ci garantisce prospettive di tenuta industriale. Per quanto riguarda Acc, gli anni difficili non sembrano aver scalfito le potenzialit\u00e0 di quel sito produttivo. Grazie quindi al ministro Federico D\u2019Inc\u00e0 che si \u00e8 speso in prima persona per salvaguardare l\u2019occupazione di due importanti realt\u00e0 della Sinistra Piave. Grazie al sindaco Stefano Cesa, per aver saputo tenere le fila di una vicenda che rischiava di essere disgregante per Borgo Valbelluna. Grazie ai sindacati, che uniti hanno sempre dato il loro supporto, anche tenendo alta l\u2019attenzione nei momenti pi\u00f9 difficili. Grazie alla struttura regionale e all\u2019assessora Donazzan e agli imprenditori che continuano a credere nel nostro territorio. Il grazie pi\u00f9 grande per\u00f2 va ai lavoratori, che hanno saputo tener duro. Ora continuiamo a lavorare con questo spirito per portare a casa il risultato e garantire lo sviluppo del nostro territorio\u00bb.<\/span><\/p>\n<p>&nbsp;<\/p>\n<p>&nbsp;<\/p>\n<hr \/>\n<p>&nbsp;<\/p>\n<blockquote>\n<h3>ACC E IDEAL STANDARD. BERTON: \u201cIMPRESE DEL TERRITORIO PROTAGONISTE DI QUESTA FASE&#8221;<\/h3>\n<\/blockquote>\n<p><strong><a href=\"https:\/\/www.radiopiu.net\/wordpress\/giornale-radiopiu-29-ottobre-2019-direttore-mirko-mezzacasa\/lorraine_berton-1\/\" rel=\"attachment wp-att-104180\"><img loading=\"lazy\" decoding=\"async\" class=\"size-medium wp-image-104180 alignleft\" src=\"https:\/\/www.radiopiu.net\/wordpress\/wp-content\/uploads\/2019\/10\/Lorraine_Berton-1-300x300.jpg\" alt=\"\" width=\"300\" height=\"300\" srcset=\"https:\/\/www.radiopiu.net\/wordpress\/wp-content\/uploads\/2019\/10\/Lorraine_Berton-1-300x300.jpg 300w, https:\/\/www.radiopiu.net\/wordpress\/wp-content\/uploads\/2019\/10\/Lorraine_Berton-1-150x150.jpg 150w, https:\/\/www.radiopiu.net\/wordpress\/wp-content\/uploads\/2019\/10\/Lorraine_Berton-1.jpg 767w\" sizes=\"auto, (max-width: 300px) 100vw, 300px\" \/><\/a>BELLUNO <\/strong>\u201cSu Acc e Ideal Standard il mondo dell\u2019impresa sta facendo la differenza, dimostrando \u2013 ancora una volta \u2013 attaccamento al territorio, lungimiranza e capacit\u00e0 di innovazione. Se un futuro ora \u00e8 possibile, \u00e8 perch\u00e9 le imprese non si sono voltate dall\u2019altra parte, assumendosi le loro responsabilit\u00e0. Questo sforzo va sostenuto dalle Istituzioni di tutti i livelli senza se e senza ma. A ciascuno il suo\u201d. Cos\u00ec Lorraine Berton, presidente di Confindustria Belluno Dolomiti, commenta gli sviluppi riguardanti le due fabbriche di Borgo Valbelluna: da un lato, il via libera del Mise all\u2019offerta vincolante d\u2019acquisto del gruppo Lu.Ve relativa ad Acc, dall\u2019altro, la disponibilit\u00e0 di una cordata veneta di imprese \u2013 composta da Banca Finint, Delfin, Luigi Rossi Luciani e gruppo Pro-Gest &#8211; a rilevare Ideal Standard. \u201cParliamo di soluzioni di mercato prospettate da aziende che lavorano sul territorio e che si sono sempre distinte per spirito di innovazione, ricerca continua, modelli organizzativi all\u2019avanguardia, investimenti sulle risorse umane. Siamo sulla strada giusta per garantire a due realt\u00e0 simbolo del nostro manifatturiero un futuro di sostenibilit\u00e0 economica e occupazionale. Le nubi si stanno diradando ma serve che si navighi tutti nella stessa direzione sostenendo questi imprenditori responsabili\u201d. \u201c\u00c8 da mesi che come Associazione degli Industriali stiamo seguendo con il massimo riserbo l\u2019evoluzione di queste due crisi, dialogando con tutte le parti coinvolte: continueremo a farlo anche nelle prossime settimane, lavorando per il buon fine delle trattative\u201d, rivela Berton.<\/p>\n<p>&nbsp;<\/p>\n<p>&nbsp;<\/p>\n<hr \/>\n<p>&nbsp;<\/p>\n<h2><a href=\"https:\/\/www.radiopiu.net\/wordpress\/?attachment_id=259405\" rel=\"attachment wp-att-259405\"><img loading=\"lazy\" decoding=\"async\" class=\"size-medium wp-image-259405 alignleft\" src=\"https:\/\/www.radiopiu.net\/wordpress\/wp-content\/uploads\/2022\/02\/0-1-279x300.png\" alt=\"\" width=\"279\" height=\"300\" srcset=\"https:\/\/www.radiopiu.net\/wordpress\/wp-content\/uploads\/2022\/02\/0-1-279x300.png 279w, https:\/\/www.radiopiu.net\/wordpress\/wp-content\/uploads\/2022\/02\/0-1-951x1024.png 951w, https:\/\/www.radiopiu.net\/wordpress\/wp-content\/uploads\/2022\/02\/0-1-768x827.png 768w, https:\/\/www.radiopiu.net\/wordpress\/wp-content\/uploads\/2022\/02\/0-1-1427x1536.png 1427w, https:\/\/www.radiopiu.net\/wordpress\/wp-content\/uploads\/2022\/02\/0-1.png 1683w\" sizes=\"auto, (max-width: 279px) 100vw, 279px\" \/><\/a><\/h2>\n<h2><span style=\"color: #ff0000;\">\u00a0<\/span><\/h2>\n<h2><span style=\"color: #ff0000;\">\u00a0<\/span><\/h2>\n<h2><span style=\"color: #ff0000;\">\u00a0<\/span><\/h2>\n<h2><span style=\"color: #ff0000;\">DAL CORRIERE DELLE ALPI &#8211; VIVERE L&#8217;AGORDINO<\/span><\/h2>\n<h3>ABDUL AZIZ, DAL BANGLADESH PASSANDO PER LA LIBIA, IL MEDITERRANEO ED AGORDO<\/h3>\n<p>di Gianni Santomaso<\/p>\n<p>&nbsp;<\/p>\n<p>&nbsp;<\/p>\n<p>&nbsp;<\/p>\n<p>&nbsp;<\/p>\n<hr \/>\n<p>&nbsp;<\/p>\n<blockquote>\n<h3>&#8220;LA RONDINE FA PRIMAVERA?&#8221;&#8230;RAFFAELE ADDAMIANO PORTA ALLA LUCE IL DEGRADO A PIAZZA CAMPEDEL<\/h3>\n<\/blockquote>\n<p><strong>BELLUNO<\/strong> Adesivi strappati e mal ridotti in piazza Campedel a Belluno. A portare alla luce la situazione di degrado in pieno centro storico \u00e8 il consigliere comunale di Belluno Raffaele Addamiano.<\/p>\n<p><strong>RAFFAELE ADDAMIANO, CONSIGLIERE COMUNALE DI BELLUNO<\/strong><\/p>\n<audio class=\"wp-audio-shortcode\" id=\"audio-259216-2\" preload=\"none\" style=\"width: 100%;\" controls=\"controls\"><source type=\"audio\/mpeg\" src=\"https:\/\/www.radiopiu.net\/wordpress\/wp-content\/uploads\/2022\/02\/ADDAMIANO-RONDINI.mp3?_=2\" \/><a href=\"https:\/\/www.radiopiu.net\/wordpress\/wp-content\/uploads\/2022\/02\/ADDAMIANO-RONDINI.mp3\">https:\/\/www.radiopiu.net\/wordpress\/wp-content\/uploads\/2022\/02\/ADDAMIANO-RONDINI.mp3<\/a><\/audio>\n<p>&nbsp;<\/p>\n\n\t\t\t<style type='text\/css'>\n\t\t\t\t#gallery-3 {\n\t\t\t\t\tmargin: auto;\n\t\t\t\t}\n\t\t\t\t#gallery-3 .gallery-item {\n\t\t\t\t\tfloat: left;\n\t\t\t\t\tmargin-top: 10px;\n\t\t\t\t\ttext-align: center;\n\t\t\t\t\twidth: 33%;\n\t\t\t\t}\n\t\t\t\t#gallery-3 img {\n\t\t\t\t\tborder: 2px solid #cfcfcf;\n\t\t\t\t}\n\t\t\t\t#gallery-3 .gallery-caption {\n\t\t\t\t\tmargin-left: 0;\n\t\t\t\t}\n\t\t\t\t\/* see gallery_shortcode() in wp-includes\/media.php *\/\n\t\t\t<\/style>\n\t\t<div id='gallery-3' class='dt-gallery-container gallery galleryid-259216 gallery-columns-3 gallery-size-medium'><dl class='gallery-item'>\n\t\t\t\t<dt class='gallery-icon landscape'>\n\t\t\t\t\t<a class=\"rollover rollover-zoom dt-pswp-item\" title=\"62af8c25-ce2a-4de8-b243-edca01c4f23f\" data-dt-img-description=\"\" data-large_image_width=\"1512\" data-large_image_height=\"1512\"href='https:\/\/www.radiopiu.net\/wordpress\/wp-content\/uploads\/2022\/02\/62af8c25-ce2a-4de8-b243-edca01c4f23f.jpg'><img loading=\"lazy\" decoding=\"async\" width=\"300\" height=\"300\" src=\"https:\/\/www.radiopiu.net\/wordpress\/wp-content\/uploads\/2022\/02\/62af8c25-ce2a-4de8-b243-edca01c4f23f-300x300.jpg\" class=\"attachment-medium size-medium\" alt=\"\" srcset=\"https:\/\/www.radiopiu.net\/wordpress\/wp-content\/uploads\/2022\/02\/62af8c25-ce2a-4de8-b243-edca01c4f23f-300x300.jpg 300w, https:\/\/www.radiopiu.net\/wordpress\/wp-content\/uploads\/2022\/02\/62af8c25-ce2a-4de8-b243-edca01c4f23f-1024x1024.jpg 1024w, https:\/\/www.radiopiu.net\/wordpress\/wp-content\/uploads\/2022\/02\/62af8c25-ce2a-4de8-b243-edca01c4f23f-150x150.jpg 150w, https:\/\/www.radiopiu.net\/wordpress\/wp-content\/uploads\/2022\/02\/62af8c25-ce2a-4de8-b243-edca01c4f23f-768x768.jpg 768w, https:\/\/www.radiopiu.net\/wordpress\/wp-content\/uploads\/2022\/02\/62af8c25-ce2a-4de8-b243-edca01c4f23f.jpg 1512w\" sizes=\"auto, (max-width: 300px) 100vw, 300px\" \/><\/a>\n\t\t\t\t<\/dt><\/dl><dl class='gallery-item'>\n\t\t\t\t<dt class='gallery-icon landscape'>\n\t\t\t\t\t<a class=\"rollover rollover-zoom dt-pswp-item\" title=\"41937796-71c3-4395-b51e-72c22ef34306\" data-dt-img-description=\"\" data-large_image_width=\"1512\" data-large_image_height=\"1512\"href='https:\/\/www.radiopiu.net\/wordpress\/wp-content\/uploads\/2022\/02\/41937796-71c3-4395-b51e-72c22ef34306.jpg'><img loading=\"lazy\" decoding=\"async\" width=\"300\" height=\"300\" src=\"https:\/\/www.radiopiu.net\/wordpress\/wp-content\/uploads\/2022\/02\/41937796-71c3-4395-b51e-72c22ef34306-300x300.jpg\" class=\"attachment-medium size-medium\" alt=\"\" srcset=\"https:\/\/www.radiopiu.net\/wordpress\/wp-content\/uploads\/2022\/02\/41937796-71c3-4395-b51e-72c22ef34306-300x300.jpg 300w, https:\/\/www.radiopiu.net\/wordpress\/wp-content\/uploads\/2022\/02\/41937796-71c3-4395-b51e-72c22ef34306-1024x1024.jpg 1024w, https:\/\/www.radiopiu.net\/wordpress\/wp-content\/uploads\/2022\/02\/41937796-71c3-4395-b51e-72c22ef34306-150x150.jpg 150w, https:\/\/www.radiopiu.net\/wordpress\/wp-content\/uploads\/2022\/02\/41937796-71c3-4395-b51e-72c22ef34306-768x768.jpg 768w, https:\/\/www.radiopiu.net\/wordpress\/wp-content\/uploads\/2022\/02\/41937796-71c3-4395-b51e-72c22ef34306.jpg 1512w\" sizes=\"auto, (max-width: 300px) 100vw, 300px\" \/><\/a>\n\t\t\t\t<\/dt><\/dl><dl class='gallery-item'>\n\t\t\t\t<dt class='gallery-icon landscape'>\n\t\t\t\t\t<a class=\"rollover rollover-zoom dt-pswp-item\" title=\"d6210e6e-04e8-490b-80e5-39219bf67ef4\" data-dt-img-description=\"\" data-large_image_width=\"1512\" data-large_image_height=\"1512\"href='https:\/\/www.radiopiu.net\/wordpress\/wp-content\/uploads\/2022\/02\/d6210e6e-04e8-490b-80e5-39219bf67ef4.jpg'><img loading=\"lazy\" decoding=\"async\" width=\"300\" height=\"300\" src=\"https:\/\/www.radiopiu.net\/wordpress\/wp-content\/uploads\/2022\/02\/d6210e6e-04e8-490b-80e5-39219bf67ef4-300x300.jpg\" class=\"attachment-medium size-medium\" alt=\"\" srcset=\"https:\/\/www.radiopiu.net\/wordpress\/wp-content\/uploads\/2022\/02\/d6210e6e-04e8-490b-80e5-39219bf67ef4-300x300.jpg 300w, https:\/\/www.radiopiu.net\/wordpress\/wp-content\/uploads\/2022\/02\/d6210e6e-04e8-490b-80e5-39219bf67ef4-1024x1024.jpg 1024w, https:\/\/www.radiopiu.net\/wordpress\/wp-content\/uploads\/2022\/02\/d6210e6e-04e8-490b-80e5-39219bf67ef4-150x150.jpg 150w, https:\/\/www.radiopiu.net\/wordpress\/wp-content\/uploads\/2022\/02\/d6210e6e-04e8-490b-80e5-39219bf67ef4-768x768.jpg 768w, https:\/\/www.radiopiu.net\/wordpress\/wp-content\/uploads\/2022\/02\/d6210e6e-04e8-490b-80e5-39219bf67ef4.jpg 1512w\" sizes=\"auto, (max-width: 300px) 100vw, 300px\" \/><\/a>\n\t\t\t\t<\/dt><\/dl><br style=\"clear: both\" \/>\n\t\t\t<\/div>\n\n<p>&nbsp;<\/p>\n<hr \/>\n<p>&nbsp;<\/p>\n<blockquote>\n<h3 class=\"p1\"><span class=\"s1\">DELEGHE PROVINCIALI, FISSATO UN ORIZZONTE TEMPORALE BREVE<\/span><\/h3>\n<\/blockquote>\n<p class=\"p3\"><span class=\"s1\"><strong><a href=\"https:\/\/www.radiopiu.net\/wordpress\/padrin-la-fase-2-ci-veda-uniti-nel-programmare-la-ripartenza-torneremo-alla-normalita\/padrin-63\/\" rel=\"attachment wp-att-134835\"><img loading=\"lazy\" decoding=\"async\" class=\" wp-image-134835 alignleft\" src=\"https:\/\/www.radiopiu.net\/wordpress\/wp-content\/uploads\/2020\/05\/PADRIN-200x300.jpg\" alt=\"\" width=\"113\" height=\"170\" srcset=\"https:\/\/www.radiopiu.net\/wordpress\/wp-content\/uploads\/2020\/05\/PADRIN-200x300.jpg 200w, https:\/\/www.radiopiu.net\/wordpress\/wp-content\/uploads\/2020\/05\/PADRIN-683x1024.jpg 683w, https:\/\/www.radiopiu.net\/wordpress\/wp-content\/uploads\/2020\/05\/PADRIN-768x1152.jpg 768w, https:\/\/www.radiopiu.net\/wordpress\/wp-content\/uploads\/2020\/05\/PADRIN.jpg 945w\" sizes=\"auto, (max-width: 113px) 100vw, 113px\" \/><\/a>BELLUNO<\/strong> \u00abL\u2019obiettivo ultimo della Provincia rimane sempre quello di contrastare lo spopolamento ed essere ente a servizio dei Comuni e del territorio, per uno sviluppo sostenibile delle comunit\u00e0. Lo abbiamo scritto nelle linee programmatiche e ora stiamo attendendo le proposte dei consiglieri di \u201cProgetto Dolomiti\u201d per integrare quello che sar\u00e0 il programma di governo. Per\u00f2 sono passati ormai pi\u00f9 di venti giorni e ancora non abbiamo visto niente. La porta rimane aperta, ma i tempi a questo punto devono essere brevi\u00bb. \u00c8 quanto afferma il presidente della Provincia di Belluno Roberto Padrin, in attesa di definire le deleghe da assegnare ai consiglieri eletti il 18 dicembre scorso. Deleghe che &#8211; cos\u00ec prevede la legge Delrio &#8211; il presidente non \u00e8 obbligato ad assegnare e che potrebbero rimanere tutte in capo alla presidenza. <\/span><span class=\"s1\">\u00abNell\u2019ottica di un lavoro di squadra, che ritengo importante per un ente di secondo grado quale \u00e8 diventato la Provincia, \u00e8 basilare concentrarsi sui temi e sugli obiettivi condivisi, prima che su nomi e deleghe\u00bb sottolinea il presidente Padrin. \u00abPer questo motivo aspettiamo con una certa urgenza le proposte dei consiglieri eletti nella lista \u201cProgetto Dolomiti\u201d, in modo da lavorare con un orizzonte comune, per il bene del territorio, che \u00e8 il tema primario. La porta quindi rimane aperta, ma i tempi stringono, dato che le linee programmatiche sono state presentate ancora il 21 gennaio scorso, per cui \u00e8 giusto cominciare a darsi delle scadenze. Se in venti giorni non si \u00e8 mosso nulla, penso che forse le linee programmatiche cos\u00ec come delineate possano andar bene. In ogni caso, chiedo che entro la prossima settimana la lista \u201cProgetto Dolomiti\u201d ci sottoponga le sue osservazioni, perch\u00e9 comunque intendo procedere entro fine mese all\u2019assegnazione delle deleghe, eventualmente all\u2019interno della compagine che mi ha sostenuto, la lista \u201cProvincia Comune Belluno 2030\u201d. Questo per accelerare su alcuni temi che non possono aspettare\u00bb.<\/span><\/p>\n<p>&nbsp;<\/p>\n<p>&nbsp;<\/p>\n<hr \/>\n<p>&nbsp;<\/p>\n<blockquote>\n<h3>PER SOVILLA (LEGA) SUL NEVEGAL UNA PASSERELLA DI FINE MANDATO<\/h3>\n<\/blockquote>\n<p><strong>BELLUNO<\/strong> \u201cPolitici sportivi? Io credo che lo sport lo si guardi in tv, ma che in Nevegal lo si pratichi poco, quelle dei giorni scorsi mi sono tanto sembrate passerelle pre elezioni\u201d. Cos\u00ec il consigliere comunale della Lega Marzio Sovilla commenta la gita sul Colle della scorsa settimana degli assessori della giunta Massaro Yuki d\u2019Emilia, Biagio Giannone e Marco Bogo, immortalata e condivisa nei social. Una mossa in vista delle elezioni, secondo Sovilla, pi\u00f9 che un vero interesse verso la localit\u00e0 e i suoi operatori<\/p>\n<p><strong>MARZIO SOVILLA, CONSIGLIERE COMUNALE DELLA LEGA<\/strong><\/p>\n<audio class=\"wp-audio-shortcode\" id=\"audio-259216-3\" preload=\"none\" style=\"width: 100%;\" controls=\"controls\"><source type=\"audio\/mpeg\" src=\"https:\/\/www.radiopiu.net\/wordpress\/wp-content\/uploads\/2022\/02\/Sovilla-su-Nevegal-attenzione-Comune.mp3?_=3\" \/><a href=\"https:\/\/www.radiopiu.net\/wordpress\/wp-content\/uploads\/2022\/02\/Sovilla-su-Nevegal-attenzione-Comune.mp3\">https:\/\/www.radiopiu.net\/wordpress\/wp-content\/uploads\/2022\/02\/Sovilla-su-Nevegal-attenzione-Comune.mp3<\/a><\/audio>\n<p>&nbsp;<\/p>\n<hr \/>\n<p>&nbsp;<\/p>\n<blockquote>\n<h3>LA TRANSIZIONE VERDE E DIGITALE NELLE REALT\u00c0 PRODUTTIVE A RICOSTRUIRE 2022 CON EU INDUSTRY WEEKS<\/h3>\n<\/blockquote>\n<p><strong>LONGARONE <\/strong>Il Presidente di Longarone Fiere Dolomiti, Gian Angelo Bellati sottolinea l\u2019importanza di questa edizione che \u201cavr\u00e0 una visibilit\u00e0 non solo locale, non solo nazionale, ma anche europea\u201d. Longarone Fiere Dolomiti come di consueto riparte con Ri-Costruire, e lo far\u00e0 online il 24 e 25 febbraio con cinque incontri online importantissimi, prima dell\u2019edizione in presenza dell\u20198-9-10 aprile.<\/p>\n<p><strong>GIAN ANGELO BELLATI, PRESIDENTE DI LONGARONE FIERE<\/strong><\/p>\n<div style=\"width: 1200px;\" class=\"wp-video\"><video class=\"wp-video-shortcode\" id=\"video-259216-1\" width=\"1200\" height=\"675\" preload=\"metadata\" controls=\"controls\"><source type=\"video\/mp4\" src=\"https:\/\/www.radiopiu.net\/wordpress\/wp-content\/uploads\/2022\/02\/Presentazione-Ricostruire-2022-e-local-event-Gian-Angelo-Bellati-TV.mp4?_=1\" \/><a href=\"https:\/\/www.radiopiu.net\/wordpress\/wp-content\/uploads\/2022\/02\/Presentazione-Ricostruire-2022-e-local-event-Gian-Angelo-Bellati-TV.mp4\">https:\/\/www.radiopiu.net\/wordpress\/wp-content\/uploads\/2022\/02\/Presentazione-Ricostruire-2022-e-local-event-Gian-Angelo-Bellati-TV.mp4<\/a><\/video><\/div>\n<p>&nbsp;<\/p>\n<hr \/>\n<p>&nbsp;<\/p>\n<blockquote>\n<h3>STANGATA LUCE E GAS: NEL I TRIMESTRE RINCARI PER LE IMPRESE VENETE DA 1,6 MILIARDI. NUOVO INTERVENTO INSUFFICIENTE<\/h3>\n<\/blockquote>\n<p>Si stima che nel primo trimestre di quest\u2019anno le imprese venete saranno chiamate a pagare, rispetto al 2019 (anno pre-pandemia), ben 1,6 miliardi di euro in pi\u00f9 di energia elettrica e gas, a fronte di un extra costo annuo di 6,4 miliardi (vedi Tab. 1). Se questi aumenti di prezzo dovessero perdurare per una buona parte di quest\u2019anno, non \u00e8 da escludere che 35 mila addetti occupati nelle aziende energivore venete rischiano, anche temporaneamente, di rimanere a casa.<\/p>\n<p><strong>Prossima misura ancora insufficiente<\/strong><br \/>\nCerto, il Premier Draghi ha annunciato che l\u2019esecutivo sta mettendo a punto un intervento di ampia portata per calmierare i prezzi delle bollette a famiglie, imprese ed Amministrazioni pubbliche. Pare di capire che questa misura dovrebbe aggirarsi tra i 5 e i 7 miliardi di euro. Sia chiaro, in termini assoluti parliamo di una cifra elevatissima; se confermata, sarebbe comunque del tutto insufficiente a mitigare i rincari che, in particolar modo le imprese, subiranno in questi primi 3 mesi dell\u2019anno.<\/p>\n<p><strong>I settori a rischio blackout<\/strong><br \/>\nCon aumenti che in alcuni casi sfiorano anche il 400 per cento, i settori energivori sono pi\u00f9 a rischio degli altri. Per quanto riguarda il consumo del gas, segnaliamo le difficolt\u00e0 che stanno colpendo le imprese del vetro, della ceramica, del cemento, della plastica, della produzione di laterizi, la meccanica pesante, l\u2019alimentazione, la chimica etc. Per quanto concerne l\u2019energia elettrica, invece, rischiano il blackout le acciaierie\/fonderie, l\u2019alimentare, il commercio (negozi, botteghe, centri commerciali, etc.), alberghi, bar-ristoranti, altri servizi (cinema, teatri, discoteche, lavanderie, etc.).<\/p>\n<p><strong>I distretti produttivi pi\u00f9 in difficolt\u00e0<\/strong><br \/>\nLe difficolt\u00e0, fa sapere l\u2019Ufficio studi della CGIA, colpiscono molte imprese e conseguentemente anche tanti distretti produttivi che sono il motore dell\u2019economia e dell\u2019export della nostra regione. I pi\u00f9 in difficolt\u00e0 sono:<\/p>\n<p><strong>Alimentare Verona;<\/strong><br \/>\n<strong>Ittico Rovigo-Chioggia;<\/strong><br \/>\n<strong>Materie plastiche di Treviso, Vicenza e Padova;<\/strong><br \/>\n<strong>Meccanica Alto vicentino;<\/strong><br \/>\n<strong>Termomeccanica Padova;<\/strong><br \/>\n<strong>Vetro di Murano.<\/strong><\/p>\n<p><strong>Anche Tir, pescherecci e agricoltori sono allo stremo<\/strong><br \/>\nA preoccupare il mondo del lavoro non sono solo i rincari di luce e gas, ma anche quello dei carburanti. Il gasolio per autotrazione, ad esempio, ha subito nell\u2019ultimo anno un aumento di prezzo di oltre il 22 per cento. Molti settori, pertanto, rischiano di doversi fermare: anche in Veneto l\u2019autotrasporto, la pesca e l\u2019agricoltura hanno gi\u00e0 manifestato grande disappunto per la mancanza di interventi da parte del Governo.<\/p>\n<p><strong>Cosa fare ?<\/strong><br \/>\nAbbiamo inteso tutti che nel medio periodo dovremo ridurre la dipendenza dall\u2019estero, aumentare la produzione di gas italiano e proseguire sulla strada degli investimenti nelle fonti rinnovabili. <strong>Le imprese, tuttavia, necessitano di misure in grado di calmierare immediatamente il caro bollette: i 5-7 miliardi ipotizzati in questi giorni non sono sufficienti; pertanto non abbiamo alternative.<\/strong> O salviamo le aziende, recuperando le risorse attraverso un nuovo scostamento di bilancio, altrimenti molte saranno destinate a chiudere o, nella migliore delle ipotesi, a ridurre drasticamente gli organici. Certo, l\u2019obiezione di chi sostiene che siamo troppo indebitati e non possiamo farlo ulteriormente \u00e8 legittimo. Ma \u00e8 altrettanto legittimo segnalare che i soldi che risparmiamo, evitando di approvare aiuti importanti, saremo chiamati a spenderli erogando la Cig o l\u2019indennit\u00e0 di disoccupazione a coloro che perderanno il posto di lavoro.<\/p>\n<p><a class=\"dt-pswp-item\" href=\"https:\/\/www.radiopiu.net\/wordpress\/wp-content\/uploads\/2022\/02\/Schermata-2022-02-12-alle-09.49.06.png\" data-dt-img-description=\"\" data-large_image_width=\"626\" data-large_image_height=\"382\"><img loading=\"lazy\" decoding=\"async\" class=\"alignleft size-medium wp-image-259283\" src=\"https:\/\/www.radiopiu.net\/wordpress\/wp-content\/uploads\/2022\/02\/Schermata-2022-02-12-alle-09.49.06-300x183.png\" alt=\"\" width=\"300\" height=\"183\" srcset=\"https:\/\/www.radiopiu.net\/wordpress\/wp-content\/uploads\/2022\/02\/Schermata-2022-02-12-alle-09.49.06-300x183.png 300w, https:\/\/www.radiopiu.net\/wordpress\/wp-content\/uploads\/2022\/02\/Schermata-2022-02-12-alle-09.49.06.png 626w\" sizes=\"auto, (max-width: 300px) 100vw, 300px\" \/><\/a><\/p>\n<p>&nbsp;<\/p>\n<p>&nbsp;<\/p>\n<p>&nbsp;<\/p>\n<p>&nbsp;<\/p>\n<p>&nbsp;<\/p>\n<p>&nbsp;<\/p>\n<p>&nbsp;<\/p>\n<p><em>Le stime sono state costruite a partire dai dati sui consumi energetici delle imprese nel 2019 (anno prima del Covid) ipotizzando per l\u2019anno in corso (il 2022) gli stessi consumi del 2019.<\/em><br \/>\n<em>La stima della bolletta elettrica per le imprese nel 2019 (pari a 36 miliardi di euro al netto dell\u2019IVA) \u00e8 frutto di un calcolo che tiene conto dei prezzi medi ponderati per classe di consumo energetico, ricavati dal database Eurostat per le utenze non domestiche su base semestrale. La stima dei costi dell\u2019energia elettrica relativa al 2022 \u00e8 stata costruita ipotizzando, per il 2022, un Prezzo Unico Nazionale (PUN) medio dell\u2019energia elettrica pari a 150 euro per MWh; il PUN \u00e8 il prezzo di riferimento dell\u2019energia elettrica rilevato sulla borsa elettrica italiana ed \u00e8 monitorato dalle statistiche del GME (Gestore dei Mercati Elettrici); in questa ipotesi un tale incremento rispetto al 2019 (+187% per il PUN che nell\u2019anno pre-Covid si attestava a 52 euro per MWh) si traduce in una crescita percentuale della bolletta elettrica delle imprese inferiore (+100%) che comunque raddoppierebbe sfiorando i 72 miliardi di euro (per un extra-costo di 36 miliardi di euro); l\u2019aumento \u00e8 meno che proporzionale rispetto a quello della materia prima in quanto l\u2019aumento del prezzo della materia prima impatta su una parte e non su tutto il costo complessivo della bolletta (che comprende anche costi di commercializzazione, trasmissione, oneri, tasse, margini ecc.). Nell\u2019ipotesi avversa di un prezzo medio di 200 euro per MWh nel 2022 l\u2019impatto sulle imprese sarebbe ancora pi\u00f9 drammatico con una bolletta elettrica che supererebbe i 90 miliardi di euro (+150% rispetto al 2019, per un extra-costo di 54 miliardi di euro).<\/em><br \/>\n<em>La stima della bolletta del gas per le imprese nel 2019 (pari a 10 miliardi di euro al netto dell\u2019IVA) \u00e8 frutto di un calcolo che tiene conto dei prezzi medi ponderati per classe di consumo energetico ricavati dal database Eurostat per le utenze non domestiche su base semestrale. La stima dei costi del gas relativa al 2022 \u00e8 stata costruita ipotizzando, per il 2022, un prezzo medio per MWh pari a 70 euro; il prezzo di riferimento del gas \u00e8 stato ricavato dalle statistiche del GME (Gestore dei Mercati Elettrici) guardando al mercato del giorno prima MGP gas; in questa ipotesi un tale incremento rispetto al 2019 (+347% rispetto ad un prezzo che nell\u2019anno pre-Covid si attestava a meno di 16 euro per MWh) si traduce in una crescita percentuale inferiore (+225%) della bolletta del gas delle imprese che comunque pi\u00f9 triplicherebbe superando i 33 miliardi di euro (per un extra-costo di 23 miliardi di euro); l\u2019aumento \u00e8 meno che proporzionale rispetto a quello della materia prima in quanto l\u2019incremento del prezzo della materia prima impatta su una parte e non su tutto il costo complessivo della bolletta del gas (che comprende anche costi di commercializzazione, trasmissione, oneri, tasse, margini ecc.). Nell\u2019ipotesi avversa di un prezzo medio di 100 euro per MWh nel 2022 l\u2019impatto sulle imprese sarebbe ancora pi\u00f9 drammatico con una bolletta del gas che supererebbe i 46 miliardi di euro (+350% rispetto al 2019, per un extra-costo di 35 miliardi di euro).<\/em><\/p>\n<p>&nbsp;<\/p>\n<p>&nbsp;<\/p>\n<hr \/>\n<p>&nbsp;<\/p>\n<blockquote>\n<h3>XXII GIORNATA DI RACCOLTA DEL FARMACO.\u00a0 FINO AL 14 FEBBRAIO IN 512 FARMACIE DEL VENETO<\/h3>\n<\/blockquote>\n<p><strong><a href=\"https:\/\/www.radiopiu.net\/wordpress\/giornale-radiopiu-08-febbraio-2022-direttore-mirko-mezzacasa\/295-2022-logo-giornata-raccolta-farmaco-2022\/\" rel=\"attachment wp-att-258368\"><img loading=\"lazy\" decoding=\"async\" class=\" wp-image-258368 alignleft\" src=\"https:\/\/www.radiopiu.net\/wordpress\/wp-content\/uploads\/2022\/02\/295-2022-Logo-Giornata-Raccolta-Farmaco-2022-300x92.jpg\" alt=\"\" width=\"271\" height=\"83\" srcset=\"https:\/\/www.radiopiu.net\/wordpress\/wp-content\/uploads\/2022\/02\/295-2022-Logo-Giornata-Raccolta-Farmaco-2022-300x92.jpg 300w, https:\/\/www.radiopiu.net\/wordpress\/wp-content\/uploads\/2022\/02\/295-2022-Logo-Giornata-Raccolta-Farmaco-2022-1024x313.jpg 1024w, https:\/\/www.radiopiu.net\/wordpress\/wp-content\/uploads\/2022\/02\/295-2022-Logo-Giornata-Raccolta-Farmaco-2022-768x235.jpg 768w, https:\/\/www.radiopiu.net\/wordpress\/wp-content\/uploads\/2022\/02\/295-2022-Logo-Giornata-Raccolta-Farmaco-2022-1536x469.jpg 1536w, https:\/\/www.radiopiu.net\/wordpress\/wp-content\/uploads\/2022\/02\/295-2022-Logo-Giornata-Raccolta-Farmaco-2022.jpg 1800w\" sizes=\"auto, (max-width: 271px) 100vw, 271px\" \/><\/a>VENEZIA<\/strong>\u00a0 Fino ad oggi:\u00a0 \u00a0Giornata di Raccolta del Farmaco, l\u2019iniziativa di solidariet\u00e0 che quest\u2019anno \u00e8 alla XXII edizione. In 512 farmacie di tutto il Veneto, riconoscibili dall\u2019apposita locandina, sar\u00e0 possibile acquistare farmaci da banco destinati a 110 enti caritativi attivi sul territorio regionale. Si tratta di enti convenzionati con la Fondazione Banco Farmaceutico Onlus che assistono 70 mila bisognosi.<\/p>\n<p>&nbsp;<\/p>\n<p>&nbsp;<\/p>\n<hr \/>\n<p>&nbsp;<\/p>\n<blockquote>\n<h3>LA GUARDIA DI FINANZA APRE AL CONCORSO\u00a0 PER 12 ESECUTORI E\u00a0 1 ARCHIVISTA DELLA BANDA <span dir=\"ltr\" role=\"presentation\">MUSICALE\u00a0<\/span><\/h3>\n<\/blockquote>\n<p><br role=\"presentation\" \/><span dir=\"ltr\" role=\"presentation\">Possono partecipare i cittadini italiani di et\u00e0 compresa fra i 18 e i 40 anni in possesso, oltre che del<\/span><br role=\"presentation\" \/><span dir=\"ltr\" role=\"presentation\">diploma di istruzione secondaria di secondo grado, anche di idoneo titolo di studio. Presentazione delle domande entro le 12 del 28 febbraio <\/span><span dir=\"ltr\" role=\"presentation\">\u00a0esclusivamente mediante la procedura <\/span><span dir=\"ltr\" role=\"presentation\">telematica disponibile sul portale attivo all\u2019indirizzo \u201chttps:\/\/concorsi.gdf.gov.it\u201d.<\/span><\/p>\n<p>&nbsp;<\/p>\n<hr \/>\n<p>&nbsp;<\/p>\n<blockquote>\n<h3>LILT IN ASSEMBLEA<\/h3>\n<\/blockquote>\n<p><strong>BELLUNO<\/strong> L&#8217;assemblea dei soci della Lilt Belluno\u00a0 (Lega italiana per la lotta contro i tumori) si terr\u00e0 mercoled\u00ec\u00a0 alle 17.30\u00a0 nella sala riunioni della Casa delle associazioni in via del Piave. All&#8217;ordine del giorno la relazione delle attivit\u00e0, l&#8217;anticipazione dei progetti peril 2022\u00a0 e l&#8217;approvazione del bilancio consuntivo 2021. La capienza della sala \u00e8 di massimo 15 posti per cui \u00e8 prevista la possibilit\u00e0 di un collegamento online su richiesta allo 0437 944952 o scrivendo a belluno@lilt.it; per accedere alla sala \u00e8 obbligatorio il Green Pass rafforzato.<\/p>\n<p>&nbsp;<\/p>\n<p>&nbsp;<\/p>\n<hr \/>\n<p>&nbsp;<\/p>\n<blockquote>\n<h3>SABATO 26 FEBBRAIO CARNEVALE A SOSPIROLO<\/h3>\n<\/blockquote>\n<p><strong>SOSPIROLO<\/strong>\u00a0 Sabato 26 febbraio al Centro civico di Sospirolo alle 15 con la \u00a0Proloco Monti del Sole e il \u00a0patrocinio del Comune di Sospirolo \u00a0tradizionale appuntamento con\u00a0 Carnevale dei bambini.\u00a0 * Spettacolo\u00a0\u00a0\u201cChe occhi Grandi che Hai! Manuale di corteggiamento per Lupi e affini\u201d\u00a0 \u00a0 con Cristina Gianni e Davide De Bona di Teatro Piteco.\u00a0 A seguire all&#8217;aperto la sfilata delle mascherine<\/p>\n<p>&nbsp;<\/p>\n<p>&nbsp;<\/p>\n<hr \/>\n<p>&nbsp;<\/p>\n<blockquote class=\"wp-embedded-content\" data-secret=\"U8keALQxjz\"><p><a href=\"https:\/\/www.radiopiu.net\/wordpress\/larrivo-di-william-dopo-i-90-km-di-gara\/\">L&#8217;ARRIVO DI WILLIAM DOPO I 90 KM DI GARA.  WILLIAM IN GARA ALLA VASA DEL CENTENARIO<\/a><\/p><\/blockquote>\n<p><iframe loading=\"lazy\" class=\"wp-embedded-content\" sandbox=\"allow-scripts\" security=\"restricted\" style=\"position: absolute; clip: rect(1px, 1px, 1px, 1px);\" title=\"&#8220;L&#8217;ARRIVO DI WILLIAM DOPO I 90 KM DI GARA.  WILLIAM IN GARA ALLA VASA DEL CENTENARIO&#8221; &#8212; Radio Pi\u00f9\" src=\"https:\/\/www.radiopiu.net\/wordpress\/larrivo-di-william-dopo-i-90-km-di-gara\/embed\/#?secret=U8keALQxjz\" data-secret=\"U8keALQxjz\" width=\"600\" height=\"338\" frameborder=\"0\" marginwidth=\"0\" marginheight=\"0\" scrolling=\"no\"><\/iframe><\/p>\n<p>&nbsp;<\/p>\n<hr \/>\n<p>&nbsp;<\/p>\n<h2><span style=\"color: #ff0000;\">IERI ALLA RADIO\u00a0<\/span><\/h2>\n<h2><strong><a href=\"https:\/\/www.radiopiu.net\/wordpress\/laugurio-di-monsignor-giorgio-lise-agli-agordini\/don-giorgio-lise\/\" rel=\"attachment wp-att-177420\"><img loading=\"lazy\" decoding=\"async\" class=\"size-medium wp-image-177420 alignleft\" src=\"https:\/\/www.radiopiu.net\/wordpress\/wp-content\/uploads\/2020\/12\/DON-GIORGIO-LISE-300x169.jpg\" alt=\"\" width=\"300\" height=\"169\" srcset=\"https:\/\/www.radiopiu.net\/wordpress\/wp-content\/uploads\/2020\/12\/DON-GIORGIO-LISE-300x169.jpg 300w, https:\/\/www.radiopiu.net\/wordpress\/wp-content\/uploads\/2020\/12\/DON-GIORGIO-LISE-1024x577.jpg 1024w, https:\/\/www.radiopiu.net\/wordpress\/wp-content\/uploads\/2020\/12\/DON-GIORGIO-LISE-768x432.jpg 768w, https:\/\/www.radiopiu.net\/wordpress\/wp-content\/uploads\/2020\/12\/DON-GIORGIO-LISE-1536x865.jpg 1536w, https:\/\/www.radiopiu.net\/wordpress\/wp-content\/uploads\/2020\/12\/DON-GIORGIO-LISE.jpg 1600w\" sizes=\"auto, (max-width: 300px) 100vw, 300px\" \/><\/a><\/strong><span style=\"color: #008080;\">DUE MINUTI PER TE<\/span><\/h2>\n<p><strong>APPUNTAMENTO DELLA DOMENICA CON DON GIORGIO LISE<\/strong><\/p>\n<audio class=\"wp-audio-shortcode\" id=\"audio-259216-4\" preload=\"none\" style=\"width: 100%;\" controls=\"controls\"><source type=\"audio\/mpeg\" src=\"https:\/\/www.radiopiu.net\/wordpress\/wp-content\/uploads\/2022\/02\/DON-GIORGIO-1.mp3?_=4\" \/><a href=\"https:\/\/www.radiopiu.net\/wordpress\/wp-content\/uploads\/2022\/02\/DON-GIORGIO-1.mp3\">https:\/\/www.radiopiu.net\/wordpress\/wp-content\/uploads\/2022\/02\/DON-GIORGIO-1.mp3<\/a><\/audio>\n<p>&nbsp;<\/p>\n<hr \/>\n<p>&nbsp;<\/p>\n<p><strong>TUTTI I LUNEDI ALLE 10,30 E 1900, LA DOMENICA ALLE 8 007 IN CONDOTTA, LA SCUOLA CON LA PROF. MARIA ROSA SALMAZO E CLAUDIO FONTANIVE, IN PODCAST TUTTE LE PUNTATE DELLE ULTIME STAGIONI.<\/strong><\/p>\n<p>&nbsp;<\/p>\n<blockquote class=\"wp-embedded-content\" data-secret=\"NimepTx8SV\"><p><a href=\"https:\/\/www.radiopiu.net\/wordpress\/007incondotta-9\/\">007 in condotta<\/a><\/p><\/blockquote>\n<p><iframe loading=\"lazy\" class=\"wp-embedded-content\" sandbox=\"allow-scripts\" security=\"restricted\" style=\"position: absolute; clip: rect(1px, 1px, 1px, 1px);\" title=\"&#8220;007 in condotta&#8221; &#8212; Radio Pi\u00f9\" src=\"https:\/\/www.radiopiu.net\/wordpress\/007incondotta-9\/embed\/#?secret=NimepTx8SV\" data-secret=\"NimepTx8SV\" width=\"600\" height=\"338\" frameborder=\"0\" marginwidth=\"0\" marginheight=\"0\" scrolling=\"no\"><\/iframe><\/p>\n<p>&nbsp;<\/p>\n<hr \/>\n<p>&nbsp;<\/p>\n<p>&nbsp;<\/p>\n<blockquote class=\"wp-embedded-content\" data-secret=\"h6ASFLN9Xr\"><p><a href=\"https:\/\/www.radiopiu.net\/wordpress\/raccoltaso1\/\">LA RACCOLTA: 160 BATTUTE&#8230;SMS IN RIVA, di Sostene Schena<\/a><\/p><\/blockquote>\n<p><iframe loading=\"lazy\" class=\"wp-embedded-content\" sandbox=\"allow-scripts\" security=\"restricted\" style=\"position: absolute; clip: rect(1px, 1px, 1px, 1px);\" title=\"&#8220;LA RACCOLTA: 160 BATTUTE&#8230;SMS IN RIVA, di Sostene Schena&#8221; &#8212; Radio Pi\u00f9\" src=\"https:\/\/www.radiopiu.net\/wordpress\/raccoltaso1\/embed\/#?secret=h6ASFLN9Xr\" data-secret=\"h6ASFLN9Xr\" width=\"600\" height=\"338\" frameborder=\"0\" marginwidth=\"0\" marginheight=\"0\" scrolling=\"no\"><\/iframe><\/p>\n<p>&nbsp;<\/p>\n<hr \/>\n<p>&nbsp;<\/p>\n<div>\n<div class=\"b654a4as d2edcug0\">\n<div class=\"rq0escxv hkbzh7o3 jwdofwj8 n8tt0mok r8blr3vg hyh9befq\">\n<p><a class=\"dt-pswp-item\" href=\"https:\/\/www.radiopiu.net\/wordpress\/wp-content\/uploads\/2020\/10\/pp.jpg\" data-dt-img-description=\"\" data-large_image_width=\"640\" data-large_image_height=\"640\"><img loading=\"lazy\" decoding=\"async\" class=\"wp-image-163678 alignleft\" src=\"https:\/\/www.radiopiu.net\/wordpress\/wp-content\/uploads\/2020\/10\/pp-300x300.jpg\" alt=\"\" width=\"106\" height=\"106\" srcset=\"https:\/\/www.radiopiu.net\/wordpress\/wp-content\/uploads\/2020\/10\/pp-300x300.jpg 300w, https:\/\/www.radiopiu.net\/wordpress\/wp-content\/uploads\/2020\/10\/pp-150x150.jpg 150w, https:\/\/www.radiopiu.net\/wordpress\/wp-content\/uploads\/2020\/10\/pp-125x125.jpg 125w, https:\/\/www.radiopiu.net\/wordpress\/wp-content\/uploads\/2020\/10\/pp-200x200.jpg 200w, https:\/\/www.radiopiu.net\/wordpress\/wp-content\/uploads\/2020\/10\/pp-80x80.jpg 80w, https:\/\/www.radiopiu.net\/wordpress\/wp-content\/uploads\/2020\/10\/pp-480x480.jpg 480w, https:\/\/www.radiopiu.net\/wordpress\/wp-content\/uploads\/2020\/10\/pp.jpg 640w\" sizes=\"auto, (max-width: 106px) 100vw, 106px\" \/><\/a><\/p>\n<\/div>\n<\/div>\n<\/div>\n<div>\n<div class=\"page-title-head hgroup\">\n<div class=\"page-title-head hgroup\">\n<div class=\"b654a4as d2edcug0\">\n<div class=\"j83agx80 btwxx1t3 lhclo0ds hop8lmos nkwizq5d scwd0bx6 roh60bw9\">\n<div class=\"rq0escxv hkbzh7o3 jwdofwj8 n8tt0mok r8blr3vg hyh9befq\">\n<div class=\"do00u71z l9j0dhe7 k4urcfbm\">\n<h2><span style=\"color: #000080;\">\u00a0<\/span><span style=\"color: #000080;\">DON CESARE, IL PENSIERO DEL GIORNO. ALLA RADIO ALLE 7 DEL MATTINO E ALLE 19.30 DELLA SERA.<\/span><\/h2>\n<\/div>\n<div class=\"do00u71z l9j0dhe7 k4urcfbm\">\n<p>&nbsp;<\/p>\n<p>&nbsp;<\/p>\n<audio class=\"wp-audio-shortcode\" id=\"audio-259216-5\" preload=\"none\" style=\"width: 100%;\" controls=\"controls\"><source type=\"audio\/mpeg\" src=\"https:\/\/www.radiopiu.net\/wordpress\/wp-content\/uploads\/2022\/02\/CESARE-3.mp3?_=5\" \/><a href=\"https:\/\/www.radiopiu.net\/wordpress\/wp-content\/uploads\/2022\/02\/CESARE-3.mp3\">https:\/\/www.radiopiu.net\/wordpress\/wp-content\/uploads\/2022\/02\/CESARE-3.mp3<\/a><\/audio>\n<p>&nbsp;<\/p>\n<hr \/>\n<p>&nbsp;<\/p>\n<h3 class=\"kvgmc6g5 cxmmr5t8 oygrvhab hcukyx3x c1et5uql\"><span style=\"color: #0000ff;\"><strong>INFORMAZIONE il canale su TELEGRAM informazione di prima mano e in tempo reale. iscriviti ed aiutaci a farlo conoscere\u00a0\u00a0<\/strong><\/span><\/h3>\n<p>&nbsp;<\/p>\n<p>&nbsp;<\/p>\n<hr \/>\n<p>&nbsp;<\/p>\n<div class=\"do00u71z l9j0dhe7 k4urcfbm\">\n<div>\n<div class=\"page-title-head hgroup\">\n<div class=\"page-title-head hgroup\">\n<div class=\"b654a4as d2edcug0\">\n<div class=\"j83agx80 btwxx1t3 lhclo0ds hop8lmos nkwizq5d scwd0bx6 roh60bw9\">\n<div class=\"rq0escxv hkbzh7o3 jwdofwj8 n8tt0mok r8blr3vg hyh9befq\">\n<div class=\"do00u71z l9j0dhe7 k4urcfbm\">\n<div class=\"page-title-head hgroup\">\n<div class=\"page-title-head hgroup\">\n<div class=\"b654a4as d2edcug0\">\n<div class=\"j83agx80 btwxx1t3 lhclo0ds hop8lmos nkwizq5d scwd0bx6 roh60bw9\">\n<div class=\"rq0escxv hkbzh7o3 jwdofwj8 n8tt0mok r8blr3vg hyh9befq\">\n<div class=\"do00u71z l9j0dhe7 k4urcfbm\">\n<div class=\"ecm0bbzt e5nlhep0 a8c37x1j\">\n<div class=\"kvgmc6g5 cxmmr5t8 oygrvhab hcukyx3x c1et5uql\">\n<div class=\"gmail-kvgmc6g5 gmail-cxmmr5t8 gmail-oygrvhab gmail-hcukyx3x gmail-c1et5uql gmail-ii04i59q\">\n<div class=\"page-title-head hgroup\">\n<div class=\"page-title-head hgroup\">\n<div class=\"b654a4as d2edcug0\">\n<div class=\"j83agx80 btwxx1t3 lhclo0ds hop8lmos nkwizq5d scwd0bx6 roh60bw9\">\n<div class=\"rq0escxv hkbzh7o3 jwdofwj8 n8tt0mok r8blr3vg hyh9befq\">\n<div class=\"do00u71z l9j0dhe7 k4urcfbm\">\n<div class=\"page-title-head hgroup\">\n<div class=\"page-title-head hgroup\">\n<div class=\"b654a4as d2edcug0\">\n<div class=\"j83agx80 btwxx1t3 lhclo0ds hop8lmos nkwizq5d scwd0bx6 roh60bw9\">\n<div class=\"rq0escxv hkbzh7o3 jwdofwj8 n8tt0mok r8blr3vg hyh9befq\">\n<div class=\"do00u71z l9j0dhe7 k4urcfbm\">\n<div>\n<div class=\"page-title-head hgroup\">\n<div class=\"page-title-head hgroup\">\n<div class=\"b654a4as d2edcug0\">\n<div class=\"j83agx80 btwxx1t3 lhclo0ds hop8lmos nkwizq5d scwd0bx6 roh60bw9\">\n<div class=\"rq0escxv hkbzh7o3 jwdofwj8 n8tt0mok r8blr3vg hyh9befq\">\n<div class=\"do00u71z l9j0dhe7 k4urcfbm\">\n<div class=\"ecm0bbzt e5nlhep0 a8c37x1j\">\n<div class=\"kvgmc6g5 cxmmr5t8 oygrvhab hcukyx3x c1et5uql\">\n<div class=\"gmail-kvgmc6g5 gmail-cxmmr5t8 gmail-oygrvhab gmail-hcukyx3x gmail-c1et5uql gmail-ii04i59q\">\n<div class=\"page-title-head hgroup\">\n<div class=\"page-title-head hgroup\">\n<div class=\"b654a4as d2edcug0\">\n<div class=\"j83agx80 btwxx1t3 lhclo0ds hop8lmos nkwizq5d scwd0bx6 roh60bw9\">\n<div class=\"rq0escxv hkbzh7o3 jwdofwj8 n8tt0mok r8blr3vg hyh9befq\">\n<div class=\"do00u71z l9j0dhe7 k4urcfbm\">\n<blockquote>\n<h3><span style=\"color: #ff0000;\">IN VIVO VERSO, SETTIMA STAGIONE CON BRUNELLA MORO, DAL LUNEDI AL VENERDI ALLE 7.10, 10.10 E 18.50\u00a0\u00a0<\/span><\/h3>\n<\/blockquote>\n<p><strong>LA RACCOLTA COMPLETA\u00a0 \u00a0<\/strong><\/p>\n<blockquote class=\"wp-embedded-content\" data-secret=\"UE8N05AiNp\"><p><a href=\"https:\/\/www.radiopiu.net\/wordpress\/in-vivo-verso\/\">In Vivo Verso<\/a><\/p><\/blockquote>\n<p><iframe loading=\"lazy\" class=\"wp-embedded-content\" sandbox=\"allow-scripts\" security=\"restricted\" style=\"position: absolute; clip: rect(1px, 1px, 1px, 1px);\" title=\"&#8220;In Vivo Verso&#8221; &#8212; Radio Pi\u00f9\" src=\"https:\/\/www.radiopiu.net\/wordpress\/in-vivo-verso\/embed\/#?secret=UE8N05AiNp\" data-secret=\"UE8N05AiNp\" width=\"600\" height=\"338\" frameborder=\"0\" marginwidth=\"0\" marginheight=\"0\" scrolling=\"no\"><\/iframe><\/p>\n<p>&nbsp;<\/p>\n<hr \/>\n<p>&nbsp;<\/p>\n<h2><span style=\"color: #808000;\">GOCCE DI FILOSOFIA<\/span><\/h2>\n<p><strong>raccolta completa<\/strong><\/p>\n<blockquote class=\"wp-embedded-content\" data-secret=\"zx7566Ofae\"><p><a href=\"https:\/\/www.radiopiu.net\/wordpress\/gocce-filosofia\/\">Gocce di filosofia, PRIMA E SECONDA STAGIONE 2022<\/a><\/p><\/blockquote>\n<p><iframe loading=\"lazy\" class=\"wp-embedded-content\" sandbox=\"allow-scripts\" security=\"restricted\" style=\"position: absolute; clip: rect(1px, 1px, 1px, 1px);\" title=\"&#8220;Gocce di filosofia, PRIMA E SECONDA STAGIONE 2022&#8221; &#8212; Radio Pi\u00f9\" src=\"https:\/\/www.radiopiu.net\/wordpress\/gocce-filosofia\/embed\/#?secret=zx7566Ofae\" data-secret=\"zx7566Ofae\" width=\"600\" height=\"338\" frameborder=\"0\" marginwidth=\"0\" marginheight=\"0\" scrolling=\"no\"><\/iframe><\/p>\n<p>&nbsp;<\/p>\n<hr \/>\n<p>&nbsp;<\/p>\n<p><span style=\"color: #0000ff;\">MUSICA PIU&#8217;\u00a0<\/span><\/p>\n<p><a href=\"https:\/\/www.radiopiu.net\/wordpress\/giornale-radiopiu-20-settembre-2021-direttore-mirko-mezzacasa\/pp-79\/\" rel=\"attachment wp-att-232921\"><img loading=\"lazy\" decoding=\"async\" class=\"wp-image-232921 alignleft\" src=\"https:\/\/www.radiopiu.net\/wordpress\/wp-content\/uploads\/2021\/09\/pp-1-300x300.jpg\" alt=\"\" width=\"135\" height=\"135\" srcset=\"https:\/\/www.radiopiu.net\/wordpress\/wp-content\/uploads\/2021\/09\/pp-1-300x300.jpg 300w, https:\/\/www.radiopiu.net\/wordpress\/wp-content\/uploads\/2021\/09\/pp-1-150x150.jpg 150w, https:\/\/www.radiopiu.net\/wordpress\/wp-content\/uploads\/2021\/09\/pp-1.jpg 640w\" sizes=\"auto, (max-width: 135px) 100vw, 135px\" \/><\/a><\/p>\n<div class=\"mkdf-post-text\">\n<div class=\"mkdf-post-text-inner\">\n<div class=\"mkdf-post-text-main\">\n<div class=\"mkdf-post-text\">\n<div class=\"mkdf-post-text-inner\">\n<div class=\"mkdf-post-text-main\">\n<div class=\"mkdf-post-text\">\n<div class=\"mkdf-post-text-inner\">\n<div class=\"mkdf-post-text-main\">\n<div class=\"page-title-head hgroup\">\n<div class=\"page-title-head hgroup\">\n<div class=\"mkdf-post-text\">\n<div class=\"mkdf-post-text-inner\">\n<div class=\"mkdf-post-text-main\">\n<div class=\"mkdf-post-text\">\n<div class=\"mkdf-post-text-inner\">\n<div class=\"mkdf-post-text-main\">\n<div class=\"page-title-head hgroup\">\n<div class=\"page-title-head hgroup\">\n<div class=\"page-title-head hgroup\">\n<div class=\"page-title-head hgroup\">\n<div class=\"b654a4as d2edcug0\">\n<div class=\"page-title-head hgroup\">\n<div class=\"page-title-head hgroup\">\n<div class=\"page-title-head hgroup\">\n<div class=\"page-title-head hgroup\">\n<div class=\"b654a4as d2edcug0\">\n<div class=\"page-title-head hgroup\">\n<div class=\"page-title-head hgroup\">\n<div class=\"page-title-head hgroup\">\n<div class=\"page-title-head hgroup\">\n<div class=\"b654a4as d2edcug0\">\n<div class=\"mkdf-post-text\">\n<div class=\"mkdf-post-text-inner\">\n<div class=\"mkdf-post-text-main\">\n<div class=\"mkdf-post-text\">\n<div class=\"mkdf-post-text-inner\">\n<div class=\"mkdf-post-text-main\">\n<div class=\"mkdf-post-text\">\n<div class=\"mkdf-post-text-inner\">\n<div class=\"mkdf-post-text-main\">\n<div class=\"page-title-head hgroup\">\n<div class=\"page-title-head hgroup\">\n<div class=\"mkdf-post-text\">\n<div class=\"mkdf-post-text-inner\">\n<div class=\"mkdf-post-text-main\">\n<div class=\"mkdf-post-text\">\n<div class=\"mkdf-post-text-inner\">\n<div class=\"mkdf-post-text-main\">\n<div class=\"page-title-head hgroup\">\n<div class=\"page-title-head hgroup\">\n<div class=\"page-title-head hgroup\">\n<div class=\"page-title-head hgroup\">\n<div class=\"b654a4as d2edcug0\">\n<div class=\"page-title-head hgroup\">\n<div class=\"page-title-head hgroup\">\n<div class=\"page-title-head hgroup\">\n<div class=\"page-title-head hgroup\">\n<div class=\"b654a4as d2edcug0\">\n<div class=\"page-title-head hgroup\">\n<div class=\"page-title-head hgroup\">\n<div class=\"page-title-head hgroup\">\n<div class=\"page-title-head hgroup\">\n<div class=\"b654a4as d2edcug0\">\n<div><\/div>\n<div><\/div>\n<div>\n<p><strong>MUSICA ALLA RADIO, IL PROGRAMMA DI LORIS SCUSSEL &#8220;COLLAGE OPERAZIONE NOSTALGIA&#8221; DAL LUNEDI AL VENERDI ALLE 16.00\u00a0 E ALLE 23\u00a0<\/strong><\/p>\n<\/div>\n<p><strong>\u00a0\u00a0<\/strong><\/p>\n<p>&nbsp;<\/p>\n<p><strong><a href=\"https:\/\/www.radiopiu.net\/wordpress\/collage-operazione-nostalgia-musica-passando-per-linferno\/jimmy-spitaleri-con-michi-dei-rossi\/\" rel=\"attachment wp-att-259373\"><img loading=\"lazy\" decoding=\"async\" class=\"size-medium wp-image-259373 alignleft\" src=\"https:\/\/www.radiopiu.net\/wordpress\/wp-content\/uploads\/2022\/02\/Jimmy-Spitaleri-con-Michi-Dei-Rossi-300x200.jpg\" alt=\"\" width=\"300\" height=\"200\" srcset=\"https:\/\/www.radiopiu.net\/wordpress\/wp-content\/uploads\/2022\/02\/Jimmy-Spitaleri-con-Michi-Dei-Rossi-300x200.jpg 300w, https:\/\/www.radiopiu.net\/wordpress\/wp-content\/uploads\/2022\/02\/Jimmy-Spitaleri-con-Michi-Dei-Rossi.jpg 720w\" sizes=\"auto, (max-width: 300px) 100vw, 300px\" \/><\/a>di Loris Scussel<\/strong><\/p>\n<p>La nuova settimana di\u00a0 Collage proseguir\u00e0 nella consueta alternanza tra la musica internazionale e quella italiana, in particolare nella puntata di marted\u00ec prendendo spunto dall\u2019abuso di termini inglesi nella nostra lingua ascolteremo un brano tratto dall\u2019album \u201cInferno\u201d, liberamente ispirato alla Divina Commedia di Dante Alighieri, del gruppo rock Metamorfosi con la voce possente di Jimmy Spitaleri. Gioved\u00ec spazio ai complessi beat e infine venerd\u00ec parafrasando il grande Renzo Arbore \u201cmeglio dal vivo che dal morto\u201d ovvero spazio alla musica live. Il programma andr\u00e0 in onda dal luned\u00ec al venerd\u00ec alle 16,00 e alle 23,00.<\/p>\n<p>&nbsp;<\/p>\n<blockquote class=\"wp-embedded-content\" data-secret=\"RUEDTpSwQv\"><p><a href=\"https:\/\/www.radiopiu.net\/wordpress\/loris-scussel-dal-collage-radiofonico-a-quello-della-rivista-patinata\/\">LORIS SCUSSEL DAL COLLAGE RADIOFONICO A QUELLO DELLA RIVISTA PATINATA<\/a><\/p><\/blockquote>\n<p><iframe loading=\"lazy\" class=\"wp-embedded-content\" sandbox=\"allow-scripts\" security=\"restricted\" style=\"position: absolute; clip: rect(1px, 1px, 1px, 1px);\" title=\"&#8220;LORIS SCUSSEL DAL COLLAGE RADIOFONICO A QUELLO DELLA RIVISTA PATINATA&#8221; &#8212; Radio Pi\u00f9\" src=\"https:\/\/www.radiopiu.net\/wordpress\/loris-scussel-dal-collage-radiofonico-a-quello-della-rivista-patinata\/embed\/#?secret=RUEDTpSwQv\" data-secret=\"RUEDTpSwQv\" width=\"600\" height=\"338\" frameborder=\"0\" marginwidth=\"0\" marginheight=\"0\" scrolling=\"no\"><\/iframe><\/p>\n<p>&nbsp;<\/p>\n<p>&nbsp;<\/p>\n<\/div>\n<\/div>\n<\/div>\n<\/div>\n<\/div>\n<\/div>\n<\/div>\n<\/div>\n<\/div>\n<\/div>\n<\/div>\n<\/div>\n<\/div>\n<\/div>\n<\/div>\n<\/div>\n<\/div>\n<\/div>\n<\/div>\n<\/div>\n<\/div>\n<\/div>\n<\/div>\n<\/div>\n<\/div>\n<\/div>\n<\/div>\n<\/div>\n<\/div>\n<\/div>\n<\/div>\n<\/div>\n<\/div>\n<\/div>\n<\/div>\n<\/div>\n<\/div>\n<\/div>\n<\/div>\n<\/div>\n<\/div>\n<\/div>\n<\/div>\n<\/div>\n<\/div>\n<\/div>\n<\/div>\n<\/div>\n<\/div>\n<\/div>\n<\/div>\n<\/div>\n<\/div>\n<\/div>\n<\/div>\n<\/div>\n<\/div>\n<\/div>\n<\/div>\n<\/div>\n<\/div>\n<\/div>\n<\/div>\n<\/div>\n<hr \/>\n<p>&nbsp;<\/p>\n<p>&nbsp;<\/p>\n<blockquote class=\"wp-embedded-content\" data-secret=\"gaYY12hVvj\"><p><a href=\"https:\/\/www.radiopiu.net\/wordpress\/freemix-la-liberta-musicale-mixata-da-dj-athos-e-raccontata-da-dj-jack\/\">FREEMIX, LA LIBERTA&#8217; MUSICALE MIXATA DA DJ ATHOS E RACCONTATA DA DJ JACK<\/a><\/p><\/blockquote>\n<p><iframe loading=\"lazy\" class=\"wp-embedded-content\" sandbox=\"allow-scripts\" security=\"restricted\" style=\"position: absolute; clip: rect(1px, 1px, 1px, 1px);\" title=\"&#8220;FREEMIX, LA LIBERTA&#8217; MUSICALE MIXATA DA DJ ATHOS E RACCONTATA DA DJ JACK&#8221; &#8212; Radio Pi\u00f9\" src=\"https:\/\/www.radiopiu.net\/wordpress\/freemix-la-liberta-musicale-mixata-da-dj-athos-e-raccontata-da-dj-jack\/embed\/#?secret=gaYY12hVvj\" data-secret=\"gaYY12hVvj\" width=\"600\" height=\"338\" frameborder=\"0\" marginwidth=\"0\" marginheight=\"0\" scrolling=\"no\"><\/iframe><\/p>\n<p>&nbsp;<\/p>\n<blockquote class=\"wp-embedded-content\" data-secret=\"8SF5KQUBqw\"><p><a href=\"https:\/\/www.radiopiu.net\/wordpress\/da-ieri-alla-radio-in-palinsesto-loris-e-maurizio-con-la-grande-musica\/\">IL BLUES ALLA RADIO &#8230; COME NON L&#8217;AVETE MAI SENTITO PRIMA<\/a><\/p><\/blockquote>\n<p><iframe loading=\"lazy\" class=\"wp-embedded-content\" sandbox=\"allow-scripts\" security=\"restricted\" style=\"position: absolute; clip: rect(1px, 1px, 1px, 1px);\" title=\"&#8220;IL BLUES ALLA RADIO &#8230; COME NON L&#8217;AVETE MAI SENTITO PRIMA&#8221; &#8212; Radio Pi\u00f9\" src=\"https:\/\/www.radiopiu.net\/wordpress\/da-ieri-alla-radio-in-palinsesto-loris-e-maurizio-con-la-grande-musica\/embed\/#?secret=8SF5KQUBqw\" data-secret=\"8SF5KQUBqw\" width=\"600\" height=\"338\" frameborder=\"0\" marginwidth=\"0\" marginheight=\"0\" scrolling=\"no\"><\/iframe><\/p>\n<p>&nbsp;<\/p>\n<hr \/>\n<p>&nbsp;<\/p>\n<blockquote>\n<h3><span style=\"color: #0000ff;\">INFORMAZIONE il canale su TELEGRAM informazione di prima mano e in tempo reale. iscriviti ed aiutaci a farlo conoscere\u00a0\u00a0<\/span><\/h3>\n<\/blockquote>\n<div>\n<div class=\"page-title-head hgroup\">\n<div class=\"page-title-head hgroup\">\n<div class=\"page-title-head hgroup\">\n<div class=\"page-title-head hgroup\">\n<div class=\"b654a4as d2edcug0\">\n<div class=\"page-title-head hgroup\">\n<div class=\"page-title-head hgroup\">\n<div class=\"page-title-head hgroup\">\n<div class=\"page-title-head hgroup\">\n<div class=\"b654a4as d2edcug0\">\n<div class=\"page-title-head hgroup\">\n<div class=\"page-title-head hgroup\">\n<div class=\"page-title-head hgroup\">\n<div class=\"page-title-head hgroup\">\n<div class=\"page-title-head hgroup\">\n<div class=\"page-title-head hgroup\">\n<div class=\"page-title-head hgroup\">\n<div class=\"page-title-head hgroup\">\n<div class=\"page-title-head hgroup\">\n<div class=\"b654a4as d2edcug0\">\n<div class=\"page-title-head hgroup\">\n<div class=\"page-title-head hgroup\">\n<div class=\"page-title-head hgroup\">\n<div class=\"page-title-head hgroup\">\n<div class=\"b654a4as d2edcug0\">\n<div>\n<p>&nbsp;<\/p>\n<\/div>\n<div>\n<div class=\"page-title-head hgroup\">\n<div class=\"page-title-head hgroup\">\n<div class=\"page-title-head hgroup\">\n<div class=\"page-title-head hgroup\">\n<div class=\"page-title-head hgroup\">\n<div class=\"b654a4as d2edcug0\">\n<div>\n<hr \/>\n<\/div>\n<\/div>\n<div>\n<div>\n<p>&nbsp;<\/p>\n<\/div>\n<div>\n<div>\n<p>&nbsp;<\/p>\n<\/div>\n<div>\n<div>\n<p><strong>DUE MINUTI UN LIBRO, TUTTI I GIORNI ALLA RADIO ALLE 9.40 E ALLE 17.50\u00a0<\/strong><\/p>\n<div>\n<div>\n<p><strong>LA RACCOLTA COMPLETA\u00a0\u00a0<\/strong><\/p>\n<\/div>\n<div>\n<blockquote class=\"wp-embedded-content\" data-secret=\"HcEbv1THCs\"><p><a href=\"https:\/\/www.radiopiu.net\/wordpress\/due-minuti-un-libro\/\">Due minuti un libro<\/a><\/p><\/blockquote>\n<p><iframe loading=\"lazy\" class=\"wp-embedded-content\" sandbox=\"allow-scripts\" security=\"restricted\" style=\"position: absolute; clip: rect(1px, 1px, 1px, 1px);\" title=\"&#8220;Due minuti un libro&#8221; &#8212; Radio Pi\u00f9\" src=\"https:\/\/www.radiopiu.net\/wordpress\/due-minuti-un-libro\/embed\/#?secret=HcEbv1THCs\" data-secret=\"HcEbv1THCs\" width=\"600\" height=\"338\" frameborder=\"0\" marginwidth=\"0\" marginheight=\"0\" scrolling=\"no\"><\/iframe><\/p>\n<\/div>\n<\/div>\n<\/div>\n<div class=\"mkdf-post-text\">\n<div class=\"mkdf-post-text-inner\">\n<div class=\"mkdf-post-text-main\">\n<div class=\"mkdf-post-text\">\n<div class=\"mkdf-post-text-inner\">\n<div class=\"mkdf-post-text-main\">\n<div class=\"mkdf-post-text\">\n<div class=\"mkdf-post-text-inner\">\n<div class=\"mkdf-post-text-main\">\n<div class=\"page-title-head hgroup\">\n<div class=\"page-title-head hgroup\">\n<div class=\"mkdf-post-text\">\n<div class=\"mkdf-post-text-inner\">\n<div class=\"mkdf-post-text-main\">\n<div class=\"mkdf-post-text\">\n<div class=\"mkdf-post-text-inner\">\n<div class=\"mkdf-post-text-main\">\n<div class=\"page-title-head hgroup\">\n<div class=\"page-title-head hgroup\">\n<div class=\"page-title-head hgroup\">\n<div class=\"page-title-head hgroup\">\n<div class=\"b654a4as d2edcug0\">\n<div class=\"page-title-head hgroup\">\n<div class=\"page-title-head hgroup\">\n<div class=\"page-title-head hgroup\">\n<div class=\"page-title-head hgroup\">\n<div class=\"b654a4as d2edcug0\">\n<div class=\"page-title-head hgroup\">\n<div class=\"page-title-head hgroup\">\n<div class=\"page-title-head hgroup\">\n<div class=\"page-title-head hgroup\">\n<div class=\"b654a4as d2edcug0\">\n<div>\n<p>&nbsp;<\/p>\n<\/div>\n<div>\n<hr \/>\n<p>&nbsp;<\/p>\n<\/div>\n<h2><span style=\"color: #808000;\">L&#8217;ALMANACCO LADINO\u00a0\u00a0<\/span><\/h2>\n<p><strong>LA RACCOLTA<\/strong><\/p>\n<blockquote class=\"wp-embedded-content\" data-secret=\"UDR8vQasUK\"><p><a href=\"https:\/\/www.radiopiu.net\/wordpress\/almanacco-ladino\/\">Almanacco Ladino<\/a><\/p><\/blockquote>\n<p><iframe loading=\"lazy\" class=\"wp-embedded-content\" sandbox=\"allow-scripts\" security=\"restricted\" style=\"position: absolute; clip: rect(1px, 1px, 1px, 1px);\" title=\"&#8220;Almanacco Ladino&#8221; &#8212; Radio Pi\u00f9\" src=\"https:\/\/www.radiopiu.net\/wordpress\/almanacco-ladino\/embed\/#?secret=UDR8vQasUK\" data-secret=\"UDR8vQasUK\" width=\"600\" height=\"338\" frameborder=\"0\" marginwidth=\"0\" marginheight=\"0\" scrolling=\"no\"><\/iframe><\/p>\n<p>&nbsp;<\/p>\n<hr \/>\n<p>&nbsp;<\/p>\n<h2><span style=\"color: #33cccc;\">LA RASSEGNA STAMPA DA L&#8217;AMICO DEL POPOLO<\/span><\/h2>\n<p><strong><a href=\"https:\/\/www.radiopiu.net\/wordpress\/il-questionario-sulluso-della-lingua-ladina\/denni-dorigo-8\/\" rel=\"attachment wp-att-224612\"><img loading=\"lazy\" decoding=\"async\" class=\" wp-image-224612 alignleft\" src=\"https:\/\/www.radiopiu.net\/wordpress\/wp-content\/uploads\/2021\/07\/DENNI-DORIGO-300x300.jpg\" alt=\"\" width=\"162\" height=\"162\" srcset=\"https:\/\/www.radiopiu.net\/wordpress\/wp-content\/uploads\/2021\/07\/DENNI-DORIGO-300x300.jpg 300w, https:\/\/www.radiopiu.net\/wordpress\/wp-content\/uploads\/2021\/07\/DENNI-DORIGO-1024x1024.jpg 1024w, https:\/\/www.radiopiu.net\/wordpress\/wp-content\/uploads\/2021\/07\/DENNI-DORIGO-150x150.jpg 150w, https:\/\/www.radiopiu.net\/wordpress\/wp-content\/uploads\/2021\/07\/DENNI-DORIGO-768x769.jpg 768w, https:\/\/www.radiopiu.net\/wordpress\/wp-content\/uploads\/2021\/07\/DENNI-DORIGO.jpg 1240w\" sizes=\"auto, (max-width: 162px) 100vw, 162px\" \/><\/a>di Gianni Santomaso<\/strong><\/p>\n<p>OSPITE: Denny Dorigo<\/p>\n<audio class=\"wp-audio-shortcode\" id=\"audio-259216-6\" preload=\"none\" style=\"width: 100%;\" controls=\"controls\"><source type=\"audio\/mpeg\" src=\"https:\/\/www.radiopiu.net\/wordpress\/wp-content\/uploads\/2022\/02\/RASSEGNA-GIANNI-1.mp3?_=6\" \/><a href=\"https:\/\/www.radiopiu.net\/wordpress\/wp-content\/uploads\/2022\/02\/RASSEGNA-GIANNI-1.mp3\">https:\/\/www.radiopiu.net\/wordpress\/wp-content\/uploads\/2022\/02\/RASSEGNA-GIANNI-1.mp3<\/a><\/audio>\n<p>&nbsp;<\/p>\n<p><strong>LA RACCOLTA COMPLETA<\/strong><\/p>\n<blockquote class=\"wp-embedded-content\" data-secret=\"XnSEinPGsB\"><p><a href=\"https:\/\/www.radiopiu.net\/wordpress\/rassegna-stampa-di-gianni-santomaso\/\">Rassegna stampa da l&#8217;amico del popolo &#8211; di Gianni Santomaso<\/a><\/p><\/blockquote>\n<p><iframe loading=\"lazy\" class=\"wp-embedded-content\" sandbox=\"allow-scripts\" security=\"restricted\" style=\"position: absolute; clip: rect(1px, 1px, 1px, 1px);\" title=\"&#8220;Rassegna stampa da l&#8217;amico del popolo &#8211; di Gianni Santomaso&#8221; &#8212; Radio Pi\u00f9\" src=\"https:\/\/www.radiopiu.net\/wordpress\/rassegna-stampa-di-gianni-santomaso\/embed\/#?secret=XnSEinPGsB\" data-secret=\"XnSEinPGsB\" width=\"600\" height=\"338\" frameborder=\"0\" marginwidth=\"0\" marginheight=\"0\" scrolling=\"no\"><\/iframe><\/p>\n<p>&nbsp;<\/p>\n<hr \/>\n<p>&nbsp;<\/p>\n<h2><span style=\"color: #800080;\">I RACCONTI DI PAOLO SOPPELSA\u00a0<\/span><\/h2>\n<p><strong>LA RACCOLTA COMPLETA<\/strong><\/p>\n<blockquote class=\"wp-embedded-content\" data-secret=\"MXr1AjBmJ4\"><p><a href=\"https:\/\/www.radiopiu.net\/wordpress\/i-racconti-di-paolo-soppelsa\/\">I racconti di Paolo Soppelsa<\/a><\/p><\/blockquote>\n<p><iframe loading=\"lazy\" class=\"wp-embedded-content\" sandbox=\"allow-scripts\" security=\"restricted\" style=\"position: absolute; clip: rect(1px, 1px, 1px, 1px);\" title=\"&#8220;I racconti di Paolo Soppelsa&#8221; &#8212; Radio Pi\u00f9\" src=\"https:\/\/www.radiopiu.net\/wordpress\/i-racconti-di-paolo-soppelsa\/embed\/#?secret=MXr1AjBmJ4\" data-secret=\"MXr1AjBmJ4\" width=\"600\" height=\"338\" frameborder=\"0\" marginwidth=\"0\" marginheight=\"0\" scrolling=\"no\"><\/iframe><\/p>\n<p>&nbsp;<\/p>\n<hr \/>\n<\/div>\n<div class=\"b654a4as d2edcug0\">\n<p>&nbsp;<\/p>\n<p><a href=\"https:\/\/www.radiopiu.net\/wordpress\/giornale-radiopiu-26-settembre-2018-direttore-mirko-mezzacasa\/viabilita-2\/\" rel=\"attachment wp-att-61954\"><img loading=\"lazy\" decoding=\"async\" class=\"aligncenter wp-image-61954 size-full\" src=\"https:\/\/www.radiopiu.net\/wordpress\/wp-content\/uploads\/2018\/09\/viabilita.jpeg\" sizes=\"auto, (max-width: 800px) 100vw, 800px\" srcset=\"https:\/\/www.radiopiu.net\/wordpress\/wp-content\/uploads\/2018\/09\/viabilita.jpeg 800w, https:\/\/www.radiopiu.net\/wordpress\/wp-content\/uploads\/2018\/09\/viabilita-300x38.jpeg 300w, https:\/\/www.radiopiu.net\/wordpress\/wp-content\/uploads\/2018\/09\/viabilita-768x96.jpeg 768w\" alt=\"\" width=\"800\" height=\"100\" \/><\/a><\/p>\n<div class=\"ecm0bbzt e5nlhep0 a8c37x1j\">\n<div class=\"kvgmc6g5 cxmmr5t8 oygrvhab hcukyx3x c1et5uql\">\n<div class=\"gmail-kvgmc6g5 gmail-cxmmr5t8 gmail-oygrvhab gmail-hcukyx3x gmail-c1et5uql gmail-ii04i59q\">\n<div class=\"page-title-head hgroup\">\n<div class=\"page-title-head hgroup\">\n<div class=\"b654a4as d2edcug0\">\n<div class=\"j83agx80 btwxx1t3 lhclo0ds hop8lmos nkwizq5d scwd0bx6 roh60bw9\">\n<div class=\"rq0escxv hkbzh7o3 jwdofwj8 n8tt0mok r8blr3vg hyh9befq\">\n<div class=\"do00u71z l9j0dhe7 k4urcfbm\">\n<div class=\"page-title-head hgroup\">\n<div class=\"page-title-head hgroup\">\n<div class=\"page-title-head hgroup\">\n<div class=\"page-title-head hgroup\">\n<div class=\"b654a4as d2edcug0\">\n<div class=\"page-title-head hgroup\">\n<div class=\"page-title-head hgroup\">\n<div class=\"page-title-head hgroup\">\n<div class=\"page-title-head hgroup\">\n<div class=\"b654a4as d2edcug0\">\n<div class=\"page-title-head hgroup\">\n<div class=\"page-title-head hgroup\">\n<div class=\"page-title-head hgroup\">\n<div class=\"page-title-head hgroup\">\n<div class=\"page-title-head hgroup\">\n<div class=\"page-title-head hgroup\">\n<div class=\"page-title-head hgroup\">\n<div class=\"page-title-head hgroup\">\n<div class=\"page-title-head hgroup\">\n<div class=\"b654a4as d2edcug0\">\n<div class=\"page-title-head hgroup\">\n<div class=\"page-title-head hgroup\">\n<div class=\"page-title-head hgroup\">\n<div class=\"page-title-head hgroup\">\n<div class=\"b654a4as d2edcug0\">\n<div class=\"page-title-head hgroup\">\n<div class=\"page-title-head hgroup\">\n<div class=\"page-title-head hgroup\">\n<div class=\"page-title-head hgroup\">\n<div class=\"page-title-head hgroup\">\n<div class=\"mkdf-post-text\">\n<div class=\"mkdf-post-text-inner\">\n<div class=\"mkdf-post-text-main\">\n<div class=\"mkdf-post-text\">\n<div class=\"mkdf-post-text-inner\">\n<div class=\"mkdf-post-text-main\">\n<div class=\"mkdf-post-text\">\n<div class=\"mkdf-post-text-inner\">\n<div class=\"mkdf-post-text-main\">\n<div class=\"page-title-head hgroup\">\n<div class=\"page-title-head hgroup\">\n<div class=\"mkdf-post-text\">\n<div class=\"mkdf-post-text-inner\">\n<div class=\"mkdf-post-text-main\">\n<div class=\"mkdf-post-text\">\n<div class=\"mkdf-post-text-inner\">\n<div class=\"mkdf-post-text-main\">\n<div class=\"page-title-head hgroup\">\n<div class=\"page-title-head hgroup\">\n<div class=\"page-title-head hgroup\">\n<div class=\"page-title-head hgroup\">\n<div class=\"b654a4as d2edcug0\">\n<div class=\"page-title-head hgroup\">\n<div class=\"page-title-head hgroup\">\n<div class=\"page-title-head hgroup\">\n<div class=\"page-title-head hgroup\">\n<div class=\"b654a4as d2edcug0\">\n<div class=\"page-title-head hgroup\">\n<div class=\"page-title-head hgroup\">\n<div class=\"page-title-head hgroup\">\n<div class=\"page-title-head hgroup\">\n<div class=\"b654a4as d2edcug0\">\n<div class=\"chat-input\">\n<div class=\"chat-input-container\">\n<div class=\"rows-wrapper chat-input-wrapper\">\n<div class=\"reply-wrapper\">\n<div class=\"btn-menu\">\n<div class=\"btn-menu-item tgico-replace rp\">\n<div class=\"c-ripple\">\n<div class=\"bubbles scrolled-down\">\n<div class=\"scrollable scrollable-y\">\n<div class=\"bubbles-inner has-rights is-chat is-channel\">\n<div class=\"bubbles-date-group\">\n<div class=\"bubble hide-name is-out can-have-tail is-group-first is-group-last is-read\" data-mid=\"5377294335\" data-peer-id=\"-1478820725\" data-timestamp=\"1638437407\">\n<div class=\"bubble-content-wrapper\">\n<div class=\"bubble-content\">\n<p class=\"message\" dir=\"auto\"><strong>\u00a0\u00a0<\/strong><\/p>\n<\/div>\n<\/div>\n<\/div>\n<\/div>\n<\/div>\n<\/div>\n<\/div>\n<\/div>\n<\/div>\n<\/div>\n<\/div>\n<\/div>\n<\/div>\n<\/div>\n<\/div>\n<\/div>\n<\/div>\n<\/div>\n<\/div>\n<\/div>\n<\/div>\n<\/div>\n<\/div>\n<\/div>\n<\/div>\n<\/div>\n<\/div>\n<\/div>\n<\/div>\n<\/div>\n<\/div>\n<\/div>\n<\/div>\n<\/div>\n<\/div>\n<\/div>\n<\/div>\n<\/div>\n<\/div>\n<\/div>\n<\/div>\n<\/div>\n<\/div>\n<\/div>\n<\/div>\n<\/div>\n<\/div>\n<\/div>\n<\/div>\n<\/div>\n<\/div>\n<\/div>\n<\/div>\n<\/div>\n<\/div>\n<\/div>\n<\/div>\n<\/div>\n<\/div>\n<\/div>\n<\/div>\n<\/div>\n<\/div>\n<\/div>\n<\/div>\n<\/div>\n<\/div>\n<\/div>\n<\/div>\n<\/div>\n<\/div>\n<\/div>\n<\/div>\n<\/div>\n<\/div>\n<\/div>\n<\/div>\n<\/div>\n<\/div>\n<\/div>\n<\/div>\n<\/div>\n<\/div>\n<\/div>\n<\/div>\n<\/div>\n<\/div>\n<\/div>\n<\/div>\n<\/div>\n<\/div>\n<\/div>\n<\/div>\n<\/div>\n<\/div>\n<\/div>\n<\/div>\n<\/div>\n<\/div>\n<\/div>\n<\/div>\n<\/div>\n<\/div>\n<\/div>\n<\/div>\n<\/div>\n<\/div>\n<\/div>\n<\/div>\n<\/div>\n<\/div>\n<\/div>\n<\/div>\n<\/div>\n<\/div>\n<\/div>\n<\/div>\n<\/div>\n<\/div>\n<\/div>\n<\/div>\n<\/div>\n<\/div>\n<\/div>\n<\/div>\n<\/div>\n<\/div>\n<\/div>\n<\/div>\n<\/div>\n<\/div>\n<\/div>\n<\/div>\n<\/div>\n<\/div>\n<\/div>\n<\/div>\n<\/div>\n<\/div>\n<\/div>\n<\/div>\n<\/div>\n<\/div>\n<\/div>\n<\/div>\n<\/div>\n<\/div>\n<\/div>\n<\/div>\n<\/div>\n<\/div>\n<\/div>\n<\/div>\n<\/div>\n<\/div>\n<\/div>\n<\/div>\n<\/div>\n<\/div>\n<\/div>\n<\/div>\n<\/div>\n<\/div>\n<\/div>\n<\/div>\n<\/div>\n<\/div>\n<\/div>\n<div>\n<div class=\"page-title-head hgroup\">\n<div class=\"page-title-head hgroup\">\n<div class=\"b654a4as d2edcug0\">\n<div class=\"j83agx80 btwxx1t3 lhclo0ds hop8lmos nkwizq5d scwd0bx6 roh60bw9\">\n<div class=\"rq0escxv hkbzh7o3 jwdofwj8 n8tt0mok r8blr3vg hyh9befq\">\n<div class=\"do00u71z l9j0dhe7 k4urcfbm\">\n<div class=\"ecm0bbzt e5nlhep0 a8c37x1j\">\n<div class=\"kvgmc6g5 cxmmr5t8 oygrvhab hcukyx3x c1et5uql\">\n<div class=\"gmail-kvgmc6g5 gmail-cxmmr5t8 gmail-oygrvhab gmail-hcukyx3x gmail-c1et5uql gmail-ii04i59q\">\n<div class=\"page-title-head hgroup\">\n<div class=\"page-title-head hgroup\">\n<div class=\"b654a4as d2edcug0\">\n<div class=\"j83agx80 btwxx1t3 lhclo0ds hop8lmos nkwizq5d scwd0bx6 roh60bw9\">\n<div class=\"rq0escxv hkbzh7o3 jwdofwj8 n8tt0mok r8blr3vg hyh9befq\">\n<div class=\"do00u71z l9j0dhe7 k4urcfbm\">\n<div class=\"page-title-head hgroup\">\n<div class=\"page-title-head hgroup\">\n<div class=\"page-title-head hgroup\">\n<div class=\"page-title-head hgroup\">\n<div class=\"b654a4as d2edcug0\">\n<div class=\"page-title-head hgroup\">\n<div class=\"page-title-head hgroup\">\n<div class=\"page-title-head hgroup\">\n<div class=\"page-title-head hgroup\">\n<div class=\"b654a4as d2edcug0\">\n<div class=\"page-title-head hgroup\">\n<div class=\"page-title-head hgroup\">\n<div class=\"page-title-head hgroup\">\n<div class=\"page-title-head hgroup\">\n<div class=\"page-title-head hgroup\">\n<div class=\"page-title-head hgroup\">\n<div class=\"page-title-head hgroup\">\n<div class=\"page-title-head hgroup\">\n<div class=\"page-title-head hgroup\">\n<div class=\"b654a4as d2edcug0\">\n<div class=\"page-title-head hgroup\">\n<div class=\"page-title-head hgroup\">\n<div class=\"page-title-head hgroup\">\n<div class=\"page-title-head hgroup\">\n<div class=\"b654a4as d2edcug0\">\n<div class=\"page-title-head hgroup\">\n<div class=\"page-title-head hgroup\">\n<div class=\"page-title-head hgroup\">\n<div class=\"page-title-head hgroup\">\n<div class=\"page-title-head hgroup\">\n<div class=\"mkdf-post-text\">\n<div class=\"mkdf-post-text-inner\">\n<div class=\"mkdf-post-text-main\">\n<div class=\"mkdf-post-text\">\n<div class=\"mkdf-post-text-inner\">\n<div class=\"mkdf-post-text-main\">\n<div class=\"mkdf-post-text\">\n<div class=\"mkdf-post-text-inner\">\n<div class=\"mkdf-post-text-main\">\n<div class=\"page-title-head hgroup\">\n<div class=\"page-title-head hgroup\">\n<div class=\"mkdf-post-text\">\n<div class=\"mkdf-post-text-inner\">\n<div class=\"mkdf-post-text-main\">\n<div class=\"mkdf-post-text\">\n<div class=\"mkdf-post-text-inner\">\n<div class=\"mkdf-post-text-main\">\n<div class=\"page-title-head hgroup\">\n<div class=\"page-title-head hgroup\">\n<div class=\"page-title-head hgroup\">\n<div class=\"page-title-head hgroup\">\n<div class=\"b654a4as d2edcug0\">\n<div class=\"page-title-head hgroup\">\n<div class=\"page-title-head hgroup\">\n<div class=\"page-title-head hgroup\">\n<div class=\"page-title-head hgroup\">\n<div class=\"b654a4as d2edcug0\">\n<div class=\"page-title-head hgroup\">\n<div class=\"page-title-head hgroup\">\n<div class=\"page-title-head hgroup\">\n<div class=\"page-title-head hgroup\">\n<div class=\"b654a4as d2edcug0\">\n<div class=\"ecm0bbzt e5nlhep0 a8c37x1j\">\n<div class=\"kvgmc6g5 cxmmr5t8 oygrvhab hcukyx3x c1et5uql\">\n<div class=\"gmail-kvgmc6g5 gmail-cxmmr5t8 gmail-oygrvhab gmail-hcukyx3x gmail-c1et5uql gmail-ii04i59q\">\n<div class=\"page-title-head hgroup\">\n<div class=\"page-title-head hgroup\">\n<div class=\"b654a4as d2edcug0\">\n<div class=\"j83agx80 btwxx1t3 lhclo0ds hop8lmos nkwizq5d scwd0bx6 roh60bw9\">\n<div class=\"rq0escxv hkbzh7o3 jwdofwj8 n8tt0mok r8blr3vg hyh9befq\">\n<div class=\"do00u71z l9j0dhe7 k4urcfbm\">\n<div class=\"page-title-head hgroup\">\n<div class=\"page-title-head hgroup\">\n<div class=\"page-title-head hgroup\">\n<div class=\"page-title-head hgroup\">\n<div class=\"b654a4as d2edcug0\">\n<div class=\"page-title-head hgroup\">\n<div class=\"page-title-head hgroup\">\n<div class=\"page-title-head hgroup\">\n<div class=\"page-title-head hgroup\">\n<div class=\"b654a4as d2edcug0\">\n<div class=\"page-title-head hgroup\">\n<div class=\"page-title-head hgroup\">\n<div class=\"page-title-head hgroup\">\n<div class=\"page-title-head hgroup\">\n<div class=\"page-title-head hgroup\">\n<div class=\"page-title-head hgroup\">\n<div class=\"page-title-head hgroup\">\n<div class=\"page-title-head hgroup\">\n<div class=\"page-title-head hgroup\">\n<div class=\"b654a4as d2edcug0\">\n<div class=\"page-title-head hgroup\">\n<div class=\"page-title-head hgroup\">\n<div class=\"page-title-head hgroup\">\n<div class=\"page-title-head hgroup\">\n<div class=\"b654a4as d2edcug0\">\n<div class=\"page-title-head hgroup\">\n<div class=\"page-title-head hgroup\">\n<div class=\"page-title-head hgroup\">\n<div class=\"page-title-head hgroup\">\n<div class=\"page-title-head hgroup\">\n<div class=\"mkdf-post-text\">\n<div class=\"mkdf-post-text-inner\">\n<div class=\"mkdf-post-text-main\">\n<div class=\"mkdf-post-text\">\n<div class=\"mkdf-post-text-inner\">\n<div class=\"mkdf-post-text-main\">\n<div class=\"mkdf-post-text\">\n<div class=\"mkdf-post-text-inner\">\n<div class=\"mkdf-post-text-main\">\n<div class=\"page-title-head hgroup\">\n<div class=\"page-title-head hgroup\">\n<div class=\"mkdf-post-text\">\n<div class=\"mkdf-post-text-inner\">\n<div class=\"mkdf-post-text-main\">\n<div class=\"mkdf-post-text\">\n<div class=\"mkdf-post-text-inner\">\n<div class=\"mkdf-post-text-main\">\n<div class=\"page-title-head hgroup\">\n<div class=\"page-title-head hgroup\">\n<div class=\"page-title-head hgroup\">\n<div class=\"page-title-head hgroup\">\n<div class=\"b654a4as d2edcug0\">\n<div class=\"page-title-head hgroup\">\n<div class=\"page-title-head hgroup\">\n<div class=\"page-title-head hgroup\">\n<div class=\"page-title-head hgroup\">\n<div class=\"b654a4as d2edcug0\">\n<div class=\"page-title-head hgroup\">\n<div class=\"page-title-head hgroup\">\n<div class=\"page-title-head hgroup\">\n<div class=\"page-title-head hgroup\">\n<div class=\"b654a4as d2edcug0\">\n<blockquote class=\"wp-embedded-content\" data-secret=\"vngL8xHALx\"><p><a href=\"https:\/\/www.radiopiu.net\/wordpress\/viabilita\/\">viabilita<\/a><\/p><\/blockquote>\n<p><iframe loading=\"lazy\" class=\"wp-embedded-content\" sandbox=\"allow-scripts\" security=\"restricted\" style=\"position: absolute; clip: rect(1px, 1px, 1px, 1px);\" title=\"&#8220;viabilita&#8221; &#8212; Radio Pi\u00f9\" src=\"https:\/\/www.radiopiu.net\/wordpress\/viabilita\/embed\/#?secret=vngL8xHALx\" data-secret=\"vngL8xHALx\" width=\"600\" height=\"338\" frameborder=\"0\" marginwidth=\"0\" marginheight=\"0\" scrolling=\"no\"><\/iframe><\/p>\n<p>&nbsp;<\/p>\n<hr \/>\n<p>&nbsp;<\/p>\n<\/div>\n<div class=\"b654a4as d2edcug0\">\n<div class=\"ecm0bbzt e5nlhep0 a8c37x1j\">\n<div class=\"kvgmc6g5 cxmmr5t8 oygrvhab hcukyx3x c1et5uql\">\n<div class=\"gmail-kvgmc6g5 gmail-cxmmr5t8 gmail-oygrvhab gmail-hcukyx3x gmail-c1et5uql gmail-ii04i59q\">\n<div>\n<div class=\"page-title-head hgroup\">\n<div class=\"page-title-head hgroup\">\n<div class=\"b654a4as d2edcug0\">\n<div class=\"j83agx80 btwxx1t3 lhclo0ds hop8lmos nkwizq5d scwd0bx6 roh60bw9\">\n<div class=\"rq0escxv hkbzh7o3 jwdofwj8 n8tt0mok r8blr3vg hyh9befq\">\n<div class=\"do00u71z l9j0dhe7 k4urcfbm\">\n<div>\n<div class=\"page-title-head hgroup\">\n<div class=\"page-title-head hgroup\">\n<div class=\"page-title-head hgroup\">\n<div class=\"page-title-head hgroup\">\n<div class=\"b654a4as d2edcug0\">\n<div class=\"page-title-head hgroup\">\n<div class=\"page-title-head hgroup\">\n<div class=\"page-title-head hgroup\">\n<div class=\"page-title-head hgroup\">\n<div class=\"b654a4as d2edcug0\">\n<div class=\"page-title-head hgroup\">\n<div class=\"page-title-head hgroup\">\n<div class=\"page-title-head hgroup\">\n<div class=\"page-title-head hgroup\">\n<div class=\"page-title-head hgroup\">\n<div class=\"mkdf-post-text\">\n<div class=\"mkdf-post-text-inner\">\n<div class=\"mkdf-post-text-main\">\n<div class=\"mkdf-post-text\">\n<div class=\"mkdf-post-text-inner\">\n<div class=\"mkdf-post-text-main\">\n<div class=\"mkdf-post-text\">\n<div class=\"mkdf-post-text-inner\">\n<div class=\"mkdf-post-text-main\">\n<div class=\"page-title-head hgroup\">\n<div class=\"page-title-head hgroup\">\n<div class=\"mkdf-post-text\">\n<div class=\"mkdf-post-text-inner\">\n<div class=\"mkdf-post-text-main\">\n<div class=\"mkdf-post-text\">\n<div class=\"mkdf-post-text-inner\">\n<div class=\"mkdf-post-text-main\">\n<div>\n<div class=\"page-title-head hgroup\">\n<div class=\"page-title-head hgroup\">\n<div>\n<div class=\"page-title-head hgroup\">\n<div class=\"page-title-head hgroup\">\n<div class=\"b654a4as d2edcug0\">\n<div>\n<div class=\"page-title-head hgroup\" style=\"text-align: left;\">\n<div class=\"page-title-head hgroup\">\n<div dir=\"auto\">\n<p><a class=\"dt-pswp-item pspw-wrap-ready\" href=\"https:\/\/i0.wp.com\/www.radiopiu.net\/wordpress\/wp-content\/uploads\/2018\/09\/WhatsApp-Image-2018-09-20-at-16.04.06.jpeg?ssl=1\" data-dt-img-description=\"\" data-large_image_width=\"800\" data-large_image_height=\"100\"><img loading=\"lazy\" decoding=\"async\" class=\"aligncenter wp-image-61378 size-full jetpack-lazy-image jetpack-lazy-image--handled\" src=\"https:\/\/i0.wp.com\/www.radiopiu.net\/wordpress\/wp-content\/uploads\/2018\/09\/WhatsApp-Image-2018-09-20-at-16.04.06.jpeg?resize=800%2C100&amp;ssl=1\" sizes=\"auto, (max-width: 800px) 100vw, 800px\" srcset=\"https:\/\/i0.wp.com\/www.radiopiu.net\/wordpress\/wp-content\/uploads\/2018\/09\/WhatsApp-Image-2018-09-20-at-16.04.06.jpeg?w=800&amp;ssl=1 800w, https:\/\/i0.wp.com\/www.radiopiu.net\/wordpress\/wp-content\/uploads\/2018\/09\/WhatsApp-Image-2018-09-20-at-16.04.06.jpeg?resize=300%2C38&amp;ssl=1 300w, https:\/\/i0.wp.com\/www.radiopiu.net\/wordpress\/wp-content\/uploads\/2018\/09\/WhatsApp-Image-2018-09-20-at-16.04.06.jpeg?resize=768%2C96&amp;ssl=1 768w\" alt=\"\" width=\"800\" height=\"100\" data-lazy-loaded=\"1\" \/><\/a><\/p>\n<\/div>\n<\/div>\n<\/div>\n<\/div>\n<\/div>\n<\/div>\n<\/div>\n<\/div>\n<\/div>\n<\/div>\n<\/div>\n<\/div>\n<\/div>\n<\/div>\n<\/div>\n<\/div>\n<\/div>\n<\/div>\n<\/div>\n<\/div>\n<\/div>\n<\/div>\n<\/div>\n<\/div>\n<\/div>\n<\/div>\n<\/div>\n<\/div>\n<\/div>\n<\/div>\n<\/div>\n<\/div>\n<\/div>\n<\/div>\n<\/div>\n<\/div>\n<\/div>\n<\/div>\n<\/div>\n<\/div>\n<\/div>\n<\/div>\n<\/div>\n<\/div>\n<p>&nbsp;<\/p>\n<\/div>\n<\/div>\n<\/div>\n<\/div>\n<\/div>\n<\/div>\n<\/div>\n<\/div>\n<\/div>\n<\/div>\n<\/div>\n<\/div>\n<\/div>\n<\/div>\n<\/div>\n<\/div>\n<\/div>\n<\/div>\n<\/div>\n<\/div>\n<\/div>\n<\/div>\n<\/div>\n<\/div>\n<\/div>\n<\/div>\n<\/div>\n<\/div>\n<\/div>\n<\/div>\n<\/div>\n<\/div>\n<\/div>\n<\/div>\n<\/div>\n<\/div>\n<\/div>\n<\/div>\n<\/div>\n<\/div>\n<\/div>\n<\/div>\n<\/div>\n<\/div>\n<\/div>\n<\/div>\n<\/div>\n<\/div>\n<\/div>\n<\/div>\n<\/div>\n<\/div>\n<\/div>\n<\/div>\n<\/div>\n<\/div>\n<\/div>\n<\/div>\n<\/div>\n<\/div>\n<\/div>\n<\/div>\n<\/div>\n<\/div>\n<\/div>\n<\/div>\n<\/div>\n<\/div>\n<\/div>\n<\/div>\n<\/div>\n<\/div>\n<\/div>\n<\/div>\n<\/div>\n<\/div>\n<\/div>\n<\/div>\n<\/div>\n<\/div>\n<\/div>\n<\/div>\n<\/div>\n<\/div>\n<\/div>\n<\/div>\n<\/div>\n<\/div>\n<\/div>\n<\/div>\n<\/div>\n<\/div>\n<\/div>\n<\/div>\n<\/div>\n<\/div>\n<\/div>\n<\/div>\n<\/div>\n<\/div>\n<\/div>\n<\/div>\n<\/div>\n<\/div>\n<\/div>\n<\/div>\n<\/div>\n<\/div>\n<\/div>\n<\/div>\n<\/div>\n<\/div>\n<\/div>\n<\/div>\n<\/div>\n<\/div>\n<\/div>\n<\/div>\n<\/div>\n<\/div>\n<\/div>\n<\/div>\n<\/div>\n<\/div>\n<\/div>\n<\/div>\n<\/div>\n<\/div>\n<\/div>\n<\/div>\n<\/div>\n<\/div>\n<\/div>\n<\/div>\n<\/div>\n<\/div>\n<\/div>\n<\/div>\n<\/div>\n<\/div>\n<\/div>\n<\/div>\n<\/div>\n<\/div>\n<\/div>\n<\/div>\n<\/div>\n<\/div>\n<\/div>\n<\/div>\n<\/div>\n<\/div>\n<\/div>\n<\/div>\n<\/div>\n<\/div>\n<\/div>\n<\/div>\n<\/div>\n<\/div>\n<\/div>\n<\/div>\n<\/div>\n<\/div>\n<\/div>\n<\/div>\n<\/div>\n<\/div>\n<\/div>\n<\/div>\n<\/div>\n<\/div>\n<\/div>\n<\/div>\n<\/div>\n<\/div>\n<\/div>\n<\/div>\n<\/div>\n<\/div>\n<\/div>\n<\/div>\n<\/div>\n<\/div>\n<\/div>\n<\/div>\n<\/div>\n<p><center><b>Lunedi 14<\/b><\/center><b>Tempo atteso: <\/b>Cielo inizialmente poco nuvoloso, salve qualche annuvolamento per nubi basse con alcune foschie e qualche banco di nebbia nelle ore pi\u00f9 fredde in alcune valli prealpine. In mattinata graduale aumento della copertura nuvolosa a partire dalle Prealpi occidentali ma con scarsi fenomeni o assenti, mentre sulle Dolomiti il tempo tender\u00e0 a mantenersi in prevalenza soleggiato per gran parte della mattinata. Nel corso del pomeriggio intensificazione della nuvolosit\u00e0 specie sui settori occidentali, in estensione anche sulle Dolomiti.<br \/>\n<b>Precipitazioni: <\/b>Al mattino generalmente assenti, salvo una probabilit\u00e0 molto bassa (0-5%) di qualche fiocco di neve sulle Prealpi veronesi. Nel corso del pomeriggio graduale aumento della probabilit\u00e0 soprattutto sulle Prealpi centro-occidentali, fino a medio-alta (50\/75%) a fine giornata, per fenomeni ancora piuttosto deboli e sparsi, nevosi intorno ai 400-700 m. Sulle Dolomiti a fine giornata probabilit\u00e0 ancora bassa (5\/25%) per fenomeni che eventualmente potranno essere perlopi\u00f9 locali e nevosi fino a fondovalle, ma in intensificazione nella notte.<br \/>\n<b>Temperature: <\/b>Minime in lieve rialzo e massime senza notevoli variazioni o in lieve calo, specie sulle Prealpi centro-occidentali. Su Prealpi a 1500 m min -5\u00b0C max -1\u00b0C, a 2000 m min -7\u00b0C max -3\u00b0C; su Dolomiti a 2000 m min -9\u00b0C max 0\u00b0C, a 3000 m min -11\u00b0C max -6\u00b0C.<br \/>\n<b>Venti: <\/b>Nelle valli deboli di direzione variabile, con locali moderati rinforzi; in alta montagna in genere da sud-ovest da moderati o tesi a tratti anche forti, a 10-35 km\/h a 2000 m e 35-60 km\/h a 3000 m.<\/p>\n<hr \/>\n<p><center><b>Martedi 15<\/b><\/center><b>Tempo atteso: <\/b>Tempo perturbato con cielo molto nuvoloso o coperto su tutto l&#8217;arco alpino specie al mattino; graduale attenuazione dei fenomeni dalle ore centrali a partire dalle zone occidentali con schiarite diffuse dalla sera.<br \/>\n<b>Precipitazioni: <\/b>Diffuse fin dalle prime ore, in prevalenza di moderata intensit\u00e0 con locali rovesci, soprattutto nei settori prealpini, nevose fino a fondovalle sulle Dolomiti, intorno ai 400-700 m sulle Prealpi, localmente un po&#8217; pi\u00f9 in basso nelle conche prealpine riparate dalle correnti meridionali, come in alcuni tratti della Valbelluna specie verso il Feltrino; graduale attenuazione dei fenomeni dalle ore centrali a partire dalle zone occidentali, con limite delle eventuali nevicate in lieve aumento. I quantitativi totali di precipitazioni varieranno mediamente tra i 15 e 20 mm delle Dolomiti e tra i 20 e i 30 mm delle Prealpi con punte di 35 mm in caso di qualche rovescio, con altrettanti centimetri di neve fresca oltre i 1000 m.<br \/>\n<b>Temperature: <\/b>Temperature minime in aumento anche sensibile nelle valli dolomitiche e misurate a fine giornata in alta montagna; massime in lieve aumento sulle zone prealpine, in calo sulle Dolomiti. Lieve escursione termica giornaliera. Su Prealpi a 1500 m min -2\u00b0C max 1\u00b0C, a 2000 m min -5\u00b0C max -2\u00b0C; su Dolomiti a 2000 m min -5\u00b0C max -3\u00b0C, a 3000 m min -11\u00b0C max -1\u00b0C.<br \/>\n<b>Venti: <\/b>In alta montagna ancora tesi o forti dai quadranti meridionali al mattino, tendenti nel pomeriggio ad attenuarsi parzialmente e a disporsi dai quadranti settentrionali, a 20-35 km\/h a 2000 m e 25-40 km\/h a 3000 m.<\/p>\n<hr \/>\n<p><center><b>Mercoledi 16<\/b><\/center>Tempo soleggiato con cielo in prevalenza poco o parzialmente nuvoloso per qualche innocuo temporaneo addensamento in prossimit\u00e0 delle cime. Possibili foschie o banchi di nebbia, associati a qualche nube bassa nelle ore pi\u00f9 fredde in alcune valli prealpine. Temperature minime in lieve o contenuto calo, massime in aumento a tutte le quote. Venti in alta montagna dai quadranti settentrionali, inizialmente moderati tendenti a divenire tesi o forti sulle cime delle Dolomiti, moderati sulle zone prealpine.<\/p>\n<hr \/>\n<p><center><b>Giovedi 17<\/b><\/center>Tempo stabile con cielo in genere poco nuvoloso per nubi alte, a tratti parzialmente nuvoloso specie durante le ore centrali per innocui addensamenti in prossimit\u00e0 delle cime. Possibili foschie o banchi di nebbia, associati a qualche nube bassa nelle ore pi\u00f9 fredde in alcune valli prealpine. Precipitazioni assenti. Temperature in aumento anche marcato specie in quota nei valori massimi, superiori alle medie del periodo. Clima diurno piuttosto mite per il periodo a tutte le quote. Venti ancora dai quadranti settentrionali in ulteriore rinforzo in alta montagna sulle Dolomiti, dove tenderanno a divenire anche molto forti. Previsore: M.Padoan<\/p>\n<p>&nbsp;<\/p>\n<hr \/>\n<p>&nbsp;<\/p>\n<p><img loading=\"lazy\" decoding=\"async\" class=\"wp-image-60761 size-full aligncenter\" src=\"https:\/\/www.radiopiu.net\/wordpress\/wp-content\/uploads\/2018\/09\/sport.jpg\" alt=\"\" width=\"800\" height=\"100\" srcset=\"https:\/\/www.radiopiu.net\/wordpress\/wp-content\/uploads\/2018\/09\/sport.jpg 800w, https:\/\/www.radiopiu.net\/wordpress\/wp-content\/uploads\/2018\/09\/sport-300x38.jpg 300w, https:\/\/www.radiopiu.net\/wordpress\/wp-content\/uploads\/2018\/09\/sport-768x96.jpg 768w\" sizes=\"auto, (max-width: 800px) 100vw, 800px\" \/><\/p>\n<p>&nbsp;<\/p>\n<p><span style=\"color: #0000ff;\"><strong>CALCIO<\/strong><\/span><\/p>\n<blockquote>\n<h3>IL FINE SETTIMANA DELL&#8217;AGORDINA CALCIO. BENE LE GIOVANILI MA LA PRIMA SQUADRA PERDE IN CASA<\/h3>\n<\/blockquote>\n<p><strong><a href=\"https:\/\/www.radiopiu.net\/wordpress\/calcio-hockey-il-fine-settimana-seguito-da-radio-piu\/calcio-gol\/\" rel=\"attachment wp-att-73083\"><img loading=\"lazy\" decoding=\"async\" class=\"size-medium wp-image-73083 alignleft\" src=\"https:\/\/www.radiopiu.net\/wordpress\/wp-content\/uploads\/2019\/01\/CALCIO-GOL-300x150.jpg\" alt=\"\" width=\"300\" height=\"150\" srcset=\"https:\/\/www.radiopiu.net\/wordpress\/wp-content\/uploads\/2019\/01\/CALCIO-GOL-300x150.jpg 300w, https:\/\/www.radiopiu.net\/wordpress\/wp-content\/uploads\/2019\/01\/CALCIO-GOL-768x384.jpg 768w, https:\/\/www.radiopiu.net\/wordpress\/wp-content\/uploads\/2019\/01\/CALCIO-GOL.jpg 800w\" sizes=\"auto, (max-width: 300px) 100vw, 300px\" \/><\/a>SECONDA CATEGORIA GIR. T \/ AGORDINA \u2013 ARTEN 2-3 \u00a0(Gol Agordina: <\/strong><strong>Dal Don, Buffo)<\/strong><\/p>\n<p>Una sconfitta che brucia per l\u2019Agordina di Lorenzi. L\u2019Arten incamera tre punti all\u2019Ivano Dorigo grazie ad una tripletta di Faoro e a qualche regalo da parte della difesa di Agordo. Un punteggio beffardo che non rispecchia ci\u00f2 che si \u00e8 visto in campo. Gli agordini hanno creato ma non hanno saputo essere concreti sotto porta. Gli ospiti bravi a contenere i padroni di casa hanno segnato sulle uniche tre occasioni della partita. Poche emozioni nei primi minuti di gara. Le squadre si studiano a lungo e il gioco rimane stabile a centrocampo. L\u2019Agordina sembra essere messa meglio in campo ma l\u2019Arten passa in vantaggio. Ad aiutare la squadra ospite un errore in fase difensiva con il pallone che arriva sui piedi di Faoro che batte il portiere di Agordo con la punta dei piedi. Risponde l\u2019Agordina ma la conclusione di Fossen termina fuori di poco. Al 40\u2019 Dal Don coglie l\u2019assist di Casera per pareggiare i conti. Un pareggio che dura poco perch\u00e9 gli ospiti trovano la seconda rete della giornata con una punizione di Faoro dai 20 metri e il pallone che si infila sotto l\u2019incrocio. Prima della pausa arriva anche la terza rete dell\u2019Arten ancora con Faoro che fortunosamente trova un rimbalzo vincente che batte l\u2019incolpevole Dell\u2019Osbel. La seconda frazione inizia con l\u2019Agordina che accorcia le distanze. Ci pensa Buffo a spedire il pallone in fondo al sacco con un colpo di testa imprendibile su corner di Fossen. Inizia la girandola di cambi per la squadra di Lorenzi con l\u2019intento di inserire forze fresche e ribaltare la partita. Finale di partita con la squadra di Agordo che spinge alla ricerca del pareggio. De Col\u00f2 ci prova ma il pallone esce di poco. Arten che prova a colpire in contropiede ma le occasioni non arrivano.<\/p>\n<p>&nbsp;<\/p>\n<p><strong>GIOVANISSIMI PROVINCIALI \/ AGORDINA \u2013 PAUSA INVERNALE<\/strong><\/p>\n<p>&nbsp;<\/p>\n<p><strong>ALLIEVI REGIONALI \/ INDOMITA TREVISO \u2013 AGORDINA 2-2<\/strong><\/p>\n<p>Inizia con un pareggio il 2022 dell\u2019Agordina Allievi Regionali. In terra trevigiana la squadra di Agordo incamera un punto. Una bella rimonta degli agordini che vanno sotto per 2 a 0 per poi andare a segno due volte. L\u2019Indomita passa in vantaggio e subito dopo trova la seconda marcatura. Nella ripresa gli agordini entrano in campo pi\u00f9 decisi e riescono a pareggiare grazie alle reti di Ferrara e Mezzacasa.<\/p>\n<p>&nbsp;<\/p>\n<p><strong>JUNIORES REGIONALI \/ CAPPELLA MAGGIORE \u2013 AGORDINA 1-2<\/strong><\/p>\n<p>Vittoria che profuma di solidit\u00e0 per l\u2019Agordina Juniores che sbanca il Comunale di Cappella Maggiore in una sfida non semplice. Una fase di studio iniziale con alcune palle in profondit\u00e0 da una parte e dall\u2019altra ha la sua fine al 28\u2019 del primo tempo. Da calcio di punizione laterale, Bordon disegna una palla tagliata verso la porta avversaria, il portiere smanaccia e per Stefano De Col\u00f2 \u00e8 un gioco da ragazzi segnare da pochi passi il gol dell\u20191-0. 3 minuti pi\u00f9 tardi, al 31\u2019, il Cappella ottiene il pareggio con il gol da fuori area,al volo e diretto all\u2019angolino di Battistuz che batte Conedera. Al 36\u2019 \u00e8 Matthias Marcon a servire l\u2019assist dopo un dribbling sulla linea di fondo: salta l\u2019uomo e mette la palla rasoterra in mezzo e a stopparla a spalle alla porta e segnare in girata \u00e8 ancora Stefano De Col\u00f2 che sigla la doppietta personale. L\u2019Agordina non smette di spingere e il Cappella appare destabilizzato. Agordini che vanno vicini al terzo gol in tre occasioni, una volta con Stefano De Col\u00f2 che colpisce la traversa e due con Daniele Fa\u00e8 che, prima viene fermato dal portiere e poi sfiora la rete con un pallonetto di poco sopra alla traversa. Il secondo tempo \u00e8 caratterizzato da diverse tensioni e ripetute interruzioni di gioco per falli di ambe due le formazioni: al 66\u2019 Fabio Don\u00e0 viene espulso per un fallo su ripartenza. Il Cappella Maggiore colpisce un palo esterno e Conedera salva il risultato con una parata e due uscite dal tempismo perfetto. 3 punti portati a casa e 17 punti in classifica non possono che essere di buon auspicio per l\u2019appuntamento del Derby contro l\u2019Alpago di sabato prossimo.<\/p>\n<p><strong>\u00a0<\/strong><\/p>\n<p><strong>JUNIORES PROVINCIALI \/ FIORI BARP \u2013 PAUSA INVERNALE<\/strong><\/p>\n<p>&nbsp;<\/p>\n<p><strong>ECCELLENZA FEMMINILE \/ KERALPEN \u2013 IL CAMPIONATO RIPRENDE IL 6 MARZO<\/strong><\/p>\n<p>&nbsp;<\/p>\n<p>&nbsp;<\/p>\n<hr \/>\n<p>&nbsp;<\/p>\n<p><span style=\"color: #0000ff;\"><strong>HOCKEY SU GHIACCIO<\/strong><\/span><\/p>\n<blockquote>\n<h3>L\u2019ALLEGHE VINCE E CONVINCE CON IL PERGINE, TRE PUNTI IMPORTANTI PER IL MASTER ROUND IHL<\/h3>\n<\/blockquote>\n<p><strong><a href=\"https:\/\/www.radiopiu.net\/wordpress\/lalleghe-vince-e-convince-con-il-pergine-tre-punti-importanti-per-il-master-round-ihl\/alleghe-pergine\/\" rel=\"attachment wp-att-259354\"><img loading=\"lazy\" decoding=\"async\" class=\"size-medium wp-image-259354 alignleft\" src=\"https:\/\/www.radiopiu.net\/wordpress\/wp-content\/uploads\/2022\/02\/ALLEGHE-PERGINE-300x239.jpg\" alt=\"\" width=\"300\" height=\"239\" srcset=\"https:\/\/www.radiopiu.net\/wordpress\/wp-content\/uploads\/2022\/02\/ALLEGHE-PERGINE-300x239.jpg 300w, https:\/\/www.radiopiu.net\/wordpress\/wp-content\/uploads\/2022\/02\/ALLEGHE-PERGINE-1024x815.jpg 1024w, https:\/\/www.radiopiu.net\/wordpress\/wp-content\/uploads\/2022\/02\/ALLEGHE-PERGINE-768x611.jpg 768w, https:\/\/www.radiopiu.net\/wordpress\/wp-content\/uploads\/2022\/02\/ALLEGHE-PERGINE.jpg 1125w\" sizes=\"auto, (max-width: 300px) 100vw, 300px\" \/><\/a>ALLEGHE \u2013 PERGINE 5-3<\/strong><\/p>\n<p>PARZIALI: 2-2, 3-0, 0-1<\/p>\n<p>GOL: pt. 0\u201936\u201d Foltin, 5\u201950\u201d L. Dall\u2019Agnol, 11\u201947\u201d Conci, 18\u201931\u201d De Toni. st. 1\u201908\u201d Berger, 6\u201927\u201d Testori, 15\u201918\u201d De Toni. tt. 16\u201934\u201d Foltin<\/p>\n<p>&nbsp;<\/p>\n<p>L\u2019Alleghe incamera tre punti importanti contro il Pergine. Una partita in salita per gli uomini di Fontana che ne primo tempo vanno sotto per due volte ma pareggiano i conti, nel secondo tempo fanno la voce grossa e nel terzo tempo cercano di difendere il risultato. Una vittoria che da fiducia agli agordini che scalano la classifica del master round portandosi al terzo posto con il Fiemme. E saranno proprio i fiemmesi i prossimi avversari delle civette gioved\u00ec sera. Pronti, via e il Pergine passa subito in vantaggio. Azione insistita sulla destra con Sanvido che serve Foltin il quale va a colpo sicuro e batte Scola. L\u2019Alleghe reagisce subito e, su respinta di Rigoni, Lorenzo Dall\u2019Agnol pareggia i conti. Ingranano la marcia giusta i ragazzi di Fontana che iniziano a schiacciare in difesa i trentini. Nel momento migliore delle civette, la squadra ospite trova il gol del vantaggio con una bella conclusione di Conci in situazione di powerplay. Nel finale di tempo gli agordini trovano il pareggio dopo una serie di occasioni andate a vuoto. A spingere il disco in fondo al sacco \u00e8 De Toni che coglie l\u2019assist di Kiviranta per pareggiare i conti. Nel secondo drittel gli alleghesi si portano subito in vantaggio in superiorit\u00e0 numerica con Berger. Continuano a spingere le civette ma anche i trentini non stanno a guardare. Le civette calano il poker con Testori. Le squadre danno spettacolo e i protagonisti sono i portieri. L\u2019Alleghe si avvicina ancora al gol colpendo il palo. Gli agordini trovano la quinta marcatura. A trovare il gol \u00e8 De Toni che sfrutta un tappin da distanza ravvicinata per battere Rigoni. Terza frazione che inizia con un powerplay per parte ma senza pericoli per i golie delle due formazioni. Agordini che gestiscono il vantaggio concedendo ben poco agli avversari. Il Pergine accorcia le distanze con Foltin. Il gioco scorre veloce e l\u2019Alleghe incamera i 3 punti in palio.<\/p>\n<p>&nbsp;<\/p>\n<blockquote>\n<h3>ASIAGO CAMPIONE D&#8217;ITALIA, BATTE 2 A 1 IL RENON<\/h3>\n<\/blockquote>\n<p class=\"null\"><a href=\"https:\/\/www.radiopiu.net\/wordpress\/giornale-radiopiu-14-febbraio-2022-direttore-mirko-mezzacasa\/7adfa64d-103b-8254-ec5c-9dfa5530098e\/\" rel=\"attachment wp-att-259362\"><img loading=\"lazy\" decoding=\"async\" class=\" wp-image-259362 alignleft\" src=\"https:\/\/www.radiopiu.net\/wordpress\/wp-content\/uploads\/2022\/02\/7adfa64d-103b-8254-ec5c-9dfa5530098e-300x200.jpg\" alt=\"\" width=\"217\" height=\"145\" srcset=\"https:\/\/www.radiopiu.net\/wordpress\/wp-content\/uploads\/2022\/02\/7adfa64d-103b-8254-ec5c-9dfa5530098e-300x200.jpg 300w, https:\/\/www.radiopiu.net\/wordpress\/wp-content\/uploads\/2022\/02\/7adfa64d-103b-8254-ec5c-9dfa5530098e-1024x683.jpg 1024w, https:\/\/www.radiopiu.net\/wordpress\/wp-content\/uploads\/2022\/02\/7adfa64d-103b-8254-ec5c-9dfa5530098e-768x512.jpg 768w, https:\/\/www.radiopiu.net\/wordpress\/wp-content\/uploads\/2022\/02\/7adfa64d-103b-8254-ec5c-9dfa5530098e-1536x1024.jpg 1536w, https:\/\/www.radiopiu.net\/wordpress\/wp-content\/uploads\/2022\/02\/7adfa64d-103b-8254-ec5c-9dfa5530098e.jpg 2047w\" sizes=\"auto, (max-width: 217px) 100vw, 217px\" \/><\/a>La Migross Asiago conquista il terzo Scudetto consecutivo e l&#8217;ottavo della sua storia. Nel match decisivo del Round Robin, i padroni di casa superano in rimonta per 2:1 i Rittner Buam. Dopo un primo tempo senza marcature, il match si sblocca nella seconda frazione. Dylan Di Perna porta avanti gli ospiti , ma la squadra di casa pareggia a 20 secondi dalla sirena centrale con Michele Marchetti. Poi il goal partita al 51:17 di Daniel Mantenuto che non sar\u00e0 pi\u00f9 recuperato\u00a0dal Renon. In questo modo l&#8217;Asiago conquista i tre punti necessari per superare nella classifica finale i rivali di serata ed aggiudicarsi l&#8217;88esima edizione della IHL &#8211; Serie A.<\/p>\n<p>&nbsp;<\/p>\n<p>&nbsp;<\/p>\n<p>&nbsp;<\/p>\n<hr \/>\n<p>&nbsp;<\/p>\n<p><span style=\"color: #0000ff;\"><strong>SCI DI FONDO<\/strong><\/span><\/p>\n<blockquote>\n<h3>LORENZO BUSIN PRIMO ITALIANO AL TRAGUARDO IN REPUBBLICA CECA<\/h3>\n<\/blockquote>\n<p><strong><a href=\"https:\/\/www.radiopiu.net\/wordpress\/lorenzo-busin-secondo-italiano-a-la-diagonela-in-svizzera\/lorenzo-busin-2022\/\" rel=\"attachment wp-att-255677\"><img loading=\"lazy\" decoding=\"async\" class=\" wp-image-255677 alignleft\" src=\"https:\/\/www.radiopiu.net\/wordpress\/wp-content\/uploads\/2022\/01\/LORENZO-BUSIN-2022-300x220.png\" alt=\"\" width=\"131\" height=\"96\" srcset=\"https:\/\/www.radiopiu.net\/wordpress\/wp-content\/uploads\/2022\/01\/LORENZO-BUSIN-2022-300x220.png 300w, https:\/\/www.radiopiu.net\/wordpress\/wp-content\/uploads\/2022\/01\/LORENZO-BUSIN-2022-1024x750.png 1024w, https:\/\/www.radiopiu.net\/wordpress\/wp-content\/uploads\/2022\/01\/LORENZO-BUSIN-2022-768x563.png 768w, https:\/\/www.radiopiu.net\/wordpress\/wp-content\/uploads\/2022\/01\/LORENZO-BUSIN-2022.png 1488w\" sizes=\"auto, (max-width: 131px) 100vw, 131px\" \/><\/a> <\/strong><\/p>\n<p><strong>BEDRICHOV (REPUBBLICA CECA)<\/strong> Un fine settimana da incorniciare per Lorenzo Busin. Il fondista della Valle del Biois torna dalla Repubblica Ceca con un ottimo 31\u00b0 posto nella 50 km di Bedrichov valida per il circuito Visma Classic, massimo circuito al mondo di gran fondo e di livello altissimo. Che il fine settimana portasse buoni risultati lo si era capito gi\u00e0 venerd\u00ec quando nella prologo sprint Busin si era fatto valere chiudendo con l&#8217;11\u00b0 posto assoluto. Nella gara della domenica Lorenzo ha brillato ed ha chiuso come primo italiano al traguardo.<\/p>\n<p>&nbsp;<\/p>\n<p>&nbsp;<\/p>\n<hr \/>\n<p>&nbsp;<\/p>\n<p><span style=\"color: #0000ff;\"><strong>PALLAVOLO<\/strong><\/span><\/p>\n<blockquote>\n<h3><strong>UNA TRASFERTA AMARA PER LA DA ROLD BELLUNO CHE TORNA DA TORINO A BOCCA ASCIUTTA<\/strong><\/h3>\n<\/blockquote>\n<p><b><a href=\"https:\/\/www.radiopiu.net\/wordpress\/giornale-radiopiu-14-febbraio-2022-direttore-mirko-mezzacasa\/uno_scambio_del_match_d_andata\/\" rel=\"attachment wp-att-259433\"><img loading=\"lazy\" decoding=\"async\" class=\"size-medium wp-image-259433 alignleft\" src=\"https:\/\/www.radiopiu.net\/wordpress\/wp-content\/uploads\/2022\/02\/Uno_scambio_del_match_d_andata-300x200.jpg\" alt=\"\" width=\"300\" height=\"200\" srcset=\"https:\/\/www.radiopiu.net\/wordpress\/wp-content\/uploads\/2022\/02\/Uno_scambio_del_match_d_andata-300x200.jpg 300w, https:\/\/www.radiopiu.net\/wordpress\/wp-content\/uploads\/2022\/02\/Uno_scambio_del_match_d_andata-1024x683.jpg 1024w, https:\/\/www.radiopiu.net\/wordpress\/wp-content\/uploads\/2022\/02\/Uno_scambio_del_match_d_andata-768x512.jpg 768w, https:\/\/www.radiopiu.net\/wordpress\/wp-content\/uploads\/2022\/02\/Uno_scambio_del_match_d_andata-1536x1024.jpg 1536w, https:\/\/www.radiopiu.net\/wordpress\/wp-content\/uploads\/2022\/02\/Uno_scambio_del_match_d_andata.jpg 2048w\" sizes=\"auto, (max-width: 300px) 100vw, 300px\" \/><\/a>VIVIBANCA TORINO-DA ROLD LOGISTICS BELLUNO 3-0<\/b><strong><span class=\"gmail-Apple-converted-space\"> (<\/span>25-22, 25-19, 25-21)<\/strong><\/p>\n<p>Si spezza a <b>Torino<\/b> la striscia positiva della <b>Da Rold Logistics Belluno<\/b>: una striscia che durava da quattro partite. I rinoceronti, infatti, incappano nella classica serata no e sono costretti ad arrendersi a una <b>ViViBanca<\/b> superiore un po\u2019 in tutti i fondamentali. A cominciare dal muro: emblematico, in tal senso, il dato di 13-2 a favore dei padroni di casa. Nessun dramma, comunque. Perch\u00e9 \u00e8 vero che la prova non \u00e8 stata delle migliori, ma \u00e8 altrettanto vero che la classifica non cambia: i ragazzi di Diego Poletto rimangono all\u2019ottavo posto, a distanza di sicurezza dalla \u201czona rossa\u201d. E sono pronti a voltare pagina: gi\u00e0 a partire da mercoled\u00ec, quando torneranno in campo per il recupero della seconda giornata di ritorno contro Macerata (ore 19.30, alla Spes Arena).<span class=\"gmail-Apple-converted-space\">\u00a0<\/span><\/p>\n<p>&nbsp;<\/p>\n<blockquote>\n<h3>LE LUPE PERDONO CON LA CAPOCLASSIFICA<\/h3>\n<\/blockquote>\n<p><b><a href=\"https:\/\/www.radiopiu.net\/wordpress\/giornale-radiopiu-14-febbraio-2022-direttore-mirko-mezzacasa\/fantinel_e_lozza\/\" rel=\"attachment wp-att-259363\"><img loading=\"lazy\" decoding=\"async\" class=\"size-medium wp-image-259363 alignleft\" src=\"https:\/\/www.radiopiu.net\/wordpress\/wp-content\/uploads\/2022\/02\/Fantinel_e_Lozza-300x197.jpg\" alt=\"\" width=\"300\" height=\"197\" srcset=\"https:\/\/www.radiopiu.net\/wordpress\/wp-content\/uploads\/2022\/02\/Fantinel_e_Lozza-300x197.jpg 300w, https:\/\/www.radiopiu.net\/wordpress\/wp-content\/uploads\/2022\/02\/Fantinel_e_Lozza-1024x673.jpg 1024w, https:\/\/www.radiopiu.net\/wordpress\/wp-content\/uploads\/2022\/02\/Fantinel_e_Lozza-768x505.jpg 768w, https:\/\/www.radiopiu.net\/wordpress\/wp-content\/uploads\/2022\/02\/Fantinel_e_Lozza-1536x1010.jpg 1536w, https:\/\/www.radiopiu.net\/wordpress\/wp-content\/uploads\/2022\/02\/Fantinel_e_Lozza-2048x1347.jpg 2048w\" sizes=\"auto, (max-width: 300px) 100vw, 300px\" \/><\/a>PALLAVOLO BELLU<\/b><strong>NO &#8211; BLU TEAM PAVIA DI UDINE 0-3 (16-25, 17-25, 18-25)<\/strong><\/p>\n<p>A testa alta contro la dominatrice del campionato femminile di B2: la Pallavolo Belluno si arrende in tre set, ma complica e non poco la serata del Blu Team Pavia di Udine. Ovvero di una squadra che, al palasport De Mas, \u00e8 riuscita a infilare il decimo successo in dieci partite disputate. In pi\u00f9, oltre a essere imbattuta, la compagine friulana ha lasciato per strada un solo e singolo parziale in tutta la stagione.<span class=\"gmail-Apple-converted-space\"> \u00a0<\/span>Insomma, non era di certo questa la gara su cui costruire il cammino salvezza. Almeno in termini di punti. Perch\u00e9 le risposte sono arrivate in gran quantit\u00e0. E tutte positive: \u00abLa differenza tecnica non si discute &#8211; argomenta coach Dario Pavei &#8211; ma abbiamo espresso una buonissima pallavolo, facendo quel che dovevamo e potevamo fare. Dal punto di vista tattico, le ragazze hanno seguito alla lettera le indicazioni\u00bb.<span class=\"gmail-Apple-converted-space\">\u00a0<\/span><\/p>\n<p>&nbsp;<\/p>\n<blockquote>\n<h3>IL VOLLEY CLUB AGORDINO PERDE AL TIE BREAK CONTRO L&#8217;AZZURRA<\/h3>\n<\/blockquote>\n<p><strong><a href=\"https:\/\/www.radiopiu.net\/wordpress\/due-sconfitte-per-il-settore-giovanile-del-volley-club-agordino\/volley-2021\/\" rel=\"attachment wp-att-207180\"><img loading=\"lazy\" decoding=\"async\" class=\"size-medium wp-image-207180 alignleft\" src=\"https:\/\/www.radiopiu.net\/wordpress\/wp-content\/uploads\/2021\/05\/volley-2021-300x175.jpg\" alt=\"\" width=\"300\" height=\"175\" srcset=\"https:\/\/www.radiopiu.net\/wordpress\/wp-content\/uploads\/2021\/05\/volley-2021-300x175.jpg 300w, https:\/\/www.radiopiu.net\/wordpress\/wp-content\/uploads\/2021\/05\/volley-2021-768x449.jpg 768w, https:\/\/www.radiopiu.net\/wordpress\/wp-content\/uploads\/2021\/05\/volley-2021.jpg 770w\" sizes=\"auto, (max-width: 300px) 100vw, 300px\" \/><\/a>VOLLEY CLUB AGORDINO &#8211; AZZURRA VOLLEY 2-3 (25-20, 22-25, 25-22, 20-25, 11-15)<\/strong><\/p>\n<p><strong>AGORDO<\/strong> Non inizia bene il 2022 per il Volley Club Agordino. Dopo quasi due mesi di stop le ragazze di De Nardin sono tornate al Palarova di Agordo per il campionato di Seconda Divisione. Non \u00e8 stata una partita da ricordare per le agordine che dopo una partita combattuta hanno ceduto al tie break contro l&#8217;Azzurra. Che la partita fosse equilibrata lo si capisce fin dal primo set quando la squadra di Agordo strappa il primo parziale alle avversarie per pochi punti. Le trevigiane rispondo nella seconda frazione ma si gioca ancora punto a punto. La partita continua con le due formazioni che lottano tanto che ci vuole il tie break per decretare la vincente, Ad avere la meglio la squadra ospite che nel decisivo set la spuntano per 4 punti. Nonostante la sconfitta il Volley Club Agordino rimane in testa alla classifica con 14 punti.<\/p>\n<\/div>\n<\/div>\n<\/div>\n<\/div>\n<\/div>\n<\/div>\n<\/div>\n<\/div>\n","protected":false},"excerpt":{"rendered":"<p>INFORMAZIONE il canale su TELEGRAM informazione di prima mano e in tempo reale. iscriviti ed aiutaci a farlo conoscere &nbsp; &nbsp; ACQUA INQUINATA IN ALCUNE FRAZIONI \u00a0CANALE D&#8217; AGORDO Gestione Servizi Pubblici informa che nelle LOCALITA&#8217; FREGONA, PISOLIVA E LA MORA l&#8217;acqua erogata dall&#8217;acquedotto non \u00e8 potabile e non pu\u00f2 essere usata per scopi alimentari.&hellip;<\/p>\n","protected":false},"author":4,"featured_media":259402,"comment_status":"closed","ping_status":"closed","sticky":false,"template":"","format":"standard","meta":{"_monsterinsights_skip_tracking":false,"_monsterinsights_sitenote_active":false,"_monsterinsights_sitenote_note":"","_monsterinsights_sitenote_category":0,"footnotes":""},"categories":[86,49],"tags":[],"class_list":["post-259216","post","type-post","status-publish","format-standard","has-post-thumbnail","hentry","category-gr","category-news-18","category-86","category-49","description-off"],"img_url":"https:\/\/www.radiopiu.net\/wordpress\/wp-content\/uploads\/2022\/02\/0f67076b-daba-4af6-89f7-62b7bcc088a7.jpg","_links":{"self":[{"href":"https:\/\/www.radiopiu.net\/wordpress\/wp-json\/wp\/v2\/posts\/259216","targetHints":{"allow":["GET"]}}],"collection":[{"href":"https:\/\/www.radiopiu.net\/wordpress\/wp-json\/wp\/v2\/posts"}],"about":[{"href":"https:\/\/www.radiopiu.net\/wordpress\/wp-json\/wp\/v2\/types\/post"}],"author":[{"embeddable":true,"href":"https:\/\/www.radiopiu.net\/wordpress\/wp-json\/wp\/v2\/users\/4"}],"replies":[{"embeddable":true,"href":"https:\/\/www.radiopiu.net\/wordpress\/wp-json\/wp\/v2\/comments?post=259216"}],"version-history":[{"count":0,"href":"https:\/\/www.radiopiu.net\/wordpress\/wp-json\/wp\/v2\/posts\/259216\/revisions"}],"wp:featuredmedia":[{"embeddable":true,"href":"https:\/\/www.radiopiu.net\/wordpress\/wp-json\/wp\/v2\/media\/259402"}],"wp:attachment":[{"href":"https:\/\/www.radiopiu.net\/wordpress\/wp-json\/wp\/v2\/media?parent=259216"}],"wp:term":[{"taxonomy":"category","embeddable":true,"href":"https:\/\/www.radiopiu.net\/wordpress\/wp-json\/wp\/v2\/categories?post=259216"},{"taxonomy":"post_tag","embeddable":true,"href":"https:\/\/www.radiopiu.net\/wordpress\/wp-json\/wp\/v2\/tags?post=259216"}],"curies":[{"name":"wp","href":"https:\/\/api.w.org\/{rel}","templated":true}]}}